{"id":14369,"date":"2023-10-13T09:00:00","date_gmt":"2023-10-13T12:00:00","guid":{"rendered":"https:\/\/www.agenciainfra.com\/blog\/?p=14369"},"modified":"2026-03-13T09:45:32","modified_gmt":"2026-03-13T12:45:32","slug":"canal-de-acesso-do-porto-de-paranagua-deve-ser-aprofundado-para-155-metros-apos-concessao","status":"publish","type":"post","link":"https:\/\/agenciainfra.com\/blog\/canal-de-acesso-do-porto-de-paranagua-deve-ser-aprofundado-para-155-metros-apos-concessao\/","title":{"rendered":"Canal de acesso do porto de Paranagu\u00e1 deve ser aprofundado para 15,5 metros ap\u00f3s concess\u00e3o"},"content":{"rendered":"\n<p class=\"has-text-align-right\"><strong>Jenifer Ribeiro, da Ag\u00eancia iNFRA<\/strong><\/p>\n\n\n\n<p>A minuta&nbsp;do&nbsp;edital de&nbsp;concess\u00e3o&nbsp;do&nbsp;canal&nbsp;de&nbsp;acesso&nbsp;ao&nbsp;Porto&nbsp;de&nbsp;Paranagu\u00e1&nbsp;(PR), conhecido como&nbsp;Canal&nbsp;da Galheta, cuja consulta p\u00fablica foi aberta na segunda-feira (9), determina que o vencedor da licita\u00e7\u00e3o ter\u00e1 que aprofundar o&nbsp;canal&nbsp;para&nbsp;15,5&nbsp;metros.<br><br>Em entrevista&nbsp;para&nbsp;a&nbsp;<strong>Ag\u00eancia iNFRA<\/strong>, o diretor Wilson Lima Filho, da ANTAQ (Ag\u00eancia Nacional de Transportes Aquavi\u00e1rios), explicou que essa profundidade&nbsp;deve&nbsp;ser&nbsp;atingida no quarto ano de&nbsp;concess\u00e3o. O diretor foi o relator&nbsp;do&nbsp;processo que permitiu a abertura de consulta e audi\u00eancia p\u00fablicas da licita\u00e7\u00e3o.<br><br>Atualmente, a profundidade&nbsp;do&nbsp;canal&nbsp;de&nbsp;acesso&nbsp;\u00e9 de 12&nbsp;metros. O objetivo \u00e9 que na primeira fase da&nbsp;concess\u00e3o&nbsp;\u2013 os primeiros dois anos&nbsp;ap\u00f3s&nbsp;a assinatura&nbsp;do&nbsp;contrato \u2013 haja um aprofundamento&nbsp;para&nbsp;13,3&nbsp;metros.<br><br>O diretor Wilson Lima Filho explicou que com o aprofundamento e os demais investimentos&nbsp;ser\u00e1 poss\u00edvel receber navios de maior porte e, \u201cchegando a esses valores de profundidade, o&nbsp;porto&nbsp;vai se tornar muito mais competitivo e uma entidade privada vai conseguir manter essa profundidade\u201d, destacou.<br><br><strong>Investimentos previstos<\/strong><br>Entre os investimentos obrigat\u00f3rios previstos&nbsp;para&nbsp;a&nbsp;concess\u00e3o, segundo apontou o diretor, est\u00e3o a amplia\u00e7\u00e3o da extens\u00e3o&nbsp;do&nbsp;canal&nbsp;de&nbsp;acesso&nbsp;em 9,5&nbsp;quil\u00f4metros, o alargamento&nbsp;do&nbsp;canal&nbsp;em 40&nbsp;metros, o alargamento da bacia de evolu\u00e7\u00e3o em 420&nbsp;metros&nbsp;e da parte oeste da \u00e1rea de fundeio.<br><br>O diretor Wilson Lima Filho disse que essas etapas devem&nbsp;ser&nbsp;feitas em coordena\u00e7\u00e3o com o Plano de Desenvolvimento e Zoneamento&nbsp;do&nbsp;Porto&nbsp;de&nbsp;Paranagu\u00e1, que indica a expans\u00e3o das \u00e1reas e das instala\u00e7\u00f5es&nbsp;do&nbsp;porto.<br><br>Al\u00e9m disso, est\u00e1 prevista ainda a derrocagem da Pedra da Palangana. Esse processo, que permitir\u00e1 o aprofundamento&nbsp;do&nbsp;canal&nbsp;de&nbsp;acesso, foi iniciado pela autoridade portu\u00e1ria em setembro de 2021 e ainda n\u00e3o foi conclu\u00eddo.<br><br>No total est\u00e1&nbsp;previsto R$ 1,07 bilh\u00e3o de investimentos diretos ao longo dos 25 anos da&nbsp;concess\u00e3o, per\u00edodo que pode&nbsp;ser&nbsp;prorrogado at\u00e9 70 anos.<br><br><strong>Sistema VTS<\/strong><br>Outro ponto que vai&nbsp;ser&nbsp;inclu\u00eddo&nbsp;na&nbsp;concess\u00e3o&nbsp;do&nbsp;canal&nbsp;de&nbsp;acesso&nbsp;ao&nbsp;porto&nbsp;\u00e9 a implementa\u00e7\u00e3o&nbsp;do&nbsp;VTS (Vessel Traffic Service). O sistema, que custar\u00e1 R$ 7,5&nbsp;milh\u00f5es e&nbsp;deve&nbsp;entrar em opera\u00e7\u00e3o no terceiro ano de licita\u00e7\u00e3o, \u00e9 uma forma de controle de tr\u00e1fego de navios.<br><br>Assim, \u00e9 poss\u00edvel que, \u201cno momento em que o navio entra no&nbsp;porto, utilizando sensores e radares, [a empresa] tenha o controle positivo o tempo todo de onde o navio est\u00e1. \u00c9 quase um controle a\u00e9reo. \u00c9 poss\u00edvel ter o controle situacional da \u00e1rea de onde est\u00e1 aquele navio (&#8230;) Esse sistema contribui&nbsp;para&nbsp;a seguran\u00e7a aquavi\u00e1ria\u201d, explicou Wilson Lima Filho.<br><br><strong>Audi\u00eancia sem data<\/strong><br>Consulta e audi\u00eancia p\u00fablicas foram aprovadas pela diretoria da ANTAQ no final&nbsp;do&nbsp;m\u00eas passado. O objetivo \u00e9 que as contribui\u00e7\u00f5es possam&nbsp;ser&nbsp;feitas at\u00e9 o dia 22 de novembro. At\u00e9 o momento ainda n\u00e3o foi marcada data&nbsp;para&nbsp;a sess\u00e3o presencial da&nbsp;audi\u00eancia p\u00fablica.<br><br>O leil\u00e3o da&nbsp;concess\u00e3o&nbsp;ter\u00e1 como crit\u00e9rio menor tarifa associada ao maior valor de outorga. Ou seja, quando atingido o valor teto de desconto na tarifa, que foi estabelecido em 23,81%, o desempate acontecer\u00e1 com base no maior valor de outorga oferecido pelas proponentes.<br><br>O certame ainda n\u00e3o tem data definida, por\u00e9m o diretor Wilson Lima Filho acredita que \u00e9 poss\u00edvel realizar o leil\u00e3o at\u00e9 agosto&nbsp;do&nbsp;ano que vem, \u201cfazendo uma previs\u00e3o otimista\u201d. Ele lembrou, no entanto, que \u201co leil\u00e3o possui uma s\u00e9rie de vari\u00e1veis ex\u00f3genas que transcendem a compet\u00eancia da ag\u00eancia reguladora\u201d.<br><br><strong>Licita\u00e7\u00e3o pioneira<\/strong><br>Essa \u00e9 a primeira vez que uma&nbsp;concess\u00e3o&nbsp;da infraestrutura de&nbsp;canal&nbsp;de&nbsp;acesso&nbsp;\u00e9 levada a licita\u00e7\u00e3o. Atualmente, quando h\u00e1 a necessidade de aprofundamento de um&nbsp;canal&nbsp;de&nbsp;acesso&nbsp;portu\u00e1rio ou da manuten\u00e7\u00e3o dessa infraestrutura, s\u00e3o feitas licita\u00e7\u00f5es pontuais.<br><br>Para&nbsp;o diretor Wilson Lima Filho, a&nbsp;concess\u00e3o, al\u00e9m de facilitar o processo de manuten\u00e7\u00e3o&nbsp;do&nbsp;calado, pode garantir a diminui\u00e7\u00e3o dos custos dessas opera\u00e7\u00f5es e permitir \u201cuma continuidade na gest\u00e3o. N\u00e3o corre o risco de dois em dois meses mudar o gestor, isso tamb\u00e9m tem um aspecto positivo\u201d.<br><br>\u201cEsse \u00e9 um marco&nbsp;para&nbsp;o pa\u00eds. Se isso der certo, eu acho que vai se proliferar&nbsp;para&nbsp;o pa\u00eds todo. Imagina, voc\u00ea ter uma institui\u00e7\u00e3o privada que vai garantir aquela profundidade\u201d, pontuou o diretor.<\/p>\n","protected":false},"excerpt":{"rendered":"<p>Jenifer Ribeiro, da Ag\u00eancia iNFRA A minuta&nbsp;do&nbsp;edital de&nbsp;concess\u00e3o&nbsp;do&nbsp;canal&nbsp;de&nbsp;acesso&nbsp;ao&nbsp;Porto&nbsp;de&nbsp;Paranagu\u00e1&nbsp;(PR), conhecido como&nbsp;Canal&nbsp;da Galheta, cuja consulta p\u00fablica foi aberta na segunda-feira (9), determina que o vencedor da licita\u00e7\u00e3o ter\u00e1 que aprofundar o&nbsp;canal&nbsp;para&nbsp;15,5&nbsp;metros. Em entrevista&nbsp;para&nbsp;a&nbsp;Ag\u00eancia iNFRA, o diretor Wilson Lima Filho, da ANTAQ (Ag\u00eancia Nacional de Transportes Aquavi\u00e1rios), explicou que essa profundidade&nbsp;deve&nbsp;ser&nbsp;atingida no quarto ano de&nbsp;concess\u00e3o. O diretor foi [&hellip;]<\/p>\n","protected":false},"author":1,"featured_media":14370,"comment_status":"closed","ping_status":"closed","sticky":false,"template":"","format":"standard","meta":{"_monsterinsights_skip_tracking":false,"_monsterinsights_sitenote_active":false,"_monsterinsights_sitenote_note":"","_monsterinsights_sitenote_category":0,"footnotes":""},"categories":[7250,1,7],"tags":[46,86,7563,78,32,7361,106,7566,1157,7564,7565,1604],"class_list":["post-14369","post","type-post","status-publish","format-standard","has-post-thumbnail","hentry","category-destaque-lista","category-geral","category-infratransporte","tag-agencias-reguladoras","tag-antaq","tag-canal-da-galheta","tag-concessoes","tag-investimentos","tag-jenifer-ribeiro","tag-navegacao","tag-pedra-da-palangana","tag-porto-de-paranagua","tag-vessel-traffic-service","tag-vts","tag-wilson-lima-filho"],"yoast_head":"<!-- This site is optimized with the Yoast SEO Premium plugin v25.4 (Yoast SEO v26.0) - https:\/\/yoast.com\/wordpress\/plugins\/seo\/ -->\n<title>Canal de acesso do porto de Paranagu\u00e1 deve ser aprofundado para 15,5 metros ap\u00f3s concess\u00e3o - Ag\u00eancia iNFRA<\/title>\n<meta name=\"robots\" content=\"index, follow, max-snippet:-1, max-image-preview:large, max-video-preview:-1\" \/>\n<link rel=\"canonical\" href=\"https:\/\/agenciainfra.com\/blog\/canal-de-acesso-do-porto-de-paranagua-deve-ser-aprofundado-para-155-metros-apos-concessao\/\" \/>\n<meta property=\"og:locale\" content=\"pt_BR\" \/>\n<meta property=\"og:type\" content=\"article\" \/>\n<meta property=\"og:title\" content=\"Canal de acesso do porto de Paranagu\u00e1 deve ser aprofundado para 15,5 metros ap\u00f3s concess\u00e3o\" \/>\n<meta property=\"og:description\" content=\"Jenifer Ribeiro, da Ag\u00eancia iNFRA A minuta&nbsp;do&nbsp;edital de&nbsp;concess\u00e3o&nbsp;do&nbsp;canal&nbsp;de&nbsp;acesso&nbsp;ao&nbsp;Porto&nbsp;de&nbsp;Paranagu\u00e1&nbsp;(PR), conhecido como&nbsp;Canal&nbsp;da Galheta, cuja consulta p\u00fablica foi aberta na segunda-feira (9), determina que o vencedor da licita\u00e7\u00e3o ter\u00e1 que aprofundar o&nbsp;canal&nbsp;para&nbsp;15,5&nbsp;metros. Em entrevista&nbsp;para&nbsp;a&nbsp;Ag\u00eancia iNFRA, o diretor Wilson Lima Filho, da ANTAQ (Ag\u00eancia Nacional de Transportes Aquavi\u00e1rios), explicou que essa profundidade&nbsp;deve&nbsp;ser&nbsp;atingida no quarto ano de&nbsp;concess\u00e3o. O diretor foi [&hellip;]\" \/>\n<meta property=\"og:url\" content=\"https:\/\/agenciainfra.com\/blog\/canal-de-acesso-do-porto-de-paranagua-deve-ser-aprofundado-para-155-metros-apos-concessao\/\" \/>\n<meta property=\"og:site_name\" content=\"Ag\u00eancia iNFRA\" \/>\n<meta property=\"article:publisher\" content=\"https:\/\/www.facebook.com\/ageninfra\" \/>\n<meta property=\"article:published_time\" content=\"2023-10-13T12:00:00+00:00\" \/>\n<meta property=\"article:modified_time\" content=\"2026-03-13T12:45:32+00:00\" \/>\n<meta property=\"og:image\" content=\"https:\/\/agenciainfra.com\/blog\/wp-content\/uploads\/2023\/10\/wilson-lima-filho-foto-assessoria-porto-de-cabedelo.jpeg\" \/>\n\t<meta property=\"og:image:width\" content=\"2048\" \/>\n\t<meta property=\"og:image:height\" content=\"1311\" \/>\n\t<meta property=\"og:image:type\" content=\"image\/jpeg\" \/>\n<meta name=\"author\" content=\"Ag\u00eancia iNFRA\" \/>\n<meta name=\"twitter:card\" content=\"summary_large_image\" \/>\n<meta name=\"twitter:creator\" content=\"@agencia_infra\" \/>\n<meta name=\"twitter:site\" content=\"@agencia_infra\" \/>\n<meta name=\"twitter:label1\" content=\"Escrito por\" \/>\n\t<meta name=\"twitter:data1\" content=\"Ag\u00eancia iNFRA\" \/>\n\t<meta name=\"twitter:label2\" content=\"Est. tempo de leitura\" \/>\n\t<meta name=\"twitter:data2\" content=\"4 minutos\" \/>\n<script type=\"application\/ld+json\" class=\"yoast-schema-graph\">{\"@context\":\"https:\/\/schema.org\",\"@graph\":[{\"@type\":\"Article\",\"@id\":\"https:\/\/agenciainfra.com\/blog\/canal-de-acesso-do-porto-de-paranagua-deve-ser-aprofundado-para-155-metros-apos-concessao\/#article\",\"isPartOf\":{\"@id\":\"https:\/\/agenciainfra.com\/blog\/canal-de-acesso-do-porto-de-paranagua-deve-ser-aprofundado-para-155-metros-apos-concessao\/\"},\"author\":{\"name\":\"Ag\u00eancia iNFRA\",\"@id\":\"https:\/\/agenciainfra.com\/blog\/#\/schema\/person\/34af08dff6adea4cb22b06612ba7acfa\"},\"headline\":\"Canal de acesso do porto de Paranagu\u00e1 deve ser aprofundado para 15,5 metros ap\u00f3s concess\u00e3o\",\"datePublished\":\"2023-10-13T12:00:00+00:00\",\"dateModified\":\"2026-03-13T12:45:32+00:00\",\"mainEntityOfPage\":{\"@id\":\"https:\/\/agenciainfra.com\/blog\/canal-de-acesso-do-porto-de-paranagua-deve-ser-aprofundado-para-155-metros-apos-concessao\/\"},\"wordCount\":898,\"publisher\":{\"@id\":\"https:\/\/agenciainfra.com\/blog\/#organization\"},\"image\":{\"@id\":\"https:\/\/agenciainfra.com\/blog\/canal-de-acesso-do-porto-de-paranagua-deve-ser-aprofundado-para-155-metros-apos-concessao\/#primaryimage\"},\"thumbnailUrl\":\"https:\/\/agenciainfra.com\/blog\/wp-content\/uploads\/2023\/10\/wilson-lima-filho-foto-assessoria-porto-de-cabedelo.jpeg\",\"keywords\":[\"Ag\u00eancias Reguladoras\",\"ANTAQ\",\"Canal da Galheta\",\"concess\u00f5es\",\"Investimentos\",\"Jenifer Ribeiro\",\"Navega\u00e7\u00e3o\",\"Pedra da Palangana\",\"porto de Paranagu\u00e1\",\"Vessel Traffic Service\",\"VTS\",\"Wilson Lima Filho\"],\"articleSection\":[\"Destaque lista\",\"Geral\",\"iNFRATransporte\"],\"inLanguage\":\"pt-BR\",\"copyrightYear\":\"2023\",\"copyrightHolder\":{\"@id\":\"https:\/\/agenciainfra.com\/blog\/#organization\"}},{\"@type\":\"WebPage\",\"@id\":\"https:\/\/agenciainfra.com\/blog\/canal-de-acesso-do-porto-de-paranagua-deve-ser-aprofundado-para-155-metros-apos-concessao\/\",\"url\":\"https:\/\/agenciainfra.com\/blog\/canal-de-acesso-do-porto-de-paranagua-deve-ser-aprofundado-para-155-metros-apos-concessao\/\",\"name\":\"Canal de acesso do porto de Paranagu\u00e1 deve ser aprofundado para 15,5 metros ap\u00f3s concess\u00e3o - Ag\u00eancia iNFRA\",\"isPartOf\":{\"@id\":\"https:\/\/agenciainfra.com\/blog\/#website\"},\"primaryImageOfPage\":{\"@id\":\"https:\/\/agenciainfra.com\/blog\/canal-de-acesso-do-porto-de-paranagua-deve-ser-aprofundado-para-155-metros-apos-concessao\/#primaryimage\"},\"image\":{\"@id\":\"https:\/\/agenciainfra.com\/blog\/canal-de-acesso-do-porto-de-paranagua-deve-ser-aprofundado-para-155-metros-apos-concessao\/#primaryimage\"},\"thumbnailUrl\":\"https:\/\/agenciainfra.com\/blog\/wp-content\/uploads\/2023\/10\/wilson-lima-filho-foto-assessoria-porto-de-cabedelo.jpeg\",\"datePublished\":\"2023-10-13T12:00:00+00:00\",\"dateModified\":\"2026-03-13T12:45:32+00:00\",\"breadcrumb\":{\"@id\":\"https:\/\/agenciainfra.com\/blog\/canal-de-acesso-do-porto-de-paranagua-deve-ser-aprofundado-para-155-metros-apos-concessao\/#breadcrumb\"},\"inLanguage\":\"pt-BR\",\"potentialAction\":[{\"@type\":\"ReadAction\",\"target\":[\"https:\/\/agenciainfra.com\/blog\/canal-de-acesso-do-porto-de-paranagua-deve-ser-aprofundado-para-155-metros-apos-concessao\/\"]}]},{\"@type\":\"ImageObject\",\"inLanguage\":\"pt-BR\",\"@id\":\"https:\/\/agenciainfra.com\/blog\/canal-de-acesso-do-porto-de-paranagua-deve-ser-aprofundado-para-155-metros-apos-concessao\/#primaryimage\",\"url\":\"https:\/\/agenciainfra.com\/blog\/wp-content\/uploads\/2023\/10\/wilson-lima-filho-foto-assessoria-porto-de-cabedelo.jpeg\",\"contentUrl\":\"https:\/\/agenciainfra.com\/blog\/wp-content\/uploads\/2023\/10\/wilson-lima-filho-foto-assessoria-porto-de-cabedelo.jpeg\",\"width\":2048,\"height\":1311},{\"@type\":\"BreadcrumbList\",\"@id\":\"https:\/\/agenciainfra.com\/blog\/canal-de-acesso-do-porto-de-paranagua-deve-ser-aprofundado-para-155-metros-apos-concessao\/#breadcrumb\",\"itemListElement\":[{\"@type\":\"ListItem\",\"position\":1,\"name\":\"In\u00edcio\",\"item\":\"https:\/\/agenciainfra.com\/blog\/\"},{\"@type\":\"ListItem\",\"position\":2,\"name\":\"Canal de acesso do porto de Paranagu\u00e1 deve ser aprofundado para 15,5 metros ap\u00f3s concess\u00e3o\"}]},{\"@type\":\"WebSite\",\"@id\":\"https:\/\/agenciainfra.com\/blog\/#website\",\"url\":\"https:\/\/agenciainfra.com\/blog\/\",\"name\":\"Ag\u00eancia iNFRA\",\"description\":\"Multiplataforma de informa\u00e7\u00e3o jornal\u00edstica refer\u00eancia na \u00e1rea de infraestrutura no Brasil!\",\"publisher\":{\"@id\":\"https:\/\/agenciainfra.com\/blog\/#organization\"},\"potentialAction\":[{\"@type\":\"SearchAction\",\"target\":{\"@type\":\"EntryPoint\",\"urlTemplate\":\"https:\/\/agenciainfra.com\/blog\/?s={search_term_string}\"},\"query-input\":{\"@type\":\"PropertyValueSpecification\",\"valueRequired\":true,\"valueName\":\"search_term_string\"}}],\"inLanguage\":\"pt-BR\"},{\"@type\":\"Organization\",\"@id\":\"https:\/\/agenciainfra.com\/blog\/#organization\",\"name\":\"Ag\u00eancia iNFRA\",\"url\":\"https:\/\/agenciainfra.com\/blog\/\",\"logo\":{\"@type\":\"ImageObject\",\"inLanguage\":\"pt-BR\",\"@id\":\"https:\/\/agenciainfra.com\/blog\/#\/schema\/logo\/image\/\",\"url\":\"https:\/\/agenciainfra.com\/blog\/wp-content\/uploads\/2023\/09\/iNFRA_5-e1761735885940.png\",\"contentUrl\":\"https:\/\/agenciainfra.com\/blog\/wp-content\/uploads\/2023\/09\/iNFRA_5-e1761735885940.png\",\"width\":1672,\"height\":454,\"caption\":\"Ag\u00eancia iNFRA\"},\"image\":{\"@id\":\"https:\/\/agenciainfra.com\/blog\/#\/schema\/logo\/image\/\"},\"sameAs\":[\"https:\/\/www.facebook.com\/ageninfra\",\"https:\/\/x.com\/agencia_infra\",\"https:\/\/www.linkedin.com\/company\/ag\u00eanciainfra\/\",\"https:\/\/www.instagram.com\/agenciainfra\/\"]},{\"@type\":\"Person\",\"@id\":\"https:\/\/agenciainfra.com\/blog\/#\/schema\/person\/34af08dff6adea4cb22b06612ba7acfa\",\"name\":\"Ag\u00eancia iNFRA\",\"image\":{\"@type\":\"ImageObject\",\"inLanguage\":\"pt-BR\",\"@id\":\"https:\/\/agenciainfra.com\/blog\/#\/schema\/person\/image\/\",\"url\":\"https:\/\/secure.gravatar.com\/avatar\/d189e01678f06d8eb84d4e01f08eb848b3fffe3f8443818d3c356c66892f5be8?s=96&d=mm&r=g\",\"contentUrl\":\"https:\/\/secure.gravatar.com\/avatar\/d189e01678f06d8eb84d4e01f08eb848b3fffe3f8443818d3c356c66892f5be8?s=96&d=mm&r=g\",\"caption\":\"Ag\u00eancia iNFRA\"},\"url\":\"https:\/\/agenciainfra.com\/blog\/author\/admin\/\"}]}<\/script>\n<!-- \/ Yoast SEO Premium plugin. -->","yoast_head_json":{"title":"Canal de acesso do porto de Paranagu\u00e1 deve ser aprofundado para 15,5 metros ap\u00f3s concess\u00e3o - Ag\u00eancia iNFRA","robots":{"index":"index","follow":"follow","max-snippet":"max-snippet:-1","max-image-preview":"max-image-preview:large","max-video-preview":"max-video-preview:-1"},"canonical":"https:\/\/agenciainfra.com\/blog\/canal-de-acesso-do-porto-de-paranagua-deve-ser-aprofundado-para-155-metros-apos-concessao\/","og_locale":"pt_BR","og_type":"article","og_title":"Canal de acesso do porto de Paranagu\u00e1 deve ser aprofundado para 15,5 metros ap\u00f3s concess\u00e3o","og_description":"Jenifer Ribeiro, da Ag\u00eancia iNFRA A minuta&nbsp;do&nbsp;edital de&nbsp;concess\u00e3o&nbsp;do&nbsp;canal&nbsp;de&nbsp;acesso&nbsp;ao&nbsp;Porto&nbsp;de&nbsp;Paranagu\u00e1&nbsp;(PR), conhecido como&nbsp;Canal&nbsp;da Galheta, cuja consulta p\u00fablica foi aberta na segunda-feira (9), determina que o vencedor da licita\u00e7\u00e3o ter\u00e1 que aprofundar o&nbsp;canal&nbsp;para&nbsp;15,5&nbsp;metros. Em entrevista&nbsp;para&nbsp;a&nbsp;Ag\u00eancia iNFRA, o diretor Wilson Lima Filho, da ANTAQ (Ag\u00eancia Nacional de Transportes Aquavi\u00e1rios), explicou que essa profundidade&nbsp;deve&nbsp;ser&nbsp;atingida no quarto ano de&nbsp;concess\u00e3o. O diretor foi [&hellip;]","og_url":"https:\/\/agenciainfra.com\/blog\/canal-de-acesso-do-porto-de-paranagua-deve-ser-aprofundado-para-155-metros-apos-concessao\/","og_site_name":"Ag\u00eancia iNFRA","article_publisher":"https:\/\/www.facebook.com\/ageninfra","article_published_time":"2023-10-13T12:00:00+00:00","article_modified_time":"2026-03-13T12:45:32+00:00","og_image":[{"width":2048,"height":1311,"url":"https:\/\/agenciainfra.com\/blog\/wp-content\/uploads\/2023\/10\/wilson-lima-filho-foto-assessoria-porto-de-cabedelo.jpeg","type":"image\/jpeg"}],"author":"Ag\u00eancia iNFRA","twitter_card":"summary_large_image","twitter_creator":"@agencia_infra","twitter_site":"@agencia_infra","twitter_misc":{"Escrito por":"Ag\u00eancia iNFRA","Est. tempo de leitura":"4 minutos"},"schema":{"@context":"https:\/\/schema.org","@graph":[{"@type":"Article","@id":"https:\/\/agenciainfra.com\/blog\/canal-de-acesso-do-porto-de-paranagua-deve-ser-aprofundado-para-155-metros-apos-concessao\/#article","isPartOf":{"@id":"https:\/\/agenciainfra.com\/blog\/canal-de-acesso-do-porto-de-paranagua-deve-ser-aprofundado-para-155-metros-apos-concessao\/"},"author":{"name":"Ag\u00eancia iNFRA","@id":"https:\/\/agenciainfra.com\/blog\/#\/schema\/person\/34af08dff6adea4cb22b06612ba7acfa"},"headline":"Canal de acesso do porto de Paranagu\u00e1 deve ser aprofundado para 15,5 metros ap\u00f3s concess\u00e3o","datePublished":"2023-10-13T12:00:00+00:00","dateModified":"2026-03-13T12:45:32+00:00","mainEntityOfPage":{"@id":"https:\/\/agenciainfra.com\/blog\/canal-de-acesso-do-porto-de-paranagua-deve-ser-aprofundado-para-155-metros-apos-concessao\/"},"wordCount":898,"publisher":{"@id":"https:\/\/agenciainfra.com\/blog\/#organization"},"image":{"@id":"https:\/\/agenciainfra.com\/blog\/canal-de-acesso-do-porto-de-paranagua-deve-ser-aprofundado-para-155-metros-apos-concessao\/#primaryimage"},"thumbnailUrl":"https:\/\/agenciainfra.com\/blog\/wp-content\/uploads\/2023\/10\/wilson-lima-filho-foto-assessoria-porto-de-cabedelo.jpeg","keywords":["Ag\u00eancias Reguladoras","ANTAQ","Canal da Galheta","concess\u00f5es","Investimentos","Jenifer Ribeiro","Navega\u00e7\u00e3o","Pedra da Palangana","porto de Paranagu\u00e1","Vessel Traffic Service","VTS","Wilson Lima Filho"],"articleSection":["Destaque lista","Geral","iNFRATransporte"],"inLanguage":"pt-BR","copyrightYear":"2023","copyrightHolder":{"@id":"https:\/\/agenciainfra.com\/blog\/#organization"}},{"@type":"WebPage","@id":"https:\/\/agenciainfra.com\/blog\/canal-de-acesso-do-porto-de-paranagua-deve-ser-aprofundado-para-155-metros-apos-concessao\/","url":"https:\/\/agenciainfra.com\/blog\/canal-de-acesso-do-porto-de-paranagua-deve-ser-aprofundado-para-155-metros-apos-concessao\/","name":"Canal de acesso do porto de Paranagu\u00e1 deve ser aprofundado para 15,5 metros ap\u00f3s concess\u00e3o - Ag\u00eancia iNFRA","isPartOf":{"@id":"https:\/\/agenciainfra.com\/blog\/#website"},"primaryImageOfPage":{"@id":"https:\/\/agenciainfra.com\/blog\/canal-de-acesso-do-porto-de-paranagua-deve-ser-aprofundado-para-155-metros-apos-concessao\/#primaryimage"},"image":{"@id":"https:\/\/agenciainfra.com\/blog\/canal-de-acesso-do-porto-de-paranagua-deve-ser-aprofundado-para-155-metros-apos-concessao\/#primaryimage"},"thumbnailUrl":"https:\/\/agenciainfra.com\/blog\/wp-content\/uploads\/2023\/10\/wilson-lima-filho-foto-assessoria-porto-de-cabedelo.jpeg","datePublished":"2023-10-13T12:00:00+00:00","dateModified":"2026-03-13T12:45:32+00:00","breadcrumb":{"@id":"https:\/\/agenciainfra.com\/blog\/canal-de-acesso-do-porto-de-paranagua-deve-ser-aprofundado-para-155-metros-apos-concessao\/#breadcrumb"},"inLanguage":"pt-BR","potentialAction":[{"@type":"ReadAction","target":["https:\/\/agenciainfra.com\/blog\/canal-de-acesso-do-porto-de-paranagua-deve-ser-aprofundado-para-155-metros-apos-concessao\/"]}]},{"@type":"ImageObject","inLanguage":"pt-BR","@id":"https:\/\/agenciainfra.com\/blog\/canal-de-acesso-do-porto-de-paranagua-deve-ser-aprofundado-para-155-metros-apos-concessao\/#primaryimage","url":"https:\/\/agenciainfra.com\/blog\/wp-content\/uploads\/2023\/10\/wilson-lima-filho-foto-assessoria-porto-de-cabedelo.jpeg","contentUrl":"https:\/\/agenciainfra.com\/blog\/wp-content\/uploads\/2023\/10\/wilson-lima-filho-foto-assessoria-porto-de-cabedelo.jpeg","width":2048,"height":1311},{"@type":"BreadcrumbList","@id":"https:\/\/agenciainfra.com\/blog\/canal-de-acesso-do-porto-de-paranagua-deve-ser-aprofundado-para-155-metros-apos-concessao\/#breadcrumb","itemListElement":[{"@type":"ListItem","position":1,"name":"In\u00edcio","item":"https:\/\/agenciainfra.com\/blog\/"},{"@type":"ListItem","position":2,"name":"Canal de acesso do porto de Paranagu\u00e1 deve ser aprofundado para 15,5 metros ap\u00f3s concess\u00e3o"}]},{"@type":"WebSite","@id":"https:\/\/agenciainfra.com\/blog\/#website","url":"https:\/\/agenciainfra.com\/blog\/","name":"Ag\u00eancia iNFRA","description":"Multiplataforma de informa\u00e7\u00e3o jornal\u00edstica refer\u00eancia na \u00e1rea de infraestrutura no Brasil!","publisher":{"@id":"https:\/\/agenciainfra.com\/blog\/#organization"},"potentialAction":[{"@type":"SearchAction","target":{"@type":"EntryPoint","urlTemplate":"https:\/\/agenciainfra.com\/blog\/?s={search_term_string}"},"query-input":{"@type":"PropertyValueSpecification","valueRequired":true,"valueName":"search_term_string"}}],"inLanguage":"pt-BR"},{"@type":"Organization","@id":"https:\/\/agenciainfra.com\/blog\/#organization","name":"Ag\u00eancia iNFRA","url":"https:\/\/agenciainfra.com\/blog\/","logo":{"@type":"ImageObject","inLanguage":"pt-BR","@id":"https:\/\/agenciainfra.com\/blog\/#\/schema\/logo\/image\/","url":"https:\/\/agenciainfra.com\/blog\/wp-content\/uploads\/2023\/09\/iNFRA_5-e1761735885940.png","contentUrl":"https:\/\/agenciainfra.com\/blog\/wp-content\/uploads\/2023\/09\/iNFRA_5-e1761735885940.png","width":1672,"height":454,"caption":"Ag\u00eancia iNFRA"},"image":{"@id":"https:\/\/agenciainfra.com\/blog\/#\/schema\/logo\/image\/"},"sameAs":["https:\/\/www.facebook.com\/ageninfra","https:\/\/x.com\/agencia_infra","https:\/\/www.linkedin.com\/company\/ag\u00eanciainfra\/","https:\/\/www.instagram.com\/agenciainfra\/"]},{"@type":"Person","@id":"https:\/\/agenciainfra.com\/blog\/#\/schema\/person\/34af08dff6adea4cb22b06612ba7acfa","name":"Ag\u00eancia iNFRA","image":{"@type":"ImageObject","inLanguage":"pt-BR","@id":"https:\/\/agenciainfra.com\/blog\/#\/schema\/person\/image\/","url":"https:\/\/secure.gravatar.com\/avatar\/d189e01678f06d8eb84d4e01f08eb848b3fffe3f8443818d3c356c66892f5be8?s=96&d=mm&r=g","contentUrl":"https:\/\/secure.gravatar.com\/avatar\/d189e01678f06d8eb84d4e01f08eb848b3fffe3f8443818d3c356c66892f5be8?s=96&d=mm&r=g","caption":"Ag\u00eancia iNFRA"},"url":"https:\/\/agenciainfra.com\/blog\/author\/admin\/"}]}},"_links":{"self":[{"href":"https:\/\/agenciainfra.com\/blog\/wp-json\/wp\/v2\/posts\/14369","targetHints":{"allow":["GET"]}}],"collection":[{"href":"https:\/\/agenciainfra.com\/blog\/wp-json\/wp\/v2\/posts"}],"about":[{"href":"https:\/\/agenciainfra.com\/blog\/wp-json\/wp\/v2\/types\/post"}],"author":[{"embeddable":true,"href":"https:\/\/agenciainfra.com\/blog\/wp-json\/wp\/v2\/users\/1"}],"replies":[{"embeddable":true,"href":"https:\/\/agenciainfra.com\/blog\/wp-json\/wp\/v2\/comments?post=14369"}],"version-history":[{"count":1,"href":"https:\/\/agenciainfra.com\/blog\/wp-json\/wp\/v2\/posts\/14369\/revisions"}],"predecessor-version":[{"id":37798,"href":"https:\/\/agenciainfra.com\/blog\/wp-json\/wp\/v2\/posts\/14369\/revisions\/37798"}],"wp:featuredmedia":[{"embeddable":true,"href":"https:\/\/agenciainfra.com\/blog\/wp-json\/wp\/v2\/media\/14370"}],"wp:attachment":[{"href":"https:\/\/agenciainfra.com\/blog\/wp-json\/wp\/v2\/media?parent=14369"}],"wp:term":[{"taxonomy":"category","embeddable":true,"href":"https:\/\/agenciainfra.com\/blog\/wp-json\/wp\/v2\/categories?post=14369"},{"taxonomy":"post_tag","embeddable":true,"href":"https:\/\/agenciainfra.com\/blog\/wp-json\/wp\/v2\/tags?post=14369"}],"curies":[{"name":"wp","href":"https:\/\/api.w.org\/{rel}","templated":true}]}}