{"id":14374,"date":"2023-10-13T11:00:00","date_gmt":"2023-10-13T14:00:00","guid":{"rendered":"https:\/\/www.agenciainfra.com\/blog\/?p=14374"},"modified":"2023-10-16T11:35:23","modified_gmt":"2023-10-16T14:35:23","slug":"infradebate-vamos-completar-o-tanque-com-etanol-hoje","status":"publish","type":"post","link":"https:\/\/agenciainfra.com\/blog\/infradebate-vamos-completar-o-tanque-com-etanol-hoje\/","title":{"rendered":"iNFRADebate: Vamos completar o tanque com etanol hoje?"},"content":{"rendered":"\n<p class=\"has-text-align-right\"><strong>Marcelo Ara\u00fajo*<\/strong><\/p>\n\n\n\n<p>O etanol combust\u00edvel est\u00e1 entre n\u00f3s brasileiros h\u00e1 tanto tempo que \u00e0s vezes n\u00e3o nos damos conta de toda sua relev\u00e2ncia para a economia e para nossa jornada de descarboniza\u00e7\u00e3o. Claramente, se conseguirmos ganhar maior escala e desenvolver novas solu\u00e7\u00f5es tecnol\u00f3gicas, seu potencial pode ir muito al\u00e9m, no Brasil e no mundo, como uma das mais importantes solu\u00e7\u00f5es para a transi\u00e7\u00e3o energ\u00e9tica.<\/p>\n\n\n\n<p>Os primeiros experimentos com \u00e1lcool anidro combust\u00edvel no Brasil datam da d\u00e9cada de 1920, durante uma grande crise dos pre\u00e7os de a\u00e7\u00facar, \u00e0 \u00e9poca uma das principais ind\u00fastrias e fontes de divisas internacionais do pa\u00eds.&nbsp; Seguiram-se a cria\u00e7\u00e3o do IAA (Instituto de A\u00e7\u00facar e \u00c1lcool) em 1933 e, ainda na mesma d\u00e9cada, o primeiro mandato de mistura obrigat\u00f3ria do \u00e1lcool anidro na gasolina.<\/p>\n\n\n\n<p>A cria\u00e7\u00e3o do programa Pr\u00f3-\u00c1lcool, em 1975, trouxe uma nova avenida de crescimento com o uso do etanol hidratado como combust\u00edvel puro, n\u00e3o misturado \u00e0 gasolina, para atender o mercado interno e, idealmente, para exporta\u00e7\u00e3o. Hoje, a tecnologia \u201cflex-fuel\u201d, totalmente desenvolvida no Brasil e introduzida em 2003, \u00e9 largamente dominante em nosso mercado, presente em cerca de 75% da frota atual de ve\u00edculos leves.<\/p>\n\n\n\n<p>Nessa j\u00e1 centen\u00e1ria jornada, criamos uma tecnologia propriet\u00e1ria e vencedora, com uma pegada de carbono 60% menor que a gasolina e at\u00e9 compar\u00e1vel \u00e0 ve\u00edculos el\u00e9tricos na Europa. Ampliamos a disponibilidade, temos custos bastante competitivos se comparados a alternativas renov\u00e1veis, consolidamos a ind\u00fastria de etanol de cana-de-a\u00e7\u00facar e, mais recentemente, vimos surgir uma florescente ind\u00fastria de etanol de milho.<\/p>\n\n\n\n<p>No entanto, ainda vemos um grande paradigma a ser quebrado: por que o etanol n\u00e3o \u00e9 vendido e consumido de forma crescente e com pr\u00eamio sobre sua paridade energ\u00e9tica com a gasolina?<\/p>\n\n\n\n<figure class=\"wp-block-image aligncenter size-full\"><img fetchpriority=\"high\" decoding=\"async\" width=\"886\" height=\"369\" src=\"https:\/\/agenciainfra.com\/blog\/wp-content\/uploads\/2023\/10\/image.png\" alt=\"\" class=\"wp-image-14375\" srcset=\"https:\/\/agenciainfra.com\/blog\/wp-content\/uploads\/2023\/10\/image.png 886w, https:\/\/agenciainfra.com\/blog\/wp-content\/uploads\/2023\/10\/image-300x125.png 300w, https:\/\/agenciainfra.com\/blog\/wp-content\/uploads\/2023\/10\/image-768x320.png 768w\" sizes=\"(max-width: 886px) 100vw, 886px\" \/><figcaption class=\"wp-element-caption\"><em>Fonte: ANP<\/em><\/figcaption><\/figure>\n\n\n\n<p>N\u00e3o existe uma s\u00f3 resposta, \u00e9 claro, mas alguns ind\u00edcios podem nos ajudar a entender melhor e destravar o valor potencial que este ativo mais que brasileiro pode desempenhar para nosso futuro. A volatilidade na pol\u00edtica de pre\u00e7os de combust\u00edveis f\u00f3sseis no Brasil, por vezes artificialmente reduzidos, que j\u00e1 causaram fortes preju\u00edzos e endividamento \u00e0 ind\u00fastria de etanol, ou mesmo a natureza c\u00edclica do mercado de a\u00e7\u00facar, muitas vezes com pre\u00e7os mais atrativos, certamente est\u00e3o entre as principais raz\u00f5es.<\/p>\n\n\n\n<p>Ainda assim, se os consumidores o vissem como sua primeira op\u00e7\u00e3o e os frentistas dos milhares de postos de servi\u00e7os em todo o pa\u00eds sugerissem \u201cvamos completar com etanol hoje?\u201d, por certo ganhar\u00edamos todos, produtores, distribuidores, revendedores, consumidores, sociedade e meio ambiente. Melhorar a comunica\u00e7\u00e3o de todo seu impacto positivo econ\u00f4mico e ambiental certamente ajudaria, mas para conquistar a confian\u00e7a e a prefer\u00eancia dos consumidores, precisamos atacar de frente dois graves problemas: a sonega\u00e7\u00e3o e a adultera\u00e7\u00e3o.<\/p>\n\n\n\n<p>Come\u00e7ando pela adultera\u00e7\u00e3o, houve grande avan\u00e7o no controle de qualidade e redu\u00e7\u00e3o dos eventos de adultera\u00e7\u00e3o do etanol hidratado, trabalho conjunto de produtores, distribuidores e revendedores, com apoio do ICL (Instituto Combust\u00edvel Legal). Mas o \u00edndice de n\u00e3o conformidade de 2,3% em 2022, segundo o PMQC 2022 (Programa de Monitoramento da Qualidade dos Combust\u00edveis em 2022) \u2014 supervisionado pela ANP (Ag\u00eancia Nacional do Petr\u00f3leo, G\u00e1s Natural e Biocombust\u00edveis) \u2014 ainda \u00e9 53% superior ao da gasolina.<\/p>\n\n\n\n<p>A tecnologia da informa\u00e7\u00e3o pode ser uma forte aliada se criarmos um sistema de rastreamento do campo ao posto baseado com tecnologia blockchain, j\u00e1 largamente usada na ind\u00fastria aliment\u00edcia, para acompanhar todas as etapas da cadeia log\u00edstica. Em complemento, uso de <em>data analyti<\/em>cs e algoritmos de intelig\u00eancia artificial ajudariam enormemente a maior assertividade e redu\u00e7\u00e3o dr\u00e1stica dos custos de fiscaliza\u00e7\u00e3o das diferentes ag\u00eancias de defesa do consumidor estaduais e federais, lideradas pela ANP.<\/p>\n\n\n\n<p>Mas \u00e9 na sonega\u00e7\u00e3o onde se encontra a maior oportunidade. A complexidade tribut\u00e1ria e a enorme dispers\u00e3o de al\u00edquotas e incentivos no pa\u00eds ajudaram a atrair maus empres\u00e1rios e criar distor\u00e7\u00f5es competitivas que, ao longo dos anos, vem reduzindo a rentabilidade para a esmagadora maioria dos empreendedores s\u00e9rios em toda a cadeia, desestimulando sobremaneira o esfor\u00e7o comercial e de marketing do etanol. Estudos da FGV (Funda\u00e7\u00e3o Getulio Vargas) para o ICL estimam que 47,2% dos R$ 29 bilh\u00f5es anuais perdidos no mercado de combust\u00edveis brasileiro vem de il\u00edcitos sobre o etanol.<\/p>\n\n\n\n<p>Com tamanha sonega\u00e7\u00e3o, a al\u00edquota efetivamente recolhida pelos impostos \u00e9 infinitamente menor que as al\u00edquotas nominais do ICMS (Imposto sobre Circula\u00e7\u00e3o de Mercadorias e Presta\u00e7\u00e3o de Servi\u00e7os) estabelecidas pelos Estados. \u00c9 hora de reconhecer essa realidade e assumir um modelo tribut\u00e1rio mais atual, com uma al\u00edquota baixa o suficiente para estimular a maior ado\u00e7\u00e3o do etanol como a solu\u00e7\u00e3o mais indicada e com menor custo para a transi\u00e7\u00e3o energ\u00e9tica do pa\u00eds, aproveitando ao m\u00e1ximo a efici\u00eancia da ind\u00fastria e da infraestrutura de distribui\u00e7\u00e3o e revenda j\u00e1 implantadas em todo o territ\u00f3rio nacional.<\/p>\n\n\n\n<p>A Lei Complementar 192\/2022 trouxe enorme avan\u00e7o para a simplifica\u00e7\u00e3o tribut\u00e1ria da gasolina e do diesel, com o instituto do sistema monof\u00e1sico, com al\u00edquotas espec\u00edficas por litro e uniformes em todos o pa\u00eds. Infelizmente, o etanol hidratado ficou fora dessa legisla\u00e7\u00e3o que j\u00e1 traz avan\u00e7os indiscut\u00edveis na redu\u00e7\u00e3o da sonega\u00e7\u00e3o e otimiza\u00e7\u00e3o log\u00edstica desses combust\u00edveis.<\/p>\n\n\n\n<p>A PEC (Proposta de Emenda Constitucional) 45\/2019, j\u00e1 aprovada na C\u00e2mara dos Deputados e em an\u00e1lise pelo Senado Federal, indicam o caminho para que combust\u00edveis e biocombust\u00edveis compartilhem a mesma solu\u00e7\u00e3o prevista na Lei Complementar 192\/2022. Portanto, j\u00e1 \u00e9 poss\u00edvel divisar no horizonte a possibilidade desse grande avan\u00e7o tamb\u00e9m para o etanol.<\/p>\n\n\n\n<p>Mas ser\u00e1 que teremos tempo para esperar toda a necess\u00e1ria transi\u00e7\u00e3o do ICMS para o IBS (Imposto sobre Bens e Servi\u00e7os) at\u00e9 2032, como prev\u00ea projeto da PEC 45\/2019, ou outras solu\u00e7\u00f5es e plataformas automotivas evoluir\u00e3o e ocupar\u00e3o esse espa\u00e7o no mercado mundial e brasileiro, nos condenando a importar insumos e tecnologias em um segmento que hoje lideramos?<\/p>\n\n\n\n<p>Uma alternativa para antecipar todos esses benef\u00edcios seria a proposi\u00e7\u00e3o de um projeto de lei que incorporasse o etanol hidratado na Lei Complementar 192\/2022, com al\u00edquota j\u00e1 reduzida para a realidade efetiva da arrecada\u00e7\u00e3o, estimulando a um s\u00f3 tempo o aumento da receita dos Estados pela redu\u00e7\u00e3o da sonega\u00e7\u00e3o e uma acelerada descarboniza\u00e7\u00e3o da nossa matriz energ\u00e9tica de transportes.<\/p>\n\n\n\n<p>O potencial do etanol para a jornada de descarboniza\u00e7\u00e3o ir\u00e1, por certo, muito mais longe, com o etanol de segunda gera\u00e7\u00e3o, com pegada negativa de carbono, ou seu uso como mat\u00e9ria-prima para gerar hidrog\u00eanio verde ou mesmo combust\u00edvel sustent\u00e1vel de avia\u00e7\u00e3o.<\/p>\n\n\n\n<p>Equacionados os desafios da sonega\u00e7\u00e3o e adultera\u00e7\u00e3o, superaremos os entraves da oferta e podemos partir seguros para o est\u00edmulo da demanda, conquistando o cora\u00e7\u00e3o n\u00e3o s\u00f3 dos consumidores, mas de todos os brasileiros, pois temos em nossas m\u00e3os uma solu\u00e7\u00e3o para o Brasil e para grande parte do mundo, onde a eletrifica\u00e7\u00e3o total da frota n\u00e3o \u00e9 uma realidade vi\u00e1vel ou mesmo uma necessidade.<\/p>\n\n\n\n<h6 class=\"wp-block-heading\" id=\"block-f323f59b-51bf-4eed-b17b-3c7d3b917007\"><strong>*Marcelo Ara\u00fajo \u00e9 diretor-executivo corporativo e de participa\u00e7\u00f5es do Grupo Ultra e presidente do conselho de administra\u00e7\u00e3o da Associa\u00e7\u00e3o Brasileira de Downstream do IBP (Instituto Brasileiro de Petr\u00f3leo e G\u00e1s).<\/strong><\/h6>\n\n\n\n<h5 class=\"wp-block-heading\" id=\"block-5ef42db3-2ed1-4178-8ab5-7a7f312ba102\">As opini\u00f5es dos autores n\u00e3o refletem necessariamente o pensamento da Ag\u00eancia iNFRA, sendo de total responsabilidade do autor as informa\u00e7\u00f5es, ju\u00edzos de valor e conceitos descritos no texto.<\/h5>\n","protected":false},"excerpt":{"rendered":"<p>Marcelo Ara\u00fajo* O etanol combust\u00edvel est\u00e1 entre n\u00f3s brasileiros h\u00e1 tanto tempo que \u00e0s vezes n\u00e3o nos damos conta de toda sua relev\u00e2ncia para a economia e para nossa jornada de descarboniza\u00e7\u00e3o. Claramente, se conseguirmos ganhar maior escala e desenvolver novas solu\u00e7\u00f5es tecnol\u00f3gicas, seu potencial pode ir muito al\u00e9m, no Brasil e no mundo, como [&hellip;]<\/p>\n","protected":false},"author":1,"featured_media":14376,"comment_status":"closed","ping_status":"closed","sticky":false,"template":"","format":"standard","meta":{"_monsterinsights_skip_tracking":false,"_monsterinsights_sitenote_active":false,"_monsterinsights_sitenote_note":"","_monsterinsights_sitenote_category":0,"footnotes":""},"categories":[1,11],"tags":[46,7568,1101,2732,6732,7570,7571,5796,3344,7567,7569,2006],"class_list":["post-14374","post","type-post","status-publish","format-standard","has-post-thumbnail","hentry","category-geral","category-infradebate","tag-agencias-reguladoras","tag-alcool-combustivel","tag-anp","tag-etanol","tag-flex","tag-iaa","tag-lei-complementar-192-2022","tag-marcelo-araujo","tag-pec-45-2019","tag-pegada-de-carbono","tag-pro-alcool","tag-transicao-energetica"],"yoast_head":"<!-- This site is optimized with the Yoast SEO Premium plugin v25.4 (Yoast SEO v26.0) - https:\/\/yoast.com\/wordpress\/plugins\/seo\/ -->\n<title>iNFRADebate: Vamos completar o tanque com etanol hoje? - Ag\u00eancia iNFRA<\/title>\n<meta name=\"robots\" content=\"index, follow, max-snippet:-1, max-image-preview:large, max-video-preview:-1\" \/>\n<link rel=\"canonical\" href=\"https:\/\/agenciainfra.com\/blog\/infradebate-vamos-completar-o-tanque-com-etanol-hoje\/\" \/>\n<meta property=\"og:locale\" content=\"pt_BR\" \/>\n<meta property=\"og:type\" content=\"article\" \/>\n<meta property=\"og:title\" content=\"iNFRADebate: Vamos completar o tanque com etanol hoje?\" \/>\n<meta property=\"og:description\" content=\"Marcelo Ara\u00fajo* O etanol combust\u00edvel est\u00e1 entre n\u00f3s brasileiros h\u00e1 tanto tempo que \u00e0s vezes n\u00e3o nos damos conta de toda sua relev\u00e2ncia para a economia e para nossa jornada de descarboniza\u00e7\u00e3o. Claramente, se conseguirmos ganhar maior escala e desenvolver novas solu\u00e7\u00f5es tecnol\u00f3gicas, seu potencial pode ir muito al\u00e9m, no Brasil e no mundo, como [&hellip;]\" \/>\n<meta property=\"og:url\" content=\"https:\/\/agenciainfra.com\/blog\/infradebate-vamos-completar-o-tanque-com-etanol-hoje\/\" \/>\n<meta property=\"og:site_name\" content=\"Ag\u00eancia iNFRA\" \/>\n<meta property=\"article:publisher\" content=\"https:\/\/www.facebook.com\/ageninfra\" \/>\n<meta property=\"article:published_time\" content=\"2023-10-13T14:00:00+00:00\" \/>\n<meta property=\"article:modified_time\" content=\"2023-10-16T14:35:23+00:00\" \/>\n<meta property=\"og:image\" content=\"https:\/\/agenciainfra.com\/blog\/wp-content\/uploads\/2023\/10\/etanol-bomba-foto-governo-federal.jpeg\" \/>\n\t<meta property=\"og:image:width\" content=\"1200\" \/>\n\t<meta property=\"og:image:height\" content=\"800\" \/>\n\t<meta property=\"og:image:type\" content=\"image\/jpeg\" \/>\n<meta name=\"author\" content=\"Ag\u00eancia iNFRA\" \/>\n<meta name=\"twitter:card\" content=\"summary_large_image\" \/>\n<meta name=\"twitter:creator\" content=\"@agencia_infra\" \/>\n<meta name=\"twitter:site\" content=\"@agencia_infra\" \/>\n<meta name=\"twitter:label1\" content=\"Escrito por\" \/>\n\t<meta name=\"twitter:data1\" content=\"Ag\u00eancia iNFRA\" \/>\n\t<meta name=\"twitter:label2\" content=\"Est. tempo de leitura\" \/>\n\t<meta name=\"twitter:data2\" content=\"7 minutos\" \/>\n<script type=\"application\/ld+json\" class=\"yoast-schema-graph\">{\"@context\":\"https:\/\/schema.org\",\"@graph\":[{\"@type\":\"Article\",\"@id\":\"https:\/\/agenciainfra.com\/blog\/infradebate-vamos-completar-o-tanque-com-etanol-hoje\/#article\",\"isPartOf\":{\"@id\":\"https:\/\/agenciainfra.com\/blog\/infradebate-vamos-completar-o-tanque-com-etanol-hoje\/\"},\"author\":{\"name\":\"Ag\u00eancia iNFRA\",\"@id\":\"https:\/\/agenciainfra.com\/blog\/#\/schema\/person\/34af08dff6adea4cb22b06612ba7acfa\"},\"headline\":\"iNFRADebate: Vamos completar o tanque com etanol hoje?\",\"datePublished\":\"2023-10-13T14:00:00+00:00\",\"dateModified\":\"2023-10-16T14:35:23+00:00\",\"mainEntityOfPage\":{\"@id\":\"https:\/\/agenciainfra.com\/blog\/infradebate-vamos-completar-o-tanque-com-etanol-hoje\/\"},\"wordCount\":1315,\"publisher\":{\"@id\":\"https:\/\/agenciainfra.com\/blog\/#organization\"},\"image\":{\"@id\":\"https:\/\/agenciainfra.com\/blog\/infradebate-vamos-completar-o-tanque-com-etanol-hoje\/#primaryimage\"},\"thumbnailUrl\":\"https:\/\/agenciainfra.com\/blog\/wp-content\/uploads\/2023\/10\/etanol-bomba-foto-governo-federal.jpeg\",\"keywords\":[\"Ag\u00eancias Reguladoras\",\"\u00e1lcool combust\u00edvel\",\"ANP\",\"etanol\",\"flex\",\"IAA\",\"Lei Complementar 192\/2022\",\"Marcelo Ara\u00fajo\",\"PEC 45\/2019\",\"pegada de carbono\",\"Pr\u00f3-\u00c1lcool\",\"transi\u00e7\u00e3o energ\u00e9tica\"],\"articleSection\":[\"Geral\",\"iNFRADebate\"],\"inLanguage\":\"pt-BR\",\"copyrightYear\":\"2023\",\"copyrightHolder\":{\"@id\":\"https:\/\/agenciainfra.com\/blog\/#organization\"}},{\"@type\":\"WebPage\",\"@id\":\"https:\/\/agenciainfra.com\/blog\/infradebate-vamos-completar-o-tanque-com-etanol-hoje\/\",\"url\":\"https:\/\/agenciainfra.com\/blog\/infradebate-vamos-completar-o-tanque-com-etanol-hoje\/\",\"name\":\"iNFRADebate: Vamos completar o tanque com etanol hoje? - Ag\u00eancia iNFRA\",\"isPartOf\":{\"@id\":\"https:\/\/agenciainfra.com\/blog\/#website\"},\"primaryImageOfPage\":{\"@id\":\"https:\/\/agenciainfra.com\/blog\/infradebate-vamos-completar-o-tanque-com-etanol-hoje\/#primaryimage\"},\"image\":{\"@id\":\"https:\/\/agenciainfra.com\/blog\/infradebate-vamos-completar-o-tanque-com-etanol-hoje\/#primaryimage\"},\"thumbnailUrl\":\"https:\/\/agenciainfra.com\/blog\/wp-content\/uploads\/2023\/10\/etanol-bomba-foto-governo-federal.jpeg\",\"datePublished\":\"2023-10-13T14:00:00+00:00\",\"dateModified\":\"2023-10-16T14:35:23+00:00\",\"breadcrumb\":{\"@id\":\"https:\/\/agenciainfra.com\/blog\/infradebate-vamos-completar-o-tanque-com-etanol-hoje\/#breadcrumb\"},\"inLanguage\":\"pt-BR\",\"potentialAction\":[{\"@type\":\"ReadAction\",\"target\":[\"https:\/\/agenciainfra.com\/blog\/infradebate-vamos-completar-o-tanque-com-etanol-hoje\/\"]}]},{\"@type\":\"ImageObject\",\"inLanguage\":\"pt-BR\",\"@id\":\"https:\/\/agenciainfra.com\/blog\/infradebate-vamos-completar-o-tanque-com-etanol-hoje\/#primaryimage\",\"url\":\"https:\/\/agenciainfra.com\/blog\/wp-content\/uploads\/2023\/10\/etanol-bomba-foto-governo-federal.jpeg\",\"contentUrl\":\"https:\/\/agenciainfra.com\/blog\/wp-content\/uploads\/2023\/10\/etanol-bomba-foto-governo-federal.jpeg\",\"width\":1200,\"height\":800,\"caption\":\"Foto: Governo Federal\"},{\"@type\":\"BreadcrumbList\",\"@id\":\"https:\/\/agenciainfra.com\/blog\/infradebate-vamos-completar-o-tanque-com-etanol-hoje\/#breadcrumb\",\"itemListElement\":[{\"@type\":\"ListItem\",\"position\":1,\"name\":\"In\u00edcio\",\"item\":\"https:\/\/agenciainfra.com\/blog\/\"},{\"@type\":\"ListItem\",\"position\":2,\"name\":\"iNFRADebate: Vamos completar o tanque com etanol hoje?\"}]},{\"@type\":\"WebSite\",\"@id\":\"https:\/\/agenciainfra.com\/blog\/#website\",\"url\":\"https:\/\/agenciainfra.com\/blog\/\",\"name\":\"Ag\u00eancia iNFRA\",\"description\":\"Multiplataforma de informa\u00e7\u00e3o jornal\u00edstica refer\u00eancia na \u00e1rea de infraestrutura no Brasil!\",\"publisher\":{\"@id\":\"https:\/\/agenciainfra.com\/blog\/#organization\"},\"potentialAction\":[{\"@type\":\"SearchAction\",\"target\":{\"@type\":\"EntryPoint\",\"urlTemplate\":\"https:\/\/agenciainfra.com\/blog\/?s={search_term_string}\"},\"query-input\":{\"@type\":\"PropertyValueSpecification\",\"valueRequired\":true,\"valueName\":\"search_term_string\"}}],\"inLanguage\":\"pt-BR\"},{\"@type\":\"Organization\",\"@id\":\"https:\/\/agenciainfra.com\/blog\/#organization\",\"name\":\"Ag\u00eancia iNFRA\",\"url\":\"https:\/\/agenciainfra.com\/blog\/\",\"logo\":{\"@type\":\"ImageObject\",\"inLanguage\":\"pt-BR\",\"@id\":\"https:\/\/agenciainfra.com\/blog\/#\/schema\/logo\/image\/\",\"url\":\"https:\/\/agenciainfra.com\/blog\/wp-content\/uploads\/2023\/09\/iNFRA_5-e1761735885940.png\",\"contentUrl\":\"https:\/\/agenciainfra.com\/blog\/wp-content\/uploads\/2023\/09\/iNFRA_5-e1761735885940.png\",\"width\":1672,\"height\":454,\"caption\":\"Ag\u00eancia iNFRA\"},\"image\":{\"@id\":\"https:\/\/agenciainfra.com\/blog\/#\/schema\/logo\/image\/\"},\"sameAs\":[\"https:\/\/www.facebook.com\/ageninfra\",\"https:\/\/x.com\/agencia_infra\",\"https:\/\/www.linkedin.com\/company\/ag\u00eanciainfra\/\",\"https:\/\/www.instagram.com\/agenciainfra\/\"]},{\"@type\":\"Person\",\"@id\":\"https:\/\/agenciainfra.com\/blog\/#\/schema\/person\/34af08dff6adea4cb22b06612ba7acfa\",\"name\":\"Ag\u00eancia iNFRA\",\"image\":{\"@type\":\"ImageObject\",\"inLanguage\":\"pt-BR\",\"@id\":\"https:\/\/agenciainfra.com\/blog\/#\/schema\/person\/image\/\",\"url\":\"https:\/\/secure.gravatar.com\/avatar\/d189e01678f06d8eb84d4e01f08eb848b3fffe3f8443818d3c356c66892f5be8?s=96&d=mm&r=g\",\"contentUrl\":\"https:\/\/secure.gravatar.com\/avatar\/d189e01678f06d8eb84d4e01f08eb848b3fffe3f8443818d3c356c66892f5be8?s=96&d=mm&r=g\",\"caption\":\"Ag\u00eancia iNFRA\"},\"url\":\"https:\/\/agenciainfra.com\/blog\/author\/admin\/\"}]}<\/script>\n<!-- \/ Yoast SEO Premium plugin. -->","yoast_head_json":{"title":"iNFRADebate: Vamos completar o tanque com etanol hoje? - Ag\u00eancia iNFRA","robots":{"index":"index","follow":"follow","max-snippet":"max-snippet:-1","max-image-preview":"max-image-preview:large","max-video-preview":"max-video-preview:-1"},"canonical":"https:\/\/agenciainfra.com\/blog\/infradebate-vamos-completar-o-tanque-com-etanol-hoje\/","og_locale":"pt_BR","og_type":"article","og_title":"iNFRADebate: Vamos completar o tanque com etanol hoje?","og_description":"Marcelo Ara\u00fajo* O etanol combust\u00edvel est\u00e1 entre n\u00f3s brasileiros h\u00e1 tanto tempo que \u00e0s vezes n\u00e3o nos damos conta de toda sua relev\u00e2ncia para a economia e para nossa jornada de descarboniza\u00e7\u00e3o. Claramente, se conseguirmos ganhar maior escala e desenvolver novas solu\u00e7\u00f5es tecnol\u00f3gicas, seu potencial pode ir muito al\u00e9m, no Brasil e no mundo, como [&hellip;]","og_url":"https:\/\/agenciainfra.com\/blog\/infradebate-vamos-completar-o-tanque-com-etanol-hoje\/","og_site_name":"Ag\u00eancia iNFRA","article_publisher":"https:\/\/www.facebook.com\/ageninfra","article_published_time":"2023-10-13T14:00:00+00:00","article_modified_time":"2023-10-16T14:35:23+00:00","og_image":[{"width":1200,"height":800,"url":"https:\/\/agenciainfra.com\/blog\/wp-content\/uploads\/2023\/10\/etanol-bomba-foto-governo-federal.jpeg","type":"image\/jpeg"}],"author":"Ag\u00eancia iNFRA","twitter_card":"summary_large_image","twitter_creator":"@agencia_infra","twitter_site":"@agencia_infra","twitter_misc":{"Escrito por":"Ag\u00eancia iNFRA","Est. tempo de leitura":"7 minutos"},"schema":{"@context":"https:\/\/schema.org","@graph":[{"@type":"Article","@id":"https:\/\/agenciainfra.com\/blog\/infradebate-vamos-completar-o-tanque-com-etanol-hoje\/#article","isPartOf":{"@id":"https:\/\/agenciainfra.com\/blog\/infradebate-vamos-completar-o-tanque-com-etanol-hoje\/"},"author":{"name":"Ag\u00eancia iNFRA","@id":"https:\/\/agenciainfra.com\/blog\/#\/schema\/person\/34af08dff6adea4cb22b06612ba7acfa"},"headline":"iNFRADebate: Vamos completar o tanque com etanol hoje?","datePublished":"2023-10-13T14:00:00+00:00","dateModified":"2023-10-16T14:35:23+00:00","mainEntityOfPage":{"@id":"https:\/\/agenciainfra.com\/blog\/infradebate-vamos-completar-o-tanque-com-etanol-hoje\/"},"wordCount":1315,"publisher":{"@id":"https:\/\/agenciainfra.com\/blog\/#organization"},"image":{"@id":"https:\/\/agenciainfra.com\/blog\/infradebate-vamos-completar-o-tanque-com-etanol-hoje\/#primaryimage"},"thumbnailUrl":"https:\/\/agenciainfra.com\/blog\/wp-content\/uploads\/2023\/10\/etanol-bomba-foto-governo-federal.jpeg","keywords":["Ag\u00eancias Reguladoras","\u00e1lcool combust\u00edvel","ANP","etanol","flex","IAA","Lei Complementar 192\/2022","Marcelo Ara\u00fajo","PEC 45\/2019","pegada de carbono","Pr\u00f3-\u00c1lcool","transi\u00e7\u00e3o energ\u00e9tica"],"articleSection":["Geral","iNFRADebate"],"inLanguage":"pt-BR","copyrightYear":"2023","copyrightHolder":{"@id":"https:\/\/agenciainfra.com\/blog\/#organization"}},{"@type":"WebPage","@id":"https:\/\/agenciainfra.com\/blog\/infradebate-vamos-completar-o-tanque-com-etanol-hoje\/","url":"https:\/\/agenciainfra.com\/blog\/infradebate-vamos-completar-o-tanque-com-etanol-hoje\/","name":"iNFRADebate: Vamos completar o tanque com etanol hoje? - Ag\u00eancia iNFRA","isPartOf":{"@id":"https:\/\/agenciainfra.com\/blog\/#website"},"primaryImageOfPage":{"@id":"https:\/\/agenciainfra.com\/blog\/infradebate-vamos-completar-o-tanque-com-etanol-hoje\/#primaryimage"},"image":{"@id":"https:\/\/agenciainfra.com\/blog\/infradebate-vamos-completar-o-tanque-com-etanol-hoje\/#primaryimage"},"thumbnailUrl":"https:\/\/agenciainfra.com\/blog\/wp-content\/uploads\/2023\/10\/etanol-bomba-foto-governo-federal.jpeg","datePublished":"2023-10-13T14:00:00+00:00","dateModified":"2023-10-16T14:35:23+00:00","breadcrumb":{"@id":"https:\/\/agenciainfra.com\/blog\/infradebate-vamos-completar-o-tanque-com-etanol-hoje\/#breadcrumb"},"inLanguage":"pt-BR","potentialAction":[{"@type":"ReadAction","target":["https:\/\/agenciainfra.com\/blog\/infradebate-vamos-completar-o-tanque-com-etanol-hoje\/"]}]},{"@type":"ImageObject","inLanguage":"pt-BR","@id":"https:\/\/agenciainfra.com\/blog\/infradebate-vamos-completar-o-tanque-com-etanol-hoje\/#primaryimage","url":"https:\/\/agenciainfra.com\/blog\/wp-content\/uploads\/2023\/10\/etanol-bomba-foto-governo-federal.jpeg","contentUrl":"https:\/\/agenciainfra.com\/blog\/wp-content\/uploads\/2023\/10\/etanol-bomba-foto-governo-federal.jpeg","width":1200,"height":800,"caption":"Foto: Governo Federal"},{"@type":"BreadcrumbList","@id":"https:\/\/agenciainfra.com\/blog\/infradebate-vamos-completar-o-tanque-com-etanol-hoje\/#breadcrumb","itemListElement":[{"@type":"ListItem","position":1,"name":"In\u00edcio","item":"https:\/\/agenciainfra.com\/blog\/"},{"@type":"ListItem","position":2,"name":"iNFRADebate: Vamos completar o tanque com etanol hoje?"}]},{"@type":"WebSite","@id":"https:\/\/agenciainfra.com\/blog\/#website","url":"https:\/\/agenciainfra.com\/blog\/","name":"Ag\u00eancia iNFRA","description":"Multiplataforma de informa\u00e7\u00e3o jornal\u00edstica refer\u00eancia na \u00e1rea de infraestrutura no Brasil!","publisher":{"@id":"https:\/\/agenciainfra.com\/blog\/#organization"},"potentialAction":[{"@type":"SearchAction","target":{"@type":"EntryPoint","urlTemplate":"https:\/\/agenciainfra.com\/blog\/?s={search_term_string}"},"query-input":{"@type":"PropertyValueSpecification","valueRequired":true,"valueName":"search_term_string"}}],"inLanguage":"pt-BR"},{"@type":"Organization","@id":"https:\/\/agenciainfra.com\/blog\/#organization","name":"Ag\u00eancia iNFRA","url":"https:\/\/agenciainfra.com\/blog\/","logo":{"@type":"ImageObject","inLanguage":"pt-BR","@id":"https:\/\/agenciainfra.com\/blog\/#\/schema\/logo\/image\/","url":"https:\/\/agenciainfra.com\/blog\/wp-content\/uploads\/2023\/09\/iNFRA_5-e1761735885940.png","contentUrl":"https:\/\/agenciainfra.com\/blog\/wp-content\/uploads\/2023\/09\/iNFRA_5-e1761735885940.png","width":1672,"height":454,"caption":"Ag\u00eancia iNFRA"},"image":{"@id":"https:\/\/agenciainfra.com\/blog\/#\/schema\/logo\/image\/"},"sameAs":["https:\/\/www.facebook.com\/ageninfra","https:\/\/x.com\/agencia_infra","https:\/\/www.linkedin.com\/company\/ag\u00eanciainfra\/","https:\/\/www.instagram.com\/agenciainfra\/"]},{"@type":"Person","@id":"https:\/\/agenciainfra.com\/blog\/#\/schema\/person\/34af08dff6adea4cb22b06612ba7acfa","name":"Ag\u00eancia iNFRA","image":{"@type":"ImageObject","inLanguage":"pt-BR","@id":"https:\/\/agenciainfra.com\/blog\/#\/schema\/person\/image\/","url":"https:\/\/secure.gravatar.com\/avatar\/d189e01678f06d8eb84d4e01f08eb848b3fffe3f8443818d3c356c66892f5be8?s=96&d=mm&r=g","contentUrl":"https:\/\/secure.gravatar.com\/avatar\/d189e01678f06d8eb84d4e01f08eb848b3fffe3f8443818d3c356c66892f5be8?s=96&d=mm&r=g","caption":"Ag\u00eancia iNFRA"},"url":"https:\/\/agenciainfra.com\/blog\/author\/admin\/"}]}},"_links":{"self":[{"href":"https:\/\/agenciainfra.com\/blog\/wp-json\/wp\/v2\/posts\/14374","targetHints":{"allow":["GET"]}}],"collection":[{"href":"https:\/\/agenciainfra.com\/blog\/wp-json\/wp\/v2\/posts"}],"about":[{"href":"https:\/\/agenciainfra.com\/blog\/wp-json\/wp\/v2\/types\/post"}],"author":[{"embeddable":true,"href":"https:\/\/agenciainfra.com\/blog\/wp-json\/wp\/v2\/users\/1"}],"replies":[{"embeddable":true,"href":"https:\/\/agenciainfra.com\/blog\/wp-json\/wp\/v2\/comments?post=14374"}],"version-history":[{"count":0,"href":"https:\/\/agenciainfra.com\/blog\/wp-json\/wp\/v2\/posts\/14374\/revisions"}],"wp:featuredmedia":[{"embeddable":true,"href":"https:\/\/agenciainfra.com\/blog\/wp-json\/wp\/v2\/media\/14376"}],"wp:attachment":[{"href":"https:\/\/agenciainfra.com\/blog\/wp-json\/wp\/v2\/media?parent=14374"}],"wp:term":[{"taxonomy":"category","embeddable":true,"href":"https:\/\/agenciainfra.com\/blog\/wp-json\/wp\/v2\/categories?post=14374"},{"taxonomy":"post_tag","embeddable":true,"href":"https:\/\/agenciainfra.com\/blog\/wp-json\/wp\/v2\/tags?post=14374"}],"curies":[{"name":"wp","href":"https:\/\/api.w.org\/{rel}","templated":true}]}}