{"id":14400,"date":"2023-10-18T10:00:00","date_gmt":"2023-10-18T13:00:00","guid":{"rendered":"https:\/\/www.agenciainfra.com\/blog\/?p=14400"},"modified":"2026-03-13T09:45:31","modified_gmt":"2026-03-13T12:45:31","slug":"planos-setoriais-do-pnl-2035-serao-concluidos-neste-ano-diz-diretor-da-infra-s-a","status":"publish","type":"post","link":"https:\/\/agenciainfra.com\/blog\/planos-setoriais-do-pnl-2035-serao-concluidos-neste-ano-diz-diretor-da-infra-s-a\/","title":{"rendered":"Planos setoriais do PNL 2035 ser\u00e3o conclu\u00eddos neste ano, diz diretor da Infra S\/A"},"content":{"rendered":"\n<p class=\"has-text-align-right\"><strong>Dimmi Amora,&nbsp;da&nbsp;Ag\u00eancia&nbsp;iNFRA<\/strong><\/p>\n\n\n\n<p>Os&nbsp;planos&nbsp;setoriais&nbsp;de transportes, decorrentes&nbsp;do&nbsp;PNL&nbsp;(Plano Nacional de Log\u00edstica)&nbsp;2035,&nbsp;ser\u00e3o&nbsp;conclu\u00eddos&nbsp;e apresentados ainda&nbsp;neste&nbsp;ano. \u00c9 o que garante o&nbsp;diretor-presidente&nbsp;da&nbsp;Infra&nbsp;S.A, Jorge Bastos, que prepara a finaliza\u00e7\u00e3o&nbsp;do&nbsp;projeto para o in\u00edcio&nbsp;do&nbsp;novo ciclo de planejamento de transportes&nbsp;do&nbsp;pa\u00eds. A informa\u00e7\u00e3o foi dada na cerim\u00f4nia de anivers\u00e1rio de um&nbsp;ano&nbsp;da&nbsp;empresa estatal, realizada&nbsp;neste&nbsp;m\u00eas, em Bras\u00edlia (DF), com a presen\u00e7a&nbsp;do&nbsp;ministro dos Transportes, Renan Filho.<br><br>Os&nbsp;planos&nbsp;setoriais&nbsp;para portos, ferrovias e rodovias s\u00e3o decorr\u00eancia&nbsp;do&nbsp;PNL&nbsp;2035, que foi apresentado pelo governo anterior em 2021. A proposta era que o&nbsp;PNL&nbsp;apresentasse um cen\u00e1rio mais macro sobre o desenvolvimento&nbsp;do&nbsp;pa\u00eds e os&nbsp;planos&nbsp;setoriais&nbsp;indicassem mais taticamente onde fazer investimentos em cada uma das \u00e1reas.<br><br>Uma portaria&nbsp;do&nbsp;antigo Minist\u00e9rio&nbsp;da&nbsp;Infraestrutura (123\/2021) que criou um cronograma para as a\u00e7\u00f5es&nbsp;do&nbsp;PNL, indicou que esses&nbsp;planos&nbsp;deveriam ser apresentados at\u00e9 o fim&nbsp;do&nbsp;ano&nbsp;passado para que a escolha dos investimentos que fossem feitos com recursos&nbsp;do&nbsp;or\u00e7amento j\u00e1 estivesse no PPA (Plano Plurianual) 2024-2027. No entanto, isso n\u00e3o ocorreu.<br><br>Em recente apresenta\u00e7\u00e3o de uma auditoria operacional sobre o planejamento&nbsp;do&nbsp;setor, os t\u00e9cnicos&nbsp;do&nbsp;TCU (Tribunal de Contas&nbsp;da&nbsp;Uni\u00e3o)&nbsp;<a href=\"https:\/\/agenciainfra.us14.list-manage.com\/track\/click?u=d460dd1bcf9ba0ae040e1fc0f&amp;id=8d5f3d6ddc&amp;e=f0fa444791\" target=\"_blank\" rel=\"noreferrer noopener\">apontaram para diversas inconsist\u00eancias<\/a>&nbsp;no projeto. Entre os problemas apontados na auditoria est\u00e3o projetos escolhidos para o Novo PAC sem crit\u00e9rio e justificativa, parte deles de baixo retorno social; PPA (Plano Plurianual) dos pr\u00f3ximos quatro anos feito sem avalia\u00e7\u00e3o adequada; mudan\u00e7as nos crit\u00e9rios de escolhas de projetos priorit\u00e1rios sem transpar\u00eancia; falta de integra\u00e7\u00e3o entre diferentes minist\u00e9rios para planejar o setor de transportes.<br><br>Mas, segundo o&nbsp;diretor&nbsp;de&nbsp;Planejamento&nbsp;da&nbsp;Infra&nbsp;S.A, Cristiano Della Giustina,&nbsp;os apontamentos&nbsp;da&nbsp;auditoria&nbsp;est\u00e3o sendo corrigidas para o novo ciclo de planejamento, o&nbsp;PNL&nbsp;2055, que a&nbsp;Infra&nbsp;S.A. est\u00e1 planejando lan\u00e7ar. Isso, no entanto&nbsp;s\u00f3 ocorrer\u00e1 ap\u00f3s o lan\u00e7amento dos&nbsp;planos&nbsp;setoriais&nbsp;anteriores.<br><br>&#8220;Vamos fechar todo o ciclo&nbsp;do&nbsp;PNL&nbsp;2035&nbsp;para iniciar o seguinte&#8221;, disse o&nbsp;diretor.<br><br><strong>PAN separado<\/strong><br>Segundo ele, o PAN (Plano Aerovi\u00e1rio Nacional) continuar\u00e1 sendo tocado separadamente, como vem sendo feito. Mas a parte portu\u00e1ria e hidrovi\u00e1ria seguir\u00e1 dentro&nbsp;do&nbsp;PNL, e para isso est\u00e1 sendo produzido um decreto que vai regulamentar a forma como os dois minist\u00e9rios&nbsp;do&nbsp;setor (Transportes&nbsp;e Portos e Aeroportos) trabalhar\u00e3o conjuntamente.<br><br>Para o&nbsp;diretor, ser\u00e1 importante o fechamento&nbsp;do&nbsp;ciclo completo&nbsp;do&nbsp;PNL&nbsp;2035&nbsp;para que seja poss\u00edvel ampliar a participa\u00e7\u00e3o social no novo ciclo, algo que ele v\u00ea como fundamental e que est\u00e1 sendo preparado pela empresa para que os mais diferentes setores&nbsp;da&nbsp;sociedade possam participar&nbsp;do&nbsp;planejamento&nbsp;do&nbsp;setor.<br><br>&#8220;O&nbsp;PNL&nbsp;2035&nbsp;foi um grande avan\u00e7o em rela\u00e7\u00e3o ao&nbsp;PNL&nbsp;2025. Vamos aprimorar ainda mais agora, buscando aprofundar as consultas \u00e0 sociedade para que o&nbsp;PNL&nbsp;2055 seja o grande instrumento de pol\u00edtica p\u00fablica&nbsp;do&nbsp;pa\u00eds&#8221;, disse o&nbsp;diretor.<\/p>\n","protected":false},"excerpt":{"rendered":"<p>Dimmi Amora,&nbsp;da&nbsp;Ag\u00eancia&nbsp;iNFRA Os&nbsp;planos&nbsp;setoriais&nbsp;de transportes, decorrentes&nbsp;do&nbsp;PNL&nbsp;(Plano Nacional de Log\u00edstica)&nbsp;2035,&nbsp;ser\u00e3o&nbsp;conclu\u00eddos&nbsp;e apresentados ainda&nbsp;neste&nbsp;ano. \u00c9 o que garante o&nbsp;diretor-presidente&nbsp;da&nbsp;Infra&nbsp;S.A, Jorge Bastos, que prepara a finaliza\u00e7\u00e3o&nbsp;do&nbsp;projeto para o in\u00edcio&nbsp;do&nbsp;novo ciclo de planejamento de transportes&nbsp;do&nbsp;pa\u00eds. A informa\u00e7\u00e3o foi dada na cerim\u00f4nia de anivers\u00e1rio de um&nbsp;ano&nbsp;da&nbsp;empresa estatal, realizada&nbsp;neste&nbsp;m\u00eas, em Bras\u00edlia (DF), com a presen\u00e7a&nbsp;do&nbsp;ministro dos Transportes, Renan Filho. Os&nbsp;planos&nbsp;setoriais&nbsp;para portos, ferrovias e [&hellip;]<\/p>\n","protected":false},"author":1,"featured_media":14401,"comment_status":"closed","ping_status":"closed","sticky":false,"template":"","format":"standard","meta":{"_monsterinsights_skip_tracking":false,"_monsterinsights_sitenote_active":false,"_monsterinsights_sitenote_note":"","_monsterinsights_sitenote_category":0,"footnotes":""},"categories":[7250,1,7],"tags":[7595,1299,2344,791,6257,16,5992,7303,3912,7596,6248,18],"class_list":["post-14400","post","type-post","status-publish","format-standard","has-post-thumbnail","hentry","category-destaque-lista","category-geral","category-infratransporte","tag-cristiano-della-giustina","tag-dimmi-amora","tag-infra-s-a","tag-jorge-bastos","tag-ministerio-de-portos-e-aeroportos","tag-ministerio-dos-transportes","tag-novo-pac","tag-pan","tag-pnl-2035","tag-ppa","tag-renan-filho","tag-tcu"],"yoast_head":"<!-- This site is optimized with the Yoast SEO Premium plugin v25.4 (Yoast SEO v26.0) - https:\/\/yoast.com\/wordpress\/plugins\/seo\/ -->\n<title>Planos setoriais do PNL 2035 ser\u00e3o conclu\u00eddos neste ano, diz diretor da Infra S\/A - Ag\u00eancia iNFRA<\/title>\n<meta name=\"robots\" content=\"index, follow, max-snippet:-1, max-image-preview:large, max-video-preview:-1\" \/>\n<link rel=\"canonical\" href=\"https:\/\/agenciainfra.com\/blog\/planos-setoriais-do-pnl-2035-serao-concluidos-neste-ano-diz-diretor-da-infra-s-a\/\" \/>\n<meta property=\"og:locale\" content=\"pt_BR\" \/>\n<meta property=\"og:type\" content=\"article\" \/>\n<meta property=\"og:title\" content=\"Planos setoriais do PNL 2035 ser\u00e3o conclu\u00eddos neste ano, diz diretor da Infra S\/A\" \/>\n<meta property=\"og:description\" content=\"Dimmi Amora,&nbsp;da&nbsp;Ag\u00eancia&nbsp;iNFRA Os&nbsp;planos&nbsp;setoriais&nbsp;de transportes, decorrentes&nbsp;do&nbsp;PNL&nbsp;(Plano Nacional de Log\u00edstica)&nbsp;2035,&nbsp;ser\u00e3o&nbsp;conclu\u00eddos&nbsp;e apresentados ainda&nbsp;neste&nbsp;ano. \u00c9 o que garante o&nbsp;diretor-presidente&nbsp;da&nbsp;Infra&nbsp;S.A, Jorge Bastos, que prepara a finaliza\u00e7\u00e3o&nbsp;do&nbsp;projeto para o in\u00edcio&nbsp;do&nbsp;novo ciclo de planejamento de transportes&nbsp;do&nbsp;pa\u00eds. A informa\u00e7\u00e3o foi dada na cerim\u00f4nia de anivers\u00e1rio de um&nbsp;ano&nbsp;da&nbsp;empresa estatal, realizada&nbsp;neste&nbsp;m\u00eas, em Bras\u00edlia (DF), com a presen\u00e7a&nbsp;do&nbsp;ministro dos Transportes, Renan Filho. Os&nbsp;planos&nbsp;setoriais&nbsp;para portos, ferrovias e [&hellip;]\" \/>\n<meta property=\"og:url\" content=\"https:\/\/agenciainfra.com\/blog\/planos-setoriais-do-pnl-2035-serao-concluidos-neste-ano-diz-diretor-da-infra-s-a\/\" \/>\n<meta property=\"og:site_name\" content=\"Ag\u00eancia iNFRA\" \/>\n<meta property=\"article:publisher\" content=\"https:\/\/www.facebook.com\/ageninfra\" \/>\n<meta property=\"article:published_time\" content=\"2023-10-18T13:00:00+00:00\" \/>\n<meta property=\"article:modified_time\" content=\"2026-03-13T12:45:31+00:00\" \/>\n<meta property=\"og:image\" content=\"https:\/\/agenciainfra.com\/blog\/wp-content\/uploads\/2023\/10\/jorge-bastos-foto-infra-sa.jpg\" \/>\n\t<meta property=\"og:image:width\" content=\"1202\" \/>\n\t<meta property=\"og:image:height\" content=\"801\" \/>\n\t<meta property=\"og:image:type\" content=\"image\/jpeg\" \/>\n<meta name=\"author\" content=\"Ag\u00eancia iNFRA\" \/>\n<meta name=\"twitter:card\" content=\"summary_large_image\" \/>\n<meta name=\"twitter:creator\" content=\"@agencia_infra\" \/>\n<meta name=\"twitter:site\" content=\"@agencia_infra\" \/>\n<meta name=\"twitter:label1\" content=\"Escrito por\" \/>\n\t<meta name=\"twitter:data1\" content=\"Ag\u00eancia iNFRA\" \/>\n\t<meta name=\"twitter:label2\" content=\"Est. tempo de leitura\" \/>\n\t<meta name=\"twitter:data2\" content=\"3 minutos\" \/>\n<script type=\"application\/ld+json\" class=\"yoast-schema-graph\">{\"@context\":\"https:\/\/schema.org\",\"@graph\":[{\"@type\":\"Article\",\"@id\":\"https:\/\/agenciainfra.com\/blog\/planos-setoriais-do-pnl-2035-serao-concluidos-neste-ano-diz-diretor-da-infra-s-a\/#article\",\"isPartOf\":{\"@id\":\"https:\/\/agenciainfra.com\/blog\/planos-setoriais-do-pnl-2035-serao-concluidos-neste-ano-diz-diretor-da-infra-s-a\/\"},\"author\":{\"name\":\"Ag\u00eancia iNFRA\",\"@id\":\"https:\/\/agenciainfra.com\/blog\/#\/schema\/person\/34af08dff6adea4cb22b06612ba7acfa\"},\"headline\":\"Planos setoriais do PNL 2035 ser\u00e3o conclu\u00eddos neste ano, diz diretor da Infra S\/A\",\"datePublished\":\"2023-10-18T13:00:00+00:00\",\"dateModified\":\"2026-03-13T12:45:31+00:00\",\"mainEntityOfPage\":{\"@id\":\"https:\/\/agenciainfra.com\/blog\/planos-setoriais-do-pnl-2035-serao-concluidos-neste-ano-diz-diretor-da-infra-s-a\/\"},\"wordCount\":654,\"publisher\":{\"@id\":\"https:\/\/agenciainfra.com\/blog\/#organization\"},\"image\":{\"@id\":\"https:\/\/agenciainfra.com\/blog\/planos-setoriais-do-pnl-2035-serao-concluidos-neste-ano-diz-diretor-da-infra-s-a\/#primaryimage\"},\"thumbnailUrl\":\"https:\/\/agenciainfra.com\/blog\/wp-content\/uploads\/2023\/10\/jorge-bastos-foto-infra-sa.jpg\",\"keywords\":[\"Cristiano Della Giustina\",\"Dimmi Amora\",\"Infra S.A.\",\"Jorge Bastos\",\"Minist\u00e9rio de Portos e Aeroportos\",\"minist\u00e9rio dos transportes\",\"Novo PAC\",\"PAN\",\"PNL 2035\",\"PPA\",\"Renan Filho\",\"TCU\"],\"articleSection\":[\"Destaque lista\",\"Geral\",\"iNFRATransporte\"],\"inLanguage\":\"pt-BR\",\"copyrightYear\":\"2023\",\"copyrightHolder\":{\"@id\":\"https:\/\/agenciainfra.com\/blog\/#organization\"}},{\"@type\":\"WebPage\",\"@id\":\"https:\/\/agenciainfra.com\/blog\/planos-setoriais-do-pnl-2035-serao-concluidos-neste-ano-diz-diretor-da-infra-s-a\/\",\"url\":\"https:\/\/agenciainfra.com\/blog\/planos-setoriais-do-pnl-2035-serao-concluidos-neste-ano-diz-diretor-da-infra-s-a\/\",\"name\":\"Planos setoriais do PNL 2035 ser\u00e3o conclu\u00eddos neste ano, diz diretor da Infra S\/A - Ag\u00eancia iNFRA\",\"isPartOf\":{\"@id\":\"https:\/\/agenciainfra.com\/blog\/#website\"},\"primaryImageOfPage\":{\"@id\":\"https:\/\/agenciainfra.com\/blog\/planos-setoriais-do-pnl-2035-serao-concluidos-neste-ano-diz-diretor-da-infra-s-a\/#primaryimage\"},\"image\":{\"@id\":\"https:\/\/agenciainfra.com\/blog\/planos-setoriais-do-pnl-2035-serao-concluidos-neste-ano-diz-diretor-da-infra-s-a\/#primaryimage\"},\"thumbnailUrl\":\"https:\/\/agenciainfra.com\/blog\/wp-content\/uploads\/2023\/10\/jorge-bastos-foto-infra-sa.jpg\",\"datePublished\":\"2023-10-18T13:00:00+00:00\",\"dateModified\":\"2026-03-13T12:45:31+00:00\",\"breadcrumb\":{\"@id\":\"https:\/\/agenciainfra.com\/blog\/planos-setoriais-do-pnl-2035-serao-concluidos-neste-ano-diz-diretor-da-infra-s-a\/#breadcrumb\"},\"inLanguage\":\"pt-BR\",\"potentialAction\":[{\"@type\":\"ReadAction\",\"target\":[\"https:\/\/agenciainfra.com\/blog\/planos-setoriais-do-pnl-2035-serao-concluidos-neste-ano-diz-diretor-da-infra-s-a\/\"]}]},{\"@type\":\"ImageObject\",\"inLanguage\":\"pt-BR\",\"@id\":\"https:\/\/agenciainfra.com\/blog\/planos-setoriais-do-pnl-2035-serao-concluidos-neste-ano-diz-diretor-da-infra-s-a\/#primaryimage\",\"url\":\"https:\/\/agenciainfra.com\/blog\/wp-content\/uploads\/2023\/10\/jorge-bastos-foto-infra-sa.jpg\",\"contentUrl\":\"https:\/\/agenciainfra.com\/blog\/wp-content\/uploads\/2023\/10\/jorge-bastos-foto-infra-sa.jpg\",\"width\":1202,\"height\":801},{\"@type\":\"BreadcrumbList\",\"@id\":\"https:\/\/agenciainfra.com\/blog\/planos-setoriais-do-pnl-2035-serao-concluidos-neste-ano-diz-diretor-da-infra-s-a\/#breadcrumb\",\"itemListElement\":[{\"@type\":\"ListItem\",\"position\":1,\"name\":\"In\u00edcio\",\"item\":\"https:\/\/agenciainfra.com\/blog\/\"},{\"@type\":\"ListItem\",\"position\":2,\"name\":\"Planos setoriais do PNL 2035 ser\u00e3o conclu\u00eddos neste ano, diz diretor da Infra S\/A\"}]},{\"@type\":\"WebSite\",\"@id\":\"https:\/\/agenciainfra.com\/blog\/#website\",\"url\":\"https:\/\/agenciainfra.com\/blog\/\",\"name\":\"Ag\u00eancia iNFRA\",\"description\":\"Multiplataforma de informa\u00e7\u00e3o jornal\u00edstica refer\u00eancia na \u00e1rea de infraestrutura no Brasil!\",\"publisher\":{\"@id\":\"https:\/\/agenciainfra.com\/blog\/#organization\"},\"potentialAction\":[{\"@type\":\"SearchAction\",\"target\":{\"@type\":\"EntryPoint\",\"urlTemplate\":\"https:\/\/agenciainfra.com\/blog\/?s={search_term_string}\"},\"query-input\":{\"@type\":\"PropertyValueSpecification\",\"valueRequired\":true,\"valueName\":\"search_term_string\"}}],\"inLanguage\":\"pt-BR\"},{\"@type\":\"Organization\",\"@id\":\"https:\/\/agenciainfra.com\/blog\/#organization\",\"name\":\"Ag\u00eancia iNFRA\",\"url\":\"https:\/\/agenciainfra.com\/blog\/\",\"logo\":{\"@type\":\"ImageObject\",\"inLanguage\":\"pt-BR\",\"@id\":\"https:\/\/agenciainfra.com\/blog\/#\/schema\/logo\/image\/\",\"url\":\"https:\/\/agenciainfra.com\/blog\/wp-content\/uploads\/2023\/09\/iNFRA_5-e1761735885940.png\",\"contentUrl\":\"https:\/\/agenciainfra.com\/blog\/wp-content\/uploads\/2023\/09\/iNFRA_5-e1761735885940.png\",\"width\":1672,\"height\":454,\"caption\":\"Ag\u00eancia iNFRA\"},\"image\":{\"@id\":\"https:\/\/agenciainfra.com\/blog\/#\/schema\/logo\/image\/\"},\"sameAs\":[\"https:\/\/www.facebook.com\/ageninfra\",\"https:\/\/x.com\/agencia_infra\",\"https:\/\/www.linkedin.com\/company\/ag\u00eanciainfra\/\",\"https:\/\/www.instagram.com\/agenciainfra\/\"]},{\"@type\":\"Person\",\"@id\":\"https:\/\/agenciainfra.com\/blog\/#\/schema\/person\/34af08dff6adea4cb22b06612ba7acfa\",\"name\":\"Ag\u00eancia iNFRA\",\"image\":{\"@type\":\"ImageObject\",\"inLanguage\":\"pt-BR\",\"@id\":\"https:\/\/agenciainfra.com\/blog\/#\/schema\/person\/image\/\",\"url\":\"https:\/\/secure.gravatar.com\/avatar\/d189e01678f06d8eb84d4e01f08eb848b3fffe3f8443818d3c356c66892f5be8?s=96&d=mm&r=g\",\"contentUrl\":\"https:\/\/secure.gravatar.com\/avatar\/d189e01678f06d8eb84d4e01f08eb848b3fffe3f8443818d3c356c66892f5be8?s=96&d=mm&r=g\",\"caption\":\"Ag\u00eancia iNFRA\"},\"url\":\"https:\/\/agenciainfra.com\/blog\/author\/admin\/\"}]}<\/script>\n<!-- \/ Yoast SEO Premium plugin. -->","yoast_head_json":{"title":"Planos setoriais do PNL 2035 ser\u00e3o conclu\u00eddos neste ano, diz diretor da Infra S\/A - Ag\u00eancia iNFRA","robots":{"index":"index","follow":"follow","max-snippet":"max-snippet:-1","max-image-preview":"max-image-preview:large","max-video-preview":"max-video-preview:-1"},"canonical":"https:\/\/agenciainfra.com\/blog\/planos-setoriais-do-pnl-2035-serao-concluidos-neste-ano-diz-diretor-da-infra-s-a\/","og_locale":"pt_BR","og_type":"article","og_title":"Planos setoriais do PNL 2035 ser\u00e3o conclu\u00eddos neste ano, diz diretor da Infra S\/A","og_description":"Dimmi Amora,&nbsp;da&nbsp;Ag\u00eancia&nbsp;iNFRA Os&nbsp;planos&nbsp;setoriais&nbsp;de transportes, decorrentes&nbsp;do&nbsp;PNL&nbsp;(Plano Nacional de Log\u00edstica)&nbsp;2035,&nbsp;ser\u00e3o&nbsp;conclu\u00eddos&nbsp;e apresentados ainda&nbsp;neste&nbsp;ano. \u00c9 o que garante o&nbsp;diretor-presidente&nbsp;da&nbsp;Infra&nbsp;S.A, Jorge Bastos, que prepara a finaliza\u00e7\u00e3o&nbsp;do&nbsp;projeto para o in\u00edcio&nbsp;do&nbsp;novo ciclo de planejamento de transportes&nbsp;do&nbsp;pa\u00eds. A informa\u00e7\u00e3o foi dada na cerim\u00f4nia de anivers\u00e1rio de um&nbsp;ano&nbsp;da&nbsp;empresa estatal, realizada&nbsp;neste&nbsp;m\u00eas, em Bras\u00edlia (DF), com a presen\u00e7a&nbsp;do&nbsp;ministro dos Transportes, Renan Filho. Os&nbsp;planos&nbsp;setoriais&nbsp;para portos, ferrovias e [&hellip;]","og_url":"https:\/\/agenciainfra.com\/blog\/planos-setoriais-do-pnl-2035-serao-concluidos-neste-ano-diz-diretor-da-infra-s-a\/","og_site_name":"Ag\u00eancia iNFRA","article_publisher":"https:\/\/www.facebook.com\/ageninfra","article_published_time":"2023-10-18T13:00:00+00:00","article_modified_time":"2026-03-13T12:45:31+00:00","og_image":[{"width":1202,"height":801,"url":"https:\/\/agenciainfra.com\/blog\/wp-content\/uploads\/2023\/10\/jorge-bastos-foto-infra-sa.jpg","type":"image\/jpeg"}],"author":"Ag\u00eancia iNFRA","twitter_card":"summary_large_image","twitter_creator":"@agencia_infra","twitter_site":"@agencia_infra","twitter_misc":{"Escrito por":"Ag\u00eancia iNFRA","Est. tempo de leitura":"3 minutos"},"schema":{"@context":"https:\/\/schema.org","@graph":[{"@type":"Article","@id":"https:\/\/agenciainfra.com\/blog\/planos-setoriais-do-pnl-2035-serao-concluidos-neste-ano-diz-diretor-da-infra-s-a\/#article","isPartOf":{"@id":"https:\/\/agenciainfra.com\/blog\/planos-setoriais-do-pnl-2035-serao-concluidos-neste-ano-diz-diretor-da-infra-s-a\/"},"author":{"name":"Ag\u00eancia iNFRA","@id":"https:\/\/agenciainfra.com\/blog\/#\/schema\/person\/34af08dff6adea4cb22b06612ba7acfa"},"headline":"Planos setoriais do PNL 2035 ser\u00e3o conclu\u00eddos neste ano, diz diretor da Infra S\/A","datePublished":"2023-10-18T13:00:00+00:00","dateModified":"2026-03-13T12:45:31+00:00","mainEntityOfPage":{"@id":"https:\/\/agenciainfra.com\/blog\/planos-setoriais-do-pnl-2035-serao-concluidos-neste-ano-diz-diretor-da-infra-s-a\/"},"wordCount":654,"publisher":{"@id":"https:\/\/agenciainfra.com\/blog\/#organization"},"image":{"@id":"https:\/\/agenciainfra.com\/blog\/planos-setoriais-do-pnl-2035-serao-concluidos-neste-ano-diz-diretor-da-infra-s-a\/#primaryimage"},"thumbnailUrl":"https:\/\/agenciainfra.com\/blog\/wp-content\/uploads\/2023\/10\/jorge-bastos-foto-infra-sa.jpg","keywords":["Cristiano Della Giustina","Dimmi Amora","Infra S.A.","Jorge Bastos","Minist\u00e9rio de Portos e Aeroportos","minist\u00e9rio dos transportes","Novo PAC","PAN","PNL 2035","PPA","Renan Filho","TCU"],"articleSection":["Destaque lista","Geral","iNFRATransporte"],"inLanguage":"pt-BR","copyrightYear":"2023","copyrightHolder":{"@id":"https:\/\/agenciainfra.com\/blog\/#organization"}},{"@type":"WebPage","@id":"https:\/\/agenciainfra.com\/blog\/planos-setoriais-do-pnl-2035-serao-concluidos-neste-ano-diz-diretor-da-infra-s-a\/","url":"https:\/\/agenciainfra.com\/blog\/planos-setoriais-do-pnl-2035-serao-concluidos-neste-ano-diz-diretor-da-infra-s-a\/","name":"Planos setoriais do PNL 2035 ser\u00e3o conclu\u00eddos neste ano, diz diretor da Infra S\/A - Ag\u00eancia iNFRA","isPartOf":{"@id":"https:\/\/agenciainfra.com\/blog\/#website"},"primaryImageOfPage":{"@id":"https:\/\/agenciainfra.com\/blog\/planos-setoriais-do-pnl-2035-serao-concluidos-neste-ano-diz-diretor-da-infra-s-a\/#primaryimage"},"image":{"@id":"https:\/\/agenciainfra.com\/blog\/planos-setoriais-do-pnl-2035-serao-concluidos-neste-ano-diz-diretor-da-infra-s-a\/#primaryimage"},"thumbnailUrl":"https:\/\/agenciainfra.com\/blog\/wp-content\/uploads\/2023\/10\/jorge-bastos-foto-infra-sa.jpg","datePublished":"2023-10-18T13:00:00+00:00","dateModified":"2026-03-13T12:45:31+00:00","breadcrumb":{"@id":"https:\/\/agenciainfra.com\/blog\/planos-setoriais-do-pnl-2035-serao-concluidos-neste-ano-diz-diretor-da-infra-s-a\/#breadcrumb"},"inLanguage":"pt-BR","potentialAction":[{"@type":"ReadAction","target":["https:\/\/agenciainfra.com\/blog\/planos-setoriais-do-pnl-2035-serao-concluidos-neste-ano-diz-diretor-da-infra-s-a\/"]}]},{"@type":"ImageObject","inLanguage":"pt-BR","@id":"https:\/\/agenciainfra.com\/blog\/planos-setoriais-do-pnl-2035-serao-concluidos-neste-ano-diz-diretor-da-infra-s-a\/#primaryimage","url":"https:\/\/agenciainfra.com\/blog\/wp-content\/uploads\/2023\/10\/jorge-bastos-foto-infra-sa.jpg","contentUrl":"https:\/\/agenciainfra.com\/blog\/wp-content\/uploads\/2023\/10\/jorge-bastos-foto-infra-sa.jpg","width":1202,"height":801},{"@type":"BreadcrumbList","@id":"https:\/\/agenciainfra.com\/blog\/planos-setoriais-do-pnl-2035-serao-concluidos-neste-ano-diz-diretor-da-infra-s-a\/#breadcrumb","itemListElement":[{"@type":"ListItem","position":1,"name":"In\u00edcio","item":"https:\/\/agenciainfra.com\/blog\/"},{"@type":"ListItem","position":2,"name":"Planos setoriais do PNL 2035 ser\u00e3o conclu\u00eddos neste ano, diz diretor da Infra S\/A"}]},{"@type":"WebSite","@id":"https:\/\/agenciainfra.com\/blog\/#website","url":"https:\/\/agenciainfra.com\/blog\/","name":"Ag\u00eancia iNFRA","description":"Multiplataforma de informa\u00e7\u00e3o jornal\u00edstica refer\u00eancia na \u00e1rea de infraestrutura no Brasil!","publisher":{"@id":"https:\/\/agenciainfra.com\/blog\/#organization"},"potentialAction":[{"@type":"SearchAction","target":{"@type":"EntryPoint","urlTemplate":"https:\/\/agenciainfra.com\/blog\/?s={search_term_string}"},"query-input":{"@type":"PropertyValueSpecification","valueRequired":true,"valueName":"search_term_string"}}],"inLanguage":"pt-BR"},{"@type":"Organization","@id":"https:\/\/agenciainfra.com\/blog\/#organization","name":"Ag\u00eancia iNFRA","url":"https:\/\/agenciainfra.com\/blog\/","logo":{"@type":"ImageObject","inLanguage":"pt-BR","@id":"https:\/\/agenciainfra.com\/blog\/#\/schema\/logo\/image\/","url":"https:\/\/agenciainfra.com\/blog\/wp-content\/uploads\/2023\/09\/iNFRA_5-e1761735885940.png","contentUrl":"https:\/\/agenciainfra.com\/blog\/wp-content\/uploads\/2023\/09\/iNFRA_5-e1761735885940.png","width":1672,"height":454,"caption":"Ag\u00eancia iNFRA"},"image":{"@id":"https:\/\/agenciainfra.com\/blog\/#\/schema\/logo\/image\/"},"sameAs":["https:\/\/www.facebook.com\/ageninfra","https:\/\/x.com\/agencia_infra","https:\/\/www.linkedin.com\/company\/ag\u00eanciainfra\/","https:\/\/www.instagram.com\/agenciainfra\/"]},{"@type":"Person","@id":"https:\/\/agenciainfra.com\/blog\/#\/schema\/person\/34af08dff6adea4cb22b06612ba7acfa","name":"Ag\u00eancia iNFRA","image":{"@type":"ImageObject","inLanguage":"pt-BR","@id":"https:\/\/agenciainfra.com\/blog\/#\/schema\/person\/image\/","url":"https:\/\/secure.gravatar.com\/avatar\/d189e01678f06d8eb84d4e01f08eb848b3fffe3f8443818d3c356c66892f5be8?s=96&d=mm&r=g","contentUrl":"https:\/\/secure.gravatar.com\/avatar\/d189e01678f06d8eb84d4e01f08eb848b3fffe3f8443818d3c356c66892f5be8?s=96&d=mm&r=g","caption":"Ag\u00eancia iNFRA"},"url":"https:\/\/agenciainfra.com\/blog\/author\/admin\/"}]}},"_links":{"self":[{"href":"https:\/\/agenciainfra.com\/blog\/wp-json\/wp\/v2\/posts\/14400","targetHints":{"allow":["GET"]}}],"collection":[{"href":"https:\/\/agenciainfra.com\/blog\/wp-json\/wp\/v2\/posts"}],"about":[{"href":"https:\/\/agenciainfra.com\/blog\/wp-json\/wp\/v2\/types\/post"}],"author":[{"embeddable":true,"href":"https:\/\/agenciainfra.com\/blog\/wp-json\/wp\/v2\/users\/1"}],"replies":[{"embeddable":true,"href":"https:\/\/agenciainfra.com\/blog\/wp-json\/wp\/v2\/comments?post=14400"}],"version-history":[{"count":1,"href":"https:\/\/agenciainfra.com\/blog\/wp-json\/wp\/v2\/posts\/14400\/revisions"}],"predecessor-version":[{"id":37795,"href":"https:\/\/agenciainfra.com\/blog\/wp-json\/wp\/v2\/posts\/14400\/revisions\/37795"}],"wp:featuredmedia":[{"embeddable":true,"href":"https:\/\/agenciainfra.com\/blog\/wp-json\/wp\/v2\/media\/14401"}],"wp:attachment":[{"href":"https:\/\/agenciainfra.com\/blog\/wp-json\/wp\/v2\/media?parent=14400"}],"wp:term":[{"taxonomy":"category","embeddable":true,"href":"https:\/\/agenciainfra.com\/blog\/wp-json\/wp\/v2\/categories?post=14400"},{"taxonomy":"post_tag","embeddable":true,"href":"https:\/\/agenciainfra.com\/blog\/wp-json\/wp\/v2\/tags?post=14400"}],"curies":[{"name":"wp","href":"https:\/\/api.w.org\/{rel}","templated":true}]}}