{"id":14431,"date":"2023-10-19T13:00:00","date_gmt":"2023-10-19T16:00:00","guid":{"rendered":"https:\/\/www.agenciainfra.com\/blog\/?p=14431"},"modified":"2026-03-13T09:45:29","modified_gmt":"2026-03-13T12:45:29","slug":"economia-digital-e-transicao-ecologica-vao-mudar-a-regulacao-diz-ministro-da-cgu","status":"publish","type":"post","link":"https:\/\/agenciainfra.com\/blog\/economia-digital-e-transicao-ecologica-vao-mudar-a-regulacao-diz-ministro-da-cgu\/","title":{"rendered":"Economia digital e transi\u00e7\u00e3o ecol\u00f3gica v\u00e3o mudar a regula\u00e7\u00e3o, diz ministro da CGU"},"content":{"rendered":"\n<p class=\"has-text-align-right\"><strong>Dimmi Amora,&nbsp;da&nbsp;Ag\u00eancia iNFRA<\/strong><\/p>\n\n\n\n<p>O&nbsp;ministro&nbsp;da&nbsp;CGU&nbsp;(Controladoria-Geral&nbsp;da&nbsp;Uni\u00e3o), Vinicius Carvalho, afirmou que os fen\u00f4menos&nbsp;da&nbsp;economia&nbsp;digital&nbsp;e&nbsp;da&nbsp;transi\u00e7\u00e3o&nbsp;ecol\u00f3gica&nbsp;v\u00e3o&nbsp;mudar&nbsp;a forma como \u00e9 feita a&nbsp;regula\u00e7\u00e3o&nbsp;e&nbsp;v\u00e3o&nbsp;gerar a necessidade de um aprendizado regulat\u00f3rio constante por parte dos reguladores.<br><br>&#8220;Esse neg\u00f3cio de regula&nbsp;e&nbsp;esquece acabou&#8221;, disse o&nbsp;ministro&nbsp;que fez a principal palestra na abertura do XIII Congresso Brasileiro de&nbsp;Regula\u00e7\u00e3o, promovido pela Abar (Associa\u00e7\u00e3o Brasileira de Ag\u00eancias Reguladoras), nesta quarta-feira (18), em S\u00e3o Paulo.<br><br>Vinicius avaliou que a agenda do setor ao longo das \u00faltimas tr\u00eas d\u00e9cadas para garantir autonomia, qualidade t\u00e9cnica&nbsp;e&nbsp;poder regulat\u00f3rio para as ag\u00eancias foi exitosa&nbsp;e&nbsp;est\u00e1 consolidada, mesmo com a necessidade de aprimoramentos.&nbsp;E&nbsp;que agora \u00e9 necess\u00e1rio pensar nesta nova etapa que ser\u00e1 impactada pela&nbsp;economia&nbsp;digital&nbsp;e&nbsp;a&nbsp;transi\u00e7\u00e3o&nbsp;ecol\u00f3gica.<br><br>No caso&nbsp;da&nbsp;economia&nbsp;digital, Vinicius avalia que a press\u00e3o se dar\u00e1 na forma como \u00e9 hoje regulada a concorr\u00eancia nos diversos setores econ\u00f4micos&nbsp;e&nbsp;que as ag\u00eancias ter\u00e3o que pensar sobre isso n\u00e3o apenas em rela\u00e7\u00e3o aos mercados existentes, mas tamb\u00e9m \u00e0 possibilidade de novos mercados que se viabilizam com esse tipo de conex\u00e3o.&nbsp;<br><br>Ele defendeu que a concorr\u00eancia \u00e9 boa para o consumidor&nbsp;e&nbsp;a sociedade,&nbsp;e&nbsp;que os reguladores devem estar preparados para essa amplia\u00e7\u00e3o de possibilidades. J\u00e1 em rela\u00e7\u00e3o \u00e0&nbsp;transi\u00e7\u00e3o&nbsp;ecol\u00f3gica, os desafios mundiais para cumprir as metas de descarboniza\u00e7\u00e3o tamb\u00e9m trar\u00e3o, na avalia\u00e7\u00e3o dele, novas necessidades regulat\u00f3rias que ter\u00e3o que ser atendidas.<br><br>Na vis\u00e3o do&nbsp;ministro, as fronteiras entre&nbsp;regula\u00e7\u00e3o, concorr\u00eancia&nbsp;e&nbsp;pol\u00edtica industrial ficar\u00e3o cada vez mais dif\u00edceis de identificar no futuro, o que vai demandar maior aten\u00e7\u00e3o por parte dos reguladores. O&nbsp;ministro&nbsp;afirmou ainda que as mudan\u00e7as&nbsp;v\u00e3o&nbsp;demandar dos reguladores mais contatos com a sociedade&nbsp;e&nbsp;que isso levar\u00e1 a uma maior necessidade de pol\u00edticas de integridade, nas quais a&nbsp;CGU&nbsp;poder\u00e1 colaborar.<br><br><strong>Confian\u00e7a<\/strong><br>Representando o governador de S\u00e3o Paulo, Tarc\u00edsio de Freitas, o secret\u00e1rio de Parcerias em Investimentos do governo do estado, Rafael Benini, afirmou que o estado tem um programa de R$ 200 bilh\u00f5es em investimentos privados para o setor de infraestrutura&nbsp;e&nbsp;que isso s\u00f3 \u00e9 poss\u00edvel gra\u00e7as \u00e0 confian\u00e7a que o mercado deposita nos mecanismos de&nbsp;regula\u00e7\u00e3o&nbsp;e&nbsp;fiscaliza\u00e7\u00e3o promovidos pelas ag\u00eancias reguladoras.&nbsp;<br><br>O presidente&nbsp;da&nbsp;Abar, Vinicius Benevides, afirmou que atualmente as 72 ag\u00eancias que estar\u00e3o associadas at\u00e9 o fim do ano \u00e0 associa\u00e7\u00e3o representam 40% do PIB do pa\u00eds. Ele lembrou que ainda \u00e9 necess\u00e1rio ter aten\u00e7\u00e3o \u00e0s amea\u00e7as ao sistema regulat\u00f3rio, citando 158 PDLs (Projetos de Decreto Legislativo) que j\u00e1 foram apresentados no Congresso para&nbsp;mudar&nbsp;decis\u00f5es de ag\u00eancias (apenas um foi aprovado, em 2017,&nbsp;e&nbsp;posteriormente tornado inconstitucional pelo Supremo Tribunal Federal).<br><br>O rep\u00f3rter viajou a convite&nbsp;da&nbsp;Abar.<\/p>\n","protected":false},"excerpt":{"rendered":"<p>Dimmi Amora,&nbsp;da&nbsp;Ag\u00eancia iNFRA O&nbsp;ministro&nbsp;da&nbsp;CGU&nbsp;(Controladoria-Geral&nbsp;da&nbsp;Uni\u00e3o), Vinicius Carvalho, afirmou que os fen\u00f4menos&nbsp;da&nbsp;economia&nbsp;digital&nbsp;e&nbsp;da&nbsp;transi\u00e7\u00e3o&nbsp;ecol\u00f3gica&nbsp;v\u00e3o&nbsp;mudar&nbsp;a forma como \u00e9 feita a&nbsp;regula\u00e7\u00e3o&nbsp;e&nbsp;v\u00e3o&nbsp;gerar a necessidade de um aprendizado regulat\u00f3rio constante por parte dos reguladores. &#8220;Esse neg\u00f3cio de regula&nbsp;e&nbsp;esquece acabou&#8221;, disse o&nbsp;ministro&nbsp;que fez a principal palestra na abertura do XIII Congresso Brasileiro de&nbsp;Regula\u00e7\u00e3o, promovido pela Abar (Associa\u00e7\u00e3o Brasileira de Ag\u00eancias Reguladoras), nesta quarta-feira (18), [&hellip;]<\/p>\n","protected":false},"author":1,"featured_media":14432,"comment_status":"closed","ping_status":"closed","sticky":false,"template":"","format":"standard","meta":{"_monsterinsights_skip_tracking":false,"_monsterinsights_sitenote_active":false,"_monsterinsights_sitenote_note":"","_monsterinsights_sitenote_category":0,"footnotes":""},"categories":[7250,1,7],"tags":[1202,46,1176,7613,3361,1299,5327,1494,7559,7614,1534],"class_list":["post-14431","post","type-post","status-publish","format-standard","has-post-thumbnail","hentry","category-destaque-lista","category-geral","category-infratransporte","tag-abar","tag-agencias-reguladoras","tag-cgu","tag-congresso-brasileiro-de-regulacao","tag-descarbonizacao","tag-dimmi-amora","tag-economia-digital","tag-rafael-benini","tag-transicao-ecologica","tag-vinicius-benevides","tag-vinicius-carvalho"],"yoast_head":"<!-- This site is optimized with the Yoast SEO Premium plugin v25.4 (Yoast SEO v26.0) - https:\/\/yoast.com\/wordpress\/plugins\/seo\/ -->\n<title>Economia digital e transi\u00e7\u00e3o ecol\u00f3gica v\u00e3o mudar a regula\u00e7\u00e3o, diz ministro da CGU - Ag\u00eancia iNFRA<\/title>\n<meta name=\"robots\" content=\"index, follow, max-snippet:-1, max-image-preview:large, max-video-preview:-1\" \/>\n<link rel=\"canonical\" href=\"https:\/\/agenciainfra.com\/blog\/economia-digital-e-transicao-ecologica-vao-mudar-a-regulacao-diz-ministro-da-cgu\/\" \/>\n<meta property=\"og:locale\" content=\"pt_BR\" \/>\n<meta property=\"og:type\" content=\"article\" \/>\n<meta property=\"og:title\" content=\"Economia digital e transi\u00e7\u00e3o ecol\u00f3gica v\u00e3o mudar a regula\u00e7\u00e3o, diz ministro da CGU\" \/>\n<meta property=\"og:description\" content=\"Dimmi Amora,&nbsp;da&nbsp;Ag\u00eancia iNFRA O&nbsp;ministro&nbsp;da&nbsp;CGU&nbsp;(Controladoria-Geral&nbsp;da&nbsp;Uni\u00e3o), Vinicius Carvalho, afirmou que os fen\u00f4menos&nbsp;da&nbsp;economia&nbsp;digital&nbsp;e&nbsp;da&nbsp;transi\u00e7\u00e3o&nbsp;ecol\u00f3gica&nbsp;v\u00e3o&nbsp;mudar&nbsp;a forma como \u00e9 feita a&nbsp;regula\u00e7\u00e3o&nbsp;e&nbsp;v\u00e3o&nbsp;gerar a necessidade de um aprendizado regulat\u00f3rio constante por parte dos reguladores. &#8220;Esse neg\u00f3cio de regula&nbsp;e&nbsp;esquece acabou&#8221;, disse o&nbsp;ministro&nbsp;que fez a principal palestra na abertura do XIII Congresso Brasileiro de&nbsp;Regula\u00e7\u00e3o, promovido pela Abar (Associa\u00e7\u00e3o Brasileira de Ag\u00eancias Reguladoras), nesta quarta-feira (18), [&hellip;]\" \/>\n<meta property=\"og:url\" content=\"https:\/\/agenciainfra.com\/blog\/economia-digital-e-transicao-ecologica-vao-mudar-a-regulacao-diz-ministro-da-cgu\/\" \/>\n<meta property=\"og:site_name\" content=\"Ag\u00eancia iNFRA\" \/>\n<meta property=\"article:publisher\" content=\"https:\/\/www.facebook.com\/ageninfra\" \/>\n<meta property=\"article:published_time\" content=\"2023-10-19T16:00:00+00:00\" \/>\n<meta property=\"article:modified_time\" content=\"2026-03-13T12:45:29+00:00\" \/>\n<meta property=\"og:image\" content=\"https:\/\/agenciainfra.com\/blog\/wp-content\/uploads\/2023\/10\/vinicius-carvalho-foto-agencia-brasil-fabio-rodrigues-pozzebom.jpg\" \/>\n\t<meta property=\"og:image:width\" content=\"1202\" \/>\n\t<meta property=\"og:image:height\" content=\"801\" \/>\n\t<meta property=\"og:image:type\" content=\"image\/jpeg\" \/>\n<meta name=\"author\" content=\"Ag\u00eancia iNFRA\" \/>\n<meta name=\"twitter:card\" content=\"summary_large_image\" \/>\n<meta name=\"twitter:creator\" content=\"@agencia_infra\" \/>\n<meta name=\"twitter:site\" content=\"@agencia_infra\" \/>\n<meta name=\"twitter:label1\" content=\"Escrito por\" \/>\n\t<meta name=\"twitter:data1\" content=\"Ag\u00eancia iNFRA\" \/>\n\t<meta name=\"twitter:label2\" content=\"Est. tempo de leitura\" \/>\n\t<meta name=\"twitter:data2\" content=\"3 minutos\" \/>\n<script type=\"application\/ld+json\" class=\"yoast-schema-graph\">{\"@context\":\"https:\/\/schema.org\",\"@graph\":[{\"@type\":\"Article\",\"@id\":\"https:\/\/agenciainfra.com\/blog\/economia-digital-e-transicao-ecologica-vao-mudar-a-regulacao-diz-ministro-da-cgu\/#article\",\"isPartOf\":{\"@id\":\"https:\/\/agenciainfra.com\/blog\/economia-digital-e-transicao-ecologica-vao-mudar-a-regulacao-diz-ministro-da-cgu\/\"},\"author\":{\"name\":\"Ag\u00eancia iNFRA\",\"@id\":\"https:\/\/agenciainfra.com\/blog\/#\/schema\/person\/34af08dff6adea4cb22b06612ba7acfa\"},\"headline\":\"Economia digital e transi\u00e7\u00e3o ecol\u00f3gica v\u00e3o mudar a regula\u00e7\u00e3o, diz ministro da CGU\",\"datePublished\":\"2023-10-19T16:00:00+00:00\",\"dateModified\":\"2026-03-13T12:45:29+00:00\",\"mainEntityOfPage\":{\"@id\":\"https:\/\/agenciainfra.com\/blog\/economia-digital-e-transicao-ecologica-vao-mudar-a-regulacao-diz-ministro-da-cgu\/\"},\"wordCount\":608,\"publisher\":{\"@id\":\"https:\/\/agenciainfra.com\/blog\/#organization\"},\"image\":{\"@id\":\"https:\/\/agenciainfra.com\/blog\/economia-digital-e-transicao-ecologica-vao-mudar-a-regulacao-diz-ministro-da-cgu\/#primaryimage\"},\"thumbnailUrl\":\"https:\/\/agenciainfra.com\/blog\/wp-content\/uploads\/2023\/10\/vinicius-carvalho-foto-agencia-brasil-fabio-rodrigues-pozzebom.jpg\",\"keywords\":[\"ABAR\",\"Ag\u00eancias Reguladoras\",\"CGU\",\"Congresso Brasileiro de\u00a0Regula\u00e7\u00e3o\",\"Descarboniza\u00e7\u00e3o\",\"Dimmi Amora\",\"economia digital\",\"Rafael Benini\",\"transi\u00e7\u00e3o ecol\u00f3gica\",\"Vinicius Benevides\",\"Vinicius Carvalho\"],\"articleSection\":[\"Destaque lista\",\"Geral\",\"iNFRATransporte\"],\"inLanguage\":\"pt-BR\",\"copyrightYear\":\"2023\",\"copyrightHolder\":{\"@id\":\"https:\/\/agenciainfra.com\/blog\/#organization\"}},{\"@type\":\"WebPage\",\"@id\":\"https:\/\/agenciainfra.com\/blog\/economia-digital-e-transicao-ecologica-vao-mudar-a-regulacao-diz-ministro-da-cgu\/\",\"url\":\"https:\/\/agenciainfra.com\/blog\/economia-digital-e-transicao-ecologica-vao-mudar-a-regulacao-diz-ministro-da-cgu\/\",\"name\":\"Economia digital e transi\u00e7\u00e3o ecol\u00f3gica v\u00e3o mudar a regula\u00e7\u00e3o, diz ministro da CGU - Ag\u00eancia iNFRA\",\"isPartOf\":{\"@id\":\"https:\/\/agenciainfra.com\/blog\/#website\"},\"primaryImageOfPage\":{\"@id\":\"https:\/\/agenciainfra.com\/blog\/economia-digital-e-transicao-ecologica-vao-mudar-a-regulacao-diz-ministro-da-cgu\/#primaryimage\"},\"image\":{\"@id\":\"https:\/\/agenciainfra.com\/blog\/economia-digital-e-transicao-ecologica-vao-mudar-a-regulacao-diz-ministro-da-cgu\/#primaryimage\"},\"thumbnailUrl\":\"https:\/\/agenciainfra.com\/blog\/wp-content\/uploads\/2023\/10\/vinicius-carvalho-foto-agencia-brasil-fabio-rodrigues-pozzebom.jpg\",\"datePublished\":\"2023-10-19T16:00:00+00:00\",\"dateModified\":\"2026-03-13T12:45:29+00:00\",\"breadcrumb\":{\"@id\":\"https:\/\/agenciainfra.com\/blog\/economia-digital-e-transicao-ecologica-vao-mudar-a-regulacao-diz-ministro-da-cgu\/#breadcrumb\"},\"inLanguage\":\"pt-BR\",\"potentialAction\":[{\"@type\":\"ReadAction\",\"target\":[\"https:\/\/agenciainfra.com\/blog\/economia-digital-e-transicao-ecologica-vao-mudar-a-regulacao-diz-ministro-da-cgu\/\"]}]},{\"@type\":\"ImageObject\",\"inLanguage\":\"pt-BR\",\"@id\":\"https:\/\/agenciainfra.com\/blog\/economia-digital-e-transicao-ecologica-vao-mudar-a-regulacao-diz-ministro-da-cgu\/#primaryimage\",\"url\":\"https:\/\/agenciainfra.com\/blog\/wp-content\/uploads\/2023\/10\/vinicius-carvalho-foto-agencia-brasil-fabio-rodrigues-pozzebom.jpg\",\"contentUrl\":\"https:\/\/agenciainfra.com\/blog\/wp-content\/uploads\/2023\/10\/vinicius-carvalho-foto-agencia-brasil-fabio-rodrigues-pozzebom.jpg\",\"width\":1202,\"height\":801},{\"@type\":\"BreadcrumbList\",\"@id\":\"https:\/\/agenciainfra.com\/blog\/economia-digital-e-transicao-ecologica-vao-mudar-a-regulacao-diz-ministro-da-cgu\/#breadcrumb\",\"itemListElement\":[{\"@type\":\"ListItem\",\"position\":1,\"name\":\"In\u00edcio\",\"item\":\"https:\/\/agenciainfra.com\/blog\/\"},{\"@type\":\"ListItem\",\"position\":2,\"name\":\"Economia digital e transi\u00e7\u00e3o ecol\u00f3gica v\u00e3o mudar a regula\u00e7\u00e3o, diz ministro da CGU\"}]},{\"@type\":\"WebSite\",\"@id\":\"https:\/\/agenciainfra.com\/blog\/#website\",\"url\":\"https:\/\/agenciainfra.com\/blog\/\",\"name\":\"Ag\u00eancia iNFRA\",\"description\":\"Multiplataforma de informa\u00e7\u00e3o jornal\u00edstica refer\u00eancia na \u00e1rea de infraestrutura no Brasil!\",\"publisher\":{\"@id\":\"https:\/\/agenciainfra.com\/blog\/#organization\"},\"potentialAction\":[{\"@type\":\"SearchAction\",\"target\":{\"@type\":\"EntryPoint\",\"urlTemplate\":\"https:\/\/agenciainfra.com\/blog\/?s={search_term_string}\"},\"query-input\":{\"@type\":\"PropertyValueSpecification\",\"valueRequired\":true,\"valueName\":\"search_term_string\"}}],\"inLanguage\":\"pt-BR\"},{\"@type\":\"Organization\",\"@id\":\"https:\/\/agenciainfra.com\/blog\/#organization\",\"name\":\"Ag\u00eancia iNFRA\",\"url\":\"https:\/\/agenciainfra.com\/blog\/\",\"logo\":{\"@type\":\"ImageObject\",\"inLanguage\":\"pt-BR\",\"@id\":\"https:\/\/agenciainfra.com\/blog\/#\/schema\/logo\/image\/\",\"url\":\"https:\/\/agenciainfra.com\/blog\/wp-content\/uploads\/2023\/09\/iNFRA_5-e1761735885940.png\",\"contentUrl\":\"https:\/\/agenciainfra.com\/blog\/wp-content\/uploads\/2023\/09\/iNFRA_5-e1761735885940.png\",\"width\":1672,\"height\":454,\"caption\":\"Ag\u00eancia iNFRA\"},\"image\":{\"@id\":\"https:\/\/agenciainfra.com\/blog\/#\/schema\/logo\/image\/\"},\"sameAs\":[\"https:\/\/www.facebook.com\/ageninfra\",\"https:\/\/x.com\/agencia_infra\",\"https:\/\/www.linkedin.com\/company\/ag\u00eanciainfra\/\",\"https:\/\/www.instagram.com\/agenciainfra\/\"]},{\"@type\":\"Person\",\"@id\":\"https:\/\/agenciainfra.com\/blog\/#\/schema\/person\/34af08dff6adea4cb22b06612ba7acfa\",\"name\":\"Ag\u00eancia iNFRA\",\"image\":{\"@type\":\"ImageObject\",\"inLanguage\":\"pt-BR\",\"@id\":\"https:\/\/agenciainfra.com\/blog\/#\/schema\/person\/image\/\",\"url\":\"https:\/\/secure.gravatar.com\/avatar\/d189e01678f06d8eb84d4e01f08eb848b3fffe3f8443818d3c356c66892f5be8?s=96&d=mm&r=g\",\"contentUrl\":\"https:\/\/secure.gravatar.com\/avatar\/d189e01678f06d8eb84d4e01f08eb848b3fffe3f8443818d3c356c66892f5be8?s=96&d=mm&r=g\",\"caption\":\"Ag\u00eancia iNFRA\"},\"url\":\"https:\/\/agenciainfra.com\/blog\/author\/admin\/\"}]}<\/script>\n<!-- \/ Yoast SEO Premium plugin. -->","yoast_head_json":{"title":"Economia digital e transi\u00e7\u00e3o ecol\u00f3gica v\u00e3o mudar a regula\u00e7\u00e3o, diz ministro da CGU - Ag\u00eancia iNFRA","robots":{"index":"index","follow":"follow","max-snippet":"max-snippet:-1","max-image-preview":"max-image-preview:large","max-video-preview":"max-video-preview:-1"},"canonical":"https:\/\/agenciainfra.com\/blog\/economia-digital-e-transicao-ecologica-vao-mudar-a-regulacao-diz-ministro-da-cgu\/","og_locale":"pt_BR","og_type":"article","og_title":"Economia digital e transi\u00e7\u00e3o ecol\u00f3gica v\u00e3o mudar a regula\u00e7\u00e3o, diz ministro da CGU","og_description":"Dimmi Amora,&nbsp;da&nbsp;Ag\u00eancia iNFRA O&nbsp;ministro&nbsp;da&nbsp;CGU&nbsp;(Controladoria-Geral&nbsp;da&nbsp;Uni\u00e3o), Vinicius Carvalho, afirmou que os fen\u00f4menos&nbsp;da&nbsp;economia&nbsp;digital&nbsp;e&nbsp;da&nbsp;transi\u00e7\u00e3o&nbsp;ecol\u00f3gica&nbsp;v\u00e3o&nbsp;mudar&nbsp;a forma como \u00e9 feita a&nbsp;regula\u00e7\u00e3o&nbsp;e&nbsp;v\u00e3o&nbsp;gerar a necessidade de um aprendizado regulat\u00f3rio constante por parte dos reguladores. &#8220;Esse neg\u00f3cio de regula&nbsp;e&nbsp;esquece acabou&#8221;, disse o&nbsp;ministro&nbsp;que fez a principal palestra na abertura do XIII Congresso Brasileiro de&nbsp;Regula\u00e7\u00e3o, promovido pela Abar (Associa\u00e7\u00e3o Brasileira de Ag\u00eancias Reguladoras), nesta quarta-feira (18), [&hellip;]","og_url":"https:\/\/agenciainfra.com\/blog\/economia-digital-e-transicao-ecologica-vao-mudar-a-regulacao-diz-ministro-da-cgu\/","og_site_name":"Ag\u00eancia iNFRA","article_publisher":"https:\/\/www.facebook.com\/ageninfra","article_published_time":"2023-10-19T16:00:00+00:00","article_modified_time":"2026-03-13T12:45:29+00:00","og_image":[{"width":1202,"height":801,"url":"https:\/\/agenciainfra.com\/blog\/wp-content\/uploads\/2023\/10\/vinicius-carvalho-foto-agencia-brasil-fabio-rodrigues-pozzebom.jpg","type":"image\/jpeg"}],"author":"Ag\u00eancia iNFRA","twitter_card":"summary_large_image","twitter_creator":"@agencia_infra","twitter_site":"@agencia_infra","twitter_misc":{"Escrito por":"Ag\u00eancia iNFRA","Est. tempo de leitura":"3 minutos"},"schema":{"@context":"https:\/\/schema.org","@graph":[{"@type":"Article","@id":"https:\/\/agenciainfra.com\/blog\/economia-digital-e-transicao-ecologica-vao-mudar-a-regulacao-diz-ministro-da-cgu\/#article","isPartOf":{"@id":"https:\/\/agenciainfra.com\/blog\/economia-digital-e-transicao-ecologica-vao-mudar-a-regulacao-diz-ministro-da-cgu\/"},"author":{"name":"Ag\u00eancia iNFRA","@id":"https:\/\/agenciainfra.com\/blog\/#\/schema\/person\/34af08dff6adea4cb22b06612ba7acfa"},"headline":"Economia digital e transi\u00e7\u00e3o ecol\u00f3gica v\u00e3o mudar a regula\u00e7\u00e3o, diz ministro da CGU","datePublished":"2023-10-19T16:00:00+00:00","dateModified":"2026-03-13T12:45:29+00:00","mainEntityOfPage":{"@id":"https:\/\/agenciainfra.com\/blog\/economia-digital-e-transicao-ecologica-vao-mudar-a-regulacao-diz-ministro-da-cgu\/"},"wordCount":608,"publisher":{"@id":"https:\/\/agenciainfra.com\/blog\/#organization"},"image":{"@id":"https:\/\/agenciainfra.com\/blog\/economia-digital-e-transicao-ecologica-vao-mudar-a-regulacao-diz-ministro-da-cgu\/#primaryimage"},"thumbnailUrl":"https:\/\/agenciainfra.com\/blog\/wp-content\/uploads\/2023\/10\/vinicius-carvalho-foto-agencia-brasil-fabio-rodrigues-pozzebom.jpg","keywords":["ABAR","Ag\u00eancias Reguladoras","CGU","Congresso Brasileiro de\u00a0Regula\u00e7\u00e3o","Descarboniza\u00e7\u00e3o","Dimmi Amora","economia digital","Rafael Benini","transi\u00e7\u00e3o ecol\u00f3gica","Vinicius Benevides","Vinicius Carvalho"],"articleSection":["Destaque lista","Geral","iNFRATransporte"],"inLanguage":"pt-BR","copyrightYear":"2023","copyrightHolder":{"@id":"https:\/\/agenciainfra.com\/blog\/#organization"}},{"@type":"WebPage","@id":"https:\/\/agenciainfra.com\/blog\/economia-digital-e-transicao-ecologica-vao-mudar-a-regulacao-diz-ministro-da-cgu\/","url":"https:\/\/agenciainfra.com\/blog\/economia-digital-e-transicao-ecologica-vao-mudar-a-regulacao-diz-ministro-da-cgu\/","name":"Economia digital e transi\u00e7\u00e3o ecol\u00f3gica v\u00e3o mudar a regula\u00e7\u00e3o, diz ministro da CGU - Ag\u00eancia iNFRA","isPartOf":{"@id":"https:\/\/agenciainfra.com\/blog\/#website"},"primaryImageOfPage":{"@id":"https:\/\/agenciainfra.com\/blog\/economia-digital-e-transicao-ecologica-vao-mudar-a-regulacao-diz-ministro-da-cgu\/#primaryimage"},"image":{"@id":"https:\/\/agenciainfra.com\/blog\/economia-digital-e-transicao-ecologica-vao-mudar-a-regulacao-diz-ministro-da-cgu\/#primaryimage"},"thumbnailUrl":"https:\/\/agenciainfra.com\/blog\/wp-content\/uploads\/2023\/10\/vinicius-carvalho-foto-agencia-brasil-fabio-rodrigues-pozzebom.jpg","datePublished":"2023-10-19T16:00:00+00:00","dateModified":"2026-03-13T12:45:29+00:00","breadcrumb":{"@id":"https:\/\/agenciainfra.com\/blog\/economia-digital-e-transicao-ecologica-vao-mudar-a-regulacao-diz-ministro-da-cgu\/#breadcrumb"},"inLanguage":"pt-BR","potentialAction":[{"@type":"ReadAction","target":["https:\/\/agenciainfra.com\/blog\/economia-digital-e-transicao-ecologica-vao-mudar-a-regulacao-diz-ministro-da-cgu\/"]}]},{"@type":"ImageObject","inLanguage":"pt-BR","@id":"https:\/\/agenciainfra.com\/blog\/economia-digital-e-transicao-ecologica-vao-mudar-a-regulacao-diz-ministro-da-cgu\/#primaryimage","url":"https:\/\/agenciainfra.com\/blog\/wp-content\/uploads\/2023\/10\/vinicius-carvalho-foto-agencia-brasil-fabio-rodrigues-pozzebom.jpg","contentUrl":"https:\/\/agenciainfra.com\/blog\/wp-content\/uploads\/2023\/10\/vinicius-carvalho-foto-agencia-brasil-fabio-rodrigues-pozzebom.jpg","width":1202,"height":801},{"@type":"BreadcrumbList","@id":"https:\/\/agenciainfra.com\/blog\/economia-digital-e-transicao-ecologica-vao-mudar-a-regulacao-diz-ministro-da-cgu\/#breadcrumb","itemListElement":[{"@type":"ListItem","position":1,"name":"In\u00edcio","item":"https:\/\/agenciainfra.com\/blog\/"},{"@type":"ListItem","position":2,"name":"Economia digital e transi\u00e7\u00e3o ecol\u00f3gica v\u00e3o mudar a regula\u00e7\u00e3o, diz ministro da CGU"}]},{"@type":"WebSite","@id":"https:\/\/agenciainfra.com\/blog\/#website","url":"https:\/\/agenciainfra.com\/blog\/","name":"Ag\u00eancia iNFRA","description":"Multiplataforma de informa\u00e7\u00e3o jornal\u00edstica refer\u00eancia na \u00e1rea de infraestrutura no Brasil!","publisher":{"@id":"https:\/\/agenciainfra.com\/blog\/#organization"},"potentialAction":[{"@type":"SearchAction","target":{"@type":"EntryPoint","urlTemplate":"https:\/\/agenciainfra.com\/blog\/?s={search_term_string}"},"query-input":{"@type":"PropertyValueSpecification","valueRequired":true,"valueName":"search_term_string"}}],"inLanguage":"pt-BR"},{"@type":"Organization","@id":"https:\/\/agenciainfra.com\/blog\/#organization","name":"Ag\u00eancia iNFRA","url":"https:\/\/agenciainfra.com\/blog\/","logo":{"@type":"ImageObject","inLanguage":"pt-BR","@id":"https:\/\/agenciainfra.com\/blog\/#\/schema\/logo\/image\/","url":"https:\/\/agenciainfra.com\/blog\/wp-content\/uploads\/2023\/09\/iNFRA_5-e1761735885940.png","contentUrl":"https:\/\/agenciainfra.com\/blog\/wp-content\/uploads\/2023\/09\/iNFRA_5-e1761735885940.png","width":1672,"height":454,"caption":"Ag\u00eancia iNFRA"},"image":{"@id":"https:\/\/agenciainfra.com\/blog\/#\/schema\/logo\/image\/"},"sameAs":["https:\/\/www.facebook.com\/ageninfra","https:\/\/x.com\/agencia_infra","https:\/\/www.linkedin.com\/company\/ag\u00eanciainfra\/","https:\/\/www.instagram.com\/agenciainfra\/"]},{"@type":"Person","@id":"https:\/\/agenciainfra.com\/blog\/#\/schema\/person\/34af08dff6adea4cb22b06612ba7acfa","name":"Ag\u00eancia iNFRA","image":{"@type":"ImageObject","inLanguage":"pt-BR","@id":"https:\/\/agenciainfra.com\/blog\/#\/schema\/person\/image\/","url":"https:\/\/secure.gravatar.com\/avatar\/d189e01678f06d8eb84d4e01f08eb848b3fffe3f8443818d3c356c66892f5be8?s=96&d=mm&r=g","contentUrl":"https:\/\/secure.gravatar.com\/avatar\/d189e01678f06d8eb84d4e01f08eb848b3fffe3f8443818d3c356c66892f5be8?s=96&d=mm&r=g","caption":"Ag\u00eancia iNFRA"},"url":"https:\/\/agenciainfra.com\/blog\/author\/admin\/"}]}},"_links":{"self":[{"href":"https:\/\/agenciainfra.com\/blog\/wp-json\/wp\/v2\/posts\/14431","targetHints":{"allow":["GET"]}}],"collection":[{"href":"https:\/\/agenciainfra.com\/blog\/wp-json\/wp\/v2\/posts"}],"about":[{"href":"https:\/\/agenciainfra.com\/blog\/wp-json\/wp\/v2\/types\/post"}],"author":[{"embeddable":true,"href":"https:\/\/agenciainfra.com\/blog\/wp-json\/wp\/v2\/users\/1"}],"replies":[{"embeddable":true,"href":"https:\/\/agenciainfra.com\/blog\/wp-json\/wp\/v2\/comments?post=14431"}],"version-history":[{"count":1,"href":"https:\/\/agenciainfra.com\/blog\/wp-json\/wp\/v2\/posts\/14431\/revisions"}],"predecessor-version":[{"id":37793,"href":"https:\/\/agenciainfra.com\/blog\/wp-json\/wp\/v2\/posts\/14431\/revisions\/37793"}],"wp:featuredmedia":[{"embeddable":true,"href":"https:\/\/agenciainfra.com\/blog\/wp-json\/wp\/v2\/media\/14432"}],"wp:attachment":[{"href":"https:\/\/agenciainfra.com\/blog\/wp-json\/wp\/v2\/media?parent=14431"}],"wp:term":[{"taxonomy":"category","embeddable":true,"href":"https:\/\/agenciainfra.com\/blog\/wp-json\/wp\/v2\/categories?post=14431"},{"taxonomy":"post_tag","embeddable":true,"href":"https:\/\/agenciainfra.com\/blog\/wp-json\/wp\/v2\/tags?post=14431"}],"curies":[{"name":"wp","href":"https:\/\/api.w.org\/{rel}","templated":true}]}}