{"id":14442,"date":"2023-10-21T09:00:00","date_gmt":"2023-10-21T12:00:00","guid":{"rendered":"https:\/\/www.agenciainfra.com\/blog\/?p=14442"},"modified":"2026-03-13T09:45:29","modified_gmt":"2026-03-13T12:45:29","slug":"ministerio-dos-transportes-fecha-politica-para-novas-concessoes-rodoviarias-no-modelo-5a-etapa","status":"publish","type":"post","link":"https:\/\/agenciainfra.com\/blog\/ministerio-dos-transportes-fecha-politica-para-novas-concessoes-rodoviarias-no-modelo-5a-etapa\/","title":{"rendered":"Minist\u00e9rio dos Transportes fecha pol\u00edtica para novas concess\u00f5es rodovi\u00e1rias no modelo &#8216;5\u00aa etapa&#8217;"},"content":{"rendered":"\n<p class=\"has-text-align-right\"><strong>Dimmi Amora, da Ag\u00eancia iNFRA<\/strong><\/p>\n\n\n\n<p>O\u00a0Minist\u00e9rio\u00a0dos\u00a0Transportes\u00a0publicou na \u00faltima quarta-feira (18) a Portaria 995, instituindo sua &#8220;Pol\u00edtica\u00a0Nacional de Outorgas\u00a0Rodovi\u00e1rias&#8221;, como forma de padronizar os modelos de edital e contrato\u00a0para\u00a0as futuras licita\u00e7\u00f5es do setor.<br><br>As normas, divididas em 35 artigos, consolidam as melhores pr\u00e1ticas que v\u00eam sendo adotadas dentro das\u00a0concess\u00f5es\u00a0federais do setor\u00a0dos\u00a0\u00faltimos cinco anos, apelidadas de 4\u00aa e\u00a05\u00aa\u00a0Etapas, mas que estavam espalhadas de diferentes formas pelos contratos.<br><br>De acordo com o diretor-geral da ANTT (Ag\u00eancia Nacional de\u00a0Transportes\u00a0Terrestres), Rafael Vitale, a consolida\u00e7\u00e3o em uma portaria da\u00a0pol\u00edtica\u00a0p\u00fablica ajudar\u00e1 na tarefa de ampliar o n\u00famero de\u00a0concess\u00f5es\u00a0nos pr\u00f3ximos anos. O objetivo anunciado pelo\u00a0minist\u00e9rio\u00a0\u00e9 fazer 35\u00a0concess\u00f5es\u00a0rodovi\u00e1rias\u00a0na atual gest\u00e3o.<br><br>&#8220;Alinhar a\u00a0pol\u00edtica\u00a0p\u00fablica e deixar ela numa portaria sem d\u00favida ajuda nesse desafio&#8221;, disse Vitale.<br><br>Ele explicou que os pontos principais da norma vinham sendo adotados em contratos de diferentes formas, adaptando-se \u00e0s necessidades espec\u00edficas\u00a0para\u00a0a modelagem de cada concess\u00e3o. Segundo ele, isso reduz a velocidade de produ\u00e7\u00e3o\u00a0dos\u00a0editais e de avalia\u00e7\u00e3o\u00a0dos\u00a0\u00f3rg\u00e3os respons\u00e1veis, como o TCU (Tribunal de Contas da Uni\u00e3o), por exemplo.<br><br>J\u00e1 com o\u00a0modelo\u00a0mais r\u00edgido, a tend\u00eancia \u00e9 que os futuros editais fiquem mais parecidos uns com os outros, o que tende a aumentar a velocidade das an\u00e1lises e ampliar o n\u00famero de editais a ser\u00a0levado ao mercado. A expectativa \u00e9 agora como as empresas absorver\u00e3o os riscos espec\u00edficos de cada uma delas.<br><br>Durante sua apresenta\u00e7\u00e3o\u00a0no\u00a0XIII Congresso Brasileiro de Regula\u00e7\u00e3o, promovido pela Abar (Associa\u00e7\u00e3o Brasileira das Ag\u00eancias Reguladoras), Vitale lembrou que,\u00a0para\u00a0um crescimento t\u00e3o grande de\u00a0concess\u00f5es\u00a0\u2013 somente\u00a0para\u00a02024, a estimativa \u00e9 que a extens\u00e3o federal concedida passe de 14 mil quil\u00f4metros (fim de 2023)\u00a0para\u00a018 mil quil\u00f4metros \u2013,\u00a0ser\u00e1 necess\u00e1rio um forte mercado, que necessita de seguran\u00e7a jur\u00eddica e regulat\u00f3ria\u00a0para\u00a0atuar.<br><br>Em suas redes sociais, o secret\u00e1rio-executivo do\u00a0Minist\u00e9rio\u00a0dos\u00a0Transportes, George Santoro, afirmou que a nova\u00a0pol\u00edtica\u00a0\u00e9 decorrente das contribui\u00e7\u00f5es recebidas desde maio deste ano, quando foi apresentada ao mercado.<br><br>&#8220;\u00c9 pra gente deixar bem claro\u00a0para\u00a0a ANTT,\u00a0\u00a0para\u00a0o mercado,\u00a0para\u00a0todos, as mudan\u00e7as e melhorias que estamos fazendo nos projetos de\u00a0concess\u00f5es\u00a0rodovi\u00e1rias&#8221;, informou Santoro. &#8220;Nossa percep\u00e7\u00e3o \u00e9 sempre conversar com o mercado, ouvir bastante, melhorar os projetos.&#8221;<br><br><strong>Apresenta\u00e7\u00e3o na B3<\/strong><br>A portaria com a nova\u00a0pol\u00edtica\u00a0foi publicada na v\u00e9spera do Brasil Transport Invest,\u00a0evento previsto\u00a0para\u00a0hoje (19), na B3, em S\u00e3o Paulo, a partir das 14h, com a presen\u00e7a do ministro Renan Filho e outros representantes de \u00f3rg\u00e3os p\u00fablicos, como a ANTT, a Infra S.A. e o BNDES.<br><br>De acordo com a pasta, representantes de investidores, de concession\u00e1rias e de construtoras, al\u00e9m do poder p\u00fablico, v\u00e3o se encontrar\u00a0para\u00a0tratar\u00a0dos\u00a0temas do setor, como a nova\u00a0pol\u00edtica, o portf\u00f3lio de rodovias com previs\u00e3o de investimentos p\u00fablicos e privados dentro do Novo PAC e a vers\u00e3o atualizada do Programa Nacional de Seguran\u00e7a e Sinaliza\u00e7\u00e3o Rodovi\u00e1ria (Programa BR Legal 2).<br><br><strong>Especifica\u00e7\u00f5es<\/strong><br>Entre agentes do mercado que fizeram uma avalia\u00e7\u00e3o inicial da portaria, a indica\u00e7\u00e3o foi que ter uma portaria consolidando as normas de fato tende a tornar mais velozes as avalia\u00e7\u00f5es, especialmente de projetos com menor complexidade.\u00a0<br><br>No\u00a0entanto, houve tamb\u00e9m preocupa\u00e7\u00e3o com itens considerados especificados em excesso\u00a0no\u00a0normativo, sobre como devem ser feitas as\u00a0concess\u00f5es, o que pode de alguma maneira trazer impactos\u00a0para\u00a0projetos mais complexos se a ag\u00eancia tiver de seguir com rigidez o que foi estabelecido.<br><br>A nova\u00a0pol\u00edtica\u00a0tamb\u00e9m n\u00e3o deve ter impacto nas\u00a0concess\u00f5es\u00a0que est\u00e3o\u00a0no\u00a0momento em tentativa de readequa\u00e7\u00e3o de seus contratos, visto que j\u00e1 h\u00e1 uma portaria espec\u00edfica (848\/2023) com normas que tratam do tema e estabelecem os par\u00e2metros\u00a0para\u00a0as renegocia\u00e7\u00f5es desses contratos.<\/p>\n","protected":false},"excerpt":{"rendered":"<p>Dimmi Amora, da Ag\u00eancia iNFRA O\u00a0Minist\u00e9rio\u00a0dos\u00a0Transportes\u00a0publicou na \u00faltima quarta-feira (18) a Portaria 995, instituindo sua &#8220;Pol\u00edtica\u00a0Nacional de Outorgas\u00a0Rodovi\u00e1rias&#8221;, como forma de padronizar os modelos de edital e contrato\u00a0para\u00a0as futuras licita\u00e7\u00f5es do setor. As normas, divididas em 35 artigos, consolidam as melhores pr\u00e1ticas que v\u00eam sendo adotadas dentro das\u00a0concess\u00f5es\u00a0federais do setor\u00a0dos\u00a0\u00faltimos cinco anos, apelidadas de 4\u00aa [&hellip;]<\/p>\n","protected":false},"author":1,"featured_media":14006,"comment_status":"closed","ping_status":"closed","sticky":false,"template":"","format":"standard","meta":{"_monsterinsights_skip_tracking":false,"_monsterinsights_sitenote_active":false,"_monsterinsights_sitenote_note":"","_monsterinsights_sitenote_category":0,"footnotes":""},"categories":[7250,1,7],"tags":[1202,46,19,176,7613,1299,6956,16,7624,4611,6248,18],"class_list":["post-14442","post","type-post","status-publish","format-standard","has-post-thumbnail","hentry","category-destaque-lista","category-geral","category-infratransporte","tag-abar","tag-agencias-reguladoras","tag-antt","tag-concessoes-rodoviarias","tag-congresso-brasileiro-de-regulacao","tag-dimmi-amora","tag-george-santoro","tag-ministerio-dos-transportes","tag-politica-nacional-de-outorgas-rodoviarias","tag-rafael-vitale","tag-renan-filho","tag-tcu"],"yoast_head":"<!-- This site is optimized with the Yoast SEO Premium plugin v25.4 (Yoast SEO v26.0) - https:\/\/yoast.com\/wordpress\/plugins\/seo\/ -->\n<title>Minist\u00e9rio dos Transportes fecha pol\u00edtica para novas concess\u00f5es rodovi\u00e1rias no modelo &#039;5\u00aa etapa&#039; - Ag\u00eancia iNFRA<\/title>\n<meta name=\"robots\" content=\"index, follow, max-snippet:-1, max-image-preview:large, max-video-preview:-1\" \/>\n<link rel=\"canonical\" href=\"https:\/\/agenciainfra.com\/blog\/ministerio-dos-transportes-fecha-politica-para-novas-concessoes-rodoviarias-no-modelo-5a-etapa\/\" \/>\n<meta property=\"og:locale\" content=\"pt_BR\" \/>\n<meta property=\"og:type\" content=\"article\" \/>\n<meta property=\"og:title\" content=\"Minist\u00e9rio dos Transportes fecha pol\u00edtica para novas concess\u00f5es rodovi\u00e1rias no modelo &#039;5\u00aa etapa&#039;\" \/>\n<meta property=\"og:description\" content=\"Dimmi Amora, da Ag\u00eancia iNFRA O\u00a0Minist\u00e9rio\u00a0dos\u00a0Transportes\u00a0publicou na \u00faltima quarta-feira (18) a Portaria 995, instituindo sua &#8220;Pol\u00edtica\u00a0Nacional de Outorgas\u00a0Rodovi\u00e1rias&#8221;, como forma de padronizar os modelos de edital e contrato\u00a0para\u00a0as futuras licita\u00e7\u00f5es do setor. As normas, divididas em 35 artigos, consolidam as melhores pr\u00e1ticas que v\u00eam sendo adotadas dentro das\u00a0concess\u00f5es\u00a0federais do setor\u00a0dos\u00a0\u00faltimos cinco anos, apelidadas de 4\u00aa [&hellip;]\" \/>\n<meta property=\"og:url\" content=\"https:\/\/agenciainfra.com\/blog\/ministerio-dos-transportes-fecha-politica-para-novas-concessoes-rodoviarias-no-modelo-5a-etapa\/\" \/>\n<meta property=\"og:site_name\" content=\"Ag\u00eancia iNFRA\" \/>\n<meta property=\"article:publisher\" content=\"https:\/\/www.facebook.com\/ageninfra\" \/>\n<meta property=\"article:published_time\" content=\"2023-10-21T12:00:00+00:00\" \/>\n<meta property=\"article:modified_time\" content=\"2026-03-13T12:45:29+00:00\" \/>\n<meta property=\"og:image\" content=\"https:\/\/agenciainfra.com\/blog\/wp-content\/uploads\/2023\/09\/transporte-asfalto-rodovia-foto-governo-federal.png\" \/>\n\t<meta property=\"og:image:width\" content=\"1202\" \/>\n\t<meta property=\"og:image:height\" content=\"676\" \/>\n\t<meta property=\"og:image:type\" content=\"image\/png\" \/>\n<meta name=\"author\" content=\"Ag\u00eancia iNFRA\" \/>\n<meta name=\"twitter:card\" content=\"summary_large_image\" \/>\n<meta name=\"twitter:creator\" content=\"@agencia_infra\" \/>\n<meta name=\"twitter:site\" content=\"@agencia_infra\" \/>\n<meta name=\"twitter:label1\" content=\"Escrito por\" \/>\n\t<meta name=\"twitter:data1\" content=\"Ag\u00eancia iNFRA\" \/>\n\t<meta name=\"twitter:label2\" content=\"Est. tempo de leitura\" \/>\n\t<meta name=\"twitter:data2\" content=\"3 minutos\" \/>\n<script type=\"application\/ld+json\" class=\"yoast-schema-graph\">{\"@context\":\"https:\/\/schema.org\",\"@graph\":[{\"@type\":\"Article\",\"@id\":\"https:\/\/agenciainfra.com\/blog\/ministerio-dos-transportes-fecha-politica-para-novas-concessoes-rodoviarias-no-modelo-5a-etapa\/#article\",\"isPartOf\":{\"@id\":\"https:\/\/agenciainfra.com\/blog\/ministerio-dos-transportes-fecha-politica-para-novas-concessoes-rodoviarias-no-modelo-5a-etapa\/\"},\"author\":{\"name\":\"Ag\u00eancia iNFRA\",\"@id\":\"https:\/\/agenciainfra.com\/blog\/#\/schema\/person\/34af08dff6adea4cb22b06612ba7acfa\"},\"headline\":\"Minist\u00e9rio dos Transportes fecha pol\u00edtica para novas concess\u00f5es rodovi\u00e1rias no modelo &#8216;5\u00aa etapa&#8217;\",\"datePublished\":\"2023-10-21T12:00:00+00:00\",\"dateModified\":\"2026-03-13T12:45:29+00:00\",\"mainEntityOfPage\":{\"@id\":\"https:\/\/agenciainfra.com\/blog\/ministerio-dos-transportes-fecha-politica-para-novas-concessoes-rodoviarias-no-modelo-5a-etapa\/\"},\"wordCount\":713,\"publisher\":{\"@id\":\"https:\/\/agenciainfra.com\/blog\/#organization\"},\"image\":{\"@id\":\"https:\/\/agenciainfra.com\/blog\/ministerio-dos-transportes-fecha-politica-para-novas-concessoes-rodoviarias-no-modelo-5a-etapa\/#primaryimage\"},\"thumbnailUrl\":\"https:\/\/agenciainfra.com\/blog\/wp-content\/uploads\/2023\/09\/transporte-asfalto-rodovia-foto-governo-federal.png\",\"keywords\":[\"ABAR\",\"Ag\u00eancias Reguladoras\",\"ANTT\",\"concess\u00f5es rodovi\u00e1rias\",\"Congresso Brasileiro de\u00a0Regula\u00e7\u00e3o\",\"Dimmi Amora\",\"George Santoro\",\"minist\u00e9rio dos transportes\",\"Pol\u00edtica\u00a0Nacional de Outorgas\u00a0Rodovi\u00e1rias\",\"Rafael Vitale\",\"Renan Filho\",\"TCU\"],\"articleSection\":[\"Destaque lista\",\"Geral\",\"iNFRATransporte\"],\"inLanguage\":\"pt-BR\",\"copyrightYear\":\"2023\",\"copyrightHolder\":{\"@id\":\"https:\/\/agenciainfra.com\/blog\/#organization\"}},{\"@type\":\"WebPage\",\"@id\":\"https:\/\/agenciainfra.com\/blog\/ministerio-dos-transportes-fecha-politica-para-novas-concessoes-rodoviarias-no-modelo-5a-etapa\/\",\"url\":\"https:\/\/agenciainfra.com\/blog\/ministerio-dos-transportes-fecha-politica-para-novas-concessoes-rodoviarias-no-modelo-5a-etapa\/\",\"name\":\"Minist\u00e9rio dos Transportes fecha pol\u00edtica para novas concess\u00f5es rodovi\u00e1rias no modelo '5\u00aa etapa' - Ag\u00eancia iNFRA\",\"isPartOf\":{\"@id\":\"https:\/\/agenciainfra.com\/blog\/#website\"},\"primaryImageOfPage\":{\"@id\":\"https:\/\/agenciainfra.com\/blog\/ministerio-dos-transportes-fecha-politica-para-novas-concessoes-rodoviarias-no-modelo-5a-etapa\/#primaryimage\"},\"image\":{\"@id\":\"https:\/\/agenciainfra.com\/blog\/ministerio-dos-transportes-fecha-politica-para-novas-concessoes-rodoviarias-no-modelo-5a-etapa\/#primaryimage\"},\"thumbnailUrl\":\"https:\/\/agenciainfra.com\/blog\/wp-content\/uploads\/2023\/09\/transporte-asfalto-rodovia-foto-governo-federal.png\",\"datePublished\":\"2023-10-21T12:00:00+00:00\",\"dateModified\":\"2026-03-13T12:45:29+00:00\",\"breadcrumb\":{\"@id\":\"https:\/\/agenciainfra.com\/blog\/ministerio-dos-transportes-fecha-politica-para-novas-concessoes-rodoviarias-no-modelo-5a-etapa\/#breadcrumb\"},\"inLanguage\":\"pt-BR\",\"potentialAction\":[{\"@type\":\"ReadAction\",\"target\":[\"https:\/\/agenciainfra.com\/blog\/ministerio-dos-transportes-fecha-politica-para-novas-concessoes-rodoviarias-no-modelo-5a-etapa\/\"]}]},{\"@type\":\"ImageObject\",\"inLanguage\":\"pt-BR\",\"@id\":\"https:\/\/agenciainfra.com\/blog\/ministerio-dos-transportes-fecha-politica-para-novas-concessoes-rodoviarias-no-modelo-5a-etapa\/#primaryimage\",\"url\":\"https:\/\/agenciainfra.com\/blog\/wp-content\/uploads\/2023\/09\/transporte-asfalto-rodovia-foto-governo-federal.png\",\"contentUrl\":\"https:\/\/agenciainfra.com\/blog\/wp-content\/uploads\/2023\/09\/transporte-asfalto-rodovia-foto-governo-federal.png\",\"width\":1202,\"height\":676,\"caption\":\"Foto: Governo Federal\"},{\"@type\":\"BreadcrumbList\",\"@id\":\"https:\/\/agenciainfra.com\/blog\/ministerio-dos-transportes-fecha-politica-para-novas-concessoes-rodoviarias-no-modelo-5a-etapa\/#breadcrumb\",\"itemListElement\":[{\"@type\":\"ListItem\",\"position\":1,\"name\":\"In\u00edcio\",\"item\":\"https:\/\/agenciainfra.com\/blog\/\"},{\"@type\":\"ListItem\",\"position\":2,\"name\":\"Minist\u00e9rio dos Transportes fecha pol\u00edtica para novas concess\u00f5es rodovi\u00e1rias no modelo &#8216;5\u00aa etapa&#8217;\"}]},{\"@type\":\"WebSite\",\"@id\":\"https:\/\/agenciainfra.com\/blog\/#website\",\"url\":\"https:\/\/agenciainfra.com\/blog\/\",\"name\":\"Ag\u00eancia iNFRA\",\"description\":\"Multiplataforma de informa\u00e7\u00e3o jornal\u00edstica refer\u00eancia na \u00e1rea de infraestrutura no Brasil!\",\"publisher\":{\"@id\":\"https:\/\/agenciainfra.com\/blog\/#organization\"},\"potentialAction\":[{\"@type\":\"SearchAction\",\"target\":{\"@type\":\"EntryPoint\",\"urlTemplate\":\"https:\/\/agenciainfra.com\/blog\/?s={search_term_string}\"},\"query-input\":{\"@type\":\"PropertyValueSpecification\",\"valueRequired\":true,\"valueName\":\"search_term_string\"}}],\"inLanguage\":\"pt-BR\"},{\"@type\":\"Organization\",\"@id\":\"https:\/\/agenciainfra.com\/blog\/#organization\",\"name\":\"Ag\u00eancia iNFRA\",\"url\":\"https:\/\/agenciainfra.com\/blog\/\",\"logo\":{\"@type\":\"ImageObject\",\"inLanguage\":\"pt-BR\",\"@id\":\"https:\/\/agenciainfra.com\/blog\/#\/schema\/logo\/image\/\",\"url\":\"https:\/\/agenciainfra.com\/blog\/wp-content\/uploads\/2023\/09\/iNFRA_5-e1761735885940.png\",\"contentUrl\":\"https:\/\/agenciainfra.com\/blog\/wp-content\/uploads\/2023\/09\/iNFRA_5-e1761735885940.png\",\"width\":1672,\"height\":454,\"caption\":\"Ag\u00eancia iNFRA\"},\"image\":{\"@id\":\"https:\/\/agenciainfra.com\/blog\/#\/schema\/logo\/image\/\"},\"sameAs\":[\"https:\/\/www.facebook.com\/ageninfra\",\"https:\/\/x.com\/agencia_infra\",\"https:\/\/www.linkedin.com\/company\/ag\u00eanciainfra\/\",\"https:\/\/www.instagram.com\/agenciainfra\/\"]},{\"@type\":\"Person\",\"@id\":\"https:\/\/agenciainfra.com\/blog\/#\/schema\/person\/34af08dff6adea4cb22b06612ba7acfa\",\"name\":\"Ag\u00eancia iNFRA\",\"image\":{\"@type\":\"ImageObject\",\"inLanguage\":\"pt-BR\",\"@id\":\"https:\/\/agenciainfra.com\/blog\/#\/schema\/person\/image\/\",\"url\":\"https:\/\/secure.gravatar.com\/avatar\/d189e01678f06d8eb84d4e01f08eb848b3fffe3f8443818d3c356c66892f5be8?s=96&d=mm&r=g\",\"contentUrl\":\"https:\/\/secure.gravatar.com\/avatar\/d189e01678f06d8eb84d4e01f08eb848b3fffe3f8443818d3c356c66892f5be8?s=96&d=mm&r=g\",\"caption\":\"Ag\u00eancia iNFRA\"},\"url\":\"https:\/\/agenciainfra.com\/blog\/author\/admin\/\"}]}<\/script>\n<!-- \/ Yoast SEO Premium plugin. -->","yoast_head_json":{"title":"Minist\u00e9rio dos Transportes fecha pol\u00edtica para novas concess\u00f5es rodovi\u00e1rias no modelo '5\u00aa etapa' - Ag\u00eancia iNFRA","robots":{"index":"index","follow":"follow","max-snippet":"max-snippet:-1","max-image-preview":"max-image-preview:large","max-video-preview":"max-video-preview:-1"},"canonical":"https:\/\/agenciainfra.com\/blog\/ministerio-dos-transportes-fecha-politica-para-novas-concessoes-rodoviarias-no-modelo-5a-etapa\/","og_locale":"pt_BR","og_type":"article","og_title":"Minist\u00e9rio dos Transportes fecha pol\u00edtica para novas concess\u00f5es rodovi\u00e1rias no modelo '5\u00aa etapa'","og_description":"Dimmi Amora, da Ag\u00eancia iNFRA O\u00a0Minist\u00e9rio\u00a0dos\u00a0Transportes\u00a0publicou na \u00faltima quarta-feira (18) a Portaria 995, instituindo sua &#8220;Pol\u00edtica\u00a0Nacional de Outorgas\u00a0Rodovi\u00e1rias&#8221;, como forma de padronizar os modelos de edital e contrato\u00a0para\u00a0as futuras licita\u00e7\u00f5es do setor. As normas, divididas em 35 artigos, consolidam as melhores pr\u00e1ticas que v\u00eam sendo adotadas dentro das\u00a0concess\u00f5es\u00a0federais do setor\u00a0dos\u00a0\u00faltimos cinco anos, apelidadas de 4\u00aa [&hellip;]","og_url":"https:\/\/agenciainfra.com\/blog\/ministerio-dos-transportes-fecha-politica-para-novas-concessoes-rodoviarias-no-modelo-5a-etapa\/","og_site_name":"Ag\u00eancia iNFRA","article_publisher":"https:\/\/www.facebook.com\/ageninfra","article_published_time":"2023-10-21T12:00:00+00:00","article_modified_time":"2026-03-13T12:45:29+00:00","og_image":[{"width":1202,"height":676,"url":"https:\/\/agenciainfra.com\/blog\/wp-content\/uploads\/2023\/09\/transporte-asfalto-rodovia-foto-governo-federal.png","type":"image\/png"}],"author":"Ag\u00eancia iNFRA","twitter_card":"summary_large_image","twitter_creator":"@agencia_infra","twitter_site":"@agencia_infra","twitter_misc":{"Escrito por":"Ag\u00eancia iNFRA","Est. tempo de leitura":"3 minutos"},"schema":{"@context":"https:\/\/schema.org","@graph":[{"@type":"Article","@id":"https:\/\/agenciainfra.com\/blog\/ministerio-dos-transportes-fecha-politica-para-novas-concessoes-rodoviarias-no-modelo-5a-etapa\/#article","isPartOf":{"@id":"https:\/\/agenciainfra.com\/blog\/ministerio-dos-transportes-fecha-politica-para-novas-concessoes-rodoviarias-no-modelo-5a-etapa\/"},"author":{"name":"Ag\u00eancia iNFRA","@id":"https:\/\/agenciainfra.com\/blog\/#\/schema\/person\/34af08dff6adea4cb22b06612ba7acfa"},"headline":"Minist\u00e9rio dos Transportes fecha pol\u00edtica para novas concess\u00f5es rodovi\u00e1rias no modelo &#8216;5\u00aa etapa&#8217;","datePublished":"2023-10-21T12:00:00+00:00","dateModified":"2026-03-13T12:45:29+00:00","mainEntityOfPage":{"@id":"https:\/\/agenciainfra.com\/blog\/ministerio-dos-transportes-fecha-politica-para-novas-concessoes-rodoviarias-no-modelo-5a-etapa\/"},"wordCount":713,"publisher":{"@id":"https:\/\/agenciainfra.com\/blog\/#organization"},"image":{"@id":"https:\/\/agenciainfra.com\/blog\/ministerio-dos-transportes-fecha-politica-para-novas-concessoes-rodoviarias-no-modelo-5a-etapa\/#primaryimage"},"thumbnailUrl":"https:\/\/agenciainfra.com\/blog\/wp-content\/uploads\/2023\/09\/transporte-asfalto-rodovia-foto-governo-federal.png","keywords":["ABAR","Ag\u00eancias Reguladoras","ANTT","concess\u00f5es rodovi\u00e1rias","Congresso Brasileiro de\u00a0Regula\u00e7\u00e3o","Dimmi Amora","George Santoro","minist\u00e9rio dos transportes","Pol\u00edtica\u00a0Nacional de Outorgas\u00a0Rodovi\u00e1rias","Rafael Vitale","Renan Filho","TCU"],"articleSection":["Destaque lista","Geral","iNFRATransporte"],"inLanguage":"pt-BR","copyrightYear":"2023","copyrightHolder":{"@id":"https:\/\/agenciainfra.com\/blog\/#organization"}},{"@type":"WebPage","@id":"https:\/\/agenciainfra.com\/blog\/ministerio-dos-transportes-fecha-politica-para-novas-concessoes-rodoviarias-no-modelo-5a-etapa\/","url":"https:\/\/agenciainfra.com\/blog\/ministerio-dos-transportes-fecha-politica-para-novas-concessoes-rodoviarias-no-modelo-5a-etapa\/","name":"Minist\u00e9rio dos Transportes fecha pol\u00edtica para novas concess\u00f5es rodovi\u00e1rias no modelo '5\u00aa etapa' - Ag\u00eancia iNFRA","isPartOf":{"@id":"https:\/\/agenciainfra.com\/blog\/#website"},"primaryImageOfPage":{"@id":"https:\/\/agenciainfra.com\/blog\/ministerio-dos-transportes-fecha-politica-para-novas-concessoes-rodoviarias-no-modelo-5a-etapa\/#primaryimage"},"image":{"@id":"https:\/\/agenciainfra.com\/blog\/ministerio-dos-transportes-fecha-politica-para-novas-concessoes-rodoviarias-no-modelo-5a-etapa\/#primaryimage"},"thumbnailUrl":"https:\/\/agenciainfra.com\/blog\/wp-content\/uploads\/2023\/09\/transporte-asfalto-rodovia-foto-governo-federal.png","datePublished":"2023-10-21T12:00:00+00:00","dateModified":"2026-03-13T12:45:29+00:00","breadcrumb":{"@id":"https:\/\/agenciainfra.com\/blog\/ministerio-dos-transportes-fecha-politica-para-novas-concessoes-rodoviarias-no-modelo-5a-etapa\/#breadcrumb"},"inLanguage":"pt-BR","potentialAction":[{"@type":"ReadAction","target":["https:\/\/agenciainfra.com\/blog\/ministerio-dos-transportes-fecha-politica-para-novas-concessoes-rodoviarias-no-modelo-5a-etapa\/"]}]},{"@type":"ImageObject","inLanguage":"pt-BR","@id":"https:\/\/agenciainfra.com\/blog\/ministerio-dos-transportes-fecha-politica-para-novas-concessoes-rodoviarias-no-modelo-5a-etapa\/#primaryimage","url":"https:\/\/agenciainfra.com\/blog\/wp-content\/uploads\/2023\/09\/transporte-asfalto-rodovia-foto-governo-federal.png","contentUrl":"https:\/\/agenciainfra.com\/blog\/wp-content\/uploads\/2023\/09\/transporte-asfalto-rodovia-foto-governo-federal.png","width":1202,"height":676,"caption":"Foto: Governo Federal"},{"@type":"BreadcrumbList","@id":"https:\/\/agenciainfra.com\/blog\/ministerio-dos-transportes-fecha-politica-para-novas-concessoes-rodoviarias-no-modelo-5a-etapa\/#breadcrumb","itemListElement":[{"@type":"ListItem","position":1,"name":"In\u00edcio","item":"https:\/\/agenciainfra.com\/blog\/"},{"@type":"ListItem","position":2,"name":"Minist\u00e9rio dos Transportes fecha pol\u00edtica para novas concess\u00f5es rodovi\u00e1rias no modelo &#8216;5\u00aa etapa&#8217;"}]},{"@type":"WebSite","@id":"https:\/\/agenciainfra.com\/blog\/#website","url":"https:\/\/agenciainfra.com\/blog\/","name":"Ag\u00eancia iNFRA","description":"Multiplataforma de informa\u00e7\u00e3o jornal\u00edstica refer\u00eancia na \u00e1rea de infraestrutura no Brasil!","publisher":{"@id":"https:\/\/agenciainfra.com\/blog\/#organization"},"potentialAction":[{"@type":"SearchAction","target":{"@type":"EntryPoint","urlTemplate":"https:\/\/agenciainfra.com\/blog\/?s={search_term_string}"},"query-input":{"@type":"PropertyValueSpecification","valueRequired":true,"valueName":"search_term_string"}}],"inLanguage":"pt-BR"},{"@type":"Organization","@id":"https:\/\/agenciainfra.com\/blog\/#organization","name":"Ag\u00eancia iNFRA","url":"https:\/\/agenciainfra.com\/blog\/","logo":{"@type":"ImageObject","inLanguage":"pt-BR","@id":"https:\/\/agenciainfra.com\/blog\/#\/schema\/logo\/image\/","url":"https:\/\/agenciainfra.com\/blog\/wp-content\/uploads\/2023\/09\/iNFRA_5-e1761735885940.png","contentUrl":"https:\/\/agenciainfra.com\/blog\/wp-content\/uploads\/2023\/09\/iNFRA_5-e1761735885940.png","width":1672,"height":454,"caption":"Ag\u00eancia iNFRA"},"image":{"@id":"https:\/\/agenciainfra.com\/blog\/#\/schema\/logo\/image\/"},"sameAs":["https:\/\/www.facebook.com\/ageninfra","https:\/\/x.com\/agencia_infra","https:\/\/www.linkedin.com\/company\/ag\u00eanciainfra\/","https:\/\/www.instagram.com\/agenciainfra\/"]},{"@type":"Person","@id":"https:\/\/agenciainfra.com\/blog\/#\/schema\/person\/34af08dff6adea4cb22b06612ba7acfa","name":"Ag\u00eancia iNFRA","image":{"@type":"ImageObject","inLanguage":"pt-BR","@id":"https:\/\/agenciainfra.com\/blog\/#\/schema\/person\/image\/","url":"https:\/\/secure.gravatar.com\/avatar\/d189e01678f06d8eb84d4e01f08eb848b3fffe3f8443818d3c356c66892f5be8?s=96&d=mm&r=g","contentUrl":"https:\/\/secure.gravatar.com\/avatar\/d189e01678f06d8eb84d4e01f08eb848b3fffe3f8443818d3c356c66892f5be8?s=96&d=mm&r=g","caption":"Ag\u00eancia iNFRA"},"url":"https:\/\/agenciainfra.com\/blog\/author\/admin\/"}]}},"_links":{"self":[{"href":"https:\/\/agenciainfra.com\/blog\/wp-json\/wp\/v2\/posts\/14442","targetHints":{"allow":["GET"]}}],"collection":[{"href":"https:\/\/agenciainfra.com\/blog\/wp-json\/wp\/v2\/posts"}],"about":[{"href":"https:\/\/agenciainfra.com\/blog\/wp-json\/wp\/v2\/types\/post"}],"author":[{"embeddable":true,"href":"https:\/\/agenciainfra.com\/blog\/wp-json\/wp\/v2\/users\/1"}],"replies":[{"embeddable":true,"href":"https:\/\/agenciainfra.com\/blog\/wp-json\/wp\/v2\/comments?post=14442"}],"version-history":[{"count":1,"href":"https:\/\/agenciainfra.com\/blog\/wp-json\/wp\/v2\/posts\/14442\/revisions"}],"predecessor-version":[{"id":37792,"href":"https:\/\/agenciainfra.com\/blog\/wp-json\/wp\/v2\/posts\/14442\/revisions\/37792"}],"wp:featuredmedia":[{"embeddable":true,"href":"https:\/\/agenciainfra.com\/blog\/wp-json\/wp\/v2\/media\/14006"}],"wp:attachment":[{"href":"https:\/\/agenciainfra.com\/blog\/wp-json\/wp\/v2\/media?parent=14442"}],"wp:term":[{"taxonomy":"category","embeddable":true,"href":"https:\/\/agenciainfra.com\/blog\/wp-json\/wp\/v2\/categories?post=14442"},{"taxonomy":"post_tag","embeddable":true,"href":"https:\/\/agenciainfra.com\/blog\/wp-json\/wp\/v2\/tags?post=14442"}],"curies":[{"name":"wp","href":"https:\/\/api.w.org\/{rel}","templated":true}]}}