{"id":14528,"date":"2023-10-25T12:00:00","date_gmt":"2023-10-25T15:00:00","guid":{"rendered":"https:\/\/www.agenciainfra.com\/blog\/?p=14528"},"modified":"2023-10-26T11:55:05","modified_gmt":"2023-10-26T14:55:05","slug":"infradebate-os-equivocos-e-meras-suposicoes-sobre-o-gasoduto-de-distribuicao-subida-da-serra","status":"publish","type":"post","link":"https:\/\/agenciainfra.com\/blog\/infradebate-os-equivocos-e-meras-suposicoes-sobre-o-gasoduto-de-distribuicao-subida-da-serra\/","title":{"rendered":"iNFRADebate: Os equ\u00edvocos e meras suposi\u00e7\u00f5es sobre o gasoduto de distribui\u00e7\u00e3o Subida da Serra"},"content":{"rendered":"\n<p class=\"has-text-align-right\"><strong>Alexandre Santos de Arag\u00e3o*<\/strong><\/p>\n\n\n\n<p>Nos \u00faltimos anos, uma das mais relevantes discuss\u00f5es do setor de g\u00e1s natural diz respeito \u00e0 possibilidade de reclassifica\u00e7\u00e3o do gasoduto Subida da Serra, estrutura de distribui\u00e7\u00e3o end\u00f3gena \u00e0 malha da Comg\u00e1s, devidamente autorizada pela ARSESP (Ag\u00eancia Reguladora de Servi\u00e7os P\u00fablicos do Estado de S\u00e3o Paulo) e tamb\u00e9m chamada de \u201crefor\u00e7o metropolitano\u201d.<\/p>\n\n\n\n<p>Embora observe os requisitos da legisla\u00e7\u00e3o vigente \u00e0 \u00e9poca de sua autoriza\u00e7\u00e3o (estrutura end\u00f3gena com in\u00edcio ap\u00f3s o <em>city-gate<\/em> da distribuidora para mera movimenta\u00e7\u00e3o, refor\u00e7o e integra\u00e7\u00e3o do sistema de distribui\u00e7\u00e3o), alguns agentes transportadores v\u00eam pleiteando junto \u00e0 ANP (Ag\u00eancia Nacional do Petr\u00f3leo, G\u00e1s Natural e Biocombust\u00edveis) a requalifica\u00e7\u00e3o do Subida da Serra a fim de enquadr\u00e1-lo como um gasoduto de transporte.<\/p>\n\n\n\n<p>A despeito do posicionamento inicialmente favor\u00e1vel ao pleito das transportadoras, a ANP, ap\u00f3s visitar as obras do projeto e ouvir os esclarecimentos da Arsesp, concluiu que o gasoduto poderia mesmo ser operado como estrutura de distribui\u00e7\u00e3o.<\/p>\n\n\n\n<p>Foi elaborada, ent\u00e3o, minuta de acordo entre as ag\u00eancias reconhecendo a possibilidade de o Subida da Serra ser operado pela Comg\u00e1s como gasoduto de distribui\u00e7\u00e3o, desde que observados certos requisitos que em grande parte apenas refletem as suas pr\u00f3prias caracter\u00edsticas (cl\u00e1usulas 2.1.1 a 2.1.3 da minuta).<\/p>\n\n\n\n<p>A reda\u00e7\u00e3o final do termo se encontra em <a href=\"https:\/\/www.gov.br\/pt-br\/consultas-publicas-govbr\/anp-consulta-e-audiencia-publica-no-10-2022\">consulta p\u00fablica<\/a>, raz\u00e3o pela qual entendemos ser o momento oportuno para contribuir com as discuss\u00f5es, pluralizando o debate para a maior participa\u00e7\u00e3o da sociedade civil e contribuindo para a melhor decis\u00e3o das entidades p\u00fablicas envolvidas.<\/p>\n\n\n\n<p>Sobretudo porque, em resposta \u00e0 posi\u00e7\u00e3o agora mais refletida da ANP, alguns agentes de transporte apresentaram estudo contratado junto ao FGV-Ceri (Centro de Estudos e Regula\u00e7\u00e3o em Infraestrutura da Funda\u00e7\u00e3o Getulio Vargas), que, talvez at\u00e9 pela impossibilidade de se desconstituir juridicamente a classifica\u00e7\u00e3o dada pela ARSESP, focou em supostos aspectos econ\u00f4micos que decorreriam da atual qualifica\u00e7\u00e3o do Subida da Serra.<\/p>\n\n\n\n<p>O racioc\u00ednio constru\u00eddo \u00e9 simples \u2013 e tamb\u00e9m simplista: a opera\u00e7\u00e3o do Subida da Serra pela Comg\u00e1s faria com que a distribuidora adquirisse uma quantidade menor de g\u00e1s a ser entregue por meio do sistema de transporte, acarretando uma permanente redu\u00e7\u00e3o no volume de g\u00e1s movimentado pela malha das transportadoras e em uma queda na arrecada\u00e7\u00e3o daqueles agentes.<\/p>\n\n\n\n<p>Nesse contexto, o estudo d\u00e1 a entender que, como os ganhos das transportadoras seriam sempre garantidos, as tarifas de transporte seriam necessariamente aumentadas em uma eventual revis\u00e3o tarif\u00e1ria, encarecendo os pre\u00e7os praticados no restante da cadeia.<\/p>\n\n\n\n<p>Como solu\u00e7\u00e3o para esse problema, sustenta-se que o refor\u00e7o metropolitano deveria ser, ent\u00e3o, classificado como um gasoduto de transporte, pois, se assim o fosse, seria automaticamente incorporado \u00e0 malha da transportadora prejudicada, permitindo a recomposi\u00e7\u00e3o de seus preju\u00edzos.<\/p>\n\n\n\n<p>No entanto, as pr\u00f3prias premissas dessa constru\u00e7\u00e3o s\u00e3o equivocadas, o que acaba levando o estudo a conclus\u00f5es naturalmente inconsistentes.<\/p>\n\n\n\n<p>Vejamos, ent\u00e3o, alguns equ\u00edvocos e suposi\u00e7\u00f5es em quatro aspectos centrais do racioc\u00ednio desenvolvido pelo estudo.<\/p>\n\n\n\n<p><strong>Possibilidade de oferta de capacidade excedente ao fim dos contratos legados<br><\/strong>A proje\u00e7\u00e3o de queda na quantidade de g\u00e1s transportado e, portanto, na arrecada\u00e7\u00e3o das transportadoras, na forma aventada pelo estudo, n\u00e3o passa de mera suposi\u00e7\u00e3o.<\/p>\n\n\n\n<p>A capacidade de transporte de uma das principais transportadoras que atendem o mercado paulista (NTS Brasil), por exemplo, encontra-se integralmente contratada pela Petrobras por meio de contratos legados (contratos de longo prazo celebrados pela Petrobras junto \u00e0s transportadoras entre 2006 e 2011) que se encerram entre 2025 e 2031. At\u00e9 essas datas, independentemente de quaisquer varia\u00e7\u00f5es de mercado, a receita das transportadoras est\u00e1 j\u00e1 resguardada, nos termos daqueles contratos.<\/p>\n\n\n\n<p>No entanto, mesmo ap\u00f3s o vencimento desses ajustes, n\u00e3o h\u00e1 como afirmar que a capacidade de movimenta\u00e7\u00e3o daquele sistema n\u00e3o ser\u00e1 recontratada, ainda que por mais de um agente, ap\u00f3s a realiza\u00e7\u00e3o de chamada p\u00fablica.<\/p>\n\n\n\n<p>Mesmo que a quantidade de g\u00e1s fornecido pela Petrobras \u00e0 Comg\u00e1s diminua em raz\u00e3o do novo contrato de fornecimento firmado entre elas e aquela empresa, n\u00e3o se interesse em manter a capacidade atualmente contratada junto \u00e0s transportadoras (o que tamb\u00e9m n\u00e3o passa de mera suposi\u00e7\u00e3o), nada impede que outros carregadores interessados em fornecer g\u00e1s a clientes da regi\u00e3o Sudeste mantenham a movimenta\u00e7\u00e3o nos n\u00edveis atuais.<\/p>\n\n\n\n<p>Ilustrando essa possibilidade, n\u00fameros recentemente divulgados pela ANP indicam que o \u00edndice de participa\u00e7\u00e3o de mercado da Petrobras na oferta de g\u00e1s natural na malha integrada reduziu, apenas de 2021 para 2022, de 100% para 83%. Essa redu\u00e7\u00e3o, no entanto, foi compensada com a abertura do mercado para outros carregadores, fazendo com que a quantidade destes crescesse 900%, passando de dois para dezoito no mesmo per\u00edodo mencionado.<\/p>\n\n\n\n<p>Na regi\u00e3o Nordeste, onde o movimento foi mais intenso, a crescente participa\u00e7\u00e3o de vendedores de g\u00e1s natural foi capaz inclusive de aumentar a quantidade de g\u00e1s movimentada pela malha de transporte, mesmo em um cen\u00e1rio de redu\u00e7\u00e3o da participa\u00e7\u00e3o da Petrobras, conforme figura abaixo:<\/p>\n\n\n\n<figure class=\"wp-block-image size-full\"><img fetchpriority=\"high\" decoding=\"async\" width=\"424\" height=\"433\" src=\"https:\/\/agenciainfra.com\/blog\/wp-content\/uploads\/2023\/10\/image-1.png\" alt=\"\" class=\"wp-image-14529\" srcset=\"https:\/\/agenciainfra.com\/blog\/wp-content\/uploads\/2023\/10\/image-1.png 424w, https:\/\/agenciainfra.com\/blog\/wp-content\/uploads\/2023\/10\/image-1-294x300.png 294w, https:\/\/agenciainfra.com\/blog\/wp-content\/uploads\/2023\/10\/image-1-64x64.png 64w\" sizes=\"(max-width: 424px) 100vw, 424px\" \/><figcaption class=\"wp-element-caption\"><em>Volume de vendas de g\u00e1s natural na regi\u00e3o para o mercado n\u00e3o-t\u00e9rmico atendido pela malha integrada de gasodutos de transporte entre 2020 e 2023. <a href=\"https:\/\/www.gov.br\/anp\/pt-br\/canais_atendimento\/imprensa\/noticias-comunicados\/gas-natural-anp-implementa-medidas-para-a-abertura-do-mercado\">Fonte: ANP<\/a><\/em><\/figcaption><\/figure>\n\n\n\n<p>A maior oferta de g\u00e1s do pr\u00e9-sal e o aumento de consumo, principalmente diante de um pre\u00e7o mais baixo possibilitado pelo aumento da concorr\u00eancia, apenas refor\u00e7am que o mais prov\u00e1vel \u00e9 at\u00e9 que o volume de g\u00e1s transportado n\u00e3o sofra qualquer redu\u00e7\u00e3o caso seja mantida a atual classifica\u00e7\u00e3o do Subida da Serra.<\/p>\n\n\n\n<p><strong>Aus\u00eancia de garantia de receita: art. 9\u00ba da Lei do G\u00e1s<\/strong><br>A <a href=\"https:\/\/www.planalto.gov.br\/ccivil_03\/_ato2019-2022\/2021\/Lei\/L14134.htm\">Nova Lei do G\u00e1s<\/a> (Lei 14.134\/2021) teve por objetivo ampliar a competi\u00e7\u00e3o no setor, diminuindo a influ\u00eancia de agentes historicamente privilegiados, para beneficiar o consumidor final. Ainda que houvesse alguma redu\u00e7\u00e3o no volume transportado, \u00e9 preciso relativizar bastante a premissa de que as transportadoras poderiam, em raz\u00e3o disso, adotar medidas para conservar seus lucros.<\/p>\n\n\n\n<p>Por for\u00e7a sobretudo do art. 9\u00ba da Nova Lei do G\u00e1s, a receita m\u00e1xima permitida n\u00e3o se traduz em uma \u201creceita m\u00ednima garantida\u201d, que se manteria inalterada inclusive ap\u00f3s o vencimento dos pr\u00f3prios instrumentos que as definem. Afinal, expressa o artigo que a \u201c<em>receita n\u00e3o ser\u00e1, <strong>em nenhuma hip\u00f3tese<\/strong>, garantida pela Uni\u00e3o<\/em>\u201d. Violaria at\u00e9 mesmo o esp\u00edrito da lei uma interpreta\u00e7\u00e3o que buscasse garantir ao monopolista uma determinada receita, mesmo ap\u00f3s o fim de seus contratos atuais, em preju\u00edzo do mercado consumidor. \u201cM\u00e1xima\u201d n\u00e3o pode querer dizer \u201cm\u00ednima\u201d.<\/p>\n\n\n\n<p>Se, portanto, n\u00e3o h\u00e1 direito de recomposi\u00e7\u00e3o pela diminui\u00e7\u00e3o de receitas, tamb\u00e9m inexiste qualquer correla\u00e7\u00e3o absoluta entre a suposta diminui\u00e7\u00e3o do g\u00e1s transportado e um aumento das tarifas de transporte.<\/p>\n\n\n\n<p><strong>Multiplicidade de crit\u00e9rios para defini\u00e7\u00e3o das tarifas de transporte<br><\/strong>De toda sorte, ainda que o Subida da Serra viesse mesmo a resultar em uma menor movimenta\u00e7\u00e3o de g\u00e1s pela malha de transporte e que houvesse alguma garantia de receita para as transportadoras, \u00e9 imposs\u00edvel afirmar que, apenas desses fatores isolados, decorreria um necess\u00e1rio aumento tarif\u00e1rio.<\/p>\n\n\n\n<p>Por for\u00e7a dos arts. 3\u00ba e 13 da Nova Lei do G\u00e1s e dos dispositivos da <a href=\"https:\/\/atosoficiais.com.br\/anp\/resolucao-n-15-2014?origin=instituicao&amp;q=15\/2014\">Resolu\u00e7\u00e3o ANP 15\/2014<\/a>, a defini\u00e7\u00e3o e a revis\u00e3o das tarifas de transporte se baseiam em diversos outros fatores que n\u00e3o s\u00f3 a quantidade de g\u00e1s movimentada, como (i) o aumento ou a redu\u00e7\u00e3o dos custos de opera\u00e7\u00e3o; (ii) a deprecia\u00e7\u00e3o dos ativos de transporte; e (iii) a amortiza\u00e7\u00e3o dos bens utilizados na atividade etc.<\/p>\n\n\n\n<p>Essa l\u00f3gica parece ter sido reconhecida pelo pr\u00f3prio Estudo, ao admitir que as consequ\u00eancias projetadas foram alcan\u00e7adas \u201cao <strong>isolar<\/strong> o efeito [da movimenta\u00e7\u00e3o] para as tarifas atuais das transportadoras\u201d.<\/p>\n\n\n\n<p>Todavia, em um contexto em que diversos crit\u00e9rios devem ser considerados, quaisquer proje\u00e7\u00f5es isoladas acabam por n\u00e3o refletir a realidade, levando a resultados que muito provavelmente nem t\u00eam como se materializar na pr\u00e1tica.<\/p>\n\n\n\n<p>Na realidade, se todos os crit\u00e9rios legais e regulamentares fossem considerados em uma eventual revis\u00e3o tarif\u00e1ria, o mais prov\u00e1vel \u00e9 que ocorresse uma <strong>redu\u00e7\u00e3o<\/strong> dos pre\u00e7os de transporte, tendo em vista o cen\u00e1rio de baix\u00edssimos investimentos no segmento, em sua maior parte amortizados e depreciados pelo tempo.<\/p>\n\n\n\n<p><strong>Qualifica\u00e7\u00e3o como de transporte n\u00e3o afastaria as consequ\u00eancias mencionadas pelo estudo<\/strong><br>Por fim, ainda que toda a l\u00f3gica pressuposta pelo estudo estivesse correta, a reclassifica\u00e7\u00e3o do Subida da Serra n\u00e3o seria suficiente para superar a suposta queda de receitas das transportadoras que alegadamente aumentaria os pre\u00e7os de transporte. Afinal, n\u00e3o haveria garantia de que o Subida da Serra, enquanto eventual <strong>novo<\/strong> gasoduto de transporte, seria incorporado \u00e0 malha das transportadoras teoricamente prejudicadas.<\/p>\n\n\n\n<p>Isso porque o art. 12 da Nova Lei do G\u00e1s determina que deve ser realizado \u201c<em>processo seletivo p\u00fablico para identificar a exist\u00eancia de transportador interessado<\/em>\u201d na opera\u00e7\u00e3o de novas estruturas, limitando eventual direito de prefer\u00eancia \u00e0s hip\u00f3teses de <strong>amplia\u00e7\u00e3o <\/strong>de gasodutos j\u00e1 existentes. Seria, pois, plenamente poss\u00edvel que o Subida da Serra fosse operado por outro agente que n\u00e3o aqueles suscitados como potenciais prejudicados, persistindo, assim, o cen\u00e1rio cogitado.<\/p>\n\n\n\n<p><strong>Considera\u00e7\u00f5es finais<\/strong><br>O escopo do Subida da Serra \u00e9 otimizar a rede de distribui\u00e7\u00e3o de g\u00e1s do estado de S\u00e3o Paulo, por meio de estrutura end\u00f3gena ao sistema local, de modo a garantir maior seguran\u00e7a energ\u00e9tica a \u00e1reas amea\u00e7adas de desabastecimento e economia para os consumidores paulistas em raz\u00e3o de desenho operacional mais eficiente que permite a amplia\u00e7\u00e3o da concorr\u00eancia no fornecimento.<\/p>\n\n\n\n<p>Essas s\u00e3o as consequ\u00eancias que, de fato, decorrer\u00e3o do projeto. Quaisquer outras suposi\u00e7\u00f5es se reduzem a um exerc\u00edcio falho de futurologia imposs\u00edvel de ser afian\u00e7ado.<\/p>\n\n\n\n<p>O estudo em quest\u00e3o, apesar de certamente bem-intencionado, n\u00e3o pode servir como par\u00e2metro para qualquer avalia\u00e7\u00e3o da ANP quanto \u00e0 conveni\u00eancia do acordo que encerrar\u00e1 o imbr\u00f3glio.&nbsp; Esperamos assim contribuir com os debates p\u00fablicos em curso, exortando todos \u00e0 promo\u00e7\u00e3o de ainda maior di\u00e1logo sobre os relevantes temas do setor de g\u00e1s.<\/p>\n\n\n\n<h6 class=\"wp-block-heading\" id=\"block-f323f59b-51bf-4eed-b17b-3c7d3b917007\"><strong>*Alexandre Santos de Arag\u00e3o \u00e9 doutor em Direito do Estado pela USP (Universidade de S\u00e3o Paulo), professor titular de Direito Administrativo da UERJ (Universidade do Estado do Rio de Janeiro) e professor de Direito do Petr\u00f3leo do doutorado da UERJ.<\/strong><\/h6>\n\n\n\n<h5 class=\"wp-block-heading\" id=\"block-5ef42db3-2ed1-4178-8ab5-7a7f312ba102\">As opini\u00f5es dos autores n\u00e3o refletem necessariamente o pensamento da Ag\u00eancia iNFRA, sendo de total responsabilidade do autor as informa\u00e7\u00f5es, ju\u00edzos de valor e conceitos descritos no texto.<\/h5>\n","protected":false},"excerpt":{"rendered":"<p>Alexandre Santos de Arag\u00e3o* Nos \u00faltimos anos, uma das mais relevantes discuss\u00f5es do setor de g\u00e1s natural diz respeito \u00e0 possibilidade de reclassifica\u00e7\u00e3o do gasoduto Subida da Serra, estrutura de distribui\u00e7\u00e3o end\u00f3gena \u00e0 malha da Comg\u00e1s, devidamente autorizada pela ARSESP (Ag\u00eancia Reguladora de Servi\u00e7os P\u00fablicos do Estado de S\u00e3o Paulo) e tamb\u00e9m chamada de \u201crefor\u00e7o [&hellip;]<\/p>\n","protected":false},"author":1,"featured_media":14530,"comment_status":"closed","ping_status":"closed","sticky":false,"template":"","format":"standard","meta":{"_monsterinsights_skip_tracking":false,"_monsterinsights_sitenote_active":false,"_monsterinsights_sitenote_note":"","_monsterinsights_sitenote_category":0,"footnotes":""},"categories":[1,11],"tags":[46,7646,1101,2829,4685,6013,341,6486,7647,507],"class_list":["post-14528","post","type-post","status-publish","format-standard","has-post-thumbnail","hentry","category-geral","category-infradebate","tag-agencias-reguladoras","tag-alexandre-santos-de-aragao","tag-anp","tag-arsesp","tag-comgas","tag-fgv-ceri-2","tag-gasodutos","tag-lei-14-134-2021","tag-resolucao-anp-15-2014","tag-subida-da-serra"],"yoast_head":"<!-- This site is optimized with the Yoast SEO Premium plugin v25.4 (Yoast SEO v26.0) - https:\/\/yoast.com\/wordpress\/plugins\/seo\/ -->\n<title>iNFRADebate: Os equ\u00edvocos e meras suposi\u00e7\u00f5es sobre o gasoduto de distribui\u00e7\u00e3o Subida da Serra - Ag\u00eancia iNFRA<\/title>\n<meta name=\"robots\" content=\"index, follow, max-snippet:-1, max-image-preview:large, max-video-preview:-1\" \/>\n<link rel=\"canonical\" href=\"https:\/\/agenciainfra.com\/blog\/infradebate-os-equivocos-e-meras-suposicoes-sobre-o-gasoduto-de-distribuicao-subida-da-serra\/\" \/>\n<meta property=\"og:locale\" content=\"pt_BR\" \/>\n<meta property=\"og:type\" content=\"article\" \/>\n<meta property=\"og:title\" content=\"iNFRADebate: Os equ\u00edvocos e meras suposi\u00e7\u00f5es sobre o gasoduto de distribui\u00e7\u00e3o Subida da Serra\" \/>\n<meta property=\"og:description\" content=\"Alexandre Santos de Arag\u00e3o* Nos \u00faltimos anos, uma das mais relevantes discuss\u00f5es do setor de g\u00e1s natural diz respeito \u00e0 possibilidade de reclassifica\u00e7\u00e3o do gasoduto Subida da Serra, estrutura de distribui\u00e7\u00e3o end\u00f3gena \u00e0 malha da Comg\u00e1s, devidamente autorizada pela ARSESP (Ag\u00eancia Reguladora de Servi\u00e7os P\u00fablicos do Estado de S\u00e3o Paulo) e tamb\u00e9m chamada de \u201crefor\u00e7o [&hellip;]\" \/>\n<meta property=\"og:url\" content=\"https:\/\/agenciainfra.com\/blog\/infradebate-os-equivocos-e-meras-suposicoes-sobre-o-gasoduto-de-distribuicao-subida-da-serra\/\" \/>\n<meta property=\"og:site_name\" content=\"Ag\u00eancia iNFRA\" \/>\n<meta property=\"article:publisher\" content=\"https:\/\/www.facebook.com\/ageninfra\" \/>\n<meta property=\"article:published_time\" content=\"2023-10-25T15:00:00+00:00\" \/>\n<meta property=\"article:modified_time\" content=\"2023-10-26T14:55:05+00:00\" \/>\n<meta property=\"og:image\" content=\"https:\/\/agenciainfra.com\/blog\/wp-content\/uploads\/2023\/10\/alexandre-santos-de-aragao-foto-acervo-pessoal.jpg\" \/>\n\t<meta property=\"og:image:width\" content=\"1202\" \/>\n\t<meta property=\"og:image:height\" content=\"801\" \/>\n\t<meta property=\"og:image:type\" content=\"image\/jpeg\" \/>\n<meta name=\"author\" content=\"Ag\u00eancia iNFRA\" \/>\n<meta name=\"twitter:card\" content=\"summary_large_image\" \/>\n<meta name=\"twitter:creator\" content=\"@agencia_infra\" \/>\n<meta name=\"twitter:site\" content=\"@agencia_infra\" \/>\n<meta name=\"twitter:label1\" content=\"Escrito por\" \/>\n\t<meta name=\"twitter:data1\" content=\"Ag\u00eancia iNFRA\" \/>\n\t<meta name=\"twitter:label2\" content=\"Est. tempo de leitura\" \/>\n\t<meta name=\"twitter:data2\" content=\"9 minutos\" \/>\n<script type=\"application\/ld+json\" class=\"yoast-schema-graph\">{\"@context\":\"https:\/\/schema.org\",\"@graph\":[{\"@type\":\"Article\",\"@id\":\"https:\/\/agenciainfra.com\/blog\/infradebate-os-equivocos-e-meras-suposicoes-sobre-o-gasoduto-de-distribuicao-subida-da-serra\/#article\",\"isPartOf\":{\"@id\":\"https:\/\/agenciainfra.com\/blog\/infradebate-os-equivocos-e-meras-suposicoes-sobre-o-gasoduto-de-distribuicao-subida-da-serra\/\"},\"author\":{\"name\":\"Ag\u00eancia iNFRA\",\"@id\":\"https:\/\/agenciainfra.com\/blog\/#\/schema\/person\/34af08dff6adea4cb22b06612ba7acfa\"},\"headline\":\"iNFRADebate: Os equ\u00edvocos e meras suposi\u00e7\u00f5es sobre o gasoduto de distribui\u00e7\u00e3o Subida da Serra\",\"datePublished\":\"2023-10-25T15:00:00+00:00\",\"dateModified\":\"2023-10-26T14:55:05+00:00\",\"mainEntityOfPage\":{\"@id\":\"https:\/\/agenciainfra.com\/blog\/infradebate-os-equivocos-e-meras-suposicoes-sobre-o-gasoduto-de-distribuicao-subida-da-serra\/\"},\"wordCount\":1857,\"publisher\":{\"@id\":\"https:\/\/agenciainfra.com\/blog\/#organization\"},\"image\":{\"@id\":\"https:\/\/agenciainfra.com\/blog\/infradebate-os-equivocos-e-meras-suposicoes-sobre-o-gasoduto-de-distribuicao-subida-da-serra\/#primaryimage\"},\"thumbnailUrl\":\"https:\/\/agenciainfra.com\/blog\/wp-content\/uploads\/2023\/10\/alexandre-santos-de-aragao-foto-acervo-pessoal.jpg\",\"keywords\":[\"Ag\u00eancias Reguladoras\",\"Alexandre Santos de Arag\u00e3o\",\"ANP\",\"Arsesp\",\"Comg\u00e1s\",\"FGV-Ceri\",\"gasodutos\",\"Lei 14.134\/2021\",\"Resolu\u00e7\u00e3o ANP 15\/2014\",\"Subida da Serra\"],\"articleSection\":[\"Geral\",\"iNFRADebate\"],\"inLanguage\":\"pt-BR\",\"copyrightYear\":\"2023\",\"copyrightHolder\":{\"@id\":\"https:\/\/agenciainfra.com\/blog\/#organization\"}},{\"@type\":\"WebPage\",\"@id\":\"https:\/\/agenciainfra.com\/blog\/infradebate-os-equivocos-e-meras-suposicoes-sobre-o-gasoduto-de-distribuicao-subida-da-serra\/\",\"url\":\"https:\/\/agenciainfra.com\/blog\/infradebate-os-equivocos-e-meras-suposicoes-sobre-o-gasoduto-de-distribuicao-subida-da-serra\/\",\"name\":\"iNFRADebate: Os equ\u00edvocos e meras suposi\u00e7\u00f5es sobre o gasoduto de distribui\u00e7\u00e3o Subida da Serra - Ag\u00eancia iNFRA\",\"isPartOf\":{\"@id\":\"https:\/\/agenciainfra.com\/blog\/#website\"},\"primaryImageOfPage\":{\"@id\":\"https:\/\/agenciainfra.com\/blog\/infradebate-os-equivocos-e-meras-suposicoes-sobre-o-gasoduto-de-distribuicao-subida-da-serra\/#primaryimage\"},\"image\":{\"@id\":\"https:\/\/agenciainfra.com\/blog\/infradebate-os-equivocos-e-meras-suposicoes-sobre-o-gasoduto-de-distribuicao-subida-da-serra\/#primaryimage\"},\"thumbnailUrl\":\"https:\/\/agenciainfra.com\/blog\/wp-content\/uploads\/2023\/10\/alexandre-santos-de-aragao-foto-acervo-pessoal.jpg\",\"datePublished\":\"2023-10-25T15:00:00+00:00\",\"dateModified\":\"2023-10-26T14:55:05+00:00\",\"breadcrumb\":{\"@id\":\"https:\/\/agenciainfra.com\/blog\/infradebate-os-equivocos-e-meras-suposicoes-sobre-o-gasoduto-de-distribuicao-subida-da-serra\/#breadcrumb\"},\"inLanguage\":\"pt-BR\",\"potentialAction\":[{\"@type\":\"ReadAction\",\"target\":[\"https:\/\/agenciainfra.com\/blog\/infradebate-os-equivocos-e-meras-suposicoes-sobre-o-gasoduto-de-distribuicao-subida-da-serra\/\"]}]},{\"@type\":\"ImageObject\",\"inLanguage\":\"pt-BR\",\"@id\":\"https:\/\/agenciainfra.com\/blog\/infradebate-os-equivocos-e-meras-suposicoes-sobre-o-gasoduto-de-distribuicao-subida-da-serra\/#primaryimage\",\"url\":\"https:\/\/agenciainfra.com\/blog\/wp-content\/uploads\/2023\/10\/alexandre-santos-de-aragao-foto-acervo-pessoal.jpg\",\"contentUrl\":\"https:\/\/agenciainfra.com\/blog\/wp-content\/uploads\/2023\/10\/alexandre-santos-de-aragao-foto-acervo-pessoal.jpg\",\"width\":1202,\"height\":801},{\"@type\":\"BreadcrumbList\",\"@id\":\"https:\/\/agenciainfra.com\/blog\/infradebate-os-equivocos-e-meras-suposicoes-sobre-o-gasoduto-de-distribuicao-subida-da-serra\/#breadcrumb\",\"itemListElement\":[{\"@type\":\"ListItem\",\"position\":1,\"name\":\"In\u00edcio\",\"item\":\"https:\/\/agenciainfra.com\/blog\/\"},{\"@type\":\"ListItem\",\"position\":2,\"name\":\"iNFRADebate: Os equ\u00edvocos e meras suposi\u00e7\u00f5es sobre o gasoduto de distribui\u00e7\u00e3o Subida da Serra\"}]},{\"@type\":\"WebSite\",\"@id\":\"https:\/\/agenciainfra.com\/blog\/#website\",\"url\":\"https:\/\/agenciainfra.com\/blog\/\",\"name\":\"Ag\u00eancia iNFRA\",\"description\":\"Multiplataforma de informa\u00e7\u00e3o jornal\u00edstica refer\u00eancia na \u00e1rea de infraestrutura no Brasil!\",\"publisher\":{\"@id\":\"https:\/\/agenciainfra.com\/blog\/#organization\"},\"potentialAction\":[{\"@type\":\"SearchAction\",\"target\":{\"@type\":\"EntryPoint\",\"urlTemplate\":\"https:\/\/agenciainfra.com\/blog\/?s={search_term_string}\"},\"query-input\":{\"@type\":\"PropertyValueSpecification\",\"valueRequired\":true,\"valueName\":\"search_term_string\"}}],\"inLanguage\":\"pt-BR\"},{\"@type\":\"Organization\",\"@id\":\"https:\/\/agenciainfra.com\/blog\/#organization\",\"name\":\"Ag\u00eancia iNFRA\",\"url\":\"https:\/\/agenciainfra.com\/blog\/\",\"logo\":{\"@type\":\"ImageObject\",\"inLanguage\":\"pt-BR\",\"@id\":\"https:\/\/agenciainfra.com\/blog\/#\/schema\/logo\/image\/\",\"url\":\"https:\/\/agenciainfra.com\/blog\/wp-content\/uploads\/2023\/09\/iNFRA_5-e1761735885940.png\",\"contentUrl\":\"https:\/\/agenciainfra.com\/blog\/wp-content\/uploads\/2023\/09\/iNFRA_5-e1761735885940.png\",\"width\":1672,\"height\":454,\"caption\":\"Ag\u00eancia iNFRA\"},\"image\":{\"@id\":\"https:\/\/agenciainfra.com\/blog\/#\/schema\/logo\/image\/\"},\"sameAs\":[\"https:\/\/www.facebook.com\/ageninfra\",\"https:\/\/x.com\/agencia_infra\",\"https:\/\/www.linkedin.com\/company\/ag\u00eanciainfra\/\",\"https:\/\/www.instagram.com\/agenciainfra\/\"]},{\"@type\":\"Person\",\"@id\":\"https:\/\/agenciainfra.com\/blog\/#\/schema\/person\/34af08dff6adea4cb22b06612ba7acfa\",\"name\":\"Ag\u00eancia iNFRA\",\"image\":{\"@type\":\"ImageObject\",\"inLanguage\":\"pt-BR\",\"@id\":\"https:\/\/agenciainfra.com\/blog\/#\/schema\/person\/image\/\",\"url\":\"https:\/\/secure.gravatar.com\/avatar\/d189e01678f06d8eb84d4e01f08eb848b3fffe3f8443818d3c356c66892f5be8?s=96&d=mm&r=g\",\"contentUrl\":\"https:\/\/secure.gravatar.com\/avatar\/d189e01678f06d8eb84d4e01f08eb848b3fffe3f8443818d3c356c66892f5be8?s=96&d=mm&r=g\",\"caption\":\"Ag\u00eancia iNFRA\"},\"url\":\"https:\/\/agenciainfra.com\/blog\/author\/admin\/\"}]}<\/script>\n<!-- \/ Yoast SEO Premium plugin. -->","yoast_head_json":{"title":"iNFRADebate: Os equ\u00edvocos e meras suposi\u00e7\u00f5es sobre o gasoduto de distribui\u00e7\u00e3o Subida da Serra - Ag\u00eancia iNFRA","robots":{"index":"index","follow":"follow","max-snippet":"max-snippet:-1","max-image-preview":"max-image-preview:large","max-video-preview":"max-video-preview:-1"},"canonical":"https:\/\/agenciainfra.com\/blog\/infradebate-os-equivocos-e-meras-suposicoes-sobre-o-gasoduto-de-distribuicao-subida-da-serra\/","og_locale":"pt_BR","og_type":"article","og_title":"iNFRADebate: Os equ\u00edvocos e meras suposi\u00e7\u00f5es sobre o gasoduto de distribui\u00e7\u00e3o Subida da Serra","og_description":"Alexandre Santos de Arag\u00e3o* Nos \u00faltimos anos, uma das mais relevantes discuss\u00f5es do setor de g\u00e1s natural diz respeito \u00e0 possibilidade de reclassifica\u00e7\u00e3o do gasoduto Subida da Serra, estrutura de distribui\u00e7\u00e3o end\u00f3gena \u00e0 malha da Comg\u00e1s, devidamente autorizada pela ARSESP (Ag\u00eancia Reguladora de Servi\u00e7os P\u00fablicos do Estado de S\u00e3o Paulo) e tamb\u00e9m chamada de \u201crefor\u00e7o [&hellip;]","og_url":"https:\/\/agenciainfra.com\/blog\/infradebate-os-equivocos-e-meras-suposicoes-sobre-o-gasoduto-de-distribuicao-subida-da-serra\/","og_site_name":"Ag\u00eancia iNFRA","article_publisher":"https:\/\/www.facebook.com\/ageninfra","article_published_time":"2023-10-25T15:00:00+00:00","article_modified_time":"2023-10-26T14:55:05+00:00","og_image":[{"width":1202,"height":801,"url":"https:\/\/agenciainfra.com\/blog\/wp-content\/uploads\/2023\/10\/alexandre-santos-de-aragao-foto-acervo-pessoal.jpg","type":"image\/jpeg"}],"author":"Ag\u00eancia iNFRA","twitter_card":"summary_large_image","twitter_creator":"@agencia_infra","twitter_site":"@agencia_infra","twitter_misc":{"Escrito por":"Ag\u00eancia iNFRA","Est. tempo de leitura":"9 minutos"},"schema":{"@context":"https:\/\/schema.org","@graph":[{"@type":"Article","@id":"https:\/\/agenciainfra.com\/blog\/infradebate-os-equivocos-e-meras-suposicoes-sobre-o-gasoduto-de-distribuicao-subida-da-serra\/#article","isPartOf":{"@id":"https:\/\/agenciainfra.com\/blog\/infradebate-os-equivocos-e-meras-suposicoes-sobre-o-gasoduto-de-distribuicao-subida-da-serra\/"},"author":{"name":"Ag\u00eancia iNFRA","@id":"https:\/\/agenciainfra.com\/blog\/#\/schema\/person\/34af08dff6adea4cb22b06612ba7acfa"},"headline":"iNFRADebate: Os equ\u00edvocos e meras suposi\u00e7\u00f5es sobre o gasoduto de distribui\u00e7\u00e3o Subida da Serra","datePublished":"2023-10-25T15:00:00+00:00","dateModified":"2023-10-26T14:55:05+00:00","mainEntityOfPage":{"@id":"https:\/\/agenciainfra.com\/blog\/infradebate-os-equivocos-e-meras-suposicoes-sobre-o-gasoduto-de-distribuicao-subida-da-serra\/"},"wordCount":1857,"publisher":{"@id":"https:\/\/agenciainfra.com\/blog\/#organization"},"image":{"@id":"https:\/\/agenciainfra.com\/blog\/infradebate-os-equivocos-e-meras-suposicoes-sobre-o-gasoduto-de-distribuicao-subida-da-serra\/#primaryimage"},"thumbnailUrl":"https:\/\/agenciainfra.com\/blog\/wp-content\/uploads\/2023\/10\/alexandre-santos-de-aragao-foto-acervo-pessoal.jpg","keywords":["Ag\u00eancias Reguladoras","Alexandre Santos de Arag\u00e3o","ANP","Arsesp","Comg\u00e1s","FGV-Ceri","gasodutos","Lei 14.134\/2021","Resolu\u00e7\u00e3o ANP 15\/2014","Subida da Serra"],"articleSection":["Geral","iNFRADebate"],"inLanguage":"pt-BR","copyrightYear":"2023","copyrightHolder":{"@id":"https:\/\/agenciainfra.com\/blog\/#organization"}},{"@type":"WebPage","@id":"https:\/\/agenciainfra.com\/blog\/infradebate-os-equivocos-e-meras-suposicoes-sobre-o-gasoduto-de-distribuicao-subida-da-serra\/","url":"https:\/\/agenciainfra.com\/blog\/infradebate-os-equivocos-e-meras-suposicoes-sobre-o-gasoduto-de-distribuicao-subida-da-serra\/","name":"iNFRADebate: Os equ\u00edvocos e meras suposi\u00e7\u00f5es sobre o gasoduto de distribui\u00e7\u00e3o Subida da Serra - Ag\u00eancia iNFRA","isPartOf":{"@id":"https:\/\/agenciainfra.com\/blog\/#website"},"primaryImageOfPage":{"@id":"https:\/\/agenciainfra.com\/blog\/infradebate-os-equivocos-e-meras-suposicoes-sobre-o-gasoduto-de-distribuicao-subida-da-serra\/#primaryimage"},"image":{"@id":"https:\/\/agenciainfra.com\/blog\/infradebate-os-equivocos-e-meras-suposicoes-sobre-o-gasoduto-de-distribuicao-subida-da-serra\/#primaryimage"},"thumbnailUrl":"https:\/\/agenciainfra.com\/blog\/wp-content\/uploads\/2023\/10\/alexandre-santos-de-aragao-foto-acervo-pessoal.jpg","datePublished":"2023-10-25T15:00:00+00:00","dateModified":"2023-10-26T14:55:05+00:00","breadcrumb":{"@id":"https:\/\/agenciainfra.com\/blog\/infradebate-os-equivocos-e-meras-suposicoes-sobre-o-gasoduto-de-distribuicao-subida-da-serra\/#breadcrumb"},"inLanguage":"pt-BR","potentialAction":[{"@type":"ReadAction","target":["https:\/\/agenciainfra.com\/blog\/infradebate-os-equivocos-e-meras-suposicoes-sobre-o-gasoduto-de-distribuicao-subida-da-serra\/"]}]},{"@type":"ImageObject","inLanguage":"pt-BR","@id":"https:\/\/agenciainfra.com\/blog\/infradebate-os-equivocos-e-meras-suposicoes-sobre-o-gasoduto-de-distribuicao-subida-da-serra\/#primaryimage","url":"https:\/\/agenciainfra.com\/blog\/wp-content\/uploads\/2023\/10\/alexandre-santos-de-aragao-foto-acervo-pessoal.jpg","contentUrl":"https:\/\/agenciainfra.com\/blog\/wp-content\/uploads\/2023\/10\/alexandre-santos-de-aragao-foto-acervo-pessoal.jpg","width":1202,"height":801},{"@type":"BreadcrumbList","@id":"https:\/\/agenciainfra.com\/blog\/infradebate-os-equivocos-e-meras-suposicoes-sobre-o-gasoduto-de-distribuicao-subida-da-serra\/#breadcrumb","itemListElement":[{"@type":"ListItem","position":1,"name":"In\u00edcio","item":"https:\/\/agenciainfra.com\/blog\/"},{"@type":"ListItem","position":2,"name":"iNFRADebate: Os equ\u00edvocos e meras suposi\u00e7\u00f5es sobre o gasoduto de distribui\u00e7\u00e3o Subida da Serra"}]},{"@type":"WebSite","@id":"https:\/\/agenciainfra.com\/blog\/#website","url":"https:\/\/agenciainfra.com\/blog\/","name":"Ag\u00eancia iNFRA","description":"Multiplataforma de informa\u00e7\u00e3o jornal\u00edstica refer\u00eancia na \u00e1rea de infraestrutura no Brasil!","publisher":{"@id":"https:\/\/agenciainfra.com\/blog\/#organization"},"potentialAction":[{"@type":"SearchAction","target":{"@type":"EntryPoint","urlTemplate":"https:\/\/agenciainfra.com\/blog\/?s={search_term_string}"},"query-input":{"@type":"PropertyValueSpecification","valueRequired":true,"valueName":"search_term_string"}}],"inLanguage":"pt-BR"},{"@type":"Organization","@id":"https:\/\/agenciainfra.com\/blog\/#organization","name":"Ag\u00eancia iNFRA","url":"https:\/\/agenciainfra.com\/blog\/","logo":{"@type":"ImageObject","inLanguage":"pt-BR","@id":"https:\/\/agenciainfra.com\/blog\/#\/schema\/logo\/image\/","url":"https:\/\/agenciainfra.com\/blog\/wp-content\/uploads\/2023\/09\/iNFRA_5-e1761735885940.png","contentUrl":"https:\/\/agenciainfra.com\/blog\/wp-content\/uploads\/2023\/09\/iNFRA_5-e1761735885940.png","width":1672,"height":454,"caption":"Ag\u00eancia iNFRA"},"image":{"@id":"https:\/\/agenciainfra.com\/blog\/#\/schema\/logo\/image\/"},"sameAs":["https:\/\/www.facebook.com\/ageninfra","https:\/\/x.com\/agencia_infra","https:\/\/www.linkedin.com\/company\/ag\u00eanciainfra\/","https:\/\/www.instagram.com\/agenciainfra\/"]},{"@type":"Person","@id":"https:\/\/agenciainfra.com\/blog\/#\/schema\/person\/34af08dff6adea4cb22b06612ba7acfa","name":"Ag\u00eancia iNFRA","image":{"@type":"ImageObject","inLanguage":"pt-BR","@id":"https:\/\/agenciainfra.com\/blog\/#\/schema\/person\/image\/","url":"https:\/\/secure.gravatar.com\/avatar\/d189e01678f06d8eb84d4e01f08eb848b3fffe3f8443818d3c356c66892f5be8?s=96&d=mm&r=g","contentUrl":"https:\/\/secure.gravatar.com\/avatar\/d189e01678f06d8eb84d4e01f08eb848b3fffe3f8443818d3c356c66892f5be8?s=96&d=mm&r=g","caption":"Ag\u00eancia iNFRA"},"url":"https:\/\/agenciainfra.com\/blog\/author\/admin\/"}]}},"_links":{"self":[{"href":"https:\/\/agenciainfra.com\/blog\/wp-json\/wp\/v2\/posts\/14528","targetHints":{"allow":["GET"]}}],"collection":[{"href":"https:\/\/agenciainfra.com\/blog\/wp-json\/wp\/v2\/posts"}],"about":[{"href":"https:\/\/agenciainfra.com\/blog\/wp-json\/wp\/v2\/types\/post"}],"author":[{"embeddable":true,"href":"https:\/\/agenciainfra.com\/blog\/wp-json\/wp\/v2\/users\/1"}],"replies":[{"embeddable":true,"href":"https:\/\/agenciainfra.com\/blog\/wp-json\/wp\/v2\/comments?post=14528"}],"version-history":[{"count":0,"href":"https:\/\/agenciainfra.com\/blog\/wp-json\/wp\/v2\/posts\/14528\/revisions"}],"wp:featuredmedia":[{"embeddable":true,"href":"https:\/\/agenciainfra.com\/blog\/wp-json\/wp\/v2\/media\/14530"}],"wp:attachment":[{"href":"https:\/\/agenciainfra.com\/blog\/wp-json\/wp\/v2\/media?parent=14528"}],"wp:term":[{"taxonomy":"category","embeddable":true,"href":"https:\/\/agenciainfra.com\/blog\/wp-json\/wp\/v2\/categories?post=14528"},{"taxonomy":"post_tag","embeddable":true,"href":"https:\/\/agenciainfra.com\/blog\/wp-json\/wp\/v2\/tags?post=14528"}],"curies":[{"name":"wp","href":"https:\/\/api.w.org\/{rel}","templated":true}]}}