{"id":1455,"date":"2018-04-16T07:30:09","date_gmt":"2018-04-16T10:30:09","guid":{"rendered":"http:\/\/www.agenciainfra.com\/blog\/?p=1455"},"modified":"2018-04-14T19:21:59","modified_gmt":"2018-04-14T22:21:59","slug":"governo-federal-prepara-documentos-para-iniciar-em-maio-consulta-publica-para-conceder-a-fiol","status":"publish","type":"post","link":"https:\/\/agenciainfra.com\/blog\/governo-federal-prepara-documentos-para-iniciar-em-maio-consulta-publica-para-conceder-a-fiol\/","title":{"rendered":"Governo federal prepara documentos para iniciar em maio consulta p\u00fablica para conceder a Fiol"},"content":{"rendered":"<h5 style=\"text-align: right;\"><strong>Dimmi Amora, da Ag\u00eancia iNFRA<\/strong><\/h5>\n<p>O governo federal prepara os detalhes finais para apresentar, ainda em maio, consulta p\u00fablica para a concess\u00e3o da FIOL (Ferrovia de Integra\u00e7\u00e3o Oeste Leste), no trecho entre Ilh\u00e9us e Caetit\u00e9 (BA). A expectativa \u00e9 realizar ainda este ano a concess\u00e3o.<\/p>\n<p>Com as obras iniciadas no come\u00e7o desta d\u00e9cada, o trecho da ferrovia tem cerca de 537 quil\u00f4metros, sendo que 72% de avan\u00e7o f\u00edsico nas obras. Os trabalhos, no entanto, est\u00e3o praticamente paralisados por falta de recursos, entre outros problemas.<\/p>\n<p>Al\u00e9m desse trecho, o governo avalia se permite ao vencedor da concess\u00e3o, num prazo previamente especificado, fazer por conta e risco uma segunda etapa da obra at\u00e9 Bom Jesus da Lapa (BA), onde o governo j\u00e1 construiu a ponte para passar pelo Rio S\u00e3o Francisco. Esse peda\u00e7o de cerca de 200\u00a0quil\u00f4metros fazia parte de uma segunda etapa da FIOL que iria at\u00e9 Barreiras (BA), mas que foi paralisada praticamente em seu in\u00edcio.<\/p>\n<p>O governo quer deixar como op\u00e7\u00e3o fazer a concess\u00e3o at\u00e9 Bom Jesus para aumentar a capacidade de carga da via. Al\u00e9m das cargas da regi\u00e3o de Barreiras, poderiam ser captadas, por meio de transporte rodovi\u00e1rio, cargas de cidades do norte de Minas Gerais.<\/p>\n<p>Se a concession\u00e1ria n\u00e3o construir num determinado prazo, o trecho entraria em outra concess\u00e3o posterior, j\u00e1 que a inten\u00e7\u00e3o \u00e9 ligar \u00e0 FIOL \u00e0 FNS (Ferrovia Norte-Sul) e, em seguida, construir a FICO (Ferrovia de Integra\u00e7\u00e3o do Centro Oeste).<\/p>\n<p>\u201cO futuro para essa ferrovia \u00e9 promissor com a integra\u00e7\u00e3o dela \u00e0 Norte-Sul. \u00c9 uma ferrovia que j\u00e1 temos empresas interessadas em operar\u201d, afirmou Adalberto Vasconcellos, secret\u00e1rio do PPI (Programa de Parceria de Investimentos), que vai \u00e0 China esta semana para apresentar o projeto a interessados.<\/p>\n<p><strong>TUP em Ilh\u00e9us<\/strong><br \/>\nSegundo Vasconcellos, tamb\u00e9m j\u00e1 est\u00e1 acertada a solu\u00e7\u00e3o de\u00a0um outro problema para a ferrovia, que \u00e9 a constru\u00e7\u00e3o de um porto em Ilh\u00e9us (BA), capaz de receber as cargas. Segundo ele, o governo do estado da Bahia e empresas j\u00e1 t\u00eam autoriza\u00e7\u00e3o para constru\u00e7\u00e3o de um TUP (Terminal de Uso Privado), o que seria mais apropriado para o projeto. N\u00e3o h\u00e1 mais possibilidade de fazer uma concess\u00e3o \u00fanica de porto e ferrovia, como j\u00e1 se apresentou.<\/p>\n<p>Esses TUPs, no entanto, t\u00eam prazo estabelecido quando foram autorizados e dever\u00e3o ter renova\u00e7\u00f5es desses prazos, j\u00e1 que nem come\u00e7aram a ser feitos.<\/p>\n<p>A Accenture fez os estudos para a concess\u00e3o que est\u00e3o em revis\u00e3o neste momento pela ANTT (Ag\u00eancia Nacional de Transportes Terrestres). Tamb\u00e9m est\u00e1 sendo avaliada a melhor maneira de criar mecanismos para a vencedora assumir as obras que hoje est\u00e3o com a Valec. O modelo deve ser o mesmo que prevaleceu na concess\u00e3o da Ferrovia Norte-Sul, quando foi definido previamente o que a estatal entregar\u00e1, o que tem sido tamb\u00e9m uma dor de cabe\u00e7a para os gestores.<\/p>\n<p><img fetchpriority=\"high\" decoding=\"async\" class=\"CToWUd a6T aligncenter\" tabindex=\"0\" src=\"https:\/\/ci3.googleusercontent.com\/proxy\/uTgIyvmm9MRyFZZcmYVLcxpOKVmn_0EirchobY9WoPO6LKkAme3db8hQWpaQufNlcOmEgOivqAOkx3_2lL_Y9dZXJpCsa_yduoXvU7dQiX60lZQDFdvjTQLyFE8O3x4S0MAeZhNUin9ld3Twv3a1SPbJxtgc1-bd00OIdMo=s0-d-e1-ft#https:\/\/gallery.mailchimp.com\/d460dd1bcf9ba0ae040e1fc0f\/images\/cf6e8929-1140-495f-bacc-5fd2609d36e6.jpg\" width=\"600\" height=\"175\" \/><\/p>\n<p><strong>Ferrogr\u00e3o e Norte-Sul<\/strong><br \/>\nVasconcellos tamb\u00e9m acredita que ser\u00e1 poss\u00edvel fazer este ano a licita\u00e7\u00e3o da Ferrogr\u00e3o, ferrovia que liga o Mato Grosso ao Par\u00e1. Segundo ele, o governo tamb\u00e9m vai nos pr\u00f3ximos dois meses concluir o relat\u00f3rio da audi\u00eancia p\u00fablica, realizada no ano passado, para dar seguimento ao processo de avalia\u00e7\u00e3o do edital pelos \u00f3rg\u00e3os de controle. O secret\u00e1rio acredita ser poss\u00edvel vencer as resist\u00eancias regionais ao projeto.<\/p>\n<p>Em rela\u00e7\u00e3o \u00e0 Norte-Sul, o secret\u00e1rio afirmou que o TCU j\u00e1 est\u00e1 realizando dilig\u00eancias para avaliar os documentos entregues pela ANTT para aprova\u00e7\u00e3o dos estudos de viabilidade e do edital da concess\u00e3o. Para ele, as chances desse edital ser aprovado pelo \u00f3rg\u00e3o de controle no prazo s\u00e3o boas e, com isso, seria poss\u00edvel lan\u00e7ar o edital em maio.<\/p>\n","protected":false},"excerpt":{"rendered":"<p>Dimmi Amora, da Ag\u00eancia iNFRA O governo federal prepara os detalhes finais para apresentar, ainda em maio, consulta p\u00fablica para a concess\u00e3o da FIOL (Ferrovia de Integra\u00e7\u00e3o Oeste Leste), no trecho entre Ilh\u00e9us e Caetit\u00e9 (BA). A expectativa \u00e9 realizar ainda este ano a concess\u00e3o. Com as obras iniciadas no come\u00e7o desta d\u00e9cada, o trecho [&hellip;]<\/p>\n","protected":false},"author":1,"featured_media":1459,"comment_status":"closed","ping_status":"open","sticky":false,"template":"","format":"standard","meta":{"_monsterinsights_skip_tracking":false,"_monsterinsights_sitenote_active":false,"_monsterinsights_sitenote_note":"","_monsterinsights_sitenote_category":0,"footnotes":""},"categories":[7],"tags":[158,157,156,36,159,160],"class_list":["post-1455","post","type-post","status-publish","format-standard","has-post-thumbnail","hentry","category-infratransporte","tag-ferrograo","tag-ferrovia-de-integracao-oeste-leste","tag-fiol","tag-ppi","tag-programa-de-parceria-de-investimentos","tag-valec"],"yoast_head":"<!-- This site is optimized with the Yoast SEO Premium plugin v25.4 (Yoast SEO v26.0) - https:\/\/yoast.com\/wordpress\/plugins\/seo\/ -->\n<title>Governo federal prepara documentos para iniciar em maio consulta p\u00fablica para conceder a Fiol - Ag\u00eancia iNFRA<\/title>\n<meta name=\"robots\" content=\"index, follow, max-snippet:-1, max-image-preview:large, max-video-preview:-1\" \/>\n<link rel=\"canonical\" href=\"https:\/\/agenciainfra.com\/blog\/governo-federal-prepara-documentos-para-iniciar-em-maio-consulta-publica-para-conceder-a-fiol\/\" \/>\n<meta property=\"og:locale\" content=\"pt_BR\" \/>\n<meta property=\"og:type\" content=\"article\" \/>\n<meta property=\"og:title\" content=\"Governo federal prepara documentos para iniciar em maio consulta p\u00fablica para conceder a Fiol\" \/>\n<meta property=\"og:description\" content=\"Dimmi Amora, da Ag\u00eancia iNFRA O governo federal prepara os detalhes finais para apresentar, ainda em maio, consulta p\u00fablica para a concess\u00e3o da FIOL (Ferrovia de Integra\u00e7\u00e3o Oeste Leste), no trecho entre Ilh\u00e9us e Caetit\u00e9 (BA). A expectativa \u00e9 realizar ainda este ano a concess\u00e3o. Com as obras iniciadas no come\u00e7o desta d\u00e9cada, o trecho [&hellip;]\" \/>\n<meta property=\"og:url\" content=\"https:\/\/agenciainfra.com\/blog\/governo-federal-prepara-documentos-para-iniciar-em-maio-consulta-publica-para-conceder-a-fiol\/\" \/>\n<meta property=\"og:site_name\" content=\"Ag\u00eancia iNFRA\" \/>\n<meta property=\"article:publisher\" content=\"https:\/\/www.facebook.com\/ageninfra\" \/>\n<meta property=\"article:published_time\" content=\"2018-04-16T10:30:09+00:00\" \/>\n<meta property=\"og:image\" content=\"https:\/\/agenciainfra.com\/blog\/wp-content\/uploads\/2018\/04\/Fiol-Gondiberto-Filho-VALEC-1024x768.jpg\" \/>\n\t<meta property=\"og:image:width\" content=\"1024\" \/>\n\t<meta property=\"og:image:height\" content=\"768\" \/>\n\t<meta property=\"og:image:type\" content=\"image\/jpeg\" \/>\n<meta name=\"author\" content=\"Ag\u00eancia iNFRA\" \/>\n<meta name=\"twitter:card\" content=\"summary_large_image\" \/>\n<meta name=\"twitter:creator\" content=\"@agencia_infra\" \/>\n<meta name=\"twitter:site\" content=\"@agencia_infra\" \/>\n<meta name=\"twitter:label1\" content=\"Escrito por\" \/>\n\t<meta name=\"twitter:data1\" content=\"Ag\u00eancia iNFRA\" \/>\n\t<meta name=\"twitter:label2\" content=\"Est. tempo de leitura\" \/>\n\t<meta name=\"twitter:data2\" content=\"3 minutos\" \/>\n<script type=\"application\/ld+json\" class=\"yoast-schema-graph\">{\"@context\":\"https:\/\/schema.org\",\"@graph\":[{\"@type\":\"Article\",\"@id\":\"https:\/\/agenciainfra.com\/blog\/governo-federal-prepara-documentos-para-iniciar-em-maio-consulta-publica-para-conceder-a-fiol\/#article\",\"isPartOf\":{\"@id\":\"https:\/\/agenciainfra.com\/blog\/governo-federal-prepara-documentos-para-iniciar-em-maio-consulta-publica-para-conceder-a-fiol\/\"},\"author\":{\"name\":\"Ag\u00eancia iNFRA\",\"@id\":\"https:\/\/agenciainfra.com\/blog\/#\/schema\/person\/34af08dff6adea4cb22b06612ba7acfa\"},\"headline\":\"Governo federal prepara documentos para iniciar em maio consulta p\u00fablica para conceder a Fiol\",\"datePublished\":\"2018-04-16T10:30:09+00:00\",\"mainEntityOfPage\":{\"@id\":\"https:\/\/agenciainfra.com\/blog\/governo-federal-prepara-documentos-para-iniciar-em-maio-consulta-publica-para-conceder-a-fiol\/\"},\"wordCount\":670,\"publisher\":{\"@id\":\"https:\/\/agenciainfra.com\/blog\/#organization\"},\"image\":{\"@id\":\"https:\/\/agenciainfra.com\/blog\/governo-federal-prepara-documentos-para-iniciar-em-maio-consulta-publica-para-conceder-a-fiol\/#primaryimage\"},\"thumbnailUrl\":\"https:\/\/agenciainfra.com\/blog\/wp-content\/uploads\/2018\/04\/Fiol-Gondiberto-Filho-VALEC.jpg\",\"keywords\":[\"Ferrogr\u00e3o\",\"Ferrovia de Integra\u00e7\u00e3o Oeste-Leste\",\"FIOL\",\"PPI\",\"Programa de Parceria de Investimentos\",\"Valec\"],\"articleSection\":[\"iNFRATransporte\"],\"inLanguage\":\"pt-BR\",\"copyrightYear\":\"2018\",\"copyrightHolder\":{\"@id\":\"https:\/\/agenciainfra.com\/blog\/#organization\"}},{\"@type\":\"WebPage\",\"@id\":\"https:\/\/agenciainfra.com\/blog\/governo-federal-prepara-documentos-para-iniciar-em-maio-consulta-publica-para-conceder-a-fiol\/\",\"url\":\"https:\/\/agenciainfra.com\/blog\/governo-federal-prepara-documentos-para-iniciar-em-maio-consulta-publica-para-conceder-a-fiol\/\",\"name\":\"Governo federal prepara documentos para iniciar em maio consulta p\u00fablica para conceder a Fiol - Ag\u00eancia iNFRA\",\"isPartOf\":{\"@id\":\"https:\/\/agenciainfra.com\/blog\/#website\"},\"primaryImageOfPage\":{\"@id\":\"https:\/\/agenciainfra.com\/blog\/governo-federal-prepara-documentos-para-iniciar-em-maio-consulta-publica-para-conceder-a-fiol\/#primaryimage\"},\"image\":{\"@id\":\"https:\/\/agenciainfra.com\/blog\/governo-federal-prepara-documentos-para-iniciar-em-maio-consulta-publica-para-conceder-a-fiol\/#primaryimage\"},\"thumbnailUrl\":\"https:\/\/agenciainfra.com\/blog\/wp-content\/uploads\/2018\/04\/Fiol-Gondiberto-Filho-VALEC.jpg\",\"datePublished\":\"2018-04-16T10:30:09+00:00\",\"breadcrumb\":{\"@id\":\"https:\/\/agenciainfra.com\/blog\/governo-federal-prepara-documentos-para-iniciar-em-maio-consulta-publica-para-conceder-a-fiol\/#breadcrumb\"},\"inLanguage\":\"pt-BR\",\"potentialAction\":[{\"@type\":\"ReadAction\",\"target\":[\"https:\/\/agenciainfra.com\/blog\/governo-federal-prepara-documentos-para-iniciar-em-maio-consulta-publica-para-conceder-a-fiol\/\"]}]},{\"@type\":\"ImageObject\",\"inLanguage\":\"pt-BR\",\"@id\":\"https:\/\/agenciainfra.com\/blog\/governo-federal-prepara-documentos-para-iniciar-em-maio-consulta-publica-para-conceder-a-fiol\/#primaryimage\",\"url\":\"https:\/\/agenciainfra.com\/blog\/wp-content\/uploads\/2018\/04\/Fiol-Gondiberto-Filho-VALEC.jpg\",\"contentUrl\":\"https:\/\/agenciainfra.com\/blog\/wp-content\/uploads\/2018\/04\/Fiol-Gondiberto-Filho-VALEC.jpg\",\"width\":3264,\"height\":2448},{\"@type\":\"BreadcrumbList\",\"@id\":\"https:\/\/agenciainfra.com\/blog\/governo-federal-prepara-documentos-para-iniciar-em-maio-consulta-publica-para-conceder-a-fiol\/#breadcrumb\",\"itemListElement\":[{\"@type\":\"ListItem\",\"position\":1,\"name\":\"In\u00edcio\",\"item\":\"https:\/\/agenciainfra.com\/blog\/\"},{\"@type\":\"ListItem\",\"position\":2,\"name\":\"Governo federal prepara documentos para iniciar em maio consulta p\u00fablica para conceder a Fiol\"}]},{\"@type\":\"WebSite\",\"@id\":\"https:\/\/agenciainfra.com\/blog\/#website\",\"url\":\"https:\/\/agenciainfra.com\/blog\/\",\"name\":\"Ag\u00eancia iNFRA\",\"description\":\"Multiplataforma de informa\u00e7\u00e3o jornal\u00edstica refer\u00eancia na \u00e1rea de infraestrutura no Brasil!\",\"publisher\":{\"@id\":\"https:\/\/agenciainfra.com\/blog\/#organization\"},\"potentialAction\":[{\"@type\":\"SearchAction\",\"target\":{\"@type\":\"EntryPoint\",\"urlTemplate\":\"https:\/\/agenciainfra.com\/blog\/?s={search_term_string}\"},\"query-input\":{\"@type\":\"PropertyValueSpecification\",\"valueRequired\":true,\"valueName\":\"search_term_string\"}}],\"inLanguage\":\"pt-BR\"},{\"@type\":\"Organization\",\"@id\":\"https:\/\/agenciainfra.com\/blog\/#organization\",\"name\":\"Ag\u00eancia iNFRA\",\"url\":\"https:\/\/agenciainfra.com\/blog\/\",\"logo\":{\"@type\":\"ImageObject\",\"inLanguage\":\"pt-BR\",\"@id\":\"https:\/\/agenciainfra.com\/blog\/#\/schema\/logo\/image\/\",\"url\":\"https:\/\/agenciainfra.com\/blog\/wp-content\/uploads\/2023\/09\/iNFRA_5-e1761735885940.png\",\"contentUrl\":\"https:\/\/agenciainfra.com\/blog\/wp-content\/uploads\/2023\/09\/iNFRA_5-e1761735885940.png\",\"width\":1672,\"height\":454,\"caption\":\"Ag\u00eancia iNFRA\"},\"image\":{\"@id\":\"https:\/\/agenciainfra.com\/blog\/#\/schema\/logo\/image\/\"},\"sameAs\":[\"https:\/\/www.facebook.com\/ageninfra\",\"https:\/\/x.com\/agencia_infra\",\"https:\/\/www.linkedin.com\/company\/ag\u00eanciainfra\/\",\"https:\/\/www.instagram.com\/agenciainfra\/\"]},{\"@type\":\"Person\",\"@id\":\"https:\/\/agenciainfra.com\/blog\/#\/schema\/person\/34af08dff6adea4cb22b06612ba7acfa\",\"name\":\"Ag\u00eancia iNFRA\",\"image\":{\"@type\":\"ImageObject\",\"inLanguage\":\"pt-BR\",\"@id\":\"https:\/\/agenciainfra.com\/blog\/#\/schema\/person\/image\/\",\"url\":\"https:\/\/secure.gravatar.com\/avatar\/d189e01678f06d8eb84d4e01f08eb848b3fffe3f8443818d3c356c66892f5be8?s=96&d=mm&r=g\",\"contentUrl\":\"https:\/\/secure.gravatar.com\/avatar\/d189e01678f06d8eb84d4e01f08eb848b3fffe3f8443818d3c356c66892f5be8?s=96&d=mm&r=g\",\"caption\":\"Ag\u00eancia iNFRA\"},\"url\":\"https:\/\/agenciainfra.com\/blog\/author\/admin\/\"}]}<\/script>\n<!-- \/ Yoast SEO Premium plugin. -->","yoast_head_json":{"title":"Governo federal prepara documentos para iniciar em maio consulta p\u00fablica para conceder a Fiol - Ag\u00eancia iNFRA","robots":{"index":"index","follow":"follow","max-snippet":"max-snippet:-1","max-image-preview":"max-image-preview:large","max-video-preview":"max-video-preview:-1"},"canonical":"https:\/\/agenciainfra.com\/blog\/governo-federal-prepara-documentos-para-iniciar-em-maio-consulta-publica-para-conceder-a-fiol\/","og_locale":"pt_BR","og_type":"article","og_title":"Governo federal prepara documentos para iniciar em maio consulta p\u00fablica para conceder a Fiol","og_description":"Dimmi Amora, da Ag\u00eancia iNFRA O governo federal prepara os detalhes finais para apresentar, ainda em maio, consulta p\u00fablica para a concess\u00e3o da FIOL (Ferrovia de Integra\u00e7\u00e3o Oeste Leste), no trecho entre Ilh\u00e9us e Caetit\u00e9 (BA). A expectativa \u00e9 realizar ainda este ano a concess\u00e3o. Com as obras iniciadas no come\u00e7o desta d\u00e9cada, o trecho [&hellip;]","og_url":"https:\/\/agenciainfra.com\/blog\/governo-federal-prepara-documentos-para-iniciar-em-maio-consulta-publica-para-conceder-a-fiol\/","og_site_name":"Ag\u00eancia iNFRA","article_publisher":"https:\/\/www.facebook.com\/ageninfra","article_published_time":"2018-04-16T10:30:09+00:00","og_image":[{"width":1024,"height":768,"url":"https:\/\/agenciainfra.com\/blog\/wp-content\/uploads\/2018\/04\/Fiol-Gondiberto-Filho-VALEC-1024x768.jpg","type":"image\/jpeg"}],"author":"Ag\u00eancia iNFRA","twitter_card":"summary_large_image","twitter_creator":"@agencia_infra","twitter_site":"@agencia_infra","twitter_misc":{"Escrito por":"Ag\u00eancia iNFRA","Est. tempo de leitura":"3 minutos"},"schema":{"@context":"https:\/\/schema.org","@graph":[{"@type":"Article","@id":"https:\/\/agenciainfra.com\/blog\/governo-federal-prepara-documentos-para-iniciar-em-maio-consulta-publica-para-conceder-a-fiol\/#article","isPartOf":{"@id":"https:\/\/agenciainfra.com\/blog\/governo-federal-prepara-documentos-para-iniciar-em-maio-consulta-publica-para-conceder-a-fiol\/"},"author":{"name":"Ag\u00eancia iNFRA","@id":"https:\/\/agenciainfra.com\/blog\/#\/schema\/person\/34af08dff6adea4cb22b06612ba7acfa"},"headline":"Governo federal prepara documentos para iniciar em maio consulta p\u00fablica para conceder a Fiol","datePublished":"2018-04-16T10:30:09+00:00","mainEntityOfPage":{"@id":"https:\/\/agenciainfra.com\/blog\/governo-federal-prepara-documentos-para-iniciar-em-maio-consulta-publica-para-conceder-a-fiol\/"},"wordCount":670,"publisher":{"@id":"https:\/\/agenciainfra.com\/blog\/#organization"},"image":{"@id":"https:\/\/agenciainfra.com\/blog\/governo-federal-prepara-documentos-para-iniciar-em-maio-consulta-publica-para-conceder-a-fiol\/#primaryimage"},"thumbnailUrl":"https:\/\/agenciainfra.com\/blog\/wp-content\/uploads\/2018\/04\/Fiol-Gondiberto-Filho-VALEC.jpg","keywords":["Ferrogr\u00e3o","Ferrovia de Integra\u00e7\u00e3o Oeste-Leste","FIOL","PPI","Programa de Parceria de Investimentos","Valec"],"articleSection":["iNFRATransporte"],"inLanguage":"pt-BR","copyrightYear":"2018","copyrightHolder":{"@id":"https:\/\/agenciainfra.com\/blog\/#organization"}},{"@type":"WebPage","@id":"https:\/\/agenciainfra.com\/blog\/governo-federal-prepara-documentos-para-iniciar-em-maio-consulta-publica-para-conceder-a-fiol\/","url":"https:\/\/agenciainfra.com\/blog\/governo-federal-prepara-documentos-para-iniciar-em-maio-consulta-publica-para-conceder-a-fiol\/","name":"Governo federal prepara documentos para iniciar em maio consulta p\u00fablica para conceder a Fiol - Ag\u00eancia iNFRA","isPartOf":{"@id":"https:\/\/agenciainfra.com\/blog\/#website"},"primaryImageOfPage":{"@id":"https:\/\/agenciainfra.com\/blog\/governo-federal-prepara-documentos-para-iniciar-em-maio-consulta-publica-para-conceder-a-fiol\/#primaryimage"},"image":{"@id":"https:\/\/agenciainfra.com\/blog\/governo-federal-prepara-documentos-para-iniciar-em-maio-consulta-publica-para-conceder-a-fiol\/#primaryimage"},"thumbnailUrl":"https:\/\/agenciainfra.com\/blog\/wp-content\/uploads\/2018\/04\/Fiol-Gondiberto-Filho-VALEC.jpg","datePublished":"2018-04-16T10:30:09+00:00","breadcrumb":{"@id":"https:\/\/agenciainfra.com\/blog\/governo-federal-prepara-documentos-para-iniciar-em-maio-consulta-publica-para-conceder-a-fiol\/#breadcrumb"},"inLanguage":"pt-BR","potentialAction":[{"@type":"ReadAction","target":["https:\/\/agenciainfra.com\/blog\/governo-federal-prepara-documentos-para-iniciar-em-maio-consulta-publica-para-conceder-a-fiol\/"]}]},{"@type":"ImageObject","inLanguage":"pt-BR","@id":"https:\/\/agenciainfra.com\/blog\/governo-federal-prepara-documentos-para-iniciar-em-maio-consulta-publica-para-conceder-a-fiol\/#primaryimage","url":"https:\/\/agenciainfra.com\/blog\/wp-content\/uploads\/2018\/04\/Fiol-Gondiberto-Filho-VALEC.jpg","contentUrl":"https:\/\/agenciainfra.com\/blog\/wp-content\/uploads\/2018\/04\/Fiol-Gondiberto-Filho-VALEC.jpg","width":3264,"height":2448},{"@type":"BreadcrumbList","@id":"https:\/\/agenciainfra.com\/blog\/governo-federal-prepara-documentos-para-iniciar-em-maio-consulta-publica-para-conceder-a-fiol\/#breadcrumb","itemListElement":[{"@type":"ListItem","position":1,"name":"In\u00edcio","item":"https:\/\/agenciainfra.com\/blog\/"},{"@type":"ListItem","position":2,"name":"Governo federal prepara documentos para iniciar em maio consulta p\u00fablica para conceder a Fiol"}]},{"@type":"WebSite","@id":"https:\/\/agenciainfra.com\/blog\/#website","url":"https:\/\/agenciainfra.com\/blog\/","name":"Ag\u00eancia iNFRA","description":"Multiplataforma de informa\u00e7\u00e3o jornal\u00edstica refer\u00eancia na \u00e1rea de infraestrutura no Brasil!","publisher":{"@id":"https:\/\/agenciainfra.com\/blog\/#organization"},"potentialAction":[{"@type":"SearchAction","target":{"@type":"EntryPoint","urlTemplate":"https:\/\/agenciainfra.com\/blog\/?s={search_term_string}"},"query-input":{"@type":"PropertyValueSpecification","valueRequired":true,"valueName":"search_term_string"}}],"inLanguage":"pt-BR"},{"@type":"Organization","@id":"https:\/\/agenciainfra.com\/blog\/#organization","name":"Ag\u00eancia iNFRA","url":"https:\/\/agenciainfra.com\/blog\/","logo":{"@type":"ImageObject","inLanguage":"pt-BR","@id":"https:\/\/agenciainfra.com\/blog\/#\/schema\/logo\/image\/","url":"https:\/\/agenciainfra.com\/blog\/wp-content\/uploads\/2023\/09\/iNFRA_5-e1761735885940.png","contentUrl":"https:\/\/agenciainfra.com\/blog\/wp-content\/uploads\/2023\/09\/iNFRA_5-e1761735885940.png","width":1672,"height":454,"caption":"Ag\u00eancia iNFRA"},"image":{"@id":"https:\/\/agenciainfra.com\/blog\/#\/schema\/logo\/image\/"},"sameAs":["https:\/\/www.facebook.com\/ageninfra","https:\/\/x.com\/agencia_infra","https:\/\/www.linkedin.com\/company\/ag\u00eanciainfra\/","https:\/\/www.instagram.com\/agenciainfra\/"]},{"@type":"Person","@id":"https:\/\/agenciainfra.com\/blog\/#\/schema\/person\/34af08dff6adea4cb22b06612ba7acfa","name":"Ag\u00eancia iNFRA","image":{"@type":"ImageObject","inLanguage":"pt-BR","@id":"https:\/\/agenciainfra.com\/blog\/#\/schema\/person\/image\/","url":"https:\/\/secure.gravatar.com\/avatar\/d189e01678f06d8eb84d4e01f08eb848b3fffe3f8443818d3c356c66892f5be8?s=96&d=mm&r=g","contentUrl":"https:\/\/secure.gravatar.com\/avatar\/d189e01678f06d8eb84d4e01f08eb848b3fffe3f8443818d3c356c66892f5be8?s=96&d=mm&r=g","caption":"Ag\u00eancia iNFRA"},"url":"https:\/\/agenciainfra.com\/blog\/author\/admin\/"}]}},"_links":{"self":[{"href":"https:\/\/agenciainfra.com\/blog\/wp-json\/wp\/v2\/posts\/1455","targetHints":{"allow":["GET"]}}],"collection":[{"href":"https:\/\/agenciainfra.com\/blog\/wp-json\/wp\/v2\/posts"}],"about":[{"href":"https:\/\/agenciainfra.com\/blog\/wp-json\/wp\/v2\/types\/post"}],"author":[{"embeddable":true,"href":"https:\/\/agenciainfra.com\/blog\/wp-json\/wp\/v2\/users\/1"}],"replies":[{"embeddable":true,"href":"https:\/\/agenciainfra.com\/blog\/wp-json\/wp\/v2\/comments?post=1455"}],"version-history":[{"count":0,"href":"https:\/\/agenciainfra.com\/blog\/wp-json\/wp\/v2\/posts\/1455\/revisions"}],"wp:featuredmedia":[{"embeddable":true,"href":"https:\/\/agenciainfra.com\/blog\/wp-json\/wp\/v2\/media\/1459"}],"wp:attachment":[{"href":"https:\/\/agenciainfra.com\/blog\/wp-json\/wp\/v2\/media?parent=1455"}],"wp:term":[{"taxonomy":"category","embeddable":true,"href":"https:\/\/agenciainfra.com\/blog\/wp-json\/wp\/v2\/categories?post=1455"},{"taxonomy":"post_tag","embeddable":true,"href":"https:\/\/agenciainfra.com\/blog\/wp-json\/wp\/v2\/tags?post=1455"}],"curies":[{"name":"wp","href":"https:\/\/api.w.org\/{rel}","templated":true}]}}