{"id":14550,"date":"2023-10-28T09:00:00","date_gmt":"2023-10-28T12:00:00","guid":{"rendered":"https:\/\/www.agenciainfra.com\/blog\/?p=14550"},"modified":"2026-03-13T09:45:23","modified_gmt":"2026-03-13T12:45:23","slug":"comissao-da-camara-apresenta-nova-versao-do-pl-que-regulamenta-hidrogenio-verde","status":"publish","type":"post","link":"https:\/\/agenciainfra.com\/blog\/comissao-da-camara-apresenta-nova-versao-do-pl-que-regulamenta-hidrogenio-verde\/","title":{"rendered":"Comiss\u00e3o da C\u00e2mara apresenta nova vers\u00e3o do PL que regulamenta hidrog\u00eanio verde"},"content":{"rendered":"\n<p class=\"has-text-align-right\"><strong>Elisa Costa,&nbsp;da&nbsp;Ag\u00eancia iNFRA<\/strong><\/p>\n\n\n\n<p>A&nbsp;Comiss\u00e3o&nbsp;Especial para Estudo das Iniciativas para a Transi\u00e7\u00e3o Energ\u00e9tica,&nbsp;da&nbsp;C\u00e2mara, apresentou na \u00faltima quarta-feira (25) uma&nbsp;nova&nbsp;vers\u00e3o&nbsp;do&nbsp;PL&nbsp;(Projeto de Lei)&nbsp;que&nbsp;regulamenta&nbsp;a produ\u00e7\u00e3o de&nbsp;hidrog\u00eanio&nbsp;de baixo carbono, com mudan\u00e7as realizadas ap\u00f3s o recebimento e an\u00e1lise de cerca de 240 contribui\u00e7\u00f5es&nbsp;da&nbsp;sociedade civil. A&nbsp;nova&nbsp;minuta est\u00e1 dispon\u00edvel neste&nbsp;<a rel=\"noreferrer noopener\" href=\"https:\/\/agenciainfra.us14.list-manage.com\/track\/click?u=d460dd1bcf9ba0ae040e1fc0f&amp;id=cffbb02736&amp;e=f0fa444791\" target=\"_blank\">link<\/a>.<br>&nbsp;<br>&#8220;As modifica\u00e7\u00f5es exigiram muito trabalho. N\u00f3s tivemos muitas contribui\u00e7\u00f5es, e o interesse p\u00fablico foi mantido acima de tudo&#8221;, declarou o relator, deputado Jo\u00e3o Carlos Bacelar Batista (PV-BA). A vota\u00e7\u00e3o&nbsp;do&nbsp;projeto estava prevista para esse mesmo encontro, mas, com as altera\u00e7\u00f5es, foi adiada para a semana&nbsp;que&nbsp;vem para a&nbsp;apresenta\u00e7\u00e3o&nbsp;do&nbsp;novo parecer.<br>&nbsp;<br>Entre as mudan\u00e7as no texto, foram&nbsp;adicionados aos objetivos o est\u00edmulo \u00e0 celebra\u00e7\u00e3o de PPPs (Parcerias P\u00fablico-Privadas) para desenvolvimento de projetos de&nbsp;hidrog\u00eanio&nbsp;de baixo carbono e o fomento ao desenvolvimento&nbsp;da&nbsp;produ\u00e7\u00e3o nacional de fertilizantes nitrogenados provenientes&nbsp;do&nbsp;hidrog\u00eanio&nbsp;de baixo carbono, com objetivo de reduzir a depend\u00eancia externa e garantir a seguran\u00e7a alimentar.<br>&nbsp;<br>Nos conceitos, a&nbsp;nova&nbsp;vers\u00e3o&nbsp;inclui o ACO (Agente Certificador de Origem), a ser cadastrado junto \u00e0 autoridade competente, ou por entidade por ela delegada, respons\u00e1vel por verificar compatibilidade&nbsp;do&nbsp;processo produtivo com o normativo para fins de emiss\u00e3o de certificado, e os Carreadores de&nbsp;Hidrog\u00eanio, para fins de armazenagem, estocagem, acondicionamento, transporte ou transfer\u00eancia.<br>&nbsp;<br>Ao Comit\u00ea Gestor&nbsp;do&nbsp;Programa Nacional&nbsp;do&nbsp;Hidrog\u00eanio, foi exclu\u00edda&nbsp;a compet\u00eancia de apreciar recursos referentes a pedidos de habilita\u00e7\u00e3o de projetos de produ\u00e7\u00e3o&nbsp;do&nbsp;hidrog\u00eanio&nbsp;de baixo carbono e seus derivados, bem como respectivos pedidos de prorroga\u00e7\u00e3o; e de apreciar recursos de ato de cancelamento ou de cassa\u00e7\u00e3o de autoriza\u00e7\u00e3o de exerc\u00edcio das atividades previstas no projeto.<br>&nbsp;<br>Com rela\u00e7\u00e3o ao regime especial, o Rehidro, passa a ser benefici\u00e1ria a pessoa jur\u00eddica&nbsp;que&nbsp;\u201cse dedique \u00e0 produ\u00e7\u00e3o de biog\u00e1s ou de biometano para a produ\u00e7\u00e3o de&nbsp;hidrog\u00eanio&nbsp;de baixo carbono\u201d. J\u00e1 os incentivos regulat\u00f3rios adicionam&nbsp;que&nbsp;\u201cos benef\u00edcios tarif\u00e1rios previstos incidentes sobre o setor el\u00e9trico dever\u00e3o observar a racionalidade econ\u00f4mica, para&nbsp;que&nbsp;n\u00e3o haja onerosidade nas tarifas de energia el\u00e9trica dos demais consumidores\u201d.<br>&nbsp;<br>Al\u00e9m disso, a&nbsp;comiss\u00e3o&nbsp;decidiu estabelecer \u201cmecanismo de leil\u00e3o competitivo para comercializa\u00e7\u00e3o de excedente de gera\u00e7\u00e3o de energia el\u00e9trica transmiss\u00edvel e n\u00e3o aloc\u00e1vel na carga&nbsp;do&nbsp;Sistema Interligado Nacional para fins de produ\u00e7\u00e3o de&nbsp;hidrog\u00eanio\u201d. Os princ\u00edpios e os instrumentos&nbsp;da&nbsp;Pol\u00edtica Nacional&nbsp;do&nbsp;Hidrog\u00eanio&nbsp;de Baixo Carbono mant\u00eam-se os mesmos.<br>&nbsp;<br><strong>Programa de Acelera\u00e7\u00e3o&nbsp;da&nbsp;Transi\u00e7\u00e3o Energ\u00e9tica&nbsp;<\/strong><br>Na mesma reuni\u00e3o, o deputado Arnaldo Jardim anunciou a formaliza\u00e7\u00e3o de uma&nbsp;<a rel=\"noreferrer noopener\" href=\"https:\/\/agenciainfra.us14.list-manage.com\/track\/click?u=d460dd1bcf9ba0ae040e1fc0f&amp;id=cd1df619a8&amp;e=f0fa444791\" target=\"_blank\">minuta de&nbsp;PL&nbsp;(Projeto de Lei)<\/a>&nbsp;de sua autoria&nbsp;que&nbsp;institui o Programa de Acelera\u00e7\u00e3o&nbsp;da&nbsp;Transi\u00e7\u00e3o Energ\u00e9tica. Segundo o parlamentar, a proposta tem o objetivo de apresentar solu\u00e7\u00f5es para a infraestrutura sustent\u00e1vel por meio dos estoques de cr\u00e9dito tribut\u00e1rio existentes&nbsp;que&nbsp;est\u00e3o paralisados por quest\u00f5es jur\u00eddicas.<br>&nbsp;<br>\u201cO intuito \u00e9 fazer o uso&nbsp;da&nbsp;d\u00edvida tribut\u00e1ria para o desenvolvimento dessa infraestrutura, e essa d\u00edvida contabiliza cerca de R$ 3,5 trilh\u00f5es. Al\u00e9m disso, o projeto cria um fundo garantidor de investimentos, no formato de fundo de aval, para viabilizar empr\u00e9stimos com taxas de juros atrativas, a ser administrado pelo BNDES\u201d, explicou o deputado, em reuni\u00e3o&nbsp;da&nbsp;Comiss\u00e3o&nbsp;Especial para Estudo das Iniciativas para a Transi\u00e7\u00e3o Energ\u00e9tica,&nbsp;da&nbsp;C\u00e2mara.&nbsp;<br>&nbsp;<br>De acordo com Jardim, o fundo n\u00e3o contar\u00e1 com aporte de recursos p\u00fablicos, pois busca uma forma alternativa de financiamento. A proposta foi discutida previamente com o presidente Arthur Lira (PP-AL), j\u00e1&nbsp;que&nbsp;o tema \u00e9 tratado como priorit\u00e1rio. \u201cFazemos um esfor\u00e7o para&nbsp;que&nbsp;o padr\u00e3o de consumo seja alterado e para&nbsp;que&nbsp;fa\u00e7a frente \u00e0s mudan\u00e7as clim\u00e1ticas, diminuindo a emiss\u00e3o de gases de efeito estufa\u201d, finalizou o parlamentar.<\/p>\n","protected":false},"excerpt":{"rendered":"<p>Elisa Costa,&nbsp;da&nbsp;Ag\u00eancia iNFRA A&nbsp;Comiss\u00e3o&nbsp;Especial para Estudo das Iniciativas para a Transi\u00e7\u00e3o Energ\u00e9tica,&nbsp;da&nbsp;C\u00e2mara, apresentou na \u00faltima quarta-feira (25) uma&nbsp;nova&nbsp;vers\u00e3o&nbsp;do&nbsp;PL&nbsp;(Projeto de Lei)&nbsp;que&nbsp;regulamenta&nbsp;a produ\u00e7\u00e3o de&nbsp;hidrog\u00eanio&nbsp;de baixo carbono, com mudan\u00e7as realizadas ap\u00f3s o recebimento e an\u00e1lise de cerca de 240 contribui\u00e7\u00f5es&nbsp;da&nbsp;sociedade civil. A&nbsp;nova&nbsp;minuta est\u00e1 dispon\u00edvel neste&nbsp;link.&nbsp;&#8220;As modifica\u00e7\u00f5es exigiram muito trabalho. N\u00f3s tivemos muitas contribui\u00e7\u00f5es, e o interesse p\u00fablico foi [&hellip;]<\/p>\n","protected":false},"author":1,"featured_media":14554,"comment_status":"closed","ping_status":"closed","sticky":false,"template":"","format":"standard","meta":{"_monsterinsights_skip_tracking":false,"_monsterinsights_sitenote_active":false,"_monsterinsights_sitenote_note":"","_monsterinsights_sitenote_category":0,"footnotes":""},"categories":[7248,7250,1,7],"tags":[4357,888,7629,5596,7656,7367,4535,2908,406,7628,2006],"class_list":["post-14550","post","type-post","status-publish","format-standard","has-post-thumbnail","hentry","category-cabecalho","category-destaque-lista","category-geral","category-infratransporte","tag-aco","tag-arnaldo-jardim","tag-baixo-carbono","tag-biometano","tag-carreadores-de-hidrogenio","tag-elisa-costa","tag-hidrogenio-verde","tag-joao-carlos-bacelar","tag-ppps","tag-rehidro","tag-transicao-energetica"],"yoast_head":"<!-- This site is optimized with the Yoast SEO Premium plugin v25.4 (Yoast SEO v26.0) - https:\/\/yoast.com\/wordpress\/plugins\/seo\/ -->\n<title>Comiss\u00e3o da C\u00e2mara apresenta nova vers\u00e3o do PL que regulamenta hidrog\u00eanio verde - Ag\u00eancia iNFRA<\/title>\n<meta name=\"robots\" content=\"index, follow, max-snippet:-1, max-image-preview:large, max-video-preview:-1\" \/>\n<link rel=\"canonical\" href=\"https:\/\/agenciainfra.com\/blog\/comissao-da-camara-apresenta-nova-versao-do-pl-que-regulamenta-hidrogenio-verde\/\" \/>\n<meta property=\"og:locale\" content=\"pt_BR\" \/>\n<meta property=\"og:type\" content=\"article\" \/>\n<meta property=\"og:title\" content=\"Comiss\u00e3o da C\u00e2mara apresenta nova vers\u00e3o do PL que regulamenta hidrog\u00eanio verde\" \/>\n<meta property=\"og:description\" content=\"Elisa Costa,&nbsp;da&nbsp;Ag\u00eancia iNFRA A&nbsp;Comiss\u00e3o&nbsp;Especial para Estudo das Iniciativas para a Transi\u00e7\u00e3o Energ\u00e9tica,&nbsp;da&nbsp;C\u00e2mara, apresentou na \u00faltima quarta-feira (25) uma&nbsp;nova&nbsp;vers\u00e3o&nbsp;do&nbsp;PL&nbsp;(Projeto de Lei)&nbsp;que&nbsp;regulamenta&nbsp;a produ\u00e7\u00e3o de&nbsp;hidrog\u00eanio&nbsp;de baixo carbono, com mudan\u00e7as realizadas ap\u00f3s o recebimento e an\u00e1lise de cerca de 240 contribui\u00e7\u00f5es&nbsp;da&nbsp;sociedade civil. A&nbsp;nova&nbsp;minuta est\u00e1 dispon\u00edvel neste&nbsp;link.&nbsp;&#8220;As modifica\u00e7\u00f5es exigiram muito trabalho. N\u00f3s tivemos muitas contribui\u00e7\u00f5es, e o interesse p\u00fablico foi [&hellip;]\" \/>\n<meta property=\"og:url\" content=\"https:\/\/agenciainfra.com\/blog\/comissao-da-camara-apresenta-nova-versao-do-pl-que-regulamenta-hidrogenio-verde\/\" \/>\n<meta property=\"og:site_name\" content=\"Ag\u00eancia iNFRA\" \/>\n<meta property=\"article:publisher\" content=\"https:\/\/www.facebook.com\/ageninfra\" \/>\n<meta property=\"article:published_time\" content=\"2023-10-28T12:00:00+00:00\" \/>\n<meta property=\"article:modified_time\" content=\"2026-03-13T12:45:23+00:00\" \/>\n<meta property=\"og:image\" content=\"https:\/\/agenciainfra.com\/blog\/wp-content\/uploads\/2023\/10\/joao-carlos-bacelar-batista-foto-agencia-camara-will-shutter.jpg\" \/>\n\t<meta property=\"og:image:width\" content=\"1202\" \/>\n\t<meta property=\"og:image:height\" content=\"741\" \/>\n\t<meta property=\"og:image:type\" content=\"image\/jpeg\" \/>\n<meta name=\"author\" content=\"Ag\u00eancia iNFRA\" \/>\n<meta name=\"twitter:card\" content=\"summary_large_image\" \/>\n<meta name=\"twitter:creator\" content=\"@agencia_infra\" \/>\n<meta name=\"twitter:site\" content=\"@agencia_infra\" \/>\n<meta name=\"twitter:label1\" content=\"Escrito por\" \/>\n\t<meta name=\"twitter:data1\" content=\"Ag\u00eancia iNFRA\" \/>\n\t<meta name=\"twitter:label2\" content=\"Est. tempo de leitura\" \/>\n\t<meta name=\"twitter:data2\" content=\"4 minutos\" \/>\n<script type=\"application\/ld+json\" class=\"yoast-schema-graph\">{\"@context\":\"https:\/\/schema.org\",\"@graph\":[{\"@type\":\"Article\",\"@id\":\"https:\/\/agenciainfra.com\/blog\/comissao-da-camara-apresenta-nova-versao-do-pl-que-regulamenta-hidrogenio-verde\/#article\",\"isPartOf\":{\"@id\":\"https:\/\/agenciainfra.com\/blog\/comissao-da-camara-apresenta-nova-versao-do-pl-que-regulamenta-hidrogenio-verde\/\"},\"author\":{\"name\":\"Ag\u00eancia iNFRA\",\"@id\":\"https:\/\/agenciainfra.com\/blog\/#\/schema\/person\/34af08dff6adea4cb22b06612ba7acfa\"},\"headline\":\"Comiss\u00e3o da C\u00e2mara apresenta nova vers\u00e3o do PL que regulamenta hidrog\u00eanio verde\",\"datePublished\":\"2023-10-28T12:00:00+00:00\",\"dateModified\":\"2026-03-13T12:45:23+00:00\",\"mainEntityOfPage\":{\"@id\":\"https:\/\/agenciainfra.com\/blog\/comissao-da-camara-apresenta-nova-versao-do-pl-que-regulamenta-hidrogenio-verde\/\"},\"wordCount\":827,\"publisher\":{\"@id\":\"https:\/\/agenciainfra.com\/blog\/#organization\"},\"image\":{\"@id\":\"https:\/\/agenciainfra.com\/blog\/comissao-da-camara-apresenta-nova-versao-do-pl-que-regulamenta-hidrogenio-verde\/#primaryimage\"},\"thumbnailUrl\":\"https:\/\/agenciainfra.com\/blog\/wp-content\/uploads\/2023\/10\/joao-carlos-bacelar-batista-foto-agencia-camara-will-shutter.jpg\",\"keywords\":[\"a\u00e7o\",\"Arnaldo Jardim\",\"baixo carbono\",\"biometano\",\"Carreadores de\u00a0Hidrog\u00eanio\",\"Elisa Costa\",\"hidrog\u00eanio verde\",\"Jo\u00e3o Carlos Bacelar\",\"PPPs\",\"Rehidro\",\"transi\u00e7\u00e3o energ\u00e9tica\"],\"articleSection\":[\"Cabe\u00e7alho\",\"Destaque lista\",\"Geral\",\"iNFRATransporte\"],\"inLanguage\":\"pt-BR\",\"copyrightYear\":\"2023\",\"copyrightHolder\":{\"@id\":\"https:\/\/agenciainfra.com\/blog\/#organization\"}},{\"@type\":\"WebPage\",\"@id\":\"https:\/\/agenciainfra.com\/blog\/comissao-da-camara-apresenta-nova-versao-do-pl-que-regulamenta-hidrogenio-verde\/\",\"url\":\"https:\/\/agenciainfra.com\/blog\/comissao-da-camara-apresenta-nova-versao-do-pl-que-regulamenta-hidrogenio-verde\/\",\"name\":\"Comiss\u00e3o da C\u00e2mara apresenta nova vers\u00e3o do PL que regulamenta hidrog\u00eanio verde - Ag\u00eancia iNFRA\",\"isPartOf\":{\"@id\":\"https:\/\/agenciainfra.com\/blog\/#website\"},\"primaryImageOfPage\":{\"@id\":\"https:\/\/agenciainfra.com\/blog\/comissao-da-camara-apresenta-nova-versao-do-pl-que-regulamenta-hidrogenio-verde\/#primaryimage\"},\"image\":{\"@id\":\"https:\/\/agenciainfra.com\/blog\/comissao-da-camara-apresenta-nova-versao-do-pl-que-regulamenta-hidrogenio-verde\/#primaryimage\"},\"thumbnailUrl\":\"https:\/\/agenciainfra.com\/blog\/wp-content\/uploads\/2023\/10\/joao-carlos-bacelar-batista-foto-agencia-camara-will-shutter.jpg\",\"datePublished\":\"2023-10-28T12:00:00+00:00\",\"dateModified\":\"2026-03-13T12:45:23+00:00\",\"breadcrumb\":{\"@id\":\"https:\/\/agenciainfra.com\/blog\/comissao-da-camara-apresenta-nova-versao-do-pl-que-regulamenta-hidrogenio-verde\/#breadcrumb\"},\"inLanguage\":\"pt-BR\",\"potentialAction\":[{\"@type\":\"ReadAction\",\"target\":[\"https:\/\/agenciainfra.com\/blog\/comissao-da-camara-apresenta-nova-versao-do-pl-que-regulamenta-hidrogenio-verde\/\"]}]},{\"@type\":\"ImageObject\",\"inLanguage\":\"pt-BR\",\"@id\":\"https:\/\/agenciainfra.com\/blog\/comissao-da-camara-apresenta-nova-versao-do-pl-que-regulamenta-hidrogenio-verde\/#primaryimage\",\"url\":\"https:\/\/agenciainfra.com\/blog\/wp-content\/uploads\/2023\/10\/joao-carlos-bacelar-batista-foto-agencia-camara-will-shutter.jpg\",\"contentUrl\":\"https:\/\/agenciainfra.com\/blog\/wp-content\/uploads\/2023\/10\/joao-carlos-bacelar-batista-foto-agencia-camara-will-shutter.jpg\",\"width\":1202,\"height\":741},{\"@type\":\"BreadcrumbList\",\"@id\":\"https:\/\/agenciainfra.com\/blog\/comissao-da-camara-apresenta-nova-versao-do-pl-que-regulamenta-hidrogenio-verde\/#breadcrumb\",\"itemListElement\":[{\"@type\":\"ListItem\",\"position\":1,\"name\":\"In\u00edcio\",\"item\":\"https:\/\/agenciainfra.com\/blog\/\"},{\"@type\":\"ListItem\",\"position\":2,\"name\":\"Comiss\u00e3o da C\u00e2mara apresenta nova vers\u00e3o do PL que regulamenta hidrog\u00eanio verde\"}]},{\"@type\":\"WebSite\",\"@id\":\"https:\/\/agenciainfra.com\/blog\/#website\",\"url\":\"https:\/\/agenciainfra.com\/blog\/\",\"name\":\"Ag\u00eancia iNFRA\",\"description\":\"Multiplataforma de informa\u00e7\u00e3o jornal\u00edstica refer\u00eancia na \u00e1rea de infraestrutura no Brasil!\",\"publisher\":{\"@id\":\"https:\/\/agenciainfra.com\/blog\/#organization\"},\"potentialAction\":[{\"@type\":\"SearchAction\",\"target\":{\"@type\":\"EntryPoint\",\"urlTemplate\":\"https:\/\/agenciainfra.com\/blog\/?s={search_term_string}\"},\"query-input\":{\"@type\":\"PropertyValueSpecification\",\"valueRequired\":true,\"valueName\":\"search_term_string\"}}],\"inLanguage\":\"pt-BR\"},{\"@type\":\"Organization\",\"@id\":\"https:\/\/agenciainfra.com\/blog\/#organization\",\"name\":\"Ag\u00eancia iNFRA\",\"url\":\"https:\/\/agenciainfra.com\/blog\/\",\"logo\":{\"@type\":\"ImageObject\",\"inLanguage\":\"pt-BR\",\"@id\":\"https:\/\/agenciainfra.com\/blog\/#\/schema\/logo\/image\/\",\"url\":\"https:\/\/agenciainfra.com\/blog\/wp-content\/uploads\/2023\/09\/iNFRA_5-e1761735885940.png\",\"contentUrl\":\"https:\/\/agenciainfra.com\/blog\/wp-content\/uploads\/2023\/09\/iNFRA_5-e1761735885940.png\",\"width\":1672,\"height\":454,\"caption\":\"Ag\u00eancia iNFRA\"},\"image\":{\"@id\":\"https:\/\/agenciainfra.com\/blog\/#\/schema\/logo\/image\/\"},\"sameAs\":[\"https:\/\/www.facebook.com\/ageninfra\",\"https:\/\/x.com\/agencia_infra\",\"https:\/\/www.linkedin.com\/company\/ag\u00eanciainfra\/\",\"https:\/\/www.instagram.com\/agenciainfra\/\"]},{\"@type\":\"Person\",\"@id\":\"https:\/\/agenciainfra.com\/blog\/#\/schema\/person\/34af08dff6adea4cb22b06612ba7acfa\",\"name\":\"Ag\u00eancia iNFRA\",\"image\":{\"@type\":\"ImageObject\",\"inLanguage\":\"pt-BR\",\"@id\":\"https:\/\/agenciainfra.com\/blog\/#\/schema\/person\/image\/\",\"url\":\"https:\/\/secure.gravatar.com\/avatar\/d189e01678f06d8eb84d4e01f08eb848b3fffe3f8443818d3c356c66892f5be8?s=96&d=mm&r=g\",\"contentUrl\":\"https:\/\/secure.gravatar.com\/avatar\/d189e01678f06d8eb84d4e01f08eb848b3fffe3f8443818d3c356c66892f5be8?s=96&d=mm&r=g\",\"caption\":\"Ag\u00eancia iNFRA\"},\"url\":\"https:\/\/agenciainfra.com\/blog\/author\/admin\/\"}]}<\/script>\n<!-- \/ Yoast SEO Premium plugin. -->","yoast_head_json":{"title":"Comiss\u00e3o da C\u00e2mara apresenta nova vers\u00e3o do PL que regulamenta hidrog\u00eanio verde - Ag\u00eancia iNFRA","robots":{"index":"index","follow":"follow","max-snippet":"max-snippet:-1","max-image-preview":"max-image-preview:large","max-video-preview":"max-video-preview:-1"},"canonical":"https:\/\/agenciainfra.com\/blog\/comissao-da-camara-apresenta-nova-versao-do-pl-que-regulamenta-hidrogenio-verde\/","og_locale":"pt_BR","og_type":"article","og_title":"Comiss\u00e3o da C\u00e2mara apresenta nova vers\u00e3o do PL que regulamenta hidrog\u00eanio verde","og_description":"Elisa Costa,&nbsp;da&nbsp;Ag\u00eancia iNFRA A&nbsp;Comiss\u00e3o&nbsp;Especial para Estudo das Iniciativas para a Transi\u00e7\u00e3o Energ\u00e9tica,&nbsp;da&nbsp;C\u00e2mara, apresentou na \u00faltima quarta-feira (25) uma&nbsp;nova&nbsp;vers\u00e3o&nbsp;do&nbsp;PL&nbsp;(Projeto de Lei)&nbsp;que&nbsp;regulamenta&nbsp;a produ\u00e7\u00e3o de&nbsp;hidrog\u00eanio&nbsp;de baixo carbono, com mudan\u00e7as realizadas ap\u00f3s o recebimento e an\u00e1lise de cerca de 240 contribui\u00e7\u00f5es&nbsp;da&nbsp;sociedade civil. A&nbsp;nova&nbsp;minuta est\u00e1 dispon\u00edvel neste&nbsp;link.&nbsp;&#8220;As modifica\u00e7\u00f5es exigiram muito trabalho. N\u00f3s tivemos muitas contribui\u00e7\u00f5es, e o interesse p\u00fablico foi [&hellip;]","og_url":"https:\/\/agenciainfra.com\/blog\/comissao-da-camara-apresenta-nova-versao-do-pl-que-regulamenta-hidrogenio-verde\/","og_site_name":"Ag\u00eancia iNFRA","article_publisher":"https:\/\/www.facebook.com\/ageninfra","article_published_time":"2023-10-28T12:00:00+00:00","article_modified_time":"2026-03-13T12:45:23+00:00","og_image":[{"width":1202,"height":741,"url":"https:\/\/agenciainfra.com\/blog\/wp-content\/uploads\/2023\/10\/joao-carlos-bacelar-batista-foto-agencia-camara-will-shutter.jpg","type":"image\/jpeg"}],"author":"Ag\u00eancia iNFRA","twitter_card":"summary_large_image","twitter_creator":"@agencia_infra","twitter_site":"@agencia_infra","twitter_misc":{"Escrito por":"Ag\u00eancia iNFRA","Est. tempo de leitura":"4 minutos"},"schema":{"@context":"https:\/\/schema.org","@graph":[{"@type":"Article","@id":"https:\/\/agenciainfra.com\/blog\/comissao-da-camara-apresenta-nova-versao-do-pl-que-regulamenta-hidrogenio-verde\/#article","isPartOf":{"@id":"https:\/\/agenciainfra.com\/blog\/comissao-da-camara-apresenta-nova-versao-do-pl-que-regulamenta-hidrogenio-verde\/"},"author":{"name":"Ag\u00eancia iNFRA","@id":"https:\/\/agenciainfra.com\/blog\/#\/schema\/person\/34af08dff6adea4cb22b06612ba7acfa"},"headline":"Comiss\u00e3o da C\u00e2mara apresenta nova vers\u00e3o do PL que regulamenta hidrog\u00eanio verde","datePublished":"2023-10-28T12:00:00+00:00","dateModified":"2026-03-13T12:45:23+00:00","mainEntityOfPage":{"@id":"https:\/\/agenciainfra.com\/blog\/comissao-da-camara-apresenta-nova-versao-do-pl-que-regulamenta-hidrogenio-verde\/"},"wordCount":827,"publisher":{"@id":"https:\/\/agenciainfra.com\/blog\/#organization"},"image":{"@id":"https:\/\/agenciainfra.com\/blog\/comissao-da-camara-apresenta-nova-versao-do-pl-que-regulamenta-hidrogenio-verde\/#primaryimage"},"thumbnailUrl":"https:\/\/agenciainfra.com\/blog\/wp-content\/uploads\/2023\/10\/joao-carlos-bacelar-batista-foto-agencia-camara-will-shutter.jpg","keywords":["a\u00e7o","Arnaldo Jardim","baixo carbono","biometano","Carreadores de\u00a0Hidrog\u00eanio","Elisa Costa","hidrog\u00eanio verde","Jo\u00e3o Carlos Bacelar","PPPs","Rehidro","transi\u00e7\u00e3o energ\u00e9tica"],"articleSection":["Cabe\u00e7alho","Destaque lista","Geral","iNFRATransporte"],"inLanguage":"pt-BR","copyrightYear":"2023","copyrightHolder":{"@id":"https:\/\/agenciainfra.com\/blog\/#organization"}},{"@type":"WebPage","@id":"https:\/\/agenciainfra.com\/blog\/comissao-da-camara-apresenta-nova-versao-do-pl-que-regulamenta-hidrogenio-verde\/","url":"https:\/\/agenciainfra.com\/blog\/comissao-da-camara-apresenta-nova-versao-do-pl-que-regulamenta-hidrogenio-verde\/","name":"Comiss\u00e3o da C\u00e2mara apresenta nova vers\u00e3o do PL que regulamenta hidrog\u00eanio verde - Ag\u00eancia iNFRA","isPartOf":{"@id":"https:\/\/agenciainfra.com\/blog\/#website"},"primaryImageOfPage":{"@id":"https:\/\/agenciainfra.com\/blog\/comissao-da-camara-apresenta-nova-versao-do-pl-que-regulamenta-hidrogenio-verde\/#primaryimage"},"image":{"@id":"https:\/\/agenciainfra.com\/blog\/comissao-da-camara-apresenta-nova-versao-do-pl-que-regulamenta-hidrogenio-verde\/#primaryimage"},"thumbnailUrl":"https:\/\/agenciainfra.com\/blog\/wp-content\/uploads\/2023\/10\/joao-carlos-bacelar-batista-foto-agencia-camara-will-shutter.jpg","datePublished":"2023-10-28T12:00:00+00:00","dateModified":"2026-03-13T12:45:23+00:00","breadcrumb":{"@id":"https:\/\/agenciainfra.com\/blog\/comissao-da-camara-apresenta-nova-versao-do-pl-que-regulamenta-hidrogenio-verde\/#breadcrumb"},"inLanguage":"pt-BR","potentialAction":[{"@type":"ReadAction","target":["https:\/\/agenciainfra.com\/blog\/comissao-da-camara-apresenta-nova-versao-do-pl-que-regulamenta-hidrogenio-verde\/"]}]},{"@type":"ImageObject","inLanguage":"pt-BR","@id":"https:\/\/agenciainfra.com\/blog\/comissao-da-camara-apresenta-nova-versao-do-pl-que-regulamenta-hidrogenio-verde\/#primaryimage","url":"https:\/\/agenciainfra.com\/blog\/wp-content\/uploads\/2023\/10\/joao-carlos-bacelar-batista-foto-agencia-camara-will-shutter.jpg","contentUrl":"https:\/\/agenciainfra.com\/blog\/wp-content\/uploads\/2023\/10\/joao-carlos-bacelar-batista-foto-agencia-camara-will-shutter.jpg","width":1202,"height":741},{"@type":"BreadcrumbList","@id":"https:\/\/agenciainfra.com\/blog\/comissao-da-camara-apresenta-nova-versao-do-pl-que-regulamenta-hidrogenio-verde\/#breadcrumb","itemListElement":[{"@type":"ListItem","position":1,"name":"In\u00edcio","item":"https:\/\/agenciainfra.com\/blog\/"},{"@type":"ListItem","position":2,"name":"Comiss\u00e3o da C\u00e2mara apresenta nova vers\u00e3o do PL que regulamenta hidrog\u00eanio verde"}]},{"@type":"WebSite","@id":"https:\/\/agenciainfra.com\/blog\/#website","url":"https:\/\/agenciainfra.com\/blog\/","name":"Ag\u00eancia iNFRA","description":"Multiplataforma de informa\u00e7\u00e3o jornal\u00edstica refer\u00eancia na \u00e1rea de infraestrutura no Brasil!","publisher":{"@id":"https:\/\/agenciainfra.com\/blog\/#organization"},"potentialAction":[{"@type":"SearchAction","target":{"@type":"EntryPoint","urlTemplate":"https:\/\/agenciainfra.com\/blog\/?s={search_term_string}"},"query-input":{"@type":"PropertyValueSpecification","valueRequired":true,"valueName":"search_term_string"}}],"inLanguage":"pt-BR"},{"@type":"Organization","@id":"https:\/\/agenciainfra.com\/blog\/#organization","name":"Ag\u00eancia iNFRA","url":"https:\/\/agenciainfra.com\/blog\/","logo":{"@type":"ImageObject","inLanguage":"pt-BR","@id":"https:\/\/agenciainfra.com\/blog\/#\/schema\/logo\/image\/","url":"https:\/\/agenciainfra.com\/blog\/wp-content\/uploads\/2023\/09\/iNFRA_5-e1761735885940.png","contentUrl":"https:\/\/agenciainfra.com\/blog\/wp-content\/uploads\/2023\/09\/iNFRA_5-e1761735885940.png","width":1672,"height":454,"caption":"Ag\u00eancia iNFRA"},"image":{"@id":"https:\/\/agenciainfra.com\/blog\/#\/schema\/logo\/image\/"},"sameAs":["https:\/\/www.facebook.com\/ageninfra","https:\/\/x.com\/agencia_infra","https:\/\/www.linkedin.com\/company\/ag\u00eanciainfra\/","https:\/\/www.instagram.com\/agenciainfra\/"]},{"@type":"Person","@id":"https:\/\/agenciainfra.com\/blog\/#\/schema\/person\/34af08dff6adea4cb22b06612ba7acfa","name":"Ag\u00eancia iNFRA","image":{"@type":"ImageObject","inLanguage":"pt-BR","@id":"https:\/\/agenciainfra.com\/blog\/#\/schema\/person\/image\/","url":"https:\/\/secure.gravatar.com\/avatar\/d189e01678f06d8eb84d4e01f08eb848b3fffe3f8443818d3c356c66892f5be8?s=96&d=mm&r=g","contentUrl":"https:\/\/secure.gravatar.com\/avatar\/d189e01678f06d8eb84d4e01f08eb848b3fffe3f8443818d3c356c66892f5be8?s=96&d=mm&r=g","caption":"Ag\u00eancia iNFRA"},"url":"https:\/\/agenciainfra.com\/blog\/author\/admin\/"}]}},"_links":{"self":[{"href":"https:\/\/agenciainfra.com\/blog\/wp-json\/wp\/v2\/posts\/14550","targetHints":{"allow":["GET"]}}],"collection":[{"href":"https:\/\/agenciainfra.com\/blog\/wp-json\/wp\/v2\/posts"}],"about":[{"href":"https:\/\/agenciainfra.com\/blog\/wp-json\/wp\/v2\/types\/post"}],"author":[{"embeddable":true,"href":"https:\/\/agenciainfra.com\/blog\/wp-json\/wp\/v2\/users\/1"}],"replies":[{"embeddable":true,"href":"https:\/\/agenciainfra.com\/blog\/wp-json\/wp\/v2\/comments?post=14550"}],"version-history":[{"count":1,"href":"https:\/\/agenciainfra.com\/blog\/wp-json\/wp\/v2\/posts\/14550\/revisions"}],"predecessor-version":[{"id":37782,"href":"https:\/\/agenciainfra.com\/blog\/wp-json\/wp\/v2\/posts\/14550\/revisions\/37782"}],"wp:featuredmedia":[{"embeddable":true,"href":"https:\/\/agenciainfra.com\/blog\/wp-json\/wp\/v2\/media\/14554"}],"wp:attachment":[{"href":"https:\/\/agenciainfra.com\/blog\/wp-json\/wp\/v2\/media?parent=14550"}],"wp:term":[{"taxonomy":"category","embeddable":true,"href":"https:\/\/agenciainfra.com\/blog\/wp-json\/wp\/v2\/categories?post=14550"},{"taxonomy":"post_tag","embeddable":true,"href":"https:\/\/agenciainfra.com\/blog\/wp-json\/wp\/v2\/tags?post=14550"}],"curies":[{"name":"wp","href":"https:\/\/api.w.org\/{rel}","templated":true}]}}