{"id":14584,"date":"2023-10-30T10:00:00","date_gmt":"2023-10-30T13:00:00","guid":{"rendered":"https:\/\/www.agenciainfra.com\/blog\/?p=14584"},"modified":"2026-03-13T09:44:11","modified_gmt":"2026-03-13T12:44:11","slug":"abertura-do-mercado-para-a-alta-tensao-expoe-divergencias-entre-geradoras-e-distribuidoras","status":"publish","type":"post","link":"https:\/\/agenciainfra.com\/blog\/abertura-do-mercado-para-a-alta-tensao-expoe-divergencias-entre-geradoras-e-distribuidoras\/","title":{"rendered":"Abertura do mercado para a alta tens\u00e3o exp\u00f5e diverg\u00eancias entre geradoras e distribuidoras"},"content":{"rendered":"\n<p class=\"has-text-align-right\"><strong>Roberto Rockmann*<\/strong><\/p>\n\n\n\n<p>No contexto da maior\u00a0abertura\u00a0da hist\u00f3ria\u00a0do\u00a0mercado\u00a0de energia, a partir de 1\u00b0 de janeiro de 2024, quando todos os consumidores ligados em\u00a0alta\u00a0tens\u00e3o\u00a0poder\u00e3o escolher seu fornecedor,\u00a0geradoras\u00a0temem a falta de isonomia com as\u00a0distribuidoras\u00a0na competi\u00e7\u00e3o por n\u00e3o terem tanto acesso aos dados dos consumidores.<br><br>J\u00e1 as\u00a0distribuidoras\u00a0receiam o aumento de custos com o potencial maior n\u00famero de desligamentos\u00a0e\u00a0a suspens\u00e3o de fornecimento,\u00a0e\u00a0mais inadimpl\u00eancia com a expans\u00e3o\u00a0do\u00a0n\u00famero de consumidores livres.<br><br>Esses s\u00e3o alguns dos pontos em destaque, segundo a an\u00e1lise das cerca de 50 contribui\u00e7\u00f5es da CP (Consulta P\u00fablica) 28\/2023, conclu\u00edda em 13 de outubro, pela ANEEL (Ag\u00eancia Nacional de Energia El\u00e9trica). A CP se refere ao aprimoramento das regras\u00a0do\u00a0comercializador varejista, figura regulat\u00f3ria pela qual as novas migra\u00e7\u00f5es\u00a0para\u00a0o\u00a0mercado\u00a0livre a partir de janeiro ser\u00e3o feitas.<br><br><strong>Eletrobras quer competi\u00e7\u00e3o ison\u00f4mica\u00a0<\/strong><br>Maior geradora\u00a0e\u00a0transmissora\u00a0do\u00a0pa\u00eds, <a rel=\"noreferrer noopener\" href=\"https:\/\/agenciainfra.us14.list-manage.com\/track\/click?u=d460dd1bcf9ba0ae040e1fc0f&amp;id=a8bb4bc5c5&amp;e=f0fa444791\" target=\"_blank\">a Eletrobras defende<\/a>\u00a0o estabelecimento de mecanismos que criem tratamento igual\u00a0entre\u00a0todos os agentes.\u00a0Para\u00a0a empresa, \u00e9 necess\u00e1rio impedir o privil\u00e9gio a comercializadores varejistas que integrem o mesmo grupo econ\u00f4mico de\u00a0distribuidoras\u00a0com informa\u00e7\u00f5es sobre consumidores que pretendem ingressar no\u00a0mercado\u00a0livre.\u00a0Al\u00e9m de acesso aos dados, a empresa teme a cria\u00e7\u00e3o de barreiras \u201cburocr\u00e1ticas ou mesmo f\u00edsicas\u201d.<br><br>Nesse contexto, a Eletrobras prop\u00f5e\u00a0como alternativas regulat\u00f3rias: 1) a impossibilidade de migra\u00e7\u00e3o dos consumidores cativos\u00a0para\u00a0representantes varejistas que estejam vinculados a um grupo econ\u00f4mico com participa\u00e7\u00e3o na respectiva distribuidora; 2) a intensifica\u00e7\u00e3o\u00a0do\u00a0processo de fiscaliza\u00e7\u00e3o por parte da ANEEL, visando mitigar\u00a0e\u00a0punir pr\u00e1ticas n\u00e3o ison\u00f4micas identificadas ao longo\u00a0do\u00a0processo de migra\u00e7\u00e3o.\u00a0<br><br>Em sua contribui\u00e7\u00e3o,\u00a0a\u00a0<a rel=\"noreferrer noopener\" href=\"https:\/\/agenciainfra.us14.list-manage.com\/track\/click?u=d460dd1bcf9ba0ae040e1fc0f&amp;id=83bb7daea6&amp;e=f0fa444791\" target=\"_blank\">Abrage<\/a>\u00a0(Associa\u00e7\u00e3o Brasileira das\u00a0Geradoras\u00a0de Energia El\u00e9trica) destaca que a ANEEL deveria \u201cemitir comando de modo que n\u00e3o haja uso privilegiado de dados\u00a0do\u00a0consumidor em prol das\u00a0distribuidoras\u201d. Ainda ressalta que a ag\u00eancia deveria fortalecer a fiscaliza\u00e7\u00e3o\u00a0e\u00a0aprimorar o canal de den\u00fancias.<br><br>Na nota t\u00e9cnica que embasa a CP\u00a0e\u00a0no voto\u00a0do\u00a0relator, diretor Ricardo Tilli, \u00e9 proposto que a CCEE (C\u00e2mara de Comercializa\u00e7\u00e3o de Energia El\u00e9trica)\u00a0seja a centralizadora dos dados dos agentes.\u00a0Para\u00a0a\u00a0<a rel=\"noreferrer noopener\" href=\"https:\/\/agenciainfra.us14.list-manage.com\/track\/click?u=d460dd1bcf9ba0ae040e1fc0f&amp;id=fcc0914448&amp;e=f0fa444791\" target=\"_blank\">Abraceel<\/a>\u00a0(Associa\u00e7\u00e3o Brasileira das Comercializadoras de Energia El\u00e9trica), esse \u00e9 o primeiro passo\u00a0para\u00a0a cria\u00e7\u00e3o de um ambiente de open energy em que o consumidor passaria a ter o controle dos seus dados, mas que ser\u00e1 fundamental avan\u00e7ar mais, por exemplo, prevendo \u201ca disponibiliza\u00e7\u00e3o dos dados individualizados\u00a0para\u00a0os agentes varejistas.<br><br>Para\u00a0as comercializadoras, falta ainda definir tamb\u00e9m os dados que a CCEE centralizaria: \u201cSugerimos a inclus\u00e3o\u00a0do\u00a0hist\u00f3rico de notifica\u00e7\u00f5es de suspens\u00e3o de fornecimento\u00a0e\u00a0do\u00a0hist\u00f3rico de notifica\u00e7\u00f5es de impossibilidade de suspens\u00e3o\u00a0do\u00a0fornecimento, com motiva\u00e7\u00e3o expressa&#8221;.<br><br>O tema da concorr\u00eancia\u00a0e\u00a0do\u00a0acesso a dados ganha dimens\u00e3o com a\u00a0abertura\u00a0de 1\u00ba de janeiro, quando todos os consumidores ligados \u00e0\u00a0alta\u00a0tens\u00e3o\u00a0poder\u00e3o se tornar livres. Apenas no primeiro m\u00eas de 2024, segundo dados da ANEEL, dever\u00e3o ser mais de 2.100 migra\u00e7\u00f5es, maior n\u00famero da hist\u00f3ria. Estudo da CCEE (C\u00e2mara de Comercializa\u00e7\u00e3o de Energia El\u00e9trica) estima que 72 mil consumidores poder\u00e3o migrar\u00a0para\u00a0o\u00a0mercado\u00a0livre, que hoje re\u00fane pouco mais de dez mil empresas.<br>\u00a0<br><strong>Receio com a inadimpl\u00eancia<\/strong><br>A expans\u00e3o\u00a0do\u00a0mercado\u00a0livre\u00a0e\u00a0o aumento das negocia\u00e7\u00f5es trazem outro receio: aumento de desligamentos\u00a0e\u00a0suspens\u00e3o de fornecimento com eleva\u00e7\u00e3o da inadimpl\u00eancia. \u00a0<br><br>As\u00a0distribuidoras\u00a0est\u00e3o atentas a isso, por temerem \u201cimpacto significativo\u201d de custos em raz\u00e3o de demandas de suspens\u00e3o\u00a0e\u00a0religa\u00e7\u00e3o solicitadas, em volume potencialmente elevado pelo grande aumento\u00a0do\u00a0mercado\u00a0livre com o ingresso de novos clientes, segundo a contribui\u00e7\u00e3o da\u00a0<a rel=\"noreferrer noopener\" href=\"https:\/\/agenciainfra.us14.list-manage.com\/track\/click?u=d460dd1bcf9ba0ae040e1fc0f&amp;id=68293c130d&amp;e=f0fa444791\" target=\"_blank\">Energisa<\/a>.<br><br>J\u00e1 a\u00a0<a rel=\"noreferrer noopener\" href=\"https:\/\/agenciainfra.us14.list-manage.com\/track\/click?u=d460dd1bcf9ba0ae040e1fc0f&amp;id=e50be25686&amp;e=f0fa444791\" target=\"_blank\">EDP<\/a>\u00a0prop\u00f5e\u00a0a remunera\u00e7\u00e3o, por parte\u00a0do\u00a0comercializador varejista, pela suspens\u00e3o\u00a0do\u00a0fornecimento, \u201cde forma a cobrir os custos deste servi\u00e7o, sem que ocorram repasses aos demais consumidores via tarifa.\u201d\u00a0<br><br>A consultoria\u00a0<a rel=\"noreferrer noopener\" href=\"https:\/\/agenciainfra.us14.list-manage.com\/track\/click?u=d460dd1bcf9ba0ae040e1fc0f&amp;id=ee072db8f6&amp;e=f0fa444791\" target=\"_blank\">Thymos<\/a>\u00a0sugere a cria\u00e7\u00e3o de um fundo de garantias de contratos regulados\u00a0e\u00a0de uso\u00a0do\u00a0sistema de transmiss\u00e3o,\u00a0para\u00a0que os comercializadores varejistas sejam protegidos de eventual inadimpl\u00eancia. \u201cA participa\u00e7\u00e3o neste fundo seria opcional ao agente varejista, mediante atendimento \u00e0s regras\u00a0e\u00a0procedimentos a serem definidos pela CCEE.\u201d<br><br>As\u00a0geradoras\u00a0tamb\u00e9m est\u00e3o atentas a esse ponto. Uma preocupa\u00e7\u00e3o \u00e9 a eventual demora, por parte\u00a0do\u00a0judici\u00e1rio, em analisar pleitos de n\u00e3o desligamento, um fator alheio \u00e0 governan\u00e7a\u00a0do\u00a0setor el\u00e9trico. \u201cMesmo que num primeiro momento os efeitos decorrentes da morosidade supracitada estejam restritos ao representante varejista, as consequ\u00eancias podem ser sist\u00eamicas no caso de uma comercializadora entrar em default\u201d, destaca a Eletrobras.<br><br><strong>Supridor de \u00faltima inst\u00e2ncia<\/strong><br>A figura\u00a0do\u00a0comercializador varejista ser\u00e1 respons\u00e1vel por todas as opera\u00e7\u00f5es\u00a0e\u00a0obriga\u00e7\u00f5es dos consumidores no\u00a0mercado\u00a0livre. Nesse contexto, alguns agentes veem como necess\u00e1ria a cria\u00e7\u00e3o de mecanismos de assist\u00eancia ao consumidor que, por qualquer motivo, perca o seu comercializador varejista.<br><br>Na crise de g\u00e1s da Europa em 2022, muitas comercializadoras fecharam as portas pelas oscila\u00e7\u00f5es de pre\u00e7o, o que deixou consumidores desprotegidos. Nesse contexto, ganha dimens\u00e3o a figura\u00a0do\u00a0Supridor de \u00daltima Inst\u00e2ncia (SUI), que teria a responsabilidade de atendimento dos consumidores\u00a0entre\u00a0a perda da antiga representa\u00e7\u00e3o\u00a0do\u00a0seu comercializador varejista\u00a0e\u00a0a busca por um novo.\u00a0A figura ainda n\u00e3o est\u00e1 regulamentada no Brasil.<br><br>Para\u00a0a\u00a0<a rel=\"noreferrer noopener\" href=\"https:\/\/agenciainfra.us14.list-manage.com\/track\/click?u=d460dd1bcf9ba0ae040e1fc0f&amp;id=718de301e1&amp;e=f0fa444791\" target=\"_blank\">Enel<\/a>, essa atividade, se criada, deveria ser assumida prioritariamente pelas\u00a0distribuidoras, \u201csem preju\u00edzo de, no futuro, ser designada a outros agentes de forma concorrencial\u201d.<br><br>Para\u00a0a\u00a0<a rel=\"noreferrer noopener\" href=\"https:\/\/agenciainfra.us14.list-manage.com\/track\/click?u=d460dd1bcf9ba0ae040e1fc0f&amp;id=6425ee6b23&amp;e=f0fa444791\" target=\"_blank\">Neoenergia<\/a>, os custos\u00a0e\u00a0riscos\u00a0do\u00a0Supridor de \u00daltima Inst\u00e2ncia precisariam estar \u201ccompletamente separados dos custos\u00a0e\u00a0riscos da distribuidora\u201d, j\u00e1 que isto poderia \u201crepresentar custos n\u00e3o previstos\u00a0e\u00a0indevidos de serem suportados pelo\u00a0mercado\u00a0cativo que permaneceu na distribuidora\u201d.<br><br><strong>Detalhamento\u00a0no in\u00edcio de 2024\u00a0<\/strong><br>A ANEEL poder\u00e1 definir o detalhamento das medidas apenas no in\u00edcio\u00a0do\u00a0pr\u00f3ximo ano. Em reuni\u00e3o na semana passada, a ag\u00eancia deliberou que a agenda regulat\u00f3ria 2024-2025 ser\u00e1 discutida em audi\u00eancia p\u00fablica nessa quarta-feira (01). O aperfei\u00e7oamento das regras\u00a0do\u00a0comercializador varejista \u2013 figura pela qual as migra\u00e7\u00f5es\u00a0para\u00a0o\u00a0mercado\u00a0livre da\u00a0alta\u00a0tens\u00e3o\u00a0ser\u00e3o feitas \u2013 est\u00e1 no primeiro lugar da agenda.<\/p>\n\n\n\n<h6 class=\"wp-block-heading\" id=\"block-f323f59b-51bf-4eed-b17b-3c7d3b917007\">*Roberto Rockmann <strong>\u00e9 escritor e jornalista. Coautor do livro \u201cCurto-Circuito, quando o Brasil quase ficou \u00e0s escuras\u201d e produtor do podcast quinzenal \u201cGiro Energia\u201d sobre o setor el\u00e9trico. Organizou em 2018 o livro de 20 anos do mercado livre de energia el\u00e9trica, editado pela CCEE (C\u00e2mara de Comercializa\u00e7\u00e3o de Energia El\u00e9trica), al\u00e9m de v\u00e1rios outros livros e trabalhos premiados<\/strong>.<\/h6>\n\n\n\n<p><strong>As opini\u00f5es dos autores n\u00e3o refletem necessariamente o pensamento da Ag\u00eancia iNFRA, sendo de total responsabilidade do autor as informa\u00e7\u00f5es, ju\u00edzos de valor e conceitos descritos no texto<\/strong>.<\/p>\n","protected":false},"excerpt":{"rendered":"<p>Roberto Rockmann* No contexto da maior\u00a0abertura\u00a0da hist\u00f3ria\u00a0do\u00a0mercado\u00a0de energia, a partir de 1\u00b0 de janeiro de 2024, quando todos os consumidores ligados em\u00a0alta\u00a0tens\u00e3o\u00a0poder\u00e3o escolher seu fornecedor,\u00a0geradoras\u00a0temem a falta de isonomia com as\u00a0distribuidoras\u00a0na competi\u00e7\u00e3o por n\u00e3o terem tanto acesso aos dados dos consumidores. J\u00e1 as\u00a0distribuidoras\u00a0receiam o aumento de custos com o potencial maior n\u00famero de desligamentos\u00a0e\u00a0a suspens\u00e3o [&hellip;]<\/p>\n","protected":false},"author":1,"featured_media":14585,"comment_status":"closed","ping_status":"closed","sticky":false,"template":"","format":"standard","meta":{"_monsterinsights_skip_tracking":false,"_monsterinsights_sitenote_active":false,"_monsterinsights_sitenote_note":"","_monsterinsights_sitenote_category":0,"footnotes":""},"categories":[7248,7250,1,10],"tags":[46,1966,53,7663,7662,50,1854,4007,55,48,4488],"class_list":["post-14584","post","type-post","status-publish","format-standard","has-post-thumbnail","hentry","category-cabecalho","category-destaque-lista","category-geral","category-infraenergia","tag-agencias-reguladoras","tag-alta-tensao","tag-aneel","tag-consulta-publica-28-2023","tag-distribucao","tag-eletrobras","tag-geracao","tag-isonomia","tag-mercado-livre","tag-regulacao","tag-roberto-rockmann"],"yoast_head":"<!-- This site is optimized with the Yoast SEO Premium plugin v25.4 (Yoast SEO v26.0) - https:\/\/yoast.com\/wordpress\/plugins\/seo\/ -->\n<title>Abertura do mercado para a alta tens\u00e3o exp\u00f5e diverg\u00eancias entre geradoras e distribuidoras - Ag\u00eancia iNFRA<\/title>\n<meta name=\"robots\" content=\"index, follow, max-snippet:-1, max-image-preview:large, max-video-preview:-1\" \/>\n<link rel=\"canonical\" href=\"https:\/\/agenciainfra.com\/blog\/abertura-do-mercado-para-a-alta-tensao-expoe-divergencias-entre-geradoras-e-distribuidoras\/\" \/>\n<meta property=\"og:locale\" content=\"pt_BR\" \/>\n<meta property=\"og:type\" content=\"article\" \/>\n<meta property=\"og:title\" content=\"Abertura do mercado para a alta tens\u00e3o exp\u00f5e diverg\u00eancias entre geradoras e distribuidoras\" \/>\n<meta property=\"og:description\" content=\"Roberto Rockmann* No contexto da maior\u00a0abertura\u00a0da hist\u00f3ria\u00a0do\u00a0mercado\u00a0de energia, a partir de 1\u00b0 de janeiro de 2024, quando todos os consumidores ligados em\u00a0alta\u00a0tens\u00e3o\u00a0poder\u00e3o escolher seu fornecedor,\u00a0geradoras\u00a0temem a falta de isonomia com as\u00a0distribuidoras\u00a0na competi\u00e7\u00e3o por n\u00e3o terem tanto acesso aos dados dos consumidores. J\u00e1 as\u00a0distribuidoras\u00a0receiam o aumento de custos com o potencial maior n\u00famero de desligamentos\u00a0e\u00a0a suspens\u00e3o [&hellip;]\" \/>\n<meta property=\"og:url\" content=\"https:\/\/agenciainfra.com\/blog\/abertura-do-mercado-para-a-alta-tensao-expoe-divergencias-entre-geradoras-e-distribuidoras\/\" \/>\n<meta property=\"og:site_name\" content=\"Ag\u00eancia iNFRA\" \/>\n<meta property=\"article:publisher\" content=\"https:\/\/www.facebook.com\/ageninfra\" \/>\n<meta property=\"article:published_time\" content=\"2023-10-30T13:00:00+00:00\" \/>\n<meta property=\"article:modified_time\" content=\"2026-03-13T12:44:11+00:00\" \/>\n<meta property=\"og:image\" content=\"https:\/\/agenciainfra.com\/blog\/wp-content\/uploads\/2023\/10\/energia-poste-foto-pxhere.jpg\" \/>\n\t<meta property=\"og:image:width\" content=\"1202\" \/>\n\t<meta property=\"og:image:height\" content=\"801\" \/>\n\t<meta property=\"og:image:type\" content=\"image\/jpeg\" \/>\n<meta name=\"author\" content=\"Ag\u00eancia iNFRA\" \/>\n<meta name=\"twitter:card\" content=\"summary_large_image\" \/>\n<meta name=\"twitter:creator\" content=\"@agencia_infra\" \/>\n<meta name=\"twitter:site\" content=\"@agencia_infra\" \/>\n<meta name=\"twitter:label1\" content=\"Escrito por\" \/>\n\t<meta name=\"twitter:data1\" content=\"Ag\u00eancia iNFRA\" \/>\n\t<meta name=\"twitter:label2\" content=\"Est. tempo de leitura\" \/>\n\t<meta name=\"twitter:data2\" content=\"6 minutos\" \/>\n<script type=\"application\/ld+json\" class=\"yoast-schema-graph\">{\"@context\":\"https:\/\/schema.org\",\"@graph\":[{\"@type\":\"Article\",\"@id\":\"https:\/\/agenciainfra.com\/blog\/abertura-do-mercado-para-a-alta-tensao-expoe-divergencias-entre-geradoras-e-distribuidoras\/#article\",\"isPartOf\":{\"@id\":\"https:\/\/agenciainfra.com\/blog\/abertura-do-mercado-para-a-alta-tensao-expoe-divergencias-entre-geradoras-e-distribuidoras\/\"},\"author\":{\"name\":\"Ag\u00eancia iNFRA\",\"@id\":\"https:\/\/agenciainfra.com\/blog\/#\/schema\/person\/34af08dff6adea4cb22b06612ba7acfa\"},\"headline\":\"Abertura do mercado para a alta tens\u00e3o exp\u00f5e diverg\u00eancias entre geradoras e distribuidoras\",\"datePublished\":\"2023-10-30T13:00:00+00:00\",\"dateModified\":\"2026-03-13T12:44:11+00:00\",\"mainEntityOfPage\":{\"@id\":\"https:\/\/agenciainfra.com\/blog\/abertura-do-mercado-para-a-alta-tensao-expoe-divergencias-entre-geradoras-e-distribuidoras\/\"},\"wordCount\":1217,\"publisher\":{\"@id\":\"https:\/\/agenciainfra.com\/blog\/#organization\"},\"image\":{\"@id\":\"https:\/\/agenciainfra.com\/blog\/abertura-do-mercado-para-a-alta-tensao-expoe-divergencias-entre-geradoras-e-distribuidoras\/#primaryimage\"},\"thumbnailUrl\":\"https:\/\/agenciainfra.com\/blog\/wp-content\/uploads\/2023\/10\/energia-poste-foto-pxhere.jpg\",\"keywords\":[\"Ag\u00eancias Reguladoras\",\"alta tens\u00e3o\",\"ANEEL\",\"Consulta P\u00fablica 28\/2023\",\"distribu\u00e7\u00e3o\",\"Eletrobras\",\"gera\u00e7\u00e3o\",\"isonomia\",\"mercado livre\",\"Regula\u00e7\u00e3o\",\"Roberto Rockmann\"],\"articleSection\":[\"Cabe\u00e7alho\",\"Destaque lista\",\"Geral\",\"iNFRAEnergia\"],\"inLanguage\":\"pt-BR\",\"copyrightYear\":\"2023\",\"copyrightHolder\":{\"@id\":\"https:\/\/agenciainfra.com\/blog\/#organization\"}},{\"@type\":\"WebPage\",\"@id\":\"https:\/\/agenciainfra.com\/blog\/abertura-do-mercado-para-a-alta-tensao-expoe-divergencias-entre-geradoras-e-distribuidoras\/\",\"url\":\"https:\/\/agenciainfra.com\/blog\/abertura-do-mercado-para-a-alta-tensao-expoe-divergencias-entre-geradoras-e-distribuidoras\/\",\"name\":\"Abertura do mercado para a alta tens\u00e3o exp\u00f5e diverg\u00eancias entre geradoras e distribuidoras - Ag\u00eancia iNFRA\",\"isPartOf\":{\"@id\":\"https:\/\/agenciainfra.com\/blog\/#website\"},\"primaryImageOfPage\":{\"@id\":\"https:\/\/agenciainfra.com\/blog\/abertura-do-mercado-para-a-alta-tensao-expoe-divergencias-entre-geradoras-e-distribuidoras\/#primaryimage\"},\"image\":{\"@id\":\"https:\/\/agenciainfra.com\/blog\/abertura-do-mercado-para-a-alta-tensao-expoe-divergencias-entre-geradoras-e-distribuidoras\/#primaryimage\"},\"thumbnailUrl\":\"https:\/\/agenciainfra.com\/blog\/wp-content\/uploads\/2023\/10\/energia-poste-foto-pxhere.jpg\",\"datePublished\":\"2023-10-30T13:00:00+00:00\",\"dateModified\":\"2026-03-13T12:44:11+00:00\",\"breadcrumb\":{\"@id\":\"https:\/\/agenciainfra.com\/blog\/abertura-do-mercado-para-a-alta-tensao-expoe-divergencias-entre-geradoras-e-distribuidoras\/#breadcrumb\"},\"inLanguage\":\"pt-BR\",\"potentialAction\":[{\"@type\":\"ReadAction\",\"target\":[\"https:\/\/agenciainfra.com\/blog\/abertura-do-mercado-para-a-alta-tensao-expoe-divergencias-entre-geradoras-e-distribuidoras\/\"]}]},{\"@type\":\"ImageObject\",\"inLanguage\":\"pt-BR\",\"@id\":\"https:\/\/agenciainfra.com\/blog\/abertura-do-mercado-para-a-alta-tensao-expoe-divergencias-entre-geradoras-e-distribuidoras\/#primaryimage\",\"url\":\"https:\/\/agenciainfra.com\/blog\/wp-content\/uploads\/2023\/10\/energia-poste-foto-pxhere.jpg\",\"contentUrl\":\"https:\/\/agenciainfra.com\/blog\/wp-content\/uploads\/2023\/10\/energia-poste-foto-pxhere.jpg\",\"width\":1202,\"height\":801,\"caption\":\"Foto: PX Here\"},{\"@type\":\"BreadcrumbList\",\"@id\":\"https:\/\/agenciainfra.com\/blog\/abertura-do-mercado-para-a-alta-tensao-expoe-divergencias-entre-geradoras-e-distribuidoras\/#breadcrumb\",\"itemListElement\":[{\"@type\":\"ListItem\",\"position\":1,\"name\":\"In\u00edcio\",\"item\":\"https:\/\/agenciainfra.com\/blog\/\"},{\"@type\":\"ListItem\",\"position\":2,\"name\":\"Abertura do mercado para a alta tens\u00e3o exp\u00f5e diverg\u00eancias entre geradoras e distribuidoras\"}]},{\"@type\":\"WebSite\",\"@id\":\"https:\/\/agenciainfra.com\/blog\/#website\",\"url\":\"https:\/\/agenciainfra.com\/blog\/\",\"name\":\"Ag\u00eancia iNFRA\",\"description\":\"Multiplataforma de informa\u00e7\u00e3o jornal\u00edstica refer\u00eancia na \u00e1rea de infraestrutura no Brasil!\",\"publisher\":{\"@id\":\"https:\/\/agenciainfra.com\/blog\/#organization\"},\"potentialAction\":[{\"@type\":\"SearchAction\",\"target\":{\"@type\":\"EntryPoint\",\"urlTemplate\":\"https:\/\/agenciainfra.com\/blog\/?s={search_term_string}\"},\"query-input\":{\"@type\":\"PropertyValueSpecification\",\"valueRequired\":true,\"valueName\":\"search_term_string\"}}],\"inLanguage\":\"pt-BR\"},{\"@type\":\"Organization\",\"@id\":\"https:\/\/agenciainfra.com\/blog\/#organization\",\"name\":\"Ag\u00eancia iNFRA\",\"url\":\"https:\/\/agenciainfra.com\/blog\/\",\"logo\":{\"@type\":\"ImageObject\",\"inLanguage\":\"pt-BR\",\"@id\":\"https:\/\/agenciainfra.com\/blog\/#\/schema\/logo\/image\/\",\"url\":\"https:\/\/agenciainfra.com\/blog\/wp-content\/uploads\/2023\/09\/iNFRA_5-e1761735885940.png\",\"contentUrl\":\"https:\/\/agenciainfra.com\/blog\/wp-content\/uploads\/2023\/09\/iNFRA_5-e1761735885940.png\",\"width\":1672,\"height\":454,\"caption\":\"Ag\u00eancia iNFRA\"},\"image\":{\"@id\":\"https:\/\/agenciainfra.com\/blog\/#\/schema\/logo\/image\/\"},\"sameAs\":[\"https:\/\/www.facebook.com\/ageninfra\",\"https:\/\/x.com\/agencia_infra\",\"https:\/\/www.linkedin.com\/company\/ag\u00eanciainfra\/\",\"https:\/\/www.instagram.com\/agenciainfra\/\"]},{\"@type\":\"Person\",\"@id\":\"https:\/\/agenciainfra.com\/blog\/#\/schema\/person\/34af08dff6adea4cb22b06612ba7acfa\",\"name\":\"Ag\u00eancia iNFRA\",\"image\":{\"@type\":\"ImageObject\",\"inLanguage\":\"pt-BR\",\"@id\":\"https:\/\/agenciainfra.com\/blog\/#\/schema\/person\/image\/\",\"url\":\"https:\/\/secure.gravatar.com\/avatar\/d189e01678f06d8eb84d4e01f08eb848b3fffe3f8443818d3c356c66892f5be8?s=96&d=mm&r=g\",\"contentUrl\":\"https:\/\/secure.gravatar.com\/avatar\/d189e01678f06d8eb84d4e01f08eb848b3fffe3f8443818d3c356c66892f5be8?s=96&d=mm&r=g\",\"caption\":\"Ag\u00eancia iNFRA\"},\"url\":\"https:\/\/agenciainfra.com\/blog\/author\/admin\/\"}]}<\/script>\n<!-- \/ Yoast SEO Premium plugin. -->","yoast_head_json":{"title":"Abertura do mercado para a alta tens\u00e3o exp\u00f5e diverg\u00eancias entre geradoras e distribuidoras - Ag\u00eancia iNFRA","robots":{"index":"index","follow":"follow","max-snippet":"max-snippet:-1","max-image-preview":"max-image-preview:large","max-video-preview":"max-video-preview:-1"},"canonical":"https:\/\/agenciainfra.com\/blog\/abertura-do-mercado-para-a-alta-tensao-expoe-divergencias-entre-geradoras-e-distribuidoras\/","og_locale":"pt_BR","og_type":"article","og_title":"Abertura do mercado para a alta tens\u00e3o exp\u00f5e diverg\u00eancias entre geradoras e distribuidoras","og_description":"Roberto Rockmann* No contexto da maior\u00a0abertura\u00a0da hist\u00f3ria\u00a0do\u00a0mercado\u00a0de energia, a partir de 1\u00b0 de janeiro de 2024, quando todos os consumidores ligados em\u00a0alta\u00a0tens\u00e3o\u00a0poder\u00e3o escolher seu fornecedor,\u00a0geradoras\u00a0temem a falta de isonomia com as\u00a0distribuidoras\u00a0na competi\u00e7\u00e3o por n\u00e3o terem tanto acesso aos dados dos consumidores. J\u00e1 as\u00a0distribuidoras\u00a0receiam o aumento de custos com o potencial maior n\u00famero de desligamentos\u00a0e\u00a0a suspens\u00e3o [&hellip;]","og_url":"https:\/\/agenciainfra.com\/blog\/abertura-do-mercado-para-a-alta-tensao-expoe-divergencias-entre-geradoras-e-distribuidoras\/","og_site_name":"Ag\u00eancia iNFRA","article_publisher":"https:\/\/www.facebook.com\/ageninfra","article_published_time":"2023-10-30T13:00:00+00:00","article_modified_time":"2026-03-13T12:44:11+00:00","og_image":[{"width":1202,"height":801,"url":"https:\/\/agenciainfra.com\/blog\/wp-content\/uploads\/2023\/10\/energia-poste-foto-pxhere.jpg","type":"image\/jpeg"}],"author":"Ag\u00eancia iNFRA","twitter_card":"summary_large_image","twitter_creator":"@agencia_infra","twitter_site":"@agencia_infra","twitter_misc":{"Escrito por":"Ag\u00eancia iNFRA","Est. tempo de leitura":"6 minutos"},"schema":{"@context":"https:\/\/schema.org","@graph":[{"@type":"Article","@id":"https:\/\/agenciainfra.com\/blog\/abertura-do-mercado-para-a-alta-tensao-expoe-divergencias-entre-geradoras-e-distribuidoras\/#article","isPartOf":{"@id":"https:\/\/agenciainfra.com\/blog\/abertura-do-mercado-para-a-alta-tensao-expoe-divergencias-entre-geradoras-e-distribuidoras\/"},"author":{"name":"Ag\u00eancia iNFRA","@id":"https:\/\/agenciainfra.com\/blog\/#\/schema\/person\/34af08dff6adea4cb22b06612ba7acfa"},"headline":"Abertura do mercado para a alta tens\u00e3o exp\u00f5e diverg\u00eancias entre geradoras e distribuidoras","datePublished":"2023-10-30T13:00:00+00:00","dateModified":"2026-03-13T12:44:11+00:00","mainEntityOfPage":{"@id":"https:\/\/agenciainfra.com\/blog\/abertura-do-mercado-para-a-alta-tensao-expoe-divergencias-entre-geradoras-e-distribuidoras\/"},"wordCount":1217,"publisher":{"@id":"https:\/\/agenciainfra.com\/blog\/#organization"},"image":{"@id":"https:\/\/agenciainfra.com\/blog\/abertura-do-mercado-para-a-alta-tensao-expoe-divergencias-entre-geradoras-e-distribuidoras\/#primaryimage"},"thumbnailUrl":"https:\/\/agenciainfra.com\/blog\/wp-content\/uploads\/2023\/10\/energia-poste-foto-pxhere.jpg","keywords":["Ag\u00eancias Reguladoras","alta tens\u00e3o","ANEEL","Consulta P\u00fablica 28\/2023","distribu\u00e7\u00e3o","Eletrobras","gera\u00e7\u00e3o","isonomia","mercado livre","Regula\u00e7\u00e3o","Roberto Rockmann"],"articleSection":["Cabe\u00e7alho","Destaque lista","Geral","iNFRAEnergia"],"inLanguage":"pt-BR","copyrightYear":"2023","copyrightHolder":{"@id":"https:\/\/agenciainfra.com\/blog\/#organization"}},{"@type":"WebPage","@id":"https:\/\/agenciainfra.com\/blog\/abertura-do-mercado-para-a-alta-tensao-expoe-divergencias-entre-geradoras-e-distribuidoras\/","url":"https:\/\/agenciainfra.com\/blog\/abertura-do-mercado-para-a-alta-tensao-expoe-divergencias-entre-geradoras-e-distribuidoras\/","name":"Abertura do mercado para a alta tens\u00e3o exp\u00f5e diverg\u00eancias entre geradoras e distribuidoras - Ag\u00eancia iNFRA","isPartOf":{"@id":"https:\/\/agenciainfra.com\/blog\/#website"},"primaryImageOfPage":{"@id":"https:\/\/agenciainfra.com\/blog\/abertura-do-mercado-para-a-alta-tensao-expoe-divergencias-entre-geradoras-e-distribuidoras\/#primaryimage"},"image":{"@id":"https:\/\/agenciainfra.com\/blog\/abertura-do-mercado-para-a-alta-tensao-expoe-divergencias-entre-geradoras-e-distribuidoras\/#primaryimage"},"thumbnailUrl":"https:\/\/agenciainfra.com\/blog\/wp-content\/uploads\/2023\/10\/energia-poste-foto-pxhere.jpg","datePublished":"2023-10-30T13:00:00+00:00","dateModified":"2026-03-13T12:44:11+00:00","breadcrumb":{"@id":"https:\/\/agenciainfra.com\/blog\/abertura-do-mercado-para-a-alta-tensao-expoe-divergencias-entre-geradoras-e-distribuidoras\/#breadcrumb"},"inLanguage":"pt-BR","potentialAction":[{"@type":"ReadAction","target":["https:\/\/agenciainfra.com\/blog\/abertura-do-mercado-para-a-alta-tensao-expoe-divergencias-entre-geradoras-e-distribuidoras\/"]}]},{"@type":"ImageObject","inLanguage":"pt-BR","@id":"https:\/\/agenciainfra.com\/blog\/abertura-do-mercado-para-a-alta-tensao-expoe-divergencias-entre-geradoras-e-distribuidoras\/#primaryimage","url":"https:\/\/agenciainfra.com\/blog\/wp-content\/uploads\/2023\/10\/energia-poste-foto-pxhere.jpg","contentUrl":"https:\/\/agenciainfra.com\/blog\/wp-content\/uploads\/2023\/10\/energia-poste-foto-pxhere.jpg","width":1202,"height":801,"caption":"Foto: PX Here"},{"@type":"BreadcrumbList","@id":"https:\/\/agenciainfra.com\/blog\/abertura-do-mercado-para-a-alta-tensao-expoe-divergencias-entre-geradoras-e-distribuidoras\/#breadcrumb","itemListElement":[{"@type":"ListItem","position":1,"name":"In\u00edcio","item":"https:\/\/agenciainfra.com\/blog\/"},{"@type":"ListItem","position":2,"name":"Abertura do mercado para a alta tens\u00e3o exp\u00f5e diverg\u00eancias entre geradoras e distribuidoras"}]},{"@type":"WebSite","@id":"https:\/\/agenciainfra.com\/blog\/#website","url":"https:\/\/agenciainfra.com\/blog\/","name":"Ag\u00eancia iNFRA","description":"Multiplataforma de informa\u00e7\u00e3o jornal\u00edstica refer\u00eancia na \u00e1rea de infraestrutura no Brasil!","publisher":{"@id":"https:\/\/agenciainfra.com\/blog\/#organization"},"potentialAction":[{"@type":"SearchAction","target":{"@type":"EntryPoint","urlTemplate":"https:\/\/agenciainfra.com\/blog\/?s={search_term_string}"},"query-input":{"@type":"PropertyValueSpecification","valueRequired":true,"valueName":"search_term_string"}}],"inLanguage":"pt-BR"},{"@type":"Organization","@id":"https:\/\/agenciainfra.com\/blog\/#organization","name":"Ag\u00eancia iNFRA","url":"https:\/\/agenciainfra.com\/blog\/","logo":{"@type":"ImageObject","inLanguage":"pt-BR","@id":"https:\/\/agenciainfra.com\/blog\/#\/schema\/logo\/image\/","url":"https:\/\/agenciainfra.com\/blog\/wp-content\/uploads\/2023\/09\/iNFRA_5-e1761735885940.png","contentUrl":"https:\/\/agenciainfra.com\/blog\/wp-content\/uploads\/2023\/09\/iNFRA_5-e1761735885940.png","width":1672,"height":454,"caption":"Ag\u00eancia iNFRA"},"image":{"@id":"https:\/\/agenciainfra.com\/blog\/#\/schema\/logo\/image\/"},"sameAs":["https:\/\/www.facebook.com\/ageninfra","https:\/\/x.com\/agencia_infra","https:\/\/www.linkedin.com\/company\/ag\u00eanciainfra\/","https:\/\/www.instagram.com\/agenciainfra\/"]},{"@type":"Person","@id":"https:\/\/agenciainfra.com\/blog\/#\/schema\/person\/34af08dff6adea4cb22b06612ba7acfa","name":"Ag\u00eancia iNFRA","image":{"@type":"ImageObject","inLanguage":"pt-BR","@id":"https:\/\/agenciainfra.com\/blog\/#\/schema\/person\/image\/","url":"https:\/\/secure.gravatar.com\/avatar\/d189e01678f06d8eb84d4e01f08eb848b3fffe3f8443818d3c356c66892f5be8?s=96&d=mm&r=g","contentUrl":"https:\/\/secure.gravatar.com\/avatar\/d189e01678f06d8eb84d4e01f08eb848b3fffe3f8443818d3c356c66892f5be8?s=96&d=mm&r=g","caption":"Ag\u00eancia iNFRA"},"url":"https:\/\/agenciainfra.com\/blog\/author\/admin\/"}]}},"_links":{"self":[{"href":"https:\/\/agenciainfra.com\/blog\/wp-json\/wp\/v2\/posts\/14584","targetHints":{"allow":["GET"]}}],"collection":[{"href":"https:\/\/agenciainfra.com\/blog\/wp-json\/wp\/v2\/posts"}],"about":[{"href":"https:\/\/agenciainfra.com\/blog\/wp-json\/wp\/v2\/types\/post"}],"author":[{"embeddable":true,"href":"https:\/\/agenciainfra.com\/blog\/wp-json\/wp\/v2\/users\/1"}],"replies":[{"embeddable":true,"href":"https:\/\/agenciainfra.com\/blog\/wp-json\/wp\/v2\/comments?post=14584"}],"version-history":[{"count":1,"href":"https:\/\/agenciainfra.com\/blog\/wp-json\/wp\/v2\/posts\/14584\/revisions"}],"predecessor-version":[{"id":37781,"href":"https:\/\/agenciainfra.com\/blog\/wp-json\/wp\/v2\/posts\/14584\/revisions\/37781"}],"wp:featuredmedia":[{"embeddable":true,"href":"https:\/\/agenciainfra.com\/blog\/wp-json\/wp\/v2\/media\/14585"}],"wp:attachment":[{"href":"https:\/\/agenciainfra.com\/blog\/wp-json\/wp\/v2\/media?parent=14584"}],"wp:term":[{"taxonomy":"category","embeddable":true,"href":"https:\/\/agenciainfra.com\/blog\/wp-json\/wp\/v2\/categories?post=14584"},{"taxonomy":"post_tag","embeddable":true,"href":"https:\/\/agenciainfra.com\/blog\/wp-json\/wp\/v2\/tags?post=14584"}],"curies":[{"name":"wp","href":"https:\/\/api.w.org\/{rel}","templated":true}]}}