{"id":14601,"date":"2023-11-01T09:00:00","date_gmt":"2023-11-01T12:00:00","guid":{"rendered":"https:\/\/www.agenciainfra.com\/blog\/?p=14601"},"modified":"2026-02-13T16:57:47","modified_gmt":"2026-02-13T19:57:47","slug":"uso-do-gnl-em-caminhoes-entra-na-rota-do-projeto-de-descarbonizacao-do-setor-de-transporte","status":"publish","type":"post","link":"https:\/\/agenciainfra.com\/blog\/uso-do-gnl-em-caminhoes-entra-na-rota-do-projeto-de-descarbonizacao-do-setor-de-transporte\/","title":{"rendered":"Uso do GNL em caminh\u00f5es entra na rota do projeto de descarboniza\u00e7\u00e3o do setor de transporte"},"content":{"rendered":"\n<p class=\"has-text-align-right\"><strong>Dimmi Amora, da Ag\u00eancia iNFRA<\/strong><\/p>\n\n\n\n<p>O&nbsp;uso&nbsp;do&nbsp;GNL&nbsp;(G\u00e1s Natural Liquefeito) como combust\u00edvel para&nbsp;caminh\u00f5es&nbsp;no pa\u00eds entrou no foco&nbsp;do&nbsp;Minist\u00e9rio dos Transportes como forma de avan\u00e7ar com o processo de&nbsp;descarboniza\u00e7\u00e3o&nbsp;do&nbsp;setor.<br><br>O combust\u00edvel pode substituir o diesel, que est\u00e1&nbsp;em&nbsp;praticamente toda a frota rodovi\u00e1ria de carga, emitindo 28% menos CO2 e 90% menos NOx e materiais particulados, com a vantagem de manter uma longa autonomia dos&nbsp;caminh\u00f5es, que precisam de pouco tempo no processo de abastecimento.<br><br>O funcionamento&nbsp;do&nbsp;sistema de abastecimento com&nbsp;GNL&nbsp;foi apresentado, numa visita a Portugal neste ano, ao ministro dos Transportes, Renan Filho. O modelo foi considerado uma solu\u00e7\u00e3o que pode dar resultados r\u00e1pidos para o&nbsp;setor, que no Brasil \u00e9 um dos maiores emissores de gases, perdendo apenas para as queimadas.<br><br>Depois da visita, o minist\u00e9rio iniciou a\u00e7\u00f5es pr\u00e1ticas para avan\u00e7ar para o&nbsp;uso&nbsp;desse combust\u00edvel nos&nbsp;caminh\u00f5es. A Senatran (Secretaria Nacional de Tr\u00e2nsito) abriu processo para permitir que ve\u00edculos movidos a esse tipo de combust\u00edvel possam ter um tamanho maior que o atualmente m\u00e1ximo permitido.<br><br>Os estudos est\u00e3o&nbsp;em&nbsp;an\u00e1lise por uma C\u00e2mara T\u00e9cnica&nbsp;do&nbsp;Contran (Conselho Nacional de Tr\u00e2nsito) e, segundo o secret\u00e1rio nacional de Tr\u00e2nsito, Adrualdo Cat\u00e3o, uma consulta p\u00fablica deve ser lan\u00e7ada nos pr\u00f3ximos dias para receber contribui\u00e7\u00f5es sobre a proposta de&nbsp;altera\u00e7\u00e3o nas regras.<br><br>Giancarlo Ciola, diretor de Regulat\u00f3rio e Novos Neg\u00f3cios da Virtu&nbsp;GNL (empresa que atua em parceria junto ao grupo Eneva, criada para incentivar o&nbsp;uso&nbsp;do&nbsp;GNL&nbsp;no Brasil) explica que hoje os&nbsp;caminh\u00f5es&nbsp;que transportam o&nbsp;GNL&nbsp;podem ter um tamanho m\u00e1ximo, considerando todo o conjunto, de 18,6 metros de extens\u00e3o.<br><br><strong>Criog\u00eanese<\/strong><br>No entanto, os modelos de tanque para o&nbsp;GNL&nbsp;que j\u00e1 est\u00e3o desenvolvidos no mundo necessitam que a composi\u00e7\u00e3o tenha 70 cent\u00edmetros a mais que essa medida, segundo Ciola, para que o tanque de&nbsp;GNL&nbsp;possa ser colocado nos ve\u00edculos de carga. Por isso, est\u00e1 sendo pedida a adapta\u00e7\u00e3o da regula\u00e7\u00e3o.<br><br>O&nbsp;GNL&nbsp;se utiliza da mol\u00e9cula&nbsp;do&nbsp;que \u00e9 conhecido no Brasil como g\u00e1s natural, que abastece ve\u00edculos (GNV), resid\u00eancias e empresas por meio de dutos. De acordo com Ciola, a diferen\u00e7a \u00e9 o processo para armazenagem da mol\u00e9cula.<br><br>Enquanto o GNV comprime o g\u00e1s, o&nbsp;GNL&nbsp;liquefaz num processo de criog\u00eanese, conservando-o&nbsp;em&nbsp;temperatura de 160 graus negativos. Enquanto a compress\u00e3o usada no GNV reduz o tamanho&nbsp;em&nbsp;200 vezes, a&nbsp;redu\u00e7\u00e3o de temperatura&nbsp;do&nbsp;GNL&nbsp;reduz&nbsp;em&nbsp;600 vezes.<br><br>No caso dos&nbsp;caminh\u00f5es, isso faz com que a autonomia&nbsp;do&nbsp;ve\u00edculo possa ser de 1,2 mil quil\u00f4metros com um tanque de&nbsp;GNL&nbsp;contra 300 quil\u00f4metros&nbsp;em&nbsp;m\u00e9dia nos tanques de GNV. Como os ve\u00edculos ficam menos tempo parados no abastecimento, isso ajuda a viabilidade econ\u00f4mica das opera\u00e7\u00f5es de&nbsp;transporte.<br><br><strong>Plano audacioso<\/strong><br>Segundo Ciola, \u00e9 devido a esse processo que tem sido poss\u00edvel no mundo todo trocar o combust\u00edvel da frota de ve\u00edculos rodovi\u00e1rios de carga.&nbsp;Na&nbsp;China, de acordo com ele, j\u00e1 s\u00e3o mais de 800 mil&nbsp;caminh\u00f5es&nbsp;a&nbsp;GNL;&nbsp;na&nbsp;Europa, quase 500 mil.<br><br>&#8220;\u00c9 algo testado no mundo. N\u00e3o estamos trazendo uma jabuticaba. Nossa estimativa \u00e9 que, se todo o diesel consumido no&nbsp;transporte&nbsp;fosse trocado por&nbsp;GNL, ter\u00edamos uma redu\u00e7\u00e3o de emiss\u00f5es de 44 milh\u00f5es de toneladas de CO2 ano, num dos maiores programas de&nbsp;descarboniza\u00e7\u00e3o&nbsp;do&nbsp;mundo&#8221;, disse Ciola.<br><br>A Virtu&nbsp;GNL&nbsp;j\u00e1 est\u00e1 fornecendo esse tipo de g\u00e1s como combust\u00edvel para projetos industriais. O primeiro \u00e9 uma usina termel\u00e9trica&nbsp;em&nbsp;Roraima. O g\u00e1s \u00e9 levado de Silves (AM) para l\u00e1. Plantas da Vale e da Suzano no interior&nbsp;do&nbsp;Maranh\u00e3o tamb\u00e9m anunciaram que v\u00e3o usar o&nbsp;GNL, que ser\u00e1 transportado por&nbsp;caminh\u00f5es.<br><br>O&nbsp;transporte&nbsp;do&nbsp;GNL&nbsp;pode ser feito&nbsp;em&nbsp;caminh\u00f5es&nbsp;a diesel. Mas a ideia \u00e9 que o&nbsp;projeto&nbsp;que vai reduzir as emiss\u00f5es dessas plantas industriais possa tamb\u00e9m ser transportado num sistema com energia limpa, disse o diretor. Por isso, a necessidade de alterar a resolu\u00e7\u00e3o&nbsp;do&nbsp;Contran.<br><br>O plano&nbsp;do&nbsp;Minist\u00e9rio dos Transportes \u00e9 mais audacioso, como conta o secret\u00e1rio-executivo da pasta, George Santoro. A ideia da resolu\u00e7\u00e3o \u00e9 permitir que todos os tipos&nbsp;em&nbsp;desenvolvimento atualmente de ve\u00edculos de carga movidos a&nbsp;GNL&nbsp;no mundo possam ser importados ou produzidos no Brasil.<br><br><strong>P\u00e9 no ch\u00e3o<\/strong><br>George, que acompanhou a visita ao sistema&nbsp;em&nbsp;Portugal, diz que o modelo de&nbsp;GNL&nbsp;\u00e9 adequado ao Brasil, pode ser implementado j\u00e1 e \u00e9 uma solu\u00e7\u00e3o &#8220;p\u00e9 no ch\u00e3o&#8221; para o&nbsp;projeto&nbsp;de&nbsp;descarboniza\u00e7\u00e3o&nbsp;do&nbsp;setor&nbsp;de transportes.<br><br>&#8220;Acreditamos que esse&nbsp;projeto&nbsp;n\u00e3o vai ser um relampejo&#8221;, disse George.<br><br>Mas as a\u00e7\u00f5es n\u00e3o v\u00e3o parar nesse item. De acordo com o secret\u00e1rio, a ideia \u00e9 que essa redu\u00e7\u00e3o&nbsp;do&nbsp;volume de gases produzidos&nbsp;em&nbsp;rela\u00e7\u00e3o ao diesel possa ser certificada, de forma segura com as informa\u00e7\u00f5es geradas pelo DT-e (Documento Eletr\u00f4nico de&nbsp;Transporte).&nbsp;<br><br>Dessa forma, seria poss\u00edvel emitir cr\u00e9ditos de carbono e assim apoiar o financiamento dessa transi\u00e7\u00e3o. O modelo de certifica\u00e7\u00e3o est\u00e1 sendo trabalhado pela Infra S.A., estatal vinculada ao minist\u00e9rio.<br><br>A discuss\u00e3o no pa\u00eds hoje sobre o que vai ser feito com a produ\u00e7\u00e3o de g\u00e1s, de acordo com Giancarlo Ciola, da Virtu&nbsp;GNL, n\u00e3o tem considerado o vetor&nbsp;do&nbsp;transporte&nbsp;rodovi\u00e1rio. Para ele, o&nbsp;uso&nbsp;nesse&nbsp;setor&nbsp;\u00e9 um caminho vi\u00e1vel e tamb\u00e9m ajudar\u00e1 a viabilizar outros usos para o g\u00e1s que est\u00e1&nbsp;na&nbsp;costa.<br><br>&#8220;De fato n\u00e3o temos gasodutos, mas temos rodovias para levar o g\u00e1s para o interior&#8221;, defendeu o diretor.<br><br><strong>GNL&nbsp;importado<\/strong><br>Ele lembra ainda que o pr\u00e9-sal \u00e9 uma importante prov\u00edncia para a produ\u00e7\u00e3o de g\u00e1s natural, mas que tamb\u00e9m h\u00e1 produ\u00e7\u00e3o onshore no Brasil, e grandes navios de&nbsp;GNL&nbsp;podem abastecer o pa\u00eds por via mar\u00edtima com g\u00e1s importado.<br><br>Mas os custos de implanta\u00e7\u00e3o&nbsp;do&nbsp;sistema para o&nbsp;transporte&nbsp;ainda s\u00e3o maiores que os&nbsp;do&nbsp;sistema a diesel. Segundo Ciola, um posto de abastecimento custa seis vezes mais.&nbsp;Caminh\u00f5es&nbsp;tamb\u00e9m s\u00e3o mais caros e t\u00eam a manuten\u00e7\u00e3o mais custosa. Mas, nas contas da empresa, o&nbsp;uso&nbsp;a longo prazo compensa os custos de implanta\u00e7\u00e3o pois o combust\u00edvel \u00e9 mais barato.<br><br>Al\u00e9m disso, segundo ele, a necessidade de todos os setores&nbsp;em&nbsp;comprovar para suas cadeias que est\u00e3o utilizando-se de processos que reduzem as emiss\u00f5es de carbono \u00e9 um atrativo para a implanta\u00e7\u00e3o&nbsp;do&nbsp;GNL&nbsp;no Brasil.<\/p>\n","protected":false},"excerpt":{"rendered":"<p>Dimmi Amora, da Ag\u00eancia iNFRA O&nbsp;uso&nbsp;do&nbsp;GNL&nbsp;(G\u00e1s Natural Liquefeito) como combust\u00edvel para&nbsp;caminh\u00f5es&nbsp;no pa\u00eds entrou no foco&nbsp;do&nbsp;Minist\u00e9rio dos Transportes como forma de avan\u00e7ar com o processo de&nbsp;descarboniza\u00e7\u00e3o&nbsp;do&nbsp;setor. O combust\u00edvel pode substituir o diesel, que est\u00e1&nbsp;em&nbsp;praticamente toda a frota rodovi\u00e1ria de carga, emitindo 28% menos CO2 e 90% menos NOx e materiais particulados, com a vantagem de manter [&hellip;]<\/p>\n","protected":false},"author":1,"featured_media":5908,"comment_status":"closed","ping_status":"closed","sticky":false,"template":"","format":"standard","meta":{"_monsterinsights_skip_tracking":false,"_monsterinsights_sitenote_active":false,"_monsterinsights_sitenote_note":"","_monsterinsights_sitenote_category":0,"footnotes":""},"categories":[7],"tags":[7417,6943,3361,1299,1127,343,7673,1783,6248,5733,7674,902],"class_list":["post-14601","post","type-post","status-publish","format-standard","has-post-thumbnail","hentry","category-infratransporte","tag-adrualdo-catao","tag-co2","tag-descarbonizacao","tag-dimmi-amora","tag-eneva","tag-gas","tag-giancarlo-ciola","tag-gnl","tag-renan-filho","tag-senatran","tag-silves","tag-transporte-rodoviario"],"yoast_head":"<!-- This site is optimized with the Yoast SEO Premium plugin v25.4 (Yoast SEO v26.0) - https:\/\/yoast.com\/wordpress\/plugins\/seo\/ -->\n<title>Uso do GNL em caminh\u00f5es entra na rota do projeto de descarboniza\u00e7\u00e3o do setor de transporte - Ag\u00eancia iNFRA<\/title>\n<meta name=\"robots\" content=\"index, follow, max-snippet:-1, max-image-preview:large, max-video-preview:-1\" \/>\n<link rel=\"canonical\" href=\"https:\/\/agenciainfra.com\/blog\/uso-do-gnl-em-caminhoes-entra-na-rota-do-projeto-de-descarbonizacao-do-setor-de-transporte\/\" \/>\n<meta property=\"og:locale\" content=\"pt_BR\" \/>\n<meta property=\"og:type\" content=\"article\" \/>\n<meta property=\"og:title\" content=\"Uso do GNL em caminh\u00f5es entra na rota do projeto de descarboniza\u00e7\u00e3o do setor de transporte\" \/>\n<meta property=\"og:description\" content=\"Dimmi Amora, da Ag\u00eancia iNFRA O&nbsp;uso&nbsp;do&nbsp;GNL&nbsp;(G\u00e1s Natural Liquefeito) como combust\u00edvel para&nbsp;caminh\u00f5es&nbsp;no pa\u00eds entrou no foco&nbsp;do&nbsp;Minist\u00e9rio dos Transportes como forma de avan\u00e7ar com o processo de&nbsp;descarboniza\u00e7\u00e3o&nbsp;do&nbsp;setor. O combust\u00edvel pode substituir o diesel, que est\u00e1&nbsp;em&nbsp;praticamente toda a frota rodovi\u00e1ria de carga, emitindo 28% menos CO2 e 90% menos NOx e materiais particulados, com a vantagem de manter [&hellip;]\" \/>\n<meta property=\"og:url\" content=\"https:\/\/agenciainfra.com\/blog\/uso-do-gnl-em-caminhoes-entra-na-rota-do-projeto-de-descarbonizacao-do-setor-de-transporte\/\" \/>\n<meta property=\"og:site_name\" content=\"Ag\u00eancia iNFRA\" \/>\n<meta property=\"article:publisher\" content=\"https:\/\/www.facebook.com\/ageninfra\" \/>\n<meta property=\"article:published_time\" content=\"2023-11-01T12:00:00+00:00\" \/>\n<meta property=\"article:modified_time\" content=\"2026-02-13T19:57:47+00:00\" \/>\n<meta property=\"og:image\" content=\"https:\/\/agenciainfra.com\/blog\/wp-content\/uploads\/2020\/09\/caminhao-foto-andre-kasczeszen-appa.jpg\" \/>\n\t<meta property=\"og:image:width\" content=\"1280\" \/>\n\t<meta property=\"og:image:height\" content=\"853\" \/>\n\t<meta property=\"og:image:type\" content=\"image\/jpeg\" \/>\n<meta name=\"author\" content=\"Ag\u00eancia iNFRA\" \/>\n<meta name=\"twitter:card\" content=\"summary_large_image\" \/>\n<meta name=\"twitter:creator\" content=\"@agencia_infra\" \/>\n<meta name=\"twitter:site\" content=\"@agencia_infra\" \/>\n<meta name=\"twitter:label1\" content=\"Escrito por\" \/>\n\t<meta name=\"twitter:data1\" content=\"Ag\u00eancia iNFRA\" \/>\n\t<meta name=\"twitter:label2\" content=\"Est. tempo de leitura\" \/>\n\t<meta name=\"twitter:data2\" content=\"6 minutos\" \/>\n<script type=\"application\/ld+json\" class=\"yoast-schema-graph\">{\"@context\":\"https:\/\/schema.org\",\"@graph\":[{\"@type\":\"Article\",\"@id\":\"https:\/\/agenciainfra.com\/blog\/uso-do-gnl-em-caminhoes-entra-na-rota-do-projeto-de-descarbonizacao-do-setor-de-transporte\/#article\",\"isPartOf\":{\"@id\":\"https:\/\/agenciainfra.com\/blog\/uso-do-gnl-em-caminhoes-entra-na-rota-do-projeto-de-descarbonizacao-do-setor-de-transporte\/\"},\"author\":{\"name\":\"Ag\u00eancia iNFRA\",\"@id\":\"https:\/\/agenciainfra.com\/blog\/#\/schema\/person\/34af08dff6adea4cb22b06612ba7acfa\"},\"headline\":\"Uso do GNL em caminh\u00f5es entra na rota do projeto de descarboniza\u00e7\u00e3o do setor de transporte\",\"datePublished\":\"2023-11-01T12:00:00+00:00\",\"dateModified\":\"2026-02-13T19:57:47+00:00\",\"mainEntityOfPage\":{\"@id\":\"https:\/\/agenciainfra.com\/blog\/uso-do-gnl-em-caminhoes-entra-na-rota-do-projeto-de-descarbonizacao-do-setor-de-transporte\/\"},\"wordCount\":1318,\"publisher\":{\"@id\":\"https:\/\/agenciainfra.com\/blog\/#organization\"},\"image\":{\"@id\":\"https:\/\/agenciainfra.com\/blog\/uso-do-gnl-em-caminhoes-entra-na-rota-do-projeto-de-descarbonizacao-do-setor-de-transporte\/#primaryimage\"},\"thumbnailUrl\":\"https:\/\/agenciainfra.com\/blog\/wp-content\/uploads\/2020\/09\/caminhao-foto-andre-kasczeszen-appa.jpg\",\"keywords\":[\"Adrualdo Cat\u00e3o\",\"CO2\",\"Descarboniza\u00e7\u00e3o\",\"Dimmi Amora\",\"Eneva\",\"g\u00e1s\",\"Giancarlo Ciola\",\"GNL\",\"Renan Filho\",\"Senatran\",\"Silves\",\"transporte rodovi\u00e1rio\"],\"articleSection\":[\"iNFRATransporte\"],\"inLanguage\":\"pt-BR\",\"copyrightYear\":\"2023\",\"copyrightHolder\":{\"@id\":\"https:\/\/agenciainfra.com\/blog\/#organization\"}},{\"@type\":\"WebPage\",\"@id\":\"https:\/\/agenciainfra.com\/blog\/uso-do-gnl-em-caminhoes-entra-na-rota-do-projeto-de-descarbonizacao-do-setor-de-transporte\/\",\"url\":\"https:\/\/agenciainfra.com\/blog\/uso-do-gnl-em-caminhoes-entra-na-rota-do-projeto-de-descarbonizacao-do-setor-de-transporte\/\",\"name\":\"Uso do GNL em caminh\u00f5es entra na rota do projeto de descarboniza\u00e7\u00e3o do setor de transporte - Ag\u00eancia iNFRA\",\"isPartOf\":{\"@id\":\"https:\/\/agenciainfra.com\/blog\/#website\"},\"primaryImageOfPage\":{\"@id\":\"https:\/\/agenciainfra.com\/blog\/uso-do-gnl-em-caminhoes-entra-na-rota-do-projeto-de-descarbonizacao-do-setor-de-transporte\/#primaryimage\"},\"image\":{\"@id\":\"https:\/\/agenciainfra.com\/blog\/uso-do-gnl-em-caminhoes-entra-na-rota-do-projeto-de-descarbonizacao-do-setor-de-transporte\/#primaryimage\"},\"thumbnailUrl\":\"https:\/\/agenciainfra.com\/blog\/wp-content\/uploads\/2020\/09\/caminhao-foto-andre-kasczeszen-appa.jpg\",\"datePublished\":\"2023-11-01T12:00:00+00:00\",\"dateModified\":\"2026-02-13T19:57:47+00:00\",\"breadcrumb\":{\"@id\":\"https:\/\/agenciainfra.com\/blog\/uso-do-gnl-em-caminhoes-entra-na-rota-do-projeto-de-descarbonizacao-do-setor-de-transporte\/#breadcrumb\"},\"inLanguage\":\"pt-BR\",\"potentialAction\":[{\"@type\":\"ReadAction\",\"target\":[\"https:\/\/agenciainfra.com\/blog\/uso-do-gnl-em-caminhoes-entra-na-rota-do-projeto-de-descarbonizacao-do-setor-de-transporte\/\"]}]},{\"@type\":\"ImageObject\",\"inLanguage\":\"pt-BR\",\"@id\":\"https:\/\/agenciainfra.com\/blog\/uso-do-gnl-em-caminhoes-entra-na-rota-do-projeto-de-descarbonizacao-do-setor-de-transporte\/#primaryimage\",\"url\":\"https:\/\/agenciainfra.com\/blog\/wp-content\/uploads\/2020\/09\/caminhao-foto-andre-kasczeszen-appa.jpg\",\"contentUrl\":\"https:\/\/agenciainfra.com\/blog\/wp-content\/uploads\/2020\/09\/caminhao-foto-andre-kasczeszen-appa.jpg\",\"width\":1280,\"height\":853,\"caption\":\"Foto: Andre Kasczeszen\/Portos do Paran\u00e1\"},{\"@type\":\"BreadcrumbList\",\"@id\":\"https:\/\/agenciainfra.com\/blog\/uso-do-gnl-em-caminhoes-entra-na-rota-do-projeto-de-descarbonizacao-do-setor-de-transporte\/#breadcrumb\",\"itemListElement\":[{\"@type\":\"ListItem\",\"position\":1,\"name\":\"In\u00edcio\",\"item\":\"https:\/\/agenciainfra.com\/blog\/\"},{\"@type\":\"ListItem\",\"position\":2,\"name\":\"Uso do GNL em caminh\u00f5es entra na rota do projeto de descarboniza\u00e7\u00e3o do setor de transporte\"}]},{\"@type\":\"WebSite\",\"@id\":\"https:\/\/agenciainfra.com\/blog\/#website\",\"url\":\"https:\/\/agenciainfra.com\/blog\/\",\"name\":\"Ag\u00eancia iNFRA\",\"description\":\"Multiplataforma de informa\u00e7\u00e3o jornal\u00edstica refer\u00eancia na \u00e1rea de infraestrutura no Brasil!\",\"publisher\":{\"@id\":\"https:\/\/agenciainfra.com\/blog\/#organization\"},\"potentialAction\":[{\"@type\":\"SearchAction\",\"target\":{\"@type\":\"EntryPoint\",\"urlTemplate\":\"https:\/\/agenciainfra.com\/blog\/?s={search_term_string}\"},\"query-input\":{\"@type\":\"PropertyValueSpecification\",\"valueRequired\":true,\"valueName\":\"search_term_string\"}}],\"inLanguage\":\"pt-BR\"},{\"@type\":\"Organization\",\"@id\":\"https:\/\/agenciainfra.com\/blog\/#organization\",\"name\":\"Ag\u00eancia iNFRA\",\"url\":\"https:\/\/agenciainfra.com\/blog\/\",\"logo\":{\"@type\":\"ImageObject\",\"inLanguage\":\"pt-BR\",\"@id\":\"https:\/\/agenciainfra.com\/blog\/#\/schema\/logo\/image\/\",\"url\":\"https:\/\/agenciainfra.com\/blog\/wp-content\/uploads\/2023\/09\/iNFRA_5-e1761735885940.png\",\"contentUrl\":\"https:\/\/agenciainfra.com\/blog\/wp-content\/uploads\/2023\/09\/iNFRA_5-e1761735885940.png\",\"width\":1672,\"height\":454,\"caption\":\"Ag\u00eancia iNFRA\"},\"image\":{\"@id\":\"https:\/\/agenciainfra.com\/blog\/#\/schema\/logo\/image\/\"},\"sameAs\":[\"https:\/\/www.facebook.com\/ageninfra\",\"https:\/\/x.com\/agencia_infra\",\"https:\/\/www.linkedin.com\/company\/ag\u00eanciainfra\/\",\"https:\/\/www.instagram.com\/agenciainfra\/\"]},{\"@type\":\"Person\",\"@id\":\"https:\/\/agenciainfra.com\/blog\/#\/schema\/person\/34af08dff6adea4cb22b06612ba7acfa\",\"name\":\"Ag\u00eancia iNFRA\",\"image\":{\"@type\":\"ImageObject\",\"inLanguage\":\"pt-BR\",\"@id\":\"https:\/\/agenciainfra.com\/blog\/#\/schema\/person\/image\/\",\"url\":\"https:\/\/secure.gravatar.com\/avatar\/d189e01678f06d8eb84d4e01f08eb848b3fffe3f8443818d3c356c66892f5be8?s=96&d=mm&r=g\",\"contentUrl\":\"https:\/\/secure.gravatar.com\/avatar\/d189e01678f06d8eb84d4e01f08eb848b3fffe3f8443818d3c356c66892f5be8?s=96&d=mm&r=g\",\"caption\":\"Ag\u00eancia iNFRA\"},\"url\":\"https:\/\/agenciainfra.com\/blog\/author\/admin\/\"}]}<\/script>\n<!-- \/ Yoast SEO Premium plugin. -->","yoast_head_json":{"title":"Uso do GNL em caminh\u00f5es entra na rota do projeto de descarboniza\u00e7\u00e3o do setor de transporte - Ag\u00eancia iNFRA","robots":{"index":"index","follow":"follow","max-snippet":"max-snippet:-1","max-image-preview":"max-image-preview:large","max-video-preview":"max-video-preview:-1"},"canonical":"https:\/\/agenciainfra.com\/blog\/uso-do-gnl-em-caminhoes-entra-na-rota-do-projeto-de-descarbonizacao-do-setor-de-transporte\/","og_locale":"pt_BR","og_type":"article","og_title":"Uso do GNL em caminh\u00f5es entra na rota do projeto de descarboniza\u00e7\u00e3o do setor de transporte","og_description":"Dimmi Amora, da Ag\u00eancia iNFRA O&nbsp;uso&nbsp;do&nbsp;GNL&nbsp;(G\u00e1s Natural Liquefeito) como combust\u00edvel para&nbsp;caminh\u00f5es&nbsp;no pa\u00eds entrou no foco&nbsp;do&nbsp;Minist\u00e9rio dos Transportes como forma de avan\u00e7ar com o processo de&nbsp;descarboniza\u00e7\u00e3o&nbsp;do&nbsp;setor. O combust\u00edvel pode substituir o diesel, que est\u00e1&nbsp;em&nbsp;praticamente toda a frota rodovi\u00e1ria de carga, emitindo 28% menos CO2 e 90% menos NOx e materiais particulados, com a vantagem de manter [&hellip;]","og_url":"https:\/\/agenciainfra.com\/blog\/uso-do-gnl-em-caminhoes-entra-na-rota-do-projeto-de-descarbonizacao-do-setor-de-transporte\/","og_site_name":"Ag\u00eancia iNFRA","article_publisher":"https:\/\/www.facebook.com\/ageninfra","article_published_time":"2023-11-01T12:00:00+00:00","article_modified_time":"2026-02-13T19:57:47+00:00","og_image":[{"width":1280,"height":853,"url":"https:\/\/agenciainfra.com\/blog\/wp-content\/uploads\/2020\/09\/caminhao-foto-andre-kasczeszen-appa.jpg","type":"image\/jpeg"}],"author":"Ag\u00eancia iNFRA","twitter_card":"summary_large_image","twitter_creator":"@agencia_infra","twitter_site":"@agencia_infra","twitter_misc":{"Escrito por":"Ag\u00eancia iNFRA","Est. tempo de leitura":"6 minutos"},"schema":{"@context":"https:\/\/schema.org","@graph":[{"@type":"Article","@id":"https:\/\/agenciainfra.com\/blog\/uso-do-gnl-em-caminhoes-entra-na-rota-do-projeto-de-descarbonizacao-do-setor-de-transporte\/#article","isPartOf":{"@id":"https:\/\/agenciainfra.com\/blog\/uso-do-gnl-em-caminhoes-entra-na-rota-do-projeto-de-descarbonizacao-do-setor-de-transporte\/"},"author":{"name":"Ag\u00eancia iNFRA","@id":"https:\/\/agenciainfra.com\/blog\/#\/schema\/person\/34af08dff6adea4cb22b06612ba7acfa"},"headline":"Uso do GNL em caminh\u00f5es entra na rota do projeto de descarboniza\u00e7\u00e3o do setor de transporte","datePublished":"2023-11-01T12:00:00+00:00","dateModified":"2026-02-13T19:57:47+00:00","mainEntityOfPage":{"@id":"https:\/\/agenciainfra.com\/blog\/uso-do-gnl-em-caminhoes-entra-na-rota-do-projeto-de-descarbonizacao-do-setor-de-transporte\/"},"wordCount":1318,"publisher":{"@id":"https:\/\/agenciainfra.com\/blog\/#organization"},"image":{"@id":"https:\/\/agenciainfra.com\/blog\/uso-do-gnl-em-caminhoes-entra-na-rota-do-projeto-de-descarbonizacao-do-setor-de-transporte\/#primaryimage"},"thumbnailUrl":"https:\/\/agenciainfra.com\/blog\/wp-content\/uploads\/2020\/09\/caminhao-foto-andre-kasczeszen-appa.jpg","keywords":["Adrualdo Cat\u00e3o","CO2","Descarboniza\u00e7\u00e3o","Dimmi Amora","Eneva","g\u00e1s","Giancarlo Ciola","GNL","Renan Filho","Senatran","Silves","transporte rodovi\u00e1rio"],"articleSection":["iNFRATransporte"],"inLanguage":"pt-BR","copyrightYear":"2023","copyrightHolder":{"@id":"https:\/\/agenciainfra.com\/blog\/#organization"}},{"@type":"WebPage","@id":"https:\/\/agenciainfra.com\/blog\/uso-do-gnl-em-caminhoes-entra-na-rota-do-projeto-de-descarbonizacao-do-setor-de-transporte\/","url":"https:\/\/agenciainfra.com\/blog\/uso-do-gnl-em-caminhoes-entra-na-rota-do-projeto-de-descarbonizacao-do-setor-de-transporte\/","name":"Uso do GNL em caminh\u00f5es entra na rota do projeto de descarboniza\u00e7\u00e3o do setor de transporte - Ag\u00eancia iNFRA","isPartOf":{"@id":"https:\/\/agenciainfra.com\/blog\/#website"},"primaryImageOfPage":{"@id":"https:\/\/agenciainfra.com\/blog\/uso-do-gnl-em-caminhoes-entra-na-rota-do-projeto-de-descarbonizacao-do-setor-de-transporte\/#primaryimage"},"image":{"@id":"https:\/\/agenciainfra.com\/blog\/uso-do-gnl-em-caminhoes-entra-na-rota-do-projeto-de-descarbonizacao-do-setor-de-transporte\/#primaryimage"},"thumbnailUrl":"https:\/\/agenciainfra.com\/blog\/wp-content\/uploads\/2020\/09\/caminhao-foto-andre-kasczeszen-appa.jpg","datePublished":"2023-11-01T12:00:00+00:00","dateModified":"2026-02-13T19:57:47+00:00","breadcrumb":{"@id":"https:\/\/agenciainfra.com\/blog\/uso-do-gnl-em-caminhoes-entra-na-rota-do-projeto-de-descarbonizacao-do-setor-de-transporte\/#breadcrumb"},"inLanguage":"pt-BR","potentialAction":[{"@type":"ReadAction","target":["https:\/\/agenciainfra.com\/blog\/uso-do-gnl-em-caminhoes-entra-na-rota-do-projeto-de-descarbonizacao-do-setor-de-transporte\/"]}]},{"@type":"ImageObject","inLanguage":"pt-BR","@id":"https:\/\/agenciainfra.com\/blog\/uso-do-gnl-em-caminhoes-entra-na-rota-do-projeto-de-descarbonizacao-do-setor-de-transporte\/#primaryimage","url":"https:\/\/agenciainfra.com\/blog\/wp-content\/uploads\/2020\/09\/caminhao-foto-andre-kasczeszen-appa.jpg","contentUrl":"https:\/\/agenciainfra.com\/blog\/wp-content\/uploads\/2020\/09\/caminhao-foto-andre-kasczeszen-appa.jpg","width":1280,"height":853,"caption":"Foto: Andre Kasczeszen\/Portos do Paran\u00e1"},{"@type":"BreadcrumbList","@id":"https:\/\/agenciainfra.com\/blog\/uso-do-gnl-em-caminhoes-entra-na-rota-do-projeto-de-descarbonizacao-do-setor-de-transporte\/#breadcrumb","itemListElement":[{"@type":"ListItem","position":1,"name":"In\u00edcio","item":"https:\/\/agenciainfra.com\/blog\/"},{"@type":"ListItem","position":2,"name":"Uso do GNL em caminh\u00f5es entra na rota do projeto de descarboniza\u00e7\u00e3o do setor de transporte"}]},{"@type":"WebSite","@id":"https:\/\/agenciainfra.com\/blog\/#website","url":"https:\/\/agenciainfra.com\/blog\/","name":"Ag\u00eancia iNFRA","description":"Multiplataforma de informa\u00e7\u00e3o jornal\u00edstica refer\u00eancia na \u00e1rea de infraestrutura no Brasil!","publisher":{"@id":"https:\/\/agenciainfra.com\/blog\/#organization"},"potentialAction":[{"@type":"SearchAction","target":{"@type":"EntryPoint","urlTemplate":"https:\/\/agenciainfra.com\/blog\/?s={search_term_string}"},"query-input":{"@type":"PropertyValueSpecification","valueRequired":true,"valueName":"search_term_string"}}],"inLanguage":"pt-BR"},{"@type":"Organization","@id":"https:\/\/agenciainfra.com\/blog\/#organization","name":"Ag\u00eancia iNFRA","url":"https:\/\/agenciainfra.com\/blog\/","logo":{"@type":"ImageObject","inLanguage":"pt-BR","@id":"https:\/\/agenciainfra.com\/blog\/#\/schema\/logo\/image\/","url":"https:\/\/agenciainfra.com\/blog\/wp-content\/uploads\/2023\/09\/iNFRA_5-e1761735885940.png","contentUrl":"https:\/\/agenciainfra.com\/blog\/wp-content\/uploads\/2023\/09\/iNFRA_5-e1761735885940.png","width":1672,"height":454,"caption":"Ag\u00eancia iNFRA"},"image":{"@id":"https:\/\/agenciainfra.com\/blog\/#\/schema\/logo\/image\/"},"sameAs":["https:\/\/www.facebook.com\/ageninfra","https:\/\/x.com\/agencia_infra","https:\/\/www.linkedin.com\/company\/ag\u00eanciainfra\/","https:\/\/www.instagram.com\/agenciainfra\/"]},{"@type":"Person","@id":"https:\/\/agenciainfra.com\/blog\/#\/schema\/person\/34af08dff6adea4cb22b06612ba7acfa","name":"Ag\u00eancia iNFRA","image":{"@type":"ImageObject","inLanguage":"pt-BR","@id":"https:\/\/agenciainfra.com\/blog\/#\/schema\/person\/image\/","url":"https:\/\/secure.gravatar.com\/avatar\/d189e01678f06d8eb84d4e01f08eb848b3fffe3f8443818d3c356c66892f5be8?s=96&d=mm&r=g","contentUrl":"https:\/\/secure.gravatar.com\/avatar\/d189e01678f06d8eb84d4e01f08eb848b3fffe3f8443818d3c356c66892f5be8?s=96&d=mm&r=g","caption":"Ag\u00eancia iNFRA"},"url":"https:\/\/agenciainfra.com\/blog\/author\/admin\/"}]}},"_links":{"self":[{"href":"https:\/\/agenciainfra.com\/blog\/wp-json\/wp\/v2\/posts\/14601","targetHints":{"allow":["GET"]}}],"collection":[{"href":"https:\/\/agenciainfra.com\/blog\/wp-json\/wp\/v2\/posts"}],"about":[{"href":"https:\/\/agenciainfra.com\/blog\/wp-json\/wp\/v2\/types\/post"}],"author":[{"embeddable":true,"href":"https:\/\/agenciainfra.com\/blog\/wp-json\/wp\/v2\/users\/1"}],"replies":[{"embeddable":true,"href":"https:\/\/agenciainfra.com\/blog\/wp-json\/wp\/v2\/comments?post=14601"}],"version-history":[{"count":1,"href":"https:\/\/agenciainfra.com\/blog\/wp-json\/wp\/v2\/posts\/14601\/revisions"}],"predecessor-version":[{"id":36648,"href":"https:\/\/agenciainfra.com\/blog\/wp-json\/wp\/v2\/posts\/14601\/revisions\/36648"}],"wp:featuredmedia":[{"embeddable":true,"href":"https:\/\/agenciainfra.com\/blog\/wp-json\/wp\/v2\/media\/5908"}],"wp:attachment":[{"href":"https:\/\/agenciainfra.com\/blog\/wp-json\/wp\/v2\/media?parent=14601"}],"wp:term":[{"taxonomy":"category","embeddable":true,"href":"https:\/\/agenciainfra.com\/blog\/wp-json\/wp\/v2\/categories?post=14601"},{"taxonomy":"post_tag","embeddable":true,"href":"https:\/\/agenciainfra.com\/blog\/wp-json\/wp\/v2\/tags?post=14601"}],"curies":[{"name":"wp","href":"https:\/\/api.w.org\/{rel}","templated":true}]}}