{"id":14623,"date":"2023-11-01T11:00:00","date_gmt":"2023-11-01T14:00:00","guid":{"rendered":"https:\/\/www.agenciainfra.com\/blog\/?p=14623"},"modified":"2023-11-05T23:35:47","modified_gmt":"2023-11-06T02:35:47","slug":"infradebate-saf-os-desafios-para-estruturacao-de-um-projeto-de-combustiveis-renovaveis-de-aviacao","status":"publish","type":"post","link":"https:\/\/agenciainfra.com\/blog\/infradebate-saf-os-desafios-para-estruturacao-de-um-projeto-de-combustiveis-renovaveis-de-aviacao\/","title":{"rendered":"iNFRADebate: SAF \u2013 Os desafios para estrutura\u00e7\u00e3o de um projeto de combust\u00edveis renov\u00e1veis de avia\u00e7\u00e3o"},"content":{"rendered":"\n<p class=\"has-text-align-right\"><strong>Fabio Falkenburger* e Fernando Xavier**<\/strong><\/p>\n\n\n\n<p>A import\u00e2ncia dos SAF (Combust\u00edveis Sustent\u00e1veis de Avia\u00e7\u00e3o ou S<em>ustainable Aviation Fuels<\/em>) para as metas globais de descarboniza\u00e7\u00e3o \u00e9 ineg\u00e1vel. Em 2019, o setor de avia\u00e7\u00e3o respondia por 3% de todas as emiss\u00f5es de CO2 no mundo \u2013 percentual que aumenta para 5% em pa\u00edses da OECD (Organiza\u00e7\u00e3o para a Coopera\u00e7\u00e3o e Desenvolvimento Econ\u00f4mico).<\/p>\n\n\n\n<p>Ao mesmo tempo, esse \u00e9 um setor que apresenta demandas log\u00edsticas e t\u00e9cnicas que tornam particularmente complicada, no atual est\u00e1gio tecnol\u00f3gico, a aplica\u00e7\u00e3o de motores el\u00e9tricos ou a hidrog\u00eanio. De modo que a busca por combust\u00edveis de origem renov\u00e1vel, compat\u00edveis com os atuais motores (combust\u00edveis \u201c<em>drop-in\u201d<\/em>), e com menor pegada de carbono, se tornou um objetivo chave para o setor.<\/p>\n\n\n\n<p>Governos ao redor do mundo t\u00eam anunciado planos para inserir os SAFs de forma significativa em suas matrizes energ\u00e9ticas, juntamente com pacotes ambiciosos de medidas voltadas \u00e0 produ\u00e7\u00e3o de biocombust\u00edveis e \u00e0 descarboniza\u00e7\u00e3o de modo mais amplo. Entretanto, diferentemente de outros combust\u00edveis, a log\u00edstica dos combust\u00edveis de avia\u00e7\u00e3o est\u00e1 diretamente vinculada \u00e0 pr\u00f3pria log\u00edstica dos aeroportos e empresas a\u00e9reas.<\/p>\n\n\n\n<p>Se, por um lado, biocombust\u00edveis automotivos permitem uma inser\u00e7\u00e3o de mercado de forma mais simplificada, a partir de mercados regionais e com maior flexibilidade para distribui\u00e7\u00e3o ao consumidor final, a inser\u00e7\u00e3o do SAF exige uma estrutura\u00e7\u00e3o muito mais complexa.<\/p>\n\n\n\n<p>Inicialmente, \u00e9 necess\u00e1rio assegurar a exist\u00eancia de compromissos de longo prazo com grandes consumidores (<em>offtakers<\/em>) que tenham interesse \u2013 ou obriga\u00e7\u00e3o legal \u2013 de introduzir o SAF no abastecimento de sua frota. A depender do tipo de SAF ou do percentual que ser\u00e1 introduzido, esse consumidor tamb\u00e9m poder\u00e1 ter que implementar adapta\u00e7\u00f5es tecnol\u00f3gicas em sua frota para permitir o uso eficiente de SAF.<\/p>\n\n\n\n<p>A depender da exist\u00eancia ou n\u00e3o de subs\u00eddios governamentais, tais consumidores devem estar preparados para absorver custos mais altos, j\u00e1 que ainda demorar\u00e1 algum tempo at\u00e9 que a produ\u00e7\u00e3o de SAF atinja a escala necess\u00e1ria para uma redu\u00e7\u00e3o significativa de pre\u00e7os.<\/p>\n\n\n\n<p>Com base em tais contratos, o produtor dever\u00e1, em conjunto com parceiros log\u00edsticos, implementar infraestrutura que assegure a oferta do produto em todas as pontas da rede de abastecimento de seus clientes.<\/p>\n\n\n\n<p>Assegurar fornecimento est\u00e1vel de mat\u00e9ria prima para a produ\u00e7\u00e3o do SAF tamb\u00e9m imp\u00f5e desafios. Dependendo da rota tecnol\u00f3gica escolhida para a produ\u00e7\u00e3o do SAF, esses desafios podem envolver a implanta\u00e7\u00e3o de mais plantas produtoras (de etanol, por exemplo), al\u00e9m daquela dedicada ao SAF.<\/p>\n\n\n\n<p>Caso o SAF utilize mat\u00e9ria prima agr\u00edcola, regula\u00e7\u00f5es locais podem exigir certifica\u00e7\u00f5es de origem sustent\u00e1vel, o que, em alguns casos, exigir\u00e1 do produtor a estrutura\u00e7\u00e3o de cadeias de suprimento ainda incipientes.<\/p>\n\n\n\n<p>Tais desafios podem ser maiores ou menores, a depender de qu\u00e3o ampla \u00e9 a frota de aeronaves atendida e se a log\u00edstica de abastecimento dever\u00e1 cobrir mais de um pa\u00eds ou regi\u00e3o. Neste \u00faltimo caso, o empreendedor dever\u00e1 estar preparado para atender \u00e0s demandas legais e regulat\u00f3rias de cada pa\u00eds. O est\u00e1gio da regula\u00e7\u00e3o e dos incentivos criados pelos governos locais tamb\u00e9m influencia diretamente a viabilidade dos empreendimentos.<\/p>\n\n\n\n<p>No Brasil, h\u00e1 uma sinaliza\u00e7\u00e3o clara do governo para melhoria da regula\u00e7\u00e3o e cria\u00e7\u00e3o de incentivos legais no curto prazo. Recentemente, o governo federal prop\u00f4s a cria\u00e7\u00e3o do ProBioQAV (Programa Nacional de Combust\u00edvel Sustent\u00e1vel de Avia\u00e7\u00e3o), com o objetivo de incentivar a produ\u00e7\u00e3o e o uso de SAF no pa\u00eds, estabelecendo a obriga\u00e7\u00e3o de mistura do produto ao querosene de avia\u00e7\u00e3o f\u00f3ssil.<\/p>\n\n\n\n<p>De acordo com a proposta, essa mistura se iniciar\u00e1 em 2027 no percentual de 1%, aumentando para 10% at\u00e9 2037. Ainda h\u00e1 algumas lacunas regulat\u00f3rias relevantes, mas a ANP (Ag\u00eancia Nacional do Petr\u00f3leo, G\u00e1s Natural e Biocombust\u00edveis) j\u00e1 avan\u00e7ou recentemente ao atualizar a regula\u00e7\u00e3o de QAV (querosene para avia\u00e7\u00e3o) de modo a incluir novas rotas tecnol\u00f3gicas que contemplam o SAF.<\/p>\n\n\n\n<p>Sem sombra de d\u00favidas, estes n\u00e3o s\u00e3o projetos simples, mas h\u00e1 diversos caminhos dispon\u00edveis para aqueles que desejam avan\u00e7ar nesse setor. Uma estrutura\u00e7\u00e3o organizada do projeto, a identifica\u00e7\u00e3o de parceiros e assessores estrat\u00e9gicos, e um alinhamento adequado com governos e reguladores s\u00e3o elementos fundamentais para avan\u00e7ar de forma segura. Trata-se de uma ind\u00fastria incipiente, com enorme potencial de receitas, e h\u00e1 uma percep\u00e7\u00e3o cada vez mais clara de que aqueles que se posicionarem primeiro ser\u00e3o beneficiados pelo pioneirismo.<\/p>\n\n\n\n<h6 class=\"wp-block-heading\" id=\"block-f323f59b-51bf-4eed-b17b-3c7d3b917007\"><strong><strong>*Fabio Falkenburger \u00e9 s\u00f3cio da \u00e1rea de Infraestrutura do Machado Meyer Advogados.<\/strong><\/strong><\/h6>\n\n\n\n<h6 class=\"wp-block-heading\" id=\"block-f323f59b-51bf-4eed-b17b-3c7d3b917007\"><strong><strong>**Fernando Xavier \u00e9 s\u00f3cio da \u00e1rea de Petr\u00f3leo e G\u00e1s do Machado Meyer Advogados<\/strong>.<\/strong><\/h6>\n\n\n\n<h5 class=\"wp-block-heading\" id=\"block-5ef42db3-2ed1-4178-8ab5-7a7f312ba102\">As opini\u00f5es dos autores n\u00e3o refletem necessariamente o pensamento da Ag\u00eancia iNFRA, sendo de total responsabilidade do autor as informa\u00e7\u00f5es, ju\u00edzos de valor e conceitos descritos no texto.<\/h5>\n","protected":false},"excerpt":{"rendered":"<p>Fabio Falkenburger* e Fernando Xavier** A import\u00e2ncia dos SAF (Combust\u00edveis Sustent\u00e1veis de Avia\u00e7\u00e3o ou Sustainable Aviation Fuels) para as metas globais de descarboniza\u00e7\u00e3o \u00e9 ineg\u00e1vel. Em 2019, o setor de avia\u00e7\u00e3o respondia por 3% de todas as emiss\u00f5es de CO2 no mundo \u2013 percentual que aumenta para 5% em pa\u00edses da OECD (Organiza\u00e7\u00e3o para a [&hellip;]<\/p>\n","protected":false},"author":1,"featured_media":14626,"comment_status":"closed","ping_status":"closed","sticky":false,"template":"","format":"standard","meta":{"_monsterinsights_skip_tracking":false,"_monsterinsights_sitenote_active":false,"_monsterinsights_sitenote_note":"","_monsterinsights_sitenote_category":0,"footnotes":""},"categories":[1,11],"tags":[6943,3361,7177,7678,66,476,7677,7680,7679,1512,5204,362],"class_list":["post-14623","post","type-post","status-publish","format-standard","has-post-thumbnail","hentry","category-geral","category-infradebate","tag-co2","tag-descarbonizacao","tag-fabio-falkenburger","tag-fernando-xavier","tag-logistica","tag-matriz-energetica","tag-oecd","tag-offtakers","tag-probioqav","tag-qav","tag-saf","tag-transporte-aereo"],"yoast_head":"<!-- This site is optimized with the Yoast SEO Premium plugin v25.4 (Yoast SEO v26.0) - https:\/\/yoast.com\/wordpress\/plugins\/seo\/ -->\n<title>iNFRADebate: SAF \u2013 Os desafios para estrutura\u00e7\u00e3o de um projeto de combust\u00edveis renov\u00e1veis de avia\u00e7\u00e3o - Ag\u00eancia iNFRA<\/title>\n<meta name=\"robots\" content=\"index, follow, max-snippet:-1, max-image-preview:large, max-video-preview:-1\" \/>\n<link rel=\"canonical\" href=\"https:\/\/agenciainfra.com\/blog\/infradebate-saf-os-desafios-para-estruturacao-de-um-projeto-de-combustiveis-renovaveis-de-aviacao\/\" \/>\n<meta property=\"og:locale\" content=\"pt_BR\" \/>\n<meta property=\"og:type\" content=\"article\" \/>\n<meta property=\"og:title\" content=\"iNFRADebate: SAF \u2013 Os desafios para estrutura\u00e7\u00e3o de um projeto de combust\u00edveis renov\u00e1veis de avia\u00e7\u00e3o\" \/>\n<meta property=\"og:description\" content=\"Fabio Falkenburger* e Fernando Xavier** A import\u00e2ncia dos SAF (Combust\u00edveis Sustent\u00e1veis de Avia\u00e7\u00e3o ou Sustainable Aviation Fuels) para as metas globais de descarboniza\u00e7\u00e3o \u00e9 ineg\u00e1vel. Em 2019, o setor de avia\u00e7\u00e3o respondia por 3% de todas as emiss\u00f5es de CO2 no mundo \u2013 percentual que aumenta para 5% em pa\u00edses da OECD (Organiza\u00e7\u00e3o para a [&hellip;]\" \/>\n<meta property=\"og:url\" content=\"https:\/\/agenciainfra.com\/blog\/infradebate-saf-os-desafios-para-estruturacao-de-um-projeto-de-combustiveis-renovaveis-de-aviacao\/\" \/>\n<meta property=\"og:site_name\" content=\"Ag\u00eancia iNFRA\" \/>\n<meta property=\"article:publisher\" content=\"https:\/\/www.facebook.com\/ageninfra\" \/>\n<meta property=\"article:published_time\" content=\"2023-11-01T14:00:00+00:00\" \/>\n<meta property=\"article:modified_time\" content=\"2023-11-06T02:35:47+00:00\" \/>\n<meta property=\"og:image\" content=\"https:\/\/agenciainfra.com\/blog\/wp-content\/uploads\/2023\/11\/montagem-fabio-e-fernando.jpeg\" \/>\n\t<meta property=\"og:image:width\" content=\"1202\" \/>\n\t<meta property=\"og:image:height\" content=\"801\" \/>\n\t<meta property=\"og:image:type\" content=\"image\/jpeg\" \/>\n<meta name=\"author\" content=\"Ag\u00eancia iNFRA\" \/>\n<meta name=\"twitter:card\" content=\"summary_large_image\" \/>\n<meta name=\"twitter:creator\" content=\"@agencia_infra\" \/>\n<meta name=\"twitter:site\" content=\"@agencia_infra\" \/>\n<meta name=\"twitter:label1\" content=\"Escrito por\" \/>\n\t<meta name=\"twitter:data1\" content=\"Ag\u00eancia iNFRA\" \/>\n\t<meta name=\"twitter:label2\" content=\"Est. tempo de leitura\" \/>\n\t<meta name=\"twitter:data2\" content=\"4 minutos\" \/>\n<script type=\"application\/ld+json\" class=\"yoast-schema-graph\">{\"@context\":\"https:\/\/schema.org\",\"@graph\":[{\"@type\":\"Article\",\"@id\":\"https:\/\/agenciainfra.com\/blog\/infradebate-saf-os-desafios-para-estruturacao-de-um-projeto-de-combustiveis-renovaveis-de-aviacao\/#article\",\"isPartOf\":{\"@id\":\"https:\/\/agenciainfra.com\/blog\/infradebate-saf-os-desafios-para-estruturacao-de-um-projeto-de-combustiveis-renovaveis-de-aviacao\/\"},\"author\":{\"name\":\"Ag\u00eancia iNFRA\",\"@id\":\"https:\/\/agenciainfra.com\/blog\/#\/schema\/person\/34af08dff6adea4cb22b06612ba7acfa\"},\"headline\":\"iNFRADebate: SAF \u2013 Os desafios para estrutura\u00e7\u00e3o de um projeto de combust\u00edveis renov\u00e1veis de avia\u00e7\u00e3o\",\"datePublished\":\"2023-11-01T14:00:00+00:00\",\"dateModified\":\"2023-11-06T02:35:47+00:00\",\"mainEntityOfPage\":{\"@id\":\"https:\/\/agenciainfra.com\/blog\/infradebate-saf-os-desafios-para-estruturacao-de-um-projeto-de-combustiveis-renovaveis-de-aviacao\/\"},\"wordCount\":870,\"publisher\":{\"@id\":\"https:\/\/agenciainfra.com\/blog\/#organization\"},\"image\":{\"@id\":\"https:\/\/agenciainfra.com\/blog\/infradebate-saf-os-desafios-para-estruturacao-de-um-projeto-de-combustiveis-renovaveis-de-aviacao\/#primaryimage\"},\"thumbnailUrl\":\"https:\/\/agenciainfra.com\/blog\/wp-content\/uploads\/2023\/11\/montagem-fabio-e-fernando.jpeg\",\"keywords\":[\"CO2\",\"Descarboniza\u00e7\u00e3o\",\"Fabio Falkenburger\",\"Fernando Xavier\",\"log\u00edstica\",\"matriz energ\u00e9tica\",\"OECD\",\"offtakers\",\"ProBioQAV\",\"QAV\",\"SAF\",\"transporte a\u00e9reo\"],\"articleSection\":[\"Geral\",\"iNFRADebate\"],\"inLanguage\":\"pt-BR\",\"copyrightYear\":\"2023\",\"copyrightHolder\":{\"@id\":\"https:\/\/agenciainfra.com\/blog\/#organization\"}},{\"@type\":\"WebPage\",\"@id\":\"https:\/\/agenciainfra.com\/blog\/infradebate-saf-os-desafios-para-estruturacao-de-um-projeto-de-combustiveis-renovaveis-de-aviacao\/\",\"url\":\"https:\/\/agenciainfra.com\/blog\/infradebate-saf-os-desafios-para-estruturacao-de-um-projeto-de-combustiveis-renovaveis-de-aviacao\/\",\"name\":\"iNFRADebate: SAF \u2013 Os desafios para estrutura\u00e7\u00e3o de um projeto de combust\u00edveis renov\u00e1veis de avia\u00e7\u00e3o - Ag\u00eancia iNFRA\",\"isPartOf\":{\"@id\":\"https:\/\/agenciainfra.com\/blog\/#website\"},\"primaryImageOfPage\":{\"@id\":\"https:\/\/agenciainfra.com\/blog\/infradebate-saf-os-desafios-para-estruturacao-de-um-projeto-de-combustiveis-renovaveis-de-aviacao\/#primaryimage\"},\"image\":{\"@id\":\"https:\/\/agenciainfra.com\/blog\/infradebate-saf-os-desafios-para-estruturacao-de-um-projeto-de-combustiveis-renovaveis-de-aviacao\/#primaryimage\"},\"thumbnailUrl\":\"https:\/\/agenciainfra.com\/blog\/wp-content\/uploads\/2023\/11\/montagem-fabio-e-fernando.jpeg\",\"datePublished\":\"2023-11-01T14:00:00+00:00\",\"dateModified\":\"2023-11-06T02:35:47+00:00\",\"breadcrumb\":{\"@id\":\"https:\/\/agenciainfra.com\/blog\/infradebate-saf-os-desafios-para-estruturacao-de-um-projeto-de-combustiveis-renovaveis-de-aviacao\/#breadcrumb\"},\"inLanguage\":\"pt-BR\",\"potentialAction\":[{\"@type\":\"ReadAction\",\"target\":[\"https:\/\/agenciainfra.com\/blog\/infradebate-saf-os-desafios-para-estruturacao-de-um-projeto-de-combustiveis-renovaveis-de-aviacao\/\"]}]},{\"@type\":\"ImageObject\",\"inLanguage\":\"pt-BR\",\"@id\":\"https:\/\/agenciainfra.com\/blog\/infradebate-saf-os-desafios-para-estruturacao-de-um-projeto-de-combustiveis-renovaveis-de-aviacao\/#primaryimage\",\"url\":\"https:\/\/agenciainfra.com\/blog\/wp-content\/uploads\/2023\/11\/montagem-fabio-e-fernando.jpeg\",\"contentUrl\":\"https:\/\/agenciainfra.com\/blog\/wp-content\/uploads\/2023\/11\/montagem-fabio-e-fernando.jpeg\",\"width\":1202,\"height\":801},{\"@type\":\"BreadcrumbList\",\"@id\":\"https:\/\/agenciainfra.com\/blog\/infradebate-saf-os-desafios-para-estruturacao-de-um-projeto-de-combustiveis-renovaveis-de-aviacao\/#breadcrumb\",\"itemListElement\":[{\"@type\":\"ListItem\",\"position\":1,\"name\":\"In\u00edcio\",\"item\":\"https:\/\/agenciainfra.com\/blog\/\"},{\"@type\":\"ListItem\",\"position\":2,\"name\":\"iNFRADebate: SAF \u2013 Os desafios para estrutura\u00e7\u00e3o de um projeto de combust\u00edveis renov\u00e1veis de avia\u00e7\u00e3o\"}]},{\"@type\":\"WebSite\",\"@id\":\"https:\/\/agenciainfra.com\/blog\/#website\",\"url\":\"https:\/\/agenciainfra.com\/blog\/\",\"name\":\"Ag\u00eancia iNFRA\",\"description\":\"Multiplataforma de informa\u00e7\u00e3o jornal\u00edstica refer\u00eancia na \u00e1rea de infraestrutura no Brasil!\",\"publisher\":{\"@id\":\"https:\/\/agenciainfra.com\/blog\/#organization\"},\"potentialAction\":[{\"@type\":\"SearchAction\",\"target\":{\"@type\":\"EntryPoint\",\"urlTemplate\":\"https:\/\/agenciainfra.com\/blog\/?s={search_term_string}\"},\"query-input\":{\"@type\":\"PropertyValueSpecification\",\"valueRequired\":true,\"valueName\":\"search_term_string\"}}],\"inLanguage\":\"pt-BR\"},{\"@type\":\"Organization\",\"@id\":\"https:\/\/agenciainfra.com\/blog\/#organization\",\"name\":\"Ag\u00eancia iNFRA\",\"url\":\"https:\/\/agenciainfra.com\/blog\/\",\"logo\":{\"@type\":\"ImageObject\",\"inLanguage\":\"pt-BR\",\"@id\":\"https:\/\/agenciainfra.com\/blog\/#\/schema\/logo\/image\/\",\"url\":\"https:\/\/agenciainfra.com\/blog\/wp-content\/uploads\/2023\/09\/iNFRA_5-e1761735885940.png\",\"contentUrl\":\"https:\/\/agenciainfra.com\/blog\/wp-content\/uploads\/2023\/09\/iNFRA_5-e1761735885940.png\",\"width\":1672,\"height\":454,\"caption\":\"Ag\u00eancia iNFRA\"},\"image\":{\"@id\":\"https:\/\/agenciainfra.com\/blog\/#\/schema\/logo\/image\/\"},\"sameAs\":[\"https:\/\/www.facebook.com\/ageninfra\",\"https:\/\/x.com\/agencia_infra\",\"https:\/\/www.linkedin.com\/company\/ag\u00eanciainfra\/\",\"https:\/\/www.instagram.com\/agenciainfra\/\"]},{\"@type\":\"Person\",\"@id\":\"https:\/\/agenciainfra.com\/blog\/#\/schema\/person\/34af08dff6adea4cb22b06612ba7acfa\",\"name\":\"Ag\u00eancia iNFRA\",\"image\":{\"@type\":\"ImageObject\",\"inLanguage\":\"pt-BR\",\"@id\":\"https:\/\/agenciainfra.com\/blog\/#\/schema\/person\/image\/\",\"url\":\"https:\/\/secure.gravatar.com\/avatar\/d189e01678f06d8eb84d4e01f08eb848b3fffe3f8443818d3c356c66892f5be8?s=96&d=mm&r=g\",\"contentUrl\":\"https:\/\/secure.gravatar.com\/avatar\/d189e01678f06d8eb84d4e01f08eb848b3fffe3f8443818d3c356c66892f5be8?s=96&d=mm&r=g\",\"caption\":\"Ag\u00eancia iNFRA\"},\"url\":\"https:\/\/agenciainfra.com\/blog\/author\/admin\/\"}]}<\/script>\n<!-- \/ Yoast SEO Premium plugin. -->","yoast_head_json":{"title":"iNFRADebate: SAF \u2013 Os desafios para estrutura\u00e7\u00e3o de um projeto de combust\u00edveis renov\u00e1veis de avia\u00e7\u00e3o - Ag\u00eancia iNFRA","robots":{"index":"index","follow":"follow","max-snippet":"max-snippet:-1","max-image-preview":"max-image-preview:large","max-video-preview":"max-video-preview:-1"},"canonical":"https:\/\/agenciainfra.com\/blog\/infradebate-saf-os-desafios-para-estruturacao-de-um-projeto-de-combustiveis-renovaveis-de-aviacao\/","og_locale":"pt_BR","og_type":"article","og_title":"iNFRADebate: SAF \u2013 Os desafios para estrutura\u00e7\u00e3o de um projeto de combust\u00edveis renov\u00e1veis de avia\u00e7\u00e3o","og_description":"Fabio Falkenburger* e Fernando Xavier** A import\u00e2ncia dos SAF (Combust\u00edveis Sustent\u00e1veis de Avia\u00e7\u00e3o ou Sustainable Aviation Fuels) para as metas globais de descarboniza\u00e7\u00e3o \u00e9 ineg\u00e1vel. Em 2019, o setor de avia\u00e7\u00e3o respondia por 3% de todas as emiss\u00f5es de CO2 no mundo \u2013 percentual que aumenta para 5% em pa\u00edses da OECD (Organiza\u00e7\u00e3o para a [&hellip;]","og_url":"https:\/\/agenciainfra.com\/blog\/infradebate-saf-os-desafios-para-estruturacao-de-um-projeto-de-combustiveis-renovaveis-de-aviacao\/","og_site_name":"Ag\u00eancia iNFRA","article_publisher":"https:\/\/www.facebook.com\/ageninfra","article_published_time":"2023-11-01T14:00:00+00:00","article_modified_time":"2023-11-06T02:35:47+00:00","og_image":[{"width":1202,"height":801,"url":"https:\/\/agenciainfra.com\/blog\/wp-content\/uploads\/2023\/11\/montagem-fabio-e-fernando.jpeg","type":"image\/jpeg"}],"author":"Ag\u00eancia iNFRA","twitter_card":"summary_large_image","twitter_creator":"@agencia_infra","twitter_site":"@agencia_infra","twitter_misc":{"Escrito por":"Ag\u00eancia iNFRA","Est. tempo de leitura":"4 minutos"},"schema":{"@context":"https:\/\/schema.org","@graph":[{"@type":"Article","@id":"https:\/\/agenciainfra.com\/blog\/infradebate-saf-os-desafios-para-estruturacao-de-um-projeto-de-combustiveis-renovaveis-de-aviacao\/#article","isPartOf":{"@id":"https:\/\/agenciainfra.com\/blog\/infradebate-saf-os-desafios-para-estruturacao-de-um-projeto-de-combustiveis-renovaveis-de-aviacao\/"},"author":{"name":"Ag\u00eancia iNFRA","@id":"https:\/\/agenciainfra.com\/blog\/#\/schema\/person\/34af08dff6adea4cb22b06612ba7acfa"},"headline":"iNFRADebate: SAF \u2013 Os desafios para estrutura\u00e7\u00e3o de um projeto de combust\u00edveis renov\u00e1veis de avia\u00e7\u00e3o","datePublished":"2023-11-01T14:00:00+00:00","dateModified":"2023-11-06T02:35:47+00:00","mainEntityOfPage":{"@id":"https:\/\/agenciainfra.com\/blog\/infradebate-saf-os-desafios-para-estruturacao-de-um-projeto-de-combustiveis-renovaveis-de-aviacao\/"},"wordCount":870,"publisher":{"@id":"https:\/\/agenciainfra.com\/blog\/#organization"},"image":{"@id":"https:\/\/agenciainfra.com\/blog\/infradebate-saf-os-desafios-para-estruturacao-de-um-projeto-de-combustiveis-renovaveis-de-aviacao\/#primaryimage"},"thumbnailUrl":"https:\/\/agenciainfra.com\/blog\/wp-content\/uploads\/2023\/11\/montagem-fabio-e-fernando.jpeg","keywords":["CO2","Descarboniza\u00e7\u00e3o","Fabio Falkenburger","Fernando Xavier","log\u00edstica","matriz energ\u00e9tica","OECD","offtakers","ProBioQAV","QAV","SAF","transporte a\u00e9reo"],"articleSection":["Geral","iNFRADebate"],"inLanguage":"pt-BR","copyrightYear":"2023","copyrightHolder":{"@id":"https:\/\/agenciainfra.com\/blog\/#organization"}},{"@type":"WebPage","@id":"https:\/\/agenciainfra.com\/blog\/infradebate-saf-os-desafios-para-estruturacao-de-um-projeto-de-combustiveis-renovaveis-de-aviacao\/","url":"https:\/\/agenciainfra.com\/blog\/infradebate-saf-os-desafios-para-estruturacao-de-um-projeto-de-combustiveis-renovaveis-de-aviacao\/","name":"iNFRADebate: SAF \u2013 Os desafios para estrutura\u00e7\u00e3o de um projeto de combust\u00edveis renov\u00e1veis de avia\u00e7\u00e3o - Ag\u00eancia iNFRA","isPartOf":{"@id":"https:\/\/agenciainfra.com\/blog\/#website"},"primaryImageOfPage":{"@id":"https:\/\/agenciainfra.com\/blog\/infradebate-saf-os-desafios-para-estruturacao-de-um-projeto-de-combustiveis-renovaveis-de-aviacao\/#primaryimage"},"image":{"@id":"https:\/\/agenciainfra.com\/blog\/infradebate-saf-os-desafios-para-estruturacao-de-um-projeto-de-combustiveis-renovaveis-de-aviacao\/#primaryimage"},"thumbnailUrl":"https:\/\/agenciainfra.com\/blog\/wp-content\/uploads\/2023\/11\/montagem-fabio-e-fernando.jpeg","datePublished":"2023-11-01T14:00:00+00:00","dateModified":"2023-11-06T02:35:47+00:00","breadcrumb":{"@id":"https:\/\/agenciainfra.com\/blog\/infradebate-saf-os-desafios-para-estruturacao-de-um-projeto-de-combustiveis-renovaveis-de-aviacao\/#breadcrumb"},"inLanguage":"pt-BR","potentialAction":[{"@type":"ReadAction","target":["https:\/\/agenciainfra.com\/blog\/infradebate-saf-os-desafios-para-estruturacao-de-um-projeto-de-combustiveis-renovaveis-de-aviacao\/"]}]},{"@type":"ImageObject","inLanguage":"pt-BR","@id":"https:\/\/agenciainfra.com\/blog\/infradebate-saf-os-desafios-para-estruturacao-de-um-projeto-de-combustiveis-renovaveis-de-aviacao\/#primaryimage","url":"https:\/\/agenciainfra.com\/blog\/wp-content\/uploads\/2023\/11\/montagem-fabio-e-fernando.jpeg","contentUrl":"https:\/\/agenciainfra.com\/blog\/wp-content\/uploads\/2023\/11\/montagem-fabio-e-fernando.jpeg","width":1202,"height":801},{"@type":"BreadcrumbList","@id":"https:\/\/agenciainfra.com\/blog\/infradebate-saf-os-desafios-para-estruturacao-de-um-projeto-de-combustiveis-renovaveis-de-aviacao\/#breadcrumb","itemListElement":[{"@type":"ListItem","position":1,"name":"In\u00edcio","item":"https:\/\/agenciainfra.com\/blog\/"},{"@type":"ListItem","position":2,"name":"iNFRADebate: SAF \u2013 Os desafios para estrutura\u00e7\u00e3o de um projeto de combust\u00edveis renov\u00e1veis de avia\u00e7\u00e3o"}]},{"@type":"WebSite","@id":"https:\/\/agenciainfra.com\/blog\/#website","url":"https:\/\/agenciainfra.com\/blog\/","name":"Ag\u00eancia iNFRA","description":"Multiplataforma de informa\u00e7\u00e3o jornal\u00edstica refer\u00eancia na \u00e1rea de infraestrutura no Brasil!","publisher":{"@id":"https:\/\/agenciainfra.com\/blog\/#organization"},"potentialAction":[{"@type":"SearchAction","target":{"@type":"EntryPoint","urlTemplate":"https:\/\/agenciainfra.com\/blog\/?s={search_term_string}"},"query-input":{"@type":"PropertyValueSpecification","valueRequired":true,"valueName":"search_term_string"}}],"inLanguage":"pt-BR"},{"@type":"Organization","@id":"https:\/\/agenciainfra.com\/blog\/#organization","name":"Ag\u00eancia iNFRA","url":"https:\/\/agenciainfra.com\/blog\/","logo":{"@type":"ImageObject","inLanguage":"pt-BR","@id":"https:\/\/agenciainfra.com\/blog\/#\/schema\/logo\/image\/","url":"https:\/\/agenciainfra.com\/blog\/wp-content\/uploads\/2023\/09\/iNFRA_5-e1761735885940.png","contentUrl":"https:\/\/agenciainfra.com\/blog\/wp-content\/uploads\/2023\/09\/iNFRA_5-e1761735885940.png","width":1672,"height":454,"caption":"Ag\u00eancia iNFRA"},"image":{"@id":"https:\/\/agenciainfra.com\/blog\/#\/schema\/logo\/image\/"},"sameAs":["https:\/\/www.facebook.com\/ageninfra","https:\/\/x.com\/agencia_infra","https:\/\/www.linkedin.com\/company\/ag\u00eanciainfra\/","https:\/\/www.instagram.com\/agenciainfra\/"]},{"@type":"Person","@id":"https:\/\/agenciainfra.com\/blog\/#\/schema\/person\/34af08dff6adea4cb22b06612ba7acfa","name":"Ag\u00eancia iNFRA","image":{"@type":"ImageObject","inLanguage":"pt-BR","@id":"https:\/\/agenciainfra.com\/blog\/#\/schema\/person\/image\/","url":"https:\/\/secure.gravatar.com\/avatar\/d189e01678f06d8eb84d4e01f08eb848b3fffe3f8443818d3c356c66892f5be8?s=96&d=mm&r=g","contentUrl":"https:\/\/secure.gravatar.com\/avatar\/d189e01678f06d8eb84d4e01f08eb848b3fffe3f8443818d3c356c66892f5be8?s=96&d=mm&r=g","caption":"Ag\u00eancia iNFRA"},"url":"https:\/\/agenciainfra.com\/blog\/author\/admin\/"}]}},"_links":{"self":[{"href":"https:\/\/agenciainfra.com\/blog\/wp-json\/wp\/v2\/posts\/14623","targetHints":{"allow":["GET"]}}],"collection":[{"href":"https:\/\/agenciainfra.com\/blog\/wp-json\/wp\/v2\/posts"}],"about":[{"href":"https:\/\/agenciainfra.com\/blog\/wp-json\/wp\/v2\/types\/post"}],"author":[{"embeddable":true,"href":"https:\/\/agenciainfra.com\/blog\/wp-json\/wp\/v2\/users\/1"}],"replies":[{"embeddable":true,"href":"https:\/\/agenciainfra.com\/blog\/wp-json\/wp\/v2\/comments?post=14623"}],"version-history":[{"count":0,"href":"https:\/\/agenciainfra.com\/blog\/wp-json\/wp\/v2\/posts\/14623\/revisions"}],"wp:featuredmedia":[{"embeddable":true,"href":"https:\/\/agenciainfra.com\/blog\/wp-json\/wp\/v2\/media\/14626"}],"wp:attachment":[{"href":"https:\/\/agenciainfra.com\/blog\/wp-json\/wp\/v2\/media?parent=14623"}],"wp:term":[{"taxonomy":"category","embeddable":true,"href":"https:\/\/agenciainfra.com\/blog\/wp-json\/wp\/v2\/categories?post=14623"},{"taxonomy":"post_tag","embeddable":true,"href":"https:\/\/agenciainfra.com\/blog\/wp-json\/wp\/v2\/tags?post=14623"}],"curies":[{"name":"wp","href":"https:\/\/api.w.org\/{rel}","templated":true}]}}