{"id":14638,"date":"2023-11-06T11:00:00","date_gmt":"2023-11-06T14:00:00","guid":{"rendered":"https:\/\/www.agenciainfra.com\/blog\/?p=14638"},"modified":"2026-03-13T09:44:09","modified_gmt":"2026-03-13T12:44:09","slug":"associacao-dos-geradores-e-reformulada-e-deve-eleger-hoje-marisete-dadald-presidente","status":"publish","type":"post","link":"https:\/\/agenciainfra.com\/blog\/associacao-dos-geradores-e-reformulada-e-deve-eleger-hoje-marisete-dadald-presidente\/","title":{"rendered":"Associa\u00e7\u00e3o dos geradores \u00e9 reformulada e deve eleger hoje Marisete Dadald presidente"},"content":{"rendered":"\n<p class=\"has-text-align-right\"><strong>Leila Coimbra, da&nbsp;Ag\u00eancia iNFRA<\/strong><\/p>\n\n\n\n<p>A Abrage (Associa\u00e7\u00e3o Brasileira das Empresas Geradoras de Energia El\u00e9trica) passa por uma reformula\u00e7\u00e3o de sua estrat\u00e9gia e governan\u00e7a e deve eleger como presidente Marisete Dadald Pereira, ex-secret\u00e1ria executiva do Minist\u00e9rio de Minas e Energia nos tr\u00eas anos e meio em que&nbsp;Bento Albuquerque comandou a&nbsp;pasta (governo Jair Bolsonaro).<br>&nbsp;<br>A elei\u00e7\u00e3o ocorre nesta segunda-feira (6) em assembleia extraordin\u00e1ria dos associados: Eletrobras, AES, Auren, Cemig, Copel, Engie, CTG, Emae, Itaipu, Light, Norte Energia e Santo Ant\u00f4nio Energia, dentre outros. S\u00e3o principalmente grandes geradores hidrel\u00e9tricos.<br>&nbsp;<br>Quando foi criada, em 1998 (completa 25 anos no dia 7 de dezembro), a Abrage tinha como s\u00f3cias somente geradoras estatais. Ao longo dos anos, as empresas foram aos poucos privatizadas \u2013 mas algumas, como Cemig e Copel, permaneceram sob comando do estado.&nbsp;A Eletrobras s\u00f3 passou a ser uma corporation em 2022. Com interesses difusos, e a cria\u00e7\u00e3o de outras entidades representativas dos segmentos da gera\u00e7\u00e3o, a Abrage foi perdendo relev\u00e2ncia.<br>&nbsp;<br>A reestrutura\u00e7\u00e3o da entidade ocorre em momento em que se rediscute o papel das hidrel\u00e9tricas no setor,&nbsp;a seguran\u00e7a do abastecimento e a transi\u00e7\u00e3o energ\u00e9tica. Outros temas importantes como as GF&nbsp;(Garantias F\u00edsicas), a discuss\u00e3o de atributos das fontes,&nbsp;presta\u00e7\u00e3o de servi\u00e7os ancilares e flexibilidade necess\u00e1rias para seguran\u00e7a do fornecimento&nbsp;dever\u00e3o ser&nbsp;pautas da nova Abrage, al\u00e9m, claro, da&nbsp;reforma do setor.<br>&nbsp;<br>\u201cA associa\u00e7\u00e3o, que tinha muito o foco nas geradoras estatais e trabalhava no contexto de predomin\u00e2ncia das hidrel\u00e9tricas na matriz, tem o desafio de se reinventar para continuar contribuindo no contexto atual de mudan\u00e7a significativa da matriz energ\u00e9tica, mudan\u00e7as tecnol\u00f3gicas, desafios clim\u00e1ticos, maior demanda por usos m\u00faltiplos da \u00e1gua e altera\u00e7\u00f5es dos modelos de neg\u00f3cios que cada vez mais t\u00eam o consumidor como foco\u201d, diz uma fonte que participa do processo.<br>&nbsp;<br><strong>Nomes de peso<\/strong><br>Antes de Marisete Dadald, alguns outros nomes foram cotados para presidir da Abrage. A primeira op\u00e7\u00e3o foi a atual presidente da Abee\u00f3lica (Associa\u00e7\u00e3o Brasileira de Energia E\u00f3lica), Elbia Gannoum, que preferiu continuar no cargo. Depois, o ex-diretor geral da ANEEL (Ag\u00eancia Nacional de Energia El\u00e9trica) e atual diretor financeiro de Itaipu, Andr\u00e9 Pepitone; e a ex-conselheira da CCEE (C\u00e2mara de Comercializa\u00e7\u00e3o de Energia El\u00e9trica), Rose Santos, foram cotados para a fun\u00e7\u00e3o.<br>&nbsp;<br>Marisete tamb\u00e9m foi cobi\u00e7ada para presidir a Abradee (Associa\u00e7\u00e3o Brasileira dos Distribuidores de Energia El\u00e9trica), mas preferiu a nova Abrage. Ela est\u00e1 atualmente no conselho da Eletrobras.<br>&nbsp;<br><strong>Rea\u00e7\u00e3o do setor<\/strong><br>Para Elbia Gannoum, da&nbsp;Abee\u00f3lica, Marisete foi uma excelente escolha: \u201cRecebo com muita alegria a not\u00edcia. \u00c9 muito importante essa renova\u00e7\u00e3o, a mudan\u00e7a de estrat\u00e9gia da Abrage, porque as hidrel\u00e9tricas s\u00e3o muito importantes para a transi\u00e7\u00e3o energ\u00e9tica e para a posi\u00e7\u00e3o do Brasil nesse contexto de lideran\u00e7a, e precisam ser valorizadas\u201d, disse Elbia.<br>&nbsp;<br>Segundo a CEO da entidade dos ventos, as hidrel\u00e9tricas precisam ser corretamente precificadas. \u201cH\u00e1 muito se discute a necessidade de repensar o modelo de pre\u00e7os e de opera\u00e7\u00e3o e esse \u00e9 um desafio importante que ela vai enfrentar, mas n\u00e3o existe pessoa melhor hoje para ocupar essa posi\u00e7\u00e3o. A experi\u00eancia, o relacionamento que ela tem na ind\u00fastria, eu tenho certeza de que ela vai fazer da associa\u00e7\u00e3o um grande sucesso\u201d, afirmou.<br>&nbsp;<br>Para um executivo de uma empresa&nbsp;associada&nbsp;da Abrage, que preferiu n\u00e3o ser identificado, Marisete Dadald \u00e9 &#8220;uma das poucas pessoas que conhecem bem o setor, \u00e9 focada em solu\u00e7\u00e3o, al\u00e9m de ter um bom tr\u00e2nsito institucional\u201d.<\/p>\n","protected":false},"excerpt":{"rendered":"<p>Leila Coimbra, da&nbsp;Ag\u00eancia iNFRA A Abrage (Associa\u00e7\u00e3o Brasileira das Empresas Geradoras de Energia El\u00e9trica) passa por uma reformula\u00e7\u00e3o de sua estrat\u00e9gia e governan\u00e7a e deve eleger como presidente Marisete Dadald Pereira, ex-secret\u00e1ria executiva do Minist\u00e9rio de Minas e Energia nos tr\u00eas anos e meio em que&nbsp;Bento Albuquerque comandou a&nbsp;pasta (governo Jair Bolsonaro).&nbsp;A elei\u00e7\u00e3o ocorre nesta [&hellip;]<\/p>\n","protected":false},"author":1,"featured_media":14641,"comment_status":"closed","ping_status":"closed","sticky":false,"template":"","format":"standard","meta":{"_monsterinsights_skip_tracking":false,"_monsterinsights_sitenote_active":false,"_monsterinsights_sitenote_note":"","_monsterinsights_sitenote_category":0,"footnotes":""},"categories":[7250,1,10],"tags":[725,1335,46,820,53,1113,50,1984,1002,96,71],"class_list":["post-14638","post","type-post","status-publish","format-standard","has-post-thumbnail","hentry","category-destaque-lista","category-geral","category-infraenergia","tag-abeeolica","tag-abrage","tag-agencias-reguladoras","tag-andre-pepitone","tag-aneel","tag-elbia-gannoum","tag-eletrobras","tag-leila-coimbra","tag-marisete-dadald","tag-ministerio-de-minas-e-energia","tag-mme"],"yoast_head":"<!-- This site is optimized with the Yoast SEO Premium plugin v25.4 (Yoast SEO v26.0) - https:\/\/yoast.com\/wordpress\/plugins\/seo\/ -->\n<title>Associa\u00e7\u00e3o dos geradores \u00e9 reformulada e deve eleger hoje Marisete Dadald presidente - Ag\u00eancia iNFRA<\/title>\n<meta name=\"robots\" content=\"index, follow, max-snippet:-1, max-image-preview:large, max-video-preview:-1\" \/>\n<link rel=\"canonical\" href=\"https:\/\/agenciainfra.com\/blog\/associacao-dos-geradores-e-reformulada-e-deve-eleger-hoje-marisete-dadald-presidente\/\" \/>\n<meta property=\"og:locale\" content=\"pt_BR\" \/>\n<meta property=\"og:type\" content=\"article\" \/>\n<meta property=\"og:title\" content=\"Associa\u00e7\u00e3o dos geradores \u00e9 reformulada e deve eleger hoje Marisete Dadald presidente\" \/>\n<meta property=\"og:description\" content=\"Leila Coimbra, da&nbsp;Ag\u00eancia iNFRA A Abrage (Associa\u00e7\u00e3o Brasileira das Empresas Geradoras de Energia El\u00e9trica) passa por uma reformula\u00e7\u00e3o de sua estrat\u00e9gia e governan\u00e7a e deve eleger como presidente Marisete Dadald Pereira, ex-secret\u00e1ria executiva do Minist\u00e9rio de Minas e Energia nos tr\u00eas anos e meio em que&nbsp;Bento Albuquerque comandou a&nbsp;pasta (governo Jair Bolsonaro).&nbsp;A elei\u00e7\u00e3o ocorre nesta [&hellip;]\" \/>\n<meta property=\"og:url\" content=\"https:\/\/agenciainfra.com\/blog\/associacao-dos-geradores-e-reformulada-e-deve-eleger-hoje-marisete-dadald-presidente\/\" \/>\n<meta property=\"og:site_name\" content=\"Ag\u00eancia iNFRA\" \/>\n<meta property=\"article:publisher\" content=\"https:\/\/www.facebook.com\/ageninfra\" \/>\n<meta property=\"article:published_time\" content=\"2023-11-06T14:00:00+00:00\" \/>\n<meta property=\"article:modified_time\" content=\"2026-03-13T12:44:09+00:00\" \/>\n<meta property=\"og:image\" content=\"https:\/\/agenciainfra.com\/blog\/wp-content\/uploads\/2023\/11\/marisete-dadald-foto-mme.jpg\" \/>\n\t<meta property=\"og:image:width\" content=\"1602\" \/>\n\t<meta property=\"og:image:height\" content=\"1061\" \/>\n\t<meta property=\"og:image:type\" content=\"image\/jpeg\" \/>\n<meta name=\"author\" content=\"Ag\u00eancia iNFRA\" \/>\n<meta name=\"twitter:card\" content=\"summary_large_image\" \/>\n<meta name=\"twitter:creator\" content=\"@agencia_infra\" \/>\n<meta name=\"twitter:site\" content=\"@agencia_infra\" \/>\n<meta name=\"twitter:label1\" content=\"Escrito por\" \/>\n\t<meta name=\"twitter:data1\" content=\"Ag\u00eancia iNFRA\" \/>\n\t<meta name=\"twitter:label2\" content=\"Est. tempo de leitura\" \/>\n\t<meta name=\"twitter:data2\" content=\"3 minutos\" \/>\n<script type=\"application\/ld+json\" class=\"yoast-schema-graph\">{\"@context\":\"https:\/\/schema.org\",\"@graph\":[{\"@type\":\"Article\",\"@id\":\"https:\/\/agenciainfra.com\/blog\/associacao-dos-geradores-e-reformulada-e-deve-eleger-hoje-marisete-dadald-presidente\/#article\",\"isPartOf\":{\"@id\":\"https:\/\/agenciainfra.com\/blog\/associacao-dos-geradores-e-reformulada-e-deve-eleger-hoje-marisete-dadald-presidente\/\"},\"author\":{\"name\":\"Ag\u00eancia iNFRA\",\"@id\":\"https:\/\/agenciainfra.com\/blog\/#\/schema\/person\/34af08dff6adea4cb22b06612ba7acfa\"},\"headline\":\"Associa\u00e7\u00e3o dos geradores \u00e9 reformulada e deve eleger hoje Marisete Dadald presidente\",\"datePublished\":\"2023-11-06T14:00:00+00:00\",\"dateModified\":\"2026-03-13T12:44:09+00:00\",\"mainEntityOfPage\":{\"@id\":\"https:\/\/agenciainfra.com\/blog\/associacao-dos-geradores-e-reformulada-e-deve-eleger-hoje-marisete-dadald-presidente\/\"},\"wordCount\":664,\"publisher\":{\"@id\":\"https:\/\/agenciainfra.com\/blog\/#organization\"},\"image\":{\"@id\":\"https:\/\/agenciainfra.com\/blog\/associacao-dos-geradores-e-reformulada-e-deve-eleger-hoje-marisete-dadald-presidente\/#primaryimage\"},\"thumbnailUrl\":\"https:\/\/agenciainfra.com\/blog\/wp-content\/uploads\/2023\/11\/marisete-dadald-foto-mme.jpg\",\"keywords\":[\"abeeolica\",\"Abrage\",\"Ag\u00eancias Reguladoras\",\"Andr\u00e9 Pepitone\",\"ANEEL\",\"Elbia Gannoum\",\"Eletrobras\",\"Leila Coimbra\",\"Marisete Dadald\",\"Minist\u00e9rio de Minas e Energia\",\"MME\"],\"articleSection\":[\"Destaque lista\",\"Geral\",\"iNFRAEnergia\"],\"inLanguage\":\"pt-BR\",\"copyrightYear\":\"2023\",\"copyrightHolder\":{\"@id\":\"https:\/\/agenciainfra.com\/blog\/#organization\"}},{\"@type\":\"WebPage\",\"@id\":\"https:\/\/agenciainfra.com\/blog\/associacao-dos-geradores-e-reformulada-e-deve-eleger-hoje-marisete-dadald-presidente\/\",\"url\":\"https:\/\/agenciainfra.com\/blog\/associacao-dos-geradores-e-reformulada-e-deve-eleger-hoje-marisete-dadald-presidente\/\",\"name\":\"Associa\u00e7\u00e3o dos geradores \u00e9 reformulada e deve eleger hoje Marisete Dadald presidente - Ag\u00eancia iNFRA\",\"isPartOf\":{\"@id\":\"https:\/\/agenciainfra.com\/blog\/#website\"},\"primaryImageOfPage\":{\"@id\":\"https:\/\/agenciainfra.com\/blog\/associacao-dos-geradores-e-reformulada-e-deve-eleger-hoje-marisete-dadald-presidente\/#primaryimage\"},\"image\":{\"@id\":\"https:\/\/agenciainfra.com\/blog\/associacao-dos-geradores-e-reformulada-e-deve-eleger-hoje-marisete-dadald-presidente\/#primaryimage\"},\"thumbnailUrl\":\"https:\/\/agenciainfra.com\/blog\/wp-content\/uploads\/2023\/11\/marisete-dadald-foto-mme.jpg\",\"datePublished\":\"2023-11-06T14:00:00+00:00\",\"dateModified\":\"2026-03-13T12:44:09+00:00\",\"breadcrumb\":{\"@id\":\"https:\/\/agenciainfra.com\/blog\/associacao-dos-geradores-e-reformulada-e-deve-eleger-hoje-marisete-dadald-presidente\/#breadcrumb\"},\"inLanguage\":\"pt-BR\",\"potentialAction\":[{\"@type\":\"ReadAction\",\"target\":[\"https:\/\/agenciainfra.com\/blog\/associacao-dos-geradores-e-reformulada-e-deve-eleger-hoje-marisete-dadald-presidente\/\"]}]},{\"@type\":\"ImageObject\",\"inLanguage\":\"pt-BR\",\"@id\":\"https:\/\/agenciainfra.com\/blog\/associacao-dos-geradores-e-reformulada-e-deve-eleger-hoje-marisete-dadald-presidente\/#primaryimage\",\"url\":\"https:\/\/agenciainfra.com\/blog\/wp-content\/uploads\/2023\/11\/marisete-dadald-foto-mme.jpg\",\"contentUrl\":\"https:\/\/agenciainfra.com\/blog\/wp-content\/uploads\/2023\/11\/marisete-dadald-foto-mme.jpg\",\"width\":1602,\"height\":1061},{\"@type\":\"BreadcrumbList\",\"@id\":\"https:\/\/agenciainfra.com\/blog\/associacao-dos-geradores-e-reformulada-e-deve-eleger-hoje-marisete-dadald-presidente\/#breadcrumb\",\"itemListElement\":[{\"@type\":\"ListItem\",\"position\":1,\"name\":\"In\u00edcio\",\"item\":\"https:\/\/agenciainfra.com\/blog\/\"},{\"@type\":\"ListItem\",\"position\":2,\"name\":\"Associa\u00e7\u00e3o dos geradores \u00e9 reformulada e deve eleger hoje Marisete Dadald presidente\"}]},{\"@type\":\"WebSite\",\"@id\":\"https:\/\/agenciainfra.com\/blog\/#website\",\"url\":\"https:\/\/agenciainfra.com\/blog\/\",\"name\":\"Ag\u00eancia iNFRA\",\"description\":\"Multiplataforma de informa\u00e7\u00e3o jornal\u00edstica refer\u00eancia na \u00e1rea de infraestrutura no Brasil!\",\"publisher\":{\"@id\":\"https:\/\/agenciainfra.com\/blog\/#organization\"},\"potentialAction\":[{\"@type\":\"SearchAction\",\"target\":{\"@type\":\"EntryPoint\",\"urlTemplate\":\"https:\/\/agenciainfra.com\/blog\/?s={search_term_string}\"},\"query-input\":{\"@type\":\"PropertyValueSpecification\",\"valueRequired\":true,\"valueName\":\"search_term_string\"}}],\"inLanguage\":\"pt-BR\"},{\"@type\":\"Organization\",\"@id\":\"https:\/\/agenciainfra.com\/blog\/#organization\",\"name\":\"Ag\u00eancia iNFRA\",\"url\":\"https:\/\/agenciainfra.com\/blog\/\",\"logo\":{\"@type\":\"ImageObject\",\"inLanguage\":\"pt-BR\",\"@id\":\"https:\/\/agenciainfra.com\/blog\/#\/schema\/logo\/image\/\",\"url\":\"https:\/\/agenciainfra.com\/blog\/wp-content\/uploads\/2023\/09\/iNFRA_5-e1761735885940.png\",\"contentUrl\":\"https:\/\/agenciainfra.com\/blog\/wp-content\/uploads\/2023\/09\/iNFRA_5-e1761735885940.png\",\"width\":1672,\"height\":454,\"caption\":\"Ag\u00eancia iNFRA\"},\"image\":{\"@id\":\"https:\/\/agenciainfra.com\/blog\/#\/schema\/logo\/image\/\"},\"sameAs\":[\"https:\/\/www.facebook.com\/ageninfra\",\"https:\/\/x.com\/agencia_infra\",\"https:\/\/www.linkedin.com\/company\/ag\u00eanciainfra\/\",\"https:\/\/www.instagram.com\/agenciainfra\/\"]},{\"@type\":\"Person\",\"@id\":\"https:\/\/agenciainfra.com\/blog\/#\/schema\/person\/34af08dff6adea4cb22b06612ba7acfa\",\"name\":\"Ag\u00eancia iNFRA\",\"image\":{\"@type\":\"ImageObject\",\"inLanguage\":\"pt-BR\",\"@id\":\"https:\/\/agenciainfra.com\/blog\/#\/schema\/person\/image\/\",\"url\":\"https:\/\/secure.gravatar.com\/avatar\/d189e01678f06d8eb84d4e01f08eb848b3fffe3f8443818d3c356c66892f5be8?s=96&d=mm&r=g\",\"contentUrl\":\"https:\/\/secure.gravatar.com\/avatar\/d189e01678f06d8eb84d4e01f08eb848b3fffe3f8443818d3c356c66892f5be8?s=96&d=mm&r=g\",\"caption\":\"Ag\u00eancia iNFRA\"},\"url\":\"https:\/\/agenciainfra.com\/blog\/author\/admin\/\"}]}<\/script>\n<!-- \/ Yoast SEO Premium plugin. -->","yoast_head_json":{"title":"Associa\u00e7\u00e3o dos geradores \u00e9 reformulada e deve eleger hoje Marisete Dadald presidente - Ag\u00eancia iNFRA","robots":{"index":"index","follow":"follow","max-snippet":"max-snippet:-1","max-image-preview":"max-image-preview:large","max-video-preview":"max-video-preview:-1"},"canonical":"https:\/\/agenciainfra.com\/blog\/associacao-dos-geradores-e-reformulada-e-deve-eleger-hoje-marisete-dadald-presidente\/","og_locale":"pt_BR","og_type":"article","og_title":"Associa\u00e7\u00e3o dos geradores \u00e9 reformulada e deve eleger hoje Marisete Dadald presidente","og_description":"Leila Coimbra, da&nbsp;Ag\u00eancia iNFRA A Abrage (Associa\u00e7\u00e3o Brasileira das Empresas Geradoras de Energia El\u00e9trica) passa por uma reformula\u00e7\u00e3o de sua estrat\u00e9gia e governan\u00e7a e deve eleger como presidente Marisete Dadald Pereira, ex-secret\u00e1ria executiva do Minist\u00e9rio de Minas e Energia nos tr\u00eas anos e meio em que&nbsp;Bento Albuquerque comandou a&nbsp;pasta (governo Jair Bolsonaro).&nbsp;A elei\u00e7\u00e3o ocorre nesta [&hellip;]","og_url":"https:\/\/agenciainfra.com\/blog\/associacao-dos-geradores-e-reformulada-e-deve-eleger-hoje-marisete-dadald-presidente\/","og_site_name":"Ag\u00eancia iNFRA","article_publisher":"https:\/\/www.facebook.com\/ageninfra","article_published_time":"2023-11-06T14:00:00+00:00","article_modified_time":"2026-03-13T12:44:09+00:00","og_image":[{"width":1602,"height":1061,"url":"https:\/\/agenciainfra.com\/blog\/wp-content\/uploads\/2023\/11\/marisete-dadald-foto-mme.jpg","type":"image\/jpeg"}],"author":"Ag\u00eancia iNFRA","twitter_card":"summary_large_image","twitter_creator":"@agencia_infra","twitter_site":"@agencia_infra","twitter_misc":{"Escrito por":"Ag\u00eancia iNFRA","Est. tempo de leitura":"3 minutos"},"schema":{"@context":"https:\/\/schema.org","@graph":[{"@type":"Article","@id":"https:\/\/agenciainfra.com\/blog\/associacao-dos-geradores-e-reformulada-e-deve-eleger-hoje-marisete-dadald-presidente\/#article","isPartOf":{"@id":"https:\/\/agenciainfra.com\/blog\/associacao-dos-geradores-e-reformulada-e-deve-eleger-hoje-marisete-dadald-presidente\/"},"author":{"name":"Ag\u00eancia iNFRA","@id":"https:\/\/agenciainfra.com\/blog\/#\/schema\/person\/34af08dff6adea4cb22b06612ba7acfa"},"headline":"Associa\u00e7\u00e3o dos geradores \u00e9 reformulada e deve eleger hoje Marisete Dadald presidente","datePublished":"2023-11-06T14:00:00+00:00","dateModified":"2026-03-13T12:44:09+00:00","mainEntityOfPage":{"@id":"https:\/\/agenciainfra.com\/blog\/associacao-dos-geradores-e-reformulada-e-deve-eleger-hoje-marisete-dadald-presidente\/"},"wordCount":664,"publisher":{"@id":"https:\/\/agenciainfra.com\/blog\/#organization"},"image":{"@id":"https:\/\/agenciainfra.com\/blog\/associacao-dos-geradores-e-reformulada-e-deve-eleger-hoje-marisete-dadald-presidente\/#primaryimage"},"thumbnailUrl":"https:\/\/agenciainfra.com\/blog\/wp-content\/uploads\/2023\/11\/marisete-dadald-foto-mme.jpg","keywords":["abeeolica","Abrage","Ag\u00eancias Reguladoras","Andr\u00e9 Pepitone","ANEEL","Elbia Gannoum","Eletrobras","Leila Coimbra","Marisete Dadald","Minist\u00e9rio de Minas e Energia","MME"],"articleSection":["Destaque lista","Geral","iNFRAEnergia"],"inLanguage":"pt-BR","copyrightYear":"2023","copyrightHolder":{"@id":"https:\/\/agenciainfra.com\/blog\/#organization"}},{"@type":"WebPage","@id":"https:\/\/agenciainfra.com\/blog\/associacao-dos-geradores-e-reformulada-e-deve-eleger-hoje-marisete-dadald-presidente\/","url":"https:\/\/agenciainfra.com\/blog\/associacao-dos-geradores-e-reformulada-e-deve-eleger-hoje-marisete-dadald-presidente\/","name":"Associa\u00e7\u00e3o dos geradores \u00e9 reformulada e deve eleger hoje Marisete Dadald presidente - Ag\u00eancia iNFRA","isPartOf":{"@id":"https:\/\/agenciainfra.com\/blog\/#website"},"primaryImageOfPage":{"@id":"https:\/\/agenciainfra.com\/blog\/associacao-dos-geradores-e-reformulada-e-deve-eleger-hoje-marisete-dadald-presidente\/#primaryimage"},"image":{"@id":"https:\/\/agenciainfra.com\/blog\/associacao-dos-geradores-e-reformulada-e-deve-eleger-hoje-marisete-dadald-presidente\/#primaryimage"},"thumbnailUrl":"https:\/\/agenciainfra.com\/blog\/wp-content\/uploads\/2023\/11\/marisete-dadald-foto-mme.jpg","datePublished":"2023-11-06T14:00:00+00:00","dateModified":"2026-03-13T12:44:09+00:00","breadcrumb":{"@id":"https:\/\/agenciainfra.com\/blog\/associacao-dos-geradores-e-reformulada-e-deve-eleger-hoje-marisete-dadald-presidente\/#breadcrumb"},"inLanguage":"pt-BR","potentialAction":[{"@type":"ReadAction","target":["https:\/\/agenciainfra.com\/blog\/associacao-dos-geradores-e-reformulada-e-deve-eleger-hoje-marisete-dadald-presidente\/"]}]},{"@type":"ImageObject","inLanguage":"pt-BR","@id":"https:\/\/agenciainfra.com\/blog\/associacao-dos-geradores-e-reformulada-e-deve-eleger-hoje-marisete-dadald-presidente\/#primaryimage","url":"https:\/\/agenciainfra.com\/blog\/wp-content\/uploads\/2023\/11\/marisete-dadald-foto-mme.jpg","contentUrl":"https:\/\/agenciainfra.com\/blog\/wp-content\/uploads\/2023\/11\/marisete-dadald-foto-mme.jpg","width":1602,"height":1061},{"@type":"BreadcrumbList","@id":"https:\/\/agenciainfra.com\/blog\/associacao-dos-geradores-e-reformulada-e-deve-eleger-hoje-marisete-dadald-presidente\/#breadcrumb","itemListElement":[{"@type":"ListItem","position":1,"name":"In\u00edcio","item":"https:\/\/agenciainfra.com\/blog\/"},{"@type":"ListItem","position":2,"name":"Associa\u00e7\u00e3o dos geradores \u00e9 reformulada e deve eleger hoje Marisete Dadald presidente"}]},{"@type":"WebSite","@id":"https:\/\/agenciainfra.com\/blog\/#website","url":"https:\/\/agenciainfra.com\/blog\/","name":"Ag\u00eancia iNFRA","description":"Multiplataforma de informa\u00e7\u00e3o jornal\u00edstica refer\u00eancia na \u00e1rea de infraestrutura no Brasil!","publisher":{"@id":"https:\/\/agenciainfra.com\/blog\/#organization"},"potentialAction":[{"@type":"SearchAction","target":{"@type":"EntryPoint","urlTemplate":"https:\/\/agenciainfra.com\/blog\/?s={search_term_string}"},"query-input":{"@type":"PropertyValueSpecification","valueRequired":true,"valueName":"search_term_string"}}],"inLanguage":"pt-BR"},{"@type":"Organization","@id":"https:\/\/agenciainfra.com\/blog\/#organization","name":"Ag\u00eancia iNFRA","url":"https:\/\/agenciainfra.com\/blog\/","logo":{"@type":"ImageObject","inLanguage":"pt-BR","@id":"https:\/\/agenciainfra.com\/blog\/#\/schema\/logo\/image\/","url":"https:\/\/agenciainfra.com\/blog\/wp-content\/uploads\/2023\/09\/iNFRA_5-e1761735885940.png","contentUrl":"https:\/\/agenciainfra.com\/blog\/wp-content\/uploads\/2023\/09\/iNFRA_5-e1761735885940.png","width":1672,"height":454,"caption":"Ag\u00eancia iNFRA"},"image":{"@id":"https:\/\/agenciainfra.com\/blog\/#\/schema\/logo\/image\/"},"sameAs":["https:\/\/www.facebook.com\/ageninfra","https:\/\/x.com\/agencia_infra","https:\/\/www.linkedin.com\/company\/ag\u00eanciainfra\/","https:\/\/www.instagram.com\/agenciainfra\/"]},{"@type":"Person","@id":"https:\/\/agenciainfra.com\/blog\/#\/schema\/person\/34af08dff6adea4cb22b06612ba7acfa","name":"Ag\u00eancia iNFRA","image":{"@type":"ImageObject","inLanguage":"pt-BR","@id":"https:\/\/agenciainfra.com\/blog\/#\/schema\/person\/image\/","url":"https:\/\/secure.gravatar.com\/avatar\/d189e01678f06d8eb84d4e01f08eb848b3fffe3f8443818d3c356c66892f5be8?s=96&d=mm&r=g","contentUrl":"https:\/\/secure.gravatar.com\/avatar\/d189e01678f06d8eb84d4e01f08eb848b3fffe3f8443818d3c356c66892f5be8?s=96&d=mm&r=g","caption":"Ag\u00eancia iNFRA"},"url":"https:\/\/agenciainfra.com\/blog\/author\/admin\/"}]}},"_links":{"self":[{"href":"https:\/\/agenciainfra.com\/blog\/wp-json\/wp\/v2\/posts\/14638","targetHints":{"allow":["GET"]}}],"collection":[{"href":"https:\/\/agenciainfra.com\/blog\/wp-json\/wp\/v2\/posts"}],"about":[{"href":"https:\/\/agenciainfra.com\/blog\/wp-json\/wp\/v2\/types\/post"}],"author":[{"embeddable":true,"href":"https:\/\/agenciainfra.com\/blog\/wp-json\/wp\/v2\/users\/1"}],"replies":[{"embeddable":true,"href":"https:\/\/agenciainfra.com\/blog\/wp-json\/wp\/v2\/comments?post=14638"}],"version-history":[{"count":1,"href":"https:\/\/agenciainfra.com\/blog\/wp-json\/wp\/v2\/posts\/14638\/revisions"}],"predecessor-version":[{"id":37776,"href":"https:\/\/agenciainfra.com\/blog\/wp-json\/wp\/v2\/posts\/14638\/revisions\/37776"}],"wp:featuredmedia":[{"embeddable":true,"href":"https:\/\/agenciainfra.com\/blog\/wp-json\/wp\/v2\/media\/14641"}],"wp:attachment":[{"href":"https:\/\/agenciainfra.com\/blog\/wp-json\/wp\/v2\/media?parent=14638"}],"wp:term":[{"taxonomy":"category","embeddable":true,"href":"https:\/\/agenciainfra.com\/blog\/wp-json\/wp\/v2\/categories?post=14638"},{"taxonomy":"post_tag","embeddable":true,"href":"https:\/\/agenciainfra.com\/blog\/wp-json\/wp\/v2\/tags?post=14638"}],"curies":[{"name":"wp","href":"https:\/\/api.w.org\/{rel}","templated":true}]}}