{"id":14653,"date":"2023-11-07T11:00:00","date_gmt":"2023-11-07T14:00:00","guid":{"rendered":"https:\/\/www.agenciainfra.com\/blog\/?p=14653"},"modified":"2023-11-09T13:23:46","modified_gmt":"2023-11-09T16:23:46","slug":"infradebate-um-impulso-para-a-infraestrutura-brasileira","status":"publish","type":"post","link":"https:\/\/agenciainfra.com\/blog\/infradebate-um-impulso-para-a-infraestrutura-brasileira\/","title":{"rendered":"iNFRADebate: Um impulso para a infraestrutura brasileira"},"content":{"rendered":"\n<p class=\"has-text-align-right\"><strong>Tatiana Gruenbaum* e Ricardo Marques**<\/strong><\/p>\n\n\n\n<p>O Brasil enfrentou altos e baixos no cen\u00e1rio econ\u00f4mico nas \u00faltimas d\u00e9cadas, com momentos de crescimento acelerado seguidos por recess\u00f5es. Entretanto, 2019 marcou o in\u00edcio de um esfor\u00e7o dos setores p\u00fablicos e privados da realiza\u00e7\u00e3o de investimentos em infraestrutura.<\/p>\n\n\n\n<p>De acordo com o Banco Mundial, economias de na\u00e7\u00f5es emergentes em r\u00e1pido crescimento costumam dedicar entre 5% e 7% do PIB (Produto Interno Bruto) nesse setor, mas o Brasil tem ficado abaixo desse padr\u00e3o. Um estudo recente da ABDIB (Associa\u00e7\u00e3o Brasileira da Infraestrutura e Ind\u00fastrias de Base) apontou que o pa\u00eds tem investido, anualmente, cerca de 1,5% a 2% do PIB, o que equivale a, aproximadamente, R$ 150 bilh\u00f5es.<\/p>\n\n\n\n<p>O cen\u00e1rio deste ano mostra um governo focado em atrair investidores estrangeiros para empreendimentos de infraestrutura no Brasil. O lan\u00e7amento do Novo PAC (Programa de Acelera\u00e7\u00e3o do Crescimento), em agosto, demonstra essa vontade governamental em investir nessa \u00e1rea, reintroduzindo projetos antigos e trazendo outros novos, todos com foco na retomada do desenvolvimento.<\/p>\n\n\n\n<p>Em um comparativo de 21 anos, o a\u00e7o chin\u00eas, que representava apenas 1,4% (equivalente a 12 mil toneladas) das importa\u00e7\u00f5es dessa commodity, disparou para 42% em 2021, totalizando cerca de 2 milh\u00f5es de toneladas. Hoje, o territ\u00f3rio brasileiro est\u00e1 com 71% de utiliza\u00e7\u00e3o da capacidade instalada, segundo dados da A\u00e7o Brasil, de 2022.<\/p>\n\n\n\n<p>Ent\u00e3o, se os investimentos forem bem-sucedidos, a ind\u00fastria brasileira desse produto estar\u00e1 pronta para atender \u00e0s demandas e, ao mesmo tempo, contribuir com a descarboniza\u00e7\u00e3o e a expans\u00e3o sustent\u00e1vel da economia.<\/p>\n\n\n\n<p>Um dos v\u00e1rios setores que se beneficiam desses esfor\u00e7os \u00e9 o sider\u00fargico. O Novo PAC e a retomada do programa Minha Casa, Minha Vida \u2014 inseridos no eixo de Cidades Sustent\u00e1veis e Resilientes \u2014 devem impulsionar a demanda por insumos, como a\u00e7os longos, vigas e vergalh\u00f5es. Por exemplo, a \u00e1rea de constru\u00e7\u00e3o civil utiliza produtos sider\u00fargicos em 40% do consumo, usando principalmente o a\u00e7o longo. Da mesma forma, a ind\u00fastria automotiva e o setor de bens de capital, que dependem de a\u00e7o plano, representam significativas parcelas de 20% cada no consumo total de produtos sider\u00fargicos.<\/p>\n\n\n\n<p>Apesar disso, a demanda mencionada n\u00e3o dever\u00e1 ocorrer em grande escala, visto que as constru\u00e7\u00f5es das unidades dessa iniciativa s\u00e3o modulares, de forma que as construtoras tentam executar projetos mais econ\u00f4micos.<\/p>\n\n\n\n<p>O transporte ferrovi\u00e1rio tamb\u00e9m est\u00e1 em destaque no Novo PAC. A recente proposta de isen\u00e7\u00e3o total do ICMS (Imposto sobre Circula\u00e7\u00e3o de Mercadorias e Servi\u00e7os) para investimentos neste modal faz parte do plano nacional de desenvolvimento ferrovi\u00e1rio, que \u00e9 gerenciado pelo governo federal.<\/p>\n\n\n\n<p>O objetivo \u00e9 incentivar e fortalecer a expans\u00e3o da infraestrutura com novas constru\u00e7\u00f5es de estradas de ferro e terminais pelo pa\u00eds. Os investimentos anunciados incluem estudos para novas concess\u00f5es e projetos, o que promete aquecer o setor sider\u00fargico, uma vez que a produ\u00e7\u00e3o de materiais e insumos ferrovi\u00e1rios, como trilhos e vag\u00f5es, ser\u00e1 impulsionada.<\/p>\n\n\n\n<p>Al\u00e9m disso, a transfer\u00eancia de parte da log\u00edstica de transporte de cargas rodovi\u00e1rias para as ferrovias n\u00e3o s\u00f3 reduzir\u00e1 significativamente os custos log\u00edsticos, mas tamb\u00e9m estar\u00e1 alinhada com os objetivos de meio ambiente, social e governan\u00e7a relacionados \u00e0 descarboniza\u00e7\u00e3o.<\/p>\n\n\n\n<p>Dessa forma, o setor sider\u00fargico se beneficia da \u00eanfase dada ao eixo de transporte, um dos que ir\u00e1 receber um dos maiores investimentos do Novo PAC. Apesar dos ind\u00edcios muito positivos, entendo que ainda \u00e9 necess\u00e1rio aguardar para observar as a\u00e7\u00f5es efetivas decorrentes desses ganhos. Portanto, a aloca\u00e7\u00e3o significativa de recursos nos eixos de Cidades Sustent\u00e1veis e Resilientes, Transporte e Transi\u00e7\u00e3o e Seguran\u00e7a Energ\u00e9tica no Novo PAC cria um ambiente prop\u00edcio para o crescimento e desenvolvimento do setor de infraestrutura brasileiro.<\/p>\n\n\n\n<h6 class=\"wp-block-heading\" id=\"block-f323f59b-51bf-4eed-b17b-3c7d3b917007\"><strong><strong>*Tatiana Gruenbaum \u00e9 s\u00f3cia-diretora l\u00edder do segmento de infraestrutura da KPMG no Brasil.<\/strong><\/strong><\/h6>\n\n\n\n<h6 class=\"wp-block-heading\" id=\"block-f323f59b-51bf-4eed-b17b-3c7d3b917007\"><strong><strong>**Ricardo Marques \u00e9 s\u00f3cio l\u00edder de minera\u00e7\u00e3o da KPMG no Brasi<\/strong>l.<\/strong><\/h6>\n\n\n\n<h5 class=\"wp-block-heading\" id=\"block-5ef42db3-2ed1-4178-8ab5-7a7f312ba102\">As opini\u00f5es dos autores n\u00e3o refletem necessariamente o pensamento da Ag\u00eancia iNFRA, sendo de total responsabilidade do autor as informa\u00e7\u00f5es, ju\u00edzos de valor e conceitos descritos no texto.<\/h5>\n","protected":false},"excerpt":{"rendered":"<p>Tatiana Gruenbaum* e Ricardo Marques** O Brasil enfrentou altos e baixos no cen\u00e1rio econ\u00f4mico nas \u00faltimas d\u00e9cadas, com momentos de crescimento acelerado seguidos por recess\u00f5es. Entretanto, 2019 marcou o in\u00edcio de um esfor\u00e7o dos setores p\u00fablicos e privados da realiza\u00e7\u00e3o de investimentos em infraestrutura. De acordo com o Banco Mundial, economias de na\u00e7\u00f5es emergentes em [&hellip;]<\/p>\n","protected":false},"author":1,"featured_media":14656,"comment_status":"closed","ping_status":"closed","sticky":false,"template":"","format":"standard","meta":{"_monsterinsights_skip_tracking":false,"_monsterinsights_sitenote_active":false,"_monsterinsights_sitenote_note":"","_monsterinsights_sitenote_category":0,"footnotes":""},"categories":[1,11],"tags":[35,7690,1728,2805,2722,991,5990,5992,7689,7688,1033],"class_list":["post-14653","post","type-post","status-publish","format-standard","has-post-thumbnail","hentry","category-geral","category-infradebate","tag-abdib","tag-aco-brasil","tag-china","tag-esg","tag-governo-federal","tag-kpmg","tag-minha-casa-minha-vida","tag-novo-pac","tag-ricardo-marques","tag-tatiana-gruenbaum","tag-transporte-ferroviario"],"yoast_head":"<!-- This site is optimized with the Yoast SEO Premium plugin v25.4 (Yoast SEO v26.0) - https:\/\/yoast.com\/wordpress\/plugins\/seo\/ -->\n<title>iNFRADebate: Um impulso para a infraestrutura brasileira - Ag\u00eancia iNFRA<\/title>\n<meta name=\"robots\" content=\"index, follow, max-snippet:-1, max-image-preview:large, max-video-preview:-1\" \/>\n<link rel=\"canonical\" href=\"https:\/\/agenciainfra.com\/blog\/infradebate-um-impulso-para-a-infraestrutura-brasileira\/\" \/>\n<meta property=\"og:locale\" content=\"pt_BR\" \/>\n<meta property=\"og:type\" content=\"article\" \/>\n<meta property=\"og:title\" content=\"iNFRADebate: Um impulso para a infraestrutura brasileira\" \/>\n<meta property=\"og:description\" content=\"Tatiana Gruenbaum* e Ricardo Marques** O Brasil enfrentou altos e baixos no cen\u00e1rio econ\u00f4mico nas \u00faltimas d\u00e9cadas, com momentos de crescimento acelerado seguidos por recess\u00f5es. Entretanto, 2019 marcou o in\u00edcio de um esfor\u00e7o dos setores p\u00fablicos e privados da realiza\u00e7\u00e3o de investimentos em infraestrutura. De acordo com o Banco Mundial, economias de na\u00e7\u00f5es emergentes em [&hellip;]\" \/>\n<meta property=\"og:url\" content=\"https:\/\/agenciainfra.com\/blog\/infradebate-um-impulso-para-a-infraestrutura-brasileira\/\" \/>\n<meta property=\"og:site_name\" content=\"Ag\u00eancia iNFRA\" \/>\n<meta property=\"article:publisher\" content=\"https:\/\/www.facebook.com\/ageninfra\" \/>\n<meta property=\"article:published_time\" content=\"2023-11-07T14:00:00+00:00\" \/>\n<meta property=\"article:modified_time\" content=\"2023-11-09T16:23:46+00:00\" \/>\n<meta property=\"og:image\" content=\"https:\/\/agenciainfra.com\/blog\/wp-content\/uploads\/2023\/11\/montagem-tatiana-e-ricardo.jpeg\" \/>\n\t<meta property=\"og:image:width\" content=\"1202\" \/>\n\t<meta property=\"og:image:height\" content=\"801\" \/>\n\t<meta property=\"og:image:type\" content=\"image\/jpeg\" \/>\n<meta name=\"author\" content=\"Ag\u00eancia iNFRA\" \/>\n<meta name=\"twitter:card\" content=\"summary_large_image\" \/>\n<meta name=\"twitter:creator\" content=\"@agencia_infra\" \/>\n<meta name=\"twitter:site\" content=\"@agencia_infra\" \/>\n<meta name=\"twitter:label1\" content=\"Escrito por\" \/>\n\t<meta name=\"twitter:data1\" content=\"Ag\u00eancia iNFRA\" \/>\n\t<meta name=\"twitter:label2\" content=\"Est. tempo de leitura\" \/>\n\t<meta name=\"twitter:data2\" content=\"4 minutos\" \/>\n<script type=\"application\/ld+json\" class=\"yoast-schema-graph\">{\"@context\":\"https:\/\/schema.org\",\"@graph\":[{\"@type\":\"Article\",\"@id\":\"https:\/\/agenciainfra.com\/blog\/infradebate-um-impulso-para-a-infraestrutura-brasileira\/#article\",\"isPartOf\":{\"@id\":\"https:\/\/agenciainfra.com\/blog\/infradebate-um-impulso-para-a-infraestrutura-brasileira\/\"},\"author\":{\"name\":\"Ag\u00eancia iNFRA\",\"@id\":\"https:\/\/agenciainfra.com\/blog\/#\/schema\/person\/34af08dff6adea4cb22b06612ba7acfa\"},\"headline\":\"iNFRADebate: Um impulso para a infraestrutura brasileira\",\"datePublished\":\"2023-11-07T14:00:00+00:00\",\"dateModified\":\"2023-11-09T16:23:46+00:00\",\"mainEntityOfPage\":{\"@id\":\"https:\/\/agenciainfra.com\/blog\/infradebate-um-impulso-para-a-infraestrutura-brasileira\/\"},\"wordCount\":715,\"publisher\":{\"@id\":\"https:\/\/agenciainfra.com\/blog\/#organization\"},\"image\":{\"@id\":\"https:\/\/agenciainfra.com\/blog\/infradebate-um-impulso-para-a-infraestrutura-brasileira\/#primaryimage\"},\"thumbnailUrl\":\"https:\/\/agenciainfra.com\/blog\/wp-content\/uploads\/2023\/11\/montagem-tatiana-e-ricardo.jpeg\",\"keywords\":[\"ABDIB\",\"A\u00e7o Brasil\",\"China\",\"ESG\",\"governo federal\",\"KPMG\",\"Minha Casa Minha Vida\",\"Novo PAC\",\"Ricardo Marques\",\"Tatiana Gruenbaum\",\"transporte ferrovi\u00e1rio\"],\"articleSection\":[\"Geral\",\"iNFRADebate\"],\"inLanguage\":\"pt-BR\",\"copyrightYear\":\"2023\",\"copyrightHolder\":{\"@id\":\"https:\/\/agenciainfra.com\/blog\/#organization\"}},{\"@type\":\"WebPage\",\"@id\":\"https:\/\/agenciainfra.com\/blog\/infradebate-um-impulso-para-a-infraestrutura-brasileira\/\",\"url\":\"https:\/\/agenciainfra.com\/blog\/infradebate-um-impulso-para-a-infraestrutura-brasileira\/\",\"name\":\"iNFRADebate: Um impulso para a infraestrutura brasileira - Ag\u00eancia iNFRA\",\"isPartOf\":{\"@id\":\"https:\/\/agenciainfra.com\/blog\/#website\"},\"primaryImageOfPage\":{\"@id\":\"https:\/\/agenciainfra.com\/blog\/infradebate-um-impulso-para-a-infraestrutura-brasileira\/#primaryimage\"},\"image\":{\"@id\":\"https:\/\/agenciainfra.com\/blog\/infradebate-um-impulso-para-a-infraestrutura-brasileira\/#primaryimage\"},\"thumbnailUrl\":\"https:\/\/agenciainfra.com\/blog\/wp-content\/uploads\/2023\/11\/montagem-tatiana-e-ricardo.jpeg\",\"datePublished\":\"2023-11-07T14:00:00+00:00\",\"dateModified\":\"2023-11-09T16:23:46+00:00\",\"breadcrumb\":{\"@id\":\"https:\/\/agenciainfra.com\/blog\/infradebate-um-impulso-para-a-infraestrutura-brasileira\/#breadcrumb\"},\"inLanguage\":\"pt-BR\",\"potentialAction\":[{\"@type\":\"ReadAction\",\"target\":[\"https:\/\/agenciainfra.com\/blog\/infradebate-um-impulso-para-a-infraestrutura-brasileira\/\"]}]},{\"@type\":\"ImageObject\",\"inLanguage\":\"pt-BR\",\"@id\":\"https:\/\/agenciainfra.com\/blog\/infradebate-um-impulso-para-a-infraestrutura-brasileira\/#primaryimage\",\"url\":\"https:\/\/agenciainfra.com\/blog\/wp-content\/uploads\/2023\/11\/montagem-tatiana-e-ricardo.jpeg\",\"contentUrl\":\"https:\/\/agenciainfra.com\/blog\/wp-content\/uploads\/2023\/11\/montagem-tatiana-e-ricardo.jpeg\",\"width\":1202,\"height\":801},{\"@type\":\"BreadcrumbList\",\"@id\":\"https:\/\/agenciainfra.com\/blog\/infradebate-um-impulso-para-a-infraestrutura-brasileira\/#breadcrumb\",\"itemListElement\":[{\"@type\":\"ListItem\",\"position\":1,\"name\":\"In\u00edcio\",\"item\":\"https:\/\/agenciainfra.com\/blog\/\"},{\"@type\":\"ListItem\",\"position\":2,\"name\":\"iNFRADebate: Um impulso para a infraestrutura brasileira\"}]},{\"@type\":\"WebSite\",\"@id\":\"https:\/\/agenciainfra.com\/blog\/#website\",\"url\":\"https:\/\/agenciainfra.com\/blog\/\",\"name\":\"Ag\u00eancia iNFRA\",\"description\":\"Multiplataforma de informa\u00e7\u00e3o jornal\u00edstica refer\u00eancia na \u00e1rea de infraestrutura no Brasil!\",\"publisher\":{\"@id\":\"https:\/\/agenciainfra.com\/blog\/#organization\"},\"potentialAction\":[{\"@type\":\"SearchAction\",\"target\":{\"@type\":\"EntryPoint\",\"urlTemplate\":\"https:\/\/agenciainfra.com\/blog\/?s={search_term_string}\"},\"query-input\":{\"@type\":\"PropertyValueSpecification\",\"valueRequired\":true,\"valueName\":\"search_term_string\"}}],\"inLanguage\":\"pt-BR\"},{\"@type\":\"Organization\",\"@id\":\"https:\/\/agenciainfra.com\/blog\/#organization\",\"name\":\"Ag\u00eancia iNFRA\",\"url\":\"https:\/\/agenciainfra.com\/blog\/\",\"logo\":{\"@type\":\"ImageObject\",\"inLanguage\":\"pt-BR\",\"@id\":\"https:\/\/agenciainfra.com\/blog\/#\/schema\/logo\/image\/\",\"url\":\"https:\/\/agenciainfra.com\/blog\/wp-content\/uploads\/2023\/09\/iNFRA_5-e1761735885940.png\",\"contentUrl\":\"https:\/\/agenciainfra.com\/blog\/wp-content\/uploads\/2023\/09\/iNFRA_5-e1761735885940.png\",\"width\":1672,\"height\":454,\"caption\":\"Ag\u00eancia iNFRA\"},\"image\":{\"@id\":\"https:\/\/agenciainfra.com\/blog\/#\/schema\/logo\/image\/\"},\"sameAs\":[\"https:\/\/www.facebook.com\/ageninfra\",\"https:\/\/x.com\/agencia_infra\",\"https:\/\/www.linkedin.com\/company\/ag\u00eanciainfra\/\",\"https:\/\/www.instagram.com\/agenciainfra\/\"]},{\"@type\":\"Person\",\"@id\":\"https:\/\/agenciainfra.com\/blog\/#\/schema\/person\/34af08dff6adea4cb22b06612ba7acfa\",\"name\":\"Ag\u00eancia iNFRA\",\"image\":{\"@type\":\"ImageObject\",\"inLanguage\":\"pt-BR\",\"@id\":\"https:\/\/agenciainfra.com\/blog\/#\/schema\/person\/image\/\",\"url\":\"https:\/\/secure.gravatar.com\/avatar\/d189e01678f06d8eb84d4e01f08eb848b3fffe3f8443818d3c356c66892f5be8?s=96&d=mm&r=g\",\"contentUrl\":\"https:\/\/secure.gravatar.com\/avatar\/d189e01678f06d8eb84d4e01f08eb848b3fffe3f8443818d3c356c66892f5be8?s=96&d=mm&r=g\",\"caption\":\"Ag\u00eancia iNFRA\"},\"url\":\"https:\/\/agenciainfra.com\/blog\/author\/admin\/\"}]}<\/script>\n<!-- \/ Yoast SEO Premium plugin. -->","yoast_head_json":{"title":"iNFRADebate: Um impulso para a infraestrutura brasileira - Ag\u00eancia iNFRA","robots":{"index":"index","follow":"follow","max-snippet":"max-snippet:-1","max-image-preview":"max-image-preview:large","max-video-preview":"max-video-preview:-1"},"canonical":"https:\/\/agenciainfra.com\/blog\/infradebate-um-impulso-para-a-infraestrutura-brasileira\/","og_locale":"pt_BR","og_type":"article","og_title":"iNFRADebate: Um impulso para a infraestrutura brasileira","og_description":"Tatiana Gruenbaum* e Ricardo Marques** O Brasil enfrentou altos e baixos no cen\u00e1rio econ\u00f4mico nas \u00faltimas d\u00e9cadas, com momentos de crescimento acelerado seguidos por recess\u00f5es. Entretanto, 2019 marcou o in\u00edcio de um esfor\u00e7o dos setores p\u00fablicos e privados da realiza\u00e7\u00e3o de investimentos em infraestrutura. De acordo com o Banco Mundial, economias de na\u00e7\u00f5es emergentes em [&hellip;]","og_url":"https:\/\/agenciainfra.com\/blog\/infradebate-um-impulso-para-a-infraestrutura-brasileira\/","og_site_name":"Ag\u00eancia iNFRA","article_publisher":"https:\/\/www.facebook.com\/ageninfra","article_published_time":"2023-11-07T14:00:00+00:00","article_modified_time":"2023-11-09T16:23:46+00:00","og_image":[{"width":1202,"height":801,"url":"https:\/\/agenciainfra.com\/blog\/wp-content\/uploads\/2023\/11\/montagem-tatiana-e-ricardo.jpeg","type":"image\/jpeg"}],"author":"Ag\u00eancia iNFRA","twitter_card":"summary_large_image","twitter_creator":"@agencia_infra","twitter_site":"@agencia_infra","twitter_misc":{"Escrito por":"Ag\u00eancia iNFRA","Est. tempo de leitura":"4 minutos"},"schema":{"@context":"https:\/\/schema.org","@graph":[{"@type":"Article","@id":"https:\/\/agenciainfra.com\/blog\/infradebate-um-impulso-para-a-infraestrutura-brasileira\/#article","isPartOf":{"@id":"https:\/\/agenciainfra.com\/blog\/infradebate-um-impulso-para-a-infraestrutura-brasileira\/"},"author":{"name":"Ag\u00eancia iNFRA","@id":"https:\/\/agenciainfra.com\/blog\/#\/schema\/person\/34af08dff6adea4cb22b06612ba7acfa"},"headline":"iNFRADebate: Um impulso para a infraestrutura brasileira","datePublished":"2023-11-07T14:00:00+00:00","dateModified":"2023-11-09T16:23:46+00:00","mainEntityOfPage":{"@id":"https:\/\/agenciainfra.com\/blog\/infradebate-um-impulso-para-a-infraestrutura-brasileira\/"},"wordCount":715,"publisher":{"@id":"https:\/\/agenciainfra.com\/blog\/#organization"},"image":{"@id":"https:\/\/agenciainfra.com\/blog\/infradebate-um-impulso-para-a-infraestrutura-brasileira\/#primaryimage"},"thumbnailUrl":"https:\/\/agenciainfra.com\/blog\/wp-content\/uploads\/2023\/11\/montagem-tatiana-e-ricardo.jpeg","keywords":["ABDIB","A\u00e7o Brasil","China","ESG","governo federal","KPMG","Minha Casa Minha Vida","Novo PAC","Ricardo Marques","Tatiana Gruenbaum","transporte ferrovi\u00e1rio"],"articleSection":["Geral","iNFRADebate"],"inLanguage":"pt-BR","copyrightYear":"2023","copyrightHolder":{"@id":"https:\/\/agenciainfra.com\/blog\/#organization"}},{"@type":"WebPage","@id":"https:\/\/agenciainfra.com\/blog\/infradebate-um-impulso-para-a-infraestrutura-brasileira\/","url":"https:\/\/agenciainfra.com\/blog\/infradebate-um-impulso-para-a-infraestrutura-brasileira\/","name":"iNFRADebate: Um impulso para a infraestrutura brasileira - Ag\u00eancia iNFRA","isPartOf":{"@id":"https:\/\/agenciainfra.com\/blog\/#website"},"primaryImageOfPage":{"@id":"https:\/\/agenciainfra.com\/blog\/infradebate-um-impulso-para-a-infraestrutura-brasileira\/#primaryimage"},"image":{"@id":"https:\/\/agenciainfra.com\/blog\/infradebate-um-impulso-para-a-infraestrutura-brasileira\/#primaryimage"},"thumbnailUrl":"https:\/\/agenciainfra.com\/blog\/wp-content\/uploads\/2023\/11\/montagem-tatiana-e-ricardo.jpeg","datePublished":"2023-11-07T14:00:00+00:00","dateModified":"2023-11-09T16:23:46+00:00","breadcrumb":{"@id":"https:\/\/agenciainfra.com\/blog\/infradebate-um-impulso-para-a-infraestrutura-brasileira\/#breadcrumb"},"inLanguage":"pt-BR","potentialAction":[{"@type":"ReadAction","target":["https:\/\/agenciainfra.com\/blog\/infradebate-um-impulso-para-a-infraestrutura-brasileira\/"]}]},{"@type":"ImageObject","inLanguage":"pt-BR","@id":"https:\/\/agenciainfra.com\/blog\/infradebate-um-impulso-para-a-infraestrutura-brasileira\/#primaryimage","url":"https:\/\/agenciainfra.com\/blog\/wp-content\/uploads\/2023\/11\/montagem-tatiana-e-ricardo.jpeg","contentUrl":"https:\/\/agenciainfra.com\/blog\/wp-content\/uploads\/2023\/11\/montagem-tatiana-e-ricardo.jpeg","width":1202,"height":801},{"@type":"BreadcrumbList","@id":"https:\/\/agenciainfra.com\/blog\/infradebate-um-impulso-para-a-infraestrutura-brasileira\/#breadcrumb","itemListElement":[{"@type":"ListItem","position":1,"name":"In\u00edcio","item":"https:\/\/agenciainfra.com\/blog\/"},{"@type":"ListItem","position":2,"name":"iNFRADebate: Um impulso para a infraestrutura brasileira"}]},{"@type":"WebSite","@id":"https:\/\/agenciainfra.com\/blog\/#website","url":"https:\/\/agenciainfra.com\/blog\/","name":"Ag\u00eancia iNFRA","description":"Multiplataforma de informa\u00e7\u00e3o jornal\u00edstica refer\u00eancia na \u00e1rea de infraestrutura no Brasil!","publisher":{"@id":"https:\/\/agenciainfra.com\/blog\/#organization"},"potentialAction":[{"@type":"SearchAction","target":{"@type":"EntryPoint","urlTemplate":"https:\/\/agenciainfra.com\/blog\/?s={search_term_string}"},"query-input":{"@type":"PropertyValueSpecification","valueRequired":true,"valueName":"search_term_string"}}],"inLanguage":"pt-BR"},{"@type":"Organization","@id":"https:\/\/agenciainfra.com\/blog\/#organization","name":"Ag\u00eancia iNFRA","url":"https:\/\/agenciainfra.com\/blog\/","logo":{"@type":"ImageObject","inLanguage":"pt-BR","@id":"https:\/\/agenciainfra.com\/blog\/#\/schema\/logo\/image\/","url":"https:\/\/agenciainfra.com\/blog\/wp-content\/uploads\/2023\/09\/iNFRA_5-e1761735885940.png","contentUrl":"https:\/\/agenciainfra.com\/blog\/wp-content\/uploads\/2023\/09\/iNFRA_5-e1761735885940.png","width":1672,"height":454,"caption":"Ag\u00eancia iNFRA"},"image":{"@id":"https:\/\/agenciainfra.com\/blog\/#\/schema\/logo\/image\/"},"sameAs":["https:\/\/www.facebook.com\/ageninfra","https:\/\/x.com\/agencia_infra","https:\/\/www.linkedin.com\/company\/ag\u00eanciainfra\/","https:\/\/www.instagram.com\/agenciainfra\/"]},{"@type":"Person","@id":"https:\/\/agenciainfra.com\/blog\/#\/schema\/person\/34af08dff6adea4cb22b06612ba7acfa","name":"Ag\u00eancia iNFRA","image":{"@type":"ImageObject","inLanguage":"pt-BR","@id":"https:\/\/agenciainfra.com\/blog\/#\/schema\/person\/image\/","url":"https:\/\/secure.gravatar.com\/avatar\/d189e01678f06d8eb84d4e01f08eb848b3fffe3f8443818d3c356c66892f5be8?s=96&d=mm&r=g","contentUrl":"https:\/\/secure.gravatar.com\/avatar\/d189e01678f06d8eb84d4e01f08eb848b3fffe3f8443818d3c356c66892f5be8?s=96&d=mm&r=g","caption":"Ag\u00eancia iNFRA"},"url":"https:\/\/agenciainfra.com\/blog\/author\/admin\/"}]}},"_links":{"self":[{"href":"https:\/\/agenciainfra.com\/blog\/wp-json\/wp\/v2\/posts\/14653","targetHints":{"allow":["GET"]}}],"collection":[{"href":"https:\/\/agenciainfra.com\/blog\/wp-json\/wp\/v2\/posts"}],"about":[{"href":"https:\/\/agenciainfra.com\/blog\/wp-json\/wp\/v2\/types\/post"}],"author":[{"embeddable":true,"href":"https:\/\/agenciainfra.com\/blog\/wp-json\/wp\/v2\/users\/1"}],"replies":[{"embeddable":true,"href":"https:\/\/agenciainfra.com\/blog\/wp-json\/wp\/v2\/comments?post=14653"}],"version-history":[{"count":0,"href":"https:\/\/agenciainfra.com\/blog\/wp-json\/wp\/v2\/posts\/14653\/revisions"}],"wp:featuredmedia":[{"embeddable":true,"href":"https:\/\/agenciainfra.com\/blog\/wp-json\/wp\/v2\/media\/14656"}],"wp:attachment":[{"href":"https:\/\/agenciainfra.com\/blog\/wp-json\/wp\/v2\/media?parent=14653"}],"wp:term":[{"taxonomy":"category","embeddable":true,"href":"https:\/\/agenciainfra.com\/blog\/wp-json\/wp\/v2\/categories?post=14653"},{"taxonomy":"post_tag","embeddable":true,"href":"https:\/\/agenciainfra.com\/blog\/wp-json\/wp\/v2\/tags?post=14653"}],"curies":[{"name":"wp","href":"https:\/\/api.w.org\/{rel}","templated":true}]}}