{"id":14658,"date":"2023-11-08T09:00:00","date_gmt":"2023-11-08T12:00:00","guid":{"rendered":"https:\/\/www.agenciainfra.com\/blog\/?p=14658"},"modified":"2026-03-13T09:44:08","modified_gmt":"2026-03-13T12:44:08","slug":"planejamento-quer-fomentar-e-monitorar-obras-de-infraestrutura-para-integracao-sul-americana","status":"publish","type":"post","link":"https:\/\/agenciainfra.com\/blog\/planejamento-quer-fomentar-e-monitorar-obras-de-infraestrutura-para-integracao-sul-americana\/","title":{"rendered":"Planejamento quer fomentar e monitorar obras de infraestrutura para integra\u00e7\u00e3o sul-americana"},"content":{"rendered":"\n<p class=\"has-text-align-right\"><strong>Dimmi Amora, da Ag\u00eancia iNFRA<\/strong><\/p>\n\n\n\n<p>Um grupo de pouco mais de 100 empreendimentos que constam no Novo PAC (Programa de Acelera\u00e7\u00e3o do Crescimento), relacionados a projetos de&nbsp;integra\u00e7\u00e3o&nbsp;com pa\u00edses da Am\u00e9rica do&nbsp;Sul, ter\u00e3o um monitoramento espec\u00edfico com o objetivo de buscar maneiras de&nbsp;fomentar&nbsp;os investimentos&nbsp;e&nbsp;garantir sua execu\u00e7\u00e3o.<\/p>\n\n\n\n<p>O Minist\u00e9rio de&nbsp;Planejamento&nbsp;e&nbsp;Or\u00e7amento aprovou nesta semana o Plano de A\u00e7\u00e3o do Subcomit\u00ea de&nbsp;Integra\u00e7\u00e3o&nbsp;e&nbsp;Desenvolvimento&nbsp;Sul-Americano, que fez a sele\u00e7\u00e3o dos projetos&nbsp;e&nbsp;apresentou as diretrizes que devem ser adotadas&nbsp;para&nbsp;que eles n\u00e3o s\u00f3 possam ser executados como tamb\u00e9m resultem numa efetiva&nbsp;integra\u00e7\u00e3o&nbsp;entre os pa\u00edses do continente.<br><br>O secret\u00e1rio de Articula\u00e7\u00e3o Institucional do minist\u00e9rio, Jo\u00e3o Villaverde, afirmou em entrevista \u00e0&nbsp;<strong>Ag\u00eancia iNFRA<\/strong>&nbsp;que o plano foi iniciado logo ap\u00f3s a reuni\u00e3o em Bras\u00edlia (DF) com os chefes de estado da regi\u00e3o em maio, quando foi lan\u00e7ado o Consenso de Bras\u00edlia. Uma das diretrizes aprovadas pelos&nbsp;pa\u00edses foi a retomada dos investimentos em&nbsp;infraestrutura, que foram praticamente abandonados nas \u00faltimas gest\u00f5es.<br><br>O Minist\u00e9rio do&nbsp;Planejamento, at\u00e9 ser extinto pelo governo anterior, era respons\u00e1vel pela organiza\u00e7\u00e3o de planos de&nbsp;integra\u00e7\u00e3o, que come\u00e7aram ainda na gest\u00e3o do ex-presidente Fernando Henrique Cardoso, no fim do s\u00e9culo passado. Por isso, a ministra Simone Tebet determinou prioridade na elabora\u00e7\u00e3o do Plano&nbsp;para&nbsp;a retomada dessa agenda.<br><br>Villaverde explicou que a IIRSA (Iniciativa&nbsp;para&nbsp;a&nbsp;Integra\u00e7\u00e3o&nbsp;da&nbsp;Infraestrutura&nbsp;Regional da Am\u00e9rica do&nbsp;Sul), iniciativa criada&nbsp;para&nbsp;a execu\u00e7\u00e3o de projetos desse tipo no in\u00edcio do s\u00e9culo, tinha uma larga lista de&nbsp;obras, mais de 500 s\u00f3 no Brasil, nem todas diretamente relacionadas \u00e0&nbsp;integra\u00e7\u00e3o&nbsp;entre os pa\u00edses. Por isso, por determina\u00e7\u00e3o do presidente Lula, a inten\u00e7\u00e3o agora \u00e9 criar crit\u00e9rios mais r\u00edgidos&nbsp;para&nbsp;inclus\u00e3o&nbsp;e&nbsp;ter um n\u00famero menor.<br><br>Foram adotadas tr\u00eas provid\u00eancias principais&nbsp;para&nbsp;se chegar \u00e0 sele\u00e7\u00e3o dos projetos, de acordo com o secret\u00e1rio. A primeira foi realizar uma escuta de todos os estados que t\u00eam fronteira com os vizinhos, como forma de avaliar iniciativas consideradas essenciais ou que j\u00e1 est\u00e3o em andamento.<br><br>Depois, com a finaliza\u00e7\u00e3o do Novo PAC, cotejar cada uma das&nbsp;obras&nbsp;inclu\u00eddas no programa&nbsp;para&nbsp;avaliar quais tinham rela\u00e7\u00e3o com os projetos de&nbsp;integra\u00e7\u00e3o.&nbsp;E, posteriormente, come\u00e7ar a ouvir dezenas de \u00f3rg\u00e3os de v\u00e1rias \u00e1reas do governo que t\u00eam alguma rela\u00e7\u00e3o com projetos de&nbsp;integra\u00e7\u00e3o, entre eles o DNIT (Departamento Nacional de&nbsp;Infraestrutura&nbsp;de Transportes), a Embrapa, o Vigiagro.<br><br><strong>Rotas<\/strong><br>O plano dividiu o pa\u00eds em cinco rotas, como forma de facilitar as conex\u00f5es relevantes com os pa\u00edses vizinhos. S\u00e3o elas:&nbsp;<br><br>Rota do Escudo Guianense: inclui os estados de Amap\u00e1&nbsp;e&nbsp;Roraima&nbsp;e&nbsp;partes do territ\u00f3rio do Amazonas&nbsp;e&nbsp;do Par\u00e1, articulada com a Guiana, a Guiana Francesa, o Suriname&nbsp;e&nbsp;a Venezuela;&nbsp;<br><br>Rota Multimodal Manta-Manaus: re\u00fane os estado do Amazonas&nbsp;e&nbsp;partes de Roraima, Par\u00e1&nbsp;e&nbsp;Amap\u00e1,&nbsp;para&nbsp;uma interliga\u00e7\u00e3o via fluvial a Col\u00f4mbia, Peru&nbsp;e&nbsp;Equador;&nbsp;<br><br>Rota do Quadrante Rondon: tem os estados do Acre&nbsp;e&nbsp;Rond\u00f4nia&nbsp;e&nbsp;a por\u00e7\u00e3o oeste de Mato Grosso, conectada com Bol\u00edvia&nbsp;e&nbsp;Peru; &nbsp; &nbsp; &nbsp; &nbsp;<br><br>Rota de Capric\u00f3rnio: os estados de Mato Grosso do&nbsp;Sul, Paran\u00e1&nbsp;e&nbsp;Santa Catarina, ligados, por m\u00faltiplas vias, a Paraguai, Argentina&nbsp;e&nbsp;Chile;&nbsp;<br><br>Rota Porto Alegre-Coquimbo: abrangendo o Rio Grande do&nbsp;Sul, integrada \u00e0 Argentina, ao Uruguai&nbsp;e&nbsp;ao Chile.<br><br><strong>Mecanismos de financiamento<\/strong><br>De acordo com Villaverde, a sele\u00e7\u00e3o inicial dos projetos colocados no Plano tem como um dos objetivos buscar mecanismos de financiamento&nbsp;para&nbsp;esses investimentos junto a institui\u00e7\u00f5es regionais de fomento, como o BID, a CAF&nbsp;e&nbsp;a Fonplata, por exemplo.<br><br>Ele afirmou que essas institui\u00e7\u00f5es, que t\u00eam no Brasil a ministra Simone Tebet como sua governadora, indicaram que os projetos voltados \u00e0&nbsp;integra\u00e7\u00e3o&nbsp;poder\u00e3o ter condi\u00e7\u00f5es espec\u00edficas&nbsp;para&nbsp;financiamento, o que poder\u00e1 ajudar a viabiliz\u00e1-los.<br><br>O diretor da Secretaria de Articula\u00e7\u00e3o Institucional, Luciano Wexell Severo, afirmou que o Plano vai indicar cinco propostas&nbsp;para&nbsp;o monitoramento desses projetos que forem selecionados como necess\u00e1rios \u00e0&nbsp;integra\u00e7\u00e3o&nbsp;regional. Tr\u00eas delas s\u00e3o relacionadas com mecanismos de governan\u00e7a&nbsp;e&nbsp;articula\u00e7\u00e3o dessas propostas.<br><br><strong>Governan\u00e7a subnacional<\/strong><br>Para&nbsp;ele, al\u00e9m de uma governan\u00e7a entre os pa\u00edses&nbsp;e&nbsp;entre os \u00f3rg\u00e3os do governo federal, tamb\u00e9m ser\u00e1 necess\u00e1ria uma articula\u00e7\u00e3o entre os governos subnacionais dos&nbsp;estados&nbsp;e&nbsp;munic\u00edpios envolvidos na rota. Ele cita como exemplo a articula\u00e7\u00e3o j\u00e1 existente&nbsp;para&nbsp;cria\u00e7\u00e3o da chamada Rota Bioce\u00e2nica entre Chile&nbsp;e&nbsp;Brasil.<br><br>Segundo ele, governos dos estados onde h\u00e1 trechos dessa rota no Brasil&nbsp;e&nbsp;nos pa\u00edses vizinhos t\u00eam se articulado h\u00e1 anos&nbsp;para&nbsp;tomar medidas&nbsp;e&nbsp;evitar que mudan\u00e7as nas gest\u00f5es federais nos pa\u00edses fa\u00e7am com que os projetos sejam abandonados. A expectativa \u00e9 que essa rota esteja totalmente operacional em 2025 no setor rodovi\u00e1rio.<br><br>Al\u00e9m da articula\u00e7\u00e3o governamental, o Plano tamb\u00e9m recomendar\u00e1 a cria\u00e7\u00e3o de mecanismos de avalia\u00e7\u00e3o das propostas, com indicadores mensur\u00e1veis&nbsp;para&nbsp;que seja poss\u00edvel avaliar os resultados da implanta\u00e7\u00e3o dos projetos.&nbsp;E&nbsp;ainda a busca de formas de impulsionar o financiamento dos bancos de fomento a esses projetos, dando prioriza\u00e7\u00e3o a eles.<\/p>\n","protected":false},"excerpt":{"rendered":"<p>Dimmi Amora, da Ag\u00eancia iNFRA Um grupo de pouco mais de 100 empreendimentos que constam no Novo PAC (Programa de Acelera\u00e7\u00e3o do Crescimento), relacionados a projetos de&nbsp;integra\u00e7\u00e3o&nbsp;com pa\u00edses da Am\u00e9rica do&nbsp;Sul, ter\u00e3o um monitoramento espec\u00edfico com o objetivo de buscar maneiras de&nbsp;fomentar&nbsp;os investimentos&nbsp;e&nbsp;garantir sua execu\u00e7\u00e3o. O Minist\u00e9rio de&nbsp;Planejamento&nbsp;e&nbsp;Or\u00e7amento aprovou nesta semana o Plano de A\u00e7\u00e3o [&hellip;]<\/p>\n","protected":false},"author":1,"featured_media":14660,"comment_status":"closed","ping_status":"closed","sticky":false,"template":"","format":"standard","meta":{"_monsterinsights_skip_tracking":false,"_monsterinsights_sitenote_active":false,"_monsterinsights_sitenote_note":"","_monsterinsights_sitenote_category":0,"footnotes":""},"categories":[7250,1,7],"tags":[5314,7692,1299,328,1284,7696,7691,7693,7695,5992,7694],"class_list":["post-14658","post","type-post","status-publish","format-standard","has-post-thumbnail","hentry","category-destaque-lista","category-geral","category-infratransporte","tag-america-do-sul","tag-consenso-de-brasilia","tag-dimmi-amora","tag-dnit","tag-embrapa","tag-iirsa","tag-integracao-sul-americana","tag-joao-villaverde","tag-luciano-wexell-severo","tag-novo-pac","tag-vigiagro"],"yoast_head":"<!-- This site is optimized with the Yoast SEO Premium plugin v25.4 (Yoast SEO v26.0) - https:\/\/yoast.com\/wordpress\/plugins\/seo\/ -->\n<title>Planejamento quer fomentar e monitorar obras de infraestrutura para integra\u00e7\u00e3o sul-americana - Ag\u00eancia iNFRA<\/title>\n<meta name=\"robots\" content=\"index, follow, max-snippet:-1, max-image-preview:large, max-video-preview:-1\" \/>\n<link rel=\"canonical\" href=\"https:\/\/agenciainfra.com\/blog\/planejamento-quer-fomentar-e-monitorar-obras-de-infraestrutura-para-integracao-sul-americana\/\" \/>\n<meta property=\"og:locale\" content=\"pt_BR\" \/>\n<meta property=\"og:type\" content=\"article\" \/>\n<meta property=\"og:title\" content=\"Planejamento quer fomentar e monitorar obras de infraestrutura para integra\u00e7\u00e3o sul-americana\" \/>\n<meta property=\"og:description\" content=\"Dimmi Amora, da Ag\u00eancia iNFRA Um grupo de pouco mais de 100 empreendimentos que constam no Novo PAC (Programa de Acelera\u00e7\u00e3o do Crescimento), relacionados a projetos de&nbsp;integra\u00e7\u00e3o&nbsp;com pa\u00edses da Am\u00e9rica do&nbsp;Sul, ter\u00e3o um monitoramento espec\u00edfico com o objetivo de buscar maneiras de&nbsp;fomentar&nbsp;os investimentos&nbsp;e&nbsp;garantir sua execu\u00e7\u00e3o. O Minist\u00e9rio de&nbsp;Planejamento&nbsp;e&nbsp;Or\u00e7amento aprovou nesta semana o Plano de A\u00e7\u00e3o [&hellip;]\" \/>\n<meta property=\"og:url\" content=\"https:\/\/agenciainfra.com\/blog\/planejamento-quer-fomentar-e-monitorar-obras-de-infraestrutura-para-integracao-sul-americana\/\" \/>\n<meta property=\"og:site_name\" content=\"Ag\u00eancia iNFRA\" \/>\n<meta property=\"article:publisher\" content=\"https:\/\/www.facebook.com\/ageninfra\" \/>\n<meta property=\"article:published_time\" content=\"2023-11-08T12:00:00+00:00\" \/>\n<meta property=\"article:modified_time\" content=\"2026-03-13T12:44:08+00:00\" \/>\n<meta property=\"og:image\" content=\"https:\/\/agenciainfra.com\/blog\/wp-content\/uploads\/2023\/11\/joao-villaverde-foto-governo-federal-2.jpeg\" \/>\n\t<meta property=\"og:image:width\" content=\"1202\" \/>\n\t<meta property=\"og:image:height\" content=\"801\" \/>\n\t<meta property=\"og:image:type\" content=\"image\/jpeg\" \/>\n<meta name=\"author\" content=\"Ag\u00eancia iNFRA\" \/>\n<meta name=\"twitter:card\" content=\"summary_large_image\" \/>\n<meta name=\"twitter:creator\" content=\"@agencia_infra\" \/>\n<meta name=\"twitter:site\" content=\"@agencia_infra\" \/>\n<meta name=\"twitter:label1\" content=\"Escrito por\" \/>\n\t<meta name=\"twitter:data1\" content=\"Ag\u00eancia iNFRA\" \/>\n\t<meta name=\"twitter:label2\" content=\"Est. tempo de leitura\" \/>\n\t<meta name=\"twitter:data2\" content=\"5 minutos\" \/>\n<script type=\"application\/ld+json\" class=\"yoast-schema-graph\">{\"@context\":\"https:\/\/schema.org\",\"@graph\":[{\"@type\":\"Article\",\"@id\":\"https:\/\/agenciainfra.com\/blog\/planejamento-quer-fomentar-e-monitorar-obras-de-infraestrutura-para-integracao-sul-americana\/#article\",\"isPartOf\":{\"@id\":\"https:\/\/agenciainfra.com\/blog\/planejamento-quer-fomentar-e-monitorar-obras-de-infraestrutura-para-integracao-sul-americana\/\"},\"author\":{\"name\":\"Ag\u00eancia iNFRA\",\"@id\":\"https:\/\/agenciainfra.com\/blog\/#\/schema\/person\/34af08dff6adea4cb22b06612ba7acfa\"},\"headline\":\"Planejamento quer fomentar e monitorar obras de infraestrutura para integra\u00e7\u00e3o sul-americana\",\"datePublished\":\"2023-11-08T12:00:00+00:00\",\"dateModified\":\"2026-03-13T12:44:08+00:00\",\"mainEntityOfPage\":{\"@id\":\"https:\/\/agenciainfra.com\/blog\/planejamento-quer-fomentar-e-monitorar-obras-de-infraestrutura-para-integracao-sul-americana\/\"},\"wordCount\":1068,\"publisher\":{\"@id\":\"https:\/\/agenciainfra.com\/blog\/#organization\"},\"image\":{\"@id\":\"https:\/\/agenciainfra.com\/blog\/planejamento-quer-fomentar-e-monitorar-obras-de-infraestrutura-para-integracao-sul-americana\/#primaryimage\"},\"thumbnailUrl\":\"https:\/\/agenciainfra.com\/blog\/wp-content\/uploads\/2023\/11\/joao-villaverde-foto-governo-federal-2.jpeg\",\"keywords\":[\"Am\u00e9rica do Sul\",\"Consenso de Bras\u00edlia\",\"Dimmi Amora\",\"DNIT\",\"Embrapa\",\"IIRSA\",\"integra\u00e7\u00e3o sul-americana\",\"Jo\u00e3o Villaverde\",\"Luciano Wexell Severo\",\"Novo PAC\",\"Vigiagro\"],\"articleSection\":[\"Destaque lista\",\"Geral\",\"iNFRATransporte\"],\"inLanguage\":\"pt-BR\",\"copyrightYear\":\"2023\",\"copyrightHolder\":{\"@id\":\"https:\/\/agenciainfra.com\/blog\/#organization\"}},{\"@type\":\"WebPage\",\"@id\":\"https:\/\/agenciainfra.com\/blog\/planejamento-quer-fomentar-e-monitorar-obras-de-infraestrutura-para-integracao-sul-americana\/\",\"url\":\"https:\/\/agenciainfra.com\/blog\/planejamento-quer-fomentar-e-monitorar-obras-de-infraestrutura-para-integracao-sul-americana\/\",\"name\":\"Planejamento quer fomentar e monitorar obras de infraestrutura para integra\u00e7\u00e3o sul-americana - Ag\u00eancia iNFRA\",\"isPartOf\":{\"@id\":\"https:\/\/agenciainfra.com\/blog\/#website\"},\"primaryImageOfPage\":{\"@id\":\"https:\/\/agenciainfra.com\/blog\/planejamento-quer-fomentar-e-monitorar-obras-de-infraestrutura-para-integracao-sul-americana\/#primaryimage\"},\"image\":{\"@id\":\"https:\/\/agenciainfra.com\/blog\/planejamento-quer-fomentar-e-monitorar-obras-de-infraestrutura-para-integracao-sul-americana\/#primaryimage\"},\"thumbnailUrl\":\"https:\/\/agenciainfra.com\/blog\/wp-content\/uploads\/2023\/11\/joao-villaverde-foto-governo-federal-2.jpeg\",\"datePublished\":\"2023-11-08T12:00:00+00:00\",\"dateModified\":\"2026-03-13T12:44:08+00:00\",\"breadcrumb\":{\"@id\":\"https:\/\/agenciainfra.com\/blog\/planejamento-quer-fomentar-e-monitorar-obras-de-infraestrutura-para-integracao-sul-americana\/#breadcrumb\"},\"inLanguage\":\"pt-BR\",\"potentialAction\":[{\"@type\":\"ReadAction\",\"target\":[\"https:\/\/agenciainfra.com\/blog\/planejamento-quer-fomentar-e-monitorar-obras-de-infraestrutura-para-integracao-sul-americana\/\"]}]},{\"@type\":\"ImageObject\",\"inLanguage\":\"pt-BR\",\"@id\":\"https:\/\/agenciainfra.com\/blog\/planejamento-quer-fomentar-e-monitorar-obras-de-infraestrutura-para-integracao-sul-americana\/#primaryimage\",\"url\":\"https:\/\/agenciainfra.com\/blog\/wp-content\/uploads\/2023\/11\/joao-villaverde-foto-governo-federal-2.jpeg\",\"contentUrl\":\"https:\/\/agenciainfra.com\/blog\/wp-content\/uploads\/2023\/11\/joao-villaverde-foto-governo-federal-2.jpeg\",\"width\":1202,\"height\":801},{\"@type\":\"BreadcrumbList\",\"@id\":\"https:\/\/agenciainfra.com\/blog\/planejamento-quer-fomentar-e-monitorar-obras-de-infraestrutura-para-integracao-sul-americana\/#breadcrumb\",\"itemListElement\":[{\"@type\":\"ListItem\",\"position\":1,\"name\":\"In\u00edcio\",\"item\":\"https:\/\/agenciainfra.com\/blog\/\"},{\"@type\":\"ListItem\",\"position\":2,\"name\":\"Planejamento quer fomentar e monitorar obras de infraestrutura para integra\u00e7\u00e3o sul-americana\"}]},{\"@type\":\"WebSite\",\"@id\":\"https:\/\/agenciainfra.com\/blog\/#website\",\"url\":\"https:\/\/agenciainfra.com\/blog\/\",\"name\":\"Ag\u00eancia iNFRA\",\"description\":\"Multiplataforma de informa\u00e7\u00e3o jornal\u00edstica refer\u00eancia na \u00e1rea de infraestrutura no Brasil!\",\"publisher\":{\"@id\":\"https:\/\/agenciainfra.com\/blog\/#organization\"},\"potentialAction\":[{\"@type\":\"SearchAction\",\"target\":{\"@type\":\"EntryPoint\",\"urlTemplate\":\"https:\/\/agenciainfra.com\/blog\/?s={search_term_string}\"},\"query-input\":{\"@type\":\"PropertyValueSpecification\",\"valueRequired\":true,\"valueName\":\"search_term_string\"}}],\"inLanguage\":\"pt-BR\"},{\"@type\":\"Organization\",\"@id\":\"https:\/\/agenciainfra.com\/blog\/#organization\",\"name\":\"Ag\u00eancia iNFRA\",\"url\":\"https:\/\/agenciainfra.com\/blog\/\",\"logo\":{\"@type\":\"ImageObject\",\"inLanguage\":\"pt-BR\",\"@id\":\"https:\/\/agenciainfra.com\/blog\/#\/schema\/logo\/image\/\",\"url\":\"https:\/\/agenciainfra.com\/blog\/wp-content\/uploads\/2023\/09\/iNFRA_5-e1761735885940.png\",\"contentUrl\":\"https:\/\/agenciainfra.com\/blog\/wp-content\/uploads\/2023\/09\/iNFRA_5-e1761735885940.png\",\"width\":1672,\"height\":454,\"caption\":\"Ag\u00eancia iNFRA\"},\"image\":{\"@id\":\"https:\/\/agenciainfra.com\/blog\/#\/schema\/logo\/image\/\"},\"sameAs\":[\"https:\/\/www.facebook.com\/ageninfra\",\"https:\/\/x.com\/agencia_infra\",\"https:\/\/www.linkedin.com\/company\/ag\u00eanciainfra\/\",\"https:\/\/www.instagram.com\/agenciainfra\/\"]},{\"@type\":\"Person\",\"@id\":\"https:\/\/agenciainfra.com\/blog\/#\/schema\/person\/34af08dff6adea4cb22b06612ba7acfa\",\"name\":\"Ag\u00eancia iNFRA\",\"image\":{\"@type\":\"ImageObject\",\"inLanguage\":\"pt-BR\",\"@id\":\"https:\/\/agenciainfra.com\/blog\/#\/schema\/person\/image\/\",\"url\":\"https:\/\/secure.gravatar.com\/avatar\/d189e01678f06d8eb84d4e01f08eb848b3fffe3f8443818d3c356c66892f5be8?s=96&d=mm&r=g\",\"contentUrl\":\"https:\/\/secure.gravatar.com\/avatar\/d189e01678f06d8eb84d4e01f08eb848b3fffe3f8443818d3c356c66892f5be8?s=96&d=mm&r=g\",\"caption\":\"Ag\u00eancia iNFRA\"},\"url\":\"https:\/\/agenciainfra.com\/blog\/author\/admin\/\"}]}<\/script>\n<!-- \/ Yoast SEO Premium plugin. -->","yoast_head_json":{"title":"Planejamento quer fomentar e monitorar obras de infraestrutura para integra\u00e7\u00e3o sul-americana - Ag\u00eancia iNFRA","robots":{"index":"index","follow":"follow","max-snippet":"max-snippet:-1","max-image-preview":"max-image-preview:large","max-video-preview":"max-video-preview:-1"},"canonical":"https:\/\/agenciainfra.com\/blog\/planejamento-quer-fomentar-e-monitorar-obras-de-infraestrutura-para-integracao-sul-americana\/","og_locale":"pt_BR","og_type":"article","og_title":"Planejamento quer fomentar e monitorar obras de infraestrutura para integra\u00e7\u00e3o sul-americana","og_description":"Dimmi Amora, da Ag\u00eancia iNFRA Um grupo de pouco mais de 100 empreendimentos que constam no Novo PAC (Programa de Acelera\u00e7\u00e3o do Crescimento), relacionados a projetos de&nbsp;integra\u00e7\u00e3o&nbsp;com pa\u00edses da Am\u00e9rica do&nbsp;Sul, ter\u00e3o um monitoramento espec\u00edfico com o objetivo de buscar maneiras de&nbsp;fomentar&nbsp;os investimentos&nbsp;e&nbsp;garantir sua execu\u00e7\u00e3o. O Minist\u00e9rio de&nbsp;Planejamento&nbsp;e&nbsp;Or\u00e7amento aprovou nesta semana o Plano de A\u00e7\u00e3o [&hellip;]","og_url":"https:\/\/agenciainfra.com\/blog\/planejamento-quer-fomentar-e-monitorar-obras-de-infraestrutura-para-integracao-sul-americana\/","og_site_name":"Ag\u00eancia iNFRA","article_publisher":"https:\/\/www.facebook.com\/ageninfra","article_published_time":"2023-11-08T12:00:00+00:00","article_modified_time":"2026-03-13T12:44:08+00:00","og_image":[{"width":1202,"height":801,"url":"https:\/\/agenciainfra.com\/blog\/wp-content\/uploads\/2023\/11\/joao-villaverde-foto-governo-federal-2.jpeg","type":"image\/jpeg"}],"author":"Ag\u00eancia iNFRA","twitter_card":"summary_large_image","twitter_creator":"@agencia_infra","twitter_site":"@agencia_infra","twitter_misc":{"Escrito por":"Ag\u00eancia iNFRA","Est. tempo de leitura":"5 minutos"},"schema":{"@context":"https:\/\/schema.org","@graph":[{"@type":"Article","@id":"https:\/\/agenciainfra.com\/blog\/planejamento-quer-fomentar-e-monitorar-obras-de-infraestrutura-para-integracao-sul-americana\/#article","isPartOf":{"@id":"https:\/\/agenciainfra.com\/blog\/planejamento-quer-fomentar-e-monitorar-obras-de-infraestrutura-para-integracao-sul-americana\/"},"author":{"name":"Ag\u00eancia iNFRA","@id":"https:\/\/agenciainfra.com\/blog\/#\/schema\/person\/34af08dff6adea4cb22b06612ba7acfa"},"headline":"Planejamento quer fomentar e monitorar obras de infraestrutura para integra\u00e7\u00e3o sul-americana","datePublished":"2023-11-08T12:00:00+00:00","dateModified":"2026-03-13T12:44:08+00:00","mainEntityOfPage":{"@id":"https:\/\/agenciainfra.com\/blog\/planejamento-quer-fomentar-e-monitorar-obras-de-infraestrutura-para-integracao-sul-americana\/"},"wordCount":1068,"publisher":{"@id":"https:\/\/agenciainfra.com\/blog\/#organization"},"image":{"@id":"https:\/\/agenciainfra.com\/blog\/planejamento-quer-fomentar-e-monitorar-obras-de-infraestrutura-para-integracao-sul-americana\/#primaryimage"},"thumbnailUrl":"https:\/\/agenciainfra.com\/blog\/wp-content\/uploads\/2023\/11\/joao-villaverde-foto-governo-federal-2.jpeg","keywords":["Am\u00e9rica do Sul","Consenso de Bras\u00edlia","Dimmi Amora","DNIT","Embrapa","IIRSA","integra\u00e7\u00e3o sul-americana","Jo\u00e3o Villaverde","Luciano Wexell Severo","Novo PAC","Vigiagro"],"articleSection":["Destaque lista","Geral","iNFRATransporte"],"inLanguage":"pt-BR","copyrightYear":"2023","copyrightHolder":{"@id":"https:\/\/agenciainfra.com\/blog\/#organization"}},{"@type":"WebPage","@id":"https:\/\/agenciainfra.com\/blog\/planejamento-quer-fomentar-e-monitorar-obras-de-infraestrutura-para-integracao-sul-americana\/","url":"https:\/\/agenciainfra.com\/blog\/planejamento-quer-fomentar-e-monitorar-obras-de-infraestrutura-para-integracao-sul-americana\/","name":"Planejamento quer fomentar e monitorar obras de infraestrutura para integra\u00e7\u00e3o sul-americana - Ag\u00eancia iNFRA","isPartOf":{"@id":"https:\/\/agenciainfra.com\/blog\/#website"},"primaryImageOfPage":{"@id":"https:\/\/agenciainfra.com\/blog\/planejamento-quer-fomentar-e-monitorar-obras-de-infraestrutura-para-integracao-sul-americana\/#primaryimage"},"image":{"@id":"https:\/\/agenciainfra.com\/blog\/planejamento-quer-fomentar-e-monitorar-obras-de-infraestrutura-para-integracao-sul-americana\/#primaryimage"},"thumbnailUrl":"https:\/\/agenciainfra.com\/blog\/wp-content\/uploads\/2023\/11\/joao-villaverde-foto-governo-federal-2.jpeg","datePublished":"2023-11-08T12:00:00+00:00","dateModified":"2026-03-13T12:44:08+00:00","breadcrumb":{"@id":"https:\/\/agenciainfra.com\/blog\/planejamento-quer-fomentar-e-monitorar-obras-de-infraestrutura-para-integracao-sul-americana\/#breadcrumb"},"inLanguage":"pt-BR","potentialAction":[{"@type":"ReadAction","target":["https:\/\/agenciainfra.com\/blog\/planejamento-quer-fomentar-e-monitorar-obras-de-infraestrutura-para-integracao-sul-americana\/"]}]},{"@type":"ImageObject","inLanguage":"pt-BR","@id":"https:\/\/agenciainfra.com\/blog\/planejamento-quer-fomentar-e-monitorar-obras-de-infraestrutura-para-integracao-sul-americana\/#primaryimage","url":"https:\/\/agenciainfra.com\/blog\/wp-content\/uploads\/2023\/11\/joao-villaverde-foto-governo-federal-2.jpeg","contentUrl":"https:\/\/agenciainfra.com\/blog\/wp-content\/uploads\/2023\/11\/joao-villaverde-foto-governo-federal-2.jpeg","width":1202,"height":801},{"@type":"BreadcrumbList","@id":"https:\/\/agenciainfra.com\/blog\/planejamento-quer-fomentar-e-monitorar-obras-de-infraestrutura-para-integracao-sul-americana\/#breadcrumb","itemListElement":[{"@type":"ListItem","position":1,"name":"In\u00edcio","item":"https:\/\/agenciainfra.com\/blog\/"},{"@type":"ListItem","position":2,"name":"Planejamento quer fomentar e monitorar obras de infraestrutura para integra\u00e7\u00e3o sul-americana"}]},{"@type":"WebSite","@id":"https:\/\/agenciainfra.com\/blog\/#website","url":"https:\/\/agenciainfra.com\/blog\/","name":"Ag\u00eancia iNFRA","description":"Multiplataforma de informa\u00e7\u00e3o jornal\u00edstica refer\u00eancia na \u00e1rea de infraestrutura no Brasil!","publisher":{"@id":"https:\/\/agenciainfra.com\/blog\/#organization"},"potentialAction":[{"@type":"SearchAction","target":{"@type":"EntryPoint","urlTemplate":"https:\/\/agenciainfra.com\/blog\/?s={search_term_string}"},"query-input":{"@type":"PropertyValueSpecification","valueRequired":true,"valueName":"search_term_string"}}],"inLanguage":"pt-BR"},{"@type":"Organization","@id":"https:\/\/agenciainfra.com\/blog\/#organization","name":"Ag\u00eancia iNFRA","url":"https:\/\/agenciainfra.com\/blog\/","logo":{"@type":"ImageObject","inLanguage":"pt-BR","@id":"https:\/\/agenciainfra.com\/blog\/#\/schema\/logo\/image\/","url":"https:\/\/agenciainfra.com\/blog\/wp-content\/uploads\/2023\/09\/iNFRA_5-e1761735885940.png","contentUrl":"https:\/\/agenciainfra.com\/blog\/wp-content\/uploads\/2023\/09\/iNFRA_5-e1761735885940.png","width":1672,"height":454,"caption":"Ag\u00eancia iNFRA"},"image":{"@id":"https:\/\/agenciainfra.com\/blog\/#\/schema\/logo\/image\/"},"sameAs":["https:\/\/www.facebook.com\/ageninfra","https:\/\/x.com\/agencia_infra","https:\/\/www.linkedin.com\/company\/ag\u00eanciainfra\/","https:\/\/www.instagram.com\/agenciainfra\/"]},{"@type":"Person","@id":"https:\/\/agenciainfra.com\/blog\/#\/schema\/person\/34af08dff6adea4cb22b06612ba7acfa","name":"Ag\u00eancia iNFRA","image":{"@type":"ImageObject","inLanguage":"pt-BR","@id":"https:\/\/agenciainfra.com\/blog\/#\/schema\/person\/image\/","url":"https:\/\/secure.gravatar.com\/avatar\/d189e01678f06d8eb84d4e01f08eb848b3fffe3f8443818d3c356c66892f5be8?s=96&d=mm&r=g","contentUrl":"https:\/\/secure.gravatar.com\/avatar\/d189e01678f06d8eb84d4e01f08eb848b3fffe3f8443818d3c356c66892f5be8?s=96&d=mm&r=g","caption":"Ag\u00eancia iNFRA"},"url":"https:\/\/agenciainfra.com\/blog\/author\/admin\/"}]}},"_links":{"self":[{"href":"https:\/\/agenciainfra.com\/blog\/wp-json\/wp\/v2\/posts\/14658","targetHints":{"allow":["GET"]}}],"collection":[{"href":"https:\/\/agenciainfra.com\/blog\/wp-json\/wp\/v2\/posts"}],"about":[{"href":"https:\/\/agenciainfra.com\/blog\/wp-json\/wp\/v2\/types\/post"}],"author":[{"embeddable":true,"href":"https:\/\/agenciainfra.com\/blog\/wp-json\/wp\/v2\/users\/1"}],"replies":[{"embeddable":true,"href":"https:\/\/agenciainfra.com\/blog\/wp-json\/wp\/v2\/comments?post=14658"}],"version-history":[{"count":1,"href":"https:\/\/agenciainfra.com\/blog\/wp-json\/wp\/v2\/posts\/14658\/revisions"}],"predecessor-version":[{"id":37774,"href":"https:\/\/agenciainfra.com\/blog\/wp-json\/wp\/v2\/posts\/14658\/revisions\/37774"}],"wp:featuredmedia":[{"embeddable":true,"href":"https:\/\/agenciainfra.com\/blog\/wp-json\/wp\/v2\/media\/14660"}],"wp:attachment":[{"href":"https:\/\/agenciainfra.com\/blog\/wp-json\/wp\/v2\/media?parent=14658"}],"wp:term":[{"taxonomy":"category","embeddable":true,"href":"https:\/\/agenciainfra.com\/blog\/wp-json\/wp\/v2\/categories?post=14658"},{"taxonomy":"post_tag","embeddable":true,"href":"https:\/\/agenciainfra.com\/blog\/wp-json\/wp\/v2\/tags?post=14658"}],"curies":[{"name":"wp","href":"https:\/\/api.w.org\/{rel}","templated":true}]}}