{"id":14713,"date":"2023-11-16T10:00:00","date_gmt":"2023-11-16T13:00:00","guid":{"rendered":"https:\/\/www.agenciainfra.com\/blog\/?p=14713"},"modified":"2026-03-13T09:44:01","modified_gmt":"2026-03-13T12:44:01","slug":"ministerio-espera-por-proposta-de-repactuacao-de-novos-contratos-de-rodovias-da-arteris","status":"publish","type":"post","link":"https:\/\/agenciainfra.com\/blog\/ministerio-espera-por-proposta-de-repactuacao-de-novos-contratos-de-rodovias-da-arteris\/","title":{"rendered":"Minist\u00e9rio espera por proposta de repactua\u00e7\u00e3o de novos contratos de rodovias da Arteris"},"content":{"rendered":"\n<p class=\"has-text-align-right\"><strong>Jenifer Ribeiro e Dimmi Amora,&nbsp;da&nbsp;Ag\u00eancia iNFRA<\/strong><\/p>\n\n\n\n<p>O&nbsp;Minist\u00e9rio&nbsp;dos Transportes&nbsp;espera&nbsp;que as pr\u00f3ximas propostas para&nbsp;repactua\u00e7\u00e3o&nbsp;de&nbsp;contratos&nbsp;de concess\u00e3o de&nbsp;rodovias&nbsp;que est\u00e3o desequilibrados sejam das&nbsp;rodovias&nbsp;administradas pela&nbsp;Arteris, segundo apurou a&nbsp;<strong>Ag\u00eancia iNFRA<\/strong>.<br><br>Atualmente, a empresa administra cinco&nbsp;contratos&nbsp;de&nbsp;rodovias&nbsp;federais, a&nbsp;Arteris&nbsp;Fluminense, a Fern\u00e3o Dias, a R\u00e9gis Bittencourt, a Litoral Sul e a Planalto Sul. O pedido para&nbsp;repactua\u00e7\u00e3o&nbsp;da&nbsp;Arteris&nbsp;Fluminense j\u00e1 passou pelo&nbsp;minist\u00e9rio&nbsp;e est\u00e1 atualmente no TCU (Tribunal de Contas&nbsp;da&nbsp;Uni\u00e3o).<br><br>A expectativa \u00e9 que agora a concession\u00e1ria envie&nbsp;proposta&nbsp;de renegocia\u00e7\u00e3o para as demais quatro&nbsp;rodovias. No entanto, as mais aguardadas pelo&nbsp;minist\u00e9rio&nbsp;e com mais chances de serem encaminhadas s\u00e3o as&nbsp;da&nbsp;Fern\u00e3o Dias e&nbsp;da&nbsp;R\u00e9gis Bittencourt. H\u00e1 algum tempo, o ministro dos Transportes, Renan Filho, vem falando sobre a inten\u00e7\u00e3o de reestruturar ambos os&nbsp;contratos, que ficam em S\u00e3o Paulo e hoje s\u00e3o&nbsp;rodovias&nbsp;federais com baixa qualidade e valores de ped\u00e1gio abaixo&nbsp;da&nbsp;m\u00e9dia das pr\u00f3prias concess\u00f5es federais.<br><br><strong>Estudo em processo<\/strong><br>Os estudos de vantajosidade&nbsp;da&nbsp;repactua\u00e7\u00e3o&nbsp;frente \u00e0 relicita\u00e7\u00e3o est\u00e3o sendo elaborados pela&nbsp;Arteris, e, caso seja decidido pela renegocia\u00e7\u00e3o, os documentos ser\u00e3o enviados em breve ao&nbsp;minist\u00e9rio.&nbsp;Por\u00e9m, de acordo com fontes ouvidas pela reportagem, ainda n\u00e3o h\u00e1 certeza dentro&nbsp;da&nbsp;empresa se o caminho ser\u00e1 a renegocia\u00e7\u00e3o do contrato de todas as quatro.<br><br>At\u00e9 o momento, somente as quatro concession\u00e1rias que participaram do grupo de trabalho que discutiu a reestrutura\u00e7\u00e3o dos&nbsp;contratos&nbsp;de concess\u00f5es formalizaram o pedido para renegocia\u00e7\u00e3o. Essas s\u00e3o: a MS Vias, a Eco101, a&nbsp;Arteris&nbsp;Fluminense e a ViaBahia. Os quatro&nbsp;contratos&nbsp;j\u00e1 passaram pelo&nbsp;Minist\u00e9rio&nbsp;dos Transportes e, no momento, est\u00e3o em an\u00e1lise na SecexConsenso (Secretaria&nbsp;da&nbsp;Solu\u00e7\u00e3o Consensual e Preven\u00e7\u00e3o de Conflitos) do TCU.<br><br><strong>Menos que o esperado<\/strong><br>O ministro Renan Filho tem falado, desde que o TCU permitiu a renegocia\u00e7\u00e3o dos&nbsp;contratos, que foram mapeadas 15 concess\u00f5es em desequil\u00edbrio que poderiam ser reestruturadas, gerando investimentos estimados em at\u00e9 R$ 80 bilh\u00f5es, sendo metade nos primeiros tr\u00eas anos.&nbsp;Entretanto, esse n\u00famero n\u00e3o deve se cumprir.<br><br>Isso porque alguns dos&nbsp;contratos&nbsp;que foram listados nesse levantamento devem ser relicitados, como \u00e9 o caso&nbsp;da&nbsp;BR-040\/RJ\/MG,&nbsp;da&nbsp;Rodovia do A\u00e7o (BR-393\/RJ) e&nbsp;da&nbsp;Concebra (BR-060-153-262\/DF\/GO\/MG). A expectativa \u00e9 que os leil\u00f5es aconte\u00e7am em 2024 e 2025, respectivamente.<br><br>Em outro caso, o&nbsp;da&nbsp;Concer, uma renegocia\u00e7\u00e3o \u00e9 considerada dif\u00edcil devido aos problemas judiciais do contrato. Na semana passada, o&nbsp;Minist\u00e9rio&nbsp;P\u00fablico Federal encaminhou ao&nbsp;minist\u00e9rio&nbsp;uma recomenda\u00e7\u00e3o para que a pasta fa\u00e7a uma nova licita\u00e7\u00e3o para o contrato, que teve seu prazo original vencido em 2021.<br><br>Al\u00e9m disso, o&nbsp;n\u00edvel de exig\u00eancia de dados para a apresenta\u00e7\u00e3o de uma&nbsp;proposta&nbsp;\u00e9 alto e o prazo at\u00e9 31 de dezembro deste ano.&nbsp;As empresas tamb\u00e9m t\u00eam avaliado internamente se ter\u00e3o capacidade econ\u00f4mica, financeira e gerencial para fazer os investimentos que o governo exige como contrapartida para a renegocia\u00e7\u00e3o, que s\u00e3o&nbsp;concentrados nos tr\u00eas primeiros anos ap\u00f3s o acordo.<br><br>Uma fonte comentou que \u00e9 praticamente como ganhar uma nova licita\u00e7\u00e3o, com todos os problemas que o processo de contrata\u00e7\u00e3o de obras tem no pa\u00eds, como os elevados custos para o financiamento, a falta de empresas capacitadas e m\u00e3o de obra para todos os projetos, entre outros.<br><br><strong>Mais rapidez<\/strong><br>A pasta, embora reconhe\u00e7a a complexidade dos estudos, j\u00e1 pediu que as empresas tornem o processo de envio das propostas mais r\u00e1pido e evitem deixar para encaminhar uma tentativa de acordo no final de dezembro para n\u00e3o sobrecarregar a \u00e1rea t\u00e9cnica e o TCU.&nbsp;Al\u00e9m disso, o&nbsp;minist\u00e9rio&nbsp;v\u00ea a renegocia\u00e7\u00e3o como uma \u201cjanela de oportunidade\u201d que n\u00e3o deve ser reaberta. Esse tamb\u00e9m foi o entendimento do TCU quando votou pela permiss\u00e3o&nbsp;da&nbsp;renegocia\u00e7\u00e3o.<br><br>O processo de reestrutura\u00e7\u00e3o contratual come\u00e7ou como uma tentativa de encontrar outra alternativa aos processos de&nbsp;relicita\u00e7\u00e3o, que vinham demorando para serem finalizados. Ap\u00f3s conversas com o grupo de trabalho que envolveu a MS Vias, a Eco101, a&nbsp;Arteris&nbsp;Fluminense e a ViaBahia, o&nbsp;minist\u00e9rio, em conjunto com o&nbsp;Minist\u00e9rio&nbsp;de Portos e Aeroportos, decidiu consultar formalmente o TCU sobre a possibilidade&nbsp;da&nbsp;renegocia\u00e7\u00e3o dos&nbsp;contratos&nbsp;considerados desequilibrados ou que estavam em processo de relicita\u00e7\u00e3o.<br><br><strong>Renegocia\u00e7\u00e3o de avia\u00e7\u00e3o<\/strong><br>Al\u00e9m de&nbsp;rodovias, tamb\u00e9m foram permitidas as renegocia\u00e7\u00f5es de&nbsp;contratos&nbsp;de ferrovias e de aeroportos. Para aeroportos, a ideia era beneficiar os dois&nbsp;contratos&nbsp;que passam pelo processo de devolu\u00e7\u00e3o amig\u00e1vel, o Aeroporto de Viracopos (SP) e o Aeroporto do Gale\u00e3o (RJ).&nbsp;Mas somente a Aeroportos Brasil Viracopos, concession\u00e1ria que administra Viracopos, comunicou formalmente a desist\u00eancia&nbsp;da&nbsp;relicita\u00e7\u00e3o.&nbsp;Em rela\u00e7\u00e3o ao Gale\u00e3o, ainda n\u00e3o h\u00e1 posi\u00e7\u00e3o oficial&nbsp;da&nbsp;empresa sobre se haver\u00e1 ou n\u00e3o renegocia\u00e7\u00e3o.<br><br>Com isso, as tentativas de solu\u00e7\u00e3o limitaram-se a outros aeroportos. O primeiro, que teve acordo constru\u00eddo e fechado dentro&nbsp;da&nbsp;secretaria de solu\u00e7\u00e3o consensual do TCU, foi o Aeroporto de Cuiab\u00e1 (MT),&nbsp;da&nbsp;Centro-Oeste Airport. Para uma tentativa de renegocia\u00e7\u00e3o do contrato&nbsp;da&nbsp;BH Airports, controlada pela CCR, n\u00e3o houve acordo.<br><br><strong>Cr\u00edticas \u00e0 renegocia\u00e7\u00e3o<\/strong><br>Recentemente, ap\u00f3s a interrup\u00e7\u00e3o&nbsp;por&nbsp;dias do fornecimento de energia em S\u00e3o Paulo, o presidente&nbsp;da&nbsp;C\u00e2mara dos Deputados, Arthur Lira (AL-PP), criticou a renegocia\u00e7\u00e3o dos&nbsp;contratos&nbsp;de concess\u00e3o via TCU.&nbsp;Na ocasi\u00e3o, ele apontou que \u201cn\u00e3o se pode renovar a concess\u00e3o delas [empresas de energia] sem licita\u00e7\u00e3o, sem aprova\u00e7\u00e3o legislativa\u201d, e apontou que a medida n\u00e3o tem previs\u00e3o constitucional e est\u00e1 causando estranheza no Legislativo.<br><br>Al\u00e9m disso, ele destacou que a Secex Consenso est\u00e1 retirando a seguran\u00e7a jur\u00eddica das decis\u00f5es a partir do momento em que revisa ou anula determina\u00e7\u00f5es anteriores. Comentou ainda que o modelo est\u00e1 \u201cavan\u00e7ando o sinal\u201d. H\u00e1 uma interpreta\u00e7\u00e3o entre agentes p\u00fablicos ouvidos pela&nbsp;<strong>Ag\u00eancia iNFRA<\/strong>&nbsp;de que a falta est\u00e1 no contexto&nbsp;da&nbsp;disputa pol\u00edtica de Lira com Renan Filho, que \u00e9 oposi\u00e7\u00e3o a ele em Alagoas.<br><br><strong>Nota&nbsp;Arteris<\/strong><br>Em nota, a&nbsp;Arteris&nbsp;informou que \u201centende como positiva a oportunidade de&nbsp;repactua\u00e7\u00e3o&nbsp;dos&nbsp;contratos&nbsp;de concess\u00f5es rodovi\u00e1rias federais. Essa pol\u00edtica p\u00fablica tem o potencial de promover investimentos no curto prazo, viabilizando obras importantes para os trechos sob concess\u00e3o e que n\u00e3o est\u00e3o previstas nos programas de explora\u00e7\u00e3o rodovi\u00e1ria originais, com reflexos positivos para a gera\u00e7\u00e3o de empregos e o desenvolvimento socioecon\u00f4mico das regi\u00f5es. Outro ponto positivo \u00e9 a possibilidade de incorporar dispositivos mais modernos para o relacionamento com a ag\u00eancia reguladora, tanto que j\u00e1 apresentou sua&nbsp;proposta&nbsp;de&nbsp;repactua\u00e7\u00e3o&nbsp;do contrato de concess\u00e3o do trecho&nbsp;da&nbsp;BR-101\/RJ Norte, administrado pela concession\u00e1ria&nbsp;Arteris&nbsp;Fluminense\u201d.<br><br>E completou afirmando que \u201cestuda a apresenta\u00e7\u00e3o de novas propostas de&nbsp;repactua\u00e7\u00e3o&nbsp;das demais concess\u00f5es federais do grupo:&nbsp;Arteris&nbsp;R\u00e9gis Bittencourt (BR-116\/SP\/BR),&nbsp;Arteris&nbsp;Fern\u00e3o Dias (BR-381\/SP\/MG),&nbsp;Arteris&nbsp;Litoral Sul (BR-101\/PR\/SC) e&nbsp;Arteris&nbsp;Planalto Sul (BR-116\/PR\/SC\/RS). Todas as propostas est\u00e3o em fase de an\u00e1lise interna sobre a viabilidade econ\u00f4mico-financeira. Caso a empresa entenda como pertinentes as negocia\u00e7\u00f5es, vai enviar propostas at\u00e9 o fim do ano para o&nbsp;Minist\u00e9rio&nbsp;dos Transportes, cumprindo o prazo previsto pelo governo federal\u201d.<\/p>\n","protected":false},"excerpt":{"rendered":"<p>Jenifer Ribeiro e Dimmi Amora,&nbsp;da&nbsp;Ag\u00eancia iNFRA O&nbsp;Minist\u00e9rio&nbsp;dos Transportes&nbsp;espera&nbsp;que as pr\u00f3ximas propostas para&nbsp;repactua\u00e7\u00e3o&nbsp;de&nbsp;contratos&nbsp;de concess\u00e3o de&nbsp;rodovias&nbsp;que est\u00e3o desequilibrados sejam das&nbsp;rodovias&nbsp;administradas pela&nbsp;Arteris, segundo apurou a&nbsp;Ag\u00eancia iNFRA. Atualmente, a empresa administra cinco&nbsp;contratos&nbsp;de&nbsp;rodovias&nbsp;federais, a&nbsp;Arteris&nbsp;Fluminense, a Fern\u00e3o Dias, a R\u00e9gis Bittencourt, a Litoral Sul e a Planalto Sul. O pedido para&nbsp;repactua\u00e7\u00e3o&nbsp;da&nbsp;Arteris&nbsp;Fluminense j\u00e1 passou pelo&nbsp;minist\u00e9rio&nbsp;e est\u00e1 atualmente no TCU (Tribunal de Contas&nbsp;da&nbsp;Uni\u00e3o). [&hellip;]<\/p>\n","protected":false},"author":1,"featured_media":8275,"comment_status":"closed","ping_status":"closed","sticky":false,"template":"","format":"standard","meta":{"_monsterinsights_skip_tracking":false,"_monsterinsights_sitenote_active":false,"_monsterinsights_sitenote_note":"","_monsterinsights_sitenote_category":0,"footnotes":""},"categories":[7250,1,7],"tags":[2031,853,1299,3791,2341,7361,16,2298,2131,7218,18,927],"class_list":["post-14713","post","type-post","status-publish","format-standard","has-post-thumbnail","hentry","category-destaque-lista","category-geral","category-infratransporte","tag-arteris","tag-concessao-de-rodovias","tag-dimmi-amora","tag-eco101","tag-fernao-dias","tag-jenifer-ribeiro","tag-ministerio-dos-transportes","tag-regis-bittencourt","tag-repactuacao","tag-secexconsenso","tag-tcu","tag-tribunal-de-contas-da-uniao"],"yoast_head":"<!-- This site is optimized with the Yoast SEO Premium plugin v25.4 (Yoast SEO v26.0) - https:\/\/yoast.com\/wordpress\/plugins\/seo\/ -->\n<title>Minist\u00e9rio espera por proposta de repactua\u00e7\u00e3o de novos contratos de rodovias da Arteris - Ag\u00eancia iNFRA<\/title>\n<meta name=\"robots\" content=\"index, follow, max-snippet:-1, max-image-preview:large, max-video-preview:-1\" \/>\n<link rel=\"canonical\" href=\"https:\/\/agenciainfra.com\/blog\/ministerio-espera-por-proposta-de-repactuacao-de-novos-contratos-de-rodovias-da-arteris\/\" \/>\n<meta property=\"og:locale\" content=\"pt_BR\" \/>\n<meta property=\"og:type\" content=\"article\" \/>\n<meta property=\"og:title\" content=\"Minist\u00e9rio espera por proposta de repactua\u00e7\u00e3o de novos contratos de rodovias da Arteris\" \/>\n<meta property=\"og:description\" content=\"Jenifer Ribeiro e Dimmi Amora,&nbsp;da&nbsp;Ag\u00eancia iNFRA O&nbsp;Minist\u00e9rio&nbsp;dos Transportes&nbsp;espera&nbsp;que as pr\u00f3ximas propostas para&nbsp;repactua\u00e7\u00e3o&nbsp;de&nbsp;contratos&nbsp;de concess\u00e3o de&nbsp;rodovias&nbsp;que est\u00e3o desequilibrados sejam das&nbsp;rodovias&nbsp;administradas pela&nbsp;Arteris, segundo apurou a&nbsp;Ag\u00eancia iNFRA. Atualmente, a empresa administra cinco&nbsp;contratos&nbsp;de&nbsp;rodovias&nbsp;federais, a&nbsp;Arteris&nbsp;Fluminense, a Fern\u00e3o Dias, a R\u00e9gis Bittencourt, a Litoral Sul e a Planalto Sul. O pedido para&nbsp;repactua\u00e7\u00e3o&nbsp;da&nbsp;Arteris&nbsp;Fluminense j\u00e1 passou pelo&nbsp;minist\u00e9rio&nbsp;e est\u00e1 atualmente no TCU (Tribunal de Contas&nbsp;da&nbsp;Uni\u00e3o). [&hellip;]\" \/>\n<meta property=\"og:url\" content=\"https:\/\/agenciainfra.com\/blog\/ministerio-espera-por-proposta-de-repactuacao-de-novos-contratos-de-rodovias-da-arteris\/\" \/>\n<meta property=\"og:site_name\" content=\"Ag\u00eancia iNFRA\" \/>\n<meta property=\"article:publisher\" content=\"https:\/\/www.facebook.com\/ageninfra\" \/>\n<meta property=\"article:published_time\" content=\"2023-11-16T13:00:00+00:00\" \/>\n<meta property=\"article:modified_time\" content=\"2026-03-13T12:44:01+00:00\" \/>\n<meta property=\"og:image\" content=\"https:\/\/agenciainfra.com\/blog\/wp-content\/uploads\/2021\/09\/br-101-arteris-fluminense-foto-arteris.png\" \/>\n\t<meta property=\"og:image:width\" content=\"1280\" \/>\n\t<meta property=\"og:image:height\" content=\"744\" \/>\n\t<meta property=\"og:image:type\" content=\"image\/png\" \/>\n<meta name=\"author\" content=\"Ag\u00eancia iNFRA\" \/>\n<meta name=\"twitter:card\" content=\"summary_large_image\" \/>\n<meta name=\"twitter:creator\" content=\"@agencia_infra\" \/>\n<meta name=\"twitter:site\" content=\"@agencia_infra\" \/>\n<meta name=\"twitter:label1\" content=\"Escrito por\" \/>\n\t<meta name=\"twitter:data1\" content=\"Ag\u00eancia iNFRA\" \/>\n\t<meta name=\"twitter:label2\" content=\"Est. tempo de leitura\" \/>\n\t<meta name=\"twitter:data2\" content=\"7 minutos\" \/>\n<script type=\"application\/ld+json\" class=\"yoast-schema-graph\">{\"@context\":\"https:\/\/schema.org\",\"@graph\":[{\"@type\":\"Article\",\"@id\":\"https:\/\/agenciainfra.com\/blog\/ministerio-espera-por-proposta-de-repactuacao-de-novos-contratos-de-rodovias-da-arteris\/#article\",\"isPartOf\":{\"@id\":\"https:\/\/agenciainfra.com\/blog\/ministerio-espera-por-proposta-de-repactuacao-de-novos-contratos-de-rodovias-da-arteris\/\"},\"author\":{\"name\":\"Ag\u00eancia iNFRA\",\"@id\":\"https:\/\/agenciainfra.com\/blog\/#\/schema\/person\/34af08dff6adea4cb22b06612ba7acfa\"},\"headline\":\"Minist\u00e9rio espera por proposta de repactua\u00e7\u00e3o de novos contratos de rodovias da Arteris\",\"datePublished\":\"2023-11-16T13:00:00+00:00\",\"dateModified\":\"2026-03-13T12:44:01+00:00\",\"mainEntityOfPage\":{\"@id\":\"https:\/\/agenciainfra.com\/blog\/ministerio-espera-por-proposta-de-repactuacao-de-novos-contratos-de-rodovias-da-arteris\/\"},\"wordCount\":1478,\"publisher\":{\"@id\":\"https:\/\/agenciainfra.com\/blog\/#organization\"},\"image\":{\"@id\":\"https:\/\/agenciainfra.com\/blog\/ministerio-espera-por-proposta-de-repactuacao-de-novos-contratos-de-rodovias-da-arteris\/#primaryimage\"},\"thumbnailUrl\":\"https:\/\/agenciainfra.com\/blog\/wp-content\/uploads\/2021\/09\/br-101-arteris-fluminense-foto-arteris.png\",\"keywords\":[\"Arteris\",\"concess\u00e3o de rodovias\",\"Dimmi Amora\",\"Eco101\",\"Fern\u00e3o Dias\",\"Jenifer Ribeiro\",\"minist\u00e9rio dos transportes\",\"R\u00e9gis Bittencourt\",\"repactua\u00e7\u00e3o\",\"SecexConsenso\",\"TCU\",\"Tribunal de Contas da Uni\u00e3o\"],\"articleSection\":[\"Destaque lista\",\"Geral\",\"iNFRATransporte\"],\"inLanguage\":\"pt-BR\",\"copyrightYear\":\"2023\",\"copyrightHolder\":{\"@id\":\"https:\/\/agenciainfra.com\/blog\/#organization\"}},{\"@type\":\"WebPage\",\"@id\":\"https:\/\/agenciainfra.com\/blog\/ministerio-espera-por-proposta-de-repactuacao-de-novos-contratos-de-rodovias-da-arteris\/\",\"url\":\"https:\/\/agenciainfra.com\/blog\/ministerio-espera-por-proposta-de-repactuacao-de-novos-contratos-de-rodovias-da-arteris\/\",\"name\":\"Minist\u00e9rio espera por proposta de repactua\u00e7\u00e3o de novos contratos de rodovias da Arteris - Ag\u00eancia iNFRA\",\"isPartOf\":{\"@id\":\"https:\/\/agenciainfra.com\/blog\/#website\"},\"primaryImageOfPage\":{\"@id\":\"https:\/\/agenciainfra.com\/blog\/ministerio-espera-por-proposta-de-repactuacao-de-novos-contratos-de-rodovias-da-arteris\/#primaryimage\"},\"image\":{\"@id\":\"https:\/\/agenciainfra.com\/blog\/ministerio-espera-por-proposta-de-repactuacao-de-novos-contratos-de-rodovias-da-arteris\/#primaryimage\"},\"thumbnailUrl\":\"https:\/\/agenciainfra.com\/blog\/wp-content\/uploads\/2021\/09\/br-101-arteris-fluminense-foto-arteris.png\",\"datePublished\":\"2023-11-16T13:00:00+00:00\",\"dateModified\":\"2026-03-13T12:44:01+00:00\",\"breadcrumb\":{\"@id\":\"https:\/\/agenciainfra.com\/blog\/ministerio-espera-por-proposta-de-repactuacao-de-novos-contratos-de-rodovias-da-arteris\/#breadcrumb\"},\"inLanguage\":\"pt-BR\",\"potentialAction\":[{\"@type\":\"ReadAction\",\"target\":[\"https:\/\/agenciainfra.com\/blog\/ministerio-espera-por-proposta-de-repactuacao-de-novos-contratos-de-rodovias-da-arteris\/\"]}]},{\"@type\":\"ImageObject\",\"inLanguage\":\"pt-BR\",\"@id\":\"https:\/\/agenciainfra.com\/blog\/ministerio-espera-por-proposta-de-repactuacao-de-novos-contratos-de-rodovias-da-arteris\/#primaryimage\",\"url\":\"https:\/\/agenciainfra.com\/blog\/wp-content\/uploads\/2021\/09\/br-101-arteris-fluminense-foto-arteris.png\",\"contentUrl\":\"https:\/\/agenciainfra.com\/blog\/wp-content\/uploads\/2021\/09\/br-101-arteris-fluminense-foto-arteris.png\",\"width\":1280,\"height\":744,\"caption\":\"Foto: Arteris Fluminense\"},{\"@type\":\"BreadcrumbList\",\"@id\":\"https:\/\/agenciainfra.com\/blog\/ministerio-espera-por-proposta-de-repactuacao-de-novos-contratos-de-rodovias-da-arteris\/#breadcrumb\",\"itemListElement\":[{\"@type\":\"ListItem\",\"position\":1,\"name\":\"In\u00edcio\",\"item\":\"https:\/\/agenciainfra.com\/blog\/\"},{\"@type\":\"ListItem\",\"position\":2,\"name\":\"Minist\u00e9rio espera por proposta de repactua\u00e7\u00e3o de novos contratos de rodovias da Arteris\"}]},{\"@type\":\"WebSite\",\"@id\":\"https:\/\/agenciainfra.com\/blog\/#website\",\"url\":\"https:\/\/agenciainfra.com\/blog\/\",\"name\":\"Ag\u00eancia iNFRA\",\"description\":\"Multiplataforma de informa\u00e7\u00e3o jornal\u00edstica refer\u00eancia na \u00e1rea de infraestrutura no Brasil!\",\"publisher\":{\"@id\":\"https:\/\/agenciainfra.com\/blog\/#organization\"},\"potentialAction\":[{\"@type\":\"SearchAction\",\"target\":{\"@type\":\"EntryPoint\",\"urlTemplate\":\"https:\/\/agenciainfra.com\/blog\/?s={search_term_string}\"},\"query-input\":{\"@type\":\"PropertyValueSpecification\",\"valueRequired\":true,\"valueName\":\"search_term_string\"}}],\"inLanguage\":\"pt-BR\"},{\"@type\":\"Organization\",\"@id\":\"https:\/\/agenciainfra.com\/blog\/#organization\",\"name\":\"Ag\u00eancia iNFRA\",\"url\":\"https:\/\/agenciainfra.com\/blog\/\",\"logo\":{\"@type\":\"ImageObject\",\"inLanguage\":\"pt-BR\",\"@id\":\"https:\/\/agenciainfra.com\/blog\/#\/schema\/logo\/image\/\",\"url\":\"https:\/\/agenciainfra.com\/blog\/wp-content\/uploads\/2023\/09\/iNFRA_5-e1761735885940.png\",\"contentUrl\":\"https:\/\/agenciainfra.com\/blog\/wp-content\/uploads\/2023\/09\/iNFRA_5-e1761735885940.png\",\"width\":1672,\"height\":454,\"caption\":\"Ag\u00eancia iNFRA\"},\"image\":{\"@id\":\"https:\/\/agenciainfra.com\/blog\/#\/schema\/logo\/image\/\"},\"sameAs\":[\"https:\/\/www.facebook.com\/ageninfra\",\"https:\/\/x.com\/agencia_infra\",\"https:\/\/www.linkedin.com\/company\/ag\u00eanciainfra\/\",\"https:\/\/www.instagram.com\/agenciainfra\/\"]},{\"@type\":\"Person\",\"@id\":\"https:\/\/agenciainfra.com\/blog\/#\/schema\/person\/34af08dff6adea4cb22b06612ba7acfa\",\"name\":\"Ag\u00eancia iNFRA\",\"image\":{\"@type\":\"ImageObject\",\"inLanguage\":\"pt-BR\",\"@id\":\"https:\/\/agenciainfra.com\/blog\/#\/schema\/person\/image\/\",\"url\":\"https:\/\/secure.gravatar.com\/avatar\/d189e01678f06d8eb84d4e01f08eb848b3fffe3f8443818d3c356c66892f5be8?s=96&d=mm&r=g\",\"contentUrl\":\"https:\/\/secure.gravatar.com\/avatar\/d189e01678f06d8eb84d4e01f08eb848b3fffe3f8443818d3c356c66892f5be8?s=96&d=mm&r=g\",\"caption\":\"Ag\u00eancia iNFRA\"},\"url\":\"https:\/\/agenciainfra.com\/blog\/author\/admin\/\"}]}<\/script>\n<!-- \/ Yoast SEO Premium plugin. -->","yoast_head_json":{"title":"Minist\u00e9rio espera por proposta de repactua\u00e7\u00e3o de novos contratos de rodovias da Arteris - Ag\u00eancia iNFRA","robots":{"index":"index","follow":"follow","max-snippet":"max-snippet:-1","max-image-preview":"max-image-preview:large","max-video-preview":"max-video-preview:-1"},"canonical":"https:\/\/agenciainfra.com\/blog\/ministerio-espera-por-proposta-de-repactuacao-de-novos-contratos-de-rodovias-da-arteris\/","og_locale":"pt_BR","og_type":"article","og_title":"Minist\u00e9rio espera por proposta de repactua\u00e7\u00e3o de novos contratos de rodovias da Arteris","og_description":"Jenifer Ribeiro e Dimmi Amora,&nbsp;da&nbsp;Ag\u00eancia iNFRA O&nbsp;Minist\u00e9rio&nbsp;dos Transportes&nbsp;espera&nbsp;que as pr\u00f3ximas propostas para&nbsp;repactua\u00e7\u00e3o&nbsp;de&nbsp;contratos&nbsp;de concess\u00e3o de&nbsp;rodovias&nbsp;que est\u00e3o desequilibrados sejam das&nbsp;rodovias&nbsp;administradas pela&nbsp;Arteris, segundo apurou a&nbsp;Ag\u00eancia iNFRA. Atualmente, a empresa administra cinco&nbsp;contratos&nbsp;de&nbsp;rodovias&nbsp;federais, a&nbsp;Arteris&nbsp;Fluminense, a Fern\u00e3o Dias, a R\u00e9gis Bittencourt, a Litoral Sul e a Planalto Sul. O pedido para&nbsp;repactua\u00e7\u00e3o&nbsp;da&nbsp;Arteris&nbsp;Fluminense j\u00e1 passou pelo&nbsp;minist\u00e9rio&nbsp;e est\u00e1 atualmente no TCU (Tribunal de Contas&nbsp;da&nbsp;Uni\u00e3o). [&hellip;]","og_url":"https:\/\/agenciainfra.com\/blog\/ministerio-espera-por-proposta-de-repactuacao-de-novos-contratos-de-rodovias-da-arteris\/","og_site_name":"Ag\u00eancia iNFRA","article_publisher":"https:\/\/www.facebook.com\/ageninfra","article_published_time":"2023-11-16T13:00:00+00:00","article_modified_time":"2026-03-13T12:44:01+00:00","og_image":[{"width":1280,"height":744,"url":"https:\/\/agenciainfra.com\/blog\/wp-content\/uploads\/2021\/09\/br-101-arteris-fluminense-foto-arteris.png","type":"image\/png"}],"author":"Ag\u00eancia iNFRA","twitter_card":"summary_large_image","twitter_creator":"@agencia_infra","twitter_site":"@agencia_infra","twitter_misc":{"Escrito por":"Ag\u00eancia iNFRA","Est. tempo de leitura":"7 minutos"},"schema":{"@context":"https:\/\/schema.org","@graph":[{"@type":"Article","@id":"https:\/\/agenciainfra.com\/blog\/ministerio-espera-por-proposta-de-repactuacao-de-novos-contratos-de-rodovias-da-arteris\/#article","isPartOf":{"@id":"https:\/\/agenciainfra.com\/blog\/ministerio-espera-por-proposta-de-repactuacao-de-novos-contratos-de-rodovias-da-arteris\/"},"author":{"name":"Ag\u00eancia iNFRA","@id":"https:\/\/agenciainfra.com\/blog\/#\/schema\/person\/34af08dff6adea4cb22b06612ba7acfa"},"headline":"Minist\u00e9rio espera por proposta de repactua\u00e7\u00e3o de novos contratos de rodovias da Arteris","datePublished":"2023-11-16T13:00:00+00:00","dateModified":"2026-03-13T12:44:01+00:00","mainEntityOfPage":{"@id":"https:\/\/agenciainfra.com\/blog\/ministerio-espera-por-proposta-de-repactuacao-de-novos-contratos-de-rodovias-da-arteris\/"},"wordCount":1478,"publisher":{"@id":"https:\/\/agenciainfra.com\/blog\/#organization"},"image":{"@id":"https:\/\/agenciainfra.com\/blog\/ministerio-espera-por-proposta-de-repactuacao-de-novos-contratos-de-rodovias-da-arteris\/#primaryimage"},"thumbnailUrl":"https:\/\/agenciainfra.com\/blog\/wp-content\/uploads\/2021\/09\/br-101-arteris-fluminense-foto-arteris.png","keywords":["Arteris","concess\u00e3o de rodovias","Dimmi Amora","Eco101","Fern\u00e3o Dias","Jenifer Ribeiro","minist\u00e9rio dos transportes","R\u00e9gis Bittencourt","repactua\u00e7\u00e3o","SecexConsenso","TCU","Tribunal de Contas da Uni\u00e3o"],"articleSection":["Destaque lista","Geral","iNFRATransporte"],"inLanguage":"pt-BR","copyrightYear":"2023","copyrightHolder":{"@id":"https:\/\/agenciainfra.com\/blog\/#organization"}},{"@type":"WebPage","@id":"https:\/\/agenciainfra.com\/blog\/ministerio-espera-por-proposta-de-repactuacao-de-novos-contratos-de-rodovias-da-arteris\/","url":"https:\/\/agenciainfra.com\/blog\/ministerio-espera-por-proposta-de-repactuacao-de-novos-contratos-de-rodovias-da-arteris\/","name":"Minist\u00e9rio espera por proposta de repactua\u00e7\u00e3o de novos contratos de rodovias da Arteris - Ag\u00eancia iNFRA","isPartOf":{"@id":"https:\/\/agenciainfra.com\/blog\/#website"},"primaryImageOfPage":{"@id":"https:\/\/agenciainfra.com\/blog\/ministerio-espera-por-proposta-de-repactuacao-de-novos-contratos-de-rodovias-da-arteris\/#primaryimage"},"image":{"@id":"https:\/\/agenciainfra.com\/blog\/ministerio-espera-por-proposta-de-repactuacao-de-novos-contratos-de-rodovias-da-arteris\/#primaryimage"},"thumbnailUrl":"https:\/\/agenciainfra.com\/blog\/wp-content\/uploads\/2021\/09\/br-101-arteris-fluminense-foto-arteris.png","datePublished":"2023-11-16T13:00:00+00:00","dateModified":"2026-03-13T12:44:01+00:00","breadcrumb":{"@id":"https:\/\/agenciainfra.com\/blog\/ministerio-espera-por-proposta-de-repactuacao-de-novos-contratos-de-rodovias-da-arteris\/#breadcrumb"},"inLanguage":"pt-BR","potentialAction":[{"@type":"ReadAction","target":["https:\/\/agenciainfra.com\/blog\/ministerio-espera-por-proposta-de-repactuacao-de-novos-contratos-de-rodovias-da-arteris\/"]}]},{"@type":"ImageObject","inLanguage":"pt-BR","@id":"https:\/\/agenciainfra.com\/blog\/ministerio-espera-por-proposta-de-repactuacao-de-novos-contratos-de-rodovias-da-arteris\/#primaryimage","url":"https:\/\/agenciainfra.com\/blog\/wp-content\/uploads\/2021\/09\/br-101-arteris-fluminense-foto-arteris.png","contentUrl":"https:\/\/agenciainfra.com\/blog\/wp-content\/uploads\/2021\/09\/br-101-arteris-fluminense-foto-arteris.png","width":1280,"height":744,"caption":"Foto: Arteris Fluminense"},{"@type":"BreadcrumbList","@id":"https:\/\/agenciainfra.com\/blog\/ministerio-espera-por-proposta-de-repactuacao-de-novos-contratos-de-rodovias-da-arteris\/#breadcrumb","itemListElement":[{"@type":"ListItem","position":1,"name":"In\u00edcio","item":"https:\/\/agenciainfra.com\/blog\/"},{"@type":"ListItem","position":2,"name":"Minist\u00e9rio espera por proposta de repactua\u00e7\u00e3o de novos contratos de rodovias da Arteris"}]},{"@type":"WebSite","@id":"https:\/\/agenciainfra.com\/blog\/#website","url":"https:\/\/agenciainfra.com\/blog\/","name":"Ag\u00eancia iNFRA","description":"Multiplataforma de informa\u00e7\u00e3o jornal\u00edstica refer\u00eancia na \u00e1rea de infraestrutura no Brasil!","publisher":{"@id":"https:\/\/agenciainfra.com\/blog\/#organization"},"potentialAction":[{"@type":"SearchAction","target":{"@type":"EntryPoint","urlTemplate":"https:\/\/agenciainfra.com\/blog\/?s={search_term_string}"},"query-input":{"@type":"PropertyValueSpecification","valueRequired":true,"valueName":"search_term_string"}}],"inLanguage":"pt-BR"},{"@type":"Organization","@id":"https:\/\/agenciainfra.com\/blog\/#organization","name":"Ag\u00eancia iNFRA","url":"https:\/\/agenciainfra.com\/blog\/","logo":{"@type":"ImageObject","inLanguage":"pt-BR","@id":"https:\/\/agenciainfra.com\/blog\/#\/schema\/logo\/image\/","url":"https:\/\/agenciainfra.com\/blog\/wp-content\/uploads\/2023\/09\/iNFRA_5-e1761735885940.png","contentUrl":"https:\/\/agenciainfra.com\/blog\/wp-content\/uploads\/2023\/09\/iNFRA_5-e1761735885940.png","width":1672,"height":454,"caption":"Ag\u00eancia iNFRA"},"image":{"@id":"https:\/\/agenciainfra.com\/blog\/#\/schema\/logo\/image\/"},"sameAs":["https:\/\/www.facebook.com\/ageninfra","https:\/\/x.com\/agencia_infra","https:\/\/www.linkedin.com\/company\/ag\u00eanciainfra\/","https:\/\/www.instagram.com\/agenciainfra\/"]},{"@type":"Person","@id":"https:\/\/agenciainfra.com\/blog\/#\/schema\/person\/34af08dff6adea4cb22b06612ba7acfa","name":"Ag\u00eancia iNFRA","image":{"@type":"ImageObject","inLanguage":"pt-BR","@id":"https:\/\/agenciainfra.com\/blog\/#\/schema\/person\/image\/","url":"https:\/\/secure.gravatar.com\/avatar\/d189e01678f06d8eb84d4e01f08eb848b3fffe3f8443818d3c356c66892f5be8?s=96&d=mm&r=g","contentUrl":"https:\/\/secure.gravatar.com\/avatar\/d189e01678f06d8eb84d4e01f08eb848b3fffe3f8443818d3c356c66892f5be8?s=96&d=mm&r=g","caption":"Ag\u00eancia iNFRA"},"url":"https:\/\/agenciainfra.com\/blog\/author\/admin\/"}]}},"_links":{"self":[{"href":"https:\/\/agenciainfra.com\/blog\/wp-json\/wp\/v2\/posts\/14713","targetHints":{"allow":["GET"]}}],"collection":[{"href":"https:\/\/agenciainfra.com\/blog\/wp-json\/wp\/v2\/posts"}],"about":[{"href":"https:\/\/agenciainfra.com\/blog\/wp-json\/wp\/v2\/types\/post"}],"author":[{"embeddable":true,"href":"https:\/\/agenciainfra.com\/blog\/wp-json\/wp\/v2\/users\/1"}],"replies":[{"embeddable":true,"href":"https:\/\/agenciainfra.com\/blog\/wp-json\/wp\/v2\/comments?post=14713"}],"version-history":[{"count":1,"href":"https:\/\/agenciainfra.com\/blog\/wp-json\/wp\/v2\/posts\/14713\/revisions"}],"predecessor-version":[{"id":37763,"href":"https:\/\/agenciainfra.com\/blog\/wp-json\/wp\/v2\/posts\/14713\/revisions\/37763"}],"wp:featuredmedia":[{"embeddable":true,"href":"https:\/\/agenciainfra.com\/blog\/wp-json\/wp\/v2\/media\/8275"}],"wp:attachment":[{"href":"https:\/\/agenciainfra.com\/blog\/wp-json\/wp\/v2\/media?parent=14713"}],"wp:term":[{"taxonomy":"category","embeddable":true,"href":"https:\/\/agenciainfra.com\/blog\/wp-json\/wp\/v2\/categories?post=14713"},{"taxonomy":"post_tag","embeddable":true,"href":"https:\/\/agenciainfra.com\/blog\/wp-json\/wp\/v2\/tags?post=14713"}],"curies":[{"name":"wp","href":"https:\/\/api.w.org\/{rel}","templated":true}]}}