{"id":14719,"date":"2023-11-15T11:00:00","date_gmt":"2023-11-15T14:00:00","guid":{"rendered":"https:\/\/www.agenciainfra.com\/blog\/?p=14719"},"modified":"2023-11-16T11:13:12","modified_gmt":"2023-11-16T14:13:12","slug":"infradebate-reforma-tributaria-e-hora-de-reconhecer-e-consolidar-o-avanco","status":"publish","type":"post","link":"https:\/\/agenciainfra.com\/blog\/infradebate-reforma-tributaria-e-hora-de-reconhecer-e-consolidar-o-avanco\/","title":{"rendered":"iNFRADebate: Reforma Tribut\u00e1ria \u2013 \u00e9 hora de reconhecer e consolidar o avan\u00e7o"},"content":{"rendered":"\n<p class=\"has-text-align-right\"><strong>Marcelo Ara\u00fajo*<\/strong><\/p>\n\n\n\n<p>Antes de entrarmos em qualquer an\u00e1lise cr\u00edtica, apontar distor\u00e7\u00f5es ou ainda oportunidades de melhorias e refinamentos \u2013 e todos n\u00f3s temos uma ou mais a depender do ponto de vista \u2013 \u00e9 preciso reconhecer o gigantesco avan\u00e7o que j\u00e1 foi produzido por ambas as casas legislativas, trabalhando em conjunto com o governo federal e interagindo com estados, munic\u00edpios e todos os setores da sociedade.<\/p>\n\n\n\n<p>Estamos a poucos passos de interromper um ciclo de mais um s\u00e9culo de aumento cont\u00ednuo de complexidade na tributa\u00e7\u00e3o de mercadorias e servi\u00e7os no Brasil.&nbsp; Em 1915 foi institu\u00eddo pela primeira vez um imposto sobre o consumo, que desde o in\u00edcio abusava do que se entendia pelo princ\u00edpio da seletividade. At\u00e9 ent\u00e3o, existia o imposto de importa\u00e7\u00e3o, que com sua mir\u00edade de al\u00edquotas e especificidades j\u00e1 demonstravam, \u00e0quela \u00e9poca, o nosso apre\u00e7o pela complexidade.<\/p>\n\n\n\n<p>&nbsp;A l\u00f3gica por tr\u00e1s de diversas incid\u00eancias especiais era a de que a seletividade tinha, nos impostos sobre as vendas, a mesma fun\u00e7\u00e3o que a progressividade nos impostos sobre a renda: a equidade vertical. E com isso em mente fomos nos superando.<\/p>\n\n\n\n<p>A d\u00e9cada de 1960 foi particularmente prof\u00edcua. Em 1965, para substituir o antigo IVC (Imposto de Vendas e Consigna\u00e7\u00f5es) que era cumulativo, inventamos um imposto sobre a \u201ccircula\u00e7\u00e3o\u201d, seja l\u00e1 o que se possa entender por isso, que se pretendia n\u00e3o-cumulativo, nasceu com uma al\u00edquota \u00fanica de 15% e uma legisla\u00e7\u00e3o federal unificada. E logo em 1966, criamos um anacr\u00f4nico imposto sobre produtos industrializados, penalizando a agrega\u00e7\u00e3o de valor no pa\u00eds.<\/p>\n\n\n\n<p>&nbsp;O ICM (Imposto sobre Circula\u00e7\u00e3o de Mercadorias) da \u00e9poca foi sistematicamente desfigurado pela utopia de se permitir o cr\u00e9dito apenas \u00e0quilo que fosse incorporado \u201cfisicamente\u201d ao produto ou servi\u00e7o comercializado. Esse tributo confundia tributa\u00e7\u00e3o na origem, que na pr\u00e1tica \u00e9 sobre a produ\u00e7\u00e3o e n\u00e3o sobre o consumo, que obviamente se d\u00e1 no destino.<\/p>\n\n\n\n<p>O car\u00e1ter descentralizado do ICM foi refor\u00e7ado na constitui\u00e7\u00e3o de 1988, quando incorporou ainda o \u201cS\u201d de \u201calguns servi\u00e7os\u201d, j\u00e1 que o ISS (Imposto Sobre Servi\u00e7os) seguia coexistindo. A eles se somaram o PIS (Programa de Integra\u00e7\u00e3o Social) de 1975 e o COFINS (Contribui\u00e7\u00e3o para o Financiamento da Seguridade Social) em 1991, cada um com novas idiossincrasias.<\/p>\n\n\n\n<p>O resultado de todo esse verdadeiro manic\u00f4mio tribut\u00e1rio \u00e9 plenamente conhecido por todos os agentes econ\u00f4micos e nos deixou um legado de tristes recordes: o mais complexo sistema tribut\u00e1rio entre 100 pa\u00edses estudados em 2016 pela tradicional universidade LMU de Munique, Alemanha. Ou ainda pior, segundo estudo do INSPER (Instituto de Ensino e Pesquisa) e do CNJ (Conselho Nacional de Justi\u00e7a), o Brasil \u00e9 o recordista absoluto de contencioso tribut\u00e1rio, com um total que chega a 75% do PIB (Produto Interno Bruto), ou cerca de R$ 5,4 trilh\u00f5es, contra rid\u00edculos 0,28% nos pa\u00edses da OCDE (Organiza\u00e7\u00e3o para a Coopera\u00e7\u00e3o e Desenvolvimento Econ\u00f4mico). N\u00e3o \u00e9 preciso grande gin\u00e1stica intelectual para imaginar o enorme impacto dessas disfun\u00e7\u00f5es na produtividade do pa\u00eds.&nbsp;<\/p>\n\n\n\n<p>Portanto, h\u00e1 que se celebrar a profunda simplifica\u00e7\u00e3o que a PEC (Proposta de Emenda \u00e0 Constitui\u00e7\u00e3o) 45\/2019 trar\u00e1 com a redu\u00e7\u00e3o de cinco impostos com milhares de leis e regras para apenas dois, com n\u00e3o-cumulatividade plena e legisla\u00e7\u00e3o uniforme em todo o pa\u00eds.<\/p>\n\n\n\n<p>Esses dois princ\u00edpios estruturantes ser\u00e3o os grandes respons\u00e1veis pelo impulso de crescimento que os estudiosos estimam de 12% do PIB em 15 anos em um cen\u00e1rio conservador, podendo superar 20% se conseguirmos capturar maior parcela dos ganhos de produtividade com a simplifica\u00e7\u00e3o, redu\u00e7\u00e3o da judicializa\u00e7\u00e3o, maior previsibilidade para contribuintes e entes federativos e maior transpar\u00eancia para o consumidor.<\/p>\n\n\n\n<figure class=\"wp-block-image size-full\"><img fetchpriority=\"high\" decoding=\"async\" width=\"886\" height=\"536\" src=\"https:\/\/agenciainfra.com\/blog\/wp-content\/uploads\/2023\/11\/image.png\" alt=\"\" class=\"wp-image-14720\" srcset=\"https:\/\/agenciainfra.com\/blog\/wp-content\/uploads\/2023\/11\/image.png 886w, https:\/\/agenciainfra.com\/blog\/wp-content\/uploads\/2023\/11\/image-300x181.png 300w, https:\/\/agenciainfra.com\/blog\/wp-content\/uploads\/2023\/11\/image-768x465.png 768w\" sizes=\"(max-width: 886px) 100vw, 886px\" \/><figcaption class=\"wp-element-caption\"><em>Fonte: simula\u00e7\u00e3o dos impactos macroecon\u00f4micos da reforma tribut\u00e1ria \u2013 CCIF (Centro de Cidadania Fiscal)<\/em><\/figcaption><\/figure>\n\n\n\n<p>O imposto sobre combust\u00edveis, a maior fonte de receita para os estados brasileiros, vem a ser um \u00f3timo exemplo deste avan\u00e7o. A institui\u00e7\u00e3o de um \u00fanico modelo para combust\u00edveis e biocombust\u00edveis, tributado no destino, de incid\u00eancia uma \u00fanica vez na cadeia \u2013 monofasia, com al\u00edquota espec\u00edfica por litro \u2013 <em>ad-rem<\/em>, \u00fanica em todo o pa\u00eds e preservando um diferencial competitivo para estimular biocombust\u00edveis, nos far\u00e1 dar um salto gigantesco de ganho de efici\u00eancia em toda a cadeia, com redu\u00e7\u00e3o da sonega\u00e7\u00e3o e fraudes, atra\u00e7\u00e3o de investimentos em modais log\u00edsticos de alta volumetria, maior previsibilidade e simplicidade na arrecada\u00e7\u00e3o e maior facilidade de fiscaliza\u00e7\u00e3o.<\/p>\n\n\n\n<p>Talvez tenhamos ainda espa\u00e7o para dois ganhos adicionais. Primeiro, a revis\u00e3o do imposto seletivo sobre petr\u00f3leo e combust\u00edveis f\u00f3sseis, que infelizmente foi inserido na \u00faltima etapa de tramita\u00e7\u00e3o no Senado.<\/p>\n\n\n\n<p>Diante da exist\u00eancia de outros mecanismos como royalties, a CIDE (Contribui\u00e7\u00e3o de Interven\u00e7\u00e3o no Dom\u00ednio Econ\u00f4mico), o RenovaBio (Pol\u00edtica Nacional de Bicombust\u00edveis) e o futuro mercado de carbono, o setor e especialistas em tributa\u00e7\u00e3o tem total consenso que o imposto seletivo n\u00e3o s\u00f3 contribuir\u00e1 em nada, como servir\u00e1 como desestimulo \u00e0 novos investimentos e reduzir\u00e1 parcialmente os benef\u00edcios que a simplifica\u00e7\u00e3o tribut\u00e1ria teria conquistado. A quest\u00e3o n\u00e3o \u00e9 tanto a carga, j\u00e1 que os demais instrumentos poderiam endere\u00e7ar este ponto, mas a forma inadequada e superposta, criando incertezas e complexidades desnecess\u00e1rias em um setor extremamente relevante para o pa\u00eds.&nbsp;<\/p>\n\n\n\n<p>O segundo ponto de preocupa\u00e7\u00e3o \u00e9 a reinser\u00e7\u00e3o do petr\u00f3leo e combust\u00edveis na lista potencial de exclus\u00e3o de impostos na Zona Franca de Manaus (AM). Hoje j\u00e1 um tema de grandes distor\u00e7\u00f5es e disputas judiciais. Essa isen\u00e7\u00e3o, se implementada, estimular\u00e1 o desvio de importa\u00e7\u00e3o de produtos para aquela regi\u00e3o, com grande inefici\u00eancia log\u00edstica e enorme potencial de fraudes, pela natural dificuldade de monitoramento e fiscaliza\u00e7\u00e3o, sem agregar valor para a regi\u00e3o. \u00c9 um erro que n\u00e3o devemos repetir ou perpetuar.&nbsp;<\/p>\n\n\n\n<p>Fica aqui a sugest\u00e3o para aperfei\u00e7oamento desses dois pontos no retorno \u00e0 C\u00e2mara na pr\u00f3xima etapa de tramita\u00e7\u00e3o. S\u00e3o ajustes simples no texto que n\u00e3o deveriam impactar a prioridade maior que \u00e9 a promulga\u00e7\u00e3o, ainda este ano, do conjunto central da PEC 45\/2019, consensada entre C\u00e2mara e Senado. O Brasil precisa dar este passo e a hora \u00e9 agora, para que possamos nos concentrar em 2024 na elabora\u00e7\u00e3o das complexas regulamenta\u00e7\u00f5es infraconstitucionais necess\u00e1rias \u00e0 implementa\u00e7\u00e3o efetiva e captura dos benef\u00edcios j\u00e1 a partir de 2025.&nbsp; Eu ainda acho que estamos subestimando o potencial de ganho de produtividade e, portanto, de retomada do crescimento e cria\u00e7\u00e3o de riqueza que a reforma tribut\u00e1ria trar\u00e1. At\u00e9 porque, virada essa p\u00e1gina com sucesso, teremos mais incentivos para enfrentar os pr\u00f3ximos desafios como a reforma da renda, da tributa\u00e7\u00e3o sobre a folha e a reforma administrativa, que juntas podem criar um novo ciclo virtuoso e devolver ao Brasil a capacidade de sonhar com uma sociedade melhor e mais justa para seu povo.<\/p>\n\n\n\n<h6 class=\"wp-block-heading\" id=\"block-f323f59b-51bf-4eed-b17b-3c7d3b917007\"><strong>*Marcelo Ara\u00fajo \u00e9 diretor-executivo corporativo e de participa\u00e7\u00f5es do Grupo Ultra e presidente do conselho de administra\u00e7\u00e3o da Associa\u00e7\u00e3o Brasileira de Downstream do IBP (Instituto Brasileiro de Petr\u00f3leo e G\u00e1s).<\/strong><\/h6>\n\n\n\n<h5 class=\"wp-block-heading\" id=\"block-5ef42db3-2ed1-4178-8ab5-7a7f312ba102\">As opini\u00f5es dos autores n\u00e3o refletem necessariamente o pensamento da Ag\u00eancia iNFRA, sendo de total responsabilidade do autor as informa\u00e7\u00f5es, ju\u00edzos de valor e conceitos descritos no texto.<\/h5>\n","protected":false},"excerpt":{"rendered":"<p>Marcelo Ara\u00fajo* Antes de entrarmos em qualquer an\u00e1lise cr\u00edtica, apontar distor\u00e7\u00f5es ou ainda oportunidades de melhorias e refinamentos \u2013 e todos n\u00f3s temos uma ou mais a depender do ponto de vista \u2013 \u00e9 preciso reconhecer o gigantesco avan\u00e7o que j\u00e1 foi produzido por ambas as casas legislativas, trabalhando em conjunto com o governo federal [&hellip;]<\/p>\n","protected":false},"author":1,"featured_media":11492,"comment_status":"closed","ping_status":"closed","sticky":false,"template":"","format":"standard","meta":{"_monsterinsights_skip_tracking":false,"_monsterinsights_sitenote_active":false,"_monsterinsights_sitenote_note":"","_monsterinsights_sitenote_category":0,"footnotes":""},"categories":[1,11],"tags":[2256,7724,268,7725,5796,3344,33,2255,1730,2901,4556,7726],"class_list":["post-14719","post","type-post","status-publish","format-standard","has-post-thumbnail","hentry","category-geral","category-infradebate","tag-cofins","tag-icm","tag-impostos","tag-ivc","tag-marcelo-araujo","tag-pec-45-2019","tag-pib","tag-pis","tag-reforma-tributaria","tag-reformas","tag-simplificacao","tag-tributos"],"yoast_head":"<!-- This site is optimized with the Yoast SEO Premium plugin v25.4 (Yoast SEO v26.0) - https:\/\/yoast.com\/wordpress\/plugins\/seo\/ -->\n<title>iNFRADebate: Reforma Tribut\u00e1ria \u2013 \u00e9 hora de reconhecer e consolidar o avan\u00e7o - Ag\u00eancia iNFRA<\/title>\n<meta name=\"robots\" content=\"index, follow, max-snippet:-1, max-image-preview:large, max-video-preview:-1\" \/>\n<link rel=\"canonical\" href=\"https:\/\/agenciainfra.com\/blog\/infradebate-reforma-tributaria-e-hora-de-reconhecer-e-consolidar-o-avanco\/\" \/>\n<meta property=\"og:locale\" content=\"pt_BR\" \/>\n<meta property=\"og:type\" content=\"article\" \/>\n<meta property=\"og:title\" content=\"iNFRADebate: Reforma Tribut\u00e1ria \u2013 \u00e9 hora de reconhecer e consolidar o avan\u00e7o\" \/>\n<meta property=\"og:description\" content=\"Marcelo Ara\u00fajo* Antes de entrarmos em qualquer an\u00e1lise cr\u00edtica, apontar distor\u00e7\u00f5es ou ainda oportunidades de melhorias e refinamentos \u2013 e todos n\u00f3s temos uma ou mais a depender do ponto de vista \u2013 \u00e9 preciso reconhecer o gigantesco avan\u00e7o que j\u00e1 foi produzido por ambas as casas legislativas, trabalhando em conjunto com o governo federal [&hellip;]\" \/>\n<meta property=\"og:url\" content=\"https:\/\/agenciainfra.com\/blog\/infradebate-reforma-tributaria-e-hora-de-reconhecer-e-consolidar-o-avanco\/\" \/>\n<meta property=\"og:site_name\" content=\"Ag\u00eancia iNFRA\" \/>\n<meta property=\"article:publisher\" content=\"https:\/\/www.facebook.com\/ageninfra\" \/>\n<meta property=\"article:published_time\" content=\"2023-11-15T14:00:00+00:00\" \/>\n<meta property=\"article:modified_time\" content=\"2023-11-16T14:13:12+00:00\" \/>\n<meta property=\"og:image\" content=\"https:\/\/agenciainfra.com\/blog\/wp-content\/uploads\/2022\/10\/marcelo-araujo-foto-divulgacao.jpeg\" \/>\n\t<meta property=\"og:image:width\" content=\"1280\" \/>\n\t<meta property=\"og:image:height\" content=\"855\" \/>\n\t<meta property=\"og:image:type\" content=\"image\/jpeg\" \/>\n<meta name=\"author\" content=\"Ag\u00eancia iNFRA\" \/>\n<meta name=\"twitter:card\" content=\"summary_large_image\" \/>\n<meta name=\"twitter:creator\" content=\"@agencia_infra\" \/>\n<meta name=\"twitter:site\" content=\"@agencia_infra\" \/>\n<meta name=\"twitter:label1\" content=\"Escrito por\" \/>\n\t<meta name=\"twitter:data1\" content=\"Ag\u00eancia iNFRA\" \/>\n\t<meta name=\"twitter:label2\" content=\"Est. tempo de leitura\" \/>\n\t<meta name=\"twitter:data2\" content=\"6 minutos\" \/>\n<script type=\"application\/ld+json\" class=\"yoast-schema-graph\">{\"@context\":\"https:\/\/schema.org\",\"@graph\":[{\"@type\":\"Article\",\"@id\":\"https:\/\/agenciainfra.com\/blog\/infradebate-reforma-tributaria-e-hora-de-reconhecer-e-consolidar-o-avanco\/#article\",\"isPartOf\":{\"@id\":\"https:\/\/agenciainfra.com\/blog\/infradebate-reforma-tributaria-e-hora-de-reconhecer-e-consolidar-o-avanco\/\"},\"author\":{\"name\":\"Ag\u00eancia iNFRA\",\"@id\":\"https:\/\/agenciainfra.com\/blog\/#\/schema\/person\/34af08dff6adea4cb22b06612ba7acfa\"},\"headline\":\"iNFRADebate: Reforma Tribut\u00e1ria \u2013 \u00e9 hora de reconhecer e consolidar o avan\u00e7o\",\"datePublished\":\"2023-11-15T14:00:00+00:00\",\"dateModified\":\"2023-11-16T14:13:12+00:00\",\"mainEntityOfPage\":{\"@id\":\"https:\/\/agenciainfra.com\/blog\/infradebate-reforma-tributaria-e-hora-de-reconhecer-e-consolidar-o-avanco\/\"},\"wordCount\":1279,\"publisher\":{\"@id\":\"https:\/\/agenciainfra.com\/blog\/#organization\"},\"image\":{\"@id\":\"https:\/\/agenciainfra.com\/blog\/infradebate-reforma-tributaria-e-hora-de-reconhecer-e-consolidar-o-avanco\/#primaryimage\"},\"thumbnailUrl\":\"https:\/\/agenciainfra.com\/blog\/wp-content\/uploads\/2022\/10\/marcelo-araujo-foto-divulgacao.jpeg\",\"keywords\":[\"Cofins\",\"ICM\",\"impostos\",\"IVC\",\"Marcelo Ara\u00fajo\",\"PEC 45\/2019\",\"PIB\",\"PIS\",\"reforma tribut\u00e1ria\",\"reformas\",\"simplifica\u00e7\u00e3o\",\"tributos\"],\"articleSection\":[\"Geral\",\"iNFRADebate\"],\"inLanguage\":\"pt-BR\",\"copyrightYear\":\"2023\",\"copyrightHolder\":{\"@id\":\"https:\/\/agenciainfra.com\/blog\/#organization\"}},{\"@type\":\"WebPage\",\"@id\":\"https:\/\/agenciainfra.com\/blog\/infradebate-reforma-tributaria-e-hora-de-reconhecer-e-consolidar-o-avanco\/\",\"url\":\"https:\/\/agenciainfra.com\/blog\/infradebate-reforma-tributaria-e-hora-de-reconhecer-e-consolidar-o-avanco\/\",\"name\":\"iNFRADebate: Reforma Tribut\u00e1ria \u2013 \u00e9 hora de reconhecer e consolidar o avan\u00e7o - Ag\u00eancia iNFRA\",\"isPartOf\":{\"@id\":\"https:\/\/agenciainfra.com\/blog\/#website\"},\"primaryImageOfPage\":{\"@id\":\"https:\/\/agenciainfra.com\/blog\/infradebate-reforma-tributaria-e-hora-de-reconhecer-e-consolidar-o-avanco\/#primaryimage\"},\"image\":{\"@id\":\"https:\/\/agenciainfra.com\/blog\/infradebate-reforma-tributaria-e-hora-de-reconhecer-e-consolidar-o-avanco\/#primaryimage\"},\"thumbnailUrl\":\"https:\/\/agenciainfra.com\/blog\/wp-content\/uploads\/2022\/10\/marcelo-araujo-foto-divulgacao.jpeg\",\"datePublished\":\"2023-11-15T14:00:00+00:00\",\"dateModified\":\"2023-11-16T14:13:12+00:00\",\"breadcrumb\":{\"@id\":\"https:\/\/agenciainfra.com\/blog\/infradebate-reforma-tributaria-e-hora-de-reconhecer-e-consolidar-o-avanco\/#breadcrumb\"},\"inLanguage\":\"pt-BR\",\"potentialAction\":[{\"@type\":\"ReadAction\",\"target\":[\"https:\/\/agenciainfra.com\/blog\/infradebate-reforma-tributaria-e-hora-de-reconhecer-e-consolidar-o-avanco\/\"]}]},{\"@type\":\"ImageObject\",\"inLanguage\":\"pt-BR\",\"@id\":\"https:\/\/agenciainfra.com\/blog\/infradebate-reforma-tributaria-e-hora-de-reconhecer-e-consolidar-o-avanco\/#primaryimage\",\"url\":\"https:\/\/agenciainfra.com\/blog\/wp-content\/uploads\/2022\/10\/marcelo-araujo-foto-divulgacao.jpeg\",\"contentUrl\":\"https:\/\/agenciainfra.com\/blog\/wp-content\/uploads\/2022\/10\/marcelo-araujo-foto-divulgacao.jpeg\",\"width\":1280,\"height\":855},{\"@type\":\"BreadcrumbList\",\"@id\":\"https:\/\/agenciainfra.com\/blog\/infradebate-reforma-tributaria-e-hora-de-reconhecer-e-consolidar-o-avanco\/#breadcrumb\",\"itemListElement\":[{\"@type\":\"ListItem\",\"position\":1,\"name\":\"In\u00edcio\",\"item\":\"https:\/\/agenciainfra.com\/blog\/\"},{\"@type\":\"ListItem\",\"position\":2,\"name\":\"iNFRADebate: Reforma Tribut\u00e1ria \u2013 \u00e9 hora de reconhecer e consolidar o avan\u00e7o\"}]},{\"@type\":\"WebSite\",\"@id\":\"https:\/\/agenciainfra.com\/blog\/#website\",\"url\":\"https:\/\/agenciainfra.com\/blog\/\",\"name\":\"Ag\u00eancia iNFRA\",\"description\":\"Multiplataforma de informa\u00e7\u00e3o jornal\u00edstica refer\u00eancia na \u00e1rea de infraestrutura no Brasil!\",\"publisher\":{\"@id\":\"https:\/\/agenciainfra.com\/blog\/#organization\"},\"potentialAction\":[{\"@type\":\"SearchAction\",\"target\":{\"@type\":\"EntryPoint\",\"urlTemplate\":\"https:\/\/agenciainfra.com\/blog\/?s={search_term_string}\"},\"query-input\":{\"@type\":\"PropertyValueSpecification\",\"valueRequired\":true,\"valueName\":\"search_term_string\"}}],\"inLanguage\":\"pt-BR\"},{\"@type\":\"Organization\",\"@id\":\"https:\/\/agenciainfra.com\/blog\/#organization\",\"name\":\"Ag\u00eancia iNFRA\",\"url\":\"https:\/\/agenciainfra.com\/blog\/\",\"logo\":{\"@type\":\"ImageObject\",\"inLanguage\":\"pt-BR\",\"@id\":\"https:\/\/agenciainfra.com\/blog\/#\/schema\/logo\/image\/\",\"url\":\"https:\/\/agenciainfra.com\/blog\/wp-content\/uploads\/2023\/09\/iNFRA_5-e1761735885940.png\",\"contentUrl\":\"https:\/\/agenciainfra.com\/blog\/wp-content\/uploads\/2023\/09\/iNFRA_5-e1761735885940.png\",\"width\":1672,\"height\":454,\"caption\":\"Ag\u00eancia iNFRA\"},\"image\":{\"@id\":\"https:\/\/agenciainfra.com\/blog\/#\/schema\/logo\/image\/\"},\"sameAs\":[\"https:\/\/www.facebook.com\/ageninfra\",\"https:\/\/x.com\/agencia_infra\",\"https:\/\/www.linkedin.com\/company\/ag\u00eanciainfra\/\",\"https:\/\/www.instagram.com\/agenciainfra\/\"]},{\"@type\":\"Person\",\"@id\":\"https:\/\/agenciainfra.com\/blog\/#\/schema\/person\/34af08dff6adea4cb22b06612ba7acfa\",\"name\":\"Ag\u00eancia iNFRA\",\"image\":{\"@type\":\"ImageObject\",\"inLanguage\":\"pt-BR\",\"@id\":\"https:\/\/agenciainfra.com\/blog\/#\/schema\/person\/image\/\",\"url\":\"https:\/\/secure.gravatar.com\/avatar\/d189e01678f06d8eb84d4e01f08eb848b3fffe3f8443818d3c356c66892f5be8?s=96&d=mm&r=g\",\"contentUrl\":\"https:\/\/secure.gravatar.com\/avatar\/d189e01678f06d8eb84d4e01f08eb848b3fffe3f8443818d3c356c66892f5be8?s=96&d=mm&r=g\",\"caption\":\"Ag\u00eancia iNFRA\"},\"url\":\"https:\/\/agenciainfra.com\/blog\/author\/admin\/\"}]}<\/script>\n<!-- \/ Yoast SEO Premium plugin. -->","yoast_head_json":{"title":"iNFRADebate: Reforma Tribut\u00e1ria \u2013 \u00e9 hora de reconhecer e consolidar o avan\u00e7o - Ag\u00eancia iNFRA","robots":{"index":"index","follow":"follow","max-snippet":"max-snippet:-1","max-image-preview":"max-image-preview:large","max-video-preview":"max-video-preview:-1"},"canonical":"https:\/\/agenciainfra.com\/blog\/infradebate-reforma-tributaria-e-hora-de-reconhecer-e-consolidar-o-avanco\/","og_locale":"pt_BR","og_type":"article","og_title":"iNFRADebate: Reforma Tribut\u00e1ria \u2013 \u00e9 hora de reconhecer e consolidar o avan\u00e7o","og_description":"Marcelo Ara\u00fajo* Antes de entrarmos em qualquer an\u00e1lise cr\u00edtica, apontar distor\u00e7\u00f5es ou ainda oportunidades de melhorias e refinamentos \u2013 e todos n\u00f3s temos uma ou mais a depender do ponto de vista \u2013 \u00e9 preciso reconhecer o gigantesco avan\u00e7o que j\u00e1 foi produzido por ambas as casas legislativas, trabalhando em conjunto com o governo federal [&hellip;]","og_url":"https:\/\/agenciainfra.com\/blog\/infradebate-reforma-tributaria-e-hora-de-reconhecer-e-consolidar-o-avanco\/","og_site_name":"Ag\u00eancia iNFRA","article_publisher":"https:\/\/www.facebook.com\/ageninfra","article_published_time":"2023-11-15T14:00:00+00:00","article_modified_time":"2023-11-16T14:13:12+00:00","og_image":[{"width":1280,"height":855,"url":"https:\/\/agenciainfra.com\/blog\/wp-content\/uploads\/2022\/10\/marcelo-araujo-foto-divulgacao.jpeg","type":"image\/jpeg"}],"author":"Ag\u00eancia iNFRA","twitter_card":"summary_large_image","twitter_creator":"@agencia_infra","twitter_site":"@agencia_infra","twitter_misc":{"Escrito por":"Ag\u00eancia iNFRA","Est. tempo de leitura":"6 minutos"},"schema":{"@context":"https:\/\/schema.org","@graph":[{"@type":"Article","@id":"https:\/\/agenciainfra.com\/blog\/infradebate-reforma-tributaria-e-hora-de-reconhecer-e-consolidar-o-avanco\/#article","isPartOf":{"@id":"https:\/\/agenciainfra.com\/blog\/infradebate-reforma-tributaria-e-hora-de-reconhecer-e-consolidar-o-avanco\/"},"author":{"name":"Ag\u00eancia iNFRA","@id":"https:\/\/agenciainfra.com\/blog\/#\/schema\/person\/34af08dff6adea4cb22b06612ba7acfa"},"headline":"iNFRADebate: Reforma Tribut\u00e1ria \u2013 \u00e9 hora de reconhecer e consolidar o avan\u00e7o","datePublished":"2023-11-15T14:00:00+00:00","dateModified":"2023-11-16T14:13:12+00:00","mainEntityOfPage":{"@id":"https:\/\/agenciainfra.com\/blog\/infradebate-reforma-tributaria-e-hora-de-reconhecer-e-consolidar-o-avanco\/"},"wordCount":1279,"publisher":{"@id":"https:\/\/agenciainfra.com\/blog\/#organization"},"image":{"@id":"https:\/\/agenciainfra.com\/blog\/infradebate-reforma-tributaria-e-hora-de-reconhecer-e-consolidar-o-avanco\/#primaryimage"},"thumbnailUrl":"https:\/\/agenciainfra.com\/blog\/wp-content\/uploads\/2022\/10\/marcelo-araujo-foto-divulgacao.jpeg","keywords":["Cofins","ICM","impostos","IVC","Marcelo Ara\u00fajo","PEC 45\/2019","PIB","PIS","reforma tribut\u00e1ria","reformas","simplifica\u00e7\u00e3o","tributos"],"articleSection":["Geral","iNFRADebate"],"inLanguage":"pt-BR","copyrightYear":"2023","copyrightHolder":{"@id":"https:\/\/agenciainfra.com\/blog\/#organization"}},{"@type":"WebPage","@id":"https:\/\/agenciainfra.com\/blog\/infradebate-reforma-tributaria-e-hora-de-reconhecer-e-consolidar-o-avanco\/","url":"https:\/\/agenciainfra.com\/blog\/infradebate-reforma-tributaria-e-hora-de-reconhecer-e-consolidar-o-avanco\/","name":"iNFRADebate: Reforma Tribut\u00e1ria \u2013 \u00e9 hora de reconhecer e consolidar o avan\u00e7o - Ag\u00eancia iNFRA","isPartOf":{"@id":"https:\/\/agenciainfra.com\/blog\/#website"},"primaryImageOfPage":{"@id":"https:\/\/agenciainfra.com\/blog\/infradebate-reforma-tributaria-e-hora-de-reconhecer-e-consolidar-o-avanco\/#primaryimage"},"image":{"@id":"https:\/\/agenciainfra.com\/blog\/infradebate-reforma-tributaria-e-hora-de-reconhecer-e-consolidar-o-avanco\/#primaryimage"},"thumbnailUrl":"https:\/\/agenciainfra.com\/blog\/wp-content\/uploads\/2022\/10\/marcelo-araujo-foto-divulgacao.jpeg","datePublished":"2023-11-15T14:00:00+00:00","dateModified":"2023-11-16T14:13:12+00:00","breadcrumb":{"@id":"https:\/\/agenciainfra.com\/blog\/infradebate-reforma-tributaria-e-hora-de-reconhecer-e-consolidar-o-avanco\/#breadcrumb"},"inLanguage":"pt-BR","potentialAction":[{"@type":"ReadAction","target":["https:\/\/agenciainfra.com\/blog\/infradebate-reforma-tributaria-e-hora-de-reconhecer-e-consolidar-o-avanco\/"]}]},{"@type":"ImageObject","inLanguage":"pt-BR","@id":"https:\/\/agenciainfra.com\/blog\/infradebate-reforma-tributaria-e-hora-de-reconhecer-e-consolidar-o-avanco\/#primaryimage","url":"https:\/\/agenciainfra.com\/blog\/wp-content\/uploads\/2022\/10\/marcelo-araujo-foto-divulgacao.jpeg","contentUrl":"https:\/\/agenciainfra.com\/blog\/wp-content\/uploads\/2022\/10\/marcelo-araujo-foto-divulgacao.jpeg","width":1280,"height":855},{"@type":"BreadcrumbList","@id":"https:\/\/agenciainfra.com\/blog\/infradebate-reforma-tributaria-e-hora-de-reconhecer-e-consolidar-o-avanco\/#breadcrumb","itemListElement":[{"@type":"ListItem","position":1,"name":"In\u00edcio","item":"https:\/\/agenciainfra.com\/blog\/"},{"@type":"ListItem","position":2,"name":"iNFRADebate: Reforma Tribut\u00e1ria \u2013 \u00e9 hora de reconhecer e consolidar o avan\u00e7o"}]},{"@type":"WebSite","@id":"https:\/\/agenciainfra.com\/blog\/#website","url":"https:\/\/agenciainfra.com\/blog\/","name":"Ag\u00eancia iNFRA","description":"Multiplataforma de informa\u00e7\u00e3o jornal\u00edstica refer\u00eancia na \u00e1rea de infraestrutura no Brasil!","publisher":{"@id":"https:\/\/agenciainfra.com\/blog\/#organization"},"potentialAction":[{"@type":"SearchAction","target":{"@type":"EntryPoint","urlTemplate":"https:\/\/agenciainfra.com\/blog\/?s={search_term_string}"},"query-input":{"@type":"PropertyValueSpecification","valueRequired":true,"valueName":"search_term_string"}}],"inLanguage":"pt-BR"},{"@type":"Organization","@id":"https:\/\/agenciainfra.com\/blog\/#organization","name":"Ag\u00eancia iNFRA","url":"https:\/\/agenciainfra.com\/blog\/","logo":{"@type":"ImageObject","inLanguage":"pt-BR","@id":"https:\/\/agenciainfra.com\/blog\/#\/schema\/logo\/image\/","url":"https:\/\/agenciainfra.com\/blog\/wp-content\/uploads\/2023\/09\/iNFRA_5-e1761735885940.png","contentUrl":"https:\/\/agenciainfra.com\/blog\/wp-content\/uploads\/2023\/09\/iNFRA_5-e1761735885940.png","width":1672,"height":454,"caption":"Ag\u00eancia iNFRA"},"image":{"@id":"https:\/\/agenciainfra.com\/blog\/#\/schema\/logo\/image\/"},"sameAs":["https:\/\/www.facebook.com\/ageninfra","https:\/\/x.com\/agencia_infra","https:\/\/www.linkedin.com\/company\/ag\u00eanciainfra\/","https:\/\/www.instagram.com\/agenciainfra\/"]},{"@type":"Person","@id":"https:\/\/agenciainfra.com\/blog\/#\/schema\/person\/34af08dff6adea4cb22b06612ba7acfa","name":"Ag\u00eancia iNFRA","image":{"@type":"ImageObject","inLanguage":"pt-BR","@id":"https:\/\/agenciainfra.com\/blog\/#\/schema\/person\/image\/","url":"https:\/\/secure.gravatar.com\/avatar\/d189e01678f06d8eb84d4e01f08eb848b3fffe3f8443818d3c356c66892f5be8?s=96&d=mm&r=g","contentUrl":"https:\/\/secure.gravatar.com\/avatar\/d189e01678f06d8eb84d4e01f08eb848b3fffe3f8443818d3c356c66892f5be8?s=96&d=mm&r=g","caption":"Ag\u00eancia iNFRA"},"url":"https:\/\/agenciainfra.com\/blog\/author\/admin\/"}]}},"_links":{"self":[{"href":"https:\/\/agenciainfra.com\/blog\/wp-json\/wp\/v2\/posts\/14719","targetHints":{"allow":["GET"]}}],"collection":[{"href":"https:\/\/agenciainfra.com\/blog\/wp-json\/wp\/v2\/posts"}],"about":[{"href":"https:\/\/agenciainfra.com\/blog\/wp-json\/wp\/v2\/types\/post"}],"author":[{"embeddable":true,"href":"https:\/\/agenciainfra.com\/blog\/wp-json\/wp\/v2\/users\/1"}],"replies":[{"embeddable":true,"href":"https:\/\/agenciainfra.com\/blog\/wp-json\/wp\/v2\/comments?post=14719"}],"version-history":[{"count":0,"href":"https:\/\/agenciainfra.com\/blog\/wp-json\/wp\/v2\/posts\/14719\/revisions"}],"wp:featuredmedia":[{"embeddable":true,"href":"https:\/\/agenciainfra.com\/blog\/wp-json\/wp\/v2\/media\/11492"}],"wp:attachment":[{"href":"https:\/\/agenciainfra.com\/blog\/wp-json\/wp\/v2\/media?parent=14719"}],"wp:term":[{"taxonomy":"category","embeddable":true,"href":"https:\/\/agenciainfra.com\/blog\/wp-json\/wp\/v2\/categories?post=14719"},{"taxonomy":"post_tag","embeddable":true,"href":"https:\/\/agenciainfra.com\/blog\/wp-json\/wp\/v2\/tags?post=14719"}],"curies":[{"name":"wp","href":"https:\/\/api.w.org\/{rel}","templated":true}]}}