{"id":14744,"date":"2023-11-17T09:00:00","date_gmt":"2023-11-17T12:00:00","guid":{"rendered":"https:\/\/www.agenciainfra.com\/blog\/?p=14744"},"modified":"2026-03-13T09:44:00","modified_gmt":"2026-03-13T12:44:00","slug":"projeto-de-lei-tenta-acabar-com-o-pregao-para-contratar-obras-e-servicos-de-engenharia","status":"publish","type":"post","link":"https:\/\/agenciainfra.com\/blog\/projeto-de-lei-tenta-acabar-com-o-pregao-para-contratar-obras-e-servicos-de-engenharia\/","title":{"rendered":"Projeto de lei tenta acabar com o preg\u00e3o para contratar obras e servi\u00e7os de engenharia"},"content":{"rendered":"\n<p class=\"has-text-align-right\"><strong>Dimmi Amora&nbsp;e&nbsp;Elisa Costa, da Ag\u00eancia iNFRA<\/strong><\/p>\n\n\n\n<p>Um PL (Projeto&nbsp;de&nbsp;Lei) apresentado na C\u00e2mara dos Deputados iniciar\u00e1 uma nova tentativa de impedir a modalidade de&nbsp;preg\u00e3o&nbsp;para&nbsp;as contrata\u00e7\u00f5es de&nbsp;obras&nbsp;e&nbsp;servi\u00e7os&nbsp;de&nbsp;engenharia&nbsp;acima de R$ 1 milh\u00e3o, alterando a Nova&nbsp;Lei&nbsp;de Licita\u00e7\u00f5es&nbsp;e&nbsp;Contratos (14.133\/2021).<br><br>O&nbsp;<a href=\"https:\/\/agenciainfra.us14.list-manage.com\/track\/click?u=d460dd1bcf9ba0ae040e1fc0f&amp;id=3f94313dce&amp;e=f0fa444791\" target=\"_blank\" rel=\"noreferrer noopener\">PL 5.401\/2023<\/a>&nbsp;foi apresentado pelo deputado federal Arnaldo Jardim (Cidadania-SP), ap\u00f3s um longo per\u00edodo de discuss\u00f5es com entidades do setor,&nbsp;e&nbsp;tamb\u00e9m busca outras tr\u00eas mudan\u00e7as na&nbsp;lei&nbsp;que est\u00e1 prevista&nbsp;para&nbsp;entrar em vigor em 2024, ap\u00f3s uma prorroga\u00e7\u00e3o&nbsp;no in\u00edcio deste ano (a previs\u00e3o&nbsp;inicial era abril de 2023).<br><br>De acordo com Carlos Eduardo Lima Jorge, que dirige a Comiss\u00e3o&nbsp;de Infraestrutura da CBIC (C\u00e2mara Brasileira da Ind\u00fastria da Constru\u00e7\u00e3o&nbsp;Civil), a proposta tamb\u00e9m pretende vedar a utiliza\u00e7\u00e3o&nbsp;do modo aberto&nbsp;para&nbsp;processar licita\u00e7\u00f5es de&nbsp;obras&nbsp;e&nbsp;servi\u00e7os&nbsp;de&nbsp;engenharia; classificar como inexequibilidade absoluta propostas cujo valor seja abaixo de 75% do or\u00e7ado;&nbsp;e&nbsp;dar prazo&nbsp;para&nbsp;o&nbsp;pagamento da administra\u00e7\u00e3o&nbsp;aos contratados.<br><br>&#8220;Esse&nbsp;projeto&nbsp;de&nbsp;lei&nbsp;saiu de um grande entendimento do setor&nbsp;e&nbsp;de uma proposta que todos apoiam&nbsp;para&nbsp;tentar corrigir distor\u00e7\u00f5es que a&nbsp;lei&nbsp;aprovada em 2021 manteve. \u00c9 uma&nbsp;lei&nbsp;complexa que merece ajustes&#8221;, defendeu Carlos Eduardo.<br><br>Em sua justificativa,&nbsp;o&nbsp;deputado Arnaldo Jardim afirmou que h\u00e1 um conflito na pr\u00f3pria&nbsp;lei&nbsp;em rela\u00e7\u00e3o&nbsp;ao tema do&nbsp;preg\u00e3o, citando os artigos 29&nbsp;e&nbsp;56. &#8220;Tal como dispostas, as referidas normas do artigo 56, \u00a7 1\u00ba,&nbsp;e&nbsp;do artigo 29, par\u00e1grafo \u00fanico, podem dar ensejo a interpreta\u00e7\u00f5es divergentes&nbsp;e&nbsp;conflituosas acerca da (in)aplicabilidade do&nbsp;preg\u00e3o&nbsp;ou do modo aberto \u00e0s licita\u00e7\u00f5es de&nbsp;obras&nbsp;e&nbsp;servi\u00e7os&nbsp;de&nbsp;engenharia&#8221;, explicou&nbsp;o&nbsp;parlamentar.<br><br>A proposta de&nbsp;acabar&nbsp;com&nbsp;o&nbsp;preg\u00e3o&nbsp;para&nbsp;obras&nbsp;e&nbsp;servi\u00e7os&nbsp;de infraestrutura chegou a ser discutida nas comiss\u00f5es que trataram&nbsp;da altera\u00e7\u00e3o&nbsp;da&nbsp;lei&nbsp;de licita\u00e7\u00f5es em 2020, mas acabou n\u00e3o&nbsp;sendo incorporada, na \u00e9poca por resist\u00eancia de \u00f3rg\u00e3os de controle ao fim desse modelo, que incentivaria&nbsp;contrata\u00e7\u00f5es de menor custo.<br><br>Carlos Eduardo, da CBIC, defende que os preg\u00f5es resultam em contrata\u00e7\u00f5es de baixa qualidade&nbsp;e&nbsp;que, em geral, est\u00e3o&nbsp;entre os principais motivos&nbsp;para&nbsp;as&nbsp;obras&nbsp;paralisadas posteriormente. Ele defende que os governos interrompam imediatamente a chamada modalidade de&nbsp;preg\u00e3o&nbsp;aberta, em que os licitantes disputam lance a lance.<br><br><strong>Estudo do DNIT<\/strong><br>A defesa est\u00e1 baseada em of\u00edcio enviado pela diretoria de Infraestrutura Rodovi\u00e1ria do DNIT (Departamento Nacional de Infraestrutura de Transportes), um dos maiores contratadores de&nbsp;obras&nbsp;do pa\u00eds, recomendando a todas as regionais do \u00f3rg\u00e3o&nbsp;para&nbsp;n\u00e3o&nbsp;usar a modalidade de&nbsp;preg\u00e3o&nbsp;aberto&nbsp;para&nbsp;contratar.<br><br>O&nbsp;estudo da Diretoria de Planejamento&nbsp;e&nbsp;Projetos do \u00f3rg\u00e3o&nbsp;mostrou que, nesse modelo,&nbsp;o&nbsp;desconto m\u00e9dio chega a 49% num per\u00edodo de estudo de seis anos, indicando a inexequibilidade das propostas,&nbsp;o&nbsp;que se confirma por outro dado. De acordo com&nbsp;o&nbsp;trabalho, quanto maior a m\u00e9dia dos descontos num ano, maior&nbsp;o&nbsp;n\u00famero de processos de inexecu\u00e7\u00e3o&nbsp;abertos contra empresas contratadas pelo \u00f3rg\u00e3o&nbsp;no ano seguinte.<br><br>&#8220;Esta Diretoria de Infraestrutura Rodovi\u00e1ria (DIR), coaduna com&nbsp;o&nbsp;entendimento da DPP [Diretoria de Planejamento&nbsp;e&nbsp;Projetos], de que a escolha do modo de disputa fechado tem como objetivo permitir que&nbsp;o&nbsp;contratado oferte uma proposta \u00fanica&nbsp;e&nbsp;fact\u00edvel com sua capacidade operacional&nbsp;e&nbsp;financeira, minimizando&nbsp;o&nbsp;risco de partir&nbsp;para&nbsp;uma disputa aberta, com intuito de apenas aumentar a carteira de contratos, sem se preocupar com a qualidade da execu\u00e7\u00e3o&nbsp;contratual&#8221;, informa&nbsp;o&nbsp;trabalho, dispon\u00edvel&nbsp;<a href=\"https:\/\/agenciainfra.us14.list-manage.com\/track\/click?u=d460dd1bcf9ba0ae040e1fc0f&amp;id=f55cc62cd9&amp;e=f0fa444791\" target=\"_blank\" rel=\"noreferrer noopener\">neste link<\/a>.<br><br>A inexequibilidade das propostas \u00e9 outra preocupa\u00e7\u00e3o&nbsp;do PL do deputado Jardim, que quer deixar ainda mais claro na&nbsp;lei&nbsp;que as propostas abaixo de 75% do valor devem ser consideradas inexequ\u00edveis&nbsp;e&nbsp;os gestores n\u00e3o&nbsp;precisam pedir justificativas&nbsp;para&nbsp;barr\u00e1-las.&nbsp;<br><br>Carlos Eduardo diz ainda que \u00e9 preciso que&nbsp;o&nbsp;Congresso retome um ponto vetado pelo Executivo, que foi a necessidade de ter uma garantia de pagamento depositada em conta espec\u00edfica&nbsp;para&nbsp;as etapas da obra que tiverem ordem de servi\u00e7o&nbsp;dadas pelo gestor&nbsp;e&nbsp;tamb\u00e9m dar um prazo&nbsp;para&nbsp;o&nbsp;pagamento da ordem de servi\u00e7o,&nbsp;o&nbsp;que&nbsp;lei&nbsp;antiga previa em 30 dias&nbsp;e&nbsp;a&nbsp;lei&nbsp;nova deixou em aberto.<br><br>&#8220;A&nbsp;Lei&nbsp;14.133 teve muitos avan\u00e7os, mas deixou a desejar nesses quatro pontos&#8221;, disse&nbsp;o&nbsp;dirigente da CBIC, indicando que as comiss\u00f5es da C\u00e2mara devem convocar audi\u00eancias&nbsp;para&nbsp;discutir&nbsp;o&nbsp;tema.<br><br><strong>Seguro garantia<\/strong><br>A&nbsp;Lei&nbsp;14.133\/2021 passa a ser a \u00fanica&nbsp;lei&nbsp;de contrata\u00e7\u00f5es do pa\u00eds a partir de janeiro, ap\u00f3s um adiamento aprovado pelo Congresso em abril deste ano, quando ela ganharia essa condi\u00e7\u00e3o. Mas v\u00e1rios itens previstos nela ainda carecem de regulamenta\u00e7\u00f5es&nbsp;e&nbsp;normas espec\u00edficas.<br><br>\u00c9&nbsp;o&nbsp;caso do seguro garantia&nbsp;para&nbsp;obras&nbsp;de grande vulto (acima de R$ 200 milh\u00f5es)&nbsp;e&nbsp;a possibilidade de step in, ou seja, a seguradora assumir&nbsp;o&nbsp;comando da obra&nbsp;para&nbsp;continuar&nbsp;o&nbsp;trabalho que a construtora quer paralisar.&nbsp;O&nbsp;modelo \u00e9 visto como uma das esperan\u00e7as de que&nbsp;o&nbsp;pa\u00eds possa reduzir seu problema de&nbsp;obras&nbsp;paradas, mas ainda depende de regulamenta\u00e7\u00e3o&nbsp;da Susep (Superintend\u00eancia de Seguros Privados).<br><br>O&nbsp;presidente da CNSeg (Confedera\u00e7\u00e3o&nbsp;Nacional das Seguradoras), Dyogo Oliveira, lembra que Grupos de Trabalho est\u00e3o&nbsp;discutindo a regula\u00e7\u00e3o&nbsp;desse tema no \u00f3rg\u00e3o&nbsp;e&nbsp;que ser\u00e1 preciso um modelo adequado&nbsp;para&nbsp;que&nbsp;o&nbsp;processo funcione. Ele lembra que, sem&nbsp;o&nbsp;valor-teto previsto na&nbsp;lei&nbsp;para&nbsp;esse tipo de seguro, 30% do valor da obra, dificilmente ser\u00e1 poss\u00edvel que alguma seguradora assuma os riscos.&nbsp;<br><br>&#8220;\u00c9 uma grande vantagem&nbsp;para&nbsp;o&nbsp;setor p\u00fablico&nbsp;contratar&nbsp;dessa forma porque a seguradora atuar\u00e1 como um fiscal da obra, desde&nbsp;o&nbsp;in\u00edcio.&nbsp;E, nos casos de step in, a obra pode continuar pelo mesmo valor contratado, sem interrup\u00e7\u00e3o&nbsp;e&nbsp;sem ter que&nbsp;contratar&nbsp;com um pre\u00e7o&nbsp;novo, em geral mais alto&#8221;, defendeu Dyogo.<br><br><strong>T\u00edtulos de capitaliza\u00e7\u00e3o<\/strong><br>Na semana passada, a CCJ (Comiss\u00e3o&nbsp;de Constitui\u00e7\u00e3o&nbsp;e&nbsp;Justi\u00e7a) do Senado aprovou&nbsp;o&nbsp;<a href=\"https:\/\/agenciainfra.us14.list-manage.com\/track\/click?u=d460dd1bcf9ba0ae040e1fc0f&amp;id=23f605f1de&amp;e=f0fa444791\" rel=\"noreferrer noopener\" target=\"_blank\">PL 3.954\/2023<\/a>, que permite a oferta de t\u00edtulos de capitaliza\u00e7\u00e3o&nbsp;para&nbsp;garantir a execu\u00e7\u00e3o&nbsp;de&nbsp;obras&nbsp;e&nbsp;servi\u00e7os. Os t\u00edtulos de capitaliza\u00e7\u00e3o&nbsp;representam contratos celebrados entre investidores&nbsp;e&nbsp;sociedades de capitaliza\u00e7\u00e3o, autorizadas a operar no mercado pela Susep.<br><br>De acordo com&nbsp;o&nbsp;advogado especialista em infraestrutura Rodrigo Petrasso, a&nbsp;modalidade tem sido utilizada, com algum sucesso, em contratos de loca\u00e7\u00e3o&nbsp;residencial, mas ainda n\u00e3o&nbsp;ganhou tra\u00e7\u00e3o&nbsp;no \u00e2mbito de outros contratos, em especial nas&nbsp;obras&nbsp;p\u00fablicas, por n\u00e3o&nbsp;haver autoriza\u00e7\u00e3o&nbsp;expressa.<br><br>Os t\u00edtulos,&nbsp;para&nbsp;ele, ainda trazem a possibilidade de baratear os custos&nbsp;para&nbsp;a obten\u00e7\u00e3o&nbsp;e&nbsp;a manuten\u00e7\u00e3o&nbsp;das garantias exigidas&nbsp;para&nbsp;as contrata\u00e7\u00f5es p\u00fablicas.&nbsp;A desvantagem, conforme&nbsp;o&nbsp;especialista, \u00e9 que pode existir a necessidade de aporte pela sociedade de capitaliza\u00e7\u00e3o&nbsp;de montante superior \u00e0 cifra que corresponde \u00e0s obriga\u00e7\u00f5es garantidas.<br><br>O&nbsp;PL tamb\u00e9m determina que licita\u00e7\u00f5es de&nbsp;servi\u00e7os&nbsp;especiais de&nbsp;engenharia&nbsp;com valor superior a R$ 1,5 milh\u00e3o&nbsp;devem sempre ocorrer no modo de disputa fechado, que, segundo&nbsp;o&nbsp;advogado, \u00e9 um pleito antigo do setor de infraestrutura.<br><br>\u201cA proposta busca desestimular a apresenta\u00e7\u00e3o&nbsp;de pre\u00e7os incompat\u00edveis com a complexidade dos&nbsp;servi\u00e7os&nbsp;em quest\u00e3o, permitindo a manuten\u00e7\u00e3o&nbsp;de patamares t\u00e9cnicos adequados\u201d, concluiu.<br><br><strong>PNCP<\/strong><br>Outro tema incompleto da nova&nbsp;lei&nbsp;\u00e9&nbsp;o&nbsp;PNCP (Portal Nacional de Contrata\u00e7\u00f5es&nbsp;P\u00fablicas), que foi previsto de ser implementado quando a&nbsp;lei&nbsp;entrasse em vigor. Mas, segundo uma recente auditoria do TCU (Tribunal de Contas da Uni\u00e3o), v\u00e1rias das a\u00e7\u00f5es previstas&nbsp;para&nbsp;criar esse instrumento de transpar\u00eancia da nova&nbsp;lei&nbsp;n\u00e3o&nbsp;devem estar em funcionamento at\u00e9&nbsp;o&nbsp;fim do ano.<br><br>O&nbsp;relator do processo, ministro Jorge Oliveira, indicou que h\u00e1 limita\u00e7\u00f5es de pessoal&nbsp;e&nbsp;or\u00e7amento&nbsp;para&nbsp;a implementa\u00e7\u00e3o&nbsp;das funcionalidades previstas&nbsp;para&nbsp;o&nbsp;portal, que pretende reunir milhares de informa\u00e7\u00f5es sobre contrata\u00e7\u00f5es p\u00fablicas em todo&nbsp;o&nbsp;pa\u00eds.&nbsp;<br><br>Por isso, os ministros acordaram em emitir determina\u00e7\u00f5es ao governo&nbsp;para&nbsp;que indique at\u00e9 30 de dezembro todas as funcionalidades que&nbsp;o&nbsp;portal pretende implementar&nbsp;e&nbsp;um plano de a\u00e7\u00e3o&nbsp;para&nbsp;a sua implementa\u00e7\u00e3o&nbsp;que j\u00e1 contemple&nbsp;o&nbsp;que estar\u00e1 funcional em 2024. A decis\u00e3o&nbsp;est\u00e1&nbsp;<a href=\"https:\/\/agenciainfra.us14.list-manage.com\/track\/click?u=d460dd1bcf9ba0ae040e1fc0f&amp;id=0ff018c435&amp;e=f0fa444791\" target=\"_blank\" rel=\"noreferrer noopener\">neste link<\/a>.<br><br>No caso do PNCP, a C\u00e2mara dos Deputados j\u00e1 aprovou um&nbsp;Projeto&nbsp;de&nbsp;Lei&nbsp;(249\/2022) que cria novos instrumentos de transpar\u00eancia&nbsp;para&nbsp;o&nbsp;sistema de contrata\u00e7\u00f5es p\u00fablicas, que impactar\u00e1 no portal,&nbsp;e&nbsp;a proposta est\u00e1 agora em an\u00e1lise pelo Senado.<\/p>\n","protected":false},"excerpt":{"rendered":"<p>Dimmi Amora&nbsp;e&nbsp;Elisa Costa, da Ag\u00eancia iNFRA Um PL (Projeto&nbsp;de&nbsp;Lei) apresentado na C\u00e2mara dos Deputados iniciar\u00e1 uma nova tentativa de impedir a modalidade de&nbsp;preg\u00e3o&nbsp;para&nbsp;as contrata\u00e7\u00f5es de&nbsp;obras&nbsp;e&nbsp;servi\u00e7os&nbsp;de&nbsp;engenharia&nbsp;acima de R$ 1 milh\u00e3o, alterando a Nova&nbsp;Lei&nbsp;de Licita\u00e7\u00f5es&nbsp;e&nbsp;Contratos (14.133\/2021). O&nbsp;PL 5.401\/2023&nbsp;foi apresentado pelo deputado federal Arnaldo Jardim (Cidadania-SP), ap\u00f3s um longo per\u00edodo de discuss\u00f5es com entidades do setor,&nbsp;e&nbsp;tamb\u00e9m busca outras [&hellip;]<\/p>\n","protected":false},"author":1,"featured_media":12138,"comment_status":"closed","ping_status":"closed","sticky":false,"template":"","format":"standard","meta":{"_monsterinsights_skip_tracking":false,"_monsterinsights_sitenote_active":false,"_monsterinsights_sitenote_note":"","_monsterinsights_sitenote_category":0,"footnotes":""},"categories":[7250,1,7],"tags":[888,3972,130,1299,7367,34,3953,111,7737,3597,5577],"class_list":["post-14744","post","type-post","status-publish","format-standard","has-post-thumbnail","hentry","category-destaque-lista","category-geral","category-infratransporte","tag-arnaldo-jardim","tag-carlos-eduardo-lima-jorge","tag-cbic","tag-dimmi-amora","tag-elisa-costa","tag-infraestrutura","tag-lei-14-133-2021","tag-lei-de-licitacoes","tag-pl-5-401-2023","tag-pregao","tag-servicos-de-engenharia"],"yoast_head":"<!-- This site is optimized with the Yoast SEO Premium plugin v25.4 (Yoast SEO v26.0) - https:\/\/yoast.com\/wordpress\/plugins\/seo\/ -->\n<title>Projeto de lei tenta acabar com o preg\u00e3o para contratar obras e servi\u00e7os de engenharia - Ag\u00eancia iNFRA<\/title>\n<meta name=\"robots\" content=\"index, follow, max-snippet:-1, max-image-preview:large, max-video-preview:-1\" \/>\n<link rel=\"canonical\" href=\"https:\/\/agenciainfra.com\/blog\/projeto-de-lei-tenta-acabar-com-o-pregao-para-contratar-obras-e-servicos-de-engenharia\/\" \/>\n<meta property=\"og:locale\" content=\"pt_BR\" \/>\n<meta property=\"og:type\" content=\"article\" \/>\n<meta property=\"og:title\" content=\"Projeto de lei tenta acabar com o preg\u00e3o para contratar obras e servi\u00e7os de engenharia\" \/>\n<meta property=\"og:description\" content=\"Dimmi Amora&nbsp;e&nbsp;Elisa Costa, da Ag\u00eancia iNFRA Um PL (Projeto&nbsp;de&nbsp;Lei) apresentado na C\u00e2mara dos Deputados iniciar\u00e1 uma nova tentativa de impedir a modalidade de&nbsp;preg\u00e3o&nbsp;para&nbsp;as contrata\u00e7\u00f5es de&nbsp;obras&nbsp;e&nbsp;servi\u00e7os&nbsp;de&nbsp;engenharia&nbsp;acima de R$ 1 milh\u00e3o, alterando a Nova&nbsp;Lei&nbsp;de Licita\u00e7\u00f5es&nbsp;e&nbsp;Contratos (14.133\/2021). O&nbsp;PL 5.401\/2023&nbsp;foi apresentado pelo deputado federal Arnaldo Jardim (Cidadania-SP), ap\u00f3s um longo per\u00edodo de discuss\u00f5es com entidades do setor,&nbsp;e&nbsp;tamb\u00e9m busca outras [&hellip;]\" \/>\n<meta property=\"og:url\" content=\"https:\/\/agenciainfra.com\/blog\/projeto-de-lei-tenta-acabar-com-o-pregao-para-contratar-obras-e-servicos-de-engenharia\/\" \/>\n<meta property=\"og:site_name\" content=\"Ag\u00eancia iNFRA\" \/>\n<meta property=\"article:publisher\" content=\"https:\/\/www.facebook.com\/ageninfra\" \/>\n<meta property=\"article:published_time\" content=\"2023-11-17T12:00:00+00:00\" \/>\n<meta property=\"article:modified_time\" content=\"2026-03-13T12:44:00+00:00\" \/>\n<meta property=\"og:image\" content=\"https:\/\/agenciainfra.com\/blog\/wp-content\/uploads\/2023\/02\/arnaldo-jardim-foto-pablo-valadares-camara-dos-deputados.jpeg\" \/>\n\t<meta property=\"og:image:width\" content=\"1280\" \/>\n\t<meta property=\"og:image:height\" content=\"853\" \/>\n\t<meta property=\"og:image:type\" content=\"image\/jpeg\" \/>\n<meta name=\"author\" content=\"Ag\u00eancia iNFRA\" \/>\n<meta name=\"twitter:card\" content=\"summary_large_image\" \/>\n<meta name=\"twitter:creator\" content=\"@agencia_infra\" \/>\n<meta name=\"twitter:site\" content=\"@agencia_infra\" \/>\n<meta name=\"twitter:label1\" content=\"Escrito por\" \/>\n\t<meta name=\"twitter:data1\" content=\"Ag\u00eancia iNFRA\" \/>\n\t<meta name=\"twitter:label2\" content=\"Est. tempo de leitura\" \/>\n\t<meta name=\"twitter:data2\" content=\"9 minutos\" \/>\n<script type=\"application\/ld+json\" class=\"yoast-schema-graph\">{\"@context\":\"https:\/\/schema.org\",\"@graph\":[{\"@type\":\"Article\",\"@id\":\"https:\/\/agenciainfra.com\/blog\/projeto-de-lei-tenta-acabar-com-o-pregao-para-contratar-obras-e-servicos-de-engenharia\/#article\",\"isPartOf\":{\"@id\":\"https:\/\/agenciainfra.com\/blog\/projeto-de-lei-tenta-acabar-com-o-pregao-para-contratar-obras-e-servicos-de-engenharia\/\"},\"author\":{\"name\":\"Ag\u00eancia iNFRA\",\"@id\":\"https:\/\/agenciainfra.com\/blog\/#\/schema\/person\/34af08dff6adea4cb22b06612ba7acfa\"},\"headline\":\"Projeto de lei tenta acabar com o preg\u00e3o para contratar obras e servi\u00e7os de engenharia\",\"datePublished\":\"2023-11-17T12:00:00+00:00\",\"dateModified\":\"2026-03-13T12:44:00+00:00\",\"mainEntityOfPage\":{\"@id\":\"https:\/\/agenciainfra.com\/blog\/projeto-de-lei-tenta-acabar-com-o-pregao-para-contratar-obras-e-servicos-de-engenharia\/\"},\"wordCount\":1815,\"publisher\":{\"@id\":\"https:\/\/agenciainfra.com\/blog\/#organization\"},\"image\":{\"@id\":\"https:\/\/agenciainfra.com\/blog\/projeto-de-lei-tenta-acabar-com-o-pregao-para-contratar-obras-e-servicos-de-engenharia\/#primaryimage\"},\"thumbnailUrl\":\"https:\/\/agenciainfra.com\/blog\/wp-content\/uploads\/2023\/02\/arnaldo-jardim-foto-pablo-valadares-camara-dos-deputados.jpeg\",\"keywords\":[\"Arnaldo Jardim\",\"Carlos Eduardo Lima Jorge\",\"CBIC\",\"Dimmi Amora\",\"Elisa Costa\",\"Infraestrutura\",\"Lei 14.133\/2021\",\"Lei de Licita\u00e7\u00f5es\",\"PL 5.401\/2023\",\"preg\u00e3o\",\"servi\u00e7os de engenharia\"],\"articleSection\":[\"Destaque lista\",\"Geral\",\"iNFRATransporte\"],\"inLanguage\":\"pt-BR\",\"copyrightYear\":\"2023\",\"copyrightHolder\":{\"@id\":\"https:\/\/agenciainfra.com\/blog\/#organization\"}},{\"@type\":\"WebPage\",\"@id\":\"https:\/\/agenciainfra.com\/blog\/projeto-de-lei-tenta-acabar-com-o-pregao-para-contratar-obras-e-servicos-de-engenharia\/\",\"url\":\"https:\/\/agenciainfra.com\/blog\/projeto-de-lei-tenta-acabar-com-o-pregao-para-contratar-obras-e-servicos-de-engenharia\/\",\"name\":\"Projeto de lei tenta acabar com o preg\u00e3o para contratar obras e servi\u00e7os de engenharia - Ag\u00eancia iNFRA\",\"isPartOf\":{\"@id\":\"https:\/\/agenciainfra.com\/blog\/#website\"},\"primaryImageOfPage\":{\"@id\":\"https:\/\/agenciainfra.com\/blog\/projeto-de-lei-tenta-acabar-com-o-pregao-para-contratar-obras-e-servicos-de-engenharia\/#primaryimage\"},\"image\":{\"@id\":\"https:\/\/agenciainfra.com\/blog\/projeto-de-lei-tenta-acabar-com-o-pregao-para-contratar-obras-e-servicos-de-engenharia\/#primaryimage\"},\"thumbnailUrl\":\"https:\/\/agenciainfra.com\/blog\/wp-content\/uploads\/2023\/02\/arnaldo-jardim-foto-pablo-valadares-camara-dos-deputados.jpeg\",\"datePublished\":\"2023-11-17T12:00:00+00:00\",\"dateModified\":\"2026-03-13T12:44:00+00:00\",\"breadcrumb\":{\"@id\":\"https:\/\/agenciainfra.com\/blog\/projeto-de-lei-tenta-acabar-com-o-pregao-para-contratar-obras-e-servicos-de-engenharia\/#breadcrumb\"},\"inLanguage\":\"pt-BR\",\"potentialAction\":[{\"@type\":\"ReadAction\",\"target\":[\"https:\/\/agenciainfra.com\/blog\/projeto-de-lei-tenta-acabar-com-o-pregao-para-contratar-obras-e-servicos-de-engenharia\/\"]}]},{\"@type\":\"ImageObject\",\"inLanguage\":\"pt-BR\",\"@id\":\"https:\/\/agenciainfra.com\/blog\/projeto-de-lei-tenta-acabar-com-o-pregao-para-contratar-obras-e-servicos-de-engenharia\/#primaryimage\",\"url\":\"https:\/\/agenciainfra.com\/blog\/wp-content\/uploads\/2023\/02\/arnaldo-jardim-foto-pablo-valadares-camara-dos-deputados.jpeg\",\"contentUrl\":\"https:\/\/agenciainfra.com\/blog\/wp-content\/uploads\/2023\/02\/arnaldo-jardim-foto-pablo-valadares-camara-dos-deputados.jpeg\",\"width\":1280,\"height\":853,\"caption\":\"Foto: Pablo Valadares\/C\u00e2mara dos Deputados\"},{\"@type\":\"BreadcrumbList\",\"@id\":\"https:\/\/agenciainfra.com\/blog\/projeto-de-lei-tenta-acabar-com-o-pregao-para-contratar-obras-e-servicos-de-engenharia\/#breadcrumb\",\"itemListElement\":[{\"@type\":\"ListItem\",\"position\":1,\"name\":\"In\u00edcio\",\"item\":\"https:\/\/agenciainfra.com\/blog\/\"},{\"@type\":\"ListItem\",\"position\":2,\"name\":\"Projeto de lei tenta acabar com o preg\u00e3o para contratar obras e servi\u00e7os de engenharia\"}]},{\"@type\":\"WebSite\",\"@id\":\"https:\/\/agenciainfra.com\/blog\/#website\",\"url\":\"https:\/\/agenciainfra.com\/blog\/\",\"name\":\"Ag\u00eancia iNFRA\",\"description\":\"Multiplataforma de informa\u00e7\u00e3o jornal\u00edstica refer\u00eancia na \u00e1rea de infraestrutura no Brasil!\",\"publisher\":{\"@id\":\"https:\/\/agenciainfra.com\/blog\/#organization\"},\"potentialAction\":[{\"@type\":\"SearchAction\",\"target\":{\"@type\":\"EntryPoint\",\"urlTemplate\":\"https:\/\/agenciainfra.com\/blog\/?s={search_term_string}\"},\"query-input\":{\"@type\":\"PropertyValueSpecification\",\"valueRequired\":true,\"valueName\":\"search_term_string\"}}],\"inLanguage\":\"pt-BR\"},{\"@type\":\"Organization\",\"@id\":\"https:\/\/agenciainfra.com\/blog\/#organization\",\"name\":\"Ag\u00eancia iNFRA\",\"url\":\"https:\/\/agenciainfra.com\/blog\/\",\"logo\":{\"@type\":\"ImageObject\",\"inLanguage\":\"pt-BR\",\"@id\":\"https:\/\/agenciainfra.com\/blog\/#\/schema\/logo\/image\/\",\"url\":\"https:\/\/agenciainfra.com\/blog\/wp-content\/uploads\/2023\/09\/iNFRA_5-e1761735885940.png\",\"contentUrl\":\"https:\/\/agenciainfra.com\/blog\/wp-content\/uploads\/2023\/09\/iNFRA_5-e1761735885940.png\",\"width\":1672,\"height\":454,\"caption\":\"Ag\u00eancia iNFRA\"},\"image\":{\"@id\":\"https:\/\/agenciainfra.com\/blog\/#\/schema\/logo\/image\/\"},\"sameAs\":[\"https:\/\/www.facebook.com\/ageninfra\",\"https:\/\/x.com\/agencia_infra\",\"https:\/\/www.linkedin.com\/company\/ag\u00eanciainfra\/\",\"https:\/\/www.instagram.com\/agenciainfra\/\"]},{\"@type\":\"Person\",\"@id\":\"https:\/\/agenciainfra.com\/blog\/#\/schema\/person\/34af08dff6adea4cb22b06612ba7acfa\",\"name\":\"Ag\u00eancia iNFRA\",\"image\":{\"@type\":\"ImageObject\",\"inLanguage\":\"pt-BR\",\"@id\":\"https:\/\/agenciainfra.com\/blog\/#\/schema\/person\/image\/\",\"url\":\"https:\/\/secure.gravatar.com\/avatar\/d189e01678f06d8eb84d4e01f08eb848b3fffe3f8443818d3c356c66892f5be8?s=96&d=mm&r=g\",\"contentUrl\":\"https:\/\/secure.gravatar.com\/avatar\/d189e01678f06d8eb84d4e01f08eb848b3fffe3f8443818d3c356c66892f5be8?s=96&d=mm&r=g\",\"caption\":\"Ag\u00eancia iNFRA\"},\"url\":\"https:\/\/agenciainfra.com\/blog\/author\/admin\/\"}]}<\/script>\n<!-- \/ Yoast SEO Premium plugin. -->","yoast_head_json":{"title":"Projeto de lei tenta acabar com o preg\u00e3o para contratar obras e servi\u00e7os de engenharia - Ag\u00eancia iNFRA","robots":{"index":"index","follow":"follow","max-snippet":"max-snippet:-1","max-image-preview":"max-image-preview:large","max-video-preview":"max-video-preview:-1"},"canonical":"https:\/\/agenciainfra.com\/blog\/projeto-de-lei-tenta-acabar-com-o-pregao-para-contratar-obras-e-servicos-de-engenharia\/","og_locale":"pt_BR","og_type":"article","og_title":"Projeto de lei tenta acabar com o preg\u00e3o para contratar obras e servi\u00e7os de engenharia","og_description":"Dimmi Amora&nbsp;e&nbsp;Elisa Costa, da Ag\u00eancia iNFRA Um PL (Projeto&nbsp;de&nbsp;Lei) apresentado na C\u00e2mara dos Deputados iniciar\u00e1 uma nova tentativa de impedir a modalidade de&nbsp;preg\u00e3o&nbsp;para&nbsp;as contrata\u00e7\u00f5es de&nbsp;obras&nbsp;e&nbsp;servi\u00e7os&nbsp;de&nbsp;engenharia&nbsp;acima de R$ 1 milh\u00e3o, alterando a Nova&nbsp;Lei&nbsp;de Licita\u00e7\u00f5es&nbsp;e&nbsp;Contratos (14.133\/2021). O&nbsp;PL 5.401\/2023&nbsp;foi apresentado pelo deputado federal Arnaldo Jardim (Cidadania-SP), ap\u00f3s um longo per\u00edodo de discuss\u00f5es com entidades do setor,&nbsp;e&nbsp;tamb\u00e9m busca outras [&hellip;]","og_url":"https:\/\/agenciainfra.com\/blog\/projeto-de-lei-tenta-acabar-com-o-pregao-para-contratar-obras-e-servicos-de-engenharia\/","og_site_name":"Ag\u00eancia iNFRA","article_publisher":"https:\/\/www.facebook.com\/ageninfra","article_published_time":"2023-11-17T12:00:00+00:00","article_modified_time":"2026-03-13T12:44:00+00:00","og_image":[{"width":1280,"height":853,"url":"https:\/\/agenciainfra.com\/blog\/wp-content\/uploads\/2023\/02\/arnaldo-jardim-foto-pablo-valadares-camara-dos-deputados.jpeg","type":"image\/jpeg"}],"author":"Ag\u00eancia iNFRA","twitter_card":"summary_large_image","twitter_creator":"@agencia_infra","twitter_site":"@agencia_infra","twitter_misc":{"Escrito por":"Ag\u00eancia iNFRA","Est. tempo de leitura":"9 minutos"},"schema":{"@context":"https:\/\/schema.org","@graph":[{"@type":"Article","@id":"https:\/\/agenciainfra.com\/blog\/projeto-de-lei-tenta-acabar-com-o-pregao-para-contratar-obras-e-servicos-de-engenharia\/#article","isPartOf":{"@id":"https:\/\/agenciainfra.com\/blog\/projeto-de-lei-tenta-acabar-com-o-pregao-para-contratar-obras-e-servicos-de-engenharia\/"},"author":{"name":"Ag\u00eancia iNFRA","@id":"https:\/\/agenciainfra.com\/blog\/#\/schema\/person\/34af08dff6adea4cb22b06612ba7acfa"},"headline":"Projeto de lei tenta acabar com o preg\u00e3o para contratar obras e servi\u00e7os de engenharia","datePublished":"2023-11-17T12:00:00+00:00","dateModified":"2026-03-13T12:44:00+00:00","mainEntityOfPage":{"@id":"https:\/\/agenciainfra.com\/blog\/projeto-de-lei-tenta-acabar-com-o-pregao-para-contratar-obras-e-servicos-de-engenharia\/"},"wordCount":1815,"publisher":{"@id":"https:\/\/agenciainfra.com\/blog\/#organization"},"image":{"@id":"https:\/\/agenciainfra.com\/blog\/projeto-de-lei-tenta-acabar-com-o-pregao-para-contratar-obras-e-servicos-de-engenharia\/#primaryimage"},"thumbnailUrl":"https:\/\/agenciainfra.com\/blog\/wp-content\/uploads\/2023\/02\/arnaldo-jardim-foto-pablo-valadares-camara-dos-deputados.jpeg","keywords":["Arnaldo Jardim","Carlos Eduardo Lima Jorge","CBIC","Dimmi Amora","Elisa Costa","Infraestrutura","Lei 14.133\/2021","Lei de Licita\u00e7\u00f5es","PL 5.401\/2023","preg\u00e3o","servi\u00e7os de engenharia"],"articleSection":["Destaque lista","Geral","iNFRATransporte"],"inLanguage":"pt-BR","copyrightYear":"2023","copyrightHolder":{"@id":"https:\/\/agenciainfra.com\/blog\/#organization"}},{"@type":"WebPage","@id":"https:\/\/agenciainfra.com\/blog\/projeto-de-lei-tenta-acabar-com-o-pregao-para-contratar-obras-e-servicos-de-engenharia\/","url":"https:\/\/agenciainfra.com\/blog\/projeto-de-lei-tenta-acabar-com-o-pregao-para-contratar-obras-e-servicos-de-engenharia\/","name":"Projeto de lei tenta acabar com o preg\u00e3o para contratar obras e servi\u00e7os de engenharia - Ag\u00eancia iNFRA","isPartOf":{"@id":"https:\/\/agenciainfra.com\/blog\/#website"},"primaryImageOfPage":{"@id":"https:\/\/agenciainfra.com\/blog\/projeto-de-lei-tenta-acabar-com-o-pregao-para-contratar-obras-e-servicos-de-engenharia\/#primaryimage"},"image":{"@id":"https:\/\/agenciainfra.com\/blog\/projeto-de-lei-tenta-acabar-com-o-pregao-para-contratar-obras-e-servicos-de-engenharia\/#primaryimage"},"thumbnailUrl":"https:\/\/agenciainfra.com\/blog\/wp-content\/uploads\/2023\/02\/arnaldo-jardim-foto-pablo-valadares-camara-dos-deputados.jpeg","datePublished":"2023-11-17T12:00:00+00:00","dateModified":"2026-03-13T12:44:00+00:00","breadcrumb":{"@id":"https:\/\/agenciainfra.com\/blog\/projeto-de-lei-tenta-acabar-com-o-pregao-para-contratar-obras-e-servicos-de-engenharia\/#breadcrumb"},"inLanguage":"pt-BR","potentialAction":[{"@type":"ReadAction","target":["https:\/\/agenciainfra.com\/blog\/projeto-de-lei-tenta-acabar-com-o-pregao-para-contratar-obras-e-servicos-de-engenharia\/"]}]},{"@type":"ImageObject","inLanguage":"pt-BR","@id":"https:\/\/agenciainfra.com\/blog\/projeto-de-lei-tenta-acabar-com-o-pregao-para-contratar-obras-e-servicos-de-engenharia\/#primaryimage","url":"https:\/\/agenciainfra.com\/blog\/wp-content\/uploads\/2023\/02\/arnaldo-jardim-foto-pablo-valadares-camara-dos-deputados.jpeg","contentUrl":"https:\/\/agenciainfra.com\/blog\/wp-content\/uploads\/2023\/02\/arnaldo-jardim-foto-pablo-valadares-camara-dos-deputados.jpeg","width":1280,"height":853,"caption":"Foto: Pablo Valadares\/C\u00e2mara dos Deputados"},{"@type":"BreadcrumbList","@id":"https:\/\/agenciainfra.com\/blog\/projeto-de-lei-tenta-acabar-com-o-pregao-para-contratar-obras-e-servicos-de-engenharia\/#breadcrumb","itemListElement":[{"@type":"ListItem","position":1,"name":"In\u00edcio","item":"https:\/\/agenciainfra.com\/blog\/"},{"@type":"ListItem","position":2,"name":"Projeto de lei tenta acabar com o preg\u00e3o para contratar obras e servi\u00e7os de engenharia"}]},{"@type":"WebSite","@id":"https:\/\/agenciainfra.com\/blog\/#website","url":"https:\/\/agenciainfra.com\/blog\/","name":"Ag\u00eancia iNFRA","description":"Multiplataforma de informa\u00e7\u00e3o jornal\u00edstica refer\u00eancia na \u00e1rea de infraestrutura no Brasil!","publisher":{"@id":"https:\/\/agenciainfra.com\/blog\/#organization"},"potentialAction":[{"@type":"SearchAction","target":{"@type":"EntryPoint","urlTemplate":"https:\/\/agenciainfra.com\/blog\/?s={search_term_string}"},"query-input":{"@type":"PropertyValueSpecification","valueRequired":true,"valueName":"search_term_string"}}],"inLanguage":"pt-BR"},{"@type":"Organization","@id":"https:\/\/agenciainfra.com\/blog\/#organization","name":"Ag\u00eancia iNFRA","url":"https:\/\/agenciainfra.com\/blog\/","logo":{"@type":"ImageObject","inLanguage":"pt-BR","@id":"https:\/\/agenciainfra.com\/blog\/#\/schema\/logo\/image\/","url":"https:\/\/agenciainfra.com\/blog\/wp-content\/uploads\/2023\/09\/iNFRA_5-e1761735885940.png","contentUrl":"https:\/\/agenciainfra.com\/blog\/wp-content\/uploads\/2023\/09\/iNFRA_5-e1761735885940.png","width":1672,"height":454,"caption":"Ag\u00eancia iNFRA"},"image":{"@id":"https:\/\/agenciainfra.com\/blog\/#\/schema\/logo\/image\/"},"sameAs":["https:\/\/www.facebook.com\/ageninfra","https:\/\/x.com\/agencia_infra","https:\/\/www.linkedin.com\/company\/ag\u00eanciainfra\/","https:\/\/www.instagram.com\/agenciainfra\/"]},{"@type":"Person","@id":"https:\/\/agenciainfra.com\/blog\/#\/schema\/person\/34af08dff6adea4cb22b06612ba7acfa","name":"Ag\u00eancia iNFRA","image":{"@type":"ImageObject","inLanguage":"pt-BR","@id":"https:\/\/agenciainfra.com\/blog\/#\/schema\/person\/image\/","url":"https:\/\/secure.gravatar.com\/avatar\/d189e01678f06d8eb84d4e01f08eb848b3fffe3f8443818d3c356c66892f5be8?s=96&d=mm&r=g","contentUrl":"https:\/\/secure.gravatar.com\/avatar\/d189e01678f06d8eb84d4e01f08eb848b3fffe3f8443818d3c356c66892f5be8?s=96&d=mm&r=g","caption":"Ag\u00eancia iNFRA"},"url":"https:\/\/agenciainfra.com\/blog\/author\/admin\/"}]}},"_links":{"self":[{"href":"https:\/\/agenciainfra.com\/blog\/wp-json\/wp\/v2\/posts\/14744","targetHints":{"allow":["GET"]}}],"collection":[{"href":"https:\/\/agenciainfra.com\/blog\/wp-json\/wp\/v2\/posts"}],"about":[{"href":"https:\/\/agenciainfra.com\/blog\/wp-json\/wp\/v2\/types\/post"}],"author":[{"embeddable":true,"href":"https:\/\/agenciainfra.com\/blog\/wp-json\/wp\/v2\/users\/1"}],"replies":[{"embeddable":true,"href":"https:\/\/agenciainfra.com\/blog\/wp-json\/wp\/v2\/comments?post=14744"}],"version-history":[{"count":1,"href":"https:\/\/agenciainfra.com\/blog\/wp-json\/wp\/v2\/posts\/14744\/revisions"}],"predecessor-version":[{"id":37762,"href":"https:\/\/agenciainfra.com\/blog\/wp-json\/wp\/v2\/posts\/14744\/revisions\/37762"}],"wp:featuredmedia":[{"embeddable":true,"href":"https:\/\/agenciainfra.com\/blog\/wp-json\/wp\/v2\/media\/12138"}],"wp:attachment":[{"href":"https:\/\/agenciainfra.com\/blog\/wp-json\/wp\/v2\/media?parent=14744"}],"wp:term":[{"taxonomy":"category","embeddable":true,"href":"https:\/\/agenciainfra.com\/blog\/wp-json\/wp\/v2\/categories?post=14744"},{"taxonomy":"post_tag","embeddable":true,"href":"https:\/\/agenciainfra.com\/blog\/wp-json\/wp\/v2\/tags?post=14744"}],"curies":[{"name":"wp","href":"https:\/\/api.w.org\/{rel}","templated":true}]}}