{"id":14758,"date":"2023-11-20T09:00:00","date_gmt":"2023-11-20T12:00:00","guid":{"rendered":"https:\/\/www.agenciainfra.com\/blog\/?p=14758"},"modified":"2026-03-13T09:43:58","modified_gmt":"2026-03-13T12:43:58","slug":"concessao-da-br-364-ro-vai-ao-tcu-ainda-neste-ano-diz-ministro-dos-transportes","status":"publish","type":"post","link":"https:\/\/agenciainfra.com\/blog\/concessao-da-br-364-ro-vai-ao-tcu-ainda-neste-ano-diz-ministro-dos-transportes\/","title":{"rendered":"Concess\u00e3o da BR-364\/RO vai ao TCU ainda neste ano, diz ministro dos Transportes"},"content":{"rendered":"\n<p class=\"has-text-align-right\"><strong>Dimmi Amora,&nbsp;da&nbsp;Ag\u00eancia iNFRA<\/strong><\/p>\n\n\n\n<p>O processo de&nbsp;concess\u00e3o&nbsp;da&nbsp;BR-364\/RO&nbsp;deve ter sua proposta de edital e leil\u00e3o encaminhadas para an\u00e1lise do&nbsp;TCU&nbsp;(Tribunal de Contas&nbsp;da&nbsp;Uni\u00e3o) em dezembro, afirmou o&nbsp;ministro&nbsp;dos&nbsp;Transportes, Renan Filho, na \u00faltima quarta-feira (14). A estimativa \u00e9 publicar o edital no primeiro semestre de 2024 e realizar o leil\u00e3o no semestre seguinte.&nbsp;<br><br>A informa\u00e7\u00e3o foi dada durante evento para assinatura do edital de licita\u00e7\u00e3o para a constru\u00e7\u00e3o de uma ponte no estado entre as cidades de Guajar\u00e1-Mirim, no Brasil, e Guayaramerin, na Bol\u00edvia, sobre o Rio Mamor\u00e9, na sede do minist\u00e9rio.<br><br>&#8220;Estamos chamando de Rota Agro Norte. Vamos conversar com o governador [Marcos Rocha] na semana que vem&#8221;, disse o&nbsp;ministro. &#8220;A&nbsp;BR-364&nbsp;\u00e9 um grande corredor de exporta\u00e7\u00e3o, pelo Rio Madeira, numa hidrovia fundamental para o Brasil. Estamos concedendo toda a&nbsp;BR-364, desde Goi\u00e1s.&#8221;<br><br>Esse bloco \u00e9 o chamado CN 5, estruturado pelo BNDES (Banco Nacional de Desenvolvimento Econ\u00f4mico e Social), que prev\u00ea a&nbsp;concess\u00e3o&nbsp;do trecho de 729 quil\u00f4metros entre Vilhena e Porto Velho. A proposta prev\u00ea um capex de R$ 4,08 bilh\u00f5es para um contrato de 30 anos e taxa de retorno de 8,47%, de acordo com dados apresentados por Renan Filho. A estimativa \u00e9 de implanta\u00e7\u00e3o de sete pra\u00e7as de ped\u00e1gio, com valor de R$ 0,11 por quil\u00f4metro para pista simples e R$ 0,15 para pista dupla.<br><br>A agora chamada Rota Agro Norte \u00e9 uma das 12 concess\u00f5es de rodovias que o governo anunciou que far\u00e1 em 2024. Algumas j\u00e1 est\u00e3o com editais aprovados no&nbsp;TCU, como \u00e9 o caso&nbsp;da&nbsp;BR-040\/MG, por exemplo, cujo edital&nbsp;o governo trabalha para publicar&nbsp;ainda&nbsp;neste&nbsp;ano, para a disputa acontecer em 2024.<br><br>Outras j\u00e1 t\u00eam audi\u00eancias p\u00fablicas realizadas pela ANTT (Ag\u00eancia Nacional de&nbsp;Transportes&nbsp;Terrestres), como o Lote CN 1, das BRs-060\/452, de Goi\u00e2nia-Rio Verde-Itumbiara; o lote CN 2, das BRs-060\/364, entre Goi\u00e1s e Mato Grosso; o lote CN 3, das BRs-070\/174\/364, de Mato Grosso a Rond\u00f4nia; al\u00e9m&nbsp;dos&nbsp;lotes 3 a 6 das Rodovias do Paran\u00e1.<br><br>Nesses casos, governo e ag\u00eancia avaliam&nbsp;ainda&nbsp;quais encaminham&nbsp;ao&nbsp;TCU, alguns com possibilidade de irem&nbsp;ainda&nbsp;neste&nbsp;ano, o que deve se resolver at\u00e9 o fim deste m\u00eas ap\u00f3s reuni\u00f5es com representantes&nbsp;dos&nbsp;\u00f3rg\u00e3o de controle.<br><br>Outra rodovia que tamb\u00e9m pode ir para an\u00e1lise do \u00f3rg\u00e3o de controle \u00e9 a chamada Rota do Pantanal, que \u00e9 o trecho norte&nbsp;da&nbsp;BR-163\/MS. No entanto, isso&nbsp;vai&nbsp;depender de haver ou n\u00e3o acordo para a repactua\u00e7\u00e3o do contrato, que est\u00e1 em an\u00e1lise no&nbsp;TCU, j\u00e1 que se tratava de um processo de relicita\u00e7\u00e3o.&nbsp;<br><br>Se houver acordo, a atual concession\u00e1ria MS Vias, do Grupo CCR, segue operando e&nbsp;vai&nbsp;retomar investimentos que estavam oficialmente suspensos desde o in\u00edcio do processo de relicita\u00e7\u00e3o. N\u00e3o havendo acordo, a&nbsp;concess\u00e3o&nbsp;ser\u00e1 relicitada.<br><br><strong>Ponte de 120 anos<\/strong><br>O an\u00fancio&nbsp;da&nbsp;licita\u00e7\u00e3o para a constru\u00e7\u00e3o&nbsp;da&nbsp;ponte entre os dois pa\u00edses contou com a presen\u00e7a do&nbsp;ministro&nbsp;de Obras P\u00fablicas&nbsp;da&nbsp;Bol\u00edvia, Edgar Monta\u00f1o, que lembrou que essa ponte constava no Tratado de Petr\u00f3polis, de 1903, que anexou o Acre&nbsp;ao&nbsp;Brasil.&nbsp;<br><br>A inten\u00e7\u00e3o \u00e9 que essa seja mais uma rota bioce\u00e2nica, j\u00e1 que com ela ser\u00e1 poss\u00edvel ligar o Brasil diretamente aos portos no norte do Chile e no sul do Peru. O governador do estado, Marcos Rocha, afirmou que o an\u00fancio&nbsp;da&nbsp;constru\u00e7\u00e3o&nbsp;da&nbsp;ponte j\u00e1 est\u00e1 gerando interesse de empresas estrangeiras em se instalar na regi\u00e3o para novos neg\u00f3cios.<br><br>Renan Filho lembrou&nbsp;ainda&nbsp;que essa integra\u00e7\u00e3o facilitar\u00e1 o escoamento de produtos do Brasil para os pa\u00edses asi\u00e1ticos, al\u00e9m de facilitar o recebimento de produtos dessa regi\u00e3o e&nbsp;da&nbsp;pr\u00f3pria Bol\u00edvia, que tem grandes reservas de l\u00edtio nessa&nbsp;\u00e1rea.&nbsp;<br><br>&#8220;Fico muito feliz [com essa integra\u00e7\u00e3o] porque a gente viu&nbsp;ao&nbsp;longo de algum tempo no Brasil um governo parecido com aquele do Donald Trump, l\u00e1 nos Estados Unidos, que pensava em construir muro. E o presidente Lula pensa em construir pontes&#8221;, disse Renan.<br><br>De acordo com o DNIT (Departamento Nacional de Infraestrutura de&nbsp;Transportes), a licita\u00e7\u00e3o ser\u00e1 realizada em 28 de dezembro. O projeto \u00e9 uma contrata\u00e7\u00e3o integrada, com estimativa de custos na faixa&nbsp;dos&nbsp;R$ 430 milh\u00f5es e previs\u00e3o de conclus\u00e3o das obras em dois anos e meio. A ponte j\u00e1 chegou a ter uma licen\u00e7a pr\u00e9via aprovada, mas ela est\u00e1 vencida e ter\u00e1 que ser renovada, de acordo com a diretoria do DNIT.<br><br><strong>Melhoria&nbsp;da&nbsp;malha<\/strong><br>No balan\u00e7o que fez sobre investimentos no estado de Rond\u00f4nia, o&nbsp;ministro&nbsp;Renan Filho indicou que os recursos para obras nas rodovias do estado&nbsp;neste&nbsp;ano&nbsp;foi 4,5 vezes superior&nbsp;ao&nbsp;gasto no&nbsp;ano&nbsp;passado e recebeu elogios de parlamentares do estado sobre o andamento das obras nas rodovias federais.<br><br>Segundo n\u00fameros apresentados por Renan Filho, em setembro deste&nbsp;ano, a malha do estado atingiu 73% de \u00edndice bom no sistema de monitoramento&nbsp;da&nbsp;malha do DNIT. Em 2022, eram 42% nesse estado. J\u00e1 a malha considerada ruim ou p\u00e9ssima caiu de 30% para 7%.<\/p>\n","protected":false},"excerpt":{"rendered":"<p>Dimmi Amora,&nbsp;da&nbsp;Ag\u00eancia iNFRA O processo de&nbsp;concess\u00e3o&nbsp;da&nbsp;BR-364\/RO&nbsp;deve ter sua proposta de edital e leil\u00e3o encaminhadas para an\u00e1lise do&nbsp;TCU&nbsp;(Tribunal de Contas&nbsp;da&nbsp;Uni\u00e3o) em dezembro, afirmou o&nbsp;ministro&nbsp;dos&nbsp;Transportes, Renan Filho, na \u00faltima quarta-feira (14). A estimativa \u00e9 publicar o edital no primeiro semestre de 2024 e realizar o leil\u00e3o no semestre seguinte.&nbsp; A informa\u00e7\u00e3o foi dada durante evento para assinatura [&hellip;]<\/p>\n","protected":false},"author":1,"featured_media":12147,"comment_status":"closed","ping_status":"closed","sticky":false,"template":"","format":"standard","meta":{"_monsterinsights_skip_tracking":false,"_monsterinsights_sitenote_active":false,"_monsterinsights_sitenote_note":"","_monsterinsights_sitenote_category":0,"footnotes":""},"categories":[7250,1,7],"tags":[46,7741,19,103,3914,1299,328,16,6248,18,927],"class_list":["post-14758","post","type-post","status-publish","format-standard","has-post-thumbnail","hentry","category-destaque-lista","category-geral","category-infratransporte","tag-agencias-reguladoras","tag-agro","tag-antt","tag-bndes","tag-br-364-ro","tag-dimmi-amora","tag-dnit","tag-ministerio-dos-transportes","tag-renan-filho","tag-tcu","tag-tribunal-de-contas-da-uniao"],"yoast_head":"<!-- This site is optimized with the Yoast SEO Premium plugin v25.4 (Yoast SEO v26.0) - https:\/\/yoast.com\/wordpress\/plugins\/seo\/ -->\n<title>Concess\u00e3o da BR-364\/RO vai ao TCU ainda neste ano, diz ministro dos Transportes - Ag\u00eancia iNFRA<\/title>\n<meta name=\"robots\" content=\"index, follow, max-snippet:-1, max-image-preview:large, max-video-preview:-1\" \/>\n<link rel=\"canonical\" href=\"https:\/\/agenciainfra.com\/blog\/concessao-da-br-364-ro-vai-ao-tcu-ainda-neste-ano-diz-ministro-dos-transportes\/\" \/>\n<meta property=\"og:locale\" content=\"pt_BR\" \/>\n<meta property=\"og:type\" content=\"article\" \/>\n<meta property=\"og:title\" content=\"Concess\u00e3o da BR-364\/RO vai ao TCU ainda neste ano, diz ministro dos Transportes\" \/>\n<meta property=\"og:description\" content=\"Dimmi Amora,&nbsp;da&nbsp;Ag\u00eancia iNFRA O processo de&nbsp;concess\u00e3o&nbsp;da&nbsp;BR-364\/RO&nbsp;deve ter sua proposta de edital e leil\u00e3o encaminhadas para an\u00e1lise do&nbsp;TCU&nbsp;(Tribunal de Contas&nbsp;da&nbsp;Uni\u00e3o) em dezembro, afirmou o&nbsp;ministro&nbsp;dos&nbsp;Transportes, Renan Filho, na \u00faltima quarta-feira (14). A estimativa \u00e9 publicar o edital no primeiro semestre de 2024 e realizar o leil\u00e3o no semestre seguinte.&nbsp; A informa\u00e7\u00e3o foi dada durante evento para assinatura [&hellip;]\" \/>\n<meta property=\"og:url\" content=\"https:\/\/agenciainfra.com\/blog\/concessao-da-br-364-ro-vai-ao-tcu-ainda-neste-ano-diz-ministro-dos-transportes\/\" \/>\n<meta property=\"og:site_name\" content=\"Ag\u00eancia iNFRA\" \/>\n<meta property=\"article:publisher\" content=\"https:\/\/www.facebook.com\/ageninfra\" \/>\n<meta property=\"article:published_time\" content=\"2023-11-20T12:00:00+00:00\" \/>\n<meta property=\"article:modified_time\" content=\"2026-03-13T12:43:58+00:00\" \/>\n<meta property=\"og:image\" content=\"https:\/\/agenciainfra.com\/blog\/wp-content\/uploads\/2023\/02\/ministro-renan-filho-foto-vosmar-rosa-mt.jpeg\" \/>\n\t<meta property=\"og:image:width\" content=\"1280\" \/>\n\t<meta property=\"og:image:height\" content=\"854\" \/>\n\t<meta property=\"og:image:type\" content=\"image\/jpeg\" \/>\n<meta name=\"author\" content=\"Ag\u00eancia iNFRA\" \/>\n<meta name=\"twitter:card\" content=\"summary_large_image\" \/>\n<meta name=\"twitter:creator\" content=\"@agencia_infra\" \/>\n<meta name=\"twitter:site\" content=\"@agencia_infra\" \/>\n<meta name=\"twitter:label1\" content=\"Escrito por\" \/>\n\t<meta name=\"twitter:data1\" content=\"Ag\u00eancia iNFRA\" \/>\n\t<meta name=\"twitter:label2\" content=\"Est. tempo de leitura\" \/>\n\t<meta name=\"twitter:data2\" content=\"5 minutos\" \/>\n<script type=\"application\/ld+json\" class=\"yoast-schema-graph\">{\"@context\":\"https:\/\/schema.org\",\"@graph\":[{\"@type\":\"Article\",\"@id\":\"https:\/\/agenciainfra.com\/blog\/concessao-da-br-364-ro-vai-ao-tcu-ainda-neste-ano-diz-ministro-dos-transportes\/#article\",\"isPartOf\":{\"@id\":\"https:\/\/agenciainfra.com\/blog\/concessao-da-br-364-ro-vai-ao-tcu-ainda-neste-ano-diz-ministro-dos-transportes\/\"},\"author\":{\"name\":\"Ag\u00eancia iNFRA\",\"@id\":\"https:\/\/agenciainfra.com\/blog\/#\/schema\/person\/34af08dff6adea4cb22b06612ba7acfa\"},\"headline\":\"Concess\u00e3o da BR-364\/RO vai ao TCU ainda neste ano, diz ministro dos Transportes\",\"datePublished\":\"2023-11-20T12:00:00+00:00\",\"dateModified\":\"2026-03-13T12:43:58+00:00\",\"mainEntityOfPage\":{\"@id\":\"https:\/\/agenciainfra.com\/blog\/concessao-da-br-364-ro-vai-ao-tcu-ainda-neste-ano-diz-ministro-dos-transportes\/\"},\"wordCount\":981,\"publisher\":{\"@id\":\"https:\/\/agenciainfra.com\/blog\/#organization\"},\"image\":{\"@id\":\"https:\/\/agenciainfra.com\/blog\/concessao-da-br-364-ro-vai-ao-tcu-ainda-neste-ano-diz-ministro-dos-transportes\/#primaryimage\"},\"thumbnailUrl\":\"https:\/\/agenciainfra.com\/blog\/wp-content\/uploads\/2023\/02\/ministro-renan-filho-foto-vosmar-rosa-mt.jpeg\",\"keywords\":[\"Ag\u00eancias Reguladoras\",\"agro\",\"ANTT\",\"BNDES\",\"BR-364\/RO\",\"Dimmi Amora\",\"DNIT\",\"minist\u00e9rio dos transportes\",\"Renan Filho\",\"TCU\",\"Tribunal de Contas da Uni\u00e3o\"],\"articleSection\":[\"Destaque lista\",\"Geral\",\"iNFRATransporte\"],\"inLanguage\":\"pt-BR\",\"copyrightYear\":\"2023\",\"copyrightHolder\":{\"@id\":\"https:\/\/agenciainfra.com\/blog\/#organization\"}},{\"@type\":\"WebPage\",\"@id\":\"https:\/\/agenciainfra.com\/blog\/concessao-da-br-364-ro-vai-ao-tcu-ainda-neste-ano-diz-ministro-dos-transportes\/\",\"url\":\"https:\/\/agenciainfra.com\/blog\/concessao-da-br-364-ro-vai-ao-tcu-ainda-neste-ano-diz-ministro-dos-transportes\/\",\"name\":\"Concess\u00e3o da BR-364\/RO vai ao TCU ainda neste ano, diz ministro dos Transportes - Ag\u00eancia iNFRA\",\"isPartOf\":{\"@id\":\"https:\/\/agenciainfra.com\/blog\/#website\"},\"primaryImageOfPage\":{\"@id\":\"https:\/\/agenciainfra.com\/blog\/concessao-da-br-364-ro-vai-ao-tcu-ainda-neste-ano-diz-ministro-dos-transportes\/#primaryimage\"},\"image\":{\"@id\":\"https:\/\/agenciainfra.com\/blog\/concessao-da-br-364-ro-vai-ao-tcu-ainda-neste-ano-diz-ministro-dos-transportes\/#primaryimage\"},\"thumbnailUrl\":\"https:\/\/agenciainfra.com\/blog\/wp-content\/uploads\/2023\/02\/ministro-renan-filho-foto-vosmar-rosa-mt.jpeg\",\"datePublished\":\"2023-11-20T12:00:00+00:00\",\"dateModified\":\"2026-03-13T12:43:58+00:00\",\"breadcrumb\":{\"@id\":\"https:\/\/agenciainfra.com\/blog\/concessao-da-br-364-ro-vai-ao-tcu-ainda-neste-ano-diz-ministro-dos-transportes\/#breadcrumb\"},\"inLanguage\":\"pt-BR\",\"potentialAction\":[{\"@type\":\"ReadAction\",\"target\":[\"https:\/\/agenciainfra.com\/blog\/concessao-da-br-364-ro-vai-ao-tcu-ainda-neste-ano-diz-ministro-dos-transportes\/\"]}]},{\"@type\":\"ImageObject\",\"inLanguage\":\"pt-BR\",\"@id\":\"https:\/\/agenciainfra.com\/blog\/concessao-da-br-364-ro-vai-ao-tcu-ainda-neste-ano-diz-ministro-dos-transportes\/#primaryimage\",\"url\":\"https:\/\/agenciainfra.com\/blog\/wp-content\/uploads\/2023\/02\/ministro-renan-filho-foto-vosmar-rosa-mt.jpeg\",\"contentUrl\":\"https:\/\/agenciainfra.com\/blog\/wp-content\/uploads\/2023\/02\/ministro-renan-filho-foto-vosmar-rosa-mt.jpeg\",\"width\":1280,\"height\":854},{\"@type\":\"BreadcrumbList\",\"@id\":\"https:\/\/agenciainfra.com\/blog\/concessao-da-br-364-ro-vai-ao-tcu-ainda-neste-ano-diz-ministro-dos-transportes\/#breadcrumb\",\"itemListElement\":[{\"@type\":\"ListItem\",\"position\":1,\"name\":\"In\u00edcio\",\"item\":\"https:\/\/agenciainfra.com\/blog\/\"},{\"@type\":\"ListItem\",\"position\":2,\"name\":\"Concess\u00e3o da BR-364\/RO vai ao TCU ainda neste ano, diz ministro dos Transportes\"}]},{\"@type\":\"WebSite\",\"@id\":\"https:\/\/agenciainfra.com\/blog\/#website\",\"url\":\"https:\/\/agenciainfra.com\/blog\/\",\"name\":\"Ag\u00eancia iNFRA\",\"description\":\"Multiplataforma de informa\u00e7\u00e3o jornal\u00edstica refer\u00eancia na \u00e1rea de infraestrutura no Brasil!\",\"publisher\":{\"@id\":\"https:\/\/agenciainfra.com\/blog\/#organization\"},\"potentialAction\":[{\"@type\":\"SearchAction\",\"target\":{\"@type\":\"EntryPoint\",\"urlTemplate\":\"https:\/\/agenciainfra.com\/blog\/?s={search_term_string}\"},\"query-input\":{\"@type\":\"PropertyValueSpecification\",\"valueRequired\":true,\"valueName\":\"search_term_string\"}}],\"inLanguage\":\"pt-BR\"},{\"@type\":\"Organization\",\"@id\":\"https:\/\/agenciainfra.com\/blog\/#organization\",\"name\":\"Ag\u00eancia iNFRA\",\"url\":\"https:\/\/agenciainfra.com\/blog\/\",\"logo\":{\"@type\":\"ImageObject\",\"inLanguage\":\"pt-BR\",\"@id\":\"https:\/\/agenciainfra.com\/blog\/#\/schema\/logo\/image\/\",\"url\":\"https:\/\/agenciainfra.com\/blog\/wp-content\/uploads\/2023\/09\/iNFRA_5-e1761735885940.png\",\"contentUrl\":\"https:\/\/agenciainfra.com\/blog\/wp-content\/uploads\/2023\/09\/iNFRA_5-e1761735885940.png\",\"width\":1672,\"height\":454,\"caption\":\"Ag\u00eancia iNFRA\"},\"image\":{\"@id\":\"https:\/\/agenciainfra.com\/blog\/#\/schema\/logo\/image\/\"},\"sameAs\":[\"https:\/\/www.facebook.com\/ageninfra\",\"https:\/\/x.com\/agencia_infra\",\"https:\/\/www.linkedin.com\/company\/ag\u00eanciainfra\/\",\"https:\/\/www.instagram.com\/agenciainfra\/\"]},{\"@type\":\"Person\",\"@id\":\"https:\/\/agenciainfra.com\/blog\/#\/schema\/person\/34af08dff6adea4cb22b06612ba7acfa\",\"name\":\"Ag\u00eancia iNFRA\",\"image\":{\"@type\":\"ImageObject\",\"inLanguage\":\"pt-BR\",\"@id\":\"https:\/\/agenciainfra.com\/blog\/#\/schema\/person\/image\/\",\"url\":\"https:\/\/secure.gravatar.com\/avatar\/d189e01678f06d8eb84d4e01f08eb848b3fffe3f8443818d3c356c66892f5be8?s=96&d=mm&r=g\",\"contentUrl\":\"https:\/\/secure.gravatar.com\/avatar\/d189e01678f06d8eb84d4e01f08eb848b3fffe3f8443818d3c356c66892f5be8?s=96&d=mm&r=g\",\"caption\":\"Ag\u00eancia iNFRA\"},\"url\":\"https:\/\/agenciainfra.com\/blog\/author\/admin\/\"}]}<\/script>\n<!-- \/ Yoast SEO Premium plugin. -->","yoast_head_json":{"title":"Concess\u00e3o da BR-364\/RO vai ao TCU ainda neste ano, diz ministro dos Transportes - Ag\u00eancia iNFRA","robots":{"index":"index","follow":"follow","max-snippet":"max-snippet:-1","max-image-preview":"max-image-preview:large","max-video-preview":"max-video-preview:-1"},"canonical":"https:\/\/agenciainfra.com\/blog\/concessao-da-br-364-ro-vai-ao-tcu-ainda-neste-ano-diz-ministro-dos-transportes\/","og_locale":"pt_BR","og_type":"article","og_title":"Concess\u00e3o da BR-364\/RO vai ao TCU ainda neste ano, diz ministro dos Transportes","og_description":"Dimmi Amora,&nbsp;da&nbsp;Ag\u00eancia iNFRA O processo de&nbsp;concess\u00e3o&nbsp;da&nbsp;BR-364\/RO&nbsp;deve ter sua proposta de edital e leil\u00e3o encaminhadas para an\u00e1lise do&nbsp;TCU&nbsp;(Tribunal de Contas&nbsp;da&nbsp;Uni\u00e3o) em dezembro, afirmou o&nbsp;ministro&nbsp;dos&nbsp;Transportes, Renan Filho, na \u00faltima quarta-feira (14). A estimativa \u00e9 publicar o edital no primeiro semestre de 2024 e realizar o leil\u00e3o no semestre seguinte.&nbsp; A informa\u00e7\u00e3o foi dada durante evento para assinatura [&hellip;]","og_url":"https:\/\/agenciainfra.com\/blog\/concessao-da-br-364-ro-vai-ao-tcu-ainda-neste-ano-diz-ministro-dos-transportes\/","og_site_name":"Ag\u00eancia iNFRA","article_publisher":"https:\/\/www.facebook.com\/ageninfra","article_published_time":"2023-11-20T12:00:00+00:00","article_modified_time":"2026-03-13T12:43:58+00:00","og_image":[{"width":1280,"height":854,"url":"https:\/\/agenciainfra.com\/blog\/wp-content\/uploads\/2023\/02\/ministro-renan-filho-foto-vosmar-rosa-mt.jpeg","type":"image\/jpeg"}],"author":"Ag\u00eancia iNFRA","twitter_card":"summary_large_image","twitter_creator":"@agencia_infra","twitter_site":"@agencia_infra","twitter_misc":{"Escrito por":"Ag\u00eancia iNFRA","Est. tempo de leitura":"5 minutos"},"schema":{"@context":"https:\/\/schema.org","@graph":[{"@type":"Article","@id":"https:\/\/agenciainfra.com\/blog\/concessao-da-br-364-ro-vai-ao-tcu-ainda-neste-ano-diz-ministro-dos-transportes\/#article","isPartOf":{"@id":"https:\/\/agenciainfra.com\/blog\/concessao-da-br-364-ro-vai-ao-tcu-ainda-neste-ano-diz-ministro-dos-transportes\/"},"author":{"name":"Ag\u00eancia iNFRA","@id":"https:\/\/agenciainfra.com\/blog\/#\/schema\/person\/34af08dff6adea4cb22b06612ba7acfa"},"headline":"Concess\u00e3o da BR-364\/RO vai ao TCU ainda neste ano, diz ministro dos Transportes","datePublished":"2023-11-20T12:00:00+00:00","dateModified":"2026-03-13T12:43:58+00:00","mainEntityOfPage":{"@id":"https:\/\/agenciainfra.com\/blog\/concessao-da-br-364-ro-vai-ao-tcu-ainda-neste-ano-diz-ministro-dos-transportes\/"},"wordCount":981,"publisher":{"@id":"https:\/\/agenciainfra.com\/blog\/#organization"},"image":{"@id":"https:\/\/agenciainfra.com\/blog\/concessao-da-br-364-ro-vai-ao-tcu-ainda-neste-ano-diz-ministro-dos-transportes\/#primaryimage"},"thumbnailUrl":"https:\/\/agenciainfra.com\/blog\/wp-content\/uploads\/2023\/02\/ministro-renan-filho-foto-vosmar-rosa-mt.jpeg","keywords":["Ag\u00eancias Reguladoras","agro","ANTT","BNDES","BR-364\/RO","Dimmi Amora","DNIT","minist\u00e9rio dos transportes","Renan Filho","TCU","Tribunal de Contas da Uni\u00e3o"],"articleSection":["Destaque lista","Geral","iNFRATransporte"],"inLanguage":"pt-BR","copyrightYear":"2023","copyrightHolder":{"@id":"https:\/\/agenciainfra.com\/blog\/#organization"}},{"@type":"WebPage","@id":"https:\/\/agenciainfra.com\/blog\/concessao-da-br-364-ro-vai-ao-tcu-ainda-neste-ano-diz-ministro-dos-transportes\/","url":"https:\/\/agenciainfra.com\/blog\/concessao-da-br-364-ro-vai-ao-tcu-ainda-neste-ano-diz-ministro-dos-transportes\/","name":"Concess\u00e3o da BR-364\/RO vai ao TCU ainda neste ano, diz ministro dos Transportes - Ag\u00eancia iNFRA","isPartOf":{"@id":"https:\/\/agenciainfra.com\/blog\/#website"},"primaryImageOfPage":{"@id":"https:\/\/agenciainfra.com\/blog\/concessao-da-br-364-ro-vai-ao-tcu-ainda-neste-ano-diz-ministro-dos-transportes\/#primaryimage"},"image":{"@id":"https:\/\/agenciainfra.com\/blog\/concessao-da-br-364-ro-vai-ao-tcu-ainda-neste-ano-diz-ministro-dos-transportes\/#primaryimage"},"thumbnailUrl":"https:\/\/agenciainfra.com\/blog\/wp-content\/uploads\/2023\/02\/ministro-renan-filho-foto-vosmar-rosa-mt.jpeg","datePublished":"2023-11-20T12:00:00+00:00","dateModified":"2026-03-13T12:43:58+00:00","breadcrumb":{"@id":"https:\/\/agenciainfra.com\/blog\/concessao-da-br-364-ro-vai-ao-tcu-ainda-neste-ano-diz-ministro-dos-transportes\/#breadcrumb"},"inLanguage":"pt-BR","potentialAction":[{"@type":"ReadAction","target":["https:\/\/agenciainfra.com\/blog\/concessao-da-br-364-ro-vai-ao-tcu-ainda-neste-ano-diz-ministro-dos-transportes\/"]}]},{"@type":"ImageObject","inLanguage":"pt-BR","@id":"https:\/\/agenciainfra.com\/blog\/concessao-da-br-364-ro-vai-ao-tcu-ainda-neste-ano-diz-ministro-dos-transportes\/#primaryimage","url":"https:\/\/agenciainfra.com\/blog\/wp-content\/uploads\/2023\/02\/ministro-renan-filho-foto-vosmar-rosa-mt.jpeg","contentUrl":"https:\/\/agenciainfra.com\/blog\/wp-content\/uploads\/2023\/02\/ministro-renan-filho-foto-vosmar-rosa-mt.jpeg","width":1280,"height":854},{"@type":"BreadcrumbList","@id":"https:\/\/agenciainfra.com\/blog\/concessao-da-br-364-ro-vai-ao-tcu-ainda-neste-ano-diz-ministro-dos-transportes\/#breadcrumb","itemListElement":[{"@type":"ListItem","position":1,"name":"In\u00edcio","item":"https:\/\/agenciainfra.com\/blog\/"},{"@type":"ListItem","position":2,"name":"Concess\u00e3o da BR-364\/RO vai ao TCU ainda neste ano, diz ministro dos Transportes"}]},{"@type":"WebSite","@id":"https:\/\/agenciainfra.com\/blog\/#website","url":"https:\/\/agenciainfra.com\/blog\/","name":"Ag\u00eancia iNFRA","description":"Multiplataforma de informa\u00e7\u00e3o jornal\u00edstica refer\u00eancia na \u00e1rea de infraestrutura no Brasil!","publisher":{"@id":"https:\/\/agenciainfra.com\/blog\/#organization"},"potentialAction":[{"@type":"SearchAction","target":{"@type":"EntryPoint","urlTemplate":"https:\/\/agenciainfra.com\/blog\/?s={search_term_string}"},"query-input":{"@type":"PropertyValueSpecification","valueRequired":true,"valueName":"search_term_string"}}],"inLanguage":"pt-BR"},{"@type":"Organization","@id":"https:\/\/agenciainfra.com\/blog\/#organization","name":"Ag\u00eancia iNFRA","url":"https:\/\/agenciainfra.com\/blog\/","logo":{"@type":"ImageObject","inLanguage":"pt-BR","@id":"https:\/\/agenciainfra.com\/blog\/#\/schema\/logo\/image\/","url":"https:\/\/agenciainfra.com\/blog\/wp-content\/uploads\/2023\/09\/iNFRA_5-e1761735885940.png","contentUrl":"https:\/\/agenciainfra.com\/blog\/wp-content\/uploads\/2023\/09\/iNFRA_5-e1761735885940.png","width":1672,"height":454,"caption":"Ag\u00eancia iNFRA"},"image":{"@id":"https:\/\/agenciainfra.com\/blog\/#\/schema\/logo\/image\/"},"sameAs":["https:\/\/www.facebook.com\/ageninfra","https:\/\/x.com\/agencia_infra","https:\/\/www.linkedin.com\/company\/ag\u00eanciainfra\/","https:\/\/www.instagram.com\/agenciainfra\/"]},{"@type":"Person","@id":"https:\/\/agenciainfra.com\/blog\/#\/schema\/person\/34af08dff6adea4cb22b06612ba7acfa","name":"Ag\u00eancia iNFRA","image":{"@type":"ImageObject","inLanguage":"pt-BR","@id":"https:\/\/agenciainfra.com\/blog\/#\/schema\/person\/image\/","url":"https:\/\/secure.gravatar.com\/avatar\/d189e01678f06d8eb84d4e01f08eb848b3fffe3f8443818d3c356c66892f5be8?s=96&d=mm&r=g","contentUrl":"https:\/\/secure.gravatar.com\/avatar\/d189e01678f06d8eb84d4e01f08eb848b3fffe3f8443818d3c356c66892f5be8?s=96&d=mm&r=g","caption":"Ag\u00eancia iNFRA"},"url":"https:\/\/agenciainfra.com\/blog\/author\/admin\/"}]}},"_links":{"self":[{"href":"https:\/\/agenciainfra.com\/blog\/wp-json\/wp\/v2\/posts\/14758","targetHints":{"allow":["GET"]}}],"collection":[{"href":"https:\/\/agenciainfra.com\/blog\/wp-json\/wp\/v2\/posts"}],"about":[{"href":"https:\/\/agenciainfra.com\/blog\/wp-json\/wp\/v2\/types\/post"}],"author":[{"embeddable":true,"href":"https:\/\/agenciainfra.com\/blog\/wp-json\/wp\/v2\/users\/1"}],"replies":[{"embeddable":true,"href":"https:\/\/agenciainfra.com\/blog\/wp-json\/wp\/v2\/comments?post=14758"}],"version-history":[{"count":1,"href":"https:\/\/agenciainfra.com\/blog\/wp-json\/wp\/v2\/posts\/14758\/revisions"}],"predecessor-version":[{"id":37759,"href":"https:\/\/agenciainfra.com\/blog\/wp-json\/wp\/v2\/posts\/14758\/revisions\/37759"}],"wp:featuredmedia":[{"embeddable":true,"href":"https:\/\/agenciainfra.com\/blog\/wp-json\/wp\/v2\/media\/12147"}],"wp:attachment":[{"href":"https:\/\/agenciainfra.com\/blog\/wp-json\/wp\/v2\/media?parent=14758"}],"wp:term":[{"taxonomy":"category","embeddable":true,"href":"https:\/\/agenciainfra.com\/blog\/wp-json\/wp\/v2\/categories?post=14758"},{"taxonomy":"post_tag","embeddable":true,"href":"https:\/\/agenciainfra.com\/blog\/wp-json\/wp\/v2\/tags?post=14758"}],"curies":[{"name":"wp","href":"https:\/\/api.w.org\/{rel}","templated":true}]}}