{"id":14768,"date":"2023-11-21T09:00:00","date_gmt":"2023-11-21T12:00:00","guid":{"rendered":"https:\/\/www.agenciainfra.com\/blog\/?p=14768"},"modified":"2026-03-13T09:43:58","modified_gmt":"2026-03-13T12:43:58","slug":"antaq-aprova-padronizacao-na-estrutura-de-servicos-feitos-por-terminais-de-conteineres","status":"publish","type":"post","link":"https:\/\/agenciainfra.com\/blog\/antaq-aprova-padronizacao-na-estrutura-de-servicos-feitos-por-terminais-de-conteineres\/","title":{"rendered":"ANTAQ aprova padroniza\u00e7\u00e3o na estrutura de servi\u00e7os feitos por terminais de cont\u00eaineres"},"content":{"rendered":"\n<p class=\"has-text-align-right\"><strong>Jenifer Ribeiro, da Ag\u00eancia iNFRA<\/strong><\/p>\n\n\n\n<p>A&nbsp;ANTAQ&nbsp;(Ag\u00eancia Nacional de Transportes Aquavi\u00e1rios) aprovou, na \u00faltima quinta-feira (16), a proposta de normativo que disp\u00f5e sobre a&nbsp;estrutura&nbsp;de&nbsp;servi\u00e7os&nbsp;prestados&nbsp;por&nbsp;operadores portu\u00e1rios em instala\u00e7\u00f5es portu\u00e1rias que movimentam ou armazenam cargas conteinerizadas.<br><br>A resolu\u00e7\u00e3o, que define as diretrizes para os&nbsp;servi\u00e7os&nbsp;inerentes, acess\u00f3rios ou complementares, \u00e9 um dos itens da Agenda Regulat\u00f3ria do tri\u00eanio 2022\/2024. O diretor relator da mat\u00e9ria, Wilson Lima Filho, determinou que fica prejudicada a an\u00e1lise das contribui\u00e7\u00f5es protocoladas pela ABPA (Associa\u00e7\u00e3o Brasileira de Prote\u00edna&nbsp;Animal). Isso aconteceu porque a entidade enviou as contribui\u00e7\u00f5es fora do per\u00edodo da consulta p\u00fablica. No entanto, no voto, ele ressaltou que as preocupa\u00e7\u00f5es trazidas pela associa\u00e7\u00e3o haviam sido \u201cdevidamente enfrentadas&nbsp;na&nbsp;an\u00e1lise que resultou&nbsp;na&nbsp;proposta normativa\u201d.<br><br>Na&nbsp;mesma reuni\u00e3o, foi rejeitada a necessidade de exist\u00eancia de uma metodologia pr\u00e9-determinada para apura\u00e7\u00e3o de abusividade de pre\u00e7os no escaneamento de&nbsp;cont\u00eaineres. O diretor relator, Wilson Lima Filho, justificou o voto afirmando que criar uma \u201cmetodologia n\u00e3o \u00e9 imprescind\u00edvel\u201d. Para o diretor, j\u00e1 existem mecanismos dentro da ag\u00eancia para apurar poss\u00edvel abusividade.<br><br>Ap\u00f3s o voto, o diretor-geral da&nbsp;ANTAQ, Eduardo Nery, pontuou que \u00e9 preciso retornar a discuss\u00e3o de outro processo que trata de abusividade de pre\u00e7os, o que cria um manual de an\u00e1lise de reajuste de pre\u00e7os abusivos em instala\u00e7\u00f5es portu\u00e1rias, que precisou ser sobrestado enquanto n\u00e3o h\u00e1 determina\u00e7\u00e3o sobre cobran\u00e7as abusivas de SSE (Servi\u00e7o de Segrega\u00e7\u00e3o e Entrega).<br><br><strong>An\u00e1lises postergadas<\/strong><br>Durante a reuni\u00e3o de diretoria foi renovado novamente o pedido de vista ao processo que faz an\u00e1lise regulat\u00f3ria sobre descontos tarif\u00e1rios, anteced\u00eancia de revis\u00f5es e participa\u00e7\u00e3o dos usu\u00e1rios em revis\u00f5es tarif\u00e1rias portu\u00e1rias. O pedido foi feito pela diretora Fl\u00e1via Takafashi.<br><br>O processo que trata do eixo de instala\u00e7\u00f5es portu\u00e1rias e inova\u00e7\u00f5es decorrentes da Lei 14.047\/2020 \u2013 que disp\u00f5e das medidas tempor\u00e1rias para enfrentamento da pandemia da Covid-19 no \u00e2mbito do setor portu\u00e1rio \u2013 tamb\u00e9m teve o pedido de vista renovado pelo diretor Alber Vasconcelos. O diretor renovou ainda a vista para o processo sobre o arrendamento simplificado do terminal portu\u00e1rio STS33, localizado no Porto de Santos (SP).<br><br>Tamb\u00e9m houve pedido de vista para quatro processos sancionadores&nbsp;por&nbsp;desvio de finalidade em TUPs (Terminais&nbsp;de Uso Privado)&nbsp;em Itaja\u00ed (SC). O diretor-geral da&nbsp;ANTAQ, Eduardo Nery, que relata a mat\u00e9ria, afirmou que o tema voltar\u00e1 para delibera\u00e7\u00e3o&nbsp;na&nbsp;reuni\u00e3o do dia 14 de dezembro. Al\u00e9m disso, Nery retirou de pauta o processo que revisa a Agenda Regulat\u00f3ria para o tri\u00eanio 2022-2024, no qual ele \u00e9 relator. O processo que trata da revis\u00e3o do Guia de Regula\u00e7\u00e3o de Pre\u00e7os&nbsp;na&nbsp;Navega\u00e7\u00e3o Interior tamb\u00e9m foi retirado de pauta pela relatora, a diretora Fl\u00e1via Takafashi.<br><br><strong>An\u00e1lise regulat\u00f3ria<\/strong><br>Outro tema analisado e aprovado&nbsp;na&nbsp;reuni\u00e3o de diretoria foi o processo que determina a elabora\u00e7\u00e3o de proposta para regulamentar o conte\u00fado m\u00ednimo de ARR (Avalia\u00e7\u00e3o de Resultado Regulat\u00f3rio) dentro da ag\u00eancia.<br><br>A diretora relatora, Fl\u00e1via Takafashi, explicou que existem duas normas sobre esse assunto&nbsp;na&nbsp;ANTAQ, uma que j\u00e1 est\u00e1 em vigor e outra em elabora\u00e7\u00e3o. Em rela\u00e7\u00e3o \u00e0&nbsp;que ainda est\u00e1 em constru\u00e7\u00e3o, o diretor Wilson Lima Filho afirmou que&nbsp;na&nbsp;pr\u00f3xima semana haver\u00e1&nbsp;uma reuni\u00e3o participativa e posterior consulta p\u00fablica para tratar do normativo.<br><br><strong>Participa\u00e7\u00e3o social<\/strong><br>Foi aprovada ainda uma proposta de metodologia de indicadores para mensura\u00e7\u00e3o da efetividade dos eventos de participa\u00e7\u00e3o social. A mat\u00e9ria determina ainda a realiza\u00e7\u00e3o de uma pesquisa de satisfa\u00e7\u00e3o com os usu\u00e1rios.<br><br>Na&nbsp;proposta de metodologia havia um dispositivo que estabelecia que as visualiza\u00e7\u00f5es no YouTube nas reuni\u00f5es de diretorias tamb\u00e9m seriam utilizadas nos indicadores de qualidade regulat\u00f3ria, mas, a pedido do diretor-geral, a diretora relatora da mat\u00e9ria, Fl\u00e1via Takafashi, retirou essa possibilidade do texto.<br><br><strong>Terminais&nbsp;portu\u00e1rios<\/strong><br>O diretor Alber Vasconcelos manteve decis\u00e3o anterior da&nbsp;ANTAQ&nbsp;e indeferiu o pedido de medida cautelar que pretendia anular o arrendamento do PAR 50, localizado no Porto de Paranagu\u00e1. Foi prorrogado ainda,&nbsp;por&nbsp;mais 90 dias, o prazo para que a autoridade portu\u00e1ria do Porto de Paranagu\u00e1 envie os estudos necess\u00e1rios para a realiza\u00e7\u00e3o das licita\u00e7\u00f5es do PAR16 e do PAR17. Uma primeira vers\u00e3o incompleta dos estudos foi enviada para a&nbsp;ANTAQ, s\u00f3 que depois do prazo determinado.<br><br>Foi aprovada ainda a abertura de audi\u00eancia p\u00fablica para o arrendamento do terminal VDC29, localizado no Porto de Vila do Conde (PA). Os diretores decidiram tamb\u00e9m alterar o cronograma de investimentos do contrato de arrendamento do STM04, no Porto de Santar\u00e9m (PA).&nbsp;Na&nbsp;reuni\u00e3o, foi determinado tamb\u00e9m reajuste tarif\u00e1rio no Porto de Fortaleza (CE) no percentual de 17,18%, valor equivalente ao IPCA no per\u00edodo entre abril de 2021 e abril deste ano.<br><br>No in\u00edcio da reuni\u00e3o, o diretor-geral da ag\u00eancia anunciou que ser\u00e1 inclu\u00eddo no Plano de Fiscaliza\u00e7\u00f5es Tem\u00e1ticas o tema &#8220;contrato de dragagem no \u00e2mbito das fiscaliza\u00e7\u00f5es tem\u00e1ticas previstas para o ano de 2024&#8221;.&nbsp;A manifesta\u00e7\u00e3o da APS (Autoridade Portu\u00e1ria de Santos) pedindo para aderir ao manual de fiscaliza\u00e7\u00e3o conjunta da&nbsp;ANTAQ&nbsp;foi aprovada.&nbsp;<br><br><strong>TUPs<\/strong><br>Foi aprovado ainda processo que permite a transfer\u00eancia de titularidade do TUP&nbsp;de Itapu\u00e3, da empresa Terminal Itapu\u00e3 Ltda. para a Intermar\u00edtima Portos e Log\u00edstica S.A. A relatora, Fl\u00e1via Takafashi, reconheceu a possibilidade de mudan\u00e7a, tendo em vista que as duas empresas pertencem ao mesmo grupo econ\u00f4mico.<br><br>A diretoria tamb\u00e9m autorizou a constru\u00e7\u00e3o do TUP \u201cATEM Bel\u00e9m-PA\u201d, em Bel\u00e9m (PA), para a movimenta\u00e7\u00e3o e armazenagem de gran\u00e9is l\u00edquidos, mas o relator da mat\u00e9ria, o diretor Alber Vasconcelos, destacou a necessidade de apurar irregularidades&nbsp;na&nbsp;constru\u00e7\u00e3o do terminal.<br><br>Ele afirmou que constam nos autos imagens que sugerem que o TUP foi constru\u00eddo sem a autoriza\u00e7\u00e3o da&nbsp;ANTAQ, e&nbsp;por&nbsp;isso h\u00e1 necessidade de a Superintend\u00eancia de Fiscaliza\u00e7\u00e3o e Coordena\u00e7\u00e3o das Unidades Regionais da ag\u00eancia averiguar se houve constru\u00e7\u00e3o irregular ou n\u00e3o.<br><br>O pedido das EBNs (Empresas Brasileiras de Navega\u00e7\u00e3o) de flexibiliza\u00e7\u00e3o dos esquemas operacionais dessas empresas que foram afetadas pelo baixo n\u00edvel dos rios&nbsp;na&nbsp;regi\u00e3o hidrogr\u00e1fica amaz\u00f4nica&nbsp;foi permitido pela&nbsp;ANTAQ.<\/p>\n","protected":false},"excerpt":{"rendered":"<p>Jenifer Ribeiro, da Ag\u00eancia iNFRA A&nbsp;ANTAQ&nbsp;(Ag\u00eancia Nacional de Transportes Aquavi\u00e1rios) aprovou, na \u00faltima quinta-feira (16), a proposta de normativo que disp\u00f5e sobre a&nbsp;estrutura&nbsp;de&nbsp;servi\u00e7os&nbsp;prestados&nbsp;por&nbsp;operadores portu\u00e1rios em instala\u00e7\u00f5es portu\u00e1rias que movimentam ou armazenam cargas conteinerizadas. A resolu\u00e7\u00e3o, que define as diretrizes para os&nbsp;servi\u00e7os&nbsp;inerentes, acess\u00f3rios ou complementares, \u00e9 um dos itens da Agenda Regulat\u00f3ria do tri\u00eanio 2022\/2024. O [&hellip;]<\/p>\n","protected":false},"author":1,"featured_media":14371,"comment_status":"closed","ping_status":"closed","sticky":false,"template":"","format":"standard","meta":{"_monsterinsights_skip_tracking":false,"_monsterinsights_sitenote_active":false,"_monsterinsights_sitenote_note":"","_monsterinsights_sitenote_category":0,"footnotes":""},"categories":[7250,1,7],"tags":[7750,46,2540,86,873,2932,3263,7361,2559,5656,816,1604],"class_list":["post-14768","post","type-post","status-publish","format-standard","has-post-thumbnail","hentry","category-destaque-lista","category-geral","category-infratransporte","tag-abpa","tag-agencias-reguladoras","tag-agenda-regulatoria","tag-antaq","tag-conteineres","tag-eduardo-nery","tag-flavia-takafashi","tag-jenifer-ribeiro","tag-lei-14-047-2020","tag-reuniao-de-diretoria","tag-transporte-aquaviario","tag-wilson-lima-filho"],"yoast_head":"<!-- This site is optimized with the Yoast SEO Premium plugin v25.4 (Yoast SEO v26.0) - https:\/\/yoast.com\/wordpress\/plugins\/seo\/ -->\n<title>ANTAQ aprova padroniza\u00e7\u00e3o na estrutura de servi\u00e7os feitos por terminais de cont\u00eaineres - Ag\u00eancia iNFRA<\/title>\n<meta name=\"robots\" content=\"index, follow, max-snippet:-1, max-image-preview:large, max-video-preview:-1\" \/>\n<link rel=\"canonical\" href=\"https:\/\/agenciainfra.com\/blog\/antaq-aprova-padronizacao-na-estrutura-de-servicos-feitos-por-terminais-de-conteineres\/\" \/>\n<meta property=\"og:locale\" content=\"pt_BR\" \/>\n<meta property=\"og:type\" content=\"article\" \/>\n<meta property=\"og:title\" content=\"ANTAQ aprova padroniza\u00e7\u00e3o na estrutura de servi\u00e7os feitos por terminais de cont\u00eaineres\" \/>\n<meta property=\"og:description\" content=\"Jenifer Ribeiro, da Ag\u00eancia iNFRA A&nbsp;ANTAQ&nbsp;(Ag\u00eancia Nacional de Transportes Aquavi\u00e1rios) aprovou, na \u00faltima quinta-feira (16), a proposta de normativo que disp\u00f5e sobre a&nbsp;estrutura&nbsp;de&nbsp;servi\u00e7os&nbsp;prestados&nbsp;por&nbsp;operadores portu\u00e1rios em instala\u00e7\u00f5es portu\u00e1rias que movimentam ou armazenam cargas conteinerizadas. A resolu\u00e7\u00e3o, que define as diretrizes para os&nbsp;servi\u00e7os&nbsp;inerentes, acess\u00f3rios ou complementares, \u00e9 um dos itens da Agenda Regulat\u00f3ria do tri\u00eanio 2022\/2024. O [&hellip;]\" \/>\n<meta property=\"og:url\" content=\"https:\/\/agenciainfra.com\/blog\/antaq-aprova-padronizacao-na-estrutura-de-servicos-feitos-por-terminais-de-conteineres\/\" \/>\n<meta property=\"og:site_name\" content=\"Ag\u00eancia iNFRA\" \/>\n<meta property=\"article:publisher\" content=\"https:\/\/www.facebook.com\/ageninfra\" \/>\n<meta property=\"article:published_time\" content=\"2023-11-21T12:00:00+00:00\" \/>\n<meta property=\"article:modified_time\" content=\"2026-03-13T12:43:58+00:00\" \/>\n<meta property=\"og:image\" content=\"https:\/\/agenciainfra.com\/blog\/wp-content\/uploads\/2023\/10\/wilson-lima-filho-foto-redes-sociais-linkedin.jpg\" \/>\n\t<meta property=\"og:image:width\" content=\"1201\" \/>\n\t<meta property=\"og:image:height\" content=\"802\" \/>\n\t<meta property=\"og:image:type\" content=\"image\/jpeg\" \/>\n<meta name=\"author\" content=\"Ag\u00eancia iNFRA\" \/>\n<meta name=\"twitter:card\" content=\"summary_large_image\" \/>\n<meta name=\"twitter:creator\" content=\"@agencia_infra\" \/>\n<meta name=\"twitter:site\" content=\"@agencia_infra\" \/>\n<meta name=\"twitter:label1\" content=\"Escrito por\" \/>\n\t<meta name=\"twitter:data1\" content=\"Ag\u00eancia iNFRA\" \/>\n\t<meta name=\"twitter:label2\" content=\"Est. tempo de leitura\" \/>\n\t<meta name=\"twitter:data2\" content=\"6 minutos\" \/>\n<script type=\"application\/ld+json\" class=\"yoast-schema-graph\">{\"@context\":\"https:\/\/schema.org\",\"@graph\":[{\"@type\":\"Article\",\"@id\":\"https:\/\/agenciainfra.com\/blog\/antaq-aprova-padronizacao-na-estrutura-de-servicos-feitos-por-terminais-de-conteineres\/#article\",\"isPartOf\":{\"@id\":\"https:\/\/agenciainfra.com\/blog\/antaq-aprova-padronizacao-na-estrutura-de-servicos-feitos-por-terminais-de-conteineres\/\"},\"author\":{\"name\":\"Ag\u00eancia iNFRA\",\"@id\":\"https:\/\/agenciainfra.com\/blog\/#\/schema\/person\/34af08dff6adea4cb22b06612ba7acfa\"},\"headline\":\"ANTAQ aprova padroniza\u00e7\u00e3o na estrutura de servi\u00e7os feitos por terminais de cont\u00eaineres\",\"datePublished\":\"2023-11-21T12:00:00+00:00\",\"dateModified\":\"2026-03-13T12:43:58+00:00\",\"mainEntityOfPage\":{\"@id\":\"https:\/\/agenciainfra.com\/blog\/antaq-aprova-padronizacao-na-estrutura-de-servicos-feitos-por-terminais-de-conteineres\/\"},\"wordCount\":1194,\"publisher\":{\"@id\":\"https:\/\/agenciainfra.com\/blog\/#organization\"},\"image\":{\"@id\":\"https:\/\/agenciainfra.com\/blog\/antaq-aprova-padronizacao-na-estrutura-de-servicos-feitos-por-terminais-de-conteineres\/#primaryimage\"},\"thumbnailUrl\":\"https:\/\/agenciainfra.com\/blog\/wp-content\/uploads\/2023\/10\/wilson-lima-filho-foto-redes-sociais-linkedin.jpg\",\"keywords\":[\"ABPA\",\"Ag\u00eancias Reguladoras\",\"agenda regulat\u00f3ria\",\"ANTAQ\",\"cont\u00eaineres\",\"Eduardo Nery\",\"Fl\u00e1via Takafashi\",\"Jenifer Ribeiro\",\"Lei 14.047\/2020\",\"reuni\u00e3o de diretoria\",\"transporte aquavi\u00e1rio\",\"Wilson Lima Filho\"],\"articleSection\":[\"Destaque lista\",\"Geral\",\"iNFRATransporte\"],\"inLanguage\":\"pt-BR\",\"copyrightYear\":\"2023\",\"copyrightHolder\":{\"@id\":\"https:\/\/agenciainfra.com\/blog\/#organization\"}},{\"@type\":\"WebPage\",\"@id\":\"https:\/\/agenciainfra.com\/blog\/antaq-aprova-padronizacao-na-estrutura-de-servicos-feitos-por-terminais-de-conteineres\/\",\"url\":\"https:\/\/agenciainfra.com\/blog\/antaq-aprova-padronizacao-na-estrutura-de-servicos-feitos-por-terminais-de-conteineres\/\",\"name\":\"ANTAQ aprova padroniza\u00e7\u00e3o na estrutura de servi\u00e7os feitos por terminais de cont\u00eaineres - Ag\u00eancia iNFRA\",\"isPartOf\":{\"@id\":\"https:\/\/agenciainfra.com\/blog\/#website\"},\"primaryImageOfPage\":{\"@id\":\"https:\/\/agenciainfra.com\/blog\/antaq-aprova-padronizacao-na-estrutura-de-servicos-feitos-por-terminais-de-conteineres\/#primaryimage\"},\"image\":{\"@id\":\"https:\/\/agenciainfra.com\/blog\/antaq-aprova-padronizacao-na-estrutura-de-servicos-feitos-por-terminais-de-conteineres\/#primaryimage\"},\"thumbnailUrl\":\"https:\/\/agenciainfra.com\/blog\/wp-content\/uploads\/2023\/10\/wilson-lima-filho-foto-redes-sociais-linkedin.jpg\",\"datePublished\":\"2023-11-21T12:00:00+00:00\",\"dateModified\":\"2026-03-13T12:43:58+00:00\",\"breadcrumb\":{\"@id\":\"https:\/\/agenciainfra.com\/blog\/antaq-aprova-padronizacao-na-estrutura-de-servicos-feitos-por-terminais-de-conteineres\/#breadcrumb\"},\"inLanguage\":\"pt-BR\",\"potentialAction\":[{\"@type\":\"ReadAction\",\"target\":[\"https:\/\/agenciainfra.com\/blog\/antaq-aprova-padronizacao-na-estrutura-de-servicos-feitos-por-terminais-de-conteineres\/\"]}]},{\"@type\":\"ImageObject\",\"inLanguage\":\"pt-BR\",\"@id\":\"https:\/\/agenciainfra.com\/blog\/antaq-aprova-padronizacao-na-estrutura-de-servicos-feitos-por-terminais-de-conteineres\/#primaryimage\",\"url\":\"https:\/\/agenciainfra.com\/blog\/wp-content\/uploads\/2023\/10\/wilson-lima-filho-foto-redes-sociais-linkedin.jpg\",\"contentUrl\":\"https:\/\/agenciainfra.com\/blog\/wp-content\/uploads\/2023\/10\/wilson-lima-filho-foto-redes-sociais-linkedin.jpg\",\"width\":1201,\"height\":802},{\"@type\":\"BreadcrumbList\",\"@id\":\"https:\/\/agenciainfra.com\/blog\/antaq-aprova-padronizacao-na-estrutura-de-servicos-feitos-por-terminais-de-conteineres\/#breadcrumb\",\"itemListElement\":[{\"@type\":\"ListItem\",\"position\":1,\"name\":\"In\u00edcio\",\"item\":\"https:\/\/agenciainfra.com\/blog\/\"},{\"@type\":\"ListItem\",\"position\":2,\"name\":\"ANTAQ aprova padroniza\u00e7\u00e3o na estrutura de servi\u00e7os feitos por terminais de cont\u00eaineres\"}]},{\"@type\":\"WebSite\",\"@id\":\"https:\/\/agenciainfra.com\/blog\/#website\",\"url\":\"https:\/\/agenciainfra.com\/blog\/\",\"name\":\"Ag\u00eancia iNFRA\",\"description\":\"Multiplataforma de informa\u00e7\u00e3o jornal\u00edstica refer\u00eancia na \u00e1rea de infraestrutura no Brasil!\",\"publisher\":{\"@id\":\"https:\/\/agenciainfra.com\/blog\/#organization\"},\"potentialAction\":[{\"@type\":\"SearchAction\",\"target\":{\"@type\":\"EntryPoint\",\"urlTemplate\":\"https:\/\/agenciainfra.com\/blog\/?s={search_term_string}\"},\"query-input\":{\"@type\":\"PropertyValueSpecification\",\"valueRequired\":true,\"valueName\":\"search_term_string\"}}],\"inLanguage\":\"pt-BR\"},{\"@type\":\"Organization\",\"@id\":\"https:\/\/agenciainfra.com\/blog\/#organization\",\"name\":\"Ag\u00eancia iNFRA\",\"url\":\"https:\/\/agenciainfra.com\/blog\/\",\"logo\":{\"@type\":\"ImageObject\",\"inLanguage\":\"pt-BR\",\"@id\":\"https:\/\/agenciainfra.com\/blog\/#\/schema\/logo\/image\/\",\"url\":\"https:\/\/agenciainfra.com\/blog\/wp-content\/uploads\/2023\/09\/iNFRA_5-e1761735885940.png\",\"contentUrl\":\"https:\/\/agenciainfra.com\/blog\/wp-content\/uploads\/2023\/09\/iNFRA_5-e1761735885940.png\",\"width\":1672,\"height\":454,\"caption\":\"Ag\u00eancia iNFRA\"},\"image\":{\"@id\":\"https:\/\/agenciainfra.com\/blog\/#\/schema\/logo\/image\/\"},\"sameAs\":[\"https:\/\/www.facebook.com\/ageninfra\",\"https:\/\/x.com\/agencia_infra\",\"https:\/\/www.linkedin.com\/company\/ag\u00eanciainfra\/\",\"https:\/\/www.instagram.com\/agenciainfra\/\"]},{\"@type\":\"Person\",\"@id\":\"https:\/\/agenciainfra.com\/blog\/#\/schema\/person\/34af08dff6adea4cb22b06612ba7acfa\",\"name\":\"Ag\u00eancia iNFRA\",\"image\":{\"@type\":\"ImageObject\",\"inLanguage\":\"pt-BR\",\"@id\":\"https:\/\/agenciainfra.com\/blog\/#\/schema\/person\/image\/\",\"url\":\"https:\/\/secure.gravatar.com\/avatar\/d189e01678f06d8eb84d4e01f08eb848b3fffe3f8443818d3c356c66892f5be8?s=96&d=mm&r=g\",\"contentUrl\":\"https:\/\/secure.gravatar.com\/avatar\/d189e01678f06d8eb84d4e01f08eb848b3fffe3f8443818d3c356c66892f5be8?s=96&d=mm&r=g\",\"caption\":\"Ag\u00eancia iNFRA\"},\"url\":\"https:\/\/agenciainfra.com\/blog\/author\/admin\/\"}]}<\/script>\n<!-- \/ Yoast SEO Premium plugin. -->","yoast_head_json":{"title":"ANTAQ aprova padroniza\u00e7\u00e3o na estrutura de servi\u00e7os feitos por terminais de cont\u00eaineres - Ag\u00eancia iNFRA","robots":{"index":"index","follow":"follow","max-snippet":"max-snippet:-1","max-image-preview":"max-image-preview:large","max-video-preview":"max-video-preview:-1"},"canonical":"https:\/\/agenciainfra.com\/blog\/antaq-aprova-padronizacao-na-estrutura-de-servicos-feitos-por-terminais-de-conteineres\/","og_locale":"pt_BR","og_type":"article","og_title":"ANTAQ aprova padroniza\u00e7\u00e3o na estrutura de servi\u00e7os feitos por terminais de cont\u00eaineres","og_description":"Jenifer Ribeiro, da Ag\u00eancia iNFRA A&nbsp;ANTAQ&nbsp;(Ag\u00eancia Nacional de Transportes Aquavi\u00e1rios) aprovou, na \u00faltima quinta-feira (16), a proposta de normativo que disp\u00f5e sobre a&nbsp;estrutura&nbsp;de&nbsp;servi\u00e7os&nbsp;prestados&nbsp;por&nbsp;operadores portu\u00e1rios em instala\u00e7\u00f5es portu\u00e1rias que movimentam ou armazenam cargas conteinerizadas. A resolu\u00e7\u00e3o, que define as diretrizes para os&nbsp;servi\u00e7os&nbsp;inerentes, acess\u00f3rios ou complementares, \u00e9 um dos itens da Agenda Regulat\u00f3ria do tri\u00eanio 2022\/2024. O [&hellip;]","og_url":"https:\/\/agenciainfra.com\/blog\/antaq-aprova-padronizacao-na-estrutura-de-servicos-feitos-por-terminais-de-conteineres\/","og_site_name":"Ag\u00eancia iNFRA","article_publisher":"https:\/\/www.facebook.com\/ageninfra","article_published_time":"2023-11-21T12:00:00+00:00","article_modified_time":"2026-03-13T12:43:58+00:00","og_image":[{"width":1201,"height":802,"url":"https:\/\/agenciainfra.com\/blog\/wp-content\/uploads\/2023\/10\/wilson-lima-filho-foto-redes-sociais-linkedin.jpg","type":"image\/jpeg"}],"author":"Ag\u00eancia iNFRA","twitter_card":"summary_large_image","twitter_creator":"@agencia_infra","twitter_site":"@agencia_infra","twitter_misc":{"Escrito por":"Ag\u00eancia iNFRA","Est. tempo de leitura":"6 minutos"},"schema":{"@context":"https:\/\/schema.org","@graph":[{"@type":"Article","@id":"https:\/\/agenciainfra.com\/blog\/antaq-aprova-padronizacao-na-estrutura-de-servicos-feitos-por-terminais-de-conteineres\/#article","isPartOf":{"@id":"https:\/\/agenciainfra.com\/blog\/antaq-aprova-padronizacao-na-estrutura-de-servicos-feitos-por-terminais-de-conteineres\/"},"author":{"name":"Ag\u00eancia iNFRA","@id":"https:\/\/agenciainfra.com\/blog\/#\/schema\/person\/34af08dff6adea4cb22b06612ba7acfa"},"headline":"ANTAQ aprova padroniza\u00e7\u00e3o na estrutura de servi\u00e7os feitos por terminais de cont\u00eaineres","datePublished":"2023-11-21T12:00:00+00:00","dateModified":"2026-03-13T12:43:58+00:00","mainEntityOfPage":{"@id":"https:\/\/agenciainfra.com\/blog\/antaq-aprova-padronizacao-na-estrutura-de-servicos-feitos-por-terminais-de-conteineres\/"},"wordCount":1194,"publisher":{"@id":"https:\/\/agenciainfra.com\/blog\/#organization"},"image":{"@id":"https:\/\/agenciainfra.com\/blog\/antaq-aprova-padronizacao-na-estrutura-de-servicos-feitos-por-terminais-de-conteineres\/#primaryimage"},"thumbnailUrl":"https:\/\/agenciainfra.com\/blog\/wp-content\/uploads\/2023\/10\/wilson-lima-filho-foto-redes-sociais-linkedin.jpg","keywords":["ABPA","Ag\u00eancias Reguladoras","agenda regulat\u00f3ria","ANTAQ","cont\u00eaineres","Eduardo Nery","Fl\u00e1via Takafashi","Jenifer Ribeiro","Lei 14.047\/2020","reuni\u00e3o de diretoria","transporte aquavi\u00e1rio","Wilson Lima Filho"],"articleSection":["Destaque lista","Geral","iNFRATransporte"],"inLanguage":"pt-BR","copyrightYear":"2023","copyrightHolder":{"@id":"https:\/\/agenciainfra.com\/blog\/#organization"}},{"@type":"WebPage","@id":"https:\/\/agenciainfra.com\/blog\/antaq-aprova-padronizacao-na-estrutura-de-servicos-feitos-por-terminais-de-conteineres\/","url":"https:\/\/agenciainfra.com\/blog\/antaq-aprova-padronizacao-na-estrutura-de-servicos-feitos-por-terminais-de-conteineres\/","name":"ANTAQ aprova padroniza\u00e7\u00e3o na estrutura de servi\u00e7os feitos por terminais de cont\u00eaineres - Ag\u00eancia iNFRA","isPartOf":{"@id":"https:\/\/agenciainfra.com\/blog\/#website"},"primaryImageOfPage":{"@id":"https:\/\/agenciainfra.com\/blog\/antaq-aprova-padronizacao-na-estrutura-de-servicos-feitos-por-terminais-de-conteineres\/#primaryimage"},"image":{"@id":"https:\/\/agenciainfra.com\/blog\/antaq-aprova-padronizacao-na-estrutura-de-servicos-feitos-por-terminais-de-conteineres\/#primaryimage"},"thumbnailUrl":"https:\/\/agenciainfra.com\/blog\/wp-content\/uploads\/2023\/10\/wilson-lima-filho-foto-redes-sociais-linkedin.jpg","datePublished":"2023-11-21T12:00:00+00:00","dateModified":"2026-03-13T12:43:58+00:00","breadcrumb":{"@id":"https:\/\/agenciainfra.com\/blog\/antaq-aprova-padronizacao-na-estrutura-de-servicos-feitos-por-terminais-de-conteineres\/#breadcrumb"},"inLanguage":"pt-BR","potentialAction":[{"@type":"ReadAction","target":["https:\/\/agenciainfra.com\/blog\/antaq-aprova-padronizacao-na-estrutura-de-servicos-feitos-por-terminais-de-conteineres\/"]}]},{"@type":"ImageObject","inLanguage":"pt-BR","@id":"https:\/\/agenciainfra.com\/blog\/antaq-aprova-padronizacao-na-estrutura-de-servicos-feitos-por-terminais-de-conteineres\/#primaryimage","url":"https:\/\/agenciainfra.com\/blog\/wp-content\/uploads\/2023\/10\/wilson-lima-filho-foto-redes-sociais-linkedin.jpg","contentUrl":"https:\/\/agenciainfra.com\/blog\/wp-content\/uploads\/2023\/10\/wilson-lima-filho-foto-redes-sociais-linkedin.jpg","width":1201,"height":802},{"@type":"BreadcrumbList","@id":"https:\/\/agenciainfra.com\/blog\/antaq-aprova-padronizacao-na-estrutura-de-servicos-feitos-por-terminais-de-conteineres\/#breadcrumb","itemListElement":[{"@type":"ListItem","position":1,"name":"In\u00edcio","item":"https:\/\/agenciainfra.com\/blog\/"},{"@type":"ListItem","position":2,"name":"ANTAQ aprova padroniza\u00e7\u00e3o na estrutura de servi\u00e7os feitos por terminais de cont\u00eaineres"}]},{"@type":"WebSite","@id":"https:\/\/agenciainfra.com\/blog\/#website","url":"https:\/\/agenciainfra.com\/blog\/","name":"Ag\u00eancia iNFRA","description":"Multiplataforma de informa\u00e7\u00e3o jornal\u00edstica refer\u00eancia na \u00e1rea de infraestrutura no Brasil!","publisher":{"@id":"https:\/\/agenciainfra.com\/blog\/#organization"},"potentialAction":[{"@type":"SearchAction","target":{"@type":"EntryPoint","urlTemplate":"https:\/\/agenciainfra.com\/blog\/?s={search_term_string}"},"query-input":{"@type":"PropertyValueSpecification","valueRequired":true,"valueName":"search_term_string"}}],"inLanguage":"pt-BR"},{"@type":"Organization","@id":"https:\/\/agenciainfra.com\/blog\/#organization","name":"Ag\u00eancia iNFRA","url":"https:\/\/agenciainfra.com\/blog\/","logo":{"@type":"ImageObject","inLanguage":"pt-BR","@id":"https:\/\/agenciainfra.com\/blog\/#\/schema\/logo\/image\/","url":"https:\/\/agenciainfra.com\/blog\/wp-content\/uploads\/2023\/09\/iNFRA_5-e1761735885940.png","contentUrl":"https:\/\/agenciainfra.com\/blog\/wp-content\/uploads\/2023\/09\/iNFRA_5-e1761735885940.png","width":1672,"height":454,"caption":"Ag\u00eancia iNFRA"},"image":{"@id":"https:\/\/agenciainfra.com\/blog\/#\/schema\/logo\/image\/"},"sameAs":["https:\/\/www.facebook.com\/ageninfra","https:\/\/x.com\/agencia_infra","https:\/\/www.linkedin.com\/company\/ag\u00eanciainfra\/","https:\/\/www.instagram.com\/agenciainfra\/"]},{"@type":"Person","@id":"https:\/\/agenciainfra.com\/blog\/#\/schema\/person\/34af08dff6adea4cb22b06612ba7acfa","name":"Ag\u00eancia iNFRA","image":{"@type":"ImageObject","inLanguage":"pt-BR","@id":"https:\/\/agenciainfra.com\/blog\/#\/schema\/person\/image\/","url":"https:\/\/secure.gravatar.com\/avatar\/d189e01678f06d8eb84d4e01f08eb848b3fffe3f8443818d3c356c66892f5be8?s=96&d=mm&r=g","contentUrl":"https:\/\/secure.gravatar.com\/avatar\/d189e01678f06d8eb84d4e01f08eb848b3fffe3f8443818d3c356c66892f5be8?s=96&d=mm&r=g","caption":"Ag\u00eancia iNFRA"},"url":"https:\/\/agenciainfra.com\/blog\/author\/admin\/"}]}},"_links":{"self":[{"href":"https:\/\/agenciainfra.com\/blog\/wp-json\/wp\/v2\/posts\/14768","targetHints":{"allow":["GET"]}}],"collection":[{"href":"https:\/\/agenciainfra.com\/blog\/wp-json\/wp\/v2\/posts"}],"about":[{"href":"https:\/\/agenciainfra.com\/blog\/wp-json\/wp\/v2\/types\/post"}],"author":[{"embeddable":true,"href":"https:\/\/agenciainfra.com\/blog\/wp-json\/wp\/v2\/users\/1"}],"replies":[{"embeddable":true,"href":"https:\/\/agenciainfra.com\/blog\/wp-json\/wp\/v2\/comments?post=14768"}],"version-history":[{"count":1,"href":"https:\/\/agenciainfra.com\/blog\/wp-json\/wp\/v2\/posts\/14768\/revisions"}],"predecessor-version":[{"id":37758,"href":"https:\/\/agenciainfra.com\/blog\/wp-json\/wp\/v2\/posts\/14768\/revisions\/37758"}],"wp:featuredmedia":[{"embeddable":true,"href":"https:\/\/agenciainfra.com\/blog\/wp-json\/wp\/v2\/media\/14371"}],"wp:attachment":[{"href":"https:\/\/agenciainfra.com\/blog\/wp-json\/wp\/v2\/media?parent=14768"}],"wp:term":[{"taxonomy":"category","embeddable":true,"href":"https:\/\/agenciainfra.com\/blog\/wp-json\/wp\/v2\/categories?post=14768"},{"taxonomy":"post_tag","embeddable":true,"href":"https:\/\/agenciainfra.com\/blog\/wp-json\/wp\/v2\/tags?post=14768"}],"curies":[{"name":"wp","href":"https:\/\/api.w.org\/{rel}","templated":true}]}}