{"id":14834,"date":"2023-11-24T11:00:00","date_gmt":"2023-11-24T14:00:00","guid":{"rendered":"https:\/\/www.agenciainfra.com\/blog\/?p=14834"},"modified":"2026-03-13T09:43:54","modified_gmt":"2026-03-13T12:43:54","slug":"com-mudanca-no-mercado-e-sem-mitigar-riscos-br-381-mg-tem-nova-tentativa-de-leilao-deserta","status":"publish","type":"post","link":"https:\/\/agenciainfra.com\/blog\/com-mudanca-no-mercado-e-sem-mitigar-riscos-br-381-mg-tem-nova-tentativa-de-leilao-deserta\/","title":{"rendered":"Com mudan\u00e7a no mercado e sem mitigar riscos, BR-381\/MG tem nova tentativa de leil\u00e3o deserta"},"content":{"rendered":"\n<p class=\"has-text-align-right\"><strong>Dimmi Amora, da Ag\u00eancia iNFRA<\/strong><\/p>\n\n\n\n<p>A&nbsp;nova&nbsp;tentativa&nbsp;de conceder um trecho de 304 quil\u00f4metros da&nbsp;BR-381\/MG&nbsp;entre Belo Horizonte&nbsp;e&nbsp;Governador Valadares, realizada pelo governo federal, n\u00e3o teve interessados.<br><br>Repetindo fracassos de outros governos na&nbsp;tentativa&nbsp;de realizar bilion\u00e1rios investimentos necess\u00e1rios para duplicar&nbsp;uma das estradas mais perigosas do pa\u00eds, empresas n\u00e3o levaram propostas para a B3 dentro do prazo, que se encerrou nesta ter\u00e7a-feira (21).<br><br>O governo estava otimista com a realiza\u00e7\u00e3o do evento. Na segunda-feira (20), a Assessoria de Comunica\u00e7\u00e3o do Minist\u00e9rio dos Transportes&nbsp;e&nbsp;a ANTT (Ag\u00eancia Nacional de Transportes Terrestres) chegaram a divulgar releases confirmando a realiza\u00e7\u00e3o da fase de lances do&nbsp;leil\u00e3o&nbsp;para sexta-feira (24), mesmo antes da apresenta\u00e7\u00e3o de propostas.<br><br>De acordo com informa\u00e7\u00e3o do jornal Valor Econ\u00f4mico, duas empresas chegaram a cogitar a participa\u00e7\u00e3o, mas desistiram em cima da hora. Em nota ap\u00f3s o fim do prazo de apresenta\u00e7\u00e3o de propostas, o Minist\u00e9rio dos Transportes&nbsp;e&nbsp;a ANTT informaram que tentar\u00e3o leiloar o projeto em 2024.<br><br>&#8220;O Governo Federal continua determinado em encontrar uma solu\u00e7\u00e3o para modernizar&nbsp;e&nbsp;adequar a capacidade da&nbsp;BR-381\/MG, que, em virtude dos acidentes ocorridos nas \u00faltimas d\u00e9cadas, ficou conhecida como &#8216;Rodovia da Morte&#8217;. Essa \u00e9 a terceira&nbsp;tentativa&nbsp;de leiloar o trecho entre Belo Horizonte&nbsp;e&nbsp;Governador Valadares. As anteriores ocorreram em 2021&nbsp;e&nbsp;2022.&#8221;<br><br>Ainda de acordo com o texto, o governo pretende &#8220;retomar o di\u00e1logo com o Tribunal de Contas da Uni\u00e3o (TCU) a fim de criar as condi\u00e7\u00f5es necess\u00e1rias para viabilizar o investimento privado. O Minist\u00e9rio dos Transportes trabalha para reposicionar o projeto&nbsp;e&nbsp;lev\u00e1-lo a&nbsp;leil\u00e3o&nbsp;no&nbsp;primeiro semestre de 2024&#8221;.<br><br><strong>Hist\u00f3rico de fracassos<\/strong><br>O longo hist\u00f3rico de fracassos na&nbsp;tentativa&nbsp;de fazer os investimentos nessa regi\u00e3o come\u00e7a ainda em 2012, quando o governo tentou leiloar um trecho da&nbsp;BR-381&nbsp;com a&nbsp;BR-262, numa liga\u00e7\u00e3o de Belo Horizonte a Vit\u00f3ria (ES),&nbsp;e&nbsp;n\u00e3o encontrou interessados,&nbsp;no&nbsp;primeiro lote deserto de uma concess\u00e3o rodovi\u00e1ria federal.<br><br>Parte dos investimentos na duplica\u00e7\u00e3o da&nbsp;BR-381&nbsp;na d\u00e9cada passada&nbsp;eram feitos pelo DNIT (Departamento Nacional de Infraestrutura de Transportes), com recursos or\u00e7ament\u00e1rios, mas v\u00e1rios lotes ficaram&nbsp;sem&nbsp;conclus\u00e3o ap\u00f3s anos de obras paradas. Com isso,&nbsp;no&nbsp;governo Bolsonaro, criou-se a ideia de licitar o trecho da&nbsp;BR-381&nbsp;at\u00e9 Valadares com a&nbsp;BR-262 at\u00e9 Vit\u00f3ria, o que levou a novos fracassos em 2021&nbsp;e&nbsp;2022.<br><br>Parte dos motivos que foram apontados para os fracassos anteriores persiste mesmo com o governo retirando em 2022 a&nbsp;BR-262 do projeto, de acordo com agentes do&nbsp;mercado&nbsp;e&nbsp;servidores p\u00fablicos que conversaram com a&nbsp;<strong>Ag\u00eancia iNFRA<\/strong>, pedindo para n\u00e3o serem identificados.<br><br>Os principais s\u00e3o o elevado capex necess\u00e1rio para a realiza\u00e7\u00e3o das obras&nbsp;no&nbsp;trecho, estimado em R$ 10 bilh\u00f5es,&nbsp;e&nbsp;os&nbsp;riscos&nbsp;de realizar a duplica\u00e7\u00e3o em trecho considerado geologicamente dif\u00edcil de fazer obras.<br><br><strong>Compartilhamento de risco<\/strong><br>O governo vinha sendo alertado por empresas que indicaram que n\u00e3o participariam desse lote, alegando os elevados&nbsp;riscos&nbsp;no&nbsp;projeto, mas ainda confiava que teria participantes, como indicou o secret\u00e1rio-executivo da pasta, George Santoro, em evento realizado na manh\u00e3 desta ter\u00e7a-feira em Bras\u00edlia.<br><br>Os&nbsp;riscos&nbsp;j\u00e1 conhecidos, segundo um agente do&nbsp;mercado, n\u00e3o foram sanados nessa&nbsp;nova&nbsp;tentativa&nbsp;de&nbsp;leil\u00e3o. O governo manteve um cronograma apertado para a realiza\u00e7\u00e3o das obras, o que,&nbsp;no&nbsp;momento, \u00e9 problem\u00e1tico para as empresas devido ao alto n\u00famero de projetos em execu\u00e7\u00e3o num&nbsp;mercado&nbsp;de epecistas ainda em crise.<br><br>Al\u00e9m disso, uma&nbsp;mudan\u00e7a&nbsp;no&nbsp;projeto determinada&nbsp;no&nbsp;ac\u00f3rd\u00e3o do TCU que permitiu a concess\u00e3o tamb\u00e9m levou a mais dificuldades. O governo apresentou um mecanismo de reparti\u00e7\u00e3o de&nbsp;riscos&nbsp;para poss\u00edveis problemas geol\u00f3gicos nas obras,&nbsp;o que vem sendo apontado como um dos principais&nbsp;riscos&nbsp;para o projeto.&nbsp;<br><br>A ANTT recorreu da decis\u00e3o do TCU,&nbsp;e&nbsp;o ministro Antonio Anastasia,&nbsp;no&nbsp;<a href=\"https:\/\/agenciainfra.us14.list-manage.com\/track\/click?u=d460dd1bcf9ba0ae040e1fc0f&amp;id=a989930edd&amp;e=f0fa444791\" target=\"_blank\" rel=\"noreferrer noopener\">Ac\u00f3rd\u00e3o 1.381\/2023<\/a>, esclareceu as restri\u00e7\u00f5es que deveriam ser impostas pela ag\u00eancia para o compartilhamento de&nbsp;riscos&nbsp;geol\u00f3gicos, o que parece ter sido ainda insuficiente para se obter um interessado na obra.<br><br><strong>Mudan\u00e7a&nbsp;no&nbsp;mercado<\/strong><br>Um representante do setor p\u00fablico&nbsp;e&nbsp;outro do setor privado lembraram ainda que h\u00e1 uma&nbsp;mudan\u00e7a&nbsp;no&nbsp;mercado&nbsp;neste ano com a&nbsp;tentativa&nbsp;do governo de reprogramar v\u00e1rios contratos de concess\u00e3o que estavam em processo de devolu\u00e7\u00e3o amig\u00e1vel.<br><br>Com isso, as empresas est\u00e3o direcionando toda a energia para os estudos dessa reprograma\u00e7\u00e3o, que na pr\u00e1tica se torna uma&nbsp;nova&nbsp;concess\u00e3o, devido ao elevado investimento necess\u00e1rio nos tr\u00eas primeiros anos, o que reduz o apetite para novos projetos.&nbsp;<br><br><strong>Acidente de avi\u00e3o<\/strong><br>O restrito&nbsp;mercado&nbsp;de concession\u00e1rias&nbsp;no&nbsp;pa\u00eds, com poucas empresas com capacidade para fazer grandes investimentos,&nbsp;e&nbsp;mesmo essas com limita\u00e7\u00f5es para pegar novos projetos por restri\u00e7\u00f5es para ampliar o endividamento, tamb\u00e9m n\u00e3o ajuda.<br><br>&#8220;O que parece \u00e9 que n\u00e3o&nbsp;tem&nbsp;uma causa \u00fanica para mais esse fracasso. Parece mais um acidente de avi\u00e3o, onde v\u00e1rias causas contribuem&#8221;, disse um agente do setor que estava envolvido&nbsp;no&nbsp;processo.<\/p>\n","protected":false},"excerpt":{"rendered":"<p>Dimmi Amora, da Ag\u00eancia iNFRA A&nbsp;nova&nbsp;tentativa&nbsp;de conceder um trecho de 304 quil\u00f4metros da&nbsp;BR-381\/MG&nbsp;entre Belo Horizonte&nbsp;e&nbsp;Governador Valadares, realizada pelo governo federal, n\u00e3o teve interessados. Repetindo fracassos de outros governos na&nbsp;tentativa&nbsp;de realizar bilion\u00e1rios investimentos necess\u00e1rios para duplicar&nbsp;uma das estradas mais perigosas do pa\u00eds, empresas n\u00e3o levaram propostas para a B3 dentro do prazo, que se encerrou nesta [&hellip;]<\/p>\n","protected":false},"author":1,"featured_media":12975,"comment_status":"closed","ping_status":"closed","sticky":false,"template":"","format":"standard","meta":{"_monsterinsights_skip_tracking":false,"_monsterinsights_sitenote_active":false,"_monsterinsights_sitenote_note":"","_monsterinsights_sitenote_category":0,"footnotes":""},"categories":[7248,7250,1,7],"tags":[19,6620,5491,78,1299,328,3355,254,7767,16,18],"class_list":["post-14834","post","type-post","status-publish","format-standard","has-post-thumbnail","hentry","category-cabecalho","category-destaque-lista","category-geral","category-infratransporte","tag-antt","tag-belo-horizonte","tag-br-381-mg","tag-concessoes","tag-dimmi-amora","tag-dnit","tag-governador-valadares","tag-leilao","tag-licitacao-fracassada","tag-ministerio-dos-transportes","tag-tcu"],"yoast_head":"<!-- This site is optimized with the Yoast SEO Premium plugin v25.4 (Yoast SEO v26.0) - https:\/\/yoast.com\/wordpress\/plugins\/seo\/ -->\n<title>Com mudan\u00e7a no mercado e sem mitigar riscos, BR-381\/MG tem nova tentativa de leil\u00e3o deserta - Ag\u00eancia iNFRA<\/title>\n<meta name=\"robots\" content=\"index, follow, max-snippet:-1, max-image-preview:large, max-video-preview:-1\" \/>\n<link rel=\"canonical\" href=\"https:\/\/agenciainfra.com\/blog\/com-mudanca-no-mercado-e-sem-mitigar-riscos-br-381-mg-tem-nova-tentativa-de-leilao-deserta\/\" \/>\n<meta property=\"og:locale\" content=\"pt_BR\" \/>\n<meta property=\"og:type\" content=\"article\" \/>\n<meta property=\"og:title\" content=\"Com mudan\u00e7a no mercado e sem mitigar riscos, BR-381\/MG tem nova tentativa de leil\u00e3o deserta\" \/>\n<meta property=\"og:description\" content=\"Dimmi Amora, da Ag\u00eancia iNFRA A&nbsp;nova&nbsp;tentativa&nbsp;de conceder um trecho de 304 quil\u00f4metros da&nbsp;BR-381\/MG&nbsp;entre Belo Horizonte&nbsp;e&nbsp;Governador Valadares, realizada pelo governo federal, n\u00e3o teve interessados. Repetindo fracassos de outros governos na&nbsp;tentativa&nbsp;de realizar bilion\u00e1rios investimentos necess\u00e1rios para duplicar&nbsp;uma das estradas mais perigosas do pa\u00eds, empresas n\u00e3o levaram propostas para a B3 dentro do prazo, que se encerrou nesta [&hellip;]\" \/>\n<meta property=\"og:url\" content=\"https:\/\/agenciainfra.com\/blog\/com-mudanca-no-mercado-e-sem-mitigar-riscos-br-381-mg-tem-nova-tentativa-de-leilao-deserta\/\" \/>\n<meta property=\"og:site_name\" content=\"Ag\u00eancia iNFRA\" \/>\n<meta property=\"article:publisher\" content=\"https:\/\/www.facebook.com\/ageninfra\" \/>\n<meta property=\"article:published_time\" content=\"2023-11-24T14:00:00+00:00\" \/>\n<meta property=\"article:modified_time\" content=\"2026-03-13T12:43:54+00:00\" \/>\n<meta property=\"og:image\" content=\"https:\/\/agenciainfra.com\/blog\/wp-content\/uploads\/2023\/06\/BR-381-MG-foto-ascom-antt.png\" \/>\n\t<meta property=\"og:image:width\" content=\"1202\" \/>\n\t<meta property=\"og:image:height\" content=\"798\" \/>\n\t<meta property=\"og:image:type\" content=\"image\/png\" \/>\n<meta name=\"author\" content=\"Ag\u00eancia iNFRA\" \/>\n<meta name=\"twitter:card\" content=\"summary_large_image\" \/>\n<meta name=\"twitter:creator\" content=\"@agencia_infra\" \/>\n<meta name=\"twitter:site\" content=\"@agencia_infra\" \/>\n<meta name=\"twitter:label1\" content=\"Escrito por\" \/>\n\t<meta name=\"twitter:data1\" content=\"Ag\u00eancia iNFRA\" \/>\n\t<meta name=\"twitter:label2\" content=\"Est. tempo de leitura\" \/>\n\t<meta name=\"twitter:data2\" content=\"5 minutos\" \/>\n<script type=\"application\/ld+json\" class=\"yoast-schema-graph\">{\"@context\":\"https:\/\/schema.org\",\"@graph\":[{\"@type\":\"Article\",\"@id\":\"https:\/\/agenciainfra.com\/blog\/com-mudanca-no-mercado-e-sem-mitigar-riscos-br-381-mg-tem-nova-tentativa-de-leilao-deserta\/#article\",\"isPartOf\":{\"@id\":\"https:\/\/agenciainfra.com\/blog\/com-mudanca-no-mercado-e-sem-mitigar-riscos-br-381-mg-tem-nova-tentativa-de-leilao-deserta\/\"},\"author\":{\"name\":\"Ag\u00eancia iNFRA\",\"@id\":\"https:\/\/agenciainfra.com\/blog\/#\/schema\/person\/34af08dff6adea4cb22b06612ba7acfa\"},\"headline\":\"Com mudan\u00e7a no mercado e sem mitigar riscos, BR-381\/MG tem nova tentativa de leil\u00e3o deserta\",\"datePublished\":\"2023-11-24T14:00:00+00:00\",\"dateModified\":\"2026-03-13T12:43:54+00:00\",\"mainEntityOfPage\":{\"@id\":\"https:\/\/agenciainfra.com\/blog\/com-mudanca-no-mercado-e-sem-mitigar-riscos-br-381-mg-tem-nova-tentativa-de-leilao-deserta\/\"},\"wordCount\":1027,\"publisher\":{\"@id\":\"https:\/\/agenciainfra.com\/blog\/#organization\"},\"image\":{\"@id\":\"https:\/\/agenciainfra.com\/blog\/com-mudanca-no-mercado-e-sem-mitigar-riscos-br-381-mg-tem-nova-tentativa-de-leilao-deserta\/#primaryimage\"},\"thumbnailUrl\":\"https:\/\/agenciainfra.com\/blog\/wp-content\/uploads\/2023\/06\/BR-381-MG-foto-ascom-antt.png\",\"keywords\":[\"ANTT\",\"Belo Horizonte\",\"BR-381\/MG\",\"concess\u00f5es\",\"Dimmi Amora\",\"DNIT\",\"Governador Valadares\",\"leil\u00e3o\",\"licita\u00e7\u00e3o fracassada\",\"minist\u00e9rio dos transportes\",\"TCU\"],\"articleSection\":[\"Cabe\u00e7alho\",\"Destaque lista\",\"Geral\",\"iNFRATransporte\"],\"inLanguage\":\"pt-BR\",\"copyrightYear\":\"2023\",\"copyrightHolder\":{\"@id\":\"https:\/\/agenciainfra.com\/blog\/#organization\"}},{\"@type\":\"WebPage\",\"@id\":\"https:\/\/agenciainfra.com\/blog\/com-mudanca-no-mercado-e-sem-mitigar-riscos-br-381-mg-tem-nova-tentativa-de-leilao-deserta\/\",\"url\":\"https:\/\/agenciainfra.com\/blog\/com-mudanca-no-mercado-e-sem-mitigar-riscos-br-381-mg-tem-nova-tentativa-de-leilao-deserta\/\",\"name\":\"Com mudan\u00e7a no mercado e sem mitigar riscos, BR-381\/MG tem nova tentativa de leil\u00e3o deserta - Ag\u00eancia iNFRA\",\"isPartOf\":{\"@id\":\"https:\/\/agenciainfra.com\/blog\/#website\"},\"primaryImageOfPage\":{\"@id\":\"https:\/\/agenciainfra.com\/blog\/com-mudanca-no-mercado-e-sem-mitigar-riscos-br-381-mg-tem-nova-tentativa-de-leilao-deserta\/#primaryimage\"},\"image\":{\"@id\":\"https:\/\/agenciainfra.com\/blog\/com-mudanca-no-mercado-e-sem-mitigar-riscos-br-381-mg-tem-nova-tentativa-de-leilao-deserta\/#primaryimage\"},\"thumbnailUrl\":\"https:\/\/agenciainfra.com\/blog\/wp-content\/uploads\/2023\/06\/BR-381-MG-foto-ascom-antt.png\",\"datePublished\":\"2023-11-24T14:00:00+00:00\",\"dateModified\":\"2026-03-13T12:43:54+00:00\",\"breadcrumb\":{\"@id\":\"https:\/\/agenciainfra.com\/blog\/com-mudanca-no-mercado-e-sem-mitigar-riscos-br-381-mg-tem-nova-tentativa-de-leilao-deserta\/#breadcrumb\"},\"inLanguage\":\"pt-BR\",\"potentialAction\":[{\"@type\":\"ReadAction\",\"target\":[\"https:\/\/agenciainfra.com\/blog\/com-mudanca-no-mercado-e-sem-mitigar-riscos-br-381-mg-tem-nova-tentativa-de-leilao-deserta\/\"]}]},{\"@type\":\"ImageObject\",\"inLanguage\":\"pt-BR\",\"@id\":\"https:\/\/agenciainfra.com\/blog\/com-mudanca-no-mercado-e-sem-mitigar-riscos-br-381-mg-tem-nova-tentativa-de-leilao-deserta\/#primaryimage\",\"url\":\"https:\/\/agenciainfra.com\/blog\/wp-content\/uploads\/2023\/06\/BR-381-MG-foto-ascom-antt.png\",\"contentUrl\":\"https:\/\/agenciainfra.com\/blog\/wp-content\/uploads\/2023\/06\/BR-381-MG-foto-ascom-antt.png\",\"width\":1202,\"height\":798},{\"@type\":\"BreadcrumbList\",\"@id\":\"https:\/\/agenciainfra.com\/blog\/com-mudanca-no-mercado-e-sem-mitigar-riscos-br-381-mg-tem-nova-tentativa-de-leilao-deserta\/#breadcrumb\",\"itemListElement\":[{\"@type\":\"ListItem\",\"position\":1,\"name\":\"In\u00edcio\",\"item\":\"https:\/\/agenciainfra.com\/blog\/\"},{\"@type\":\"ListItem\",\"position\":2,\"name\":\"Com mudan\u00e7a no mercado e sem mitigar riscos, BR-381\/MG tem nova tentativa de leil\u00e3o deserta\"}]},{\"@type\":\"WebSite\",\"@id\":\"https:\/\/agenciainfra.com\/blog\/#website\",\"url\":\"https:\/\/agenciainfra.com\/blog\/\",\"name\":\"Ag\u00eancia iNFRA\",\"description\":\"Multiplataforma de informa\u00e7\u00e3o jornal\u00edstica refer\u00eancia na \u00e1rea de infraestrutura no Brasil!\",\"publisher\":{\"@id\":\"https:\/\/agenciainfra.com\/blog\/#organization\"},\"potentialAction\":[{\"@type\":\"SearchAction\",\"target\":{\"@type\":\"EntryPoint\",\"urlTemplate\":\"https:\/\/agenciainfra.com\/blog\/?s={search_term_string}\"},\"query-input\":{\"@type\":\"PropertyValueSpecification\",\"valueRequired\":true,\"valueName\":\"search_term_string\"}}],\"inLanguage\":\"pt-BR\"},{\"@type\":\"Organization\",\"@id\":\"https:\/\/agenciainfra.com\/blog\/#organization\",\"name\":\"Ag\u00eancia iNFRA\",\"url\":\"https:\/\/agenciainfra.com\/blog\/\",\"logo\":{\"@type\":\"ImageObject\",\"inLanguage\":\"pt-BR\",\"@id\":\"https:\/\/agenciainfra.com\/blog\/#\/schema\/logo\/image\/\",\"url\":\"https:\/\/agenciainfra.com\/blog\/wp-content\/uploads\/2023\/09\/iNFRA_5-e1761735885940.png\",\"contentUrl\":\"https:\/\/agenciainfra.com\/blog\/wp-content\/uploads\/2023\/09\/iNFRA_5-e1761735885940.png\",\"width\":1672,\"height\":454,\"caption\":\"Ag\u00eancia iNFRA\"},\"image\":{\"@id\":\"https:\/\/agenciainfra.com\/blog\/#\/schema\/logo\/image\/\"},\"sameAs\":[\"https:\/\/www.facebook.com\/ageninfra\",\"https:\/\/x.com\/agencia_infra\",\"https:\/\/www.linkedin.com\/company\/ag\u00eanciainfra\/\",\"https:\/\/www.instagram.com\/agenciainfra\/\"]},{\"@type\":\"Person\",\"@id\":\"https:\/\/agenciainfra.com\/blog\/#\/schema\/person\/34af08dff6adea4cb22b06612ba7acfa\",\"name\":\"Ag\u00eancia iNFRA\",\"image\":{\"@type\":\"ImageObject\",\"inLanguage\":\"pt-BR\",\"@id\":\"https:\/\/agenciainfra.com\/blog\/#\/schema\/person\/image\/\",\"url\":\"https:\/\/secure.gravatar.com\/avatar\/d189e01678f06d8eb84d4e01f08eb848b3fffe3f8443818d3c356c66892f5be8?s=96&d=mm&r=g\",\"contentUrl\":\"https:\/\/secure.gravatar.com\/avatar\/d189e01678f06d8eb84d4e01f08eb848b3fffe3f8443818d3c356c66892f5be8?s=96&d=mm&r=g\",\"caption\":\"Ag\u00eancia iNFRA\"},\"url\":\"https:\/\/agenciainfra.com\/blog\/author\/admin\/\"}]}<\/script>\n<!-- \/ Yoast SEO Premium plugin. -->","yoast_head_json":{"title":"Com mudan\u00e7a no mercado e sem mitigar riscos, BR-381\/MG tem nova tentativa de leil\u00e3o deserta - Ag\u00eancia iNFRA","robots":{"index":"index","follow":"follow","max-snippet":"max-snippet:-1","max-image-preview":"max-image-preview:large","max-video-preview":"max-video-preview:-1"},"canonical":"https:\/\/agenciainfra.com\/blog\/com-mudanca-no-mercado-e-sem-mitigar-riscos-br-381-mg-tem-nova-tentativa-de-leilao-deserta\/","og_locale":"pt_BR","og_type":"article","og_title":"Com mudan\u00e7a no mercado e sem mitigar riscos, BR-381\/MG tem nova tentativa de leil\u00e3o deserta","og_description":"Dimmi Amora, da Ag\u00eancia iNFRA A&nbsp;nova&nbsp;tentativa&nbsp;de conceder um trecho de 304 quil\u00f4metros da&nbsp;BR-381\/MG&nbsp;entre Belo Horizonte&nbsp;e&nbsp;Governador Valadares, realizada pelo governo federal, n\u00e3o teve interessados. Repetindo fracassos de outros governos na&nbsp;tentativa&nbsp;de realizar bilion\u00e1rios investimentos necess\u00e1rios para duplicar&nbsp;uma das estradas mais perigosas do pa\u00eds, empresas n\u00e3o levaram propostas para a B3 dentro do prazo, que se encerrou nesta [&hellip;]","og_url":"https:\/\/agenciainfra.com\/blog\/com-mudanca-no-mercado-e-sem-mitigar-riscos-br-381-mg-tem-nova-tentativa-de-leilao-deserta\/","og_site_name":"Ag\u00eancia iNFRA","article_publisher":"https:\/\/www.facebook.com\/ageninfra","article_published_time":"2023-11-24T14:00:00+00:00","article_modified_time":"2026-03-13T12:43:54+00:00","og_image":[{"width":1202,"height":798,"url":"https:\/\/agenciainfra.com\/blog\/wp-content\/uploads\/2023\/06\/BR-381-MG-foto-ascom-antt.png","type":"image\/png"}],"author":"Ag\u00eancia iNFRA","twitter_card":"summary_large_image","twitter_creator":"@agencia_infra","twitter_site":"@agencia_infra","twitter_misc":{"Escrito por":"Ag\u00eancia iNFRA","Est. tempo de leitura":"5 minutos"},"schema":{"@context":"https:\/\/schema.org","@graph":[{"@type":"Article","@id":"https:\/\/agenciainfra.com\/blog\/com-mudanca-no-mercado-e-sem-mitigar-riscos-br-381-mg-tem-nova-tentativa-de-leilao-deserta\/#article","isPartOf":{"@id":"https:\/\/agenciainfra.com\/blog\/com-mudanca-no-mercado-e-sem-mitigar-riscos-br-381-mg-tem-nova-tentativa-de-leilao-deserta\/"},"author":{"name":"Ag\u00eancia iNFRA","@id":"https:\/\/agenciainfra.com\/blog\/#\/schema\/person\/34af08dff6adea4cb22b06612ba7acfa"},"headline":"Com mudan\u00e7a no mercado e sem mitigar riscos, BR-381\/MG tem nova tentativa de leil\u00e3o deserta","datePublished":"2023-11-24T14:00:00+00:00","dateModified":"2026-03-13T12:43:54+00:00","mainEntityOfPage":{"@id":"https:\/\/agenciainfra.com\/blog\/com-mudanca-no-mercado-e-sem-mitigar-riscos-br-381-mg-tem-nova-tentativa-de-leilao-deserta\/"},"wordCount":1027,"publisher":{"@id":"https:\/\/agenciainfra.com\/blog\/#organization"},"image":{"@id":"https:\/\/agenciainfra.com\/blog\/com-mudanca-no-mercado-e-sem-mitigar-riscos-br-381-mg-tem-nova-tentativa-de-leilao-deserta\/#primaryimage"},"thumbnailUrl":"https:\/\/agenciainfra.com\/blog\/wp-content\/uploads\/2023\/06\/BR-381-MG-foto-ascom-antt.png","keywords":["ANTT","Belo Horizonte","BR-381\/MG","concess\u00f5es","Dimmi Amora","DNIT","Governador Valadares","leil\u00e3o","licita\u00e7\u00e3o fracassada","minist\u00e9rio dos transportes","TCU"],"articleSection":["Cabe\u00e7alho","Destaque lista","Geral","iNFRATransporte"],"inLanguage":"pt-BR","copyrightYear":"2023","copyrightHolder":{"@id":"https:\/\/agenciainfra.com\/blog\/#organization"}},{"@type":"WebPage","@id":"https:\/\/agenciainfra.com\/blog\/com-mudanca-no-mercado-e-sem-mitigar-riscos-br-381-mg-tem-nova-tentativa-de-leilao-deserta\/","url":"https:\/\/agenciainfra.com\/blog\/com-mudanca-no-mercado-e-sem-mitigar-riscos-br-381-mg-tem-nova-tentativa-de-leilao-deserta\/","name":"Com mudan\u00e7a no mercado e sem mitigar riscos, BR-381\/MG tem nova tentativa de leil\u00e3o deserta - Ag\u00eancia iNFRA","isPartOf":{"@id":"https:\/\/agenciainfra.com\/blog\/#website"},"primaryImageOfPage":{"@id":"https:\/\/agenciainfra.com\/blog\/com-mudanca-no-mercado-e-sem-mitigar-riscos-br-381-mg-tem-nova-tentativa-de-leilao-deserta\/#primaryimage"},"image":{"@id":"https:\/\/agenciainfra.com\/blog\/com-mudanca-no-mercado-e-sem-mitigar-riscos-br-381-mg-tem-nova-tentativa-de-leilao-deserta\/#primaryimage"},"thumbnailUrl":"https:\/\/agenciainfra.com\/blog\/wp-content\/uploads\/2023\/06\/BR-381-MG-foto-ascom-antt.png","datePublished":"2023-11-24T14:00:00+00:00","dateModified":"2026-03-13T12:43:54+00:00","breadcrumb":{"@id":"https:\/\/agenciainfra.com\/blog\/com-mudanca-no-mercado-e-sem-mitigar-riscos-br-381-mg-tem-nova-tentativa-de-leilao-deserta\/#breadcrumb"},"inLanguage":"pt-BR","potentialAction":[{"@type":"ReadAction","target":["https:\/\/agenciainfra.com\/blog\/com-mudanca-no-mercado-e-sem-mitigar-riscos-br-381-mg-tem-nova-tentativa-de-leilao-deserta\/"]}]},{"@type":"ImageObject","inLanguage":"pt-BR","@id":"https:\/\/agenciainfra.com\/blog\/com-mudanca-no-mercado-e-sem-mitigar-riscos-br-381-mg-tem-nova-tentativa-de-leilao-deserta\/#primaryimage","url":"https:\/\/agenciainfra.com\/blog\/wp-content\/uploads\/2023\/06\/BR-381-MG-foto-ascom-antt.png","contentUrl":"https:\/\/agenciainfra.com\/blog\/wp-content\/uploads\/2023\/06\/BR-381-MG-foto-ascom-antt.png","width":1202,"height":798},{"@type":"BreadcrumbList","@id":"https:\/\/agenciainfra.com\/blog\/com-mudanca-no-mercado-e-sem-mitigar-riscos-br-381-mg-tem-nova-tentativa-de-leilao-deserta\/#breadcrumb","itemListElement":[{"@type":"ListItem","position":1,"name":"In\u00edcio","item":"https:\/\/agenciainfra.com\/blog\/"},{"@type":"ListItem","position":2,"name":"Com mudan\u00e7a no mercado e sem mitigar riscos, BR-381\/MG tem nova tentativa de leil\u00e3o deserta"}]},{"@type":"WebSite","@id":"https:\/\/agenciainfra.com\/blog\/#website","url":"https:\/\/agenciainfra.com\/blog\/","name":"Ag\u00eancia iNFRA","description":"Multiplataforma de informa\u00e7\u00e3o jornal\u00edstica refer\u00eancia na \u00e1rea de infraestrutura no Brasil!","publisher":{"@id":"https:\/\/agenciainfra.com\/blog\/#organization"},"potentialAction":[{"@type":"SearchAction","target":{"@type":"EntryPoint","urlTemplate":"https:\/\/agenciainfra.com\/blog\/?s={search_term_string}"},"query-input":{"@type":"PropertyValueSpecification","valueRequired":true,"valueName":"search_term_string"}}],"inLanguage":"pt-BR"},{"@type":"Organization","@id":"https:\/\/agenciainfra.com\/blog\/#organization","name":"Ag\u00eancia iNFRA","url":"https:\/\/agenciainfra.com\/blog\/","logo":{"@type":"ImageObject","inLanguage":"pt-BR","@id":"https:\/\/agenciainfra.com\/blog\/#\/schema\/logo\/image\/","url":"https:\/\/agenciainfra.com\/blog\/wp-content\/uploads\/2023\/09\/iNFRA_5-e1761735885940.png","contentUrl":"https:\/\/agenciainfra.com\/blog\/wp-content\/uploads\/2023\/09\/iNFRA_5-e1761735885940.png","width":1672,"height":454,"caption":"Ag\u00eancia iNFRA"},"image":{"@id":"https:\/\/agenciainfra.com\/blog\/#\/schema\/logo\/image\/"},"sameAs":["https:\/\/www.facebook.com\/ageninfra","https:\/\/x.com\/agencia_infra","https:\/\/www.linkedin.com\/company\/ag\u00eanciainfra\/","https:\/\/www.instagram.com\/agenciainfra\/"]},{"@type":"Person","@id":"https:\/\/agenciainfra.com\/blog\/#\/schema\/person\/34af08dff6adea4cb22b06612ba7acfa","name":"Ag\u00eancia iNFRA","image":{"@type":"ImageObject","inLanguage":"pt-BR","@id":"https:\/\/agenciainfra.com\/blog\/#\/schema\/person\/image\/","url":"https:\/\/secure.gravatar.com\/avatar\/d189e01678f06d8eb84d4e01f08eb848b3fffe3f8443818d3c356c66892f5be8?s=96&d=mm&r=g","contentUrl":"https:\/\/secure.gravatar.com\/avatar\/d189e01678f06d8eb84d4e01f08eb848b3fffe3f8443818d3c356c66892f5be8?s=96&d=mm&r=g","caption":"Ag\u00eancia iNFRA"},"url":"https:\/\/agenciainfra.com\/blog\/author\/admin\/"}]}},"_links":{"self":[{"href":"https:\/\/agenciainfra.com\/blog\/wp-json\/wp\/v2\/posts\/14834","targetHints":{"allow":["GET"]}}],"collection":[{"href":"https:\/\/agenciainfra.com\/blog\/wp-json\/wp\/v2\/posts"}],"about":[{"href":"https:\/\/agenciainfra.com\/blog\/wp-json\/wp\/v2\/types\/post"}],"author":[{"embeddable":true,"href":"https:\/\/agenciainfra.com\/blog\/wp-json\/wp\/v2\/users\/1"}],"replies":[{"embeddable":true,"href":"https:\/\/agenciainfra.com\/blog\/wp-json\/wp\/v2\/comments?post=14834"}],"version-history":[{"count":1,"href":"https:\/\/agenciainfra.com\/blog\/wp-json\/wp\/v2\/posts\/14834\/revisions"}],"predecessor-version":[{"id":37752,"href":"https:\/\/agenciainfra.com\/blog\/wp-json\/wp\/v2\/posts\/14834\/revisions\/37752"}],"wp:featuredmedia":[{"embeddable":true,"href":"https:\/\/agenciainfra.com\/blog\/wp-json\/wp\/v2\/media\/12975"}],"wp:attachment":[{"href":"https:\/\/agenciainfra.com\/blog\/wp-json\/wp\/v2\/media?parent=14834"}],"wp:term":[{"taxonomy":"category","embeddable":true,"href":"https:\/\/agenciainfra.com\/blog\/wp-json\/wp\/v2\/categories?post=14834"},{"taxonomy":"post_tag","embeddable":true,"href":"https:\/\/agenciainfra.com\/blog\/wp-json\/wp\/v2\/tags?post=14834"}],"curies":[{"name":"wp","href":"https:\/\/api.w.org\/{rel}","templated":true}]}}