{"id":14877,"date":"2023-11-29T11:00:00","date_gmt":"2023-11-29T14:00:00","guid":{"rendered":"https:\/\/www.agenciainfra.com\/blog\/?p=14877"},"modified":"2023-12-01T08:54:26","modified_gmt":"2023-12-01T11:54:26","slug":"novo-fracasso-do-leilao-da-br-381-impoe-reflexoes-ao-pais","status":"publish","type":"post","link":"https:\/\/agenciainfra.com\/blog\/novo-fracasso-do-leilao-da-br-381-impoe-reflexoes-ao-pais\/","title":{"rendered":"Novo fracasso do leil\u00e3o da BR-381 imp\u00f5e reflex\u00f5es ao pa\u00eds"},"content":{"rendered":"\n<p class=\"has-text-align-right\"><strong>Agnaldo Brito*<\/strong><\/p>\n\n\n\n<p>O novo fracasso do governo federal em viabilizar o leil\u00e3o de concess\u00e3o do trecho da BR-381, em Minas Gerais, revela uma inc\u00f4moda quest\u00e3o para o conjunto da infraestrutura nacional. Mais: exige avalia\u00e7\u00e3o mais realista sobre a modelagem atual de concess\u00f5es no pa\u00eds.<\/p>\n\n\n\n<p>A quest\u00e3o que surge \u00e9 a seguinte: como um trecho de rodovia com mais de 300 quil\u00f4metros, com diversos problemas estruturais e de sinaliza\u00e7\u00e3o, geometria antiga e perigosa e, principalmente, um tr\u00e1fego de caminh\u00f5es e ve\u00edculos de dar inveja a muitas concess\u00f5es Brasil afora n\u00e3o tem viabilidade econ\u00f4mico-financeira? Onde est\u00e1 o problema? Como resolver de vez?<\/p>\n\n\n\n<p>Algu\u00e9m poder\u00e1 dizer que grupos de infraestrutura est\u00e3o boicotando o governo e \u201cpropositadamente\u201d evitando participar de novos leil\u00f5es at\u00e9 que sejam resolvidas as pend\u00eancias contratuais, que estariam em fase de \u201cotimiza\u00e7\u00e3o\u201d.<\/p>\n\n\n\n<p>Isso n\u00e3o \u00e9 fato. Ningu\u00e9m com algum conhecimento em infraestrutura desprezaria um projeto que exige bilh\u00f5es em investimentos e que recebe diariamente milhares de ve\u00edculos leves e pesados. Al\u00e9m disso, ter uma popula\u00e7\u00e3o de milh\u00f5es de pessoas ansiosas por uma rodovia que ofere\u00e7a mais seguran\u00e7a e servi\u00e7os de apoio \u00e0queles que a utiliza.<\/p>\n\n\n\n<p>A esta altura, depois de tudo, n\u00e3o \u00e9 razo\u00e1vel imaginar que o projeto da BR-381 n\u00e3o seja atrativo e n\u00e3o alcance uma TIR (Taxa Interna de Retorno) adequada, que no edital estipula um retorno de 9,88% ao ano. Estamos diante de algo muito, muito fora de contexto. A alcunha de \u201crodovia da morte\u201d segue sendo a legenda desse trecho mineiro da BR-381, lamentavelmente.<\/p>\n\n\n\n<p>A desist\u00eancia de tantos grupos que j\u00e1 operam rodovias hoje no Brasil n\u00e3o decorre do acaso. A proposta desenhada e posta no edital pela ANTT (Ag\u00eancia Nacional de Transportes Terrestres) previa um mecanismo de seguran\u00e7a, para evitar \u201caventureiros\u201d \u2013 grupos que eventualmente poderiam oferecer des\u00e1gios elevad\u00edssimos, mas que, em decorr\u00eancia disso, inviabilizaria o equil\u00edbrio econ\u00f4mico-financeiro do projeto.<\/p>\n\n\n\n<p>\u00c9 justo evitar problemas futuros, mas exigir aportes complementares (para al\u00e9m dos R$ 426,3 milh\u00f5es) ao capital da concess\u00e3o em caso de descontos elevados no leil\u00e3o n\u00e3o contribui para inviabilizar o projeto?<\/p>\n\n\n\n<p>Tamb\u00e9m \u00e9 preciso pensar nas dimens\u00f5es das concess\u00f5es. Trechos de 300 quil\u00f4metros e mais de R$ 6,23 bi de CAPEX em uma \u00fanica concess\u00e3o fazem sentido ainda? Duas concess\u00f5es de 150 quil\u00f4metros e um Capex (Capital Expenditure ou Investimentos em Bens de Capitais) melhor dimensionado e distribu\u00eddo no tempo por crit\u00e9rio de demanda do tr\u00e1fego n\u00e3o seriam mais exequ\u00edveis? O tamanho dos investimentos, face a limita\u00e7\u00e3o tarif\u00e1ria versus seu tr\u00e1fego, a concess\u00e3o \u00e9 de fato uma quest\u00e3o, n\u00e3o apenas financeira, mas de estrutura\u00e7\u00e3o econ\u00f4mico-financeira.<\/p>\n\n\n\n<p>A engenharia financeira necess\u00e1ria para viabilizar a obten\u00e7\u00e3o do financiamento (primeiro o empr\u00e9stimo-ponte e depois o de longo prazo), considerando o custo de capital que temos hoje no Brasil, n\u00e3o \u00e9 tarefa trivial, sobretudo quando estamos mobilizando gente e capital para obras de grandes dimens\u00f5es. Outro problema.<\/p>\n\n\n\n<p>N\u00e3o s\u00e3o poucos os relatos sobre o subestimado tamanho do investimento estimado e que \u00e9 inserido no edital. A ado\u00e7\u00e3o de pre\u00e7os-unit\u00e1rios defasados \u00e9 um problema antigo e que ainda gera diverg\u00eancias. Com tantos anos do programa de concess\u00f5es, essa \u00e9 uma discuss\u00e3o que j\u00e1 deveria ter sido vencida.<\/p>\n\n\n\n<p>O licenciamento ambiental que dever\u00e1 ser todo coordenado pela concess\u00e3o, um processo dif\u00edcil no Brasil. Al\u00e9m de desapropria\u00e7\u00f5es que segundo estimativa atinge R$ 560 milh\u00f5es ao longo do trecho, bem como o reassentamento que eventualmente seja necess\u00e1rio. Por fim, prazos travados para o cumprimento de uma s\u00e9rie de obriga\u00e7\u00f5es, embora nem todos estejam sob o controle da concess\u00e3o. Tudo somado, o que estamos fazendo com o nosso programa de concess\u00f5es de rodovias, que avan\u00e7ou muito nos \u00faltimos 35 anos e que patina nas sinuosas pistas da BR-381?<\/p>\n\n\n\n<p>Inova\u00e7\u00f5es postas no edital, exemplo \u00e0quelas implementadas na concess\u00e3o da rodovia Presidente Dutra e da BR-101 no Rio de Janeiro, estavam inclu\u00eddas e seriam muito importantes para avan\u00e7os no programa de concess\u00f5es.<\/p>\n\n\n\n<p>A paralisa\u00e7\u00e3o, mais uma vez, do leil\u00e3o da BR-381 \u00e9 um preju\u00edzo ao pa\u00eds e ao setor de infraestrutura no Brasil. Perde o governo, perdem os grupos privados, perdem sobretudo as popula\u00e7\u00f5es de Minas Gerais, Esp\u00edrito Santo e S\u00e3o Paulo, que seguir\u00e3o enfrentando uma rodovia perigosa e insegura sabe-se l\u00e1 por quanto tempo.<\/p>\n\n\n\n<p>\u00c9 justa e necess\u00e1ria uma reflex\u00e3o de toda a comunidade da infraestrutura brasileira, entes p\u00fablicos e privados, organiza\u00e7\u00f5es que lutam e militam no setor. O novo fracasso do leil\u00e3o da BR-381 n\u00e3o pode ser compreendido como normal. Algo muito errado est\u00e1 acontecendo.<\/p>\n\n\n\n<h6 class=\"wp-block-heading\" id=\"block-f323f59b-51bf-4eed-b17b-3c7d3b917007\"><strong><strong>*Agnaldo Brito \u00e9 consultor e diretor da Infracomunica\u00e7<\/strong>\u00e3o.<\/strong><\/h6>\n\n\n\n<h5 class=\"wp-block-heading\" id=\"block-5ef42db3-2ed1-4178-8ab5-7a7f312ba102\">As opini\u00f5es dos autores n\u00e3o refletem necessariamente o pensamento da Ag\u00eancia iNFRA, sendo de total responsabilidade do autor as informa\u00e7\u00f5es, ju\u00edzos de valor e conceitos descritos no texto.<\/h5>\n","protected":false},"excerpt":{"rendered":"<p>Agnaldo Brito* O novo fracasso do governo federal em viabilizar o leil\u00e3o de concess\u00e3o do trecho da BR-381, em Minas Gerais, revela uma inc\u00f4moda quest\u00e3o para o conjunto da infraestrutura nacional. Mais: exige avalia\u00e7\u00e3o mais realista sobre a modelagem atual de concess\u00f5es no pa\u00eds. A quest\u00e3o que surge \u00e9 a seguinte: como um trecho de [&hellip;]<\/p>\n","protected":false},"author":1,"featured_media":14878,"comment_status":"closed","ping_status":"closed","sticky":false,"template":"","format":"standard","meta":{"_monsterinsights_skip_tracking":false,"_monsterinsights_sitenote_active":false,"_monsterinsights_sitenote_note":"","_monsterinsights_sitenote_category":0,"footnotes":""},"categories":[1,11],"tags":[46,4211,19,1136,4759,22,7797,254,1985,7798,4813],"class_list":["post-14877","post","type-post","status-publish","format-standard","has-post-thumbnail","hentry","category-geral","category-infradebate","tag-agencias-reguladoras","tag-agnaldo-brito","tag-antt","tag-br-381","tag-capex","tag-concessao","tag-fracasso","tag-leilao","tag-minas-gerais","tag-rodovia-da-morte","tag-tir"],"yoast_head":"<!-- This site is optimized with the Yoast SEO Premium plugin v25.4 (Yoast SEO v26.0) - https:\/\/yoast.com\/wordpress\/plugins\/seo\/ -->\n<title>Novo fracasso do leil\u00e3o da BR-381 imp\u00f5e reflex\u00f5es ao pa\u00eds - Ag\u00eancia iNFRA<\/title>\n<meta name=\"robots\" content=\"index, follow, max-snippet:-1, max-image-preview:large, max-video-preview:-1\" \/>\n<link rel=\"canonical\" href=\"https:\/\/agenciainfra.com\/blog\/novo-fracasso-do-leilao-da-br-381-impoe-reflexoes-ao-pais\/\" \/>\n<meta property=\"og:locale\" content=\"pt_BR\" \/>\n<meta property=\"og:type\" content=\"article\" \/>\n<meta property=\"og:title\" content=\"Novo fracasso do leil\u00e3o da BR-381 imp\u00f5e reflex\u00f5es ao pa\u00eds\" \/>\n<meta property=\"og:description\" content=\"Agnaldo Brito* O novo fracasso do governo federal em viabilizar o leil\u00e3o de concess\u00e3o do trecho da BR-381, em Minas Gerais, revela uma inc\u00f4moda quest\u00e3o para o conjunto da infraestrutura nacional. Mais: exige avalia\u00e7\u00e3o mais realista sobre a modelagem atual de concess\u00f5es no pa\u00eds. A quest\u00e3o que surge \u00e9 a seguinte: como um trecho de [&hellip;]\" \/>\n<meta property=\"og:url\" content=\"https:\/\/agenciainfra.com\/blog\/novo-fracasso-do-leilao-da-br-381-impoe-reflexoes-ao-pais\/\" \/>\n<meta property=\"og:site_name\" content=\"Ag\u00eancia iNFRA\" \/>\n<meta property=\"article:publisher\" content=\"https:\/\/www.facebook.com\/ageninfra\" \/>\n<meta property=\"article:published_time\" content=\"2023-11-29T14:00:00+00:00\" \/>\n<meta property=\"article:modified_time\" content=\"2023-12-01T11:54:26+00:00\" \/>\n<meta property=\"og:image\" content=\"https:\/\/agenciainfra.com\/blog\/wp-content\/uploads\/2023\/11\/agnaldo-brito-foto-divulgacao.jpeg\" \/>\n\t<meta property=\"og:image:width\" content=\"1280\" \/>\n\t<meta property=\"og:image:height\" content=\"829\" \/>\n\t<meta property=\"og:image:type\" content=\"image\/jpeg\" \/>\n<meta name=\"author\" content=\"Ag\u00eancia iNFRA\" \/>\n<meta name=\"twitter:card\" content=\"summary_large_image\" \/>\n<meta name=\"twitter:creator\" content=\"@agencia_infra\" \/>\n<meta name=\"twitter:site\" content=\"@agencia_infra\" \/>\n<meta name=\"twitter:label1\" content=\"Escrito por\" \/>\n\t<meta name=\"twitter:data1\" content=\"Ag\u00eancia iNFRA\" \/>\n\t<meta name=\"twitter:label2\" content=\"Est. tempo de leitura\" \/>\n\t<meta name=\"twitter:data2\" content=\"4 minutos\" \/>\n<script type=\"application\/ld+json\" class=\"yoast-schema-graph\">{\"@context\":\"https:\/\/schema.org\",\"@graph\":[{\"@type\":\"Article\",\"@id\":\"https:\/\/agenciainfra.com\/blog\/novo-fracasso-do-leilao-da-br-381-impoe-reflexoes-ao-pais\/#article\",\"isPartOf\":{\"@id\":\"https:\/\/agenciainfra.com\/blog\/novo-fracasso-do-leilao-da-br-381-impoe-reflexoes-ao-pais\/\"},\"author\":{\"name\":\"Ag\u00eancia iNFRA\",\"@id\":\"https:\/\/agenciainfra.com\/blog\/#\/schema\/person\/34af08dff6adea4cb22b06612ba7acfa\"},\"headline\":\"Novo fracasso do leil\u00e3o da BR-381 imp\u00f5e reflex\u00f5es ao pa\u00eds\",\"datePublished\":\"2023-11-29T14:00:00+00:00\",\"dateModified\":\"2023-12-01T11:54:26+00:00\",\"mainEntityOfPage\":{\"@id\":\"https:\/\/agenciainfra.com\/blog\/novo-fracasso-do-leilao-da-br-381-impoe-reflexoes-ao-pais\/\"},\"wordCount\":876,\"publisher\":{\"@id\":\"https:\/\/agenciainfra.com\/blog\/#organization\"},\"image\":{\"@id\":\"https:\/\/agenciainfra.com\/blog\/novo-fracasso-do-leilao-da-br-381-impoe-reflexoes-ao-pais\/#primaryimage\"},\"thumbnailUrl\":\"https:\/\/agenciainfra.com\/blog\/wp-content\/uploads\/2023\/11\/agnaldo-brito-foto-divulgacao.jpeg\",\"keywords\":[\"Ag\u00eancias Reguladoras\",\"Agnaldo Brito\",\"ANTT\",\"BR-381\",\"capex\",\"Concess\u00e3o\",\"fracasso\",\"leil\u00e3o\",\"Minas Gerais\",\"rodovia da morte\",\"TIR\"],\"articleSection\":[\"Geral\",\"iNFRADebate\"],\"inLanguage\":\"pt-BR\",\"copyrightYear\":\"2023\",\"copyrightHolder\":{\"@id\":\"https:\/\/agenciainfra.com\/blog\/#organization\"}},{\"@type\":\"WebPage\",\"@id\":\"https:\/\/agenciainfra.com\/blog\/novo-fracasso-do-leilao-da-br-381-impoe-reflexoes-ao-pais\/\",\"url\":\"https:\/\/agenciainfra.com\/blog\/novo-fracasso-do-leilao-da-br-381-impoe-reflexoes-ao-pais\/\",\"name\":\"Novo fracasso do leil\u00e3o da BR-381 imp\u00f5e reflex\u00f5es ao pa\u00eds - Ag\u00eancia iNFRA\",\"isPartOf\":{\"@id\":\"https:\/\/agenciainfra.com\/blog\/#website\"},\"primaryImageOfPage\":{\"@id\":\"https:\/\/agenciainfra.com\/blog\/novo-fracasso-do-leilao-da-br-381-impoe-reflexoes-ao-pais\/#primaryimage\"},\"image\":{\"@id\":\"https:\/\/agenciainfra.com\/blog\/novo-fracasso-do-leilao-da-br-381-impoe-reflexoes-ao-pais\/#primaryimage\"},\"thumbnailUrl\":\"https:\/\/agenciainfra.com\/blog\/wp-content\/uploads\/2023\/11\/agnaldo-brito-foto-divulgacao.jpeg\",\"datePublished\":\"2023-11-29T14:00:00+00:00\",\"dateModified\":\"2023-12-01T11:54:26+00:00\",\"breadcrumb\":{\"@id\":\"https:\/\/agenciainfra.com\/blog\/novo-fracasso-do-leilao-da-br-381-impoe-reflexoes-ao-pais\/#breadcrumb\"},\"inLanguage\":\"pt-BR\",\"potentialAction\":[{\"@type\":\"ReadAction\",\"target\":[\"https:\/\/agenciainfra.com\/blog\/novo-fracasso-do-leilao-da-br-381-impoe-reflexoes-ao-pais\/\"]}]},{\"@type\":\"ImageObject\",\"inLanguage\":\"pt-BR\",\"@id\":\"https:\/\/agenciainfra.com\/blog\/novo-fracasso-do-leilao-da-br-381-impoe-reflexoes-ao-pais\/#primaryimage\",\"url\":\"https:\/\/agenciainfra.com\/blog\/wp-content\/uploads\/2023\/11\/agnaldo-brito-foto-divulgacao.jpeg\",\"contentUrl\":\"https:\/\/agenciainfra.com\/blog\/wp-content\/uploads\/2023\/11\/agnaldo-brito-foto-divulgacao.jpeg\",\"width\":1280,\"height\":829},{\"@type\":\"BreadcrumbList\",\"@id\":\"https:\/\/agenciainfra.com\/blog\/novo-fracasso-do-leilao-da-br-381-impoe-reflexoes-ao-pais\/#breadcrumb\",\"itemListElement\":[{\"@type\":\"ListItem\",\"position\":1,\"name\":\"In\u00edcio\",\"item\":\"https:\/\/agenciainfra.com\/blog\/\"},{\"@type\":\"ListItem\",\"position\":2,\"name\":\"Novo fracasso do leil\u00e3o da BR-381 imp\u00f5e reflex\u00f5es ao pa\u00eds\"}]},{\"@type\":\"WebSite\",\"@id\":\"https:\/\/agenciainfra.com\/blog\/#website\",\"url\":\"https:\/\/agenciainfra.com\/blog\/\",\"name\":\"Ag\u00eancia iNFRA\",\"description\":\"Multiplataforma de informa\u00e7\u00e3o jornal\u00edstica refer\u00eancia na \u00e1rea de infraestrutura no Brasil!\",\"publisher\":{\"@id\":\"https:\/\/agenciainfra.com\/blog\/#organization\"},\"potentialAction\":[{\"@type\":\"SearchAction\",\"target\":{\"@type\":\"EntryPoint\",\"urlTemplate\":\"https:\/\/agenciainfra.com\/blog\/?s={search_term_string}\"},\"query-input\":{\"@type\":\"PropertyValueSpecification\",\"valueRequired\":true,\"valueName\":\"search_term_string\"}}],\"inLanguage\":\"pt-BR\"},{\"@type\":\"Organization\",\"@id\":\"https:\/\/agenciainfra.com\/blog\/#organization\",\"name\":\"Ag\u00eancia iNFRA\",\"url\":\"https:\/\/agenciainfra.com\/blog\/\",\"logo\":{\"@type\":\"ImageObject\",\"inLanguage\":\"pt-BR\",\"@id\":\"https:\/\/agenciainfra.com\/blog\/#\/schema\/logo\/image\/\",\"url\":\"https:\/\/agenciainfra.com\/blog\/wp-content\/uploads\/2023\/09\/iNFRA_5-e1761735885940.png\",\"contentUrl\":\"https:\/\/agenciainfra.com\/blog\/wp-content\/uploads\/2023\/09\/iNFRA_5-e1761735885940.png\",\"width\":1672,\"height\":454,\"caption\":\"Ag\u00eancia iNFRA\"},\"image\":{\"@id\":\"https:\/\/agenciainfra.com\/blog\/#\/schema\/logo\/image\/\"},\"sameAs\":[\"https:\/\/www.facebook.com\/ageninfra\",\"https:\/\/x.com\/agencia_infra\",\"https:\/\/www.linkedin.com\/company\/ag\u00eanciainfra\/\",\"https:\/\/www.instagram.com\/agenciainfra\/\"]},{\"@type\":\"Person\",\"@id\":\"https:\/\/agenciainfra.com\/blog\/#\/schema\/person\/34af08dff6adea4cb22b06612ba7acfa\",\"name\":\"Ag\u00eancia iNFRA\",\"image\":{\"@type\":\"ImageObject\",\"inLanguage\":\"pt-BR\",\"@id\":\"https:\/\/agenciainfra.com\/blog\/#\/schema\/person\/image\/\",\"url\":\"https:\/\/secure.gravatar.com\/avatar\/d189e01678f06d8eb84d4e01f08eb848b3fffe3f8443818d3c356c66892f5be8?s=96&d=mm&r=g\",\"contentUrl\":\"https:\/\/secure.gravatar.com\/avatar\/d189e01678f06d8eb84d4e01f08eb848b3fffe3f8443818d3c356c66892f5be8?s=96&d=mm&r=g\",\"caption\":\"Ag\u00eancia iNFRA\"},\"url\":\"https:\/\/agenciainfra.com\/blog\/author\/admin\/\"}]}<\/script>\n<!-- \/ Yoast SEO Premium plugin. -->","yoast_head_json":{"title":"Novo fracasso do leil\u00e3o da BR-381 imp\u00f5e reflex\u00f5es ao pa\u00eds - Ag\u00eancia iNFRA","robots":{"index":"index","follow":"follow","max-snippet":"max-snippet:-1","max-image-preview":"max-image-preview:large","max-video-preview":"max-video-preview:-1"},"canonical":"https:\/\/agenciainfra.com\/blog\/novo-fracasso-do-leilao-da-br-381-impoe-reflexoes-ao-pais\/","og_locale":"pt_BR","og_type":"article","og_title":"Novo fracasso do leil\u00e3o da BR-381 imp\u00f5e reflex\u00f5es ao pa\u00eds","og_description":"Agnaldo Brito* O novo fracasso do governo federal em viabilizar o leil\u00e3o de concess\u00e3o do trecho da BR-381, em Minas Gerais, revela uma inc\u00f4moda quest\u00e3o para o conjunto da infraestrutura nacional. Mais: exige avalia\u00e7\u00e3o mais realista sobre a modelagem atual de concess\u00f5es no pa\u00eds. A quest\u00e3o que surge \u00e9 a seguinte: como um trecho de [&hellip;]","og_url":"https:\/\/agenciainfra.com\/blog\/novo-fracasso-do-leilao-da-br-381-impoe-reflexoes-ao-pais\/","og_site_name":"Ag\u00eancia iNFRA","article_publisher":"https:\/\/www.facebook.com\/ageninfra","article_published_time":"2023-11-29T14:00:00+00:00","article_modified_time":"2023-12-01T11:54:26+00:00","og_image":[{"width":1280,"height":829,"url":"https:\/\/agenciainfra.com\/blog\/wp-content\/uploads\/2023\/11\/agnaldo-brito-foto-divulgacao.jpeg","type":"image\/jpeg"}],"author":"Ag\u00eancia iNFRA","twitter_card":"summary_large_image","twitter_creator":"@agencia_infra","twitter_site":"@agencia_infra","twitter_misc":{"Escrito por":"Ag\u00eancia iNFRA","Est. tempo de leitura":"4 minutos"},"schema":{"@context":"https:\/\/schema.org","@graph":[{"@type":"Article","@id":"https:\/\/agenciainfra.com\/blog\/novo-fracasso-do-leilao-da-br-381-impoe-reflexoes-ao-pais\/#article","isPartOf":{"@id":"https:\/\/agenciainfra.com\/blog\/novo-fracasso-do-leilao-da-br-381-impoe-reflexoes-ao-pais\/"},"author":{"name":"Ag\u00eancia iNFRA","@id":"https:\/\/agenciainfra.com\/blog\/#\/schema\/person\/34af08dff6adea4cb22b06612ba7acfa"},"headline":"Novo fracasso do leil\u00e3o da BR-381 imp\u00f5e reflex\u00f5es ao pa\u00eds","datePublished":"2023-11-29T14:00:00+00:00","dateModified":"2023-12-01T11:54:26+00:00","mainEntityOfPage":{"@id":"https:\/\/agenciainfra.com\/blog\/novo-fracasso-do-leilao-da-br-381-impoe-reflexoes-ao-pais\/"},"wordCount":876,"publisher":{"@id":"https:\/\/agenciainfra.com\/blog\/#organization"},"image":{"@id":"https:\/\/agenciainfra.com\/blog\/novo-fracasso-do-leilao-da-br-381-impoe-reflexoes-ao-pais\/#primaryimage"},"thumbnailUrl":"https:\/\/agenciainfra.com\/blog\/wp-content\/uploads\/2023\/11\/agnaldo-brito-foto-divulgacao.jpeg","keywords":["Ag\u00eancias Reguladoras","Agnaldo Brito","ANTT","BR-381","capex","Concess\u00e3o","fracasso","leil\u00e3o","Minas Gerais","rodovia da morte","TIR"],"articleSection":["Geral","iNFRADebate"],"inLanguage":"pt-BR","copyrightYear":"2023","copyrightHolder":{"@id":"https:\/\/agenciainfra.com\/blog\/#organization"}},{"@type":"WebPage","@id":"https:\/\/agenciainfra.com\/blog\/novo-fracasso-do-leilao-da-br-381-impoe-reflexoes-ao-pais\/","url":"https:\/\/agenciainfra.com\/blog\/novo-fracasso-do-leilao-da-br-381-impoe-reflexoes-ao-pais\/","name":"Novo fracasso do leil\u00e3o da BR-381 imp\u00f5e reflex\u00f5es ao pa\u00eds - Ag\u00eancia iNFRA","isPartOf":{"@id":"https:\/\/agenciainfra.com\/blog\/#website"},"primaryImageOfPage":{"@id":"https:\/\/agenciainfra.com\/blog\/novo-fracasso-do-leilao-da-br-381-impoe-reflexoes-ao-pais\/#primaryimage"},"image":{"@id":"https:\/\/agenciainfra.com\/blog\/novo-fracasso-do-leilao-da-br-381-impoe-reflexoes-ao-pais\/#primaryimage"},"thumbnailUrl":"https:\/\/agenciainfra.com\/blog\/wp-content\/uploads\/2023\/11\/agnaldo-brito-foto-divulgacao.jpeg","datePublished":"2023-11-29T14:00:00+00:00","dateModified":"2023-12-01T11:54:26+00:00","breadcrumb":{"@id":"https:\/\/agenciainfra.com\/blog\/novo-fracasso-do-leilao-da-br-381-impoe-reflexoes-ao-pais\/#breadcrumb"},"inLanguage":"pt-BR","potentialAction":[{"@type":"ReadAction","target":["https:\/\/agenciainfra.com\/blog\/novo-fracasso-do-leilao-da-br-381-impoe-reflexoes-ao-pais\/"]}]},{"@type":"ImageObject","inLanguage":"pt-BR","@id":"https:\/\/agenciainfra.com\/blog\/novo-fracasso-do-leilao-da-br-381-impoe-reflexoes-ao-pais\/#primaryimage","url":"https:\/\/agenciainfra.com\/blog\/wp-content\/uploads\/2023\/11\/agnaldo-brito-foto-divulgacao.jpeg","contentUrl":"https:\/\/agenciainfra.com\/blog\/wp-content\/uploads\/2023\/11\/agnaldo-brito-foto-divulgacao.jpeg","width":1280,"height":829},{"@type":"BreadcrumbList","@id":"https:\/\/agenciainfra.com\/blog\/novo-fracasso-do-leilao-da-br-381-impoe-reflexoes-ao-pais\/#breadcrumb","itemListElement":[{"@type":"ListItem","position":1,"name":"In\u00edcio","item":"https:\/\/agenciainfra.com\/blog\/"},{"@type":"ListItem","position":2,"name":"Novo fracasso do leil\u00e3o da BR-381 imp\u00f5e reflex\u00f5es ao pa\u00eds"}]},{"@type":"WebSite","@id":"https:\/\/agenciainfra.com\/blog\/#website","url":"https:\/\/agenciainfra.com\/blog\/","name":"Ag\u00eancia iNFRA","description":"Multiplataforma de informa\u00e7\u00e3o jornal\u00edstica refer\u00eancia na \u00e1rea de infraestrutura no Brasil!","publisher":{"@id":"https:\/\/agenciainfra.com\/blog\/#organization"},"potentialAction":[{"@type":"SearchAction","target":{"@type":"EntryPoint","urlTemplate":"https:\/\/agenciainfra.com\/blog\/?s={search_term_string}"},"query-input":{"@type":"PropertyValueSpecification","valueRequired":true,"valueName":"search_term_string"}}],"inLanguage":"pt-BR"},{"@type":"Organization","@id":"https:\/\/agenciainfra.com\/blog\/#organization","name":"Ag\u00eancia iNFRA","url":"https:\/\/agenciainfra.com\/blog\/","logo":{"@type":"ImageObject","inLanguage":"pt-BR","@id":"https:\/\/agenciainfra.com\/blog\/#\/schema\/logo\/image\/","url":"https:\/\/agenciainfra.com\/blog\/wp-content\/uploads\/2023\/09\/iNFRA_5-e1761735885940.png","contentUrl":"https:\/\/agenciainfra.com\/blog\/wp-content\/uploads\/2023\/09\/iNFRA_5-e1761735885940.png","width":1672,"height":454,"caption":"Ag\u00eancia iNFRA"},"image":{"@id":"https:\/\/agenciainfra.com\/blog\/#\/schema\/logo\/image\/"},"sameAs":["https:\/\/www.facebook.com\/ageninfra","https:\/\/x.com\/agencia_infra","https:\/\/www.linkedin.com\/company\/ag\u00eanciainfra\/","https:\/\/www.instagram.com\/agenciainfra\/"]},{"@type":"Person","@id":"https:\/\/agenciainfra.com\/blog\/#\/schema\/person\/34af08dff6adea4cb22b06612ba7acfa","name":"Ag\u00eancia iNFRA","image":{"@type":"ImageObject","inLanguage":"pt-BR","@id":"https:\/\/agenciainfra.com\/blog\/#\/schema\/person\/image\/","url":"https:\/\/secure.gravatar.com\/avatar\/d189e01678f06d8eb84d4e01f08eb848b3fffe3f8443818d3c356c66892f5be8?s=96&d=mm&r=g","contentUrl":"https:\/\/secure.gravatar.com\/avatar\/d189e01678f06d8eb84d4e01f08eb848b3fffe3f8443818d3c356c66892f5be8?s=96&d=mm&r=g","caption":"Ag\u00eancia iNFRA"},"url":"https:\/\/agenciainfra.com\/blog\/author\/admin\/"}]}},"_links":{"self":[{"href":"https:\/\/agenciainfra.com\/blog\/wp-json\/wp\/v2\/posts\/14877","targetHints":{"allow":["GET"]}}],"collection":[{"href":"https:\/\/agenciainfra.com\/blog\/wp-json\/wp\/v2\/posts"}],"about":[{"href":"https:\/\/agenciainfra.com\/blog\/wp-json\/wp\/v2\/types\/post"}],"author":[{"embeddable":true,"href":"https:\/\/agenciainfra.com\/blog\/wp-json\/wp\/v2\/users\/1"}],"replies":[{"embeddable":true,"href":"https:\/\/agenciainfra.com\/blog\/wp-json\/wp\/v2\/comments?post=14877"}],"version-history":[{"count":0,"href":"https:\/\/agenciainfra.com\/blog\/wp-json\/wp\/v2\/posts\/14877\/revisions"}],"wp:featuredmedia":[{"embeddable":true,"href":"https:\/\/agenciainfra.com\/blog\/wp-json\/wp\/v2\/media\/14878"}],"wp:attachment":[{"href":"https:\/\/agenciainfra.com\/blog\/wp-json\/wp\/v2\/media?parent=14877"}],"wp:term":[{"taxonomy":"category","embeddable":true,"href":"https:\/\/agenciainfra.com\/blog\/wp-json\/wp\/v2\/categories?post=14877"},{"taxonomy":"post_tag","embeddable":true,"href":"https:\/\/agenciainfra.com\/blog\/wp-json\/wp\/v2\/tags?post=14877"}],"curies":[{"name":"wp","href":"https:\/\/api.w.org\/{rel}","templated":true}]}}