{"id":14927,"date":"2023-12-04T09:00:00","date_gmt":"2023-12-04T12:00:00","guid":{"rendered":"https:\/\/www.agenciainfra.com\/blog\/?p=14927"},"modified":"2026-03-13T09:43:48","modified_gmt":"2026-03-13T12:43:48","slug":"malha-rodoviaria-concedida-piora-e-investimentos-estao-aquem-do-necessario-aponta-cnt","status":"publish","type":"post","link":"https:\/\/agenciainfra.com\/blog\/malha-rodoviaria-concedida-piora-e-investimentos-estao-aquem-do-necessario-aponta-cnt\/","title":{"rendered":"Malha rodovi\u00e1ria concedida piora e investimentos est\u00e3o aqu\u00e9m do necess\u00e1rio, aponta CNT"},"content":{"rendered":"\n<p class=\"has-text-align-right\"><strong>Dimmi Amora, da Ag\u00eancia iNFRA<\/strong><\/p>\n\n\n\n<p>A&nbsp;malha&nbsp;de 26 mil quil\u00f4metros de rodovias concessionadas&nbsp;do&nbsp;pa\u00eds est\u00e1 piorando&nbsp;e&nbsp;recebe&nbsp;investimentos&nbsp;aqu\u00e9m&nbsp;do&nbsp;necess\u00e1rio. \u00c9 o que mostra a 26\u00aa Edi\u00e7\u00e3o da Pesquisa&nbsp;CNT&nbsp;de Rodovias, divulgada nesta quarta-feira (29), a qual apontou para um quadro de estabilidade geral na qualidade das rodovias&nbsp;do&nbsp;pa\u00eds em rela\u00e7\u00e3o a 2022. Na avalia\u00e7\u00e3o da entidade, as rodovias brasileiras &#8220;pararam de piorar&#8221;.<br><br>Em 2022, havia 5% de trechos concedidos em estado ruim ou p\u00e9ssimo, n\u00famero praticamente igual ao deste ano. No entanto, o \u00edndice de trechos considerados regulares subiu de 25,8% para 31,5%. O percentual de trechos concedidos \u00f3timos caiu de 27,6 para 21,8. Os n\u00fameros incluem rodovias federais&nbsp;e&nbsp;estaduais concedidas.<br><br>Essa queda tamb\u00e9m refletiu outro indicador da pesquisa, que \u00e9 ranking dos melhores trechos rodovi\u00e1rios classificados por um&nbsp;segmento cont\u00ednuo. Antes dominado por rodovias concedidas, ele agora tem tr\u00eas rodovias p\u00fablicas entre as 10 melhores, sendo que somente sete segmentos t\u00eam nota \u00f3tima. Outros tr\u00eas s\u00e3o estradas com nota boa.<br><br>Bruno Batista, diretor-executivo da&nbsp;CNT&nbsp;(Confedera\u00e7\u00e3o Nacional&nbsp;do&nbsp;Transporte), afirma que dois fatores colaboram para essa queda na qualidade das concess\u00f5es. O primeiro \u00e9 a entrada recente de novos trechos concedidos, que eram de rodovias p\u00fablicas ou que estavam em fim de contrato at\u00e9 2022. Em geral, elas chegam degradadas \u00e0 concession\u00e1ria&nbsp;e&nbsp;\u00e9&nbsp;necess\u00e1rio&nbsp;um tempo para os&nbsp;investimentos&nbsp;gerarem melhora.<br><br>Mas parte significativa da&nbsp;piora&nbsp;da avalia\u00e7\u00e3o, segundo Batista, vem dos trechos rodovi\u00e1rios federais concedidos que&nbsp;est\u00e3o&nbsp;h\u00e1 anos sem&nbsp;investimentos&nbsp;por causa de processos de devolu\u00e7\u00e3o amig\u00e1vel para relicita\u00e7\u00e3o ou por disputas judiciais. Sem investimento&nbsp;e&nbsp;manuten\u00e7\u00e3o adequada, a qualidade cai,&nbsp;e&nbsp;a pesquisa indica isso.<br><br>No caso das concess\u00f5es, a&nbsp;CNT&nbsp;indica que o volume de&nbsp;investimentos&nbsp;m\u00e9dio das concess\u00f5es nos \u00faltimos anos, de cerca de R$ 8 bilh\u00f5es ao ano, est\u00e1&nbsp;aqu\u00e9m&nbsp;da necessidade atual para colocar em estado \u00f3timo ou bom todos os trechos em estado regular, ruim ou p\u00e9ssimo, que fica na faixa dos R$ 18 bilh\u00f5es.<br><br>O ministro dos Transportes, Renan Filho, que participou&nbsp;do&nbsp;lan\u00e7amento da pesquisa, repetiu que, na pr\u00e1tica, relicita\u00e7\u00e3o \u00e9 um eufemismo para obras paradas&nbsp;e&nbsp;que o governo est\u00e1 trabalhando para a reprograma\u00e7\u00e3o dos contratos que&nbsp;est\u00e3o&nbsp;nessa situa\u00e7\u00e3o para a retomada das obras, 15 das 24 concess\u00f5es federais, na avalia\u00e7\u00e3o da pasta.<br><br>&#8220;H\u00e1 quanto tempo essas obras&nbsp;est\u00e3o&nbsp;paradas? Cinco, seis, sete, oito anos algumas delas. Estamos,&nbsp;e&nbsp;pe\u00e7o apoio da&nbsp;CNT, trabalhando duramente a otimiza\u00e7\u00e3o dos contratos&#8221;, disse o ministro Renan Filho.<br><br><strong>Dez novos pedidos<\/strong><br>Renan afirmou que o governo j\u00e1 recebeu 10 pedidos de repactua\u00e7\u00e3o dos 15 que estariam com contratos em situa\u00e7\u00e3o de paralisa\u00e7\u00e3o de&nbsp;investimentos. Uma portaria da pasta deu prazo para que as concession\u00e1rias apresentem essas solicita\u00e7\u00f5es at\u00e9 dezembro deste ano, mas ele disse que avalia prorrogar o prazo.<br><br>Segundo ele, quatro dessas repactua\u00e7\u00f5es j\u00e1 t\u00eam proposta formal de um acordo em an\u00e1lise pela secretaria de solu\u00e7\u00e3o consensual&nbsp;do&nbsp;TCU (Tribunal de Contas da Uni\u00e3o), sendo que a mais avan\u00e7ada \u00e9 a da BR-101\/ES. As outras tr\u00eas s\u00e3o a BR-163\/MS, a BR-101\/RJ&nbsp;e&nbsp;a BR-116-234\/BA.<br><br><strong>TCU for\u00e7a leil\u00e3o vazio<\/strong><br>Sobre novas concess\u00f5es de rodovias, o ministro&nbsp;reiterou que pretende realizar 35 leil\u00f5es at\u00e9 2026. Renan informou que o leil\u00e3o de concess\u00e3o da BR-381\/MG deu vazio neste m\u00eas porque o TCU&nbsp;tirou atratividade&nbsp;do&nbsp;projeto para o mercado&nbsp;e&nbsp;que isso est\u00e1 sendo revisto com o \u00f3rg\u00e3o de controle.&nbsp;<br><br>Renan disse que teve uma conversa com o relator&nbsp;do&nbsp;processo da BR-381\/MG no TCU, ministro Antonio Anastasia, na ter\u00e7a-feira (28),&nbsp;e&nbsp;que a ideia \u00e9 recolocar o projeto em leil\u00e3o no primeiro semestre de 2024.<br><br>&#8220;Tivemos que fazer um entendimento com o TCU, que [achou que] o contrato estava atrativo em desmasia. Reduziu-se a atratividade&nbsp;e&nbsp;essa redu\u00e7\u00e3o for\u00e7ou um leil\u00e3o vazio. Mas o TCU agora percebeu&nbsp;e&nbsp;est\u00e1 colaborando para que a gente leve a leil\u00e3o novamente&#8221;, disse Renan.<\/p>\n","protected":false},"excerpt":{"rendered":"<p>Dimmi Amora, da Ag\u00eancia iNFRA A&nbsp;malha&nbsp;de 26 mil quil\u00f4metros de rodovias concessionadas&nbsp;do&nbsp;pa\u00eds est\u00e1 piorando&nbsp;e&nbsp;recebe&nbsp;investimentos&nbsp;aqu\u00e9m&nbsp;do&nbsp;necess\u00e1rio. \u00c9 o que mostra a 26\u00aa Edi\u00e7\u00e3o da Pesquisa&nbsp;CNT&nbsp;de Rodovias, divulgada nesta quarta-feira (29), a qual apontou para um quadro de estabilidade geral na qualidade das rodovias&nbsp;do&nbsp;pa\u00eds em rela\u00e7\u00e3o a 2022. Na avalia\u00e7\u00e3o da entidade, as rodovias brasileiras &#8220;pararam de piorar&#8221;. [&hellip;]<\/p>\n","protected":false},"author":1,"featured_media":7591,"comment_status":"closed","ping_status":"closed","sticky":false,"template":"","format":"standard","meta":{"_monsterinsights_skip_tracking":false,"_monsterinsights_sitenote_active":false,"_monsterinsights_sitenote_note":"","_monsterinsights_sitenote_category":0,"footnotes":""},"categories":[7250,1,7],"tags":[4995,7820,3226,127,78,1299,7819,1027,126,18,902],"class_list":["post-14927","post","type-post","status-publish","format-standard","has-post-thumbnail","hentry","category-destaque-lista","category-geral","category-infratransporte","tag-br-101-rj","tag-br-116-234-ba","tag-br-163-ms","tag-cnt","tag-concessoes","tag-dimmi-amora","tag-pesquisa-cnt-de-rodovias","tag-relicitacao","tag-rodovias","tag-tcu","tag-transporte-rodoviario"],"yoast_head":"<!-- This site is optimized with the Yoast SEO Premium plugin v25.4 (Yoast SEO v26.0) - https:\/\/yoast.com\/wordpress\/plugins\/seo\/ -->\n<title>Malha rodovi\u00e1ria concedida piora e investimentos est\u00e3o aqu\u00e9m do necess\u00e1rio, aponta CNT - Ag\u00eancia iNFRA<\/title>\n<meta name=\"robots\" content=\"index, follow, max-snippet:-1, max-image-preview:large, max-video-preview:-1\" \/>\n<link rel=\"canonical\" href=\"https:\/\/agenciainfra.com\/blog\/malha-rodoviaria-concedida-piora-e-investimentos-estao-aquem-do-necessario-aponta-cnt\/\" \/>\n<meta property=\"og:locale\" content=\"pt_BR\" \/>\n<meta property=\"og:type\" content=\"article\" \/>\n<meta property=\"og:title\" content=\"Malha rodovi\u00e1ria concedida piora e investimentos est\u00e3o aqu\u00e9m do necess\u00e1rio, aponta CNT\" \/>\n<meta property=\"og:description\" content=\"Dimmi Amora, da Ag\u00eancia iNFRA A&nbsp;malha&nbsp;de 26 mil quil\u00f4metros de rodovias concessionadas&nbsp;do&nbsp;pa\u00eds est\u00e1 piorando&nbsp;e&nbsp;recebe&nbsp;investimentos&nbsp;aqu\u00e9m&nbsp;do&nbsp;necess\u00e1rio. \u00c9 o que mostra a 26\u00aa Edi\u00e7\u00e3o da Pesquisa&nbsp;CNT&nbsp;de Rodovias, divulgada nesta quarta-feira (29), a qual apontou para um quadro de estabilidade geral na qualidade das rodovias&nbsp;do&nbsp;pa\u00eds em rela\u00e7\u00e3o a 2022. Na avalia\u00e7\u00e3o da entidade, as rodovias brasileiras &#8220;pararam de piorar&#8221;. [&hellip;]\" \/>\n<meta property=\"og:url\" content=\"https:\/\/agenciainfra.com\/blog\/malha-rodoviaria-concedida-piora-e-investimentos-estao-aquem-do-necessario-aponta-cnt\/\" \/>\n<meta property=\"og:site_name\" content=\"Ag\u00eancia iNFRA\" \/>\n<meta property=\"article:publisher\" content=\"https:\/\/www.facebook.com\/ageninfra\" \/>\n<meta property=\"article:published_time\" content=\"2023-12-04T12:00:00+00:00\" \/>\n<meta property=\"article:modified_time\" content=\"2026-03-13T12:43:48+00:00\" \/>\n<meta property=\"og:image\" content=\"https:\/\/agenciainfra.com\/blog\/wp-content\/uploads\/2021\/07\/rodovias-foto-agencia-brasil.jpeg\" \/>\n\t<meta property=\"og:image:width\" content=\"1280\" \/>\n\t<meta property=\"og:image:height\" content=\"766\" \/>\n\t<meta property=\"og:image:type\" content=\"image\/jpeg\" \/>\n<meta name=\"author\" content=\"Ag\u00eancia iNFRA\" \/>\n<meta name=\"twitter:card\" content=\"summary_large_image\" \/>\n<meta name=\"twitter:creator\" content=\"@agencia_infra\" \/>\n<meta name=\"twitter:site\" content=\"@agencia_infra\" \/>\n<meta name=\"twitter:label1\" content=\"Escrito por\" \/>\n\t<meta name=\"twitter:data1\" content=\"Ag\u00eancia iNFRA\" \/>\n\t<meta name=\"twitter:label2\" content=\"Est. tempo de leitura\" \/>\n\t<meta name=\"twitter:data2\" content=\"4 minutos\" \/>\n<script type=\"application\/ld+json\" class=\"yoast-schema-graph\">{\"@context\":\"https:\/\/schema.org\",\"@graph\":[{\"@type\":\"Article\",\"@id\":\"https:\/\/agenciainfra.com\/blog\/malha-rodoviaria-concedida-piora-e-investimentos-estao-aquem-do-necessario-aponta-cnt\/#article\",\"isPartOf\":{\"@id\":\"https:\/\/agenciainfra.com\/blog\/malha-rodoviaria-concedida-piora-e-investimentos-estao-aquem-do-necessario-aponta-cnt\/\"},\"author\":{\"name\":\"Ag\u00eancia iNFRA\",\"@id\":\"https:\/\/agenciainfra.com\/blog\/#\/schema\/person\/34af08dff6adea4cb22b06612ba7acfa\"},\"headline\":\"Malha rodovi\u00e1ria concedida piora e investimentos est\u00e3o aqu\u00e9m do necess\u00e1rio, aponta CNT\",\"datePublished\":\"2023-12-04T12:00:00+00:00\",\"dateModified\":\"2026-03-13T12:43:48+00:00\",\"mainEntityOfPage\":{\"@id\":\"https:\/\/agenciainfra.com\/blog\/malha-rodoviaria-concedida-piora-e-investimentos-estao-aquem-do-necessario-aponta-cnt\/\"},\"wordCount\":791,\"publisher\":{\"@id\":\"https:\/\/agenciainfra.com\/blog\/#organization\"},\"image\":{\"@id\":\"https:\/\/agenciainfra.com\/blog\/malha-rodoviaria-concedida-piora-e-investimentos-estao-aquem-do-necessario-aponta-cnt\/#primaryimage\"},\"thumbnailUrl\":\"https:\/\/agenciainfra.com\/blog\/wp-content\/uploads\/2021\/07\/rodovias-foto-agencia-brasil.jpeg\",\"keywords\":[\"BR-101\/RJ\",\"BR-116-234\/BA\",\"BR-163\/MS\",\"CNT\",\"concess\u00f5es\",\"Dimmi Amora\",\"Pesquisa CNT de Rodovias\",\"relicita\u00e7\u00e3o\",\"rodovias\",\"TCU\",\"transporte rodovi\u00e1rio\"],\"articleSection\":[\"Destaque lista\",\"Geral\",\"iNFRATransporte\"],\"inLanguage\":\"pt-BR\",\"copyrightYear\":\"2023\",\"copyrightHolder\":{\"@id\":\"https:\/\/agenciainfra.com\/blog\/#organization\"}},{\"@type\":\"WebPage\",\"@id\":\"https:\/\/agenciainfra.com\/blog\/malha-rodoviaria-concedida-piora-e-investimentos-estao-aquem-do-necessario-aponta-cnt\/\",\"url\":\"https:\/\/agenciainfra.com\/blog\/malha-rodoviaria-concedida-piora-e-investimentos-estao-aquem-do-necessario-aponta-cnt\/\",\"name\":\"Malha rodovi\u00e1ria concedida piora e investimentos est\u00e3o aqu\u00e9m do necess\u00e1rio, aponta CNT - Ag\u00eancia iNFRA\",\"isPartOf\":{\"@id\":\"https:\/\/agenciainfra.com\/blog\/#website\"},\"primaryImageOfPage\":{\"@id\":\"https:\/\/agenciainfra.com\/blog\/malha-rodoviaria-concedida-piora-e-investimentos-estao-aquem-do-necessario-aponta-cnt\/#primaryimage\"},\"image\":{\"@id\":\"https:\/\/agenciainfra.com\/blog\/malha-rodoviaria-concedida-piora-e-investimentos-estao-aquem-do-necessario-aponta-cnt\/#primaryimage\"},\"thumbnailUrl\":\"https:\/\/agenciainfra.com\/blog\/wp-content\/uploads\/2021\/07\/rodovias-foto-agencia-brasil.jpeg\",\"datePublished\":\"2023-12-04T12:00:00+00:00\",\"dateModified\":\"2026-03-13T12:43:48+00:00\",\"breadcrumb\":{\"@id\":\"https:\/\/agenciainfra.com\/blog\/malha-rodoviaria-concedida-piora-e-investimentos-estao-aquem-do-necessario-aponta-cnt\/#breadcrumb\"},\"inLanguage\":\"pt-BR\",\"potentialAction\":[{\"@type\":\"ReadAction\",\"target\":[\"https:\/\/agenciainfra.com\/blog\/malha-rodoviaria-concedida-piora-e-investimentos-estao-aquem-do-necessario-aponta-cnt\/\"]}]},{\"@type\":\"ImageObject\",\"inLanguage\":\"pt-BR\",\"@id\":\"https:\/\/agenciainfra.com\/blog\/malha-rodoviaria-concedida-piora-e-investimentos-estao-aquem-do-necessario-aponta-cnt\/#primaryimage\",\"url\":\"https:\/\/agenciainfra.com\/blog\/wp-content\/uploads\/2021\/07\/rodovias-foto-agencia-brasil.jpeg\",\"contentUrl\":\"https:\/\/agenciainfra.com\/blog\/wp-content\/uploads\/2021\/07\/rodovias-foto-agencia-brasil.jpeg\",\"width\":1280,\"height\":766,\"caption\":\"Foto: Ag\u00eancia Brasil\"},{\"@type\":\"BreadcrumbList\",\"@id\":\"https:\/\/agenciainfra.com\/blog\/malha-rodoviaria-concedida-piora-e-investimentos-estao-aquem-do-necessario-aponta-cnt\/#breadcrumb\",\"itemListElement\":[{\"@type\":\"ListItem\",\"position\":1,\"name\":\"In\u00edcio\",\"item\":\"https:\/\/agenciainfra.com\/blog\/\"},{\"@type\":\"ListItem\",\"position\":2,\"name\":\"Malha rodovi\u00e1ria concedida piora e investimentos est\u00e3o aqu\u00e9m do necess\u00e1rio, aponta CNT\"}]},{\"@type\":\"WebSite\",\"@id\":\"https:\/\/agenciainfra.com\/blog\/#website\",\"url\":\"https:\/\/agenciainfra.com\/blog\/\",\"name\":\"Ag\u00eancia iNFRA\",\"description\":\"Multiplataforma de informa\u00e7\u00e3o jornal\u00edstica refer\u00eancia na \u00e1rea de infraestrutura no Brasil!\",\"publisher\":{\"@id\":\"https:\/\/agenciainfra.com\/blog\/#organization\"},\"potentialAction\":[{\"@type\":\"SearchAction\",\"target\":{\"@type\":\"EntryPoint\",\"urlTemplate\":\"https:\/\/agenciainfra.com\/blog\/?s={search_term_string}\"},\"query-input\":{\"@type\":\"PropertyValueSpecification\",\"valueRequired\":true,\"valueName\":\"search_term_string\"}}],\"inLanguage\":\"pt-BR\"},{\"@type\":\"Organization\",\"@id\":\"https:\/\/agenciainfra.com\/blog\/#organization\",\"name\":\"Ag\u00eancia iNFRA\",\"url\":\"https:\/\/agenciainfra.com\/blog\/\",\"logo\":{\"@type\":\"ImageObject\",\"inLanguage\":\"pt-BR\",\"@id\":\"https:\/\/agenciainfra.com\/blog\/#\/schema\/logo\/image\/\",\"url\":\"https:\/\/agenciainfra.com\/blog\/wp-content\/uploads\/2023\/09\/iNFRA_5-e1761735885940.png\",\"contentUrl\":\"https:\/\/agenciainfra.com\/blog\/wp-content\/uploads\/2023\/09\/iNFRA_5-e1761735885940.png\",\"width\":1672,\"height\":454,\"caption\":\"Ag\u00eancia iNFRA\"},\"image\":{\"@id\":\"https:\/\/agenciainfra.com\/blog\/#\/schema\/logo\/image\/\"},\"sameAs\":[\"https:\/\/www.facebook.com\/ageninfra\",\"https:\/\/x.com\/agencia_infra\",\"https:\/\/www.linkedin.com\/company\/ag\u00eanciainfra\/\",\"https:\/\/www.instagram.com\/agenciainfra\/\"]},{\"@type\":\"Person\",\"@id\":\"https:\/\/agenciainfra.com\/blog\/#\/schema\/person\/34af08dff6adea4cb22b06612ba7acfa\",\"name\":\"Ag\u00eancia iNFRA\",\"image\":{\"@type\":\"ImageObject\",\"inLanguage\":\"pt-BR\",\"@id\":\"https:\/\/agenciainfra.com\/blog\/#\/schema\/person\/image\/\",\"url\":\"https:\/\/secure.gravatar.com\/avatar\/d189e01678f06d8eb84d4e01f08eb848b3fffe3f8443818d3c356c66892f5be8?s=96&d=mm&r=g\",\"contentUrl\":\"https:\/\/secure.gravatar.com\/avatar\/d189e01678f06d8eb84d4e01f08eb848b3fffe3f8443818d3c356c66892f5be8?s=96&d=mm&r=g\",\"caption\":\"Ag\u00eancia iNFRA\"},\"url\":\"https:\/\/agenciainfra.com\/blog\/author\/admin\/\"}]}<\/script>\n<!-- \/ Yoast SEO Premium plugin. -->","yoast_head_json":{"title":"Malha rodovi\u00e1ria concedida piora e investimentos est\u00e3o aqu\u00e9m do necess\u00e1rio, aponta CNT - Ag\u00eancia iNFRA","robots":{"index":"index","follow":"follow","max-snippet":"max-snippet:-1","max-image-preview":"max-image-preview:large","max-video-preview":"max-video-preview:-1"},"canonical":"https:\/\/agenciainfra.com\/blog\/malha-rodoviaria-concedida-piora-e-investimentos-estao-aquem-do-necessario-aponta-cnt\/","og_locale":"pt_BR","og_type":"article","og_title":"Malha rodovi\u00e1ria concedida piora e investimentos est\u00e3o aqu\u00e9m do necess\u00e1rio, aponta CNT","og_description":"Dimmi Amora, da Ag\u00eancia iNFRA A&nbsp;malha&nbsp;de 26 mil quil\u00f4metros de rodovias concessionadas&nbsp;do&nbsp;pa\u00eds est\u00e1 piorando&nbsp;e&nbsp;recebe&nbsp;investimentos&nbsp;aqu\u00e9m&nbsp;do&nbsp;necess\u00e1rio. \u00c9 o que mostra a 26\u00aa Edi\u00e7\u00e3o da Pesquisa&nbsp;CNT&nbsp;de Rodovias, divulgada nesta quarta-feira (29), a qual apontou para um quadro de estabilidade geral na qualidade das rodovias&nbsp;do&nbsp;pa\u00eds em rela\u00e7\u00e3o a 2022. Na avalia\u00e7\u00e3o da entidade, as rodovias brasileiras &#8220;pararam de piorar&#8221;. [&hellip;]","og_url":"https:\/\/agenciainfra.com\/blog\/malha-rodoviaria-concedida-piora-e-investimentos-estao-aquem-do-necessario-aponta-cnt\/","og_site_name":"Ag\u00eancia iNFRA","article_publisher":"https:\/\/www.facebook.com\/ageninfra","article_published_time":"2023-12-04T12:00:00+00:00","article_modified_time":"2026-03-13T12:43:48+00:00","og_image":[{"width":1280,"height":766,"url":"https:\/\/agenciainfra.com\/blog\/wp-content\/uploads\/2021\/07\/rodovias-foto-agencia-brasil.jpeg","type":"image\/jpeg"}],"author":"Ag\u00eancia iNFRA","twitter_card":"summary_large_image","twitter_creator":"@agencia_infra","twitter_site":"@agencia_infra","twitter_misc":{"Escrito por":"Ag\u00eancia iNFRA","Est. tempo de leitura":"4 minutos"},"schema":{"@context":"https:\/\/schema.org","@graph":[{"@type":"Article","@id":"https:\/\/agenciainfra.com\/blog\/malha-rodoviaria-concedida-piora-e-investimentos-estao-aquem-do-necessario-aponta-cnt\/#article","isPartOf":{"@id":"https:\/\/agenciainfra.com\/blog\/malha-rodoviaria-concedida-piora-e-investimentos-estao-aquem-do-necessario-aponta-cnt\/"},"author":{"name":"Ag\u00eancia iNFRA","@id":"https:\/\/agenciainfra.com\/blog\/#\/schema\/person\/34af08dff6adea4cb22b06612ba7acfa"},"headline":"Malha rodovi\u00e1ria concedida piora e investimentos est\u00e3o aqu\u00e9m do necess\u00e1rio, aponta CNT","datePublished":"2023-12-04T12:00:00+00:00","dateModified":"2026-03-13T12:43:48+00:00","mainEntityOfPage":{"@id":"https:\/\/agenciainfra.com\/blog\/malha-rodoviaria-concedida-piora-e-investimentos-estao-aquem-do-necessario-aponta-cnt\/"},"wordCount":791,"publisher":{"@id":"https:\/\/agenciainfra.com\/blog\/#organization"},"image":{"@id":"https:\/\/agenciainfra.com\/blog\/malha-rodoviaria-concedida-piora-e-investimentos-estao-aquem-do-necessario-aponta-cnt\/#primaryimage"},"thumbnailUrl":"https:\/\/agenciainfra.com\/blog\/wp-content\/uploads\/2021\/07\/rodovias-foto-agencia-brasil.jpeg","keywords":["BR-101\/RJ","BR-116-234\/BA","BR-163\/MS","CNT","concess\u00f5es","Dimmi Amora","Pesquisa CNT de Rodovias","relicita\u00e7\u00e3o","rodovias","TCU","transporte rodovi\u00e1rio"],"articleSection":["Destaque lista","Geral","iNFRATransporte"],"inLanguage":"pt-BR","copyrightYear":"2023","copyrightHolder":{"@id":"https:\/\/agenciainfra.com\/blog\/#organization"}},{"@type":"WebPage","@id":"https:\/\/agenciainfra.com\/blog\/malha-rodoviaria-concedida-piora-e-investimentos-estao-aquem-do-necessario-aponta-cnt\/","url":"https:\/\/agenciainfra.com\/blog\/malha-rodoviaria-concedida-piora-e-investimentos-estao-aquem-do-necessario-aponta-cnt\/","name":"Malha rodovi\u00e1ria concedida piora e investimentos est\u00e3o aqu\u00e9m do necess\u00e1rio, aponta CNT - Ag\u00eancia iNFRA","isPartOf":{"@id":"https:\/\/agenciainfra.com\/blog\/#website"},"primaryImageOfPage":{"@id":"https:\/\/agenciainfra.com\/blog\/malha-rodoviaria-concedida-piora-e-investimentos-estao-aquem-do-necessario-aponta-cnt\/#primaryimage"},"image":{"@id":"https:\/\/agenciainfra.com\/blog\/malha-rodoviaria-concedida-piora-e-investimentos-estao-aquem-do-necessario-aponta-cnt\/#primaryimage"},"thumbnailUrl":"https:\/\/agenciainfra.com\/blog\/wp-content\/uploads\/2021\/07\/rodovias-foto-agencia-brasil.jpeg","datePublished":"2023-12-04T12:00:00+00:00","dateModified":"2026-03-13T12:43:48+00:00","breadcrumb":{"@id":"https:\/\/agenciainfra.com\/blog\/malha-rodoviaria-concedida-piora-e-investimentos-estao-aquem-do-necessario-aponta-cnt\/#breadcrumb"},"inLanguage":"pt-BR","potentialAction":[{"@type":"ReadAction","target":["https:\/\/agenciainfra.com\/blog\/malha-rodoviaria-concedida-piora-e-investimentos-estao-aquem-do-necessario-aponta-cnt\/"]}]},{"@type":"ImageObject","inLanguage":"pt-BR","@id":"https:\/\/agenciainfra.com\/blog\/malha-rodoviaria-concedida-piora-e-investimentos-estao-aquem-do-necessario-aponta-cnt\/#primaryimage","url":"https:\/\/agenciainfra.com\/blog\/wp-content\/uploads\/2021\/07\/rodovias-foto-agencia-brasil.jpeg","contentUrl":"https:\/\/agenciainfra.com\/blog\/wp-content\/uploads\/2021\/07\/rodovias-foto-agencia-brasil.jpeg","width":1280,"height":766,"caption":"Foto: Ag\u00eancia Brasil"},{"@type":"BreadcrumbList","@id":"https:\/\/agenciainfra.com\/blog\/malha-rodoviaria-concedida-piora-e-investimentos-estao-aquem-do-necessario-aponta-cnt\/#breadcrumb","itemListElement":[{"@type":"ListItem","position":1,"name":"In\u00edcio","item":"https:\/\/agenciainfra.com\/blog\/"},{"@type":"ListItem","position":2,"name":"Malha rodovi\u00e1ria concedida piora e investimentos est\u00e3o aqu\u00e9m do necess\u00e1rio, aponta CNT"}]},{"@type":"WebSite","@id":"https:\/\/agenciainfra.com\/blog\/#website","url":"https:\/\/agenciainfra.com\/blog\/","name":"Ag\u00eancia iNFRA","description":"Multiplataforma de informa\u00e7\u00e3o jornal\u00edstica refer\u00eancia na \u00e1rea de infraestrutura no Brasil!","publisher":{"@id":"https:\/\/agenciainfra.com\/blog\/#organization"},"potentialAction":[{"@type":"SearchAction","target":{"@type":"EntryPoint","urlTemplate":"https:\/\/agenciainfra.com\/blog\/?s={search_term_string}"},"query-input":{"@type":"PropertyValueSpecification","valueRequired":true,"valueName":"search_term_string"}}],"inLanguage":"pt-BR"},{"@type":"Organization","@id":"https:\/\/agenciainfra.com\/blog\/#organization","name":"Ag\u00eancia iNFRA","url":"https:\/\/agenciainfra.com\/blog\/","logo":{"@type":"ImageObject","inLanguage":"pt-BR","@id":"https:\/\/agenciainfra.com\/blog\/#\/schema\/logo\/image\/","url":"https:\/\/agenciainfra.com\/blog\/wp-content\/uploads\/2023\/09\/iNFRA_5-e1761735885940.png","contentUrl":"https:\/\/agenciainfra.com\/blog\/wp-content\/uploads\/2023\/09\/iNFRA_5-e1761735885940.png","width":1672,"height":454,"caption":"Ag\u00eancia iNFRA"},"image":{"@id":"https:\/\/agenciainfra.com\/blog\/#\/schema\/logo\/image\/"},"sameAs":["https:\/\/www.facebook.com\/ageninfra","https:\/\/x.com\/agencia_infra","https:\/\/www.linkedin.com\/company\/ag\u00eanciainfra\/","https:\/\/www.instagram.com\/agenciainfra\/"]},{"@type":"Person","@id":"https:\/\/agenciainfra.com\/blog\/#\/schema\/person\/34af08dff6adea4cb22b06612ba7acfa","name":"Ag\u00eancia iNFRA","image":{"@type":"ImageObject","inLanguage":"pt-BR","@id":"https:\/\/agenciainfra.com\/blog\/#\/schema\/person\/image\/","url":"https:\/\/secure.gravatar.com\/avatar\/d189e01678f06d8eb84d4e01f08eb848b3fffe3f8443818d3c356c66892f5be8?s=96&d=mm&r=g","contentUrl":"https:\/\/secure.gravatar.com\/avatar\/d189e01678f06d8eb84d4e01f08eb848b3fffe3f8443818d3c356c66892f5be8?s=96&d=mm&r=g","caption":"Ag\u00eancia iNFRA"},"url":"https:\/\/agenciainfra.com\/blog\/author\/admin\/"}]}},"_links":{"self":[{"href":"https:\/\/agenciainfra.com\/blog\/wp-json\/wp\/v2\/posts\/14927","targetHints":{"allow":["GET"]}}],"collection":[{"href":"https:\/\/agenciainfra.com\/blog\/wp-json\/wp\/v2\/posts"}],"about":[{"href":"https:\/\/agenciainfra.com\/blog\/wp-json\/wp\/v2\/types\/post"}],"author":[{"embeddable":true,"href":"https:\/\/agenciainfra.com\/blog\/wp-json\/wp\/v2\/users\/1"}],"replies":[{"embeddable":true,"href":"https:\/\/agenciainfra.com\/blog\/wp-json\/wp\/v2\/comments?post=14927"}],"version-history":[{"count":1,"href":"https:\/\/agenciainfra.com\/blog\/wp-json\/wp\/v2\/posts\/14927\/revisions"}],"predecessor-version":[{"id":37742,"href":"https:\/\/agenciainfra.com\/blog\/wp-json\/wp\/v2\/posts\/14927\/revisions\/37742"}],"wp:featuredmedia":[{"embeddable":true,"href":"https:\/\/agenciainfra.com\/blog\/wp-json\/wp\/v2\/media\/7591"}],"wp:attachment":[{"href":"https:\/\/agenciainfra.com\/blog\/wp-json\/wp\/v2\/media?parent=14927"}],"wp:term":[{"taxonomy":"category","embeddable":true,"href":"https:\/\/agenciainfra.com\/blog\/wp-json\/wp\/v2\/categories?post=14927"},{"taxonomy":"post_tag","embeddable":true,"href":"https:\/\/agenciainfra.com\/blog\/wp-json\/wp\/v2\/tags?post=14927"}],"curies":[{"name":"wp","href":"https:\/\/api.w.org\/{rel}","templated":true}]}}