{"id":14935,"date":"2023-12-05T09:00:00","date_gmt":"2023-12-05T12:00:00","guid":{"rendered":"https:\/\/www.agenciainfra.com\/blog\/?p=14935"},"modified":"2026-03-13T09:43:47","modified_gmt":"2026-03-13T12:43:47","slug":"renegociacao-da-rumo-malha-paulista-e-aprovada-pelo-tcu-sem-obrigacao-de-rever-outros-contratos","status":"publish","type":"post","link":"https:\/\/agenciainfra.com\/blog\/renegociacao-da-rumo-malha-paulista-e-aprovada-pelo-tcu-sem-obrigacao-de-rever-outros-contratos\/","title":{"rendered":"Renegocia\u00e7\u00e3o da Rumo Malha Paulista \u00e9 aprovada pelo TCU, sem obriga\u00e7\u00e3o de rever outros contratos"},"content":{"rendered":"\n<p class=\"has-text-align-right\"><strong>Dimmi Amora e Jenifer Ribeiro,&nbsp;da&nbsp;Ag\u00eancia iNFRA<\/strong><\/p>\n\n\n\n<p>O acordo referente \u00e0 repactua\u00e7\u00e3o dos encargos&nbsp;da&nbsp;prorroga\u00e7\u00e3o antecipada&nbsp;da&nbsp;concess\u00e3o&nbsp;da&nbsp;Rumo&nbsp;Malha&nbsp;Paulista&nbsp;foi aprovado&nbsp;pelo&nbsp;plen\u00e1rio do&nbsp;TCU&nbsp;(Tribunal de Contas&nbsp;da&nbsp;Uni\u00e3o), na \u00faltima quarta-feira (29). Esse foi o primeiro processo do setor de transportes terrestres conclu\u00eddo pela secretaria de solu\u00e7\u00e3o consensual do \u00f3rg\u00e3o.<br><br>Os termos&nbsp;da&nbsp;solu\u00e7\u00e3o permitir\u00e3o que a&nbsp;Rumo&nbsp;reprograme investimentos obrigat\u00f3rios e com prazo determinado previstos no contrato, o que pode fazer com que algumas obras possam ficar prontas somente em 2028. Nessa reprograma\u00e7\u00e3o, R$ 500 milh\u00f5es em obras que deixaram de ser feitas no prazo ou n\u00e3o ser\u00e3o mais realizadas poder\u00e3o ser feitos em novos locais ou pagas ao governo.<br><br>A empresa alega que esses investimentos n\u00e3o seriam os mais adequados para a opera\u00e7\u00e3o ferrovi\u00e1ria e alguns estariam defasados. Mesmo&nbsp;sem&nbsp;realiz\u00e1-los, a concession\u00e1ria informa que vem cumprindo com os volumes que deveriam ser transportados na ferrovia ap\u00f3s a repactua\u00e7\u00e3o.<br><br>Al\u00e9m dos recursos&nbsp;da&nbsp;reprograma\u00e7\u00e3o, ficou acordado que a empresa indenize o governo em R$ 670 milh\u00f5es. O valor, que foi nomeado de &#8220;adicional de vantajosidade&#8221;,&nbsp;\u00e9&nbsp;proveniente de um rec\u00e1lculo de ativos e passivos&nbsp;da&nbsp;concess\u00e3o.<br><br>Nesse ponto, travou-se a principal diverg\u00eancia entre os ministros do&nbsp;TCU. Foram cinco votos a favor do relator e dois contr\u00e1rios \u2013 dos ministros Augusto Nardes e Jorge Oliveira. Ambos os ministros que rejeitaram o acordo pediram que houvesse um adiamento de mais uma semana para melhor an\u00e1lise do c\u00e1lculo que levou ao valor de R$ 670 milh\u00f5es. A mat\u00e9ria j\u00e1 havia sido retirada de pauta em duas ocasi\u00f5es anteriormente.<br><br>Vital do R\u00eago informou que Minist\u00e9rio dos Transportes e&nbsp;Rumo&nbsp;indicaram que,&nbsp;quando foi feito o levantamento dos ativos e passivos&nbsp;da&nbsp;concess\u00e3o no processo de renova\u00e7\u00e3o antecipada, houve&nbsp;duplicidade no c\u00e1lculo, o que resultou em um valor distorcido.&nbsp;\u00c9&nbsp;esse valor que estaria agora se tornando o &#8220;adicional de vantajosidade&#8221;.<br><br>Os ministros Nardes e Oliveira indicaram que esse c\u00e1lculo foi feito entre o minist\u00e9rio e a ANTT (Ag\u00eancia Nacional de Transportes Terrestres), chegou pronto para a ag\u00eancia e a secretaria de consenso do&nbsp;TCU, e n\u00e3o houve uma an\u00e1lise de risco sobre se esse valor est\u00e1 adequado nem se os crit\u00e9rios usados s\u00e3o apropriados. Por isso, eles queriam mais prazo para analisar, j\u00e1 que a decis\u00e3o de Vital do R\u00eago s\u00f3 foi apresentada na tarde de quarta-feira (29) aos ministros.<br><br><strong>Valor menor<\/strong><br>O presidente do&nbsp;TCU, Bruno Dantas, fez press\u00e3o para que o processo fosse votado na sess\u00e3o, alegando que a tentativa de acordo se arrastava h\u00e1 quase um ano no tribunal e que aos ministros s\u00f3 caberia aceitar ou rejeitar o acordo.<br><br>Para tentar convencer os ministros que se posicionavam contr\u00e1rios, o relator fez constar no voto que o valor de R$ 670 milh\u00f5es do &#8220;adicional de vantajosidade&#8221; n\u00e3o poder\u00e1 ser contabilizado na atualiza\u00e7\u00e3o do invent\u00e1rio&nbsp;da&nbsp;concess\u00e3o, que&nbsp;\u00e9&nbsp;objeto de outro processo entre a&nbsp;Rumo&nbsp;e a ANTT.<br><br>Quando as renova\u00e7\u00f5es antecipadas foram aprovadas, ficou acertado que o c\u00e1lculo final para estimar os valores desse invent\u00e1rio seria feito depois de uma auditoria independente.<br><br>O c\u00e1lculo&nbsp;\u00e9&nbsp;longo, e a alega\u00e7\u00e3o na \u00e9poca era que ele poderia demorar e tirar a vantagem de se renovar as concess\u00f5es e iniciar as obras. Foi estimado um valor inicial pago pelas concession\u00e1rias, e, se ele for menor que o encontrado pela auditoria, a concession\u00e1ria teria que pagar ao governo a diferen\u00e7a (tamb\u00e9m poderia ocorrer o oposto).<br><br>Como o chamado &#8220;adicional de vantajosidade&#8221; tamb\u00e9m foi tirado de um c\u00e1lculo que leva em considera\u00e7\u00e3o a base de ativos, alvo do invent\u00e1rio, o ministro Vital deixou bem claro que o acordo s\u00f3 pode sair se a&nbsp;Rumo&nbsp;concordar que os R$ 670 milh\u00f5es n\u00e3o ser\u00e3o descontados futuramente desse c\u00e1lculo.<br><br><strong>Nova cl\u00e1usula<\/strong><br>Ser\u00e1 dado um prazo de 15 dias para que&nbsp;Rumo&nbsp;e governo possam concordar com essa nova cl\u00e1usula inserida no acordo, mas a tend\u00eancia&nbsp;\u00e9&nbsp;que ela seja aceita pelas partes e o acordo seja ratificado.<br><br>Como est\u00e1 inadimplente,&nbsp;sem&nbsp;o acordo, o governo pode at\u00e9 mesmo iniciar um processo de retomada&nbsp;da&nbsp;concess\u00e3o, pelas regras do contrato. Por isso, a concession\u00e1ria, de acordo com agentes do mercado, est\u00e1 praticamente&nbsp;sem&nbsp;op\u00e7\u00e3o de n\u00e3o assinar o acordo.<br><br>A proposta&nbsp;aprovada&nbsp;pelo&nbsp;TCU, no entanto, foi bem abaixo do valor inicial que agentes do Minist\u00e9rio dos Transportes cogitavam receber&nbsp;nessa&nbsp;renegocia\u00e7\u00e3o. Falava-se em uma indeniza\u00e7\u00e3o de at\u00e9 R$ 4 bilh\u00f5es&nbsp;da&nbsp;Rumo.<br><br>A ideia do ministro Renan Filho&nbsp;\u00e9&nbsp;se utilizar desses valores renegociados com as concession\u00e1rias que renovaram antecipadamente suas concess\u00f5es ferrovi\u00e1rias para compor um fundo que financiaria um plano de desenvolvimento do setor ferrovi\u00e1rio no pa\u00eds, que est\u00e1 em fase de elabora\u00e7\u00e3o pela pasta.&nbsp;O objetivo do minist\u00e9rio era lan\u00e7ar o plano em outubro, mas foi preciso adiar a divulga\u00e7\u00e3o devido a demora nas negocia\u00e7\u00f5es do acordo na Secex Consenso.<br><br><strong>Impactos do adiamento<\/strong><br>Al\u00e9m de discutir a metodologia para se chegar ao &#8220;adicional de vantajosidade&#8221;, Nardes&nbsp;tamb\u00e9m levantou a discuss\u00e3o sobre os impactos dos adiamentos das obras.&nbsp;Frente a essa afirma\u00e7\u00e3o, tanto o ministro presidente do&nbsp;TCU&nbsp;quanto o ministro Vital do R\u00eago disseram que postergar os investimentos&nbsp;\u00e9&nbsp;o m\u00e9rito do acordo. O ministro Bruno Dantas chegou a destacar que a inexecu\u00e7\u00e3o contratual por parte&nbsp;da&nbsp;Rumo&nbsp;\u00e9&nbsp;observada h\u00e1 quase tr\u00eas anos.<br><br>Por sua vez, o ministro Jorge Oliveira tamb\u00e9m afirmou que o adiamento dos investimentos para daqui a cinco anos pode n\u00e3o ser ben\u00e9fico e concordou com o pedido de vista por uma semana do ministro Nardes. Ele tamb\u00e9m disse que o adiamento era necess\u00e1rio para analisar com mais calma o processo e que queria seguir o relator, mas que precisava de mais tempo.<br><br><strong>Reflexo nas concess\u00f5es<\/strong><br>Outro ponto levantado pelos dois ministros que votaram contra o acordo foi que&nbsp;\u00e9&nbsp;necess\u00e1ria cautela na aprecia\u00e7\u00e3o&nbsp;da&nbsp;proposta devido ao impacto em outras concess\u00f5es de ferrovias.<br><br>O ministro Bruno Dantas afirmou que, como o processo n\u00e3o&nbsp;\u00e9&nbsp;de controle externo, n\u00e3o deve haver decis\u00f5es do colegiado que impactem&nbsp;as outras concess\u00f5es de ferrovias e que a decis\u00e3o de usar esses par\u00e2metros para poss\u00edveis novas renegocia\u00e7\u00f5es&nbsp;\u00e9&nbsp;do Minist\u00e9rio dos Transportes.<br><br>Uma das mudan\u00e7as em rela\u00e7\u00e3o \u00e0 proposta inicial que o ministro Vital do R\u00eago apresentou quando o processo entrou em pauta na primeira vez no plen\u00e1rio, em 25 de outubro, foi que, agora, n\u00e3o h\u00e1 mais no ac\u00f3rd\u00e3o determina\u00e7\u00f5es para que o minist\u00e9rio e a ANTT revisem as bases de ativo das outras concess\u00f5es.<br><br><strong>Interesse p\u00fablico<\/strong><br>Mas o ministro Vital, na leitura de seu voto, afirmou que o procedimento adotado nas renova\u00e7\u00f5es antecipadas foi desfavor\u00e1vel ao poder p\u00fablico. Segundo ele, foi recomendada&nbsp;\u00e0 secretaria de consenso do \u00f3rg\u00e3o uma an\u00e1lise do tema para as outras concession\u00e1rias, mesmo com a concord\u00e2ncia a pedido de&nbsp;outros&nbsp;ministros de que isso n\u00e3o constasse como determina\u00e7\u00e3o (algo obrigat\u00f3rio de ser feito).<br><br>&#8220;\u00c9&nbsp;preciso dizer que o minist\u00e9rio e a ag\u00eancia devem se debru\u00e7ar sobre esse assunto, avaliando valores e adotando medidas,&nbsp;porque h\u00e1 um interesse p\u00fablico em jogo&#8221;, lembrando que o problema identificado pode &#8220;ter se repetido em outras concess\u00f5es&#8221;.<br><br><strong>Judicializar<\/strong><br>O Minist\u00e9rio dos Transportes conta com a aprova\u00e7\u00e3o desse acordo para tentar revisar os levantamentos de ativos e passivos das outras concess\u00f5es de ferrovias que passaram pela renova\u00e7\u00e3o antecipada.<br><br>A pasta cobra que&nbsp;MRS e Vale tamb\u00e9m fa\u00e7am um acordo para revis\u00e3o&nbsp;da&nbsp;base de ativos, o que resultaria em uma indeniza\u00e7\u00e3o ao governo. Mas, como j\u00e1 mostrou a&nbsp;<strong>Ag\u00eancia iNFRA<\/strong>, essas reuni\u00f5es n\u00e3o est\u00e3o levando aos resultados que o governo almeja.<br><br>As empresas n\u00e3o est\u00e3o dispostas a pagar os valores que o governo apresenta a elas, algo na casa dos R$ 20 bilh\u00f5es para a Vale e dos R$ 9 bilh\u00f5es para a MRS, apesar de j\u00e1 terem se disponibilizado a levantar recursos para apoiar o fundo ferrovi\u00e1rio que o minist\u00e9rio pretende lan\u00e7ar.<br><br>Nas \u00faltimas semanas, insatisfeito com as negocia\u00e7\u00f5es, o ministro j\u00e1 mandou suspender&nbsp;outros&nbsp;processos das concession\u00e1rias que estavam em andamento.<br><br>Tamb\u00e9m tem dito em entrevistas a jornais que est\u00e1 disposto a seguir com a cobran\u00e7a e at\u00e9 mesmo a judicializar a renova\u00e7\u00e3o antecipada dessas concess\u00f5es.<\/p>\n","protected":false},"excerpt":{"rendered":"<p>Dimmi Amora e Jenifer Ribeiro,&nbsp;da&nbsp;Ag\u00eancia iNFRA O acordo referente \u00e0 repactua\u00e7\u00e3o dos encargos&nbsp;da&nbsp;prorroga\u00e7\u00e3o antecipada&nbsp;da&nbsp;concess\u00e3o&nbsp;da&nbsp;Rumo&nbsp;Malha&nbsp;Paulista&nbsp;foi aprovado&nbsp;pelo&nbsp;plen\u00e1rio do&nbsp;TCU&nbsp;(Tribunal de Contas&nbsp;da&nbsp;Uni\u00e3o), na \u00faltima quarta-feira (29). Esse foi o primeiro processo do setor de transportes terrestres conclu\u00eddo pela secretaria de solu\u00e7\u00e3o consensual do \u00f3rg\u00e3o. Os termos&nbsp;da&nbsp;solu\u00e7\u00e3o permitir\u00e3o que a&nbsp;Rumo&nbsp;reprograme investimentos obrigat\u00f3rios e com prazo determinado previstos no contrato, o [&hellip;]<\/p>\n","protected":false},"author":1,"featured_media":10158,"comment_status":"closed","ping_status":"closed","sticky":false,"template":"","format":"standard","meta":{"_monsterinsights_skip_tracking":false,"_monsterinsights_sitenote_active":false,"_monsterinsights_sitenote_note":"","_monsterinsights_sitenote_category":0,"footnotes":""},"categories":[7250,1,7],"tags":[822,78,1299,32,7361,7784,5231,2131,80,823,18,1033],"class_list":["post-14935","post","type-post","status-publish","format-standard","has-post-thumbnail","hentry","category-destaque-lista","category-geral","category-infratransporte","tag-augusto-nardes","tag-concessoes","tag-dimmi-amora","tag-investimentos","tag-jenifer-ribeiro","tag-jorge-oliveira","tag-prorrogacao-antecipada","tag-repactuacao","tag-rumo","tag-rumo-malha-paulista","tag-tcu","tag-transporte-ferroviario"],"yoast_head":"<!-- This site is optimized with the Yoast SEO Premium plugin v25.4 (Yoast SEO v26.0) - https:\/\/yoast.com\/wordpress\/plugins\/seo\/ -->\n<title>Renegocia\u00e7\u00e3o da Rumo Malha Paulista \u00e9 aprovada pelo TCU, sem obriga\u00e7\u00e3o de rever outros contratos - Ag\u00eancia iNFRA<\/title>\n<meta name=\"robots\" content=\"index, follow, max-snippet:-1, max-image-preview:large, max-video-preview:-1\" \/>\n<link rel=\"canonical\" href=\"https:\/\/agenciainfra.com\/blog\/renegociacao-da-rumo-malha-paulista-e-aprovada-pelo-tcu-sem-obrigacao-de-rever-outros-contratos\/\" \/>\n<meta property=\"og:locale\" content=\"pt_BR\" \/>\n<meta property=\"og:type\" content=\"article\" \/>\n<meta property=\"og:title\" content=\"Renegocia\u00e7\u00e3o da Rumo Malha Paulista \u00e9 aprovada pelo TCU, sem obriga\u00e7\u00e3o de rever outros contratos\" \/>\n<meta property=\"og:description\" content=\"Dimmi Amora e Jenifer Ribeiro,&nbsp;da&nbsp;Ag\u00eancia iNFRA O acordo referente \u00e0 repactua\u00e7\u00e3o dos encargos&nbsp;da&nbsp;prorroga\u00e7\u00e3o antecipada&nbsp;da&nbsp;concess\u00e3o&nbsp;da&nbsp;Rumo&nbsp;Malha&nbsp;Paulista&nbsp;foi aprovado&nbsp;pelo&nbsp;plen\u00e1rio do&nbsp;TCU&nbsp;(Tribunal de Contas&nbsp;da&nbsp;Uni\u00e3o), na \u00faltima quarta-feira (29). Esse foi o primeiro processo do setor de transportes terrestres conclu\u00eddo pela secretaria de solu\u00e7\u00e3o consensual do \u00f3rg\u00e3o. Os termos&nbsp;da&nbsp;solu\u00e7\u00e3o permitir\u00e3o que a&nbsp;Rumo&nbsp;reprograme investimentos obrigat\u00f3rios e com prazo determinado previstos no contrato, o [&hellip;]\" \/>\n<meta property=\"og:url\" content=\"https:\/\/agenciainfra.com\/blog\/renegociacao-da-rumo-malha-paulista-e-aprovada-pelo-tcu-sem-obrigacao-de-rever-outros-contratos\/\" \/>\n<meta property=\"og:site_name\" content=\"Ag\u00eancia iNFRA\" \/>\n<meta property=\"article:publisher\" content=\"https:\/\/www.facebook.com\/ageninfra\" \/>\n<meta property=\"article:published_time\" content=\"2023-12-05T12:00:00+00:00\" \/>\n<meta property=\"article:modified_time\" content=\"2026-03-13T12:43:47+00:00\" \/>\n<meta property=\"og:image\" content=\"https:\/\/agenciainfra.com\/blog\/wp-content\/uploads\/2022\/04\/rumo-malha-paulista-foto-minfra.jpeg\" \/>\n\t<meta property=\"og:image:width\" content=\"1280\" \/>\n\t<meta property=\"og:image:height\" content=\"765\" \/>\n\t<meta property=\"og:image:type\" content=\"image\/jpeg\" \/>\n<meta name=\"author\" content=\"Ag\u00eancia iNFRA\" \/>\n<meta name=\"twitter:card\" content=\"summary_large_image\" \/>\n<meta name=\"twitter:creator\" content=\"@agencia_infra\" \/>\n<meta name=\"twitter:site\" content=\"@agencia_infra\" \/>\n<meta name=\"twitter:label1\" content=\"Escrito por\" \/>\n\t<meta name=\"twitter:data1\" content=\"Ag\u00eancia iNFRA\" \/>\n\t<meta name=\"twitter:label2\" content=\"Est. tempo de leitura\" \/>\n\t<meta name=\"twitter:data2\" content=\"8 minutos\" \/>\n<script type=\"application\/ld+json\" class=\"yoast-schema-graph\">{\"@context\":\"https:\/\/schema.org\",\"@graph\":[{\"@type\":\"Article\",\"@id\":\"https:\/\/agenciainfra.com\/blog\/renegociacao-da-rumo-malha-paulista-e-aprovada-pelo-tcu-sem-obrigacao-de-rever-outros-contratos\/#article\",\"isPartOf\":{\"@id\":\"https:\/\/agenciainfra.com\/blog\/renegociacao-da-rumo-malha-paulista-e-aprovada-pelo-tcu-sem-obrigacao-de-rever-outros-contratos\/\"},\"author\":{\"name\":\"Ag\u00eancia iNFRA\",\"@id\":\"https:\/\/agenciainfra.com\/blog\/#\/schema\/person\/34af08dff6adea4cb22b06612ba7acfa\"},\"headline\":\"Renegocia\u00e7\u00e3o da Rumo Malha Paulista \u00e9 aprovada pelo TCU, sem obriga\u00e7\u00e3o de rever outros contratos\",\"datePublished\":\"2023-12-05T12:00:00+00:00\",\"dateModified\":\"2026-03-13T12:43:47+00:00\",\"mainEntityOfPage\":{\"@id\":\"https:\/\/agenciainfra.com\/blog\/renegociacao-da-rumo-malha-paulista-e-aprovada-pelo-tcu-sem-obrigacao-de-rever-outros-contratos\/\"},\"wordCount\":1604,\"publisher\":{\"@id\":\"https:\/\/agenciainfra.com\/blog\/#organization\"},\"image\":{\"@id\":\"https:\/\/agenciainfra.com\/blog\/renegociacao-da-rumo-malha-paulista-e-aprovada-pelo-tcu-sem-obrigacao-de-rever-outros-contratos\/#primaryimage\"},\"thumbnailUrl\":\"https:\/\/agenciainfra.com\/blog\/wp-content\/uploads\/2022\/04\/rumo-malha-paulista-foto-minfra.jpeg\",\"keywords\":[\"Augusto Nardes\",\"concess\u00f5es\",\"Dimmi Amora\",\"Investimentos\",\"Jenifer Ribeiro\",\"Jorge Oliveira\",\"prorroga\u00e7\u00e3o antecipada\",\"repactua\u00e7\u00e3o\",\"Rumo\",\"Rumo Malha Paulista\",\"TCU\",\"transporte ferrovi\u00e1rio\"],\"articleSection\":[\"Destaque lista\",\"Geral\",\"iNFRATransporte\"],\"inLanguage\":\"pt-BR\",\"copyrightYear\":\"2023\",\"copyrightHolder\":{\"@id\":\"https:\/\/agenciainfra.com\/blog\/#organization\"}},{\"@type\":\"WebPage\",\"@id\":\"https:\/\/agenciainfra.com\/blog\/renegociacao-da-rumo-malha-paulista-e-aprovada-pelo-tcu-sem-obrigacao-de-rever-outros-contratos\/\",\"url\":\"https:\/\/agenciainfra.com\/blog\/renegociacao-da-rumo-malha-paulista-e-aprovada-pelo-tcu-sem-obrigacao-de-rever-outros-contratos\/\",\"name\":\"Renegocia\u00e7\u00e3o da Rumo Malha Paulista \u00e9 aprovada pelo TCU, sem obriga\u00e7\u00e3o de rever outros contratos - Ag\u00eancia iNFRA\",\"isPartOf\":{\"@id\":\"https:\/\/agenciainfra.com\/blog\/#website\"},\"primaryImageOfPage\":{\"@id\":\"https:\/\/agenciainfra.com\/blog\/renegociacao-da-rumo-malha-paulista-e-aprovada-pelo-tcu-sem-obrigacao-de-rever-outros-contratos\/#primaryimage\"},\"image\":{\"@id\":\"https:\/\/agenciainfra.com\/blog\/renegociacao-da-rumo-malha-paulista-e-aprovada-pelo-tcu-sem-obrigacao-de-rever-outros-contratos\/#primaryimage\"},\"thumbnailUrl\":\"https:\/\/agenciainfra.com\/blog\/wp-content\/uploads\/2022\/04\/rumo-malha-paulista-foto-minfra.jpeg\",\"datePublished\":\"2023-12-05T12:00:00+00:00\",\"dateModified\":\"2026-03-13T12:43:47+00:00\",\"breadcrumb\":{\"@id\":\"https:\/\/agenciainfra.com\/blog\/renegociacao-da-rumo-malha-paulista-e-aprovada-pelo-tcu-sem-obrigacao-de-rever-outros-contratos\/#breadcrumb\"},\"inLanguage\":\"pt-BR\",\"potentialAction\":[{\"@type\":\"ReadAction\",\"target\":[\"https:\/\/agenciainfra.com\/blog\/renegociacao-da-rumo-malha-paulista-e-aprovada-pelo-tcu-sem-obrigacao-de-rever-outros-contratos\/\"]}]},{\"@type\":\"ImageObject\",\"inLanguage\":\"pt-BR\",\"@id\":\"https:\/\/agenciainfra.com\/blog\/renegociacao-da-rumo-malha-paulista-e-aprovada-pelo-tcu-sem-obrigacao-de-rever-outros-contratos\/#primaryimage\",\"url\":\"https:\/\/agenciainfra.com\/blog\/wp-content\/uploads\/2022\/04\/rumo-malha-paulista-foto-minfra.jpeg\",\"contentUrl\":\"https:\/\/agenciainfra.com\/blog\/wp-content\/uploads\/2022\/04\/rumo-malha-paulista-foto-minfra.jpeg\",\"width\":1280,\"height\":765,\"caption\":\"Foto: Minist\u00e9rio da Infraestrutura\"},{\"@type\":\"BreadcrumbList\",\"@id\":\"https:\/\/agenciainfra.com\/blog\/renegociacao-da-rumo-malha-paulista-e-aprovada-pelo-tcu-sem-obrigacao-de-rever-outros-contratos\/#breadcrumb\",\"itemListElement\":[{\"@type\":\"ListItem\",\"position\":1,\"name\":\"In\u00edcio\",\"item\":\"https:\/\/agenciainfra.com\/blog\/\"},{\"@type\":\"ListItem\",\"position\":2,\"name\":\"Renegocia\u00e7\u00e3o da Rumo Malha Paulista \u00e9 aprovada pelo TCU, sem obriga\u00e7\u00e3o de rever outros contratos\"}]},{\"@type\":\"WebSite\",\"@id\":\"https:\/\/agenciainfra.com\/blog\/#website\",\"url\":\"https:\/\/agenciainfra.com\/blog\/\",\"name\":\"Ag\u00eancia iNFRA\",\"description\":\"Multiplataforma de informa\u00e7\u00e3o jornal\u00edstica refer\u00eancia na \u00e1rea de infraestrutura no Brasil!\",\"publisher\":{\"@id\":\"https:\/\/agenciainfra.com\/blog\/#organization\"},\"potentialAction\":[{\"@type\":\"SearchAction\",\"target\":{\"@type\":\"EntryPoint\",\"urlTemplate\":\"https:\/\/agenciainfra.com\/blog\/?s={search_term_string}\"},\"query-input\":{\"@type\":\"PropertyValueSpecification\",\"valueRequired\":true,\"valueName\":\"search_term_string\"}}],\"inLanguage\":\"pt-BR\"},{\"@type\":\"Organization\",\"@id\":\"https:\/\/agenciainfra.com\/blog\/#organization\",\"name\":\"Ag\u00eancia iNFRA\",\"url\":\"https:\/\/agenciainfra.com\/blog\/\",\"logo\":{\"@type\":\"ImageObject\",\"inLanguage\":\"pt-BR\",\"@id\":\"https:\/\/agenciainfra.com\/blog\/#\/schema\/logo\/image\/\",\"url\":\"https:\/\/agenciainfra.com\/blog\/wp-content\/uploads\/2023\/09\/iNFRA_5-e1761735885940.png\",\"contentUrl\":\"https:\/\/agenciainfra.com\/blog\/wp-content\/uploads\/2023\/09\/iNFRA_5-e1761735885940.png\",\"width\":1672,\"height\":454,\"caption\":\"Ag\u00eancia iNFRA\"},\"image\":{\"@id\":\"https:\/\/agenciainfra.com\/blog\/#\/schema\/logo\/image\/\"},\"sameAs\":[\"https:\/\/www.facebook.com\/ageninfra\",\"https:\/\/x.com\/agencia_infra\",\"https:\/\/www.linkedin.com\/company\/ag\u00eanciainfra\/\",\"https:\/\/www.instagram.com\/agenciainfra\/\"]},{\"@type\":\"Person\",\"@id\":\"https:\/\/agenciainfra.com\/blog\/#\/schema\/person\/34af08dff6adea4cb22b06612ba7acfa\",\"name\":\"Ag\u00eancia iNFRA\",\"image\":{\"@type\":\"ImageObject\",\"inLanguage\":\"pt-BR\",\"@id\":\"https:\/\/agenciainfra.com\/blog\/#\/schema\/person\/image\/\",\"url\":\"https:\/\/secure.gravatar.com\/avatar\/d189e01678f06d8eb84d4e01f08eb848b3fffe3f8443818d3c356c66892f5be8?s=96&d=mm&r=g\",\"contentUrl\":\"https:\/\/secure.gravatar.com\/avatar\/d189e01678f06d8eb84d4e01f08eb848b3fffe3f8443818d3c356c66892f5be8?s=96&d=mm&r=g\",\"caption\":\"Ag\u00eancia iNFRA\"},\"url\":\"https:\/\/agenciainfra.com\/blog\/author\/admin\/\"}]}<\/script>\n<!-- \/ Yoast SEO Premium plugin. -->","yoast_head_json":{"title":"Renegocia\u00e7\u00e3o da Rumo Malha Paulista \u00e9 aprovada pelo TCU, sem obriga\u00e7\u00e3o de rever outros contratos - Ag\u00eancia iNFRA","robots":{"index":"index","follow":"follow","max-snippet":"max-snippet:-1","max-image-preview":"max-image-preview:large","max-video-preview":"max-video-preview:-1"},"canonical":"https:\/\/agenciainfra.com\/blog\/renegociacao-da-rumo-malha-paulista-e-aprovada-pelo-tcu-sem-obrigacao-de-rever-outros-contratos\/","og_locale":"pt_BR","og_type":"article","og_title":"Renegocia\u00e7\u00e3o da Rumo Malha Paulista \u00e9 aprovada pelo TCU, sem obriga\u00e7\u00e3o de rever outros contratos","og_description":"Dimmi Amora e Jenifer Ribeiro,&nbsp;da&nbsp;Ag\u00eancia iNFRA O acordo referente \u00e0 repactua\u00e7\u00e3o dos encargos&nbsp;da&nbsp;prorroga\u00e7\u00e3o antecipada&nbsp;da&nbsp;concess\u00e3o&nbsp;da&nbsp;Rumo&nbsp;Malha&nbsp;Paulista&nbsp;foi aprovado&nbsp;pelo&nbsp;plen\u00e1rio do&nbsp;TCU&nbsp;(Tribunal de Contas&nbsp;da&nbsp;Uni\u00e3o), na \u00faltima quarta-feira (29). Esse foi o primeiro processo do setor de transportes terrestres conclu\u00eddo pela secretaria de solu\u00e7\u00e3o consensual do \u00f3rg\u00e3o. Os termos&nbsp;da&nbsp;solu\u00e7\u00e3o permitir\u00e3o que a&nbsp;Rumo&nbsp;reprograme investimentos obrigat\u00f3rios e com prazo determinado previstos no contrato, o [&hellip;]","og_url":"https:\/\/agenciainfra.com\/blog\/renegociacao-da-rumo-malha-paulista-e-aprovada-pelo-tcu-sem-obrigacao-de-rever-outros-contratos\/","og_site_name":"Ag\u00eancia iNFRA","article_publisher":"https:\/\/www.facebook.com\/ageninfra","article_published_time":"2023-12-05T12:00:00+00:00","article_modified_time":"2026-03-13T12:43:47+00:00","og_image":[{"width":1280,"height":765,"url":"https:\/\/agenciainfra.com\/blog\/wp-content\/uploads\/2022\/04\/rumo-malha-paulista-foto-minfra.jpeg","type":"image\/jpeg"}],"author":"Ag\u00eancia iNFRA","twitter_card":"summary_large_image","twitter_creator":"@agencia_infra","twitter_site":"@agencia_infra","twitter_misc":{"Escrito por":"Ag\u00eancia iNFRA","Est. tempo de leitura":"8 minutos"},"schema":{"@context":"https:\/\/schema.org","@graph":[{"@type":"Article","@id":"https:\/\/agenciainfra.com\/blog\/renegociacao-da-rumo-malha-paulista-e-aprovada-pelo-tcu-sem-obrigacao-de-rever-outros-contratos\/#article","isPartOf":{"@id":"https:\/\/agenciainfra.com\/blog\/renegociacao-da-rumo-malha-paulista-e-aprovada-pelo-tcu-sem-obrigacao-de-rever-outros-contratos\/"},"author":{"name":"Ag\u00eancia iNFRA","@id":"https:\/\/agenciainfra.com\/blog\/#\/schema\/person\/34af08dff6adea4cb22b06612ba7acfa"},"headline":"Renegocia\u00e7\u00e3o da Rumo Malha Paulista \u00e9 aprovada pelo TCU, sem obriga\u00e7\u00e3o de rever outros contratos","datePublished":"2023-12-05T12:00:00+00:00","dateModified":"2026-03-13T12:43:47+00:00","mainEntityOfPage":{"@id":"https:\/\/agenciainfra.com\/blog\/renegociacao-da-rumo-malha-paulista-e-aprovada-pelo-tcu-sem-obrigacao-de-rever-outros-contratos\/"},"wordCount":1604,"publisher":{"@id":"https:\/\/agenciainfra.com\/blog\/#organization"},"image":{"@id":"https:\/\/agenciainfra.com\/blog\/renegociacao-da-rumo-malha-paulista-e-aprovada-pelo-tcu-sem-obrigacao-de-rever-outros-contratos\/#primaryimage"},"thumbnailUrl":"https:\/\/agenciainfra.com\/blog\/wp-content\/uploads\/2022\/04\/rumo-malha-paulista-foto-minfra.jpeg","keywords":["Augusto Nardes","concess\u00f5es","Dimmi Amora","Investimentos","Jenifer Ribeiro","Jorge Oliveira","prorroga\u00e7\u00e3o antecipada","repactua\u00e7\u00e3o","Rumo","Rumo Malha Paulista","TCU","transporte ferrovi\u00e1rio"],"articleSection":["Destaque lista","Geral","iNFRATransporte"],"inLanguage":"pt-BR","copyrightYear":"2023","copyrightHolder":{"@id":"https:\/\/agenciainfra.com\/blog\/#organization"}},{"@type":"WebPage","@id":"https:\/\/agenciainfra.com\/blog\/renegociacao-da-rumo-malha-paulista-e-aprovada-pelo-tcu-sem-obrigacao-de-rever-outros-contratos\/","url":"https:\/\/agenciainfra.com\/blog\/renegociacao-da-rumo-malha-paulista-e-aprovada-pelo-tcu-sem-obrigacao-de-rever-outros-contratos\/","name":"Renegocia\u00e7\u00e3o da Rumo Malha Paulista \u00e9 aprovada pelo TCU, sem obriga\u00e7\u00e3o de rever outros contratos - Ag\u00eancia iNFRA","isPartOf":{"@id":"https:\/\/agenciainfra.com\/blog\/#website"},"primaryImageOfPage":{"@id":"https:\/\/agenciainfra.com\/blog\/renegociacao-da-rumo-malha-paulista-e-aprovada-pelo-tcu-sem-obrigacao-de-rever-outros-contratos\/#primaryimage"},"image":{"@id":"https:\/\/agenciainfra.com\/blog\/renegociacao-da-rumo-malha-paulista-e-aprovada-pelo-tcu-sem-obrigacao-de-rever-outros-contratos\/#primaryimage"},"thumbnailUrl":"https:\/\/agenciainfra.com\/blog\/wp-content\/uploads\/2022\/04\/rumo-malha-paulista-foto-minfra.jpeg","datePublished":"2023-12-05T12:00:00+00:00","dateModified":"2026-03-13T12:43:47+00:00","breadcrumb":{"@id":"https:\/\/agenciainfra.com\/blog\/renegociacao-da-rumo-malha-paulista-e-aprovada-pelo-tcu-sem-obrigacao-de-rever-outros-contratos\/#breadcrumb"},"inLanguage":"pt-BR","potentialAction":[{"@type":"ReadAction","target":["https:\/\/agenciainfra.com\/blog\/renegociacao-da-rumo-malha-paulista-e-aprovada-pelo-tcu-sem-obrigacao-de-rever-outros-contratos\/"]}]},{"@type":"ImageObject","inLanguage":"pt-BR","@id":"https:\/\/agenciainfra.com\/blog\/renegociacao-da-rumo-malha-paulista-e-aprovada-pelo-tcu-sem-obrigacao-de-rever-outros-contratos\/#primaryimage","url":"https:\/\/agenciainfra.com\/blog\/wp-content\/uploads\/2022\/04\/rumo-malha-paulista-foto-minfra.jpeg","contentUrl":"https:\/\/agenciainfra.com\/blog\/wp-content\/uploads\/2022\/04\/rumo-malha-paulista-foto-minfra.jpeg","width":1280,"height":765,"caption":"Foto: Minist\u00e9rio da Infraestrutura"},{"@type":"BreadcrumbList","@id":"https:\/\/agenciainfra.com\/blog\/renegociacao-da-rumo-malha-paulista-e-aprovada-pelo-tcu-sem-obrigacao-de-rever-outros-contratos\/#breadcrumb","itemListElement":[{"@type":"ListItem","position":1,"name":"In\u00edcio","item":"https:\/\/agenciainfra.com\/blog\/"},{"@type":"ListItem","position":2,"name":"Renegocia\u00e7\u00e3o da Rumo Malha Paulista \u00e9 aprovada pelo TCU, sem obriga\u00e7\u00e3o de rever outros contratos"}]},{"@type":"WebSite","@id":"https:\/\/agenciainfra.com\/blog\/#website","url":"https:\/\/agenciainfra.com\/blog\/","name":"Ag\u00eancia iNFRA","description":"Multiplataforma de informa\u00e7\u00e3o jornal\u00edstica refer\u00eancia na \u00e1rea de infraestrutura no Brasil!","publisher":{"@id":"https:\/\/agenciainfra.com\/blog\/#organization"},"potentialAction":[{"@type":"SearchAction","target":{"@type":"EntryPoint","urlTemplate":"https:\/\/agenciainfra.com\/blog\/?s={search_term_string}"},"query-input":{"@type":"PropertyValueSpecification","valueRequired":true,"valueName":"search_term_string"}}],"inLanguage":"pt-BR"},{"@type":"Organization","@id":"https:\/\/agenciainfra.com\/blog\/#organization","name":"Ag\u00eancia iNFRA","url":"https:\/\/agenciainfra.com\/blog\/","logo":{"@type":"ImageObject","inLanguage":"pt-BR","@id":"https:\/\/agenciainfra.com\/blog\/#\/schema\/logo\/image\/","url":"https:\/\/agenciainfra.com\/blog\/wp-content\/uploads\/2023\/09\/iNFRA_5-e1761735885940.png","contentUrl":"https:\/\/agenciainfra.com\/blog\/wp-content\/uploads\/2023\/09\/iNFRA_5-e1761735885940.png","width":1672,"height":454,"caption":"Ag\u00eancia iNFRA"},"image":{"@id":"https:\/\/agenciainfra.com\/blog\/#\/schema\/logo\/image\/"},"sameAs":["https:\/\/www.facebook.com\/ageninfra","https:\/\/x.com\/agencia_infra","https:\/\/www.linkedin.com\/company\/ag\u00eanciainfra\/","https:\/\/www.instagram.com\/agenciainfra\/"]},{"@type":"Person","@id":"https:\/\/agenciainfra.com\/blog\/#\/schema\/person\/34af08dff6adea4cb22b06612ba7acfa","name":"Ag\u00eancia iNFRA","image":{"@type":"ImageObject","inLanguage":"pt-BR","@id":"https:\/\/agenciainfra.com\/blog\/#\/schema\/person\/image\/","url":"https:\/\/secure.gravatar.com\/avatar\/d189e01678f06d8eb84d4e01f08eb848b3fffe3f8443818d3c356c66892f5be8?s=96&d=mm&r=g","contentUrl":"https:\/\/secure.gravatar.com\/avatar\/d189e01678f06d8eb84d4e01f08eb848b3fffe3f8443818d3c356c66892f5be8?s=96&d=mm&r=g","caption":"Ag\u00eancia iNFRA"},"url":"https:\/\/agenciainfra.com\/blog\/author\/admin\/"}]}},"_links":{"self":[{"href":"https:\/\/agenciainfra.com\/blog\/wp-json\/wp\/v2\/posts\/14935","targetHints":{"allow":["GET"]}}],"collection":[{"href":"https:\/\/agenciainfra.com\/blog\/wp-json\/wp\/v2\/posts"}],"about":[{"href":"https:\/\/agenciainfra.com\/blog\/wp-json\/wp\/v2\/types\/post"}],"author":[{"embeddable":true,"href":"https:\/\/agenciainfra.com\/blog\/wp-json\/wp\/v2\/users\/1"}],"replies":[{"embeddable":true,"href":"https:\/\/agenciainfra.com\/blog\/wp-json\/wp\/v2\/comments?post=14935"}],"version-history":[{"count":1,"href":"https:\/\/agenciainfra.com\/blog\/wp-json\/wp\/v2\/posts\/14935\/revisions"}],"predecessor-version":[{"id":37741,"href":"https:\/\/agenciainfra.com\/blog\/wp-json\/wp\/v2\/posts\/14935\/revisions\/37741"}],"wp:featuredmedia":[{"embeddable":true,"href":"https:\/\/agenciainfra.com\/blog\/wp-json\/wp\/v2\/media\/10158"}],"wp:attachment":[{"href":"https:\/\/agenciainfra.com\/blog\/wp-json\/wp\/v2\/media?parent=14935"}],"wp:term":[{"taxonomy":"category","embeddable":true,"href":"https:\/\/agenciainfra.com\/blog\/wp-json\/wp\/v2\/categories?post=14935"},{"taxonomy":"post_tag","embeddable":true,"href":"https:\/\/agenciainfra.com\/blog\/wp-json\/wp\/v2\/tags?post=14935"}],"curies":[{"name":"wp","href":"https:\/\/api.w.org\/{rel}","templated":true}]}}