{"id":14976,"date":"2023-12-06T09:00:00","date_gmt":"2023-12-06T12:00:00","guid":{"rendered":"https:\/\/www.agenciainfra.com\/blog\/?p=14976"},"modified":"2026-03-13T09:43:47","modified_gmt":"2026-03-13T12:43:47","slug":"reuniao-da-aneel-expoe-embate-entre-diretores-com-muita-discussao-e-pouca-deliberacao","status":"publish","type":"post","link":"https:\/\/agenciainfra.com\/blog\/reuniao-da-aneel-expoe-embate-entre-diretores-com-muita-discussao-e-pouca-deliberacao\/","title":{"rendered":"Reuni\u00e3o da ANEEL exp\u00f5e embate entre diretores, com muita discuss\u00e3o e pouca delibera\u00e7\u00e3o"},"content":{"rendered":"\n<p class=\"has-text-align-right\"><strong>Marisa Wanzeller e Leila Coimbra, da&nbsp;Ag\u00eancia iNFRA<\/strong><\/p>\n\n\n\n<p>A pen\u00faltima reuni\u00e3o de diretoria da ANEEL (Ag\u00eancia Nacional de Energia El\u00e9trica) de 2023, realizada nesta ter\u00e7a-feira (5), exp\u00f4s a divis\u00e3o do colegiado. Os diretores mostraram diverg\u00eancia de opini\u00f5es em quase todos os julgamentos, e muitos processos deixaram de ser analisados ao serem retirados de pauta ou terem pedido de vista feito para modificar o voto apresentado pelo relator.<br>&nbsp;<br>Dos 13 itens que constavam fora do bloco da pauta&nbsp;para serem avaliados individualmente, seis n\u00e3o foram deliberados. Alguns dos processos votados foram aprovados por pequena maioria de tr\u00eas votos contra dois, com raras unanimidades dos cinco votos concordantes.<br>&nbsp;<br><strong>RAP das transmissoras<\/strong><br>O primeiro impasse se deu durante o processo que trata da Revis\u00e3o Peri\u00f3dica da RAP (Receita Anual Permitida) das transmissoras de energia. Conforme a&nbsp;diretora relatora, Agnes Costa, a ANEEL j\u00e1 havia adiado a revis\u00e3o, que deve valer a partir de julho de 2024, a partir de um pleito das empresas.<br>&nbsp;<br>Espera-se que a reguladora aprove uma nova metodologia de c\u00e1lculo da revis\u00e3o ainda neste ano, para que as transmissoras possam apresentar um laudo de avalia\u00e7\u00e3o dos seus ativos at\u00e9 1\u00ba de mar\u00e7o de 2024, informou Agnes.<br>&nbsp;<br>A superintendente de Gest\u00e3o Tarif\u00e1ria e Regula\u00e7\u00e3o Econ\u00f4mica, Camila Bonfim, disse&nbsp;que havia esfor\u00e7os para evitar atrasos no cronograma. \u201c[Vamos avan\u00e7ar] o que a gente pode avan\u00e7ar agora, para n\u00e3o atrasar o cronograma. Vamos tratar ent\u00e3o apenas dos encaminhamentos que impactam a valora\u00e7\u00e3o dos ativos.\u201d<br>&nbsp;<br>O diretor-geral, Sandoval Feitosa, reiterou a pressa para o andamento do processo: \u201cNa medida em que a gente posterga os crit\u00e9rios de revis\u00e3o, a gente tem que ter em mente que h\u00e1, naturalmente, uma efici\u00eancia que \u00e9 obtida ao longo do ciclo revisional, e, quando voc\u00ea posterga isso, voc\u00ea frustra o consumidor de ter essa efici\u00eancia capturada nos processos tarif\u00e1rios\u201d.<br>&nbsp;<br>Apesar dos discursos, o diretor H\u00e9lvio Guerra pediu vista ao processo, sem maiores explica\u00e7\u00f5es.<br>&nbsp;<br><strong>Multa \u00e0 Enel SP<\/strong><br>O caso mais emblem\u00e1tico do dia foi a vota\u00e7\u00e3o de um recurso interposto pela Enel S\u00e3o Paulo por uma multa aplicada por falhas na presta\u00e7\u00e3o de servi\u00e7os em 2021, no valor de R$ 95,8 milh\u00f5es.<br>&nbsp;<br>O diretor-geral, Sandoval Feitosa, apresentou o voto-vista discordando do relator, Fernando Mosna, que prop\u00f4s originalmente um desconto de 25% da multa \u00e0 Enel SP, em raz\u00e3o da \u201cmanuten\u00e7\u00e3o da curva de melhoria\u201d dos servi\u00e7os prestados pela empresa. Assim, o valor da penalidade cairia de R$ 95,8 milh\u00f5es para R$ 53,7 milh\u00f5es.<br>&nbsp;<br>No voto-vista apresentado na ter\u00e7a-feira, Feitosa sugeriu um desconto de 18%, e a multa de R$ 71,6 milh\u00f5es.<br>&nbsp;<br>Ap\u00f3s leitura do texto, o diretor H\u00e9lvio Guerra&nbsp;lembrou o apag\u00e3o em S\u00e3o Paulo ocorrido no dia 3 de novembro e que \u201ctrouxe \u00e0 superf\u00edcie um comportamento que n\u00e3o foi considerado o adequado\u201d por parte da distribuidora. \u201cHouve ali uma perda de indica\u00e7\u00e3o de qualidade da presta\u00e7\u00e3o de servi\u00e7o\u201d, disse.<br>&nbsp;<br>Guerra ressaltou que, inicialmente, acompanhou o voto do diretor relator por uma redu\u00e7\u00e3o de 25% na multa (em outubro), mas que hoje, ele n\u00e3o tem d\u00favida de que n\u00e3o cabe \u201cnem a redu\u00e7\u00e3o de 25% e sequer a redu\u00e7\u00e3o de 18% na multa\u201d.<br>&nbsp;<br>Com isso, disse que apresentaria um voto divergente, o que levou a um debate acalorado entre os membros do colegiado. Sandoval Feitosa acabou por retirar o processo da pauta.<br>&nbsp;<br><strong>Fracionamento de GD<\/strong><br>Houve tamb\u00e9m um embate afervorado&nbsp;entre os diretores sobre o pedido de cautelar da empresa AM Torres em rela\u00e7\u00e3o ao cancelamento de pareceres de acesso da Enel RJ ao seu projeto de gera\u00e7\u00e3o solar.<br>&nbsp;<br>O relator original do processo, Fernando Mosna, acatou o pedido do gerador para conceder a cautelar. A Enel RJ alega que se trata de um projeto \u00fanico, de 20 MW, que n\u00e3o se enquadra como MMGD (Mini ou Microgera\u00e7\u00e3o Distribu\u00edda) solar, com os direitos aos benef\u00edcios da categoria. O limite para ser MMGD \u00e9 ter a capacidade m\u00e1xima de produzir 5 MW.<br>&nbsp;<br>No recurso apresentado pela AM Torres&nbsp;argumentou-se que, apesar de ter sido feito um projeto \u00fanico para a solicita\u00e7\u00e3o de&nbsp;acesso, os propriet\u00e1rios seriam quatro pessoas f\u00edsicas diferentes, totalizando 5 MW para cada CPF.<br>&nbsp;<br>Por\u00e9m, como as centrais geradoras est\u00e3o em \u00e1reas cont\u00edguas (uma ao lado da outra), entre os munic\u00edpios de Araruama e Iguaba Grande, no estado do Rio de Janeiro, e somavam 20 MW, a concession\u00e1ria Enel RJ achou que cabia o desenquadramento de GD. Pela regra, quem decide se um projeto est\u00e1 sendo dividido ou n\u00e3o \u00e9 a distribuidora.<br>&nbsp;<br>A diretora Agnes Costa, que havia pedido vista, apresentou um voto revisor discordando de Fernando Mosna. A diretora decidiu por negar a medida cautelar \u00e0 AM Torres at\u00e9 o julgamento definitivo dos referidos pedidos de conex\u00e3o.<br>&nbsp;<br>Sua decis\u00e3o foi acompanhada pelo diretor-geral, que disse: \u201cFatos foram trazidos que mostram, pelo menos na minha compreens\u00e3o, inequ\u00edvoca, que, no caso em concreto, refere-se indiscutivelmente a um projeto \u00fanico, de partes que se relacionam e que dividiram o empreendimento\u201d.<br>&nbsp;<br>Sandoval Feitosa e a diretora Agnes foram vencidos, no fim. Os diretores H\u00e9lvio Guerra e Ricardo Tili acompanharam o voto de Mosna, ap\u00f3s mais um acalorado debate.<br><br><strong>Revis\u00e3o Tarif\u00e1ria Acre<\/strong><br>O diretor-geral pediu vista do processo relativo ao resultado da Revis\u00e3o Tarif\u00e1ria Peri\u00f3dica da Energisa Acre, que passa a vigorar a partir de 13 de dezembro.<br>&nbsp;<br>O voto do diretor H\u00e9lvio Guerra prop\u00f4s aumento m\u00e9dio de 14,52% para os consumidores de energia da distribuidora, sendo de 18,47%, em m\u00e9dia, para os consumidores conectados na alta tens\u00e3o, e de 13,63%, em m\u00e9dia, para os consumidores conectados na baixa tens\u00e3o.<br>&nbsp;<br>Antes, o processo de Revis\u00e3o Tarif\u00e1ria Peri\u00f3dica da Energisa Rond\u00f4nia, relatado por Mosna, j\u00e1 havia sa\u00eddo da pauta sem a leitura do voto.<\/p>\n","protected":false},"excerpt":{"rendered":"<p>Marisa Wanzeller e Leila Coimbra, da&nbsp;Ag\u00eancia iNFRA A pen\u00faltima reuni\u00e3o de diretoria da ANEEL (Ag\u00eancia Nacional de Energia El\u00e9trica) de 2023, realizada nesta ter\u00e7a-feira (5), exp\u00f4s a divis\u00e3o do colegiado. Os diretores mostraram diverg\u00eancia de opini\u00f5es em quase todos os julgamentos, e muitos processos deixaram de ser analisados ao serem retirados de pauta ou terem [&hellip;]<\/p>\n","protected":false},"author":1,"featured_media":10310,"comment_status":"closed","ping_status":"closed","sticky":false,"template":"","format":"standard","meta":{"_monsterinsights_skip_tracking":false,"_monsterinsights_sitenote_active":false,"_monsterinsights_sitenote_note":"","_monsterinsights_sitenote_category":0,"footnotes":""},"categories":[7250,1,10],"tags":[46,53,6480,7828,7829,7014,6371,850,2619,1984,7366,2222,5656,1026,2221],"class_list":["post-14976","post","type-post","status-publish","format-standard","has-post-thumbnail","hentry","category-destaque-lista","category-geral","category-infraenergia","tag-agencias-reguladoras","tag-aneel","tag-diretores","tag-embates","tag-enel-sp","tag-fernando-mosna","tag-gd","tag-geracao-distribuida","tag-helvio-guerra","tag-leila-coimbra","tag-marisa-wanzeller","tag-rap","tag-reuniao-de-diretoria","tag-sandoval-feitosa","tag-transmissoras"],"yoast_head":"<!-- This site is optimized with the Yoast SEO Premium plugin v25.4 (Yoast SEO v26.0) - https:\/\/yoast.com\/wordpress\/plugins\/seo\/ -->\n<title>Reuni\u00e3o da ANEEL exp\u00f5e embate entre diretores, com muita discuss\u00e3o e pouca delibera\u00e7\u00e3o - Ag\u00eancia iNFRA<\/title>\n<meta name=\"robots\" content=\"index, follow, max-snippet:-1, max-image-preview:large, max-video-preview:-1\" \/>\n<link rel=\"canonical\" href=\"https:\/\/agenciainfra.com\/blog\/reuniao-da-aneel-expoe-embate-entre-diretores-com-muita-discussao-e-pouca-deliberacao\/\" \/>\n<meta property=\"og:locale\" content=\"pt_BR\" \/>\n<meta property=\"og:type\" content=\"article\" \/>\n<meta property=\"og:title\" content=\"Reuni\u00e3o da ANEEL exp\u00f5e embate entre diretores, com muita discuss\u00e3o e pouca delibera\u00e7\u00e3o\" \/>\n<meta property=\"og:description\" content=\"Marisa Wanzeller e Leila Coimbra, da&nbsp;Ag\u00eancia iNFRA A pen\u00faltima reuni\u00e3o de diretoria da ANEEL (Ag\u00eancia Nacional de Energia El\u00e9trica) de 2023, realizada nesta ter\u00e7a-feira (5), exp\u00f4s a divis\u00e3o do colegiado. Os diretores mostraram diverg\u00eancia de opini\u00f5es em quase todos os julgamentos, e muitos processos deixaram de ser analisados ao serem retirados de pauta ou terem [&hellip;]\" \/>\n<meta property=\"og:url\" content=\"https:\/\/agenciainfra.com\/blog\/reuniao-da-aneel-expoe-embate-entre-diretores-com-muita-discussao-e-pouca-deliberacao\/\" \/>\n<meta property=\"og:site_name\" content=\"Ag\u00eancia iNFRA\" \/>\n<meta property=\"article:publisher\" content=\"https:\/\/www.facebook.com\/ageninfra\" \/>\n<meta property=\"article:published_time\" content=\"2023-12-06T12:00:00+00:00\" \/>\n<meta property=\"article:modified_time\" content=\"2026-03-13T12:43:47+00:00\" \/>\n<meta property=\"og:image\" content=\"https:\/\/agenciainfra.com\/blog\/wp-content\/uploads\/2022\/05\/aneel-foto-aneel-e1764788022595.jpg\" \/>\n\t<meta property=\"og:image:width\" content=\"1280\" \/>\n\t<meta property=\"og:image:height\" content=\"753\" \/>\n\t<meta property=\"og:image:type\" content=\"image\/jpeg\" \/>\n<meta name=\"author\" content=\"Ag\u00eancia iNFRA\" \/>\n<meta name=\"twitter:card\" content=\"summary_large_image\" \/>\n<meta name=\"twitter:creator\" content=\"@agencia_infra\" \/>\n<meta name=\"twitter:site\" content=\"@agencia_infra\" \/>\n<meta name=\"twitter:label1\" content=\"Escrito por\" \/>\n\t<meta name=\"twitter:data1\" content=\"Ag\u00eancia iNFRA\" \/>\n\t<meta name=\"twitter:label2\" content=\"Est. tempo de leitura\" \/>\n\t<meta name=\"twitter:data2\" content=\"5 minutos\" \/>\n<script type=\"application\/ld+json\" class=\"yoast-schema-graph\">{\"@context\":\"https:\/\/schema.org\",\"@graph\":[{\"@type\":\"Article\",\"@id\":\"https:\/\/agenciainfra.com\/blog\/reuniao-da-aneel-expoe-embate-entre-diretores-com-muita-discussao-e-pouca-deliberacao\/#article\",\"isPartOf\":{\"@id\":\"https:\/\/agenciainfra.com\/blog\/reuniao-da-aneel-expoe-embate-entre-diretores-com-muita-discussao-e-pouca-deliberacao\/\"},\"author\":{\"name\":\"Ag\u00eancia iNFRA\",\"@id\":\"https:\/\/agenciainfra.com\/blog\/#\/schema\/person\/34af08dff6adea4cb22b06612ba7acfa\"},\"headline\":\"Reuni\u00e3o da ANEEL exp\u00f5e embate entre diretores, com muita discuss\u00e3o e pouca delibera\u00e7\u00e3o\",\"datePublished\":\"2023-12-06T12:00:00+00:00\",\"dateModified\":\"2026-03-13T12:43:47+00:00\",\"mainEntityOfPage\":{\"@id\":\"https:\/\/agenciainfra.com\/blog\/reuniao-da-aneel-expoe-embate-entre-diretores-com-muita-discussao-e-pouca-deliberacao\/\"},\"wordCount\":1052,\"publisher\":{\"@id\":\"https:\/\/agenciainfra.com\/blog\/#organization\"},\"image\":{\"@id\":\"https:\/\/agenciainfra.com\/blog\/reuniao-da-aneel-expoe-embate-entre-diretores-com-muita-discussao-e-pouca-deliberacao\/#primaryimage\"},\"thumbnailUrl\":\"https:\/\/agenciainfra.com\/blog\/wp-content\/uploads\/2022\/05\/aneel-foto-aneel-e1764788022595.jpg\",\"keywords\":[\"Ag\u00eancias Reguladoras\",\"ANEEL\",\"diretores\",\"embates\",\"ENEL SP\",\"Fernando Mosna\",\"GD\",\"gera\u00e7\u00e3o distribu\u00edda\",\"H\u00e9lvio Guerra\",\"Leila Coimbra\",\"Marisa Wanzeller\",\"RAP\",\"reuni\u00e3o de diretoria\",\"Sandoval Feitosa\",\"transmissoras\"],\"articleSection\":[\"Destaque lista\",\"Geral\",\"iNFRAEnergia\"],\"inLanguage\":\"pt-BR\",\"copyrightYear\":\"2023\",\"copyrightHolder\":{\"@id\":\"https:\/\/agenciainfra.com\/blog\/#organization\"}},{\"@type\":\"WebPage\",\"@id\":\"https:\/\/agenciainfra.com\/blog\/reuniao-da-aneel-expoe-embate-entre-diretores-com-muita-discussao-e-pouca-deliberacao\/\",\"url\":\"https:\/\/agenciainfra.com\/blog\/reuniao-da-aneel-expoe-embate-entre-diretores-com-muita-discussao-e-pouca-deliberacao\/\",\"name\":\"Reuni\u00e3o da ANEEL exp\u00f5e embate entre diretores, com muita discuss\u00e3o e pouca delibera\u00e7\u00e3o - Ag\u00eancia iNFRA\",\"isPartOf\":{\"@id\":\"https:\/\/agenciainfra.com\/blog\/#website\"},\"primaryImageOfPage\":{\"@id\":\"https:\/\/agenciainfra.com\/blog\/reuniao-da-aneel-expoe-embate-entre-diretores-com-muita-discussao-e-pouca-deliberacao\/#primaryimage\"},\"image\":{\"@id\":\"https:\/\/agenciainfra.com\/blog\/reuniao-da-aneel-expoe-embate-entre-diretores-com-muita-discussao-e-pouca-deliberacao\/#primaryimage\"},\"thumbnailUrl\":\"https:\/\/agenciainfra.com\/blog\/wp-content\/uploads\/2022\/05\/aneel-foto-aneel-e1764788022595.jpg\",\"datePublished\":\"2023-12-06T12:00:00+00:00\",\"dateModified\":\"2026-03-13T12:43:47+00:00\",\"breadcrumb\":{\"@id\":\"https:\/\/agenciainfra.com\/blog\/reuniao-da-aneel-expoe-embate-entre-diretores-com-muita-discussao-e-pouca-deliberacao\/#breadcrumb\"},\"inLanguage\":\"pt-BR\",\"potentialAction\":[{\"@type\":\"ReadAction\",\"target\":[\"https:\/\/agenciainfra.com\/blog\/reuniao-da-aneel-expoe-embate-entre-diretores-com-muita-discussao-e-pouca-deliberacao\/\"]}]},{\"@type\":\"ImageObject\",\"inLanguage\":\"pt-BR\",\"@id\":\"https:\/\/agenciainfra.com\/blog\/reuniao-da-aneel-expoe-embate-entre-diretores-com-muita-discussao-e-pouca-deliberacao\/#primaryimage\",\"url\":\"https:\/\/agenciainfra.com\/blog\/wp-content\/uploads\/2022\/05\/aneel-foto-aneel-e1764788022595.jpg\",\"contentUrl\":\"https:\/\/agenciainfra.com\/blog\/wp-content\/uploads\/2022\/05\/aneel-foto-aneel-e1764788022595.jpg\",\"width\":1280,\"height\":753,\"caption\":\"Foto: ANEEL\"},{\"@type\":\"BreadcrumbList\",\"@id\":\"https:\/\/agenciainfra.com\/blog\/reuniao-da-aneel-expoe-embate-entre-diretores-com-muita-discussao-e-pouca-deliberacao\/#breadcrumb\",\"itemListElement\":[{\"@type\":\"ListItem\",\"position\":1,\"name\":\"In\u00edcio\",\"item\":\"https:\/\/agenciainfra.com\/blog\/\"},{\"@type\":\"ListItem\",\"position\":2,\"name\":\"Reuni\u00e3o da ANEEL exp\u00f5e embate entre diretores, com muita discuss\u00e3o e pouca delibera\u00e7\u00e3o\"}]},{\"@type\":\"WebSite\",\"@id\":\"https:\/\/agenciainfra.com\/blog\/#website\",\"url\":\"https:\/\/agenciainfra.com\/blog\/\",\"name\":\"Ag\u00eancia iNFRA\",\"description\":\"Multiplataforma de informa\u00e7\u00e3o jornal\u00edstica refer\u00eancia na \u00e1rea de infraestrutura no Brasil!\",\"publisher\":{\"@id\":\"https:\/\/agenciainfra.com\/blog\/#organization\"},\"potentialAction\":[{\"@type\":\"SearchAction\",\"target\":{\"@type\":\"EntryPoint\",\"urlTemplate\":\"https:\/\/agenciainfra.com\/blog\/?s={search_term_string}\"},\"query-input\":{\"@type\":\"PropertyValueSpecification\",\"valueRequired\":true,\"valueName\":\"search_term_string\"}}],\"inLanguage\":\"pt-BR\"},{\"@type\":\"Organization\",\"@id\":\"https:\/\/agenciainfra.com\/blog\/#organization\",\"name\":\"Ag\u00eancia iNFRA\",\"url\":\"https:\/\/agenciainfra.com\/blog\/\",\"logo\":{\"@type\":\"ImageObject\",\"inLanguage\":\"pt-BR\",\"@id\":\"https:\/\/agenciainfra.com\/blog\/#\/schema\/logo\/image\/\",\"url\":\"https:\/\/agenciainfra.com\/blog\/wp-content\/uploads\/2023\/09\/iNFRA_5-e1761735885940.png\",\"contentUrl\":\"https:\/\/agenciainfra.com\/blog\/wp-content\/uploads\/2023\/09\/iNFRA_5-e1761735885940.png\",\"width\":1672,\"height\":454,\"caption\":\"Ag\u00eancia iNFRA\"},\"image\":{\"@id\":\"https:\/\/agenciainfra.com\/blog\/#\/schema\/logo\/image\/\"},\"sameAs\":[\"https:\/\/www.facebook.com\/ageninfra\",\"https:\/\/x.com\/agencia_infra\",\"https:\/\/www.linkedin.com\/company\/ag\u00eanciainfra\/\",\"https:\/\/www.instagram.com\/agenciainfra\/\"]},{\"@type\":\"Person\",\"@id\":\"https:\/\/agenciainfra.com\/blog\/#\/schema\/person\/34af08dff6adea4cb22b06612ba7acfa\",\"name\":\"Ag\u00eancia iNFRA\",\"image\":{\"@type\":\"ImageObject\",\"inLanguage\":\"pt-BR\",\"@id\":\"https:\/\/agenciainfra.com\/blog\/#\/schema\/person\/image\/\",\"url\":\"https:\/\/secure.gravatar.com\/avatar\/d189e01678f06d8eb84d4e01f08eb848b3fffe3f8443818d3c356c66892f5be8?s=96&d=mm&r=g\",\"contentUrl\":\"https:\/\/secure.gravatar.com\/avatar\/d189e01678f06d8eb84d4e01f08eb848b3fffe3f8443818d3c356c66892f5be8?s=96&d=mm&r=g\",\"caption\":\"Ag\u00eancia iNFRA\"},\"url\":\"https:\/\/agenciainfra.com\/blog\/author\/admin\/\"}]}<\/script>\n<!-- \/ Yoast SEO Premium plugin. -->","yoast_head_json":{"title":"Reuni\u00e3o da ANEEL exp\u00f5e embate entre diretores, com muita discuss\u00e3o e pouca delibera\u00e7\u00e3o - Ag\u00eancia iNFRA","robots":{"index":"index","follow":"follow","max-snippet":"max-snippet:-1","max-image-preview":"max-image-preview:large","max-video-preview":"max-video-preview:-1"},"canonical":"https:\/\/agenciainfra.com\/blog\/reuniao-da-aneel-expoe-embate-entre-diretores-com-muita-discussao-e-pouca-deliberacao\/","og_locale":"pt_BR","og_type":"article","og_title":"Reuni\u00e3o da ANEEL exp\u00f5e embate entre diretores, com muita discuss\u00e3o e pouca delibera\u00e7\u00e3o","og_description":"Marisa Wanzeller e Leila Coimbra, da&nbsp;Ag\u00eancia iNFRA A pen\u00faltima reuni\u00e3o de diretoria da ANEEL (Ag\u00eancia Nacional de Energia El\u00e9trica) de 2023, realizada nesta ter\u00e7a-feira (5), exp\u00f4s a divis\u00e3o do colegiado. Os diretores mostraram diverg\u00eancia de opini\u00f5es em quase todos os julgamentos, e muitos processos deixaram de ser analisados ao serem retirados de pauta ou terem [&hellip;]","og_url":"https:\/\/agenciainfra.com\/blog\/reuniao-da-aneel-expoe-embate-entre-diretores-com-muita-discussao-e-pouca-deliberacao\/","og_site_name":"Ag\u00eancia iNFRA","article_publisher":"https:\/\/www.facebook.com\/ageninfra","article_published_time":"2023-12-06T12:00:00+00:00","article_modified_time":"2026-03-13T12:43:47+00:00","og_image":[{"width":1280,"height":753,"url":"https:\/\/agenciainfra.com\/blog\/wp-content\/uploads\/2022\/05\/aneel-foto-aneel-e1764788022595.jpg","type":"image\/jpeg"}],"author":"Ag\u00eancia iNFRA","twitter_card":"summary_large_image","twitter_creator":"@agencia_infra","twitter_site":"@agencia_infra","twitter_misc":{"Escrito por":"Ag\u00eancia iNFRA","Est. tempo de leitura":"5 minutos"},"schema":{"@context":"https:\/\/schema.org","@graph":[{"@type":"Article","@id":"https:\/\/agenciainfra.com\/blog\/reuniao-da-aneel-expoe-embate-entre-diretores-com-muita-discussao-e-pouca-deliberacao\/#article","isPartOf":{"@id":"https:\/\/agenciainfra.com\/blog\/reuniao-da-aneel-expoe-embate-entre-diretores-com-muita-discussao-e-pouca-deliberacao\/"},"author":{"name":"Ag\u00eancia iNFRA","@id":"https:\/\/agenciainfra.com\/blog\/#\/schema\/person\/34af08dff6adea4cb22b06612ba7acfa"},"headline":"Reuni\u00e3o da ANEEL exp\u00f5e embate entre diretores, com muita discuss\u00e3o e pouca delibera\u00e7\u00e3o","datePublished":"2023-12-06T12:00:00+00:00","dateModified":"2026-03-13T12:43:47+00:00","mainEntityOfPage":{"@id":"https:\/\/agenciainfra.com\/blog\/reuniao-da-aneel-expoe-embate-entre-diretores-com-muita-discussao-e-pouca-deliberacao\/"},"wordCount":1052,"publisher":{"@id":"https:\/\/agenciainfra.com\/blog\/#organization"},"image":{"@id":"https:\/\/agenciainfra.com\/blog\/reuniao-da-aneel-expoe-embate-entre-diretores-com-muita-discussao-e-pouca-deliberacao\/#primaryimage"},"thumbnailUrl":"https:\/\/agenciainfra.com\/blog\/wp-content\/uploads\/2022\/05\/aneel-foto-aneel-e1764788022595.jpg","keywords":["Ag\u00eancias Reguladoras","ANEEL","diretores","embates","ENEL SP","Fernando Mosna","GD","gera\u00e7\u00e3o distribu\u00edda","H\u00e9lvio Guerra","Leila Coimbra","Marisa Wanzeller","RAP","reuni\u00e3o de diretoria","Sandoval Feitosa","transmissoras"],"articleSection":["Destaque lista","Geral","iNFRAEnergia"],"inLanguage":"pt-BR","copyrightYear":"2023","copyrightHolder":{"@id":"https:\/\/agenciainfra.com\/blog\/#organization"}},{"@type":"WebPage","@id":"https:\/\/agenciainfra.com\/blog\/reuniao-da-aneel-expoe-embate-entre-diretores-com-muita-discussao-e-pouca-deliberacao\/","url":"https:\/\/agenciainfra.com\/blog\/reuniao-da-aneel-expoe-embate-entre-diretores-com-muita-discussao-e-pouca-deliberacao\/","name":"Reuni\u00e3o da ANEEL exp\u00f5e embate entre diretores, com muita discuss\u00e3o e pouca delibera\u00e7\u00e3o - Ag\u00eancia iNFRA","isPartOf":{"@id":"https:\/\/agenciainfra.com\/blog\/#website"},"primaryImageOfPage":{"@id":"https:\/\/agenciainfra.com\/blog\/reuniao-da-aneel-expoe-embate-entre-diretores-com-muita-discussao-e-pouca-deliberacao\/#primaryimage"},"image":{"@id":"https:\/\/agenciainfra.com\/blog\/reuniao-da-aneel-expoe-embate-entre-diretores-com-muita-discussao-e-pouca-deliberacao\/#primaryimage"},"thumbnailUrl":"https:\/\/agenciainfra.com\/blog\/wp-content\/uploads\/2022\/05\/aneel-foto-aneel-e1764788022595.jpg","datePublished":"2023-12-06T12:00:00+00:00","dateModified":"2026-03-13T12:43:47+00:00","breadcrumb":{"@id":"https:\/\/agenciainfra.com\/blog\/reuniao-da-aneel-expoe-embate-entre-diretores-com-muita-discussao-e-pouca-deliberacao\/#breadcrumb"},"inLanguage":"pt-BR","potentialAction":[{"@type":"ReadAction","target":["https:\/\/agenciainfra.com\/blog\/reuniao-da-aneel-expoe-embate-entre-diretores-com-muita-discussao-e-pouca-deliberacao\/"]}]},{"@type":"ImageObject","inLanguage":"pt-BR","@id":"https:\/\/agenciainfra.com\/blog\/reuniao-da-aneel-expoe-embate-entre-diretores-com-muita-discussao-e-pouca-deliberacao\/#primaryimage","url":"https:\/\/agenciainfra.com\/blog\/wp-content\/uploads\/2022\/05\/aneel-foto-aneel-e1764788022595.jpg","contentUrl":"https:\/\/agenciainfra.com\/blog\/wp-content\/uploads\/2022\/05\/aneel-foto-aneel-e1764788022595.jpg","width":1280,"height":753,"caption":"Foto: ANEEL"},{"@type":"BreadcrumbList","@id":"https:\/\/agenciainfra.com\/blog\/reuniao-da-aneel-expoe-embate-entre-diretores-com-muita-discussao-e-pouca-deliberacao\/#breadcrumb","itemListElement":[{"@type":"ListItem","position":1,"name":"In\u00edcio","item":"https:\/\/agenciainfra.com\/blog\/"},{"@type":"ListItem","position":2,"name":"Reuni\u00e3o da ANEEL exp\u00f5e embate entre diretores, com muita discuss\u00e3o e pouca delibera\u00e7\u00e3o"}]},{"@type":"WebSite","@id":"https:\/\/agenciainfra.com\/blog\/#website","url":"https:\/\/agenciainfra.com\/blog\/","name":"Ag\u00eancia iNFRA","description":"Multiplataforma de informa\u00e7\u00e3o jornal\u00edstica refer\u00eancia na \u00e1rea de infraestrutura no Brasil!","publisher":{"@id":"https:\/\/agenciainfra.com\/blog\/#organization"},"potentialAction":[{"@type":"SearchAction","target":{"@type":"EntryPoint","urlTemplate":"https:\/\/agenciainfra.com\/blog\/?s={search_term_string}"},"query-input":{"@type":"PropertyValueSpecification","valueRequired":true,"valueName":"search_term_string"}}],"inLanguage":"pt-BR"},{"@type":"Organization","@id":"https:\/\/agenciainfra.com\/blog\/#organization","name":"Ag\u00eancia iNFRA","url":"https:\/\/agenciainfra.com\/blog\/","logo":{"@type":"ImageObject","inLanguage":"pt-BR","@id":"https:\/\/agenciainfra.com\/blog\/#\/schema\/logo\/image\/","url":"https:\/\/agenciainfra.com\/blog\/wp-content\/uploads\/2023\/09\/iNFRA_5-e1761735885940.png","contentUrl":"https:\/\/agenciainfra.com\/blog\/wp-content\/uploads\/2023\/09\/iNFRA_5-e1761735885940.png","width":1672,"height":454,"caption":"Ag\u00eancia iNFRA"},"image":{"@id":"https:\/\/agenciainfra.com\/blog\/#\/schema\/logo\/image\/"},"sameAs":["https:\/\/www.facebook.com\/ageninfra","https:\/\/x.com\/agencia_infra","https:\/\/www.linkedin.com\/company\/ag\u00eanciainfra\/","https:\/\/www.instagram.com\/agenciainfra\/"]},{"@type":"Person","@id":"https:\/\/agenciainfra.com\/blog\/#\/schema\/person\/34af08dff6adea4cb22b06612ba7acfa","name":"Ag\u00eancia iNFRA","image":{"@type":"ImageObject","inLanguage":"pt-BR","@id":"https:\/\/agenciainfra.com\/blog\/#\/schema\/person\/image\/","url":"https:\/\/secure.gravatar.com\/avatar\/d189e01678f06d8eb84d4e01f08eb848b3fffe3f8443818d3c356c66892f5be8?s=96&d=mm&r=g","contentUrl":"https:\/\/secure.gravatar.com\/avatar\/d189e01678f06d8eb84d4e01f08eb848b3fffe3f8443818d3c356c66892f5be8?s=96&d=mm&r=g","caption":"Ag\u00eancia iNFRA"},"url":"https:\/\/agenciainfra.com\/blog\/author\/admin\/"}]}},"_links":{"self":[{"href":"https:\/\/agenciainfra.com\/blog\/wp-json\/wp\/v2\/posts\/14976","targetHints":{"allow":["GET"]}}],"collection":[{"href":"https:\/\/agenciainfra.com\/blog\/wp-json\/wp\/v2\/posts"}],"about":[{"href":"https:\/\/agenciainfra.com\/blog\/wp-json\/wp\/v2\/types\/post"}],"author":[{"embeddable":true,"href":"https:\/\/agenciainfra.com\/blog\/wp-json\/wp\/v2\/users\/1"}],"replies":[{"embeddable":true,"href":"https:\/\/agenciainfra.com\/blog\/wp-json\/wp\/v2\/comments?post=14976"}],"version-history":[{"count":1,"href":"https:\/\/agenciainfra.com\/blog\/wp-json\/wp\/v2\/posts\/14976\/revisions"}],"predecessor-version":[{"id":15010,"href":"https:\/\/agenciainfra.com\/blog\/wp-json\/wp\/v2\/posts\/14976\/revisions\/15010"}],"wp:featuredmedia":[{"embeddable":true,"href":"https:\/\/agenciainfra.com\/blog\/wp-json\/wp\/v2\/media\/10310"}],"wp:attachment":[{"href":"https:\/\/agenciainfra.com\/blog\/wp-json\/wp\/v2\/media?parent=14976"}],"wp:term":[{"taxonomy":"category","embeddable":true,"href":"https:\/\/agenciainfra.com\/blog\/wp-json\/wp\/v2\/categories?post=14976"},{"taxonomy":"post_tag","embeddable":true,"href":"https:\/\/agenciainfra.com\/blog\/wp-json\/wp\/v2\/tags?post=14976"}],"curies":[{"name":"wp","href":"https:\/\/api.w.org\/{rel}","templated":true}]}}