{"id":14984,"date":"2023-12-06T11:00:00","date_gmt":"2023-12-06T14:00:00","guid":{"rendered":"https:\/\/www.agenciainfra.com\/blog\/?p=14984"},"modified":"2023-12-07T11:46:20","modified_gmt":"2023-12-07T14:46:20","slug":"a-importancia-da-imprensa-e-das-agencias-reguladoras-na-protecao-da-sociedade-um-breve-olhar-sobre-o-ambiente-de-negocios-da-infraestrutura-no-brasil","status":"publish","type":"post","link":"https:\/\/agenciainfra.com\/blog\/a-importancia-da-imprensa-e-das-agencias-reguladoras-na-protecao-da-sociedade-um-breve-olhar-sobre-o-ambiente-de-negocios-da-infraestrutura-no-brasil\/","title":{"rendered":"A import\u00e2ncia da imprensa e das ag\u00eancias reguladoras na prote\u00e7\u00e3o da sociedade: um breve olhar sobre o ambiente de neg\u00f3cios da infraestrutura no Brasil"},"content":{"rendered":"\n<p class=\"has-text-align-right\"><strong>Marcos Kleber R. Felix*<\/strong><\/p>\n\n\n\n<p>A frase &#8220;<em>tudo o que a imprensa publica que n\u00e3o incomoda algu\u00e9m, n\u00e3o \u00e9 jornalismo, mas um amontoado de papel<\/em>&#8221; \u00e9 frequentemente atribu\u00edda a George Orwell, renomado autor de &#8220;1984&#8221; e &#8220;A revolu\u00e7\u00e3o dos bichos&#8221;. Essa perspectiva cr\u00edtica pode ser estendida \u00e0s ag\u00eancias reguladoras: &#8220;<em>tudo o que as ag\u00eancias reguladoras decidirem que n\u00e3o incomodar algu\u00e9m, n\u00e3o \u00e9 verdadeira regula\u00e7\u00e3o, mas omiss\u00e3o<\/em>.&#8221;<\/p>\n\n\n\n<p>Estas institui\u00e7\u00f5es n\u00e3o existem para causar inc\u00f4modo gratuito, mas sim para proteger a sociedade contra os riscos de abusos, sejam eles oriundos de falhas governamentais ou do mercado. Nesse contexto, ao desempenharem eficazmente suas fun\u00e7\u00f5es, essas entidades inevitavelmente confrontam interesses poderosos, tornando-se verdadeiras fontes de inc\u00f4modo, o que \u00e9 ben\u00e9fico para a sociedade.<\/p>\n\n\n\n<p>A imprensa, quando livre, e as ag\u00eancias reguladoras, quando aut\u00f4nomas, n\u00e3o s\u00e3o antagonistas, mas sim aliados cruciais para mitigar as falhas tanto do setor p\u00fablico quanto do privado. Desempenhando um papel vital na preven\u00e7\u00e3o e corre\u00e7\u00e3o de abusos de poder, essas institui\u00e7\u00f5es promovem seguran\u00e7a, transpar\u00eancia e responsabilidade quando atuam como contrapesos independentes.<\/p>\n\n\n\n<p>Em uma na\u00e7\u00e3o que aspira \u00e0 democracia, restringir a liberdade da imprensa ou diminuir as compet\u00eancias das ag\u00eancias reguladoras \u00e9 il\u00f3gico. N\u00e3o raro, surgem not\u00edcias sobre o governo buscando resolver quest\u00f5es na justi\u00e7a em vez de recorrer \u00e0 ag\u00eancia competente. No Legislativo, vozes por vezes sugerem retirar compet\u00eancias de ag\u00eancias reguladoras naturais para transferi-las ao Executivo, que, por sua vez, busca avocar fun\u00e7\u00f5es para si mesmo, evitando lidar com ag\u00eancias independentes.<\/p>\n\n\n\n<p>Se o Legislativo possui descontentamentos com as ag\u00eancias reguladoras, a abordagem legal para tratar o assunto \u00e9 por meio do devido processo de aprova\u00e7\u00e3o de suas diretorias. Afinal, n\u00e3o \u00e9 o Senado Federal respons\u00e1vel pela aprova\u00e7\u00e3o dos membros desses \u00f3rg\u00e3os decis\u00f3rios?<\/p>\n\n\n\n<p>Quando o Executivo diverge da regula\u00e7\u00e3o de contratos p\u00fablicos, \u00e9 imperativo compreender que as ag\u00eancias n\u00e3o s\u00e3o entidades subservientes a este ou \u00e0quele governo, mas sim organismos do Estado brasileiro. Sua miss\u00e3o prec\u00edpua \u00e9 mediar os interesses conflitantes entre o governo, as empresas concession\u00e1rias de servi\u00e7os p\u00fablicos e os usu\u00e1rios, tudo isso com seguran\u00e7a jur\u00eddica, credibilidade e embasamento t\u00e9cnico. Em s\u00edntese, \u00e9 vital reconhecer que a imprensa e as ag\u00eancias reguladoras s\u00e3o pilares essenciais para a integridade e o bom funcionamento de uma sociedade democr\u00e1tica. Seus pap\u00e9is cr\u00edticos na fiscaliza\u00e7\u00e3o, informa\u00e7\u00e3o e prote\u00e7\u00e3o dos cidad\u00e3os contra abusos destacam a import\u00e2ncia de se preservar sua autonomia e fortalecer sua atua\u00e7\u00e3o, garantindo assim um ambiente mais transparente, justo e equitativo para todos os envolvidos na infraestrutura do Brasil.<\/p>\n\n\n\n<h6 class=\"wp-block-heading\" id=\"block-f323f59b-51bf-4eed-b17b-3c7d3b917007\"><strong><strong>*Marcos Kleber R. Felix \u00e9 mestre em Transportes.<\/strong><\/strong><\/h6>\n\n\n\n<h5 class=\"wp-block-heading\" id=\"block-5ef42db3-2ed1-4178-8ab5-7a7f312ba102\">As opini\u00f5es dos autores n\u00e3o refletem necessariamente o pensamento da Ag\u00eancia iNFRA, sendo de total responsabilidade do autor as informa\u00e7\u00f5es, ju\u00edzos de valor e conceitos descritos no texto.<\/h5>\n","protected":false},"excerpt":{"rendered":"<p>Marcos Kleber R. Felix* A frase &#8220;tudo o que a imprensa publica que n\u00e3o incomoda algu\u00e9m, n\u00e3o \u00e9 jornalismo, mas um amontoado de papel&#8221; \u00e9 frequentemente atribu\u00edda a George Orwell, renomado autor de &#8220;1984&#8221; e &#8220;A revolu\u00e7\u00e3o dos bichos&#8221;. Essa perspectiva cr\u00edtica pode ser estendida \u00e0s ag\u00eancias reguladoras: &#8220;tudo o que as ag\u00eancias reguladoras decidirem [&hellip;]<\/p>\n","protected":false},"author":1,"featured_media":14988,"comment_status":"closed","ping_status":"closed","sticky":false,"template":"","format":"standard","meta":{"_monsterinsights_skip_tracking":false,"_monsterinsights_sitenote_active":false,"_monsterinsights_sitenote_note":"","_monsterinsights_sitenote_category":0,"footnotes":""},"categories":[1,11],"tags":[46,2827,22,3988,7164,7832,7831,7830,2328,48,4354],"class_list":["post-14984","post","type-post","status-publish","format-standard","has-post-thumbnail","hentry","category-geral","category-infradebate","tag-agencias-reguladoras","tag-autonomia","tag-concessao","tag-contratos-publicos","tag-direito-administrativo","tag-george-orwell","tag-liberdade-de-imprensa","tag-marcos-kleber-r-felix","tag-mercado","tag-regulacao","tag-senado-federal"],"yoast_head":"<!-- This site is optimized with the Yoast SEO Premium plugin v25.4 (Yoast SEO v26.0) - https:\/\/yoast.com\/wordpress\/plugins\/seo\/ -->\n<title>A import\u00e2ncia da imprensa e das ag\u00eancias reguladoras na prote\u00e7\u00e3o da sociedade: um breve olhar sobre o ambiente de neg\u00f3cios da infraestrutura no Brasil - Ag\u00eancia iNFRA<\/title>\n<meta name=\"robots\" content=\"index, follow, max-snippet:-1, max-image-preview:large, max-video-preview:-1\" \/>\n<link rel=\"canonical\" href=\"https:\/\/agenciainfra.com\/blog\/a-importancia-da-imprensa-e-das-agencias-reguladoras-na-protecao-da-sociedade-um-breve-olhar-sobre-o-ambiente-de-negocios-da-infraestrutura-no-brasil\/\" \/>\n<meta property=\"og:locale\" content=\"pt_BR\" \/>\n<meta property=\"og:type\" content=\"article\" \/>\n<meta property=\"og:title\" content=\"A import\u00e2ncia da imprensa e das ag\u00eancias reguladoras na prote\u00e7\u00e3o da sociedade: um breve olhar sobre o ambiente de neg\u00f3cios da infraestrutura no Brasil\" \/>\n<meta property=\"og:description\" content=\"Marcos Kleber R. Felix* A frase &#8220;tudo o que a imprensa publica que n\u00e3o incomoda algu\u00e9m, n\u00e3o \u00e9 jornalismo, mas um amontoado de papel&#8221; \u00e9 frequentemente atribu\u00edda a George Orwell, renomado autor de &#8220;1984&#8221; e &#8220;A revolu\u00e7\u00e3o dos bichos&#8221;. Essa perspectiva cr\u00edtica pode ser estendida \u00e0s ag\u00eancias reguladoras: &#8220;tudo o que as ag\u00eancias reguladoras decidirem [&hellip;]\" \/>\n<meta property=\"og:url\" content=\"https:\/\/agenciainfra.com\/blog\/a-importancia-da-imprensa-e-das-agencias-reguladoras-na-protecao-da-sociedade-um-breve-olhar-sobre-o-ambiente-de-negocios-da-infraestrutura-no-brasil\/\" \/>\n<meta property=\"og:site_name\" content=\"Ag\u00eancia iNFRA\" \/>\n<meta property=\"article:publisher\" content=\"https:\/\/www.facebook.com\/ageninfra\" \/>\n<meta property=\"article:published_time\" content=\"2023-12-06T14:00:00+00:00\" \/>\n<meta property=\"article:modified_time\" content=\"2023-12-07T14:46:20+00:00\" \/>\n<meta property=\"og:image\" content=\"https:\/\/agenciainfra.com\/blog\/wp-content\/uploads\/2023\/12\/marcos-kleber-felix-foto-acervo-pessoal-2.jpg\" \/>\n\t<meta property=\"og:image:width\" content=\"2400\" \/>\n\t<meta property=\"og:image:height\" content=\"1600\" \/>\n\t<meta property=\"og:image:type\" content=\"image\/jpeg\" \/>\n<meta name=\"author\" content=\"Ag\u00eancia iNFRA\" \/>\n<meta name=\"twitter:card\" content=\"summary_large_image\" \/>\n<meta name=\"twitter:creator\" content=\"@agencia_infra\" \/>\n<meta name=\"twitter:site\" content=\"@agencia_infra\" \/>\n<meta name=\"twitter:label1\" content=\"Escrito por\" \/>\n\t<meta name=\"twitter:data1\" content=\"Ag\u00eancia iNFRA\" \/>\n\t<meta name=\"twitter:label2\" content=\"Est. tempo de leitura\" \/>\n\t<meta name=\"twitter:data2\" content=\"3 minutos\" \/>\n<script type=\"application\/ld+json\" class=\"yoast-schema-graph\">{\"@context\":\"https:\/\/schema.org\",\"@graph\":[{\"@type\":\"Article\",\"@id\":\"https:\/\/agenciainfra.com\/blog\/a-importancia-da-imprensa-e-das-agencias-reguladoras-na-protecao-da-sociedade-um-breve-olhar-sobre-o-ambiente-de-negocios-da-infraestrutura-no-brasil\/#article\",\"isPartOf\":{\"@id\":\"https:\/\/agenciainfra.com\/blog\/a-importancia-da-imprensa-e-das-agencias-reguladoras-na-protecao-da-sociedade-um-breve-olhar-sobre-o-ambiente-de-negocios-da-infraestrutura-no-brasil\/\"},\"author\":{\"name\":\"Ag\u00eancia iNFRA\",\"@id\":\"https:\/\/agenciainfra.com\/blog\/#\/schema\/person\/34af08dff6adea4cb22b06612ba7acfa\"},\"headline\":\"A import\u00e2ncia da imprensa e das ag\u00eancias reguladoras na prote\u00e7\u00e3o da sociedade: um breve olhar sobre o ambiente de neg\u00f3cios da infraestrutura no Brasil\",\"datePublished\":\"2023-12-06T14:00:00+00:00\",\"dateModified\":\"2023-12-07T14:46:20+00:00\",\"mainEntityOfPage\":{\"@id\":\"https:\/\/agenciainfra.com\/blog\/a-importancia-da-imprensa-e-das-agencias-reguladoras-na-protecao-da-sociedade-um-breve-olhar-sobre-o-ambiente-de-negocios-da-infraestrutura-no-brasil\/\"},\"wordCount\":538,\"publisher\":{\"@id\":\"https:\/\/agenciainfra.com\/blog\/#organization\"},\"image\":{\"@id\":\"https:\/\/agenciainfra.com\/blog\/a-importancia-da-imprensa-e-das-agencias-reguladoras-na-protecao-da-sociedade-um-breve-olhar-sobre-o-ambiente-de-negocios-da-infraestrutura-no-brasil\/#primaryimage\"},\"thumbnailUrl\":\"https:\/\/agenciainfra.com\/blog\/wp-content\/uploads\/2023\/12\/marcos-kleber-felix-foto-acervo-pessoal-2.jpg\",\"keywords\":[\"Ag\u00eancias Reguladoras\",\"autonomia\",\"Concess\u00e3o\",\"contratos p\u00fablicos\",\"Direito Administrativo\",\"George Orwell\",\"liberdade de imprensa\",\"Marcos Kleber R. Felix\",\"mercado\",\"Regula\u00e7\u00e3o\",\"Senado Federal\"],\"articleSection\":[\"Geral\",\"iNFRADebate\"],\"inLanguage\":\"pt-BR\",\"copyrightYear\":\"2023\",\"copyrightHolder\":{\"@id\":\"https:\/\/agenciainfra.com\/blog\/#organization\"}},{\"@type\":\"WebPage\",\"@id\":\"https:\/\/agenciainfra.com\/blog\/a-importancia-da-imprensa-e-das-agencias-reguladoras-na-protecao-da-sociedade-um-breve-olhar-sobre-o-ambiente-de-negocios-da-infraestrutura-no-brasil\/\",\"url\":\"https:\/\/agenciainfra.com\/blog\/a-importancia-da-imprensa-e-das-agencias-reguladoras-na-protecao-da-sociedade-um-breve-olhar-sobre-o-ambiente-de-negocios-da-infraestrutura-no-brasil\/\",\"name\":\"A import\u00e2ncia da imprensa e das ag\u00eancias reguladoras na prote\u00e7\u00e3o da sociedade: um breve olhar sobre o ambiente de neg\u00f3cios da infraestrutura no Brasil - Ag\u00eancia iNFRA\",\"isPartOf\":{\"@id\":\"https:\/\/agenciainfra.com\/blog\/#website\"},\"primaryImageOfPage\":{\"@id\":\"https:\/\/agenciainfra.com\/blog\/a-importancia-da-imprensa-e-das-agencias-reguladoras-na-protecao-da-sociedade-um-breve-olhar-sobre-o-ambiente-de-negocios-da-infraestrutura-no-brasil\/#primaryimage\"},\"image\":{\"@id\":\"https:\/\/agenciainfra.com\/blog\/a-importancia-da-imprensa-e-das-agencias-reguladoras-na-protecao-da-sociedade-um-breve-olhar-sobre-o-ambiente-de-negocios-da-infraestrutura-no-brasil\/#primaryimage\"},\"thumbnailUrl\":\"https:\/\/agenciainfra.com\/blog\/wp-content\/uploads\/2023\/12\/marcos-kleber-felix-foto-acervo-pessoal-2.jpg\",\"datePublished\":\"2023-12-06T14:00:00+00:00\",\"dateModified\":\"2023-12-07T14:46:20+00:00\",\"breadcrumb\":{\"@id\":\"https:\/\/agenciainfra.com\/blog\/a-importancia-da-imprensa-e-das-agencias-reguladoras-na-protecao-da-sociedade-um-breve-olhar-sobre-o-ambiente-de-negocios-da-infraestrutura-no-brasil\/#breadcrumb\"},\"inLanguage\":\"pt-BR\",\"potentialAction\":[{\"@type\":\"ReadAction\",\"target\":[\"https:\/\/agenciainfra.com\/blog\/a-importancia-da-imprensa-e-das-agencias-reguladoras-na-protecao-da-sociedade-um-breve-olhar-sobre-o-ambiente-de-negocios-da-infraestrutura-no-brasil\/\"]}]},{\"@type\":\"ImageObject\",\"inLanguage\":\"pt-BR\",\"@id\":\"https:\/\/agenciainfra.com\/blog\/a-importancia-da-imprensa-e-das-agencias-reguladoras-na-protecao-da-sociedade-um-breve-olhar-sobre-o-ambiente-de-negocios-da-infraestrutura-no-brasil\/#primaryimage\",\"url\":\"https:\/\/agenciainfra.com\/blog\/wp-content\/uploads\/2023\/12\/marcos-kleber-felix-foto-acervo-pessoal-2.jpg\",\"contentUrl\":\"https:\/\/agenciainfra.com\/blog\/wp-content\/uploads\/2023\/12\/marcos-kleber-felix-foto-acervo-pessoal-2.jpg\",\"width\":2400,\"height\":1600},{\"@type\":\"BreadcrumbList\",\"@id\":\"https:\/\/agenciainfra.com\/blog\/a-importancia-da-imprensa-e-das-agencias-reguladoras-na-protecao-da-sociedade-um-breve-olhar-sobre-o-ambiente-de-negocios-da-infraestrutura-no-brasil\/#breadcrumb\",\"itemListElement\":[{\"@type\":\"ListItem\",\"position\":1,\"name\":\"In\u00edcio\",\"item\":\"https:\/\/agenciainfra.com\/blog\/\"},{\"@type\":\"ListItem\",\"position\":2,\"name\":\"A import\u00e2ncia da imprensa e das ag\u00eancias reguladoras na prote\u00e7\u00e3o da sociedade: um breve olhar sobre o ambiente de neg\u00f3cios da infraestrutura no Brasil\"}]},{\"@type\":\"WebSite\",\"@id\":\"https:\/\/agenciainfra.com\/blog\/#website\",\"url\":\"https:\/\/agenciainfra.com\/blog\/\",\"name\":\"Ag\u00eancia iNFRA\",\"description\":\"Multiplataforma de informa\u00e7\u00e3o jornal\u00edstica refer\u00eancia na \u00e1rea de infraestrutura no Brasil!\",\"publisher\":{\"@id\":\"https:\/\/agenciainfra.com\/blog\/#organization\"},\"potentialAction\":[{\"@type\":\"SearchAction\",\"target\":{\"@type\":\"EntryPoint\",\"urlTemplate\":\"https:\/\/agenciainfra.com\/blog\/?s={search_term_string}\"},\"query-input\":{\"@type\":\"PropertyValueSpecification\",\"valueRequired\":true,\"valueName\":\"search_term_string\"}}],\"inLanguage\":\"pt-BR\"},{\"@type\":\"Organization\",\"@id\":\"https:\/\/agenciainfra.com\/blog\/#organization\",\"name\":\"Ag\u00eancia iNFRA\",\"url\":\"https:\/\/agenciainfra.com\/blog\/\",\"logo\":{\"@type\":\"ImageObject\",\"inLanguage\":\"pt-BR\",\"@id\":\"https:\/\/agenciainfra.com\/blog\/#\/schema\/logo\/image\/\",\"url\":\"https:\/\/agenciainfra.com\/blog\/wp-content\/uploads\/2023\/09\/iNFRA_5-e1761735885940.png\",\"contentUrl\":\"https:\/\/agenciainfra.com\/blog\/wp-content\/uploads\/2023\/09\/iNFRA_5-e1761735885940.png\",\"width\":1672,\"height\":454,\"caption\":\"Ag\u00eancia iNFRA\"},\"image\":{\"@id\":\"https:\/\/agenciainfra.com\/blog\/#\/schema\/logo\/image\/\"},\"sameAs\":[\"https:\/\/www.facebook.com\/ageninfra\",\"https:\/\/x.com\/agencia_infra\",\"https:\/\/www.linkedin.com\/company\/ag\u00eanciainfra\/\",\"https:\/\/www.instagram.com\/agenciainfra\/\"]},{\"@type\":\"Person\",\"@id\":\"https:\/\/agenciainfra.com\/blog\/#\/schema\/person\/34af08dff6adea4cb22b06612ba7acfa\",\"name\":\"Ag\u00eancia iNFRA\",\"image\":{\"@type\":\"ImageObject\",\"inLanguage\":\"pt-BR\",\"@id\":\"https:\/\/agenciainfra.com\/blog\/#\/schema\/person\/image\/\",\"url\":\"https:\/\/secure.gravatar.com\/avatar\/d189e01678f06d8eb84d4e01f08eb848b3fffe3f8443818d3c356c66892f5be8?s=96&d=mm&r=g\",\"contentUrl\":\"https:\/\/secure.gravatar.com\/avatar\/d189e01678f06d8eb84d4e01f08eb848b3fffe3f8443818d3c356c66892f5be8?s=96&d=mm&r=g\",\"caption\":\"Ag\u00eancia iNFRA\"},\"url\":\"https:\/\/agenciainfra.com\/blog\/author\/admin\/\"}]}<\/script>\n<!-- \/ Yoast SEO Premium plugin. -->","yoast_head_json":{"title":"A import\u00e2ncia da imprensa e das ag\u00eancias reguladoras na prote\u00e7\u00e3o da sociedade: um breve olhar sobre o ambiente de neg\u00f3cios da infraestrutura no Brasil - Ag\u00eancia iNFRA","robots":{"index":"index","follow":"follow","max-snippet":"max-snippet:-1","max-image-preview":"max-image-preview:large","max-video-preview":"max-video-preview:-1"},"canonical":"https:\/\/agenciainfra.com\/blog\/a-importancia-da-imprensa-e-das-agencias-reguladoras-na-protecao-da-sociedade-um-breve-olhar-sobre-o-ambiente-de-negocios-da-infraestrutura-no-brasil\/","og_locale":"pt_BR","og_type":"article","og_title":"A import\u00e2ncia da imprensa e das ag\u00eancias reguladoras na prote\u00e7\u00e3o da sociedade: um breve olhar sobre o ambiente de neg\u00f3cios da infraestrutura no Brasil","og_description":"Marcos Kleber R. Felix* A frase &#8220;tudo o que a imprensa publica que n\u00e3o incomoda algu\u00e9m, n\u00e3o \u00e9 jornalismo, mas um amontoado de papel&#8221; \u00e9 frequentemente atribu\u00edda a George Orwell, renomado autor de &#8220;1984&#8221; e &#8220;A revolu\u00e7\u00e3o dos bichos&#8221;. Essa perspectiva cr\u00edtica pode ser estendida \u00e0s ag\u00eancias reguladoras: &#8220;tudo o que as ag\u00eancias reguladoras decidirem [&hellip;]","og_url":"https:\/\/agenciainfra.com\/blog\/a-importancia-da-imprensa-e-das-agencias-reguladoras-na-protecao-da-sociedade-um-breve-olhar-sobre-o-ambiente-de-negocios-da-infraestrutura-no-brasil\/","og_site_name":"Ag\u00eancia iNFRA","article_publisher":"https:\/\/www.facebook.com\/ageninfra","article_published_time":"2023-12-06T14:00:00+00:00","article_modified_time":"2023-12-07T14:46:20+00:00","og_image":[{"width":2400,"height":1600,"url":"https:\/\/agenciainfra.com\/blog\/wp-content\/uploads\/2023\/12\/marcos-kleber-felix-foto-acervo-pessoal-2.jpg","type":"image\/jpeg"}],"author":"Ag\u00eancia iNFRA","twitter_card":"summary_large_image","twitter_creator":"@agencia_infra","twitter_site":"@agencia_infra","twitter_misc":{"Escrito por":"Ag\u00eancia iNFRA","Est. tempo de leitura":"3 minutos"},"schema":{"@context":"https:\/\/schema.org","@graph":[{"@type":"Article","@id":"https:\/\/agenciainfra.com\/blog\/a-importancia-da-imprensa-e-das-agencias-reguladoras-na-protecao-da-sociedade-um-breve-olhar-sobre-o-ambiente-de-negocios-da-infraestrutura-no-brasil\/#article","isPartOf":{"@id":"https:\/\/agenciainfra.com\/blog\/a-importancia-da-imprensa-e-das-agencias-reguladoras-na-protecao-da-sociedade-um-breve-olhar-sobre-o-ambiente-de-negocios-da-infraestrutura-no-brasil\/"},"author":{"name":"Ag\u00eancia iNFRA","@id":"https:\/\/agenciainfra.com\/blog\/#\/schema\/person\/34af08dff6adea4cb22b06612ba7acfa"},"headline":"A import\u00e2ncia da imprensa e das ag\u00eancias reguladoras na prote\u00e7\u00e3o da sociedade: um breve olhar sobre o ambiente de neg\u00f3cios da infraestrutura no Brasil","datePublished":"2023-12-06T14:00:00+00:00","dateModified":"2023-12-07T14:46:20+00:00","mainEntityOfPage":{"@id":"https:\/\/agenciainfra.com\/blog\/a-importancia-da-imprensa-e-das-agencias-reguladoras-na-protecao-da-sociedade-um-breve-olhar-sobre-o-ambiente-de-negocios-da-infraestrutura-no-brasil\/"},"wordCount":538,"publisher":{"@id":"https:\/\/agenciainfra.com\/blog\/#organization"},"image":{"@id":"https:\/\/agenciainfra.com\/blog\/a-importancia-da-imprensa-e-das-agencias-reguladoras-na-protecao-da-sociedade-um-breve-olhar-sobre-o-ambiente-de-negocios-da-infraestrutura-no-brasil\/#primaryimage"},"thumbnailUrl":"https:\/\/agenciainfra.com\/blog\/wp-content\/uploads\/2023\/12\/marcos-kleber-felix-foto-acervo-pessoal-2.jpg","keywords":["Ag\u00eancias Reguladoras","autonomia","Concess\u00e3o","contratos p\u00fablicos","Direito Administrativo","George Orwell","liberdade de imprensa","Marcos Kleber R. Felix","mercado","Regula\u00e7\u00e3o","Senado Federal"],"articleSection":["Geral","iNFRADebate"],"inLanguage":"pt-BR","copyrightYear":"2023","copyrightHolder":{"@id":"https:\/\/agenciainfra.com\/blog\/#organization"}},{"@type":"WebPage","@id":"https:\/\/agenciainfra.com\/blog\/a-importancia-da-imprensa-e-das-agencias-reguladoras-na-protecao-da-sociedade-um-breve-olhar-sobre-o-ambiente-de-negocios-da-infraestrutura-no-brasil\/","url":"https:\/\/agenciainfra.com\/blog\/a-importancia-da-imprensa-e-das-agencias-reguladoras-na-protecao-da-sociedade-um-breve-olhar-sobre-o-ambiente-de-negocios-da-infraestrutura-no-brasil\/","name":"A import\u00e2ncia da imprensa e das ag\u00eancias reguladoras na prote\u00e7\u00e3o da sociedade: um breve olhar sobre o ambiente de neg\u00f3cios da infraestrutura no Brasil - Ag\u00eancia iNFRA","isPartOf":{"@id":"https:\/\/agenciainfra.com\/blog\/#website"},"primaryImageOfPage":{"@id":"https:\/\/agenciainfra.com\/blog\/a-importancia-da-imprensa-e-das-agencias-reguladoras-na-protecao-da-sociedade-um-breve-olhar-sobre-o-ambiente-de-negocios-da-infraestrutura-no-brasil\/#primaryimage"},"image":{"@id":"https:\/\/agenciainfra.com\/blog\/a-importancia-da-imprensa-e-das-agencias-reguladoras-na-protecao-da-sociedade-um-breve-olhar-sobre-o-ambiente-de-negocios-da-infraestrutura-no-brasil\/#primaryimage"},"thumbnailUrl":"https:\/\/agenciainfra.com\/blog\/wp-content\/uploads\/2023\/12\/marcos-kleber-felix-foto-acervo-pessoal-2.jpg","datePublished":"2023-12-06T14:00:00+00:00","dateModified":"2023-12-07T14:46:20+00:00","breadcrumb":{"@id":"https:\/\/agenciainfra.com\/blog\/a-importancia-da-imprensa-e-das-agencias-reguladoras-na-protecao-da-sociedade-um-breve-olhar-sobre-o-ambiente-de-negocios-da-infraestrutura-no-brasil\/#breadcrumb"},"inLanguage":"pt-BR","potentialAction":[{"@type":"ReadAction","target":["https:\/\/agenciainfra.com\/blog\/a-importancia-da-imprensa-e-das-agencias-reguladoras-na-protecao-da-sociedade-um-breve-olhar-sobre-o-ambiente-de-negocios-da-infraestrutura-no-brasil\/"]}]},{"@type":"ImageObject","inLanguage":"pt-BR","@id":"https:\/\/agenciainfra.com\/blog\/a-importancia-da-imprensa-e-das-agencias-reguladoras-na-protecao-da-sociedade-um-breve-olhar-sobre-o-ambiente-de-negocios-da-infraestrutura-no-brasil\/#primaryimage","url":"https:\/\/agenciainfra.com\/blog\/wp-content\/uploads\/2023\/12\/marcos-kleber-felix-foto-acervo-pessoal-2.jpg","contentUrl":"https:\/\/agenciainfra.com\/blog\/wp-content\/uploads\/2023\/12\/marcos-kleber-felix-foto-acervo-pessoal-2.jpg","width":2400,"height":1600},{"@type":"BreadcrumbList","@id":"https:\/\/agenciainfra.com\/blog\/a-importancia-da-imprensa-e-das-agencias-reguladoras-na-protecao-da-sociedade-um-breve-olhar-sobre-o-ambiente-de-negocios-da-infraestrutura-no-brasil\/#breadcrumb","itemListElement":[{"@type":"ListItem","position":1,"name":"In\u00edcio","item":"https:\/\/agenciainfra.com\/blog\/"},{"@type":"ListItem","position":2,"name":"A import\u00e2ncia da imprensa e das ag\u00eancias reguladoras na prote\u00e7\u00e3o da sociedade: um breve olhar sobre o ambiente de neg\u00f3cios da infraestrutura no Brasil"}]},{"@type":"WebSite","@id":"https:\/\/agenciainfra.com\/blog\/#website","url":"https:\/\/agenciainfra.com\/blog\/","name":"Ag\u00eancia iNFRA","description":"Multiplataforma de informa\u00e7\u00e3o jornal\u00edstica refer\u00eancia na \u00e1rea de infraestrutura no Brasil!","publisher":{"@id":"https:\/\/agenciainfra.com\/blog\/#organization"},"potentialAction":[{"@type":"SearchAction","target":{"@type":"EntryPoint","urlTemplate":"https:\/\/agenciainfra.com\/blog\/?s={search_term_string}"},"query-input":{"@type":"PropertyValueSpecification","valueRequired":true,"valueName":"search_term_string"}}],"inLanguage":"pt-BR"},{"@type":"Organization","@id":"https:\/\/agenciainfra.com\/blog\/#organization","name":"Ag\u00eancia iNFRA","url":"https:\/\/agenciainfra.com\/blog\/","logo":{"@type":"ImageObject","inLanguage":"pt-BR","@id":"https:\/\/agenciainfra.com\/blog\/#\/schema\/logo\/image\/","url":"https:\/\/agenciainfra.com\/blog\/wp-content\/uploads\/2023\/09\/iNFRA_5-e1761735885940.png","contentUrl":"https:\/\/agenciainfra.com\/blog\/wp-content\/uploads\/2023\/09\/iNFRA_5-e1761735885940.png","width":1672,"height":454,"caption":"Ag\u00eancia iNFRA"},"image":{"@id":"https:\/\/agenciainfra.com\/blog\/#\/schema\/logo\/image\/"},"sameAs":["https:\/\/www.facebook.com\/ageninfra","https:\/\/x.com\/agencia_infra","https:\/\/www.linkedin.com\/company\/ag\u00eanciainfra\/","https:\/\/www.instagram.com\/agenciainfra\/"]},{"@type":"Person","@id":"https:\/\/agenciainfra.com\/blog\/#\/schema\/person\/34af08dff6adea4cb22b06612ba7acfa","name":"Ag\u00eancia iNFRA","image":{"@type":"ImageObject","inLanguage":"pt-BR","@id":"https:\/\/agenciainfra.com\/blog\/#\/schema\/person\/image\/","url":"https:\/\/secure.gravatar.com\/avatar\/d189e01678f06d8eb84d4e01f08eb848b3fffe3f8443818d3c356c66892f5be8?s=96&d=mm&r=g","contentUrl":"https:\/\/secure.gravatar.com\/avatar\/d189e01678f06d8eb84d4e01f08eb848b3fffe3f8443818d3c356c66892f5be8?s=96&d=mm&r=g","caption":"Ag\u00eancia iNFRA"},"url":"https:\/\/agenciainfra.com\/blog\/author\/admin\/"}]}},"_links":{"self":[{"href":"https:\/\/agenciainfra.com\/blog\/wp-json\/wp\/v2\/posts\/14984","targetHints":{"allow":["GET"]}}],"collection":[{"href":"https:\/\/agenciainfra.com\/blog\/wp-json\/wp\/v2\/posts"}],"about":[{"href":"https:\/\/agenciainfra.com\/blog\/wp-json\/wp\/v2\/types\/post"}],"author":[{"embeddable":true,"href":"https:\/\/agenciainfra.com\/blog\/wp-json\/wp\/v2\/users\/1"}],"replies":[{"embeddable":true,"href":"https:\/\/agenciainfra.com\/blog\/wp-json\/wp\/v2\/comments?post=14984"}],"version-history":[{"count":1,"href":"https:\/\/agenciainfra.com\/blog\/wp-json\/wp\/v2\/posts\/14984\/revisions"}],"predecessor-version":[{"id":15003,"href":"https:\/\/agenciainfra.com\/blog\/wp-json\/wp\/v2\/posts\/14984\/revisions\/15003"}],"wp:featuredmedia":[{"embeddable":true,"href":"https:\/\/agenciainfra.com\/blog\/wp-json\/wp\/v2\/media\/14988"}],"wp:attachment":[{"href":"https:\/\/agenciainfra.com\/blog\/wp-json\/wp\/v2\/media?parent=14984"}],"wp:term":[{"taxonomy":"category","embeddable":true,"href":"https:\/\/agenciainfra.com\/blog\/wp-json\/wp\/v2\/categories?post=14984"},{"taxonomy":"post_tag","embeddable":true,"href":"https:\/\/agenciainfra.com\/blog\/wp-json\/wp\/v2\/tags?post=14984"}],"curies":[{"name":"wp","href":"https:\/\/api.w.org\/{rel}","templated":true}]}}