{"id":15011,"date":"2023-12-08T09:00:00","date_gmt":"2023-12-08T12:00:00","guid":{"rendered":"https:\/\/www.agenciainfra.com\/blog\/?p=15011"},"modified":"2026-03-13T09:43:44","modified_gmt":"2026-03-13T12:43:44","slug":"acordo-com-a-rumo-diminui-duplicacoes-e-contornos-na-malha-paulista-e-veda-devolucao-de-ramais","status":"publish","type":"post","link":"https:\/\/agenciainfra.com\/blog\/acordo-com-a-rumo-diminui-duplicacoes-e-contornos-na-malha-paulista-e-veda-devolucao-de-ramais\/","title":{"rendered":"Acordo com a Rumo diminui duplica\u00e7\u00f5es e contornos na Malha Paulista e veda devolu\u00e7\u00e3o de ramais"},"content":{"rendered":"\n<p class=\"has-text-align-right\"><strong>Dimmi Amora&nbsp;e&nbsp;Jenifer Ribeiro, da Ag\u00eancia iNFRA<\/strong><\/p>\n\n\n\n<p>O&nbsp;acordo&nbsp;entre a&nbsp;Rumo, o Minist\u00e9rio dos Transportes&nbsp;e&nbsp;a ANTT (Ag\u00eancia Nacional de Transportes Terrestres) para a reprograma\u00e7\u00e3o de obras previstas&nbsp;na&nbsp;renova\u00e7\u00e3o antecipada da&nbsp;Malha&nbsp;Paulista&nbsp;de Ferrovias prev\u00ea diminuir as&nbsp;duplica\u00e7\u00f5es&nbsp;e&nbsp;contornos&nbsp;previstos para a ferrovia.<br><br>O&nbsp;acordo&nbsp;foi parcialmente fechado no TCU (Tribunal de Contas da Uni\u00e3o)&nbsp;na&nbsp;semana passada, ap\u00f3s quase um ano de negocia\u00e7\u00f5es. Falta concord\u00e2ncia entre as partes sobre novos termos que n\u00e3o t\u00eam rela\u00e7\u00e3o direta com essas altera\u00e7\u00f5es, sobre as quais h\u00e1 concord\u00e2ncia entre as partes, inclusive para o que foi vetado: a&nbsp;devolu\u00e7\u00e3o&nbsp;de trechos por parte da concession\u00e1ria.<br><br>A decis\u00e3o do tribunal, dispon\u00edvel&nbsp;<a href=\"https:\/\/agenciainfra.us14.list-manage.com\/track\/click?u=d460dd1bcf9ba0ae040e1fc0f&amp;id=2b151f37c9&amp;e=f0fa444791\" target=\"_blank\" rel=\"noreferrer noopener\">neste link<\/a>, prev\u00ea altera\u00e7\u00f5es contratuais nos seguintes pontos: troca de dormentes&nbsp;na&nbsp;linha tronco; troca de trilhos em&nbsp;ramais&nbsp;de baixo tr\u00e1fego; duplica\u00e7\u00e3o de trechos ferrovi\u00e1rios; sinaliza\u00e7\u00e3o&nbsp;e&nbsp;sistemas; mudan\u00e7as em&nbsp;contornos&nbsp;ferrovi\u00e1rios;&nbsp;e&nbsp;recupera\u00e7\u00e3o de&nbsp;ramais&nbsp;sem tr\u00e1fego.<br><br>De&nbsp;acordo&nbsp;com o voto do relator, o ministro Vital do R\u00eago, essas mudan\u00e7as afetam 20 dos 122 investimentos obrigat\u00f3rios previstos no termo aditivo que permitiu a renova\u00e7\u00e3o antecipada da&nbsp;Malha&nbsp;Paulista.<br><br>A previs\u00e3o inicial era de&nbsp;investimentos de R$ 1,72 bilh\u00e3o em amplia\u00e7\u00e3o de capacidade&nbsp;e&nbsp;R$ 1,014 bilh\u00e3o a serem aplicados para as solu\u00e7\u00f5es de conflitos urbanos. As mudan\u00e7as retiram cerca de R$ 500 milh\u00f5es dessas obriga\u00e7\u00f5es, mas esses n\u00fameros ainda ser\u00e3o revistos devido \u00e0 necessidade de novos projetos&nbsp;e&nbsp;c\u00e1lculos ap\u00f3s o&nbsp;acordo.<br><br>O voto do relator deixa claro que seria imposs\u00edvel \u00e0&nbsp;Rumo&nbsp;cumprir o contrato, assinado em 2020, sem adentrar sobre os motivos que fizeram a empresa n\u00e3o conseguir cumprir nem mesmo no primeiro ano de contrato as suas obriga\u00e7\u00f5es.<br><br>Como o contrato previa que descumprimentos em tr\u00eas anos seguidos levariam \u00e0 retomada pelo poder p\u00fablico, a comiss\u00e3o entendeu que isso geraria um conflito que poderia ser prevenido com o&nbsp;acordo. Esse, contudo, n\u00e3o foi o \u00fanico crit\u00e9rio de avalia\u00e7\u00e3o, que tamb\u00e9m focou&nbsp;na&nbsp;necessidade dos investimentos&nbsp;e&nbsp;na&nbsp;economicidade da troca.<br><br>\u201cN\u00e3o interessa ao poder p\u00fablico simplesmente substituir eventuais obras por valor de outorga, mas tamb\u00e9m n\u00e3o h\u00e1 razoabilidade em se executar solu\u00e7\u00f5es que n\u00e3o gerem valor ou sejam desnecess\u00e1rias naquele marco temporal espec\u00edfico apenas porque o caderno de encargos assim especificou tais solu\u00e7\u00f5es\u201d, escreveu o relator no TCU, ministro Vital do R\u00eago, em seu voto.<br><br><strong>Contorno ferrovi\u00e1rio<\/strong><br>As mudan\u00e7as de maior impacto s\u00e3o as que determinavam a constru\u00e7\u00e3o dos&nbsp;contornos&nbsp;ferrovi\u00e1rios Variante de Mirassol, em S\u00e3o Jos\u00e9 do Rio Preto&nbsp;e&nbsp;Cedral (SP),&nbsp;e&nbsp;Contorno de Catanduva (SP).<br><br>A&nbsp;Rumo&nbsp;alega que o contorno n\u00e3o seria uma solu\u00e7\u00e3o eficiente para afastar a ferrovia das \u00e1reas urbanas&nbsp;e&nbsp;que a experi\u00eancia mostra que o crescimento urbano acaba se aproximando novamente das linhas. As \u00e1reas escolhidas para os novos&nbsp;contornos&nbsp;j\u00e1 estariam com in\u00edcio de ocupa\u00e7\u00e3o urbana, segundo a empresa informou.<br><br>Na&nbsp;mesa de negocia\u00e7\u00e3o, ficou claro que seria imposs\u00edvel fazer os&nbsp;contornos&nbsp;nos prazos estipulados,&nbsp;e, sem a renegocia\u00e7\u00e3o, seria necess\u00e1rio aplicar a cl\u00e1usula resolutiva do contrato. Esse foi um dos motivos para a secretaria concordar com a mudan\u00e7a, evitando assim um conflito iminente no contrato.<br><br>Durante as discuss\u00f5es&nbsp;na&nbsp;Secex Consenso do TCU, foi acordado que, como substitui\u00e7\u00e3o dessas obriga\u00e7\u00f5es, ser\u00e3o feitas solu\u00e7\u00f5es integradas nas \u00e1reas por onde a ferrovia j\u00e1 passa atualmente, como forma de solucionar os conflitos urbanos. Essa solu\u00e7\u00e3o teria o aval da prefeitura de Catanduva, que n\u00e3o deseja o contorno,&nbsp;e&nbsp;a popula\u00e7\u00e3o local teria sido ouvida.<br><br>Pelo&nbsp;acordo, a&nbsp;Rumo&nbsp;ter\u00e1 dois anos para apresentar projetos executivos&nbsp;e&nbsp;novos or\u00e7amentos para os investimentos, que dever\u00e3o ser aprovados pela ANTT&nbsp;e&nbsp;executados at\u00e9 o ano oito. A ag\u00eancia reguladora tamb\u00e9m fica encarregada de definir o prazo para a conclus\u00e3o das interven\u00e7\u00f5es&nbsp;e&nbsp;o valor regulat\u00f3rio das obras, al\u00e9m de realizar o reequil\u00edbrio econ\u00f4mico-financeiro.<br><br>Originalmente, o valor das interven\u00e7\u00f5es de&nbsp;contornos&nbsp;ferrovi\u00e1rios chegaria a R$ 1,1 bilh\u00e3o, o que corresponde a 23% do investimento total&nbsp;na&nbsp;ferrovia previsto pela renova\u00e7\u00e3o. Somente esses dois projetos somavam R$ 670,6 milh\u00f5es. A estimativa \u00e9 que as solu\u00e7\u00f5es integradas diminuam esse valor para R$ 150 milh\u00f5es, mas isso depende dos projetos executivos.<br><br><strong>Duplica\u00e7\u00e3o da&nbsp;malha<\/strong><br>Outra obriga\u00e7\u00e3o retirada do contrato foi a necessidade de duplicar 11 trechos da&nbsp;Malha&nbsp;Paulista. S\u00f3 dois foram mantidos com necessidade de duplicar, como previsto em contrato. O desejo da&nbsp;Rumo&nbsp;de n\u00e3o duplicar toda a linha est\u00e1 presente desde o in\u00edcio do projeto, mas no&nbsp;acordo&nbsp;para a renova\u00e7\u00e3o o governo n\u00e3o permitiu essa mudan\u00e7a.<br><br>A comiss\u00e3o justificou a altera\u00e7\u00e3o desses investimentos usando como base um estudo de capacidade feito pela&nbsp;Rumo&nbsp;e&nbsp;revalidado pela ANTT, que mostra ser poss\u00edvel o \u00edndice de satura\u00e7\u00e3o da&nbsp;malha&nbsp;se manter menor que 90% at\u00e9 2058 com interven\u00e7\u00f5es mais simples que as&nbsp;duplica\u00e7\u00f5es&nbsp;previstas.<br><br>A Secex Consenso n\u00e3o considerou a duplica\u00e7\u00e3o invi\u00e1vel, mas entendeu a interven\u00e7\u00e3o como antiecon\u00f4mica. A proposta aprovada determina que no trecho entre Itirapina&nbsp;e&nbsp;Boa Vista Velha sejam substitu\u00eddas nove&nbsp;duplica\u00e7\u00f5es&nbsp;por 11 interven\u00e7\u00f5es.<br><br>Por sua vez, a duplica\u00e7\u00e3o entre Camaqu\u00e3&nbsp;e&nbsp;Rio Claro Novo, assim como entre Rio Claro Novo&nbsp;e&nbsp;Cordeir\u00f3polis, ser\u00e1 mantida. No trecho entre Conven\u00e7\u00e3o&nbsp;e&nbsp;Pirapitingui ser\u00e1 realizada mais uma obra de capacidade, que vai ser definida durante a elabora\u00e7\u00e3o de projeto executivo.<br><br>Outra pondera\u00e7\u00e3o do \u00f3rg\u00e3o foi para que a ANTT&nbsp;e&nbsp;o pr\u00f3prio TCU fiscalizem se a n\u00e3o duplica\u00e7\u00e3o da linha vai criar algum gargalo para o qual ser\u00e1 necess\u00e1rio acionar o gatilho de capacidade previsto no contrato (a concession\u00e1ria tem que ampliar por conta pr\u00f3pria a linha quando atinge 90% de capacidade). Essa altera\u00e7\u00e3o foi estimada em R$ 150 milh\u00f5es, mas ainda depender\u00e1 de novas avalia\u00e7\u00f5es.<br><br><strong>Controle<\/strong><br>Devido a essa altera\u00e7\u00e3o nas&nbsp;duplica\u00e7\u00f5es, a empresa tamb\u00e9m pediu para redimensionar o layout do projeto de implementa\u00e7\u00e3o do novo Controle Centralizado do Tr\u00e1fego alegando que com a mudan\u00e7a dos trechos duplicados h\u00e1 incompatibilidade entre a sinaliza\u00e7\u00e3o original&nbsp;e&nbsp;o novo plano para garantir que o n\u00edvel de satura\u00e7\u00e3o n\u00e3o seja atingido. A proposta foi acatada pela comiss\u00e3o.<br><br>Al\u00e9m disso, no contrato de renova\u00e7\u00e3o tamb\u00e9m ficou previsto que esse sistema de controle se estende a concession\u00e1rios com direito de passagem&nbsp;na&nbsp;malha.&nbsp;Na&nbsp;comiss\u00e3o, ficou acordado que essa obriga\u00e7\u00e3o ser\u00e1 retirada, tendo em vista que n\u00e3o cabe \u00e0 concession\u00e1ria arbitrar nas empresas que operam&nbsp;na&nbsp;malha&nbsp;por direito de passagem. Nesse item, foram mais R$ 58 milh\u00f5es de diferen\u00e7a.<br><br><strong>Moderniza\u00e7\u00e3o da&nbsp;malha<\/strong><br>Foi concedida tamb\u00e9m \u00e0 concession\u00e1ria a extens\u00e3o do prazo de quatro para oito anos para o cumprimento da obriga\u00e7\u00e3o de troca de dormentes da linha tronco da ferrovia, que vai de Aparecida do Taboado (MS) a Santos (SP).<br><br>A&nbsp;Rumo&nbsp;afirma que, por mais que seja poss\u00edvel finalizar a interven\u00e7\u00e3o em quatro anos, como determina o contrato, seria invi\u00e1vel manter a opera\u00e7\u00e3o dentro dos padr\u00f5es estimados&nbsp;na&nbsp;renova\u00e7\u00e3o com esse cronograma. Seria necess\u00e1rio reduzir o volume de cargas transportado.<br><br>A empresa j\u00e1 fez interven\u00e7\u00e3o para a troca de trilhos desse trecho, o que j\u00e1 permite operar em toda a linha com trens de 32,5 toneladas por eixo. Essa altera\u00e7\u00e3o resultou em um acr\u00e9scimo de R$ 83,8 milh\u00f5es em outorga a favor do governo pela extens\u00e3o de prazo, mas sem alterar o servi\u00e7o.<br><br><strong>Mudan\u00e7as nos&nbsp;ramais<\/strong><br>Nos&nbsp;ramais&nbsp;de Panorama&nbsp;e&nbsp;de Col\u00f4mbia, houve tamb\u00e9m mudan\u00e7a&nbsp;na&nbsp;implanta\u00e7\u00e3o dos trilhos&nbsp;e&nbsp;dormente. Apenas os trilhos de menor capacidade ser\u00e3o trocados dentro do prazo previsto no contrato, tr\u00eas anos para o ramal de Panorama&nbsp;e&nbsp;quatro para o de Col\u00f4mbia.<br><br>No entanto, foi determinado que se mant\u00e9m a obriga\u00e7\u00e3o contratual de troca de todos os trilhos at\u00e9 o ano 30 da renova\u00e7\u00e3o. A empresa alegou que o custo dos trilhos subiu. A comiss\u00e3o justificou a concord\u00e2ncia com o pedido, afirmando que a troca dos trilhos nos trechos definidos n\u00e3o atrairia mais demanda para os&nbsp;ramais. O c\u00e1lculo inicial de mudan\u00e7a desse item ficou em R$ 32,8 milh\u00f5es, sujeito a reavalia\u00e7\u00e3o.<br><br><strong>Recupera\u00e7\u00e3o de trechos<\/strong><br>O \u00fanico pedido recusado da proposta apresentada \u00e0 comiss\u00e3o foi o de n\u00e3o realizar a recupera\u00e7\u00e3o nos trechos entre Prad\u00f3polis&nbsp;e&nbsp;Col\u00f4mbia,&nbsp;e&nbsp;de Panorama a Bauru. Essa parte da&nbsp;malha&nbsp;est\u00e1 sem tr\u00e1fego&nbsp;e&nbsp;a&nbsp;Rumo&nbsp;tinha a inten\u00e7\u00e3o de devolver o ramal.<br><br>Na&nbsp;proposta original de renova\u00e7\u00e3o, levada a audi\u00eancia p\u00fablica em 2016, a&nbsp;Rumo&nbsp;j\u00e1 queria devolver esses&nbsp;ramais, mas houve press\u00e3o das comunidades locais&nbsp;e&nbsp;o governo n\u00e3o aceitou essas devolu\u00e7\u00f5es, mantendo os dois&nbsp;ramais&nbsp;no contrato renovado.<br><br>A comiss\u00e3o decidiu rejeitar as solicita\u00e7\u00f5es de&nbsp;devolu\u00e7\u00e3o&nbsp;e&nbsp;n\u00e3o acatou o pedido de eliminar a obriga\u00e7\u00e3o de implanta\u00e7\u00e3o do contorno de Barretos. A Secex Consenso alega que essas avalia\u00e7\u00f5es est\u00e3o fora do escopo de atua\u00e7\u00e3o da comiss\u00e3o&nbsp;e&nbsp;que a possibilidade de&nbsp;devolu\u00e7\u00e3o&nbsp;j\u00e1 havia sido analisada&nbsp;e&nbsp;rejeitada durante a discuss\u00e3o da renova\u00e7\u00e3o antecipada.<br><br>No entanto, dentro desse pedido, foram acatadas as solicita\u00e7\u00f5es de divis\u00e3o do ramal em dois segmentos, de estabelecimento de novo cronograma de investimentos, da exclus\u00e3o do trecho Pederneiras a Bauru do plano de moderniza\u00e7\u00e3o&nbsp;e&nbsp;da inclus\u00e3o do trecho no plano de recupera\u00e7\u00e3o de trechos.<\/p>\n","protected":false},"excerpt":{"rendered":"<p>Dimmi Amora&nbsp;e&nbsp;Jenifer Ribeiro, da Ag\u00eancia iNFRA O&nbsp;acordo&nbsp;entre a&nbsp;Rumo, o Minist\u00e9rio dos Transportes&nbsp;e&nbsp;a ANTT (Ag\u00eancia Nacional de Transportes Terrestres) para a reprograma\u00e7\u00e3o de obras previstas&nbsp;na&nbsp;renova\u00e7\u00e3o antecipada da&nbsp;Malha&nbsp;Paulista&nbsp;de Ferrovias prev\u00ea diminuir as&nbsp;duplica\u00e7\u00f5es&nbsp;e&nbsp;contornos&nbsp;previstos para a ferrovia. O&nbsp;acordo&nbsp;foi parcialmente fechado no TCU (Tribunal de Contas da Uni\u00e3o)&nbsp;na&nbsp;semana passada, ap\u00f3s quase um ano de negocia\u00e7\u00f5es. Falta concord\u00e2ncia entre as partes [&hellip;]<\/p>\n","protected":false},"author":1,"featured_media":4728,"comment_status":"closed","ping_status":"closed","sticky":false,"template":"","format":"standard","meta":{"_monsterinsights_skip_tracking":false,"_monsterinsights_sitenote_active":false,"_monsterinsights_sitenote_note":"","_monsterinsights_sitenote_category":0,"footnotes":""},"categories":[7250,1,7],"tags":[46,19,1299,7361,85,16,84,7839,80,18,1033],"class_list":["post-15011","post","type-post","status-publish","format-standard","has-post-thumbnail","hentry","category-destaque-lista","category-geral","category-infratransporte","tag-agencias-reguladoras","tag-antt","tag-dimmi-amora","tag-jenifer-ribeiro","tag-malha-paulista","tag-ministerio-dos-transportes","tag-renovacao-antecipada","tag-reprogramacao-de-obras","tag-rumo","tag-tcu","tag-transporte-ferroviario"],"yoast_head":"<!-- This site is optimized with the Yoast SEO Premium plugin v25.4 (Yoast SEO v26.0) - https:\/\/yoast.com\/wordpress\/plugins\/seo\/ -->\n<title>Acordo com a Rumo diminui duplica\u00e7\u00f5es e contornos na Malha Paulista e veda devolu\u00e7\u00e3o de ramais - Ag\u00eancia iNFRA<\/title>\n<meta name=\"robots\" content=\"index, follow, max-snippet:-1, max-image-preview:large, max-video-preview:-1\" \/>\n<link rel=\"canonical\" href=\"https:\/\/agenciainfra.com\/blog\/acordo-com-a-rumo-diminui-duplicacoes-e-contornos-na-malha-paulista-e-veda-devolucao-de-ramais\/\" \/>\n<meta property=\"og:locale\" content=\"pt_BR\" \/>\n<meta property=\"og:type\" content=\"article\" \/>\n<meta property=\"og:title\" content=\"Acordo com a Rumo diminui duplica\u00e7\u00f5es e contornos na Malha Paulista e veda devolu\u00e7\u00e3o de ramais\" \/>\n<meta property=\"og:description\" content=\"Dimmi Amora&nbsp;e&nbsp;Jenifer Ribeiro, da Ag\u00eancia iNFRA O&nbsp;acordo&nbsp;entre a&nbsp;Rumo, o Minist\u00e9rio dos Transportes&nbsp;e&nbsp;a ANTT (Ag\u00eancia Nacional de Transportes Terrestres) para a reprograma\u00e7\u00e3o de obras previstas&nbsp;na&nbsp;renova\u00e7\u00e3o antecipada da&nbsp;Malha&nbsp;Paulista&nbsp;de Ferrovias prev\u00ea diminuir as&nbsp;duplica\u00e7\u00f5es&nbsp;e&nbsp;contornos&nbsp;previstos para a ferrovia. O&nbsp;acordo&nbsp;foi parcialmente fechado no TCU (Tribunal de Contas da Uni\u00e3o)&nbsp;na&nbsp;semana passada, ap\u00f3s quase um ano de negocia\u00e7\u00f5es. Falta concord\u00e2ncia entre as partes [&hellip;]\" \/>\n<meta property=\"og:url\" content=\"https:\/\/agenciainfra.com\/blog\/acordo-com-a-rumo-diminui-duplicacoes-e-contornos-na-malha-paulista-e-veda-devolucao-de-ramais\/\" \/>\n<meta property=\"og:site_name\" content=\"Ag\u00eancia iNFRA\" \/>\n<meta property=\"article:publisher\" content=\"https:\/\/www.facebook.com\/ageninfra\" \/>\n<meta property=\"article:published_time\" content=\"2023-12-08T12:00:00+00:00\" \/>\n<meta property=\"article:modified_time\" content=\"2026-03-13T12:43:44+00:00\" \/>\n<meta property=\"og:image\" content=\"https:\/\/agenciainfra.com\/blog\/wp-content\/uploads\/2020\/04\/rumo-foto-fabiano-accorsi-divulgacao.jpg\" \/>\n\t<meta property=\"og:image:width\" content=\"868\" \/>\n\t<meta property=\"og:image:height\" content=\"644\" \/>\n\t<meta property=\"og:image:type\" content=\"image\/jpeg\" \/>\n<meta name=\"author\" content=\"Ag\u00eancia iNFRA\" \/>\n<meta name=\"twitter:card\" content=\"summary_large_image\" \/>\n<meta name=\"twitter:creator\" content=\"@agencia_infra\" \/>\n<meta name=\"twitter:site\" content=\"@agencia_infra\" \/>\n<meta name=\"twitter:label1\" content=\"Escrito por\" \/>\n\t<meta name=\"twitter:data1\" content=\"Ag\u00eancia iNFRA\" \/>\n\t<meta name=\"twitter:label2\" content=\"Est. tempo de leitura\" \/>\n\t<meta name=\"twitter:data2\" content=\"9 minutos\" \/>\n<script type=\"application\/ld+json\" class=\"yoast-schema-graph\">{\"@context\":\"https:\/\/schema.org\",\"@graph\":[{\"@type\":\"Article\",\"@id\":\"https:\/\/agenciainfra.com\/blog\/acordo-com-a-rumo-diminui-duplicacoes-e-contornos-na-malha-paulista-e-veda-devolucao-de-ramais\/#article\",\"isPartOf\":{\"@id\":\"https:\/\/agenciainfra.com\/blog\/acordo-com-a-rumo-diminui-duplicacoes-e-contornos-na-malha-paulista-e-veda-devolucao-de-ramais\/\"},\"author\":{\"name\":\"Ag\u00eancia iNFRA\",\"@id\":\"https:\/\/agenciainfra.com\/blog\/#\/schema\/person\/34af08dff6adea4cb22b06612ba7acfa\"},\"headline\":\"Acordo com a Rumo diminui duplica\u00e7\u00f5es e contornos na Malha Paulista e veda devolu\u00e7\u00e3o de ramais\",\"datePublished\":\"2023-12-08T12:00:00+00:00\",\"dateModified\":\"2026-03-13T12:43:44+00:00\",\"mainEntityOfPage\":{\"@id\":\"https:\/\/agenciainfra.com\/blog\/acordo-com-a-rumo-diminui-duplicacoes-e-contornos-na-malha-paulista-e-veda-devolucao-de-ramais\/\"},\"wordCount\":1875,\"publisher\":{\"@id\":\"https:\/\/agenciainfra.com\/blog\/#organization\"},\"image\":{\"@id\":\"https:\/\/agenciainfra.com\/blog\/acordo-com-a-rumo-diminui-duplicacoes-e-contornos-na-malha-paulista-e-veda-devolucao-de-ramais\/#primaryimage\"},\"thumbnailUrl\":\"https:\/\/agenciainfra.com\/blog\/wp-content\/uploads\/2020\/04\/rumo-foto-fabiano-accorsi-divulgacao.jpg\",\"keywords\":[\"Ag\u00eancias Reguladoras\",\"ANTT\",\"Dimmi Amora\",\"Jenifer Ribeiro\",\"Malha Paulista\",\"minist\u00e9rio dos transportes\",\"Renova\u00e7\u00e3o antecipada\",\"reprograma\u00e7\u00e3o de obras\",\"Rumo\",\"TCU\",\"transporte ferrovi\u00e1rio\"],\"articleSection\":[\"Destaque lista\",\"Geral\",\"iNFRATransporte\"],\"inLanguage\":\"pt-BR\",\"copyrightYear\":\"2023\",\"copyrightHolder\":{\"@id\":\"https:\/\/agenciainfra.com\/blog\/#organization\"}},{\"@type\":\"WebPage\",\"@id\":\"https:\/\/agenciainfra.com\/blog\/acordo-com-a-rumo-diminui-duplicacoes-e-contornos-na-malha-paulista-e-veda-devolucao-de-ramais\/\",\"url\":\"https:\/\/agenciainfra.com\/blog\/acordo-com-a-rumo-diminui-duplicacoes-e-contornos-na-malha-paulista-e-veda-devolucao-de-ramais\/\",\"name\":\"Acordo com a Rumo diminui duplica\u00e7\u00f5es e contornos na Malha Paulista e veda devolu\u00e7\u00e3o de ramais - Ag\u00eancia iNFRA\",\"isPartOf\":{\"@id\":\"https:\/\/agenciainfra.com\/blog\/#website\"},\"primaryImageOfPage\":{\"@id\":\"https:\/\/agenciainfra.com\/blog\/acordo-com-a-rumo-diminui-duplicacoes-e-contornos-na-malha-paulista-e-veda-devolucao-de-ramais\/#primaryimage\"},\"image\":{\"@id\":\"https:\/\/agenciainfra.com\/blog\/acordo-com-a-rumo-diminui-duplicacoes-e-contornos-na-malha-paulista-e-veda-devolucao-de-ramais\/#primaryimage\"},\"thumbnailUrl\":\"https:\/\/agenciainfra.com\/blog\/wp-content\/uploads\/2020\/04\/rumo-foto-fabiano-accorsi-divulgacao.jpg\",\"datePublished\":\"2023-12-08T12:00:00+00:00\",\"dateModified\":\"2026-03-13T12:43:44+00:00\",\"breadcrumb\":{\"@id\":\"https:\/\/agenciainfra.com\/blog\/acordo-com-a-rumo-diminui-duplicacoes-e-contornos-na-malha-paulista-e-veda-devolucao-de-ramais\/#breadcrumb\"},\"inLanguage\":\"pt-BR\",\"potentialAction\":[{\"@type\":\"ReadAction\",\"target\":[\"https:\/\/agenciainfra.com\/blog\/acordo-com-a-rumo-diminui-duplicacoes-e-contornos-na-malha-paulista-e-veda-devolucao-de-ramais\/\"]}]},{\"@type\":\"ImageObject\",\"inLanguage\":\"pt-BR\",\"@id\":\"https:\/\/agenciainfra.com\/blog\/acordo-com-a-rumo-diminui-duplicacoes-e-contornos-na-malha-paulista-e-veda-devolucao-de-ramais\/#primaryimage\",\"url\":\"https:\/\/agenciainfra.com\/blog\/wp-content\/uploads\/2020\/04\/rumo-foto-fabiano-accorsi-divulgacao.jpg\",\"contentUrl\":\"https:\/\/agenciainfra.com\/blog\/wp-content\/uploads\/2020\/04\/rumo-foto-fabiano-accorsi-divulgacao.jpg\",\"width\":868,\"height\":644},{\"@type\":\"BreadcrumbList\",\"@id\":\"https:\/\/agenciainfra.com\/blog\/acordo-com-a-rumo-diminui-duplicacoes-e-contornos-na-malha-paulista-e-veda-devolucao-de-ramais\/#breadcrumb\",\"itemListElement\":[{\"@type\":\"ListItem\",\"position\":1,\"name\":\"In\u00edcio\",\"item\":\"https:\/\/agenciainfra.com\/blog\/\"},{\"@type\":\"ListItem\",\"position\":2,\"name\":\"Acordo com a Rumo diminui duplica\u00e7\u00f5es e contornos na Malha Paulista e veda devolu\u00e7\u00e3o de ramais\"}]},{\"@type\":\"WebSite\",\"@id\":\"https:\/\/agenciainfra.com\/blog\/#website\",\"url\":\"https:\/\/agenciainfra.com\/blog\/\",\"name\":\"Ag\u00eancia iNFRA\",\"description\":\"Multiplataforma de informa\u00e7\u00e3o jornal\u00edstica refer\u00eancia na \u00e1rea de infraestrutura no Brasil!\",\"publisher\":{\"@id\":\"https:\/\/agenciainfra.com\/blog\/#organization\"},\"potentialAction\":[{\"@type\":\"SearchAction\",\"target\":{\"@type\":\"EntryPoint\",\"urlTemplate\":\"https:\/\/agenciainfra.com\/blog\/?s={search_term_string}\"},\"query-input\":{\"@type\":\"PropertyValueSpecification\",\"valueRequired\":true,\"valueName\":\"search_term_string\"}}],\"inLanguage\":\"pt-BR\"},{\"@type\":\"Organization\",\"@id\":\"https:\/\/agenciainfra.com\/blog\/#organization\",\"name\":\"Ag\u00eancia iNFRA\",\"url\":\"https:\/\/agenciainfra.com\/blog\/\",\"logo\":{\"@type\":\"ImageObject\",\"inLanguage\":\"pt-BR\",\"@id\":\"https:\/\/agenciainfra.com\/blog\/#\/schema\/logo\/image\/\",\"url\":\"https:\/\/agenciainfra.com\/blog\/wp-content\/uploads\/2023\/09\/iNFRA_5-e1761735885940.png\",\"contentUrl\":\"https:\/\/agenciainfra.com\/blog\/wp-content\/uploads\/2023\/09\/iNFRA_5-e1761735885940.png\",\"width\":1672,\"height\":454,\"caption\":\"Ag\u00eancia iNFRA\"},\"image\":{\"@id\":\"https:\/\/agenciainfra.com\/blog\/#\/schema\/logo\/image\/\"},\"sameAs\":[\"https:\/\/www.facebook.com\/ageninfra\",\"https:\/\/x.com\/agencia_infra\",\"https:\/\/www.linkedin.com\/company\/ag\u00eanciainfra\/\",\"https:\/\/www.instagram.com\/agenciainfra\/\"]},{\"@type\":\"Person\",\"@id\":\"https:\/\/agenciainfra.com\/blog\/#\/schema\/person\/34af08dff6adea4cb22b06612ba7acfa\",\"name\":\"Ag\u00eancia iNFRA\",\"image\":{\"@type\":\"ImageObject\",\"inLanguage\":\"pt-BR\",\"@id\":\"https:\/\/agenciainfra.com\/blog\/#\/schema\/person\/image\/\",\"url\":\"https:\/\/secure.gravatar.com\/avatar\/d189e01678f06d8eb84d4e01f08eb848b3fffe3f8443818d3c356c66892f5be8?s=96&d=mm&r=g\",\"contentUrl\":\"https:\/\/secure.gravatar.com\/avatar\/d189e01678f06d8eb84d4e01f08eb848b3fffe3f8443818d3c356c66892f5be8?s=96&d=mm&r=g\",\"caption\":\"Ag\u00eancia iNFRA\"},\"url\":\"https:\/\/agenciainfra.com\/blog\/author\/admin\/\"}]}<\/script>\n<!-- \/ Yoast SEO Premium plugin. -->","yoast_head_json":{"title":"Acordo com a Rumo diminui duplica\u00e7\u00f5es e contornos na Malha Paulista e veda devolu\u00e7\u00e3o de ramais - Ag\u00eancia iNFRA","robots":{"index":"index","follow":"follow","max-snippet":"max-snippet:-1","max-image-preview":"max-image-preview:large","max-video-preview":"max-video-preview:-1"},"canonical":"https:\/\/agenciainfra.com\/blog\/acordo-com-a-rumo-diminui-duplicacoes-e-contornos-na-malha-paulista-e-veda-devolucao-de-ramais\/","og_locale":"pt_BR","og_type":"article","og_title":"Acordo com a Rumo diminui duplica\u00e7\u00f5es e contornos na Malha Paulista e veda devolu\u00e7\u00e3o de ramais","og_description":"Dimmi Amora&nbsp;e&nbsp;Jenifer Ribeiro, da Ag\u00eancia iNFRA O&nbsp;acordo&nbsp;entre a&nbsp;Rumo, o Minist\u00e9rio dos Transportes&nbsp;e&nbsp;a ANTT (Ag\u00eancia Nacional de Transportes Terrestres) para a reprograma\u00e7\u00e3o de obras previstas&nbsp;na&nbsp;renova\u00e7\u00e3o antecipada da&nbsp;Malha&nbsp;Paulista&nbsp;de Ferrovias prev\u00ea diminuir as&nbsp;duplica\u00e7\u00f5es&nbsp;e&nbsp;contornos&nbsp;previstos para a ferrovia. O&nbsp;acordo&nbsp;foi parcialmente fechado no TCU (Tribunal de Contas da Uni\u00e3o)&nbsp;na&nbsp;semana passada, ap\u00f3s quase um ano de negocia\u00e7\u00f5es. Falta concord\u00e2ncia entre as partes [&hellip;]","og_url":"https:\/\/agenciainfra.com\/blog\/acordo-com-a-rumo-diminui-duplicacoes-e-contornos-na-malha-paulista-e-veda-devolucao-de-ramais\/","og_site_name":"Ag\u00eancia iNFRA","article_publisher":"https:\/\/www.facebook.com\/ageninfra","article_published_time":"2023-12-08T12:00:00+00:00","article_modified_time":"2026-03-13T12:43:44+00:00","og_image":[{"width":868,"height":644,"url":"https:\/\/agenciainfra.com\/blog\/wp-content\/uploads\/2020\/04\/rumo-foto-fabiano-accorsi-divulgacao.jpg","type":"image\/jpeg"}],"author":"Ag\u00eancia iNFRA","twitter_card":"summary_large_image","twitter_creator":"@agencia_infra","twitter_site":"@agencia_infra","twitter_misc":{"Escrito por":"Ag\u00eancia iNFRA","Est. tempo de leitura":"9 minutos"},"schema":{"@context":"https:\/\/schema.org","@graph":[{"@type":"Article","@id":"https:\/\/agenciainfra.com\/blog\/acordo-com-a-rumo-diminui-duplicacoes-e-contornos-na-malha-paulista-e-veda-devolucao-de-ramais\/#article","isPartOf":{"@id":"https:\/\/agenciainfra.com\/blog\/acordo-com-a-rumo-diminui-duplicacoes-e-contornos-na-malha-paulista-e-veda-devolucao-de-ramais\/"},"author":{"name":"Ag\u00eancia iNFRA","@id":"https:\/\/agenciainfra.com\/blog\/#\/schema\/person\/34af08dff6adea4cb22b06612ba7acfa"},"headline":"Acordo com a Rumo diminui duplica\u00e7\u00f5es e contornos na Malha Paulista e veda devolu\u00e7\u00e3o de ramais","datePublished":"2023-12-08T12:00:00+00:00","dateModified":"2026-03-13T12:43:44+00:00","mainEntityOfPage":{"@id":"https:\/\/agenciainfra.com\/blog\/acordo-com-a-rumo-diminui-duplicacoes-e-contornos-na-malha-paulista-e-veda-devolucao-de-ramais\/"},"wordCount":1875,"publisher":{"@id":"https:\/\/agenciainfra.com\/blog\/#organization"},"image":{"@id":"https:\/\/agenciainfra.com\/blog\/acordo-com-a-rumo-diminui-duplicacoes-e-contornos-na-malha-paulista-e-veda-devolucao-de-ramais\/#primaryimage"},"thumbnailUrl":"https:\/\/agenciainfra.com\/blog\/wp-content\/uploads\/2020\/04\/rumo-foto-fabiano-accorsi-divulgacao.jpg","keywords":["Ag\u00eancias Reguladoras","ANTT","Dimmi Amora","Jenifer Ribeiro","Malha Paulista","minist\u00e9rio dos transportes","Renova\u00e7\u00e3o antecipada","reprograma\u00e7\u00e3o de obras","Rumo","TCU","transporte ferrovi\u00e1rio"],"articleSection":["Destaque lista","Geral","iNFRATransporte"],"inLanguage":"pt-BR","copyrightYear":"2023","copyrightHolder":{"@id":"https:\/\/agenciainfra.com\/blog\/#organization"}},{"@type":"WebPage","@id":"https:\/\/agenciainfra.com\/blog\/acordo-com-a-rumo-diminui-duplicacoes-e-contornos-na-malha-paulista-e-veda-devolucao-de-ramais\/","url":"https:\/\/agenciainfra.com\/blog\/acordo-com-a-rumo-diminui-duplicacoes-e-contornos-na-malha-paulista-e-veda-devolucao-de-ramais\/","name":"Acordo com a Rumo diminui duplica\u00e7\u00f5es e contornos na Malha Paulista e veda devolu\u00e7\u00e3o de ramais - Ag\u00eancia iNFRA","isPartOf":{"@id":"https:\/\/agenciainfra.com\/blog\/#website"},"primaryImageOfPage":{"@id":"https:\/\/agenciainfra.com\/blog\/acordo-com-a-rumo-diminui-duplicacoes-e-contornos-na-malha-paulista-e-veda-devolucao-de-ramais\/#primaryimage"},"image":{"@id":"https:\/\/agenciainfra.com\/blog\/acordo-com-a-rumo-diminui-duplicacoes-e-contornos-na-malha-paulista-e-veda-devolucao-de-ramais\/#primaryimage"},"thumbnailUrl":"https:\/\/agenciainfra.com\/blog\/wp-content\/uploads\/2020\/04\/rumo-foto-fabiano-accorsi-divulgacao.jpg","datePublished":"2023-12-08T12:00:00+00:00","dateModified":"2026-03-13T12:43:44+00:00","breadcrumb":{"@id":"https:\/\/agenciainfra.com\/blog\/acordo-com-a-rumo-diminui-duplicacoes-e-contornos-na-malha-paulista-e-veda-devolucao-de-ramais\/#breadcrumb"},"inLanguage":"pt-BR","potentialAction":[{"@type":"ReadAction","target":["https:\/\/agenciainfra.com\/blog\/acordo-com-a-rumo-diminui-duplicacoes-e-contornos-na-malha-paulista-e-veda-devolucao-de-ramais\/"]}]},{"@type":"ImageObject","inLanguage":"pt-BR","@id":"https:\/\/agenciainfra.com\/blog\/acordo-com-a-rumo-diminui-duplicacoes-e-contornos-na-malha-paulista-e-veda-devolucao-de-ramais\/#primaryimage","url":"https:\/\/agenciainfra.com\/blog\/wp-content\/uploads\/2020\/04\/rumo-foto-fabiano-accorsi-divulgacao.jpg","contentUrl":"https:\/\/agenciainfra.com\/blog\/wp-content\/uploads\/2020\/04\/rumo-foto-fabiano-accorsi-divulgacao.jpg","width":868,"height":644},{"@type":"BreadcrumbList","@id":"https:\/\/agenciainfra.com\/blog\/acordo-com-a-rumo-diminui-duplicacoes-e-contornos-na-malha-paulista-e-veda-devolucao-de-ramais\/#breadcrumb","itemListElement":[{"@type":"ListItem","position":1,"name":"In\u00edcio","item":"https:\/\/agenciainfra.com\/blog\/"},{"@type":"ListItem","position":2,"name":"Acordo com a Rumo diminui duplica\u00e7\u00f5es e contornos na Malha Paulista e veda devolu\u00e7\u00e3o de ramais"}]},{"@type":"WebSite","@id":"https:\/\/agenciainfra.com\/blog\/#website","url":"https:\/\/agenciainfra.com\/blog\/","name":"Ag\u00eancia iNFRA","description":"Multiplataforma de informa\u00e7\u00e3o jornal\u00edstica refer\u00eancia na \u00e1rea de infraestrutura no Brasil!","publisher":{"@id":"https:\/\/agenciainfra.com\/blog\/#organization"},"potentialAction":[{"@type":"SearchAction","target":{"@type":"EntryPoint","urlTemplate":"https:\/\/agenciainfra.com\/blog\/?s={search_term_string}"},"query-input":{"@type":"PropertyValueSpecification","valueRequired":true,"valueName":"search_term_string"}}],"inLanguage":"pt-BR"},{"@type":"Organization","@id":"https:\/\/agenciainfra.com\/blog\/#organization","name":"Ag\u00eancia iNFRA","url":"https:\/\/agenciainfra.com\/blog\/","logo":{"@type":"ImageObject","inLanguage":"pt-BR","@id":"https:\/\/agenciainfra.com\/blog\/#\/schema\/logo\/image\/","url":"https:\/\/agenciainfra.com\/blog\/wp-content\/uploads\/2023\/09\/iNFRA_5-e1761735885940.png","contentUrl":"https:\/\/agenciainfra.com\/blog\/wp-content\/uploads\/2023\/09\/iNFRA_5-e1761735885940.png","width":1672,"height":454,"caption":"Ag\u00eancia iNFRA"},"image":{"@id":"https:\/\/agenciainfra.com\/blog\/#\/schema\/logo\/image\/"},"sameAs":["https:\/\/www.facebook.com\/ageninfra","https:\/\/x.com\/agencia_infra","https:\/\/www.linkedin.com\/company\/ag\u00eanciainfra\/","https:\/\/www.instagram.com\/agenciainfra\/"]},{"@type":"Person","@id":"https:\/\/agenciainfra.com\/blog\/#\/schema\/person\/34af08dff6adea4cb22b06612ba7acfa","name":"Ag\u00eancia iNFRA","image":{"@type":"ImageObject","inLanguage":"pt-BR","@id":"https:\/\/agenciainfra.com\/blog\/#\/schema\/person\/image\/","url":"https:\/\/secure.gravatar.com\/avatar\/d189e01678f06d8eb84d4e01f08eb848b3fffe3f8443818d3c356c66892f5be8?s=96&d=mm&r=g","contentUrl":"https:\/\/secure.gravatar.com\/avatar\/d189e01678f06d8eb84d4e01f08eb848b3fffe3f8443818d3c356c66892f5be8?s=96&d=mm&r=g","caption":"Ag\u00eancia iNFRA"},"url":"https:\/\/agenciainfra.com\/blog\/author\/admin\/"}]}},"_links":{"self":[{"href":"https:\/\/agenciainfra.com\/blog\/wp-json\/wp\/v2\/posts\/15011","targetHints":{"allow":["GET"]}}],"collection":[{"href":"https:\/\/agenciainfra.com\/blog\/wp-json\/wp\/v2\/posts"}],"about":[{"href":"https:\/\/agenciainfra.com\/blog\/wp-json\/wp\/v2\/types\/post"}],"author":[{"embeddable":true,"href":"https:\/\/agenciainfra.com\/blog\/wp-json\/wp\/v2\/users\/1"}],"replies":[{"embeddable":true,"href":"https:\/\/agenciainfra.com\/blog\/wp-json\/wp\/v2\/comments?post=15011"}],"version-history":[{"count":1,"href":"https:\/\/agenciainfra.com\/blog\/wp-json\/wp\/v2\/posts\/15011\/revisions"}],"predecessor-version":[{"id":15012,"href":"https:\/\/agenciainfra.com\/blog\/wp-json\/wp\/v2\/posts\/15011\/revisions\/15012"}],"wp:featuredmedia":[{"embeddable":true,"href":"https:\/\/agenciainfra.com\/blog\/wp-json\/wp\/v2\/media\/4728"}],"wp:attachment":[{"href":"https:\/\/agenciainfra.com\/blog\/wp-json\/wp\/v2\/media?parent=15011"}],"wp:term":[{"taxonomy":"category","embeddable":true,"href":"https:\/\/agenciainfra.com\/blog\/wp-json\/wp\/v2\/categories?post=15011"},{"taxonomy":"post_tag","embeddable":true,"href":"https:\/\/agenciainfra.com\/blog\/wp-json\/wp\/v2\/tags?post=15011"}],"curies":[{"name":"wp","href":"https:\/\/api.w.org\/{rel}","templated":true}]}}