{"id":15019,"date":"2023-12-08T10:00:00","date_gmt":"2023-12-08T13:00:00","guid":{"rendered":"https:\/\/www.agenciainfra.com\/blog\/?p=15019"},"modified":"2023-12-11T13:30:56","modified_gmt":"2023-12-11T16:30:56","slug":"moveinfra-2023-debate-estrategias-inovadoras-para-o-financiamento-sustentavel-em-infraestrutura","status":"publish","type":"post","link":"https:\/\/agenciainfra.com\/blog\/moveinfra-2023-debate-estrategias-inovadoras-para-o-financiamento-sustentavel-em-infraestrutura\/","title":{"rendered":"MoveInfra 2023 debate estrat\u00e9gias inovadoras para o financiamento sustent\u00e1vel em infraestrutura"},"content":{"rendered":"\n<p class=\"has-text-align-right\"><strong>da Ag\u00eancia iNFRA<\/strong><\/p>\n\n\n\n<p>Como garantir recursos&nbsp;para&nbsp;o&nbsp;salto de investimentos&nbsp;em&nbsp;infraestrutura&nbsp;que&nbsp;o&nbsp;Brasil precisa dar?&nbsp;Em&nbsp;menos de uma semana, l\u00edderes governamentais e renomados especialistas do setor re\u00fanem-se&nbsp;em&nbsp;um dos maiores eventos de&nbsp;infraestrutura&nbsp;do pa\u00eds&nbsp;para&nbsp;debater solu\u00e7\u00f5es de&nbsp;financiamento&nbsp;para&nbsp;investimentos&nbsp;em&nbsp;concess\u00f5es, e a possibilidade de utiliza\u00e7\u00e3o&nbsp;de recursos de bancos de fomento&nbsp;para&nbsp;iniciativas de descarboniza\u00e7\u00e3o&nbsp;e obras de adapta\u00e7\u00e3o&nbsp;clim\u00e1tica.<br><br>O&nbsp;encontro, programado&nbsp;para&nbsp;o&nbsp;dia 14 de dezembro, no B Hotel,&nbsp;em&nbsp;Bras\u00edlia (DF), faz parte do evento \u201cInfraestrutura: Caminhos&nbsp;para&nbsp;transi\u00e7\u00e3o&nbsp;sustent\u00e1vel\u201d, promovido pelo&nbsp;MoveInfra. Um dos nomes j\u00e1 confirmados \u00e9&nbsp;o&nbsp;do&nbsp;ministro de Portos e Aeroportos, Silvio Costa Filho.<br><br><strong>\u00daltimas vagas<\/strong><br>&nbsp;A&nbsp;<strong>Ag\u00eancia iNFRA<\/strong>&nbsp;ser\u00e1 parceira oficial do evento, produzindo conte\u00fado e divulgando as principais informa\u00e7\u00f5es sobre&nbsp;o&nbsp;encontro. As inscri\u00e7\u00f5es, que s\u00e3o&nbsp;gratuitas, podem ser feitas&nbsp;<a href=\"https:\/\/agenciainfra.us14.list-manage.com\/track\/click?u=d460dd1bcf9ba0ae040e1fc0f&amp;id=2ccd0a595f&amp;e=f0fa444791\" target=\"_blank\" rel=\"noreferrer noopener\">neste link<\/a>.&nbsp; Devido ao n\u00famero limite de participantes, as vagas devem se encerrar a qualquer momento.<br><br>No painel 3 \u2013 \u201cFinanciamento&nbsp;e&nbsp;Infraestrutura\u201d \u2013, que acontece a partir das 14h30, ser\u00e1 abordado um dos desafios cruciais que permeiam os investimentos:&nbsp;o&nbsp;financiamento&nbsp;em&nbsp;um cen\u00e1rio marcado por taxas de juros elevadas, buscando assim compreender&nbsp;estrat\u00e9gias&nbsp;inovadoras&nbsp;e vi\u00e1veis&nbsp;para&nbsp;enfrentar essa realidade e impulsionar&nbsp;o&nbsp;progresso.<br><br>O&nbsp;CEO da Ultracargo e painelista do evento, D\u00e9cio Amaral, explica que&nbsp;o&nbsp;cen\u00e1rio econ\u00f4mico \u00e9 din\u00e2mico e influenciado por fatores como pol\u00edticas monet\u00e1rias, condi\u00e7\u00f5es macroecon\u00f4micas e eventos globais que afetam diretamente as taxas de juros e, consequentemente,&nbsp;o&nbsp;ambiente de investimento. Portanto, Amaral ressalta a necessidade de planejamentos a longo prazo como estrat\u00e9gia.<br><br>\u201cNa Ultracargo, trabalhamos com projetos de longo prazo, olhamos um cen\u00e1rio mais amplo. A nossa estrat\u00e9gia de crescimento n\u00e3o&nbsp;muda, ent\u00e3o&nbsp;precisamos adaptar nossas capta\u00e7\u00f5es de recursos conforme as condi\u00e7\u00f5es econ\u00f4micas evoluem. Com a Selic alta, os custos de capta\u00e7\u00e3o&nbsp;de recursos tornam-se mais elevados, impactando diretamente&nbsp;o&nbsp;nosso custo de capital e, portanto, tendemos a ser mais seletivos e criteriosos ao avaliar novos projetos. Isso pode resultar na inviabiliza\u00e7\u00e3o&nbsp;ou posterga\u00e7\u00e3o&nbsp;de importantes investimentos&nbsp;para&nbsp;o&nbsp;pa\u00eds\u201d, disse.<br><br><strong>Sustentabilidade<\/strong><br>Al\u00e9m disso,&nbsp;para&nbsp;garantir recursos que promovam iniciativas rumo \u00e0 sustentabilidade, \u00e9 necess\u00e1rio diversificar as fontes de&nbsp;financiamento, afirma&nbsp;o&nbsp;chefe-executivo da companhia.<br><br>Nesse sentido,&nbsp;o&nbsp;CEO da EcoRodovias, Marcello Guidotti, acrescenta que a taxa de juros no momento da tomada de decis\u00e3o&nbsp;para&nbsp;estrutura\u00e7\u00e3o&nbsp;dos projetos \u00e9 uma informa\u00e7\u00e3o&nbsp;fundamental a ser levada&nbsp;em&nbsp;considera\u00e7\u00e3o. No entanto,&nbsp;o&nbsp;custo de&nbsp;financiamento&nbsp;e os juros n\u00e3o&nbsp;s\u00e3o&nbsp;as \u00fanicas vari\u00e1veis a serem consideradas.<br><br>\u201c\u00c9 preciso analisar diversos fatores do projeto, incluindo a qualidade de suas premissas, a correta aloca\u00e7\u00e3o&nbsp;dos riscos, a consist\u00eancia do ambiente regulat\u00f3rio, os impactos sociais e ambientais a longo prazo e, finalmente, a sua taxa de retorno, considerando&nbsp;o&nbsp;cen\u00e1rio macroecon\u00f4mico\u201d, ressalta.<\/p>\n","protected":false},"excerpt":{"rendered":"<p>da Ag\u00eancia iNFRA Como garantir recursos&nbsp;para&nbsp;o&nbsp;salto de investimentos&nbsp;em&nbsp;infraestrutura&nbsp;que&nbsp;o&nbsp;Brasil precisa dar?&nbsp;Em&nbsp;menos de uma semana, l\u00edderes governamentais e renomados especialistas do setor re\u00fanem-se&nbsp;em&nbsp;um dos maiores eventos de&nbsp;infraestrutura&nbsp;do pa\u00eds&nbsp;para&nbsp;debater solu\u00e7\u00f5es de&nbsp;financiamento&nbsp;para&nbsp;investimentos&nbsp;em&nbsp;concess\u00f5es, e a possibilidade de utiliza\u00e7\u00e3o&nbsp;de recursos de bancos de fomento&nbsp;para&nbsp;iniciativas de descarboniza\u00e7\u00e3o&nbsp;e obras de adapta\u00e7\u00e3o&nbsp;clim\u00e1tica. O&nbsp;encontro, programado&nbsp;para&nbsp;o&nbsp;dia 14 de dezembro, no B Hotel,&nbsp;em&nbsp;Bras\u00edlia (DF), faz parte do [&hellip;]<\/p>\n","protected":false},"author":1,"featured_media":10869,"comment_status":"closed","ping_status":"closed","sticky":false,"template":"","format":"standard","meta":{"_monsterinsights_skip_tracking":false,"_monsterinsights_sitenote_active":false,"_monsterinsights_sitenote_note":"","_monsterinsights_sitenote_category":0,"footnotes":""},"categories":[1,2053],"tags":[7851,3361,1340,278,7849,7850,7738,6686,7467,7768,6135],"class_list":["post-15019","post","type-post","status-publish","format-standard","has-post-thumbnail","hentry","category-geral","category-infraliveventos","tag-decio-amaral","tag-descarbonizacao","tag-ecorodovias","tag-evento","tag-financiamento-sustentavel","tag-inscricoes","tag-moveinfra-2023","tag-selic","tag-silvio-costa-filho","tag-transicao-sustentavel","tag-ultracargo"],"yoast_head":"<!-- This site is optimized with the Yoast SEO Premium plugin v25.4 (Yoast SEO v26.0) - https:\/\/yoast.com\/wordpress\/plugins\/seo\/ -->\n<title>MoveInfra 2023 debate estrat\u00e9gias inovadoras para o financiamento sustent\u00e1vel em infraestrutura - Ag\u00eancia iNFRA<\/title>\n<meta name=\"robots\" content=\"index, follow, max-snippet:-1, max-image-preview:large, max-video-preview:-1\" \/>\n<link rel=\"canonical\" href=\"https:\/\/agenciainfra.com\/blog\/moveinfra-2023-debate-estrategias-inovadoras-para-o-financiamento-sustentavel-em-infraestrutura\/\" \/>\n<meta property=\"og:locale\" content=\"pt_BR\" \/>\n<meta property=\"og:type\" content=\"article\" \/>\n<meta property=\"og:title\" content=\"MoveInfra 2023 debate estrat\u00e9gias inovadoras para o financiamento sustent\u00e1vel em infraestrutura\" \/>\n<meta property=\"og:description\" content=\"da Ag\u00eancia iNFRA Como garantir recursos&nbsp;para&nbsp;o&nbsp;salto de investimentos&nbsp;em&nbsp;infraestrutura&nbsp;que&nbsp;o&nbsp;Brasil precisa dar?&nbsp;Em&nbsp;menos de uma semana, l\u00edderes governamentais e renomados especialistas do setor re\u00fanem-se&nbsp;em&nbsp;um dos maiores eventos de&nbsp;infraestrutura&nbsp;do pa\u00eds&nbsp;para&nbsp;debater solu\u00e7\u00f5es de&nbsp;financiamento&nbsp;para&nbsp;investimentos&nbsp;em&nbsp;concess\u00f5es, e a possibilidade de utiliza\u00e7\u00e3o&nbsp;de recursos de bancos de fomento&nbsp;para&nbsp;iniciativas de descarboniza\u00e7\u00e3o&nbsp;e obras de adapta\u00e7\u00e3o&nbsp;clim\u00e1tica. O&nbsp;encontro, programado&nbsp;para&nbsp;o&nbsp;dia 14 de dezembro, no B Hotel,&nbsp;em&nbsp;Bras\u00edlia (DF), faz parte do [&hellip;]\" \/>\n<meta property=\"og:url\" content=\"https:\/\/agenciainfra.com\/blog\/moveinfra-2023-debate-estrategias-inovadoras-para-o-financiamento-sustentavel-em-infraestrutura\/\" \/>\n<meta property=\"og:site_name\" content=\"Ag\u00eancia iNFRA\" \/>\n<meta property=\"article:publisher\" content=\"https:\/\/www.facebook.com\/ageninfra\" \/>\n<meta property=\"article:published_time\" content=\"2023-12-08T13:00:00+00:00\" \/>\n<meta property=\"article:modified_time\" content=\"2023-12-11T16:30:56+00:00\" \/>\n<meta property=\"og:image\" content=\"https:\/\/agenciainfra.com\/blog\/wp-content\/uploads\/2022\/07\/infraestrutura-foto-dominio-publico.jpeg\" \/>\n\t<meta property=\"og:image:width\" content=\"1280\" \/>\n\t<meta property=\"og:image:height\" content=\"750\" \/>\n\t<meta property=\"og:image:type\" content=\"image\/jpeg\" \/>\n<meta name=\"author\" content=\"Ag\u00eancia iNFRA\" \/>\n<meta name=\"twitter:card\" content=\"summary_large_image\" \/>\n<meta name=\"twitter:creator\" content=\"@agencia_infra\" \/>\n<meta name=\"twitter:site\" content=\"@agencia_infra\" \/>\n<meta name=\"twitter:label1\" content=\"Escrito por\" \/>\n\t<meta name=\"twitter:data1\" content=\"Ag\u00eancia iNFRA\" \/>\n\t<meta name=\"twitter:label2\" content=\"Est. tempo de leitura\" \/>\n\t<meta name=\"twitter:data2\" content=\"3 minutos\" \/>\n<script type=\"application\/ld+json\" class=\"yoast-schema-graph\">{\"@context\":\"https:\/\/schema.org\",\"@graph\":[{\"@type\":\"Article\",\"@id\":\"https:\/\/agenciainfra.com\/blog\/moveinfra-2023-debate-estrategias-inovadoras-para-o-financiamento-sustentavel-em-infraestrutura\/#article\",\"isPartOf\":{\"@id\":\"https:\/\/agenciainfra.com\/blog\/moveinfra-2023-debate-estrategias-inovadoras-para-o-financiamento-sustentavel-em-infraestrutura\/\"},\"author\":{\"name\":\"Ag\u00eancia iNFRA\",\"@id\":\"https:\/\/agenciainfra.com\/blog\/#\/schema\/person\/34af08dff6adea4cb22b06612ba7acfa\"},\"headline\":\"MoveInfra 2023 debate estrat\u00e9gias inovadoras para o financiamento sustent\u00e1vel em infraestrutura\",\"datePublished\":\"2023-12-08T13:00:00+00:00\",\"dateModified\":\"2023-12-11T16:30:56+00:00\",\"mainEntityOfPage\":{\"@id\":\"https:\/\/agenciainfra.com\/blog\/moveinfra-2023-debate-estrategias-inovadoras-para-o-financiamento-sustentavel-em-infraestrutura\/\"},\"wordCount\":611,\"publisher\":{\"@id\":\"https:\/\/agenciainfra.com\/blog\/#organization\"},\"image\":{\"@id\":\"https:\/\/agenciainfra.com\/blog\/moveinfra-2023-debate-estrategias-inovadoras-para-o-financiamento-sustentavel-em-infraestrutura\/#primaryimage\"},\"thumbnailUrl\":\"https:\/\/agenciainfra.com\/blog\/wp-content\/uploads\/2022\/07\/infraestrutura-foto-dominio-publico.jpeg\",\"keywords\":[\"D\u00e9cio Amaral\",\"Descarboniza\u00e7\u00e3o\",\"EcoRodovias\",\"evento\",\"financiamento sustent\u00e1vel\",\"inscri\u00e7\u00f5es\",\"MoveInfra 2023\",\"Selic\",\"Silvio Costa Filho\",\"transi\u00e7\u00e3o sustent\u00e1vel\",\"Ultracargo\"],\"articleSection\":[\"Geral\",\"iNFRALive e Eventos\"],\"inLanguage\":\"pt-BR\",\"copyrightYear\":\"2023\",\"copyrightHolder\":{\"@id\":\"https:\/\/agenciainfra.com\/blog\/#organization\"}},{\"@type\":\"WebPage\",\"@id\":\"https:\/\/agenciainfra.com\/blog\/moveinfra-2023-debate-estrategias-inovadoras-para-o-financiamento-sustentavel-em-infraestrutura\/\",\"url\":\"https:\/\/agenciainfra.com\/blog\/moveinfra-2023-debate-estrategias-inovadoras-para-o-financiamento-sustentavel-em-infraestrutura\/\",\"name\":\"MoveInfra 2023 debate estrat\u00e9gias inovadoras para o financiamento sustent\u00e1vel em infraestrutura - Ag\u00eancia iNFRA\",\"isPartOf\":{\"@id\":\"https:\/\/agenciainfra.com\/blog\/#website\"},\"primaryImageOfPage\":{\"@id\":\"https:\/\/agenciainfra.com\/blog\/moveinfra-2023-debate-estrategias-inovadoras-para-o-financiamento-sustentavel-em-infraestrutura\/#primaryimage\"},\"image\":{\"@id\":\"https:\/\/agenciainfra.com\/blog\/moveinfra-2023-debate-estrategias-inovadoras-para-o-financiamento-sustentavel-em-infraestrutura\/#primaryimage\"},\"thumbnailUrl\":\"https:\/\/agenciainfra.com\/blog\/wp-content\/uploads\/2022\/07\/infraestrutura-foto-dominio-publico.jpeg\",\"datePublished\":\"2023-12-08T13:00:00+00:00\",\"dateModified\":\"2023-12-11T16:30:56+00:00\",\"breadcrumb\":{\"@id\":\"https:\/\/agenciainfra.com\/blog\/moveinfra-2023-debate-estrategias-inovadoras-para-o-financiamento-sustentavel-em-infraestrutura\/#breadcrumb\"},\"inLanguage\":\"pt-BR\",\"potentialAction\":[{\"@type\":\"ReadAction\",\"target\":[\"https:\/\/agenciainfra.com\/blog\/moveinfra-2023-debate-estrategias-inovadoras-para-o-financiamento-sustentavel-em-infraestrutura\/\"]}]},{\"@type\":\"ImageObject\",\"inLanguage\":\"pt-BR\",\"@id\":\"https:\/\/agenciainfra.com\/blog\/moveinfra-2023-debate-estrategias-inovadoras-para-o-financiamento-sustentavel-em-infraestrutura\/#primaryimage\",\"url\":\"https:\/\/agenciainfra.com\/blog\/wp-content\/uploads\/2022\/07\/infraestrutura-foto-dominio-publico.jpeg\",\"contentUrl\":\"https:\/\/agenciainfra.com\/blog\/wp-content\/uploads\/2022\/07\/infraestrutura-foto-dominio-publico.jpeg\",\"width\":1280,\"height\":750},{\"@type\":\"BreadcrumbList\",\"@id\":\"https:\/\/agenciainfra.com\/blog\/moveinfra-2023-debate-estrategias-inovadoras-para-o-financiamento-sustentavel-em-infraestrutura\/#breadcrumb\",\"itemListElement\":[{\"@type\":\"ListItem\",\"position\":1,\"name\":\"In\u00edcio\",\"item\":\"https:\/\/agenciainfra.com\/blog\/\"},{\"@type\":\"ListItem\",\"position\":2,\"name\":\"MoveInfra 2023 debate estrat\u00e9gias inovadoras para o financiamento sustent\u00e1vel em infraestrutura\"}]},{\"@type\":\"WebSite\",\"@id\":\"https:\/\/agenciainfra.com\/blog\/#website\",\"url\":\"https:\/\/agenciainfra.com\/blog\/\",\"name\":\"Ag\u00eancia iNFRA\",\"description\":\"Multiplataforma de informa\u00e7\u00e3o jornal\u00edstica refer\u00eancia na \u00e1rea de infraestrutura no Brasil!\",\"publisher\":{\"@id\":\"https:\/\/agenciainfra.com\/blog\/#organization\"},\"potentialAction\":[{\"@type\":\"SearchAction\",\"target\":{\"@type\":\"EntryPoint\",\"urlTemplate\":\"https:\/\/agenciainfra.com\/blog\/?s={search_term_string}\"},\"query-input\":{\"@type\":\"PropertyValueSpecification\",\"valueRequired\":true,\"valueName\":\"search_term_string\"}}],\"inLanguage\":\"pt-BR\"},{\"@type\":\"Organization\",\"@id\":\"https:\/\/agenciainfra.com\/blog\/#organization\",\"name\":\"Ag\u00eancia iNFRA\",\"url\":\"https:\/\/agenciainfra.com\/blog\/\",\"logo\":{\"@type\":\"ImageObject\",\"inLanguage\":\"pt-BR\",\"@id\":\"https:\/\/agenciainfra.com\/blog\/#\/schema\/logo\/image\/\",\"url\":\"https:\/\/agenciainfra.com\/blog\/wp-content\/uploads\/2023\/09\/iNFRA_5-e1761735885940.png\",\"contentUrl\":\"https:\/\/agenciainfra.com\/blog\/wp-content\/uploads\/2023\/09\/iNFRA_5-e1761735885940.png\",\"width\":1672,\"height\":454,\"caption\":\"Ag\u00eancia iNFRA\"},\"image\":{\"@id\":\"https:\/\/agenciainfra.com\/blog\/#\/schema\/logo\/image\/\"},\"sameAs\":[\"https:\/\/www.facebook.com\/ageninfra\",\"https:\/\/x.com\/agencia_infra\",\"https:\/\/www.linkedin.com\/company\/ag\u00eanciainfra\/\",\"https:\/\/www.instagram.com\/agenciainfra\/\"]},{\"@type\":\"Person\",\"@id\":\"https:\/\/agenciainfra.com\/blog\/#\/schema\/person\/34af08dff6adea4cb22b06612ba7acfa\",\"name\":\"Ag\u00eancia iNFRA\",\"image\":{\"@type\":\"ImageObject\",\"inLanguage\":\"pt-BR\",\"@id\":\"https:\/\/agenciainfra.com\/blog\/#\/schema\/person\/image\/\",\"url\":\"https:\/\/secure.gravatar.com\/avatar\/d189e01678f06d8eb84d4e01f08eb848b3fffe3f8443818d3c356c66892f5be8?s=96&d=mm&r=g\",\"contentUrl\":\"https:\/\/secure.gravatar.com\/avatar\/d189e01678f06d8eb84d4e01f08eb848b3fffe3f8443818d3c356c66892f5be8?s=96&d=mm&r=g\",\"caption\":\"Ag\u00eancia iNFRA\"},\"url\":\"https:\/\/agenciainfra.com\/blog\/author\/admin\/\"}]}<\/script>\n<!-- \/ Yoast SEO Premium plugin. -->","yoast_head_json":{"title":"MoveInfra 2023 debate estrat\u00e9gias inovadoras para o financiamento sustent\u00e1vel em infraestrutura - Ag\u00eancia iNFRA","robots":{"index":"index","follow":"follow","max-snippet":"max-snippet:-1","max-image-preview":"max-image-preview:large","max-video-preview":"max-video-preview:-1"},"canonical":"https:\/\/agenciainfra.com\/blog\/moveinfra-2023-debate-estrategias-inovadoras-para-o-financiamento-sustentavel-em-infraestrutura\/","og_locale":"pt_BR","og_type":"article","og_title":"MoveInfra 2023 debate estrat\u00e9gias inovadoras para o financiamento sustent\u00e1vel em infraestrutura","og_description":"da Ag\u00eancia iNFRA Como garantir recursos&nbsp;para&nbsp;o&nbsp;salto de investimentos&nbsp;em&nbsp;infraestrutura&nbsp;que&nbsp;o&nbsp;Brasil precisa dar?&nbsp;Em&nbsp;menos de uma semana, l\u00edderes governamentais e renomados especialistas do setor re\u00fanem-se&nbsp;em&nbsp;um dos maiores eventos de&nbsp;infraestrutura&nbsp;do pa\u00eds&nbsp;para&nbsp;debater solu\u00e7\u00f5es de&nbsp;financiamento&nbsp;para&nbsp;investimentos&nbsp;em&nbsp;concess\u00f5es, e a possibilidade de utiliza\u00e7\u00e3o&nbsp;de recursos de bancos de fomento&nbsp;para&nbsp;iniciativas de descarboniza\u00e7\u00e3o&nbsp;e obras de adapta\u00e7\u00e3o&nbsp;clim\u00e1tica. O&nbsp;encontro, programado&nbsp;para&nbsp;o&nbsp;dia 14 de dezembro, no B Hotel,&nbsp;em&nbsp;Bras\u00edlia (DF), faz parte do [&hellip;]","og_url":"https:\/\/agenciainfra.com\/blog\/moveinfra-2023-debate-estrategias-inovadoras-para-o-financiamento-sustentavel-em-infraestrutura\/","og_site_name":"Ag\u00eancia iNFRA","article_publisher":"https:\/\/www.facebook.com\/ageninfra","article_published_time":"2023-12-08T13:00:00+00:00","article_modified_time":"2023-12-11T16:30:56+00:00","og_image":[{"width":1280,"height":750,"url":"https:\/\/agenciainfra.com\/blog\/wp-content\/uploads\/2022\/07\/infraestrutura-foto-dominio-publico.jpeg","type":"image\/jpeg"}],"author":"Ag\u00eancia iNFRA","twitter_card":"summary_large_image","twitter_creator":"@agencia_infra","twitter_site":"@agencia_infra","twitter_misc":{"Escrito por":"Ag\u00eancia iNFRA","Est. tempo de leitura":"3 minutos"},"schema":{"@context":"https:\/\/schema.org","@graph":[{"@type":"Article","@id":"https:\/\/agenciainfra.com\/blog\/moveinfra-2023-debate-estrategias-inovadoras-para-o-financiamento-sustentavel-em-infraestrutura\/#article","isPartOf":{"@id":"https:\/\/agenciainfra.com\/blog\/moveinfra-2023-debate-estrategias-inovadoras-para-o-financiamento-sustentavel-em-infraestrutura\/"},"author":{"name":"Ag\u00eancia iNFRA","@id":"https:\/\/agenciainfra.com\/blog\/#\/schema\/person\/34af08dff6adea4cb22b06612ba7acfa"},"headline":"MoveInfra 2023 debate estrat\u00e9gias inovadoras para o financiamento sustent\u00e1vel em infraestrutura","datePublished":"2023-12-08T13:00:00+00:00","dateModified":"2023-12-11T16:30:56+00:00","mainEntityOfPage":{"@id":"https:\/\/agenciainfra.com\/blog\/moveinfra-2023-debate-estrategias-inovadoras-para-o-financiamento-sustentavel-em-infraestrutura\/"},"wordCount":611,"publisher":{"@id":"https:\/\/agenciainfra.com\/blog\/#organization"},"image":{"@id":"https:\/\/agenciainfra.com\/blog\/moveinfra-2023-debate-estrategias-inovadoras-para-o-financiamento-sustentavel-em-infraestrutura\/#primaryimage"},"thumbnailUrl":"https:\/\/agenciainfra.com\/blog\/wp-content\/uploads\/2022\/07\/infraestrutura-foto-dominio-publico.jpeg","keywords":["D\u00e9cio Amaral","Descarboniza\u00e7\u00e3o","EcoRodovias","evento","financiamento sustent\u00e1vel","inscri\u00e7\u00f5es","MoveInfra 2023","Selic","Silvio Costa Filho","transi\u00e7\u00e3o sustent\u00e1vel","Ultracargo"],"articleSection":["Geral","iNFRALive e Eventos"],"inLanguage":"pt-BR","copyrightYear":"2023","copyrightHolder":{"@id":"https:\/\/agenciainfra.com\/blog\/#organization"}},{"@type":"WebPage","@id":"https:\/\/agenciainfra.com\/blog\/moveinfra-2023-debate-estrategias-inovadoras-para-o-financiamento-sustentavel-em-infraestrutura\/","url":"https:\/\/agenciainfra.com\/blog\/moveinfra-2023-debate-estrategias-inovadoras-para-o-financiamento-sustentavel-em-infraestrutura\/","name":"MoveInfra 2023 debate estrat\u00e9gias inovadoras para o financiamento sustent\u00e1vel em infraestrutura - Ag\u00eancia iNFRA","isPartOf":{"@id":"https:\/\/agenciainfra.com\/blog\/#website"},"primaryImageOfPage":{"@id":"https:\/\/agenciainfra.com\/blog\/moveinfra-2023-debate-estrategias-inovadoras-para-o-financiamento-sustentavel-em-infraestrutura\/#primaryimage"},"image":{"@id":"https:\/\/agenciainfra.com\/blog\/moveinfra-2023-debate-estrategias-inovadoras-para-o-financiamento-sustentavel-em-infraestrutura\/#primaryimage"},"thumbnailUrl":"https:\/\/agenciainfra.com\/blog\/wp-content\/uploads\/2022\/07\/infraestrutura-foto-dominio-publico.jpeg","datePublished":"2023-12-08T13:00:00+00:00","dateModified":"2023-12-11T16:30:56+00:00","breadcrumb":{"@id":"https:\/\/agenciainfra.com\/blog\/moveinfra-2023-debate-estrategias-inovadoras-para-o-financiamento-sustentavel-em-infraestrutura\/#breadcrumb"},"inLanguage":"pt-BR","potentialAction":[{"@type":"ReadAction","target":["https:\/\/agenciainfra.com\/blog\/moveinfra-2023-debate-estrategias-inovadoras-para-o-financiamento-sustentavel-em-infraestrutura\/"]}]},{"@type":"ImageObject","inLanguage":"pt-BR","@id":"https:\/\/agenciainfra.com\/blog\/moveinfra-2023-debate-estrategias-inovadoras-para-o-financiamento-sustentavel-em-infraestrutura\/#primaryimage","url":"https:\/\/agenciainfra.com\/blog\/wp-content\/uploads\/2022\/07\/infraestrutura-foto-dominio-publico.jpeg","contentUrl":"https:\/\/agenciainfra.com\/blog\/wp-content\/uploads\/2022\/07\/infraestrutura-foto-dominio-publico.jpeg","width":1280,"height":750},{"@type":"BreadcrumbList","@id":"https:\/\/agenciainfra.com\/blog\/moveinfra-2023-debate-estrategias-inovadoras-para-o-financiamento-sustentavel-em-infraestrutura\/#breadcrumb","itemListElement":[{"@type":"ListItem","position":1,"name":"In\u00edcio","item":"https:\/\/agenciainfra.com\/blog\/"},{"@type":"ListItem","position":2,"name":"MoveInfra 2023 debate estrat\u00e9gias inovadoras para o financiamento sustent\u00e1vel em infraestrutura"}]},{"@type":"WebSite","@id":"https:\/\/agenciainfra.com\/blog\/#website","url":"https:\/\/agenciainfra.com\/blog\/","name":"Ag\u00eancia iNFRA","description":"Multiplataforma de informa\u00e7\u00e3o jornal\u00edstica refer\u00eancia na \u00e1rea de infraestrutura no Brasil!","publisher":{"@id":"https:\/\/agenciainfra.com\/blog\/#organization"},"potentialAction":[{"@type":"SearchAction","target":{"@type":"EntryPoint","urlTemplate":"https:\/\/agenciainfra.com\/blog\/?s={search_term_string}"},"query-input":{"@type":"PropertyValueSpecification","valueRequired":true,"valueName":"search_term_string"}}],"inLanguage":"pt-BR"},{"@type":"Organization","@id":"https:\/\/agenciainfra.com\/blog\/#organization","name":"Ag\u00eancia iNFRA","url":"https:\/\/agenciainfra.com\/blog\/","logo":{"@type":"ImageObject","inLanguage":"pt-BR","@id":"https:\/\/agenciainfra.com\/blog\/#\/schema\/logo\/image\/","url":"https:\/\/agenciainfra.com\/blog\/wp-content\/uploads\/2023\/09\/iNFRA_5-e1761735885940.png","contentUrl":"https:\/\/agenciainfra.com\/blog\/wp-content\/uploads\/2023\/09\/iNFRA_5-e1761735885940.png","width":1672,"height":454,"caption":"Ag\u00eancia iNFRA"},"image":{"@id":"https:\/\/agenciainfra.com\/blog\/#\/schema\/logo\/image\/"},"sameAs":["https:\/\/www.facebook.com\/ageninfra","https:\/\/x.com\/agencia_infra","https:\/\/www.linkedin.com\/company\/ag\u00eanciainfra\/","https:\/\/www.instagram.com\/agenciainfra\/"]},{"@type":"Person","@id":"https:\/\/agenciainfra.com\/blog\/#\/schema\/person\/34af08dff6adea4cb22b06612ba7acfa","name":"Ag\u00eancia iNFRA","image":{"@type":"ImageObject","inLanguage":"pt-BR","@id":"https:\/\/agenciainfra.com\/blog\/#\/schema\/person\/image\/","url":"https:\/\/secure.gravatar.com\/avatar\/d189e01678f06d8eb84d4e01f08eb848b3fffe3f8443818d3c356c66892f5be8?s=96&d=mm&r=g","contentUrl":"https:\/\/secure.gravatar.com\/avatar\/d189e01678f06d8eb84d4e01f08eb848b3fffe3f8443818d3c356c66892f5be8?s=96&d=mm&r=g","caption":"Ag\u00eancia iNFRA"},"url":"https:\/\/agenciainfra.com\/blog\/author\/admin\/"}]}},"_links":{"self":[{"href":"https:\/\/agenciainfra.com\/blog\/wp-json\/wp\/v2\/posts\/15019","targetHints":{"allow":["GET"]}}],"collection":[{"href":"https:\/\/agenciainfra.com\/blog\/wp-json\/wp\/v2\/posts"}],"about":[{"href":"https:\/\/agenciainfra.com\/blog\/wp-json\/wp\/v2\/types\/post"}],"author":[{"embeddable":true,"href":"https:\/\/agenciainfra.com\/blog\/wp-json\/wp\/v2\/users\/1"}],"replies":[{"embeddable":true,"href":"https:\/\/agenciainfra.com\/blog\/wp-json\/wp\/v2\/comments?post=15019"}],"version-history":[{"count":1,"href":"https:\/\/agenciainfra.com\/blog\/wp-json\/wp\/v2\/posts\/15019\/revisions"}],"predecessor-version":[{"id":15020,"href":"https:\/\/agenciainfra.com\/blog\/wp-json\/wp\/v2\/posts\/15019\/revisions\/15020"}],"wp:featuredmedia":[{"embeddable":true,"href":"https:\/\/agenciainfra.com\/blog\/wp-json\/wp\/v2\/media\/10869"}],"wp:attachment":[{"href":"https:\/\/agenciainfra.com\/blog\/wp-json\/wp\/v2\/media?parent=15019"}],"wp:term":[{"taxonomy":"category","embeddable":true,"href":"https:\/\/agenciainfra.com\/blog\/wp-json\/wp\/v2\/categories?post=15019"},{"taxonomy":"post_tag","embeddable":true,"href":"https:\/\/agenciainfra.com\/blog\/wp-json\/wp\/v2\/tags?post=15019"}],"curies":[{"name":"wp","href":"https:\/\/api.w.org\/{rel}","templated":true}]}}