{"id":15045,"date":"2023-12-11T11:00:00","date_gmt":"2023-12-11T14:00:00","guid":{"rendered":"https:\/\/www.agenciainfra.com\/blog\/?p=15045"},"modified":"2023-12-13T11:27:42","modified_gmt":"2023-12-13T14:27:42","slug":"em-evento-moveinfra-debate-cooperacao-para-ampliar-a-capacitacao-de-mao-de-obra","status":"publish","type":"post","link":"https:\/\/agenciainfra.com\/blog\/em-evento-moveinfra-debate-cooperacao-para-ampliar-a-capacitacao-de-mao-de-obra\/","title":{"rendered":"Em evento, MoveInfra debate coopera\u00e7\u00e3o para ampliar a capacita\u00e7\u00e3o de m\u00e3o de obra"},"content":{"rendered":"\n<p class=\"has-text-align-right\"><strong>da Ag\u00eancia iNFRA<\/strong><\/p>\n\n\n\n<p>Grandes companhias de concess\u00e3o do pa\u00eds est\u00e3o trabalhando\u00a0para,\u00a0em\u00a0conjunto com as confedera\u00e7\u00f5es de empresas ligadas ao setor de infraestrutura, desenvolver a qualifica\u00e7\u00e3o de\u00a0m\u00e3o\u00a0de\u00a0obra\u00a0para\u00a0o setor.<br><br>Um ACT (Acordo de\u00a0Coopera\u00e7\u00e3o\u00a0T\u00e9cnica) est\u00e1\u00a0em\u00a0fase final de an\u00e1lise\u00a0para\u00a0ser assinado entre a CNI (Confedera\u00e7\u00e3o Nacional da Ind\u00fastria), a CNT (Confedera\u00e7\u00e3o Nacional do Transporte) e o\u00a0MoveInfra, movimento que representa seis grandes companhias do setor de infraestrutura com a\u00e7\u00f5es na B3, CCR, EcoRodovias, Hidrovias do Brasil, Rumo, Santos Brasil e Ultracargo.<br><br><strong>\u00daltimas vagas<\/strong><br>A CEO do\u00a0MoveInfra, Nat\u00e1lia Marcassa, afirmou que a qualifica\u00e7\u00e3o de\u00a0m\u00e3o\u00a0de\u00a0obra\u00a0tornou-se tema fundamental\u00a0para\u00a0o desenvolvimento do setor e, por isso, ter\u00e1 o painel de abertura do\u00a0evento\u00a0\u201cInfraestrutura: Caminhos\u00a0para\u00a0transi\u00e7\u00e3o sustent\u00e1vel\u201d, que ocorre nesta quinta-feira (14), no B Hotel,\u00a0em\u00a0Bras\u00edlia (DF).<br><br>As inscri\u00e7\u00f5es, que s\u00e3o gratuitas, podem ser feitas\u00a0<a href=\"https:\/\/agenciainfra.us14.list-manage.com\/track\/click?u=d460dd1bcf9ba0ae040e1fc0f&amp;id=52f116e0ae&amp;e=f0fa444791\" target=\"_blank\" rel=\"noreferrer noopener\">neste link<\/a>. Devido ao n\u00famero limitado de participantes, as vagas devem se encerrar a qualquer momento. A\u00a0<strong>Ag\u00eancia iNFRA<\/strong>\u00a0ser\u00e1 parceira oficial do\u00a0evento.<br><br><strong>Necessidades regionais<\/strong><br>Em\u00a0entrevista \u00e0\u00a0<strong>Ag\u00eancia iNFRA<\/strong>, Marcassa afirmou que a necessidade do setor \u00e9 por uma\u00a0m\u00e3o\u00a0de\u00a0obra\u00a0cada vez mais qualificada.\u00a0<br><br>&#8220;No setor portu\u00e1rio, era comum ver muitas pessoas na opera\u00e7\u00e3o. Hoje\u00a0em\u00a0dia, voc\u00ea quase n\u00e3o v\u00ea ningu\u00e9m andando pelo porto, \u00e9 tudo maquin\u00e1rio&#8221;, lembra a diretora.<br><br>Outra necessidade \u00e9 que o pessoal seja treinado\u00a0em\u00a0regi\u00f5es espec\u00edficas do pa\u00eds, onde h\u00e1 maior desenvolvimento e menos\u00a0m\u00e3o\u00a0de\u00a0obra\u00a0qualificada. Ela cita a necessidade do Mato Grosso atualmente, que passa por problemas\u00a0para\u00a0obter pessoal\u00a0para\u00a0v\u00e1rios setores, entre eles o de constru\u00e7\u00e3o. O governador do estado, Mauro Mendes, \u00e9 um dos painelistas do encontro.<br><br>Marcassa lembrou que as associadas do\u00a0MoveInfra\u00a0j\u00e1 promovem o desenvolvimento de sua pr\u00f3pria\u00a0m\u00e3o\u00a0de\u00a0obra\u00a0e tamb\u00e9m\u00a0para\u00a0os setores\u00a0em\u00a0que atuam e que o ACT com as confedera\u00e7\u00f5es vai apoiar ainda mais essas iniciativas.<br><br><strong>Infraestrutura resiliente<\/strong><br>O desenvolvimento sustent\u00e1vel tamb\u00e9m estar\u00e1\u00a0em\u00a0debate\u00a0no\u00a0evento\u00a0e, segundo a CEO do\u00a0Moveinfra, uma das preocupa\u00e7\u00f5es a serem levantadas no painel sobre o tema ser\u00e1 a necessidade de se criar mecanismos\u00a0para\u00a0tornar as infraestruturas existentes e novas resilientes \u00e0s mudan\u00e7as clim\u00e1ticas, sem que isso onere excessivamente as tarifas ou pre\u00e7os aos usu\u00e1rios.<br><br>Segundo ela, os recursos\u00a0para\u00a0isso podem vir de fontes de financiamento voltadas\u00a0para\u00a0a descarboniza\u00e7\u00e3o, mas \u00e9 necess\u00e1rio\u00a0ampliar\u00a0o n\u00edvel de conhecimento sobre o tema\u00a0para\u00a0que seja poss\u00edvel encontrar formas de solucionar o problema.\u00a0<br><br>&#8220;A gente contratou um estudo\u00a0para\u00a0entender como fazemos\u00a0para\u00a0ajudar nessa solu\u00e7\u00e3o, quais s\u00e3o os mecanismos, as fontes de financiamentos internas e externas [para\u00a0os investimentos]. E como podemos tratar do ponto de vista da matriz de risco aquilo que sobrar\u201d, revelou Nat\u00e1lia.<br><br><strong>Licenciamento ambiental<\/strong><br>Outro tema da mesa, que contar\u00e1 com a presen\u00e7a do senador Conf\u00facio Moura (MDB-RO), presidente da Comiss\u00e3o de Infraestrutura do Senado, \u00e9 o projeto de lei sobre o licenciamento ambiental no pa\u00eds, do qual ele \u00e9 um dos relatores. Segundo Marcassa, ter uma lei sobre o tema ser\u00e1 fundamental\u00a0para\u00a0dar maior seguran\u00e7a jur\u00eddica aos investimentos do setor.<br><br>No painel sobre financiamento, a conversa ser\u00e1 sobre como \u00e9 poss\u00edvel encontrar mecanismos\u00a0para\u00a0bancar a infraestrutura\u00a0em\u00a0momentos como o atual, nos quais a taxa de juros \u00e9,\u00a0para\u00a0ela, proibitiva\u00a0para\u00a0investimentos de longo prazo e tem sido um dos motivos\u00a0para\u00a0alguns projetos sem interessados de concess\u00f5es.<br><br><strong>Financiamento pouco atrativo<\/strong><br>Os mecanismos atuais de financiamento s\u00e3o pouco atrativos\u00a0para\u00a0a contra\u00e7\u00e3o de investimentos de longo prazo porque mant\u00e9m os projetos &#8220;casados&#8221;, na vis\u00e3o dela, com juros muito elevados por muito tempo e, especialmente, no in\u00edcio dos projetos.<br><br>&#8220;Queremos discutir um mecanismo anti-c\u00edclico com a Fazenda, o BNDES (Banco Nacional de Desenvolvimento Econ\u00f4mico e Social), mas que n\u00e3o \u00e9 taxa de juros artificial. A gente n\u00e3o quer subs\u00eddios das taxas de juros&#8221;, afirmou Marcassa.\u00a0<br>\u00a0<br>Sobre o\u00a0evento, que marca o primeiro ano do movimento, Marcassa acredita que ele consolidar\u00e1 as diretrizes que levaram \u00e0 cria\u00e7\u00e3o do\u00a0MoveInfra:<br><br>&#8220;N\u00f3s buscamos: atra\u00e7\u00e3o de investimentos, seguran\u00e7a jur\u00eddica e o nosso compromisso socioambiental. Dentro desses tr\u00eas grandes pilares\u00a0para\u00a0melhorar o ambiente de neg\u00f3cios, a gente quis trazer pain\u00e9is que abordem temas que foram muito importantes\u00a0para\u00a0nossa agenda neste\u00a0ano e que ser\u00e3o importantes tamb\u00e9m no ano que vem\u201d.<\/p>\n","protected":false},"excerpt":{"rendered":"<p>da Ag\u00eancia iNFRA Grandes companhias de concess\u00e3o do pa\u00eds est\u00e3o trabalhando\u00a0para,\u00a0em\u00a0conjunto com as confedera\u00e7\u00f5es de empresas ligadas ao setor de infraestrutura, desenvolver a qualifica\u00e7\u00e3o de\u00a0m\u00e3o\u00a0de\u00a0obra\u00a0para\u00a0o setor. Um ACT (Acordo de\u00a0Coopera\u00e7\u00e3o\u00a0T\u00e9cnica) est\u00e1\u00a0em\u00a0fase final de an\u00e1lise\u00a0para\u00a0ser assinado entre a CNI (Confedera\u00e7\u00e3o Nacional da Ind\u00fastria), a CNT (Confedera\u00e7\u00e3o Nacional do Transporte) e o\u00a0MoveInfra, movimento que representa seis grandes [&hellip;]<\/p>\n","protected":false},"author":1,"featured_media":15046,"comment_status":"closed","ping_status":"closed","sticky":false,"template":"","format":"standard","meta":{"_monsterinsights_skip_tracking":false,"_monsterinsights_sitenote_active":false,"_monsterinsights_sitenote_note":"","_monsterinsights_sitenote_category":0,"footnotes":""},"categories":[1,2053],"tags":[103,5701,350,127,1340,7854,4950,108,6585,6141,890],"class_list":["post-15045","post","type-post","status-publish","format-standard","has-post-thumbnail","hentry","category-geral","category-infraliveventos","tag-bndes","tag-capacitacao","tag-cni","tag-cnt","tag-ecorodovias","tag-inscricoes-abertas","tag-mao-de-obra","tag-mato-grosso","tag-ministerio-da-fazenda","tag-moveinfra","tag-natalia-marcassa"],"yoast_head":"<!-- This site is optimized with the Yoast SEO Premium plugin v25.4 (Yoast SEO v26.0) - https:\/\/yoast.com\/wordpress\/plugins\/seo\/ -->\n<title>Em evento, MoveInfra debate coopera\u00e7\u00e3o para ampliar a capacita\u00e7\u00e3o de m\u00e3o de obra - Ag\u00eancia iNFRA<\/title>\n<meta name=\"robots\" content=\"index, follow, max-snippet:-1, max-image-preview:large, max-video-preview:-1\" \/>\n<link rel=\"canonical\" href=\"https:\/\/agenciainfra.com\/blog\/em-evento-moveinfra-debate-cooperacao-para-ampliar-a-capacitacao-de-mao-de-obra\/\" \/>\n<meta property=\"og:locale\" content=\"pt_BR\" \/>\n<meta property=\"og:type\" content=\"article\" \/>\n<meta property=\"og:title\" content=\"Em evento, MoveInfra debate coopera\u00e7\u00e3o para ampliar a capacita\u00e7\u00e3o de m\u00e3o de obra\" \/>\n<meta property=\"og:description\" content=\"da Ag\u00eancia iNFRA Grandes companhias de concess\u00e3o do pa\u00eds est\u00e3o trabalhando\u00a0para,\u00a0em\u00a0conjunto com as confedera\u00e7\u00f5es de empresas ligadas ao setor de infraestrutura, desenvolver a qualifica\u00e7\u00e3o de\u00a0m\u00e3o\u00a0de\u00a0obra\u00a0para\u00a0o setor. Um ACT (Acordo de\u00a0Coopera\u00e7\u00e3o\u00a0T\u00e9cnica) est\u00e1\u00a0em\u00a0fase final de an\u00e1lise\u00a0para\u00a0ser assinado entre a CNI (Confedera\u00e7\u00e3o Nacional da Ind\u00fastria), a CNT (Confedera\u00e7\u00e3o Nacional do Transporte) e o\u00a0MoveInfra, movimento que representa seis grandes [&hellip;]\" \/>\n<meta property=\"og:url\" content=\"https:\/\/agenciainfra.com\/blog\/em-evento-moveinfra-debate-cooperacao-para-ampliar-a-capacitacao-de-mao-de-obra\/\" \/>\n<meta property=\"og:site_name\" content=\"Ag\u00eancia iNFRA\" \/>\n<meta property=\"article:publisher\" content=\"https:\/\/www.facebook.com\/ageninfra\" \/>\n<meta property=\"article:published_time\" content=\"2023-12-11T14:00:00+00:00\" \/>\n<meta property=\"article:modified_time\" content=\"2023-12-13T14:27:42+00:00\" \/>\n<meta property=\"og:image\" content=\"https:\/\/agenciainfra.com\/blog\/wp-content\/uploads\/2023\/12\/natalia-marcassa-foto-wenderson-araujo.jpeg\" \/>\n\t<meta property=\"og:image:width\" content=\"1500\" \/>\n\t<meta property=\"og:image:height\" content=\"1000\" \/>\n\t<meta property=\"og:image:type\" content=\"image\/jpeg\" \/>\n<meta name=\"author\" content=\"Ag\u00eancia iNFRA\" \/>\n<meta name=\"twitter:card\" content=\"summary_large_image\" \/>\n<meta name=\"twitter:creator\" content=\"@agencia_infra\" \/>\n<meta name=\"twitter:site\" content=\"@agencia_infra\" \/>\n<meta name=\"twitter:label1\" content=\"Escrito por\" \/>\n\t<meta name=\"twitter:data1\" content=\"Ag\u00eancia iNFRA\" \/>\n\t<meta name=\"twitter:label2\" content=\"Est. tempo de leitura\" \/>\n\t<meta name=\"twitter:data2\" content=\"4 minutos\" \/>\n<script type=\"application\/ld+json\" class=\"yoast-schema-graph\">{\"@context\":\"https:\/\/schema.org\",\"@graph\":[{\"@type\":\"Article\",\"@id\":\"https:\/\/agenciainfra.com\/blog\/em-evento-moveinfra-debate-cooperacao-para-ampliar-a-capacitacao-de-mao-de-obra\/#article\",\"isPartOf\":{\"@id\":\"https:\/\/agenciainfra.com\/blog\/em-evento-moveinfra-debate-cooperacao-para-ampliar-a-capacitacao-de-mao-de-obra\/\"},\"author\":{\"name\":\"Ag\u00eancia iNFRA\",\"@id\":\"https:\/\/agenciainfra.com\/blog\/#\/schema\/person\/34af08dff6adea4cb22b06612ba7acfa\"},\"headline\":\"Em evento, MoveInfra debate coopera\u00e7\u00e3o para ampliar a capacita\u00e7\u00e3o de m\u00e3o de obra\",\"datePublished\":\"2023-12-11T14:00:00+00:00\",\"dateModified\":\"2023-12-13T14:27:42+00:00\",\"mainEntityOfPage\":{\"@id\":\"https:\/\/agenciainfra.com\/blog\/em-evento-moveinfra-debate-cooperacao-para-ampliar-a-capacitacao-de-mao-de-obra\/\"},\"wordCount\":800,\"publisher\":{\"@id\":\"https:\/\/agenciainfra.com\/blog\/#organization\"},\"image\":{\"@id\":\"https:\/\/agenciainfra.com\/blog\/em-evento-moveinfra-debate-cooperacao-para-ampliar-a-capacitacao-de-mao-de-obra\/#primaryimage\"},\"thumbnailUrl\":\"https:\/\/agenciainfra.com\/blog\/wp-content\/uploads\/2023\/12\/natalia-marcassa-foto-wenderson-araujo.jpeg\",\"keywords\":[\"BNDES\",\"capacita\u00e7\u00e3o\",\"CNI\",\"CNT\",\"EcoRodovias\",\"inscri\u00e7\u00f5es abertas\",\"m\u00e3o de obra\",\"Mato Grosso\",\"Minist\u00e9rio da Fazenda\",\"MoveInfra\",\"Nat\u00e1lia Marcassa\"],\"articleSection\":[\"Geral\",\"iNFRALive e Eventos\"],\"inLanguage\":\"pt-BR\",\"copyrightYear\":\"2023\",\"copyrightHolder\":{\"@id\":\"https:\/\/agenciainfra.com\/blog\/#organization\"}},{\"@type\":\"WebPage\",\"@id\":\"https:\/\/agenciainfra.com\/blog\/em-evento-moveinfra-debate-cooperacao-para-ampliar-a-capacitacao-de-mao-de-obra\/\",\"url\":\"https:\/\/agenciainfra.com\/blog\/em-evento-moveinfra-debate-cooperacao-para-ampliar-a-capacitacao-de-mao-de-obra\/\",\"name\":\"Em evento, MoveInfra debate coopera\u00e7\u00e3o para ampliar a capacita\u00e7\u00e3o de m\u00e3o de obra - Ag\u00eancia iNFRA\",\"isPartOf\":{\"@id\":\"https:\/\/agenciainfra.com\/blog\/#website\"},\"primaryImageOfPage\":{\"@id\":\"https:\/\/agenciainfra.com\/blog\/em-evento-moveinfra-debate-cooperacao-para-ampliar-a-capacitacao-de-mao-de-obra\/#primaryimage\"},\"image\":{\"@id\":\"https:\/\/agenciainfra.com\/blog\/em-evento-moveinfra-debate-cooperacao-para-ampliar-a-capacitacao-de-mao-de-obra\/#primaryimage\"},\"thumbnailUrl\":\"https:\/\/agenciainfra.com\/blog\/wp-content\/uploads\/2023\/12\/natalia-marcassa-foto-wenderson-araujo.jpeg\",\"datePublished\":\"2023-12-11T14:00:00+00:00\",\"dateModified\":\"2023-12-13T14:27:42+00:00\",\"breadcrumb\":{\"@id\":\"https:\/\/agenciainfra.com\/blog\/em-evento-moveinfra-debate-cooperacao-para-ampliar-a-capacitacao-de-mao-de-obra\/#breadcrumb\"},\"inLanguage\":\"pt-BR\",\"potentialAction\":[{\"@type\":\"ReadAction\",\"target\":[\"https:\/\/agenciainfra.com\/blog\/em-evento-moveinfra-debate-cooperacao-para-ampliar-a-capacitacao-de-mao-de-obra\/\"]}]},{\"@type\":\"ImageObject\",\"inLanguage\":\"pt-BR\",\"@id\":\"https:\/\/agenciainfra.com\/blog\/em-evento-moveinfra-debate-cooperacao-para-ampliar-a-capacitacao-de-mao-de-obra\/#primaryimage\",\"url\":\"https:\/\/agenciainfra.com\/blog\/wp-content\/uploads\/2023\/12\/natalia-marcassa-foto-wenderson-araujo.jpeg\",\"contentUrl\":\"https:\/\/agenciainfra.com\/blog\/wp-content\/uploads\/2023\/12\/natalia-marcassa-foto-wenderson-araujo.jpeg\",\"width\":1500,\"height\":1000},{\"@type\":\"BreadcrumbList\",\"@id\":\"https:\/\/agenciainfra.com\/blog\/em-evento-moveinfra-debate-cooperacao-para-ampliar-a-capacitacao-de-mao-de-obra\/#breadcrumb\",\"itemListElement\":[{\"@type\":\"ListItem\",\"position\":1,\"name\":\"In\u00edcio\",\"item\":\"https:\/\/agenciainfra.com\/blog\/\"},{\"@type\":\"ListItem\",\"position\":2,\"name\":\"Em evento, MoveInfra debate coopera\u00e7\u00e3o para ampliar a capacita\u00e7\u00e3o de m\u00e3o de obra\"}]},{\"@type\":\"WebSite\",\"@id\":\"https:\/\/agenciainfra.com\/blog\/#website\",\"url\":\"https:\/\/agenciainfra.com\/blog\/\",\"name\":\"Ag\u00eancia iNFRA\",\"description\":\"Multiplataforma de informa\u00e7\u00e3o jornal\u00edstica refer\u00eancia na \u00e1rea de infraestrutura no Brasil!\",\"publisher\":{\"@id\":\"https:\/\/agenciainfra.com\/blog\/#organization\"},\"potentialAction\":[{\"@type\":\"SearchAction\",\"target\":{\"@type\":\"EntryPoint\",\"urlTemplate\":\"https:\/\/agenciainfra.com\/blog\/?s={search_term_string}\"},\"query-input\":{\"@type\":\"PropertyValueSpecification\",\"valueRequired\":true,\"valueName\":\"search_term_string\"}}],\"inLanguage\":\"pt-BR\"},{\"@type\":\"Organization\",\"@id\":\"https:\/\/agenciainfra.com\/blog\/#organization\",\"name\":\"Ag\u00eancia iNFRA\",\"url\":\"https:\/\/agenciainfra.com\/blog\/\",\"logo\":{\"@type\":\"ImageObject\",\"inLanguage\":\"pt-BR\",\"@id\":\"https:\/\/agenciainfra.com\/blog\/#\/schema\/logo\/image\/\",\"url\":\"https:\/\/agenciainfra.com\/blog\/wp-content\/uploads\/2023\/09\/iNFRA_5-e1761735885940.png\",\"contentUrl\":\"https:\/\/agenciainfra.com\/blog\/wp-content\/uploads\/2023\/09\/iNFRA_5-e1761735885940.png\",\"width\":1672,\"height\":454,\"caption\":\"Ag\u00eancia iNFRA\"},\"image\":{\"@id\":\"https:\/\/agenciainfra.com\/blog\/#\/schema\/logo\/image\/\"},\"sameAs\":[\"https:\/\/www.facebook.com\/ageninfra\",\"https:\/\/x.com\/agencia_infra\",\"https:\/\/www.linkedin.com\/company\/ag\u00eanciainfra\/\",\"https:\/\/www.instagram.com\/agenciainfra\/\"]},{\"@type\":\"Person\",\"@id\":\"https:\/\/agenciainfra.com\/blog\/#\/schema\/person\/34af08dff6adea4cb22b06612ba7acfa\",\"name\":\"Ag\u00eancia iNFRA\",\"image\":{\"@type\":\"ImageObject\",\"inLanguage\":\"pt-BR\",\"@id\":\"https:\/\/agenciainfra.com\/blog\/#\/schema\/person\/image\/\",\"url\":\"https:\/\/secure.gravatar.com\/avatar\/d189e01678f06d8eb84d4e01f08eb848b3fffe3f8443818d3c356c66892f5be8?s=96&d=mm&r=g\",\"contentUrl\":\"https:\/\/secure.gravatar.com\/avatar\/d189e01678f06d8eb84d4e01f08eb848b3fffe3f8443818d3c356c66892f5be8?s=96&d=mm&r=g\",\"caption\":\"Ag\u00eancia iNFRA\"},\"url\":\"https:\/\/agenciainfra.com\/blog\/author\/admin\/\"}]}<\/script>\n<!-- \/ Yoast SEO Premium plugin. -->","yoast_head_json":{"title":"Em evento, MoveInfra debate coopera\u00e7\u00e3o para ampliar a capacita\u00e7\u00e3o de m\u00e3o de obra - Ag\u00eancia iNFRA","robots":{"index":"index","follow":"follow","max-snippet":"max-snippet:-1","max-image-preview":"max-image-preview:large","max-video-preview":"max-video-preview:-1"},"canonical":"https:\/\/agenciainfra.com\/blog\/em-evento-moveinfra-debate-cooperacao-para-ampliar-a-capacitacao-de-mao-de-obra\/","og_locale":"pt_BR","og_type":"article","og_title":"Em evento, MoveInfra debate coopera\u00e7\u00e3o para ampliar a capacita\u00e7\u00e3o de m\u00e3o de obra","og_description":"da Ag\u00eancia iNFRA Grandes companhias de concess\u00e3o do pa\u00eds est\u00e3o trabalhando\u00a0para,\u00a0em\u00a0conjunto com as confedera\u00e7\u00f5es de empresas ligadas ao setor de infraestrutura, desenvolver a qualifica\u00e7\u00e3o de\u00a0m\u00e3o\u00a0de\u00a0obra\u00a0para\u00a0o setor. Um ACT (Acordo de\u00a0Coopera\u00e7\u00e3o\u00a0T\u00e9cnica) est\u00e1\u00a0em\u00a0fase final de an\u00e1lise\u00a0para\u00a0ser assinado entre a CNI (Confedera\u00e7\u00e3o Nacional da Ind\u00fastria), a CNT (Confedera\u00e7\u00e3o Nacional do Transporte) e o\u00a0MoveInfra, movimento que representa seis grandes [&hellip;]","og_url":"https:\/\/agenciainfra.com\/blog\/em-evento-moveinfra-debate-cooperacao-para-ampliar-a-capacitacao-de-mao-de-obra\/","og_site_name":"Ag\u00eancia iNFRA","article_publisher":"https:\/\/www.facebook.com\/ageninfra","article_published_time":"2023-12-11T14:00:00+00:00","article_modified_time":"2023-12-13T14:27:42+00:00","og_image":[{"width":1500,"height":1000,"url":"https:\/\/agenciainfra.com\/blog\/wp-content\/uploads\/2023\/12\/natalia-marcassa-foto-wenderson-araujo.jpeg","type":"image\/jpeg"}],"author":"Ag\u00eancia iNFRA","twitter_card":"summary_large_image","twitter_creator":"@agencia_infra","twitter_site":"@agencia_infra","twitter_misc":{"Escrito por":"Ag\u00eancia iNFRA","Est. tempo de leitura":"4 minutos"},"schema":{"@context":"https:\/\/schema.org","@graph":[{"@type":"Article","@id":"https:\/\/agenciainfra.com\/blog\/em-evento-moveinfra-debate-cooperacao-para-ampliar-a-capacitacao-de-mao-de-obra\/#article","isPartOf":{"@id":"https:\/\/agenciainfra.com\/blog\/em-evento-moveinfra-debate-cooperacao-para-ampliar-a-capacitacao-de-mao-de-obra\/"},"author":{"name":"Ag\u00eancia iNFRA","@id":"https:\/\/agenciainfra.com\/blog\/#\/schema\/person\/34af08dff6adea4cb22b06612ba7acfa"},"headline":"Em evento, MoveInfra debate coopera\u00e7\u00e3o para ampliar a capacita\u00e7\u00e3o de m\u00e3o de obra","datePublished":"2023-12-11T14:00:00+00:00","dateModified":"2023-12-13T14:27:42+00:00","mainEntityOfPage":{"@id":"https:\/\/agenciainfra.com\/blog\/em-evento-moveinfra-debate-cooperacao-para-ampliar-a-capacitacao-de-mao-de-obra\/"},"wordCount":800,"publisher":{"@id":"https:\/\/agenciainfra.com\/blog\/#organization"},"image":{"@id":"https:\/\/agenciainfra.com\/blog\/em-evento-moveinfra-debate-cooperacao-para-ampliar-a-capacitacao-de-mao-de-obra\/#primaryimage"},"thumbnailUrl":"https:\/\/agenciainfra.com\/blog\/wp-content\/uploads\/2023\/12\/natalia-marcassa-foto-wenderson-araujo.jpeg","keywords":["BNDES","capacita\u00e7\u00e3o","CNI","CNT","EcoRodovias","inscri\u00e7\u00f5es abertas","m\u00e3o de obra","Mato Grosso","Minist\u00e9rio da Fazenda","MoveInfra","Nat\u00e1lia Marcassa"],"articleSection":["Geral","iNFRALive e Eventos"],"inLanguage":"pt-BR","copyrightYear":"2023","copyrightHolder":{"@id":"https:\/\/agenciainfra.com\/blog\/#organization"}},{"@type":"WebPage","@id":"https:\/\/agenciainfra.com\/blog\/em-evento-moveinfra-debate-cooperacao-para-ampliar-a-capacitacao-de-mao-de-obra\/","url":"https:\/\/agenciainfra.com\/blog\/em-evento-moveinfra-debate-cooperacao-para-ampliar-a-capacitacao-de-mao-de-obra\/","name":"Em evento, MoveInfra debate coopera\u00e7\u00e3o para ampliar a capacita\u00e7\u00e3o de m\u00e3o de obra - Ag\u00eancia iNFRA","isPartOf":{"@id":"https:\/\/agenciainfra.com\/blog\/#website"},"primaryImageOfPage":{"@id":"https:\/\/agenciainfra.com\/blog\/em-evento-moveinfra-debate-cooperacao-para-ampliar-a-capacitacao-de-mao-de-obra\/#primaryimage"},"image":{"@id":"https:\/\/agenciainfra.com\/blog\/em-evento-moveinfra-debate-cooperacao-para-ampliar-a-capacitacao-de-mao-de-obra\/#primaryimage"},"thumbnailUrl":"https:\/\/agenciainfra.com\/blog\/wp-content\/uploads\/2023\/12\/natalia-marcassa-foto-wenderson-araujo.jpeg","datePublished":"2023-12-11T14:00:00+00:00","dateModified":"2023-12-13T14:27:42+00:00","breadcrumb":{"@id":"https:\/\/agenciainfra.com\/blog\/em-evento-moveinfra-debate-cooperacao-para-ampliar-a-capacitacao-de-mao-de-obra\/#breadcrumb"},"inLanguage":"pt-BR","potentialAction":[{"@type":"ReadAction","target":["https:\/\/agenciainfra.com\/blog\/em-evento-moveinfra-debate-cooperacao-para-ampliar-a-capacitacao-de-mao-de-obra\/"]}]},{"@type":"ImageObject","inLanguage":"pt-BR","@id":"https:\/\/agenciainfra.com\/blog\/em-evento-moveinfra-debate-cooperacao-para-ampliar-a-capacitacao-de-mao-de-obra\/#primaryimage","url":"https:\/\/agenciainfra.com\/blog\/wp-content\/uploads\/2023\/12\/natalia-marcassa-foto-wenderson-araujo.jpeg","contentUrl":"https:\/\/agenciainfra.com\/blog\/wp-content\/uploads\/2023\/12\/natalia-marcassa-foto-wenderson-araujo.jpeg","width":1500,"height":1000},{"@type":"BreadcrumbList","@id":"https:\/\/agenciainfra.com\/blog\/em-evento-moveinfra-debate-cooperacao-para-ampliar-a-capacitacao-de-mao-de-obra\/#breadcrumb","itemListElement":[{"@type":"ListItem","position":1,"name":"In\u00edcio","item":"https:\/\/agenciainfra.com\/blog\/"},{"@type":"ListItem","position":2,"name":"Em evento, MoveInfra debate coopera\u00e7\u00e3o para ampliar a capacita\u00e7\u00e3o de m\u00e3o de obra"}]},{"@type":"WebSite","@id":"https:\/\/agenciainfra.com\/blog\/#website","url":"https:\/\/agenciainfra.com\/blog\/","name":"Ag\u00eancia iNFRA","description":"Multiplataforma de informa\u00e7\u00e3o jornal\u00edstica refer\u00eancia na \u00e1rea de infraestrutura no Brasil!","publisher":{"@id":"https:\/\/agenciainfra.com\/blog\/#organization"},"potentialAction":[{"@type":"SearchAction","target":{"@type":"EntryPoint","urlTemplate":"https:\/\/agenciainfra.com\/blog\/?s={search_term_string}"},"query-input":{"@type":"PropertyValueSpecification","valueRequired":true,"valueName":"search_term_string"}}],"inLanguage":"pt-BR"},{"@type":"Organization","@id":"https:\/\/agenciainfra.com\/blog\/#organization","name":"Ag\u00eancia iNFRA","url":"https:\/\/agenciainfra.com\/blog\/","logo":{"@type":"ImageObject","inLanguage":"pt-BR","@id":"https:\/\/agenciainfra.com\/blog\/#\/schema\/logo\/image\/","url":"https:\/\/agenciainfra.com\/blog\/wp-content\/uploads\/2023\/09\/iNFRA_5-e1761735885940.png","contentUrl":"https:\/\/agenciainfra.com\/blog\/wp-content\/uploads\/2023\/09\/iNFRA_5-e1761735885940.png","width":1672,"height":454,"caption":"Ag\u00eancia iNFRA"},"image":{"@id":"https:\/\/agenciainfra.com\/blog\/#\/schema\/logo\/image\/"},"sameAs":["https:\/\/www.facebook.com\/ageninfra","https:\/\/x.com\/agencia_infra","https:\/\/www.linkedin.com\/company\/ag\u00eanciainfra\/","https:\/\/www.instagram.com\/agenciainfra\/"]},{"@type":"Person","@id":"https:\/\/agenciainfra.com\/blog\/#\/schema\/person\/34af08dff6adea4cb22b06612ba7acfa","name":"Ag\u00eancia iNFRA","image":{"@type":"ImageObject","inLanguage":"pt-BR","@id":"https:\/\/agenciainfra.com\/blog\/#\/schema\/person\/image\/","url":"https:\/\/secure.gravatar.com\/avatar\/d189e01678f06d8eb84d4e01f08eb848b3fffe3f8443818d3c356c66892f5be8?s=96&d=mm&r=g","contentUrl":"https:\/\/secure.gravatar.com\/avatar\/d189e01678f06d8eb84d4e01f08eb848b3fffe3f8443818d3c356c66892f5be8?s=96&d=mm&r=g","caption":"Ag\u00eancia iNFRA"},"url":"https:\/\/agenciainfra.com\/blog\/author\/admin\/"}]}},"_links":{"self":[{"href":"https:\/\/agenciainfra.com\/blog\/wp-json\/wp\/v2\/posts\/15045","targetHints":{"allow":["GET"]}}],"collection":[{"href":"https:\/\/agenciainfra.com\/blog\/wp-json\/wp\/v2\/posts"}],"about":[{"href":"https:\/\/agenciainfra.com\/blog\/wp-json\/wp\/v2\/types\/post"}],"author":[{"embeddable":true,"href":"https:\/\/agenciainfra.com\/blog\/wp-json\/wp\/v2\/users\/1"}],"replies":[{"embeddable":true,"href":"https:\/\/agenciainfra.com\/blog\/wp-json\/wp\/v2\/comments?post=15045"}],"version-history":[{"count":1,"href":"https:\/\/agenciainfra.com\/blog\/wp-json\/wp\/v2\/posts\/15045\/revisions"}],"predecessor-version":[{"id":15047,"href":"https:\/\/agenciainfra.com\/blog\/wp-json\/wp\/v2\/posts\/15045\/revisions\/15047"}],"wp:featuredmedia":[{"embeddable":true,"href":"https:\/\/agenciainfra.com\/blog\/wp-json\/wp\/v2\/media\/15046"}],"wp:attachment":[{"href":"https:\/\/agenciainfra.com\/blog\/wp-json\/wp\/v2\/media?parent=15045"}],"wp:term":[{"taxonomy":"category","embeddable":true,"href":"https:\/\/agenciainfra.com\/blog\/wp-json\/wp\/v2\/categories?post=15045"},{"taxonomy":"post_tag","embeddable":true,"href":"https:\/\/agenciainfra.com\/blog\/wp-json\/wp\/v2\/tags?post=15045"}],"curies":[{"name":"wp","href":"https:\/\/api.w.org\/{rel}","templated":true}]}}