{"id":15084,"date":"2023-12-14T09:00:00","date_gmt":"2023-12-14T12:00:00","guid":{"rendered":"https:\/\/www.agenciainfra.com\/blog\/?p=15084"},"modified":"2026-03-13T09:43:20","modified_gmt":"2026-03-13T12:43:20","slug":"tcu-determina-que-governo-justifique-em-180-dias-projetos-de-baixo-impacto-incluidos-no-pac","status":"publish","type":"post","link":"https:\/\/agenciainfra.com\/blog\/tcu-determina-que-governo-justifique-em-180-dias-projetos-de-baixo-impacto-incluidos-no-pac\/","title":{"rendered":"TCU determina que governo justifique em 180 dias projetos de baixo impacto inclu\u00eddos no PAC"},"content":{"rendered":"\n<p class=\"has-text-align-right\"><strong>Dimmi Amora, da Ag\u00eancia iNFRA<\/strong><\/p>\n\n\n\n<p>O&nbsp;governo&nbsp;federal incluiu&nbsp;no&nbsp;Novo&nbsp;PAC&nbsp;(Programa de Acelera\u00e7\u00e3o do Crescimento)&nbsp;projetos&nbsp;do setor de transporte de&nbsp;baixo&nbsp;impacto&nbsp;econ\u00f4mico e social, e de forma descoordenada do planejamento setorial de transporte. Isso pode levar a duplicidade de investimentos,&nbsp;que&nbsp;v\u00e3o gerar&nbsp;projetos&nbsp;que&nbsp;n\u00e3o reduzem custos log\u00edsticos para o pa\u00eds.<br><br>A partir desta avalia\u00e7\u00e3o, ap\u00f3s uma auditoria de quase um ano sobre o PNL (Plano Nacional de Log\u00edstica) 2035, o planejamento de transportes de longo prazo do pa\u00eds, o&nbsp;TCU&nbsp;(Tribunal de Contas da Uni\u00e3o) determinou na semana passada&nbsp;que&nbsp;o&nbsp;governo&nbsp;justifique&nbsp;em&nbsp;180&nbsp;dias&nbsp;a \u201cinclus\u00e3o de cada investimento log\u00edstico&nbsp;no&nbsp;novo&nbsp;PAC, indicando os custos, prazos, impactos, benef\u00edcios e riscos considerados na tomada de decis\u00e3o\u201d.<br><br>O mesmo prazo foi dado para&nbsp;que&nbsp;os minist\u00e9rios de Portos e Aeroportos e dos Transportes,&nbsp;em&nbsp;articula\u00e7\u00e3o com a Casa Civil, \u201cavaliem os&nbsp;projetos&nbsp;enviados ao novo&nbsp;PAC&nbsp;sob a \u00f3tica intermodal, a fim de evitar lacunas ou gargalos nos corredores log\u00edsticos\u201d.<br><br>O relator do processo, ministro Antonio Anastasia, lembrou&nbsp;em&nbsp;seu voto da import\u00e2ncia do planejamento de longo prazo do Estado&nbsp;no&nbsp;setor de transporte para&nbsp;que&nbsp;ele tenha solidez e perenidade.<br>&nbsp;<br>\u201cUma log\u00edstica adequada depende de previsibilidade e estabilidade nas a\u00e7\u00f5es governamentais, o&nbsp;que&nbsp;contribui para a atra\u00e7\u00e3o de investimentos t\u00e3o necess\u00e1rios para o aumento da efici\u00eancia e da seguran\u00e7a na movimenta\u00e7\u00e3o de cargas e de passageiros pelo territ\u00f3rio nacional\u201d, afirmou o ministro&nbsp;em&nbsp;seu voto.<br><br><strong>Pouca mudan\u00e7a<\/strong><br>Conforme&nbsp;<a href=\"https:\/\/agenciainfra.us14.list-manage.com\/track\/click?u=d460dd1bcf9ba0ae040e1fc0f&amp;id=d6360ba0fc&amp;e=f0fa444791\" target=\"_blank\" rel=\"noreferrer noopener\">mostrou<\/a>&nbsp;a&nbsp;<strong>Ag\u00eancia iNFRA<\/strong>&nbsp;em&nbsp;setembro deste ano, os problemas com o PNL 2035 foram apontados na auditoria e apresentados aos gestores,&nbsp;que&nbsp;na \u00e9poca disseram&nbsp;que&nbsp;provid\u00eancias estavam sendo tomadas para adequar o plano atual e o futuro, o PNL 2055,&nbsp;que&nbsp;est\u00e1&nbsp;em&nbsp;processo de gesta\u00e7\u00e3o,&nbsp;em&nbsp;rela\u00e7\u00e3o \u00e0s falhas apontadas pela auditoria. Pouca coisa mudou desde a ocasi\u00e3o.<br><br>Uma das mudan\u00e7as, por exemplo, seria a cria\u00e7\u00e3o de um organismo governamental para&nbsp;que&nbsp;os minist\u00e9rios de Portos e Aeroportos e dos Transportes pudessem&nbsp;fazer um planejamento&nbsp;em&nbsp;conjunto. Isso dependeria de um decreto para criar uma inst\u00e2ncia de governan\u00e7a entre os dois \u00f3rg\u00e3os&nbsp;que, at\u00e9 o momento, n\u00e3o foi publicado.<br><br>Havia a promessa tamb\u00e9m de&nbsp;que&nbsp;os planos setoriais de cada \u00e1rea, rodovias, ferrovias, portos e hidrovias, iniciados ap\u00f3s o Plano Nacional de Log\u00edstica de 2035, fossem disponibilizados para consulta p\u00fablica.<br><br>Pelas normas&nbsp;que&nbsp;regem o PNL, a partir do plano geral, seriam elaborados planos setoriais&nbsp;que&nbsp;seriam utilizados para selecionar os&nbsp;projetos&nbsp;indicados para investimento privado ou p\u00fablico. A previs\u00e3o \u00e9&nbsp;que&nbsp;isso estivesse pronto&nbsp;no&nbsp;fim de 2022. Mas nenhum plano foi disponibilizado at\u00e9 o momento para avalia\u00e7\u00e3o p\u00fablica e o \u00f3rg\u00e3o de controle indicou&nbsp;que&nbsp;a posterga\u00e7\u00e3o infinita da apresenta\u00e7\u00e3o \u00e0 sociedade fere diversas leis e regulamentos do pa\u00eds.<br><br><strong>Troca de&nbsp;governo<\/strong><br>Na decis\u00e3o do&nbsp;TCU, os ministros avaliaram&nbsp;que&nbsp;a troca de&nbsp;governo&nbsp;e a forma como o Minist\u00e9rio da Infraestrutura foi desmembrado&nbsp;em&nbsp;2023 levaram a dificuldades para se seguir a proposta do PNL original,&nbsp;que&nbsp;previa&nbsp;que&nbsp;os&nbsp;projetos&nbsp;escolhidos para serem implementados nos programas de investimentos fossem escolhidos a partir das avalia\u00e7\u00f5es do PNL.<br><br>Por isso, n\u00e3o foi poss\u00edvel fazer a inclus\u00e3o dos&nbsp;projetos&nbsp;no&nbsp;Novo&nbsp;PAC&nbsp;levando&nbsp;em&nbsp;considera\u00e7\u00e3o o PNL.&nbsp;No&nbsp;entanto, a decis\u00e3o do&nbsp;TCU&nbsp;informa&nbsp;que, para o pr\u00f3ximo ciclo de planejamento, os gestores ter\u00e3o&nbsp;que&nbsp;lavar&nbsp;em&nbsp;considera\u00e7\u00e3o o planejamento setorial para incluir&nbsp;projetos&nbsp;nas a\u00e7\u00f5es governamentais.<br><br>\u201c[Os gestores] passam a contar agora com o atual relat\u00f3rio de auditoria&nbsp;que&nbsp;poder\u00e1 ser auxiliar&nbsp;no&nbsp;aperfei\u00e7oamento da pol\u00edtica p\u00fablica e direcionar avan\u00e7os de governan\u00e7a&nbsp;no&nbsp;setor. Dessa forma, a perman\u00eancia das falhas&nbsp;em&nbsp;fiscaliza\u00e7\u00f5es futuras n\u00e3o ser\u00e1 considerada razo\u00e1vel\u201d, indica o relator.<br><br><strong>Incentivo ao planejamento<\/strong><br>Foi recomendado ainda \u00e0 Casa Civil&nbsp;que&nbsp;avalie \u201co estabelecimento de mecanismos e procedimentos normativos para incentivar o uso do planejamento log\u00edstico na aloca\u00e7\u00e3o or\u00e7ament\u00e1ria e&nbsp;em&nbsp;programas de investimentos (PPA, LDO, LOA e&nbsp;PAC); [&#8230;] e a conveni\u00eancia e oportunidade de submiss\u00e3o de projeto de Lei&nbsp;que&nbsp;estabele\u00e7a a exig\u00eancia de crit\u00e9rios m\u00ednimos [&#8230;] para a inclus\u00e3o dos&nbsp;projetos&nbsp;log\u00edsticos materialmente relevantes nos or\u00e7amentos p\u00fablicos, a fim de evitar obras invi\u00e1veis ou de baixa viabilidade socioecon\u00f4mica\u201d.<br><br>Na auditoria, o Minist\u00e9rio dos Transportes serviu de exemplo para identificar poss\u00edveis futuros desperd\u00edcios de recursos. De acordo com o trabalho, \u201ca maior parcela dos&nbsp;projetos&nbsp;rodovi\u00e1rios encaminhados ao novo&nbsp;PAC&nbsp;tem&nbsp;baixo&nbsp;impacto&nbsp;no&nbsp;plano setorial ou [nem] sequer tinha sido avaliada pelo planejamento&nbsp;em&nbsp;andamento, representando cerca de R$ 80 bilh\u00f5es entre&nbsp;projetos&nbsp;privados e p\u00fablicos&#8221;.<br><br>Outro apontamento \u00e9&nbsp;que&nbsp;o minist\u00e9rio \u201csugeriu investir recursos p\u00fablicos&nbsp;em&nbsp;projetos&nbsp;que&nbsp;teriam voca\u00e7\u00e3o privada (projetos&nbsp;com viabilidade econ\u00f4mica) segundo o planejamento&nbsp;em&nbsp;andamento, demonstrando risco de aloca\u00e7\u00e3o ineficiente\u201d. De acordo com a auditoria, s\u00e3o R$ 7,8 bilh\u00f5es de investimentos rodovi\u00e1rios a serem realizados com recursos do Or\u00e7amento-Geral da Uni\u00e3o&nbsp;em&nbsp;projetos&nbsp;cuja voca\u00e7\u00e3o original, de acordo com o plano setorial, seria privada.<br><br><strong>Sem ferrovias de alto retorno<\/strong><br>O caso das ferrovias escolhidas para investimentos p\u00fablicos&nbsp;no&nbsp;PAC&nbsp;chama ainda mais aten\u00e7\u00e3o, j\u00e1&nbsp;que&nbsp;nenhuma das tr\u00eas estava classificada como de alto retorno social. E nenhuma das de alto retorno foi colocada&nbsp;no&nbsp;programa at\u00e9 o momento.<br><br>No&nbsp;caso do Minist\u00e9rio de Portos e Aeroportos, a auditoria apontou&nbsp;que&nbsp;os&nbsp;projetos&nbsp;encaminhados ao&nbsp;PAC&nbsp;no&nbsp;setor de portos tiveram elevada ader\u00eancia com o planejamento&nbsp;que&nbsp;estava&nbsp;em&nbsp;andamento.&nbsp;No&nbsp;caso do setor aeroportu\u00e1rio, saiu o \u00fanico elogio do \u00f3rg\u00e3o ao modelo apresentado.<br><br>O PAN (Plano Aerovi\u00e1rio Nacional) foi referendado como uma boa pr\u00e1tica de planejamento para o setor, com recomenda\u00e7\u00e3o de&nbsp;que&nbsp;os gestores&nbsp;que&nbsp;est\u00e3o a frente do modelo de planejamento do setor a\u00e9reo nacional sejam reconhecidos pela excel\u00eancia do trabalho&nbsp;em&nbsp;termos de metodologia, pelo uso de crit\u00e9rios para classificar os&nbsp;projetos&nbsp;por sua vantajosidade econ\u00f4mica e social, e de transpar\u00eancia.<br><br><strong>Intermodalidade<\/strong><br>No&nbsp;caso dos dois minist\u00e9rios do setor de transportes, a recomenda\u00e7\u00e3o do \u00f3rg\u00e3o foi para&nbsp;que&nbsp;acelerem a implementa\u00e7\u00e3o dos mecanismos&nbsp;que&nbsp;possam fazer com&nbsp;que&nbsp;trabalhem juntos&nbsp;no&nbsp;planejamento e&nbsp;que&nbsp;possam fazer isso considerando a intermodalidade, com a identifica\u00e7\u00e3o de corredores log\u00edsticos&nbsp;no&nbsp;pa\u00eds.<br><br>Os preju\u00edzos causados pela falta de coordena\u00e7\u00e3o s\u00e3o apresentados com o exemplo da Fiol (Ferrovia Oeste-Leste). Segundo o \u00f3rg\u00e3o, auditoria anterior do \u00f3rg\u00e3o aponta&nbsp;que&nbsp;\u201ca desconex\u00e3o entre ferrovias e portos\u201d causou perdas estimadas&nbsp;em&nbsp;pelo menos R$ 6 bilh\u00f5es, entre outros motivos, pelo fato de o \u201cin\u00edcio das obras da ferrovia ter sido estabelecido sem considerar as fases de implanta\u00e7\u00e3o e de opera\u00e7\u00e3o do complexo portu\u00e1rio\u201d.<\/p>\n","protected":false},"excerpt":{"rendered":"<p>Dimmi Amora, da Ag\u00eancia iNFRA O&nbsp;governo&nbsp;federal incluiu&nbsp;no&nbsp;Novo&nbsp;PAC&nbsp;(Programa de Acelera\u00e7\u00e3o do Crescimento)&nbsp;projetos&nbsp;do setor de transporte de&nbsp;baixo&nbsp;impacto&nbsp;econ\u00f4mico e social, e de forma descoordenada do planejamento setorial de transporte. Isso pode levar a duplicidade de investimentos,&nbsp;que&nbsp;v\u00e3o gerar&nbsp;projetos&nbsp;que&nbsp;n\u00e3o reduzem custos log\u00edsticos para o pa\u00eds. A partir desta avalia\u00e7\u00e3o, ap\u00f3s uma auditoria de quase um ano sobre o PNL (Plano [&hellip;]<\/p>\n","protected":false},"author":1,"featured_media":10805,"comment_status":"closed","ping_status":"closed","sticky":false,"template":"","format":"standard","meta":{"_monsterinsights_skip_tracking":false,"_monsterinsights_sitenote_active":false,"_monsterinsights_sitenote_note":"","_monsterinsights_sitenote_category":0,"footnotes":""},"categories":[7250,1,7],"tags":[3252,7874,1344,1299,66,6632,16,5992,1358,526,18],"class_list":["post-15084","post","type-post","status-publish","format-standard","has-post-thumbnail","hentry","category-destaque-lista","category-geral","category-infratransporte","tag-antonio-anastasia","tag-baixo-impacto","tag-casa-civil","tag-dimmi-amora","tag-logistica","tag-ministerio-dos-portos-e-aeroportos","tag-ministerio-dos-transportes","tag-novo-pac","tag-plano-nacional-de-logistica","tag-pnl","tag-tcu"],"yoast_head":"<!-- This site is optimized with the Yoast SEO Premium plugin v25.4 (Yoast SEO v26.0) - https:\/\/yoast.com\/wordpress\/plugins\/seo\/ -->\n<title>TCU determina que governo justifique em 180 dias projetos de baixo impacto inclu\u00eddos no PAC - Ag\u00eancia iNFRA<\/title>\n<meta name=\"robots\" content=\"index, follow, max-snippet:-1, max-image-preview:large, max-video-preview:-1\" \/>\n<link rel=\"canonical\" href=\"https:\/\/agenciainfra.com\/blog\/tcu-determina-que-governo-justifique-em-180-dias-projetos-de-baixo-impacto-incluidos-no-pac\/\" \/>\n<meta property=\"og:locale\" content=\"pt_BR\" \/>\n<meta property=\"og:type\" content=\"article\" \/>\n<meta property=\"og:title\" content=\"TCU determina que governo justifique em 180 dias projetos de baixo impacto inclu\u00eddos no PAC\" \/>\n<meta property=\"og:description\" content=\"Dimmi Amora, da Ag\u00eancia iNFRA O&nbsp;governo&nbsp;federal incluiu&nbsp;no&nbsp;Novo&nbsp;PAC&nbsp;(Programa de Acelera\u00e7\u00e3o do Crescimento)&nbsp;projetos&nbsp;do setor de transporte de&nbsp;baixo&nbsp;impacto&nbsp;econ\u00f4mico e social, e de forma descoordenada do planejamento setorial de transporte. Isso pode levar a duplicidade de investimentos,&nbsp;que&nbsp;v\u00e3o gerar&nbsp;projetos&nbsp;que&nbsp;n\u00e3o reduzem custos log\u00edsticos para o pa\u00eds. A partir desta avalia\u00e7\u00e3o, ap\u00f3s uma auditoria de quase um ano sobre o PNL (Plano [&hellip;]\" \/>\n<meta property=\"og:url\" content=\"https:\/\/agenciainfra.com\/blog\/tcu-determina-que-governo-justifique-em-180-dias-projetos-de-baixo-impacto-incluidos-no-pac\/\" \/>\n<meta property=\"og:site_name\" content=\"Ag\u00eancia iNFRA\" \/>\n<meta property=\"article:publisher\" content=\"https:\/\/www.facebook.com\/ageninfra\" \/>\n<meta property=\"article:published_time\" content=\"2023-12-14T12:00:00+00:00\" \/>\n<meta property=\"article:modified_time\" content=\"2026-03-13T12:43:20+00:00\" \/>\n<meta property=\"og:image\" content=\"https:\/\/agenciainfra.com\/blog\/wp-content\/uploads\/2022\/07\/antonio-anastasia-foto-tcu.jpeg\" \/>\n\t<meta property=\"og:image:width\" content=\"1280\" \/>\n\t<meta property=\"og:image:height\" content=\"853\" \/>\n\t<meta property=\"og:image:type\" content=\"image\/jpeg\" \/>\n<meta name=\"author\" content=\"Ag\u00eancia iNFRA\" \/>\n<meta name=\"twitter:card\" content=\"summary_large_image\" \/>\n<meta name=\"twitter:creator\" content=\"@agencia_infra\" \/>\n<meta name=\"twitter:site\" content=\"@agencia_infra\" \/>\n<meta name=\"twitter:label1\" content=\"Escrito por\" \/>\n\t<meta name=\"twitter:data1\" content=\"Ag\u00eancia iNFRA\" \/>\n\t<meta name=\"twitter:label2\" content=\"Est. tempo de leitura\" \/>\n\t<meta name=\"twitter:data2\" content=\"7 minutos\" \/>\n<script type=\"application\/ld+json\" class=\"yoast-schema-graph\">{\"@context\":\"https:\/\/schema.org\",\"@graph\":[{\"@type\":\"Article\",\"@id\":\"https:\/\/agenciainfra.com\/blog\/tcu-determina-que-governo-justifique-em-180-dias-projetos-de-baixo-impacto-incluidos-no-pac\/#article\",\"isPartOf\":{\"@id\":\"https:\/\/agenciainfra.com\/blog\/tcu-determina-que-governo-justifique-em-180-dias-projetos-de-baixo-impacto-incluidos-no-pac\/\"},\"author\":{\"name\":\"Ag\u00eancia iNFRA\",\"@id\":\"https:\/\/agenciainfra.com\/blog\/#\/schema\/person\/34af08dff6adea4cb22b06612ba7acfa\"},\"headline\":\"TCU determina que governo justifique em 180 dias projetos de baixo impacto inclu\u00eddos no PAC\",\"datePublished\":\"2023-12-14T12:00:00+00:00\",\"dateModified\":\"2026-03-13T12:43:20+00:00\",\"mainEntityOfPage\":{\"@id\":\"https:\/\/agenciainfra.com\/blog\/tcu-determina-que-governo-justifique-em-180-dias-projetos-de-baixo-impacto-incluidos-no-pac\/\"},\"wordCount\":1421,\"publisher\":{\"@id\":\"https:\/\/agenciainfra.com\/blog\/#organization\"},\"image\":{\"@id\":\"https:\/\/agenciainfra.com\/blog\/tcu-determina-que-governo-justifique-em-180-dias-projetos-de-baixo-impacto-incluidos-no-pac\/#primaryimage\"},\"thumbnailUrl\":\"https:\/\/agenciainfra.com\/blog\/wp-content\/uploads\/2022\/07\/antonio-anastasia-foto-tcu.jpeg\",\"keywords\":[\"Antonio Anastasia\",\"baixo impacto\",\"Casa Civil\",\"Dimmi Amora\",\"log\u00edstica\",\"Minist\u00e9rio dos Portos e Aeroportos\",\"minist\u00e9rio dos transportes\",\"Novo PAC\",\"Plano Nacional de Log\u00edstica\",\"PNL\",\"TCU\"],\"articleSection\":[\"Destaque lista\",\"Geral\",\"iNFRATransporte\"],\"inLanguage\":\"pt-BR\",\"copyrightYear\":\"2023\",\"copyrightHolder\":{\"@id\":\"https:\/\/agenciainfra.com\/blog\/#organization\"}},{\"@type\":\"WebPage\",\"@id\":\"https:\/\/agenciainfra.com\/blog\/tcu-determina-que-governo-justifique-em-180-dias-projetos-de-baixo-impacto-incluidos-no-pac\/\",\"url\":\"https:\/\/agenciainfra.com\/blog\/tcu-determina-que-governo-justifique-em-180-dias-projetos-de-baixo-impacto-incluidos-no-pac\/\",\"name\":\"TCU determina que governo justifique em 180 dias projetos de baixo impacto inclu\u00eddos no PAC - Ag\u00eancia iNFRA\",\"isPartOf\":{\"@id\":\"https:\/\/agenciainfra.com\/blog\/#website\"},\"primaryImageOfPage\":{\"@id\":\"https:\/\/agenciainfra.com\/blog\/tcu-determina-que-governo-justifique-em-180-dias-projetos-de-baixo-impacto-incluidos-no-pac\/#primaryimage\"},\"image\":{\"@id\":\"https:\/\/agenciainfra.com\/blog\/tcu-determina-que-governo-justifique-em-180-dias-projetos-de-baixo-impacto-incluidos-no-pac\/#primaryimage\"},\"thumbnailUrl\":\"https:\/\/agenciainfra.com\/blog\/wp-content\/uploads\/2022\/07\/antonio-anastasia-foto-tcu.jpeg\",\"datePublished\":\"2023-12-14T12:00:00+00:00\",\"dateModified\":\"2026-03-13T12:43:20+00:00\",\"breadcrumb\":{\"@id\":\"https:\/\/agenciainfra.com\/blog\/tcu-determina-que-governo-justifique-em-180-dias-projetos-de-baixo-impacto-incluidos-no-pac\/#breadcrumb\"},\"inLanguage\":\"pt-BR\",\"potentialAction\":[{\"@type\":\"ReadAction\",\"target\":[\"https:\/\/agenciainfra.com\/blog\/tcu-determina-que-governo-justifique-em-180-dias-projetos-de-baixo-impacto-incluidos-no-pac\/\"]}]},{\"@type\":\"ImageObject\",\"inLanguage\":\"pt-BR\",\"@id\":\"https:\/\/agenciainfra.com\/blog\/tcu-determina-que-governo-justifique-em-180-dias-projetos-de-baixo-impacto-incluidos-no-pac\/#primaryimage\",\"url\":\"https:\/\/agenciainfra.com\/blog\/wp-content\/uploads\/2022\/07\/antonio-anastasia-foto-tcu.jpeg\",\"contentUrl\":\"https:\/\/agenciainfra.com\/blog\/wp-content\/uploads\/2022\/07\/antonio-anastasia-foto-tcu.jpeg\",\"width\":1280,\"height\":853,\"caption\":\"Foto: TCU\"},{\"@type\":\"BreadcrumbList\",\"@id\":\"https:\/\/agenciainfra.com\/blog\/tcu-determina-que-governo-justifique-em-180-dias-projetos-de-baixo-impacto-incluidos-no-pac\/#breadcrumb\",\"itemListElement\":[{\"@type\":\"ListItem\",\"position\":1,\"name\":\"In\u00edcio\",\"item\":\"https:\/\/agenciainfra.com\/blog\/\"},{\"@type\":\"ListItem\",\"position\":2,\"name\":\"TCU determina que governo justifique em 180 dias projetos de baixo impacto inclu\u00eddos no PAC\"}]},{\"@type\":\"WebSite\",\"@id\":\"https:\/\/agenciainfra.com\/blog\/#website\",\"url\":\"https:\/\/agenciainfra.com\/blog\/\",\"name\":\"Ag\u00eancia iNFRA\",\"description\":\"Multiplataforma de informa\u00e7\u00e3o jornal\u00edstica refer\u00eancia na \u00e1rea de infraestrutura no Brasil!\",\"publisher\":{\"@id\":\"https:\/\/agenciainfra.com\/blog\/#organization\"},\"potentialAction\":[{\"@type\":\"SearchAction\",\"target\":{\"@type\":\"EntryPoint\",\"urlTemplate\":\"https:\/\/agenciainfra.com\/blog\/?s={search_term_string}\"},\"query-input\":{\"@type\":\"PropertyValueSpecification\",\"valueRequired\":true,\"valueName\":\"search_term_string\"}}],\"inLanguage\":\"pt-BR\"},{\"@type\":\"Organization\",\"@id\":\"https:\/\/agenciainfra.com\/blog\/#organization\",\"name\":\"Ag\u00eancia iNFRA\",\"url\":\"https:\/\/agenciainfra.com\/blog\/\",\"logo\":{\"@type\":\"ImageObject\",\"inLanguage\":\"pt-BR\",\"@id\":\"https:\/\/agenciainfra.com\/blog\/#\/schema\/logo\/image\/\",\"url\":\"https:\/\/agenciainfra.com\/blog\/wp-content\/uploads\/2023\/09\/iNFRA_5-e1761735885940.png\",\"contentUrl\":\"https:\/\/agenciainfra.com\/blog\/wp-content\/uploads\/2023\/09\/iNFRA_5-e1761735885940.png\",\"width\":1672,\"height\":454,\"caption\":\"Ag\u00eancia iNFRA\"},\"image\":{\"@id\":\"https:\/\/agenciainfra.com\/blog\/#\/schema\/logo\/image\/\"},\"sameAs\":[\"https:\/\/www.facebook.com\/ageninfra\",\"https:\/\/x.com\/agencia_infra\",\"https:\/\/www.linkedin.com\/company\/ag\u00eanciainfra\/\",\"https:\/\/www.instagram.com\/agenciainfra\/\"]},{\"@type\":\"Person\",\"@id\":\"https:\/\/agenciainfra.com\/blog\/#\/schema\/person\/34af08dff6adea4cb22b06612ba7acfa\",\"name\":\"Ag\u00eancia iNFRA\",\"image\":{\"@type\":\"ImageObject\",\"inLanguage\":\"pt-BR\",\"@id\":\"https:\/\/agenciainfra.com\/blog\/#\/schema\/person\/image\/\",\"url\":\"https:\/\/secure.gravatar.com\/avatar\/d189e01678f06d8eb84d4e01f08eb848b3fffe3f8443818d3c356c66892f5be8?s=96&d=mm&r=g\",\"contentUrl\":\"https:\/\/secure.gravatar.com\/avatar\/d189e01678f06d8eb84d4e01f08eb848b3fffe3f8443818d3c356c66892f5be8?s=96&d=mm&r=g\",\"caption\":\"Ag\u00eancia iNFRA\"},\"url\":\"https:\/\/agenciainfra.com\/blog\/author\/admin\/\"}]}<\/script>\n<!-- \/ Yoast SEO Premium plugin. -->","yoast_head_json":{"title":"TCU determina que governo justifique em 180 dias projetos de baixo impacto inclu\u00eddos no PAC - Ag\u00eancia iNFRA","robots":{"index":"index","follow":"follow","max-snippet":"max-snippet:-1","max-image-preview":"max-image-preview:large","max-video-preview":"max-video-preview:-1"},"canonical":"https:\/\/agenciainfra.com\/blog\/tcu-determina-que-governo-justifique-em-180-dias-projetos-de-baixo-impacto-incluidos-no-pac\/","og_locale":"pt_BR","og_type":"article","og_title":"TCU determina que governo justifique em 180 dias projetos de baixo impacto inclu\u00eddos no PAC","og_description":"Dimmi Amora, da Ag\u00eancia iNFRA O&nbsp;governo&nbsp;federal incluiu&nbsp;no&nbsp;Novo&nbsp;PAC&nbsp;(Programa de Acelera\u00e7\u00e3o do Crescimento)&nbsp;projetos&nbsp;do setor de transporte de&nbsp;baixo&nbsp;impacto&nbsp;econ\u00f4mico e social, e de forma descoordenada do planejamento setorial de transporte. Isso pode levar a duplicidade de investimentos,&nbsp;que&nbsp;v\u00e3o gerar&nbsp;projetos&nbsp;que&nbsp;n\u00e3o reduzem custos log\u00edsticos para o pa\u00eds. A partir desta avalia\u00e7\u00e3o, ap\u00f3s uma auditoria de quase um ano sobre o PNL (Plano [&hellip;]","og_url":"https:\/\/agenciainfra.com\/blog\/tcu-determina-que-governo-justifique-em-180-dias-projetos-de-baixo-impacto-incluidos-no-pac\/","og_site_name":"Ag\u00eancia iNFRA","article_publisher":"https:\/\/www.facebook.com\/ageninfra","article_published_time":"2023-12-14T12:00:00+00:00","article_modified_time":"2026-03-13T12:43:20+00:00","og_image":[{"width":1280,"height":853,"url":"https:\/\/agenciainfra.com\/blog\/wp-content\/uploads\/2022\/07\/antonio-anastasia-foto-tcu.jpeg","type":"image\/jpeg"}],"author":"Ag\u00eancia iNFRA","twitter_card":"summary_large_image","twitter_creator":"@agencia_infra","twitter_site":"@agencia_infra","twitter_misc":{"Escrito por":"Ag\u00eancia iNFRA","Est. tempo de leitura":"7 minutos"},"schema":{"@context":"https:\/\/schema.org","@graph":[{"@type":"Article","@id":"https:\/\/agenciainfra.com\/blog\/tcu-determina-que-governo-justifique-em-180-dias-projetos-de-baixo-impacto-incluidos-no-pac\/#article","isPartOf":{"@id":"https:\/\/agenciainfra.com\/blog\/tcu-determina-que-governo-justifique-em-180-dias-projetos-de-baixo-impacto-incluidos-no-pac\/"},"author":{"name":"Ag\u00eancia iNFRA","@id":"https:\/\/agenciainfra.com\/blog\/#\/schema\/person\/34af08dff6adea4cb22b06612ba7acfa"},"headline":"TCU determina que governo justifique em 180 dias projetos de baixo impacto inclu\u00eddos no PAC","datePublished":"2023-12-14T12:00:00+00:00","dateModified":"2026-03-13T12:43:20+00:00","mainEntityOfPage":{"@id":"https:\/\/agenciainfra.com\/blog\/tcu-determina-que-governo-justifique-em-180-dias-projetos-de-baixo-impacto-incluidos-no-pac\/"},"wordCount":1421,"publisher":{"@id":"https:\/\/agenciainfra.com\/blog\/#organization"},"image":{"@id":"https:\/\/agenciainfra.com\/blog\/tcu-determina-que-governo-justifique-em-180-dias-projetos-de-baixo-impacto-incluidos-no-pac\/#primaryimage"},"thumbnailUrl":"https:\/\/agenciainfra.com\/blog\/wp-content\/uploads\/2022\/07\/antonio-anastasia-foto-tcu.jpeg","keywords":["Antonio Anastasia","baixo impacto","Casa Civil","Dimmi Amora","log\u00edstica","Minist\u00e9rio dos Portos e Aeroportos","minist\u00e9rio dos transportes","Novo PAC","Plano Nacional de Log\u00edstica","PNL","TCU"],"articleSection":["Destaque lista","Geral","iNFRATransporte"],"inLanguage":"pt-BR","copyrightYear":"2023","copyrightHolder":{"@id":"https:\/\/agenciainfra.com\/blog\/#organization"}},{"@type":"WebPage","@id":"https:\/\/agenciainfra.com\/blog\/tcu-determina-que-governo-justifique-em-180-dias-projetos-de-baixo-impacto-incluidos-no-pac\/","url":"https:\/\/agenciainfra.com\/blog\/tcu-determina-que-governo-justifique-em-180-dias-projetos-de-baixo-impacto-incluidos-no-pac\/","name":"TCU determina que governo justifique em 180 dias projetos de baixo impacto inclu\u00eddos no PAC - Ag\u00eancia iNFRA","isPartOf":{"@id":"https:\/\/agenciainfra.com\/blog\/#website"},"primaryImageOfPage":{"@id":"https:\/\/agenciainfra.com\/blog\/tcu-determina-que-governo-justifique-em-180-dias-projetos-de-baixo-impacto-incluidos-no-pac\/#primaryimage"},"image":{"@id":"https:\/\/agenciainfra.com\/blog\/tcu-determina-que-governo-justifique-em-180-dias-projetos-de-baixo-impacto-incluidos-no-pac\/#primaryimage"},"thumbnailUrl":"https:\/\/agenciainfra.com\/blog\/wp-content\/uploads\/2022\/07\/antonio-anastasia-foto-tcu.jpeg","datePublished":"2023-12-14T12:00:00+00:00","dateModified":"2026-03-13T12:43:20+00:00","breadcrumb":{"@id":"https:\/\/agenciainfra.com\/blog\/tcu-determina-que-governo-justifique-em-180-dias-projetos-de-baixo-impacto-incluidos-no-pac\/#breadcrumb"},"inLanguage":"pt-BR","potentialAction":[{"@type":"ReadAction","target":["https:\/\/agenciainfra.com\/blog\/tcu-determina-que-governo-justifique-em-180-dias-projetos-de-baixo-impacto-incluidos-no-pac\/"]}]},{"@type":"ImageObject","inLanguage":"pt-BR","@id":"https:\/\/agenciainfra.com\/blog\/tcu-determina-que-governo-justifique-em-180-dias-projetos-de-baixo-impacto-incluidos-no-pac\/#primaryimage","url":"https:\/\/agenciainfra.com\/blog\/wp-content\/uploads\/2022\/07\/antonio-anastasia-foto-tcu.jpeg","contentUrl":"https:\/\/agenciainfra.com\/blog\/wp-content\/uploads\/2022\/07\/antonio-anastasia-foto-tcu.jpeg","width":1280,"height":853,"caption":"Foto: TCU"},{"@type":"BreadcrumbList","@id":"https:\/\/agenciainfra.com\/blog\/tcu-determina-que-governo-justifique-em-180-dias-projetos-de-baixo-impacto-incluidos-no-pac\/#breadcrumb","itemListElement":[{"@type":"ListItem","position":1,"name":"In\u00edcio","item":"https:\/\/agenciainfra.com\/blog\/"},{"@type":"ListItem","position":2,"name":"TCU determina que governo justifique em 180 dias projetos de baixo impacto inclu\u00eddos no PAC"}]},{"@type":"WebSite","@id":"https:\/\/agenciainfra.com\/blog\/#website","url":"https:\/\/agenciainfra.com\/blog\/","name":"Ag\u00eancia iNFRA","description":"Multiplataforma de informa\u00e7\u00e3o jornal\u00edstica refer\u00eancia na \u00e1rea de infraestrutura no Brasil!","publisher":{"@id":"https:\/\/agenciainfra.com\/blog\/#organization"},"potentialAction":[{"@type":"SearchAction","target":{"@type":"EntryPoint","urlTemplate":"https:\/\/agenciainfra.com\/blog\/?s={search_term_string}"},"query-input":{"@type":"PropertyValueSpecification","valueRequired":true,"valueName":"search_term_string"}}],"inLanguage":"pt-BR"},{"@type":"Organization","@id":"https:\/\/agenciainfra.com\/blog\/#organization","name":"Ag\u00eancia iNFRA","url":"https:\/\/agenciainfra.com\/blog\/","logo":{"@type":"ImageObject","inLanguage":"pt-BR","@id":"https:\/\/agenciainfra.com\/blog\/#\/schema\/logo\/image\/","url":"https:\/\/agenciainfra.com\/blog\/wp-content\/uploads\/2023\/09\/iNFRA_5-e1761735885940.png","contentUrl":"https:\/\/agenciainfra.com\/blog\/wp-content\/uploads\/2023\/09\/iNFRA_5-e1761735885940.png","width":1672,"height":454,"caption":"Ag\u00eancia iNFRA"},"image":{"@id":"https:\/\/agenciainfra.com\/blog\/#\/schema\/logo\/image\/"},"sameAs":["https:\/\/www.facebook.com\/ageninfra","https:\/\/x.com\/agencia_infra","https:\/\/www.linkedin.com\/company\/ag\u00eanciainfra\/","https:\/\/www.instagram.com\/agenciainfra\/"]},{"@type":"Person","@id":"https:\/\/agenciainfra.com\/blog\/#\/schema\/person\/34af08dff6adea4cb22b06612ba7acfa","name":"Ag\u00eancia iNFRA","image":{"@type":"ImageObject","inLanguage":"pt-BR","@id":"https:\/\/agenciainfra.com\/blog\/#\/schema\/person\/image\/","url":"https:\/\/secure.gravatar.com\/avatar\/d189e01678f06d8eb84d4e01f08eb848b3fffe3f8443818d3c356c66892f5be8?s=96&d=mm&r=g","contentUrl":"https:\/\/secure.gravatar.com\/avatar\/d189e01678f06d8eb84d4e01f08eb848b3fffe3f8443818d3c356c66892f5be8?s=96&d=mm&r=g","caption":"Ag\u00eancia iNFRA"},"url":"https:\/\/agenciainfra.com\/blog\/author\/admin\/"}]}},"_links":{"self":[{"href":"https:\/\/agenciainfra.com\/blog\/wp-json\/wp\/v2\/posts\/15084","targetHints":{"allow":["GET"]}}],"collection":[{"href":"https:\/\/agenciainfra.com\/blog\/wp-json\/wp\/v2\/posts"}],"about":[{"href":"https:\/\/agenciainfra.com\/blog\/wp-json\/wp\/v2\/types\/post"}],"author":[{"embeddable":true,"href":"https:\/\/agenciainfra.com\/blog\/wp-json\/wp\/v2\/users\/1"}],"replies":[{"embeddable":true,"href":"https:\/\/agenciainfra.com\/blog\/wp-json\/wp\/v2\/comments?post=15084"}],"version-history":[{"count":1,"href":"https:\/\/agenciainfra.com\/blog\/wp-json\/wp\/v2\/posts\/15084\/revisions"}],"predecessor-version":[{"id":15085,"href":"https:\/\/agenciainfra.com\/blog\/wp-json\/wp\/v2\/posts\/15084\/revisions\/15085"}],"wp:featuredmedia":[{"embeddable":true,"href":"https:\/\/agenciainfra.com\/blog\/wp-json\/wp\/v2\/media\/10805"}],"wp:attachment":[{"href":"https:\/\/agenciainfra.com\/blog\/wp-json\/wp\/v2\/media?parent=15084"}],"wp:term":[{"taxonomy":"category","embeddable":true,"href":"https:\/\/agenciainfra.com\/blog\/wp-json\/wp\/v2\/categories?post=15084"},{"taxonomy":"post_tag","embeddable":true,"href":"https:\/\/agenciainfra.com\/blog\/wp-json\/wp\/v2\/tags?post=15084"}],"curies":[{"name":"wp","href":"https:\/\/api.w.org\/{rel}","templated":true}]}}