{"id":15103,"date":"2023-12-16T09:00:00","date_gmt":"2023-12-16T12:00:00","guid":{"rendered":"https:\/\/www.agenciainfra.com\/blog\/?p=15103"},"modified":"2026-03-13T09:43:18","modified_gmt":"2026-03-13T12:43:18","slug":"pl-da-praticagem-e-aprovado-em-comissao-do-senado-mas-ainda-deve-ser-apreciado-em-plenario","status":"publish","type":"post","link":"https:\/\/agenciainfra.com\/blog\/pl-da-praticagem-e-aprovado-em-comissao-do-senado-mas-ainda-deve-ser-apreciado-em-plenario\/","title":{"rendered":"PL da praticagem \u00e9 aprovado em comiss\u00e3o do Senado, mas ainda deve ser apreciado em plen\u00e1rio"},"content":{"rendered":"\n<p class=\"has-text-align-right\"><strong>Jenifer Ribeiro,&nbsp;da&nbsp;Ag\u00eancia iNFRA<\/strong><\/p>\n\n\n\n<p>O&nbsp;<a href=\"https:\/\/agenciainfra.us14.list-manage.com\/track\/click?u=d460dd1bcf9ba0ae040e1fc0f&amp;id=88c413bae0&amp;e=f0fa444791\" target=\"_blank\" rel=\"noreferrer noopener\">PL&nbsp;(Projeto&nbsp;de&nbsp;Lei) 757\/2022<\/a>, que regulamenta os servi\u00e7os&nbsp;de&nbsp;praticagem&nbsp;no Brasil, foi aprovado nesta ter\u00e7a-feira (12) pela CI (Comiss\u00e3o&nbsp;de&nbsp;Infraestrutura) do Senado sem altera\u00e7\u00f5es em rela\u00e7\u00e3o \u00e0 proposta aprovada pela C\u00e2mara dos Deputados no m\u00eas passado.<br><br>No entanto, a proposta n\u00e3o dever\u00e1 ser considerada terminativa na comiss\u00e3o, como estava inicialmente previsto, e dever\u00e1 ter que ser apreciada pelo plen\u00e1rio&nbsp;da&nbsp;casa.<\/p>\n\n\n\n<p>Acordo constru\u00eddo entre senadores e a&nbsp;praticagem&nbsp;retirou o voto em separado apresentado pela senadora Tereza Cristina (PP-MS) na vota\u00e7\u00e3o desta ter\u00e7a-feira na CI, que propunha que a regula\u00e7\u00e3o econ\u00f4mica&nbsp;da&nbsp;praticagem&nbsp;para casos&nbsp;de&nbsp;abuso fosse feita pela ANTAQ (Ag\u00eancia Nacional&nbsp;de&nbsp;Transportes Aquavi\u00e1rios).<br><br>Pelo combinado, ficou firmado que o&nbsp;PL&nbsp;757\/2022, que era terminativo na CI (Comiss\u00e3o&nbsp;de&nbsp;Infraestrutura), vai para delibera\u00e7\u00e3o do plen\u00e1rio do Senado Federal com o mesmo texto aprovado na C\u00e2mara dos Deputados, determinando a regula\u00e7\u00e3o econ\u00f4mica do servi\u00e7o via Marinha com a possibilidade&nbsp;de&nbsp;orienta\u00e7\u00e3o&nbsp;de&nbsp;uma comiss\u00e3o consultiva em caso&nbsp;de&nbsp;suspeita&nbsp;de&nbsp;abusividade.<br><br>O pedido para que a proposi\u00e7\u00e3o fosse ao plen\u00e1rio foi feito pela senadora Tereza Cristina ap\u00f3s ela declarar que retiraria a sugest\u00e3o&nbsp;de&nbsp;voto em separado protocolada por ela. Na condi\u00e7\u00e3o&nbsp;de&nbsp;presidente&nbsp;da&nbsp;comiss\u00e3o, o senador Conf\u00facio Moura (MDB-RO) explicou para a senadora que ela precisar\u00e1 apresentar um recurso em plen\u00e1rio com essa solicita\u00e7\u00e3o. Com isso, pelo que apurou a&nbsp;<strong>Ag\u00eancia iNFRA<\/strong>, a vota\u00e7\u00e3o do&nbsp;PL&nbsp;757\/2022 deve acontecer somente no ano que vem.<br><br><strong>Aprova\u00e7\u00e3o<\/strong><br>O parecer do relator, o senador Weverton (PDT-MA), que pediu a rejei\u00e7\u00e3o&nbsp;de&nbsp;todas as 11 emendas apresentadas, foi aprovado por unanimidade.<br><br>Entre as emendas estavam as sugest\u00f5es dos senadores Esperidi\u00e3o Amin (PP-SC) e Chico Rodrigues (PSB-RR) para retirar do \u00e2mbito&nbsp;de&nbsp;compet\u00eancias&nbsp;da&nbsp;Autoridade Mar\u00edtima o estabelecimento&nbsp;de&nbsp;metodologia para Escala&nbsp;de&nbsp;Rod\u00edzio \u00danico e as emendas dos senadores Luis Carlos Heinze (PP-RS) e Veneziano Vital do R\u00eago (MDB-PB) que sugeriram que a ANTAQ fizesse a regula\u00e7\u00e3o econ\u00f4mica&nbsp;da&nbsp;praticagem&nbsp;e presidisse o conselho consultivo.<br><br>Essa mat\u00e9ria, que foi apresentada pelo governo federal anterior, foi aprovada no plen\u00e1rio&nbsp;da&nbsp;C\u00e2mara no final do m\u00eas passado como substitutiva aos PLs 1.565\/2019, 4.392\/2020 e 1.118\/2020. Pelo texto, al\u00e9m&nbsp;da&nbsp;regula\u00e7\u00e3o econ\u00f4mica&nbsp;da&nbsp;praticagem, tamb\u00e9m h\u00e1 determina\u00e7\u00e3o para que a Marinha seja respons\u00e1vel por homologar a escala&nbsp;de&nbsp;rod\u00edzio \u00fanica dos pr\u00e1ticos.<br><br><strong>Posi\u00e7\u00f5es<\/strong><br>O texto foi constru\u00eddo com reuni\u00f5es entre o governo federal, a Marinha, o setor produtivo e a&nbsp;praticagem. No entanto, o documento final n\u00e3o conta com o aval&nbsp;de&nbsp;todo o setor produtivo nem&nbsp;da&nbsp;Marinha.<br><br>Em nota, a&nbsp;Praticagem&nbsp;do Brasil destaca que os \u201cparlamentares se debru\u00e7aram sobre a legisla\u00e7\u00e3o mundial e buscaram os melhores padr\u00f5es&nbsp;de&nbsp;regula\u00e7\u00e3o&nbsp;da&nbsp;atividade, sem perder&nbsp;de&nbsp;vista a seguran\u00e7a&nbsp;da&nbsp;navega\u00e7\u00e3o e os interesses do povo brasileiro\u201d e que \u201ca&nbsp;praticagem&nbsp;\u00e9 um item&nbsp;de&nbsp;redu\u00e7\u00e3o do Custo Brasil\u201d.<br><br>Por sua vez, o vice-presidente-executivo&nbsp;da&nbsp;Abac &#8211; Cabotagem do Brasil, Luis Fernando Resano, disse para a reportagem que a aprova\u00e7\u00e3o do projeto com o texto atual \u00e9 \u201clament\u00e1vel\u201d para o setor.<\/p>\n","protected":false},"excerpt":{"rendered":"<p>Jenifer Ribeiro,&nbsp;da&nbsp;Ag\u00eancia iNFRA O&nbsp;PL&nbsp;(Projeto&nbsp;de&nbsp;Lei) 757\/2022, que regulamenta os servi\u00e7os&nbsp;de&nbsp;praticagem&nbsp;no Brasil, foi aprovado nesta ter\u00e7a-feira (12) pela CI (Comiss\u00e3o&nbsp;de&nbsp;Infraestrutura) do Senado sem altera\u00e7\u00f5es em rela\u00e7\u00e3o \u00e0 proposta aprovada pela C\u00e2mara dos Deputados no m\u00eas passado. No entanto, a proposta n\u00e3o dever\u00e1 ser considerada terminativa na comiss\u00e3o, como estava inicialmente previsto, e dever\u00e1 ter que ser apreciada [&hellip;]<\/p>\n","protected":false},"author":1,"featured_media":15105,"comment_status":"closed","ping_status":"closed","sticky":false,"template":"","format":"standard","meta":{"_monsterinsights_skip_tracking":false,"_monsterinsights_sitenote_active":false,"_monsterinsights_sitenote_note":"","_monsterinsights_sitenote_category":0,"footnotes":""},"categories":[7250,1,7],"tags":[46,86,52,726,1498,7887,34,7361,7791,1473,4354,7888,816],"class_list":["post-15103","post","type-post","status-publish","format-standard","has-post-thumbnail","hentry","category-destaque-lista","category-geral","category-infratransporte","tag-agencias-reguladoras","tag-antaq","tag-camara","tag-ci","tag-comissao-de-infraestrutura","tag-comissao-do-senado","tag-infraestrutura","tag-jenifer-ribeiro","tag-pl-757-2022","tag-praticagem","tag-senado-federal","tag-senadores","tag-transporte-aquaviario"],"yoast_head":"<!-- This site is optimized with the Yoast SEO Premium plugin v25.4 (Yoast SEO v26.0) - https:\/\/yoast.com\/wordpress\/plugins\/seo\/ -->\n<title>PL da praticagem \u00e9 aprovado em comiss\u00e3o do Senado, mas ainda deve ser apreciado em plen\u00e1rio - Ag\u00eancia iNFRA<\/title>\n<meta name=\"robots\" content=\"index, follow, max-snippet:-1, max-image-preview:large, max-video-preview:-1\" \/>\n<link rel=\"canonical\" href=\"https:\/\/agenciainfra.com\/blog\/pl-da-praticagem-e-aprovado-em-comissao-do-senado-mas-ainda-deve-ser-apreciado-em-plenario\/\" \/>\n<meta property=\"og:locale\" content=\"pt_BR\" \/>\n<meta property=\"og:type\" content=\"article\" \/>\n<meta property=\"og:title\" content=\"PL da praticagem \u00e9 aprovado em comiss\u00e3o do Senado, mas ainda deve ser apreciado em plen\u00e1rio\" \/>\n<meta property=\"og:description\" content=\"Jenifer Ribeiro,&nbsp;da&nbsp;Ag\u00eancia iNFRA O&nbsp;PL&nbsp;(Projeto&nbsp;de&nbsp;Lei) 757\/2022, que regulamenta os servi\u00e7os&nbsp;de&nbsp;praticagem&nbsp;no Brasil, foi aprovado nesta ter\u00e7a-feira (12) pela CI (Comiss\u00e3o&nbsp;de&nbsp;Infraestrutura) do Senado sem altera\u00e7\u00f5es em rela\u00e7\u00e3o \u00e0 proposta aprovada pela C\u00e2mara dos Deputados no m\u00eas passado. No entanto, a proposta n\u00e3o dever\u00e1 ser considerada terminativa na comiss\u00e3o, como estava inicialmente previsto, e dever\u00e1 ter que ser apreciada [&hellip;]\" \/>\n<meta property=\"og:url\" content=\"https:\/\/agenciainfra.com\/blog\/pl-da-praticagem-e-aprovado-em-comissao-do-senado-mas-ainda-deve-ser-apreciado-em-plenario\/\" \/>\n<meta property=\"og:site_name\" content=\"Ag\u00eancia iNFRA\" \/>\n<meta property=\"article:publisher\" content=\"https:\/\/www.facebook.com\/ageninfra\" \/>\n<meta property=\"article:published_time\" content=\"2023-12-16T12:00:00+00:00\" \/>\n<meta property=\"article:modified_time\" content=\"2026-03-13T12:43:18+00:00\" \/>\n<meta property=\"og:image\" content=\"https:\/\/agenciainfra.com\/blog\/wp-content\/uploads\/2023\/12\/ci-comissao-de-infraestrutura-foto-geraldo-magela-agencia-senado.jpg\" \/>\n\t<meta property=\"og:image:width\" content=\"1202\" \/>\n\t<meta property=\"og:image:height\" content=\"801\" \/>\n\t<meta property=\"og:image:type\" content=\"image\/jpeg\" \/>\n<meta name=\"author\" content=\"Ag\u00eancia iNFRA\" \/>\n<meta name=\"twitter:card\" content=\"summary_large_image\" \/>\n<meta name=\"twitter:creator\" content=\"@agencia_infra\" \/>\n<meta name=\"twitter:site\" content=\"@agencia_infra\" \/>\n<meta name=\"twitter:label1\" content=\"Escrito por\" \/>\n\t<meta name=\"twitter:data1\" content=\"Ag\u00eancia iNFRA\" \/>\n\t<meta name=\"twitter:label2\" content=\"Est. tempo de leitura\" \/>\n\t<meta name=\"twitter:data2\" content=\"3 minutos\" \/>\n<script type=\"application\/ld+json\" class=\"yoast-schema-graph\">{\"@context\":\"https:\/\/schema.org\",\"@graph\":[{\"@type\":\"Article\",\"@id\":\"https:\/\/agenciainfra.com\/blog\/pl-da-praticagem-e-aprovado-em-comissao-do-senado-mas-ainda-deve-ser-apreciado-em-plenario\/#article\",\"isPartOf\":{\"@id\":\"https:\/\/agenciainfra.com\/blog\/pl-da-praticagem-e-aprovado-em-comissao-do-senado-mas-ainda-deve-ser-apreciado-em-plenario\/\"},\"author\":{\"name\":\"Ag\u00eancia iNFRA\",\"@id\":\"https:\/\/agenciainfra.com\/blog\/#\/schema\/person\/34af08dff6adea4cb22b06612ba7acfa\"},\"headline\":\"PL da praticagem \u00e9 aprovado em comiss\u00e3o do Senado, mas ainda deve ser apreciado em plen\u00e1rio\",\"datePublished\":\"2023-12-16T12:00:00+00:00\",\"dateModified\":\"2026-03-13T12:43:18+00:00\",\"mainEntityOfPage\":{\"@id\":\"https:\/\/agenciainfra.com\/blog\/pl-da-praticagem-e-aprovado-em-comissao-do-senado-mas-ainda-deve-ser-apreciado-em-plenario\/\"},\"wordCount\":671,\"publisher\":{\"@id\":\"https:\/\/agenciainfra.com\/blog\/#organization\"},\"image\":{\"@id\":\"https:\/\/agenciainfra.com\/blog\/pl-da-praticagem-e-aprovado-em-comissao-do-senado-mas-ainda-deve-ser-apreciado-em-plenario\/#primaryimage\"},\"thumbnailUrl\":\"https:\/\/agenciainfra.com\/blog\/wp-content\/uploads\/2023\/12\/ci-comissao-de-infraestrutura-foto-geraldo-magela-agencia-senado.jpg\",\"keywords\":[\"Ag\u00eancias Reguladoras\",\"ANTAQ\",\"C\u00e2mara\",\"ci\",\"Comiss\u00e3o de Infraestrutura\",\"comiss\u00e3o do senado\",\"Infraestrutura\",\"Jenifer Ribeiro\",\"PL 757\/2022\",\"praticagem\",\"Senado Federal\",\"senadores\",\"transporte aquavi\u00e1rio\"],\"articleSection\":[\"Destaque lista\",\"Geral\",\"iNFRATransporte\"],\"inLanguage\":\"pt-BR\",\"copyrightYear\":\"2023\",\"copyrightHolder\":{\"@id\":\"https:\/\/agenciainfra.com\/blog\/#organization\"}},{\"@type\":\"WebPage\",\"@id\":\"https:\/\/agenciainfra.com\/blog\/pl-da-praticagem-e-aprovado-em-comissao-do-senado-mas-ainda-deve-ser-apreciado-em-plenario\/\",\"url\":\"https:\/\/agenciainfra.com\/blog\/pl-da-praticagem-e-aprovado-em-comissao-do-senado-mas-ainda-deve-ser-apreciado-em-plenario\/\",\"name\":\"PL da praticagem \u00e9 aprovado em comiss\u00e3o do Senado, mas ainda deve ser apreciado em plen\u00e1rio - Ag\u00eancia iNFRA\",\"isPartOf\":{\"@id\":\"https:\/\/agenciainfra.com\/blog\/#website\"},\"primaryImageOfPage\":{\"@id\":\"https:\/\/agenciainfra.com\/blog\/pl-da-praticagem-e-aprovado-em-comissao-do-senado-mas-ainda-deve-ser-apreciado-em-plenario\/#primaryimage\"},\"image\":{\"@id\":\"https:\/\/agenciainfra.com\/blog\/pl-da-praticagem-e-aprovado-em-comissao-do-senado-mas-ainda-deve-ser-apreciado-em-plenario\/#primaryimage\"},\"thumbnailUrl\":\"https:\/\/agenciainfra.com\/blog\/wp-content\/uploads\/2023\/12\/ci-comissao-de-infraestrutura-foto-geraldo-magela-agencia-senado.jpg\",\"datePublished\":\"2023-12-16T12:00:00+00:00\",\"dateModified\":\"2026-03-13T12:43:18+00:00\",\"breadcrumb\":{\"@id\":\"https:\/\/agenciainfra.com\/blog\/pl-da-praticagem-e-aprovado-em-comissao-do-senado-mas-ainda-deve-ser-apreciado-em-plenario\/#breadcrumb\"},\"inLanguage\":\"pt-BR\",\"potentialAction\":[{\"@type\":\"ReadAction\",\"target\":[\"https:\/\/agenciainfra.com\/blog\/pl-da-praticagem-e-aprovado-em-comissao-do-senado-mas-ainda-deve-ser-apreciado-em-plenario\/\"]}]},{\"@type\":\"ImageObject\",\"inLanguage\":\"pt-BR\",\"@id\":\"https:\/\/agenciainfra.com\/blog\/pl-da-praticagem-e-aprovado-em-comissao-do-senado-mas-ainda-deve-ser-apreciado-em-plenario\/#primaryimage\",\"url\":\"https:\/\/agenciainfra.com\/blog\/wp-content\/uploads\/2023\/12\/ci-comissao-de-infraestrutura-foto-geraldo-magela-agencia-senado.jpg\",\"contentUrl\":\"https:\/\/agenciainfra.com\/blog\/wp-content\/uploads\/2023\/12\/ci-comissao-de-infraestrutura-foto-geraldo-magela-agencia-senado.jpg\",\"width\":1202,\"height\":801},{\"@type\":\"BreadcrumbList\",\"@id\":\"https:\/\/agenciainfra.com\/blog\/pl-da-praticagem-e-aprovado-em-comissao-do-senado-mas-ainda-deve-ser-apreciado-em-plenario\/#breadcrumb\",\"itemListElement\":[{\"@type\":\"ListItem\",\"position\":1,\"name\":\"In\u00edcio\",\"item\":\"https:\/\/agenciainfra.com\/blog\/\"},{\"@type\":\"ListItem\",\"position\":2,\"name\":\"PL da praticagem \u00e9 aprovado em comiss\u00e3o do Senado, mas ainda deve ser apreciado em plen\u00e1rio\"}]},{\"@type\":\"WebSite\",\"@id\":\"https:\/\/agenciainfra.com\/blog\/#website\",\"url\":\"https:\/\/agenciainfra.com\/blog\/\",\"name\":\"Ag\u00eancia iNFRA\",\"description\":\"Multiplataforma de informa\u00e7\u00e3o jornal\u00edstica refer\u00eancia na \u00e1rea de infraestrutura no Brasil!\",\"publisher\":{\"@id\":\"https:\/\/agenciainfra.com\/blog\/#organization\"},\"potentialAction\":[{\"@type\":\"SearchAction\",\"target\":{\"@type\":\"EntryPoint\",\"urlTemplate\":\"https:\/\/agenciainfra.com\/blog\/?s={search_term_string}\"},\"query-input\":{\"@type\":\"PropertyValueSpecification\",\"valueRequired\":true,\"valueName\":\"search_term_string\"}}],\"inLanguage\":\"pt-BR\"},{\"@type\":\"Organization\",\"@id\":\"https:\/\/agenciainfra.com\/blog\/#organization\",\"name\":\"Ag\u00eancia iNFRA\",\"url\":\"https:\/\/agenciainfra.com\/blog\/\",\"logo\":{\"@type\":\"ImageObject\",\"inLanguage\":\"pt-BR\",\"@id\":\"https:\/\/agenciainfra.com\/blog\/#\/schema\/logo\/image\/\",\"url\":\"https:\/\/agenciainfra.com\/blog\/wp-content\/uploads\/2023\/09\/iNFRA_5-e1761735885940.png\",\"contentUrl\":\"https:\/\/agenciainfra.com\/blog\/wp-content\/uploads\/2023\/09\/iNFRA_5-e1761735885940.png\",\"width\":1672,\"height\":454,\"caption\":\"Ag\u00eancia iNFRA\"},\"image\":{\"@id\":\"https:\/\/agenciainfra.com\/blog\/#\/schema\/logo\/image\/\"},\"sameAs\":[\"https:\/\/www.facebook.com\/ageninfra\",\"https:\/\/x.com\/agencia_infra\",\"https:\/\/www.linkedin.com\/company\/ag\u00eanciainfra\/\",\"https:\/\/www.instagram.com\/agenciainfra\/\"]},{\"@type\":\"Person\",\"@id\":\"https:\/\/agenciainfra.com\/blog\/#\/schema\/person\/34af08dff6adea4cb22b06612ba7acfa\",\"name\":\"Ag\u00eancia iNFRA\",\"image\":{\"@type\":\"ImageObject\",\"inLanguage\":\"pt-BR\",\"@id\":\"https:\/\/agenciainfra.com\/blog\/#\/schema\/person\/image\/\",\"url\":\"https:\/\/secure.gravatar.com\/avatar\/d189e01678f06d8eb84d4e01f08eb848b3fffe3f8443818d3c356c66892f5be8?s=96&d=mm&r=g\",\"contentUrl\":\"https:\/\/secure.gravatar.com\/avatar\/d189e01678f06d8eb84d4e01f08eb848b3fffe3f8443818d3c356c66892f5be8?s=96&d=mm&r=g\",\"caption\":\"Ag\u00eancia iNFRA\"},\"url\":\"https:\/\/agenciainfra.com\/blog\/author\/admin\/\"}]}<\/script>\n<!-- \/ Yoast SEO Premium plugin. -->","yoast_head_json":{"title":"PL da praticagem \u00e9 aprovado em comiss\u00e3o do Senado, mas ainda deve ser apreciado em plen\u00e1rio - Ag\u00eancia iNFRA","robots":{"index":"index","follow":"follow","max-snippet":"max-snippet:-1","max-image-preview":"max-image-preview:large","max-video-preview":"max-video-preview:-1"},"canonical":"https:\/\/agenciainfra.com\/blog\/pl-da-praticagem-e-aprovado-em-comissao-do-senado-mas-ainda-deve-ser-apreciado-em-plenario\/","og_locale":"pt_BR","og_type":"article","og_title":"PL da praticagem \u00e9 aprovado em comiss\u00e3o do Senado, mas ainda deve ser apreciado em plen\u00e1rio","og_description":"Jenifer Ribeiro,&nbsp;da&nbsp;Ag\u00eancia iNFRA O&nbsp;PL&nbsp;(Projeto&nbsp;de&nbsp;Lei) 757\/2022, que regulamenta os servi\u00e7os&nbsp;de&nbsp;praticagem&nbsp;no Brasil, foi aprovado nesta ter\u00e7a-feira (12) pela CI (Comiss\u00e3o&nbsp;de&nbsp;Infraestrutura) do Senado sem altera\u00e7\u00f5es em rela\u00e7\u00e3o \u00e0 proposta aprovada pela C\u00e2mara dos Deputados no m\u00eas passado. No entanto, a proposta n\u00e3o dever\u00e1 ser considerada terminativa na comiss\u00e3o, como estava inicialmente previsto, e dever\u00e1 ter que ser apreciada [&hellip;]","og_url":"https:\/\/agenciainfra.com\/blog\/pl-da-praticagem-e-aprovado-em-comissao-do-senado-mas-ainda-deve-ser-apreciado-em-plenario\/","og_site_name":"Ag\u00eancia iNFRA","article_publisher":"https:\/\/www.facebook.com\/ageninfra","article_published_time":"2023-12-16T12:00:00+00:00","article_modified_time":"2026-03-13T12:43:18+00:00","og_image":[{"width":1202,"height":801,"url":"https:\/\/agenciainfra.com\/blog\/wp-content\/uploads\/2023\/12\/ci-comissao-de-infraestrutura-foto-geraldo-magela-agencia-senado.jpg","type":"image\/jpeg"}],"author":"Ag\u00eancia iNFRA","twitter_card":"summary_large_image","twitter_creator":"@agencia_infra","twitter_site":"@agencia_infra","twitter_misc":{"Escrito por":"Ag\u00eancia iNFRA","Est. tempo de leitura":"3 minutos"},"schema":{"@context":"https:\/\/schema.org","@graph":[{"@type":"Article","@id":"https:\/\/agenciainfra.com\/blog\/pl-da-praticagem-e-aprovado-em-comissao-do-senado-mas-ainda-deve-ser-apreciado-em-plenario\/#article","isPartOf":{"@id":"https:\/\/agenciainfra.com\/blog\/pl-da-praticagem-e-aprovado-em-comissao-do-senado-mas-ainda-deve-ser-apreciado-em-plenario\/"},"author":{"name":"Ag\u00eancia iNFRA","@id":"https:\/\/agenciainfra.com\/blog\/#\/schema\/person\/34af08dff6adea4cb22b06612ba7acfa"},"headline":"PL da praticagem \u00e9 aprovado em comiss\u00e3o do Senado, mas ainda deve ser apreciado em plen\u00e1rio","datePublished":"2023-12-16T12:00:00+00:00","dateModified":"2026-03-13T12:43:18+00:00","mainEntityOfPage":{"@id":"https:\/\/agenciainfra.com\/blog\/pl-da-praticagem-e-aprovado-em-comissao-do-senado-mas-ainda-deve-ser-apreciado-em-plenario\/"},"wordCount":671,"publisher":{"@id":"https:\/\/agenciainfra.com\/blog\/#organization"},"image":{"@id":"https:\/\/agenciainfra.com\/blog\/pl-da-praticagem-e-aprovado-em-comissao-do-senado-mas-ainda-deve-ser-apreciado-em-plenario\/#primaryimage"},"thumbnailUrl":"https:\/\/agenciainfra.com\/blog\/wp-content\/uploads\/2023\/12\/ci-comissao-de-infraestrutura-foto-geraldo-magela-agencia-senado.jpg","keywords":["Ag\u00eancias Reguladoras","ANTAQ","C\u00e2mara","ci","Comiss\u00e3o de Infraestrutura","comiss\u00e3o do senado","Infraestrutura","Jenifer Ribeiro","PL 757\/2022","praticagem","Senado Federal","senadores","transporte aquavi\u00e1rio"],"articleSection":["Destaque lista","Geral","iNFRATransporte"],"inLanguage":"pt-BR","copyrightYear":"2023","copyrightHolder":{"@id":"https:\/\/agenciainfra.com\/blog\/#organization"}},{"@type":"WebPage","@id":"https:\/\/agenciainfra.com\/blog\/pl-da-praticagem-e-aprovado-em-comissao-do-senado-mas-ainda-deve-ser-apreciado-em-plenario\/","url":"https:\/\/agenciainfra.com\/blog\/pl-da-praticagem-e-aprovado-em-comissao-do-senado-mas-ainda-deve-ser-apreciado-em-plenario\/","name":"PL da praticagem \u00e9 aprovado em comiss\u00e3o do Senado, mas ainda deve ser apreciado em plen\u00e1rio - Ag\u00eancia iNFRA","isPartOf":{"@id":"https:\/\/agenciainfra.com\/blog\/#website"},"primaryImageOfPage":{"@id":"https:\/\/agenciainfra.com\/blog\/pl-da-praticagem-e-aprovado-em-comissao-do-senado-mas-ainda-deve-ser-apreciado-em-plenario\/#primaryimage"},"image":{"@id":"https:\/\/agenciainfra.com\/blog\/pl-da-praticagem-e-aprovado-em-comissao-do-senado-mas-ainda-deve-ser-apreciado-em-plenario\/#primaryimage"},"thumbnailUrl":"https:\/\/agenciainfra.com\/blog\/wp-content\/uploads\/2023\/12\/ci-comissao-de-infraestrutura-foto-geraldo-magela-agencia-senado.jpg","datePublished":"2023-12-16T12:00:00+00:00","dateModified":"2026-03-13T12:43:18+00:00","breadcrumb":{"@id":"https:\/\/agenciainfra.com\/blog\/pl-da-praticagem-e-aprovado-em-comissao-do-senado-mas-ainda-deve-ser-apreciado-em-plenario\/#breadcrumb"},"inLanguage":"pt-BR","potentialAction":[{"@type":"ReadAction","target":["https:\/\/agenciainfra.com\/blog\/pl-da-praticagem-e-aprovado-em-comissao-do-senado-mas-ainda-deve-ser-apreciado-em-plenario\/"]}]},{"@type":"ImageObject","inLanguage":"pt-BR","@id":"https:\/\/agenciainfra.com\/blog\/pl-da-praticagem-e-aprovado-em-comissao-do-senado-mas-ainda-deve-ser-apreciado-em-plenario\/#primaryimage","url":"https:\/\/agenciainfra.com\/blog\/wp-content\/uploads\/2023\/12\/ci-comissao-de-infraestrutura-foto-geraldo-magela-agencia-senado.jpg","contentUrl":"https:\/\/agenciainfra.com\/blog\/wp-content\/uploads\/2023\/12\/ci-comissao-de-infraestrutura-foto-geraldo-magela-agencia-senado.jpg","width":1202,"height":801},{"@type":"BreadcrumbList","@id":"https:\/\/agenciainfra.com\/blog\/pl-da-praticagem-e-aprovado-em-comissao-do-senado-mas-ainda-deve-ser-apreciado-em-plenario\/#breadcrumb","itemListElement":[{"@type":"ListItem","position":1,"name":"In\u00edcio","item":"https:\/\/agenciainfra.com\/blog\/"},{"@type":"ListItem","position":2,"name":"PL da praticagem \u00e9 aprovado em comiss\u00e3o do Senado, mas ainda deve ser apreciado em plen\u00e1rio"}]},{"@type":"WebSite","@id":"https:\/\/agenciainfra.com\/blog\/#website","url":"https:\/\/agenciainfra.com\/blog\/","name":"Ag\u00eancia iNFRA","description":"Multiplataforma de informa\u00e7\u00e3o jornal\u00edstica refer\u00eancia na \u00e1rea de infraestrutura no Brasil!","publisher":{"@id":"https:\/\/agenciainfra.com\/blog\/#organization"},"potentialAction":[{"@type":"SearchAction","target":{"@type":"EntryPoint","urlTemplate":"https:\/\/agenciainfra.com\/blog\/?s={search_term_string}"},"query-input":{"@type":"PropertyValueSpecification","valueRequired":true,"valueName":"search_term_string"}}],"inLanguage":"pt-BR"},{"@type":"Organization","@id":"https:\/\/agenciainfra.com\/blog\/#organization","name":"Ag\u00eancia iNFRA","url":"https:\/\/agenciainfra.com\/blog\/","logo":{"@type":"ImageObject","inLanguage":"pt-BR","@id":"https:\/\/agenciainfra.com\/blog\/#\/schema\/logo\/image\/","url":"https:\/\/agenciainfra.com\/blog\/wp-content\/uploads\/2023\/09\/iNFRA_5-e1761735885940.png","contentUrl":"https:\/\/agenciainfra.com\/blog\/wp-content\/uploads\/2023\/09\/iNFRA_5-e1761735885940.png","width":1672,"height":454,"caption":"Ag\u00eancia iNFRA"},"image":{"@id":"https:\/\/agenciainfra.com\/blog\/#\/schema\/logo\/image\/"},"sameAs":["https:\/\/www.facebook.com\/ageninfra","https:\/\/x.com\/agencia_infra","https:\/\/www.linkedin.com\/company\/ag\u00eanciainfra\/","https:\/\/www.instagram.com\/agenciainfra\/"]},{"@type":"Person","@id":"https:\/\/agenciainfra.com\/blog\/#\/schema\/person\/34af08dff6adea4cb22b06612ba7acfa","name":"Ag\u00eancia iNFRA","image":{"@type":"ImageObject","inLanguage":"pt-BR","@id":"https:\/\/agenciainfra.com\/blog\/#\/schema\/person\/image\/","url":"https:\/\/secure.gravatar.com\/avatar\/d189e01678f06d8eb84d4e01f08eb848b3fffe3f8443818d3c356c66892f5be8?s=96&d=mm&r=g","contentUrl":"https:\/\/secure.gravatar.com\/avatar\/d189e01678f06d8eb84d4e01f08eb848b3fffe3f8443818d3c356c66892f5be8?s=96&d=mm&r=g","caption":"Ag\u00eancia iNFRA"},"url":"https:\/\/agenciainfra.com\/blog\/author\/admin\/"}]}},"_links":{"self":[{"href":"https:\/\/agenciainfra.com\/blog\/wp-json\/wp\/v2\/posts\/15103","targetHints":{"allow":["GET"]}}],"collection":[{"href":"https:\/\/agenciainfra.com\/blog\/wp-json\/wp\/v2\/posts"}],"about":[{"href":"https:\/\/agenciainfra.com\/blog\/wp-json\/wp\/v2\/types\/post"}],"author":[{"embeddable":true,"href":"https:\/\/agenciainfra.com\/blog\/wp-json\/wp\/v2\/users\/1"}],"replies":[{"embeddable":true,"href":"https:\/\/agenciainfra.com\/blog\/wp-json\/wp\/v2\/comments?post=15103"}],"version-history":[{"count":1,"href":"https:\/\/agenciainfra.com\/blog\/wp-json\/wp\/v2\/posts\/15103\/revisions"}],"predecessor-version":[{"id":15112,"href":"https:\/\/agenciainfra.com\/blog\/wp-json\/wp\/v2\/posts\/15103\/revisions\/15112"}],"wp:featuredmedia":[{"embeddable":true,"href":"https:\/\/agenciainfra.com\/blog\/wp-json\/wp\/v2\/media\/15105"}],"wp:attachment":[{"href":"https:\/\/agenciainfra.com\/blog\/wp-json\/wp\/v2\/media?parent=15103"}],"wp:term":[{"taxonomy":"category","embeddable":true,"href":"https:\/\/agenciainfra.com\/blog\/wp-json\/wp\/v2\/categories?post=15103"},{"taxonomy":"post_tag","embeddable":true,"href":"https:\/\/agenciainfra.com\/blog\/wp-json\/wp\/v2\/tags?post=15103"}],"curies":[{"name":"wp","href":"https:\/\/api.w.org\/{rel}","templated":true}]}}