{"id":15113,"date":"2023-12-18T09:00:00","date_gmt":"2023-12-18T12:00:00","guid":{"rendered":"https:\/\/www.agenciainfra.com\/blog\/?p=15113"},"modified":"2026-03-13T09:43:18","modified_gmt":"2026-03-13T12:43:18","slug":"ministerio-de-portos-e-aeroportos-manda-ao-tcu-pedido-para-repactuar-concessao-do-aeroporto-de-guarulhos","status":"publish","type":"post","link":"https:\/\/agenciainfra.com\/blog\/ministerio-de-portos-e-aeroportos-manda-ao-tcu-pedido-para-repactuar-concessao-do-aeroporto-de-guarulhos\/","title":{"rendered":"Minist\u00e9rio de Portos e Aeroportos manda ao TCU pedido para repactuar concess\u00e3o do aeroporto de Guarulhos"},"content":{"rendered":"\n<p class=\"has-text-align-right\"><strong>Dimmi Amora&nbsp;e&nbsp;Jenifer Ribeiro, da Ag\u00eancia iNFRA<\/strong><\/p>\n\n\n\n<p>O\u00a0minist\u00e9rio\u00a0de\u00a0Portos\u00a0e\u00a0Aeroportos\u00a0encaminhou\u00a0ao\u00a0TCU\u00a0(Tribunal de Contas da Uni\u00e3o)\u00a0pedido\u00a0para\u00a0repactuar\u00a0o contrato\u00a0do\u00a0Aeroporto\u00a0Internacional de\u00a0Guarulhos\u00a0(SP), o maior\u00a0do\u00a0pa\u00eds.<br><br>A proposta foi recebida pelo \u00f3rg\u00e3o de controle no in\u00edcio desta semana\u00a0e\u00a0est\u00e1 na fase de admissibilidade\u00a0para\u00a0ser tratada dentro da Secretaria de Solu\u00e7\u00e3o Consensual\u00a0e\u00a0Preven\u00e7\u00e3o de Conflito\u00a0do\u00a0\u00f3rg\u00e3o, confirmou uma fonte\u00a0do\u00a0tribunal.<br><br>A unidade \u00e9 administrada pela Invepar em cons\u00f3rcio com a empresa sul-africana\u00a0Acsa (Airport\u00a0Company South Africa), que venceu o leil\u00e3o de 2012 com uma proposta de outorga de R$ 16,2 bilh\u00f5es\u00a0ao\u00a0longo\u00a0do\u00a0contrato. A\u00a0concess\u00e3o\u00a0tem prazo at\u00e9 2032, pouco mais de nove anos de contrato.<br><br>O\u00a0pedido\u00a0de repactua\u00e7\u00e3o da unidade foi enviado antes de outras concess\u00f5es aeroportu\u00e1rias que estavam em negocia\u00e7\u00f5es\u00a0para\u00a0tamb\u00e9m tentar uma repactua\u00e7\u00e3o negociada, como o\u00a0Aeroporto\u00a0de Viracopos (SP)\u00a0e\u00a0o\u00a0do\u00a0Gale\u00e3o (RJ).<br><br>A proposta de Viracopos est\u00e1, segundo uma fonte da pasta, muito pr\u00f3xima de ser enviada\u00a0ao\u00a0\u00f3rg\u00e3o de controle, faltando detalhes\u00a0para\u00a0a finaliza\u00e7\u00e3o\u00a0do\u00a0modelo de acordo. No caso\u00a0do\u00a0Gale\u00e3o, o processo ainda \u00e9 considerado inicial, com pouco avan\u00e7o da empresa em rela\u00e7\u00e3o a uma proposta concreta\u00a0para\u00a0a reformula\u00e7\u00e3o.<br><br>O envio da proposta de renegocia\u00e7\u00e3o\u00a0do\u00a0acordo de\u00a0Guarulhos\u00a0tem rela\u00e7\u00e3o com o novo modelo de investimentos em\u00a0aeroportos\u00a0regionais que o ministro Silvio Costa Filho est\u00e1 propondo. Conforme\u00a0<a href=\"https:\/\/agenciainfra.us14.list-manage.com\/track\/click?u=d460dd1bcf9ba0ae040e1fc0f&amp;id=fb7889b99e&amp;e=f0fa444791\" target=\"_blank\" rel=\"noreferrer noopener\">mostrou<\/a>\u00a0a\u00a0<strong>Ag\u00eancia iNFRA<\/strong>\u00a0em novembro, a ideia \u00e9 incluir investimentos em\u00a0aeroportos\u00a0regionais nos contratos dos grandes\u00a0aeroportos\u00a0que t\u00eam outorgas a pagar.<br><br>Em troca desses novos investimentos, haveria o que est\u00e1 sendo chamado de uma esp\u00e9cie de retrofit desses contratos que n\u00e3o est\u00e3o em situa\u00e7\u00e3o de inadimpl\u00eancia ou em vias de entrar, mas que tamb\u00e9m n\u00e3o est\u00e3o em situa\u00e7\u00e3o confort\u00e1vel, segundo uma fonte.<br><br>Guarulhos, Viracopos\u00a0e\u00a0Bras\u00edlia (DF) foram os tr\u00eas primeiros grandes\u00a0aeroportos\u00a0concedidos no pa\u00eds, em 2012, num modelo de\u00a0concess\u00e3o\u00a0que depois acabou levando a muitos problemas\u00a0para\u00a0a gest\u00e3o contratual. O\u00a0aeroporto\u00a0de Bras\u00edlia tamb\u00e9m negocia entrar no modelo de repactua\u00e7\u00e3o.<br><br>O fato de haver contratos antigos que nos leil\u00f5es seguintes foram modernizados \u00e9 outra das justificativas que t\u00e9cnicos est\u00e3o usando\u00a0para\u00a0defender a repactua\u00e7\u00e3o dessas unidades.<br><br><strong>Outras concilia\u00e7\u00f5es<\/strong><br>O setor de\u00a0aeroportos\u00a0j\u00e1 teve contratos levados\u00a0ao\u00a0TCU\u00a0para\u00a0uma tentativa de concilia\u00e7\u00e3o, as concess\u00f5es dos\u00a0aeroportos\u00a0de Cuiab\u00e1 (MT)\u00a0e\u00a0Confins (MG). No primeiro caso, houve acordo sobre troca de investimentos obrigat\u00f3rios previstos\u00a0e\u00a0a proposta foi encaminhada\u00a0ao\u00a0relator\u00a0do\u00a0processo, ministro Vital\u00a0do\u00a0R\u00eago,\u00a0para\u00a0an\u00e1lise.<br><br>No caso\u00a0do\u00a0aeroporto\u00a0mineiro, governo, ag\u00eancia reguladora\u00a0e\u00a0concession\u00e1ria n\u00e3o chegaram a um acordo sobre mudan\u00e7a nos investimentos obrigat\u00f3rios\u00a0e\u00a0o processo dever\u00e1 ser arquivado.<br><br><strong>Passagens \u00e1ereas<\/strong><br>O plano com medidas, formulado pelas companhias a\u00e9reas, com o intuito de diminuir os custos das passagens a\u00e9reas, ser\u00e1 lan\u00e7ado hoje (18), \u00e0s 11h, na sede\u00a0do\u00a0Minist\u00e9rio\u00a0de\u00a0Portos\u00a0e\u00a0Aeroportos.<br><br>A informa\u00e7\u00e3o foi dada pelo ministro na \u00faltima quinta-feira (14), ap\u00f3s participa\u00e7\u00e3o no evento \u201cInfraestrutura: Caminhos\u00a0para\u00a0a transi\u00e7\u00e3o sustent\u00e1vel\u201d, promovido pelo Moveinfra.<br><br>O objetivo \u00e9 que a Gol, a Azul\u00a0e\u00a0a Latam apresentem no dia tanto esse plano quanto um programa com bonifica\u00e7\u00f5es\u00a0para\u00a0os passageiros. No m\u00eas passado, quando essa medida foi anunciada, a VoePass tamb\u00e9m havia mostrado interesse em formular medidas a fim de reduzir o custo das passagens, mas, pelo que apurou a\u00a0<strong>Ag\u00eancia iNFRA<\/strong>, ela n\u00e3o entregou nenhum documento\u00a0ao\u00a0minist\u00e9rio.<br><br>A pasta trabalha\u00a0para\u00a0que, ap\u00f3s a apresenta\u00e7\u00e3o das medidas, as propostas sejam analisadas em um grupo de trabalho dentro\u00a0do\u00a0minist\u00e9rio. A iniciativa n\u00e3o foi considerada obrigat\u00f3ria\u00a0e\u00a0portanto nenhuma empresa ser\u00e1 punida por n\u00e3o apresentar o plano.<br><br>H\u00e1 tamb\u00e9m tentativas de buscar junto \u00e0 Petrobras uma nova forma de a empresa precificar o QAV (combust\u00edvel de avia\u00e7\u00e3o) no Brasil. Segundo uma fonte ligada\u00a0ao\u00a0tema, n\u00e3o seria a forma pedida pelas empresas a\u00e9reas, de n\u00e3o considerar os custos de importa\u00e7\u00e3o\u00a0do\u00a0produto. O trabalho \u00e9 tentar que a empresa reduza a volatilidade\u00a0do\u00a0pre\u00e7o\u00a0do\u00a0QAV.<br><br><strong>Risco anticoncorrencial<\/strong><br>O ministro explicou ainda que as apresenta\u00e7\u00f5es acontecer\u00e3o em momentos separados, porque o Cade (Conselho Administrativo de Defesa Econ\u00f4mica) n\u00e3o permite que empresas apresentem o plano de forma conjunta por risco de pr\u00e1tica anticoncorrencial.<br><br>Devido\u00a0ao\u00a0evento de divulga\u00e7\u00e3o\u00a0do\u00a0plano pelas companhias a\u00e9reas ser\u00e1 preciso adiar o lan\u00e7amento\u00a0do\u00a0programa Navegue Simples, que estava marcado\u00a0para\u00a0acontecer tamb\u00e9m nesta segunda-feira, na sede da Casa Civil. Com isso, a expectativa \u00e9 que essa apresenta\u00e7\u00e3o seja adiada\u00a0para\u00a0janeiro.<\/p>\n","protected":false},"excerpt":{"rendered":"<p>Dimmi Amora&nbsp;e&nbsp;Jenifer Ribeiro, da Ag\u00eancia iNFRA O\u00a0minist\u00e9rio\u00a0de\u00a0Portos\u00a0e\u00a0Aeroportos\u00a0encaminhou\u00a0ao\u00a0TCU\u00a0(Tribunal de Contas da Uni\u00e3o)\u00a0pedido\u00a0para\u00a0repactuar\u00a0o contrato\u00a0do\u00a0Aeroporto\u00a0Internacional de\u00a0Guarulhos\u00a0(SP), o maior\u00a0do\u00a0pa\u00eds. A proposta foi recebida pelo \u00f3rg\u00e3o de controle no in\u00edcio desta semana\u00a0e\u00a0est\u00e1 na fase de admissibilidade\u00a0para\u00a0ser tratada dentro da Secretaria de Solu\u00e7\u00e3o Consensual\u00a0e\u00a0Preven\u00e7\u00e3o de Conflito\u00a0do\u00a0\u00f3rg\u00e3o, confirmou uma fonte\u00a0do\u00a0tribunal. A unidade \u00e9 administrada pela Invepar em cons\u00f3rcio com a empresa sul-africana\u00a0Acsa [&hellip;]<\/p>\n","protected":false},"author":1,"featured_media":15114,"comment_status":"closed","ping_status":"closed","sticky":false,"template":"","format":"standard","meta":{"_monsterinsights_skip_tracking":false,"_monsterinsights_sitenote_active":false,"_monsterinsights_sitenote_note":"","_monsterinsights_sitenote_category":0,"footnotes":""},"categories":[7248,7250,1,7],"tags":[7889,3051,599,78,3594,1299,681,1020,7361,6257,2131,7218,18,362],"class_list":["post-15113","post","type-post","status-publish","format-standard","has-post-thumbnail","hentry","category-cabecalho","category-destaque-lista","category-geral","category-infratransporte","tag-acsa","tag-aeroporto-internacional-de-guarulhos","tag-aviacao-civil","tag-concessoes","tag-contratos","tag-dimmi-amora","tag-guarulhos","tag-invepar","tag-jenifer-ribeiro","tag-ministerio-de-portos-e-aeroportos","tag-repactuacao","tag-secexconsenso","tag-tcu","tag-transporte-aereo"],"yoast_head":"<!-- This site is optimized with the Yoast SEO Premium plugin v25.4 (Yoast SEO v26.0) - https:\/\/yoast.com\/wordpress\/plugins\/seo\/ -->\n<title>Minist\u00e9rio de Portos e Aeroportos manda ao TCU pedido para repactuar concess\u00e3o do aeroporto de Guarulhos - Ag\u00eancia iNFRA<\/title>\n<meta name=\"robots\" content=\"index, follow, max-snippet:-1, max-image-preview:large, max-video-preview:-1\" \/>\n<link rel=\"canonical\" href=\"https:\/\/agenciainfra.com\/blog\/ministerio-de-portos-e-aeroportos-manda-ao-tcu-pedido-para-repactuar-concessao-do-aeroporto-de-guarulhos\/\" \/>\n<meta property=\"og:locale\" content=\"pt_BR\" \/>\n<meta property=\"og:type\" content=\"article\" \/>\n<meta property=\"og:title\" content=\"Minist\u00e9rio de Portos e Aeroportos manda ao TCU pedido para repactuar concess\u00e3o do aeroporto de Guarulhos\" \/>\n<meta property=\"og:description\" content=\"Dimmi Amora&nbsp;e&nbsp;Jenifer Ribeiro, da Ag\u00eancia iNFRA O\u00a0minist\u00e9rio\u00a0de\u00a0Portos\u00a0e\u00a0Aeroportos\u00a0encaminhou\u00a0ao\u00a0TCU\u00a0(Tribunal de Contas da Uni\u00e3o)\u00a0pedido\u00a0para\u00a0repactuar\u00a0o contrato\u00a0do\u00a0Aeroporto\u00a0Internacional de\u00a0Guarulhos\u00a0(SP), o maior\u00a0do\u00a0pa\u00eds. A proposta foi recebida pelo \u00f3rg\u00e3o de controle no in\u00edcio desta semana\u00a0e\u00a0est\u00e1 na fase de admissibilidade\u00a0para\u00a0ser tratada dentro da Secretaria de Solu\u00e7\u00e3o Consensual\u00a0e\u00a0Preven\u00e7\u00e3o de Conflito\u00a0do\u00a0\u00f3rg\u00e3o, confirmou uma fonte\u00a0do\u00a0tribunal. A unidade \u00e9 administrada pela Invepar em cons\u00f3rcio com a empresa sul-africana\u00a0Acsa [&hellip;]\" \/>\n<meta property=\"og:url\" content=\"https:\/\/agenciainfra.com\/blog\/ministerio-de-portos-e-aeroportos-manda-ao-tcu-pedido-para-repactuar-concessao-do-aeroporto-de-guarulhos\/\" \/>\n<meta property=\"og:site_name\" content=\"Ag\u00eancia iNFRA\" \/>\n<meta property=\"article:publisher\" content=\"https:\/\/www.facebook.com\/ageninfra\" \/>\n<meta property=\"article:published_time\" content=\"2023-12-18T12:00:00+00:00\" \/>\n<meta property=\"article:modified_time\" content=\"2026-03-13T12:43:18+00:00\" \/>\n<meta property=\"og:image\" content=\"https:\/\/agenciainfra.com\/blog\/wp-content\/uploads\/2023\/12\/aeroporto-de-guarulhos-foto-prefeitura-de-guarulhos.jpeg\" \/>\n\t<meta property=\"og:image:width\" content=\"1200\" \/>\n\t<meta property=\"og:image:height\" content=\"716\" \/>\n\t<meta property=\"og:image:type\" content=\"image\/jpeg\" \/>\n<meta name=\"author\" content=\"Ag\u00eancia iNFRA\" \/>\n<meta name=\"twitter:card\" content=\"summary_large_image\" \/>\n<meta name=\"twitter:creator\" content=\"@agencia_infra\" \/>\n<meta name=\"twitter:site\" content=\"@agencia_infra\" \/>\n<meta name=\"twitter:label1\" content=\"Escrito por\" \/>\n\t<meta name=\"twitter:data1\" content=\"Ag\u00eancia iNFRA\" \/>\n\t<meta name=\"twitter:label2\" content=\"Est. tempo de leitura\" \/>\n\t<meta name=\"twitter:data2\" content=\"4 minutos\" \/>\n<script type=\"application\/ld+json\" class=\"yoast-schema-graph\">{\"@context\":\"https:\/\/schema.org\",\"@graph\":[{\"@type\":\"Article\",\"@id\":\"https:\/\/agenciainfra.com\/blog\/ministerio-de-portos-e-aeroportos-manda-ao-tcu-pedido-para-repactuar-concessao-do-aeroporto-de-guarulhos\/#article\",\"isPartOf\":{\"@id\":\"https:\/\/agenciainfra.com\/blog\/ministerio-de-portos-e-aeroportos-manda-ao-tcu-pedido-para-repactuar-concessao-do-aeroporto-de-guarulhos\/\"},\"author\":{\"name\":\"Ag\u00eancia iNFRA\",\"@id\":\"https:\/\/agenciainfra.com\/blog\/#\/schema\/person\/34af08dff6adea4cb22b06612ba7acfa\"},\"headline\":\"Minist\u00e9rio de Portos e Aeroportos manda ao TCU pedido para repactuar concess\u00e3o do aeroporto de Guarulhos\",\"datePublished\":\"2023-12-18T12:00:00+00:00\",\"dateModified\":\"2026-03-13T12:43:18+00:00\",\"mainEntityOfPage\":{\"@id\":\"https:\/\/agenciainfra.com\/blog\/ministerio-de-portos-e-aeroportos-manda-ao-tcu-pedido-para-repactuar-concessao-do-aeroporto-de-guarulhos\/\"},\"wordCount\":860,\"publisher\":{\"@id\":\"https:\/\/agenciainfra.com\/blog\/#organization\"},\"image\":{\"@id\":\"https:\/\/agenciainfra.com\/blog\/ministerio-de-portos-e-aeroportos-manda-ao-tcu-pedido-para-repactuar-concessao-do-aeroporto-de-guarulhos\/#primaryimage\"},\"thumbnailUrl\":\"https:\/\/agenciainfra.com\/blog\/wp-content\/uploads\/2023\/12\/aeroporto-de-guarulhos-foto-prefeitura-de-guarulhos.jpeg\",\"keywords\":[\"ACSA\",\"Aeroporto Internacional de Guarulhos\",\"avia\u00e7\u00e3o civil\",\"concess\u00f5es\",\"contratos\",\"Dimmi Amora\",\"Guarulhos\",\"Invepar\",\"Jenifer Ribeiro\",\"Minist\u00e9rio de Portos e Aeroportos\",\"repactua\u00e7\u00e3o\",\"SecexConsenso\",\"TCU\",\"transporte a\u00e9reo\"],\"articleSection\":[\"Cabe\u00e7alho\",\"Destaque lista\",\"Geral\",\"iNFRATransporte\"],\"inLanguage\":\"pt-BR\",\"copyrightYear\":\"2023\",\"copyrightHolder\":{\"@id\":\"https:\/\/agenciainfra.com\/blog\/#organization\"}},{\"@type\":\"WebPage\",\"@id\":\"https:\/\/agenciainfra.com\/blog\/ministerio-de-portos-e-aeroportos-manda-ao-tcu-pedido-para-repactuar-concessao-do-aeroporto-de-guarulhos\/\",\"url\":\"https:\/\/agenciainfra.com\/blog\/ministerio-de-portos-e-aeroportos-manda-ao-tcu-pedido-para-repactuar-concessao-do-aeroporto-de-guarulhos\/\",\"name\":\"Minist\u00e9rio de Portos e Aeroportos manda ao TCU pedido para repactuar concess\u00e3o do aeroporto de Guarulhos - Ag\u00eancia iNFRA\",\"isPartOf\":{\"@id\":\"https:\/\/agenciainfra.com\/blog\/#website\"},\"primaryImageOfPage\":{\"@id\":\"https:\/\/agenciainfra.com\/blog\/ministerio-de-portos-e-aeroportos-manda-ao-tcu-pedido-para-repactuar-concessao-do-aeroporto-de-guarulhos\/#primaryimage\"},\"image\":{\"@id\":\"https:\/\/agenciainfra.com\/blog\/ministerio-de-portos-e-aeroportos-manda-ao-tcu-pedido-para-repactuar-concessao-do-aeroporto-de-guarulhos\/#primaryimage\"},\"thumbnailUrl\":\"https:\/\/agenciainfra.com\/blog\/wp-content\/uploads\/2023\/12\/aeroporto-de-guarulhos-foto-prefeitura-de-guarulhos.jpeg\",\"datePublished\":\"2023-12-18T12:00:00+00:00\",\"dateModified\":\"2026-03-13T12:43:18+00:00\",\"breadcrumb\":{\"@id\":\"https:\/\/agenciainfra.com\/blog\/ministerio-de-portos-e-aeroportos-manda-ao-tcu-pedido-para-repactuar-concessao-do-aeroporto-de-guarulhos\/#breadcrumb\"},\"inLanguage\":\"pt-BR\",\"potentialAction\":[{\"@type\":\"ReadAction\",\"target\":[\"https:\/\/agenciainfra.com\/blog\/ministerio-de-portos-e-aeroportos-manda-ao-tcu-pedido-para-repactuar-concessao-do-aeroporto-de-guarulhos\/\"]}]},{\"@type\":\"ImageObject\",\"inLanguage\":\"pt-BR\",\"@id\":\"https:\/\/agenciainfra.com\/blog\/ministerio-de-portos-e-aeroportos-manda-ao-tcu-pedido-para-repactuar-concessao-do-aeroporto-de-guarulhos\/#primaryimage\",\"url\":\"https:\/\/agenciainfra.com\/blog\/wp-content\/uploads\/2023\/12\/aeroporto-de-guarulhos-foto-prefeitura-de-guarulhos.jpeg\",\"contentUrl\":\"https:\/\/agenciainfra.com\/blog\/wp-content\/uploads\/2023\/12\/aeroporto-de-guarulhos-foto-prefeitura-de-guarulhos.jpeg\",\"width\":1200,\"height\":716,\"caption\":\"Foto: Prefeitura de Guarulhos\"},{\"@type\":\"BreadcrumbList\",\"@id\":\"https:\/\/agenciainfra.com\/blog\/ministerio-de-portos-e-aeroportos-manda-ao-tcu-pedido-para-repactuar-concessao-do-aeroporto-de-guarulhos\/#breadcrumb\",\"itemListElement\":[{\"@type\":\"ListItem\",\"position\":1,\"name\":\"In\u00edcio\",\"item\":\"https:\/\/agenciainfra.com\/blog\/\"},{\"@type\":\"ListItem\",\"position\":2,\"name\":\"Minist\u00e9rio de Portos e Aeroportos manda ao TCU pedido para repactuar concess\u00e3o do aeroporto de Guarulhos\"}]},{\"@type\":\"WebSite\",\"@id\":\"https:\/\/agenciainfra.com\/blog\/#website\",\"url\":\"https:\/\/agenciainfra.com\/blog\/\",\"name\":\"Ag\u00eancia iNFRA\",\"description\":\"Multiplataforma de informa\u00e7\u00e3o jornal\u00edstica refer\u00eancia na \u00e1rea de infraestrutura no Brasil!\",\"publisher\":{\"@id\":\"https:\/\/agenciainfra.com\/blog\/#organization\"},\"potentialAction\":[{\"@type\":\"SearchAction\",\"target\":{\"@type\":\"EntryPoint\",\"urlTemplate\":\"https:\/\/agenciainfra.com\/blog\/?s={search_term_string}\"},\"query-input\":{\"@type\":\"PropertyValueSpecification\",\"valueRequired\":true,\"valueName\":\"search_term_string\"}}],\"inLanguage\":\"pt-BR\"},{\"@type\":\"Organization\",\"@id\":\"https:\/\/agenciainfra.com\/blog\/#organization\",\"name\":\"Ag\u00eancia iNFRA\",\"url\":\"https:\/\/agenciainfra.com\/blog\/\",\"logo\":{\"@type\":\"ImageObject\",\"inLanguage\":\"pt-BR\",\"@id\":\"https:\/\/agenciainfra.com\/blog\/#\/schema\/logo\/image\/\",\"url\":\"https:\/\/agenciainfra.com\/blog\/wp-content\/uploads\/2023\/09\/iNFRA_5-e1761735885940.png\",\"contentUrl\":\"https:\/\/agenciainfra.com\/blog\/wp-content\/uploads\/2023\/09\/iNFRA_5-e1761735885940.png\",\"width\":1672,\"height\":454,\"caption\":\"Ag\u00eancia iNFRA\"},\"image\":{\"@id\":\"https:\/\/agenciainfra.com\/blog\/#\/schema\/logo\/image\/\"},\"sameAs\":[\"https:\/\/www.facebook.com\/ageninfra\",\"https:\/\/x.com\/agencia_infra\",\"https:\/\/www.linkedin.com\/company\/ag\u00eanciainfra\/\",\"https:\/\/www.instagram.com\/agenciainfra\/\"]},{\"@type\":\"Person\",\"@id\":\"https:\/\/agenciainfra.com\/blog\/#\/schema\/person\/34af08dff6adea4cb22b06612ba7acfa\",\"name\":\"Ag\u00eancia iNFRA\",\"image\":{\"@type\":\"ImageObject\",\"inLanguage\":\"pt-BR\",\"@id\":\"https:\/\/agenciainfra.com\/blog\/#\/schema\/person\/image\/\",\"url\":\"https:\/\/secure.gravatar.com\/avatar\/d189e01678f06d8eb84d4e01f08eb848b3fffe3f8443818d3c356c66892f5be8?s=96&d=mm&r=g\",\"contentUrl\":\"https:\/\/secure.gravatar.com\/avatar\/d189e01678f06d8eb84d4e01f08eb848b3fffe3f8443818d3c356c66892f5be8?s=96&d=mm&r=g\",\"caption\":\"Ag\u00eancia iNFRA\"},\"url\":\"https:\/\/agenciainfra.com\/blog\/author\/admin\/\"}]}<\/script>\n<!-- \/ Yoast SEO Premium plugin. -->","yoast_head_json":{"title":"Minist\u00e9rio de Portos e Aeroportos manda ao TCU pedido para repactuar concess\u00e3o do aeroporto de Guarulhos - Ag\u00eancia iNFRA","robots":{"index":"index","follow":"follow","max-snippet":"max-snippet:-1","max-image-preview":"max-image-preview:large","max-video-preview":"max-video-preview:-1"},"canonical":"https:\/\/agenciainfra.com\/blog\/ministerio-de-portos-e-aeroportos-manda-ao-tcu-pedido-para-repactuar-concessao-do-aeroporto-de-guarulhos\/","og_locale":"pt_BR","og_type":"article","og_title":"Minist\u00e9rio de Portos e Aeroportos manda ao TCU pedido para repactuar concess\u00e3o do aeroporto de Guarulhos","og_description":"Dimmi Amora&nbsp;e&nbsp;Jenifer Ribeiro, da Ag\u00eancia iNFRA O\u00a0minist\u00e9rio\u00a0de\u00a0Portos\u00a0e\u00a0Aeroportos\u00a0encaminhou\u00a0ao\u00a0TCU\u00a0(Tribunal de Contas da Uni\u00e3o)\u00a0pedido\u00a0para\u00a0repactuar\u00a0o contrato\u00a0do\u00a0Aeroporto\u00a0Internacional de\u00a0Guarulhos\u00a0(SP), o maior\u00a0do\u00a0pa\u00eds. A proposta foi recebida pelo \u00f3rg\u00e3o de controle no in\u00edcio desta semana\u00a0e\u00a0est\u00e1 na fase de admissibilidade\u00a0para\u00a0ser tratada dentro da Secretaria de Solu\u00e7\u00e3o Consensual\u00a0e\u00a0Preven\u00e7\u00e3o de Conflito\u00a0do\u00a0\u00f3rg\u00e3o, confirmou uma fonte\u00a0do\u00a0tribunal. A unidade \u00e9 administrada pela Invepar em cons\u00f3rcio com a empresa sul-africana\u00a0Acsa [&hellip;]","og_url":"https:\/\/agenciainfra.com\/blog\/ministerio-de-portos-e-aeroportos-manda-ao-tcu-pedido-para-repactuar-concessao-do-aeroporto-de-guarulhos\/","og_site_name":"Ag\u00eancia iNFRA","article_publisher":"https:\/\/www.facebook.com\/ageninfra","article_published_time":"2023-12-18T12:00:00+00:00","article_modified_time":"2026-03-13T12:43:18+00:00","og_image":[{"width":1200,"height":716,"url":"https:\/\/agenciainfra.com\/blog\/wp-content\/uploads\/2023\/12\/aeroporto-de-guarulhos-foto-prefeitura-de-guarulhos.jpeg","type":"image\/jpeg"}],"author":"Ag\u00eancia iNFRA","twitter_card":"summary_large_image","twitter_creator":"@agencia_infra","twitter_site":"@agencia_infra","twitter_misc":{"Escrito por":"Ag\u00eancia iNFRA","Est. tempo de leitura":"4 minutos"},"schema":{"@context":"https:\/\/schema.org","@graph":[{"@type":"Article","@id":"https:\/\/agenciainfra.com\/blog\/ministerio-de-portos-e-aeroportos-manda-ao-tcu-pedido-para-repactuar-concessao-do-aeroporto-de-guarulhos\/#article","isPartOf":{"@id":"https:\/\/agenciainfra.com\/blog\/ministerio-de-portos-e-aeroportos-manda-ao-tcu-pedido-para-repactuar-concessao-do-aeroporto-de-guarulhos\/"},"author":{"name":"Ag\u00eancia iNFRA","@id":"https:\/\/agenciainfra.com\/blog\/#\/schema\/person\/34af08dff6adea4cb22b06612ba7acfa"},"headline":"Minist\u00e9rio de Portos e Aeroportos manda ao TCU pedido para repactuar concess\u00e3o do aeroporto de Guarulhos","datePublished":"2023-12-18T12:00:00+00:00","dateModified":"2026-03-13T12:43:18+00:00","mainEntityOfPage":{"@id":"https:\/\/agenciainfra.com\/blog\/ministerio-de-portos-e-aeroportos-manda-ao-tcu-pedido-para-repactuar-concessao-do-aeroporto-de-guarulhos\/"},"wordCount":860,"publisher":{"@id":"https:\/\/agenciainfra.com\/blog\/#organization"},"image":{"@id":"https:\/\/agenciainfra.com\/blog\/ministerio-de-portos-e-aeroportos-manda-ao-tcu-pedido-para-repactuar-concessao-do-aeroporto-de-guarulhos\/#primaryimage"},"thumbnailUrl":"https:\/\/agenciainfra.com\/blog\/wp-content\/uploads\/2023\/12\/aeroporto-de-guarulhos-foto-prefeitura-de-guarulhos.jpeg","keywords":["ACSA","Aeroporto Internacional de Guarulhos","avia\u00e7\u00e3o civil","concess\u00f5es","contratos","Dimmi Amora","Guarulhos","Invepar","Jenifer Ribeiro","Minist\u00e9rio de Portos e Aeroportos","repactua\u00e7\u00e3o","SecexConsenso","TCU","transporte a\u00e9reo"],"articleSection":["Cabe\u00e7alho","Destaque lista","Geral","iNFRATransporte"],"inLanguage":"pt-BR","copyrightYear":"2023","copyrightHolder":{"@id":"https:\/\/agenciainfra.com\/blog\/#organization"}},{"@type":"WebPage","@id":"https:\/\/agenciainfra.com\/blog\/ministerio-de-portos-e-aeroportos-manda-ao-tcu-pedido-para-repactuar-concessao-do-aeroporto-de-guarulhos\/","url":"https:\/\/agenciainfra.com\/blog\/ministerio-de-portos-e-aeroportos-manda-ao-tcu-pedido-para-repactuar-concessao-do-aeroporto-de-guarulhos\/","name":"Minist\u00e9rio de Portos e Aeroportos manda ao TCU pedido para repactuar concess\u00e3o do aeroporto de Guarulhos - Ag\u00eancia iNFRA","isPartOf":{"@id":"https:\/\/agenciainfra.com\/blog\/#website"},"primaryImageOfPage":{"@id":"https:\/\/agenciainfra.com\/blog\/ministerio-de-portos-e-aeroportos-manda-ao-tcu-pedido-para-repactuar-concessao-do-aeroporto-de-guarulhos\/#primaryimage"},"image":{"@id":"https:\/\/agenciainfra.com\/blog\/ministerio-de-portos-e-aeroportos-manda-ao-tcu-pedido-para-repactuar-concessao-do-aeroporto-de-guarulhos\/#primaryimage"},"thumbnailUrl":"https:\/\/agenciainfra.com\/blog\/wp-content\/uploads\/2023\/12\/aeroporto-de-guarulhos-foto-prefeitura-de-guarulhos.jpeg","datePublished":"2023-12-18T12:00:00+00:00","dateModified":"2026-03-13T12:43:18+00:00","breadcrumb":{"@id":"https:\/\/agenciainfra.com\/blog\/ministerio-de-portos-e-aeroportos-manda-ao-tcu-pedido-para-repactuar-concessao-do-aeroporto-de-guarulhos\/#breadcrumb"},"inLanguage":"pt-BR","potentialAction":[{"@type":"ReadAction","target":["https:\/\/agenciainfra.com\/blog\/ministerio-de-portos-e-aeroportos-manda-ao-tcu-pedido-para-repactuar-concessao-do-aeroporto-de-guarulhos\/"]}]},{"@type":"ImageObject","inLanguage":"pt-BR","@id":"https:\/\/agenciainfra.com\/blog\/ministerio-de-portos-e-aeroportos-manda-ao-tcu-pedido-para-repactuar-concessao-do-aeroporto-de-guarulhos\/#primaryimage","url":"https:\/\/agenciainfra.com\/blog\/wp-content\/uploads\/2023\/12\/aeroporto-de-guarulhos-foto-prefeitura-de-guarulhos.jpeg","contentUrl":"https:\/\/agenciainfra.com\/blog\/wp-content\/uploads\/2023\/12\/aeroporto-de-guarulhos-foto-prefeitura-de-guarulhos.jpeg","width":1200,"height":716,"caption":"Foto: Prefeitura de Guarulhos"},{"@type":"BreadcrumbList","@id":"https:\/\/agenciainfra.com\/blog\/ministerio-de-portos-e-aeroportos-manda-ao-tcu-pedido-para-repactuar-concessao-do-aeroporto-de-guarulhos\/#breadcrumb","itemListElement":[{"@type":"ListItem","position":1,"name":"In\u00edcio","item":"https:\/\/agenciainfra.com\/blog\/"},{"@type":"ListItem","position":2,"name":"Minist\u00e9rio de Portos e Aeroportos manda ao TCU pedido para repactuar concess\u00e3o do aeroporto de Guarulhos"}]},{"@type":"WebSite","@id":"https:\/\/agenciainfra.com\/blog\/#website","url":"https:\/\/agenciainfra.com\/blog\/","name":"Ag\u00eancia iNFRA","description":"Multiplataforma de informa\u00e7\u00e3o jornal\u00edstica refer\u00eancia na \u00e1rea de infraestrutura no Brasil!","publisher":{"@id":"https:\/\/agenciainfra.com\/blog\/#organization"},"potentialAction":[{"@type":"SearchAction","target":{"@type":"EntryPoint","urlTemplate":"https:\/\/agenciainfra.com\/blog\/?s={search_term_string}"},"query-input":{"@type":"PropertyValueSpecification","valueRequired":true,"valueName":"search_term_string"}}],"inLanguage":"pt-BR"},{"@type":"Organization","@id":"https:\/\/agenciainfra.com\/blog\/#organization","name":"Ag\u00eancia iNFRA","url":"https:\/\/agenciainfra.com\/blog\/","logo":{"@type":"ImageObject","inLanguage":"pt-BR","@id":"https:\/\/agenciainfra.com\/blog\/#\/schema\/logo\/image\/","url":"https:\/\/agenciainfra.com\/blog\/wp-content\/uploads\/2023\/09\/iNFRA_5-e1761735885940.png","contentUrl":"https:\/\/agenciainfra.com\/blog\/wp-content\/uploads\/2023\/09\/iNFRA_5-e1761735885940.png","width":1672,"height":454,"caption":"Ag\u00eancia iNFRA"},"image":{"@id":"https:\/\/agenciainfra.com\/blog\/#\/schema\/logo\/image\/"},"sameAs":["https:\/\/www.facebook.com\/ageninfra","https:\/\/x.com\/agencia_infra","https:\/\/www.linkedin.com\/company\/ag\u00eanciainfra\/","https:\/\/www.instagram.com\/agenciainfra\/"]},{"@type":"Person","@id":"https:\/\/agenciainfra.com\/blog\/#\/schema\/person\/34af08dff6adea4cb22b06612ba7acfa","name":"Ag\u00eancia iNFRA","image":{"@type":"ImageObject","inLanguage":"pt-BR","@id":"https:\/\/agenciainfra.com\/blog\/#\/schema\/person\/image\/","url":"https:\/\/secure.gravatar.com\/avatar\/d189e01678f06d8eb84d4e01f08eb848b3fffe3f8443818d3c356c66892f5be8?s=96&d=mm&r=g","contentUrl":"https:\/\/secure.gravatar.com\/avatar\/d189e01678f06d8eb84d4e01f08eb848b3fffe3f8443818d3c356c66892f5be8?s=96&d=mm&r=g","caption":"Ag\u00eancia iNFRA"},"url":"https:\/\/agenciainfra.com\/blog\/author\/admin\/"}]}},"_links":{"self":[{"href":"https:\/\/agenciainfra.com\/blog\/wp-json\/wp\/v2\/posts\/15113","targetHints":{"allow":["GET"]}}],"collection":[{"href":"https:\/\/agenciainfra.com\/blog\/wp-json\/wp\/v2\/posts"}],"about":[{"href":"https:\/\/agenciainfra.com\/blog\/wp-json\/wp\/v2\/types\/post"}],"author":[{"embeddable":true,"href":"https:\/\/agenciainfra.com\/blog\/wp-json\/wp\/v2\/users\/1"}],"replies":[{"embeddable":true,"href":"https:\/\/agenciainfra.com\/blog\/wp-json\/wp\/v2\/comments?post=15113"}],"version-history":[{"count":1,"href":"https:\/\/agenciainfra.com\/blog\/wp-json\/wp\/v2\/posts\/15113\/revisions"}],"predecessor-version":[{"id":15115,"href":"https:\/\/agenciainfra.com\/blog\/wp-json\/wp\/v2\/posts\/15113\/revisions\/15115"}],"wp:featuredmedia":[{"embeddable":true,"href":"https:\/\/agenciainfra.com\/blog\/wp-json\/wp\/v2\/media\/15114"}],"wp:attachment":[{"href":"https:\/\/agenciainfra.com\/blog\/wp-json\/wp\/v2\/media?parent=15113"}],"wp:term":[{"taxonomy":"category","embeddable":true,"href":"https:\/\/agenciainfra.com\/blog\/wp-json\/wp\/v2\/categories?post=15113"},{"taxonomy":"post_tag","embeddable":true,"href":"https:\/\/agenciainfra.com\/blog\/wp-json\/wp\/v2\/tags?post=15113"}],"curies":[{"name":"wp","href":"https:\/\/api.w.org\/{rel}","templated":true}]}}