{"id":15137,"date":"2023-12-20T10:00:00","date_gmt":"2023-12-20T13:00:00","guid":{"rendered":"https:\/\/www.agenciainfra.com\/blog\/?p=15137"},"modified":"2023-12-22T10:16:13","modified_gmt":"2023-12-22T13:16:13","slug":"ministro-anuncia-para-janeiro-nova-secretaria-destinada-a-projetos-hidroviarios","status":"publish","type":"post","link":"https:\/\/agenciainfra.com\/blog\/ministro-anuncia-para-janeiro-nova-secretaria-destinada-a-projetos-hidroviarios\/","title":{"rendered":"Ministro anuncia para janeiro nova secretaria destinada a projetos hidrovi\u00e1rios"},"content":{"rendered":"\n<p class=\"has-text-align-right\"><strong>da Ag\u00eancia iNFRA<\/strong><\/p>\n\n\n\n<p>A&nbsp;nova&nbsp;Secretaria&nbsp;Nacional de Hidrovias ser\u00e1 lan\u00e7ada na primeira quinzena de&nbsp;janeiro, segundo informou o&nbsp;ministro&nbsp;de Portos e Aeroportos, Silvio Costa Filho, em sua fala como keynote speaker do evento \u201cInfraestrutura: Caminhos&nbsp;para&nbsp;a transi\u00e7\u00e3o sustent\u00e1vel\u201d, promovido pelo MoveInfra, na \u00faltima quinta-feira (14).<\/p>\n\n\n\n<p>O&nbsp;ministro&nbsp;tamb\u00e9m se mostrou confiante em rela\u00e7\u00e3o ao crescimento econ\u00f4mico do pa\u00eds. Ele apontou que a nota de cr\u00e9dito do Brasil est\u00e1 melhorando e que atualmente o pa\u00eds \u00e9 o segundo mais procurado por pa\u00edses estrangeiros&nbsp;para&nbsp;investimentos em infraestrutura de transporte e energia.<\/p>\n\n\n\n<p>Al\u00e9m disso, Silvio Costa Filho afirmou que os esfor\u00e7os do governo trouxeram perspectivas de crescimento de 3% do PIB (Produto Interno Bruto) neste ano e do \u00edndice de infla\u00e7\u00e3o dentro da meta estipulada de 4% a 4,5% com taxas de juros a 11,75%.&nbsp;Para&nbsp;Costa Filho, esses n\u00fameros t\u00eam refletido em uma economia mais equilibrada.<\/p>\n\n\n\n<p>Sobre as prioridades do setor hidrovi\u00e1rio, o&nbsp;ministro&nbsp;disse que elas ser\u00e3o \u201ca hidrovia Uruguai-Brasil, a hidrovia da Lagoa Mirim, a hidrovia do Tocantins \u2013 que depende da derrocagem do pedral do Louren\u00e7o \u2013 e a hidrovia do Amazonas, que j\u00e1 pegou recursos com o Fundo da Marinha Mercante\u201d. A expectativa \u00e9 que o volume de investimentos desses&nbsp;projetos&nbsp;iniciais seja de R$ 2 bilh\u00f5es.<\/p>\n\n\n\n<p>Em rela\u00e7\u00e3o \u00e0 derrocagem do pedral do Louren\u00e7o, que \u00e9 uma obra aguardada&nbsp;para&nbsp;permitir a navegabilidade da hidrovia do Tocantins, o&nbsp;ministro&nbsp;explicou que h\u00e1 uma sinaliza\u00e7\u00e3o&nbsp;para&nbsp;que as licen\u00e7as ambientais necess\u00e1rias&nbsp;para&nbsp;seguir com o empreendimento sejam emitidas no in\u00edcio de fevereiro.<\/p>\n\n\n\n<p><strong>Recursos da&nbsp;secretaria<\/strong><br>O potencial de hidrovias naveg\u00e1veis no Brasil \u00e9 de 42 mil quil\u00f4metros, segundo apontou Costa Filho, e o intuito \u00e9 que esses&nbsp;projetos&nbsp;sejam elaborados tamb\u00e9m com os recursos do Fundo da Marinha Mercante, que somam R$ 8 bilh\u00f5es.<\/p>\n\n\n\n<p>Ainda com o objetivo de viabilizar os investimentos da&nbsp;nova&nbsp;secretaria, ficou acordado que no ano que vem o or\u00e7amento&nbsp;para&nbsp;projetos&nbsp;hidrovi\u00e1rios&nbsp;ficar\u00e1 com o Minist\u00e9rio de Portos e Aeroportos e n\u00e3o mais com o Minist\u00e9rio dos Transportes. A inten\u00e7\u00e3o \u00e9 que mesmo com esse arranjo, o DNIT (Departamento Nacional de Infraestrutura de Transportes), que \u00e9 vinculado aos Transportes, continue sendo o \u00f3rg\u00e3o executor das obras.<\/p>\n\n\n\n<p><strong>Nova&nbsp;subsecretaria<\/strong><br>O&nbsp;ministro&nbsp;afirmou tamb\u00e9m, na abertura do evento, que em fevereiro ser\u00e1 lan\u00e7ada uma subsecretaria&nbsp;para&nbsp;assuntos sustent\u00e1veis, que deve apresentar, nos pr\u00f3ximos tr\u00eas anos, um plano de sustentabilidade&nbsp;para&nbsp;o minist\u00e9rio.<\/p>\n\n\n\n<p>Esse plano vai passar pelo uso de SAF (Combust\u00edvel Sustent\u00e1vel da Avia\u00e7\u00e3o). Al\u00e9m disso, Costa filho pontuou: \u201cA gente est\u00e1 trabalhando com o setor produtivo&nbsp;para&nbsp;buscar cada vez mais navios verdes. A gente quer que esses navios tenham benef\u00edcios e estamos estudando qual a melhor modelagem&nbsp;para&nbsp;isso. Estamos fazendo toda uma agenda da descarboniza\u00e7\u00e3o dos nossos navios\u201d.<\/p>\n\n\n\n<p><strong>Leil\u00f5es portu\u00e1rios<\/strong><br>Ele refor\u00e7ou ainda em sua apresenta\u00e7\u00e3o o recado dado durante o leil\u00e3o de terminais portu\u00e1rios, que aconteceu na quarta-feira (13), de que at\u00e9 o final do governo ser\u00e3o feitos 35 leil\u00f5es de portos e hidrovias, com previs\u00e3o de R$ 15 bilh\u00f5es em investimentos diretos.<\/p>\n\n\n\n<p>Al\u00e9m disso, o&nbsp;ministro&nbsp;deu mais detalhes sobre o plano de viabilizar a opera\u00e7\u00e3o de 116 aeroportos regionais com o uso de outorgas de concess\u00f5es existentes. Ele afirmou que,&nbsp;pelo modelo constru\u00eddo, ser\u00e3o usadas&nbsp;para&nbsp;esses investimentos as outorgas das cinco maiores concess\u00f5es de aeroportos do Brasil com reequil\u00edbrios contratuais permitindo a prorroga\u00e7\u00e3o da licita\u00e7\u00e3o em 15 anos.<\/p>\n","protected":false},"excerpt":{"rendered":"<p>da Ag\u00eancia iNFRA A&nbsp;nova&nbsp;Secretaria&nbsp;Nacional de Hidrovias ser\u00e1 lan\u00e7ada na primeira quinzena de&nbsp;janeiro, segundo informou o&nbsp;ministro&nbsp;de Portos e Aeroportos, Silvio Costa Filho, em sua fala como keynote speaker do evento \u201cInfraestrutura: Caminhos&nbsp;para&nbsp;a transi\u00e7\u00e3o sustent\u00e1vel\u201d, promovido pelo MoveInfra, na \u00faltima quinta-feira (14). O&nbsp;ministro&nbsp;tamb\u00e9m se mostrou confiante em rela\u00e7\u00e3o ao crescimento econ\u00f4mico do pa\u00eds. Ele apontou que a [&hellip;]<\/p>\n","protected":false},"author":1,"featured_media":15138,"comment_status":"closed","ping_status":"closed","sticky":false,"template":"","format":"standard","meta":{"_monsterinsights_skip_tracking":false,"_monsterinsights_sitenote_active":false,"_monsterinsights_sitenote_note":"","_monsterinsights_sitenote_category":0,"footnotes":""},"categories":[1,2053],"tags":[7903,7902,7904,6257,6141,1501,33,7901,7467,3837],"class_list":["post-15137","post","type-post","status-publish","format-standard","has-post-thumbnail","hentry","category-geral","category-infraliveventos","tag-hidrovia-uruguai-brasil","tag-infraestrutura-caminhos-para-a-transicao-sustentavel-2","tag-lagoa-mirim","tag-ministerio-de-portos-e-aeroportos","tag-moveinfra","tag-pedral-do-lourenco","tag-pib","tag-projetos-hidroviarios","tag-silvio-costa-filho","tag-tocantins"],"yoast_head":"<!-- This site is optimized with the Yoast SEO Premium plugin v25.4 (Yoast SEO v26.0) - https:\/\/yoast.com\/wordpress\/plugins\/seo\/ -->\n<title>Ministro anuncia para janeiro nova secretaria destinada a projetos hidrovi\u00e1rios - Ag\u00eancia iNFRA<\/title>\n<meta name=\"robots\" content=\"index, follow, max-snippet:-1, max-image-preview:large, max-video-preview:-1\" \/>\n<link rel=\"canonical\" href=\"https:\/\/agenciainfra.com\/blog\/ministro-anuncia-para-janeiro-nova-secretaria-destinada-a-projetos-hidroviarios\/\" \/>\n<meta property=\"og:locale\" content=\"pt_BR\" \/>\n<meta property=\"og:type\" content=\"article\" \/>\n<meta property=\"og:title\" content=\"Ministro anuncia para janeiro nova secretaria destinada a projetos hidrovi\u00e1rios\" \/>\n<meta property=\"og:description\" content=\"da Ag\u00eancia iNFRA A&nbsp;nova&nbsp;Secretaria&nbsp;Nacional de Hidrovias ser\u00e1 lan\u00e7ada na primeira quinzena de&nbsp;janeiro, segundo informou o&nbsp;ministro&nbsp;de Portos e Aeroportos, Silvio Costa Filho, em sua fala como keynote speaker do evento \u201cInfraestrutura: Caminhos&nbsp;para&nbsp;a transi\u00e7\u00e3o sustent\u00e1vel\u201d, promovido pelo MoveInfra, na \u00faltima quinta-feira (14). O&nbsp;ministro&nbsp;tamb\u00e9m se mostrou confiante em rela\u00e7\u00e3o ao crescimento econ\u00f4mico do pa\u00eds. Ele apontou que a [&hellip;]\" \/>\n<meta property=\"og:url\" content=\"https:\/\/agenciainfra.com\/blog\/ministro-anuncia-para-janeiro-nova-secretaria-destinada-a-projetos-hidroviarios\/\" \/>\n<meta property=\"og:site_name\" content=\"Ag\u00eancia iNFRA\" \/>\n<meta property=\"article:publisher\" content=\"https:\/\/www.facebook.com\/ageninfra\" \/>\n<meta property=\"article:published_time\" content=\"2023-12-20T13:00:00+00:00\" \/>\n<meta property=\"article:modified_time\" content=\"2023-12-22T13:16:13+00:00\" \/>\n<meta property=\"og:image\" content=\"https:\/\/agenciainfra.com\/blog\/wp-content\/uploads\/2023\/12\/silvio-costa-filho-foto-moveinfra-2023.jpg\" \/>\n\t<meta property=\"og:image:width\" content=\"1280\" \/>\n\t<meta property=\"og:image:height\" content=\"853\" \/>\n\t<meta property=\"og:image:type\" content=\"image\/jpeg\" \/>\n<meta name=\"author\" content=\"Ag\u00eancia iNFRA\" \/>\n<meta name=\"twitter:card\" content=\"summary_large_image\" \/>\n<meta name=\"twitter:creator\" content=\"@agencia_infra\" \/>\n<meta name=\"twitter:site\" content=\"@agencia_infra\" \/>\n<meta name=\"twitter:label1\" content=\"Escrito por\" \/>\n\t<meta name=\"twitter:data1\" content=\"Ag\u00eancia iNFRA\" \/>\n\t<meta name=\"twitter:label2\" content=\"Est. tempo de leitura\" \/>\n\t<meta name=\"twitter:data2\" content=\"3 minutos\" \/>\n<script type=\"application\/ld+json\" class=\"yoast-schema-graph\">{\"@context\":\"https:\/\/schema.org\",\"@graph\":[{\"@type\":\"Article\",\"@id\":\"https:\/\/agenciainfra.com\/blog\/ministro-anuncia-para-janeiro-nova-secretaria-destinada-a-projetos-hidroviarios\/#article\",\"isPartOf\":{\"@id\":\"https:\/\/agenciainfra.com\/blog\/ministro-anuncia-para-janeiro-nova-secretaria-destinada-a-projetos-hidroviarios\/\"},\"author\":{\"name\":\"Ag\u00eancia iNFRA\",\"@id\":\"https:\/\/agenciainfra.com\/blog\/#\/schema\/person\/34af08dff6adea4cb22b06612ba7acfa\"},\"headline\":\"Ministro anuncia para janeiro nova secretaria destinada a projetos hidrovi\u00e1rios\",\"datePublished\":\"2023-12-20T13:00:00+00:00\",\"dateModified\":\"2023-12-22T13:16:13+00:00\",\"mainEntityOfPage\":{\"@id\":\"https:\/\/agenciainfra.com\/blog\/ministro-anuncia-para-janeiro-nova-secretaria-destinada-a-projetos-hidroviarios\/\"},\"wordCount\":671,\"publisher\":{\"@id\":\"https:\/\/agenciainfra.com\/blog\/#organization\"},\"image\":{\"@id\":\"https:\/\/agenciainfra.com\/blog\/ministro-anuncia-para-janeiro-nova-secretaria-destinada-a-projetos-hidroviarios\/#primaryimage\"},\"thumbnailUrl\":\"https:\/\/agenciainfra.com\/blog\/wp-content\/uploads\/2023\/12\/silvio-costa-filho-foto-moveinfra-2023.jpg\",\"keywords\":[\"hidrovia Uruguai-Brasil\",\"Infraestrutura: Caminhos\u00a0para\u00a0a transi\u00e7\u00e3o sustent\u00e1vel\",\"Lagoa mirim\",\"Minist\u00e9rio de Portos e Aeroportos\",\"MoveInfra\",\"Pedral do Louren\u00e7o\",\"PIB\",\"projetos hidrovi\u00e1rios\",\"Silvio Costa Filho\",\"Tocantins\"],\"articleSection\":[\"Geral\",\"iNFRALive e Eventos\"],\"inLanguage\":\"pt-BR\",\"copyrightYear\":\"2023\",\"copyrightHolder\":{\"@id\":\"https:\/\/agenciainfra.com\/blog\/#organization\"}},{\"@type\":\"WebPage\",\"@id\":\"https:\/\/agenciainfra.com\/blog\/ministro-anuncia-para-janeiro-nova-secretaria-destinada-a-projetos-hidroviarios\/\",\"url\":\"https:\/\/agenciainfra.com\/blog\/ministro-anuncia-para-janeiro-nova-secretaria-destinada-a-projetos-hidroviarios\/\",\"name\":\"Ministro anuncia para janeiro nova secretaria destinada a projetos hidrovi\u00e1rios - Ag\u00eancia iNFRA\",\"isPartOf\":{\"@id\":\"https:\/\/agenciainfra.com\/blog\/#website\"},\"primaryImageOfPage\":{\"@id\":\"https:\/\/agenciainfra.com\/blog\/ministro-anuncia-para-janeiro-nova-secretaria-destinada-a-projetos-hidroviarios\/#primaryimage\"},\"image\":{\"@id\":\"https:\/\/agenciainfra.com\/blog\/ministro-anuncia-para-janeiro-nova-secretaria-destinada-a-projetos-hidroviarios\/#primaryimage\"},\"thumbnailUrl\":\"https:\/\/agenciainfra.com\/blog\/wp-content\/uploads\/2023\/12\/silvio-costa-filho-foto-moveinfra-2023.jpg\",\"datePublished\":\"2023-12-20T13:00:00+00:00\",\"dateModified\":\"2023-12-22T13:16:13+00:00\",\"breadcrumb\":{\"@id\":\"https:\/\/agenciainfra.com\/blog\/ministro-anuncia-para-janeiro-nova-secretaria-destinada-a-projetos-hidroviarios\/#breadcrumb\"},\"inLanguage\":\"pt-BR\",\"potentialAction\":[{\"@type\":\"ReadAction\",\"target\":[\"https:\/\/agenciainfra.com\/blog\/ministro-anuncia-para-janeiro-nova-secretaria-destinada-a-projetos-hidroviarios\/\"]}]},{\"@type\":\"ImageObject\",\"inLanguage\":\"pt-BR\",\"@id\":\"https:\/\/agenciainfra.com\/blog\/ministro-anuncia-para-janeiro-nova-secretaria-destinada-a-projetos-hidroviarios\/#primaryimage\",\"url\":\"https:\/\/agenciainfra.com\/blog\/wp-content\/uploads\/2023\/12\/silvio-costa-filho-foto-moveinfra-2023.jpg\",\"contentUrl\":\"https:\/\/agenciainfra.com\/blog\/wp-content\/uploads\/2023\/12\/silvio-costa-filho-foto-moveinfra-2023.jpg\",\"width\":1280,\"height\":853},{\"@type\":\"BreadcrumbList\",\"@id\":\"https:\/\/agenciainfra.com\/blog\/ministro-anuncia-para-janeiro-nova-secretaria-destinada-a-projetos-hidroviarios\/#breadcrumb\",\"itemListElement\":[{\"@type\":\"ListItem\",\"position\":1,\"name\":\"In\u00edcio\",\"item\":\"https:\/\/agenciainfra.com\/blog\/\"},{\"@type\":\"ListItem\",\"position\":2,\"name\":\"Ministro anuncia para janeiro nova secretaria destinada a projetos hidrovi\u00e1rios\"}]},{\"@type\":\"WebSite\",\"@id\":\"https:\/\/agenciainfra.com\/blog\/#website\",\"url\":\"https:\/\/agenciainfra.com\/blog\/\",\"name\":\"Ag\u00eancia iNFRA\",\"description\":\"Multiplataforma de informa\u00e7\u00e3o jornal\u00edstica refer\u00eancia na \u00e1rea de infraestrutura no Brasil!\",\"publisher\":{\"@id\":\"https:\/\/agenciainfra.com\/blog\/#organization\"},\"potentialAction\":[{\"@type\":\"SearchAction\",\"target\":{\"@type\":\"EntryPoint\",\"urlTemplate\":\"https:\/\/agenciainfra.com\/blog\/?s={search_term_string}\"},\"query-input\":{\"@type\":\"PropertyValueSpecification\",\"valueRequired\":true,\"valueName\":\"search_term_string\"}}],\"inLanguage\":\"pt-BR\"},{\"@type\":\"Organization\",\"@id\":\"https:\/\/agenciainfra.com\/blog\/#organization\",\"name\":\"Ag\u00eancia iNFRA\",\"url\":\"https:\/\/agenciainfra.com\/blog\/\",\"logo\":{\"@type\":\"ImageObject\",\"inLanguage\":\"pt-BR\",\"@id\":\"https:\/\/agenciainfra.com\/blog\/#\/schema\/logo\/image\/\",\"url\":\"https:\/\/agenciainfra.com\/blog\/wp-content\/uploads\/2023\/09\/iNFRA_5-e1761735885940.png\",\"contentUrl\":\"https:\/\/agenciainfra.com\/blog\/wp-content\/uploads\/2023\/09\/iNFRA_5-e1761735885940.png\",\"width\":1672,\"height\":454,\"caption\":\"Ag\u00eancia iNFRA\"},\"image\":{\"@id\":\"https:\/\/agenciainfra.com\/blog\/#\/schema\/logo\/image\/\"},\"sameAs\":[\"https:\/\/www.facebook.com\/ageninfra\",\"https:\/\/x.com\/agencia_infra\",\"https:\/\/www.linkedin.com\/company\/ag\u00eanciainfra\/\",\"https:\/\/www.instagram.com\/agenciainfra\/\"]},{\"@type\":\"Person\",\"@id\":\"https:\/\/agenciainfra.com\/blog\/#\/schema\/person\/34af08dff6adea4cb22b06612ba7acfa\",\"name\":\"Ag\u00eancia iNFRA\",\"image\":{\"@type\":\"ImageObject\",\"inLanguage\":\"pt-BR\",\"@id\":\"https:\/\/agenciainfra.com\/blog\/#\/schema\/person\/image\/\",\"url\":\"https:\/\/secure.gravatar.com\/avatar\/d189e01678f06d8eb84d4e01f08eb848b3fffe3f8443818d3c356c66892f5be8?s=96&d=mm&r=g\",\"contentUrl\":\"https:\/\/secure.gravatar.com\/avatar\/d189e01678f06d8eb84d4e01f08eb848b3fffe3f8443818d3c356c66892f5be8?s=96&d=mm&r=g\",\"caption\":\"Ag\u00eancia iNFRA\"},\"url\":\"https:\/\/agenciainfra.com\/blog\/author\/admin\/\"}]}<\/script>\n<!-- \/ Yoast SEO Premium plugin. -->","yoast_head_json":{"title":"Ministro anuncia para janeiro nova secretaria destinada a projetos hidrovi\u00e1rios - Ag\u00eancia iNFRA","robots":{"index":"index","follow":"follow","max-snippet":"max-snippet:-1","max-image-preview":"max-image-preview:large","max-video-preview":"max-video-preview:-1"},"canonical":"https:\/\/agenciainfra.com\/blog\/ministro-anuncia-para-janeiro-nova-secretaria-destinada-a-projetos-hidroviarios\/","og_locale":"pt_BR","og_type":"article","og_title":"Ministro anuncia para janeiro nova secretaria destinada a projetos hidrovi\u00e1rios","og_description":"da Ag\u00eancia iNFRA A&nbsp;nova&nbsp;Secretaria&nbsp;Nacional de Hidrovias ser\u00e1 lan\u00e7ada na primeira quinzena de&nbsp;janeiro, segundo informou o&nbsp;ministro&nbsp;de Portos e Aeroportos, Silvio Costa Filho, em sua fala como keynote speaker do evento \u201cInfraestrutura: Caminhos&nbsp;para&nbsp;a transi\u00e7\u00e3o sustent\u00e1vel\u201d, promovido pelo MoveInfra, na \u00faltima quinta-feira (14). O&nbsp;ministro&nbsp;tamb\u00e9m se mostrou confiante em rela\u00e7\u00e3o ao crescimento econ\u00f4mico do pa\u00eds. Ele apontou que a [&hellip;]","og_url":"https:\/\/agenciainfra.com\/blog\/ministro-anuncia-para-janeiro-nova-secretaria-destinada-a-projetos-hidroviarios\/","og_site_name":"Ag\u00eancia iNFRA","article_publisher":"https:\/\/www.facebook.com\/ageninfra","article_published_time":"2023-12-20T13:00:00+00:00","article_modified_time":"2023-12-22T13:16:13+00:00","og_image":[{"width":1280,"height":853,"url":"https:\/\/agenciainfra.com\/blog\/wp-content\/uploads\/2023\/12\/silvio-costa-filho-foto-moveinfra-2023.jpg","type":"image\/jpeg"}],"author":"Ag\u00eancia iNFRA","twitter_card":"summary_large_image","twitter_creator":"@agencia_infra","twitter_site":"@agencia_infra","twitter_misc":{"Escrito por":"Ag\u00eancia iNFRA","Est. tempo de leitura":"3 minutos"},"schema":{"@context":"https:\/\/schema.org","@graph":[{"@type":"Article","@id":"https:\/\/agenciainfra.com\/blog\/ministro-anuncia-para-janeiro-nova-secretaria-destinada-a-projetos-hidroviarios\/#article","isPartOf":{"@id":"https:\/\/agenciainfra.com\/blog\/ministro-anuncia-para-janeiro-nova-secretaria-destinada-a-projetos-hidroviarios\/"},"author":{"name":"Ag\u00eancia iNFRA","@id":"https:\/\/agenciainfra.com\/blog\/#\/schema\/person\/34af08dff6adea4cb22b06612ba7acfa"},"headline":"Ministro anuncia para janeiro nova secretaria destinada a projetos hidrovi\u00e1rios","datePublished":"2023-12-20T13:00:00+00:00","dateModified":"2023-12-22T13:16:13+00:00","mainEntityOfPage":{"@id":"https:\/\/agenciainfra.com\/blog\/ministro-anuncia-para-janeiro-nova-secretaria-destinada-a-projetos-hidroviarios\/"},"wordCount":671,"publisher":{"@id":"https:\/\/agenciainfra.com\/blog\/#organization"},"image":{"@id":"https:\/\/agenciainfra.com\/blog\/ministro-anuncia-para-janeiro-nova-secretaria-destinada-a-projetos-hidroviarios\/#primaryimage"},"thumbnailUrl":"https:\/\/agenciainfra.com\/blog\/wp-content\/uploads\/2023\/12\/silvio-costa-filho-foto-moveinfra-2023.jpg","keywords":["hidrovia Uruguai-Brasil","Infraestrutura: Caminhos\u00a0para\u00a0a transi\u00e7\u00e3o sustent\u00e1vel","Lagoa mirim","Minist\u00e9rio de Portos e Aeroportos","MoveInfra","Pedral do Louren\u00e7o","PIB","projetos hidrovi\u00e1rios","Silvio Costa Filho","Tocantins"],"articleSection":["Geral","iNFRALive e Eventos"],"inLanguage":"pt-BR","copyrightYear":"2023","copyrightHolder":{"@id":"https:\/\/agenciainfra.com\/blog\/#organization"}},{"@type":"WebPage","@id":"https:\/\/agenciainfra.com\/blog\/ministro-anuncia-para-janeiro-nova-secretaria-destinada-a-projetos-hidroviarios\/","url":"https:\/\/agenciainfra.com\/blog\/ministro-anuncia-para-janeiro-nova-secretaria-destinada-a-projetos-hidroviarios\/","name":"Ministro anuncia para janeiro nova secretaria destinada a projetos hidrovi\u00e1rios - Ag\u00eancia iNFRA","isPartOf":{"@id":"https:\/\/agenciainfra.com\/blog\/#website"},"primaryImageOfPage":{"@id":"https:\/\/agenciainfra.com\/blog\/ministro-anuncia-para-janeiro-nova-secretaria-destinada-a-projetos-hidroviarios\/#primaryimage"},"image":{"@id":"https:\/\/agenciainfra.com\/blog\/ministro-anuncia-para-janeiro-nova-secretaria-destinada-a-projetos-hidroviarios\/#primaryimage"},"thumbnailUrl":"https:\/\/agenciainfra.com\/blog\/wp-content\/uploads\/2023\/12\/silvio-costa-filho-foto-moveinfra-2023.jpg","datePublished":"2023-12-20T13:00:00+00:00","dateModified":"2023-12-22T13:16:13+00:00","breadcrumb":{"@id":"https:\/\/agenciainfra.com\/blog\/ministro-anuncia-para-janeiro-nova-secretaria-destinada-a-projetos-hidroviarios\/#breadcrumb"},"inLanguage":"pt-BR","potentialAction":[{"@type":"ReadAction","target":["https:\/\/agenciainfra.com\/blog\/ministro-anuncia-para-janeiro-nova-secretaria-destinada-a-projetos-hidroviarios\/"]}]},{"@type":"ImageObject","inLanguage":"pt-BR","@id":"https:\/\/agenciainfra.com\/blog\/ministro-anuncia-para-janeiro-nova-secretaria-destinada-a-projetos-hidroviarios\/#primaryimage","url":"https:\/\/agenciainfra.com\/blog\/wp-content\/uploads\/2023\/12\/silvio-costa-filho-foto-moveinfra-2023.jpg","contentUrl":"https:\/\/agenciainfra.com\/blog\/wp-content\/uploads\/2023\/12\/silvio-costa-filho-foto-moveinfra-2023.jpg","width":1280,"height":853},{"@type":"BreadcrumbList","@id":"https:\/\/agenciainfra.com\/blog\/ministro-anuncia-para-janeiro-nova-secretaria-destinada-a-projetos-hidroviarios\/#breadcrumb","itemListElement":[{"@type":"ListItem","position":1,"name":"In\u00edcio","item":"https:\/\/agenciainfra.com\/blog\/"},{"@type":"ListItem","position":2,"name":"Ministro anuncia para janeiro nova secretaria destinada a projetos hidrovi\u00e1rios"}]},{"@type":"WebSite","@id":"https:\/\/agenciainfra.com\/blog\/#website","url":"https:\/\/agenciainfra.com\/blog\/","name":"Ag\u00eancia iNFRA","description":"Multiplataforma de informa\u00e7\u00e3o jornal\u00edstica refer\u00eancia na \u00e1rea de infraestrutura no Brasil!","publisher":{"@id":"https:\/\/agenciainfra.com\/blog\/#organization"},"potentialAction":[{"@type":"SearchAction","target":{"@type":"EntryPoint","urlTemplate":"https:\/\/agenciainfra.com\/blog\/?s={search_term_string}"},"query-input":{"@type":"PropertyValueSpecification","valueRequired":true,"valueName":"search_term_string"}}],"inLanguage":"pt-BR"},{"@type":"Organization","@id":"https:\/\/agenciainfra.com\/blog\/#organization","name":"Ag\u00eancia iNFRA","url":"https:\/\/agenciainfra.com\/blog\/","logo":{"@type":"ImageObject","inLanguage":"pt-BR","@id":"https:\/\/agenciainfra.com\/blog\/#\/schema\/logo\/image\/","url":"https:\/\/agenciainfra.com\/blog\/wp-content\/uploads\/2023\/09\/iNFRA_5-e1761735885940.png","contentUrl":"https:\/\/agenciainfra.com\/blog\/wp-content\/uploads\/2023\/09\/iNFRA_5-e1761735885940.png","width":1672,"height":454,"caption":"Ag\u00eancia iNFRA"},"image":{"@id":"https:\/\/agenciainfra.com\/blog\/#\/schema\/logo\/image\/"},"sameAs":["https:\/\/www.facebook.com\/ageninfra","https:\/\/x.com\/agencia_infra","https:\/\/www.linkedin.com\/company\/ag\u00eanciainfra\/","https:\/\/www.instagram.com\/agenciainfra\/"]},{"@type":"Person","@id":"https:\/\/agenciainfra.com\/blog\/#\/schema\/person\/34af08dff6adea4cb22b06612ba7acfa","name":"Ag\u00eancia iNFRA","image":{"@type":"ImageObject","inLanguage":"pt-BR","@id":"https:\/\/agenciainfra.com\/blog\/#\/schema\/person\/image\/","url":"https:\/\/secure.gravatar.com\/avatar\/d189e01678f06d8eb84d4e01f08eb848b3fffe3f8443818d3c356c66892f5be8?s=96&d=mm&r=g","contentUrl":"https:\/\/secure.gravatar.com\/avatar\/d189e01678f06d8eb84d4e01f08eb848b3fffe3f8443818d3c356c66892f5be8?s=96&d=mm&r=g","caption":"Ag\u00eancia iNFRA"},"url":"https:\/\/agenciainfra.com\/blog\/author\/admin\/"}]}},"_links":{"self":[{"href":"https:\/\/agenciainfra.com\/blog\/wp-json\/wp\/v2\/posts\/15137","targetHints":{"allow":["GET"]}}],"collection":[{"href":"https:\/\/agenciainfra.com\/blog\/wp-json\/wp\/v2\/posts"}],"about":[{"href":"https:\/\/agenciainfra.com\/blog\/wp-json\/wp\/v2\/types\/post"}],"author":[{"embeddable":true,"href":"https:\/\/agenciainfra.com\/blog\/wp-json\/wp\/v2\/users\/1"}],"replies":[{"embeddable":true,"href":"https:\/\/agenciainfra.com\/blog\/wp-json\/wp\/v2\/comments?post=15137"}],"version-history":[{"count":1,"href":"https:\/\/agenciainfra.com\/blog\/wp-json\/wp\/v2\/posts\/15137\/revisions"}],"predecessor-version":[{"id":15139,"href":"https:\/\/agenciainfra.com\/blog\/wp-json\/wp\/v2\/posts\/15137\/revisions\/15139"}],"wp:featuredmedia":[{"embeddable":true,"href":"https:\/\/agenciainfra.com\/blog\/wp-json\/wp\/v2\/media\/15138"}],"wp:attachment":[{"href":"https:\/\/agenciainfra.com\/blog\/wp-json\/wp\/v2\/media?parent=15137"}],"wp:term":[{"taxonomy":"category","embeddable":true,"href":"https:\/\/agenciainfra.com\/blog\/wp-json\/wp\/v2\/categories?post=15137"},{"taxonomy":"post_tag","embeddable":true,"href":"https:\/\/agenciainfra.com\/blog\/wp-json\/wp\/v2\/tags?post=15137"}],"curies":[{"name":"wp","href":"https:\/\/api.w.org\/{rel}","templated":true}]}}