{"id":15163,"date":"2023-12-22T09:00:00","date_gmt":"2023-12-22T12:00:00","guid":{"rendered":"https:\/\/www.agenciainfra.com\/blog\/?p=15163"},"modified":"2026-03-13T09:43:16","modified_gmt":"2026-03-13T12:43:16","slug":"leiloes-de-arrendamento-de-terminais-portuarios-tem-baixa-concorrencia","status":"publish","type":"post","link":"https:\/\/agenciainfra.com\/blog\/leiloes-de-arrendamento-de-terminais-portuarios-tem-baixa-concorrencia\/","title":{"rendered":"Leil\u00f5es de arrendamento de terminais portu\u00e1rios t\u00eam baixa concorr\u00eancia"},"content":{"rendered":"\n<p class=\"has-text-align-right\"><strong>Elisa Costa, da Ag\u00eancia iNFRA<\/strong><\/p>\n\n\n\n<p>Dos cinco\u00a0leil\u00f5es\u00a0de\u00a0arrendamento\u00a0de\u00a0terminais\u00a0portu\u00e1rios\u00a0realizados em 13 de dezembro pelo governo federal, quatro tiveram apenas um proponente.\u00a0Um sexto\u00a0arrendamento\u00a0foi retirado do programa na v\u00e9spera do leil\u00e3o.<br><br>As \u00e1reas foram arrendadas em\u00a0leil\u00f5es\u00a0promovidos pela ANTAQ (Ag\u00eancia Nacional de Transportes Aquavi\u00e1rios) e pela Appa (Administra\u00e7\u00e3o dos Portos de Paranagu\u00e1 e Antonina) na \u00faltima semana, na B3, e mant\u00eam uma tend\u00eancia de\u00a0baixa\u00a0competitividade em\u00a0leil\u00f5es\u00a0de infraestrutura registrada no pa\u00eds nos \u00faltimos anos.<br><br>A estimativa de investimentos nessas \u00e1reas chega a quase R$ 1 bilh\u00e3o. Os arrendamentos feitos pela ANTAQ s\u00e3o no chamado modelo simplificado, usado para\u00a0terminais\u00a0de menor porte,\u00a0com contratos de at\u00e9 10 anos.<br><br>Nesse formato, fica dispensada a realiza\u00e7\u00e3o de audi\u00eancia p\u00fablica e n\u00e3o ser\u00e1 obrigat\u00f3ria a an\u00e1lise de m\u00e9rito pelo TCU (Tribunal de Contas da Uni\u00e3o). J\u00e1 a \u00e1rea arrendada pela Appa tem contrato de 35 anos e passou pelo processo rotineiro de avalia\u00e7\u00e3o.<br><br>O terminal PAR09,\u00a0localizado no Porto de Paranagu\u00e1 (PR),\u00a0ficou com a empresa Q-Par09, da Quadra Capital, que prop\u00f4s outorga de R$ 615,7 mil e venceu sem disputa.\u00a0O\u00a0PAR09\u00a0faz a movimenta\u00e7\u00e3o de gran\u00e9is vegetais, em especial de soja, e o contrato prev\u00ea um investimento de R$ 910 milh\u00f5es, o maior dos projetos licitados no dia 13.<br><br>A \u00e1rea MAC15, no Porto Organizado de Macei\u00f3 (AL), foi a \u00fanica que contou com a disputa por viva-voz, entre a Braskem e a Intermar\u00edtima.\u00a0A vencedora foi a empresa Intermar\u00edtima, que prop\u00f4s outorga de R$ 1 milh\u00e3o. O terminal trabalha com gran\u00e9is s\u00f3lidos minerais, especialmente sal, e o contrato prev\u00ea um investimento de R$ 7,2 milh\u00f5es.<br><br>O\u00a0arrendamento\u00a0da \u00e1rea RIG71, localizada no Porto de Rio Grande (RS), ficou com a empresa AC Vita, com a proposta de outorga de R$ 1 milh\u00e3o. O RIG71 \u00e9 um terminal de gran\u00e9is s\u00f3lidos vegetais \u2013 exceto soja \u2013 e o contrato para a \u00e1rea prev\u00ea investimentos de at\u00e9 R$ 27 milh\u00f5es.<br><br>No Porto de Porto Alegre (RS), POA02 ficou com a empresa Serra Morena, arrematada por R$ 2 mil de outorga. S\u00e3o esperados mais de R$ 16 milh\u00f5es em investimentos para o terminal, que faz a opera\u00e7\u00e3o de navega\u00e7\u00e3o interior e cabotagem via hidrovia. POA11, que faz a movimenta\u00e7\u00e3o de gran\u00e9is s\u00f3lidos vegetais ou minerais, ficou com a Unifertil, com outorga de R$ 50 mil.<br><br><strong>&#8220;Recordes de exporta\u00e7\u00f5es&#8221;<\/strong><br>Presente ao evento, o ministro de Portos\u00a0e Aeroportos, Silvio Costa Filho,\u00a0defendeu a necessidade da amplia\u00e7\u00e3o dos investimentos no setor nos pr\u00f3ximos anos para que seja poss\u00edvel atender ao crescimento do com\u00e9rcio exterior do pa\u00eds.<br><br>\u201cBatemos recordes nas exporta\u00e7\u00f5es, e para poder alavancar os investimentos precisamos preparar nossos portos, aprimorando a competitividade\u201d, declarou.<br><br>Mesmo com a\u00a0baixa\u00a0competitividade, o ministro manteve a previs\u00e3o da pasta de que, nos pr\u00f3ximos\u00a0tr\u00eas anos, ao lado da ANTAQ, ser\u00e3o feitos\u00a035 novos\u00a0leil\u00f5es, que significam um capex na ordem de mais de R$ 15 bilh\u00f5es.<br><br>&#8220;Estamos falando de mais de 400 mil novos empregos, fundamentais para movimentar a economia\u201d, completou o ministro.<br><br>O diretor-geral da ANTAQ, Eduardo Nery, defendeu o modelo de licita\u00e7\u00e3o de\u00a0terminais.<br><br>\u201cOs investimentos s\u00e3o importantes para que os portos sejam explorados de maneira eficiente, por isso adotamos esse modelo, com as \u00e1reas sendo exploradas pela iniciativa privada\u201d, explicou em seu discurso.<br><br><strong>&#8220;Mercado acredita&#8221;<\/strong><br>Tamb\u00e9m presente no evento, o secret\u00e1rio nacional de Portos, Alex \u00c1vila, afirmou que os cinco novos ativos demonstram que o mercado acredita no projeto do minist\u00e9rio.<br><br>\u201cEstamos dando atendimento para v\u00e1rios setores da cadeia produtiva e, sem sombra de d\u00favidas, teremos a eleva\u00e7\u00e3o do n\u00edvel de servi\u00e7os\u201d, disse \u00c1vila.<br><br>O advogado Nilton Mattos, que atua na \u00e1rea de infraestrutura, afirmou que a\u00a0retomada dos\u00a0leil\u00f5es\u00a0\u00e9 essencial para o desenvolvimento desse tipo de infraestrutura no Brasil.<br><br>&#8220;H\u00e1 um aumento de transporte de mercadorias por via mar\u00edtima que precisa ser suportado por melhoria e aumento de capacidade da infraestrutura portu\u00e1ria\u201d, explicou Mattos.<\/p>\n","protected":false},"excerpt":{"rendered":"<p>Elisa Costa, da Ag\u00eancia iNFRA Dos cinco\u00a0leil\u00f5es\u00a0de\u00a0arrendamento\u00a0de\u00a0terminais\u00a0portu\u00e1rios\u00a0realizados em 13 de dezembro pelo governo federal, quatro tiveram apenas um proponente.\u00a0Um sexto\u00a0arrendamento\u00a0foi retirado do programa na v\u00e9spera do leil\u00e3o. As \u00e1reas foram arrendadas em\u00a0leil\u00f5es\u00a0promovidos pela ANTAQ (Ag\u00eancia Nacional de Transportes Aquavi\u00e1rios) e pela Appa (Administra\u00e7\u00e3o dos Portos de Paranagu\u00e1 e Antonina) na \u00faltima semana, na B3, e [&hellip;]<\/p>\n","protected":false},"author":1,"featured_media":4463,"comment_status":"closed","ping_status":"closed","sticky":false,"template":"","format":"standard","meta":{"_monsterinsights_skip_tracking":false,"_monsterinsights_sitenote_active":false,"_monsterinsights_sitenote_note":"","_monsterinsights_sitenote_category":0,"footnotes":""},"categories":[7250,1,7],"tags":[7939,46,86,1895,3020,3165,5672,7367,1729,4106,1726,32,7944,7945,7942,7940,2481,7943,750,7941,18,623],"class_list":["post-15163","post","type-post","status-publish","format-standard","has-post-thumbnail","hentry","category-destaque-lista","category-geral","category-infratransporte","tag-administracao-dos-portos-de-paranagua-e-antonina","tag-agencias-reguladoras","tag-antaq","tag-arrendamento","tag-audiencia-publica","tag-competitividade","tag-diretor-geral","tag-elisa-costa","tag-exportacoes","tag-graneis-vegetais","tag-infraestrutura-portuaria","tag-investimentos","tag-licitacao-de-terminais","tag-mercado-acredita","tag-ministro-de-portos-e-aeroportos","tag-modal-simplificado","tag-porto-de-maceio","tag-porto-de-porto-alegre","tag-porto-de-rio-grande","tag-quadra-capital","tag-tcu","tag-terminais-portuarios"],"yoast_head":"<!-- This site is optimized with the Yoast SEO Premium plugin v25.4 (Yoast SEO v26.0) - https:\/\/yoast.com\/wordpress\/plugins\/seo\/ -->\n<title>Leil\u00f5es de arrendamento de terminais portu\u00e1rios t\u00eam baixa concorr\u00eancia - Ag\u00eancia iNFRA<\/title>\n<meta name=\"robots\" content=\"index, follow, max-snippet:-1, max-image-preview:large, max-video-preview:-1\" \/>\n<link rel=\"canonical\" href=\"https:\/\/agenciainfra.com\/blog\/leiloes-de-arrendamento-de-terminais-portuarios-tem-baixa-concorrencia\/\" \/>\n<meta property=\"og:locale\" content=\"pt_BR\" \/>\n<meta property=\"og:type\" content=\"article\" \/>\n<meta property=\"og:title\" content=\"Leil\u00f5es de arrendamento de terminais portu\u00e1rios t\u00eam baixa concorr\u00eancia\" \/>\n<meta property=\"og:description\" content=\"Elisa Costa, da Ag\u00eancia iNFRA Dos cinco\u00a0leil\u00f5es\u00a0de\u00a0arrendamento\u00a0de\u00a0terminais\u00a0portu\u00e1rios\u00a0realizados em 13 de dezembro pelo governo federal, quatro tiveram apenas um proponente.\u00a0Um sexto\u00a0arrendamento\u00a0foi retirado do programa na v\u00e9spera do leil\u00e3o. As \u00e1reas foram arrendadas em\u00a0leil\u00f5es\u00a0promovidos pela ANTAQ (Ag\u00eancia Nacional de Transportes Aquavi\u00e1rios) e pela Appa (Administra\u00e7\u00e3o dos Portos de Paranagu\u00e1 e Antonina) na \u00faltima semana, na B3, e [&hellip;]\" \/>\n<meta property=\"og:url\" content=\"https:\/\/agenciainfra.com\/blog\/leiloes-de-arrendamento-de-terminais-portuarios-tem-baixa-concorrencia\/\" \/>\n<meta property=\"og:site_name\" content=\"Ag\u00eancia iNFRA\" \/>\n<meta property=\"article:publisher\" content=\"https:\/\/www.facebook.com\/ageninfra\" \/>\n<meta property=\"article:published_time\" content=\"2023-12-22T12:00:00+00:00\" \/>\n<meta property=\"article:modified_time\" content=\"2026-03-13T12:43:16+00:00\" \/>\n<meta property=\"og:image\" content=\"https:\/\/agenciainfra.com\/blog\/wp-content\/uploads\/2020\/02\/terminal-portuario-foto-epl.jpeg\" \/>\n\t<meta property=\"og:image:width\" content=\"1096\" \/>\n\t<meta property=\"og:image:height\" content=\"731\" \/>\n\t<meta property=\"og:image:type\" content=\"image\/jpeg\" \/>\n<meta name=\"author\" content=\"Ag\u00eancia iNFRA\" \/>\n<meta name=\"twitter:card\" content=\"summary_large_image\" \/>\n<meta name=\"twitter:creator\" content=\"@agencia_infra\" \/>\n<meta name=\"twitter:site\" content=\"@agencia_infra\" \/>\n<meta name=\"twitter:label1\" content=\"Escrito por\" \/>\n\t<meta name=\"twitter:data1\" content=\"Ag\u00eancia iNFRA\" \/>\n\t<meta name=\"twitter:label2\" content=\"Est. tempo de leitura\" \/>\n\t<meta name=\"twitter:data2\" content=\"4 minutos\" \/>\n<script type=\"application\/ld+json\" class=\"yoast-schema-graph\">{\"@context\":\"https:\/\/schema.org\",\"@graph\":[{\"@type\":\"Article\",\"@id\":\"https:\/\/agenciainfra.com\/blog\/leiloes-de-arrendamento-de-terminais-portuarios-tem-baixa-concorrencia\/#article\",\"isPartOf\":{\"@id\":\"https:\/\/agenciainfra.com\/blog\/leiloes-de-arrendamento-de-terminais-portuarios-tem-baixa-concorrencia\/\"},\"author\":{\"name\":\"Ag\u00eancia iNFRA\",\"@id\":\"https:\/\/agenciainfra.com\/blog\/#\/schema\/person\/34af08dff6adea4cb22b06612ba7acfa\"},\"headline\":\"Leil\u00f5es de arrendamento de terminais portu\u00e1rios t\u00eam baixa concorr\u00eancia\",\"datePublished\":\"2023-12-22T12:00:00+00:00\",\"dateModified\":\"2026-03-13T12:43:16+00:00\",\"mainEntityOfPage\":{\"@id\":\"https:\/\/agenciainfra.com\/blog\/leiloes-de-arrendamento-de-terminais-portuarios-tem-baixa-concorrencia\/\"},\"wordCount\":714,\"publisher\":{\"@id\":\"https:\/\/agenciainfra.com\/blog\/#organization\"},\"image\":{\"@id\":\"https:\/\/agenciainfra.com\/blog\/leiloes-de-arrendamento-de-terminais-portuarios-tem-baixa-concorrencia\/#primaryimage\"},\"thumbnailUrl\":\"https:\/\/agenciainfra.com\/blog\/wp-content\/uploads\/2020\/02\/terminal-portuario-foto-epl.jpeg\",\"keywords\":[\"Administra\u00e7\u00e3o dos Portos de Paranagu\u00e1 e Antonina\",\"Ag\u00eancias Reguladoras\",\"ANTAQ\",\"arrendamento\",\"audi\u00eancia p\u00fablica\",\"competitividade\",\"diretor-geral\",\"Elisa Costa\",\"exporta\u00e7\u00f5es\",\"gran\u00e9is vegetais\",\"infraestrutura portu\u00e1ria\",\"Investimentos\",\"licita\u00e7\u00e3o de terminais\",\"mercado acredita\",\"ministro de Portos e Aeroportos\",\"modal simplificado\",\"Porto de Macei\u00f3\",\"Porto de Porto Alegre\",\"porto de Rio Grande\",\"Quadra Capital\",\"TCU\",\"terminais portu\u00e1rios\"],\"articleSection\":[\"Destaque lista\",\"Geral\",\"iNFRATransporte\"],\"inLanguage\":\"pt-BR\",\"copyrightYear\":\"2023\",\"copyrightHolder\":{\"@id\":\"https:\/\/agenciainfra.com\/blog\/#organization\"}},{\"@type\":\"WebPage\",\"@id\":\"https:\/\/agenciainfra.com\/blog\/leiloes-de-arrendamento-de-terminais-portuarios-tem-baixa-concorrencia\/\",\"url\":\"https:\/\/agenciainfra.com\/blog\/leiloes-de-arrendamento-de-terminais-portuarios-tem-baixa-concorrencia\/\",\"name\":\"Leil\u00f5es de arrendamento de terminais portu\u00e1rios t\u00eam baixa concorr\u00eancia - Ag\u00eancia iNFRA\",\"isPartOf\":{\"@id\":\"https:\/\/agenciainfra.com\/blog\/#website\"},\"primaryImageOfPage\":{\"@id\":\"https:\/\/agenciainfra.com\/blog\/leiloes-de-arrendamento-de-terminais-portuarios-tem-baixa-concorrencia\/#primaryimage\"},\"image\":{\"@id\":\"https:\/\/agenciainfra.com\/blog\/leiloes-de-arrendamento-de-terminais-portuarios-tem-baixa-concorrencia\/#primaryimage\"},\"thumbnailUrl\":\"https:\/\/agenciainfra.com\/blog\/wp-content\/uploads\/2020\/02\/terminal-portuario-foto-epl.jpeg\",\"datePublished\":\"2023-12-22T12:00:00+00:00\",\"dateModified\":\"2026-03-13T12:43:16+00:00\",\"breadcrumb\":{\"@id\":\"https:\/\/agenciainfra.com\/blog\/leiloes-de-arrendamento-de-terminais-portuarios-tem-baixa-concorrencia\/#breadcrumb\"},\"inLanguage\":\"pt-BR\",\"potentialAction\":[{\"@type\":\"ReadAction\",\"target\":[\"https:\/\/agenciainfra.com\/blog\/leiloes-de-arrendamento-de-terminais-portuarios-tem-baixa-concorrencia\/\"]}]},{\"@type\":\"ImageObject\",\"inLanguage\":\"pt-BR\",\"@id\":\"https:\/\/agenciainfra.com\/blog\/leiloes-de-arrendamento-de-terminais-portuarios-tem-baixa-concorrencia\/#primaryimage\",\"url\":\"https:\/\/agenciainfra.com\/blog\/wp-content\/uploads\/2020\/02\/terminal-portuario-foto-epl.jpeg\",\"contentUrl\":\"https:\/\/agenciainfra.com\/blog\/wp-content\/uploads\/2020\/02\/terminal-portuario-foto-epl.jpeg\",\"width\":1096,\"height\":731},{\"@type\":\"BreadcrumbList\",\"@id\":\"https:\/\/agenciainfra.com\/blog\/leiloes-de-arrendamento-de-terminais-portuarios-tem-baixa-concorrencia\/#breadcrumb\",\"itemListElement\":[{\"@type\":\"ListItem\",\"position\":1,\"name\":\"In\u00edcio\",\"item\":\"https:\/\/agenciainfra.com\/blog\/\"},{\"@type\":\"ListItem\",\"position\":2,\"name\":\"Leil\u00f5es de arrendamento de terminais portu\u00e1rios t\u00eam baixa concorr\u00eancia\"}]},{\"@type\":\"WebSite\",\"@id\":\"https:\/\/agenciainfra.com\/blog\/#website\",\"url\":\"https:\/\/agenciainfra.com\/blog\/\",\"name\":\"Ag\u00eancia iNFRA\",\"description\":\"Multiplataforma de informa\u00e7\u00e3o jornal\u00edstica refer\u00eancia na \u00e1rea de infraestrutura no Brasil!\",\"publisher\":{\"@id\":\"https:\/\/agenciainfra.com\/blog\/#organization\"},\"potentialAction\":[{\"@type\":\"SearchAction\",\"target\":{\"@type\":\"EntryPoint\",\"urlTemplate\":\"https:\/\/agenciainfra.com\/blog\/?s={search_term_string}\"},\"query-input\":{\"@type\":\"PropertyValueSpecification\",\"valueRequired\":true,\"valueName\":\"search_term_string\"}}],\"inLanguage\":\"pt-BR\"},{\"@type\":\"Organization\",\"@id\":\"https:\/\/agenciainfra.com\/blog\/#organization\",\"name\":\"Ag\u00eancia iNFRA\",\"url\":\"https:\/\/agenciainfra.com\/blog\/\",\"logo\":{\"@type\":\"ImageObject\",\"inLanguage\":\"pt-BR\",\"@id\":\"https:\/\/agenciainfra.com\/blog\/#\/schema\/logo\/image\/\",\"url\":\"https:\/\/agenciainfra.com\/blog\/wp-content\/uploads\/2023\/09\/iNFRA_5-e1761735885940.png\",\"contentUrl\":\"https:\/\/agenciainfra.com\/blog\/wp-content\/uploads\/2023\/09\/iNFRA_5-e1761735885940.png\",\"width\":1672,\"height\":454,\"caption\":\"Ag\u00eancia iNFRA\"},\"image\":{\"@id\":\"https:\/\/agenciainfra.com\/blog\/#\/schema\/logo\/image\/\"},\"sameAs\":[\"https:\/\/www.facebook.com\/ageninfra\",\"https:\/\/x.com\/agencia_infra\",\"https:\/\/www.linkedin.com\/company\/ag\u00eanciainfra\/\",\"https:\/\/www.instagram.com\/agenciainfra\/\"]},{\"@type\":\"Person\",\"@id\":\"https:\/\/agenciainfra.com\/blog\/#\/schema\/person\/34af08dff6adea4cb22b06612ba7acfa\",\"name\":\"Ag\u00eancia iNFRA\",\"image\":{\"@type\":\"ImageObject\",\"inLanguage\":\"pt-BR\",\"@id\":\"https:\/\/agenciainfra.com\/blog\/#\/schema\/person\/image\/\",\"url\":\"https:\/\/secure.gravatar.com\/avatar\/d189e01678f06d8eb84d4e01f08eb848b3fffe3f8443818d3c356c66892f5be8?s=96&d=mm&r=g\",\"contentUrl\":\"https:\/\/secure.gravatar.com\/avatar\/d189e01678f06d8eb84d4e01f08eb848b3fffe3f8443818d3c356c66892f5be8?s=96&d=mm&r=g\",\"caption\":\"Ag\u00eancia iNFRA\"},\"url\":\"https:\/\/agenciainfra.com\/blog\/author\/admin\/\"}]}<\/script>\n<!-- \/ Yoast SEO Premium plugin. -->","yoast_head_json":{"title":"Leil\u00f5es de arrendamento de terminais portu\u00e1rios t\u00eam baixa concorr\u00eancia - Ag\u00eancia iNFRA","robots":{"index":"index","follow":"follow","max-snippet":"max-snippet:-1","max-image-preview":"max-image-preview:large","max-video-preview":"max-video-preview:-1"},"canonical":"https:\/\/agenciainfra.com\/blog\/leiloes-de-arrendamento-de-terminais-portuarios-tem-baixa-concorrencia\/","og_locale":"pt_BR","og_type":"article","og_title":"Leil\u00f5es de arrendamento de terminais portu\u00e1rios t\u00eam baixa concorr\u00eancia","og_description":"Elisa Costa, da Ag\u00eancia iNFRA Dos cinco\u00a0leil\u00f5es\u00a0de\u00a0arrendamento\u00a0de\u00a0terminais\u00a0portu\u00e1rios\u00a0realizados em 13 de dezembro pelo governo federal, quatro tiveram apenas um proponente.\u00a0Um sexto\u00a0arrendamento\u00a0foi retirado do programa na v\u00e9spera do leil\u00e3o. As \u00e1reas foram arrendadas em\u00a0leil\u00f5es\u00a0promovidos pela ANTAQ (Ag\u00eancia Nacional de Transportes Aquavi\u00e1rios) e pela Appa (Administra\u00e7\u00e3o dos Portos de Paranagu\u00e1 e Antonina) na \u00faltima semana, na B3, e [&hellip;]","og_url":"https:\/\/agenciainfra.com\/blog\/leiloes-de-arrendamento-de-terminais-portuarios-tem-baixa-concorrencia\/","og_site_name":"Ag\u00eancia iNFRA","article_publisher":"https:\/\/www.facebook.com\/ageninfra","article_published_time":"2023-12-22T12:00:00+00:00","article_modified_time":"2026-03-13T12:43:16+00:00","og_image":[{"width":1096,"height":731,"url":"https:\/\/agenciainfra.com\/blog\/wp-content\/uploads\/2020\/02\/terminal-portuario-foto-epl.jpeg","type":"image\/jpeg"}],"author":"Ag\u00eancia iNFRA","twitter_card":"summary_large_image","twitter_creator":"@agencia_infra","twitter_site":"@agencia_infra","twitter_misc":{"Escrito por":"Ag\u00eancia iNFRA","Est. tempo de leitura":"4 minutos"},"schema":{"@context":"https:\/\/schema.org","@graph":[{"@type":"Article","@id":"https:\/\/agenciainfra.com\/blog\/leiloes-de-arrendamento-de-terminais-portuarios-tem-baixa-concorrencia\/#article","isPartOf":{"@id":"https:\/\/agenciainfra.com\/blog\/leiloes-de-arrendamento-de-terminais-portuarios-tem-baixa-concorrencia\/"},"author":{"name":"Ag\u00eancia iNFRA","@id":"https:\/\/agenciainfra.com\/blog\/#\/schema\/person\/34af08dff6adea4cb22b06612ba7acfa"},"headline":"Leil\u00f5es de arrendamento de terminais portu\u00e1rios t\u00eam baixa concorr\u00eancia","datePublished":"2023-12-22T12:00:00+00:00","dateModified":"2026-03-13T12:43:16+00:00","mainEntityOfPage":{"@id":"https:\/\/agenciainfra.com\/blog\/leiloes-de-arrendamento-de-terminais-portuarios-tem-baixa-concorrencia\/"},"wordCount":714,"publisher":{"@id":"https:\/\/agenciainfra.com\/blog\/#organization"},"image":{"@id":"https:\/\/agenciainfra.com\/blog\/leiloes-de-arrendamento-de-terminais-portuarios-tem-baixa-concorrencia\/#primaryimage"},"thumbnailUrl":"https:\/\/agenciainfra.com\/blog\/wp-content\/uploads\/2020\/02\/terminal-portuario-foto-epl.jpeg","keywords":["Administra\u00e7\u00e3o dos Portos de Paranagu\u00e1 e Antonina","Ag\u00eancias Reguladoras","ANTAQ","arrendamento","audi\u00eancia p\u00fablica","competitividade","diretor-geral","Elisa Costa","exporta\u00e7\u00f5es","gran\u00e9is vegetais","infraestrutura portu\u00e1ria","Investimentos","licita\u00e7\u00e3o de terminais","mercado acredita","ministro de Portos e Aeroportos","modal simplificado","Porto de Macei\u00f3","Porto de Porto Alegre","porto de Rio Grande","Quadra Capital","TCU","terminais portu\u00e1rios"],"articleSection":["Destaque lista","Geral","iNFRATransporte"],"inLanguage":"pt-BR","copyrightYear":"2023","copyrightHolder":{"@id":"https:\/\/agenciainfra.com\/blog\/#organization"}},{"@type":"WebPage","@id":"https:\/\/agenciainfra.com\/blog\/leiloes-de-arrendamento-de-terminais-portuarios-tem-baixa-concorrencia\/","url":"https:\/\/agenciainfra.com\/blog\/leiloes-de-arrendamento-de-terminais-portuarios-tem-baixa-concorrencia\/","name":"Leil\u00f5es de arrendamento de terminais portu\u00e1rios t\u00eam baixa concorr\u00eancia - Ag\u00eancia iNFRA","isPartOf":{"@id":"https:\/\/agenciainfra.com\/blog\/#website"},"primaryImageOfPage":{"@id":"https:\/\/agenciainfra.com\/blog\/leiloes-de-arrendamento-de-terminais-portuarios-tem-baixa-concorrencia\/#primaryimage"},"image":{"@id":"https:\/\/agenciainfra.com\/blog\/leiloes-de-arrendamento-de-terminais-portuarios-tem-baixa-concorrencia\/#primaryimage"},"thumbnailUrl":"https:\/\/agenciainfra.com\/blog\/wp-content\/uploads\/2020\/02\/terminal-portuario-foto-epl.jpeg","datePublished":"2023-12-22T12:00:00+00:00","dateModified":"2026-03-13T12:43:16+00:00","breadcrumb":{"@id":"https:\/\/agenciainfra.com\/blog\/leiloes-de-arrendamento-de-terminais-portuarios-tem-baixa-concorrencia\/#breadcrumb"},"inLanguage":"pt-BR","potentialAction":[{"@type":"ReadAction","target":["https:\/\/agenciainfra.com\/blog\/leiloes-de-arrendamento-de-terminais-portuarios-tem-baixa-concorrencia\/"]}]},{"@type":"ImageObject","inLanguage":"pt-BR","@id":"https:\/\/agenciainfra.com\/blog\/leiloes-de-arrendamento-de-terminais-portuarios-tem-baixa-concorrencia\/#primaryimage","url":"https:\/\/agenciainfra.com\/blog\/wp-content\/uploads\/2020\/02\/terminal-portuario-foto-epl.jpeg","contentUrl":"https:\/\/agenciainfra.com\/blog\/wp-content\/uploads\/2020\/02\/terminal-portuario-foto-epl.jpeg","width":1096,"height":731},{"@type":"BreadcrumbList","@id":"https:\/\/agenciainfra.com\/blog\/leiloes-de-arrendamento-de-terminais-portuarios-tem-baixa-concorrencia\/#breadcrumb","itemListElement":[{"@type":"ListItem","position":1,"name":"In\u00edcio","item":"https:\/\/agenciainfra.com\/blog\/"},{"@type":"ListItem","position":2,"name":"Leil\u00f5es de arrendamento de terminais portu\u00e1rios t\u00eam baixa concorr\u00eancia"}]},{"@type":"WebSite","@id":"https:\/\/agenciainfra.com\/blog\/#website","url":"https:\/\/agenciainfra.com\/blog\/","name":"Ag\u00eancia iNFRA","description":"Multiplataforma de informa\u00e7\u00e3o jornal\u00edstica refer\u00eancia na \u00e1rea de infraestrutura no Brasil!","publisher":{"@id":"https:\/\/agenciainfra.com\/blog\/#organization"},"potentialAction":[{"@type":"SearchAction","target":{"@type":"EntryPoint","urlTemplate":"https:\/\/agenciainfra.com\/blog\/?s={search_term_string}"},"query-input":{"@type":"PropertyValueSpecification","valueRequired":true,"valueName":"search_term_string"}}],"inLanguage":"pt-BR"},{"@type":"Organization","@id":"https:\/\/agenciainfra.com\/blog\/#organization","name":"Ag\u00eancia iNFRA","url":"https:\/\/agenciainfra.com\/blog\/","logo":{"@type":"ImageObject","inLanguage":"pt-BR","@id":"https:\/\/agenciainfra.com\/blog\/#\/schema\/logo\/image\/","url":"https:\/\/agenciainfra.com\/blog\/wp-content\/uploads\/2023\/09\/iNFRA_5-e1761735885940.png","contentUrl":"https:\/\/agenciainfra.com\/blog\/wp-content\/uploads\/2023\/09\/iNFRA_5-e1761735885940.png","width":1672,"height":454,"caption":"Ag\u00eancia iNFRA"},"image":{"@id":"https:\/\/agenciainfra.com\/blog\/#\/schema\/logo\/image\/"},"sameAs":["https:\/\/www.facebook.com\/ageninfra","https:\/\/x.com\/agencia_infra","https:\/\/www.linkedin.com\/company\/ag\u00eanciainfra\/","https:\/\/www.instagram.com\/agenciainfra\/"]},{"@type":"Person","@id":"https:\/\/agenciainfra.com\/blog\/#\/schema\/person\/34af08dff6adea4cb22b06612ba7acfa","name":"Ag\u00eancia iNFRA","image":{"@type":"ImageObject","inLanguage":"pt-BR","@id":"https:\/\/agenciainfra.com\/blog\/#\/schema\/person\/image\/","url":"https:\/\/secure.gravatar.com\/avatar\/d189e01678f06d8eb84d4e01f08eb848b3fffe3f8443818d3c356c66892f5be8?s=96&d=mm&r=g","contentUrl":"https:\/\/secure.gravatar.com\/avatar\/d189e01678f06d8eb84d4e01f08eb848b3fffe3f8443818d3c356c66892f5be8?s=96&d=mm&r=g","caption":"Ag\u00eancia iNFRA"},"url":"https:\/\/agenciainfra.com\/blog\/author\/admin\/"}]}},"_links":{"self":[{"href":"https:\/\/agenciainfra.com\/blog\/wp-json\/wp\/v2\/posts\/15163","targetHints":{"allow":["GET"]}}],"collection":[{"href":"https:\/\/agenciainfra.com\/blog\/wp-json\/wp\/v2\/posts"}],"about":[{"href":"https:\/\/agenciainfra.com\/blog\/wp-json\/wp\/v2\/types\/post"}],"author":[{"embeddable":true,"href":"https:\/\/agenciainfra.com\/blog\/wp-json\/wp\/v2\/users\/1"}],"replies":[{"embeddable":true,"href":"https:\/\/agenciainfra.com\/blog\/wp-json\/wp\/v2\/comments?post=15163"}],"version-history":[{"count":1,"href":"https:\/\/agenciainfra.com\/blog\/wp-json\/wp\/v2\/posts\/15163\/revisions"}],"predecessor-version":[{"id":15164,"href":"https:\/\/agenciainfra.com\/blog\/wp-json\/wp\/v2\/posts\/15163\/revisions\/15164"}],"wp:featuredmedia":[{"embeddable":true,"href":"https:\/\/agenciainfra.com\/blog\/wp-json\/wp\/v2\/media\/4463"}],"wp:attachment":[{"href":"https:\/\/agenciainfra.com\/blog\/wp-json\/wp\/v2\/media?parent=15163"}],"wp:term":[{"taxonomy":"category","embeddable":true,"href":"https:\/\/agenciainfra.com\/blog\/wp-json\/wp\/v2\/categories?post=15163"},{"taxonomy":"post_tag","embeddable":true,"href":"https:\/\/agenciainfra.com\/blog\/wp-json\/wp\/v2\/tags?post=15163"}],"curies":[{"name":"wp","href":"https:\/\/api.w.org\/{rel}","templated":true}]}}