{"id":15211,"date":"2024-01-09T09:00:00","date_gmt":"2024-01-09T12:00:00","guid":{"rendered":"https:\/\/www.agenciainfra.com\/blog\/?p=15211"},"modified":"2026-03-13T09:43:08","modified_gmt":"2026-03-13T12:43:08","slug":"antt-abre-audiencia-publica-para-minuta-do-rcr-4-com-previsao-de-um-regime-de-recuperacao-de-contratos","status":"publish","type":"post","link":"https:\/\/agenciainfra.com\/blog\/antt-abre-audiencia-publica-para-minuta-do-rcr-4-com-previsao-de-um-regime-de-recuperacao-de-contratos\/","title":{"rendered":"ANTT abre audi\u00eancia p\u00fablica para minuta do RCR 4 com previs\u00e3o de um regime de recupera\u00e7\u00e3o de contratos"},"content":{"rendered":"\n<p class=\"has-text-align-right\"><strong>Jenifer Ribeiro, da Ag\u00eancia iNFRA<\/strong><\/p>\n\n\n\n<p>A\u00a0ANTT\u00a0(Ag\u00eancia Nacional de Transportes Terrestres) aprovou no final de dezembro, em reuni\u00e3o de diretoria, a abertura de\u00a0audi\u00eancia\u00a0p\u00fablica\u00a0para\u00a0receber contribui\u00e7\u00f5es \u00e0\u00a0minuta\u00a0do\u00a0RCR\u00a0(Regulamento das Concess\u00f5es Rodovi\u00e1rias)\u00a04, que trata da fiscaliza\u00e7\u00e3o e das penalidades no \u00e2mbito das concess\u00f5es.<br><br>O diretor Guilherme Sampaio, que relatou a mat\u00e9ria, afirmou que a norma tamb\u00e9m tratar\u00e1\u00a0do\u00a0regime\u00a0de\u00a0recupera\u00e7\u00e3o\u00a0regulat\u00f3rio\u00a0para\u00a0concess\u00f5es que n\u00e3o est\u00e3o performando como o esperado devido a fatores externos.<br><br>\u201cEssa norma vai tratar de mais uma inova\u00e7\u00e3o regulat\u00f3ria, que \u00e9 a o\u00a0regime\u00a0de\u00a0recupera\u00e7\u00e3o\u00a0regulat\u00f3rio, muito na esteira\u00a0do\u00a0que vem sido apresentado perante a ag\u00eancia, que visa dar solu\u00e7\u00f5es aos ativos e processos de concess\u00f5es que n\u00e3o andam performando por raz\u00f5es que n\u00e3o sejam o simples descumpirmento contratual\u201d, explicou.<br><br><strong>Reformula\u00e7\u00e3o regulat\u00f3ria<\/strong><br>Na mesma reuni\u00e3o, foi aprovado o relat\u00f3rio final da\u00a0audi\u00eancia\u00a0p\u00fablica\u00a0que debateu a\u00a0minuta\u00a0da terceira norma\u00a0do\u00a0RCR, que disp\u00f5e\u00a0do\u00a0equil\u00edbrio econ\u00f4mico-financeiro dos\u00a0contratos\u00a0de concess\u00f5es rodovi\u00e1rias.<br><br>O normativo determina novas regras\u00a0para\u00a0receitas n\u00e3o tarif\u00e1rias, modelo de classifica\u00e7\u00e3o das concession\u00e1rias, revis\u00e3o quinquenal, regras\u00a0para\u00a0que seguradoras possam assumir obras e financiadores possam\u00a0assumir concess\u00f5es, modelo\u00a0para\u00a0a transi\u00e7\u00e3o\u00a0do\u00a0free flow, entre outros temas relativos \u00e0 administra\u00e7\u00e3o de\u00a0contratos\u00a0de concess\u00e3o rodovi\u00e1ria federal.<br><br>Esse foi o regulamento considerado pela\u00a0ANTT\u00a0como o mais complexo de ser elaborado dentre os cinco novos normativos de regula\u00e7\u00e3o\u00a0para\u00a0o setor, como mostrou\u00a0<a href=\"https:\/\/agenciainfra.us14.list-manage.com\/track\/click?u=d460dd1bcf9ba0ae040e1fc0f&amp;id=45c509af6c&amp;e=f0fa444791\" target=\"_blank\" rel=\"noreferrer noopener\">reportagem<\/a>\u00a0da\u00a0<strong>Ag\u00eancia iNFRA<\/strong>. Os dois primeiros RCRs foram aprovados em 2022. O primeiro trata das regras gerais e direitos dos usu\u00e1rios, e o segundo delibera sobre bens, obras e servi\u00e7os, e adequa\u00e7\u00e3o dos procedimentos de execu\u00e7\u00e3o de obras e servi\u00e7os.<br><br>Por sua vez, o\u00a0RCR\u00a05 disp\u00f5e\u00a0do\u00a0encerramento dos\u00a0contratos, e teve o processo inicial de debate p\u00fablico iniciado, com a abertura da reuni\u00e3o participativa que vai at\u00e9 11 de fevereiro. Durante o voto, o diretor-geral da\u00a0ANTT, Rafael Vitale, disse que, devido \u00e0 menor complexidade\u00a0do\u00a0tema\u00a0do\u00a0RCR\u00a05, talvez seja poss\u00edvel antecipar a\u00a0previs\u00e3o\u00a0inicial e \u201cter o\u00a0RCR\u00a0completo muito antes\u00a0do\u00a0fim\u00a0do\u00a0ano [de 2024]\u201d.<br><br><strong>Aloca\u00e7\u00e3o de riscos<\/strong><br>Durante a reuni\u00e3o, os diretores tamb\u00e9m deliberaram a favor\u00a0do\u00a0relat\u00f3rio final da\u00a0audi\u00eancia\u00a0p\u00fablica\u00a0que tratou\u00a0do\u00a0novo modelo proposto de aloca\u00e7\u00e3o de risco dos\u00a0contratos\u00a0de concess\u00e3o rodovi\u00e1ria.<br><br>Foram permitidos o compartilhamento dos riscos de demanda e insumos e altera\u00e7\u00f5es na matriz de riscos dos efeitos extraordin\u00e1rios, dos condicionamentos ambientais, das desapropria\u00e7\u00f5es e desocupa\u00e7\u00f5es, dos acidentes geot\u00e9cnicos e dos riscos residuais.<br><br>De acordo com o diretor relator da mat\u00e9ria, Guilherme Sampaio, a partilha equilibrada dos riscos entre as partes traz mais incentivo \u00e0 negocia\u00e7\u00e3o de conflitos, o que pode gerar consequ\u00eancias financeiras eficientes e maiores incentivos e atratividades aos projetos.<br><br>Ele deu como exemplo de evolu\u00e7\u00e3o comprovada, pelo compartilhamento dos riscos nos\u00a0contratos, as concess\u00f5es da EcoRodovias\u00a0do\u00a0Araguaia (BR-153\/414\/080\/GO\/TO), da CCR Rio-SP (BR-101\/116\/RJ\/SP) e da EcoRioMinas (BR-116\/465\/493\/RJ\/MG).<\/p>\n","protected":false},"excerpt":{"rendered":"<p>Jenifer Ribeiro, da Ag\u00eancia iNFRA A\u00a0ANTT\u00a0(Ag\u00eancia Nacional de Transportes Terrestres) aprovou no final de dezembro, em reuni\u00e3o de diretoria, a abertura de\u00a0audi\u00eancia\u00a0p\u00fablica\u00a0para\u00a0receber contribui\u00e7\u00f5es \u00e0\u00a0minuta\u00a0do\u00a0RCR\u00a0(Regulamento das Concess\u00f5es Rodovi\u00e1rias)\u00a04, que trata da fiscaliza\u00e7\u00e3o e das penalidades no \u00e2mbito das concess\u00f5es. O diretor Guilherme Sampaio, que relatou a mat\u00e9ria, afirmou que a norma tamb\u00e9m tratar\u00e1\u00a0do\u00a0regime\u00a0de\u00a0recupera\u00e7\u00e3o\u00a0regulat\u00f3rio\u00a0para\u00a0concess\u00f5es que n\u00e3o est\u00e3o [&hellip;]<\/p>\n","protected":false},"author":1,"featured_media":15212,"comment_status":"closed","ping_status":"closed","sticky":false,"template":"","format":"standard","meta":{"_monsterinsights_skip_tracking":false,"_monsterinsights_sitenote_active":false,"_monsterinsights_sitenote_note":"","_monsterinsights_sitenote_category":0,"footnotes":""},"categories":[7250,1,7],"tags":[3940,19,3020,6602,78,176,4840,8063,1340,8062,1995,380,1106,4168,8064,4611,3406,8065,48,8066,8067,5656],"class_list":["post-15211","post","type-post","status-publish","format-standard","has-post-thumbnail","hentry","category-destaque-lista","category-geral","category-infratransporte","tag-alocacao-de-riscos","tag-antt","tag-audiencia-publica","tag-ccr-rio-sp","tag-concessoes","tag-concessoes-rodoviarias","tag-contratos-de-concessao","tag-ecoriominas","tag-ecorodovias","tag-encerramento-de-contratos","tag-equilibrio-economico-financeiro","tag-fiscalizacao","tag-free-flow","tag-guilherme-sampaio","tag-penalidades","tag-rafael-vitale","tag-rcr","tag-rcr4","tag-regulacao","tag-regulamento","tag-relatorio-final","tag-reuniao-de-diretoria"],"yoast_head":"<!-- This site is optimized with the Yoast SEO Premium plugin v25.4 (Yoast SEO v26.0) - https:\/\/yoast.com\/wordpress\/plugins\/seo\/ -->\n<title>ANTT abre audi\u00eancia p\u00fablica para minuta do RCR 4 com previs\u00e3o de um regime de recupera\u00e7\u00e3o de contratos - Ag\u00eancia iNFRA<\/title>\n<meta name=\"robots\" content=\"index, follow, max-snippet:-1, max-image-preview:large, max-video-preview:-1\" \/>\n<link rel=\"canonical\" href=\"https:\/\/agenciainfra.com\/blog\/antt-abre-audiencia-publica-para-minuta-do-rcr-4-com-previsao-de-um-regime-de-recuperacao-de-contratos\/\" \/>\n<meta property=\"og:locale\" content=\"pt_BR\" \/>\n<meta property=\"og:type\" content=\"article\" \/>\n<meta property=\"og:title\" content=\"ANTT abre audi\u00eancia p\u00fablica para minuta do RCR 4 com previs\u00e3o de um regime de recupera\u00e7\u00e3o de contratos\" \/>\n<meta property=\"og:description\" content=\"Jenifer Ribeiro, da Ag\u00eancia iNFRA A\u00a0ANTT\u00a0(Ag\u00eancia Nacional de Transportes Terrestres) aprovou no final de dezembro, em reuni\u00e3o de diretoria, a abertura de\u00a0audi\u00eancia\u00a0p\u00fablica\u00a0para\u00a0receber contribui\u00e7\u00f5es \u00e0\u00a0minuta\u00a0do\u00a0RCR\u00a0(Regulamento das Concess\u00f5es Rodovi\u00e1rias)\u00a04, que trata da fiscaliza\u00e7\u00e3o e das penalidades no \u00e2mbito das concess\u00f5es. O diretor Guilherme Sampaio, que relatou a mat\u00e9ria, afirmou que a norma tamb\u00e9m tratar\u00e1\u00a0do\u00a0regime\u00a0de\u00a0recupera\u00e7\u00e3o\u00a0regulat\u00f3rio\u00a0para\u00a0concess\u00f5es que n\u00e3o est\u00e3o [&hellip;]\" \/>\n<meta property=\"og:url\" content=\"https:\/\/agenciainfra.com\/blog\/antt-abre-audiencia-publica-para-minuta-do-rcr-4-com-previsao-de-um-regime-de-recuperacao-de-contratos\/\" \/>\n<meta property=\"og:site_name\" content=\"Ag\u00eancia iNFRA\" \/>\n<meta property=\"article:publisher\" content=\"https:\/\/www.facebook.com\/ageninfra\" \/>\n<meta property=\"article:published_time\" content=\"2024-01-09T12:00:00+00:00\" \/>\n<meta property=\"article:modified_time\" content=\"2026-03-13T12:43:08+00:00\" \/>\n<meta property=\"og:image\" content=\"https:\/\/agenciainfra.com\/blog\/wp-content\/uploads\/2024\/01\/guilherme-sampaio-foto-almg-1.jpg\" \/>\n\t<meta property=\"og:image:width\" content=\"1202\" \/>\n\t<meta property=\"og:image:height\" content=\"800\" \/>\n\t<meta property=\"og:image:type\" content=\"image\/jpeg\" \/>\n<meta name=\"author\" content=\"Ag\u00eancia iNFRA\" \/>\n<meta name=\"twitter:card\" content=\"summary_large_image\" \/>\n<meta name=\"twitter:creator\" content=\"@agencia_infra\" \/>\n<meta name=\"twitter:site\" content=\"@agencia_infra\" \/>\n<meta name=\"twitter:label1\" content=\"Escrito por\" \/>\n\t<meta name=\"twitter:data1\" content=\"Ag\u00eancia iNFRA\" \/>\n\t<meta name=\"twitter:label2\" content=\"Est. tempo de leitura\" \/>\n\t<meta name=\"twitter:data2\" content=\"3 minutos\" \/>\n<script type=\"application\/ld+json\" class=\"yoast-schema-graph\">{\"@context\":\"https:\/\/schema.org\",\"@graph\":[{\"@type\":\"Article\",\"@id\":\"https:\/\/agenciainfra.com\/blog\/antt-abre-audiencia-publica-para-minuta-do-rcr-4-com-previsao-de-um-regime-de-recuperacao-de-contratos\/#article\",\"isPartOf\":{\"@id\":\"https:\/\/agenciainfra.com\/blog\/antt-abre-audiencia-publica-para-minuta-do-rcr-4-com-previsao-de-um-regime-de-recuperacao-de-contratos\/\"},\"author\":{\"name\":\"Ag\u00eancia iNFRA\",\"@id\":\"https:\/\/agenciainfra.com\/blog\/#\/schema\/person\/34af08dff6adea4cb22b06612ba7acfa\"},\"headline\":\"ANTT abre audi\u00eancia p\u00fablica para minuta do RCR 4 com previs\u00e3o de um regime de recupera\u00e7\u00e3o de contratos\",\"datePublished\":\"2024-01-09T12:00:00+00:00\",\"dateModified\":\"2026-03-13T12:43:08+00:00\",\"mainEntityOfPage\":{\"@id\":\"https:\/\/agenciainfra.com\/blog\/antt-abre-audiencia-publica-para-minuta-do-rcr-4-com-previsao-de-um-regime-de-recuperacao-de-contratos\/\"},\"wordCount\":579,\"publisher\":{\"@id\":\"https:\/\/agenciainfra.com\/blog\/#organization\"},\"image\":{\"@id\":\"https:\/\/agenciainfra.com\/blog\/antt-abre-audiencia-publica-para-minuta-do-rcr-4-com-previsao-de-um-regime-de-recuperacao-de-contratos\/#primaryimage\"},\"thumbnailUrl\":\"https:\/\/agenciainfra.com\/blog\/wp-content\/uploads\/2024\/01\/guilherme-sampaio-foto-almg-1.jpg\",\"keywords\":[\"aloca\u00e7\u00e3o de riscos\",\"ANTT\",\"audi\u00eancia p\u00fablica\",\"CCR Rio-SP\",\"concess\u00f5es\",\"concess\u00f5es rodovi\u00e1rias\",\"contratos de concess\u00e3o\",\"EcoRioMinas\",\"EcoRodovias\",\"Encerramento de Contratos\",\"equil\u00edbrio econ\u00f4mico-financeiro\",\"fiscaliza\u00e7\u00e3o\",\"free flow\",\"Guilherme Sampaio\",\"Penalidades\",\"Rafael Vitale\",\"RCR\",\"RCR4\",\"Regula\u00e7\u00e3o\",\"Regulamento\",\"Relat\u00f3rio Final\",\"reuni\u00e3o de diretoria\"],\"articleSection\":[\"Destaque lista\",\"Geral\",\"iNFRATransporte\"],\"inLanguage\":\"pt-BR\",\"copyrightYear\":\"2024\",\"copyrightHolder\":{\"@id\":\"https:\/\/agenciainfra.com\/blog\/#organization\"}},{\"@type\":\"WebPage\",\"@id\":\"https:\/\/agenciainfra.com\/blog\/antt-abre-audiencia-publica-para-minuta-do-rcr-4-com-previsao-de-um-regime-de-recuperacao-de-contratos\/\",\"url\":\"https:\/\/agenciainfra.com\/blog\/antt-abre-audiencia-publica-para-minuta-do-rcr-4-com-previsao-de-um-regime-de-recuperacao-de-contratos\/\",\"name\":\"ANTT abre audi\u00eancia p\u00fablica para minuta do RCR 4 com previs\u00e3o de um regime de recupera\u00e7\u00e3o de contratos - Ag\u00eancia iNFRA\",\"isPartOf\":{\"@id\":\"https:\/\/agenciainfra.com\/blog\/#website\"},\"primaryImageOfPage\":{\"@id\":\"https:\/\/agenciainfra.com\/blog\/antt-abre-audiencia-publica-para-minuta-do-rcr-4-com-previsao-de-um-regime-de-recuperacao-de-contratos\/#primaryimage\"},\"image\":{\"@id\":\"https:\/\/agenciainfra.com\/blog\/antt-abre-audiencia-publica-para-minuta-do-rcr-4-com-previsao-de-um-regime-de-recuperacao-de-contratos\/#primaryimage\"},\"thumbnailUrl\":\"https:\/\/agenciainfra.com\/blog\/wp-content\/uploads\/2024\/01\/guilherme-sampaio-foto-almg-1.jpg\",\"datePublished\":\"2024-01-09T12:00:00+00:00\",\"dateModified\":\"2026-03-13T12:43:08+00:00\",\"breadcrumb\":{\"@id\":\"https:\/\/agenciainfra.com\/blog\/antt-abre-audiencia-publica-para-minuta-do-rcr-4-com-previsao-de-um-regime-de-recuperacao-de-contratos\/#breadcrumb\"},\"inLanguage\":\"pt-BR\",\"potentialAction\":[{\"@type\":\"ReadAction\",\"target\":[\"https:\/\/agenciainfra.com\/blog\/antt-abre-audiencia-publica-para-minuta-do-rcr-4-com-previsao-de-um-regime-de-recuperacao-de-contratos\/\"]}]},{\"@type\":\"ImageObject\",\"inLanguage\":\"pt-BR\",\"@id\":\"https:\/\/agenciainfra.com\/blog\/antt-abre-audiencia-publica-para-minuta-do-rcr-4-com-previsao-de-um-regime-de-recuperacao-de-contratos\/#primaryimage\",\"url\":\"https:\/\/agenciainfra.com\/blog\/wp-content\/uploads\/2024\/01\/guilherme-sampaio-foto-almg-1.jpg\",\"contentUrl\":\"https:\/\/agenciainfra.com\/blog\/wp-content\/uploads\/2024\/01\/guilherme-sampaio-foto-almg-1.jpg\",\"width\":1202,\"height\":800,\"caption\":\"Foto: ALMG\"},{\"@type\":\"BreadcrumbList\",\"@id\":\"https:\/\/agenciainfra.com\/blog\/antt-abre-audiencia-publica-para-minuta-do-rcr-4-com-previsao-de-um-regime-de-recuperacao-de-contratos\/#breadcrumb\",\"itemListElement\":[{\"@type\":\"ListItem\",\"position\":1,\"name\":\"In\u00edcio\",\"item\":\"https:\/\/agenciainfra.com\/blog\/\"},{\"@type\":\"ListItem\",\"position\":2,\"name\":\"ANTT abre audi\u00eancia p\u00fablica para minuta do RCR 4 com previs\u00e3o de um regime de recupera\u00e7\u00e3o de contratos\"}]},{\"@type\":\"WebSite\",\"@id\":\"https:\/\/agenciainfra.com\/blog\/#website\",\"url\":\"https:\/\/agenciainfra.com\/blog\/\",\"name\":\"Ag\u00eancia iNFRA\",\"description\":\"Multiplataforma de informa\u00e7\u00e3o jornal\u00edstica refer\u00eancia na \u00e1rea de infraestrutura no Brasil!\",\"publisher\":{\"@id\":\"https:\/\/agenciainfra.com\/blog\/#organization\"},\"potentialAction\":[{\"@type\":\"SearchAction\",\"target\":{\"@type\":\"EntryPoint\",\"urlTemplate\":\"https:\/\/agenciainfra.com\/blog\/?s={search_term_string}\"},\"query-input\":{\"@type\":\"PropertyValueSpecification\",\"valueRequired\":true,\"valueName\":\"search_term_string\"}}],\"inLanguage\":\"pt-BR\"},{\"@type\":\"Organization\",\"@id\":\"https:\/\/agenciainfra.com\/blog\/#organization\",\"name\":\"Ag\u00eancia iNFRA\",\"url\":\"https:\/\/agenciainfra.com\/blog\/\",\"logo\":{\"@type\":\"ImageObject\",\"inLanguage\":\"pt-BR\",\"@id\":\"https:\/\/agenciainfra.com\/blog\/#\/schema\/logo\/image\/\",\"url\":\"https:\/\/agenciainfra.com\/blog\/wp-content\/uploads\/2023\/09\/iNFRA_5-e1761735885940.png\",\"contentUrl\":\"https:\/\/agenciainfra.com\/blog\/wp-content\/uploads\/2023\/09\/iNFRA_5-e1761735885940.png\",\"width\":1672,\"height\":454,\"caption\":\"Ag\u00eancia iNFRA\"},\"image\":{\"@id\":\"https:\/\/agenciainfra.com\/blog\/#\/schema\/logo\/image\/\"},\"sameAs\":[\"https:\/\/www.facebook.com\/ageninfra\",\"https:\/\/x.com\/agencia_infra\",\"https:\/\/www.linkedin.com\/company\/ag\u00eanciainfra\/\",\"https:\/\/www.instagram.com\/agenciainfra\/\"]},{\"@type\":\"Person\",\"@id\":\"https:\/\/agenciainfra.com\/blog\/#\/schema\/person\/34af08dff6adea4cb22b06612ba7acfa\",\"name\":\"Ag\u00eancia iNFRA\",\"image\":{\"@type\":\"ImageObject\",\"inLanguage\":\"pt-BR\",\"@id\":\"https:\/\/agenciainfra.com\/blog\/#\/schema\/person\/image\/\",\"url\":\"https:\/\/secure.gravatar.com\/avatar\/d189e01678f06d8eb84d4e01f08eb848b3fffe3f8443818d3c356c66892f5be8?s=96&d=mm&r=g\",\"contentUrl\":\"https:\/\/secure.gravatar.com\/avatar\/d189e01678f06d8eb84d4e01f08eb848b3fffe3f8443818d3c356c66892f5be8?s=96&d=mm&r=g\",\"caption\":\"Ag\u00eancia iNFRA\"},\"url\":\"https:\/\/agenciainfra.com\/blog\/author\/admin\/\"}]}<\/script>\n<!-- \/ Yoast SEO Premium plugin. -->","yoast_head_json":{"title":"ANTT abre audi\u00eancia p\u00fablica para minuta do RCR 4 com previs\u00e3o de um regime de recupera\u00e7\u00e3o de contratos - Ag\u00eancia iNFRA","robots":{"index":"index","follow":"follow","max-snippet":"max-snippet:-1","max-image-preview":"max-image-preview:large","max-video-preview":"max-video-preview:-1"},"canonical":"https:\/\/agenciainfra.com\/blog\/antt-abre-audiencia-publica-para-minuta-do-rcr-4-com-previsao-de-um-regime-de-recuperacao-de-contratos\/","og_locale":"pt_BR","og_type":"article","og_title":"ANTT abre audi\u00eancia p\u00fablica para minuta do RCR 4 com previs\u00e3o de um regime de recupera\u00e7\u00e3o de contratos","og_description":"Jenifer Ribeiro, da Ag\u00eancia iNFRA A\u00a0ANTT\u00a0(Ag\u00eancia Nacional de Transportes Terrestres) aprovou no final de dezembro, em reuni\u00e3o de diretoria, a abertura de\u00a0audi\u00eancia\u00a0p\u00fablica\u00a0para\u00a0receber contribui\u00e7\u00f5es \u00e0\u00a0minuta\u00a0do\u00a0RCR\u00a0(Regulamento das Concess\u00f5es Rodovi\u00e1rias)\u00a04, que trata da fiscaliza\u00e7\u00e3o e das penalidades no \u00e2mbito das concess\u00f5es. O diretor Guilherme Sampaio, que relatou a mat\u00e9ria, afirmou que a norma tamb\u00e9m tratar\u00e1\u00a0do\u00a0regime\u00a0de\u00a0recupera\u00e7\u00e3o\u00a0regulat\u00f3rio\u00a0para\u00a0concess\u00f5es que n\u00e3o est\u00e3o [&hellip;]","og_url":"https:\/\/agenciainfra.com\/blog\/antt-abre-audiencia-publica-para-minuta-do-rcr-4-com-previsao-de-um-regime-de-recuperacao-de-contratos\/","og_site_name":"Ag\u00eancia iNFRA","article_publisher":"https:\/\/www.facebook.com\/ageninfra","article_published_time":"2024-01-09T12:00:00+00:00","article_modified_time":"2026-03-13T12:43:08+00:00","og_image":[{"width":1202,"height":800,"url":"https:\/\/agenciainfra.com\/blog\/wp-content\/uploads\/2024\/01\/guilherme-sampaio-foto-almg-1.jpg","type":"image\/jpeg"}],"author":"Ag\u00eancia iNFRA","twitter_card":"summary_large_image","twitter_creator":"@agencia_infra","twitter_site":"@agencia_infra","twitter_misc":{"Escrito por":"Ag\u00eancia iNFRA","Est. tempo de leitura":"3 minutos"},"schema":{"@context":"https:\/\/schema.org","@graph":[{"@type":"Article","@id":"https:\/\/agenciainfra.com\/blog\/antt-abre-audiencia-publica-para-minuta-do-rcr-4-com-previsao-de-um-regime-de-recuperacao-de-contratos\/#article","isPartOf":{"@id":"https:\/\/agenciainfra.com\/blog\/antt-abre-audiencia-publica-para-minuta-do-rcr-4-com-previsao-de-um-regime-de-recuperacao-de-contratos\/"},"author":{"name":"Ag\u00eancia iNFRA","@id":"https:\/\/agenciainfra.com\/blog\/#\/schema\/person\/34af08dff6adea4cb22b06612ba7acfa"},"headline":"ANTT abre audi\u00eancia p\u00fablica para minuta do RCR 4 com previs\u00e3o de um regime de recupera\u00e7\u00e3o de contratos","datePublished":"2024-01-09T12:00:00+00:00","dateModified":"2026-03-13T12:43:08+00:00","mainEntityOfPage":{"@id":"https:\/\/agenciainfra.com\/blog\/antt-abre-audiencia-publica-para-minuta-do-rcr-4-com-previsao-de-um-regime-de-recuperacao-de-contratos\/"},"wordCount":579,"publisher":{"@id":"https:\/\/agenciainfra.com\/blog\/#organization"},"image":{"@id":"https:\/\/agenciainfra.com\/blog\/antt-abre-audiencia-publica-para-minuta-do-rcr-4-com-previsao-de-um-regime-de-recuperacao-de-contratos\/#primaryimage"},"thumbnailUrl":"https:\/\/agenciainfra.com\/blog\/wp-content\/uploads\/2024\/01\/guilherme-sampaio-foto-almg-1.jpg","keywords":["aloca\u00e7\u00e3o de riscos","ANTT","audi\u00eancia p\u00fablica","CCR Rio-SP","concess\u00f5es","concess\u00f5es rodovi\u00e1rias","contratos de concess\u00e3o","EcoRioMinas","EcoRodovias","Encerramento de Contratos","equil\u00edbrio econ\u00f4mico-financeiro","fiscaliza\u00e7\u00e3o","free flow","Guilherme Sampaio","Penalidades","Rafael Vitale","RCR","RCR4","Regula\u00e7\u00e3o","Regulamento","Relat\u00f3rio Final","reuni\u00e3o de diretoria"],"articleSection":["Destaque lista","Geral","iNFRATransporte"],"inLanguage":"pt-BR","copyrightYear":"2024","copyrightHolder":{"@id":"https:\/\/agenciainfra.com\/blog\/#organization"}},{"@type":"WebPage","@id":"https:\/\/agenciainfra.com\/blog\/antt-abre-audiencia-publica-para-minuta-do-rcr-4-com-previsao-de-um-regime-de-recuperacao-de-contratos\/","url":"https:\/\/agenciainfra.com\/blog\/antt-abre-audiencia-publica-para-minuta-do-rcr-4-com-previsao-de-um-regime-de-recuperacao-de-contratos\/","name":"ANTT abre audi\u00eancia p\u00fablica para minuta do RCR 4 com previs\u00e3o de um regime de recupera\u00e7\u00e3o de contratos - Ag\u00eancia iNFRA","isPartOf":{"@id":"https:\/\/agenciainfra.com\/blog\/#website"},"primaryImageOfPage":{"@id":"https:\/\/agenciainfra.com\/blog\/antt-abre-audiencia-publica-para-minuta-do-rcr-4-com-previsao-de-um-regime-de-recuperacao-de-contratos\/#primaryimage"},"image":{"@id":"https:\/\/agenciainfra.com\/blog\/antt-abre-audiencia-publica-para-minuta-do-rcr-4-com-previsao-de-um-regime-de-recuperacao-de-contratos\/#primaryimage"},"thumbnailUrl":"https:\/\/agenciainfra.com\/blog\/wp-content\/uploads\/2024\/01\/guilherme-sampaio-foto-almg-1.jpg","datePublished":"2024-01-09T12:00:00+00:00","dateModified":"2026-03-13T12:43:08+00:00","breadcrumb":{"@id":"https:\/\/agenciainfra.com\/blog\/antt-abre-audiencia-publica-para-minuta-do-rcr-4-com-previsao-de-um-regime-de-recuperacao-de-contratos\/#breadcrumb"},"inLanguage":"pt-BR","potentialAction":[{"@type":"ReadAction","target":["https:\/\/agenciainfra.com\/blog\/antt-abre-audiencia-publica-para-minuta-do-rcr-4-com-previsao-de-um-regime-de-recuperacao-de-contratos\/"]}]},{"@type":"ImageObject","inLanguage":"pt-BR","@id":"https:\/\/agenciainfra.com\/blog\/antt-abre-audiencia-publica-para-minuta-do-rcr-4-com-previsao-de-um-regime-de-recuperacao-de-contratos\/#primaryimage","url":"https:\/\/agenciainfra.com\/blog\/wp-content\/uploads\/2024\/01\/guilherme-sampaio-foto-almg-1.jpg","contentUrl":"https:\/\/agenciainfra.com\/blog\/wp-content\/uploads\/2024\/01\/guilherme-sampaio-foto-almg-1.jpg","width":1202,"height":800,"caption":"Foto: ALMG"},{"@type":"BreadcrumbList","@id":"https:\/\/agenciainfra.com\/blog\/antt-abre-audiencia-publica-para-minuta-do-rcr-4-com-previsao-de-um-regime-de-recuperacao-de-contratos\/#breadcrumb","itemListElement":[{"@type":"ListItem","position":1,"name":"In\u00edcio","item":"https:\/\/agenciainfra.com\/blog\/"},{"@type":"ListItem","position":2,"name":"ANTT abre audi\u00eancia p\u00fablica para minuta do RCR 4 com previs\u00e3o de um regime de recupera\u00e7\u00e3o de contratos"}]},{"@type":"WebSite","@id":"https:\/\/agenciainfra.com\/blog\/#website","url":"https:\/\/agenciainfra.com\/blog\/","name":"Ag\u00eancia iNFRA","description":"Multiplataforma de informa\u00e7\u00e3o jornal\u00edstica refer\u00eancia na \u00e1rea de infraestrutura no Brasil!","publisher":{"@id":"https:\/\/agenciainfra.com\/blog\/#organization"},"potentialAction":[{"@type":"SearchAction","target":{"@type":"EntryPoint","urlTemplate":"https:\/\/agenciainfra.com\/blog\/?s={search_term_string}"},"query-input":{"@type":"PropertyValueSpecification","valueRequired":true,"valueName":"search_term_string"}}],"inLanguage":"pt-BR"},{"@type":"Organization","@id":"https:\/\/agenciainfra.com\/blog\/#organization","name":"Ag\u00eancia iNFRA","url":"https:\/\/agenciainfra.com\/blog\/","logo":{"@type":"ImageObject","inLanguage":"pt-BR","@id":"https:\/\/agenciainfra.com\/blog\/#\/schema\/logo\/image\/","url":"https:\/\/agenciainfra.com\/blog\/wp-content\/uploads\/2023\/09\/iNFRA_5-e1761735885940.png","contentUrl":"https:\/\/agenciainfra.com\/blog\/wp-content\/uploads\/2023\/09\/iNFRA_5-e1761735885940.png","width":1672,"height":454,"caption":"Ag\u00eancia iNFRA"},"image":{"@id":"https:\/\/agenciainfra.com\/blog\/#\/schema\/logo\/image\/"},"sameAs":["https:\/\/www.facebook.com\/ageninfra","https:\/\/x.com\/agencia_infra","https:\/\/www.linkedin.com\/company\/ag\u00eanciainfra\/","https:\/\/www.instagram.com\/agenciainfra\/"]},{"@type":"Person","@id":"https:\/\/agenciainfra.com\/blog\/#\/schema\/person\/34af08dff6adea4cb22b06612ba7acfa","name":"Ag\u00eancia iNFRA","image":{"@type":"ImageObject","inLanguage":"pt-BR","@id":"https:\/\/agenciainfra.com\/blog\/#\/schema\/person\/image\/","url":"https:\/\/secure.gravatar.com\/avatar\/d189e01678f06d8eb84d4e01f08eb848b3fffe3f8443818d3c356c66892f5be8?s=96&d=mm&r=g","contentUrl":"https:\/\/secure.gravatar.com\/avatar\/d189e01678f06d8eb84d4e01f08eb848b3fffe3f8443818d3c356c66892f5be8?s=96&d=mm&r=g","caption":"Ag\u00eancia iNFRA"},"url":"https:\/\/agenciainfra.com\/blog\/author\/admin\/"}]}},"_links":{"self":[{"href":"https:\/\/agenciainfra.com\/blog\/wp-json\/wp\/v2\/posts\/15211","targetHints":{"allow":["GET"]}}],"collection":[{"href":"https:\/\/agenciainfra.com\/blog\/wp-json\/wp\/v2\/posts"}],"about":[{"href":"https:\/\/agenciainfra.com\/blog\/wp-json\/wp\/v2\/types\/post"}],"author":[{"embeddable":true,"href":"https:\/\/agenciainfra.com\/blog\/wp-json\/wp\/v2\/users\/1"}],"replies":[{"embeddable":true,"href":"https:\/\/agenciainfra.com\/blog\/wp-json\/wp\/v2\/comments?post=15211"}],"version-history":[{"count":1,"href":"https:\/\/agenciainfra.com\/blog\/wp-json\/wp\/v2\/posts\/15211\/revisions"}],"predecessor-version":[{"id":15214,"href":"https:\/\/agenciainfra.com\/blog\/wp-json\/wp\/v2\/posts\/15211\/revisions\/15214"}],"wp:featuredmedia":[{"embeddable":true,"href":"https:\/\/agenciainfra.com\/blog\/wp-json\/wp\/v2\/media\/15212"}],"wp:attachment":[{"href":"https:\/\/agenciainfra.com\/blog\/wp-json\/wp\/v2\/media?parent=15211"}],"wp:term":[{"taxonomy":"category","embeddable":true,"href":"https:\/\/agenciainfra.com\/blog\/wp-json\/wp\/v2\/categories?post=15211"},{"taxonomy":"post_tag","embeddable":true,"href":"https:\/\/agenciainfra.com\/blog\/wp-json\/wp\/v2\/tags?post=15211"}],"curies":[{"name":"wp","href":"https:\/\/api.w.org\/{rel}","templated":true}]}}