{"id":1523,"date":"2018-04-25T01:00:52","date_gmt":"2018-04-25T04:00:52","guid":{"rendered":"http:\/\/www.agenciainfra.com\/blog\/?p=1523"},"modified":"2018-04-24T21:11:31","modified_gmt":"2018-04-25T00:11:31","slug":"trabuco-do-bradesco-infraestrutura-e-a-alternativa-mais-rapida-para-gerar-milhoes-de-empregos","status":"publish","type":"post","link":"https:\/\/agenciainfra.com\/blog\/trabuco-do-bradesco-infraestrutura-e-a-alternativa-mais-rapida-para-gerar-milhoes-de-empregos\/","title":{"rendered":"Trabuco, do Bradesco: &#8220;Infraestrutura \u00e9 a alternativa mais r\u00e1pida para gerar milh\u00f5es de empregos&#8221;"},"content":{"rendered":"<h5 style=\"text-align: right;\"><strong>Dimmi Amora, da Ag\u00eancia iNFRA<\/strong><\/h5>\n<p style=\"text-align: left;\">A infraestrutura deficit\u00e1ria do pa\u00eds \u00e9 um b\u00f4nus.<\/p>\n<p style=\"text-align: left;\">A vis\u00e3o \u00e9 do presidente do Conselho de Administra\u00e7\u00e3o do Bradesco, Luiz Carlos Trabuco, que palestrou no Semin\u00e1rio Aberto MBA PPP e Concess\u00f5es, promovido pela FESPSP (Funda\u00e7\u00e3o Escola de Sociologia e Pol\u00edtica de S\u00e3o Paulo), London School of Economics e RedePPP.<\/p>\n<p>Realizado em S\u00e3o Paulo no dia 6\u00a0de abril, com a presen\u00e7a de alunos do MBA e convidados, a palestra de Trabuco mostrou o lado meio cheio do copo para o setor de infraestrutura no pa\u00eds. O evento contou com o apoio da\u00a0<strong>Ag\u00eancia iNFRA<\/strong>.<br \/>\nPara ele, a necessidade urgente de investimentos nesse setor para acabar com gargalos identificados, algumas vezes h\u00e1 mais de 40 anos, s\u00e3o a maneira mais eficiente de tirar o pa\u00eds da crise.<\/p>\n<div><\/div>\n<div>\n<p>&#8220;A infraestrutura \u00e9 um grande b\u00f4nus. Pode parecer n\u00e3o razo\u00e1vel e n\u00e3o fazer sentido, se ela \u00e9 deficit\u00e1ria. Mas \u00e9 b\u00f4nus porque \u00e9 a alternativa mais r\u00e1pida de gerar milh\u00f5es de empregos&#8221;, afirmou o presidente do conselho do Banco. &#8220;S\u00e3o 30 milh\u00f5es de desempregados e subempregados. Como gerar empregos no curto prazo? N\u00e3o tem outra forma: temos que aumentar a taxa de investimentos da economia&#8221;.<\/p>\n<p>Para o presidente, a quest\u00e3o dram\u00e1tica \u00e9 que esses investimentos necessitam de retorno para atrair o capital privado, j\u00e1 que o dinheiro\u00a0p\u00fablico ser\u00e1 insuficiente para fazer frente \u00e0s necessidades.<\/p>\n<p>Segundo Trabuco, \u00e9 preciso pensar que as obras de infraestrutura t\u00eam um senso de urg\u00eancia j\u00e1 que, sem elas, o pa\u00eds perde em congestionamentos, gastos de combust\u00edvel entre outros fatores que geram o que ele chamou de deseconomias. Sua mensagem final foi de esperan\u00e7a no avan\u00e7o do setor.<\/p>\n<p>&#8220;O mundo todo olha para o brasil como oportunidade forte de revolu\u00e7\u00e3o na infraestrutura&#8221;, disse Trabuco.<\/p>\n<p><strong>Natureza do investidor<\/strong><br \/>\nTrabuco ministrou sua palestra no painel &#8220;O Futuro do Financiamento em Infraestrutura no Brasil&#8221; acompanhado do diretor-gerente do Bradesco BBI, Leandro de Miranda Ara\u00fajo, respons\u00e1vel pelo financiamento do setor na organiza\u00e7\u00e3o.<\/p>\n<p>Ara\u00fajo, que j\u00e1 passou por outras \u00e1reas de financiamento de infraestrutura, afirmou que, para o financiamento do setor se desenvolver, ser\u00e1 necess\u00e1rio entender a natureza de cada tipo de investidor e criar produtos que sejam adequados para eles.<\/p>\n<p>No caso de estrangeiros, por exemplo, o maior problema para ele \u00e9 cambial e ser\u00e1 necess\u00e1rio criar mecanismos de prote\u00e7\u00e3o ao risco. J\u00e1 fundos precisam de projetos com alto rating.<\/p>\n<p>Luiz Carlos Trabuco lembrou ainda que \u00e9 necess\u00e1rio fazer a reforma da previd\u00eancia para que, n\u00e3o somente o estado deixe de ser deficit\u00e1rio, como tamb\u00e9m para se criar fundos que possam ter recursos de fundos geracionais, mais adequados para financiar a infraestrutura. &#8220;Ningu\u00e9m vai financiar a infra com investimento de liquidez di\u00e1ria&#8221;.<\/p>\n<\/div>\n","protected":false},"excerpt":{"rendered":"<p>Dimmi Amora, da Ag\u00eancia iNFRA A infraestrutura deficit\u00e1ria do pa\u00eds \u00e9 um b\u00f4nus. A vis\u00e3o \u00e9 do presidente do Conselho de Administra\u00e7\u00e3o do Bradesco, Luiz Carlos Trabuco, que palestrou no Semin\u00e1rio Aberto MBA PPP e Concess\u00f5es, promovido pela FESPSP (Funda\u00e7\u00e3o Escola de Sociologia e Pol\u00edtica de S\u00e3o Paulo), London School of Economics e RedePPP. Realizado [&hellip;]<\/p>\n","protected":false},"author":1,"featured_media":1532,"comment_status":"closed","ping_status":"open","sticky":false,"template":"","format":"standard","meta":{"_monsterinsights_skip_tracking":false,"_monsterinsights_sitenote_active":false,"_monsterinsights_sitenote_note":"","_monsterinsights_sitenote_category":0,"footnotes":""},"categories":[7],"tags":[186,187,34,184,185],"class_list":["post-1523","post","type-post","status-publish","format-standard","has-post-thumbnail","hentry","category-infratransporte","tag-fespsp","tag-financiamento","tag-infraestrutura","tag-mba-ppp","tag-rede-ppp"],"yoast_head":"<!-- This site is optimized with the Yoast SEO Premium plugin v25.4 (Yoast SEO v26.0) - https:\/\/yoast.com\/wordpress\/plugins\/seo\/ -->\n<title>Trabuco, do Bradesco: &quot;Infraestrutura \u00e9 a alternativa mais r\u00e1pida para gerar milh\u00f5es de empregos&quot; - Ag\u00eancia iNFRA<\/title>\n<meta name=\"robots\" content=\"index, follow, max-snippet:-1, max-image-preview:large, max-video-preview:-1\" \/>\n<link rel=\"canonical\" href=\"https:\/\/agenciainfra.com\/blog\/trabuco-do-bradesco-infraestrutura-e-a-alternativa-mais-rapida-para-gerar-milhoes-de-empregos\/\" \/>\n<meta property=\"og:locale\" content=\"pt_BR\" \/>\n<meta property=\"og:type\" content=\"article\" \/>\n<meta property=\"og:title\" content=\"Trabuco, do Bradesco: &quot;Infraestrutura \u00e9 a alternativa mais r\u00e1pida para gerar milh\u00f5es de empregos&quot;\" \/>\n<meta property=\"og:description\" content=\"Dimmi Amora, da Ag\u00eancia iNFRA A infraestrutura deficit\u00e1ria do pa\u00eds \u00e9 um b\u00f4nus. A vis\u00e3o \u00e9 do presidente do Conselho de Administra\u00e7\u00e3o do Bradesco, Luiz Carlos Trabuco, que palestrou no Semin\u00e1rio Aberto MBA PPP e Concess\u00f5es, promovido pela FESPSP (Funda\u00e7\u00e3o Escola de Sociologia e Pol\u00edtica de S\u00e3o Paulo), London School of Economics e RedePPP. Realizado [&hellip;]\" \/>\n<meta property=\"og:url\" content=\"https:\/\/agenciainfra.com\/blog\/trabuco-do-bradesco-infraestrutura-e-a-alternativa-mais-rapida-para-gerar-milhoes-de-empregos\/\" \/>\n<meta property=\"og:site_name\" content=\"Ag\u00eancia iNFRA\" \/>\n<meta property=\"article:publisher\" content=\"https:\/\/www.facebook.com\/ageninfra\" \/>\n<meta property=\"article:published_time\" content=\"2018-04-25T04:00:52+00:00\" \/>\n<meta property=\"og:image\" content=\"https:\/\/agenciainfra.com\/blog\/wp-content\/uploads\/2018\/04\/Luis-Carlos-Trabuco-1-e1524613578146.jpg\" \/>\n\t<meta property=\"og:image:width\" content=\"4188\" \/>\n\t<meta property=\"og:image:height\" content=\"2303\" \/>\n\t<meta property=\"og:image:type\" content=\"image\/jpeg\" \/>\n<meta name=\"author\" content=\"Ag\u00eancia iNFRA\" \/>\n<meta name=\"twitter:card\" content=\"summary_large_image\" \/>\n<meta name=\"twitter:creator\" content=\"@agencia_infra\" \/>\n<meta name=\"twitter:site\" content=\"@agencia_infra\" \/>\n<meta name=\"twitter:label1\" content=\"Escrito por\" \/>\n\t<meta name=\"twitter:data1\" content=\"Ag\u00eancia iNFRA\" \/>\n\t<meta name=\"twitter:label2\" content=\"Est. tempo de leitura\" \/>\n\t<meta name=\"twitter:data2\" content=\"2 minutos\" \/>\n<script type=\"application\/ld+json\" class=\"yoast-schema-graph\">{\"@context\":\"https:\/\/schema.org\",\"@graph\":[{\"@type\":\"Article\",\"@id\":\"https:\/\/agenciainfra.com\/blog\/trabuco-do-bradesco-infraestrutura-e-a-alternativa-mais-rapida-para-gerar-milhoes-de-empregos\/#article\",\"isPartOf\":{\"@id\":\"https:\/\/agenciainfra.com\/blog\/trabuco-do-bradesco-infraestrutura-e-a-alternativa-mais-rapida-para-gerar-milhoes-de-empregos\/\"},\"author\":{\"name\":\"Ag\u00eancia iNFRA\",\"@id\":\"https:\/\/agenciainfra.com\/blog\/#\/schema\/person\/34af08dff6adea4cb22b06612ba7acfa\"},\"headline\":\"Trabuco, do Bradesco: &#8220;Infraestrutura \u00e9 a alternativa mais r\u00e1pida para gerar milh\u00f5es de empregos&#8221;\",\"datePublished\":\"2018-04-25T04:00:52+00:00\",\"mainEntityOfPage\":{\"@id\":\"https:\/\/agenciainfra.com\/blog\/trabuco-do-bradesco-infraestrutura-e-a-alternativa-mais-rapida-para-gerar-milhoes-de-empregos\/\"},\"wordCount\":498,\"publisher\":{\"@id\":\"https:\/\/agenciainfra.com\/blog\/#organization\"},\"image\":{\"@id\":\"https:\/\/agenciainfra.com\/blog\/trabuco-do-bradesco-infraestrutura-e-a-alternativa-mais-rapida-para-gerar-milhoes-de-empregos\/#primaryimage\"},\"thumbnailUrl\":\"https:\/\/agenciainfra.com\/blog\/wp-content\/uploads\/2018\/04\/Luis-Carlos-Trabuco-1-e1524613578146.jpg\",\"keywords\":[\"FESPSP\",\"financiamento\",\"Infraestrutura\",\"MBA PPP\",\"Rede PPP\"],\"articleSection\":[\"iNFRATransporte\"],\"inLanguage\":\"pt-BR\",\"copyrightYear\":\"2018\",\"copyrightHolder\":{\"@id\":\"https:\/\/agenciainfra.com\/blog\/#organization\"}},{\"@type\":\"WebPage\",\"@id\":\"https:\/\/agenciainfra.com\/blog\/trabuco-do-bradesco-infraestrutura-e-a-alternativa-mais-rapida-para-gerar-milhoes-de-empregos\/\",\"url\":\"https:\/\/agenciainfra.com\/blog\/trabuco-do-bradesco-infraestrutura-e-a-alternativa-mais-rapida-para-gerar-milhoes-de-empregos\/\",\"name\":\"Trabuco, do Bradesco: \\\"Infraestrutura \u00e9 a alternativa mais r\u00e1pida para gerar milh\u00f5es de empregos\\\" - Ag\u00eancia iNFRA\",\"isPartOf\":{\"@id\":\"https:\/\/agenciainfra.com\/blog\/#website\"},\"primaryImageOfPage\":{\"@id\":\"https:\/\/agenciainfra.com\/blog\/trabuco-do-bradesco-infraestrutura-e-a-alternativa-mais-rapida-para-gerar-milhoes-de-empregos\/#primaryimage\"},\"image\":{\"@id\":\"https:\/\/agenciainfra.com\/blog\/trabuco-do-bradesco-infraestrutura-e-a-alternativa-mais-rapida-para-gerar-milhoes-de-empregos\/#primaryimage\"},\"thumbnailUrl\":\"https:\/\/agenciainfra.com\/blog\/wp-content\/uploads\/2018\/04\/Luis-Carlos-Trabuco-1-e1524613578146.jpg\",\"datePublished\":\"2018-04-25T04:00:52+00:00\",\"breadcrumb\":{\"@id\":\"https:\/\/agenciainfra.com\/blog\/trabuco-do-bradesco-infraestrutura-e-a-alternativa-mais-rapida-para-gerar-milhoes-de-empregos\/#breadcrumb\"},\"inLanguage\":\"pt-BR\",\"potentialAction\":[{\"@type\":\"ReadAction\",\"target\":[\"https:\/\/agenciainfra.com\/blog\/trabuco-do-bradesco-infraestrutura-e-a-alternativa-mais-rapida-para-gerar-milhoes-de-empregos\/\"]}]},{\"@type\":\"ImageObject\",\"inLanguage\":\"pt-BR\",\"@id\":\"https:\/\/agenciainfra.com\/blog\/trabuco-do-bradesco-infraestrutura-e-a-alternativa-mais-rapida-para-gerar-milhoes-de-empregos\/#primaryimage\",\"url\":\"https:\/\/agenciainfra.com\/blog\/wp-content\/uploads\/2018\/04\/Luis-Carlos-Trabuco-1-e1524613578146.jpg\",\"contentUrl\":\"https:\/\/agenciainfra.com\/blog\/wp-content\/uploads\/2018\/04\/Luis-Carlos-Trabuco-1-e1524613578146.jpg\",\"width\":4188,\"height\":2303},{\"@type\":\"BreadcrumbList\",\"@id\":\"https:\/\/agenciainfra.com\/blog\/trabuco-do-bradesco-infraestrutura-e-a-alternativa-mais-rapida-para-gerar-milhoes-de-empregos\/#breadcrumb\",\"itemListElement\":[{\"@type\":\"ListItem\",\"position\":1,\"name\":\"In\u00edcio\",\"item\":\"https:\/\/agenciainfra.com\/blog\/\"},{\"@type\":\"ListItem\",\"position\":2,\"name\":\"Trabuco, do Bradesco: &#8220;Infraestrutura \u00e9 a alternativa mais r\u00e1pida para gerar milh\u00f5es de empregos&#8221;\"}]},{\"@type\":\"WebSite\",\"@id\":\"https:\/\/agenciainfra.com\/blog\/#website\",\"url\":\"https:\/\/agenciainfra.com\/blog\/\",\"name\":\"Ag\u00eancia iNFRA\",\"description\":\"Multiplataforma de informa\u00e7\u00e3o jornal\u00edstica refer\u00eancia na \u00e1rea de infraestrutura no Brasil!\",\"publisher\":{\"@id\":\"https:\/\/agenciainfra.com\/blog\/#organization\"},\"potentialAction\":[{\"@type\":\"SearchAction\",\"target\":{\"@type\":\"EntryPoint\",\"urlTemplate\":\"https:\/\/agenciainfra.com\/blog\/?s={search_term_string}\"},\"query-input\":{\"@type\":\"PropertyValueSpecification\",\"valueRequired\":true,\"valueName\":\"search_term_string\"}}],\"inLanguage\":\"pt-BR\"},{\"@type\":\"Organization\",\"@id\":\"https:\/\/agenciainfra.com\/blog\/#organization\",\"name\":\"Ag\u00eancia iNFRA\",\"url\":\"https:\/\/agenciainfra.com\/blog\/\",\"logo\":{\"@type\":\"ImageObject\",\"inLanguage\":\"pt-BR\",\"@id\":\"https:\/\/agenciainfra.com\/blog\/#\/schema\/logo\/image\/\",\"url\":\"https:\/\/agenciainfra.com\/blog\/wp-content\/uploads\/2023\/09\/iNFRA_5-e1761735885940.png\",\"contentUrl\":\"https:\/\/agenciainfra.com\/blog\/wp-content\/uploads\/2023\/09\/iNFRA_5-e1761735885940.png\",\"width\":1672,\"height\":454,\"caption\":\"Ag\u00eancia iNFRA\"},\"image\":{\"@id\":\"https:\/\/agenciainfra.com\/blog\/#\/schema\/logo\/image\/\"},\"sameAs\":[\"https:\/\/www.facebook.com\/ageninfra\",\"https:\/\/x.com\/agencia_infra\",\"https:\/\/www.linkedin.com\/company\/ag\u00eanciainfra\/\",\"https:\/\/www.instagram.com\/agenciainfra\/\"]},{\"@type\":\"Person\",\"@id\":\"https:\/\/agenciainfra.com\/blog\/#\/schema\/person\/34af08dff6adea4cb22b06612ba7acfa\",\"name\":\"Ag\u00eancia iNFRA\",\"image\":{\"@type\":\"ImageObject\",\"inLanguage\":\"pt-BR\",\"@id\":\"https:\/\/agenciainfra.com\/blog\/#\/schema\/person\/image\/\",\"url\":\"https:\/\/secure.gravatar.com\/avatar\/d189e01678f06d8eb84d4e01f08eb848b3fffe3f8443818d3c356c66892f5be8?s=96&d=mm&r=g\",\"contentUrl\":\"https:\/\/secure.gravatar.com\/avatar\/d189e01678f06d8eb84d4e01f08eb848b3fffe3f8443818d3c356c66892f5be8?s=96&d=mm&r=g\",\"caption\":\"Ag\u00eancia iNFRA\"},\"url\":\"https:\/\/agenciainfra.com\/blog\/author\/admin\/\"}]}<\/script>\n<!-- \/ Yoast SEO Premium plugin. -->","yoast_head_json":{"title":"Trabuco, do Bradesco: \"Infraestrutura \u00e9 a alternativa mais r\u00e1pida para gerar milh\u00f5es de empregos\" - Ag\u00eancia iNFRA","robots":{"index":"index","follow":"follow","max-snippet":"max-snippet:-1","max-image-preview":"max-image-preview:large","max-video-preview":"max-video-preview:-1"},"canonical":"https:\/\/agenciainfra.com\/blog\/trabuco-do-bradesco-infraestrutura-e-a-alternativa-mais-rapida-para-gerar-milhoes-de-empregos\/","og_locale":"pt_BR","og_type":"article","og_title":"Trabuco, do Bradesco: \"Infraestrutura \u00e9 a alternativa mais r\u00e1pida para gerar milh\u00f5es de empregos\"","og_description":"Dimmi Amora, da Ag\u00eancia iNFRA A infraestrutura deficit\u00e1ria do pa\u00eds \u00e9 um b\u00f4nus. A vis\u00e3o \u00e9 do presidente do Conselho de Administra\u00e7\u00e3o do Bradesco, Luiz Carlos Trabuco, que palestrou no Semin\u00e1rio Aberto MBA PPP e Concess\u00f5es, promovido pela FESPSP (Funda\u00e7\u00e3o Escola de Sociologia e Pol\u00edtica de S\u00e3o Paulo), London School of Economics e RedePPP. Realizado [&hellip;]","og_url":"https:\/\/agenciainfra.com\/blog\/trabuco-do-bradesco-infraestrutura-e-a-alternativa-mais-rapida-para-gerar-milhoes-de-empregos\/","og_site_name":"Ag\u00eancia iNFRA","article_publisher":"https:\/\/www.facebook.com\/ageninfra","article_published_time":"2018-04-25T04:00:52+00:00","og_image":[{"width":4188,"height":2303,"url":"https:\/\/agenciainfra.com\/blog\/wp-content\/uploads\/2018\/04\/Luis-Carlos-Trabuco-1-e1524613578146.jpg","type":"image\/jpeg"}],"author":"Ag\u00eancia iNFRA","twitter_card":"summary_large_image","twitter_creator":"@agencia_infra","twitter_site":"@agencia_infra","twitter_misc":{"Escrito por":"Ag\u00eancia iNFRA","Est. tempo de leitura":"2 minutos"},"schema":{"@context":"https:\/\/schema.org","@graph":[{"@type":"Article","@id":"https:\/\/agenciainfra.com\/blog\/trabuco-do-bradesco-infraestrutura-e-a-alternativa-mais-rapida-para-gerar-milhoes-de-empregos\/#article","isPartOf":{"@id":"https:\/\/agenciainfra.com\/blog\/trabuco-do-bradesco-infraestrutura-e-a-alternativa-mais-rapida-para-gerar-milhoes-de-empregos\/"},"author":{"name":"Ag\u00eancia iNFRA","@id":"https:\/\/agenciainfra.com\/blog\/#\/schema\/person\/34af08dff6adea4cb22b06612ba7acfa"},"headline":"Trabuco, do Bradesco: &#8220;Infraestrutura \u00e9 a alternativa mais r\u00e1pida para gerar milh\u00f5es de empregos&#8221;","datePublished":"2018-04-25T04:00:52+00:00","mainEntityOfPage":{"@id":"https:\/\/agenciainfra.com\/blog\/trabuco-do-bradesco-infraestrutura-e-a-alternativa-mais-rapida-para-gerar-milhoes-de-empregos\/"},"wordCount":498,"publisher":{"@id":"https:\/\/agenciainfra.com\/blog\/#organization"},"image":{"@id":"https:\/\/agenciainfra.com\/blog\/trabuco-do-bradesco-infraestrutura-e-a-alternativa-mais-rapida-para-gerar-milhoes-de-empregos\/#primaryimage"},"thumbnailUrl":"https:\/\/agenciainfra.com\/blog\/wp-content\/uploads\/2018\/04\/Luis-Carlos-Trabuco-1-e1524613578146.jpg","keywords":["FESPSP","financiamento","Infraestrutura","MBA PPP","Rede PPP"],"articleSection":["iNFRATransporte"],"inLanguage":"pt-BR","copyrightYear":"2018","copyrightHolder":{"@id":"https:\/\/agenciainfra.com\/blog\/#organization"}},{"@type":"WebPage","@id":"https:\/\/agenciainfra.com\/blog\/trabuco-do-bradesco-infraestrutura-e-a-alternativa-mais-rapida-para-gerar-milhoes-de-empregos\/","url":"https:\/\/agenciainfra.com\/blog\/trabuco-do-bradesco-infraestrutura-e-a-alternativa-mais-rapida-para-gerar-milhoes-de-empregos\/","name":"Trabuco, do Bradesco: \"Infraestrutura \u00e9 a alternativa mais r\u00e1pida para gerar milh\u00f5es de empregos\" - Ag\u00eancia iNFRA","isPartOf":{"@id":"https:\/\/agenciainfra.com\/blog\/#website"},"primaryImageOfPage":{"@id":"https:\/\/agenciainfra.com\/blog\/trabuco-do-bradesco-infraestrutura-e-a-alternativa-mais-rapida-para-gerar-milhoes-de-empregos\/#primaryimage"},"image":{"@id":"https:\/\/agenciainfra.com\/blog\/trabuco-do-bradesco-infraestrutura-e-a-alternativa-mais-rapida-para-gerar-milhoes-de-empregos\/#primaryimage"},"thumbnailUrl":"https:\/\/agenciainfra.com\/blog\/wp-content\/uploads\/2018\/04\/Luis-Carlos-Trabuco-1-e1524613578146.jpg","datePublished":"2018-04-25T04:00:52+00:00","breadcrumb":{"@id":"https:\/\/agenciainfra.com\/blog\/trabuco-do-bradesco-infraestrutura-e-a-alternativa-mais-rapida-para-gerar-milhoes-de-empregos\/#breadcrumb"},"inLanguage":"pt-BR","potentialAction":[{"@type":"ReadAction","target":["https:\/\/agenciainfra.com\/blog\/trabuco-do-bradesco-infraestrutura-e-a-alternativa-mais-rapida-para-gerar-milhoes-de-empregos\/"]}]},{"@type":"ImageObject","inLanguage":"pt-BR","@id":"https:\/\/agenciainfra.com\/blog\/trabuco-do-bradesco-infraestrutura-e-a-alternativa-mais-rapida-para-gerar-milhoes-de-empregos\/#primaryimage","url":"https:\/\/agenciainfra.com\/blog\/wp-content\/uploads\/2018\/04\/Luis-Carlos-Trabuco-1-e1524613578146.jpg","contentUrl":"https:\/\/agenciainfra.com\/blog\/wp-content\/uploads\/2018\/04\/Luis-Carlos-Trabuco-1-e1524613578146.jpg","width":4188,"height":2303},{"@type":"BreadcrumbList","@id":"https:\/\/agenciainfra.com\/blog\/trabuco-do-bradesco-infraestrutura-e-a-alternativa-mais-rapida-para-gerar-milhoes-de-empregos\/#breadcrumb","itemListElement":[{"@type":"ListItem","position":1,"name":"In\u00edcio","item":"https:\/\/agenciainfra.com\/blog\/"},{"@type":"ListItem","position":2,"name":"Trabuco, do Bradesco: &#8220;Infraestrutura \u00e9 a alternativa mais r\u00e1pida para gerar milh\u00f5es de empregos&#8221;"}]},{"@type":"WebSite","@id":"https:\/\/agenciainfra.com\/blog\/#website","url":"https:\/\/agenciainfra.com\/blog\/","name":"Ag\u00eancia iNFRA","description":"Multiplataforma de informa\u00e7\u00e3o jornal\u00edstica refer\u00eancia na \u00e1rea de infraestrutura no Brasil!","publisher":{"@id":"https:\/\/agenciainfra.com\/blog\/#organization"},"potentialAction":[{"@type":"SearchAction","target":{"@type":"EntryPoint","urlTemplate":"https:\/\/agenciainfra.com\/blog\/?s={search_term_string}"},"query-input":{"@type":"PropertyValueSpecification","valueRequired":true,"valueName":"search_term_string"}}],"inLanguage":"pt-BR"},{"@type":"Organization","@id":"https:\/\/agenciainfra.com\/blog\/#organization","name":"Ag\u00eancia iNFRA","url":"https:\/\/agenciainfra.com\/blog\/","logo":{"@type":"ImageObject","inLanguage":"pt-BR","@id":"https:\/\/agenciainfra.com\/blog\/#\/schema\/logo\/image\/","url":"https:\/\/agenciainfra.com\/blog\/wp-content\/uploads\/2023\/09\/iNFRA_5-e1761735885940.png","contentUrl":"https:\/\/agenciainfra.com\/blog\/wp-content\/uploads\/2023\/09\/iNFRA_5-e1761735885940.png","width":1672,"height":454,"caption":"Ag\u00eancia iNFRA"},"image":{"@id":"https:\/\/agenciainfra.com\/blog\/#\/schema\/logo\/image\/"},"sameAs":["https:\/\/www.facebook.com\/ageninfra","https:\/\/x.com\/agencia_infra","https:\/\/www.linkedin.com\/company\/ag\u00eanciainfra\/","https:\/\/www.instagram.com\/agenciainfra\/"]},{"@type":"Person","@id":"https:\/\/agenciainfra.com\/blog\/#\/schema\/person\/34af08dff6adea4cb22b06612ba7acfa","name":"Ag\u00eancia iNFRA","image":{"@type":"ImageObject","inLanguage":"pt-BR","@id":"https:\/\/agenciainfra.com\/blog\/#\/schema\/person\/image\/","url":"https:\/\/secure.gravatar.com\/avatar\/d189e01678f06d8eb84d4e01f08eb848b3fffe3f8443818d3c356c66892f5be8?s=96&d=mm&r=g","contentUrl":"https:\/\/secure.gravatar.com\/avatar\/d189e01678f06d8eb84d4e01f08eb848b3fffe3f8443818d3c356c66892f5be8?s=96&d=mm&r=g","caption":"Ag\u00eancia iNFRA"},"url":"https:\/\/agenciainfra.com\/blog\/author\/admin\/"}]}},"_links":{"self":[{"href":"https:\/\/agenciainfra.com\/blog\/wp-json\/wp\/v2\/posts\/1523","targetHints":{"allow":["GET"]}}],"collection":[{"href":"https:\/\/agenciainfra.com\/blog\/wp-json\/wp\/v2\/posts"}],"about":[{"href":"https:\/\/agenciainfra.com\/blog\/wp-json\/wp\/v2\/types\/post"}],"author":[{"embeddable":true,"href":"https:\/\/agenciainfra.com\/blog\/wp-json\/wp\/v2\/users\/1"}],"replies":[{"embeddable":true,"href":"https:\/\/agenciainfra.com\/blog\/wp-json\/wp\/v2\/comments?post=1523"}],"version-history":[{"count":0,"href":"https:\/\/agenciainfra.com\/blog\/wp-json\/wp\/v2\/posts\/1523\/revisions"}],"wp:featuredmedia":[{"embeddable":true,"href":"https:\/\/agenciainfra.com\/blog\/wp-json\/wp\/v2\/media\/1532"}],"wp:attachment":[{"href":"https:\/\/agenciainfra.com\/blog\/wp-json\/wp\/v2\/media?parent=1523"}],"wp:term":[{"taxonomy":"category","embeddable":true,"href":"https:\/\/agenciainfra.com\/blog\/wp-json\/wp\/v2\/categories?post=1523"},{"taxonomy":"post_tag","embeddable":true,"href":"https:\/\/agenciainfra.com\/blog\/wp-json\/wp\/v2\/tags?post=1523"}],"curies":[{"name":"wp","href":"https:\/\/api.w.org\/{rel}","templated":true}]}}