{"id":15239,"date":"2024-01-13T09:00:00","date_gmt":"2024-01-13T12:00:00","guid":{"rendered":"https:\/\/www.agenciainfra.com\/blog\/?p=15239"},"modified":"2026-03-13T09:43:05","modified_gmt":"2026-03-13T12:43:05","slug":"com-aprofundamento-de-canal-no-para-falta-de-ferrovia-sera-limitador-para-expansao-de-navios-no-arco-amazonico","status":"publish","type":"post","link":"https:\/\/agenciainfra.com\/blog\/com-aprofundamento-de-canal-no-para-falta-de-ferrovia-sera-limitador-para-expansao-de-navios-no-arco-amazonico\/","title":{"rendered":"Com aprofundamento de canal no Par\u00e1, falta de ferrovia ser\u00e1 limitador para expans\u00e3o de navios no arco amaz\u00f4nico"},"content":{"rendered":"\n<p class=\"has-text-align-right\"><strong>Dimmi Amora, da Ag\u00eancia iNFRA<\/strong><\/p>\n\n\n\n<p>Os terminais portu\u00e1rios e esta\u00e7\u00f5es de transbordo que formam o chamado&nbsp;Arco&nbsp;Amaz\u00f4nico&nbsp;ampliaram em 2023 a lideran\u00e7a do pa\u00eds na exporta\u00e7\u00e3o de gran\u00e9is agr\u00edcolas em rela\u00e7\u00e3o aos terminais&nbsp;no&nbsp;Sul e Sudeste.<br><br>Com dados ainda preliminares, a expectativa do diretor-presidente da Amport (Associa\u00e7\u00e3o dos Terminais Portu\u00e1rios e Esta\u00e7\u00f5es de Transbordo da Bacia Amaz\u00f4nica), Fl\u00e1vio Acatauass\u00fa, \u00e9 de que a lideran\u00e7a conquistada em 2022, com 51% da carga exportada, possa chegar a algo na casa dos 55% em rela\u00e7\u00e3o aos outros portos nacionais.<br><br>A confian\u00e7a vem da informa\u00e7\u00e3o de que todos os 13 associados apresentaram ao fim de 2023 dados indicando amplia\u00e7\u00e3o dos volumes exportados em rela\u00e7\u00e3o a 2022, quando eles alcan\u00e7aram 41,5 milh\u00f5es de toneladas. Uma d\u00e9cada atr\u00e1s, essas quantidades n\u00e3o alcan\u00e7avam 10 milh\u00f5es de toneladas ao ano.<br><br>A amplia\u00e7\u00e3o da quantidade de terminais, melhorias operacionais em cada um deles e novas tecnologias trazidas, como o transbordo de carga entre&nbsp;navios&nbsp;e barca\u00e7as feito nas \u00e1guas dos rios amaz\u00f4nicos, explicam em parte a ascens\u00e3o mete\u00f3rica do transporte nessa regi\u00e3o entre o&nbsp;Par\u00e1&nbsp;e o Maranh\u00e3o.<br><br>As \u00e1guas abrigadas e profundas dos rios, que t\u00eam dimens\u00f5es oce\u00e2nicas, e os movimentos&nbsp;para&nbsp;a constru\u00e7\u00e3o de mais estruturas indicam que&nbsp;no&nbsp;futuro devem aumentar ainda mais os volumes transportados na regi\u00e3o. Fl\u00e1vio aponta&nbsp;para&nbsp;algo na casa dos 100 milh\u00f5es de toneladas em cinco anos.<br><br>&#8220;S\u00f3 temos um limite&nbsp;para&nbsp;isso: a&nbsp;ferrovia&#8221;, lamenta o diretor-presidente da associa\u00e7\u00e3o, que j\u00e1 dirigiu a \u00e1rea de hidrovias do DNIT (Departamento Nacional de Infraestrutura de Transportes) e trabalhou na constru\u00e7\u00e3o da Usina Hidrel\u00e9trica de Belo Monte.<br><br><strong>Log\u00edstica mais barata<\/strong><br>A&nbsp;ferrovia&nbsp;a que ele se refere \u00e9 a Ferrogr\u00e3o, projeto de cerca de mil quil\u00f4metros que ligaria a principal \u00e1rea de produ\u00e7\u00e3o do Mato Grosso, a regi\u00e3o de Lucas do Rio Verde, ao distrito de Miritituba,&nbsp;no&nbsp;Par\u00e1, onde j\u00e1 h\u00e1 pelo menos 17 esta\u00e7\u00f5es de transbordo de carga funcionando ou em projeto&nbsp;no&nbsp;Rio Tapaj\u00f3s.<br><br>As cargas que saem dos caminh\u00f5es que atravessam o trecho hoje pela BR-163 s\u00e3o colocadas em barca\u00e7as, nessas esta\u00e7\u00f5es em Miritituba, que descem o rio Tocantins at\u00e9 Barcarena, a cerca de 1,2 mil quil\u00f4metros, onde os&nbsp;navios&nbsp;podem atracar em portos ou at\u00e9 mesmo em esta\u00e7\u00f5es de transbordo flutuante&nbsp;para&nbsp;receber os gr\u00e3os.<br><br>Essa log\u00edstica tornou-se a mais barata&nbsp;para&nbsp;exportar os produtos agr\u00edcolas da regi\u00e3o norte do Mato Grosso depois que a BR-163 foi completamente asfaltada at\u00e9 os terminais portu\u00e1rios de Miritituba, entre 2017 e 2019, criando assim o incentivo&nbsp;para&nbsp;o crescimento da regi\u00e3o. Em rela\u00e7\u00e3o aos outros portos usados anteriormente, Santos (SP) e Paranagu\u00e1 (PR), a estimativa \u00e9 de uma queda na casa dos 40%.<br><br><strong>Descarboniza\u00e7\u00e3o<\/strong><br>Essa opera\u00e7\u00e3o, segundo Fl\u00e1vio, tem outra vantagem em rela\u00e7\u00e3o \u00e0s exig\u00eancias log\u00edsticas do mundo atual, que \u00e9 a de descarboniza\u00e7\u00e3o. N\u00e3o basta apenas que a carga chegue de forma mais barata ou r\u00e1pida, mas que tamb\u00e9m gere menos carbono, o que, segundo ele, a opera\u00e7\u00e3o por barca\u00e7a pelos rios faz, por consumir menos de 10% do combust\u00edvel de um transporte de caminh\u00e3o.<br><br>&#8220;Quem n\u00e3o se enquadrar nesses crit\u00e9rios, em pouco tempo n\u00e3o vai conseguir negociar seu produto&#8221;, alerta o engenheiro.<br><br>A cria\u00e7\u00e3o de esta\u00e7\u00f5es flutuantes, nas quais um guindaste acoplado a um flutuante tira a carga das barca\u00e7as e leva&nbsp;para&nbsp;os&nbsp;navios, de comboios de barca\u00e7as cada vez maiores, com at\u00e9 35 unidades, que podem transportar 70 mil toneladas de uma vez, deram outro impulso que levou \u00e0 lideran\u00e7a.<br><br>O pr\u00f3ximo passo, segundo Fl\u00e1vio, s\u00e3o as amplia\u00e7\u00f5es de terminais na regi\u00e3o de Barcarena. Cargill e LDC, duas das maiores tradings do planeta&nbsp;no&nbsp;setor, est\u00e3o com projetos prontos&nbsp;para&nbsp;serem executados na margem oposta a que est\u00e3o os terminais que hoje operam em Barcarena.<br><br><strong>Canal&nbsp;do Quiriri<\/strong><br>H\u00e1 ainda a necessidade de se aprofundar o&nbsp;canal&nbsp;do Quriri, que \u00e9 por onde os&nbsp;navios&nbsp;t\u00eam que passar&nbsp;para&nbsp;chegar ao oceano Atl\u00e2ntico, o que Fl\u00e1vio aponta que dever\u00e1 ser alcan\u00e7ado rapidamente.&nbsp;<br><br>Ele conta que a associa\u00e7\u00e3o investiu em esta\u00e7\u00f5es de informa\u00e7\u00e3o em tempo real&nbsp;para&nbsp;que a Marinha pudesse permitir calados maiores. Somente com esse investimento, j\u00e1 foi poss\u00edvel passar o calado de 13,5 metros&nbsp;para&nbsp;13,9 metros.<br><br>Por ser uma \u00e1rea de rio, as regras da Marinha determinam que a dist\u00e2ncia entre a quilha do navio e o fundo deve ser de 1,5 metro, mas a associa\u00e7\u00e3o tamb\u00e9m est\u00e1 estudando maneiras de reduzir essa permiss\u00e3o&nbsp;para&nbsp;um metro, o que poderia elevar o calado&nbsp;para&nbsp;14,5 metros.&nbsp;<br><br>&#8220;Com isso, j\u00e1 ter\u00edamos o mesmo calado de Santos. Mas n\u00e3o h\u00e1 dificuldades&nbsp;para&nbsp;se dragar e chegarmos a 15, 16, 17 metros. O limite s\u00e3o os portos receptores&#8221;, conta Fl\u00e1vio, citando o caso de um navio que saiu ano passado com volume de carga abaixo do que poderia&nbsp;para&nbsp;ficar com um calado de 13 metros porque o porto de recep\u00e7\u00e3o, Roterd\u00e3, na Holanda, n\u00e3o tinha capacidade&nbsp;para&nbsp;mais.<br><br><strong>Meio ambiente<\/strong><br>Mas os 100 milh\u00f5es de toneladas previstos&nbsp;para&nbsp;exporta\u00e7\u00e3o causam preocupa\u00e7\u00e3o por causa do gargalo que&nbsp;ser\u00e1&nbsp;o transporte entre Mato Grosso e&nbsp;Par\u00e1&nbsp;pelo \u00fanico caminho poss\u00edvel hoje, a BR-163. Mesmo concedida, a estrada \u00e9 em pista simples. O volume de caminh\u00f5es atual j\u00e1 traz desafios operacionais e na rela\u00e7\u00e3o com a cidade.<br><br>Para&nbsp;o diretor-presidente, somente a&nbsp;ferrovia, com capacidade estimada&nbsp;para&nbsp;levar anualmente 60 milh\u00f5es de toneladas, daria as condi\u00e7\u00f5es adequadas&nbsp;para&nbsp;garantir um fluxo cont\u00ednuo e tamb\u00e9m de baixo carbono, j\u00e1 que o transporte ferrovi\u00e1rio tamb\u00e9m consome menos que o rodovi\u00e1rio.<br><br>Mas as dificuldades impostas&nbsp;para&nbsp;a constru\u00e7\u00e3o da Ferrogr\u00e3o, at\u00e9 o momento, causam um certo des\u00e2nimo&nbsp;no&nbsp;engenheiro, que passou por situa\u00e7\u00f5es complexas na constru\u00e7\u00e3o da hidrel\u00e9trica. E alguma indigna\u00e7\u00e3o.<br><br>&#8220;Eu n\u00e3o consigo entender o que uma&nbsp;ferrovia&nbsp;pode causar de dano ao meio ambiente maior que uma rodovia&#8221;, avalia Fl\u00e1vio. (O rep\u00f3rter viajou a convite da Amport)<\/p>\n","protected":false},"excerpt":{"rendered":"<p>Dimmi Amora, da Ag\u00eancia iNFRA Os terminais portu\u00e1rios e esta\u00e7\u00f5es de transbordo que formam o chamado&nbsp;Arco&nbsp;Amaz\u00f4nico&nbsp;ampliaram em 2023 a lideran\u00e7a do pa\u00eds na exporta\u00e7\u00e3o de gran\u00e9is agr\u00edcolas em rela\u00e7\u00e3o aos terminais&nbsp;no&nbsp;Sul e Sudeste. Com dados ainda preliminares, a expectativa do diretor-presidente da Amport (Associa\u00e7\u00e3o dos Terminais Portu\u00e1rios e Esta\u00e7\u00f5es de Transbordo da Bacia Amaz\u00f4nica), Fl\u00e1vio [&hellip;]<\/p>\n","protected":false},"author":1,"featured_media":15240,"comment_status":"closed","ping_status":"closed","sticky":false,"template":"","format":"standard","meta":{"_monsterinsights_skip_tracking":false,"_monsterinsights_sitenote_active":false,"_monsterinsights_sitenote_note":"","_monsterinsights_sitenote_category":0,"footnotes":""},"categories":[7250,1,7],"tags":[4595,8122,2952,239,8123,3361,4423,1299,328,8124,717,158,8126,8125,34,8127,66,3086,849,4345,688,91,6568,4642,5006,6536,623,617],"class_list":["post-15239","post","type-post","status-publish","format-standard","has-post-thumbnail","hentry","category-destaque-lista","category-geral","category-infratransporte","tag-amazonia","tag-amport","tag-barcarena","tag-br-163","tag-cargill","tag-descarbonizacao","tag-desenvolvimento-sustentavel","tag-dimmi-amora","tag-dnit","tag-estacoes-de-transbordo","tag-exportacao","tag-ferrograo","tag-flavio-acatauassu","tag-graneis-agricolas","tag-infraestrutura","tag-ldc","tag-logistica","tag-marinha","tag-meio-ambiente","tag-miritituba","tag-para","tag-porto","tag-regime-de-recuperacao-regulatoria","tag-rio-tapajos","tag-sudeste","tag-sul","tag-terminais-portuarios","tag-transporte"],"yoast_head":"<!-- This site is optimized with the Yoast SEO Premium plugin v25.4 (Yoast SEO v26.0) - https:\/\/yoast.com\/wordpress\/plugins\/seo\/ -->\n<title>Com aprofundamento de canal no Par\u00e1, falta de ferrovia ser\u00e1 limitador para expans\u00e3o de navios no arco amaz\u00f4nico - Ag\u00eancia iNFRA<\/title>\n<meta name=\"robots\" content=\"index, follow, max-snippet:-1, max-image-preview:large, max-video-preview:-1\" \/>\n<link rel=\"canonical\" href=\"https:\/\/agenciainfra.com\/blog\/com-aprofundamento-de-canal-no-para-falta-de-ferrovia-sera-limitador-para-expansao-de-navios-no-arco-amazonico\/\" \/>\n<meta property=\"og:locale\" content=\"pt_BR\" \/>\n<meta property=\"og:type\" content=\"article\" \/>\n<meta property=\"og:title\" content=\"Com aprofundamento de canal no Par\u00e1, falta de ferrovia ser\u00e1 limitador para expans\u00e3o de navios no arco amaz\u00f4nico\" \/>\n<meta property=\"og:description\" content=\"Dimmi Amora, da Ag\u00eancia iNFRA Os terminais portu\u00e1rios e esta\u00e7\u00f5es de transbordo que formam o chamado&nbsp;Arco&nbsp;Amaz\u00f4nico&nbsp;ampliaram em 2023 a lideran\u00e7a do pa\u00eds na exporta\u00e7\u00e3o de gran\u00e9is agr\u00edcolas em rela\u00e7\u00e3o aos terminais&nbsp;no&nbsp;Sul e Sudeste. Com dados ainda preliminares, a expectativa do diretor-presidente da Amport (Associa\u00e7\u00e3o dos Terminais Portu\u00e1rios e Esta\u00e7\u00f5es de Transbordo da Bacia Amaz\u00f4nica), Fl\u00e1vio [&hellip;]\" \/>\n<meta property=\"og:url\" content=\"https:\/\/agenciainfra.com\/blog\/com-aprofundamento-de-canal-no-para-falta-de-ferrovia-sera-limitador-para-expansao-de-navios-no-arco-amazonico\/\" \/>\n<meta property=\"og:site_name\" content=\"Ag\u00eancia iNFRA\" \/>\n<meta property=\"article:publisher\" content=\"https:\/\/www.facebook.com\/ageninfra\" \/>\n<meta property=\"article:published_time\" content=\"2024-01-13T12:00:00+00:00\" \/>\n<meta property=\"article:modified_time\" content=\"2026-03-13T12:43:05+00:00\" \/>\n<meta property=\"og:image\" content=\"https:\/\/agenciainfra.com\/blog\/wp-content\/uploads\/2024\/01\/flavio-acatauassu-foto-agencia-senado-jefferson-rudy.jpg\" \/>\n\t<meta property=\"og:image:width\" content=\"1202\" \/>\n\t<meta property=\"og:image:height\" content=\"801\" \/>\n\t<meta property=\"og:image:type\" content=\"image\/jpeg\" \/>\n<meta name=\"author\" content=\"Ag\u00eancia iNFRA\" \/>\n<meta name=\"twitter:card\" content=\"summary_large_image\" \/>\n<meta name=\"twitter:creator\" content=\"@agencia_infra\" \/>\n<meta name=\"twitter:site\" content=\"@agencia_infra\" \/>\n<meta name=\"twitter:label1\" content=\"Escrito por\" \/>\n\t<meta name=\"twitter:data1\" content=\"Ag\u00eancia iNFRA\" \/>\n\t<meta name=\"twitter:label2\" content=\"Est. tempo de leitura\" \/>\n\t<meta name=\"twitter:data2\" content=\"6 minutos\" \/>\n<script type=\"application\/ld+json\" class=\"yoast-schema-graph\">{\"@context\":\"https:\/\/schema.org\",\"@graph\":[{\"@type\":\"Article\",\"@id\":\"https:\/\/agenciainfra.com\/blog\/com-aprofundamento-de-canal-no-para-falta-de-ferrovia-sera-limitador-para-expansao-de-navios-no-arco-amazonico\/#article\",\"isPartOf\":{\"@id\":\"https:\/\/agenciainfra.com\/blog\/com-aprofundamento-de-canal-no-para-falta-de-ferrovia-sera-limitador-para-expansao-de-navios-no-arco-amazonico\/\"},\"author\":{\"name\":\"Ag\u00eancia iNFRA\",\"@id\":\"https:\/\/agenciainfra.com\/blog\/#\/schema\/person\/34af08dff6adea4cb22b06612ba7acfa\"},\"headline\":\"Com aprofundamento de canal no Par\u00e1, falta de ferrovia ser\u00e1 limitador para expans\u00e3o de navios no arco amaz\u00f4nico\",\"datePublished\":\"2024-01-13T12:00:00+00:00\",\"dateModified\":\"2026-03-13T12:43:05+00:00\",\"mainEntityOfPage\":{\"@id\":\"https:\/\/agenciainfra.com\/blog\/com-aprofundamento-de-canal-no-para-falta-de-ferrovia-sera-limitador-para-expansao-de-navios-no-arco-amazonico\/\"},\"wordCount\":1169,\"publisher\":{\"@id\":\"https:\/\/agenciainfra.com\/blog\/#organization\"},\"image\":{\"@id\":\"https:\/\/agenciainfra.com\/blog\/com-aprofundamento-de-canal-no-para-falta-de-ferrovia-sera-limitador-para-expansao-de-navios-no-arco-amazonico\/#primaryimage\"},\"thumbnailUrl\":\"https:\/\/agenciainfra.com\/blog\/wp-content\/uploads\/2024\/01\/flavio-acatauassu-foto-agencia-senado-jefferson-rudy.jpg\",\"keywords\":[\"Amaz\u00f4nia\",\"Amport\",\"Barcarena\",\"BR-163\",\"Cargill\",\"Descarboniza\u00e7\u00e3o\",\"desenvolvimento sustent\u00e1vel\",\"Dimmi Amora\",\"DNIT\",\"Esta\u00e7\u00f5es de Transbordo\",\"exporta\u00e7\u00e3o\",\"Ferrogr\u00e3o\",\"Fl\u00e1vio Acatauass\u00fa\",\"Gran\u00e9is Agr\u00edcolas\",\"Infraestrutura\",\"LDC\",\"log\u00edstica\",\"Marinha\",\"meio ambiente\",\"Miritituba\",\"Par\u00e1\",\"PORTO\",\"Regime de Recupera\u00e7\u00e3o Regulat\u00f3ria\",\"rio Tapaj\u00f3s\",\"sudeste\",\"sul\",\"terminais portu\u00e1rios\",\"transporte\"],\"articleSection\":[\"Destaque lista\",\"Geral\",\"iNFRATransporte\"],\"inLanguage\":\"pt-BR\",\"copyrightYear\":\"2024\",\"copyrightHolder\":{\"@id\":\"https:\/\/agenciainfra.com\/blog\/#organization\"}},{\"@type\":\"WebPage\",\"@id\":\"https:\/\/agenciainfra.com\/blog\/com-aprofundamento-de-canal-no-para-falta-de-ferrovia-sera-limitador-para-expansao-de-navios-no-arco-amazonico\/\",\"url\":\"https:\/\/agenciainfra.com\/blog\/com-aprofundamento-de-canal-no-para-falta-de-ferrovia-sera-limitador-para-expansao-de-navios-no-arco-amazonico\/\",\"name\":\"Com aprofundamento de canal no Par\u00e1, falta de ferrovia ser\u00e1 limitador para expans\u00e3o de navios no arco amaz\u00f4nico - Ag\u00eancia iNFRA\",\"isPartOf\":{\"@id\":\"https:\/\/agenciainfra.com\/blog\/#website\"},\"primaryImageOfPage\":{\"@id\":\"https:\/\/agenciainfra.com\/blog\/com-aprofundamento-de-canal-no-para-falta-de-ferrovia-sera-limitador-para-expansao-de-navios-no-arco-amazonico\/#primaryimage\"},\"image\":{\"@id\":\"https:\/\/agenciainfra.com\/blog\/com-aprofundamento-de-canal-no-para-falta-de-ferrovia-sera-limitador-para-expansao-de-navios-no-arco-amazonico\/#primaryimage\"},\"thumbnailUrl\":\"https:\/\/agenciainfra.com\/blog\/wp-content\/uploads\/2024\/01\/flavio-acatauassu-foto-agencia-senado-jefferson-rudy.jpg\",\"datePublished\":\"2024-01-13T12:00:00+00:00\",\"dateModified\":\"2026-03-13T12:43:05+00:00\",\"breadcrumb\":{\"@id\":\"https:\/\/agenciainfra.com\/blog\/com-aprofundamento-de-canal-no-para-falta-de-ferrovia-sera-limitador-para-expansao-de-navios-no-arco-amazonico\/#breadcrumb\"},\"inLanguage\":\"pt-BR\",\"potentialAction\":[{\"@type\":\"ReadAction\",\"target\":[\"https:\/\/agenciainfra.com\/blog\/com-aprofundamento-de-canal-no-para-falta-de-ferrovia-sera-limitador-para-expansao-de-navios-no-arco-amazonico\/\"]}]},{\"@type\":\"ImageObject\",\"inLanguage\":\"pt-BR\",\"@id\":\"https:\/\/agenciainfra.com\/blog\/com-aprofundamento-de-canal-no-para-falta-de-ferrovia-sera-limitador-para-expansao-de-navios-no-arco-amazonico\/#primaryimage\",\"url\":\"https:\/\/agenciainfra.com\/blog\/wp-content\/uploads\/2024\/01\/flavio-acatauassu-foto-agencia-senado-jefferson-rudy.jpg\",\"contentUrl\":\"https:\/\/agenciainfra.com\/blog\/wp-content\/uploads\/2024\/01\/flavio-acatauassu-foto-agencia-senado-jefferson-rudy.jpg\",\"width\":1202,\"height\":801},{\"@type\":\"BreadcrumbList\",\"@id\":\"https:\/\/agenciainfra.com\/blog\/com-aprofundamento-de-canal-no-para-falta-de-ferrovia-sera-limitador-para-expansao-de-navios-no-arco-amazonico\/#breadcrumb\",\"itemListElement\":[{\"@type\":\"ListItem\",\"position\":1,\"name\":\"In\u00edcio\",\"item\":\"https:\/\/agenciainfra.com\/blog\/\"},{\"@type\":\"ListItem\",\"position\":2,\"name\":\"Com aprofundamento de canal no Par\u00e1, falta de ferrovia ser\u00e1 limitador para expans\u00e3o de navios no arco amaz\u00f4nico\"}]},{\"@type\":\"WebSite\",\"@id\":\"https:\/\/agenciainfra.com\/blog\/#website\",\"url\":\"https:\/\/agenciainfra.com\/blog\/\",\"name\":\"Ag\u00eancia iNFRA\",\"description\":\"Multiplataforma de informa\u00e7\u00e3o jornal\u00edstica refer\u00eancia na \u00e1rea de infraestrutura no Brasil!\",\"publisher\":{\"@id\":\"https:\/\/agenciainfra.com\/blog\/#organization\"},\"potentialAction\":[{\"@type\":\"SearchAction\",\"target\":{\"@type\":\"EntryPoint\",\"urlTemplate\":\"https:\/\/agenciainfra.com\/blog\/?s={search_term_string}\"},\"query-input\":{\"@type\":\"PropertyValueSpecification\",\"valueRequired\":true,\"valueName\":\"search_term_string\"}}],\"inLanguage\":\"pt-BR\"},{\"@type\":\"Organization\",\"@id\":\"https:\/\/agenciainfra.com\/blog\/#organization\",\"name\":\"Ag\u00eancia iNFRA\",\"url\":\"https:\/\/agenciainfra.com\/blog\/\",\"logo\":{\"@type\":\"ImageObject\",\"inLanguage\":\"pt-BR\",\"@id\":\"https:\/\/agenciainfra.com\/blog\/#\/schema\/logo\/image\/\",\"url\":\"https:\/\/agenciainfra.com\/blog\/wp-content\/uploads\/2023\/09\/iNFRA_5-e1761735885940.png\",\"contentUrl\":\"https:\/\/agenciainfra.com\/blog\/wp-content\/uploads\/2023\/09\/iNFRA_5-e1761735885940.png\",\"width\":1672,\"height\":454,\"caption\":\"Ag\u00eancia iNFRA\"},\"image\":{\"@id\":\"https:\/\/agenciainfra.com\/blog\/#\/schema\/logo\/image\/\"},\"sameAs\":[\"https:\/\/www.facebook.com\/ageninfra\",\"https:\/\/x.com\/agencia_infra\",\"https:\/\/www.linkedin.com\/company\/ag\u00eanciainfra\/\",\"https:\/\/www.instagram.com\/agenciainfra\/\"]},{\"@type\":\"Person\",\"@id\":\"https:\/\/agenciainfra.com\/blog\/#\/schema\/person\/34af08dff6adea4cb22b06612ba7acfa\",\"name\":\"Ag\u00eancia iNFRA\",\"image\":{\"@type\":\"ImageObject\",\"inLanguage\":\"pt-BR\",\"@id\":\"https:\/\/agenciainfra.com\/blog\/#\/schema\/person\/image\/\",\"url\":\"https:\/\/secure.gravatar.com\/avatar\/d189e01678f06d8eb84d4e01f08eb848b3fffe3f8443818d3c356c66892f5be8?s=96&d=mm&r=g\",\"contentUrl\":\"https:\/\/secure.gravatar.com\/avatar\/d189e01678f06d8eb84d4e01f08eb848b3fffe3f8443818d3c356c66892f5be8?s=96&d=mm&r=g\",\"caption\":\"Ag\u00eancia iNFRA\"},\"url\":\"https:\/\/agenciainfra.com\/blog\/author\/admin\/\"}]}<\/script>\n<!-- \/ Yoast SEO Premium plugin. -->","yoast_head_json":{"title":"Com aprofundamento de canal no Par\u00e1, falta de ferrovia ser\u00e1 limitador para expans\u00e3o de navios no arco amaz\u00f4nico - Ag\u00eancia iNFRA","robots":{"index":"index","follow":"follow","max-snippet":"max-snippet:-1","max-image-preview":"max-image-preview:large","max-video-preview":"max-video-preview:-1"},"canonical":"https:\/\/agenciainfra.com\/blog\/com-aprofundamento-de-canal-no-para-falta-de-ferrovia-sera-limitador-para-expansao-de-navios-no-arco-amazonico\/","og_locale":"pt_BR","og_type":"article","og_title":"Com aprofundamento de canal no Par\u00e1, falta de ferrovia ser\u00e1 limitador para expans\u00e3o de navios no arco amaz\u00f4nico","og_description":"Dimmi Amora, da Ag\u00eancia iNFRA Os terminais portu\u00e1rios e esta\u00e7\u00f5es de transbordo que formam o chamado&nbsp;Arco&nbsp;Amaz\u00f4nico&nbsp;ampliaram em 2023 a lideran\u00e7a do pa\u00eds na exporta\u00e7\u00e3o de gran\u00e9is agr\u00edcolas em rela\u00e7\u00e3o aos terminais&nbsp;no&nbsp;Sul e Sudeste. Com dados ainda preliminares, a expectativa do diretor-presidente da Amport (Associa\u00e7\u00e3o dos Terminais Portu\u00e1rios e Esta\u00e7\u00f5es de Transbordo da Bacia Amaz\u00f4nica), Fl\u00e1vio [&hellip;]","og_url":"https:\/\/agenciainfra.com\/blog\/com-aprofundamento-de-canal-no-para-falta-de-ferrovia-sera-limitador-para-expansao-de-navios-no-arco-amazonico\/","og_site_name":"Ag\u00eancia iNFRA","article_publisher":"https:\/\/www.facebook.com\/ageninfra","article_published_time":"2024-01-13T12:00:00+00:00","article_modified_time":"2026-03-13T12:43:05+00:00","og_image":[{"width":1202,"height":801,"url":"https:\/\/agenciainfra.com\/blog\/wp-content\/uploads\/2024\/01\/flavio-acatauassu-foto-agencia-senado-jefferson-rudy.jpg","type":"image\/jpeg"}],"author":"Ag\u00eancia iNFRA","twitter_card":"summary_large_image","twitter_creator":"@agencia_infra","twitter_site":"@agencia_infra","twitter_misc":{"Escrito por":"Ag\u00eancia iNFRA","Est. tempo de leitura":"6 minutos"},"schema":{"@context":"https:\/\/schema.org","@graph":[{"@type":"Article","@id":"https:\/\/agenciainfra.com\/blog\/com-aprofundamento-de-canal-no-para-falta-de-ferrovia-sera-limitador-para-expansao-de-navios-no-arco-amazonico\/#article","isPartOf":{"@id":"https:\/\/agenciainfra.com\/blog\/com-aprofundamento-de-canal-no-para-falta-de-ferrovia-sera-limitador-para-expansao-de-navios-no-arco-amazonico\/"},"author":{"name":"Ag\u00eancia iNFRA","@id":"https:\/\/agenciainfra.com\/blog\/#\/schema\/person\/34af08dff6adea4cb22b06612ba7acfa"},"headline":"Com aprofundamento de canal no Par\u00e1, falta de ferrovia ser\u00e1 limitador para expans\u00e3o de navios no arco amaz\u00f4nico","datePublished":"2024-01-13T12:00:00+00:00","dateModified":"2026-03-13T12:43:05+00:00","mainEntityOfPage":{"@id":"https:\/\/agenciainfra.com\/blog\/com-aprofundamento-de-canal-no-para-falta-de-ferrovia-sera-limitador-para-expansao-de-navios-no-arco-amazonico\/"},"wordCount":1169,"publisher":{"@id":"https:\/\/agenciainfra.com\/blog\/#organization"},"image":{"@id":"https:\/\/agenciainfra.com\/blog\/com-aprofundamento-de-canal-no-para-falta-de-ferrovia-sera-limitador-para-expansao-de-navios-no-arco-amazonico\/#primaryimage"},"thumbnailUrl":"https:\/\/agenciainfra.com\/blog\/wp-content\/uploads\/2024\/01\/flavio-acatauassu-foto-agencia-senado-jefferson-rudy.jpg","keywords":["Amaz\u00f4nia","Amport","Barcarena","BR-163","Cargill","Descarboniza\u00e7\u00e3o","desenvolvimento sustent\u00e1vel","Dimmi Amora","DNIT","Esta\u00e7\u00f5es de Transbordo","exporta\u00e7\u00e3o","Ferrogr\u00e3o","Fl\u00e1vio Acatauass\u00fa","Gran\u00e9is Agr\u00edcolas","Infraestrutura","LDC","log\u00edstica","Marinha","meio ambiente","Miritituba","Par\u00e1","PORTO","Regime de Recupera\u00e7\u00e3o Regulat\u00f3ria","rio Tapaj\u00f3s","sudeste","sul","terminais portu\u00e1rios","transporte"],"articleSection":["Destaque lista","Geral","iNFRATransporte"],"inLanguage":"pt-BR","copyrightYear":"2024","copyrightHolder":{"@id":"https:\/\/agenciainfra.com\/blog\/#organization"}},{"@type":"WebPage","@id":"https:\/\/agenciainfra.com\/blog\/com-aprofundamento-de-canal-no-para-falta-de-ferrovia-sera-limitador-para-expansao-de-navios-no-arco-amazonico\/","url":"https:\/\/agenciainfra.com\/blog\/com-aprofundamento-de-canal-no-para-falta-de-ferrovia-sera-limitador-para-expansao-de-navios-no-arco-amazonico\/","name":"Com aprofundamento de canal no Par\u00e1, falta de ferrovia ser\u00e1 limitador para expans\u00e3o de navios no arco amaz\u00f4nico - Ag\u00eancia iNFRA","isPartOf":{"@id":"https:\/\/agenciainfra.com\/blog\/#website"},"primaryImageOfPage":{"@id":"https:\/\/agenciainfra.com\/blog\/com-aprofundamento-de-canal-no-para-falta-de-ferrovia-sera-limitador-para-expansao-de-navios-no-arco-amazonico\/#primaryimage"},"image":{"@id":"https:\/\/agenciainfra.com\/blog\/com-aprofundamento-de-canal-no-para-falta-de-ferrovia-sera-limitador-para-expansao-de-navios-no-arco-amazonico\/#primaryimage"},"thumbnailUrl":"https:\/\/agenciainfra.com\/blog\/wp-content\/uploads\/2024\/01\/flavio-acatauassu-foto-agencia-senado-jefferson-rudy.jpg","datePublished":"2024-01-13T12:00:00+00:00","dateModified":"2026-03-13T12:43:05+00:00","breadcrumb":{"@id":"https:\/\/agenciainfra.com\/blog\/com-aprofundamento-de-canal-no-para-falta-de-ferrovia-sera-limitador-para-expansao-de-navios-no-arco-amazonico\/#breadcrumb"},"inLanguage":"pt-BR","potentialAction":[{"@type":"ReadAction","target":["https:\/\/agenciainfra.com\/blog\/com-aprofundamento-de-canal-no-para-falta-de-ferrovia-sera-limitador-para-expansao-de-navios-no-arco-amazonico\/"]}]},{"@type":"ImageObject","inLanguage":"pt-BR","@id":"https:\/\/agenciainfra.com\/blog\/com-aprofundamento-de-canal-no-para-falta-de-ferrovia-sera-limitador-para-expansao-de-navios-no-arco-amazonico\/#primaryimage","url":"https:\/\/agenciainfra.com\/blog\/wp-content\/uploads\/2024\/01\/flavio-acatauassu-foto-agencia-senado-jefferson-rudy.jpg","contentUrl":"https:\/\/agenciainfra.com\/blog\/wp-content\/uploads\/2024\/01\/flavio-acatauassu-foto-agencia-senado-jefferson-rudy.jpg","width":1202,"height":801},{"@type":"BreadcrumbList","@id":"https:\/\/agenciainfra.com\/blog\/com-aprofundamento-de-canal-no-para-falta-de-ferrovia-sera-limitador-para-expansao-de-navios-no-arco-amazonico\/#breadcrumb","itemListElement":[{"@type":"ListItem","position":1,"name":"In\u00edcio","item":"https:\/\/agenciainfra.com\/blog\/"},{"@type":"ListItem","position":2,"name":"Com aprofundamento de canal no Par\u00e1, falta de ferrovia ser\u00e1 limitador para expans\u00e3o de navios no arco amaz\u00f4nico"}]},{"@type":"WebSite","@id":"https:\/\/agenciainfra.com\/blog\/#website","url":"https:\/\/agenciainfra.com\/blog\/","name":"Ag\u00eancia iNFRA","description":"Multiplataforma de informa\u00e7\u00e3o jornal\u00edstica refer\u00eancia na \u00e1rea de infraestrutura no Brasil!","publisher":{"@id":"https:\/\/agenciainfra.com\/blog\/#organization"},"potentialAction":[{"@type":"SearchAction","target":{"@type":"EntryPoint","urlTemplate":"https:\/\/agenciainfra.com\/blog\/?s={search_term_string}"},"query-input":{"@type":"PropertyValueSpecification","valueRequired":true,"valueName":"search_term_string"}}],"inLanguage":"pt-BR"},{"@type":"Organization","@id":"https:\/\/agenciainfra.com\/blog\/#organization","name":"Ag\u00eancia iNFRA","url":"https:\/\/agenciainfra.com\/blog\/","logo":{"@type":"ImageObject","inLanguage":"pt-BR","@id":"https:\/\/agenciainfra.com\/blog\/#\/schema\/logo\/image\/","url":"https:\/\/agenciainfra.com\/blog\/wp-content\/uploads\/2023\/09\/iNFRA_5-e1761735885940.png","contentUrl":"https:\/\/agenciainfra.com\/blog\/wp-content\/uploads\/2023\/09\/iNFRA_5-e1761735885940.png","width":1672,"height":454,"caption":"Ag\u00eancia iNFRA"},"image":{"@id":"https:\/\/agenciainfra.com\/blog\/#\/schema\/logo\/image\/"},"sameAs":["https:\/\/www.facebook.com\/ageninfra","https:\/\/x.com\/agencia_infra","https:\/\/www.linkedin.com\/company\/ag\u00eanciainfra\/","https:\/\/www.instagram.com\/agenciainfra\/"]},{"@type":"Person","@id":"https:\/\/agenciainfra.com\/blog\/#\/schema\/person\/34af08dff6adea4cb22b06612ba7acfa","name":"Ag\u00eancia iNFRA","image":{"@type":"ImageObject","inLanguage":"pt-BR","@id":"https:\/\/agenciainfra.com\/blog\/#\/schema\/person\/image\/","url":"https:\/\/secure.gravatar.com\/avatar\/d189e01678f06d8eb84d4e01f08eb848b3fffe3f8443818d3c356c66892f5be8?s=96&d=mm&r=g","contentUrl":"https:\/\/secure.gravatar.com\/avatar\/d189e01678f06d8eb84d4e01f08eb848b3fffe3f8443818d3c356c66892f5be8?s=96&d=mm&r=g","caption":"Ag\u00eancia iNFRA"},"url":"https:\/\/agenciainfra.com\/blog\/author\/admin\/"}]}},"_links":{"self":[{"href":"https:\/\/agenciainfra.com\/blog\/wp-json\/wp\/v2\/posts\/15239","targetHints":{"allow":["GET"]}}],"collection":[{"href":"https:\/\/agenciainfra.com\/blog\/wp-json\/wp\/v2\/posts"}],"about":[{"href":"https:\/\/agenciainfra.com\/blog\/wp-json\/wp\/v2\/types\/post"}],"author":[{"embeddable":true,"href":"https:\/\/agenciainfra.com\/blog\/wp-json\/wp\/v2\/users\/1"}],"replies":[{"embeddable":true,"href":"https:\/\/agenciainfra.com\/blog\/wp-json\/wp\/v2\/comments?post=15239"}],"version-history":[{"count":1,"href":"https:\/\/agenciainfra.com\/blog\/wp-json\/wp\/v2\/posts\/15239\/revisions"}],"predecessor-version":[{"id":15241,"href":"https:\/\/agenciainfra.com\/blog\/wp-json\/wp\/v2\/posts\/15239\/revisions\/15241"}],"wp:featuredmedia":[{"embeddable":true,"href":"https:\/\/agenciainfra.com\/blog\/wp-json\/wp\/v2\/media\/15240"}],"wp:attachment":[{"href":"https:\/\/agenciainfra.com\/blog\/wp-json\/wp\/v2\/media?parent=15239"}],"wp:term":[{"taxonomy":"category","embeddable":true,"href":"https:\/\/agenciainfra.com\/blog\/wp-json\/wp\/v2\/categories?post=15239"},{"taxonomy":"post_tag","embeddable":true,"href":"https:\/\/agenciainfra.com\/blog\/wp-json\/wp\/v2\/tags?post=15239"}],"curies":[{"name":"wp","href":"https:\/\/api.w.org\/{rel}","templated":true}]}}