{"id":15266,"date":"2024-01-16T11:00:00","date_gmt":"2024-01-16T14:00:00","guid":{"rendered":"https:\/\/www.agenciainfra.com\/blog\/?p=15266"},"modified":"2024-01-17T09:48:41","modified_gmt":"2024-01-17T12:48:41","slug":"a-inseguranca-juridica-e-as-instancias-administrativas","status":"publish","type":"post","link":"https:\/\/agenciainfra.com\/blog\/a-inseguranca-juridica-e-as-instancias-administrativas\/","title":{"rendered":"A inseguran\u00e7a jur\u00eddica e as inst\u00e2ncias administrativas"},"content":{"rendered":"\n<p class=\"has-text-align-right\"><strong>Claudio Pieruccetti*<\/strong><\/p>\n\n\n\n<p>N\u00e3o \u00e9 de hoje que se diz ser a seguran\u00e7a jur\u00eddica um dos pilares de nosso ordenamento jur\u00eddico, principalmente a partir 1988 com sua expressa men\u00e7\u00e3o no texto constitucional. Muito embora ela seja comumente referenciada pela prote\u00e7\u00e3o ao direito adquirido, ao ato jur\u00eddico perfeito e \u00e0 coisa julgada, a prote\u00e7\u00e3o da seguran\u00e7a foi explicitada em sentido mais amplo no pr\u00f3prio <em>caput<\/em> do art. 5\u00ba.<\/p>\n\n\n\n<p>O C\u00f3digo de Processo Civil de 2015 seguiu essa diretriz de prote\u00e7\u00e3o da seguran\u00e7a jur\u00eddica ao prever mecanismos para a uniformiza\u00e7\u00e3o da jurisprud\u00eancia e a padroniza\u00e7\u00e3o da aplica\u00e7\u00e3o de determinado entendimento jur\u00eddico. Desde ent\u00e3o, viu-se uma prolifera\u00e7\u00e3o da fixa\u00e7\u00e3o de teses vinculantes do Supremo Tribunal Federal (Repercuss\u00e3o Geral) e do Superior Tribunal de Justi\u00e7a (Recursos Repetitivos).<\/p>\n\n\n\n<p>O princ\u00edpio da seguran\u00e7a jur\u00eddica fez o legislador tamb\u00e9m prever o respeito e a coer\u00eancia em rela\u00e7\u00e3o \u00e0 jurisprud\u00eancia sem car\u00e1ter vinculante, de modo a diminuir os riscos da \u201cloteria processual\u201d, quando processos id\u00eanticos poderiam ter desfechos distintos a depender do \u00f3rg\u00e3o julgador.<\/p>\n\n\n\n<p>Na mesma linha, a altera\u00e7\u00e3o da Lei de Introdu\u00e7\u00e3o \u00e0s Normas do Direito Brasileiro, em 2018, incluiu novos dispositivos, sendo praticamente todos tendentes a preservar a seguran\u00e7a jur\u00eddica. Destaco aqui o artigo 30, segundo o qual <em>\u201cas autoridades p\u00fablicas devem atuar para aumentar a seguran\u00e7a jur\u00eddica na aplica\u00e7\u00e3o das normas\u201d,<\/em> inclusive por meio da edi\u00e7\u00e3o de s\u00famulas administrativas, bem como o seu par\u00e1grafo \u00fanico, que, assemelhado ao movimento do legislador processual, explicitou o car\u00e1ter vinculante dessa jurisprud\u00eancia administrativa.<\/p>\n\n\n\n<p>Na minha opini\u00e3o, a matriz constitucional da seguran\u00e7a jur\u00eddica n\u00e3o permite orienta\u00e7\u00e3o diversa da de que ela tamb\u00e9m imp\u00f5e a coer\u00eancia entre a jurisprud\u00eancia administrativa e judicial, pelo menos daquela proveniente do STF e do STJ.<\/p>\n\n\n\n<p>Mesmo considerando a autonomia e a independ\u00eancia das referidas inst\u00e2ncias, n\u00e3o se pode esquecer um problema de ordem pr\u00e1tica que \u00e9 a inseguran\u00e7a jur\u00eddica causada por posicionamentos diferentes entre elas. E com muito mais raz\u00e3o naqueles casos em que h\u00e1 na seara judicial posicionamento consolidado, mesmo que sem a fixa\u00e7\u00e3o de uma tese n\u00e3o vinculante.<\/p>\n\n\n\n<p>N\u00e3o se pode esquecer, tamb\u00e9m, que diante das compet\u00eancias atribu\u00eddas pela Constitui\u00e7\u00e3o ao STJ (uniformiza\u00e7\u00e3o da interpreta\u00e7\u00e3o da legisla\u00e7\u00e3o infraconstitucional) e ao STF (interpretar o sentido das normas constitucionais), pode-se cogitar, ao menos em tese, de uma invas\u00e3o de compet\u00eancia na hip\u00f3tese de existir interpreta\u00e7\u00e3o divergente daquela j\u00e1 tra\u00e7ada pelos Tribunais Superiores, inclusive apta a eivar o ato de ilegalidade. Isso n\u00e3o significa, claro, proposta de subservi\u00eancia da inst\u00e2ncia administrativa frente \u00e0 jurisprud\u00eancia judicial, mas, sim, um vi\u00e9s de coopera\u00e7\u00e3o e de observ\u00e2ncia dos posicionamentos j\u00e1 fixados, a fim de evitar que os \u201cdesentendimentos\u201d acarretem um cen\u00e1rio de inseguran\u00e7a jur\u00eddica inefici\u00eancia.<\/p>\n\n\n\n<h6 class=\"wp-block-heading\" id=\"block-f323f59b-51bf-4eed-b17b-3c7d3b917007\"><strong><strong>*Claudio Pieruccetti \u00e9 s\u00f3cio da \u00e1rea de Infraestrutura &amp; Projetos do Vieira Rezende Advogados<\/strong>.<\/strong><\/h6>\n\n\n\n<h5 class=\"wp-block-heading\" id=\"block-5ef42db3-2ed1-4178-8ab5-7a7f312ba102\">As opini\u00f5es dos autores n\u00e3o refletem necessariamente o pensamento da Ag\u00eancia iNFRA, sendo de total responsabilidade do autor as informa\u00e7\u00f5es, ju\u00edzos de valor e conceitos descritos no texto.<\/h5>\n","protected":false},"excerpt":{"rendered":"<p>Claudio Pieruccetti* N\u00e3o \u00e9 de hoje que se diz ser a seguran\u00e7a jur\u00eddica um dos pilares de nosso ordenamento jur\u00eddico, principalmente a partir 1988 com sua expressa men\u00e7\u00e3o no texto constitucional. Muito embora ela seja comumente referenciada pela prote\u00e7\u00e3o ao direito adquirido, ao ato jur\u00eddico perfeito e \u00e0 coisa julgada, a prote\u00e7\u00e3o da seguran\u00e7a foi [&hellip;]<\/p>\n","protected":false},"author":1,"featured_media":15267,"comment_status":"closed","ping_status":"closed","sticky":false,"template":"","format":"standard","meta":{"_monsterinsights_skip_tracking":false,"_monsterinsights_sitenote_active":false,"_monsterinsights_sitenote_note":"","_monsterinsights_sitenote_category":0,"footnotes":""},"categories":[1,11],"tags":[8196,8194,7580,8186,8188,8187,7577,8189,3196,8190,6931,8191,8192,8193,8195,8197,2449,372,1489,8199,1490,3404,8198],"class_list":["post-15266","post","type-post","status-publish","format-standard","has-post-thumbnail","hentry","category-geral","category-infradebate","tag-autonomia-judiciaria","tag-claudio-pieruccetti","tag-codigo-de-processo-civil","tag-coerencia-jurisprudencial","tag-competencias-constitucionais","tag-cooperacao-juridica","tag-cpc","tag-direito-constitucional","tag-inseguranca-juridica","tag-interpretacao-juridica","tag-jurisprudencia","tag-lei-de-introducao-as-normas-do-direito-brasileiro","tag-loteria-processual","tag-ordenamento-juridico","tag-recursos-repetitivos","tag-repercussao-geral","tag-seguranca-juridica","tag-stf","tag-stj","tag-sumulas-administrativas","tag-superior-tribunal-de-justica","tag-supremo-tribunal-federal","tag-teses-vinculantes"],"yoast_head":"<!-- This site is optimized with the Yoast SEO Premium plugin v25.4 (Yoast SEO v26.0) - https:\/\/yoast.com\/wordpress\/plugins\/seo\/ -->\n<title>A inseguran\u00e7a jur\u00eddica e as inst\u00e2ncias administrativas - Ag\u00eancia iNFRA<\/title>\n<meta name=\"robots\" content=\"index, follow, max-snippet:-1, max-image-preview:large, max-video-preview:-1\" \/>\n<link rel=\"canonical\" href=\"https:\/\/agenciainfra.com\/blog\/a-inseguranca-juridica-e-as-instancias-administrativas\/\" \/>\n<meta property=\"og:locale\" content=\"pt_BR\" \/>\n<meta property=\"og:type\" content=\"article\" \/>\n<meta property=\"og:title\" content=\"A inseguran\u00e7a jur\u00eddica e as inst\u00e2ncias administrativas\" \/>\n<meta property=\"og:description\" content=\"Claudio Pieruccetti* N\u00e3o \u00e9 de hoje que se diz ser a seguran\u00e7a jur\u00eddica um dos pilares de nosso ordenamento jur\u00eddico, principalmente a partir 1988 com sua expressa men\u00e7\u00e3o no texto constitucional. Muito embora ela seja comumente referenciada pela prote\u00e7\u00e3o ao direito adquirido, ao ato jur\u00eddico perfeito e \u00e0 coisa julgada, a prote\u00e7\u00e3o da seguran\u00e7a foi [&hellip;]\" \/>\n<meta property=\"og:url\" content=\"https:\/\/agenciainfra.com\/blog\/a-inseguranca-juridica-e-as-instancias-administrativas\/\" \/>\n<meta property=\"og:site_name\" content=\"Ag\u00eancia iNFRA\" \/>\n<meta property=\"article:publisher\" content=\"https:\/\/www.facebook.com\/ageninfra\" \/>\n<meta property=\"article:published_time\" content=\"2024-01-16T14:00:00+00:00\" \/>\n<meta property=\"article:modified_time\" content=\"2024-01-17T12:48:41+00:00\" \/>\n<meta property=\"og:image\" content=\"https:\/\/agenciainfra.com\/blog\/wp-content\/uploads\/2024\/01\/claudio-pieruccetti-foto-redes-sociais.jpeg\" \/>\n\t<meta property=\"og:image:width\" content=\"1280\" \/>\n\t<meta property=\"og:image:height\" content=\"960\" \/>\n\t<meta property=\"og:image:type\" content=\"image\/jpeg\" \/>\n<meta name=\"author\" content=\"Ag\u00eancia iNFRA\" \/>\n<meta name=\"twitter:card\" content=\"summary_large_image\" \/>\n<meta name=\"twitter:creator\" content=\"@agencia_infra\" \/>\n<meta name=\"twitter:site\" content=\"@agencia_infra\" \/>\n<meta name=\"twitter:label1\" content=\"Escrito por\" \/>\n\t<meta name=\"twitter:data1\" content=\"Ag\u00eancia iNFRA\" \/>\n\t<meta name=\"twitter:label2\" content=\"Est. tempo de leitura\" \/>\n\t<meta name=\"twitter:data2\" content=\"3 minutos\" \/>\n<script type=\"application\/ld+json\" class=\"yoast-schema-graph\">{\"@context\":\"https:\/\/schema.org\",\"@graph\":[{\"@type\":\"Article\",\"@id\":\"https:\/\/agenciainfra.com\/blog\/a-inseguranca-juridica-e-as-instancias-administrativas\/#article\",\"isPartOf\":{\"@id\":\"https:\/\/agenciainfra.com\/blog\/a-inseguranca-juridica-e-as-instancias-administrativas\/\"},\"author\":{\"name\":\"Ag\u00eancia iNFRA\",\"@id\":\"https:\/\/agenciainfra.com\/blog\/#\/schema\/person\/34af08dff6adea4cb22b06612ba7acfa\"},\"headline\":\"A inseguran\u00e7a jur\u00eddica e as inst\u00e2ncias administrativas\",\"datePublished\":\"2024-01-16T14:00:00+00:00\",\"dateModified\":\"2024-01-17T12:48:41+00:00\",\"mainEntityOfPage\":{\"@id\":\"https:\/\/agenciainfra.com\/blog\/a-inseguranca-juridica-e-as-instancias-administrativas\/\"},\"wordCount\":571,\"publisher\":{\"@id\":\"https:\/\/agenciainfra.com\/blog\/#organization\"},\"image\":{\"@id\":\"https:\/\/agenciainfra.com\/blog\/a-inseguranca-juridica-e-as-instancias-administrativas\/#primaryimage\"},\"thumbnailUrl\":\"https:\/\/agenciainfra.com\/blog\/wp-content\/uploads\/2024\/01\/claudio-pieruccetti-foto-redes-sociais.jpeg\",\"keywords\":[\"Autonomia Judici\u00e1ria\",\"Claudio Pieruccetti\",\"C\u00f3digo de Processo Civil\",\"Coer\u00eancia Jurisprudencial\",\"Compet\u00eancias Constitucionais\",\"Coopera\u00e7\u00e3o Jur\u00eddica\",\"CPC\",\"Direito Constitucional\",\"inseguran\u00e7a jur\u00eddica\",\"Interpreta\u00e7\u00e3o Jur\u00eddica\",\"jurisprud\u00eancia\",\"Lei de Introdu\u00e7\u00e3o \u00e0s Normas do Direito Brasileiro\",\"Loteria processual\",\"Ordenamento jur\u00eddico\",\"Recursos repetitivos\",\"Repercuss\u00e3o geral\",\"seguran\u00e7a jur\u00eddica\",\"STF\",\"STJ\",\"S\u00famulas administrativas\",\"Superior Tribunal de Justi\u00e7a\",\"Supremo Tribunal Federal\",\"Teses Vinculantes\"],\"articleSection\":[\"Geral\",\"iNFRADebate\"],\"inLanguage\":\"pt-BR\",\"copyrightYear\":\"2024\",\"copyrightHolder\":{\"@id\":\"https:\/\/agenciainfra.com\/blog\/#organization\"}},{\"@type\":\"WebPage\",\"@id\":\"https:\/\/agenciainfra.com\/blog\/a-inseguranca-juridica-e-as-instancias-administrativas\/\",\"url\":\"https:\/\/agenciainfra.com\/blog\/a-inseguranca-juridica-e-as-instancias-administrativas\/\",\"name\":\"A inseguran\u00e7a jur\u00eddica e as inst\u00e2ncias administrativas - Ag\u00eancia iNFRA\",\"isPartOf\":{\"@id\":\"https:\/\/agenciainfra.com\/blog\/#website\"},\"primaryImageOfPage\":{\"@id\":\"https:\/\/agenciainfra.com\/blog\/a-inseguranca-juridica-e-as-instancias-administrativas\/#primaryimage\"},\"image\":{\"@id\":\"https:\/\/agenciainfra.com\/blog\/a-inseguranca-juridica-e-as-instancias-administrativas\/#primaryimage\"},\"thumbnailUrl\":\"https:\/\/agenciainfra.com\/blog\/wp-content\/uploads\/2024\/01\/claudio-pieruccetti-foto-redes-sociais.jpeg\",\"datePublished\":\"2024-01-16T14:00:00+00:00\",\"dateModified\":\"2024-01-17T12:48:41+00:00\",\"breadcrumb\":{\"@id\":\"https:\/\/agenciainfra.com\/blog\/a-inseguranca-juridica-e-as-instancias-administrativas\/#breadcrumb\"},\"inLanguage\":\"pt-BR\",\"potentialAction\":[{\"@type\":\"ReadAction\",\"target\":[\"https:\/\/agenciainfra.com\/blog\/a-inseguranca-juridica-e-as-instancias-administrativas\/\"]}]},{\"@type\":\"ImageObject\",\"inLanguage\":\"pt-BR\",\"@id\":\"https:\/\/agenciainfra.com\/blog\/a-inseguranca-juridica-e-as-instancias-administrativas\/#primaryimage\",\"url\":\"https:\/\/agenciainfra.com\/blog\/wp-content\/uploads\/2024\/01\/claudio-pieruccetti-foto-redes-sociais.jpeg\",\"contentUrl\":\"https:\/\/agenciainfra.com\/blog\/wp-content\/uploads\/2024\/01\/claudio-pieruccetti-foto-redes-sociais.jpeg\",\"width\":1280,\"height\":960},{\"@type\":\"BreadcrumbList\",\"@id\":\"https:\/\/agenciainfra.com\/blog\/a-inseguranca-juridica-e-as-instancias-administrativas\/#breadcrumb\",\"itemListElement\":[{\"@type\":\"ListItem\",\"position\":1,\"name\":\"In\u00edcio\",\"item\":\"https:\/\/agenciainfra.com\/blog\/\"},{\"@type\":\"ListItem\",\"position\":2,\"name\":\"A inseguran\u00e7a jur\u00eddica e as inst\u00e2ncias administrativas\"}]},{\"@type\":\"WebSite\",\"@id\":\"https:\/\/agenciainfra.com\/blog\/#website\",\"url\":\"https:\/\/agenciainfra.com\/blog\/\",\"name\":\"Ag\u00eancia iNFRA\",\"description\":\"Multiplataforma de informa\u00e7\u00e3o jornal\u00edstica refer\u00eancia na \u00e1rea de infraestrutura no Brasil!\",\"publisher\":{\"@id\":\"https:\/\/agenciainfra.com\/blog\/#organization\"},\"potentialAction\":[{\"@type\":\"SearchAction\",\"target\":{\"@type\":\"EntryPoint\",\"urlTemplate\":\"https:\/\/agenciainfra.com\/blog\/?s={search_term_string}\"},\"query-input\":{\"@type\":\"PropertyValueSpecification\",\"valueRequired\":true,\"valueName\":\"search_term_string\"}}],\"inLanguage\":\"pt-BR\"},{\"@type\":\"Organization\",\"@id\":\"https:\/\/agenciainfra.com\/blog\/#organization\",\"name\":\"Ag\u00eancia iNFRA\",\"url\":\"https:\/\/agenciainfra.com\/blog\/\",\"logo\":{\"@type\":\"ImageObject\",\"inLanguage\":\"pt-BR\",\"@id\":\"https:\/\/agenciainfra.com\/blog\/#\/schema\/logo\/image\/\",\"url\":\"https:\/\/agenciainfra.com\/blog\/wp-content\/uploads\/2023\/09\/iNFRA_5-e1761735885940.png\",\"contentUrl\":\"https:\/\/agenciainfra.com\/blog\/wp-content\/uploads\/2023\/09\/iNFRA_5-e1761735885940.png\",\"width\":1672,\"height\":454,\"caption\":\"Ag\u00eancia iNFRA\"},\"image\":{\"@id\":\"https:\/\/agenciainfra.com\/blog\/#\/schema\/logo\/image\/\"},\"sameAs\":[\"https:\/\/www.facebook.com\/ageninfra\",\"https:\/\/x.com\/agencia_infra\",\"https:\/\/www.linkedin.com\/company\/ag\u00eanciainfra\/\",\"https:\/\/www.instagram.com\/agenciainfra\/\"]},{\"@type\":\"Person\",\"@id\":\"https:\/\/agenciainfra.com\/blog\/#\/schema\/person\/34af08dff6adea4cb22b06612ba7acfa\",\"name\":\"Ag\u00eancia iNFRA\",\"image\":{\"@type\":\"ImageObject\",\"inLanguage\":\"pt-BR\",\"@id\":\"https:\/\/agenciainfra.com\/blog\/#\/schema\/person\/image\/\",\"url\":\"https:\/\/secure.gravatar.com\/avatar\/d189e01678f06d8eb84d4e01f08eb848b3fffe3f8443818d3c356c66892f5be8?s=96&d=mm&r=g\",\"contentUrl\":\"https:\/\/secure.gravatar.com\/avatar\/d189e01678f06d8eb84d4e01f08eb848b3fffe3f8443818d3c356c66892f5be8?s=96&d=mm&r=g\",\"caption\":\"Ag\u00eancia iNFRA\"},\"url\":\"https:\/\/agenciainfra.com\/blog\/author\/admin\/\"}]}<\/script>\n<!-- \/ Yoast SEO Premium plugin. -->","yoast_head_json":{"title":"A inseguran\u00e7a jur\u00eddica e as inst\u00e2ncias administrativas - Ag\u00eancia iNFRA","robots":{"index":"index","follow":"follow","max-snippet":"max-snippet:-1","max-image-preview":"max-image-preview:large","max-video-preview":"max-video-preview:-1"},"canonical":"https:\/\/agenciainfra.com\/blog\/a-inseguranca-juridica-e-as-instancias-administrativas\/","og_locale":"pt_BR","og_type":"article","og_title":"A inseguran\u00e7a jur\u00eddica e as inst\u00e2ncias administrativas","og_description":"Claudio Pieruccetti* N\u00e3o \u00e9 de hoje que se diz ser a seguran\u00e7a jur\u00eddica um dos pilares de nosso ordenamento jur\u00eddico, principalmente a partir 1988 com sua expressa men\u00e7\u00e3o no texto constitucional. Muito embora ela seja comumente referenciada pela prote\u00e7\u00e3o ao direito adquirido, ao ato jur\u00eddico perfeito e \u00e0 coisa julgada, a prote\u00e7\u00e3o da seguran\u00e7a foi [&hellip;]","og_url":"https:\/\/agenciainfra.com\/blog\/a-inseguranca-juridica-e-as-instancias-administrativas\/","og_site_name":"Ag\u00eancia iNFRA","article_publisher":"https:\/\/www.facebook.com\/ageninfra","article_published_time":"2024-01-16T14:00:00+00:00","article_modified_time":"2024-01-17T12:48:41+00:00","og_image":[{"width":1280,"height":960,"url":"https:\/\/agenciainfra.com\/blog\/wp-content\/uploads\/2024\/01\/claudio-pieruccetti-foto-redes-sociais.jpeg","type":"image\/jpeg"}],"author":"Ag\u00eancia iNFRA","twitter_card":"summary_large_image","twitter_creator":"@agencia_infra","twitter_site":"@agencia_infra","twitter_misc":{"Escrito por":"Ag\u00eancia iNFRA","Est. tempo de leitura":"3 minutos"},"schema":{"@context":"https:\/\/schema.org","@graph":[{"@type":"Article","@id":"https:\/\/agenciainfra.com\/blog\/a-inseguranca-juridica-e-as-instancias-administrativas\/#article","isPartOf":{"@id":"https:\/\/agenciainfra.com\/blog\/a-inseguranca-juridica-e-as-instancias-administrativas\/"},"author":{"name":"Ag\u00eancia iNFRA","@id":"https:\/\/agenciainfra.com\/blog\/#\/schema\/person\/34af08dff6adea4cb22b06612ba7acfa"},"headline":"A inseguran\u00e7a jur\u00eddica e as inst\u00e2ncias administrativas","datePublished":"2024-01-16T14:00:00+00:00","dateModified":"2024-01-17T12:48:41+00:00","mainEntityOfPage":{"@id":"https:\/\/agenciainfra.com\/blog\/a-inseguranca-juridica-e-as-instancias-administrativas\/"},"wordCount":571,"publisher":{"@id":"https:\/\/agenciainfra.com\/blog\/#organization"},"image":{"@id":"https:\/\/agenciainfra.com\/blog\/a-inseguranca-juridica-e-as-instancias-administrativas\/#primaryimage"},"thumbnailUrl":"https:\/\/agenciainfra.com\/blog\/wp-content\/uploads\/2024\/01\/claudio-pieruccetti-foto-redes-sociais.jpeg","keywords":["Autonomia Judici\u00e1ria","Claudio Pieruccetti","C\u00f3digo de Processo Civil","Coer\u00eancia Jurisprudencial","Compet\u00eancias Constitucionais","Coopera\u00e7\u00e3o Jur\u00eddica","CPC","Direito Constitucional","inseguran\u00e7a jur\u00eddica","Interpreta\u00e7\u00e3o Jur\u00eddica","jurisprud\u00eancia","Lei de Introdu\u00e7\u00e3o \u00e0s Normas do Direito Brasileiro","Loteria processual","Ordenamento jur\u00eddico","Recursos repetitivos","Repercuss\u00e3o geral","seguran\u00e7a jur\u00eddica","STF","STJ","S\u00famulas administrativas","Superior Tribunal de Justi\u00e7a","Supremo Tribunal Federal","Teses Vinculantes"],"articleSection":["Geral","iNFRADebate"],"inLanguage":"pt-BR","copyrightYear":"2024","copyrightHolder":{"@id":"https:\/\/agenciainfra.com\/blog\/#organization"}},{"@type":"WebPage","@id":"https:\/\/agenciainfra.com\/blog\/a-inseguranca-juridica-e-as-instancias-administrativas\/","url":"https:\/\/agenciainfra.com\/blog\/a-inseguranca-juridica-e-as-instancias-administrativas\/","name":"A inseguran\u00e7a jur\u00eddica e as inst\u00e2ncias administrativas - Ag\u00eancia iNFRA","isPartOf":{"@id":"https:\/\/agenciainfra.com\/blog\/#website"},"primaryImageOfPage":{"@id":"https:\/\/agenciainfra.com\/blog\/a-inseguranca-juridica-e-as-instancias-administrativas\/#primaryimage"},"image":{"@id":"https:\/\/agenciainfra.com\/blog\/a-inseguranca-juridica-e-as-instancias-administrativas\/#primaryimage"},"thumbnailUrl":"https:\/\/agenciainfra.com\/blog\/wp-content\/uploads\/2024\/01\/claudio-pieruccetti-foto-redes-sociais.jpeg","datePublished":"2024-01-16T14:00:00+00:00","dateModified":"2024-01-17T12:48:41+00:00","breadcrumb":{"@id":"https:\/\/agenciainfra.com\/blog\/a-inseguranca-juridica-e-as-instancias-administrativas\/#breadcrumb"},"inLanguage":"pt-BR","potentialAction":[{"@type":"ReadAction","target":["https:\/\/agenciainfra.com\/blog\/a-inseguranca-juridica-e-as-instancias-administrativas\/"]}]},{"@type":"ImageObject","inLanguage":"pt-BR","@id":"https:\/\/agenciainfra.com\/blog\/a-inseguranca-juridica-e-as-instancias-administrativas\/#primaryimage","url":"https:\/\/agenciainfra.com\/blog\/wp-content\/uploads\/2024\/01\/claudio-pieruccetti-foto-redes-sociais.jpeg","contentUrl":"https:\/\/agenciainfra.com\/blog\/wp-content\/uploads\/2024\/01\/claudio-pieruccetti-foto-redes-sociais.jpeg","width":1280,"height":960},{"@type":"BreadcrumbList","@id":"https:\/\/agenciainfra.com\/blog\/a-inseguranca-juridica-e-as-instancias-administrativas\/#breadcrumb","itemListElement":[{"@type":"ListItem","position":1,"name":"In\u00edcio","item":"https:\/\/agenciainfra.com\/blog\/"},{"@type":"ListItem","position":2,"name":"A inseguran\u00e7a jur\u00eddica e as inst\u00e2ncias administrativas"}]},{"@type":"WebSite","@id":"https:\/\/agenciainfra.com\/blog\/#website","url":"https:\/\/agenciainfra.com\/blog\/","name":"Ag\u00eancia iNFRA","description":"Multiplataforma de informa\u00e7\u00e3o jornal\u00edstica refer\u00eancia na \u00e1rea de infraestrutura no Brasil!","publisher":{"@id":"https:\/\/agenciainfra.com\/blog\/#organization"},"potentialAction":[{"@type":"SearchAction","target":{"@type":"EntryPoint","urlTemplate":"https:\/\/agenciainfra.com\/blog\/?s={search_term_string}"},"query-input":{"@type":"PropertyValueSpecification","valueRequired":true,"valueName":"search_term_string"}}],"inLanguage":"pt-BR"},{"@type":"Organization","@id":"https:\/\/agenciainfra.com\/blog\/#organization","name":"Ag\u00eancia iNFRA","url":"https:\/\/agenciainfra.com\/blog\/","logo":{"@type":"ImageObject","inLanguage":"pt-BR","@id":"https:\/\/agenciainfra.com\/blog\/#\/schema\/logo\/image\/","url":"https:\/\/agenciainfra.com\/blog\/wp-content\/uploads\/2023\/09\/iNFRA_5-e1761735885940.png","contentUrl":"https:\/\/agenciainfra.com\/blog\/wp-content\/uploads\/2023\/09\/iNFRA_5-e1761735885940.png","width":1672,"height":454,"caption":"Ag\u00eancia iNFRA"},"image":{"@id":"https:\/\/agenciainfra.com\/blog\/#\/schema\/logo\/image\/"},"sameAs":["https:\/\/www.facebook.com\/ageninfra","https:\/\/x.com\/agencia_infra","https:\/\/www.linkedin.com\/company\/ag\u00eanciainfra\/","https:\/\/www.instagram.com\/agenciainfra\/"]},{"@type":"Person","@id":"https:\/\/agenciainfra.com\/blog\/#\/schema\/person\/34af08dff6adea4cb22b06612ba7acfa","name":"Ag\u00eancia iNFRA","image":{"@type":"ImageObject","inLanguage":"pt-BR","@id":"https:\/\/agenciainfra.com\/blog\/#\/schema\/person\/image\/","url":"https:\/\/secure.gravatar.com\/avatar\/d189e01678f06d8eb84d4e01f08eb848b3fffe3f8443818d3c356c66892f5be8?s=96&d=mm&r=g","contentUrl":"https:\/\/secure.gravatar.com\/avatar\/d189e01678f06d8eb84d4e01f08eb848b3fffe3f8443818d3c356c66892f5be8?s=96&d=mm&r=g","caption":"Ag\u00eancia iNFRA"},"url":"https:\/\/agenciainfra.com\/blog\/author\/admin\/"}]}},"_links":{"self":[{"href":"https:\/\/agenciainfra.com\/blog\/wp-json\/wp\/v2\/posts\/15266","targetHints":{"allow":["GET"]}}],"collection":[{"href":"https:\/\/agenciainfra.com\/blog\/wp-json\/wp\/v2\/posts"}],"about":[{"href":"https:\/\/agenciainfra.com\/blog\/wp-json\/wp\/v2\/types\/post"}],"author":[{"embeddable":true,"href":"https:\/\/agenciainfra.com\/blog\/wp-json\/wp\/v2\/users\/1"}],"replies":[{"embeddable":true,"href":"https:\/\/agenciainfra.com\/blog\/wp-json\/wp\/v2\/comments?post=15266"}],"version-history":[{"count":1,"href":"https:\/\/agenciainfra.com\/blog\/wp-json\/wp\/v2\/posts\/15266\/revisions"}],"predecessor-version":[{"id":15268,"href":"https:\/\/agenciainfra.com\/blog\/wp-json\/wp\/v2\/posts\/15266\/revisions\/15268"}],"wp:featuredmedia":[{"embeddable":true,"href":"https:\/\/agenciainfra.com\/blog\/wp-json\/wp\/v2\/media\/15267"}],"wp:attachment":[{"href":"https:\/\/agenciainfra.com\/blog\/wp-json\/wp\/v2\/media?parent=15266"}],"wp:term":[{"taxonomy":"category","embeddable":true,"href":"https:\/\/agenciainfra.com\/blog\/wp-json\/wp\/v2\/categories?post=15266"},{"taxonomy":"post_tag","embeddable":true,"href":"https:\/\/agenciainfra.com\/blog\/wp-json\/wp\/v2\/tags?post=15266"}],"curies":[{"name":"wp","href":"https:\/\/api.w.org\/{rel}","templated":true}]}}