{"id":15328,"date":"2024-01-19T11:00:00","date_gmt":"2024-01-19T14:00:00","guid":{"rendered":"https:\/\/www.agenciainfra.com\/blog\/?p=15328"},"modified":"2024-01-23T08:52:44","modified_gmt":"2024-01-23T11:52:44","slug":"encerra-se-o-primeiro-ano-das-solucoes-consensuais-no-tcu","status":"publish","type":"post","link":"https:\/\/agenciainfra.com\/blog\/encerra-se-o-primeiro-ano-das-solucoes-consensuais-no-tcu\/","title":{"rendered":"Encerra-se o primeiro ano das solu\u00e7\u00f5es consensuais no TCU"},"content":{"rendered":"\n<p class=\"has-text-align-right\"><strong>Mariana Carvalho*<\/strong><\/p>\n\n\n\n<p>Finalizado o primeiro ano dos procedimentos de solu\u00e7\u00e3o consensual de controv\u00e9rsias no TCU (Tribunal de Contas da Uni\u00e3o) institu\u00eddos pela Instru\u00e7\u00e3o Normativa-TCU 91\/2022, os esfor\u00e7os do Tribunal para colocar em pr\u00e1tica essa iniciativa s\u00e3o evidentes.<\/p>\n\n\n\n<p>At\u00e9 o momento, quatro processos de SSC (Solicita\u00e7\u00e3o de Solu\u00e7\u00e3o Consensual) foram apreciados pelo plen\u00e1rio com propostas para a celebra\u00e7\u00e3o de termos de autocomposi\u00e7\u00e3o, ainda que mediante a defini\u00e7\u00e3o de algumas condicionantes. Esses processos abordam demandas dos setores de energia (TCs 006.252\/2023-0 e 006.253\/2023-7) e de transporte ferrovi\u00e1rio (TCs 000.853\/2023-2 e 000.855\/2023-5).<\/p>\n\n\n\n<p>Ainda que estejam pendentes diversas SSC envolvendo os setores aeroportu\u00e1rio, rodovi\u00e1rio e de telecomunica\u00e7\u00f5es, dentre outras mat\u00e9rias, \u00e9 relevante analisar as diretrizes que a corte de contas estabeleceu nos casos apreciados, de modo a observar as possibilidades e os limites que o TCU tem tra\u00e7ado nos seus novos procedimentos.<\/p>\n\n\n\n<p>Em primeiro momento, nos casos envolvendo o setor el\u00e9trico, o tribunal analisou controv\u00e9rsias envolvendo CER (Contratos de Energia de Reserva) firmados em procedimento de contrata\u00e7\u00e3o simplificado em 2021, que buscavammitigar potenciais dificuldades de suprimento de energia el\u00e9trica em decorr\u00eancia dos baixos n\u00edveis de aflu\u00eancia h\u00eddrica \u00e0 \u00e9poca.<\/p>\n\n\n\n<p>A urg\u00eancia dessas contrata\u00e7\u00f5es resultou no aumento do risco do empreendimento com a contrata\u00e7\u00e3o de energia cara e mediante previs\u00e3o de demanda incompat\u00edvel com o atual cen\u00e1rio brasileiro, al\u00e9m de terem sido enfrentados significativos atrasos para o in\u00edcio da opera\u00e7\u00e3o dos empreendimentos.<\/p>\n\n\n\n<p>Observadas as particularidades de cada caso, as negocia\u00e7\u00f5es e aprecia\u00e7\u00f5es pelo plen\u00e1rio resultaram em solu\u00e7\u00f5es que viabilizaram (i) a redu\u00e7\u00e3o significativa de multas edital\u00edcias e contratuais; (ii) a modifica\u00e7\u00e3o das datas de in\u00edcio e do fim da presta\u00e7\u00e3o dos servi\u00e7os; (iii) a modifica\u00e7\u00e3o de cl\u00e1usulas contratuais com a redu\u00e7\u00e3o \u2013 e at\u00e9 mesmo exclus\u00e3o \u2013 de gera\u00e7\u00e3o m\u00ednima obrigat\u00f3ria; (iv) o acr\u00e9scimo na receita fixa devida \u00e0 concession\u00e1ria; e (v) o encerramento definitivo de processos administrativos, arbitrais e judiciais suspensos pelos procedimentos.<\/p>\n\n\n\n<p>Nesse cen\u00e1rio, a atua\u00e7\u00e3o do tribunal aparenta ter dado enfoque \u00e0 diminui\u00e7\u00e3o da onerosidade aos consumidores, \u201cmas ponderando os interesses das contratadas, que possuem contratos perfeitos e vigentes, com justas expectativas de retorno financeiro junto a investidores e contratos de compra de g\u00e1s a honrar\u201d<a href=\"#_ftn1\" id=\"_ftnref1\">[1]<\/a>.<\/p>\n\n\n\n<p>Em rela\u00e7\u00e3o aos processos do setor ferrovi\u00e1rio, tamb\u00e9m foi apreciado procedimento que buscou alterar dispositivos contratuais, especificamente o caderno de obriga\u00e7\u00f5es estabelecido na prorroga\u00e7\u00e3o antecipada da concess\u00e3o (TC 000.853\/2023-2). No referido processo, o TCU concluiu que a manuten\u00e7\u00e3o compuls\u00f3ria das obriga\u00e7\u00f5es nos termos pactuados poderia resultar na realiza\u00e7\u00e3o de investimentos que n\u00e3o geram valor ou mesmo no descumprimento do contrato. Antecipou-se, assim, solu\u00e7\u00e3o para conflito que viria a se concretizar ao longo da execu\u00e7\u00e3o do contrato.<\/p>\n\n\n\n<p>Como resultado, as negocia\u00e7\u00f5es e aprecia\u00e7\u00f5es pelo Plen\u00e1rio resultaram em solu\u00e7\u00f5es que viabilizaram (i) a extens\u00e3o de prazo para cumprimento de obriga\u00e7\u00f5es; (ii) a substitui\u00e7\u00e3o de solu\u00e7\u00f5es previstas contratualmente; (iii) a previs\u00e3o de adicional de vantajosidade; e (iv) o acr\u00e9scimo \u00e0 outorga para os investimentos que n\u00e3o forem entregues nos prazos originalmente previstos.<\/p>\n\n\n\n<p>Por outro lado, o segundo processo referente ao setor (TC 000.855\/2023-5) abordou a elabora\u00e7\u00e3o de metodologia de c\u00e1lculo para devolu\u00e7\u00e3o de trechos ferrovi\u00e1rios espec\u00edficos, tendo em vista o reconhecimento de que o par\u00e2metro existente teria premissas consideradas inadequadas \u00e0 aplicabilidade no setor, impondo custos al\u00e9m da realidade de mercado.<\/p>\n\n\n\n<p>Quanto ao tema, as negocia\u00e7\u00f5es possibilitaram (i) a reformula\u00e7\u00e3o de par\u00e2metros excessivamente onerosos; (ii) a defini\u00e7\u00e3o de crit\u00e9rios mais objetivos para a avalia\u00e7\u00e3o dos bens a serem devolvidos; e (iii) a supress\u00e3o de itens considerados inadequados para o c\u00e1lculo. Por\u00e9m, cabe ressaltar que o Plen\u00e1rio imp\u00f4s como condicionantes \u00e0 aprova\u00e7\u00e3o do termo de autocomposi\u00e7\u00e3o (iv) a manuten\u00e7\u00e3o do BDI na composi\u00e7\u00e3o de custos; e (v) ado\u00e7\u00e3o de data base diferenciada para insumos que sofreram grande flutua\u00e7\u00e3o de valor, demandando novas negocia\u00e7\u00f5es para a celebra\u00e7\u00e3o do acordo.<\/p>\n\n\n\n<p>Analisados os procedimentos inaugurais de SSC no TCU, \u00e9 poss\u00edvel observar que as solu\u00e7\u00f5es adotadas possibilitaram n\u00e3o apenas ajustes em termos contratuais \u2013 inclusive no que se refere \u00e0 remunera\u00e7\u00e3o, \u00e0 vig\u00eancia e \u00e0s obriga\u00e7\u00f5es estabelecidas \u2013 como tamb\u00e9m a formula\u00e7\u00e3o de metodologia de c\u00e1lculo de indeniza\u00e7\u00e3o devida por concession\u00e1ria.<\/p>\n\n\n\n<p>As flexibiliza\u00e7\u00f5es de previs\u00f5es de \u00f4nus das concession\u00e1rias s\u00e3o claras, mas t\u00eam sido equilibradas por altera\u00e7\u00f5es vantajosas ao er\u00e1rio tutelado pelo TCU, sendo essa preocupa\u00e7\u00e3o pontuada de forma recorrente nas discuss\u00f5es do Plen\u00e1rio. Resta acompanhar nos pr\u00f3ximos anos o cumprimento e a efic\u00e1cia dos acordos celebrados junto ao Tribunal, assim como eventuais novos limites a serem tra\u00e7ados nas mesas de negocia\u00e7\u00e3o.<\/p>\n\n\n\n<hr class=\"wp-block-separator has-alpha-channel-opacity\"\/>\n\n\n\n<p><a href=\"#_ftnref1\" id=\"_ftn1\">[1]<\/a> Ac\u00f3rd\u00e3o n\u00ba 1797\/2023-TCU-Plen\u00e1rio, de relatoria do Ministro Benjamin Zymler, que apreciou o TC 006.252\/2023-0.<\/p>\n\n\n\n<h6 class=\"wp-block-heading\" id=\"block-f323f59b-51bf-4eed-b17b-3c7d3b917007\"><strong><strong>*Mariana Carvalho \u00e9 pesquisadora do Observat\u00f3rio do TCU da FGV (Funda\u00e7\u00e3o Getulio Vargas) Direito SP em parceria com a Sociedade Brasileira de Direito P\u00fablico, e advogada associada ao Piquet, Magaldi e Guedes Advogados, com atua\u00e7\u00e3o especialmente em contencioso administrativo perante tribunais de contas, administra\u00e7\u00e3o contratual e consultivo<\/strong>.<\/strong><\/h6>\n\n\n\n<h5 class=\"wp-block-heading\" id=\"block-5ef42db3-2ed1-4178-8ab5-7a7f312ba102\">As opini\u00f5es dos autores n\u00e3o refletem necessariamente o pensamento da Ag\u00eancia iNFRA, sendo de total responsabilidade do autor as informa\u00e7\u00f5es, ju\u00edzos de valor e conceitos descritos no texto.<\/h5>\n","protected":false},"excerpt":{"rendered":"<p>Mariana Carvalho* Finalizado o primeiro ano dos procedimentos de solu\u00e7\u00e3o consensual de controv\u00e9rsias no TCU (Tribunal de Contas da Uni\u00e3o) institu\u00eddos pela Instru\u00e7\u00e3o Normativa-TCU 91\/2022, os esfor\u00e7os do Tribunal para colocar em pr\u00e1tica essa iniciativa s\u00e3o evidentes. At\u00e9 o momento, quatro processos de SSC (Solicita\u00e7\u00e3o de Solu\u00e7\u00e3o Consensual) foram apreciados pelo plen\u00e1rio com propostas para [&hellip;]<\/p>\n","protected":false},"author":1,"featured_media":15329,"comment_status":"closed","ping_status":"closed","sticky":false,"template":"","format":"standard","meta":{"_monsterinsights_skip_tracking":false,"_monsterinsights_sitenote_active":false,"_monsterinsights_sitenote_note":"","_monsterinsights_sitenote_category":0,"footnotes":""},"categories":[1,11],"tags":[8239,8236,8237,3594,7836,8238,8240,8241,7423,6437,8243,8242,6660,7218,54,6379,7427,18,1033,927],"class_list":["post-15328","post","type-post","status-publish","format-standard","has-post-thumbnail","hentry","category-geral","category-infradebate","tag-afluencia-hidrica","tag-cer","tag-contatos","tag-contratos","tag-contratos-de-energia-de-reserva","tag-controversias","tag-empreendimento","tag-instrucao-normativa-tcu-91-2022","tag-mariana-carvalho","tag-operacao","tag-plenario","tag-procedimento-simplificado","tag-risco","tag-secexconsenso","tag-setor-eletrico","tag-solucao-consensual","tag-ssc","tag-tcu","tag-transporte-ferroviario","tag-tribunal-de-contas-da-uniao"],"yoast_head":"<!-- This site is optimized with the Yoast SEO Premium plugin v25.4 (Yoast SEO v26.0) - https:\/\/yoast.com\/wordpress\/plugins\/seo\/ -->\n<title>Encerra-se o primeiro ano das solu\u00e7\u00f5es consensuais no TCU - Ag\u00eancia iNFRA<\/title>\n<meta name=\"robots\" content=\"index, follow, max-snippet:-1, max-image-preview:large, max-video-preview:-1\" \/>\n<link rel=\"canonical\" href=\"https:\/\/agenciainfra.com\/blog\/encerra-se-o-primeiro-ano-das-solucoes-consensuais-no-tcu\/\" \/>\n<meta property=\"og:locale\" content=\"pt_BR\" \/>\n<meta property=\"og:type\" content=\"article\" \/>\n<meta property=\"og:title\" content=\"Encerra-se o primeiro ano das solu\u00e7\u00f5es consensuais no TCU\" \/>\n<meta property=\"og:description\" content=\"Mariana Carvalho* Finalizado o primeiro ano dos procedimentos de solu\u00e7\u00e3o consensual de controv\u00e9rsias no TCU (Tribunal de Contas da Uni\u00e3o) institu\u00eddos pela Instru\u00e7\u00e3o Normativa-TCU 91\/2022, os esfor\u00e7os do Tribunal para colocar em pr\u00e1tica essa iniciativa s\u00e3o evidentes. At\u00e9 o momento, quatro processos de SSC (Solicita\u00e7\u00e3o de Solu\u00e7\u00e3o Consensual) foram apreciados pelo plen\u00e1rio com propostas para [&hellip;]\" \/>\n<meta property=\"og:url\" content=\"https:\/\/agenciainfra.com\/blog\/encerra-se-o-primeiro-ano-das-solucoes-consensuais-no-tcu\/\" \/>\n<meta property=\"og:site_name\" content=\"Ag\u00eancia iNFRA\" \/>\n<meta property=\"article:publisher\" content=\"https:\/\/www.facebook.com\/ageninfra\" \/>\n<meta property=\"article:published_time\" content=\"2024-01-19T14:00:00+00:00\" \/>\n<meta property=\"article:modified_time\" content=\"2024-01-23T11:52:44+00:00\" \/>\n<meta property=\"og:image\" content=\"https:\/\/agenciainfra.com\/blog\/wp-content\/uploads\/2024\/01\/mariana-carvalho-foto-acervo-pessoal.jpg\" \/>\n\t<meta property=\"og:image:width\" content=\"1202\" \/>\n\t<meta property=\"og:image:height\" content=\"803\" \/>\n\t<meta property=\"og:image:type\" content=\"image\/jpeg\" \/>\n<meta name=\"author\" content=\"Ag\u00eancia iNFRA\" \/>\n<meta name=\"twitter:card\" content=\"summary_large_image\" \/>\n<meta name=\"twitter:creator\" content=\"@agencia_infra\" \/>\n<meta name=\"twitter:site\" content=\"@agencia_infra\" \/>\n<meta name=\"twitter:label1\" content=\"Escrito por\" \/>\n\t<meta name=\"twitter:data1\" content=\"Ag\u00eancia iNFRA\" \/>\n\t<meta name=\"twitter:label2\" content=\"Est. tempo de leitura\" \/>\n\t<meta name=\"twitter:data2\" content=\"5 minutos\" \/>\n<script type=\"application\/ld+json\" class=\"yoast-schema-graph\">{\"@context\":\"https:\/\/schema.org\",\"@graph\":[{\"@type\":\"Article\",\"@id\":\"https:\/\/agenciainfra.com\/blog\/encerra-se-o-primeiro-ano-das-solucoes-consensuais-no-tcu\/#article\",\"isPartOf\":{\"@id\":\"https:\/\/agenciainfra.com\/blog\/encerra-se-o-primeiro-ano-das-solucoes-consensuais-no-tcu\/\"},\"author\":{\"name\":\"Ag\u00eancia iNFRA\",\"@id\":\"https:\/\/agenciainfra.com\/blog\/#\/schema\/person\/34af08dff6adea4cb22b06612ba7acfa\"},\"headline\":\"Encerra-se o primeiro ano das solu\u00e7\u00f5es consensuais no TCU\",\"datePublished\":\"2024-01-19T14:00:00+00:00\",\"dateModified\":\"2024-01-23T11:52:44+00:00\",\"mainEntityOfPage\":{\"@id\":\"https:\/\/agenciainfra.com\/blog\/encerra-se-o-primeiro-ano-das-solucoes-consensuais-no-tcu\/\"},\"wordCount\":959,\"publisher\":{\"@id\":\"https:\/\/agenciainfra.com\/blog\/#organization\"},\"image\":{\"@id\":\"https:\/\/agenciainfra.com\/blog\/encerra-se-o-primeiro-ano-das-solucoes-consensuais-no-tcu\/#primaryimage\"},\"thumbnailUrl\":\"https:\/\/agenciainfra.com\/blog\/wp-content\/uploads\/2024\/01\/mariana-carvalho-foto-acervo-pessoal.jpg\",\"keywords\":[\"Aflu\u00eancia H\u00eddrica\",\"CER\",\"Contatos\",\"contratos\",\"Contratos de Energia de Reserva\",\"Controv\u00e9rsias\",\"Empreendimento\",\"Instru\u00e7\u00e3o Normativa-TCU 91\/2022\",\"Mariana Carvalho\",\"opera\u00e7\u00e3o\",\"Plen\u00e1rio\",\"Procedimento simplificado\",\"risco\",\"SecexConsenso\",\"Setor El\u00e9trico\",\"solu\u00e7\u00e3o consensual\",\"SSC\",\"TCU\",\"transporte ferrovi\u00e1rio\",\"Tribunal de Contas da Uni\u00e3o\"],\"articleSection\":[\"Geral\",\"iNFRADebate\"],\"inLanguage\":\"pt-BR\",\"copyrightYear\":\"2024\",\"copyrightHolder\":{\"@id\":\"https:\/\/agenciainfra.com\/blog\/#organization\"}},{\"@type\":\"WebPage\",\"@id\":\"https:\/\/agenciainfra.com\/blog\/encerra-se-o-primeiro-ano-das-solucoes-consensuais-no-tcu\/\",\"url\":\"https:\/\/agenciainfra.com\/blog\/encerra-se-o-primeiro-ano-das-solucoes-consensuais-no-tcu\/\",\"name\":\"Encerra-se o primeiro ano das solu\u00e7\u00f5es consensuais no TCU - Ag\u00eancia iNFRA\",\"isPartOf\":{\"@id\":\"https:\/\/agenciainfra.com\/blog\/#website\"},\"primaryImageOfPage\":{\"@id\":\"https:\/\/agenciainfra.com\/blog\/encerra-se-o-primeiro-ano-das-solucoes-consensuais-no-tcu\/#primaryimage\"},\"image\":{\"@id\":\"https:\/\/agenciainfra.com\/blog\/encerra-se-o-primeiro-ano-das-solucoes-consensuais-no-tcu\/#primaryimage\"},\"thumbnailUrl\":\"https:\/\/agenciainfra.com\/blog\/wp-content\/uploads\/2024\/01\/mariana-carvalho-foto-acervo-pessoal.jpg\",\"datePublished\":\"2024-01-19T14:00:00+00:00\",\"dateModified\":\"2024-01-23T11:52:44+00:00\",\"breadcrumb\":{\"@id\":\"https:\/\/agenciainfra.com\/blog\/encerra-se-o-primeiro-ano-das-solucoes-consensuais-no-tcu\/#breadcrumb\"},\"inLanguage\":\"pt-BR\",\"potentialAction\":[{\"@type\":\"ReadAction\",\"target\":[\"https:\/\/agenciainfra.com\/blog\/encerra-se-o-primeiro-ano-das-solucoes-consensuais-no-tcu\/\"]}]},{\"@type\":\"ImageObject\",\"inLanguage\":\"pt-BR\",\"@id\":\"https:\/\/agenciainfra.com\/blog\/encerra-se-o-primeiro-ano-das-solucoes-consensuais-no-tcu\/#primaryimage\",\"url\":\"https:\/\/agenciainfra.com\/blog\/wp-content\/uploads\/2024\/01\/mariana-carvalho-foto-acervo-pessoal.jpg\",\"contentUrl\":\"https:\/\/agenciainfra.com\/blog\/wp-content\/uploads\/2024\/01\/mariana-carvalho-foto-acervo-pessoal.jpg\",\"width\":1202,\"height\":803},{\"@type\":\"BreadcrumbList\",\"@id\":\"https:\/\/agenciainfra.com\/blog\/encerra-se-o-primeiro-ano-das-solucoes-consensuais-no-tcu\/#breadcrumb\",\"itemListElement\":[{\"@type\":\"ListItem\",\"position\":1,\"name\":\"In\u00edcio\",\"item\":\"https:\/\/agenciainfra.com\/blog\/\"},{\"@type\":\"ListItem\",\"position\":2,\"name\":\"Encerra-se o primeiro ano das solu\u00e7\u00f5es consensuais no TCU\"}]},{\"@type\":\"WebSite\",\"@id\":\"https:\/\/agenciainfra.com\/blog\/#website\",\"url\":\"https:\/\/agenciainfra.com\/blog\/\",\"name\":\"Ag\u00eancia iNFRA\",\"description\":\"Multiplataforma de informa\u00e7\u00e3o jornal\u00edstica refer\u00eancia na \u00e1rea de infraestrutura no Brasil!\",\"publisher\":{\"@id\":\"https:\/\/agenciainfra.com\/blog\/#organization\"},\"potentialAction\":[{\"@type\":\"SearchAction\",\"target\":{\"@type\":\"EntryPoint\",\"urlTemplate\":\"https:\/\/agenciainfra.com\/blog\/?s={search_term_string}\"},\"query-input\":{\"@type\":\"PropertyValueSpecification\",\"valueRequired\":true,\"valueName\":\"search_term_string\"}}],\"inLanguage\":\"pt-BR\"},{\"@type\":\"Organization\",\"@id\":\"https:\/\/agenciainfra.com\/blog\/#organization\",\"name\":\"Ag\u00eancia iNFRA\",\"url\":\"https:\/\/agenciainfra.com\/blog\/\",\"logo\":{\"@type\":\"ImageObject\",\"inLanguage\":\"pt-BR\",\"@id\":\"https:\/\/agenciainfra.com\/blog\/#\/schema\/logo\/image\/\",\"url\":\"https:\/\/agenciainfra.com\/blog\/wp-content\/uploads\/2023\/09\/iNFRA_5-e1761735885940.png\",\"contentUrl\":\"https:\/\/agenciainfra.com\/blog\/wp-content\/uploads\/2023\/09\/iNFRA_5-e1761735885940.png\",\"width\":1672,\"height\":454,\"caption\":\"Ag\u00eancia iNFRA\"},\"image\":{\"@id\":\"https:\/\/agenciainfra.com\/blog\/#\/schema\/logo\/image\/\"},\"sameAs\":[\"https:\/\/www.facebook.com\/ageninfra\",\"https:\/\/x.com\/agencia_infra\",\"https:\/\/www.linkedin.com\/company\/ag\u00eanciainfra\/\",\"https:\/\/www.instagram.com\/agenciainfra\/\"]},{\"@type\":\"Person\",\"@id\":\"https:\/\/agenciainfra.com\/blog\/#\/schema\/person\/34af08dff6adea4cb22b06612ba7acfa\",\"name\":\"Ag\u00eancia iNFRA\",\"image\":{\"@type\":\"ImageObject\",\"inLanguage\":\"pt-BR\",\"@id\":\"https:\/\/agenciainfra.com\/blog\/#\/schema\/person\/image\/\",\"url\":\"https:\/\/secure.gravatar.com\/avatar\/d189e01678f06d8eb84d4e01f08eb848b3fffe3f8443818d3c356c66892f5be8?s=96&d=mm&r=g\",\"contentUrl\":\"https:\/\/secure.gravatar.com\/avatar\/d189e01678f06d8eb84d4e01f08eb848b3fffe3f8443818d3c356c66892f5be8?s=96&d=mm&r=g\",\"caption\":\"Ag\u00eancia iNFRA\"},\"url\":\"https:\/\/agenciainfra.com\/blog\/author\/admin\/\"}]}<\/script>\n<!-- \/ Yoast SEO Premium plugin. -->","yoast_head_json":{"title":"Encerra-se o primeiro ano das solu\u00e7\u00f5es consensuais no TCU - Ag\u00eancia iNFRA","robots":{"index":"index","follow":"follow","max-snippet":"max-snippet:-1","max-image-preview":"max-image-preview:large","max-video-preview":"max-video-preview:-1"},"canonical":"https:\/\/agenciainfra.com\/blog\/encerra-se-o-primeiro-ano-das-solucoes-consensuais-no-tcu\/","og_locale":"pt_BR","og_type":"article","og_title":"Encerra-se o primeiro ano das solu\u00e7\u00f5es consensuais no TCU","og_description":"Mariana Carvalho* Finalizado o primeiro ano dos procedimentos de solu\u00e7\u00e3o consensual de controv\u00e9rsias no TCU (Tribunal de Contas da Uni\u00e3o) institu\u00eddos pela Instru\u00e7\u00e3o Normativa-TCU 91\/2022, os esfor\u00e7os do Tribunal para colocar em pr\u00e1tica essa iniciativa s\u00e3o evidentes. At\u00e9 o momento, quatro processos de SSC (Solicita\u00e7\u00e3o de Solu\u00e7\u00e3o Consensual) foram apreciados pelo plen\u00e1rio com propostas para [&hellip;]","og_url":"https:\/\/agenciainfra.com\/blog\/encerra-se-o-primeiro-ano-das-solucoes-consensuais-no-tcu\/","og_site_name":"Ag\u00eancia iNFRA","article_publisher":"https:\/\/www.facebook.com\/ageninfra","article_published_time":"2024-01-19T14:00:00+00:00","article_modified_time":"2024-01-23T11:52:44+00:00","og_image":[{"width":1202,"height":803,"url":"https:\/\/agenciainfra.com\/blog\/wp-content\/uploads\/2024\/01\/mariana-carvalho-foto-acervo-pessoal.jpg","type":"image\/jpeg"}],"author":"Ag\u00eancia iNFRA","twitter_card":"summary_large_image","twitter_creator":"@agencia_infra","twitter_site":"@agencia_infra","twitter_misc":{"Escrito por":"Ag\u00eancia iNFRA","Est. tempo de leitura":"5 minutos"},"schema":{"@context":"https:\/\/schema.org","@graph":[{"@type":"Article","@id":"https:\/\/agenciainfra.com\/blog\/encerra-se-o-primeiro-ano-das-solucoes-consensuais-no-tcu\/#article","isPartOf":{"@id":"https:\/\/agenciainfra.com\/blog\/encerra-se-o-primeiro-ano-das-solucoes-consensuais-no-tcu\/"},"author":{"name":"Ag\u00eancia iNFRA","@id":"https:\/\/agenciainfra.com\/blog\/#\/schema\/person\/34af08dff6adea4cb22b06612ba7acfa"},"headline":"Encerra-se o primeiro ano das solu\u00e7\u00f5es consensuais no TCU","datePublished":"2024-01-19T14:00:00+00:00","dateModified":"2024-01-23T11:52:44+00:00","mainEntityOfPage":{"@id":"https:\/\/agenciainfra.com\/blog\/encerra-se-o-primeiro-ano-das-solucoes-consensuais-no-tcu\/"},"wordCount":959,"publisher":{"@id":"https:\/\/agenciainfra.com\/blog\/#organization"},"image":{"@id":"https:\/\/agenciainfra.com\/blog\/encerra-se-o-primeiro-ano-das-solucoes-consensuais-no-tcu\/#primaryimage"},"thumbnailUrl":"https:\/\/agenciainfra.com\/blog\/wp-content\/uploads\/2024\/01\/mariana-carvalho-foto-acervo-pessoal.jpg","keywords":["Aflu\u00eancia H\u00eddrica","CER","Contatos","contratos","Contratos de Energia de Reserva","Controv\u00e9rsias","Empreendimento","Instru\u00e7\u00e3o Normativa-TCU 91\/2022","Mariana Carvalho","opera\u00e7\u00e3o","Plen\u00e1rio","Procedimento simplificado","risco","SecexConsenso","Setor El\u00e9trico","solu\u00e7\u00e3o consensual","SSC","TCU","transporte ferrovi\u00e1rio","Tribunal de Contas da Uni\u00e3o"],"articleSection":["Geral","iNFRADebate"],"inLanguage":"pt-BR","copyrightYear":"2024","copyrightHolder":{"@id":"https:\/\/agenciainfra.com\/blog\/#organization"}},{"@type":"WebPage","@id":"https:\/\/agenciainfra.com\/blog\/encerra-se-o-primeiro-ano-das-solucoes-consensuais-no-tcu\/","url":"https:\/\/agenciainfra.com\/blog\/encerra-se-o-primeiro-ano-das-solucoes-consensuais-no-tcu\/","name":"Encerra-se o primeiro ano das solu\u00e7\u00f5es consensuais no TCU - Ag\u00eancia iNFRA","isPartOf":{"@id":"https:\/\/agenciainfra.com\/blog\/#website"},"primaryImageOfPage":{"@id":"https:\/\/agenciainfra.com\/blog\/encerra-se-o-primeiro-ano-das-solucoes-consensuais-no-tcu\/#primaryimage"},"image":{"@id":"https:\/\/agenciainfra.com\/blog\/encerra-se-o-primeiro-ano-das-solucoes-consensuais-no-tcu\/#primaryimage"},"thumbnailUrl":"https:\/\/agenciainfra.com\/blog\/wp-content\/uploads\/2024\/01\/mariana-carvalho-foto-acervo-pessoal.jpg","datePublished":"2024-01-19T14:00:00+00:00","dateModified":"2024-01-23T11:52:44+00:00","breadcrumb":{"@id":"https:\/\/agenciainfra.com\/blog\/encerra-se-o-primeiro-ano-das-solucoes-consensuais-no-tcu\/#breadcrumb"},"inLanguage":"pt-BR","potentialAction":[{"@type":"ReadAction","target":["https:\/\/agenciainfra.com\/blog\/encerra-se-o-primeiro-ano-das-solucoes-consensuais-no-tcu\/"]}]},{"@type":"ImageObject","inLanguage":"pt-BR","@id":"https:\/\/agenciainfra.com\/blog\/encerra-se-o-primeiro-ano-das-solucoes-consensuais-no-tcu\/#primaryimage","url":"https:\/\/agenciainfra.com\/blog\/wp-content\/uploads\/2024\/01\/mariana-carvalho-foto-acervo-pessoal.jpg","contentUrl":"https:\/\/agenciainfra.com\/blog\/wp-content\/uploads\/2024\/01\/mariana-carvalho-foto-acervo-pessoal.jpg","width":1202,"height":803},{"@type":"BreadcrumbList","@id":"https:\/\/agenciainfra.com\/blog\/encerra-se-o-primeiro-ano-das-solucoes-consensuais-no-tcu\/#breadcrumb","itemListElement":[{"@type":"ListItem","position":1,"name":"In\u00edcio","item":"https:\/\/agenciainfra.com\/blog\/"},{"@type":"ListItem","position":2,"name":"Encerra-se o primeiro ano das solu\u00e7\u00f5es consensuais no TCU"}]},{"@type":"WebSite","@id":"https:\/\/agenciainfra.com\/blog\/#website","url":"https:\/\/agenciainfra.com\/blog\/","name":"Ag\u00eancia iNFRA","description":"Multiplataforma de informa\u00e7\u00e3o jornal\u00edstica refer\u00eancia na \u00e1rea de infraestrutura no Brasil!","publisher":{"@id":"https:\/\/agenciainfra.com\/blog\/#organization"},"potentialAction":[{"@type":"SearchAction","target":{"@type":"EntryPoint","urlTemplate":"https:\/\/agenciainfra.com\/blog\/?s={search_term_string}"},"query-input":{"@type":"PropertyValueSpecification","valueRequired":true,"valueName":"search_term_string"}}],"inLanguage":"pt-BR"},{"@type":"Organization","@id":"https:\/\/agenciainfra.com\/blog\/#organization","name":"Ag\u00eancia iNFRA","url":"https:\/\/agenciainfra.com\/blog\/","logo":{"@type":"ImageObject","inLanguage":"pt-BR","@id":"https:\/\/agenciainfra.com\/blog\/#\/schema\/logo\/image\/","url":"https:\/\/agenciainfra.com\/blog\/wp-content\/uploads\/2023\/09\/iNFRA_5-e1761735885940.png","contentUrl":"https:\/\/agenciainfra.com\/blog\/wp-content\/uploads\/2023\/09\/iNFRA_5-e1761735885940.png","width":1672,"height":454,"caption":"Ag\u00eancia iNFRA"},"image":{"@id":"https:\/\/agenciainfra.com\/blog\/#\/schema\/logo\/image\/"},"sameAs":["https:\/\/www.facebook.com\/ageninfra","https:\/\/x.com\/agencia_infra","https:\/\/www.linkedin.com\/company\/ag\u00eanciainfra\/","https:\/\/www.instagram.com\/agenciainfra\/"]},{"@type":"Person","@id":"https:\/\/agenciainfra.com\/blog\/#\/schema\/person\/34af08dff6adea4cb22b06612ba7acfa","name":"Ag\u00eancia iNFRA","image":{"@type":"ImageObject","inLanguage":"pt-BR","@id":"https:\/\/agenciainfra.com\/blog\/#\/schema\/person\/image\/","url":"https:\/\/secure.gravatar.com\/avatar\/d189e01678f06d8eb84d4e01f08eb848b3fffe3f8443818d3c356c66892f5be8?s=96&d=mm&r=g","contentUrl":"https:\/\/secure.gravatar.com\/avatar\/d189e01678f06d8eb84d4e01f08eb848b3fffe3f8443818d3c356c66892f5be8?s=96&d=mm&r=g","caption":"Ag\u00eancia iNFRA"},"url":"https:\/\/agenciainfra.com\/blog\/author\/admin\/"}]}},"_links":{"self":[{"href":"https:\/\/agenciainfra.com\/blog\/wp-json\/wp\/v2\/posts\/15328","targetHints":{"allow":["GET"]}}],"collection":[{"href":"https:\/\/agenciainfra.com\/blog\/wp-json\/wp\/v2\/posts"}],"about":[{"href":"https:\/\/agenciainfra.com\/blog\/wp-json\/wp\/v2\/types\/post"}],"author":[{"embeddable":true,"href":"https:\/\/agenciainfra.com\/blog\/wp-json\/wp\/v2\/users\/1"}],"replies":[{"embeddable":true,"href":"https:\/\/agenciainfra.com\/blog\/wp-json\/wp\/v2\/comments?post=15328"}],"version-history":[{"count":1,"href":"https:\/\/agenciainfra.com\/blog\/wp-json\/wp\/v2\/posts\/15328\/revisions"}],"predecessor-version":[{"id":15330,"href":"https:\/\/agenciainfra.com\/blog\/wp-json\/wp\/v2\/posts\/15328\/revisions\/15330"}],"wp:featuredmedia":[{"embeddable":true,"href":"https:\/\/agenciainfra.com\/blog\/wp-json\/wp\/v2\/media\/15329"}],"wp:attachment":[{"href":"https:\/\/agenciainfra.com\/blog\/wp-json\/wp\/v2\/media?parent=15328"}],"wp:term":[{"taxonomy":"category","embeddable":true,"href":"https:\/\/agenciainfra.com\/blog\/wp-json\/wp\/v2\/categories?post=15328"},{"taxonomy":"post_tag","embeddable":true,"href":"https:\/\/agenciainfra.com\/blog\/wp-json\/wp\/v2\/tags?post=15328"}],"curies":[{"name":"wp","href":"https:\/\/api.w.org\/{rel}","templated":true}]}}