{"id":15378,"date":"2024-01-23T12:00:00","date_gmt":"2024-01-23T15:00:00","guid":{"rendered":"https:\/\/www.agenciainfra.com\/blog\/?p=15378"},"modified":"2024-01-24T11:54:25","modified_gmt":"2024-01-24T14:54:25","slug":"sustentabilidade-e-setor-ferroviario","status":"publish","type":"post","link":"https:\/\/agenciainfra.com\/blog\/sustentabilidade-e-setor-ferroviario\/","title":{"rendered":"Sustentabilidade e setor ferrovi\u00e1rio"},"content":{"rendered":"\n<p class=\"has-text-align-right\"><strong>Fernanda Martinez Campos Cotecchia* e Raphaela Esperan\u00e7a Lepsch**<\/strong><\/p>\n\n\n\n<p>Em uma sociedade preocupada com o futuro do mundo, onde se evitam desperd\u00edcios e tenta-se reciclar sempre que poss\u00edvel, todas as mudan\u00e7as que visam a efici\u00eancia energ\u00e9tica e ecol\u00f3gica t\u00eam atra\u00eddo grande aten\u00e7\u00e3o mundial<\/p>\n\n\n\n<p>Os governos e institui\u00e7\u00f5es financeiras, brasileiras e estrangeiras, passaram a enrijecer a regula\u00e7\u00e3o ambiental e endossar o financiamento de projetos sustent\u00e1veis. O crescimento e interesse em um mundo mais sustent\u00e1vel \u00e9 um dos assuntos mais discutidos mundialmente. Se antes os trens eram sin\u00f4nimos da uma fase de industrializa\u00e7\u00e3o poluente, hoje o transporte ferrovi\u00e1rio est\u00e1 se tornando um dos grandes aliados de uma poss\u00edvel \u201crevolu\u00e7\u00e3o verde\u201d.<\/p>\n\n\n\n<p>Vale lembrar que mesmo uma locomotiva movida a \u00f3leo diesel \u00e9 consideravelmente menos poluente que qualquer um dos demais modais de transporte, tendo em vista a quantidade de carga \u2013 ou de pessoas \u2013 que um trem consegue transportar, muitas vezes em menos tempo, se consideramos fatores como o tr\u00e2nsito ou tempo de deslocamento entre aeroportos e o destino final.<\/p>\n\n\n\n<p>Diversos projetos de infraestrutura que visam a constru\u00e7\u00e3o e a expans\u00e3o de ferrovias t\u00eam buscado a obten\u00e7\u00e3o do Selo Verde emitido pela organiza\u00e7\u00e3o brit\u00e2nica sem fins lucrativos chamada <em>Climate Bond Initiative<\/em>. Nesse sentido, para que possa certificar que determinado produto ou servi\u00e7o esteja de acordo com os par\u00e2metros de sustentabilidade, \u00e9 analisado todo o processo produtivo do requerente do Selo Verde para que ele esteja apto a ser certificado como ecologicamente correto.<\/p>\n\n\n\n<p>No Brasil, existem tr\u00eas certificadores aprovados pela citada organiza\u00e7\u00e3o brit\u00e2nica. Assim que os documentos de certifica\u00e7\u00e3o est\u00e3o prontos, s\u00e3o submetidos \u00e0 organiza\u00e7\u00e3obrit\u00e2nicapara revis\u00e3o e aprova\u00e7\u00e3o.<\/p>\n\n\n\n<p>O Selo Verde \u00e9 de grande import\u00e2ncia para o setor ferrovi\u00e1rio, tendo em vista que \u00e9 capaz de atrair estruturas internacionais de apoio financeiro focadas em investimentos sustent\u00e1veis, como os <em>green bonds<\/em> (ou t\u00edtulos verdes \u2013 modalidades de investimento os quais levantam recursos para solu\u00e7\u00f5es que apresentam benef\u00edcios ambientais) para o seu desenvolvimento.<\/p>\n\n\n\n<p>Foi com esse intuito que, em 18 de setembro de 2023, o governo brasileiro anunciou, pela primeira vez, o oferecimento, no mercado financeiro internacional, de t\u00edtulos da d\u00edvida externa com crit\u00e9rios sustent\u00e1veis. Ou seja, uma modalidade de t\u00edtulos verdes.<\/p>\n\n\n\n<p>Com esses novos t\u00edtulos, comercializados inicialmente na bolsa de valores de Nova York, o governo pretende captar at\u00e9 US$ 2 bilh\u00f5es apenas nos Estados Unidos. O valor ser\u00e1 usado exclusivamente para financiar a\u00e7\u00f5es sustent\u00e1veis, como adaptar a ind\u00fastria brasileira a essa nova realidade de combate \u00e0s mudan\u00e7as clim\u00e1ticas.<\/p>\n\n\n\n<p>Existem ainda algumas maneiras de transformar o transporte ferrovi\u00e1rio mais ecol\u00f3gico, eficiente e apto para buscar certifica\u00e7\u00e3o do Selo Verde: a eletrifica\u00e7\u00e3o das ferrovias, locomotivas movidas \u00e0 bateria e utiliza\u00e7\u00e3o de biocombust\u00edvel.<\/p>\n\n\n\n<p><strong>Eletrifica\u00e7\u00e3o das Ferrovias<\/strong><br>De in\u00edcio, vale comentar o custo da energia el\u00e9trica \u00e9 menor do que o custo com o diesel e, tendo em vista que os custos com combust\u00edvel representam aproximadamente um ter\u00e7o do custo operacional de ferrovias, fica evidente o quanto isso \u00e9 relevante para o operador ferrovi\u00e1rio.<\/p>\n\n\n\n<p>A rede de energia el\u00e9trica \u00e9 abastecida por diversificadas fontes geradoras, de modo que o operador ferrovi\u00e1rio n\u00e3o ficar\u00e1 t\u00e3o exposto \u00e0s oscila\u00e7\u00f5es do pre\u00e7o do petr\u00f3leo. Tamb\u00e9m no tocante \u00e0 gera\u00e7\u00e3o de energia, ferrovias eletrificadas tem um grande potencial de gerar desenvolvimento regional, eis que \u00e9 necess\u00e1rio montar uma infraestrutura de gera\u00e7\u00e3o e distribui\u00e7\u00e3o de energia para servir a linha f\u00e9rrea.<\/p>\n\n\n\n<p>Contudo, nenhuma das ferrovias brasileiras possui infraestrutura para locomotivas el\u00e9tricas. A adapta\u00e7\u00e3o de ferrovias j\u00e1 existentes pode n\u00e3o ser economicamente vantajosa ou vi\u00e1vel.<\/p>\n\n\n\n<p><strong>Locomotivas movidas a Bateria<\/strong><br>As locomotivas movidas a bateria podem se dividir em duas subcategorias: as abastecidas por energia e as movidas a hidrog\u00eanio verde (H2V).<\/p>\n\n\n\n<p>A locomotiva \u00e0 bateria convencional n\u00e3o necessita de equipamentos especiais, e a rede ferrovi\u00e1ria tampouco exige adapta\u00e7\u00f5es. A realimenta\u00e7\u00e3o da bateria acontece pela conex\u00e3o de pant\u00f3grafos no teto dos vag\u00f5es com as caten\u00e1rias, que n\u00e3o precisam acompanhar todo o trajeto da linha f\u00e9rrea, j\u00e1 que o trem \u00e9 capaz de se movimentar com a energia armazenada nas baterias.<\/p>\n\n\n\n<p><strong>Utiliza\u00e7\u00e3o de biocombust\u00edvel<\/strong><br>Por se tratar de medidas que demandariam altos investimentos e pela urg\u00eancia da quest\u00e3o clim\u00e1tica, a solu\u00e7\u00e3o mais c\u00e9lere e menos custosa de se reduzir emiss\u00f5es seria por meio da utiliza\u00e7\u00e3o de biocombust\u00edveis. Dois exemplos desses combust\u00edveis s\u00e3o o biodiesel e \u00f3leo vegetal hidrotratado (HVO), tamb\u00e9m conhecido como diesel verde.<\/p>\n\n\n\n<p>Por outro lado, um dos poss\u00edveis impeditivos da expans\u00e3o do uso do biodiesel \u00e9 o seu pre\u00e7o, sendo maior que o do diesel f\u00f3ssil. Apesar disso, muitas empresas atuantes no setor ferrovi\u00e1rio t\u00eam aumentado a composi\u00e7\u00e3o do biodiesel utilizado em suas locomotivas em prol da redu\u00e7\u00e3o de suas emiss\u00f5es.<\/p>\n\n\n\n<p>N\u00e3o se pode esquecer que o setor de transporte \u00e9 respons\u00e1vel por uma parcela consider\u00e1vel das emiss\u00f5es de gases. No Brasil, o transporte de cargas responde por 7% da libera\u00e7\u00e3o de CO2 atualmente e, ao assinar o Acordo de Paris, o pa\u00eds assumiu compromisso de reduzir o volume de gases poluentes na pr\u00f3xima d\u00e9cada em 43%. Portanto, essa meta n\u00e3o poder\u00e1 ser cumprida sem que sejam feitas mudan\u00e7as na matriz nacional de transportes. Essas mudan\u00e7as j\u00e1 est\u00e3o sendo debatidas no exterior, a exemplo da Fran\u00e7a e da Alemanha.<\/p>\n\n\n\n<p>O aumento da malha ferrovi\u00e1ria j\u00e1 \u00e9 uma nova realidade brasileira e est\u00e1 em constante desenvolvimento, podendo passar a ser um modal mais sustent\u00e1vel.<\/p>\n\n\n\n<h6 class=\"wp-block-heading\" id=\"block-f323f59b-51bf-4eed-b17b-3c7d3b917007\"><strong><strong>*Fernanda Martinez Campos Cotecchia \u00e9 s\u00f3cia do Kincaid Mendes Vianna Advogados.<\/strong><\/strong><\/h6>\n\n\n\n<h6 class=\"wp-block-heading\" id=\"block-f323f59b-51bf-4eed-b17b-3c7d3b917007\"><strong><strong>**Raphaela Esperan\u00e7a Lepsch \u00e9 advogada do Kincaid Mendes Vianna Advogados<\/strong>.<\/strong><\/h6>\n\n\n\n<h5 class=\"wp-block-heading\" id=\"block-5ef42db3-2ed1-4178-8ab5-7a7f312ba102\">As opini\u00f5es dos autores n\u00e3o refletem necessariamente o pensamento da Ag\u00eancia iNFRA, sendo de total responsabilidade do autor as informa\u00e7\u00f5es, ju\u00edzos de valor e conceitos descritos no texto.<\/h5>\n","protected":false},"excerpt":{"rendered":"<p>Fernanda Martinez Campos Cotecchia* e Raphaela Esperan\u00e7a Lepsch** Em uma sociedade preocupada com o futuro do mundo, onde se evitam desperd\u00edcios e tenta-se reciclar sempre que poss\u00edvel, todas as mudan\u00e7as que visam a efici\u00eancia energ\u00e9tica e ecol\u00f3gica t\u00eam atra\u00eddo grande aten\u00e7\u00e3o mundial Os governos e institui\u00e7\u00f5es financeiras, brasileiras e estrangeiras, passaram a enrijecer a regula\u00e7\u00e3o [&hellip;]<\/p>\n","protected":false},"author":1,"featured_media":15379,"comment_status":"closed","ping_status":"closed","sticky":false,"template":"","format":"standard","meta":{"_monsterinsights_skip_tracking":false,"_monsterinsights_sitenote_active":false,"_monsterinsights_sitenote_note":"","_monsterinsights_sitenote_category":0,"footnotes":""},"categories":[1,11],"tags":[3424,2977,8285,8286,6163,8287,8289,4414,2601,8288,2804,6237,8290,2802,4924,4535,6506,34,5344,270,4401,8291,7127,8292,8293,8294,1573,2801,1033],"class_list":["post-15378","post","type-post","status-publish","format-standard","has-post-thumbnail","hentry","category-geral","category-infradebate","tag-acordo-de-paris","tag-biocombustivel","tag-certificacao","tag-climate-bond-initiative","tag-desenvolvimento-regional","tag-diesel-verde","tag-divida-externa","tag-efeito-estufa","tag-eficiencia-energetica","tag-eletrificacao-de-ferrovias","tag-energia-renovavel","tag-fernanda-martinez-campos-cotecchia","tag-gases","tag-green-bonds","tag-h2v","tag-hidrogenio-verde","tag-hvo","tag-infraestrutura","tag-locomotivas","tag-malha-ferroviaria","tag-mudancas-climaticas","tag-projetos-sustentaveis","tag-raphaela-esperanca-lepsch","tag-reciclagem","tag-revolucao-verde","tag-selo-verde","tag-sustentabilidade","tag-titulos-verdes","tag-transporte-ferroviario"],"yoast_head":"<!-- This site is optimized with the Yoast SEO Premium plugin v25.4 (Yoast SEO v26.0) - https:\/\/yoast.com\/wordpress\/plugins\/seo\/ -->\n<title>Sustentabilidade e setor ferrovi\u00e1rio - Ag\u00eancia iNFRA<\/title>\n<meta name=\"robots\" content=\"index, follow, max-snippet:-1, max-image-preview:large, max-video-preview:-1\" \/>\n<link rel=\"canonical\" href=\"https:\/\/agenciainfra.com\/blog\/sustentabilidade-e-setor-ferroviario\/\" \/>\n<meta property=\"og:locale\" content=\"pt_BR\" \/>\n<meta property=\"og:type\" content=\"article\" \/>\n<meta property=\"og:title\" content=\"Sustentabilidade e setor ferrovi\u00e1rio\" \/>\n<meta property=\"og:description\" content=\"Fernanda Martinez Campos Cotecchia* e Raphaela Esperan\u00e7a Lepsch** Em uma sociedade preocupada com o futuro do mundo, onde se evitam desperd\u00edcios e tenta-se reciclar sempre que poss\u00edvel, todas as mudan\u00e7as que visam a efici\u00eancia energ\u00e9tica e ecol\u00f3gica t\u00eam atra\u00eddo grande aten\u00e7\u00e3o mundial Os governos e institui\u00e7\u00f5es financeiras, brasileiras e estrangeiras, passaram a enrijecer a regula\u00e7\u00e3o [&hellip;]\" \/>\n<meta property=\"og:url\" content=\"https:\/\/agenciainfra.com\/blog\/sustentabilidade-e-setor-ferroviario\/\" \/>\n<meta property=\"og:site_name\" content=\"Ag\u00eancia iNFRA\" \/>\n<meta property=\"article:publisher\" content=\"https:\/\/www.facebook.com\/ageninfra\" \/>\n<meta property=\"article:published_time\" content=\"2024-01-23T15:00:00+00:00\" \/>\n<meta property=\"article:modified_time\" content=\"2024-01-24T14:54:25+00:00\" \/>\n<meta property=\"og:image\" content=\"https:\/\/agenciainfra.com\/blog\/wp-content\/uploads\/2024\/01\/montagem-fernanda-raphaela-foto-acervo-pessoal.jpeg\" \/>\n\t<meta property=\"og:image:width\" content=\"1202\" \/>\n\t<meta property=\"og:image:height\" content=\"801\" \/>\n\t<meta property=\"og:image:type\" content=\"image\/jpeg\" \/>\n<meta name=\"author\" content=\"Ag\u00eancia iNFRA\" \/>\n<meta name=\"twitter:card\" content=\"summary_large_image\" \/>\n<meta name=\"twitter:creator\" content=\"@agencia_infra\" \/>\n<meta name=\"twitter:site\" content=\"@agencia_infra\" \/>\n<meta name=\"twitter:label1\" content=\"Escrito por\" \/>\n\t<meta name=\"twitter:data1\" content=\"Ag\u00eancia iNFRA\" \/>\n\t<meta name=\"twitter:label2\" content=\"Est. tempo de leitura\" \/>\n\t<meta name=\"twitter:data2\" content=\"5 minutos\" \/>\n<script type=\"application\/ld+json\" class=\"yoast-schema-graph\">{\"@context\":\"https:\/\/schema.org\",\"@graph\":[{\"@type\":\"Article\",\"@id\":\"https:\/\/agenciainfra.com\/blog\/sustentabilidade-e-setor-ferroviario\/#article\",\"isPartOf\":{\"@id\":\"https:\/\/agenciainfra.com\/blog\/sustentabilidade-e-setor-ferroviario\/\"},\"author\":{\"name\":\"Ag\u00eancia iNFRA\",\"@id\":\"https:\/\/agenciainfra.com\/blog\/#\/schema\/person\/34af08dff6adea4cb22b06612ba7acfa\"},\"headline\":\"Sustentabilidade e setor ferrovi\u00e1rio\",\"datePublished\":\"2024-01-23T15:00:00+00:00\",\"dateModified\":\"2024-01-24T14:54:25+00:00\",\"mainEntityOfPage\":{\"@id\":\"https:\/\/agenciainfra.com\/blog\/sustentabilidade-e-setor-ferroviario\/\"},\"wordCount\":1037,\"publisher\":{\"@id\":\"https:\/\/agenciainfra.com\/blog\/#organization\"},\"image\":{\"@id\":\"https:\/\/agenciainfra.com\/blog\/sustentabilidade-e-setor-ferroviario\/#primaryimage\"},\"thumbnailUrl\":\"https:\/\/agenciainfra.com\/blog\/wp-content\/uploads\/2024\/01\/montagem-fernanda-raphaela-foto-acervo-pessoal.jpeg\",\"keywords\":[\"Acordo de Paris\",\"biocombust\u00edvel\",\"Certifica\u00e7\u00e3o\",\"Climate Bond Initiative\",\"desenvolvimento regional\",\"Diesel Verde\",\"D\u00edvida Externa\",\"efeito estufa\",\"Efici\u00eancia Energ\u00e9tica\",\"Eletrifica\u00e7\u00e3o de Ferrovias\",\"energia renov\u00e1vel\",\"Fernanda Martinez Campos Cotecchia\",\"Gases\",\"green bonds\",\"H2V\",\"hidrog\u00eanio verde\",\"HVO\",\"Infraestrutura\",\"locomotivas\",\"malha ferrovi\u00e1ria\",\"mudan\u00e7as clim\u00e1ticas\",\"Projetos Sustent\u00e1veis\",\"Raphaela Esperan\u00e7a Lepsch\",\"Reciclagem\",\"Revolu\u00e7\u00e3o Verde\",\"Selo Verde\",\"sustentabilidade\",\"t\u00edtulos verdes\",\"transporte ferrovi\u00e1rio\"],\"articleSection\":[\"Geral\",\"iNFRADebate\"],\"inLanguage\":\"pt-BR\",\"copyrightYear\":\"2024\",\"copyrightHolder\":{\"@id\":\"https:\/\/agenciainfra.com\/blog\/#organization\"}},{\"@type\":\"WebPage\",\"@id\":\"https:\/\/agenciainfra.com\/blog\/sustentabilidade-e-setor-ferroviario\/\",\"url\":\"https:\/\/agenciainfra.com\/blog\/sustentabilidade-e-setor-ferroviario\/\",\"name\":\"Sustentabilidade e setor ferrovi\u00e1rio - Ag\u00eancia iNFRA\",\"isPartOf\":{\"@id\":\"https:\/\/agenciainfra.com\/blog\/#website\"},\"primaryImageOfPage\":{\"@id\":\"https:\/\/agenciainfra.com\/blog\/sustentabilidade-e-setor-ferroviario\/#primaryimage\"},\"image\":{\"@id\":\"https:\/\/agenciainfra.com\/blog\/sustentabilidade-e-setor-ferroviario\/#primaryimage\"},\"thumbnailUrl\":\"https:\/\/agenciainfra.com\/blog\/wp-content\/uploads\/2024\/01\/montagem-fernanda-raphaela-foto-acervo-pessoal.jpeg\",\"datePublished\":\"2024-01-23T15:00:00+00:00\",\"dateModified\":\"2024-01-24T14:54:25+00:00\",\"breadcrumb\":{\"@id\":\"https:\/\/agenciainfra.com\/blog\/sustentabilidade-e-setor-ferroviario\/#breadcrumb\"},\"inLanguage\":\"pt-BR\",\"potentialAction\":[{\"@type\":\"ReadAction\",\"target\":[\"https:\/\/agenciainfra.com\/blog\/sustentabilidade-e-setor-ferroviario\/\"]}]},{\"@type\":\"ImageObject\",\"inLanguage\":\"pt-BR\",\"@id\":\"https:\/\/agenciainfra.com\/blog\/sustentabilidade-e-setor-ferroviario\/#primaryimage\",\"url\":\"https:\/\/agenciainfra.com\/blog\/wp-content\/uploads\/2024\/01\/montagem-fernanda-raphaela-foto-acervo-pessoal.jpeg\",\"contentUrl\":\"https:\/\/agenciainfra.com\/blog\/wp-content\/uploads\/2024\/01\/montagem-fernanda-raphaela-foto-acervo-pessoal.jpeg\",\"width\":1202,\"height\":801},{\"@type\":\"BreadcrumbList\",\"@id\":\"https:\/\/agenciainfra.com\/blog\/sustentabilidade-e-setor-ferroviario\/#breadcrumb\",\"itemListElement\":[{\"@type\":\"ListItem\",\"position\":1,\"name\":\"In\u00edcio\",\"item\":\"https:\/\/agenciainfra.com\/blog\/\"},{\"@type\":\"ListItem\",\"position\":2,\"name\":\"Sustentabilidade e setor ferrovi\u00e1rio\"}]},{\"@type\":\"WebSite\",\"@id\":\"https:\/\/agenciainfra.com\/blog\/#website\",\"url\":\"https:\/\/agenciainfra.com\/blog\/\",\"name\":\"Ag\u00eancia iNFRA\",\"description\":\"Multiplataforma de informa\u00e7\u00e3o jornal\u00edstica refer\u00eancia na \u00e1rea de infraestrutura no Brasil!\",\"publisher\":{\"@id\":\"https:\/\/agenciainfra.com\/blog\/#organization\"},\"potentialAction\":[{\"@type\":\"SearchAction\",\"target\":{\"@type\":\"EntryPoint\",\"urlTemplate\":\"https:\/\/agenciainfra.com\/blog\/?s={search_term_string}\"},\"query-input\":{\"@type\":\"PropertyValueSpecification\",\"valueRequired\":true,\"valueName\":\"search_term_string\"}}],\"inLanguage\":\"pt-BR\"},{\"@type\":\"Organization\",\"@id\":\"https:\/\/agenciainfra.com\/blog\/#organization\",\"name\":\"Ag\u00eancia iNFRA\",\"url\":\"https:\/\/agenciainfra.com\/blog\/\",\"logo\":{\"@type\":\"ImageObject\",\"inLanguage\":\"pt-BR\",\"@id\":\"https:\/\/agenciainfra.com\/blog\/#\/schema\/logo\/image\/\",\"url\":\"https:\/\/agenciainfra.com\/blog\/wp-content\/uploads\/2023\/09\/iNFRA_5-e1761735885940.png\",\"contentUrl\":\"https:\/\/agenciainfra.com\/blog\/wp-content\/uploads\/2023\/09\/iNFRA_5-e1761735885940.png\",\"width\":1672,\"height\":454,\"caption\":\"Ag\u00eancia iNFRA\"},\"image\":{\"@id\":\"https:\/\/agenciainfra.com\/blog\/#\/schema\/logo\/image\/\"},\"sameAs\":[\"https:\/\/www.facebook.com\/ageninfra\",\"https:\/\/x.com\/agencia_infra\",\"https:\/\/www.linkedin.com\/company\/ag\u00eanciainfra\/\",\"https:\/\/www.instagram.com\/agenciainfra\/\"]},{\"@type\":\"Person\",\"@id\":\"https:\/\/agenciainfra.com\/blog\/#\/schema\/person\/34af08dff6adea4cb22b06612ba7acfa\",\"name\":\"Ag\u00eancia iNFRA\",\"image\":{\"@type\":\"ImageObject\",\"inLanguage\":\"pt-BR\",\"@id\":\"https:\/\/agenciainfra.com\/blog\/#\/schema\/person\/image\/\",\"url\":\"https:\/\/secure.gravatar.com\/avatar\/d189e01678f06d8eb84d4e01f08eb848b3fffe3f8443818d3c356c66892f5be8?s=96&d=mm&r=g\",\"contentUrl\":\"https:\/\/secure.gravatar.com\/avatar\/d189e01678f06d8eb84d4e01f08eb848b3fffe3f8443818d3c356c66892f5be8?s=96&d=mm&r=g\",\"caption\":\"Ag\u00eancia iNFRA\"},\"url\":\"https:\/\/agenciainfra.com\/blog\/author\/admin\/\"}]}<\/script>\n<!-- \/ Yoast SEO Premium plugin. -->","yoast_head_json":{"title":"Sustentabilidade e setor ferrovi\u00e1rio - Ag\u00eancia iNFRA","robots":{"index":"index","follow":"follow","max-snippet":"max-snippet:-1","max-image-preview":"max-image-preview:large","max-video-preview":"max-video-preview:-1"},"canonical":"https:\/\/agenciainfra.com\/blog\/sustentabilidade-e-setor-ferroviario\/","og_locale":"pt_BR","og_type":"article","og_title":"Sustentabilidade e setor ferrovi\u00e1rio","og_description":"Fernanda Martinez Campos Cotecchia* e Raphaela Esperan\u00e7a Lepsch** Em uma sociedade preocupada com o futuro do mundo, onde se evitam desperd\u00edcios e tenta-se reciclar sempre que poss\u00edvel, todas as mudan\u00e7as que visam a efici\u00eancia energ\u00e9tica e ecol\u00f3gica t\u00eam atra\u00eddo grande aten\u00e7\u00e3o mundial Os governos e institui\u00e7\u00f5es financeiras, brasileiras e estrangeiras, passaram a enrijecer a regula\u00e7\u00e3o [&hellip;]","og_url":"https:\/\/agenciainfra.com\/blog\/sustentabilidade-e-setor-ferroviario\/","og_site_name":"Ag\u00eancia iNFRA","article_publisher":"https:\/\/www.facebook.com\/ageninfra","article_published_time":"2024-01-23T15:00:00+00:00","article_modified_time":"2024-01-24T14:54:25+00:00","og_image":[{"width":1202,"height":801,"url":"https:\/\/agenciainfra.com\/blog\/wp-content\/uploads\/2024\/01\/montagem-fernanda-raphaela-foto-acervo-pessoal.jpeg","type":"image\/jpeg"}],"author":"Ag\u00eancia iNFRA","twitter_card":"summary_large_image","twitter_creator":"@agencia_infra","twitter_site":"@agencia_infra","twitter_misc":{"Escrito por":"Ag\u00eancia iNFRA","Est. tempo de leitura":"5 minutos"},"schema":{"@context":"https:\/\/schema.org","@graph":[{"@type":"Article","@id":"https:\/\/agenciainfra.com\/blog\/sustentabilidade-e-setor-ferroviario\/#article","isPartOf":{"@id":"https:\/\/agenciainfra.com\/blog\/sustentabilidade-e-setor-ferroviario\/"},"author":{"name":"Ag\u00eancia iNFRA","@id":"https:\/\/agenciainfra.com\/blog\/#\/schema\/person\/34af08dff6adea4cb22b06612ba7acfa"},"headline":"Sustentabilidade e setor ferrovi\u00e1rio","datePublished":"2024-01-23T15:00:00+00:00","dateModified":"2024-01-24T14:54:25+00:00","mainEntityOfPage":{"@id":"https:\/\/agenciainfra.com\/blog\/sustentabilidade-e-setor-ferroviario\/"},"wordCount":1037,"publisher":{"@id":"https:\/\/agenciainfra.com\/blog\/#organization"},"image":{"@id":"https:\/\/agenciainfra.com\/blog\/sustentabilidade-e-setor-ferroviario\/#primaryimage"},"thumbnailUrl":"https:\/\/agenciainfra.com\/blog\/wp-content\/uploads\/2024\/01\/montagem-fernanda-raphaela-foto-acervo-pessoal.jpeg","keywords":["Acordo de Paris","biocombust\u00edvel","Certifica\u00e7\u00e3o","Climate Bond Initiative","desenvolvimento regional","Diesel Verde","D\u00edvida Externa","efeito estufa","Efici\u00eancia Energ\u00e9tica","Eletrifica\u00e7\u00e3o de Ferrovias","energia renov\u00e1vel","Fernanda Martinez Campos Cotecchia","Gases","green bonds","H2V","hidrog\u00eanio verde","HVO","Infraestrutura","locomotivas","malha ferrovi\u00e1ria","mudan\u00e7as clim\u00e1ticas","Projetos Sustent\u00e1veis","Raphaela Esperan\u00e7a Lepsch","Reciclagem","Revolu\u00e7\u00e3o Verde","Selo Verde","sustentabilidade","t\u00edtulos verdes","transporte ferrovi\u00e1rio"],"articleSection":["Geral","iNFRADebate"],"inLanguage":"pt-BR","copyrightYear":"2024","copyrightHolder":{"@id":"https:\/\/agenciainfra.com\/blog\/#organization"}},{"@type":"WebPage","@id":"https:\/\/agenciainfra.com\/blog\/sustentabilidade-e-setor-ferroviario\/","url":"https:\/\/agenciainfra.com\/blog\/sustentabilidade-e-setor-ferroviario\/","name":"Sustentabilidade e setor ferrovi\u00e1rio - Ag\u00eancia iNFRA","isPartOf":{"@id":"https:\/\/agenciainfra.com\/blog\/#website"},"primaryImageOfPage":{"@id":"https:\/\/agenciainfra.com\/blog\/sustentabilidade-e-setor-ferroviario\/#primaryimage"},"image":{"@id":"https:\/\/agenciainfra.com\/blog\/sustentabilidade-e-setor-ferroviario\/#primaryimage"},"thumbnailUrl":"https:\/\/agenciainfra.com\/blog\/wp-content\/uploads\/2024\/01\/montagem-fernanda-raphaela-foto-acervo-pessoal.jpeg","datePublished":"2024-01-23T15:00:00+00:00","dateModified":"2024-01-24T14:54:25+00:00","breadcrumb":{"@id":"https:\/\/agenciainfra.com\/blog\/sustentabilidade-e-setor-ferroviario\/#breadcrumb"},"inLanguage":"pt-BR","potentialAction":[{"@type":"ReadAction","target":["https:\/\/agenciainfra.com\/blog\/sustentabilidade-e-setor-ferroviario\/"]}]},{"@type":"ImageObject","inLanguage":"pt-BR","@id":"https:\/\/agenciainfra.com\/blog\/sustentabilidade-e-setor-ferroviario\/#primaryimage","url":"https:\/\/agenciainfra.com\/blog\/wp-content\/uploads\/2024\/01\/montagem-fernanda-raphaela-foto-acervo-pessoal.jpeg","contentUrl":"https:\/\/agenciainfra.com\/blog\/wp-content\/uploads\/2024\/01\/montagem-fernanda-raphaela-foto-acervo-pessoal.jpeg","width":1202,"height":801},{"@type":"BreadcrumbList","@id":"https:\/\/agenciainfra.com\/blog\/sustentabilidade-e-setor-ferroviario\/#breadcrumb","itemListElement":[{"@type":"ListItem","position":1,"name":"In\u00edcio","item":"https:\/\/agenciainfra.com\/blog\/"},{"@type":"ListItem","position":2,"name":"Sustentabilidade e setor ferrovi\u00e1rio"}]},{"@type":"WebSite","@id":"https:\/\/agenciainfra.com\/blog\/#website","url":"https:\/\/agenciainfra.com\/blog\/","name":"Ag\u00eancia iNFRA","description":"Multiplataforma de informa\u00e7\u00e3o jornal\u00edstica refer\u00eancia na \u00e1rea de infraestrutura no Brasil!","publisher":{"@id":"https:\/\/agenciainfra.com\/blog\/#organization"},"potentialAction":[{"@type":"SearchAction","target":{"@type":"EntryPoint","urlTemplate":"https:\/\/agenciainfra.com\/blog\/?s={search_term_string}"},"query-input":{"@type":"PropertyValueSpecification","valueRequired":true,"valueName":"search_term_string"}}],"inLanguage":"pt-BR"},{"@type":"Organization","@id":"https:\/\/agenciainfra.com\/blog\/#organization","name":"Ag\u00eancia iNFRA","url":"https:\/\/agenciainfra.com\/blog\/","logo":{"@type":"ImageObject","inLanguage":"pt-BR","@id":"https:\/\/agenciainfra.com\/blog\/#\/schema\/logo\/image\/","url":"https:\/\/agenciainfra.com\/blog\/wp-content\/uploads\/2023\/09\/iNFRA_5-e1761735885940.png","contentUrl":"https:\/\/agenciainfra.com\/blog\/wp-content\/uploads\/2023\/09\/iNFRA_5-e1761735885940.png","width":1672,"height":454,"caption":"Ag\u00eancia iNFRA"},"image":{"@id":"https:\/\/agenciainfra.com\/blog\/#\/schema\/logo\/image\/"},"sameAs":["https:\/\/www.facebook.com\/ageninfra","https:\/\/x.com\/agencia_infra","https:\/\/www.linkedin.com\/company\/ag\u00eanciainfra\/","https:\/\/www.instagram.com\/agenciainfra\/"]},{"@type":"Person","@id":"https:\/\/agenciainfra.com\/blog\/#\/schema\/person\/34af08dff6adea4cb22b06612ba7acfa","name":"Ag\u00eancia iNFRA","image":{"@type":"ImageObject","inLanguage":"pt-BR","@id":"https:\/\/agenciainfra.com\/blog\/#\/schema\/person\/image\/","url":"https:\/\/secure.gravatar.com\/avatar\/d189e01678f06d8eb84d4e01f08eb848b3fffe3f8443818d3c356c66892f5be8?s=96&d=mm&r=g","contentUrl":"https:\/\/secure.gravatar.com\/avatar\/d189e01678f06d8eb84d4e01f08eb848b3fffe3f8443818d3c356c66892f5be8?s=96&d=mm&r=g","caption":"Ag\u00eancia iNFRA"},"url":"https:\/\/agenciainfra.com\/blog\/author\/admin\/"}]}},"_links":{"self":[{"href":"https:\/\/agenciainfra.com\/blog\/wp-json\/wp\/v2\/posts\/15378","targetHints":{"allow":["GET"]}}],"collection":[{"href":"https:\/\/agenciainfra.com\/blog\/wp-json\/wp\/v2\/posts"}],"about":[{"href":"https:\/\/agenciainfra.com\/blog\/wp-json\/wp\/v2\/types\/post"}],"author":[{"embeddable":true,"href":"https:\/\/agenciainfra.com\/blog\/wp-json\/wp\/v2\/users\/1"}],"replies":[{"embeddable":true,"href":"https:\/\/agenciainfra.com\/blog\/wp-json\/wp\/v2\/comments?post=15378"}],"version-history":[{"count":1,"href":"https:\/\/agenciainfra.com\/blog\/wp-json\/wp\/v2\/posts\/15378\/revisions"}],"predecessor-version":[{"id":15380,"href":"https:\/\/agenciainfra.com\/blog\/wp-json\/wp\/v2\/posts\/15378\/revisions\/15380"}],"wp:featuredmedia":[{"embeddable":true,"href":"https:\/\/agenciainfra.com\/blog\/wp-json\/wp\/v2\/media\/15379"}],"wp:attachment":[{"href":"https:\/\/agenciainfra.com\/blog\/wp-json\/wp\/v2\/media?parent=15378"}],"wp:term":[{"taxonomy":"category","embeddable":true,"href":"https:\/\/agenciainfra.com\/blog\/wp-json\/wp\/v2\/categories?post=15378"},{"taxonomy":"post_tag","embeddable":true,"href":"https:\/\/agenciainfra.com\/blog\/wp-json\/wp\/v2\/tags?post=15378"}],"curies":[{"name":"wp","href":"https:\/\/api.w.org\/{rel}","templated":true}]}}