{"id":15383,"date":"2024-01-24T10:00:00","date_gmt":"2024-01-24T13:00:00","guid":{"rendered":"https:\/\/www.agenciainfra.com\/blog\/?p=15383"},"modified":"2026-03-13T09:42:56","modified_gmt":"2026-03-13T12:42:56","slug":"diretoria-da-aneel-acirra-divisao-apos-saida-de-efrain-cruz-do-mme","status":"publish","type":"post","link":"https:\/\/agenciainfra.com\/blog\/diretoria-da-aneel-acirra-divisao-apos-saida-de-efrain-cruz-do-mme\/","title":{"rendered":"Diretoria da ANEEL acirra divis\u00e3o ap\u00f3s sa\u00edda de Efrain Cruz do MME"},"content":{"rendered":"\n<p class=\"has-text-align-right\"><strong>Marisa Wanzeller e Leila Coimbra,&nbsp;da&nbsp;Ag\u00eancia iNFRA<\/strong><\/p>\n\n\n\n<p>A primeira reuni\u00e3o ordin\u00e1ria de&nbsp;diretoria&nbsp;da&nbsp;ANEEL&nbsp;(Ag\u00eancia Nacional de Energia El\u00e9trica) de 2024, nesta ter\u00e7a-feira (23), foi marcada por mais um embate entre os diretores, expondo novamente a&nbsp;divis\u00e3o&nbsp;pol\u00edtica que permeia o colegiado. Foi a primeira vez que o grupo&nbsp;se reuniu depois&nbsp;da&nbsp;sa\u00edda&nbsp;de&nbsp;Efrain&nbsp;Cruz&nbsp;\u2013 que possui grande influ\u00eancia na ag\u00eancia \u2013&nbsp;da&nbsp;Secretaria-Executiva&nbsp;do&nbsp;Minist\u00e9rio de Minas e Energia, exonerado&nbsp;do&nbsp;cargo em 11 de janeiro.<br><br>\u00c9 de conhecimento p\u00fablico que&nbsp;Efrain&nbsp;disputou com Sandoval Feitosa o cargo de DG (Diretor-Geral)&nbsp;da&nbsp;ANEEL, em 2022. Feitosa levou a melhor e hoje est\u00e1 na cadeira de DG, mas o grupo pol\u00edtico de&nbsp;Efrain, ligado ao senador Marcos Rog\u00e9rio (PL-RO), conseguiu, na ocasi\u00e3o, emplacar dois diretores: Fernando Mosna e Ricardo Tili.<br><br><strong>Vota\u00e7\u00f5es: 3 a 2<\/strong><br>Muitos processos na&nbsp;ANEEL&nbsp;acabam com vota\u00e7\u00f5es divididas, onde normalmente a diretora Agnes Costa acompanha o diretor-geral.&nbsp;J\u00e1&nbsp;Ricardo Tili e Fernando Mosna fazem oposi\u00e7\u00e3o aos&nbsp;dois primeiros. O voto de minerva,&nbsp;do&nbsp;diretor H\u00e9lvio Guerra, costuma pender para o lado Tili\/Mosna, grupo ligado ao ex-secret\u00e1rio-executivo.<br><br><strong>Tarifas em Roraima<\/strong><br>Desta vez o cerne&nbsp;da&nbsp;discuss\u00e3o entre os diretores foi o processo de RTP (Revis\u00e3o Tarif\u00e1ria Peri\u00f3dica)&nbsp;da&nbsp;Roraima Energia. Al\u00e9m&nbsp;do&nbsp;voto original,&nbsp;da&nbsp;diretora Agnes Costa, os diretores Ricardo Tili e Fernando Mosna apresentaram entendimentos diferentes sobre a mat\u00e9ria.<br>&nbsp;<br>As diverg\u00eancias se deram sobre os limites de perdas n\u00e3o t\u00e9cnicas a serem aplicados e sobre a flexibiliza\u00e7\u00e3o dos custos operacionais&nbsp;da&nbsp;distribuidora. Os pleitos&nbsp;da&nbsp;Roraima Energia referentes a tais temas n\u00e3o foram acatados pela relatora.<br>&nbsp;<br>Sobre perdas, a empresa solicitou ajuste na defini\u00e7\u00e3o&nbsp;do&nbsp;ponto de partida para os limites&nbsp;do&nbsp;pr\u00f3ximo ciclo, em decis\u00e3o, segundo a companhia, an\u00e1loga \u00e0 proferida para a Energisa Rond\u00f4nia. Segundo a diretora, contudo, a &#8220;proposta n\u00e3o encontra respaldo na regula\u00e7\u00e3o, e tampouco pleito similar foi acatado no processo de revis\u00e3o tarif\u00e1ria Energisa Rond\u00f4nia\u201d.<br>&nbsp;<br>Quanto aos custos operacionais, a representante&nbsp;da&nbsp;Roraima Energia, Evelyn Mendes Reis, alegou que a metodologia utilizada para o c\u00e1lculo reconhece um saldo remanescente&nbsp;da&nbsp;retirada&nbsp;da&nbsp;flexibiliza\u00e7\u00e3o, de R$ 57 milh\u00f5es, &#8220;como insuficiente para as opera\u00e7\u00f5es&nbsp;da&nbsp;distribuidora&#8221;. No entanto, a relatora responde que o pedido&nbsp;da&nbsp;empresa se fundamentou em dado n\u00e3o fornecido ou fiscalizado pela ag\u00eancia.<br>&nbsp;<br>Agnes ainda relembrou que h\u00e1 uma CP (Consulta P\u00fablica) em andamento na ag\u00eancia para tratar&nbsp;do&nbsp;tema. &#8220;A revis\u00e3o tarif\u00e1ria n\u00e3o \u00e9 momento adequado para rediscuss\u00e3o dos par\u00e2metros&nbsp;da&nbsp;metodologia de custos operacionais, o que est\u00e1 em discuss\u00e3o na CP 62, de 2020, assim como n\u00e3o deve revisar valores passados com base apenas em estimativas\u201d, disse.<br>&nbsp;<br>Assim, seguindo as orienta\u00e7\u00f5es&nbsp;da&nbsp;\u00e1rea t\u00e9cnica&nbsp;da&nbsp;ANEEL, Agnes Costa prop\u00f4s uma redu\u00e7\u00e3o m\u00e9dia de 11% para a tarifa&nbsp;da&nbsp;Roraima Energia.<br>&nbsp;<br><strong>Votos<\/strong><br>O diretor-geral&nbsp;da&nbsp;ag\u00eancia, Sandoval Feitosa, acompanhou o voto&nbsp;da&nbsp;relatora. J\u00e1 o diretor H\u00e9lvio Guerra votou com a proposta&nbsp;do&nbsp;diretor Fernando Mosna, que discordou quanto ao c\u00e1lculo&nbsp;do&nbsp;custo operacional, que, para ele, apresenta &#8220;um desequil\u00edbrio\u201d.<br>&nbsp;<br>&#8220;N\u00f3s estamos hoje fazendo uma revis\u00e3o tarif\u00e1ria de 2024 (\u2026) levando em conta como ponto de partida dados de 2017 e falando que n\u00e3o podemos aplicar flexibiliza\u00e7\u00f5es em custo operacional porque h\u00e1 uma consulta p\u00fablica aberta, que j\u00e1 teve duas etapas, de 2020. Ent\u00e3o, n\u00f3s temos que sempre tentar identificar que o caminhar&nbsp;da&nbsp;regula\u00e7\u00e3o tem que caminhar pari passu com a necessidade&nbsp;do&nbsp;agente\u201d, avaliou o diretor Mosna.<br>&nbsp;<br>\u201cSe n\u00f3s estamos neste momento fazendo uma revis\u00e3o peri\u00f3dica para projetar at\u00e9 2028, levando em conta dados de 2017, tirando as flexibiliza\u00e7\u00f5es decorrentes&nbsp;do&nbsp;contrato e&nbsp;da&nbsp;resolu\u00e7\u00e3o, mas, na pr\u00e1tica, n\u00e3o atentando para a realidade espec\u00edfica, n\u00e3o o custo operacional real, mas a realidade espec\u00edfica daquela concess\u00e3o, n\u00f3s, na minha avalia\u00e7\u00e3o, n\u00e3o estamos fazendo um trabalho adequado de acompanhar pari passu as necessidades&nbsp;do&nbsp;agente\u201d, completou.<br>&nbsp;<br>O diretor Ricardo Tili, por outro lado, discordou de ambos os posicionamento colocados, mas concordou ao fim em ceder seu entendimento em prol de uma solu\u00e7\u00e3o e acompanhar parte&nbsp;do&nbsp;voto&nbsp;do&nbsp;diretor Mosna, que acabou vencendo a relatora Agnes por 3 a 2 no que se refere aos custos operacionais. Quanto \u00e0s perdas de energia, o resultado&nbsp;da&nbsp;vota\u00e7\u00e3o foi de 4 a 1 para o entendimento&nbsp;da&nbsp;relatora, tendo como discordante apenas o voto&nbsp;do&nbsp;diretor Tili.<br>&nbsp;<br>Por fim, a redu\u00e7\u00e3o m\u00e9dia aprovada para a tarifa de energia foi de 9,62%, e n\u00e3o a queda de 11% originalmente proposta por Agnes.<br>&nbsp;<br><strong>Conselho de consumidores<\/strong><br>A presidente&nbsp;do&nbsp;Conselho de Consumidores de Energia de Roraima, Amanda Lia Torquato, avaliou que o resultado foi positivo. &#8220;A distribuidora exp\u00f4s as complica\u00e7\u00f5es, as dificuldades, evidenciou todas as an\u00e1lises que fizeram, por\u00e9m a&nbsp;ANEEL&nbsp;teve o bom senso de n\u00e3o acatar todos os pleitos&nbsp;da&nbsp;distribuidora, entendendo das nossas dificuldades\u201d, disse \u00e0&nbsp;<strong>Ag\u00eancia iNFRA<\/strong>.<br>&nbsp;<br>Torquato lembra que Roraima \u00e9 o \u00fanico estado ainda n\u00e3o conectado ao SIN (Sistema Interligado Nacional), e que o linh\u00e3o de Tucuru\u00ed \u2013 para conectar Boa Vista (RR) a Manaus (AM) ainda est\u00e1 em constru\u00e7\u00e3o.<br>&nbsp;<br>Para ela, a decis\u00e3o final, de 9,62%, n\u00e3o era exatamente o esperado pelo Conselho, por\u00e9m \u00e9 compreens\u00edvel a import\u00e2ncia&nbsp;da&nbsp;&#8220;operacionaliza\u00e7\u00e3o&nbsp;da&nbsp;distribuidora\u201d. &#8220;Tem custo, tem despesa, tem investimento, e, realmente, a gente enxerga, a gente consegue evid\u00eancias de que n\u00f3s estamos progredindo, que a distribuidora est\u00e1 realmente a passos muito largos de atender com excel\u00eancia o consumidor, ent\u00e3o a gente entende que, por todas as considera\u00e7\u00f5es que fizeram, [a tarifa] \u00e9 vi\u00e1vel\u201d, avaliou.<\/p>\n","protected":false},"excerpt":{"rendered":"<p>Marisa Wanzeller e Leila Coimbra,&nbsp;da&nbsp;Ag\u00eancia iNFRA A primeira reuni\u00e3o ordin\u00e1ria de&nbsp;diretoria&nbsp;da&nbsp;ANEEL&nbsp;(Ag\u00eancia Nacional de Energia El\u00e9trica) de 2024, nesta ter\u00e7a-feira (23), foi marcada por mais um embate entre os diretores, expondo novamente a&nbsp;divis\u00e3o&nbsp;pol\u00edtica que permeia o colegiado. Foi a primeira vez que o grupo&nbsp;se reuniu depois&nbsp;da&nbsp;sa\u00edda&nbsp;de&nbsp;Efrain&nbsp;Cruz&nbsp;\u2013 que possui grande influ\u00eancia na ag\u00eancia \u2013&nbsp;da&nbsp;Secretaria-Executiva&nbsp;do&nbsp;Minist\u00e9rio de Minas e [&hellip;]<\/p>\n","protected":false},"author":1,"featured_media":15384,"comment_status":"closed","ping_status":"closed","sticky":false,"template":"","format":"standard","meta":{"_monsterinsights_skip_tracking":false,"_monsterinsights_sitenote_active":false,"_monsterinsights_sitenote_note":"","_monsterinsights_sitenote_category":0,"footnotes":""},"categories":[7250,1,10],"tags":[46,6800,8308,53,8307,345,8314,8310,8309,3779,7014,2619,1984,8311,1193,7366,332,5656,8313,5682,8316,2909,8312,1026,3360,747,5586,8315],"class_list":["post-15383","post","type-post","status-publish","format-standard","has-post-thumbnail","hentry","category-destaque-lista","category-geral","category-infraenergia","tag-agencias-reguladoras","tag-agnes-costa","tag-amanda-lia-torquato","tag-aneel","tag-conselho-de-consumidores","tag-consulta-publica","tag-consulta-publica-62-2020","tag-cp-62-2020","tag-divisao-politica","tag-efrain-cruz","tag-fernando-mosna","tag-helvio-guerra","tag-leila-coimbra","tag-linhao-de-tucurui","tag-marcos-rogerio","tag-marisa-wanzeller","tag-politica","tag-reuniao-de-diretoria","tag-revisao-tarifaria-periodica","tag-ricardo-tili","tag-rivalidade","tag-roraima-energia","tag-rtp","tag-sandoval-feitosa","tag-sin","tag-sistema-interligado-nacional","tag-tarifa-de-energia","tag-votacoes-divididas"],"yoast_head":"<!-- This site is optimized with the Yoast SEO Premium plugin v25.4 (Yoast SEO v26.0) - https:\/\/yoast.com\/wordpress\/plugins\/seo\/ -->\n<title>Diretoria da ANEEL acirra divis\u00e3o ap\u00f3s sa\u00edda de Efrain Cruz do MME - Ag\u00eancia iNFRA<\/title>\n<meta name=\"robots\" content=\"index, follow, max-snippet:-1, max-image-preview:large, max-video-preview:-1\" \/>\n<link rel=\"canonical\" href=\"https:\/\/agenciainfra.com\/blog\/diretoria-da-aneel-acirra-divisao-apos-saida-de-efrain-cruz-do-mme\/\" \/>\n<meta property=\"og:locale\" content=\"pt_BR\" \/>\n<meta property=\"og:type\" content=\"article\" \/>\n<meta property=\"og:title\" content=\"Diretoria da ANEEL acirra divis\u00e3o ap\u00f3s sa\u00edda de Efrain Cruz do MME\" \/>\n<meta property=\"og:description\" content=\"Marisa Wanzeller e Leila Coimbra,&nbsp;da&nbsp;Ag\u00eancia iNFRA A primeira reuni\u00e3o ordin\u00e1ria de&nbsp;diretoria&nbsp;da&nbsp;ANEEL&nbsp;(Ag\u00eancia Nacional de Energia El\u00e9trica) de 2024, nesta ter\u00e7a-feira (23), foi marcada por mais um embate entre os diretores, expondo novamente a&nbsp;divis\u00e3o&nbsp;pol\u00edtica que permeia o colegiado. Foi a primeira vez que o grupo&nbsp;se reuniu depois&nbsp;da&nbsp;sa\u00edda&nbsp;de&nbsp;Efrain&nbsp;Cruz&nbsp;\u2013 que possui grande influ\u00eancia na ag\u00eancia \u2013&nbsp;da&nbsp;Secretaria-Executiva&nbsp;do&nbsp;Minist\u00e9rio de Minas e [&hellip;]\" \/>\n<meta property=\"og:url\" content=\"https:\/\/agenciainfra.com\/blog\/diretoria-da-aneel-acirra-divisao-apos-saida-de-efrain-cruz-do-mme\/\" \/>\n<meta property=\"og:site_name\" content=\"Ag\u00eancia iNFRA\" \/>\n<meta property=\"article:publisher\" content=\"https:\/\/www.facebook.com\/ageninfra\" \/>\n<meta property=\"article:published_time\" content=\"2024-01-24T13:00:00+00:00\" \/>\n<meta property=\"article:modified_time\" content=\"2026-03-13T12:42:56+00:00\" \/>\n<meta property=\"og:image\" content=\"https:\/\/agenciainfra.com\/blog\/wp-content\/uploads\/2024\/01\/reuniao-diretoria-aneel-2024-foto-reproducao-youtube.png\" \/>\n\t<meta property=\"og:image:width\" content=\"1202\" \/>\n\t<meta property=\"og:image:height\" content=\"676\" \/>\n\t<meta property=\"og:image:type\" content=\"image\/png\" \/>\n<meta name=\"author\" content=\"Ag\u00eancia iNFRA\" \/>\n<meta name=\"twitter:card\" content=\"summary_large_image\" \/>\n<meta name=\"twitter:creator\" content=\"@agencia_infra\" \/>\n<meta name=\"twitter:site\" content=\"@agencia_infra\" \/>\n<meta name=\"twitter:label1\" content=\"Escrito por\" \/>\n\t<meta name=\"twitter:data1\" content=\"Ag\u00eancia iNFRA\" \/>\n\t<meta name=\"twitter:label2\" content=\"Est. tempo de leitura\" \/>\n\t<meta name=\"twitter:data2\" content=\"6 minutos\" \/>\n<script type=\"application\/ld+json\" class=\"yoast-schema-graph\">{\"@context\":\"https:\/\/schema.org\",\"@graph\":[{\"@type\":\"Article\",\"@id\":\"https:\/\/agenciainfra.com\/blog\/diretoria-da-aneel-acirra-divisao-apos-saida-de-efrain-cruz-do-mme\/#article\",\"isPartOf\":{\"@id\":\"https:\/\/agenciainfra.com\/blog\/diretoria-da-aneel-acirra-divisao-apos-saida-de-efrain-cruz-do-mme\/\"},\"author\":{\"name\":\"Ag\u00eancia iNFRA\",\"@id\":\"https:\/\/agenciainfra.com\/blog\/#\/schema\/person\/34af08dff6adea4cb22b06612ba7acfa\"},\"headline\":\"Diretoria da ANEEL acirra divis\u00e3o ap\u00f3s sa\u00edda de Efrain Cruz do MME\",\"datePublished\":\"2024-01-24T13:00:00+00:00\",\"dateModified\":\"2026-03-13T12:42:56+00:00\",\"mainEntityOfPage\":{\"@id\":\"https:\/\/agenciainfra.com\/blog\/diretoria-da-aneel-acirra-divisao-apos-saida-de-efrain-cruz-do-mme\/\"},\"wordCount\":1122,\"publisher\":{\"@id\":\"https:\/\/agenciainfra.com\/blog\/#organization\"},\"image\":{\"@id\":\"https:\/\/agenciainfra.com\/blog\/diretoria-da-aneel-acirra-divisao-apos-saida-de-efrain-cruz-do-mme\/#primaryimage\"},\"thumbnailUrl\":\"https:\/\/agenciainfra.com\/blog\/wp-content\/uploads\/2024\/01\/reuniao-diretoria-aneel-2024-foto-reproducao-youtube.png\",\"keywords\":[\"Ag\u00eancias Reguladoras\",\"Agnes Costa\",\"Amanda Lia Torquato\",\"ANEEL\",\"Conselho de Consumidores\",\"consulta p\u00fablica\",\"Consulta P\u00fablica 62\/2020\",\"CP 62\/2020\",\"Divis\u00e3o Pol\u00edtica\",\"Efrain Cruz\",\"Fernando Mosna\",\"H\u00e9lvio Guerra\",\"Leila Coimbra\",\"Linh\u00e3o de Tucuru\u00ed\",\"Marcos Rog\u00e9rio\",\"Marisa Wanzeller\",\"pol\u00edtica\",\"reuni\u00e3o de diretoria\",\"Revis\u00e3o Tarif\u00e1ria Peri\u00f3dica\",\"Ricardo Tili\",\"rivalidade\",\"Roraima Energia\",\"RTP\",\"Sandoval Feitosa\",\"SIN\",\"Sistema Interligado Nacional\",\"tarifa de energia\",\"Vota\u00e7\u00f5es Divididas\"],\"articleSection\":[\"Destaque lista\",\"Geral\",\"iNFRAEnergia\"],\"inLanguage\":\"pt-BR\",\"copyrightYear\":\"2024\",\"copyrightHolder\":{\"@id\":\"https:\/\/agenciainfra.com\/blog\/#organization\"}},{\"@type\":\"WebPage\",\"@id\":\"https:\/\/agenciainfra.com\/blog\/diretoria-da-aneel-acirra-divisao-apos-saida-de-efrain-cruz-do-mme\/\",\"url\":\"https:\/\/agenciainfra.com\/blog\/diretoria-da-aneel-acirra-divisao-apos-saida-de-efrain-cruz-do-mme\/\",\"name\":\"Diretoria da ANEEL acirra divis\u00e3o ap\u00f3s sa\u00edda de Efrain Cruz do MME - Ag\u00eancia iNFRA\",\"isPartOf\":{\"@id\":\"https:\/\/agenciainfra.com\/blog\/#website\"},\"primaryImageOfPage\":{\"@id\":\"https:\/\/agenciainfra.com\/blog\/diretoria-da-aneel-acirra-divisao-apos-saida-de-efrain-cruz-do-mme\/#primaryimage\"},\"image\":{\"@id\":\"https:\/\/agenciainfra.com\/blog\/diretoria-da-aneel-acirra-divisao-apos-saida-de-efrain-cruz-do-mme\/#primaryimage\"},\"thumbnailUrl\":\"https:\/\/agenciainfra.com\/blog\/wp-content\/uploads\/2024\/01\/reuniao-diretoria-aneel-2024-foto-reproducao-youtube.png\",\"datePublished\":\"2024-01-24T13:00:00+00:00\",\"dateModified\":\"2026-03-13T12:42:56+00:00\",\"breadcrumb\":{\"@id\":\"https:\/\/agenciainfra.com\/blog\/diretoria-da-aneel-acirra-divisao-apos-saida-de-efrain-cruz-do-mme\/#breadcrumb\"},\"inLanguage\":\"pt-BR\",\"potentialAction\":[{\"@type\":\"ReadAction\",\"target\":[\"https:\/\/agenciainfra.com\/blog\/diretoria-da-aneel-acirra-divisao-apos-saida-de-efrain-cruz-do-mme\/\"]}]},{\"@type\":\"ImageObject\",\"inLanguage\":\"pt-BR\",\"@id\":\"https:\/\/agenciainfra.com\/blog\/diretoria-da-aneel-acirra-divisao-apos-saida-de-efrain-cruz-do-mme\/#primaryimage\",\"url\":\"https:\/\/agenciainfra.com\/blog\/wp-content\/uploads\/2024\/01\/reuniao-diretoria-aneel-2024-foto-reproducao-youtube.png\",\"contentUrl\":\"https:\/\/agenciainfra.com\/blog\/wp-content\/uploads\/2024\/01\/reuniao-diretoria-aneel-2024-foto-reproducao-youtube.png\",\"width\":1202,\"height\":676},{\"@type\":\"BreadcrumbList\",\"@id\":\"https:\/\/agenciainfra.com\/blog\/diretoria-da-aneel-acirra-divisao-apos-saida-de-efrain-cruz-do-mme\/#breadcrumb\",\"itemListElement\":[{\"@type\":\"ListItem\",\"position\":1,\"name\":\"In\u00edcio\",\"item\":\"https:\/\/agenciainfra.com\/blog\/\"},{\"@type\":\"ListItem\",\"position\":2,\"name\":\"Diretoria da ANEEL acirra divis\u00e3o ap\u00f3s sa\u00edda de Efrain Cruz do MME\"}]},{\"@type\":\"WebSite\",\"@id\":\"https:\/\/agenciainfra.com\/blog\/#website\",\"url\":\"https:\/\/agenciainfra.com\/blog\/\",\"name\":\"Ag\u00eancia iNFRA\",\"description\":\"Multiplataforma de informa\u00e7\u00e3o jornal\u00edstica refer\u00eancia na \u00e1rea de infraestrutura no Brasil!\",\"publisher\":{\"@id\":\"https:\/\/agenciainfra.com\/blog\/#organization\"},\"potentialAction\":[{\"@type\":\"SearchAction\",\"target\":{\"@type\":\"EntryPoint\",\"urlTemplate\":\"https:\/\/agenciainfra.com\/blog\/?s={search_term_string}\"},\"query-input\":{\"@type\":\"PropertyValueSpecification\",\"valueRequired\":true,\"valueName\":\"search_term_string\"}}],\"inLanguage\":\"pt-BR\"},{\"@type\":\"Organization\",\"@id\":\"https:\/\/agenciainfra.com\/blog\/#organization\",\"name\":\"Ag\u00eancia iNFRA\",\"url\":\"https:\/\/agenciainfra.com\/blog\/\",\"logo\":{\"@type\":\"ImageObject\",\"inLanguage\":\"pt-BR\",\"@id\":\"https:\/\/agenciainfra.com\/blog\/#\/schema\/logo\/image\/\",\"url\":\"https:\/\/agenciainfra.com\/blog\/wp-content\/uploads\/2023\/09\/iNFRA_5-e1761735885940.png\",\"contentUrl\":\"https:\/\/agenciainfra.com\/blog\/wp-content\/uploads\/2023\/09\/iNFRA_5-e1761735885940.png\",\"width\":1672,\"height\":454,\"caption\":\"Ag\u00eancia iNFRA\"},\"image\":{\"@id\":\"https:\/\/agenciainfra.com\/blog\/#\/schema\/logo\/image\/\"},\"sameAs\":[\"https:\/\/www.facebook.com\/ageninfra\",\"https:\/\/x.com\/agencia_infra\",\"https:\/\/www.linkedin.com\/company\/ag\u00eanciainfra\/\",\"https:\/\/www.instagram.com\/agenciainfra\/\"]},{\"@type\":\"Person\",\"@id\":\"https:\/\/agenciainfra.com\/blog\/#\/schema\/person\/34af08dff6adea4cb22b06612ba7acfa\",\"name\":\"Ag\u00eancia iNFRA\",\"image\":{\"@type\":\"ImageObject\",\"inLanguage\":\"pt-BR\",\"@id\":\"https:\/\/agenciainfra.com\/blog\/#\/schema\/person\/image\/\",\"url\":\"https:\/\/secure.gravatar.com\/avatar\/d189e01678f06d8eb84d4e01f08eb848b3fffe3f8443818d3c356c66892f5be8?s=96&d=mm&r=g\",\"contentUrl\":\"https:\/\/secure.gravatar.com\/avatar\/d189e01678f06d8eb84d4e01f08eb848b3fffe3f8443818d3c356c66892f5be8?s=96&d=mm&r=g\",\"caption\":\"Ag\u00eancia iNFRA\"},\"url\":\"https:\/\/agenciainfra.com\/blog\/author\/admin\/\"}]}<\/script>\n<!-- \/ Yoast SEO Premium plugin. -->","yoast_head_json":{"title":"Diretoria da ANEEL acirra divis\u00e3o ap\u00f3s sa\u00edda de Efrain Cruz do MME - Ag\u00eancia iNFRA","robots":{"index":"index","follow":"follow","max-snippet":"max-snippet:-1","max-image-preview":"max-image-preview:large","max-video-preview":"max-video-preview:-1"},"canonical":"https:\/\/agenciainfra.com\/blog\/diretoria-da-aneel-acirra-divisao-apos-saida-de-efrain-cruz-do-mme\/","og_locale":"pt_BR","og_type":"article","og_title":"Diretoria da ANEEL acirra divis\u00e3o ap\u00f3s sa\u00edda de Efrain Cruz do MME","og_description":"Marisa Wanzeller e Leila Coimbra,&nbsp;da&nbsp;Ag\u00eancia iNFRA A primeira reuni\u00e3o ordin\u00e1ria de&nbsp;diretoria&nbsp;da&nbsp;ANEEL&nbsp;(Ag\u00eancia Nacional de Energia El\u00e9trica) de 2024, nesta ter\u00e7a-feira (23), foi marcada por mais um embate entre os diretores, expondo novamente a&nbsp;divis\u00e3o&nbsp;pol\u00edtica que permeia o colegiado. Foi a primeira vez que o grupo&nbsp;se reuniu depois&nbsp;da&nbsp;sa\u00edda&nbsp;de&nbsp;Efrain&nbsp;Cruz&nbsp;\u2013 que possui grande influ\u00eancia na ag\u00eancia \u2013&nbsp;da&nbsp;Secretaria-Executiva&nbsp;do&nbsp;Minist\u00e9rio de Minas e [&hellip;]","og_url":"https:\/\/agenciainfra.com\/blog\/diretoria-da-aneel-acirra-divisao-apos-saida-de-efrain-cruz-do-mme\/","og_site_name":"Ag\u00eancia iNFRA","article_publisher":"https:\/\/www.facebook.com\/ageninfra","article_published_time":"2024-01-24T13:00:00+00:00","article_modified_time":"2026-03-13T12:42:56+00:00","og_image":[{"width":1202,"height":676,"url":"https:\/\/agenciainfra.com\/blog\/wp-content\/uploads\/2024\/01\/reuniao-diretoria-aneel-2024-foto-reproducao-youtube.png","type":"image\/png"}],"author":"Ag\u00eancia iNFRA","twitter_card":"summary_large_image","twitter_creator":"@agencia_infra","twitter_site":"@agencia_infra","twitter_misc":{"Escrito por":"Ag\u00eancia iNFRA","Est. tempo de leitura":"6 minutos"},"schema":{"@context":"https:\/\/schema.org","@graph":[{"@type":"Article","@id":"https:\/\/agenciainfra.com\/blog\/diretoria-da-aneel-acirra-divisao-apos-saida-de-efrain-cruz-do-mme\/#article","isPartOf":{"@id":"https:\/\/agenciainfra.com\/blog\/diretoria-da-aneel-acirra-divisao-apos-saida-de-efrain-cruz-do-mme\/"},"author":{"name":"Ag\u00eancia iNFRA","@id":"https:\/\/agenciainfra.com\/blog\/#\/schema\/person\/34af08dff6adea4cb22b06612ba7acfa"},"headline":"Diretoria da ANEEL acirra divis\u00e3o ap\u00f3s sa\u00edda de Efrain Cruz do MME","datePublished":"2024-01-24T13:00:00+00:00","dateModified":"2026-03-13T12:42:56+00:00","mainEntityOfPage":{"@id":"https:\/\/agenciainfra.com\/blog\/diretoria-da-aneel-acirra-divisao-apos-saida-de-efrain-cruz-do-mme\/"},"wordCount":1122,"publisher":{"@id":"https:\/\/agenciainfra.com\/blog\/#organization"},"image":{"@id":"https:\/\/agenciainfra.com\/blog\/diretoria-da-aneel-acirra-divisao-apos-saida-de-efrain-cruz-do-mme\/#primaryimage"},"thumbnailUrl":"https:\/\/agenciainfra.com\/blog\/wp-content\/uploads\/2024\/01\/reuniao-diretoria-aneel-2024-foto-reproducao-youtube.png","keywords":["Ag\u00eancias Reguladoras","Agnes Costa","Amanda Lia Torquato","ANEEL","Conselho de Consumidores","consulta p\u00fablica","Consulta P\u00fablica 62\/2020","CP 62\/2020","Divis\u00e3o Pol\u00edtica","Efrain Cruz","Fernando Mosna","H\u00e9lvio Guerra","Leila Coimbra","Linh\u00e3o de Tucuru\u00ed","Marcos Rog\u00e9rio","Marisa Wanzeller","pol\u00edtica","reuni\u00e3o de diretoria","Revis\u00e3o Tarif\u00e1ria Peri\u00f3dica","Ricardo Tili","rivalidade","Roraima Energia","RTP","Sandoval Feitosa","SIN","Sistema Interligado Nacional","tarifa de energia","Vota\u00e7\u00f5es Divididas"],"articleSection":["Destaque lista","Geral","iNFRAEnergia"],"inLanguage":"pt-BR","copyrightYear":"2024","copyrightHolder":{"@id":"https:\/\/agenciainfra.com\/blog\/#organization"}},{"@type":"WebPage","@id":"https:\/\/agenciainfra.com\/blog\/diretoria-da-aneel-acirra-divisao-apos-saida-de-efrain-cruz-do-mme\/","url":"https:\/\/agenciainfra.com\/blog\/diretoria-da-aneel-acirra-divisao-apos-saida-de-efrain-cruz-do-mme\/","name":"Diretoria da ANEEL acirra divis\u00e3o ap\u00f3s sa\u00edda de Efrain Cruz do MME - Ag\u00eancia iNFRA","isPartOf":{"@id":"https:\/\/agenciainfra.com\/blog\/#website"},"primaryImageOfPage":{"@id":"https:\/\/agenciainfra.com\/blog\/diretoria-da-aneel-acirra-divisao-apos-saida-de-efrain-cruz-do-mme\/#primaryimage"},"image":{"@id":"https:\/\/agenciainfra.com\/blog\/diretoria-da-aneel-acirra-divisao-apos-saida-de-efrain-cruz-do-mme\/#primaryimage"},"thumbnailUrl":"https:\/\/agenciainfra.com\/blog\/wp-content\/uploads\/2024\/01\/reuniao-diretoria-aneel-2024-foto-reproducao-youtube.png","datePublished":"2024-01-24T13:00:00+00:00","dateModified":"2026-03-13T12:42:56+00:00","breadcrumb":{"@id":"https:\/\/agenciainfra.com\/blog\/diretoria-da-aneel-acirra-divisao-apos-saida-de-efrain-cruz-do-mme\/#breadcrumb"},"inLanguage":"pt-BR","potentialAction":[{"@type":"ReadAction","target":["https:\/\/agenciainfra.com\/blog\/diretoria-da-aneel-acirra-divisao-apos-saida-de-efrain-cruz-do-mme\/"]}]},{"@type":"ImageObject","inLanguage":"pt-BR","@id":"https:\/\/agenciainfra.com\/blog\/diretoria-da-aneel-acirra-divisao-apos-saida-de-efrain-cruz-do-mme\/#primaryimage","url":"https:\/\/agenciainfra.com\/blog\/wp-content\/uploads\/2024\/01\/reuniao-diretoria-aneel-2024-foto-reproducao-youtube.png","contentUrl":"https:\/\/agenciainfra.com\/blog\/wp-content\/uploads\/2024\/01\/reuniao-diretoria-aneel-2024-foto-reproducao-youtube.png","width":1202,"height":676},{"@type":"BreadcrumbList","@id":"https:\/\/agenciainfra.com\/blog\/diretoria-da-aneel-acirra-divisao-apos-saida-de-efrain-cruz-do-mme\/#breadcrumb","itemListElement":[{"@type":"ListItem","position":1,"name":"In\u00edcio","item":"https:\/\/agenciainfra.com\/blog\/"},{"@type":"ListItem","position":2,"name":"Diretoria da ANEEL acirra divis\u00e3o ap\u00f3s sa\u00edda de Efrain Cruz do MME"}]},{"@type":"WebSite","@id":"https:\/\/agenciainfra.com\/blog\/#website","url":"https:\/\/agenciainfra.com\/blog\/","name":"Ag\u00eancia iNFRA","description":"Multiplataforma de informa\u00e7\u00e3o jornal\u00edstica refer\u00eancia na \u00e1rea de infraestrutura no Brasil!","publisher":{"@id":"https:\/\/agenciainfra.com\/blog\/#organization"},"potentialAction":[{"@type":"SearchAction","target":{"@type":"EntryPoint","urlTemplate":"https:\/\/agenciainfra.com\/blog\/?s={search_term_string}"},"query-input":{"@type":"PropertyValueSpecification","valueRequired":true,"valueName":"search_term_string"}}],"inLanguage":"pt-BR"},{"@type":"Organization","@id":"https:\/\/agenciainfra.com\/blog\/#organization","name":"Ag\u00eancia iNFRA","url":"https:\/\/agenciainfra.com\/blog\/","logo":{"@type":"ImageObject","inLanguage":"pt-BR","@id":"https:\/\/agenciainfra.com\/blog\/#\/schema\/logo\/image\/","url":"https:\/\/agenciainfra.com\/blog\/wp-content\/uploads\/2023\/09\/iNFRA_5-e1761735885940.png","contentUrl":"https:\/\/agenciainfra.com\/blog\/wp-content\/uploads\/2023\/09\/iNFRA_5-e1761735885940.png","width":1672,"height":454,"caption":"Ag\u00eancia iNFRA"},"image":{"@id":"https:\/\/agenciainfra.com\/blog\/#\/schema\/logo\/image\/"},"sameAs":["https:\/\/www.facebook.com\/ageninfra","https:\/\/x.com\/agencia_infra","https:\/\/www.linkedin.com\/company\/ag\u00eanciainfra\/","https:\/\/www.instagram.com\/agenciainfra\/"]},{"@type":"Person","@id":"https:\/\/agenciainfra.com\/blog\/#\/schema\/person\/34af08dff6adea4cb22b06612ba7acfa","name":"Ag\u00eancia iNFRA","image":{"@type":"ImageObject","inLanguage":"pt-BR","@id":"https:\/\/agenciainfra.com\/blog\/#\/schema\/person\/image\/","url":"https:\/\/secure.gravatar.com\/avatar\/d189e01678f06d8eb84d4e01f08eb848b3fffe3f8443818d3c356c66892f5be8?s=96&d=mm&r=g","contentUrl":"https:\/\/secure.gravatar.com\/avatar\/d189e01678f06d8eb84d4e01f08eb848b3fffe3f8443818d3c356c66892f5be8?s=96&d=mm&r=g","caption":"Ag\u00eancia iNFRA"},"url":"https:\/\/agenciainfra.com\/blog\/author\/admin\/"}]}},"_links":{"self":[{"href":"https:\/\/agenciainfra.com\/blog\/wp-json\/wp\/v2\/posts\/15383","targetHints":{"allow":["GET"]}}],"collection":[{"href":"https:\/\/agenciainfra.com\/blog\/wp-json\/wp\/v2\/posts"}],"about":[{"href":"https:\/\/agenciainfra.com\/blog\/wp-json\/wp\/v2\/types\/post"}],"author":[{"embeddable":true,"href":"https:\/\/agenciainfra.com\/blog\/wp-json\/wp\/v2\/users\/1"}],"replies":[{"embeddable":true,"href":"https:\/\/agenciainfra.com\/blog\/wp-json\/wp\/v2\/comments?post=15383"}],"version-history":[{"count":1,"href":"https:\/\/agenciainfra.com\/blog\/wp-json\/wp\/v2\/posts\/15383\/revisions"}],"predecessor-version":[{"id":15385,"href":"https:\/\/agenciainfra.com\/blog\/wp-json\/wp\/v2\/posts\/15383\/revisions\/15385"}],"wp:featuredmedia":[{"embeddable":true,"href":"https:\/\/agenciainfra.com\/blog\/wp-json\/wp\/v2\/media\/15384"}],"wp:attachment":[{"href":"https:\/\/agenciainfra.com\/blog\/wp-json\/wp\/v2\/media?parent=15383"}],"wp:term":[{"taxonomy":"category","embeddable":true,"href":"https:\/\/agenciainfra.com\/blog\/wp-json\/wp\/v2\/categories?post=15383"},{"taxonomy":"post_tag","embeddable":true,"href":"https:\/\/agenciainfra.com\/blog\/wp-json\/wp\/v2\/tags?post=15383"}],"curies":[{"name":"wp","href":"https:\/\/api.w.org\/{rel}","templated":true}]}}