{"id":15407,"date":"2024-01-27T09:00:00","date_gmt":"2024-01-27T12:00:00","guid":{"rendered":"https:\/\/www.agenciainfra.com\/blog\/?p=15407"},"modified":"2026-03-13T09:42:54","modified_gmt":"2026-03-13T12:42:54","slug":"compra-de-asfalto-cresce-107-em-2023-e-distribuidora-planeja-nova-fabrica-no-pais","status":"publish","type":"post","link":"https:\/\/agenciainfra.com\/blog\/compra-de-asfalto-cresce-107-em-2023-e-distribuidora-planeja-nova-fabrica-no-pais\/","title":{"rendered":"Compra de asfalto cresce 10,7% em 2023 e distribuidora planeja nova f\u00e1brica no pa\u00eds"},"content":{"rendered":"\n<p class=\"has-text-align-right\"><strong>Dimmi Amora, da Ag\u00eancia iNFRA<\/strong><\/p>\n\n\n\n<p>O volume de\u00a0asfalto\u00a0comercializado\u00a0no\u00a0Brasil\u00a0em\u00a02023\u00a0teve\u00a0crescimento de\u00a010,7%\u00a0em\u00a0rela\u00e7\u00e3o ao do ano anterior. Foram 2,866 milh\u00f5es de toneladas vendidas, contra 2,589 milh\u00f5es\u00a0no\u00a0mesmo per\u00edodo\u00a0em\u00a02022, de acordo com\u00a0<a href=\"https:\/\/agenciainfra.us14.list-manage.com\/track\/click?u=d460dd1bcf9ba0ae040e1fc0f&amp;id=31df14f8b7&amp;e=f0fa444791\" target=\"_blank\" rel=\"noreferrer noopener\">dados da ANP<\/a>\u00a0(Ag\u00eancia Nacional do Petr\u00f3leo, G\u00e1s Natural\u00a0e\u00a0Biocombust\u00edveis).<br><br>O ministro dos Transportes, Renan Filho, chegou a indicar\u00a0no\u00a0in\u00edcio de\u00a02023\u00a0que a falta de\u00a0asfalto\u00a0poderia ser um poss\u00edvel gargalo para a execu\u00e7\u00e3o do or\u00e7amento da pasta, que foi triplicado\u00a0em\u00a0rela\u00e7\u00e3o ao ano anterior.\u00a0No\u00a0entanto, o crescimento da demanda\u00a0em\u00a0rela\u00e7\u00e3o ao ano de 2022 n\u00e3o gerou gargalos\u00a0no\u00a0setor.<br><br>Parte do aumento de quantidade de\u00a0asfalto\u00a0foi absorvida pela importa\u00e7\u00e3o do produto, que passou de 52 mil toneladas para mais de 120 mil\u00a0no\u00a0ano passado, ainda de acordo com os dados do setor. Mesmo com o dobro de importa\u00e7\u00f5es, n\u00e3o foram registrados gargalos na log\u00edstica das empresas.<br><br>Mas, de acordo com Emerson Maciel, gerente de Opera\u00e7\u00f5es\u00a0e\u00a0Tecnologia da Stratura, companhia\u00a0distribuidora\u00a0que est\u00e1 entre as cinco maiores do mercado, a perspectiva para este ano \u00e9 de novo aumento, com possibilidade de o consumo passar dos 3 milh\u00f5es de toneladas.\u00a0A Stratura pertence ao Grupo Fiord Capital, sendo adquirida pelo grupo em 2022.<br><br>Em\u00a02021, na pandemia de Covid-19, o mercado caiu para 1,9 milh\u00e3o de toneladas,\u00a0e\u00a0voltou a subir\u00a0em\u00a02022. As refinarias que produzem o CAP (Cimento Asf\u00e1ltico de Petr\u00f3leo), que \u00e9 a mat\u00e9ria-prima para a produ\u00e7\u00e3o do\u00a0asfalto,\u00a0no\u00a0Brasil, s\u00e3o quase todas da Petrobras.\u00a0<br><br><strong>Nova\u00a0f\u00e1brica<\/strong><br>O otimismo com o mercado fez a Stratura aprovar a constru\u00e7\u00e3o de uma\u00a0nova\u00a0f\u00e1brica, cuja localiza\u00e7\u00e3o ainda est\u00e1 sendo decidida. Atualmente, a empresa tem unidades\u00a0em\u00a0Betim (MG), Ponta Grossa (PR), Maracana\u00fa (CE)\u00a0e\u00a0Paul\u00ednia (SP), maior unidade onde tamb\u00e9m est\u00e1 seu centro de pesquisa.\u00a0<br><br>&#8220;Ao longo do ano passado j\u00e1 fizemos o planejamento para 2024 nos preparando para poder atender a qualquer tipo de demanda&#8221;, disse Maciel. &#8220;O investimento n\u00e3o \u00e9 s\u00f3\u00a0em\u00a0manuten\u00e7\u00e3o. O n\u00famero da CNT [Confedera\u00e7\u00e3o Nacional do Transporte] mostra que temos s\u00f3 12,4% das rodovias pavimentadas\u00a0no\u00a0pa\u00eds. Tem muito a fazer.&#8221;<br><br>Al\u00e9m da demanda do setor p\u00fablico, Maciel tamb\u00e9m aposta na matura\u00e7\u00e3o dos investimentos de concess\u00f5es que v\u00eam sendo licitadas\u00a0no\u00a0pa\u00eds\u00a0nos \u00faltimos anos. Para chegar \u00e0 fase de asfaltamento das vias, as obras precisam passar por v\u00e1rias etapas antes, o que vem ocorrendo.<br><br>Al\u00e9m dos investimentos na\u00a0nova\u00a0f\u00e1brica, Maciel explicou que a empresa tamb\u00e9m est\u00e1 fortalecendo seu parque de m\u00e1quinas, com\u00a0nova\u00a0frota de caminh\u00f5es. Outra linha da empresa \u00e9 trabalhar na melhoria dos produtos, com desenvolvimento pr\u00f3prio\u00a0no\u00a0centro de pesquisa da empresa.<br><br><strong>Asfalto\u00a0com pl\u00e1stico reciclado<\/strong><br>Em\u00a02022, a companhia desenvolveu o GreenFlex,\u00a0asfalto\u00a0que se utiliza de pl\u00e1stico reciclado\u00a0em\u00a0sua composi\u00e7\u00e3o, o que diminui o uso dos componentes a base de petr\u00f3leo. Outra solu\u00e7\u00e3o na linha da redu\u00e7\u00e3o das emiss\u00f5es \u00e9 o reaproveitamento cada vez maior do material fresado.<br><br>&#8220;O custo \u00e9 o do processo. Envolve a diminui\u00e7\u00e3o dos custos de manuten\u00e7\u00e3o. Quando se faz esse material, diminui-se o custo de manuten\u00e7\u00e3o ao longo do tempo&#8221;, explicou Maciel.\u00a0<br><br>Segundo Maciel, h\u00e1 compostos onde a empresa j\u00e1 se utilizou de at\u00e9 30% de material reciclado, o que reduz a quantidade de mat\u00e9ria-prima\u00a0e\u00a0tamb\u00e9m as emiss\u00f5es\u00a0em\u00a0outras etapas do processo, como a\u00a0chamada &#8220;usinagem&#8221; (mistura do CAP com as pedras).<br><br><strong>Mudan\u00e7as clim\u00e1ticas<\/strong><br>As pesquisas da empresa apontaram que esses compostos tamb\u00e9m t\u00eam uma maior durabilidade, especialmente contra os efeitos de deforma\u00e7\u00e3o do pavimento. Maciel lembra ainda que esses estudos j\u00e1 est\u00e3o levando\u00a0em\u00a0considera\u00e7\u00e3o as mudan\u00e7as clim\u00e1ticas, que t\u00eam impactado o setor.<br><br>Em\u00a0alguns lugares do mundo, os pavimentos asf\u00e1lticos est\u00e3o derretendo devido ao calor acima do previsto para a utiliza\u00e7\u00e3o deles. Maciel lembrou\u00a0que as temperaturas mais elevadas s\u00e3o tamb\u00e9m preocupa\u00e7\u00e3o para o Brasil.<br><br>&#8220;Procuramos trazer a expertise do que est\u00e1 acontecendo l\u00e1 fora para dentro do nosso centro de tecnologia&#8221;, afirmou Maciel. &#8220;O objetivo \u00e9 fazer um produto olhando para frente, como vai ser daqui a cinco, dez anos.&#8221;\u00a0<\/p>\n","protected":false},"excerpt":{"rendered":"<p>Dimmi Amora, da Ag\u00eancia iNFRA O volume de\u00a0asfalto\u00a0comercializado\u00a0no\u00a0Brasil\u00a0em\u00a02023\u00a0teve\u00a0crescimento de\u00a010,7%\u00a0em\u00a0rela\u00e7\u00e3o ao do ano anterior. Foram 2,866 milh\u00f5es de toneladas vendidas, contra 2,589 milh\u00f5es\u00a0no\u00a0mesmo per\u00edodo\u00a0em\u00a02022, de acordo com\u00a0dados da ANP\u00a0(Ag\u00eancia Nacional do Petr\u00f3leo, G\u00e1s Natural\u00a0e\u00a0Biocombust\u00edveis). O ministro dos Transportes, Renan Filho, chegou a indicar\u00a0no\u00a0in\u00edcio de\u00a02023\u00a0que a falta de\u00a0asfalto\u00a0poderia ser um poss\u00edvel gargalo para a execu\u00e7\u00e3o do or\u00e7amento [&hellip;]<\/p>\n","protected":false},"author":1,"featured_media":10440,"comment_status":"closed","ping_status":"closed","sticky":false,"template":"","format":"standard","meta":{"_monsterinsights_skip_tracking":false,"_monsterinsights_sitenote_active":false,"_monsterinsights_sitenote_note":"","_monsterinsights_sitenote_category":0,"footnotes":""},"categories":[7250,1,7],"tags":[1101,264,8358,1181,1182,127,1974,4423,1299,8359,8361,8360,8363,8362,32,4401,143,6248,8364,8365],"class_list":["post-15407","post","type-post","status-publish","format-standard","has-post-thumbnail","hentry","category-destaque-lista","category-geral","category-infratransporte","tag-anp","tag-asfalto","tag-asfalto-com-plastico-reciclado","tag-cap","tag-cimento-asfaltico-de-petroleo","tag-cnt","tag-confederacao-nacional-do-transporte","tag-desenvolvimento-sustentavel","tag-dimmi-amora","tag-emerson-maciel","tag-gargalos-logisticos","tag-greenflex","tag-industria-de-construcao","tag-infraestrutura-viaria","tag-investimentos","tag-mudancas-climaticas","tag-petrobras","tag-renan-filho","tag-stratura","tag-sustentabilidade-ambiental"],"yoast_head":"<!-- This site is optimized with the Yoast SEO Premium plugin v25.4 (Yoast SEO v26.0) - https:\/\/yoast.com\/wordpress\/plugins\/seo\/ -->\n<title>Compra de asfalto cresce 10,7% em 2023 e distribuidora planeja nova f\u00e1brica no pa\u00eds - Ag\u00eancia iNFRA<\/title>\n<meta name=\"robots\" content=\"index, follow, max-snippet:-1, max-image-preview:large, max-video-preview:-1\" \/>\n<link rel=\"canonical\" href=\"https:\/\/agenciainfra.com\/blog\/compra-de-asfalto-cresce-107-em-2023-e-distribuidora-planeja-nova-fabrica-no-pais\/\" \/>\n<meta property=\"og:locale\" content=\"pt_BR\" \/>\n<meta property=\"og:type\" content=\"article\" \/>\n<meta property=\"og:title\" content=\"Compra de asfalto cresce 10,7% em 2023 e distribuidora planeja nova f\u00e1brica no pa\u00eds\" \/>\n<meta property=\"og:description\" content=\"Dimmi Amora, da Ag\u00eancia iNFRA O volume de\u00a0asfalto\u00a0comercializado\u00a0no\u00a0Brasil\u00a0em\u00a02023\u00a0teve\u00a0crescimento de\u00a010,7%\u00a0em\u00a0rela\u00e7\u00e3o ao do ano anterior. Foram 2,866 milh\u00f5es de toneladas vendidas, contra 2,589 milh\u00f5es\u00a0no\u00a0mesmo per\u00edodo\u00a0em\u00a02022, de acordo com\u00a0dados da ANP\u00a0(Ag\u00eancia Nacional do Petr\u00f3leo, G\u00e1s Natural\u00a0e\u00a0Biocombust\u00edveis). O ministro dos Transportes, Renan Filho, chegou a indicar\u00a0no\u00a0in\u00edcio de\u00a02023\u00a0que a falta de\u00a0asfalto\u00a0poderia ser um poss\u00edvel gargalo para a execu\u00e7\u00e3o do or\u00e7amento [&hellip;]\" \/>\n<meta property=\"og:url\" content=\"https:\/\/agenciainfra.com\/blog\/compra-de-asfalto-cresce-107-em-2023-e-distribuidora-planeja-nova-fabrica-no-pais\/\" \/>\n<meta property=\"og:site_name\" content=\"Ag\u00eancia iNFRA\" \/>\n<meta property=\"article:publisher\" content=\"https:\/\/www.facebook.com\/ageninfra\" \/>\n<meta property=\"article:published_time\" content=\"2024-01-27T12:00:00+00:00\" \/>\n<meta property=\"article:modified_time\" content=\"2026-03-13T12:42:54+00:00\" \/>\n<meta property=\"og:image\" content=\"https:\/\/agenciainfra.com\/blog\/wp-content\/uploads\/2022\/05\/asfalto-foto-dominio-publico.jpg\" \/>\n\t<meta property=\"og:image:width\" content=\"1920\" \/>\n\t<meta property=\"og:image:height\" content=\"1276\" \/>\n\t<meta property=\"og:image:type\" content=\"image\/jpeg\" \/>\n<meta name=\"author\" content=\"Ag\u00eancia iNFRA\" \/>\n<meta name=\"twitter:card\" content=\"summary_large_image\" \/>\n<meta name=\"twitter:creator\" content=\"@agencia_infra\" \/>\n<meta name=\"twitter:site\" content=\"@agencia_infra\" \/>\n<meta name=\"twitter:label1\" content=\"Escrito por\" \/>\n\t<meta name=\"twitter:data1\" content=\"Ag\u00eancia iNFRA\" \/>\n\t<meta name=\"twitter:label2\" content=\"Est. tempo de leitura\" \/>\n\t<meta name=\"twitter:data2\" content=\"4 minutos\" \/>\n<script type=\"application\/ld+json\" class=\"yoast-schema-graph\">{\"@context\":\"https:\/\/schema.org\",\"@graph\":[{\"@type\":\"Article\",\"@id\":\"https:\/\/agenciainfra.com\/blog\/compra-de-asfalto-cresce-107-em-2023-e-distribuidora-planeja-nova-fabrica-no-pais\/#article\",\"isPartOf\":{\"@id\":\"https:\/\/agenciainfra.com\/blog\/compra-de-asfalto-cresce-107-em-2023-e-distribuidora-planeja-nova-fabrica-no-pais\/\"},\"author\":{\"name\":\"Ag\u00eancia iNFRA\",\"@id\":\"https:\/\/agenciainfra.com\/blog\/#\/schema\/person\/34af08dff6adea4cb22b06612ba7acfa\"},\"headline\":\"Compra de asfalto cresce 10,7% em 2023 e distribuidora planeja nova f\u00e1brica no pa\u00eds\",\"datePublished\":\"2024-01-27T12:00:00+00:00\",\"dateModified\":\"2026-03-13T12:42:54+00:00\",\"mainEntityOfPage\":{\"@id\":\"https:\/\/agenciainfra.com\/blog\/compra-de-asfalto-cresce-107-em-2023-e-distribuidora-planeja-nova-fabrica-no-pais\/\"},\"wordCount\":745,\"publisher\":{\"@id\":\"https:\/\/agenciainfra.com\/blog\/#organization\"},\"image\":{\"@id\":\"https:\/\/agenciainfra.com\/blog\/compra-de-asfalto-cresce-107-em-2023-e-distribuidora-planeja-nova-fabrica-no-pais\/#primaryimage\"},\"thumbnailUrl\":\"https:\/\/agenciainfra.com\/blog\/wp-content\/uploads\/2022\/05\/asfalto-foto-dominio-publico.jpg\",\"keywords\":[\"ANP\",\"Asfalto\",\"Asfalto com Pl\u00e1stico Reciclado\",\"CAP\",\"Cimento Asf\u00e1ltico de Petr\u00f3leo\",\"CNT\",\"Confedera\u00e7\u00e3o Nacional do Transporte\",\"desenvolvimento sustent\u00e1vel\",\"Dimmi Amora\",\"Emerson Maciel\",\"Gargalos Log\u00edsticos\",\"GreenFlex\",\"Ind\u00fastria de Constru\u00e7\u00e3o\",\"Infraestrutura Vi\u00e1ria\",\"Investimentos\",\"mudan\u00e7as clim\u00e1ticas\",\"Petrobras\",\"Renan Filho\",\"Stratura\",\"Sustentabilidade Ambiental\"],\"articleSection\":[\"Destaque lista\",\"Geral\",\"iNFRATransporte\"],\"inLanguage\":\"pt-BR\",\"copyrightYear\":\"2024\",\"copyrightHolder\":{\"@id\":\"https:\/\/agenciainfra.com\/blog\/#organization\"}},{\"@type\":\"WebPage\",\"@id\":\"https:\/\/agenciainfra.com\/blog\/compra-de-asfalto-cresce-107-em-2023-e-distribuidora-planeja-nova-fabrica-no-pais\/\",\"url\":\"https:\/\/agenciainfra.com\/blog\/compra-de-asfalto-cresce-107-em-2023-e-distribuidora-planeja-nova-fabrica-no-pais\/\",\"name\":\"Compra de asfalto cresce 10,7% em 2023 e distribuidora planeja nova f\u00e1brica no pa\u00eds - Ag\u00eancia iNFRA\",\"isPartOf\":{\"@id\":\"https:\/\/agenciainfra.com\/blog\/#website\"},\"primaryImageOfPage\":{\"@id\":\"https:\/\/agenciainfra.com\/blog\/compra-de-asfalto-cresce-107-em-2023-e-distribuidora-planeja-nova-fabrica-no-pais\/#primaryimage\"},\"image\":{\"@id\":\"https:\/\/agenciainfra.com\/blog\/compra-de-asfalto-cresce-107-em-2023-e-distribuidora-planeja-nova-fabrica-no-pais\/#primaryimage\"},\"thumbnailUrl\":\"https:\/\/agenciainfra.com\/blog\/wp-content\/uploads\/2022\/05\/asfalto-foto-dominio-publico.jpg\",\"datePublished\":\"2024-01-27T12:00:00+00:00\",\"dateModified\":\"2026-03-13T12:42:54+00:00\",\"breadcrumb\":{\"@id\":\"https:\/\/agenciainfra.com\/blog\/compra-de-asfalto-cresce-107-em-2023-e-distribuidora-planeja-nova-fabrica-no-pais\/#breadcrumb\"},\"inLanguage\":\"pt-BR\",\"potentialAction\":[{\"@type\":\"ReadAction\",\"target\":[\"https:\/\/agenciainfra.com\/blog\/compra-de-asfalto-cresce-107-em-2023-e-distribuidora-planeja-nova-fabrica-no-pais\/\"]}]},{\"@type\":\"ImageObject\",\"inLanguage\":\"pt-BR\",\"@id\":\"https:\/\/agenciainfra.com\/blog\/compra-de-asfalto-cresce-107-em-2023-e-distribuidora-planeja-nova-fabrica-no-pais\/#primaryimage\",\"url\":\"https:\/\/agenciainfra.com\/blog\/wp-content\/uploads\/2022\/05\/asfalto-foto-dominio-publico.jpg\",\"contentUrl\":\"https:\/\/agenciainfra.com\/blog\/wp-content\/uploads\/2022\/05\/asfalto-foto-dominio-publico.jpg\",\"width\":1920,\"height\":1276},{\"@type\":\"BreadcrumbList\",\"@id\":\"https:\/\/agenciainfra.com\/blog\/compra-de-asfalto-cresce-107-em-2023-e-distribuidora-planeja-nova-fabrica-no-pais\/#breadcrumb\",\"itemListElement\":[{\"@type\":\"ListItem\",\"position\":1,\"name\":\"In\u00edcio\",\"item\":\"https:\/\/agenciainfra.com\/blog\/\"},{\"@type\":\"ListItem\",\"position\":2,\"name\":\"Compra de asfalto cresce 10,7% em 2023 e distribuidora planeja nova f\u00e1brica no pa\u00eds\"}]},{\"@type\":\"WebSite\",\"@id\":\"https:\/\/agenciainfra.com\/blog\/#website\",\"url\":\"https:\/\/agenciainfra.com\/blog\/\",\"name\":\"Ag\u00eancia iNFRA\",\"description\":\"Multiplataforma de informa\u00e7\u00e3o jornal\u00edstica refer\u00eancia na \u00e1rea de infraestrutura no Brasil!\",\"publisher\":{\"@id\":\"https:\/\/agenciainfra.com\/blog\/#organization\"},\"potentialAction\":[{\"@type\":\"SearchAction\",\"target\":{\"@type\":\"EntryPoint\",\"urlTemplate\":\"https:\/\/agenciainfra.com\/blog\/?s={search_term_string}\"},\"query-input\":{\"@type\":\"PropertyValueSpecification\",\"valueRequired\":true,\"valueName\":\"search_term_string\"}}],\"inLanguage\":\"pt-BR\"},{\"@type\":\"Organization\",\"@id\":\"https:\/\/agenciainfra.com\/blog\/#organization\",\"name\":\"Ag\u00eancia iNFRA\",\"url\":\"https:\/\/agenciainfra.com\/blog\/\",\"logo\":{\"@type\":\"ImageObject\",\"inLanguage\":\"pt-BR\",\"@id\":\"https:\/\/agenciainfra.com\/blog\/#\/schema\/logo\/image\/\",\"url\":\"https:\/\/agenciainfra.com\/blog\/wp-content\/uploads\/2023\/09\/iNFRA_5-e1761735885940.png\",\"contentUrl\":\"https:\/\/agenciainfra.com\/blog\/wp-content\/uploads\/2023\/09\/iNFRA_5-e1761735885940.png\",\"width\":1672,\"height\":454,\"caption\":\"Ag\u00eancia iNFRA\"},\"image\":{\"@id\":\"https:\/\/agenciainfra.com\/blog\/#\/schema\/logo\/image\/\"},\"sameAs\":[\"https:\/\/www.facebook.com\/ageninfra\",\"https:\/\/x.com\/agencia_infra\",\"https:\/\/www.linkedin.com\/company\/ag\u00eanciainfra\/\",\"https:\/\/www.instagram.com\/agenciainfra\/\"]},{\"@type\":\"Person\",\"@id\":\"https:\/\/agenciainfra.com\/blog\/#\/schema\/person\/34af08dff6adea4cb22b06612ba7acfa\",\"name\":\"Ag\u00eancia iNFRA\",\"image\":{\"@type\":\"ImageObject\",\"inLanguage\":\"pt-BR\",\"@id\":\"https:\/\/agenciainfra.com\/blog\/#\/schema\/person\/image\/\",\"url\":\"https:\/\/secure.gravatar.com\/avatar\/d189e01678f06d8eb84d4e01f08eb848b3fffe3f8443818d3c356c66892f5be8?s=96&d=mm&r=g\",\"contentUrl\":\"https:\/\/secure.gravatar.com\/avatar\/d189e01678f06d8eb84d4e01f08eb848b3fffe3f8443818d3c356c66892f5be8?s=96&d=mm&r=g\",\"caption\":\"Ag\u00eancia iNFRA\"},\"url\":\"https:\/\/agenciainfra.com\/blog\/author\/admin\/\"}]}<\/script>\n<!-- \/ Yoast SEO Premium plugin. -->","yoast_head_json":{"title":"Compra de asfalto cresce 10,7% em 2023 e distribuidora planeja nova f\u00e1brica no pa\u00eds - Ag\u00eancia iNFRA","robots":{"index":"index","follow":"follow","max-snippet":"max-snippet:-1","max-image-preview":"max-image-preview:large","max-video-preview":"max-video-preview:-1"},"canonical":"https:\/\/agenciainfra.com\/blog\/compra-de-asfalto-cresce-107-em-2023-e-distribuidora-planeja-nova-fabrica-no-pais\/","og_locale":"pt_BR","og_type":"article","og_title":"Compra de asfalto cresce 10,7% em 2023 e distribuidora planeja nova f\u00e1brica no pa\u00eds","og_description":"Dimmi Amora, da Ag\u00eancia iNFRA O volume de\u00a0asfalto\u00a0comercializado\u00a0no\u00a0Brasil\u00a0em\u00a02023\u00a0teve\u00a0crescimento de\u00a010,7%\u00a0em\u00a0rela\u00e7\u00e3o ao do ano anterior. Foram 2,866 milh\u00f5es de toneladas vendidas, contra 2,589 milh\u00f5es\u00a0no\u00a0mesmo per\u00edodo\u00a0em\u00a02022, de acordo com\u00a0dados da ANP\u00a0(Ag\u00eancia Nacional do Petr\u00f3leo, G\u00e1s Natural\u00a0e\u00a0Biocombust\u00edveis). O ministro dos Transportes, Renan Filho, chegou a indicar\u00a0no\u00a0in\u00edcio de\u00a02023\u00a0que a falta de\u00a0asfalto\u00a0poderia ser um poss\u00edvel gargalo para a execu\u00e7\u00e3o do or\u00e7amento [&hellip;]","og_url":"https:\/\/agenciainfra.com\/blog\/compra-de-asfalto-cresce-107-em-2023-e-distribuidora-planeja-nova-fabrica-no-pais\/","og_site_name":"Ag\u00eancia iNFRA","article_publisher":"https:\/\/www.facebook.com\/ageninfra","article_published_time":"2024-01-27T12:00:00+00:00","article_modified_time":"2026-03-13T12:42:54+00:00","og_image":[{"width":1920,"height":1276,"url":"https:\/\/agenciainfra.com\/blog\/wp-content\/uploads\/2022\/05\/asfalto-foto-dominio-publico.jpg","type":"image\/jpeg"}],"author":"Ag\u00eancia iNFRA","twitter_card":"summary_large_image","twitter_creator":"@agencia_infra","twitter_site":"@agencia_infra","twitter_misc":{"Escrito por":"Ag\u00eancia iNFRA","Est. tempo de leitura":"4 minutos"},"schema":{"@context":"https:\/\/schema.org","@graph":[{"@type":"Article","@id":"https:\/\/agenciainfra.com\/blog\/compra-de-asfalto-cresce-107-em-2023-e-distribuidora-planeja-nova-fabrica-no-pais\/#article","isPartOf":{"@id":"https:\/\/agenciainfra.com\/blog\/compra-de-asfalto-cresce-107-em-2023-e-distribuidora-planeja-nova-fabrica-no-pais\/"},"author":{"name":"Ag\u00eancia iNFRA","@id":"https:\/\/agenciainfra.com\/blog\/#\/schema\/person\/34af08dff6adea4cb22b06612ba7acfa"},"headline":"Compra de asfalto cresce 10,7% em 2023 e distribuidora planeja nova f\u00e1brica no pa\u00eds","datePublished":"2024-01-27T12:00:00+00:00","dateModified":"2026-03-13T12:42:54+00:00","mainEntityOfPage":{"@id":"https:\/\/agenciainfra.com\/blog\/compra-de-asfalto-cresce-107-em-2023-e-distribuidora-planeja-nova-fabrica-no-pais\/"},"wordCount":745,"publisher":{"@id":"https:\/\/agenciainfra.com\/blog\/#organization"},"image":{"@id":"https:\/\/agenciainfra.com\/blog\/compra-de-asfalto-cresce-107-em-2023-e-distribuidora-planeja-nova-fabrica-no-pais\/#primaryimage"},"thumbnailUrl":"https:\/\/agenciainfra.com\/blog\/wp-content\/uploads\/2022\/05\/asfalto-foto-dominio-publico.jpg","keywords":["ANP","Asfalto","Asfalto com Pl\u00e1stico Reciclado","CAP","Cimento Asf\u00e1ltico de Petr\u00f3leo","CNT","Confedera\u00e7\u00e3o Nacional do Transporte","desenvolvimento sustent\u00e1vel","Dimmi Amora","Emerson Maciel","Gargalos Log\u00edsticos","GreenFlex","Ind\u00fastria de Constru\u00e7\u00e3o","Infraestrutura Vi\u00e1ria","Investimentos","mudan\u00e7as clim\u00e1ticas","Petrobras","Renan Filho","Stratura","Sustentabilidade Ambiental"],"articleSection":["Destaque lista","Geral","iNFRATransporte"],"inLanguage":"pt-BR","copyrightYear":"2024","copyrightHolder":{"@id":"https:\/\/agenciainfra.com\/blog\/#organization"}},{"@type":"WebPage","@id":"https:\/\/agenciainfra.com\/blog\/compra-de-asfalto-cresce-107-em-2023-e-distribuidora-planeja-nova-fabrica-no-pais\/","url":"https:\/\/agenciainfra.com\/blog\/compra-de-asfalto-cresce-107-em-2023-e-distribuidora-planeja-nova-fabrica-no-pais\/","name":"Compra de asfalto cresce 10,7% em 2023 e distribuidora planeja nova f\u00e1brica no pa\u00eds - Ag\u00eancia iNFRA","isPartOf":{"@id":"https:\/\/agenciainfra.com\/blog\/#website"},"primaryImageOfPage":{"@id":"https:\/\/agenciainfra.com\/blog\/compra-de-asfalto-cresce-107-em-2023-e-distribuidora-planeja-nova-fabrica-no-pais\/#primaryimage"},"image":{"@id":"https:\/\/agenciainfra.com\/blog\/compra-de-asfalto-cresce-107-em-2023-e-distribuidora-planeja-nova-fabrica-no-pais\/#primaryimage"},"thumbnailUrl":"https:\/\/agenciainfra.com\/blog\/wp-content\/uploads\/2022\/05\/asfalto-foto-dominio-publico.jpg","datePublished":"2024-01-27T12:00:00+00:00","dateModified":"2026-03-13T12:42:54+00:00","breadcrumb":{"@id":"https:\/\/agenciainfra.com\/blog\/compra-de-asfalto-cresce-107-em-2023-e-distribuidora-planeja-nova-fabrica-no-pais\/#breadcrumb"},"inLanguage":"pt-BR","potentialAction":[{"@type":"ReadAction","target":["https:\/\/agenciainfra.com\/blog\/compra-de-asfalto-cresce-107-em-2023-e-distribuidora-planeja-nova-fabrica-no-pais\/"]}]},{"@type":"ImageObject","inLanguage":"pt-BR","@id":"https:\/\/agenciainfra.com\/blog\/compra-de-asfalto-cresce-107-em-2023-e-distribuidora-planeja-nova-fabrica-no-pais\/#primaryimage","url":"https:\/\/agenciainfra.com\/blog\/wp-content\/uploads\/2022\/05\/asfalto-foto-dominio-publico.jpg","contentUrl":"https:\/\/agenciainfra.com\/blog\/wp-content\/uploads\/2022\/05\/asfalto-foto-dominio-publico.jpg","width":1920,"height":1276},{"@type":"BreadcrumbList","@id":"https:\/\/agenciainfra.com\/blog\/compra-de-asfalto-cresce-107-em-2023-e-distribuidora-planeja-nova-fabrica-no-pais\/#breadcrumb","itemListElement":[{"@type":"ListItem","position":1,"name":"In\u00edcio","item":"https:\/\/agenciainfra.com\/blog\/"},{"@type":"ListItem","position":2,"name":"Compra de asfalto cresce 10,7% em 2023 e distribuidora planeja nova f\u00e1brica no pa\u00eds"}]},{"@type":"WebSite","@id":"https:\/\/agenciainfra.com\/blog\/#website","url":"https:\/\/agenciainfra.com\/blog\/","name":"Ag\u00eancia iNFRA","description":"Multiplataforma de informa\u00e7\u00e3o jornal\u00edstica refer\u00eancia na \u00e1rea de infraestrutura no Brasil!","publisher":{"@id":"https:\/\/agenciainfra.com\/blog\/#organization"},"potentialAction":[{"@type":"SearchAction","target":{"@type":"EntryPoint","urlTemplate":"https:\/\/agenciainfra.com\/blog\/?s={search_term_string}"},"query-input":{"@type":"PropertyValueSpecification","valueRequired":true,"valueName":"search_term_string"}}],"inLanguage":"pt-BR"},{"@type":"Organization","@id":"https:\/\/agenciainfra.com\/blog\/#organization","name":"Ag\u00eancia iNFRA","url":"https:\/\/agenciainfra.com\/blog\/","logo":{"@type":"ImageObject","inLanguage":"pt-BR","@id":"https:\/\/agenciainfra.com\/blog\/#\/schema\/logo\/image\/","url":"https:\/\/agenciainfra.com\/blog\/wp-content\/uploads\/2023\/09\/iNFRA_5-e1761735885940.png","contentUrl":"https:\/\/agenciainfra.com\/blog\/wp-content\/uploads\/2023\/09\/iNFRA_5-e1761735885940.png","width":1672,"height":454,"caption":"Ag\u00eancia iNFRA"},"image":{"@id":"https:\/\/agenciainfra.com\/blog\/#\/schema\/logo\/image\/"},"sameAs":["https:\/\/www.facebook.com\/ageninfra","https:\/\/x.com\/agencia_infra","https:\/\/www.linkedin.com\/company\/ag\u00eanciainfra\/","https:\/\/www.instagram.com\/agenciainfra\/"]},{"@type":"Person","@id":"https:\/\/agenciainfra.com\/blog\/#\/schema\/person\/34af08dff6adea4cb22b06612ba7acfa","name":"Ag\u00eancia iNFRA","image":{"@type":"ImageObject","inLanguage":"pt-BR","@id":"https:\/\/agenciainfra.com\/blog\/#\/schema\/person\/image\/","url":"https:\/\/secure.gravatar.com\/avatar\/d189e01678f06d8eb84d4e01f08eb848b3fffe3f8443818d3c356c66892f5be8?s=96&d=mm&r=g","contentUrl":"https:\/\/secure.gravatar.com\/avatar\/d189e01678f06d8eb84d4e01f08eb848b3fffe3f8443818d3c356c66892f5be8?s=96&d=mm&r=g","caption":"Ag\u00eancia iNFRA"},"url":"https:\/\/agenciainfra.com\/blog\/author\/admin\/"}]}},"_links":{"self":[{"href":"https:\/\/agenciainfra.com\/blog\/wp-json\/wp\/v2\/posts\/15407","targetHints":{"allow":["GET"]}}],"collection":[{"href":"https:\/\/agenciainfra.com\/blog\/wp-json\/wp\/v2\/posts"}],"about":[{"href":"https:\/\/agenciainfra.com\/blog\/wp-json\/wp\/v2\/types\/post"}],"author":[{"embeddable":true,"href":"https:\/\/agenciainfra.com\/blog\/wp-json\/wp\/v2\/users\/1"}],"replies":[{"embeddable":true,"href":"https:\/\/agenciainfra.com\/blog\/wp-json\/wp\/v2\/comments?post=15407"}],"version-history":[{"count":1,"href":"https:\/\/agenciainfra.com\/blog\/wp-json\/wp\/v2\/posts\/15407\/revisions"}],"predecessor-version":[{"id":15408,"href":"https:\/\/agenciainfra.com\/blog\/wp-json\/wp\/v2\/posts\/15407\/revisions\/15408"}],"wp:featuredmedia":[{"embeddable":true,"href":"https:\/\/agenciainfra.com\/blog\/wp-json\/wp\/v2\/media\/10440"}],"wp:attachment":[{"href":"https:\/\/agenciainfra.com\/blog\/wp-json\/wp\/v2\/media?parent=15407"}],"wp:term":[{"taxonomy":"category","embeddable":true,"href":"https:\/\/agenciainfra.com\/blog\/wp-json\/wp\/v2\/categories?post=15407"},{"taxonomy":"post_tag","embeddable":true,"href":"https:\/\/agenciainfra.com\/blog\/wp-json\/wp\/v2\/tags?post=15407"}],"curies":[{"name":"wp","href":"https:\/\/api.w.org\/{rel}","templated":true}]}}