{"id":15416,"date":"2024-01-30T06:00:00","date_gmt":"2024-01-30T09:00:00","guid":{"rendered":"https:\/\/www.agenciainfra.com\/blog\/?p=15416"},"modified":"2024-02-01T10:22:10","modified_gmt":"2024-02-01T13:22:10","slug":"analise-a-escalada-da-crise-nas-concessoes-ferroviarias-tende-a-nao-acelerar-a-implantacao-de-mais-ferrovias","status":"publish","type":"post","link":"https:\/\/agenciainfra.com\/blog\/analise-a-escalada-da-crise-nas-concessoes-ferroviarias-tende-a-nao-acelerar-a-implantacao-de-mais-ferrovias\/","title":{"rendered":"An\u00e1lise: A escalada da crise nas concess\u00f5es ferrovi\u00e1rias tende a n\u00e3o acelerar a implanta\u00e7\u00e3o de mais ferrovias"},"content":{"rendered":"\n<p class=\"has-text-align-right\"><strong>Dimmi Amora, da Ag\u00eancia iNFRA<\/strong><\/p>\n\n\n\n<p>A crise entre o governo federal e as concession\u00e1rias de ferrovias escalou mais um grau na semana passada, quando o Minist\u00e9rio dos Transportes anunciou que notificou as empresas Vale e MRS cobrando novos valores de outorga pelas renova\u00e7\u00f5es antecipadas de suas concess\u00f5es, realizadas em 2021 e 2022.<\/p>\n\n\n\n<p>De acordo com o jornal Estado de S. Paulo, a Vale \u00e9 cobrada em cerca de R$ 26 bilh\u00f5es e a MRS em quase R$ 4 bilh\u00f5es, e elas devem se pronunciar em 15 dias. O pr\u00f3ximo passo, de acordo com entrevista do ministro Renan Filho \u00e0 CNN, \u00e9 fazer a cobran\u00e7a dos valores judicialmente ou at\u00e9 relicitar os&nbsp;ativos.<\/p>\n\n\n\n<p>A cobran\u00e7a \u00e9 baseada numa tese do minist\u00e9rio de que a precifica\u00e7\u00e3o dos ativos das ferrovias feita na renova\u00e7\u00e3o conduzida pela gest\u00e3o anterior levou a preju\u00edzo ao er\u00e1rio. Ativos s\u00e3o os bens da ferrovia, como terrenos, trilhos, trens etc., pagos pelas concession\u00e1rias e&nbsp;usados para executar o servi\u00e7o de transporte de cargas. O governo anterior teria indenizado as concession\u00e1rias pelo ativo que n\u00e3o foi amortizado entre a assinatura da renova\u00e7\u00e3o e o fim do contrato.&nbsp;<\/p>\n\n\n\n<p>Por essa tese, essa indeniza\u00e7\u00e3o n\u00e3o deveria ser feita porque as duas empresas permaneceram usando o ativo, e, portanto, teriam tempo para amortizar (ou seja, usar o bem para ganhar dinheiro suficiente para pagar a despesa que teve com ele, algo determinado por lei).&nbsp;<\/p>\n\n\n\n<p>As empresas n\u00e3o concordam com esse argumento e, por isso, rejeitaram as investidas do governo para que fizessem um acordo na \u00e1rea de consenso do TCU (Tribunal de Contas da Uni\u00e3o) sobre o tema.<\/p>\n\n\n\n<p>O minist\u00e9rio sustenta que est\u00e1 fazendo a cobran\u00e7a \u00e0 Vale e \u00e0 MRS justamente ap\u00f3s o TCU validar um acordo entre a pasta e a Rumo Malha Paulista no qual a concession\u00e1ria concordou em rever esse ponto da renova\u00e7\u00e3o de seu contrato, feita em 2020, e pagar cerca de R$ 670 milh\u00f5es a mais pela renova\u00e7\u00e3o.&nbsp;<\/p>\n\n\n\n<p><strong>Interpreta\u00e7\u00e3o pr\u00f3pria<\/strong><br>Especialistas que conversaram com a&nbsp;<strong>Ag\u00eancia iNFRA<\/strong>&nbsp;indicam que o minist\u00e9rio vem interpretando a seu modo a decis\u00e3o do TCU para justificar a cobran\u00e7a \u00e0s outras concess\u00f5es. Um dos pontos do ac\u00f3rd\u00e3o \u00e9 que n\u00e3o houve por parte do Tribunal decis\u00e3o que tratasse de outros contratos al\u00e9m do da Rumo.<\/p>\n\n\n\n<p>Tecnicamente porque, segundo um dos ministros que votou, tratava-se de um acordo entre partes e n\u00e3o de um processo de auditoria do \u00f3rg\u00e3o. No caso de um acordo, se as duas partes aceitam o termo, o acordo est\u00e1 feito e o TCU n\u00e3o teria que se imiscuir nessa negocia\u00e7\u00e3o. Numa auditoria, o TCU teria que validar as contas feitas, o que n\u00e3o aconteceu.<\/p>\n\n\n\n<p>Mas, para al\u00e9m disso, a tentativa do relator do processo, ministro Vital do R\u00eago, de colocar uma recomenda\u00e7\u00e3o expl\u00edcita para a revis\u00e3o do valor dos ativos de outros contratos foi barrada por outros ministros. S\u00f3 depois disso, o acordo com a Rumo Malha Paulista foi aprovado em plen\u00e1rio, mesmo assim com dois votos contr\u00e1rios.&nbsp;<\/p>\n\n\n\n<p>Se n\u00e3o havia unanimidade sobre o tema antes, n\u00e3o ser\u00e1 simples que o TCU reavalie sua posi\u00e7\u00e3o para permitir que os contratos de renova\u00e7\u00e3o, cujas assinaturas ele mesmo chancelou, ao analisar detidamente o processo de relicita\u00e7\u00e3o&nbsp;por anos, mudem agora. Mas isso tamb\u00e9m n\u00e3o pode ser considerado imposs\u00edvel, na vis\u00e3o de um analista.<\/p>\n\n\n\n<p><strong>Base de ativos: fragilidade nos processos<\/strong><br>Tecnicamente, a base de ativos \u00e9 uma fragilidade dos processos de relicita\u00e7\u00e3o e de renova\u00e7\u00e3o de concess\u00f5es de infraestrutura. Na \u00e1rea de rodovias, por exemplo, saber quanto uma empresa tem a receber pelo que fez quando vai sair do contrato \u00e9 o problema que impede h\u00e1 praticamente sete anos que qualquer rodovia seja relicitada. Saneamento tamb\u00e9m tem problemas.<\/p>\n\n\n\n<p>No caso das ferrovias, essa fragilidade apareceu em v\u00e1rios momentos do processo de renova\u00e7\u00e3o, que come\u00e7ou em 2015. Um dos maiores problemas deu-se justamente com as ferrovias da Vale (Caraj\u00e1s e Vit\u00f3ria a Minas). Elas foram constru\u00eddas n\u00e3o pelo Estado, como no caso das ferrovias concedidas que vieram da Rede Ferrovi\u00e1ria Federal (Malha Paulista e MRS, por exemplo), mas por uma empresa que na \u00e9poca era estatal, a CVRD (Companhia Vale do Rio Doce), atualmente a Vale.<\/p>\n\n\n\n<p>Os ativos, portanto, eram da CVRD. As matr\u00edculas dos terrenos por onde passam as ferrovias est\u00e3o em nome da CVRD. Quando a CVRD foi privatizada no in\u00edcio dos anos 1990, para valorizar a empresa para a venda, o governo colocou as ferrovias como bens da futura empresa privada, que viria a ser a Vale.<\/p>\n\n\n\n<p>Apesar de os bens serem dela (teoricamente para sempre), o contrato de concess\u00e3o da presta\u00e7\u00e3o do servi\u00e7o ferrovi\u00e1rio, nos dois casos, vencia em 2027. A situa\u00e7\u00e3o era sui generis porque o contrato poderia n\u00e3o ser renovado e ent\u00e3o a Vale n\u00e3o poderia prestar o servi\u00e7o ferrovi\u00e1rio. Mas quem vencesse a nova concess\u00e3o do servi\u00e7o teria que pagar \u00e0 Vale para&nbsp;usar tudo o que ela construiu.<\/p>\n\n\n\n<p>A pergunta que ficava era: uma ferrovia que tinha um contrato de concess\u00e3o p\u00fablica dos servi\u00e7os de transporte ferrovi\u00e1rio poderia permanecer como se fosse um bem privado de uma empresa? A solu\u00e7\u00e3o encontrada foi o governo receber o ativo das ferrovias, mas para isso teria que indenizar a Vale.<\/p>\n\n\n\n<p><strong>Conta do valor do ativo ainda n\u00e3o fechou<\/strong><br>Da\u00ed vem, na tese da renova\u00e7\u00e3o de 2021, o valor bilion\u00e1rio que a empresa teve avaliado como a receber na renova\u00e7\u00e3o do contrato. Ao fim do pr\u00f3ximo contrato, pelo que explicou na \u00e9poca o governo, n\u00e3o haveria mais d\u00favidas de que o ativo era da Uni\u00e3o e ela poder\u00e1 at\u00e9 mesmo relicitar para outro o servi\u00e7o e os bens das duas ferrovias.<\/p>\n\n\n\n<p>No entanto, ainda havia uma fragilidade no tema, apontada no TCU. A conta sobre o valor do ativo era da pr\u00f3pria Vale (e das outras concession\u00e1rias para as suas renova\u00e7\u00f5es), e o governo e a ag\u00eancia n\u00e3o fizeram uma checagem apropriada sobre se estava correta ou n\u00e3o.&nbsp;<\/p>\n\n\n\n<p>A inten\u00e7\u00e3o dos t\u00e9cnicos do tribunal era que, antes de renovar, fosse feita essa checagem. Mas os ministros decidiram flexibilizar esse ponto e permitiram que a checagem ocorresse depois da renova\u00e7\u00e3o. Contudo, ficou o compromisso das empresas de pagar a diferen\u00e7a que fosse apurada entre o valor dado \u00e0 base de ativos na renova\u00e7\u00e3o e o que fosse apresentado ap\u00f3s a checagem, caso houvesse.&nbsp;<\/p>\n\n\n\n<p>Essa conta ainda est\u00e1 sendo feita para todas as concess\u00f5es, inclusive a da Rumo Malha Paulista, at\u00e9 hoje. Uma das decis\u00f5es no acordo recentemente assinado era que os R$ 670 milh\u00f5es da Rumo, pagos a t\u00edtulo de &#8220;vantajosidade&#8221; pelo fato de o governo estar permitindo mudan\u00e7as no contrato&nbsp;para que ela cumpra as obriga\u00e7\u00f5es previstas, n\u00e3o interferiria nessa checagem do valor da base de ativos.<\/p>\n\n\n\n<p><strong>Tentativa frustrada de negociar<\/strong><br>Vale e MRS tentaram negociar com o minist\u00e9rio para que o valor que o governo quer arrecadar com a renegocia\u00e7\u00e3o para abastecer um fundo para financiar futuras ferrovias viesse dessa checagem do valor da base de ativos, o que seria menor que o pedido da revis\u00e3o da base de ativos.<\/p>\n\n\n\n<p>Mas o governo n\u00e3o aceitou e decidiu cobrar usando a tese da amortiza\u00e7\u00e3o irregular. Indica que, como a Rumo, as empresas tamb\u00e9m v\u00e3o precisar rever seus contratos para poderem cumprir as regras da renova\u00e7\u00e3o. Mas as empresas n\u00e3o parecem mais estarem dispostas a pedir mudan\u00e7as e querem entregar as obriga\u00e7\u00f5es, ainda que achem que parte delas s\u00e3o ineficientes.<\/p>\n\n\n\n<p>Nenhum dos apelos ao governo para rever essa cobran\u00e7a, inclusive o de que isso traria inseguran\u00e7a jur\u00eddica para todos os contratos de concess\u00e3o, funcionou at\u00e9 o momento. O minist\u00e9rio vem afirmando que sua atua\u00e7\u00e3o n\u00e3o traz inseguran\u00e7a, mas n\u00e3o \u00e9 essa a percep\u00e7\u00e3o em diferentes agentes do setor. As negocia\u00e7\u00f5es s\u00e3o marcadas por desconfian\u00e7as de parte a parte e, no momento, n\u00e3o indicam uma solu\u00e7\u00e3o de consenso.<\/p>\n\n\n\n<p>No fim das contas, o objetivo do governo anunciado \u00e9, com essas renegocia\u00e7\u00f5es, fazer mais ferrovias, algo que o pa\u00eds precisa muito para evitar gargalos log\u00edsticos que j\u00e1 est\u00e3o vis\u00edveis nos pr\u00f3ximos&nbsp;cinco anos. Mas, no momento, segundo um analista, a forma usada n\u00e3o tende a alcan\u00e7ar esse objetivo.<\/p>\n\n\n\n<p>Isso porque o governo foi deixado pela gest\u00e3o anterior, que apostou em um modelo que se mostrou ineficiente para tirar ferrovias do papel, sem projetos em prateleira para fazer ferrovias no pa\u00eds, como informou o pr\u00f3prio secret\u00e1rio de Ferrovias do minist\u00e9rio, Leonardo Ribeiro, em entrevista \u00e0\u00a0<strong>Ag\u00eancia iNFRA<\/strong>. Se o minist\u00e9rio admite que projetos de concess\u00f5es rodovi\u00e1rias demoram seis anos para serem licitados, quanto tempo ser\u00e1 preciso para fazer os de ferrovias, que s\u00e3o mais complexos?<\/p>\n\n\n\n<p><strong>Sem for\u00e7a legislativa<\/strong><br>Ainda que tivesse projetos, n\u00e3o h\u00e1 instrumentos jur\u00eddicos para garantir que o dinheiro que as concession\u00e1rias venham a pagar a mais v\u00e1 para um fundo a ser usado completamente para as ferrovias. Para que o &#8220;Haddad n\u00e3o fique com tudo para fazer superavit&#8221;, como disse um conhecedor do tema, seriam necess\u00e1rias mudan\u00e7as no Legislativo, lugar onde o ministro Renan Filho n\u00e3o tem no momento for\u00e7a para tal.<\/p>\n\n\n\n<p>Sem perspectiva de ter dinheiro do or\u00e7amento da Uni\u00e3o para o setor, o instrumento legal h\u00e1bil, validado por uma decis\u00e3o do STF (Supremo Tribunal Federal), para fazer com que a maior parte do dinheiro n\u00e3o v\u00e1 para o caixa da Uni\u00e3o e seja revertido diretamente em obras ferrovi\u00e1rias \u00e9 o investimento cruzado. O mecanismo foi criado no governo do presidente Michel Temer e permite que a pr\u00f3pria empresa use recursos que iriam para o caixa da Uni\u00e3o para fazer obras ou compras. Prontas, as obras s\u00e3o entregues \u00e0 Uni\u00e3o.<\/p>\n\n\n\n<p>\u00c9 o que est\u00e1 sendo feito no momento pela Vale com a constru\u00e7\u00e3o da Fico (Ferrovia de Integra\u00e7\u00e3o Centro-Oeste) e a entrega de trilhos para a Fiol (Ferrovia de Integra\u00e7\u00e3o Oeste-Leste), como resultado do que restou de outorga das renova\u00e7\u00f5es feitas em 2021 (o governo diz que h\u00e1 descumprimentos nesse processo, a empresa nega e n\u00e3o h\u00e1 nada oficial, at\u00e9 o momento, que ateste descumprimentos).<\/p>\n\n\n\n<p>Na entrevista \u00e0 <strong>Ag\u00eancia iNFRA<\/strong>, o secret\u00e1rio Leonardo Ribeiro apontou cr\u00edticas pertinentes ao modelo de investimento cruzado como foi executado, que pode ser aperfei\u00e7oado e receber inova\u00e7\u00f5es, como o dinheiro financiar PPPs, por exemplo, lembrando que essa tem sido a pr\u00e1tica em v\u00e1rios pa\u00edses.<\/p>\n\n\n\n<p>N\u00e3o parece prov\u00e1vel que uma judicializa\u00e7\u00e3o v\u00e1 fazer uma empresa que est\u00e1 sendo contestada tenha boa vontade para efetivar um acordo em que ela mesmo ter\u00e1 que elaborar projetos, construir uma ferrovia e entregar para o Estado.&nbsp;<\/p>\n\n\n\n<p>Uma obriga\u00e7\u00e3o vinda do Judici\u00e1rio para que ela pague a mais ou fa\u00e7a obras tende a demorar. Al\u00e9m, claro, de garantir notici\u00e1rio&nbsp;aos&nbsp;ve\u00edculos de comunica\u00e7\u00e3o e bons&nbsp;trabalhos por longo tempo para as bancas de advogados e consultores do pa\u00eds.<\/p>\n","protected":false},"excerpt":{"rendered":"<p>Dimmi Amora, da Ag\u00eancia iNFRA A crise entre o governo federal e as concession\u00e1rias de ferrovias escalou mais um grau na semana passada, quando o Minist\u00e9rio dos Transportes anunciou que notificou as empresas Vale e MRS cobrando novos valores de outorga pelas renova\u00e7\u00f5es antecipadas de suas concess\u00f5es, realizadas em 2021 e 2022. De acordo com [&hellip;]<\/p>\n","protected":false},"author":1,"featured_media":5334,"comment_status":"closed","ping_status":"closed","sticky":false,"template":"","format":"standard","meta":{"_monsterinsights_skip_tracking":false,"_monsterinsights_sitenote_active":false,"_monsterinsights_sitenote_note":"","_monsterinsights_sitenote_category":0,"footnotes":""},"categories":[7248,7250,1,7],"tags":[563,3514,157,120,472,156,16,81,6248,7169,823,18,1033,83,860],"class_list":["post-15416","post","type-post","status-publish","format-standard","has-post-thumbnail","hentry","category-cabecalho","category-destaque-lista","category-geral","category-infratransporte","tag-concessoes-ferroviarias","tag-ferrovia-de-integracao-centro-oeste","tag-ferrovia-de-integracao-oeste-leste","tag-ferrovias","tag-fico","tag-fiol","tag-ministerio-dos-transportes","tag-mrs","tag-renan-filho","tag-renovacao-de-concessoes","tag-rumo-malha-paulista","tag-tcu","tag-transporte-ferroviario","tag-vale","tag-vital-do-rego"],"yoast_head":"<!-- This site is optimized with the Yoast SEO Premium plugin v25.4 (Yoast SEO v26.0) - https:\/\/yoast.com\/wordpress\/plugins\/seo\/ -->\n<title>An\u00e1lise: A escalada da crise nas concess\u00f5es ferrovi\u00e1rias tende a n\u00e3o acelerar a implanta\u00e7\u00e3o de mais ferrovias - Ag\u00eancia iNFRA<\/title>\n<meta name=\"robots\" content=\"index, follow, max-snippet:-1, max-image-preview:large, max-video-preview:-1\" \/>\n<link rel=\"canonical\" href=\"https:\/\/agenciainfra.com\/blog\/analise-a-escalada-da-crise-nas-concessoes-ferroviarias-tende-a-nao-acelerar-a-implantacao-de-mais-ferrovias\/\" \/>\n<meta property=\"og:locale\" content=\"pt_BR\" \/>\n<meta property=\"og:type\" content=\"article\" \/>\n<meta property=\"og:title\" content=\"An\u00e1lise: A escalada da crise nas concess\u00f5es ferrovi\u00e1rias tende a n\u00e3o acelerar a implanta\u00e7\u00e3o de mais ferrovias\" \/>\n<meta property=\"og:description\" content=\"Dimmi Amora, da Ag\u00eancia iNFRA A crise entre o governo federal e as concession\u00e1rias de ferrovias escalou mais um grau na semana passada, quando o Minist\u00e9rio dos Transportes anunciou que notificou as empresas Vale e MRS cobrando novos valores de outorga pelas renova\u00e7\u00f5es antecipadas de suas concess\u00f5es, realizadas em 2021 e 2022. De acordo com [&hellip;]\" \/>\n<meta property=\"og:url\" content=\"https:\/\/agenciainfra.com\/blog\/analise-a-escalada-da-crise-nas-concessoes-ferroviarias-tende-a-nao-acelerar-a-implantacao-de-mais-ferrovias\/\" \/>\n<meta property=\"og:site_name\" content=\"Ag\u00eancia iNFRA\" \/>\n<meta property=\"article:publisher\" content=\"https:\/\/www.facebook.com\/ageninfra\" \/>\n<meta property=\"article:published_time\" content=\"2024-01-30T09:00:00+00:00\" \/>\n<meta property=\"article:modified_time\" content=\"2024-02-01T13:22:10+00:00\" \/>\n<meta property=\"og:image\" content=\"https:\/\/agenciainfra.com\/blog\/wp-content\/uploads\/2020\/07\/efvm-foto-embratur.jpg\" \/>\n\t<meta property=\"og:image:width\" content=\"1200\" \/>\n\t<meta property=\"og:image:height\" content=\"801\" \/>\n\t<meta property=\"og:image:type\" content=\"image\/jpeg\" \/>\n<meta name=\"author\" content=\"Ag\u00eancia iNFRA\" \/>\n<meta name=\"twitter:card\" content=\"summary_large_image\" \/>\n<meta name=\"twitter:creator\" content=\"@agencia_infra\" \/>\n<meta name=\"twitter:site\" content=\"@agencia_infra\" \/>\n<meta name=\"twitter:label1\" content=\"Escrito por\" \/>\n\t<meta name=\"twitter:data1\" content=\"Ag\u00eancia iNFRA\" \/>\n\t<meta name=\"twitter:label2\" content=\"Est. tempo de leitura\" \/>\n\t<meta name=\"twitter:data2\" content=\"10 minutos\" \/>\n<script type=\"application\/ld+json\" class=\"yoast-schema-graph\">{\"@context\":\"https:\/\/schema.org\",\"@graph\":[{\"@type\":\"Article\",\"@id\":\"https:\/\/agenciainfra.com\/blog\/analise-a-escalada-da-crise-nas-concessoes-ferroviarias-tende-a-nao-acelerar-a-implantacao-de-mais-ferrovias\/#article\",\"isPartOf\":{\"@id\":\"https:\/\/agenciainfra.com\/blog\/analise-a-escalada-da-crise-nas-concessoes-ferroviarias-tende-a-nao-acelerar-a-implantacao-de-mais-ferrovias\/\"},\"author\":{\"name\":\"Ag\u00eancia iNFRA\",\"@id\":\"https:\/\/agenciainfra.com\/blog\/#\/schema\/person\/34af08dff6adea4cb22b06612ba7acfa\"},\"headline\":\"An\u00e1lise: A escalada da crise nas concess\u00f5es ferrovi\u00e1rias tende a n\u00e3o acelerar a implanta\u00e7\u00e3o de mais ferrovias\",\"datePublished\":\"2024-01-30T09:00:00+00:00\",\"dateModified\":\"2024-02-01T13:22:10+00:00\",\"mainEntityOfPage\":{\"@id\":\"https:\/\/agenciainfra.com\/blog\/analise-a-escalada-da-crise-nas-concessoes-ferroviarias-tende-a-nao-acelerar-a-implantacao-de-mais-ferrovias\/\"},\"wordCount\":1973,\"publisher\":{\"@id\":\"https:\/\/agenciainfra.com\/blog\/#organization\"},\"image\":{\"@id\":\"https:\/\/agenciainfra.com\/blog\/analise-a-escalada-da-crise-nas-concessoes-ferroviarias-tende-a-nao-acelerar-a-implantacao-de-mais-ferrovias\/#primaryimage\"},\"thumbnailUrl\":\"https:\/\/agenciainfra.com\/blog\/wp-content\/uploads\/2020\/07\/efvm-foto-embratur.jpg\",\"keywords\":[\"concess\u00f5es ferrovi\u00e1rias\",\"Ferrovia de Integra\u00e7\u00e3o Centro-Oeste\",\"Ferrovia de Integra\u00e7\u00e3o Oeste-Leste\",\"Ferrovias\",\"FICO\",\"FIOL\",\"minist\u00e9rio dos transportes\",\"MRS\",\"Renan Filho\",\"renova\u00e7\u00e3o de concess\u00f5es\",\"Rumo Malha Paulista\",\"TCU\",\"transporte ferrovi\u00e1rio\",\"Vale\",\"Vital do R\u00eago\"],\"articleSection\":[\"Cabe\u00e7alho\",\"Destaque lista\",\"Geral\",\"iNFRATransporte\"],\"inLanguage\":\"pt-BR\",\"copyrightYear\":\"2024\",\"copyrightHolder\":{\"@id\":\"https:\/\/agenciainfra.com\/blog\/#organization\"}},{\"@type\":\"WebPage\",\"@id\":\"https:\/\/agenciainfra.com\/blog\/analise-a-escalada-da-crise-nas-concessoes-ferroviarias-tende-a-nao-acelerar-a-implantacao-de-mais-ferrovias\/\",\"url\":\"https:\/\/agenciainfra.com\/blog\/analise-a-escalada-da-crise-nas-concessoes-ferroviarias-tende-a-nao-acelerar-a-implantacao-de-mais-ferrovias\/\",\"name\":\"An\u00e1lise: A escalada da crise nas concess\u00f5es ferrovi\u00e1rias tende a n\u00e3o acelerar a implanta\u00e7\u00e3o de mais ferrovias - Ag\u00eancia iNFRA\",\"isPartOf\":{\"@id\":\"https:\/\/agenciainfra.com\/blog\/#website\"},\"primaryImageOfPage\":{\"@id\":\"https:\/\/agenciainfra.com\/blog\/analise-a-escalada-da-crise-nas-concessoes-ferroviarias-tende-a-nao-acelerar-a-implantacao-de-mais-ferrovias\/#primaryimage\"},\"image\":{\"@id\":\"https:\/\/agenciainfra.com\/blog\/analise-a-escalada-da-crise-nas-concessoes-ferroviarias-tende-a-nao-acelerar-a-implantacao-de-mais-ferrovias\/#primaryimage\"},\"thumbnailUrl\":\"https:\/\/agenciainfra.com\/blog\/wp-content\/uploads\/2020\/07\/efvm-foto-embratur.jpg\",\"datePublished\":\"2024-01-30T09:00:00+00:00\",\"dateModified\":\"2024-02-01T13:22:10+00:00\",\"breadcrumb\":{\"@id\":\"https:\/\/agenciainfra.com\/blog\/analise-a-escalada-da-crise-nas-concessoes-ferroviarias-tende-a-nao-acelerar-a-implantacao-de-mais-ferrovias\/#breadcrumb\"},\"inLanguage\":\"pt-BR\",\"potentialAction\":[{\"@type\":\"ReadAction\",\"target\":[\"https:\/\/agenciainfra.com\/blog\/analise-a-escalada-da-crise-nas-concessoes-ferroviarias-tende-a-nao-acelerar-a-implantacao-de-mais-ferrovias\/\"]}]},{\"@type\":\"ImageObject\",\"inLanguage\":\"pt-BR\",\"@id\":\"https:\/\/agenciainfra.com\/blog\/analise-a-escalada-da-crise-nas-concessoes-ferroviarias-tende-a-nao-acelerar-a-implantacao-de-mais-ferrovias\/#primaryimage\",\"url\":\"https:\/\/agenciainfra.com\/blog\/wp-content\/uploads\/2020\/07\/efvm-foto-embratur.jpg\",\"contentUrl\":\"https:\/\/agenciainfra.com\/blog\/wp-content\/uploads\/2020\/07\/efvm-foto-embratur.jpg\",\"width\":1200,\"height\":801},{\"@type\":\"BreadcrumbList\",\"@id\":\"https:\/\/agenciainfra.com\/blog\/analise-a-escalada-da-crise-nas-concessoes-ferroviarias-tende-a-nao-acelerar-a-implantacao-de-mais-ferrovias\/#breadcrumb\",\"itemListElement\":[{\"@type\":\"ListItem\",\"position\":1,\"name\":\"In\u00edcio\",\"item\":\"https:\/\/agenciainfra.com\/blog\/\"},{\"@type\":\"ListItem\",\"position\":2,\"name\":\"An\u00e1lise: A escalada da crise nas concess\u00f5es ferrovi\u00e1rias tende a n\u00e3o acelerar a implanta\u00e7\u00e3o de mais ferrovias\"}]},{\"@type\":\"WebSite\",\"@id\":\"https:\/\/agenciainfra.com\/blog\/#website\",\"url\":\"https:\/\/agenciainfra.com\/blog\/\",\"name\":\"Ag\u00eancia iNFRA\",\"description\":\"Multiplataforma de informa\u00e7\u00e3o jornal\u00edstica refer\u00eancia na \u00e1rea de infraestrutura no Brasil!\",\"publisher\":{\"@id\":\"https:\/\/agenciainfra.com\/blog\/#organization\"},\"potentialAction\":[{\"@type\":\"SearchAction\",\"target\":{\"@type\":\"EntryPoint\",\"urlTemplate\":\"https:\/\/agenciainfra.com\/blog\/?s={search_term_string}\"},\"query-input\":{\"@type\":\"PropertyValueSpecification\",\"valueRequired\":true,\"valueName\":\"search_term_string\"}}],\"inLanguage\":\"pt-BR\"},{\"@type\":\"Organization\",\"@id\":\"https:\/\/agenciainfra.com\/blog\/#organization\",\"name\":\"Ag\u00eancia iNFRA\",\"url\":\"https:\/\/agenciainfra.com\/blog\/\",\"logo\":{\"@type\":\"ImageObject\",\"inLanguage\":\"pt-BR\",\"@id\":\"https:\/\/agenciainfra.com\/blog\/#\/schema\/logo\/image\/\",\"url\":\"https:\/\/agenciainfra.com\/blog\/wp-content\/uploads\/2023\/09\/iNFRA_5-e1761735885940.png\",\"contentUrl\":\"https:\/\/agenciainfra.com\/blog\/wp-content\/uploads\/2023\/09\/iNFRA_5-e1761735885940.png\",\"width\":1672,\"height\":454,\"caption\":\"Ag\u00eancia iNFRA\"},\"image\":{\"@id\":\"https:\/\/agenciainfra.com\/blog\/#\/schema\/logo\/image\/\"},\"sameAs\":[\"https:\/\/www.facebook.com\/ageninfra\",\"https:\/\/x.com\/agencia_infra\",\"https:\/\/www.linkedin.com\/company\/ag\u00eanciainfra\/\",\"https:\/\/www.instagram.com\/agenciainfra\/\"]},{\"@type\":\"Person\",\"@id\":\"https:\/\/agenciainfra.com\/blog\/#\/schema\/person\/34af08dff6adea4cb22b06612ba7acfa\",\"name\":\"Ag\u00eancia iNFRA\",\"image\":{\"@type\":\"ImageObject\",\"inLanguage\":\"pt-BR\",\"@id\":\"https:\/\/agenciainfra.com\/blog\/#\/schema\/person\/image\/\",\"url\":\"https:\/\/secure.gravatar.com\/avatar\/d189e01678f06d8eb84d4e01f08eb848b3fffe3f8443818d3c356c66892f5be8?s=96&d=mm&r=g\",\"contentUrl\":\"https:\/\/secure.gravatar.com\/avatar\/d189e01678f06d8eb84d4e01f08eb848b3fffe3f8443818d3c356c66892f5be8?s=96&d=mm&r=g\",\"caption\":\"Ag\u00eancia iNFRA\"},\"url\":\"https:\/\/agenciainfra.com\/blog\/author\/admin\/\"}]}<\/script>\n<!-- \/ Yoast SEO Premium plugin. -->","yoast_head_json":{"title":"An\u00e1lise: A escalada da crise nas concess\u00f5es ferrovi\u00e1rias tende a n\u00e3o acelerar a implanta\u00e7\u00e3o de mais ferrovias - Ag\u00eancia iNFRA","robots":{"index":"index","follow":"follow","max-snippet":"max-snippet:-1","max-image-preview":"max-image-preview:large","max-video-preview":"max-video-preview:-1"},"canonical":"https:\/\/agenciainfra.com\/blog\/analise-a-escalada-da-crise-nas-concessoes-ferroviarias-tende-a-nao-acelerar-a-implantacao-de-mais-ferrovias\/","og_locale":"pt_BR","og_type":"article","og_title":"An\u00e1lise: A escalada da crise nas concess\u00f5es ferrovi\u00e1rias tende a n\u00e3o acelerar a implanta\u00e7\u00e3o de mais ferrovias","og_description":"Dimmi Amora, da Ag\u00eancia iNFRA A crise entre o governo federal e as concession\u00e1rias de ferrovias escalou mais um grau na semana passada, quando o Minist\u00e9rio dos Transportes anunciou que notificou as empresas Vale e MRS cobrando novos valores de outorga pelas renova\u00e7\u00f5es antecipadas de suas concess\u00f5es, realizadas em 2021 e 2022. De acordo com [&hellip;]","og_url":"https:\/\/agenciainfra.com\/blog\/analise-a-escalada-da-crise-nas-concessoes-ferroviarias-tende-a-nao-acelerar-a-implantacao-de-mais-ferrovias\/","og_site_name":"Ag\u00eancia iNFRA","article_publisher":"https:\/\/www.facebook.com\/ageninfra","article_published_time":"2024-01-30T09:00:00+00:00","article_modified_time":"2024-02-01T13:22:10+00:00","og_image":[{"width":1200,"height":801,"url":"https:\/\/agenciainfra.com\/blog\/wp-content\/uploads\/2020\/07\/efvm-foto-embratur.jpg","type":"image\/jpeg"}],"author":"Ag\u00eancia iNFRA","twitter_card":"summary_large_image","twitter_creator":"@agencia_infra","twitter_site":"@agencia_infra","twitter_misc":{"Escrito por":"Ag\u00eancia iNFRA","Est. tempo de leitura":"10 minutos"},"schema":{"@context":"https:\/\/schema.org","@graph":[{"@type":"Article","@id":"https:\/\/agenciainfra.com\/blog\/analise-a-escalada-da-crise-nas-concessoes-ferroviarias-tende-a-nao-acelerar-a-implantacao-de-mais-ferrovias\/#article","isPartOf":{"@id":"https:\/\/agenciainfra.com\/blog\/analise-a-escalada-da-crise-nas-concessoes-ferroviarias-tende-a-nao-acelerar-a-implantacao-de-mais-ferrovias\/"},"author":{"name":"Ag\u00eancia iNFRA","@id":"https:\/\/agenciainfra.com\/blog\/#\/schema\/person\/34af08dff6adea4cb22b06612ba7acfa"},"headline":"An\u00e1lise: A escalada da crise nas concess\u00f5es ferrovi\u00e1rias tende a n\u00e3o acelerar a implanta\u00e7\u00e3o de mais ferrovias","datePublished":"2024-01-30T09:00:00+00:00","dateModified":"2024-02-01T13:22:10+00:00","mainEntityOfPage":{"@id":"https:\/\/agenciainfra.com\/blog\/analise-a-escalada-da-crise-nas-concessoes-ferroviarias-tende-a-nao-acelerar-a-implantacao-de-mais-ferrovias\/"},"wordCount":1973,"publisher":{"@id":"https:\/\/agenciainfra.com\/blog\/#organization"},"image":{"@id":"https:\/\/agenciainfra.com\/blog\/analise-a-escalada-da-crise-nas-concessoes-ferroviarias-tende-a-nao-acelerar-a-implantacao-de-mais-ferrovias\/#primaryimage"},"thumbnailUrl":"https:\/\/agenciainfra.com\/blog\/wp-content\/uploads\/2020\/07\/efvm-foto-embratur.jpg","keywords":["concess\u00f5es ferrovi\u00e1rias","Ferrovia de Integra\u00e7\u00e3o Centro-Oeste","Ferrovia de Integra\u00e7\u00e3o Oeste-Leste","Ferrovias","FICO","FIOL","minist\u00e9rio dos transportes","MRS","Renan Filho","renova\u00e7\u00e3o de concess\u00f5es","Rumo Malha Paulista","TCU","transporte ferrovi\u00e1rio","Vale","Vital do R\u00eago"],"articleSection":["Cabe\u00e7alho","Destaque lista","Geral","iNFRATransporte"],"inLanguage":"pt-BR","copyrightYear":"2024","copyrightHolder":{"@id":"https:\/\/agenciainfra.com\/blog\/#organization"}},{"@type":"WebPage","@id":"https:\/\/agenciainfra.com\/blog\/analise-a-escalada-da-crise-nas-concessoes-ferroviarias-tende-a-nao-acelerar-a-implantacao-de-mais-ferrovias\/","url":"https:\/\/agenciainfra.com\/blog\/analise-a-escalada-da-crise-nas-concessoes-ferroviarias-tende-a-nao-acelerar-a-implantacao-de-mais-ferrovias\/","name":"An\u00e1lise: A escalada da crise nas concess\u00f5es ferrovi\u00e1rias tende a n\u00e3o acelerar a implanta\u00e7\u00e3o de mais ferrovias - Ag\u00eancia iNFRA","isPartOf":{"@id":"https:\/\/agenciainfra.com\/blog\/#website"},"primaryImageOfPage":{"@id":"https:\/\/agenciainfra.com\/blog\/analise-a-escalada-da-crise-nas-concessoes-ferroviarias-tende-a-nao-acelerar-a-implantacao-de-mais-ferrovias\/#primaryimage"},"image":{"@id":"https:\/\/agenciainfra.com\/blog\/analise-a-escalada-da-crise-nas-concessoes-ferroviarias-tende-a-nao-acelerar-a-implantacao-de-mais-ferrovias\/#primaryimage"},"thumbnailUrl":"https:\/\/agenciainfra.com\/blog\/wp-content\/uploads\/2020\/07\/efvm-foto-embratur.jpg","datePublished":"2024-01-30T09:00:00+00:00","dateModified":"2024-02-01T13:22:10+00:00","breadcrumb":{"@id":"https:\/\/agenciainfra.com\/blog\/analise-a-escalada-da-crise-nas-concessoes-ferroviarias-tende-a-nao-acelerar-a-implantacao-de-mais-ferrovias\/#breadcrumb"},"inLanguage":"pt-BR","potentialAction":[{"@type":"ReadAction","target":["https:\/\/agenciainfra.com\/blog\/analise-a-escalada-da-crise-nas-concessoes-ferroviarias-tende-a-nao-acelerar-a-implantacao-de-mais-ferrovias\/"]}]},{"@type":"ImageObject","inLanguage":"pt-BR","@id":"https:\/\/agenciainfra.com\/blog\/analise-a-escalada-da-crise-nas-concessoes-ferroviarias-tende-a-nao-acelerar-a-implantacao-de-mais-ferrovias\/#primaryimage","url":"https:\/\/agenciainfra.com\/blog\/wp-content\/uploads\/2020\/07\/efvm-foto-embratur.jpg","contentUrl":"https:\/\/agenciainfra.com\/blog\/wp-content\/uploads\/2020\/07\/efvm-foto-embratur.jpg","width":1200,"height":801},{"@type":"BreadcrumbList","@id":"https:\/\/agenciainfra.com\/blog\/analise-a-escalada-da-crise-nas-concessoes-ferroviarias-tende-a-nao-acelerar-a-implantacao-de-mais-ferrovias\/#breadcrumb","itemListElement":[{"@type":"ListItem","position":1,"name":"In\u00edcio","item":"https:\/\/agenciainfra.com\/blog\/"},{"@type":"ListItem","position":2,"name":"An\u00e1lise: A escalada da crise nas concess\u00f5es ferrovi\u00e1rias tende a n\u00e3o acelerar a implanta\u00e7\u00e3o de mais ferrovias"}]},{"@type":"WebSite","@id":"https:\/\/agenciainfra.com\/blog\/#website","url":"https:\/\/agenciainfra.com\/blog\/","name":"Ag\u00eancia iNFRA","description":"Multiplataforma de informa\u00e7\u00e3o jornal\u00edstica refer\u00eancia na \u00e1rea de infraestrutura no Brasil!","publisher":{"@id":"https:\/\/agenciainfra.com\/blog\/#organization"},"potentialAction":[{"@type":"SearchAction","target":{"@type":"EntryPoint","urlTemplate":"https:\/\/agenciainfra.com\/blog\/?s={search_term_string}"},"query-input":{"@type":"PropertyValueSpecification","valueRequired":true,"valueName":"search_term_string"}}],"inLanguage":"pt-BR"},{"@type":"Organization","@id":"https:\/\/agenciainfra.com\/blog\/#organization","name":"Ag\u00eancia iNFRA","url":"https:\/\/agenciainfra.com\/blog\/","logo":{"@type":"ImageObject","inLanguage":"pt-BR","@id":"https:\/\/agenciainfra.com\/blog\/#\/schema\/logo\/image\/","url":"https:\/\/agenciainfra.com\/blog\/wp-content\/uploads\/2023\/09\/iNFRA_5-e1761735885940.png","contentUrl":"https:\/\/agenciainfra.com\/blog\/wp-content\/uploads\/2023\/09\/iNFRA_5-e1761735885940.png","width":1672,"height":454,"caption":"Ag\u00eancia iNFRA"},"image":{"@id":"https:\/\/agenciainfra.com\/blog\/#\/schema\/logo\/image\/"},"sameAs":["https:\/\/www.facebook.com\/ageninfra","https:\/\/x.com\/agencia_infra","https:\/\/www.linkedin.com\/company\/ag\u00eanciainfra\/","https:\/\/www.instagram.com\/agenciainfra\/"]},{"@type":"Person","@id":"https:\/\/agenciainfra.com\/blog\/#\/schema\/person\/34af08dff6adea4cb22b06612ba7acfa","name":"Ag\u00eancia iNFRA","image":{"@type":"ImageObject","inLanguage":"pt-BR","@id":"https:\/\/agenciainfra.com\/blog\/#\/schema\/person\/image\/","url":"https:\/\/secure.gravatar.com\/avatar\/d189e01678f06d8eb84d4e01f08eb848b3fffe3f8443818d3c356c66892f5be8?s=96&d=mm&r=g","contentUrl":"https:\/\/secure.gravatar.com\/avatar\/d189e01678f06d8eb84d4e01f08eb848b3fffe3f8443818d3c356c66892f5be8?s=96&d=mm&r=g","caption":"Ag\u00eancia iNFRA"},"url":"https:\/\/agenciainfra.com\/blog\/author\/admin\/"}]}},"_links":{"self":[{"href":"https:\/\/agenciainfra.com\/blog\/wp-json\/wp\/v2\/posts\/15416","targetHints":{"allow":["GET"]}}],"collection":[{"href":"https:\/\/agenciainfra.com\/blog\/wp-json\/wp\/v2\/posts"}],"about":[{"href":"https:\/\/agenciainfra.com\/blog\/wp-json\/wp\/v2\/types\/post"}],"author":[{"embeddable":true,"href":"https:\/\/agenciainfra.com\/blog\/wp-json\/wp\/v2\/users\/1"}],"replies":[{"embeddable":true,"href":"https:\/\/agenciainfra.com\/blog\/wp-json\/wp\/v2\/comments?post=15416"}],"version-history":[{"count":3,"href":"https:\/\/agenciainfra.com\/blog\/wp-json\/wp\/v2\/posts\/15416\/revisions"}],"predecessor-version":[{"id":15420,"href":"https:\/\/agenciainfra.com\/blog\/wp-json\/wp\/v2\/posts\/15416\/revisions\/15420"}],"wp:featuredmedia":[{"embeddable":true,"href":"https:\/\/agenciainfra.com\/blog\/wp-json\/wp\/v2\/media\/5334"}],"wp:attachment":[{"href":"https:\/\/agenciainfra.com\/blog\/wp-json\/wp\/v2\/media?parent=15416"}],"wp:term":[{"taxonomy":"category","embeddable":true,"href":"https:\/\/agenciainfra.com\/blog\/wp-json\/wp\/v2\/categories?post=15416"},{"taxonomy":"post_tag","embeddable":true,"href":"https:\/\/agenciainfra.com\/blog\/wp-json\/wp\/v2\/tags?post=15416"}],"curies":[{"name":"wp","href":"https:\/\/api.w.org\/{rel}","templated":true}]}}