{"id":15421,"date":"2024-01-30T09:00:00","date_gmt":"2024-01-30T12:00:00","guid":{"rendered":"https:\/\/www.agenciainfra.com\/blog\/?p=15421"},"modified":"2026-02-13T17:02:56","modified_gmt":"2026-02-13T20:02:56","slug":"falta-de-infraestrutura-inibe-crescimento-do-uso-do-gas-para-bombeamento-de-agua","status":"publish","type":"post","link":"https:\/\/agenciainfra.com\/blog\/falta-de-infraestrutura-inibe-crescimento-do-uso-do-gas-para-bombeamento-de-agua\/","title":{"rendered":"Falta de infraestrutura inibe crescimento do uso do g\u00e1s para bombeamento de \u00e1gua"},"content":{"rendered":"\n<p class=\"has-text-align-right\"><strong>Elisa Costa, da Ag\u00eancia iNFRA<\/strong><\/p>\n\n\n\n<p>A&nbsp;falta&nbsp;de redes&nbsp;para&nbsp;distribuir&nbsp;g\u00e1s&nbsp;pelo pa\u00eds poder\u00e1 afetar tamb\u00e9m o desenvolvimento&nbsp;do&nbsp;setor de saneamento b\u00e1sico. Projeto desenvolvido&nbsp;para&nbsp;reduzir custos de implanta\u00e7\u00e3o e opera\u00e7\u00e3o de elevat\u00f3rias de&nbsp;\u00e1gua&nbsp;e esgoto usando o&nbsp;g\u00e1s&nbsp;est\u00e1 limitado a poucas regi\u00f5es por causa da baixa penetra\u00e7\u00e3o dos gasodutos no pa\u00eds. &nbsp;<br><br>Em entrevista \u00e0&nbsp;<strong>Ag\u00eancia iNFRA<\/strong>, Caio Mutz, s\u00f3cio-diretor da Fluxus, empresa que criou e implementou motores a&nbsp;g\u00e1s&nbsp;para&nbsp;elevat\u00f3rias&nbsp;para&nbsp;as redes de&nbsp;\u00e1gua&nbsp;e esgoto, explica que, tradicionalmente, esses sistemas funcionam \u00e0 base de energia el\u00e9trica.<br><br>Isso tem colaborado&nbsp;para&nbsp;um grande n\u00famero de interrup\u00e7\u00f5es nos servi\u00e7os devido aos problemas de fornecimento de energia em v\u00e1rias regi\u00f5es&nbsp;do&nbsp;pa\u00eds. A empresa estima uma regularidade 88% superior \u00e0&nbsp;do&nbsp;uso&nbsp;da energia el\u00e9trica.<br><br>\u201cSe n\u00e3o tem energia, n\u00e3o tem&nbsp;\u00e1gua. Mas, quando acaba a energia, a bomba de&nbsp;g\u00e1s&nbsp;continua funcionando. Isso \u00e9 muito bom em locais onde tem apag\u00e3o\u201d, destacou o diretor. \u201cTemos seis elevat\u00f3rias em funcionamento, que s\u00e3o h\u00edbridas. Substitu\u00edmos alguns conjuntos e as empresas hoje t\u00eam a possibilidade de gerenciamento&nbsp;do&nbsp;processo entre energia e&nbsp;g\u00e1s\u201d, explicou.&nbsp;<br><br>De acordo com Mutz, o Sistema Fluxus tem menor custo operacional e usa menos espa\u00e7o&nbsp;para&nbsp;sua estrutura\u00e7\u00e3o e execu\u00e7\u00e3o em compara\u00e7\u00e3o com os equipamentos que utilizam energia el\u00e9trica. &nbsp;<br><br><strong>Pr\u00eamio de inova\u00e7\u00e3o<\/strong><br>A empresa estima 60% de redu\u00e7\u00e3o&nbsp;do&nbsp;custo na constru\u00e7\u00e3o de novas elevat\u00f3rias, em compara\u00e7\u00e3o com os sistemas convencionais, j\u00e1 que n\u00e3o utiliza cabines prim\u00e1rias, transformadores, pain\u00e9is, inversores e cabeamentos. O projeto come\u00e7ou a ser implantado em 2021, depois de ganhar o Desafio de Inova\u00e7\u00e3o no Saneamento, da Abes (Associa\u00e7\u00e3o Brasileira de Engenharia Sanit\u00e1ria e Ambiental).<br><br>Entretanto, pela&nbsp;falta&nbsp;de estrutura adequada de rede de distribui\u00e7\u00e3o de&nbsp;g\u00e1s&nbsp;em algumas regi\u00f5es, Mutz diz que seguir\u00e1 atuando, num primeiro momento, apenas onde j\u00e1 existe&nbsp;g\u00e1s&nbsp;dispon\u00edvel, como na regi\u00e3o litor\u00e2nea e em algumas capitais.<br><br>O novo marco legal&nbsp;do&nbsp;saneamento prev\u00ea que o pa\u00eds tenha que alcan\u00e7ar 99% de popula\u00e7\u00e3o atendida&nbsp;para&nbsp;redes de&nbsp;\u00e1gua&nbsp;e 90%&nbsp;para&nbsp;esgoto at\u00e9 2033. As estimativas de valores&nbsp;para&nbsp;os investimentos necess\u00e1rios ficam entre R$ 50 bilh\u00f5es e R$ 70 bilh\u00f5es ao ano.<br><br>A constru\u00e7\u00e3o de elevat\u00f3rias \u00e9 parte essencial&nbsp;para&nbsp;que esse \u00edndices possam ser alcan\u00e7ados. Mas a estimativa da Fluxus \u00e9 realizar em 2024 investimentos na casa dos R$ 200 milh\u00f5es&nbsp;para&nbsp;seus sistemas.<br><br><strong>Ampliar mercado<\/strong><br>Para&nbsp;tentar ampliar o mercado, a empresa procura grupos que produzem biog\u00e1s, j\u00e1 que o Brasil tem significativo montante de res\u00edduos e uma extensa agroind\u00fastria capaz de produzir por biomassa.<br><br>\u201cO&nbsp;interior n\u00e3o tem sufici\u00eancia de energia&nbsp;para&nbsp;esses equipamentos. Ent\u00e3o, vamos usar internamente o&nbsp;g\u00e1s&nbsp;com esses produtores\u201d, comentou Mutz.<br><br>Para&nbsp;o diretor, o novo Marco Legal&nbsp;do&nbsp;Saneamento \u00e9 a pol\u00edtica p\u00fablica mais importante&nbsp;do&nbsp;Brasil, mas devido \u00e0 necessidade de grandes investimentos em curto prazo, o mercado pode demorar a \u201cpegar o embalo\u201d.<\/p>\n","protected":false},"excerpt":{"rendered":"<p>Elisa Costa, da Ag\u00eancia iNFRA A&nbsp;falta&nbsp;de redes&nbsp;para&nbsp;distribuir&nbsp;g\u00e1s&nbsp;pelo pa\u00eds poder\u00e1 afetar tamb\u00e9m o desenvolvimento&nbsp;do&nbsp;setor de saneamento b\u00e1sico. Projeto desenvolvido&nbsp;para&nbsp;reduzir custos de implanta\u00e7\u00e3o e opera\u00e7\u00e3o de elevat\u00f3rias de&nbsp;\u00e1gua&nbsp;e esgoto usando o&nbsp;g\u00e1s&nbsp;est\u00e1 limitado a poucas regi\u00f5es por causa da baixa penetra\u00e7\u00e3o dos gasodutos no pa\u00eds. &nbsp; Em entrevista \u00e0&nbsp;Ag\u00eancia iNFRA, Caio Mutz, s\u00f3cio-diretor da Fluxus, empresa que criou [&hellip;]<\/p>\n","protected":false},"author":1,"featured_media":6603,"comment_status":"closed","ping_status":"closed","sticky":false,"template":"","format":"standard","meta":{"_monsterinsights_skip_tracking":false,"_monsterinsights_sitenote_active":false,"_monsterinsights_sitenote_note":"","_monsterinsights_sitenote_category":0,"footnotes":""},"categories":[7827],"tags":[2417,8374,8375,8376,7367,282,8377,882,341,34,6171,6273,8378,73,8379,1573],"class_list":["post-15421","post","type-post","status-publish","format-standard","has-post-thumbnail","hentry","category-infrasaneamento","tag-abes","tag-associacao-brasileira-de-engenharia-sanitaria-e-ambiental","tag-caio-mutz","tag-elevatorias-de-agua-e-esgoto","tag-elisa-costa","tag-energia-eletrica","tag-fluxus","tag-gas-natural","tag-gasodutos","tag-infraestrutura","tag-inovacao","tag-marco-legal-do-saneamento","tag-rede-de-distribuicao-de-gas","tag-saneamento-basico","tag-sistema-fluxus","tag-sustentabilidade"],"yoast_head":"<!-- This site is optimized with the Yoast SEO Premium plugin v25.4 (Yoast SEO v26.0) - https:\/\/yoast.com\/wordpress\/plugins\/seo\/ -->\n<title>Falta de infraestrutura inibe crescimento do uso do g\u00e1s para bombeamento de \u00e1gua - Ag\u00eancia iNFRA<\/title>\n<meta name=\"robots\" content=\"index, follow, max-snippet:-1, max-image-preview:large, max-video-preview:-1\" \/>\n<link rel=\"canonical\" href=\"https:\/\/agenciainfra.com\/blog\/falta-de-infraestrutura-inibe-crescimento-do-uso-do-gas-para-bombeamento-de-agua\/\" \/>\n<meta property=\"og:locale\" content=\"pt_BR\" \/>\n<meta property=\"og:type\" content=\"article\" \/>\n<meta property=\"og:title\" content=\"Falta de infraestrutura inibe crescimento do uso do g\u00e1s para bombeamento de \u00e1gua\" \/>\n<meta property=\"og:description\" content=\"Elisa Costa, da Ag\u00eancia iNFRA A&nbsp;falta&nbsp;de redes&nbsp;para&nbsp;distribuir&nbsp;g\u00e1s&nbsp;pelo pa\u00eds poder\u00e1 afetar tamb\u00e9m o desenvolvimento&nbsp;do&nbsp;setor de saneamento b\u00e1sico. Projeto desenvolvido&nbsp;para&nbsp;reduzir custos de implanta\u00e7\u00e3o e opera\u00e7\u00e3o de elevat\u00f3rias de&nbsp;\u00e1gua&nbsp;e esgoto usando o&nbsp;g\u00e1s&nbsp;est\u00e1 limitado a poucas regi\u00f5es por causa da baixa penetra\u00e7\u00e3o dos gasodutos no pa\u00eds. &nbsp; Em entrevista \u00e0&nbsp;Ag\u00eancia iNFRA, Caio Mutz, s\u00f3cio-diretor da Fluxus, empresa que criou [&hellip;]\" \/>\n<meta property=\"og:url\" content=\"https:\/\/agenciainfra.com\/blog\/falta-de-infraestrutura-inibe-crescimento-do-uso-do-gas-para-bombeamento-de-agua\/\" \/>\n<meta property=\"og:site_name\" content=\"Ag\u00eancia iNFRA\" \/>\n<meta property=\"article:publisher\" content=\"https:\/\/www.facebook.com\/ageninfra\" \/>\n<meta property=\"article:published_time\" content=\"2024-01-30T12:00:00+00:00\" \/>\n<meta property=\"article:modified_time\" content=\"2026-02-13T20:02:56+00:00\" \/>\n<meta property=\"og:image\" content=\"https:\/\/agenciainfra.com\/blog\/wp-content\/uploads\/2021\/01\/saneamento-basico-agua-foto-dominio-publico.jpg\" \/>\n\t<meta property=\"og:image:width\" content=\"1280\" \/>\n\t<meta property=\"og:image:height\" content=\"856\" \/>\n\t<meta property=\"og:image:type\" content=\"image\/jpeg\" \/>\n<meta name=\"author\" content=\"Ag\u00eancia iNFRA\" \/>\n<meta name=\"twitter:card\" content=\"summary_large_image\" \/>\n<meta name=\"twitter:creator\" content=\"@agencia_infra\" \/>\n<meta name=\"twitter:site\" content=\"@agencia_infra\" \/>\n<meta name=\"twitter:label1\" content=\"Escrito por\" \/>\n\t<meta name=\"twitter:data1\" content=\"Ag\u00eancia iNFRA\" \/>\n\t<meta name=\"twitter:label2\" content=\"Est. tempo de leitura\" \/>\n\t<meta name=\"twitter:data2\" content=\"3 minutos\" \/>\n<script type=\"application\/ld+json\" class=\"yoast-schema-graph\">{\"@context\":\"https:\/\/schema.org\",\"@graph\":[{\"@type\":\"Article\",\"@id\":\"https:\/\/agenciainfra.com\/blog\/falta-de-infraestrutura-inibe-crescimento-do-uso-do-gas-para-bombeamento-de-agua\/#article\",\"isPartOf\":{\"@id\":\"https:\/\/agenciainfra.com\/blog\/falta-de-infraestrutura-inibe-crescimento-do-uso-do-gas-para-bombeamento-de-agua\/\"},\"author\":{\"name\":\"Ag\u00eancia iNFRA\",\"@id\":\"https:\/\/agenciainfra.com\/blog\/#\/schema\/person\/34af08dff6adea4cb22b06612ba7acfa\"},\"headline\":\"Falta de infraestrutura inibe crescimento do uso do g\u00e1s para bombeamento de \u00e1gua\",\"datePublished\":\"2024-01-30T12:00:00+00:00\",\"dateModified\":\"2026-02-13T20:02:56+00:00\",\"mainEntityOfPage\":{\"@id\":\"https:\/\/agenciainfra.com\/blog\/falta-de-infraestrutura-inibe-crescimento-do-uso-do-gas-para-bombeamento-de-agua\/\"},\"wordCount\":626,\"publisher\":{\"@id\":\"https:\/\/agenciainfra.com\/blog\/#organization\"},\"image\":{\"@id\":\"https:\/\/agenciainfra.com\/blog\/falta-de-infraestrutura-inibe-crescimento-do-uso-do-gas-para-bombeamento-de-agua\/#primaryimage\"},\"thumbnailUrl\":\"https:\/\/agenciainfra.com\/blog\/wp-content\/uploads\/2021\/01\/saneamento-basico-agua-foto-dominio-publico.jpg\",\"keywords\":[\"Abes\",\"Associa\u00e7\u00e3o Brasileira de Engenharia Sanit\u00e1ria e Ambiental\",\"Caio Mutz\",\"Elevat\u00f3rias de \u00c1gua e Esgoto\",\"Elisa Costa\",\"energia el\u00e9trica\",\"Fluxus\",\"g\u00e1s natural\",\"gasodutos\",\"Infraestrutura\",\"inova\u00e7\u00e3o\",\"marco legal do saneamento\",\"Rede de Distribui\u00e7\u00e3o de G\u00e1s\",\"Saneamento B\u00e1sico\",\"Sistema Fluxus\",\"sustentabilidade\"],\"articleSection\":[\"iNFRASaneamento\"],\"inLanguage\":\"pt-BR\",\"copyrightYear\":\"2024\",\"copyrightHolder\":{\"@id\":\"https:\/\/agenciainfra.com\/blog\/#organization\"}},{\"@type\":\"WebPage\",\"@id\":\"https:\/\/agenciainfra.com\/blog\/falta-de-infraestrutura-inibe-crescimento-do-uso-do-gas-para-bombeamento-de-agua\/\",\"url\":\"https:\/\/agenciainfra.com\/blog\/falta-de-infraestrutura-inibe-crescimento-do-uso-do-gas-para-bombeamento-de-agua\/\",\"name\":\"Falta de infraestrutura inibe crescimento do uso do g\u00e1s para bombeamento de \u00e1gua - Ag\u00eancia iNFRA\",\"isPartOf\":{\"@id\":\"https:\/\/agenciainfra.com\/blog\/#website\"},\"primaryImageOfPage\":{\"@id\":\"https:\/\/agenciainfra.com\/blog\/falta-de-infraestrutura-inibe-crescimento-do-uso-do-gas-para-bombeamento-de-agua\/#primaryimage\"},\"image\":{\"@id\":\"https:\/\/agenciainfra.com\/blog\/falta-de-infraestrutura-inibe-crescimento-do-uso-do-gas-para-bombeamento-de-agua\/#primaryimage\"},\"thumbnailUrl\":\"https:\/\/agenciainfra.com\/blog\/wp-content\/uploads\/2021\/01\/saneamento-basico-agua-foto-dominio-publico.jpg\",\"datePublished\":\"2024-01-30T12:00:00+00:00\",\"dateModified\":\"2026-02-13T20:02:56+00:00\",\"breadcrumb\":{\"@id\":\"https:\/\/agenciainfra.com\/blog\/falta-de-infraestrutura-inibe-crescimento-do-uso-do-gas-para-bombeamento-de-agua\/#breadcrumb\"},\"inLanguage\":\"pt-BR\",\"potentialAction\":[{\"@type\":\"ReadAction\",\"target\":[\"https:\/\/agenciainfra.com\/blog\/falta-de-infraestrutura-inibe-crescimento-do-uso-do-gas-para-bombeamento-de-agua\/\"]}]},{\"@type\":\"ImageObject\",\"inLanguage\":\"pt-BR\",\"@id\":\"https:\/\/agenciainfra.com\/blog\/falta-de-infraestrutura-inibe-crescimento-do-uso-do-gas-para-bombeamento-de-agua\/#primaryimage\",\"url\":\"https:\/\/agenciainfra.com\/blog\/wp-content\/uploads\/2021\/01\/saneamento-basico-agua-foto-dominio-publico.jpg\",\"contentUrl\":\"https:\/\/agenciainfra.com\/blog\/wp-content\/uploads\/2021\/01\/saneamento-basico-agua-foto-dominio-publico.jpg\",\"width\":1280,\"height\":856,\"caption\":\"Foto: Dom\u00ednio P\u00fablico\"},{\"@type\":\"BreadcrumbList\",\"@id\":\"https:\/\/agenciainfra.com\/blog\/falta-de-infraestrutura-inibe-crescimento-do-uso-do-gas-para-bombeamento-de-agua\/#breadcrumb\",\"itemListElement\":[{\"@type\":\"ListItem\",\"position\":1,\"name\":\"In\u00edcio\",\"item\":\"https:\/\/agenciainfra.com\/blog\/\"},{\"@type\":\"ListItem\",\"position\":2,\"name\":\"Falta de infraestrutura inibe crescimento do uso do g\u00e1s para bombeamento de \u00e1gua\"}]},{\"@type\":\"WebSite\",\"@id\":\"https:\/\/agenciainfra.com\/blog\/#website\",\"url\":\"https:\/\/agenciainfra.com\/blog\/\",\"name\":\"Ag\u00eancia iNFRA\",\"description\":\"Multiplataforma de informa\u00e7\u00e3o jornal\u00edstica refer\u00eancia na \u00e1rea de infraestrutura no Brasil!\",\"publisher\":{\"@id\":\"https:\/\/agenciainfra.com\/blog\/#organization\"},\"potentialAction\":[{\"@type\":\"SearchAction\",\"target\":{\"@type\":\"EntryPoint\",\"urlTemplate\":\"https:\/\/agenciainfra.com\/blog\/?s={search_term_string}\"},\"query-input\":{\"@type\":\"PropertyValueSpecification\",\"valueRequired\":true,\"valueName\":\"search_term_string\"}}],\"inLanguage\":\"pt-BR\"},{\"@type\":\"Organization\",\"@id\":\"https:\/\/agenciainfra.com\/blog\/#organization\",\"name\":\"Ag\u00eancia iNFRA\",\"url\":\"https:\/\/agenciainfra.com\/blog\/\",\"logo\":{\"@type\":\"ImageObject\",\"inLanguage\":\"pt-BR\",\"@id\":\"https:\/\/agenciainfra.com\/blog\/#\/schema\/logo\/image\/\",\"url\":\"https:\/\/agenciainfra.com\/blog\/wp-content\/uploads\/2023\/09\/iNFRA_5-e1761735885940.png\",\"contentUrl\":\"https:\/\/agenciainfra.com\/blog\/wp-content\/uploads\/2023\/09\/iNFRA_5-e1761735885940.png\",\"width\":1672,\"height\":454,\"caption\":\"Ag\u00eancia iNFRA\"},\"image\":{\"@id\":\"https:\/\/agenciainfra.com\/blog\/#\/schema\/logo\/image\/\"},\"sameAs\":[\"https:\/\/www.facebook.com\/ageninfra\",\"https:\/\/x.com\/agencia_infra\",\"https:\/\/www.linkedin.com\/company\/ag\u00eanciainfra\/\",\"https:\/\/www.instagram.com\/agenciainfra\/\"]},{\"@type\":\"Person\",\"@id\":\"https:\/\/agenciainfra.com\/blog\/#\/schema\/person\/34af08dff6adea4cb22b06612ba7acfa\",\"name\":\"Ag\u00eancia iNFRA\",\"image\":{\"@type\":\"ImageObject\",\"inLanguage\":\"pt-BR\",\"@id\":\"https:\/\/agenciainfra.com\/blog\/#\/schema\/person\/image\/\",\"url\":\"https:\/\/secure.gravatar.com\/avatar\/d189e01678f06d8eb84d4e01f08eb848b3fffe3f8443818d3c356c66892f5be8?s=96&d=mm&r=g\",\"contentUrl\":\"https:\/\/secure.gravatar.com\/avatar\/d189e01678f06d8eb84d4e01f08eb848b3fffe3f8443818d3c356c66892f5be8?s=96&d=mm&r=g\",\"caption\":\"Ag\u00eancia iNFRA\"},\"url\":\"https:\/\/agenciainfra.com\/blog\/author\/admin\/\"}]}<\/script>\n<!-- \/ Yoast SEO Premium plugin. -->","yoast_head_json":{"title":"Falta de infraestrutura inibe crescimento do uso do g\u00e1s para bombeamento de \u00e1gua - Ag\u00eancia iNFRA","robots":{"index":"index","follow":"follow","max-snippet":"max-snippet:-1","max-image-preview":"max-image-preview:large","max-video-preview":"max-video-preview:-1"},"canonical":"https:\/\/agenciainfra.com\/blog\/falta-de-infraestrutura-inibe-crescimento-do-uso-do-gas-para-bombeamento-de-agua\/","og_locale":"pt_BR","og_type":"article","og_title":"Falta de infraestrutura inibe crescimento do uso do g\u00e1s para bombeamento de \u00e1gua","og_description":"Elisa Costa, da Ag\u00eancia iNFRA A&nbsp;falta&nbsp;de redes&nbsp;para&nbsp;distribuir&nbsp;g\u00e1s&nbsp;pelo pa\u00eds poder\u00e1 afetar tamb\u00e9m o desenvolvimento&nbsp;do&nbsp;setor de saneamento b\u00e1sico. Projeto desenvolvido&nbsp;para&nbsp;reduzir custos de implanta\u00e7\u00e3o e opera\u00e7\u00e3o de elevat\u00f3rias de&nbsp;\u00e1gua&nbsp;e esgoto usando o&nbsp;g\u00e1s&nbsp;est\u00e1 limitado a poucas regi\u00f5es por causa da baixa penetra\u00e7\u00e3o dos gasodutos no pa\u00eds. &nbsp; Em entrevista \u00e0&nbsp;Ag\u00eancia iNFRA, Caio Mutz, s\u00f3cio-diretor da Fluxus, empresa que criou [&hellip;]","og_url":"https:\/\/agenciainfra.com\/blog\/falta-de-infraestrutura-inibe-crescimento-do-uso-do-gas-para-bombeamento-de-agua\/","og_site_name":"Ag\u00eancia iNFRA","article_publisher":"https:\/\/www.facebook.com\/ageninfra","article_published_time":"2024-01-30T12:00:00+00:00","article_modified_time":"2026-02-13T20:02:56+00:00","og_image":[{"width":1280,"height":856,"url":"https:\/\/agenciainfra.com\/blog\/wp-content\/uploads\/2021\/01\/saneamento-basico-agua-foto-dominio-publico.jpg","type":"image\/jpeg"}],"author":"Ag\u00eancia iNFRA","twitter_card":"summary_large_image","twitter_creator":"@agencia_infra","twitter_site":"@agencia_infra","twitter_misc":{"Escrito por":"Ag\u00eancia iNFRA","Est. tempo de leitura":"3 minutos"},"schema":{"@context":"https:\/\/schema.org","@graph":[{"@type":"Article","@id":"https:\/\/agenciainfra.com\/blog\/falta-de-infraestrutura-inibe-crescimento-do-uso-do-gas-para-bombeamento-de-agua\/#article","isPartOf":{"@id":"https:\/\/agenciainfra.com\/blog\/falta-de-infraestrutura-inibe-crescimento-do-uso-do-gas-para-bombeamento-de-agua\/"},"author":{"name":"Ag\u00eancia iNFRA","@id":"https:\/\/agenciainfra.com\/blog\/#\/schema\/person\/34af08dff6adea4cb22b06612ba7acfa"},"headline":"Falta de infraestrutura inibe crescimento do uso do g\u00e1s para bombeamento de \u00e1gua","datePublished":"2024-01-30T12:00:00+00:00","dateModified":"2026-02-13T20:02:56+00:00","mainEntityOfPage":{"@id":"https:\/\/agenciainfra.com\/blog\/falta-de-infraestrutura-inibe-crescimento-do-uso-do-gas-para-bombeamento-de-agua\/"},"wordCount":626,"publisher":{"@id":"https:\/\/agenciainfra.com\/blog\/#organization"},"image":{"@id":"https:\/\/agenciainfra.com\/blog\/falta-de-infraestrutura-inibe-crescimento-do-uso-do-gas-para-bombeamento-de-agua\/#primaryimage"},"thumbnailUrl":"https:\/\/agenciainfra.com\/blog\/wp-content\/uploads\/2021\/01\/saneamento-basico-agua-foto-dominio-publico.jpg","keywords":["Abes","Associa\u00e7\u00e3o Brasileira de Engenharia Sanit\u00e1ria e Ambiental","Caio Mutz","Elevat\u00f3rias de \u00c1gua e Esgoto","Elisa Costa","energia el\u00e9trica","Fluxus","g\u00e1s natural","gasodutos","Infraestrutura","inova\u00e7\u00e3o","marco legal do saneamento","Rede de Distribui\u00e7\u00e3o de G\u00e1s","Saneamento B\u00e1sico","Sistema Fluxus","sustentabilidade"],"articleSection":["iNFRASaneamento"],"inLanguage":"pt-BR","copyrightYear":"2024","copyrightHolder":{"@id":"https:\/\/agenciainfra.com\/blog\/#organization"}},{"@type":"WebPage","@id":"https:\/\/agenciainfra.com\/blog\/falta-de-infraestrutura-inibe-crescimento-do-uso-do-gas-para-bombeamento-de-agua\/","url":"https:\/\/agenciainfra.com\/blog\/falta-de-infraestrutura-inibe-crescimento-do-uso-do-gas-para-bombeamento-de-agua\/","name":"Falta de infraestrutura inibe crescimento do uso do g\u00e1s para bombeamento de \u00e1gua - Ag\u00eancia iNFRA","isPartOf":{"@id":"https:\/\/agenciainfra.com\/blog\/#website"},"primaryImageOfPage":{"@id":"https:\/\/agenciainfra.com\/blog\/falta-de-infraestrutura-inibe-crescimento-do-uso-do-gas-para-bombeamento-de-agua\/#primaryimage"},"image":{"@id":"https:\/\/agenciainfra.com\/blog\/falta-de-infraestrutura-inibe-crescimento-do-uso-do-gas-para-bombeamento-de-agua\/#primaryimage"},"thumbnailUrl":"https:\/\/agenciainfra.com\/blog\/wp-content\/uploads\/2021\/01\/saneamento-basico-agua-foto-dominio-publico.jpg","datePublished":"2024-01-30T12:00:00+00:00","dateModified":"2026-02-13T20:02:56+00:00","breadcrumb":{"@id":"https:\/\/agenciainfra.com\/blog\/falta-de-infraestrutura-inibe-crescimento-do-uso-do-gas-para-bombeamento-de-agua\/#breadcrumb"},"inLanguage":"pt-BR","potentialAction":[{"@type":"ReadAction","target":["https:\/\/agenciainfra.com\/blog\/falta-de-infraestrutura-inibe-crescimento-do-uso-do-gas-para-bombeamento-de-agua\/"]}]},{"@type":"ImageObject","inLanguage":"pt-BR","@id":"https:\/\/agenciainfra.com\/blog\/falta-de-infraestrutura-inibe-crescimento-do-uso-do-gas-para-bombeamento-de-agua\/#primaryimage","url":"https:\/\/agenciainfra.com\/blog\/wp-content\/uploads\/2021\/01\/saneamento-basico-agua-foto-dominio-publico.jpg","contentUrl":"https:\/\/agenciainfra.com\/blog\/wp-content\/uploads\/2021\/01\/saneamento-basico-agua-foto-dominio-publico.jpg","width":1280,"height":856,"caption":"Foto: Dom\u00ednio P\u00fablico"},{"@type":"BreadcrumbList","@id":"https:\/\/agenciainfra.com\/blog\/falta-de-infraestrutura-inibe-crescimento-do-uso-do-gas-para-bombeamento-de-agua\/#breadcrumb","itemListElement":[{"@type":"ListItem","position":1,"name":"In\u00edcio","item":"https:\/\/agenciainfra.com\/blog\/"},{"@type":"ListItem","position":2,"name":"Falta de infraestrutura inibe crescimento do uso do g\u00e1s para bombeamento de \u00e1gua"}]},{"@type":"WebSite","@id":"https:\/\/agenciainfra.com\/blog\/#website","url":"https:\/\/agenciainfra.com\/blog\/","name":"Ag\u00eancia iNFRA","description":"Multiplataforma de informa\u00e7\u00e3o jornal\u00edstica refer\u00eancia na \u00e1rea de infraestrutura no Brasil!","publisher":{"@id":"https:\/\/agenciainfra.com\/blog\/#organization"},"potentialAction":[{"@type":"SearchAction","target":{"@type":"EntryPoint","urlTemplate":"https:\/\/agenciainfra.com\/blog\/?s={search_term_string}"},"query-input":{"@type":"PropertyValueSpecification","valueRequired":true,"valueName":"search_term_string"}}],"inLanguage":"pt-BR"},{"@type":"Organization","@id":"https:\/\/agenciainfra.com\/blog\/#organization","name":"Ag\u00eancia iNFRA","url":"https:\/\/agenciainfra.com\/blog\/","logo":{"@type":"ImageObject","inLanguage":"pt-BR","@id":"https:\/\/agenciainfra.com\/blog\/#\/schema\/logo\/image\/","url":"https:\/\/agenciainfra.com\/blog\/wp-content\/uploads\/2023\/09\/iNFRA_5-e1761735885940.png","contentUrl":"https:\/\/agenciainfra.com\/blog\/wp-content\/uploads\/2023\/09\/iNFRA_5-e1761735885940.png","width":1672,"height":454,"caption":"Ag\u00eancia iNFRA"},"image":{"@id":"https:\/\/agenciainfra.com\/blog\/#\/schema\/logo\/image\/"},"sameAs":["https:\/\/www.facebook.com\/ageninfra","https:\/\/x.com\/agencia_infra","https:\/\/www.linkedin.com\/company\/ag\u00eanciainfra\/","https:\/\/www.instagram.com\/agenciainfra\/"]},{"@type":"Person","@id":"https:\/\/agenciainfra.com\/blog\/#\/schema\/person\/34af08dff6adea4cb22b06612ba7acfa","name":"Ag\u00eancia iNFRA","image":{"@type":"ImageObject","inLanguage":"pt-BR","@id":"https:\/\/agenciainfra.com\/blog\/#\/schema\/person\/image\/","url":"https:\/\/secure.gravatar.com\/avatar\/d189e01678f06d8eb84d4e01f08eb848b3fffe3f8443818d3c356c66892f5be8?s=96&d=mm&r=g","contentUrl":"https:\/\/secure.gravatar.com\/avatar\/d189e01678f06d8eb84d4e01f08eb848b3fffe3f8443818d3c356c66892f5be8?s=96&d=mm&r=g","caption":"Ag\u00eancia iNFRA"},"url":"https:\/\/agenciainfra.com\/blog\/author\/admin\/"}]}},"_links":{"self":[{"href":"https:\/\/agenciainfra.com\/blog\/wp-json\/wp\/v2\/posts\/15421","targetHints":{"allow":["GET"]}}],"collection":[{"href":"https:\/\/agenciainfra.com\/blog\/wp-json\/wp\/v2\/posts"}],"about":[{"href":"https:\/\/agenciainfra.com\/blog\/wp-json\/wp\/v2\/types\/post"}],"author":[{"embeddable":true,"href":"https:\/\/agenciainfra.com\/blog\/wp-json\/wp\/v2\/users\/1"}],"replies":[{"embeddable":true,"href":"https:\/\/agenciainfra.com\/blog\/wp-json\/wp\/v2\/comments?post=15421"}],"version-history":[{"count":1,"href":"https:\/\/agenciainfra.com\/blog\/wp-json\/wp\/v2\/posts\/15421\/revisions"}],"predecessor-version":[{"id":15422,"href":"https:\/\/agenciainfra.com\/blog\/wp-json\/wp\/v2\/posts\/15421\/revisions\/15422"}],"wp:featuredmedia":[{"embeddable":true,"href":"https:\/\/agenciainfra.com\/blog\/wp-json\/wp\/v2\/media\/6603"}],"wp:attachment":[{"href":"https:\/\/agenciainfra.com\/blog\/wp-json\/wp\/v2\/media?parent=15421"}],"wp:term":[{"taxonomy":"category","embeddable":true,"href":"https:\/\/agenciainfra.com\/blog\/wp-json\/wp\/v2\/categories?post=15421"},{"taxonomy":"post_tag","embeddable":true,"href":"https:\/\/agenciainfra.com\/blog\/wp-json\/wp\/v2\/tags?post=15421"}],"curies":[{"name":"wp","href":"https:\/\/api.w.org\/{rel}","templated":true}]}}