{"id":15433,"date":"2024-01-31T11:00:00","date_gmt":"2024-01-31T14:00:00","guid":{"rendered":"https:\/\/www.agenciainfra.com\/blog\/?p=15433"},"modified":"2024-02-02T07:06:28","modified_gmt":"2024-02-02T10:06:28","slug":"debentures-de-infraestrutura-o-deus-ex-machina-da-retomada-do-setor","status":"publish","type":"post","link":"https:\/\/agenciainfra.com\/blog\/debentures-de-infraestrutura-o-deus-ex-machina-da-retomada-do-setor\/","title":{"rendered":"Deb\u00eantures de infraestrutura: o \u201cdeus ex machina\u201d da retomada do setor?"},"content":{"rendered":"\n<p class=\"has-text-align-right\"><strong>Francisco Costa e Silva*, Thiago Ara\u00fajo** e Andr\u00e9 Uryn***<\/strong><\/p>\n\n\n\n<p>No dia 10 de janeiro, o presidente da rep\u00fablica sancionou a Lei 14.801\/2024, que introduziu as deb\u00eantures de infraestrutura no ordenamento jur\u00eddico brasileiro. A san\u00e7\u00e3o presidencial concretizou um dos principais anseios dos setores p\u00fablico e privado, j\u00e1 que esses t\u00edtulos de cr\u00e9dito prometem ampliar as fontes de recursos direcionadas ao setor. <a href=\"https:\/\/www12.senado.leg.br\/noticias\/materias\/2024\/01\/10\/sancionada-lei-que-cria-debentures-de-infraestrutura\">De acordo com o senador R\u00f3gerio Carvalho<\/a>, a expectativa \u00e9 que as deb\u00eantures de infraestrutura alavanquem mais de R$ 1 trilh\u00e3o em investimentos para os projetos.<\/p>\n\n\n\n<p>A possibilidade de emiss\u00e3o das deb\u00eantures de infraestrutura complementar\u00e1 o sistema de financiamento existente, que conta, por exemplo, com os recursos aportados pelo BNDES (Banco Nacional de Desenvolvimento Econ\u00f4mico e Social), as capta\u00e7\u00f5es externas e as pr\u00f3prias deb\u00eantures incentivadas, reguladas pela Lei 12.431\/2011. A grande novidade \u00e9 que os recursos ter\u00e3o sua destina\u00e7\u00e3o vinculada ao financiamento de projetos de infraestrutura ou de produ\u00e7\u00e3o econ\u00f4mica intensiva em PD&amp;I (pesquisa, desenvolvimento e inova\u00e7\u00e3o) considerados priorit\u00e1rios pelo poder executivo.<\/p>\n\n\n\n<p>As novas deb\u00eantures tamb\u00e9m garantem benef\u00edcios para o emissor dos t\u00edtulos de cr\u00e9dito, o debenturista. Prometem uma maior atratividade para aqueles investidores que antes n\u00e3o possu\u00edam vantagens expressivas com as deb\u00eantures incentivadas, em especial os investidores institucionais \u2013 com destaque para os fundos de pens\u00e3o e seguradoras \u2013 e os estrangeiros.<\/p>\n\n\n\n<p>Soma-se isso \u00e0s mudan\u00e7as nas regras de emiss\u00e3o dos t\u00edtulos, objetivando a desburocratiza\u00e7\u00e3o do procedimento para entrada de financiamentos no setor, promovendo uma maior celeridade na obten\u00e7\u00e3o dos recursos e redu\u00e7\u00e3o nos custos relacionados ao desenvolvimento dos projetos. Not\u00f3rio que h\u00e1, desse modo, uma verdadeira tentativa do governo federal de superar o problema hist\u00f3rico de car\u00eancia de investimentos que h\u00e1 tempos assola o setor de infraestrutura brasileiro.<\/p>\n\n\n\n<p>\u00c9 em raz\u00e3o disso que as deb\u00eantures de infraestrutura s\u00e3o recebidas com bastante entusiasmo pelo mercado, especialmente ap\u00f3s as deb\u00eantures incentivadas n\u00e3o terem conseguido atrair a ades\u00e3o de investidores institucionais nacionais e internacionais de grande porte \u2013 os incentivos fiscais ofertados acabaram sendo direcionados para as pessoas f\u00edsicas.<\/p>\n\n\n\n<p>Apesar do clima otimista ap\u00f3s a san\u00e7\u00e3o pelo presidente da rep\u00fablica, um questionamento \u00e9 latente: essa nova categoria de t\u00edtulos n\u00e3o estaria sendo tratada como uma esp\u00e9cie de \u201c<em>deus ex machina<\/em>\u201d<strong> <\/strong><a id=\"_ftnref1\" href=\"#_ftn1\">[1]<\/a> da retomada do setor?<\/p>\n\n\n\n<p>Inicialmente, pretendendo levantar pontos de relev\u00e2ncia para o debate, cabe destacar que n\u00e3o \u00e9 necess\u00e1ria aprova\u00e7\u00e3o ministerial pr\u00e9via para que os projetos de investimento na \u00e1rea de infraestrutura sejam listados como priorit\u00e1rios. Basta que, na data de apresenta\u00e7\u00e3o do requerimento de registro da oferta p\u00fablica das deb\u00eantures de infraestrutura, estejam atendidos os crit\u00e9rios estabelecidos no regulamento a ser editado pelo poder executivo federal.<\/p>\n\n\n\n<p>No caso dos setores que envolvam servi\u00e7os p\u00fablicos de titularidade dos entes subnacionais (por exemplo, os servi\u00e7os de saneamento b\u00e1sico), o regulamento poder\u00e1 prever um procedimento simplificado de aprova\u00e7\u00e3o ministerial pr\u00e9via. Com isso, percebe-se a preocupa\u00e7\u00e3o do legislador em garantir a celeridade do procedimento.<\/p>\n\n\n\n<p>A Lei 14.801\/2024 estabeleceu tamb\u00e9m que a edi\u00e7\u00e3o do seu primeiro regulamento dever\u00e1 se dar em at\u00e9 trinta dias ap\u00f3s a publica\u00e7\u00e3o da lei. A espera agora \u00e9 menor. Depois de quatro anos de expectativas pela cria\u00e7\u00e3o desses t\u00edtulos, \u00e9 necess\u00e1rio aguardar at\u00e9, no m\u00e1ximo, o pr\u00f3ximo dia 10 de fevereiro, quando ser\u00e1 poss\u00edvel, finalmente, conhecer como se dar\u00e1 a operacionaliza\u00e7\u00e3o das deb\u00eantures na pr\u00e1tica.<\/p>\n\n\n\n<p>Outro ponto a ser considerado diz respeito aos pr\u00f3prios crit\u00e9rios de enquadramento dos projetos, notadamente no que diz respeito \u00e0 diversifica\u00e7\u00e3o daqueles considerados como priorit\u00e1rios. Isso porque, o novo PAC (Programa de Acelera\u00e7\u00e3o do Crescimento) destaca-se como uma das prioridades do PPA (plano plurianual) do per\u00edodo de 2023-2027 (Lei 14.802\/2024), contando com 38 programas vinculados a ele. Nesse contexto, surge a necess\u00e1ria indaga\u00e7\u00e3o sobre a possibilidade de as novas deb\u00eantures de infraestrutura serem predominantemente utilizadas no financiamento do novo PAC.<\/p>\n\n\n\n<p>\u00c9 evidente, ent\u00e3o, que a emiss\u00e3o desses t\u00edtulos est\u00e1 integralmente alinhada com a estrat\u00e9gia de retomada do setor de infraestrutura preconizado pelo governo federal. N\u00e3o obstante esse alinhamento estrat\u00e9gico, torna-se imperativo considerar o hist\u00f3rico brasileiro de fragilidade na manuten\u00e7\u00e3o de pol\u00edticas p\u00fablicas a longo prazo, cabendo aqui antecipar os poss\u00edveis desafios no efetivo sucesso da utiliza\u00e7\u00e3o das deb\u00eantures de infraestrutura.<\/p>\n\n\n\n<p>De acordo com o texto da lei, espera-se uma r\u00e1pida inje\u00e7\u00e3o de recursos no setor, mediante a emiss\u00e3o de deb\u00eantures de infraestrutura, at\u00e9 o dia 31 de dezembro de 2030, o que levanta preocupa\u00e7\u00f5es leg\u00edtimas quanto \u00e0 futura atua\u00e7\u00e3o dos \u00f3rg\u00e3os de controle, notadamente o TCU (Tribunal de Contas da Uni\u00e3o), conhecido por realizar questionamentos retrospectivos.<\/p>\n\n\n\n<p>Em \u00faltima an\u00e1lise, ao tratar as deb\u00eantures de infraestrutura como um \u201crem\u00e9dio milagroso\u201d, tem-se o risco potencial de uma fiscaliza\u00e7\u00e3o mais rigorosa por parte do controle externo, especialmente se esses instrumentos financeiros seguirem o mesmo caminho das deb\u00eantures incentivadas.<\/p>\n\n\n\n<p>Existem, por exemplo, riscos inerentes aos t\u00edtulos de cr\u00e9dito emitidos no mercado de a\u00e7\u00f5es, como a oscila\u00e7\u00e3o dos fatores macroecon\u00f4micos do pa\u00eds, a exposi\u00e7\u00e3o \u00e0 varia\u00e7\u00e3o cambial e a sensibilidade \u00e0s taxas de juros. Todas representam vari\u00e1veis que podem impactar diretamente nos custos incorridos para os financiamentos dos projetos. As deb\u00eantures tamb\u00e9m costumam ter uma baixa liquidez no mercado secund\u00e1rio, o que pode vir a impactar sua atratividade para investidores que preconizam por uma maior flexibilidade nas negocia\u00e7\u00f5es.<\/p>\n\n\n\n<p>Al\u00e9m disso, existem os desafios decorrentes das particularidades do setor de infraestrutura, que lida com projetos de longo prazo, alta complexidade, quest\u00f5es regulat\u00f3rias complexas e baixa atratividade dos projetos <em>greenfield<\/em>. Todos esses fatores contribu\u00edram para a aus\u00eancia de um mercado privado de financiamento a longo prazo, o que conduziu, em grande parte, \u00e0 depend\u00eancia dos financiamentos do BNDES \u2013 neste ponto, a entrada dos fundos de pens\u00e3o emerge como uma perspectiva promissora.&nbsp;<\/p>\n\n\n\n<p>Aqui, cabe destacar que o espa\u00e7o de protagonismo dos financiamentos realizados pelo BNDES no setor de infraestrutura pode ser ainda mais alargado, em decorr\u00eancia de eventual san\u00e7\u00e3o do projeto de lei 6.235\/2023, apresentado pelo poder executivo federal no final do ano passado. Este projeto prev\u00ea a cria\u00e7\u00e3o da LCD (letra de cr\u00e9dito do desenvolvimento), nova categoria de t\u00edtulo de cr\u00e9dito a ser emitida exclusivamente por bancos de desenvolvimento, refor\u00e7ando as fontes institucionais de financiamento para os projetos.<\/p>\n\n\n\n<p>Contudo, a LCD pode se tornar o \u00faltimo prego no caix\u00e3o das deb\u00eantures incentivadas, na medida em que a aquisi\u00e7\u00e3o dos t\u00edtulos diretamente de um banco p\u00fablico \u2013 ao inv\u00e9s de um particular \u2013 \u00e9 tida como mais atrativa para as pessoas f\u00edsicas, que ter\u00e3o uma maior seguran\u00e7a no neg\u00f3cio. Nesse sentido, a aprova\u00e7\u00e3o do projeto teria o potencial de acabar com o que, atualmente, caracteriza o principal atrativo das deb\u00eantures incentivadas, eventualmente as substituindo no \u00e2mbito do macrossistema de financiamentos do setor.<\/p>\n\n\n\n<p>A despeito desse poss\u00edvel cen\u00e1rio, fato \u00e9 que a Lei 14.801\/2024 representa um importante marco para a gest\u00e3o do passivo de obras paralisadas em todo o pa\u00eds, visto que os grandes projetos de infraestrutura h\u00e1 muito anseiam por novas fontes de financiamento. Com a eventual cria\u00e7\u00e3o da LCD, as deb\u00eantures de infraestrutura ganhar\u00e3o ainda mais import\u00e2ncia enquanto instrumento de atratividade para os investidores institucionais e estrangeiros.<\/p>\n\n\n\n<p>Contudo, para garantir o sucesso dessa iniciativa, \u00e9 crucial que haja um equil\u00edbrio estrat\u00e9gico entre a amplia\u00e7\u00e3o das alternativas de investimentos privados e a prote\u00e7\u00e3o dos interesses p\u00fablicos vinculados aos projetos de infraestrutura. Para efetivar os objetivos elencados, ent\u00e3o, \u00e9 preciso que a gest\u00e3o estatal e os \u00f3rg\u00e3os de controle adotem uma vis\u00e3o global e de longo prazo, visando potencializar os benef\u00edcios e criar condi\u00e7\u00f5es efetivas para o \u00eaxito das deb\u00eantures de infraestrutura.<\/p>\n\n\n\n<p>A cria\u00e7\u00e3o dos t\u00edtulos n\u00e3o apenas representa um avan\u00e7o significativo, mas tamb\u00e9m demanda uma abordagem cuidadosa para garantir que os resultados sejam refletidos de forma consistente ao longo do tempo, proporcionando benef\u00edcios sustent\u00e1veis para o desenvolvimento nacional.<\/p>\n\n\n\n<hr class=\"wp-block-separator has-alpha-channel-opacity\"\/>\n\n\n\n<p><a href=\"#_ftnref1\" id=\"_ftn1\">[1]<\/a> Conforme a defini\u00e7\u00e3o do Cambridge Dictionary, o \u201c<em>deus ex machina<\/em>\u201d \u00e9 uma express\u00e3o latina que pode ser usada para indicar uma solu\u00e7\u00e3o inesperada, resolvendo um problema complexo de forma muito f\u00e1cil.<\/p>\n\n\n\n<h6 class=\"wp-block-heading\" id=\"block-f323f59b-51bf-4eed-b17b-3c7d3b917007\"><strong><strong>*Francisco Costa e Silva \u00e9 s\u00f3cio s\u00eanior do escrit\u00f3rio Bocater Advogados.<\/strong><\/strong><\/h6>\n\n\n\n<h6 class=\"wp-block-heading\" id=\"block-f323f59b-51bf-4eed-b17b-3c7d3b917007\"><strong><strong>**Thiago Ara\u00fajo \u00e9 s\u00f3cio do escrit\u00f3rio Bocater Advogados e Procurador do Estado do Rio de Janeiro.<\/strong><\/strong><\/h6>\n\n\n\n<h6 class=\"wp-block-heading\" id=\"block-f323f59b-51bf-4eed-b17b-3c7d3b917007\"><strong><strong>***Andr\u00e9 Uryn \u00e9 s\u00f3cio do escrit\u00f3rio Bocater Advogados e Procurador do Estado do Rio de Janeiro<\/strong><\/strong>.<\/h6>\n\n\n\n<h5 class=\"wp-block-heading\" id=\"block-5ef42db3-2ed1-4178-8ab5-7a7f312ba102\">As opini\u00f5es dos autores n\u00e3o refletem necessariamente o pensamento da Ag\u00eancia iNFRA, sendo de total responsabilidade do autor as informa\u00e7\u00f5es, ju\u00edzos de valor e conceitos descritos no texto.<\/h5>\n","protected":false},"excerpt":{"rendered":"<p>Francisco Costa e Silva*, Thiago Ara\u00fajo** e Andr\u00e9 Uryn*** No dia 10 de janeiro, o presidente da rep\u00fablica sancionou a Lei 14.801\/2024, que introduziu as deb\u00eantures de infraestrutura no ordenamento jur\u00eddico brasileiro. A san\u00e7\u00e3o presidencial concretizou um dos principais anseios dos setores p\u00fablico e privado, j\u00e1 que esses t\u00edtulos de cr\u00e9dito prometem ampliar as fontes [&hellip;]<\/p>\n","protected":false},"author":1,"featured_media":15434,"comment_status":"closed","ping_status":"closed","sticky":false,"template":"","format":"standard","meta":{"_monsterinsights_skip_tracking":false,"_monsterinsights_sitenote_active":false,"_monsterinsights_sitenote_note":"","_monsterinsights_sitenote_category":0,"footnotes":""},"categories":[1,11],"tags":[8392,103,7716,7717,4336,8393,8394,6419,8396,8395,8324,8401,8397,8398,8399,2656,8400,8402,18,3883,927],"class_list":["post-15433","post","type-post","status-publish","format-standard","has-post-thumbnail","hentry","category-geral","category-infradebate","tag-andre-uryn-2","tag-bndes","tag-comissao-de-valores-mobiliarios","tag-cvm","tag-debentures-de-infraestrutura","tag-desafios-e-riscos","tag-financiamento-de-projetos","tag-francisco-costa-e-silva","tag-investimentos-em-infraestrutura","tag-lcd","tag-lei-14-801-2024","tag-lei-14-802-2024","tag-letra-de-credito-do-desenvolvimento","tag-pl-6-235-2023","tag-projetos-de-longo-prazo","tag-regulamentacao","tag-rogerio-carvalho-2","tag-setor-de-infraestrutura","tag-tcu","tag-thiago-araujo","tag-tribunal-de-contas-da-uniao"],"yoast_head":"<!-- This site is optimized with the Yoast SEO Premium plugin v25.4 (Yoast SEO v26.0) - https:\/\/yoast.com\/wordpress\/plugins\/seo\/ -->\n<title>Deb\u00eantures de infraestrutura: o \u201cdeus ex machina\u201d da retomada do setor? - Ag\u00eancia iNFRA<\/title>\n<meta name=\"robots\" content=\"index, follow, max-snippet:-1, max-image-preview:large, max-video-preview:-1\" \/>\n<link rel=\"canonical\" href=\"https:\/\/agenciainfra.com\/blog\/debentures-de-infraestrutura-o-deus-ex-machina-da-retomada-do-setor\/\" \/>\n<meta property=\"og:locale\" content=\"pt_BR\" \/>\n<meta property=\"og:type\" content=\"article\" \/>\n<meta property=\"og:title\" content=\"Deb\u00eantures de infraestrutura: o \u201cdeus ex machina\u201d da retomada do setor?\" \/>\n<meta property=\"og:description\" content=\"Francisco Costa e Silva*, Thiago Ara\u00fajo** e Andr\u00e9 Uryn*** No dia 10 de janeiro, o presidente da rep\u00fablica sancionou a Lei 14.801\/2024, que introduziu as deb\u00eantures de infraestrutura no ordenamento jur\u00eddico brasileiro. A san\u00e7\u00e3o presidencial concretizou um dos principais anseios dos setores p\u00fablico e privado, j\u00e1 que esses t\u00edtulos de cr\u00e9dito prometem ampliar as fontes [&hellip;]\" \/>\n<meta property=\"og:url\" content=\"https:\/\/agenciainfra.com\/blog\/debentures-de-infraestrutura-o-deus-ex-machina-da-retomada-do-setor\/\" \/>\n<meta property=\"og:site_name\" content=\"Ag\u00eancia iNFRA\" \/>\n<meta property=\"article:publisher\" content=\"https:\/\/www.facebook.com\/ageninfra\" \/>\n<meta property=\"article:published_time\" content=\"2024-01-31T14:00:00+00:00\" \/>\n<meta property=\"article:modified_time\" content=\"2024-02-02T10:06:28+00:00\" \/>\n<meta property=\"og:image\" content=\"https:\/\/agenciainfra.com\/blog\/wp-content\/uploads\/2024\/01\/montagem-bocater-advogados.jpeg\" \/>\n\t<meta property=\"og:image:width\" content=\"1202\" \/>\n\t<meta property=\"og:image:height\" content=\"801\" \/>\n\t<meta property=\"og:image:type\" content=\"image\/jpeg\" \/>\n<meta name=\"author\" content=\"Ag\u00eancia iNFRA\" \/>\n<meta name=\"twitter:card\" content=\"summary_large_image\" \/>\n<meta name=\"twitter:creator\" content=\"@agencia_infra\" \/>\n<meta name=\"twitter:site\" content=\"@agencia_infra\" \/>\n<meta name=\"twitter:label1\" content=\"Escrito por\" \/>\n\t<meta name=\"twitter:data1\" content=\"Ag\u00eancia iNFRA\" \/>\n\t<meta name=\"twitter:label2\" content=\"Est. tempo de leitura\" \/>\n\t<meta name=\"twitter:data2\" content=\"8 minutos\" \/>\n<script type=\"application\/ld+json\" class=\"yoast-schema-graph\">{\"@context\":\"https:\/\/schema.org\",\"@graph\":[{\"@type\":\"Article\",\"@id\":\"https:\/\/agenciainfra.com\/blog\/debentures-de-infraestrutura-o-deus-ex-machina-da-retomada-do-setor\/#article\",\"isPartOf\":{\"@id\":\"https:\/\/agenciainfra.com\/blog\/debentures-de-infraestrutura-o-deus-ex-machina-da-retomada-do-setor\/\"},\"author\":{\"name\":\"Ag\u00eancia iNFRA\",\"@id\":\"https:\/\/agenciainfra.com\/blog\/#\/schema\/person\/34af08dff6adea4cb22b06612ba7acfa\"},\"headline\":\"Deb\u00eantures de infraestrutura: o \u201cdeus ex machina\u201d da retomada do setor?\",\"datePublished\":\"2024-01-31T14:00:00+00:00\",\"dateModified\":\"2024-02-02T10:06:28+00:00\",\"mainEntityOfPage\":{\"@id\":\"https:\/\/agenciainfra.com\/blog\/debentures-de-infraestrutura-o-deus-ex-machina-da-retomada-do-setor\/\"},\"wordCount\":1540,\"publisher\":{\"@id\":\"https:\/\/agenciainfra.com\/blog\/#organization\"},\"image\":{\"@id\":\"https:\/\/agenciainfra.com\/blog\/debentures-de-infraestrutura-o-deus-ex-machina-da-retomada-do-setor\/#primaryimage\"},\"thumbnailUrl\":\"https:\/\/agenciainfra.com\/blog\/wp-content\/uploads\/2024\/01\/montagem-bocater-advogados.jpeg\",\"keywords\":[\"Andr\u00e9 Uryn\",\"BNDES\",\"Comiss\u00e3o de Valores Mobili\u00e1rios\",\"CVM\",\"deb\u00eantures de infraestrutura\",\"Desafios e Riscos\",\"Financiamento de Projetos\",\"Francisco Costa e Silva\",\"Investimentos em Infraestrutura\",\"LCD\",\"Lei 14.801\/2024\",\"Lei 14.802\/2024\",\"Letra de Cr\u00e9dito do Desenvolvimento\",\"PL 6.235\/2023\",\"Projetos de Longo Prazo\",\"regulamenta\u00e7\u00e3o\",\"R\u00f3gerio Carvalho\",\"Setor de Infraestrutura\",\"TCU\",\"Thiago Ara\u00fajo\",\"Tribunal de Contas da Uni\u00e3o\"],\"articleSection\":[\"Geral\",\"iNFRADebate\"],\"inLanguage\":\"pt-BR\",\"copyrightYear\":\"2024\",\"copyrightHolder\":{\"@id\":\"https:\/\/agenciainfra.com\/blog\/#organization\"}},{\"@type\":\"WebPage\",\"@id\":\"https:\/\/agenciainfra.com\/blog\/debentures-de-infraestrutura-o-deus-ex-machina-da-retomada-do-setor\/\",\"url\":\"https:\/\/agenciainfra.com\/blog\/debentures-de-infraestrutura-o-deus-ex-machina-da-retomada-do-setor\/\",\"name\":\"Deb\u00eantures de infraestrutura: o \u201cdeus ex machina\u201d da retomada do setor? - Ag\u00eancia iNFRA\",\"isPartOf\":{\"@id\":\"https:\/\/agenciainfra.com\/blog\/#website\"},\"primaryImageOfPage\":{\"@id\":\"https:\/\/agenciainfra.com\/blog\/debentures-de-infraestrutura-o-deus-ex-machina-da-retomada-do-setor\/#primaryimage\"},\"image\":{\"@id\":\"https:\/\/agenciainfra.com\/blog\/debentures-de-infraestrutura-o-deus-ex-machina-da-retomada-do-setor\/#primaryimage\"},\"thumbnailUrl\":\"https:\/\/agenciainfra.com\/blog\/wp-content\/uploads\/2024\/01\/montagem-bocater-advogados.jpeg\",\"datePublished\":\"2024-01-31T14:00:00+00:00\",\"dateModified\":\"2024-02-02T10:06:28+00:00\",\"breadcrumb\":{\"@id\":\"https:\/\/agenciainfra.com\/blog\/debentures-de-infraestrutura-o-deus-ex-machina-da-retomada-do-setor\/#breadcrumb\"},\"inLanguage\":\"pt-BR\",\"potentialAction\":[{\"@type\":\"ReadAction\",\"target\":[\"https:\/\/agenciainfra.com\/blog\/debentures-de-infraestrutura-o-deus-ex-machina-da-retomada-do-setor\/\"]}]},{\"@type\":\"ImageObject\",\"inLanguage\":\"pt-BR\",\"@id\":\"https:\/\/agenciainfra.com\/blog\/debentures-de-infraestrutura-o-deus-ex-machina-da-retomada-do-setor\/#primaryimage\",\"url\":\"https:\/\/agenciainfra.com\/blog\/wp-content\/uploads\/2024\/01\/montagem-bocater-advogados.jpeg\",\"contentUrl\":\"https:\/\/agenciainfra.com\/blog\/wp-content\/uploads\/2024\/01\/montagem-bocater-advogados.jpeg\",\"width\":1202,\"height\":801},{\"@type\":\"BreadcrumbList\",\"@id\":\"https:\/\/agenciainfra.com\/blog\/debentures-de-infraestrutura-o-deus-ex-machina-da-retomada-do-setor\/#breadcrumb\",\"itemListElement\":[{\"@type\":\"ListItem\",\"position\":1,\"name\":\"In\u00edcio\",\"item\":\"https:\/\/agenciainfra.com\/blog\/\"},{\"@type\":\"ListItem\",\"position\":2,\"name\":\"Deb\u00eantures de infraestrutura: o \u201cdeus ex machina\u201d da retomada do setor?\"}]},{\"@type\":\"WebSite\",\"@id\":\"https:\/\/agenciainfra.com\/blog\/#website\",\"url\":\"https:\/\/agenciainfra.com\/blog\/\",\"name\":\"Ag\u00eancia iNFRA\",\"description\":\"Multiplataforma de informa\u00e7\u00e3o jornal\u00edstica refer\u00eancia na \u00e1rea de infraestrutura no Brasil!\",\"publisher\":{\"@id\":\"https:\/\/agenciainfra.com\/blog\/#organization\"},\"potentialAction\":[{\"@type\":\"SearchAction\",\"target\":{\"@type\":\"EntryPoint\",\"urlTemplate\":\"https:\/\/agenciainfra.com\/blog\/?s={search_term_string}\"},\"query-input\":{\"@type\":\"PropertyValueSpecification\",\"valueRequired\":true,\"valueName\":\"search_term_string\"}}],\"inLanguage\":\"pt-BR\"},{\"@type\":\"Organization\",\"@id\":\"https:\/\/agenciainfra.com\/blog\/#organization\",\"name\":\"Ag\u00eancia iNFRA\",\"url\":\"https:\/\/agenciainfra.com\/blog\/\",\"logo\":{\"@type\":\"ImageObject\",\"inLanguage\":\"pt-BR\",\"@id\":\"https:\/\/agenciainfra.com\/blog\/#\/schema\/logo\/image\/\",\"url\":\"https:\/\/agenciainfra.com\/blog\/wp-content\/uploads\/2023\/09\/iNFRA_5-e1761735885940.png\",\"contentUrl\":\"https:\/\/agenciainfra.com\/blog\/wp-content\/uploads\/2023\/09\/iNFRA_5-e1761735885940.png\",\"width\":1672,\"height\":454,\"caption\":\"Ag\u00eancia iNFRA\"},\"image\":{\"@id\":\"https:\/\/agenciainfra.com\/blog\/#\/schema\/logo\/image\/\"},\"sameAs\":[\"https:\/\/www.facebook.com\/ageninfra\",\"https:\/\/x.com\/agencia_infra\",\"https:\/\/www.linkedin.com\/company\/ag\u00eanciainfra\/\",\"https:\/\/www.instagram.com\/agenciainfra\/\"]},{\"@type\":\"Person\",\"@id\":\"https:\/\/agenciainfra.com\/blog\/#\/schema\/person\/34af08dff6adea4cb22b06612ba7acfa\",\"name\":\"Ag\u00eancia iNFRA\",\"image\":{\"@type\":\"ImageObject\",\"inLanguage\":\"pt-BR\",\"@id\":\"https:\/\/agenciainfra.com\/blog\/#\/schema\/person\/image\/\",\"url\":\"https:\/\/secure.gravatar.com\/avatar\/d189e01678f06d8eb84d4e01f08eb848b3fffe3f8443818d3c356c66892f5be8?s=96&d=mm&r=g\",\"contentUrl\":\"https:\/\/secure.gravatar.com\/avatar\/d189e01678f06d8eb84d4e01f08eb848b3fffe3f8443818d3c356c66892f5be8?s=96&d=mm&r=g\",\"caption\":\"Ag\u00eancia iNFRA\"},\"url\":\"https:\/\/agenciainfra.com\/blog\/author\/admin\/\"}]}<\/script>\n<!-- \/ Yoast SEO Premium plugin. -->","yoast_head_json":{"title":"Deb\u00eantures de infraestrutura: o \u201cdeus ex machina\u201d da retomada do setor? - Ag\u00eancia iNFRA","robots":{"index":"index","follow":"follow","max-snippet":"max-snippet:-1","max-image-preview":"max-image-preview:large","max-video-preview":"max-video-preview:-1"},"canonical":"https:\/\/agenciainfra.com\/blog\/debentures-de-infraestrutura-o-deus-ex-machina-da-retomada-do-setor\/","og_locale":"pt_BR","og_type":"article","og_title":"Deb\u00eantures de infraestrutura: o \u201cdeus ex machina\u201d da retomada do setor?","og_description":"Francisco Costa e Silva*, Thiago Ara\u00fajo** e Andr\u00e9 Uryn*** No dia 10 de janeiro, o presidente da rep\u00fablica sancionou a Lei 14.801\/2024, que introduziu as deb\u00eantures de infraestrutura no ordenamento jur\u00eddico brasileiro. A san\u00e7\u00e3o presidencial concretizou um dos principais anseios dos setores p\u00fablico e privado, j\u00e1 que esses t\u00edtulos de cr\u00e9dito prometem ampliar as fontes [&hellip;]","og_url":"https:\/\/agenciainfra.com\/blog\/debentures-de-infraestrutura-o-deus-ex-machina-da-retomada-do-setor\/","og_site_name":"Ag\u00eancia iNFRA","article_publisher":"https:\/\/www.facebook.com\/ageninfra","article_published_time":"2024-01-31T14:00:00+00:00","article_modified_time":"2024-02-02T10:06:28+00:00","og_image":[{"width":1202,"height":801,"url":"https:\/\/agenciainfra.com\/blog\/wp-content\/uploads\/2024\/01\/montagem-bocater-advogados.jpeg","type":"image\/jpeg"}],"author":"Ag\u00eancia iNFRA","twitter_card":"summary_large_image","twitter_creator":"@agencia_infra","twitter_site":"@agencia_infra","twitter_misc":{"Escrito por":"Ag\u00eancia iNFRA","Est. tempo de leitura":"8 minutos"},"schema":{"@context":"https:\/\/schema.org","@graph":[{"@type":"Article","@id":"https:\/\/agenciainfra.com\/blog\/debentures-de-infraestrutura-o-deus-ex-machina-da-retomada-do-setor\/#article","isPartOf":{"@id":"https:\/\/agenciainfra.com\/blog\/debentures-de-infraestrutura-o-deus-ex-machina-da-retomada-do-setor\/"},"author":{"name":"Ag\u00eancia iNFRA","@id":"https:\/\/agenciainfra.com\/blog\/#\/schema\/person\/34af08dff6adea4cb22b06612ba7acfa"},"headline":"Deb\u00eantures de infraestrutura: o \u201cdeus ex machina\u201d da retomada do setor?","datePublished":"2024-01-31T14:00:00+00:00","dateModified":"2024-02-02T10:06:28+00:00","mainEntityOfPage":{"@id":"https:\/\/agenciainfra.com\/blog\/debentures-de-infraestrutura-o-deus-ex-machina-da-retomada-do-setor\/"},"wordCount":1540,"publisher":{"@id":"https:\/\/agenciainfra.com\/blog\/#organization"},"image":{"@id":"https:\/\/agenciainfra.com\/blog\/debentures-de-infraestrutura-o-deus-ex-machina-da-retomada-do-setor\/#primaryimage"},"thumbnailUrl":"https:\/\/agenciainfra.com\/blog\/wp-content\/uploads\/2024\/01\/montagem-bocater-advogados.jpeg","keywords":["Andr\u00e9 Uryn","BNDES","Comiss\u00e3o de Valores Mobili\u00e1rios","CVM","deb\u00eantures de infraestrutura","Desafios e Riscos","Financiamento de Projetos","Francisco Costa e Silva","Investimentos em Infraestrutura","LCD","Lei 14.801\/2024","Lei 14.802\/2024","Letra de Cr\u00e9dito do Desenvolvimento","PL 6.235\/2023","Projetos de Longo Prazo","regulamenta\u00e7\u00e3o","R\u00f3gerio Carvalho","Setor de Infraestrutura","TCU","Thiago Ara\u00fajo","Tribunal de Contas da Uni\u00e3o"],"articleSection":["Geral","iNFRADebate"],"inLanguage":"pt-BR","copyrightYear":"2024","copyrightHolder":{"@id":"https:\/\/agenciainfra.com\/blog\/#organization"}},{"@type":"WebPage","@id":"https:\/\/agenciainfra.com\/blog\/debentures-de-infraestrutura-o-deus-ex-machina-da-retomada-do-setor\/","url":"https:\/\/agenciainfra.com\/blog\/debentures-de-infraestrutura-o-deus-ex-machina-da-retomada-do-setor\/","name":"Deb\u00eantures de infraestrutura: o \u201cdeus ex machina\u201d da retomada do setor? - Ag\u00eancia iNFRA","isPartOf":{"@id":"https:\/\/agenciainfra.com\/blog\/#website"},"primaryImageOfPage":{"@id":"https:\/\/agenciainfra.com\/blog\/debentures-de-infraestrutura-o-deus-ex-machina-da-retomada-do-setor\/#primaryimage"},"image":{"@id":"https:\/\/agenciainfra.com\/blog\/debentures-de-infraestrutura-o-deus-ex-machina-da-retomada-do-setor\/#primaryimage"},"thumbnailUrl":"https:\/\/agenciainfra.com\/blog\/wp-content\/uploads\/2024\/01\/montagem-bocater-advogados.jpeg","datePublished":"2024-01-31T14:00:00+00:00","dateModified":"2024-02-02T10:06:28+00:00","breadcrumb":{"@id":"https:\/\/agenciainfra.com\/blog\/debentures-de-infraestrutura-o-deus-ex-machina-da-retomada-do-setor\/#breadcrumb"},"inLanguage":"pt-BR","potentialAction":[{"@type":"ReadAction","target":["https:\/\/agenciainfra.com\/blog\/debentures-de-infraestrutura-o-deus-ex-machina-da-retomada-do-setor\/"]}]},{"@type":"ImageObject","inLanguage":"pt-BR","@id":"https:\/\/agenciainfra.com\/blog\/debentures-de-infraestrutura-o-deus-ex-machina-da-retomada-do-setor\/#primaryimage","url":"https:\/\/agenciainfra.com\/blog\/wp-content\/uploads\/2024\/01\/montagem-bocater-advogados.jpeg","contentUrl":"https:\/\/agenciainfra.com\/blog\/wp-content\/uploads\/2024\/01\/montagem-bocater-advogados.jpeg","width":1202,"height":801},{"@type":"BreadcrumbList","@id":"https:\/\/agenciainfra.com\/blog\/debentures-de-infraestrutura-o-deus-ex-machina-da-retomada-do-setor\/#breadcrumb","itemListElement":[{"@type":"ListItem","position":1,"name":"In\u00edcio","item":"https:\/\/agenciainfra.com\/blog\/"},{"@type":"ListItem","position":2,"name":"Deb\u00eantures de infraestrutura: o \u201cdeus ex machina\u201d da retomada do setor?"}]},{"@type":"WebSite","@id":"https:\/\/agenciainfra.com\/blog\/#website","url":"https:\/\/agenciainfra.com\/blog\/","name":"Ag\u00eancia iNFRA","description":"Multiplataforma de informa\u00e7\u00e3o jornal\u00edstica refer\u00eancia na \u00e1rea de infraestrutura no Brasil!","publisher":{"@id":"https:\/\/agenciainfra.com\/blog\/#organization"},"potentialAction":[{"@type":"SearchAction","target":{"@type":"EntryPoint","urlTemplate":"https:\/\/agenciainfra.com\/blog\/?s={search_term_string}"},"query-input":{"@type":"PropertyValueSpecification","valueRequired":true,"valueName":"search_term_string"}}],"inLanguage":"pt-BR"},{"@type":"Organization","@id":"https:\/\/agenciainfra.com\/blog\/#organization","name":"Ag\u00eancia iNFRA","url":"https:\/\/agenciainfra.com\/blog\/","logo":{"@type":"ImageObject","inLanguage":"pt-BR","@id":"https:\/\/agenciainfra.com\/blog\/#\/schema\/logo\/image\/","url":"https:\/\/agenciainfra.com\/blog\/wp-content\/uploads\/2023\/09\/iNFRA_5-e1761735885940.png","contentUrl":"https:\/\/agenciainfra.com\/blog\/wp-content\/uploads\/2023\/09\/iNFRA_5-e1761735885940.png","width":1672,"height":454,"caption":"Ag\u00eancia iNFRA"},"image":{"@id":"https:\/\/agenciainfra.com\/blog\/#\/schema\/logo\/image\/"},"sameAs":["https:\/\/www.facebook.com\/ageninfra","https:\/\/x.com\/agencia_infra","https:\/\/www.linkedin.com\/company\/ag\u00eanciainfra\/","https:\/\/www.instagram.com\/agenciainfra\/"]},{"@type":"Person","@id":"https:\/\/agenciainfra.com\/blog\/#\/schema\/person\/34af08dff6adea4cb22b06612ba7acfa","name":"Ag\u00eancia iNFRA","image":{"@type":"ImageObject","inLanguage":"pt-BR","@id":"https:\/\/agenciainfra.com\/blog\/#\/schema\/person\/image\/","url":"https:\/\/secure.gravatar.com\/avatar\/d189e01678f06d8eb84d4e01f08eb848b3fffe3f8443818d3c356c66892f5be8?s=96&d=mm&r=g","contentUrl":"https:\/\/secure.gravatar.com\/avatar\/d189e01678f06d8eb84d4e01f08eb848b3fffe3f8443818d3c356c66892f5be8?s=96&d=mm&r=g","caption":"Ag\u00eancia iNFRA"},"url":"https:\/\/agenciainfra.com\/blog\/author\/admin\/"}]}},"_links":{"self":[{"href":"https:\/\/agenciainfra.com\/blog\/wp-json\/wp\/v2\/posts\/15433","targetHints":{"allow":["GET"]}}],"collection":[{"href":"https:\/\/agenciainfra.com\/blog\/wp-json\/wp\/v2\/posts"}],"about":[{"href":"https:\/\/agenciainfra.com\/blog\/wp-json\/wp\/v2\/types\/post"}],"author":[{"embeddable":true,"href":"https:\/\/agenciainfra.com\/blog\/wp-json\/wp\/v2\/users\/1"}],"replies":[{"embeddable":true,"href":"https:\/\/agenciainfra.com\/blog\/wp-json\/wp\/v2\/comments?post=15433"}],"version-history":[{"count":2,"href":"https:\/\/agenciainfra.com\/blog\/wp-json\/wp\/v2\/posts\/15433\/revisions"}],"predecessor-version":[{"id":15436,"href":"https:\/\/agenciainfra.com\/blog\/wp-json\/wp\/v2\/posts\/15433\/revisions\/15436"}],"wp:featuredmedia":[{"embeddable":true,"href":"https:\/\/agenciainfra.com\/blog\/wp-json\/wp\/v2\/media\/15434"}],"wp:attachment":[{"href":"https:\/\/agenciainfra.com\/blog\/wp-json\/wp\/v2\/media?parent=15433"}],"wp:term":[{"taxonomy":"category","embeddable":true,"href":"https:\/\/agenciainfra.com\/blog\/wp-json\/wp\/v2\/categories?post=15433"},{"taxonomy":"post_tag","embeddable":true,"href":"https:\/\/agenciainfra.com\/blog\/wp-json\/wp\/v2\/tags?post=15433"}],"curies":[{"name":"wp","href":"https:\/\/api.w.org\/{rel}","templated":true}]}}