{"id":15446,"date":"2024-02-02T11:00:00","date_gmt":"2024-02-02T14:00:00","guid":{"rendered":"https:\/\/www.agenciainfra.com\/blog\/?p=15446"},"modified":"2024-02-05T08:06:21","modified_gmt":"2024-02-05T11:06:21","slug":"reforma-tributaria-e-o-aumento-da-carga-para-o-setor-de-saneamento","status":"publish","type":"post","link":"https:\/\/agenciainfra.com\/blog\/reforma-tributaria-e-o-aumento-da-carga-para-o-setor-de-saneamento\/","title":{"rendered":"Reforma tribut\u00e1ria e o aumento da carga para o setor de saneamento"},"content":{"rendered":"\n<p class=\"has-text-align-right\"><strong>Hendrick Pinheiro* e Julia Daneluzzi**<\/strong><\/p>\n\n\n\n<p>No dia 20 de dezembro de 2023, o Congresso Nacional promulgou a Emenda \u00e0 Constitui\u00e7\u00e3o 132\/2023, que chamada promove a t\u00e3o esperada \u201creforma tribut\u00e1ria\u201d dos tributos sobre o consumo. As altera\u00e7\u00f5es t\u00eam impacto direto no setor de saneamento, com potencial aumento na carga tribut\u00e1ria.<\/p>\n\n\n\n<p><strong>Aspectos gerais da reforma<br><\/strong>O objetivo, a princ\u00edpio, \u00e9 simplificar a tributa\u00e7\u00e3o em \u00e2mbito federal, estadual e municipal, por meio da substitui\u00e7\u00e3o de cinco tributos por dois IVAs (Impostos sobre Valor Agregado): a CBS (Contribui\u00e7\u00e3o sobre Bens e Servi\u00e7os), sob gest\u00e3o federal, que unificar\u00e1 IPI, PIS e Cofins; e o IBS (Imposto sobre Bens e Servi\u00e7os), gerenciado de forma compartilhada por estados e munic\u00edpios, unificando os atuais ICMS (estadual) e ISS (municipal).<\/p>\n\n\n\n<p>Esse modelo de IVA pauta-se pela n\u00e3o cumulatividade plena \u2013 que permite uma ampla base de cr\u00e9ditos sobre despesas sujeitas \u00e0 tributa\u00e7\u00e3o, exceto para uso e consumo pessoal \u2013 e pelo recolhimento dos impostos no local de destino, onde o bem ou o servi\u00e7o ser\u00e1 consumido, e n\u00e3o mais na origem.<\/p>\n\n\n\n<p>Embora as al\u00edquotas ainda n\u00e3o tenham sido definidas \u2013 o que ser\u00e1 feito por meio de lei complementar \u2013, estima-se a aplica\u00e7\u00e3o de uma al\u00edquota \u00fanica, possivelmente em torno de 27%, com poucas exce\u00e7\u00f5es para benef\u00edcios.<\/p>\n\n\n\n<p>Al\u00e9m disso, a EC 132\/2023 introduz o denominado Imposto Seletivo, que visa desencorajar o consumo de produtos prejudiciais \u00e0 sa\u00fade e ao meio ambiente, ao mesmo tempo em que garante isen\u00e7\u00e3o tribut\u00e1ria para itens essenciais da cesta b\u00e1sica.<\/p>\n\n\n\n<p><strong>Impactos para o saneamento<\/strong><br>A reforma tribut\u00e1ria prev\u00ea tratamento diferenciado para alguns setores espec\u00edficos \u2013 como educa\u00e7\u00e3o, sa\u00fade, transporte coletivo, dentre outros \u2013, que ter\u00e3o sua carga tribut\u00e1ria reduzida em compara\u00e7\u00e3o aos demais. O texto final n\u00e3o incluiu o setor de saneamento no rol dessas exce\u00e7\u00f5es, o que permite inferir que o segmento poder\u00e1 sofrer significativo aumento de tributa\u00e7\u00e3o. A proje\u00e7\u00e3o \u00e9 de que a carga tribut\u00e1ria saltar\u00e1 de 9% para 27%.<\/p>\n\n\n\n<p>No modelo atual, n\u00e3o h\u00e1 incid\u00eancia de ISS sobre a presta\u00e7\u00e3o de servi\u00e7os de saneamento b\u00e1sico, em raz\u00e3o do veto presidencial \u00e0 \u00e9poca da edi\u00e7\u00e3o da Lei Complementar 116\/2003. Com as mudan\u00e7as no regime tribut\u00e1rio existe o risco que os servi\u00e7os de saneamento b\u00e1sico sejam tributados seguindo \u00e0 al\u00edquota geral.<\/p>\n\n\n\n<p>No campo do fornecimento de \u00e1gua tratada, atualmente n\u00e3o h\u00e1 incid\u00eancia de ICMS por for\u00e7a de decis\u00e3o do STF (Supremo Tribunal Federal) no RE 607.056, em sede de repercuss\u00e3o geral. Com o novo regime tribut\u00e1rio n\u00e3o h\u00e1 garantia que estas opera\u00e7\u00f5es n\u00e3o sejam alvo da CBS e do IBS.<\/p>\n\n\n\n<p>Outra mudan\u00e7a relevante diz respeito \u00e0 extin\u00e7\u00e3o do Reidi (Regime Especial de Incentivos para o Desenvolvimento da Infraestrutura). Este regime atualmente concede desonera\u00e7\u00e3o de PIS e Cofins na aquisi\u00e7\u00e3o de estruturas destinadas ao saneamento.<\/p>\n\n\n\n<p>Com as altera\u00e7\u00f5es propostas, os benef\u00edcios do Reidi para o setor ser\u00e3o, em tese, eliminados. Uma poss\u00edvel alternativa para reduzir o impacto dessa mudan\u00e7a \u00e9 a previs\u00e3o no texto da reforma de desonerar a aquisi\u00e7\u00e3o de bens de capital, cuja regulamenta\u00e7\u00e3o depender\u00e1 de lei complementar.<\/p>\n\n\n\n<p><strong>Transi\u00e7\u00e3o<br><\/strong>A EC 132\/2023 prev\u00ea um per\u00edodo de transi\u00e7\u00e3o de dez anos, dentro do qual os tributos existentes ser\u00e3o substitu\u00eddos come\u00e7ando pelos tributos federais (PIS, Cofins e IPI), que ser\u00e3o substitu\u00eddos pela CBS e pelo Imposto Seletivo em 2027. A substitui\u00e7\u00e3o do ICMS e do ISS pelo IBS ser\u00e1 gradual em um per\u00edodo que vai de 2029 a 2032.<\/p>\n\n\n\n<p>A reforma tribut\u00e1ria garante ainda a manuten\u00e7\u00e3o dos benef\u00edcios tribut\u00e1rios de ICMS e de PIS e Cofins at\u00e9 31 de dezembro de 2032.<\/p>\n\n\n\n<p>Diante dessas incertezas, torna-se essencial o acompanhamento dos desdobramentos da reforma tribut\u00e1ria, principalmente da edi\u00e7\u00e3o da lei complementar regulamentadora, para compreender de que maneira as mudan\u00e7as tribut\u00e1rias poder\u00e3o impactar o setor de saneamento e poss\u00edveis alternativas para gerenciamento estrat\u00e9gico.<\/p>\n\n\n\n<h6 class=\"wp-block-heading\" id=\"block-f323f59b-51bf-4eed-b17b-3c7d3b917007\"><strong><strong>*<\/strong>Hendrick Pinheiro \u00e9 membro da Manesco, Ramires, Perez, Azevedo Marques Sociedade de Advogados.<\/strong><\/h6>\n\n\n\n<h6 class=\"wp-block-heading\" id=\"block-f323f59b-51bf-4eed-b17b-3c7d3b917007\"><strong>**Julia Daneluzzi \u00e9 membro da Manesco, Ramires, Perez, Azevedo Marques Sociedade de Advogados<\/strong><\/h6>\n\n\n\n<h5 class=\"wp-block-heading\" id=\"block-5ef42db3-2ed1-4178-8ab5-7a7f312ba102\">As opini\u00f5es dos autores n\u00e3o refletem necessariamente o pensamento da Ag\u00eancia iNFRA, sendo de total responsabilidade do autor as informa\u00e7\u00f5es, ju\u00edzos de valor e conceitos descritos no texto.<\/h5>\n","protected":false},"excerpt":{"rendered":"<p>Hendrick Pinheiro* e Julia Daneluzzi** No dia 20 de dezembro de 2023, o Congresso Nacional promulgou a Emenda \u00e0 Constitui\u00e7\u00e3o 132\/2023, que chamada promove a t\u00e3o esperada \u201creforma tribut\u00e1ria\u201d dos tributos sobre o consumo. As altera\u00e7\u00f5es t\u00eam impacto direto no setor de saneamento, com potencial aumento na carga tribut\u00e1ria. Aspectos gerais da reformaO objetivo, a [&hellip;]<\/p>\n","protected":false},"author":1,"featured_media":15447,"comment_status":"closed","ping_status":"closed","sticky":false,"template":"","format":"standard","meta":{"_monsterinsights_skip_tracking":false,"_monsterinsights_sitenote_active":false,"_monsterinsights_sitenote_note":"","_monsterinsights_sitenote_category":0,"footnotes":""},"categories":[1,11],"tags":[4852,2256,8422,8423,8424,5839,6745,1521,6650,6979,3899,4181,8425,8427,2255,8426,1730,261,73,8428,372,3404,8429,8430,8431],"class_list":["post-15446","post","type-post","status-publish","format-standard","has-post-thumbnail","hentry","category-geral","category-infradebate","tag-cbs","tag-cofins","tag-contribuicao-sobre-bens-e-servicos","tag-ec-132-2023","tag-emenda-a-constituicao","tag-hendrick-pinheiro","tag-ibs","tag-icms","tag-imposto-seletivo","tag-imposto-sobre-bens-e-servicos","tag-ipi","tag-iss","tag-julia-daneluzzi","tag-lc-116-2003","tag-pis","tag-re-607-056","tag-reforma-tributaria","tag-reidi","tag-saneamento-basico","tag-sistema-tributario","tag-stf","tag-supremo-tribunal-federal","tag-transicao-tributaria","tag-tributos-estaduais","tag-tributos-municipais"],"yoast_head":"<!-- This site is optimized with the Yoast SEO Premium plugin v25.4 (Yoast SEO v26.0) - https:\/\/yoast.com\/wordpress\/plugins\/seo\/ -->\n<title>Reforma tribut\u00e1ria e o aumento da carga para o setor de saneamento - Ag\u00eancia iNFRA<\/title>\n<meta name=\"robots\" content=\"index, follow, max-snippet:-1, max-image-preview:large, max-video-preview:-1\" \/>\n<link rel=\"canonical\" href=\"https:\/\/agenciainfra.com\/blog\/reforma-tributaria-e-o-aumento-da-carga-para-o-setor-de-saneamento\/\" \/>\n<meta property=\"og:locale\" content=\"pt_BR\" \/>\n<meta property=\"og:type\" content=\"article\" \/>\n<meta property=\"og:title\" content=\"Reforma tribut\u00e1ria e o aumento da carga para o setor de saneamento\" \/>\n<meta property=\"og:description\" content=\"Hendrick Pinheiro* e Julia Daneluzzi** No dia 20 de dezembro de 2023, o Congresso Nacional promulgou a Emenda \u00e0 Constitui\u00e7\u00e3o 132\/2023, que chamada promove a t\u00e3o esperada \u201creforma tribut\u00e1ria\u201d dos tributos sobre o consumo. As altera\u00e7\u00f5es t\u00eam impacto direto no setor de saneamento, com potencial aumento na carga tribut\u00e1ria. Aspectos gerais da reformaO objetivo, a [&hellip;]\" \/>\n<meta property=\"og:url\" content=\"https:\/\/agenciainfra.com\/blog\/reforma-tributaria-e-o-aumento-da-carga-para-o-setor-de-saneamento\/\" \/>\n<meta property=\"og:site_name\" content=\"Ag\u00eancia iNFRA\" \/>\n<meta property=\"article:publisher\" content=\"https:\/\/www.facebook.com\/ageninfra\" \/>\n<meta property=\"article:published_time\" content=\"2024-02-02T14:00:00+00:00\" \/>\n<meta property=\"article:modified_time\" content=\"2024-02-05T11:06:21+00:00\" \/>\n<meta property=\"og:image\" content=\"https:\/\/agenciainfra.com\/blog\/wp-content\/uploads\/2024\/02\/montagem-hendrick-e-julia.jpeg\" \/>\n\t<meta property=\"og:image:width\" content=\"1202\" \/>\n\t<meta property=\"og:image:height\" content=\"902\" \/>\n\t<meta property=\"og:image:type\" content=\"image\/jpeg\" \/>\n<meta name=\"author\" content=\"Ag\u00eancia iNFRA\" \/>\n<meta name=\"twitter:card\" content=\"summary_large_image\" \/>\n<meta name=\"twitter:creator\" content=\"@agencia_infra\" \/>\n<meta name=\"twitter:site\" content=\"@agencia_infra\" \/>\n<meta name=\"twitter:label1\" content=\"Escrito por\" \/>\n\t<meta name=\"twitter:data1\" content=\"Ag\u00eancia iNFRA\" \/>\n\t<meta name=\"twitter:label2\" content=\"Est. tempo de leitura\" \/>\n\t<meta name=\"twitter:data2\" content=\"4 minutos\" \/>\n<script type=\"application\/ld+json\" class=\"yoast-schema-graph\">{\"@context\":\"https:\/\/schema.org\",\"@graph\":[{\"@type\":\"Article\",\"@id\":\"https:\/\/agenciainfra.com\/blog\/reforma-tributaria-e-o-aumento-da-carga-para-o-setor-de-saneamento\/#article\",\"isPartOf\":{\"@id\":\"https:\/\/agenciainfra.com\/blog\/reforma-tributaria-e-o-aumento-da-carga-para-o-setor-de-saneamento\/\"},\"author\":{\"name\":\"Ag\u00eancia iNFRA\",\"@id\":\"https:\/\/agenciainfra.com\/blog\/#\/schema\/person\/34af08dff6adea4cb22b06612ba7acfa\"},\"headline\":\"Reforma tribut\u00e1ria e o aumento da carga para o setor de saneamento\",\"datePublished\":\"2024-02-02T14:00:00+00:00\",\"dateModified\":\"2024-02-05T11:06:21+00:00\",\"mainEntityOfPage\":{\"@id\":\"https:\/\/agenciainfra.com\/blog\/reforma-tributaria-e-o-aumento-da-carga-para-o-setor-de-saneamento\/\"},\"wordCount\":753,\"publisher\":{\"@id\":\"https:\/\/agenciainfra.com\/blog\/#organization\"},\"image\":{\"@id\":\"https:\/\/agenciainfra.com\/blog\/reforma-tributaria-e-o-aumento-da-carga-para-o-setor-de-saneamento\/#primaryimage\"},\"thumbnailUrl\":\"https:\/\/agenciainfra.com\/blog\/wp-content\/uploads\/2024\/02\/montagem-hendrick-e-julia.jpeg\",\"keywords\":[\"CBS\",\"Cofins\",\"Contribui\u00e7\u00e3o sobre Bens e Servi\u00e7os\",\"EC 132\/2023\",\"Emenda \u00e0 Constitui\u00e7\u00e3o\",\"Hendrick Pinheiro\",\"IBS\",\"ICMS\",\"imposto seletivo\",\"Imposto sobre Bens e Servi\u00e7os\",\"IPI\",\"ISS\",\"Julia Daneluzzi\",\"LC 116\/2003\",\"PIS\",\"RE 607.056\",\"reforma tribut\u00e1ria\",\"REIDI\",\"Saneamento B\u00e1sico\",\"Sistema Tribut\u00e1rio\",\"STF\",\"Supremo Tribunal Federal\",\"Transi\u00e7\u00e3o Tribut\u00e1ria\",\"tributos estaduais\",\"tributos municipais\"],\"articleSection\":[\"Geral\",\"iNFRADebate\"],\"inLanguage\":\"pt-BR\",\"copyrightYear\":\"2024\",\"copyrightHolder\":{\"@id\":\"https:\/\/agenciainfra.com\/blog\/#organization\"}},{\"@type\":\"WebPage\",\"@id\":\"https:\/\/agenciainfra.com\/blog\/reforma-tributaria-e-o-aumento-da-carga-para-o-setor-de-saneamento\/\",\"url\":\"https:\/\/agenciainfra.com\/blog\/reforma-tributaria-e-o-aumento-da-carga-para-o-setor-de-saneamento\/\",\"name\":\"Reforma tribut\u00e1ria e o aumento da carga para o setor de saneamento - Ag\u00eancia iNFRA\",\"isPartOf\":{\"@id\":\"https:\/\/agenciainfra.com\/blog\/#website\"},\"primaryImageOfPage\":{\"@id\":\"https:\/\/agenciainfra.com\/blog\/reforma-tributaria-e-o-aumento-da-carga-para-o-setor-de-saneamento\/#primaryimage\"},\"image\":{\"@id\":\"https:\/\/agenciainfra.com\/blog\/reforma-tributaria-e-o-aumento-da-carga-para-o-setor-de-saneamento\/#primaryimage\"},\"thumbnailUrl\":\"https:\/\/agenciainfra.com\/blog\/wp-content\/uploads\/2024\/02\/montagem-hendrick-e-julia.jpeg\",\"datePublished\":\"2024-02-02T14:00:00+00:00\",\"dateModified\":\"2024-02-05T11:06:21+00:00\",\"breadcrumb\":{\"@id\":\"https:\/\/agenciainfra.com\/blog\/reforma-tributaria-e-o-aumento-da-carga-para-o-setor-de-saneamento\/#breadcrumb\"},\"inLanguage\":\"pt-BR\",\"potentialAction\":[{\"@type\":\"ReadAction\",\"target\":[\"https:\/\/agenciainfra.com\/blog\/reforma-tributaria-e-o-aumento-da-carga-para-o-setor-de-saneamento\/\"]}]},{\"@type\":\"ImageObject\",\"inLanguage\":\"pt-BR\",\"@id\":\"https:\/\/agenciainfra.com\/blog\/reforma-tributaria-e-o-aumento-da-carga-para-o-setor-de-saneamento\/#primaryimage\",\"url\":\"https:\/\/agenciainfra.com\/blog\/wp-content\/uploads\/2024\/02\/montagem-hendrick-e-julia.jpeg\",\"contentUrl\":\"https:\/\/agenciainfra.com\/blog\/wp-content\/uploads\/2024\/02\/montagem-hendrick-e-julia.jpeg\",\"width\":1202,\"height\":902},{\"@type\":\"BreadcrumbList\",\"@id\":\"https:\/\/agenciainfra.com\/blog\/reforma-tributaria-e-o-aumento-da-carga-para-o-setor-de-saneamento\/#breadcrumb\",\"itemListElement\":[{\"@type\":\"ListItem\",\"position\":1,\"name\":\"In\u00edcio\",\"item\":\"https:\/\/agenciainfra.com\/blog\/\"},{\"@type\":\"ListItem\",\"position\":2,\"name\":\"Reforma tribut\u00e1ria e o aumento da carga para o setor de saneamento\"}]},{\"@type\":\"WebSite\",\"@id\":\"https:\/\/agenciainfra.com\/blog\/#website\",\"url\":\"https:\/\/agenciainfra.com\/blog\/\",\"name\":\"Ag\u00eancia iNFRA\",\"description\":\"Multiplataforma de informa\u00e7\u00e3o jornal\u00edstica refer\u00eancia na \u00e1rea de infraestrutura no Brasil!\",\"publisher\":{\"@id\":\"https:\/\/agenciainfra.com\/blog\/#organization\"},\"potentialAction\":[{\"@type\":\"SearchAction\",\"target\":{\"@type\":\"EntryPoint\",\"urlTemplate\":\"https:\/\/agenciainfra.com\/blog\/?s={search_term_string}\"},\"query-input\":{\"@type\":\"PropertyValueSpecification\",\"valueRequired\":true,\"valueName\":\"search_term_string\"}}],\"inLanguage\":\"pt-BR\"},{\"@type\":\"Organization\",\"@id\":\"https:\/\/agenciainfra.com\/blog\/#organization\",\"name\":\"Ag\u00eancia iNFRA\",\"url\":\"https:\/\/agenciainfra.com\/blog\/\",\"logo\":{\"@type\":\"ImageObject\",\"inLanguage\":\"pt-BR\",\"@id\":\"https:\/\/agenciainfra.com\/blog\/#\/schema\/logo\/image\/\",\"url\":\"https:\/\/agenciainfra.com\/blog\/wp-content\/uploads\/2023\/09\/iNFRA_5-e1761735885940.png\",\"contentUrl\":\"https:\/\/agenciainfra.com\/blog\/wp-content\/uploads\/2023\/09\/iNFRA_5-e1761735885940.png\",\"width\":1672,\"height\":454,\"caption\":\"Ag\u00eancia iNFRA\"},\"image\":{\"@id\":\"https:\/\/agenciainfra.com\/blog\/#\/schema\/logo\/image\/\"},\"sameAs\":[\"https:\/\/www.facebook.com\/ageninfra\",\"https:\/\/x.com\/agencia_infra\",\"https:\/\/www.linkedin.com\/company\/ag\u00eanciainfra\/\",\"https:\/\/www.instagram.com\/agenciainfra\/\"]},{\"@type\":\"Person\",\"@id\":\"https:\/\/agenciainfra.com\/blog\/#\/schema\/person\/34af08dff6adea4cb22b06612ba7acfa\",\"name\":\"Ag\u00eancia iNFRA\",\"image\":{\"@type\":\"ImageObject\",\"inLanguage\":\"pt-BR\",\"@id\":\"https:\/\/agenciainfra.com\/blog\/#\/schema\/person\/image\/\",\"url\":\"https:\/\/secure.gravatar.com\/avatar\/d189e01678f06d8eb84d4e01f08eb848b3fffe3f8443818d3c356c66892f5be8?s=96&d=mm&r=g\",\"contentUrl\":\"https:\/\/secure.gravatar.com\/avatar\/d189e01678f06d8eb84d4e01f08eb848b3fffe3f8443818d3c356c66892f5be8?s=96&d=mm&r=g\",\"caption\":\"Ag\u00eancia iNFRA\"},\"url\":\"https:\/\/agenciainfra.com\/blog\/author\/admin\/\"}]}<\/script>\n<!-- \/ Yoast SEO Premium plugin. -->","yoast_head_json":{"title":"Reforma tribut\u00e1ria e o aumento da carga para o setor de saneamento - Ag\u00eancia iNFRA","robots":{"index":"index","follow":"follow","max-snippet":"max-snippet:-1","max-image-preview":"max-image-preview:large","max-video-preview":"max-video-preview:-1"},"canonical":"https:\/\/agenciainfra.com\/blog\/reforma-tributaria-e-o-aumento-da-carga-para-o-setor-de-saneamento\/","og_locale":"pt_BR","og_type":"article","og_title":"Reforma tribut\u00e1ria e o aumento da carga para o setor de saneamento","og_description":"Hendrick Pinheiro* e Julia Daneluzzi** No dia 20 de dezembro de 2023, o Congresso Nacional promulgou a Emenda \u00e0 Constitui\u00e7\u00e3o 132\/2023, que chamada promove a t\u00e3o esperada \u201creforma tribut\u00e1ria\u201d dos tributos sobre o consumo. As altera\u00e7\u00f5es t\u00eam impacto direto no setor de saneamento, com potencial aumento na carga tribut\u00e1ria. Aspectos gerais da reformaO objetivo, a [&hellip;]","og_url":"https:\/\/agenciainfra.com\/blog\/reforma-tributaria-e-o-aumento-da-carga-para-o-setor-de-saneamento\/","og_site_name":"Ag\u00eancia iNFRA","article_publisher":"https:\/\/www.facebook.com\/ageninfra","article_published_time":"2024-02-02T14:00:00+00:00","article_modified_time":"2024-02-05T11:06:21+00:00","og_image":[{"width":1202,"height":902,"url":"https:\/\/agenciainfra.com\/blog\/wp-content\/uploads\/2024\/02\/montagem-hendrick-e-julia.jpeg","type":"image\/jpeg"}],"author":"Ag\u00eancia iNFRA","twitter_card":"summary_large_image","twitter_creator":"@agencia_infra","twitter_site":"@agencia_infra","twitter_misc":{"Escrito por":"Ag\u00eancia iNFRA","Est. tempo de leitura":"4 minutos"},"schema":{"@context":"https:\/\/schema.org","@graph":[{"@type":"Article","@id":"https:\/\/agenciainfra.com\/blog\/reforma-tributaria-e-o-aumento-da-carga-para-o-setor-de-saneamento\/#article","isPartOf":{"@id":"https:\/\/agenciainfra.com\/blog\/reforma-tributaria-e-o-aumento-da-carga-para-o-setor-de-saneamento\/"},"author":{"name":"Ag\u00eancia iNFRA","@id":"https:\/\/agenciainfra.com\/blog\/#\/schema\/person\/34af08dff6adea4cb22b06612ba7acfa"},"headline":"Reforma tribut\u00e1ria e o aumento da carga para o setor de saneamento","datePublished":"2024-02-02T14:00:00+00:00","dateModified":"2024-02-05T11:06:21+00:00","mainEntityOfPage":{"@id":"https:\/\/agenciainfra.com\/blog\/reforma-tributaria-e-o-aumento-da-carga-para-o-setor-de-saneamento\/"},"wordCount":753,"publisher":{"@id":"https:\/\/agenciainfra.com\/blog\/#organization"},"image":{"@id":"https:\/\/agenciainfra.com\/blog\/reforma-tributaria-e-o-aumento-da-carga-para-o-setor-de-saneamento\/#primaryimage"},"thumbnailUrl":"https:\/\/agenciainfra.com\/blog\/wp-content\/uploads\/2024\/02\/montagem-hendrick-e-julia.jpeg","keywords":["CBS","Cofins","Contribui\u00e7\u00e3o sobre Bens e Servi\u00e7os","EC 132\/2023","Emenda \u00e0 Constitui\u00e7\u00e3o","Hendrick Pinheiro","IBS","ICMS","imposto seletivo","Imposto sobre Bens e Servi\u00e7os","IPI","ISS","Julia Daneluzzi","LC 116\/2003","PIS","RE 607.056","reforma tribut\u00e1ria","REIDI","Saneamento B\u00e1sico","Sistema Tribut\u00e1rio","STF","Supremo Tribunal Federal","Transi\u00e7\u00e3o Tribut\u00e1ria","tributos estaduais","tributos municipais"],"articleSection":["Geral","iNFRADebate"],"inLanguage":"pt-BR","copyrightYear":"2024","copyrightHolder":{"@id":"https:\/\/agenciainfra.com\/blog\/#organization"}},{"@type":"WebPage","@id":"https:\/\/agenciainfra.com\/blog\/reforma-tributaria-e-o-aumento-da-carga-para-o-setor-de-saneamento\/","url":"https:\/\/agenciainfra.com\/blog\/reforma-tributaria-e-o-aumento-da-carga-para-o-setor-de-saneamento\/","name":"Reforma tribut\u00e1ria e o aumento da carga para o setor de saneamento - Ag\u00eancia iNFRA","isPartOf":{"@id":"https:\/\/agenciainfra.com\/blog\/#website"},"primaryImageOfPage":{"@id":"https:\/\/agenciainfra.com\/blog\/reforma-tributaria-e-o-aumento-da-carga-para-o-setor-de-saneamento\/#primaryimage"},"image":{"@id":"https:\/\/agenciainfra.com\/blog\/reforma-tributaria-e-o-aumento-da-carga-para-o-setor-de-saneamento\/#primaryimage"},"thumbnailUrl":"https:\/\/agenciainfra.com\/blog\/wp-content\/uploads\/2024\/02\/montagem-hendrick-e-julia.jpeg","datePublished":"2024-02-02T14:00:00+00:00","dateModified":"2024-02-05T11:06:21+00:00","breadcrumb":{"@id":"https:\/\/agenciainfra.com\/blog\/reforma-tributaria-e-o-aumento-da-carga-para-o-setor-de-saneamento\/#breadcrumb"},"inLanguage":"pt-BR","potentialAction":[{"@type":"ReadAction","target":["https:\/\/agenciainfra.com\/blog\/reforma-tributaria-e-o-aumento-da-carga-para-o-setor-de-saneamento\/"]}]},{"@type":"ImageObject","inLanguage":"pt-BR","@id":"https:\/\/agenciainfra.com\/blog\/reforma-tributaria-e-o-aumento-da-carga-para-o-setor-de-saneamento\/#primaryimage","url":"https:\/\/agenciainfra.com\/blog\/wp-content\/uploads\/2024\/02\/montagem-hendrick-e-julia.jpeg","contentUrl":"https:\/\/agenciainfra.com\/blog\/wp-content\/uploads\/2024\/02\/montagem-hendrick-e-julia.jpeg","width":1202,"height":902},{"@type":"BreadcrumbList","@id":"https:\/\/agenciainfra.com\/blog\/reforma-tributaria-e-o-aumento-da-carga-para-o-setor-de-saneamento\/#breadcrumb","itemListElement":[{"@type":"ListItem","position":1,"name":"In\u00edcio","item":"https:\/\/agenciainfra.com\/blog\/"},{"@type":"ListItem","position":2,"name":"Reforma tribut\u00e1ria e o aumento da carga para o setor de saneamento"}]},{"@type":"WebSite","@id":"https:\/\/agenciainfra.com\/blog\/#website","url":"https:\/\/agenciainfra.com\/blog\/","name":"Ag\u00eancia iNFRA","description":"Multiplataforma de informa\u00e7\u00e3o jornal\u00edstica refer\u00eancia na \u00e1rea de infraestrutura no Brasil!","publisher":{"@id":"https:\/\/agenciainfra.com\/blog\/#organization"},"potentialAction":[{"@type":"SearchAction","target":{"@type":"EntryPoint","urlTemplate":"https:\/\/agenciainfra.com\/blog\/?s={search_term_string}"},"query-input":{"@type":"PropertyValueSpecification","valueRequired":true,"valueName":"search_term_string"}}],"inLanguage":"pt-BR"},{"@type":"Organization","@id":"https:\/\/agenciainfra.com\/blog\/#organization","name":"Ag\u00eancia iNFRA","url":"https:\/\/agenciainfra.com\/blog\/","logo":{"@type":"ImageObject","inLanguage":"pt-BR","@id":"https:\/\/agenciainfra.com\/blog\/#\/schema\/logo\/image\/","url":"https:\/\/agenciainfra.com\/blog\/wp-content\/uploads\/2023\/09\/iNFRA_5-e1761735885940.png","contentUrl":"https:\/\/agenciainfra.com\/blog\/wp-content\/uploads\/2023\/09\/iNFRA_5-e1761735885940.png","width":1672,"height":454,"caption":"Ag\u00eancia iNFRA"},"image":{"@id":"https:\/\/agenciainfra.com\/blog\/#\/schema\/logo\/image\/"},"sameAs":["https:\/\/www.facebook.com\/ageninfra","https:\/\/x.com\/agencia_infra","https:\/\/www.linkedin.com\/company\/ag\u00eanciainfra\/","https:\/\/www.instagram.com\/agenciainfra\/"]},{"@type":"Person","@id":"https:\/\/agenciainfra.com\/blog\/#\/schema\/person\/34af08dff6adea4cb22b06612ba7acfa","name":"Ag\u00eancia iNFRA","image":{"@type":"ImageObject","inLanguage":"pt-BR","@id":"https:\/\/agenciainfra.com\/blog\/#\/schema\/person\/image\/","url":"https:\/\/secure.gravatar.com\/avatar\/d189e01678f06d8eb84d4e01f08eb848b3fffe3f8443818d3c356c66892f5be8?s=96&d=mm&r=g","contentUrl":"https:\/\/secure.gravatar.com\/avatar\/d189e01678f06d8eb84d4e01f08eb848b3fffe3f8443818d3c356c66892f5be8?s=96&d=mm&r=g","caption":"Ag\u00eancia iNFRA"},"url":"https:\/\/agenciainfra.com\/blog\/author\/admin\/"}]}},"_links":{"self":[{"href":"https:\/\/agenciainfra.com\/blog\/wp-json\/wp\/v2\/posts\/15446","targetHints":{"allow":["GET"]}}],"collection":[{"href":"https:\/\/agenciainfra.com\/blog\/wp-json\/wp\/v2\/posts"}],"about":[{"href":"https:\/\/agenciainfra.com\/blog\/wp-json\/wp\/v2\/types\/post"}],"author":[{"embeddable":true,"href":"https:\/\/agenciainfra.com\/blog\/wp-json\/wp\/v2\/users\/1"}],"replies":[{"embeddable":true,"href":"https:\/\/agenciainfra.com\/blog\/wp-json\/wp\/v2\/comments?post=15446"}],"version-history":[{"count":1,"href":"https:\/\/agenciainfra.com\/blog\/wp-json\/wp\/v2\/posts\/15446\/revisions"}],"predecessor-version":[{"id":15448,"href":"https:\/\/agenciainfra.com\/blog\/wp-json\/wp\/v2\/posts\/15446\/revisions\/15448"}],"wp:featuredmedia":[{"embeddable":true,"href":"https:\/\/agenciainfra.com\/blog\/wp-json\/wp\/v2\/media\/15447"}],"wp:attachment":[{"href":"https:\/\/agenciainfra.com\/blog\/wp-json\/wp\/v2\/media?parent=15446"}],"wp:term":[{"taxonomy":"category","embeddable":true,"href":"https:\/\/agenciainfra.com\/blog\/wp-json\/wp\/v2\/categories?post=15446"},{"taxonomy":"post_tag","embeddable":true,"href":"https:\/\/agenciainfra.com\/blog\/wp-json\/wp\/v2\/tags?post=15446"}],"curies":[{"name":"wp","href":"https:\/\/api.w.org\/{rel}","templated":true}]}}