{"id":15449,"date":"2024-02-02T10:00:00","date_gmt":"2024-02-02T13:00:00","guid":{"rendered":"https:\/\/www.agenciainfra.com\/blog\/?p=15449"},"modified":"2026-03-13T09:42:18","modified_gmt":"2026-03-13T12:42:18","slug":"decisao-do-tcu-sobre-renovaveis-inclui-subsidios-vigentes-especialista-alerta-para-judicializacao","status":"publish","type":"post","link":"https:\/\/agenciainfra.com\/blog\/decisao-do-tcu-sobre-renovaveis-inclui-subsidios-vigentes-especialista-alerta-para-judicializacao\/","title":{"rendered":"Decis\u00e3o do TCU sobre renov\u00e1veis inclui subs\u00eddios vigentes; especialista alerta para judicializa\u00e7\u00e3o"},"content":{"rendered":"\n<p class=\"has-text-align-right\"><strong>Marisa Wanzeller, da&nbsp;Ag\u00eancia iNFRA<\/strong><\/p>\n\n\n\n<p>A&nbsp;decis\u00e3o&nbsp;do&nbsp;TCU&nbsp;(Tribunal de Contas da Uni\u00e3o) da \u00faltima quarta-feira (31)&nbsp;sobre&nbsp;os descontos&nbsp;do&nbsp;uso dos fios de transmiss\u00e3o e distribui\u00e7\u00e3o&nbsp;para&nbsp;fontes&nbsp;renov\u00e1veis&nbsp;inclui&nbsp;os&nbsp;subs\u00eddios&nbsp;que j\u00e1 foram dados no passado,&nbsp;para&nbsp;projetos que est\u00e3o em opera\u00e7\u00e3o.<br><br>A informa\u00e7\u00e3o foi confirmada pela ANEEL (Ag\u00eancia Nacional de Energia El\u00e9trica) \u00e0&nbsp;<strong>Ag\u00eancia iNFRA<\/strong>, via assessoria: &#8220;O plano de a\u00e7\u00e3o deve contemplar tamb\u00e9m a\u00e7\u00f5es quanto \u00e0 situa\u00e7\u00e3o dos empreendimentos j\u00e1 autorizados e com&nbsp;subs\u00eddios&nbsp;vigentes&#8221;. Segundo a ag\u00eancia,&nbsp;a&nbsp;regulamenta\u00e7\u00e3o dever\u00e1 &#8220;considerar estudos de impacto da corre\u00e7\u00e3o de irregularidades nas autoriza\u00e7\u00f5es j\u00e1 realizadas, ou a apresenta\u00e7\u00e3o de justificativas&nbsp;para&nbsp;a manuten\u00e7\u00e3o das redu\u00e7\u00f5es j\u00e1 autorizadas&#8221;.<br><br>Essa&nbsp;decis\u00e3o, segundo o advogado Caio Alves, ex-assessor da ag\u00eancia reguladora&nbsp;e atualmente s\u00f3cio de energia&nbsp;do&nbsp;escrit\u00f3rio Rolim Goulart Cardoso Advogados, pode levar \u00e0&nbsp;judicializa\u00e7\u00e3o.&nbsp;&#8220;O&nbsp;TCU&nbsp;est\u00e1 querendo, na pr\u00e1tica, que a ANEEL aplique desde o passado. Eu vou retroagir essa norma? Como que eu vou fazer isso? Tem um risco grande de inseguran\u00e7a jur\u00eddica&#8221;, avalia.<br>&nbsp;<br>Na \u00faltima quarta-feira (31), a corte de contas determinou que novas outorgas de projetos&nbsp;renov\u00e1veis&nbsp;com capacidade de at\u00e9 300 MW (megawatts) poder\u00e3o ser concedidas pela ANEEL, desde que sem os&nbsp;subs\u00eddios&nbsp;da&nbsp;TUSD (Tarifa de Uso&nbsp;do&nbsp;Sistema de Distribui\u00e7\u00e3o) e TUST (Tarifa de Uso&nbsp;do&nbsp;Sistema de Transmiss\u00e3o), que ser\u00e3o definidos posteriormente, ap\u00f3s regulamenta\u00e7\u00e3o. &#8220;Assim, aqueles empreendedores que decidirem dar andamento aos projetos, dever\u00e3o estar cientes que seguir\u00e3o por sua conta e risco&#8221;, diz o ac\u00f3rd\u00e3o.&nbsp;<br><br><strong>Fragmenta\u00e7\u00e3o de projetos<\/strong><br>O principal objetivo da&nbsp;decis\u00e3o&nbsp;do&nbsp;tribunal \u00e9 evitar a pr\u00e1tica de \u201cfragmenta\u00e7\u00e3o formal de projetos, resultando na apresenta\u00e7\u00e3o de projetos separados com pot\u00eancia instalada menor ou igual a 300 MW, mas que fazem parte de um mesmo empreendimento, cuja totalidade das pot\u00eancias ultrapassa o limite legal de 300 MW\u201d. Projetos at\u00e9 esse limite t\u00eam o direito ao desconto, mas h\u00e1 a desconfian\u00e7a de que empreendimentos maiores se dividam&nbsp;para&nbsp;obter os benef\u00edcios.<br><br>Para&nbsp;Alves, ser\u00e1 complicada a aplica\u00e7\u00e3o dessa ordem, tendo em vista as pr\u00e1ticas atuais&nbsp;do&nbsp;setor. Em seu entendimento, haver\u00e1 dificuldade&nbsp;para&nbsp;distinguir empreendimentos divididos por &#8220;decis\u00e3o&nbsp;estrat\u00e9gica de neg\u00f3cio&#8221; ou por &#8220;mirar em uma oportunidade de fugir&nbsp;do&nbsp;limite legal&#8221;. &nbsp;<br><br>&#8220;Hoje, quando voc\u00ea pega empreendimento, principalmente de solar e e\u00f3lica, eles s\u00e3o constru\u00eddos normalmente um&nbsp;do&nbsp;lado&nbsp;do&nbsp;outro e s\u00e3o divididos em v\u00e1rios parques pequenos. \u00c9 da pr\u00e1tica da e\u00f3lica construir um&nbsp;do&nbsp;lado&nbsp;do&nbsp;outro e nomear de 1 at\u00e9 o infinito. Solar \u00e9 um pouco menos, mas geralmente os empreendimentos conectam na mesma subesta\u00e7\u00e3o&#8221;, exp\u00f5e o advogado.<br><br>Ele explica que o setor tem buscado outorgas menores por ser mais f\u00e1cil de conseguir &#8220;financiabilidade&#8221;. Al\u00e9m disso, o pre\u00e7o baixo da energia no ambiente livre atualmente tamb\u00e9m acarreta em risco maior&nbsp;para&nbsp;projetos grandes. &#8220;Quanto menor pot\u00eancia voc\u00ea tiver em uma usina, quanto mais voc\u00ea conseguir dividir, voc\u00ea pode vender&nbsp;para&nbsp;mais pessoas, e assim voc\u00ea diminui os riscos de um empreendimento gerar mal, voc\u00ea segrega esse risco&#8221;, explica.<br><br><strong>Inseguran\u00e7a jur\u00eddica<\/strong><br>No entendimento de Alves, mesmo os agentes que ainda n\u00e3o est\u00e3o com o projeto em opera\u00e7\u00e3o, mas que solicitaram as outorgas dentro&nbsp;do&nbsp;prazo (2 de mar\u00e7o de 2022), devem ter direito ao desconto, sob risco de inseguran\u00e7a jur\u00eddica. &#8220;A gente est\u00e1 falando de um crit\u00e9rio novo, ent\u00e3o vale o crit\u00e9rio de quando eu pedi&#8221;, avalia.<br><br>&#8220;Eu n\u00e3o sei se na pr\u00e1tica o&nbsp;TCU&nbsp;vai conseguir evitar que essas outorgas saiam com desconto, honestamente. Eu acho que, inclusive, a ANEEL pode for\u00e7ar, estabelecer uma norma e come\u00e7ar a restringir as novas outorgas que v\u00e3o sair, mas o agente que pediu dentro&nbsp;do&nbsp;prazo certamente vai&nbsp;para&nbsp;o Judici\u00e1rio e vai tentar reverter isso&#8221;, disse Alves.<br><br><strong>Grandes players<\/strong><br>Na interpreta\u00e7\u00e3o da advogada Luiza Melcop, s\u00f3cia&nbsp;do&nbsp;Cortez Pimentel Advogados, a&nbsp;decis\u00e3o&nbsp;da corte de contas &#8220;afetaria mais os grandes players&#8221;.<br><br>&#8220;A quest\u00e3o \u00e9 a limita\u00e7\u00e3o na concess\u00e3o&nbsp;do&nbsp;desconto que se d\u00e1&nbsp;para&nbsp;a energia injetada. No entanto, como o fator de capacidade dos projetos reduz a pot\u00eancia injetada em rela\u00e7\u00e3o \u00e0 pot\u00eancia instalada, o impacto da&nbsp;decis\u00e3o&nbsp;do&nbsp;TCU&nbsp;n\u00e3o seria t\u00e3o grande assim&nbsp;para&nbsp;o mercado&#8221;, pontuou.<\/p>\n","protected":false},"excerpt":{"rendered":"<p>Marisa Wanzeller, da&nbsp;Ag\u00eancia iNFRA A&nbsp;decis\u00e3o&nbsp;do&nbsp;TCU&nbsp;(Tribunal de Contas da Uni\u00e3o) da \u00faltima quarta-feira (31)&nbsp;sobre&nbsp;os descontos&nbsp;do&nbsp;uso dos fios de transmiss\u00e3o e distribui\u00e7\u00e3o&nbsp;para&nbsp;fontes&nbsp;renov\u00e1veis&nbsp;inclui&nbsp;os&nbsp;subs\u00eddios&nbsp;que j\u00e1 foram dados no passado,&nbsp;para&nbsp;projetos que est\u00e3o em opera\u00e7\u00e3o. A informa\u00e7\u00e3o foi confirmada pela ANEEL (Ag\u00eancia Nacional de Energia El\u00e9trica) \u00e0&nbsp;Ag\u00eancia iNFRA, via assessoria: &#8220;O plano de a\u00e7\u00e3o deve contemplar tamb\u00e9m a\u00e7\u00f5es quanto \u00e0 situa\u00e7\u00e3o [&hellip;]<\/p>\n","protected":false},"author":1,"featured_media":7397,"comment_status":"closed","ping_status":"closed","sticky":false,"template":"","format":"standard","meta":{"_monsterinsights_skip_tracking":false,"_monsterinsights_sitenote_active":false,"_monsterinsights_sitenote_note":"","_monsterinsights_sitenote_category":0,"footnotes":""},"categories":[7250,1,10],"tags":[852,53,6229,8432,6638,2804,8433,572,8434,7366,5182,5637,8435,4410,1601,8436,18,927,3753,4063],"class_list":["post-15449","post","type-post","status-publish","format-standard","has-post-thumbnail","hentry","category-destaque-lista","category-geral","category-infraenergia","tag-agencia-nacional-de-energia-eletrica","tag-aneel","tag-caio-alves","tag-cortez-pimentel-advogados","tag-desconto","tag-energia-renovavel","tag-fragmentacao-de-projetos","tag-judicializacao","tag-luiza-melcop","tag-marisa-wanzeller","tag-outorgas","tag-projetos","tag-rolim-goulart-cardoso-advogados","tag-setor-de-energia","tag-subsidios","tag-tarifas-de-uso","tag-tcu","tag-tribunal-de-contas-da-uniao","tag-tusd","tag-tust"],"yoast_head":"<!-- This site is optimized with the Yoast SEO Premium plugin v25.4 (Yoast SEO v26.0) - https:\/\/yoast.com\/wordpress\/plugins\/seo\/ -->\n<title>Decis\u00e3o do TCU sobre renov\u00e1veis inclui subs\u00eddios vigentes; especialista alerta para judicializa\u00e7\u00e3o - Ag\u00eancia iNFRA<\/title>\n<meta name=\"robots\" content=\"index, follow, max-snippet:-1, max-image-preview:large, max-video-preview:-1\" \/>\n<link rel=\"canonical\" href=\"https:\/\/agenciainfra.com\/blog\/decisao-do-tcu-sobre-renovaveis-inclui-subsidios-vigentes-especialista-alerta-para-judicializacao\/\" \/>\n<meta property=\"og:locale\" content=\"pt_BR\" \/>\n<meta property=\"og:type\" content=\"article\" \/>\n<meta property=\"og:title\" content=\"Decis\u00e3o do TCU sobre renov\u00e1veis inclui subs\u00eddios vigentes; especialista alerta para judicializa\u00e7\u00e3o\" \/>\n<meta property=\"og:description\" content=\"Marisa Wanzeller, da&nbsp;Ag\u00eancia iNFRA A&nbsp;decis\u00e3o&nbsp;do&nbsp;TCU&nbsp;(Tribunal de Contas da Uni\u00e3o) da \u00faltima quarta-feira (31)&nbsp;sobre&nbsp;os descontos&nbsp;do&nbsp;uso dos fios de transmiss\u00e3o e distribui\u00e7\u00e3o&nbsp;para&nbsp;fontes&nbsp;renov\u00e1veis&nbsp;inclui&nbsp;os&nbsp;subs\u00eddios&nbsp;que j\u00e1 foram dados no passado,&nbsp;para&nbsp;projetos que est\u00e3o em opera\u00e7\u00e3o. A informa\u00e7\u00e3o foi confirmada pela ANEEL (Ag\u00eancia Nacional de Energia El\u00e9trica) \u00e0&nbsp;Ag\u00eancia iNFRA, via assessoria: &#8220;O plano de a\u00e7\u00e3o deve contemplar tamb\u00e9m a\u00e7\u00f5es quanto \u00e0 situa\u00e7\u00e3o [&hellip;]\" \/>\n<meta property=\"og:url\" content=\"https:\/\/agenciainfra.com\/blog\/decisao-do-tcu-sobre-renovaveis-inclui-subsidios-vigentes-especialista-alerta-para-judicializacao\/\" \/>\n<meta property=\"og:site_name\" content=\"Ag\u00eancia iNFRA\" \/>\n<meta property=\"article:publisher\" content=\"https:\/\/www.facebook.com\/ageninfra\" \/>\n<meta property=\"article:published_time\" content=\"2024-02-02T13:00:00+00:00\" \/>\n<meta property=\"article:modified_time\" content=\"2026-03-13T12:42:18+00:00\" \/>\n<meta property=\"og:image\" content=\"https:\/\/agenciainfra.com\/blog\/wp-content\/uploads\/2021\/06\/tcu-foto-leopoldo-silva-agencia-senado.png\" \/>\n\t<meta property=\"og:image:width\" content=\"1280\" \/>\n\t<meta property=\"og:image:height\" content=\"849\" \/>\n\t<meta property=\"og:image:type\" content=\"image\/png\" \/>\n<meta name=\"author\" content=\"Ag\u00eancia iNFRA\" \/>\n<meta name=\"twitter:card\" content=\"summary_large_image\" \/>\n<meta name=\"twitter:creator\" content=\"@agencia_infra\" \/>\n<meta name=\"twitter:site\" content=\"@agencia_infra\" \/>\n<meta name=\"twitter:label1\" content=\"Escrito por\" \/>\n\t<meta name=\"twitter:data1\" content=\"Ag\u00eancia iNFRA\" \/>\n\t<meta name=\"twitter:label2\" content=\"Est. tempo de leitura\" \/>\n\t<meta name=\"twitter:data2\" content=\"4 minutos\" \/>\n<script type=\"application\/ld+json\" class=\"yoast-schema-graph\">{\"@context\":\"https:\/\/schema.org\",\"@graph\":[{\"@type\":\"Article\",\"@id\":\"https:\/\/agenciainfra.com\/blog\/decisao-do-tcu-sobre-renovaveis-inclui-subsidios-vigentes-especialista-alerta-para-judicializacao\/#article\",\"isPartOf\":{\"@id\":\"https:\/\/agenciainfra.com\/blog\/decisao-do-tcu-sobre-renovaveis-inclui-subsidios-vigentes-especialista-alerta-para-judicializacao\/\"},\"author\":{\"name\":\"Ag\u00eancia iNFRA\",\"@id\":\"https:\/\/agenciainfra.com\/blog\/#\/schema\/person\/34af08dff6adea4cb22b06612ba7acfa\"},\"headline\":\"Decis\u00e3o do TCU sobre renov\u00e1veis inclui subs\u00eddios vigentes; especialista alerta para judicializa\u00e7\u00e3o\",\"datePublished\":\"2024-02-02T13:00:00+00:00\",\"dateModified\":\"2026-03-13T12:42:18+00:00\",\"mainEntityOfPage\":{\"@id\":\"https:\/\/agenciainfra.com\/blog\/decisao-do-tcu-sobre-renovaveis-inclui-subsidios-vigentes-especialista-alerta-para-judicializacao\/\"},\"wordCount\":880,\"publisher\":{\"@id\":\"https:\/\/agenciainfra.com\/blog\/#organization\"},\"image\":{\"@id\":\"https:\/\/agenciainfra.com\/blog\/decisao-do-tcu-sobre-renovaveis-inclui-subsidios-vigentes-especialista-alerta-para-judicializacao\/#primaryimage\"},\"thumbnailUrl\":\"https:\/\/agenciainfra.com\/blog\/wp-content\/uploads\/2021\/06\/tcu-foto-leopoldo-silva-agencia-senado.png\",\"keywords\":[\"Ag\u00eancia Nacional de Energia El\u00e9trica\",\"ANEEL\",\"Caio Alves\",\"Cortez Pimentel Advogados\",\"desconto\",\"energia renov\u00e1vel\",\"Fragmenta\u00e7\u00e3o de Projetos\",\"judicializa\u00e7\u00e3o\",\"Luiza Melcop\",\"Marisa Wanzeller\",\"outorgas\",\"projetos\",\"Rolim Goulart Cardoso Advogados\",\"setor de energia\",\"subs\u00eddios\",\"Tarifas de Uso\",\"TCU\",\"Tribunal de Contas da Uni\u00e3o\",\"Tusd\",\"Tust\"],\"articleSection\":[\"Destaque lista\",\"Geral\",\"iNFRAEnergia\"],\"inLanguage\":\"pt-BR\",\"copyrightYear\":\"2024\",\"copyrightHolder\":{\"@id\":\"https:\/\/agenciainfra.com\/blog\/#organization\"}},{\"@type\":\"WebPage\",\"@id\":\"https:\/\/agenciainfra.com\/blog\/decisao-do-tcu-sobre-renovaveis-inclui-subsidios-vigentes-especialista-alerta-para-judicializacao\/\",\"url\":\"https:\/\/agenciainfra.com\/blog\/decisao-do-tcu-sobre-renovaveis-inclui-subsidios-vigentes-especialista-alerta-para-judicializacao\/\",\"name\":\"Decis\u00e3o do TCU sobre renov\u00e1veis inclui subs\u00eddios vigentes; especialista alerta para judicializa\u00e7\u00e3o - Ag\u00eancia iNFRA\",\"isPartOf\":{\"@id\":\"https:\/\/agenciainfra.com\/blog\/#website\"},\"primaryImageOfPage\":{\"@id\":\"https:\/\/agenciainfra.com\/blog\/decisao-do-tcu-sobre-renovaveis-inclui-subsidios-vigentes-especialista-alerta-para-judicializacao\/#primaryimage\"},\"image\":{\"@id\":\"https:\/\/agenciainfra.com\/blog\/decisao-do-tcu-sobre-renovaveis-inclui-subsidios-vigentes-especialista-alerta-para-judicializacao\/#primaryimage\"},\"thumbnailUrl\":\"https:\/\/agenciainfra.com\/blog\/wp-content\/uploads\/2021\/06\/tcu-foto-leopoldo-silva-agencia-senado.png\",\"datePublished\":\"2024-02-02T13:00:00+00:00\",\"dateModified\":\"2026-03-13T12:42:18+00:00\",\"breadcrumb\":{\"@id\":\"https:\/\/agenciainfra.com\/blog\/decisao-do-tcu-sobre-renovaveis-inclui-subsidios-vigentes-especialista-alerta-para-judicializacao\/#breadcrumb\"},\"inLanguage\":\"pt-BR\",\"potentialAction\":[{\"@type\":\"ReadAction\",\"target\":[\"https:\/\/agenciainfra.com\/blog\/decisao-do-tcu-sobre-renovaveis-inclui-subsidios-vigentes-especialista-alerta-para-judicializacao\/\"]}]},{\"@type\":\"ImageObject\",\"inLanguage\":\"pt-BR\",\"@id\":\"https:\/\/agenciainfra.com\/blog\/decisao-do-tcu-sobre-renovaveis-inclui-subsidios-vigentes-especialista-alerta-para-judicializacao\/#primaryimage\",\"url\":\"https:\/\/agenciainfra.com\/blog\/wp-content\/uploads\/2021\/06\/tcu-foto-leopoldo-silva-agencia-senado.png\",\"contentUrl\":\"https:\/\/agenciainfra.com\/blog\/wp-content\/uploads\/2021\/06\/tcu-foto-leopoldo-silva-agencia-senado.png\",\"width\":1280,\"height\":849},{\"@type\":\"BreadcrumbList\",\"@id\":\"https:\/\/agenciainfra.com\/blog\/decisao-do-tcu-sobre-renovaveis-inclui-subsidios-vigentes-especialista-alerta-para-judicializacao\/#breadcrumb\",\"itemListElement\":[{\"@type\":\"ListItem\",\"position\":1,\"name\":\"In\u00edcio\",\"item\":\"https:\/\/agenciainfra.com\/blog\/\"},{\"@type\":\"ListItem\",\"position\":2,\"name\":\"Decis\u00e3o do TCU sobre renov\u00e1veis inclui subs\u00eddios vigentes; especialista alerta para judicializa\u00e7\u00e3o\"}]},{\"@type\":\"WebSite\",\"@id\":\"https:\/\/agenciainfra.com\/blog\/#website\",\"url\":\"https:\/\/agenciainfra.com\/blog\/\",\"name\":\"Ag\u00eancia iNFRA\",\"description\":\"Multiplataforma de informa\u00e7\u00e3o jornal\u00edstica refer\u00eancia na \u00e1rea de infraestrutura no Brasil!\",\"publisher\":{\"@id\":\"https:\/\/agenciainfra.com\/blog\/#organization\"},\"potentialAction\":[{\"@type\":\"SearchAction\",\"target\":{\"@type\":\"EntryPoint\",\"urlTemplate\":\"https:\/\/agenciainfra.com\/blog\/?s={search_term_string}\"},\"query-input\":{\"@type\":\"PropertyValueSpecification\",\"valueRequired\":true,\"valueName\":\"search_term_string\"}}],\"inLanguage\":\"pt-BR\"},{\"@type\":\"Organization\",\"@id\":\"https:\/\/agenciainfra.com\/blog\/#organization\",\"name\":\"Ag\u00eancia iNFRA\",\"url\":\"https:\/\/agenciainfra.com\/blog\/\",\"logo\":{\"@type\":\"ImageObject\",\"inLanguage\":\"pt-BR\",\"@id\":\"https:\/\/agenciainfra.com\/blog\/#\/schema\/logo\/image\/\",\"url\":\"https:\/\/agenciainfra.com\/blog\/wp-content\/uploads\/2023\/09\/iNFRA_5-e1761735885940.png\",\"contentUrl\":\"https:\/\/agenciainfra.com\/blog\/wp-content\/uploads\/2023\/09\/iNFRA_5-e1761735885940.png\",\"width\":1672,\"height\":454,\"caption\":\"Ag\u00eancia iNFRA\"},\"image\":{\"@id\":\"https:\/\/agenciainfra.com\/blog\/#\/schema\/logo\/image\/\"},\"sameAs\":[\"https:\/\/www.facebook.com\/ageninfra\",\"https:\/\/x.com\/agencia_infra\",\"https:\/\/www.linkedin.com\/company\/ag\u00eanciainfra\/\",\"https:\/\/www.instagram.com\/agenciainfra\/\"]},{\"@type\":\"Person\",\"@id\":\"https:\/\/agenciainfra.com\/blog\/#\/schema\/person\/34af08dff6adea4cb22b06612ba7acfa\",\"name\":\"Ag\u00eancia iNFRA\",\"image\":{\"@type\":\"ImageObject\",\"inLanguage\":\"pt-BR\",\"@id\":\"https:\/\/agenciainfra.com\/blog\/#\/schema\/person\/image\/\",\"url\":\"https:\/\/secure.gravatar.com\/avatar\/d189e01678f06d8eb84d4e01f08eb848b3fffe3f8443818d3c356c66892f5be8?s=96&d=mm&r=g\",\"contentUrl\":\"https:\/\/secure.gravatar.com\/avatar\/d189e01678f06d8eb84d4e01f08eb848b3fffe3f8443818d3c356c66892f5be8?s=96&d=mm&r=g\",\"caption\":\"Ag\u00eancia iNFRA\"},\"url\":\"https:\/\/agenciainfra.com\/blog\/author\/admin\/\"}]}<\/script>\n<!-- \/ Yoast SEO Premium plugin. -->","yoast_head_json":{"title":"Decis\u00e3o do TCU sobre renov\u00e1veis inclui subs\u00eddios vigentes; especialista alerta para judicializa\u00e7\u00e3o - Ag\u00eancia iNFRA","robots":{"index":"index","follow":"follow","max-snippet":"max-snippet:-1","max-image-preview":"max-image-preview:large","max-video-preview":"max-video-preview:-1"},"canonical":"https:\/\/agenciainfra.com\/blog\/decisao-do-tcu-sobre-renovaveis-inclui-subsidios-vigentes-especialista-alerta-para-judicializacao\/","og_locale":"pt_BR","og_type":"article","og_title":"Decis\u00e3o do TCU sobre renov\u00e1veis inclui subs\u00eddios vigentes; especialista alerta para judicializa\u00e7\u00e3o","og_description":"Marisa Wanzeller, da&nbsp;Ag\u00eancia iNFRA A&nbsp;decis\u00e3o&nbsp;do&nbsp;TCU&nbsp;(Tribunal de Contas da Uni\u00e3o) da \u00faltima quarta-feira (31)&nbsp;sobre&nbsp;os descontos&nbsp;do&nbsp;uso dos fios de transmiss\u00e3o e distribui\u00e7\u00e3o&nbsp;para&nbsp;fontes&nbsp;renov\u00e1veis&nbsp;inclui&nbsp;os&nbsp;subs\u00eddios&nbsp;que j\u00e1 foram dados no passado,&nbsp;para&nbsp;projetos que est\u00e3o em opera\u00e7\u00e3o. A informa\u00e7\u00e3o foi confirmada pela ANEEL (Ag\u00eancia Nacional de Energia El\u00e9trica) \u00e0&nbsp;Ag\u00eancia iNFRA, via assessoria: &#8220;O plano de a\u00e7\u00e3o deve contemplar tamb\u00e9m a\u00e7\u00f5es quanto \u00e0 situa\u00e7\u00e3o [&hellip;]","og_url":"https:\/\/agenciainfra.com\/blog\/decisao-do-tcu-sobre-renovaveis-inclui-subsidios-vigentes-especialista-alerta-para-judicializacao\/","og_site_name":"Ag\u00eancia iNFRA","article_publisher":"https:\/\/www.facebook.com\/ageninfra","article_published_time":"2024-02-02T13:00:00+00:00","article_modified_time":"2026-03-13T12:42:18+00:00","og_image":[{"width":1280,"height":849,"url":"https:\/\/agenciainfra.com\/blog\/wp-content\/uploads\/2021\/06\/tcu-foto-leopoldo-silva-agencia-senado.png","type":"image\/png"}],"author":"Ag\u00eancia iNFRA","twitter_card":"summary_large_image","twitter_creator":"@agencia_infra","twitter_site":"@agencia_infra","twitter_misc":{"Escrito por":"Ag\u00eancia iNFRA","Est. tempo de leitura":"4 minutos"},"schema":{"@context":"https:\/\/schema.org","@graph":[{"@type":"Article","@id":"https:\/\/agenciainfra.com\/blog\/decisao-do-tcu-sobre-renovaveis-inclui-subsidios-vigentes-especialista-alerta-para-judicializacao\/#article","isPartOf":{"@id":"https:\/\/agenciainfra.com\/blog\/decisao-do-tcu-sobre-renovaveis-inclui-subsidios-vigentes-especialista-alerta-para-judicializacao\/"},"author":{"name":"Ag\u00eancia iNFRA","@id":"https:\/\/agenciainfra.com\/blog\/#\/schema\/person\/34af08dff6adea4cb22b06612ba7acfa"},"headline":"Decis\u00e3o do TCU sobre renov\u00e1veis inclui subs\u00eddios vigentes; especialista alerta para judicializa\u00e7\u00e3o","datePublished":"2024-02-02T13:00:00+00:00","dateModified":"2026-03-13T12:42:18+00:00","mainEntityOfPage":{"@id":"https:\/\/agenciainfra.com\/blog\/decisao-do-tcu-sobre-renovaveis-inclui-subsidios-vigentes-especialista-alerta-para-judicializacao\/"},"wordCount":880,"publisher":{"@id":"https:\/\/agenciainfra.com\/blog\/#organization"},"image":{"@id":"https:\/\/agenciainfra.com\/blog\/decisao-do-tcu-sobre-renovaveis-inclui-subsidios-vigentes-especialista-alerta-para-judicializacao\/#primaryimage"},"thumbnailUrl":"https:\/\/agenciainfra.com\/blog\/wp-content\/uploads\/2021\/06\/tcu-foto-leopoldo-silva-agencia-senado.png","keywords":["Ag\u00eancia Nacional de Energia El\u00e9trica","ANEEL","Caio Alves","Cortez Pimentel Advogados","desconto","energia renov\u00e1vel","Fragmenta\u00e7\u00e3o de Projetos","judicializa\u00e7\u00e3o","Luiza Melcop","Marisa Wanzeller","outorgas","projetos","Rolim Goulart Cardoso Advogados","setor de energia","subs\u00eddios","Tarifas de Uso","TCU","Tribunal de Contas da Uni\u00e3o","Tusd","Tust"],"articleSection":["Destaque lista","Geral","iNFRAEnergia"],"inLanguage":"pt-BR","copyrightYear":"2024","copyrightHolder":{"@id":"https:\/\/agenciainfra.com\/blog\/#organization"}},{"@type":"WebPage","@id":"https:\/\/agenciainfra.com\/blog\/decisao-do-tcu-sobre-renovaveis-inclui-subsidios-vigentes-especialista-alerta-para-judicializacao\/","url":"https:\/\/agenciainfra.com\/blog\/decisao-do-tcu-sobre-renovaveis-inclui-subsidios-vigentes-especialista-alerta-para-judicializacao\/","name":"Decis\u00e3o do TCU sobre renov\u00e1veis inclui subs\u00eddios vigentes; especialista alerta para judicializa\u00e7\u00e3o - Ag\u00eancia iNFRA","isPartOf":{"@id":"https:\/\/agenciainfra.com\/blog\/#website"},"primaryImageOfPage":{"@id":"https:\/\/agenciainfra.com\/blog\/decisao-do-tcu-sobre-renovaveis-inclui-subsidios-vigentes-especialista-alerta-para-judicializacao\/#primaryimage"},"image":{"@id":"https:\/\/agenciainfra.com\/blog\/decisao-do-tcu-sobre-renovaveis-inclui-subsidios-vigentes-especialista-alerta-para-judicializacao\/#primaryimage"},"thumbnailUrl":"https:\/\/agenciainfra.com\/blog\/wp-content\/uploads\/2021\/06\/tcu-foto-leopoldo-silva-agencia-senado.png","datePublished":"2024-02-02T13:00:00+00:00","dateModified":"2026-03-13T12:42:18+00:00","breadcrumb":{"@id":"https:\/\/agenciainfra.com\/blog\/decisao-do-tcu-sobre-renovaveis-inclui-subsidios-vigentes-especialista-alerta-para-judicializacao\/#breadcrumb"},"inLanguage":"pt-BR","potentialAction":[{"@type":"ReadAction","target":["https:\/\/agenciainfra.com\/blog\/decisao-do-tcu-sobre-renovaveis-inclui-subsidios-vigentes-especialista-alerta-para-judicializacao\/"]}]},{"@type":"ImageObject","inLanguage":"pt-BR","@id":"https:\/\/agenciainfra.com\/blog\/decisao-do-tcu-sobre-renovaveis-inclui-subsidios-vigentes-especialista-alerta-para-judicializacao\/#primaryimage","url":"https:\/\/agenciainfra.com\/blog\/wp-content\/uploads\/2021\/06\/tcu-foto-leopoldo-silva-agencia-senado.png","contentUrl":"https:\/\/agenciainfra.com\/blog\/wp-content\/uploads\/2021\/06\/tcu-foto-leopoldo-silva-agencia-senado.png","width":1280,"height":849},{"@type":"BreadcrumbList","@id":"https:\/\/agenciainfra.com\/blog\/decisao-do-tcu-sobre-renovaveis-inclui-subsidios-vigentes-especialista-alerta-para-judicializacao\/#breadcrumb","itemListElement":[{"@type":"ListItem","position":1,"name":"In\u00edcio","item":"https:\/\/agenciainfra.com\/blog\/"},{"@type":"ListItem","position":2,"name":"Decis\u00e3o do TCU sobre renov\u00e1veis inclui subs\u00eddios vigentes; especialista alerta para judicializa\u00e7\u00e3o"}]},{"@type":"WebSite","@id":"https:\/\/agenciainfra.com\/blog\/#website","url":"https:\/\/agenciainfra.com\/blog\/","name":"Ag\u00eancia iNFRA","description":"Multiplataforma de informa\u00e7\u00e3o jornal\u00edstica refer\u00eancia na \u00e1rea de infraestrutura no Brasil!","publisher":{"@id":"https:\/\/agenciainfra.com\/blog\/#organization"},"potentialAction":[{"@type":"SearchAction","target":{"@type":"EntryPoint","urlTemplate":"https:\/\/agenciainfra.com\/blog\/?s={search_term_string}"},"query-input":{"@type":"PropertyValueSpecification","valueRequired":true,"valueName":"search_term_string"}}],"inLanguage":"pt-BR"},{"@type":"Organization","@id":"https:\/\/agenciainfra.com\/blog\/#organization","name":"Ag\u00eancia iNFRA","url":"https:\/\/agenciainfra.com\/blog\/","logo":{"@type":"ImageObject","inLanguage":"pt-BR","@id":"https:\/\/agenciainfra.com\/blog\/#\/schema\/logo\/image\/","url":"https:\/\/agenciainfra.com\/blog\/wp-content\/uploads\/2023\/09\/iNFRA_5-e1761735885940.png","contentUrl":"https:\/\/agenciainfra.com\/blog\/wp-content\/uploads\/2023\/09\/iNFRA_5-e1761735885940.png","width":1672,"height":454,"caption":"Ag\u00eancia iNFRA"},"image":{"@id":"https:\/\/agenciainfra.com\/blog\/#\/schema\/logo\/image\/"},"sameAs":["https:\/\/www.facebook.com\/ageninfra","https:\/\/x.com\/agencia_infra","https:\/\/www.linkedin.com\/company\/ag\u00eanciainfra\/","https:\/\/www.instagram.com\/agenciainfra\/"]},{"@type":"Person","@id":"https:\/\/agenciainfra.com\/blog\/#\/schema\/person\/34af08dff6adea4cb22b06612ba7acfa","name":"Ag\u00eancia iNFRA","image":{"@type":"ImageObject","inLanguage":"pt-BR","@id":"https:\/\/agenciainfra.com\/blog\/#\/schema\/person\/image\/","url":"https:\/\/secure.gravatar.com\/avatar\/d189e01678f06d8eb84d4e01f08eb848b3fffe3f8443818d3c356c66892f5be8?s=96&d=mm&r=g","contentUrl":"https:\/\/secure.gravatar.com\/avatar\/d189e01678f06d8eb84d4e01f08eb848b3fffe3f8443818d3c356c66892f5be8?s=96&d=mm&r=g","caption":"Ag\u00eancia iNFRA"},"url":"https:\/\/agenciainfra.com\/blog\/author\/admin\/"}]}},"_links":{"self":[{"href":"https:\/\/agenciainfra.com\/blog\/wp-json\/wp\/v2\/posts\/15449","targetHints":{"allow":["GET"]}}],"collection":[{"href":"https:\/\/agenciainfra.com\/blog\/wp-json\/wp\/v2\/posts"}],"about":[{"href":"https:\/\/agenciainfra.com\/blog\/wp-json\/wp\/v2\/types\/post"}],"author":[{"embeddable":true,"href":"https:\/\/agenciainfra.com\/blog\/wp-json\/wp\/v2\/users\/1"}],"replies":[{"embeddable":true,"href":"https:\/\/agenciainfra.com\/blog\/wp-json\/wp\/v2\/comments?post=15449"}],"version-history":[{"count":1,"href":"https:\/\/agenciainfra.com\/blog\/wp-json\/wp\/v2\/posts\/15449\/revisions"}],"predecessor-version":[{"id":15453,"href":"https:\/\/agenciainfra.com\/blog\/wp-json\/wp\/v2\/posts\/15449\/revisions\/15453"}],"wp:featuredmedia":[{"embeddable":true,"href":"https:\/\/agenciainfra.com\/blog\/wp-json\/wp\/v2\/media\/7397"}],"wp:attachment":[{"href":"https:\/\/agenciainfra.com\/blog\/wp-json\/wp\/v2\/media?parent=15449"}],"wp:term":[{"taxonomy":"category","embeddable":true,"href":"https:\/\/agenciainfra.com\/blog\/wp-json\/wp\/v2\/categories?post=15449"},{"taxonomy":"post_tag","embeddable":true,"href":"https:\/\/agenciainfra.com\/blog\/wp-json\/wp\/v2\/tags?post=15449"}],"curies":[{"name":"wp","href":"https:\/\/api.w.org\/{rel}","templated":true}]}}