{"id":15465,"date":"2024-02-06T09:00:00","date_gmt":"2024-02-06T12:00:00","guid":{"rendered":"https:\/\/www.agenciainfra.com\/blog\/?p=15465"},"modified":"2026-02-13T17:03:59","modified_gmt":"2026-02-13T20:03:59","slug":"governo-faz-dois-leiloes-de-parques-em-uma-semana-e-prepara-mais-tres-editais-para-2024","status":"publish","type":"post","link":"https:\/\/agenciainfra.com\/blog\/governo-faz-dois-leiloes-de-parques-em-uma-semana-e-prepara-mais-tres-editais-para-2024\/","title":{"rendered":"Governo faz dois leil\u00f5es de parques em uma semana e prepara mais tr\u00eas editais para 2024"},"content":{"rendered":"\n<p class=\"has-text-align-right\"><strong>Elisa Costa, da Ag\u00eancia iNFRA<\/strong><\/p>\n\n\n\n<p>Com&nbsp;dois&nbsp;leil\u00f5es&nbsp;nas \u00faltimas duas semanas, o projeto de desestatiza\u00e7\u00e3o de&nbsp;parques&nbsp;florestais&nbsp;para&nbsp;visita\u00e7\u00e3o virou aposta&nbsp;para&nbsp;uma&nbsp;nova fronteira de avan\u00e7o das concess\u00f5es no&nbsp;governo&nbsp;Federal. Pelo menos outros&nbsp;tr\u00eas&nbsp;editais&nbsp;est\u00e3o previstos&nbsp;para&nbsp;serem lan\u00e7ados&nbsp;este ano ainda, de acordo com proje\u00e7\u00e3o do PPI (Programa de Parceria&nbsp;em&nbsp;Investimentos).&nbsp;<br><br>Na \u00faltima&nbsp;sexta-feira (2) a empresa Parquetur venceu o leil\u00e3o de concess\u00e3o do Parque Nacional da Chapada dos Guimar\u00e3es, no Mato Grosso, como \u00fanica concorrente. Na&nbsp;semana&nbsp;anterior, o Parque Nacional de Jericoacoara, no Cear\u00e1, tamb\u00e9m foi leiloado, com vit\u00f3ria do Grupo Cataratas.<br><br>A carteira do PPI tem atualmente 16 projetos&nbsp;em&nbsp;consulta p\u00fablica&nbsp;para&nbsp;prepara\u00e7\u00e3o&nbsp;para&nbsp;edital ou estudos. Os projetos come\u00e7aram a ser colocados na carteira do PPI na gest\u00e3o passada, quando foram feitas quatro concess\u00f5es. Mas com a troca de&nbsp;governo&nbsp;em&nbsp;2023&nbsp;havia d\u00favidas sobre se a \u00e1rea ambiental da atual gest\u00e3o seguiria apoiando os processo de concess\u00f5es dos&nbsp;parques&nbsp;federais.&nbsp;<br><br>Ap\u00f3s pedir revis\u00e3o de alguns estudos&nbsp;e&nbsp;iniciar processos de aproxima\u00e7\u00e3o dos governos locais, os processos voltaram a andar a partir do meio do ano passado, o que levou \u00e0s concess\u00f5es licitadas&nbsp;nas \u00faltimas duas semanas&nbsp;e&nbsp;\u00e0s proje\u00e7\u00f5es&nbsp;para&nbsp;mais&nbsp;leil\u00f5es&nbsp;nos pr\u00f3ximos&nbsp;dois&nbsp;anos.<br><br>Para&nbsp;o \u00faltimo trimestre de&nbsp;2024, est\u00e3o previstos os lan\u00e7amentos dos&nbsp;editais&nbsp;para&nbsp;licita\u00e7\u00e3o do Parque&nbsp;e&nbsp;Floresta Nacional de Bras\u00edlia (DF), do Parque Nacional da Serra dos \u00d3rg\u00e3os (RJ)&nbsp;e&nbsp;do Parque Nacional da Serra da Bodoquena (MS). Os&nbsp;parques&nbsp;nacionais da Serra do Capara\u00f3 (MG\/ES), Igua\u00e7u (PR), Anavilhanas (AM)&nbsp;e&nbsp;Ja\u00fa (AM) devem ter estudos contratados neste semestre.<br><br><strong>R$ 58 milh\u00f5es&nbsp;em&nbsp;investimentos<\/strong><br>No leil\u00e3o desta&nbsp;sexta-feira, a&nbsp;Parquetur ofereceu valor de outorga fixa de R$ 926 mil (\u00e1gio de 0,02%)&nbsp;para&nbsp;a presta\u00e7\u00e3o de servi\u00e7os p\u00fablicos de apoio \u00e0 visita\u00e7\u00e3o, revitaliza\u00e7\u00e3o, moderniza\u00e7\u00e3o, opera\u00e7\u00e3o&nbsp;e&nbsp;manuten\u00e7\u00e3o de servi\u00e7os tur\u00edsticos. O contrato tem vig\u00eancia de 30 anos&nbsp;e&nbsp;investimentos estimados&nbsp;em&nbsp;R$ 58 milh\u00f5es. O certame, promovido pelo ICMBio com apoio do BNDES (Banco Nacional de Desenvolvimento Econ\u00f4mico&nbsp;e&nbsp;Social)&nbsp;para&nbsp;a estrutura\u00e7\u00e3o.<br><br>Em&nbsp;nota divulgada no dia 29 de janeiro, o&nbsp;Governo&nbsp;de Mato Grosso anunciou que havia desistido&nbsp;da participa\u00e7\u00e3o do certame, alegando desgastes na rela\u00e7\u00e3o com o ICMBio acerca do processo de licita\u00e7\u00e3o. O&nbsp;governo&nbsp;estadual seguia tentando assumir a gest\u00e3o do parque h\u00e1 cerca de&nbsp;tr\u00eas&nbsp;anos.<br><br>No leil\u00e3o de concess\u00e3o do parque realizado&nbsp;em&nbsp;dezembro de 2022, a estatal MT Par foi desclassificada por n\u00e3o apresentar as garantias exigidas,&nbsp;e&nbsp;a Parquetur foi declarada vencedora. A estatal entrou com diversas a\u00e7\u00f5es judiciais&nbsp;e&nbsp;apontou irregularidades no edital de chamamento, at\u00e9 que&nbsp;em&nbsp;maio de 2023 o contrato de concess\u00e3o foi suspenso pelo TCU&nbsp;e&nbsp;retomado no fim do ano passado.<br><br><strong>Abastecimento<\/strong><br>A superintendente do BNDES, Luciene Machado, afirmou,&nbsp;em&nbsp;discurso na B3, que a concess\u00e3o do parque auxiliar\u00e1 na quest\u00e3o da seguran\u00e7a h\u00eddrica,&nbsp;uma&nbsp;vez que os investimentos poder\u00e3o intensificar a preserva\u00e7\u00e3o das nascentes existentes no local. \u201cO parque \u00e9 especial com rela\u00e7\u00e3o aos mananciais que cont\u00e9m,&nbsp;e&nbsp;o uso racional da \u00e1gua est\u00e1 no interesse de todos\u201d, destacou&nbsp;em&nbsp;discurso.<br><br>Os c\u00f3rregos&nbsp;e&nbsp;rios da bacia do Coxip\u00f3, por exemplo, s\u00e3o fontes de abastecimento de \u00e1gua&nbsp;para&nbsp;a popula\u00e7\u00e3o de Cuiab\u00e1&nbsp;e&nbsp;regi\u00f5es pr\u00f3ximas. De acordo com o presidente do ICMBio, Mauro Pires, o parque \u00e9 respons\u00e1vel por 40% das \u00e1guas que abastecem a capital&nbsp;e&nbsp;esse \u00e9 um dos motivos pelo qual deve continuar a ser tratado como patrim\u00f4nio p\u00fablico.<br><br>\u201cEle [o parque] est\u00e1 na transi\u00e7\u00e3o entre o Cerrado&nbsp;e&nbsp;o Pantanal,&nbsp;e&nbsp;a expectativa \u00e9 que os investimentos venham a beneficiar esse conjunto de unidades de conserva\u00e7\u00e3o\u201d, contou Mauro. A Chapada dos Guimar\u00e3es tem&nbsp;mais&nbsp;de 32 mil hectares de \u00e1rea protegida, com cachoeiras, esp\u00e9cies nativas, s\u00edtios arqueol\u00f3gicos, pousadas, restaurantes&nbsp;e&nbsp;outros atrativos.<br><br><strong>Jericoacoara<\/strong><br>No \u00faltimo dia 26, o Grupo Cataratas, junto \u00e0 empresa Construcap, venceu o leil\u00e3o de concess\u00e3o do Parque Nacional de Jericoacoara, no Cear\u00e1, com proposta de outorga de R$ 61 milh\u00f5es&nbsp;e&nbsp;\u00e1gio de 716,32%. O contrato tamb\u00e9m ter\u00e1 dura\u00e7\u00e3o de 30 anos. O vencedor j\u00e1 administra os&nbsp;parques&nbsp;das Cataratas do Igua\u00e7u&nbsp;e&nbsp;Fernando de Noronha.<br><br>Para&nbsp;a melhoria do parque devem ser criadas vias de transporte internas no local, banheiros, centros de visitantes&nbsp;e&nbsp;postos de seguran\u00e7a. A previs\u00e3o de investimento&nbsp;para&nbsp;infraestrutura \u00e9 de aproximadamente R$ 116 milh\u00f5es, com outros R$ 990 milh\u00f5es&nbsp;em&nbsp;opera\u00e7\u00e3o&nbsp;e&nbsp;gest\u00e3o do local.<\/p>\n","protected":false},"excerpt":{"rendered":"<p>Elisa Costa, da Ag\u00eancia iNFRA Com&nbsp;dois&nbsp;leil\u00f5es&nbsp;nas \u00faltimas duas semanas, o projeto de desestatiza\u00e7\u00e3o de&nbsp;parques&nbsp;florestais&nbsp;para&nbsp;visita\u00e7\u00e3o virou aposta&nbsp;para&nbsp;uma&nbsp;nova fronteira de avan\u00e7o das concess\u00f5es no&nbsp;governo&nbsp;Federal. Pelo menos outros&nbsp;tr\u00eas&nbsp;editais&nbsp;est\u00e3o previstos&nbsp;para&nbsp;serem lan\u00e7ados&nbsp;este ano ainda, de acordo com proje\u00e7\u00e3o do PPI (Programa de Parceria&nbsp;em&nbsp;Investimentos).&nbsp; Na \u00faltima&nbsp;sexta-feira (2) a empresa Parquetur venceu o leil\u00e3o de concess\u00e3o do Parque Nacional da Chapada dos [&hellip;]<\/p>\n","protected":false},"author":1,"featured_media":13019,"comment_status":"closed","ping_status":"closed","sticky":false,"template":"","format":"standard","meta":{"_monsterinsights_skip_tracking":false,"_monsterinsights_sitenote_active":false,"_monsterinsights_sitenote_note":"","_monsterinsights_sitenote_category":0,"footnotes":""},"categories":[18468],"tags":[103,6996,78,8455,192,7367,8457,2755,8396,8456,346,8458,8460,5891,8459,8462,8461,36,8463],"class_list":["post-15465","post","type-post","status-publish","format-standard","has-post-thumbnail","hentry","category-infra-cidades","tag-bndes","tag-chapada-dos-guimaraes","tag-concessoes","tag-construcap","tag-desestatizacao","tag-elisa-costa","tag-grupo-cataratas","tag-icmbio","tag-investimentos-em-infraestrutura","tag-jericoacoara","tag-leiloes","tag-luciene-machado","tag-mauro-pires","tag-mt-par","tag-parque-nacional","tag-parques-florestais","tag-parquetur","tag-ppi","tag-programa-de-parceria-em-investimentos"],"yoast_head":"<!-- This site is optimized with the Yoast SEO Premium plugin v25.4 (Yoast SEO v26.0) - https:\/\/yoast.com\/wordpress\/plugins\/seo\/ -->\n<title>Governo faz dois leil\u00f5es de parques em uma semana e prepara mais tr\u00eas editais para 2024 - Ag\u00eancia iNFRA<\/title>\n<meta name=\"robots\" content=\"index, follow, max-snippet:-1, max-image-preview:large, max-video-preview:-1\" \/>\n<link rel=\"canonical\" href=\"https:\/\/agenciainfra.com\/blog\/governo-faz-dois-leiloes-de-parques-em-uma-semana-e-prepara-mais-tres-editais-para-2024\/\" \/>\n<meta property=\"og:locale\" content=\"pt_BR\" \/>\n<meta property=\"og:type\" content=\"article\" \/>\n<meta property=\"og:title\" content=\"Governo faz dois leil\u00f5es de parques em uma semana e prepara mais tr\u00eas editais para 2024\" \/>\n<meta property=\"og:description\" content=\"Elisa Costa, da Ag\u00eancia iNFRA Com&nbsp;dois&nbsp;leil\u00f5es&nbsp;nas \u00faltimas duas semanas, o projeto de desestatiza\u00e7\u00e3o de&nbsp;parques&nbsp;florestais&nbsp;para&nbsp;visita\u00e7\u00e3o virou aposta&nbsp;para&nbsp;uma&nbsp;nova fronteira de avan\u00e7o das concess\u00f5es no&nbsp;governo&nbsp;Federal. Pelo menos outros&nbsp;tr\u00eas&nbsp;editais&nbsp;est\u00e3o previstos&nbsp;para&nbsp;serem lan\u00e7ados&nbsp;este ano ainda, de acordo com proje\u00e7\u00e3o do PPI (Programa de Parceria&nbsp;em&nbsp;Investimentos).&nbsp; Na \u00faltima&nbsp;sexta-feira (2) a empresa Parquetur venceu o leil\u00e3o de concess\u00e3o do Parque Nacional da Chapada dos [&hellip;]\" \/>\n<meta property=\"og:url\" content=\"https:\/\/agenciainfra.com\/blog\/governo-faz-dois-leiloes-de-parques-em-uma-semana-e-prepara-mais-tres-editais-para-2024\/\" \/>\n<meta property=\"og:site_name\" content=\"Ag\u00eancia iNFRA\" \/>\n<meta property=\"article:publisher\" content=\"https:\/\/www.facebook.com\/ageninfra\" \/>\n<meta property=\"article:published_time\" content=\"2024-02-06T12:00:00+00:00\" \/>\n<meta property=\"article:modified_time\" content=\"2026-02-13T20:03:59+00:00\" \/>\n<meta property=\"og:image\" content=\"https:\/\/agenciainfra.com\/blog\/wp-content\/uploads\/2023\/07\/chapada-dos-guimaraes-foto-ministerio-do-meio-ambiente.jpg\" \/>\n\t<meta property=\"og:image:width\" content=\"1202\" \/>\n\t<meta property=\"og:image:height\" content=\"720\" \/>\n\t<meta property=\"og:image:type\" content=\"image\/jpeg\" \/>\n<meta name=\"author\" content=\"Ag\u00eancia iNFRA\" \/>\n<meta name=\"twitter:card\" content=\"summary_large_image\" \/>\n<meta name=\"twitter:creator\" content=\"@agencia_infra\" \/>\n<meta name=\"twitter:site\" content=\"@agencia_infra\" \/>\n<meta name=\"twitter:label1\" content=\"Escrito por\" \/>\n\t<meta name=\"twitter:data1\" content=\"Ag\u00eancia iNFRA\" \/>\n\t<meta name=\"twitter:label2\" content=\"Est. tempo de leitura\" \/>\n\t<meta name=\"twitter:data2\" content=\"5 minutos\" \/>\n<script type=\"application\/ld+json\" class=\"yoast-schema-graph\">{\"@context\":\"https:\/\/schema.org\",\"@graph\":[{\"@type\":\"Article\",\"@id\":\"https:\/\/agenciainfra.com\/blog\/governo-faz-dois-leiloes-de-parques-em-uma-semana-e-prepara-mais-tres-editais-para-2024\/#article\",\"isPartOf\":{\"@id\":\"https:\/\/agenciainfra.com\/blog\/governo-faz-dois-leiloes-de-parques-em-uma-semana-e-prepara-mais-tres-editais-para-2024\/\"},\"author\":{\"name\":\"Ag\u00eancia iNFRA\",\"@id\":\"https:\/\/agenciainfra.com\/blog\/#\/schema\/person\/34af08dff6adea4cb22b06612ba7acfa\"},\"headline\":\"Governo faz dois leil\u00f5es de parques em uma semana e prepara mais tr\u00eas editais para 2024\",\"datePublished\":\"2024-02-06T12:00:00+00:00\",\"dateModified\":\"2026-02-13T20:03:59+00:00\",\"mainEntityOfPage\":{\"@id\":\"https:\/\/agenciainfra.com\/blog\/governo-faz-dois-leiloes-de-parques-em-uma-semana-e-prepara-mais-tres-editais-para-2024\/\"},\"wordCount\":955,\"publisher\":{\"@id\":\"https:\/\/agenciainfra.com\/blog\/#organization\"},\"image\":{\"@id\":\"https:\/\/agenciainfra.com\/blog\/governo-faz-dois-leiloes-de-parques-em-uma-semana-e-prepara-mais-tres-editais-para-2024\/#primaryimage\"},\"thumbnailUrl\":\"https:\/\/agenciainfra.com\/blog\/wp-content\/uploads\/2023\/07\/chapada-dos-guimaraes-foto-ministerio-do-meio-ambiente.jpg\",\"keywords\":[\"BNDES\",\"Chapada dos Guimar\u00e3es\",\"concess\u00f5es\",\"Construcap\",\"desestatiza\u00e7\u00e3o\",\"Elisa Costa\",\"Grupo Cataratas\",\"ICMBio\",\"Investimentos em Infraestrutura\",\"Jericoacoara\",\"leil\u00f5es\",\"Luciene Machado\",\"Mauro Pires\",\"MT Par\",\"Parque Nacional\",\"Parques florestais\",\"Parquetur\",\"PPI\",\"Programa de Parceria em Investimentos\"],\"articleSection\":[\"iNFRACidades\"],\"inLanguage\":\"pt-BR\",\"copyrightYear\":\"2024\",\"copyrightHolder\":{\"@id\":\"https:\/\/agenciainfra.com\/blog\/#organization\"}},{\"@type\":\"WebPage\",\"@id\":\"https:\/\/agenciainfra.com\/blog\/governo-faz-dois-leiloes-de-parques-em-uma-semana-e-prepara-mais-tres-editais-para-2024\/\",\"url\":\"https:\/\/agenciainfra.com\/blog\/governo-faz-dois-leiloes-de-parques-em-uma-semana-e-prepara-mais-tres-editais-para-2024\/\",\"name\":\"Governo faz dois leil\u00f5es de parques em uma semana e prepara mais tr\u00eas editais para 2024 - Ag\u00eancia iNFRA\",\"isPartOf\":{\"@id\":\"https:\/\/agenciainfra.com\/blog\/#website\"},\"primaryImageOfPage\":{\"@id\":\"https:\/\/agenciainfra.com\/blog\/governo-faz-dois-leiloes-de-parques-em-uma-semana-e-prepara-mais-tres-editais-para-2024\/#primaryimage\"},\"image\":{\"@id\":\"https:\/\/agenciainfra.com\/blog\/governo-faz-dois-leiloes-de-parques-em-uma-semana-e-prepara-mais-tres-editais-para-2024\/#primaryimage\"},\"thumbnailUrl\":\"https:\/\/agenciainfra.com\/blog\/wp-content\/uploads\/2023\/07\/chapada-dos-guimaraes-foto-ministerio-do-meio-ambiente.jpg\",\"datePublished\":\"2024-02-06T12:00:00+00:00\",\"dateModified\":\"2026-02-13T20:03:59+00:00\",\"breadcrumb\":{\"@id\":\"https:\/\/agenciainfra.com\/blog\/governo-faz-dois-leiloes-de-parques-em-uma-semana-e-prepara-mais-tres-editais-para-2024\/#breadcrumb\"},\"inLanguage\":\"pt-BR\",\"potentialAction\":[{\"@type\":\"ReadAction\",\"target\":[\"https:\/\/agenciainfra.com\/blog\/governo-faz-dois-leiloes-de-parques-em-uma-semana-e-prepara-mais-tres-editais-para-2024\/\"]}]},{\"@type\":\"ImageObject\",\"inLanguage\":\"pt-BR\",\"@id\":\"https:\/\/agenciainfra.com\/blog\/governo-faz-dois-leiloes-de-parques-em-uma-semana-e-prepara-mais-tres-editais-para-2024\/#primaryimage\",\"url\":\"https:\/\/agenciainfra.com\/blog\/wp-content\/uploads\/2023\/07\/chapada-dos-guimaraes-foto-ministerio-do-meio-ambiente.jpg\",\"contentUrl\":\"https:\/\/agenciainfra.com\/blog\/wp-content\/uploads\/2023\/07\/chapada-dos-guimaraes-foto-ministerio-do-meio-ambiente.jpg\",\"width\":1202,\"height\":720},{\"@type\":\"BreadcrumbList\",\"@id\":\"https:\/\/agenciainfra.com\/blog\/governo-faz-dois-leiloes-de-parques-em-uma-semana-e-prepara-mais-tres-editais-para-2024\/#breadcrumb\",\"itemListElement\":[{\"@type\":\"ListItem\",\"position\":1,\"name\":\"In\u00edcio\",\"item\":\"https:\/\/agenciainfra.com\/blog\/\"},{\"@type\":\"ListItem\",\"position\":2,\"name\":\"Governo faz dois leil\u00f5es de parques em uma semana e prepara mais tr\u00eas editais para 2024\"}]},{\"@type\":\"WebSite\",\"@id\":\"https:\/\/agenciainfra.com\/blog\/#website\",\"url\":\"https:\/\/agenciainfra.com\/blog\/\",\"name\":\"Ag\u00eancia iNFRA\",\"description\":\"Multiplataforma de informa\u00e7\u00e3o jornal\u00edstica refer\u00eancia na \u00e1rea de infraestrutura no Brasil!\",\"publisher\":{\"@id\":\"https:\/\/agenciainfra.com\/blog\/#organization\"},\"potentialAction\":[{\"@type\":\"SearchAction\",\"target\":{\"@type\":\"EntryPoint\",\"urlTemplate\":\"https:\/\/agenciainfra.com\/blog\/?s={search_term_string}\"},\"query-input\":{\"@type\":\"PropertyValueSpecification\",\"valueRequired\":true,\"valueName\":\"search_term_string\"}}],\"inLanguage\":\"pt-BR\"},{\"@type\":\"Organization\",\"@id\":\"https:\/\/agenciainfra.com\/blog\/#organization\",\"name\":\"Ag\u00eancia iNFRA\",\"url\":\"https:\/\/agenciainfra.com\/blog\/\",\"logo\":{\"@type\":\"ImageObject\",\"inLanguage\":\"pt-BR\",\"@id\":\"https:\/\/agenciainfra.com\/blog\/#\/schema\/logo\/image\/\",\"url\":\"https:\/\/agenciainfra.com\/blog\/wp-content\/uploads\/2023\/09\/iNFRA_5-e1761735885940.png\",\"contentUrl\":\"https:\/\/agenciainfra.com\/blog\/wp-content\/uploads\/2023\/09\/iNFRA_5-e1761735885940.png\",\"width\":1672,\"height\":454,\"caption\":\"Ag\u00eancia iNFRA\"},\"image\":{\"@id\":\"https:\/\/agenciainfra.com\/blog\/#\/schema\/logo\/image\/\"},\"sameAs\":[\"https:\/\/www.facebook.com\/ageninfra\",\"https:\/\/x.com\/agencia_infra\",\"https:\/\/www.linkedin.com\/company\/ag\u00eanciainfra\/\",\"https:\/\/www.instagram.com\/agenciainfra\/\"]},{\"@type\":\"Person\",\"@id\":\"https:\/\/agenciainfra.com\/blog\/#\/schema\/person\/34af08dff6adea4cb22b06612ba7acfa\",\"name\":\"Ag\u00eancia iNFRA\",\"image\":{\"@type\":\"ImageObject\",\"inLanguage\":\"pt-BR\",\"@id\":\"https:\/\/agenciainfra.com\/blog\/#\/schema\/person\/image\/\",\"url\":\"https:\/\/secure.gravatar.com\/avatar\/d189e01678f06d8eb84d4e01f08eb848b3fffe3f8443818d3c356c66892f5be8?s=96&d=mm&r=g\",\"contentUrl\":\"https:\/\/secure.gravatar.com\/avatar\/d189e01678f06d8eb84d4e01f08eb848b3fffe3f8443818d3c356c66892f5be8?s=96&d=mm&r=g\",\"caption\":\"Ag\u00eancia iNFRA\"},\"url\":\"https:\/\/agenciainfra.com\/blog\/author\/admin\/\"}]}<\/script>\n<!-- \/ Yoast SEO Premium plugin. -->","yoast_head_json":{"title":"Governo faz dois leil\u00f5es de parques em uma semana e prepara mais tr\u00eas editais para 2024 - Ag\u00eancia iNFRA","robots":{"index":"index","follow":"follow","max-snippet":"max-snippet:-1","max-image-preview":"max-image-preview:large","max-video-preview":"max-video-preview:-1"},"canonical":"https:\/\/agenciainfra.com\/blog\/governo-faz-dois-leiloes-de-parques-em-uma-semana-e-prepara-mais-tres-editais-para-2024\/","og_locale":"pt_BR","og_type":"article","og_title":"Governo faz dois leil\u00f5es de parques em uma semana e prepara mais tr\u00eas editais para 2024","og_description":"Elisa Costa, da Ag\u00eancia iNFRA Com&nbsp;dois&nbsp;leil\u00f5es&nbsp;nas \u00faltimas duas semanas, o projeto de desestatiza\u00e7\u00e3o de&nbsp;parques&nbsp;florestais&nbsp;para&nbsp;visita\u00e7\u00e3o virou aposta&nbsp;para&nbsp;uma&nbsp;nova fronteira de avan\u00e7o das concess\u00f5es no&nbsp;governo&nbsp;Federal. Pelo menos outros&nbsp;tr\u00eas&nbsp;editais&nbsp;est\u00e3o previstos&nbsp;para&nbsp;serem lan\u00e7ados&nbsp;este ano ainda, de acordo com proje\u00e7\u00e3o do PPI (Programa de Parceria&nbsp;em&nbsp;Investimentos).&nbsp; Na \u00faltima&nbsp;sexta-feira (2) a empresa Parquetur venceu o leil\u00e3o de concess\u00e3o do Parque Nacional da Chapada dos [&hellip;]","og_url":"https:\/\/agenciainfra.com\/blog\/governo-faz-dois-leiloes-de-parques-em-uma-semana-e-prepara-mais-tres-editais-para-2024\/","og_site_name":"Ag\u00eancia iNFRA","article_publisher":"https:\/\/www.facebook.com\/ageninfra","article_published_time":"2024-02-06T12:00:00+00:00","article_modified_time":"2026-02-13T20:03:59+00:00","og_image":[{"width":1202,"height":720,"url":"https:\/\/agenciainfra.com\/blog\/wp-content\/uploads\/2023\/07\/chapada-dos-guimaraes-foto-ministerio-do-meio-ambiente.jpg","type":"image\/jpeg"}],"author":"Ag\u00eancia iNFRA","twitter_card":"summary_large_image","twitter_creator":"@agencia_infra","twitter_site":"@agencia_infra","twitter_misc":{"Escrito por":"Ag\u00eancia iNFRA","Est. tempo de leitura":"5 minutos"},"schema":{"@context":"https:\/\/schema.org","@graph":[{"@type":"Article","@id":"https:\/\/agenciainfra.com\/blog\/governo-faz-dois-leiloes-de-parques-em-uma-semana-e-prepara-mais-tres-editais-para-2024\/#article","isPartOf":{"@id":"https:\/\/agenciainfra.com\/blog\/governo-faz-dois-leiloes-de-parques-em-uma-semana-e-prepara-mais-tres-editais-para-2024\/"},"author":{"name":"Ag\u00eancia iNFRA","@id":"https:\/\/agenciainfra.com\/blog\/#\/schema\/person\/34af08dff6adea4cb22b06612ba7acfa"},"headline":"Governo faz dois leil\u00f5es de parques em uma semana e prepara mais tr\u00eas editais para 2024","datePublished":"2024-02-06T12:00:00+00:00","dateModified":"2026-02-13T20:03:59+00:00","mainEntityOfPage":{"@id":"https:\/\/agenciainfra.com\/blog\/governo-faz-dois-leiloes-de-parques-em-uma-semana-e-prepara-mais-tres-editais-para-2024\/"},"wordCount":955,"publisher":{"@id":"https:\/\/agenciainfra.com\/blog\/#organization"},"image":{"@id":"https:\/\/agenciainfra.com\/blog\/governo-faz-dois-leiloes-de-parques-em-uma-semana-e-prepara-mais-tres-editais-para-2024\/#primaryimage"},"thumbnailUrl":"https:\/\/agenciainfra.com\/blog\/wp-content\/uploads\/2023\/07\/chapada-dos-guimaraes-foto-ministerio-do-meio-ambiente.jpg","keywords":["BNDES","Chapada dos Guimar\u00e3es","concess\u00f5es","Construcap","desestatiza\u00e7\u00e3o","Elisa Costa","Grupo Cataratas","ICMBio","Investimentos em Infraestrutura","Jericoacoara","leil\u00f5es","Luciene Machado","Mauro Pires","MT Par","Parque Nacional","Parques florestais","Parquetur","PPI","Programa de Parceria em Investimentos"],"articleSection":["iNFRACidades"],"inLanguage":"pt-BR","copyrightYear":"2024","copyrightHolder":{"@id":"https:\/\/agenciainfra.com\/blog\/#organization"}},{"@type":"WebPage","@id":"https:\/\/agenciainfra.com\/blog\/governo-faz-dois-leiloes-de-parques-em-uma-semana-e-prepara-mais-tres-editais-para-2024\/","url":"https:\/\/agenciainfra.com\/blog\/governo-faz-dois-leiloes-de-parques-em-uma-semana-e-prepara-mais-tres-editais-para-2024\/","name":"Governo faz dois leil\u00f5es de parques em uma semana e prepara mais tr\u00eas editais para 2024 - Ag\u00eancia iNFRA","isPartOf":{"@id":"https:\/\/agenciainfra.com\/blog\/#website"},"primaryImageOfPage":{"@id":"https:\/\/agenciainfra.com\/blog\/governo-faz-dois-leiloes-de-parques-em-uma-semana-e-prepara-mais-tres-editais-para-2024\/#primaryimage"},"image":{"@id":"https:\/\/agenciainfra.com\/blog\/governo-faz-dois-leiloes-de-parques-em-uma-semana-e-prepara-mais-tres-editais-para-2024\/#primaryimage"},"thumbnailUrl":"https:\/\/agenciainfra.com\/blog\/wp-content\/uploads\/2023\/07\/chapada-dos-guimaraes-foto-ministerio-do-meio-ambiente.jpg","datePublished":"2024-02-06T12:00:00+00:00","dateModified":"2026-02-13T20:03:59+00:00","breadcrumb":{"@id":"https:\/\/agenciainfra.com\/blog\/governo-faz-dois-leiloes-de-parques-em-uma-semana-e-prepara-mais-tres-editais-para-2024\/#breadcrumb"},"inLanguage":"pt-BR","potentialAction":[{"@type":"ReadAction","target":["https:\/\/agenciainfra.com\/blog\/governo-faz-dois-leiloes-de-parques-em-uma-semana-e-prepara-mais-tres-editais-para-2024\/"]}]},{"@type":"ImageObject","inLanguage":"pt-BR","@id":"https:\/\/agenciainfra.com\/blog\/governo-faz-dois-leiloes-de-parques-em-uma-semana-e-prepara-mais-tres-editais-para-2024\/#primaryimage","url":"https:\/\/agenciainfra.com\/blog\/wp-content\/uploads\/2023\/07\/chapada-dos-guimaraes-foto-ministerio-do-meio-ambiente.jpg","contentUrl":"https:\/\/agenciainfra.com\/blog\/wp-content\/uploads\/2023\/07\/chapada-dos-guimaraes-foto-ministerio-do-meio-ambiente.jpg","width":1202,"height":720},{"@type":"BreadcrumbList","@id":"https:\/\/agenciainfra.com\/blog\/governo-faz-dois-leiloes-de-parques-em-uma-semana-e-prepara-mais-tres-editais-para-2024\/#breadcrumb","itemListElement":[{"@type":"ListItem","position":1,"name":"In\u00edcio","item":"https:\/\/agenciainfra.com\/blog\/"},{"@type":"ListItem","position":2,"name":"Governo faz dois leil\u00f5es de parques em uma semana e prepara mais tr\u00eas editais para 2024"}]},{"@type":"WebSite","@id":"https:\/\/agenciainfra.com\/blog\/#website","url":"https:\/\/agenciainfra.com\/blog\/","name":"Ag\u00eancia iNFRA","description":"Multiplataforma de informa\u00e7\u00e3o jornal\u00edstica refer\u00eancia na \u00e1rea de infraestrutura no Brasil!","publisher":{"@id":"https:\/\/agenciainfra.com\/blog\/#organization"},"potentialAction":[{"@type":"SearchAction","target":{"@type":"EntryPoint","urlTemplate":"https:\/\/agenciainfra.com\/blog\/?s={search_term_string}"},"query-input":{"@type":"PropertyValueSpecification","valueRequired":true,"valueName":"search_term_string"}}],"inLanguage":"pt-BR"},{"@type":"Organization","@id":"https:\/\/agenciainfra.com\/blog\/#organization","name":"Ag\u00eancia iNFRA","url":"https:\/\/agenciainfra.com\/blog\/","logo":{"@type":"ImageObject","inLanguage":"pt-BR","@id":"https:\/\/agenciainfra.com\/blog\/#\/schema\/logo\/image\/","url":"https:\/\/agenciainfra.com\/blog\/wp-content\/uploads\/2023\/09\/iNFRA_5-e1761735885940.png","contentUrl":"https:\/\/agenciainfra.com\/blog\/wp-content\/uploads\/2023\/09\/iNFRA_5-e1761735885940.png","width":1672,"height":454,"caption":"Ag\u00eancia iNFRA"},"image":{"@id":"https:\/\/agenciainfra.com\/blog\/#\/schema\/logo\/image\/"},"sameAs":["https:\/\/www.facebook.com\/ageninfra","https:\/\/x.com\/agencia_infra","https:\/\/www.linkedin.com\/company\/ag\u00eanciainfra\/","https:\/\/www.instagram.com\/agenciainfra\/"]},{"@type":"Person","@id":"https:\/\/agenciainfra.com\/blog\/#\/schema\/person\/34af08dff6adea4cb22b06612ba7acfa","name":"Ag\u00eancia iNFRA","image":{"@type":"ImageObject","inLanguage":"pt-BR","@id":"https:\/\/agenciainfra.com\/blog\/#\/schema\/person\/image\/","url":"https:\/\/secure.gravatar.com\/avatar\/d189e01678f06d8eb84d4e01f08eb848b3fffe3f8443818d3c356c66892f5be8?s=96&d=mm&r=g","contentUrl":"https:\/\/secure.gravatar.com\/avatar\/d189e01678f06d8eb84d4e01f08eb848b3fffe3f8443818d3c356c66892f5be8?s=96&d=mm&r=g","caption":"Ag\u00eancia iNFRA"},"url":"https:\/\/agenciainfra.com\/blog\/author\/admin\/"}]}},"_links":{"self":[{"href":"https:\/\/agenciainfra.com\/blog\/wp-json\/wp\/v2\/posts\/15465","targetHints":{"allow":["GET"]}}],"collection":[{"href":"https:\/\/agenciainfra.com\/blog\/wp-json\/wp\/v2\/posts"}],"about":[{"href":"https:\/\/agenciainfra.com\/blog\/wp-json\/wp\/v2\/types\/post"}],"author":[{"embeddable":true,"href":"https:\/\/agenciainfra.com\/blog\/wp-json\/wp\/v2\/users\/1"}],"replies":[{"embeddable":true,"href":"https:\/\/agenciainfra.com\/blog\/wp-json\/wp\/v2\/comments?post=15465"}],"version-history":[{"count":1,"href":"https:\/\/agenciainfra.com\/blog\/wp-json\/wp\/v2\/posts\/15465\/revisions"}],"predecessor-version":[{"id":15466,"href":"https:\/\/agenciainfra.com\/blog\/wp-json\/wp\/v2\/posts\/15465\/revisions\/15466"}],"wp:featuredmedia":[{"embeddable":true,"href":"https:\/\/agenciainfra.com\/blog\/wp-json\/wp\/v2\/media\/13019"}],"wp:attachment":[{"href":"https:\/\/agenciainfra.com\/blog\/wp-json\/wp\/v2\/media?parent=15465"}],"wp:term":[{"taxonomy":"category","embeddable":true,"href":"https:\/\/agenciainfra.com\/blog\/wp-json\/wp\/v2\/categories?post=15465"},{"taxonomy":"post_tag","embeddable":true,"href":"https:\/\/agenciainfra.com\/blog\/wp-json\/wp\/v2\/tags?post=15465"}],"curies":[{"name":"wp","href":"https:\/\/api.w.org\/{rel}","templated":true}]}}