{"id":15484,"date":"2024-02-07T12:00:00","date_gmt":"2024-02-07T15:00:00","guid":{"rendered":"https:\/\/www.agenciainfra.com\/blog\/?p=15484"},"modified":"2026-03-13T09:42:15","modified_gmt":"2026-03-13T12:42:15","slug":"apos-desentendimento-diretores-convergem-e-negam-provimento-a-recurso-da-enel-sp-contra-multa-de-r-95-mi","status":"publish","type":"post","link":"https:\/\/agenciainfra.com\/blog\/apos-desentendimento-diretores-convergem-e-negam-provimento-a-recurso-da-enel-sp-contra-multa-de-r-95-mi\/","title":{"rendered":"Ap\u00f3s desentendimento, diretores convergem e negam provimento a recurso da Enel SP contra multa de R$ 95 mi"},"content":{"rendered":"\n<p class=\"has-text-align-right\"><strong>Marisa Wanzeller,&nbsp;da&nbsp;Ag\u00eancia iNFRA<\/strong><\/p>\n\n\n\n<p>Ap\u00f3s um dia de discuss\u00f5es intensas, os diretores da ANEEL (Ag\u00eancia Nacional de Energia El\u00e9trica) chegaram a um consenso e negaram provimento ao recurso interposto pela Enel S\u00e3o Paulo contra multa de R$ 95 milh\u00f5es nos momentos finais da reuni\u00e3o na noite desta ter\u00e7a-feira (6). A penalidade refere-se a infra\u00e7\u00f5es da concession\u00e1ria em 2021, por n\u00e3o cumprir os limites de DEC (Dura\u00e7\u00e3o Equivalente de Interrup\u00e7\u00e3o por Unidade Consumidora) e FEC (Frequ\u00eancia Equivalente de Interrup\u00e7\u00e3o por Unidade Consumidora).<\/p>\n\n\n\n<p>O processo tinha sido retirado da pauta ap\u00f3s desentendimento entre o relator, diretor Fernando Mosna, e o diretor-geral, Sandoval Feitosa, que havia apresentado um voto-vista, mas retornou ap\u00f3s 6 horas de reuni\u00e3o. Para n\u00e3o adiar novamente a decis\u00e3o do processo, que estava em debate no colegiado pela terceira vez e prestes a seguir sem uma solu\u00e7\u00e3o, Feitosa decidiu &#8220;abrir m\u00e3o&#8221; do seu voto, j\u00e1 que o relator incorporaria o entendimento final de manter o valor da multa.&nbsp;<\/p>\n\n\n\n<p><strong>Desentendimento<\/strong><strong><br><\/strong>Ap\u00f3s propostas de redu\u00e7\u00e3o da multa em outubro de 2023 por parte do relator, diretor Fernando Mosna, e do diretor-geral, Sandoval Feitosa, que apresentou voto-vista em dezembro do mesmo ano, o colegiado havia chegado a um consenso sobre manter o valor total da puni\u00e7\u00e3o, que foi a proposta final de Feitosa na reuni\u00e3o de ontem. O desentendimento, no entanto, deu-se quanto \u00e0 constru\u00e7\u00e3o do &#8220;voto vencedor&#8221; e forma de aprecia\u00e7\u00e3o.<br><br>Isso porque o relator, Mosna, que em seu voto inicial, prop\u00f4s uma redu\u00e7\u00e3o de 44% na multa \u00e0 Enel S\u00e3o Paulo, baixando o valor de R$ 95 milh\u00f5es para cerca de R$ 53 milh\u00f5es, discordou do caminho percorrido por Sandoval para chegar \u00e0 conclus\u00e3o do voto-vista. Desta forma, optou por incorporar em seu voto apenas a decis\u00e3o de manter o valor da multa em R$ 95 milh\u00f5es e de reconhecer a reincid\u00eancia das infra\u00e7\u00f5es da companhia na presta\u00e7\u00e3o do servi\u00e7o como um agravante.&nbsp;<br><br><strong>Pedido de vista do voto-vista<\/strong><strong><br><\/strong>No entendimento do diretor-geral, seriam mantidos ent\u00e3o dois votos distintos. Mas no momento da vota\u00e7\u00e3o, o diretor Fernando Mosna pediu vista do voto-vista, o que, para o diretor-geral, Sandoval Feitosa, n\u00e3o seria condizente com o regimento da ag\u00eancia. Assim, Feitosa negou o pedido de vista, afirmando que Mosna j\u00e1 teria suas manifesta\u00e7\u00f5es expostas em seu pr\u00f3prio voto, a ser deliberado posteriormente.<br><br><strong>Procrastina\u00e7\u00e3o<\/strong><strong><br><\/strong>As discord\u00e2ncias levaram a um debate acalorado entre os diretores. Sandoval disse que a atitude de Mosna seria &#8220;procrastina\u00e7\u00e3o do processo decis\u00f3rio&#8221;.<br><br>&#8220;Precisamos encaminhar os trabalhos da ag\u00eancia. A forma como est\u00e1, s\u00e3o reuni\u00f5es cada vez menos produtivas, reuni\u00f5es em que a gente tem quatro, cinco itens, deliberamos dois itens. Vamos fazer reuni\u00f5es internas, vamos dialogar&#8221;, sugeriu o diretor-geral.<br><br>Ao que o diretor Fernando Mosna respondeu: &#8220;O discurso tem que ser reproduzido na pr\u00e1tica. De todos os diretores, voc\u00ea [Feitosa] \u00e9 o diretor com o maior n\u00famero de pedidos de vista. Tiveram processos que segurou por meses&#8221;, afirmou.<br><br>Sem consenso sobre o encaminhamento a ser dado, Feitosa suspendeu o julgamento do item e disse que o processo seria discutido internamente, antes de voltar \u00e0 delibera\u00e7\u00e3o no colegiado. A oportunidade surgiu quando a reuni\u00e3o foi suspensa por cerca de meia hora \u00e0s 20h para construiu consenso sobre outro \u00edtem da pauta. No retorno do intervalo, o voto de Mosna foi aprovado.<\/p>\n\n\n\n<p><strong>&#8220;Mea culpa&#8221;<\/strong><strong><br><\/strong>O diretor H\u00e9lvio Guerra trouxe novamente para a discuss\u00e3o o apag\u00e3o ocorrido em S\u00e3o Paulo em novembro de 2023. Na ocasi\u00e3o, segundo ele, quase 5 milh\u00f5es de pessoas ficaram sem energia ap\u00f3s fortes chuvas que atingiram a regi\u00e3o.<\/p>\n\n\n\n<p>J\u00e1 em dezembro, Guerra ressaltou que o tratamento da Enel n\u00e3o foi adequado na ocasi\u00e3o, visto que falhou na comunica\u00e7\u00e3o com a sociedade e com as autoridades locais. Para ele, esse seria um ponto importante para decidir por n\u00e3o reduzir a multa da companhia.<\/p>\n\n\n\n<p>Nesta ter\u00e7a-feira, o diretor fez um &#8220;mea culpa&#8221; ao apontar que a ag\u00eancia est\u00e1 demorando para dar uma resposta quanto \u00e0 fiscaliza\u00e7\u00e3o da atua\u00e7\u00e3o da Enel nesse evento. &#8220;N\u00f3s estamos a 94 dias sem ter dado ainda uma resposta adequada para esses consumidores, para as autoridades p\u00fablicas&#8221;, pontuou.<\/p>\n\n\n\n<p>&#8220;Isso me preocupa, porque n\u00f3s j\u00e1 ouvimos e recentemente vimos, e eu dou at\u00e9 um pouco de raz\u00e3o a ele, o prefeito de S\u00e3o Paulo [Ricardo Nunes] se manifestando em rela\u00e7\u00e3o a isso. N\u00f3s n\u00e3o estamos sendo \u00e1geis o suficiente para dar uma resposta para essa sociedade, para esses consumidores que ficaram tanto tempo sem energia&#8221;, declarou.<\/p>\n\n\n\n<p>Guerra se referiu \u00e0 manifesta\u00e7\u00e3o do prefeito de S\u00e3o Paulo, Ricardo Nunes, quando levou ao presidente do TCU (Tribunal de Contas da Uni\u00e3o), Bruno Dantas, um pedido para n\u00e3o autorizar a renova\u00e7\u00e3o da concess\u00e3o da Enel ou, at\u00e9 mesmo, considerar a rescis\u00e3o imediata do contrato.<\/p>\n\n\n\n<p>&#8220;N\u00f3s procuramos a Ag\u00eancia Nacional de Energia El\u00e9trica, inclusive [tivemos] reuni\u00f5es presenciais com o presidente Sandoval e os diretores da Ag\u00eancia Nacional de Energia El\u00e9trica, apresentamos os problemas, eles estiveram em S\u00e3o Paulo [em] reuni\u00e3o minha e do governador Tarc\u00edsio de Freitas, governador de S\u00e3o Paulo, apresentamos toda a situa\u00e7\u00e3o logo ap\u00f3s 3 de novembro, n\u00f3s j\u00e1 estamos no dia 31 de janeiro, n\u00e3o tivemos not\u00edcias de nenhuma a\u00e7\u00e3o contundente a n\u00e3o ser promessas&#8221;, afirmou Nunes \u00e0 imprensa na quarta-feira da semana passada.<\/p>\n\n\n\n<p><strong>&#8220;Eventos extremos&#8221;<\/strong><strong><br><\/strong>O diretor-geral saiu em defesa da reguladora e destacou que a \u00e1rea de fiscaliza\u00e7\u00e3o tem dado prioridade ao evento e que est\u00e1 trabalhando dentro do prazo previsto em normas. Ele ainda disse que a ag\u00eancia tem lidado com o acompanhamento de &#8220;diversos eventos extremos desde junho do ano passado&#8221;, e citou o apag\u00e3o geral de 15 de agosto.<\/p>\n\n\n\n<p>&#8220;\u00c9 uma realidade nova que temos que enfrentar&#8221;, disse Feitosa sobre as intemp\u00e9ries que t\u00eam atingido o SEB (Sistema El\u00e9trico Brasileiro).<\/p>\n\n\n\n<p>Contudo, o diretor ressaltou que o processo em quest\u00e3o trata de uma multa por infra\u00e7\u00f5es ocorridas em 2021, e que as convic\u00e7\u00f5es apresentadas em seu voto n\u00e3o &#8220;guardam qualquer rela\u00e7\u00e3o com o evento superveniente do dia 3 de novembro&#8221; de 2023.<\/p>\n\n\n\n<p>&#8220;Entendo todas as manifesta\u00e7\u00f5es trazidas pelo diretor H\u00e9lvio, mas tamb\u00e9m quero crer que a convic\u00e7\u00e3o trazida no processo que julga o evento passado n\u00e3o guarda nenhuma rela\u00e7\u00e3o com o evento futuro. (&#8230;) \u00c9 uma manifesta\u00e7\u00e3o leg\u00edtima, mas trago aqui uma garantia a todos aqui que acompanham, representantes da empresa presentes, que a minha convic\u00e7\u00e3o n\u00e3o guarda nenhuma rela\u00e7\u00e3o com o evento que ocorreu de forma superveniente.&#8221;<\/p>\n","protected":false},"excerpt":{"rendered":"<p>Marisa Wanzeller,&nbsp;da&nbsp;Ag\u00eancia iNFRA Ap\u00f3s um dia de discuss\u00f5es intensas, os diretores da ANEEL (Ag\u00eancia Nacional de Energia El\u00e9trica) chegaram a um consenso e negaram provimento ao recurso interposto pela Enel S\u00e3o Paulo contra multa de R$ 95 milh\u00f5es nos momentos finais da reuni\u00e3o na noite desta ter\u00e7a-feira (6). A penalidade refere-se a infra\u00e7\u00f5es da concession\u00e1ria [&hellip;]<\/p>\n","protected":false},"author":1,"featured_media":15474,"comment_status":"closed","ping_status":"closed","sticky":false,"template":"","format":"standard","meta":{"_monsterinsights_skip_tracking":false,"_monsterinsights_sitenote_active":false,"_monsterinsights_sitenote_note":"","_monsterinsights_sitenote_category":0,"footnotes":""},"categories":[7250,1,10],"tags":[852,72,53,396,8478,8480,616,8475,282,7014,380,2619,8476,7366,1628,8138,8477,2656,5656,8450,1026,448,8489,8479],"class_list":["post-15484","post","type-post","status-publish","format-standard","has-post-thumbnail","hentry","category-destaque-lista","category-geral","category-infraenergia","tag-agencia-nacional-de-energia-eletrica","tag-agencia-reguladora","tag-aneel","tag-bruno-dantas","tag-conflito","tag-desentendimento","tag-enel","tag-enel-sao-paulo","tag-energia-eletrica","tag-fernando-mosna","tag-fiscalizacao","tag-helvio-guerra","tag-infracoes","tag-marisa-wanzeller","tag-multa","tag-processo-decisorio","tag-procrastinacao","tag-regulamentacao","tag-reuniao-de-diretoria","tag-ricardo-nunes","tag-sandoval-feitosa","tag-tarcisio-de-freitas","tag-tcu-tribunal-de-contas-da-uniao","tag-voto-decisorio"],"yoast_head":"<!-- This site is optimized with the Yoast SEO Premium plugin v25.4 (Yoast SEO v26.0) - https:\/\/yoast.com\/wordpress\/plugins\/seo\/ -->\n<title>Ap\u00f3s desentendimento, diretores convergem e negam provimento a recurso da Enel SP contra multa de R$ 95 mi - Ag\u00eancia iNFRA<\/title>\n<meta name=\"robots\" content=\"index, follow, max-snippet:-1, max-image-preview:large, max-video-preview:-1\" \/>\n<link rel=\"canonical\" href=\"https:\/\/agenciainfra.com\/blog\/apos-desentendimento-diretores-convergem-e-negam-provimento-a-recurso-da-enel-sp-contra-multa-de-r-95-mi\/\" \/>\n<meta property=\"og:locale\" content=\"pt_BR\" \/>\n<meta property=\"og:type\" content=\"article\" \/>\n<meta property=\"og:title\" content=\"Ap\u00f3s desentendimento, diretores convergem e negam provimento a recurso da Enel SP contra multa de R$ 95 mi\" \/>\n<meta property=\"og:description\" content=\"Marisa Wanzeller,&nbsp;da&nbsp;Ag\u00eancia iNFRA Ap\u00f3s um dia de discuss\u00f5es intensas, os diretores da ANEEL (Ag\u00eancia Nacional de Energia El\u00e9trica) chegaram a um consenso e negaram provimento ao recurso interposto pela Enel S\u00e3o Paulo contra multa de R$ 95 milh\u00f5es nos momentos finais da reuni\u00e3o na noite desta ter\u00e7a-feira (6). A penalidade refere-se a infra\u00e7\u00f5es da concession\u00e1ria [&hellip;]\" \/>\n<meta property=\"og:url\" content=\"https:\/\/agenciainfra.com\/blog\/apos-desentendimento-diretores-convergem-e-negam-provimento-a-recurso-da-enel-sp-contra-multa-de-r-95-mi\/\" \/>\n<meta property=\"og:site_name\" content=\"Ag\u00eancia iNFRA\" \/>\n<meta property=\"article:publisher\" content=\"https:\/\/www.facebook.com\/ageninfra\" \/>\n<meta property=\"article:published_time\" content=\"2024-02-07T15:00:00+00:00\" \/>\n<meta property=\"article:modified_time\" content=\"2026-03-13T12:42:15+00:00\" \/>\n<meta property=\"og:image\" content=\"https:\/\/agenciainfra.com\/blog\/wp-content\/uploads\/2024\/02\/reuniao-diretoria-aneel-fevereiro-2024-foto-reproducao-youtube.png\" \/>\n\t<meta property=\"og:image:width\" content=\"1202\" \/>\n\t<meta property=\"og:image:height\" content=\"676\" \/>\n\t<meta property=\"og:image:type\" content=\"image\/png\" \/>\n<meta name=\"author\" content=\"Ag\u00eancia iNFRA\" \/>\n<meta name=\"twitter:card\" content=\"summary_large_image\" \/>\n<meta name=\"twitter:creator\" content=\"@agencia_infra\" \/>\n<meta name=\"twitter:site\" content=\"@agencia_infra\" \/>\n<meta name=\"twitter:label1\" content=\"Escrito por\" \/>\n\t<meta name=\"twitter:data1\" content=\"Ag\u00eancia iNFRA\" \/>\n\t<meta name=\"twitter:label2\" content=\"Est. tempo de leitura\" \/>\n\t<meta name=\"twitter:data2\" content=\"6 minutos\" \/>\n<script type=\"application\/ld+json\" class=\"yoast-schema-graph\">{\"@context\":\"https:\/\/schema.org\",\"@graph\":[{\"@type\":\"Article\",\"@id\":\"https:\/\/agenciainfra.com\/blog\/apos-desentendimento-diretores-convergem-e-negam-provimento-a-recurso-da-enel-sp-contra-multa-de-r-95-mi\/#article\",\"isPartOf\":{\"@id\":\"https:\/\/agenciainfra.com\/blog\/apos-desentendimento-diretores-convergem-e-negam-provimento-a-recurso-da-enel-sp-contra-multa-de-r-95-mi\/\"},\"author\":{\"name\":\"Ag\u00eancia iNFRA\",\"@id\":\"https:\/\/agenciainfra.com\/blog\/#\/schema\/person\/34af08dff6adea4cb22b06612ba7acfa\"},\"headline\":\"Ap\u00f3s desentendimento, diretores convergem e negam provimento a recurso da Enel SP contra multa de R$ 95 mi\",\"datePublished\":\"2024-02-07T15:00:00+00:00\",\"dateModified\":\"2026-03-13T12:42:15+00:00\",\"mainEntityOfPage\":{\"@id\":\"https:\/\/agenciainfra.com\/blog\/apos-desentendimento-diretores-convergem-e-negam-provimento-a-recurso-da-enel-sp-contra-multa-de-r-95-mi\/\"},\"wordCount\":1168,\"publisher\":{\"@id\":\"https:\/\/agenciainfra.com\/blog\/#organization\"},\"image\":{\"@id\":\"https:\/\/agenciainfra.com\/blog\/apos-desentendimento-diretores-convergem-e-negam-provimento-a-recurso-da-enel-sp-contra-multa-de-r-95-mi\/#primaryimage\"},\"thumbnailUrl\":\"https:\/\/agenciainfra.com\/blog\/wp-content\/uploads\/2024\/02\/reuniao-diretoria-aneel-fevereiro-2024-foto-reproducao-youtube.png\",\"keywords\":[\"Ag\u00eancia Nacional de Energia El\u00e9trica\",\"ag\u00eancia reguladora\",\"ANEEL\",\"Bruno Dantas\",\"conflito\",\"desentendimento\",\"Enel\",\"Enel S\u00e3o Paulo\",\"energia el\u00e9trica\",\"Fernando Mosna\",\"fiscaliza\u00e7\u00e3o\",\"H\u00e9lvio Guerra\",\"infra\u00e7\u00f5es\",\"Marisa Wanzeller\",\"multa\",\"Processo Decis\u00f3rio\",\"procrastina\u00e7\u00e3o\",\"regulamenta\u00e7\u00e3o\",\"reuni\u00e3o de diretoria\",\"Ricardo Nunes\",\"Sandoval Feitosa\",\"Tarc\u00edsio de Freitas\",\"TCU (Tribunal de Contas da Uni\u00e3o)\",\"voto decis\u00f3rio\"],\"articleSection\":[\"Destaque lista\",\"Geral\",\"iNFRAEnergia\"],\"inLanguage\":\"pt-BR\",\"copyrightYear\":\"2024\",\"copyrightHolder\":{\"@id\":\"https:\/\/agenciainfra.com\/blog\/#organization\"}},{\"@type\":\"WebPage\",\"@id\":\"https:\/\/agenciainfra.com\/blog\/apos-desentendimento-diretores-convergem-e-negam-provimento-a-recurso-da-enel-sp-contra-multa-de-r-95-mi\/\",\"url\":\"https:\/\/agenciainfra.com\/blog\/apos-desentendimento-diretores-convergem-e-negam-provimento-a-recurso-da-enel-sp-contra-multa-de-r-95-mi\/\",\"name\":\"Ap\u00f3s desentendimento, diretores convergem e negam provimento a recurso da Enel SP contra multa de R$ 95 mi - Ag\u00eancia iNFRA\",\"isPartOf\":{\"@id\":\"https:\/\/agenciainfra.com\/blog\/#website\"},\"primaryImageOfPage\":{\"@id\":\"https:\/\/agenciainfra.com\/blog\/apos-desentendimento-diretores-convergem-e-negam-provimento-a-recurso-da-enel-sp-contra-multa-de-r-95-mi\/#primaryimage\"},\"image\":{\"@id\":\"https:\/\/agenciainfra.com\/blog\/apos-desentendimento-diretores-convergem-e-negam-provimento-a-recurso-da-enel-sp-contra-multa-de-r-95-mi\/#primaryimage\"},\"thumbnailUrl\":\"https:\/\/agenciainfra.com\/blog\/wp-content\/uploads\/2024\/02\/reuniao-diretoria-aneel-fevereiro-2024-foto-reproducao-youtube.png\",\"datePublished\":\"2024-02-07T15:00:00+00:00\",\"dateModified\":\"2026-03-13T12:42:15+00:00\",\"breadcrumb\":{\"@id\":\"https:\/\/agenciainfra.com\/blog\/apos-desentendimento-diretores-convergem-e-negam-provimento-a-recurso-da-enel-sp-contra-multa-de-r-95-mi\/#breadcrumb\"},\"inLanguage\":\"pt-BR\",\"potentialAction\":[{\"@type\":\"ReadAction\",\"target\":[\"https:\/\/agenciainfra.com\/blog\/apos-desentendimento-diretores-convergem-e-negam-provimento-a-recurso-da-enel-sp-contra-multa-de-r-95-mi\/\"]}]},{\"@type\":\"ImageObject\",\"inLanguage\":\"pt-BR\",\"@id\":\"https:\/\/agenciainfra.com\/blog\/apos-desentendimento-diretores-convergem-e-negam-provimento-a-recurso-da-enel-sp-contra-multa-de-r-95-mi\/#primaryimage\",\"url\":\"https:\/\/agenciainfra.com\/blog\/wp-content\/uploads\/2024\/02\/reuniao-diretoria-aneel-fevereiro-2024-foto-reproducao-youtube.png\",\"contentUrl\":\"https:\/\/agenciainfra.com\/blog\/wp-content\/uploads\/2024\/02\/reuniao-diretoria-aneel-fevereiro-2024-foto-reproducao-youtube.png\",\"width\":1202,\"height\":676},{\"@type\":\"BreadcrumbList\",\"@id\":\"https:\/\/agenciainfra.com\/blog\/apos-desentendimento-diretores-convergem-e-negam-provimento-a-recurso-da-enel-sp-contra-multa-de-r-95-mi\/#breadcrumb\",\"itemListElement\":[{\"@type\":\"ListItem\",\"position\":1,\"name\":\"In\u00edcio\",\"item\":\"https:\/\/agenciainfra.com\/blog\/\"},{\"@type\":\"ListItem\",\"position\":2,\"name\":\"Ap\u00f3s desentendimento, diretores convergem e negam provimento a recurso da Enel SP contra multa de R$ 95 mi\"}]},{\"@type\":\"WebSite\",\"@id\":\"https:\/\/agenciainfra.com\/blog\/#website\",\"url\":\"https:\/\/agenciainfra.com\/blog\/\",\"name\":\"Ag\u00eancia iNFRA\",\"description\":\"Multiplataforma de informa\u00e7\u00e3o jornal\u00edstica refer\u00eancia na \u00e1rea de infraestrutura no Brasil!\",\"publisher\":{\"@id\":\"https:\/\/agenciainfra.com\/blog\/#organization\"},\"potentialAction\":[{\"@type\":\"SearchAction\",\"target\":{\"@type\":\"EntryPoint\",\"urlTemplate\":\"https:\/\/agenciainfra.com\/blog\/?s={search_term_string}\"},\"query-input\":{\"@type\":\"PropertyValueSpecification\",\"valueRequired\":true,\"valueName\":\"search_term_string\"}}],\"inLanguage\":\"pt-BR\"},{\"@type\":\"Organization\",\"@id\":\"https:\/\/agenciainfra.com\/blog\/#organization\",\"name\":\"Ag\u00eancia iNFRA\",\"url\":\"https:\/\/agenciainfra.com\/blog\/\",\"logo\":{\"@type\":\"ImageObject\",\"inLanguage\":\"pt-BR\",\"@id\":\"https:\/\/agenciainfra.com\/blog\/#\/schema\/logo\/image\/\",\"url\":\"https:\/\/agenciainfra.com\/blog\/wp-content\/uploads\/2023\/09\/iNFRA_5-e1761735885940.png\",\"contentUrl\":\"https:\/\/agenciainfra.com\/blog\/wp-content\/uploads\/2023\/09\/iNFRA_5-e1761735885940.png\",\"width\":1672,\"height\":454,\"caption\":\"Ag\u00eancia iNFRA\"},\"image\":{\"@id\":\"https:\/\/agenciainfra.com\/blog\/#\/schema\/logo\/image\/\"},\"sameAs\":[\"https:\/\/www.facebook.com\/ageninfra\",\"https:\/\/x.com\/agencia_infra\",\"https:\/\/www.linkedin.com\/company\/ag\u00eanciainfra\/\",\"https:\/\/www.instagram.com\/agenciainfra\/\"]},{\"@type\":\"Person\",\"@id\":\"https:\/\/agenciainfra.com\/blog\/#\/schema\/person\/34af08dff6adea4cb22b06612ba7acfa\",\"name\":\"Ag\u00eancia iNFRA\",\"image\":{\"@type\":\"ImageObject\",\"inLanguage\":\"pt-BR\",\"@id\":\"https:\/\/agenciainfra.com\/blog\/#\/schema\/person\/image\/\",\"url\":\"https:\/\/secure.gravatar.com\/avatar\/d189e01678f06d8eb84d4e01f08eb848b3fffe3f8443818d3c356c66892f5be8?s=96&d=mm&r=g\",\"contentUrl\":\"https:\/\/secure.gravatar.com\/avatar\/d189e01678f06d8eb84d4e01f08eb848b3fffe3f8443818d3c356c66892f5be8?s=96&d=mm&r=g\",\"caption\":\"Ag\u00eancia iNFRA\"},\"url\":\"https:\/\/agenciainfra.com\/blog\/author\/admin\/\"}]}<\/script>\n<!-- \/ Yoast SEO Premium plugin. -->","yoast_head_json":{"title":"Ap\u00f3s desentendimento, diretores convergem e negam provimento a recurso da Enel SP contra multa de R$ 95 mi - Ag\u00eancia iNFRA","robots":{"index":"index","follow":"follow","max-snippet":"max-snippet:-1","max-image-preview":"max-image-preview:large","max-video-preview":"max-video-preview:-1"},"canonical":"https:\/\/agenciainfra.com\/blog\/apos-desentendimento-diretores-convergem-e-negam-provimento-a-recurso-da-enel-sp-contra-multa-de-r-95-mi\/","og_locale":"pt_BR","og_type":"article","og_title":"Ap\u00f3s desentendimento, diretores convergem e negam provimento a recurso da Enel SP contra multa de R$ 95 mi","og_description":"Marisa Wanzeller,&nbsp;da&nbsp;Ag\u00eancia iNFRA Ap\u00f3s um dia de discuss\u00f5es intensas, os diretores da ANEEL (Ag\u00eancia Nacional de Energia El\u00e9trica) chegaram a um consenso e negaram provimento ao recurso interposto pela Enel S\u00e3o Paulo contra multa de R$ 95 milh\u00f5es nos momentos finais da reuni\u00e3o na noite desta ter\u00e7a-feira (6). A penalidade refere-se a infra\u00e7\u00f5es da concession\u00e1ria [&hellip;]","og_url":"https:\/\/agenciainfra.com\/blog\/apos-desentendimento-diretores-convergem-e-negam-provimento-a-recurso-da-enel-sp-contra-multa-de-r-95-mi\/","og_site_name":"Ag\u00eancia iNFRA","article_publisher":"https:\/\/www.facebook.com\/ageninfra","article_published_time":"2024-02-07T15:00:00+00:00","article_modified_time":"2026-03-13T12:42:15+00:00","og_image":[{"width":1202,"height":676,"url":"https:\/\/agenciainfra.com\/blog\/wp-content\/uploads\/2024\/02\/reuniao-diretoria-aneel-fevereiro-2024-foto-reproducao-youtube.png","type":"image\/png"}],"author":"Ag\u00eancia iNFRA","twitter_card":"summary_large_image","twitter_creator":"@agencia_infra","twitter_site":"@agencia_infra","twitter_misc":{"Escrito por":"Ag\u00eancia iNFRA","Est. tempo de leitura":"6 minutos"},"schema":{"@context":"https:\/\/schema.org","@graph":[{"@type":"Article","@id":"https:\/\/agenciainfra.com\/blog\/apos-desentendimento-diretores-convergem-e-negam-provimento-a-recurso-da-enel-sp-contra-multa-de-r-95-mi\/#article","isPartOf":{"@id":"https:\/\/agenciainfra.com\/blog\/apos-desentendimento-diretores-convergem-e-negam-provimento-a-recurso-da-enel-sp-contra-multa-de-r-95-mi\/"},"author":{"name":"Ag\u00eancia iNFRA","@id":"https:\/\/agenciainfra.com\/blog\/#\/schema\/person\/34af08dff6adea4cb22b06612ba7acfa"},"headline":"Ap\u00f3s desentendimento, diretores convergem e negam provimento a recurso da Enel SP contra multa de R$ 95 mi","datePublished":"2024-02-07T15:00:00+00:00","dateModified":"2026-03-13T12:42:15+00:00","mainEntityOfPage":{"@id":"https:\/\/agenciainfra.com\/blog\/apos-desentendimento-diretores-convergem-e-negam-provimento-a-recurso-da-enel-sp-contra-multa-de-r-95-mi\/"},"wordCount":1168,"publisher":{"@id":"https:\/\/agenciainfra.com\/blog\/#organization"},"image":{"@id":"https:\/\/agenciainfra.com\/blog\/apos-desentendimento-diretores-convergem-e-negam-provimento-a-recurso-da-enel-sp-contra-multa-de-r-95-mi\/#primaryimage"},"thumbnailUrl":"https:\/\/agenciainfra.com\/blog\/wp-content\/uploads\/2024\/02\/reuniao-diretoria-aneel-fevereiro-2024-foto-reproducao-youtube.png","keywords":["Ag\u00eancia Nacional de Energia El\u00e9trica","ag\u00eancia reguladora","ANEEL","Bruno Dantas","conflito","desentendimento","Enel","Enel S\u00e3o Paulo","energia el\u00e9trica","Fernando Mosna","fiscaliza\u00e7\u00e3o","H\u00e9lvio Guerra","infra\u00e7\u00f5es","Marisa Wanzeller","multa","Processo Decis\u00f3rio","procrastina\u00e7\u00e3o","regulamenta\u00e7\u00e3o","reuni\u00e3o de diretoria","Ricardo Nunes","Sandoval Feitosa","Tarc\u00edsio de Freitas","TCU (Tribunal de Contas da Uni\u00e3o)","voto decis\u00f3rio"],"articleSection":["Destaque lista","Geral","iNFRAEnergia"],"inLanguage":"pt-BR","copyrightYear":"2024","copyrightHolder":{"@id":"https:\/\/agenciainfra.com\/blog\/#organization"}},{"@type":"WebPage","@id":"https:\/\/agenciainfra.com\/blog\/apos-desentendimento-diretores-convergem-e-negam-provimento-a-recurso-da-enel-sp-contra-multa-de-r-95-mi\/","url":"https:\/\/agenciainfra.com\/blog\/apos-desentendimento-diretores-convergem-e-negam-provimento-a-recurso-da-enel-sp-contra-multa-de-r-95-mi\/","name":"Ap\u00f3s desentendimento, diretores convergem e negam provimento a recurso da Enel SP contra multa de R$ 95 mi - Ag\u00eancia iNFRA","isPartOf":{"@id":"https:\/\/agenciainfra.com\/blog\/#website"},"primaryImageOfPage":{"@id":"https:\/\/agenciainfra.com\/blog\/apos-desentendimento-diretores-convergem-e-negam-provimento-a-recurso-da-enel-sp-contra-multa-de-r-95-mi\/#primaryimage"},"image":{"@id":"https:\/\/agenciainfra.com\/blog\/apos-desentendimento-diretores-convergem-e-negam-provimento-a-recurso-da-enel-sp-contra-multa-de-r-95-mi\/#primaryimage"},"thumbnailUrl":"https:\/\/agenciainfra.com\/blog\/wp-content\/uploads\/2024\/02\/reuniao-diretoria-aneel-fevereiro-2024-foto-reproducao-youtube.png","datePublished":"2024-02-07T15:00:00+00:00","dateModified":"2026-03-13T12:42:15+00:00","breadcrumb":{"@id":"https:\/\/agenciainfra.com\/blog\/apos-desentendimento-diretores-convergem-e-negam-provimento-a-recurso-da-enel-sp-contra-multa-de-r-95-mi\/#breadcrumb"},"inLanguage":"pt-BR","potentialAction":[{"@type":"ReadAction","target":["https:\/\/agenciainfra.com\/blog\/apos-desentendimento-diretores-convergem-e-negam-provimento-a-recurso-da-enel-sp-contra-multa-de-r-95-mi\/"]}]},{"@type":"ImageObject","inLanguage":"pt-BR","@id":"https:\/\/agenciainfra.com\/blog\/apos-desentendimento-diretores-convergem-e-negam-provimento-a-recurso-da-enel-sp-contra-multa-de-r-95-mi\/#primaryimage","url":"https:\/\/agenciainfra.com\/blog\/wp-content\/uploads\/2024\/02\/reuniao-diretoria-aneel-fevereiro-2024-foto-reproducao-youtube.png","contentUrl":"https:\/\/agenciainfra.com\/blog\/wp-content\/uploads\/2024\/02\/reuniao-diretoria-aneel-fevereiro-2024-foto-reproducao-youtube.png","width":1202,"height":676},{"@type":"BreadcrumbList","@id":"https:\/\/agenciainfra.com\/blog\/apos-desentendimento-diretores-convergem-e-negam-provimento-a-recurso-da-enel-sp-contra-multa-de-r-95-mi\/#breadcrumb","itemListElement":[{"@type":"ListItem","position":1,"name":"In\u00edcio","item":"https:\/\/agenciainfra.com\/blog\/"},{"@type":"ListItem","position":2,"name":"Ap\u00f3s desentendimento, diretores convergem e negam provimento a recurso da Enel SP contra multa de R$ 95 mi"}]},{"@type":"WebSite","@id":"https:\/\/agenciainfra.com\/blog\/#website","url":"https:\/\/agenciainfra.com\/blog\/","name":"Ag\u00eancia iNFRA","description":"Multiplataforma de informa\u00e7\u00e3o jornal\u00edstica refer\u00eancia na \u00e1rea de infraestrutura no Brasil!","publisher":{"@id":"https:\/\/agenciainfra.com\/blog\/#organization"},"potentialAction":[{"@type":"SearchAction","target":{"@type":"EntryPoint","urlTemplate":"https:\/\/agenciainfra.com\/blog\/?s={search_term_string}"},"query-input":{"@type":"PropertyValueSpecification","valueRequired":true,"valueName":"search_term_string"}}],"inLanguage":"pt-BR"},{"@type":"Organization","@id":"https:\/\/agenciainfra.com\/blog\/#organization","name":"Ag\u00eancia iNFRA","url":"https:\/\/agenciainfra.com\/blog\/","logo":{"@type":"ImageObject","inLanguage":"pt-BR","@id":"https:\/\/agenciainfra.com\/blog\/#\/schema\/logo\/image\/","url":"https:\/\/agenciainfra.com\/blog\/wp-content\/uploads\/2023\/09\/iNFRA_5-e1761735885940.png","contentUrl":"https:\/\/agenciainfra.com\/blog\/wp-content\/uploads\/2023\/09\/iNFRA_5-e1761735885940.png","width":1672,"height":454,"caption":"Ag\u00eancia iNFRA"},"image":{"@id":"https:\/\/agenciainfra.com\/blog\/#\/schema\/logo\/image\/"},"sameAs":["https:\/\/www.facebook.com\/ageninfra","https:\/\/x.com\/agencia_infra","https:\/\/www.linkedin.com\/company\/ag\u00eanciainfra\/","https:\/\/www.instagram.com\/agenciainfra\/"]},{"@type":"Person","@id":"https:\/\/agenciainfra.com\/blog\/#\/schema\/person\/34af08dff6adea4cb22b06612ba7acfa","name":"Ag\u00eancia iNFRA","image":{"@type":"ImageObject","inLanguage":"pt-BR","@id":"https:\/\/agenciainfra.com\/blog\/#\/schema\/person\/image\/","url":"https:\/\/secure.gravatar.com\/avatar\/d189e01678f06d8eb84d4e01f08eb848b3fffe3f8443818d3c356c66892f5be8?s=96&d=mm&r=g","contentUrl":"https:\/\/secure.gravatar.com\/avatar\/d189e01678f06d8eb84d4e01f08eb848b3fffe3f8443818d3c356c66892f5be8?s=96&d=mm&r=g","caption":"Ag\u00eancia iNFRA"},"url":"https:\/\/agenciainfra.com\/blog\/author\/admin\/"}]}},"_links":{"self":[{"href":"https:\/\/agenciainfra.com\/blog\/wp-json\/wp\/v2\/posts\/15484","targetHints":{"allow":["GET"]}}],"collection":[{"href":"https:\/\/agenciainfra.com\/blog\/wp-json\/wp\/v2\/posts"}],"about":[{"href":"https:\/\/agenciainfra.com\/blog\/wp-json\/wp\/v2\/types\/post"}],"author":[{"embeddable":true,"href":"https:\/\/agenciainfra.com\/blog\/wp-json\/wp\/v2\/users\/1"}],"replies":[{"embeddable":true,"href":"https:\/\/agenciainfra.com\/blog\/wp-json\/wp\/v2\/comments?post=15484"}],"version-history":[{"count":1,"href":"https:\/\/agenciainfra.com\/blog\/wp-json\/wp\/v2\/posts\/15484\/revisions"}],"predecessor-version":[{"id":15485,"href":"https:\/\/agenciainfra.com\/blog\/wp-json\/wp\/v2\/posts\/15484\/revisions\/15485"}],"wp:featuredmedia":[{"embeddable":true,"href":"https:\/\/agenciainfra.com\/blog\/wp-json\/wp\/v2\/media\/15474"}],"wp:attachment":[{"href":"https:\/\/agenciainfra.com\/blog\/wp-json\/wp\/v2\/media?parent=15484"}],"wp:term":[{"taxonomy":"category","embeddable":true,"href":"https:\/\/agenciainfra.com\/blog\/wp-json\/wp\/v2\/categories?post=15484"},{"taxonomy":"post_tag","embeddable":true,"href":"https:\/\/agenciainfra.com\/blog\/wp-json\/wp\/v2\/tags?post=15484"}],"curies":[{"name":"wp","href":"https:\/\/api.w.org\/{rel}","templated":true}]}}