{"id":15569,"date":"2024-02-23T11:00:00","date_gmt":"2024-02-23T14:00:00","guid":{"rendered":"https:\/\/agenciainfra.com\/blog\/?p=15569"},"modified":"2024-02-26T09:01:51","modified_gmt":"2024-02-26T12:01:51","slug":"novamente-o-igp-m-o-impacto-deflacionario-no-equilibrio-economico-financeiro-dos-contratos-publicos-de-infraestrutura","status":"publish","type":"post","link":"https:\/\/agenciainfra.com\/blog\/novamente-o-igp-m-o-impacto-deflacionario-no-equilibrio-economico-financeiro-dos-contratos-publicos-de-infraestrutura\/","title":{"rendered":"Novamente o IGP-M: o impacto deflacion\u00e1rio no equil\u00edbrio econ\u00f4mico-financeiro dos contratos p\u00fablicos de infraestrutura"},"content":{"rendered":"\n<p class=\"has-text-align-right\"><strong>Fernando Bernardi Gallacci* e Gabriel Rosa Gracindo**<\/strong><\/p>\n\n\n\n<p>Entre 2020 e 2021, a alta no IGP-M (\u00cdndice Geral de Pre\u00e7os \u2013 Mercado) gerou embates entre contratantes privados e a administra\u00e7\u00e3o p\u00fablica.<\/p>\n\n\n\n<p>Varia\u00e7\u00f5es do \u00edndice de, aproximadamente, 30%, resultaram em pleitos e renegocia\u00e7\u00f5es contratuais para mudar o indexador de reajustes contratuais, com diferentes poderes concedentes chegando at\u00e9 mesmo a reprogramar ou suspender os reajustes no per\u00edodo.<\/p>\n\n\n\n<p>Isto \u00e9, governos e reguladores adotaram medidas para n\u00e3o onerar demasiadamente o tesouro ou para n\u00e3o repassar eventual acr\u00e9scimo tarif\u00e1rio para o bolso dos usu\u00e1rios de servi\u00e7os p\u00fablicos, que foram impactados pelo cen\u00e1rio macroecon\u00f4mico adverso decorrente da pandemia de Covid-19.<\/p>\n\n\n\n<p>Em 2024, o cen\u00e1rio \u00e9 oposto e peculiar. De acordo com a FGV (Funda\u00e7\u00e3o Get\u00falio Vargas), o acumulado de 12 meses do IGP-M sofreu varia\u00e7\u00e3o de -3,18% (menos tr\u00eas v\u00edrgula dezoito por cento).<\/p>\n\n\n\n<p>Agora o risco \u00e9 reduzir a liquidez de algumas concession\u00e1rias e operadores de infraestrutura, agravando o quadro de disponibilidade de recursos iniciado pelas decis\u00f5es da \u00e9poca da pandemia de Covid-19.<\/p>\n\n\n\n<p>A discuss\u00e3o do tema merece aprofundamento, dada a complexidade jur\u00eddico-financeira dos contratos p\u00fablicos de infraestrutura. A elei\u00e7\u00e3o dos crit\u00e9rios, formas e \u00edndices de reajuste \u00e9 algo muito s\u00e9rio, assim como a aplica\u00e7\u00e3o respons\u00e1vel dos reajustes anuais.<\/p>\n\n\n\n<p>Dif\u00edcil justificar a luta para segurar o repasse de valores durante um per\u00edodo, exigindo a redu\u00e7\u00e3o de liquidez de pagamentos no momento subsequente. Claro, \u00e9 sempre poss\u00edvel alegar o princ\u00edpio da modicidade tarif\u00e1ria. Mas \u00e9 igualmente importante lembrar que os elementos do reajuste fazem parte da equa\u00e7\u00e3o econ\u00f4mico-financeira do contrato, e um impacto oscilando valores pode afetar financeiramente o investidor privado.<\/p>\n\n\n\n<p>Este tipo de postura causa redu\u00e7\u00e3o de liquidez financeira, trazendo riscos com cond\u00e3o de refletir tanto na qualidade dos servi\u00e7os, quanto no aumento do risco de financiamento.<\/p>\n\n\n\n<p>Tal situa\u00e7\u00e3o se agrava numa conjuntura econ\u00f4mica com alta taxa de juros, eleva\u00e7\u00e3o do pre\u00e7o de insumos, somadas a retomada ainda gradual da demanda pr\u00e9-pandemia por ativos em alguns setores da infraestrutura nacional.<\/p>\n\n\n\n<p>A varia\u00e7\u00e3o do IGP-M como indexador de reajuste contratual n\u00e3o \u00e9 assunto novo para a regula\u00e7\u00e3o nacional.<\/p>\n\n\n\n<p>Exemplos do debate sobre sua utiliza\u00e7\u00e3o em contratos de infraestrutura podem ser identificados nos mais diversificados setores, ainda existindo contratos que sofrem com as oscila\u00e7\u00f5es do \u00edndice.<\/p>\n\n\n\n<p>Em 2021, no setor el\u00e9trico, concession\u00e1rias de gera\u00e7\u00e3o de energia apresentaram \u00e0 ANEEL (Ag\u00eancia Nacional de Energia El\u00e9trica) requerimentos visando a impedir a majora\u00e7\u00e3o de cerca de 30% no pre\u00e7o pago pelo UBP (Uso de Bem P\u00fablico), relativo ao potencial h\u00eddrico, e altera\u00e7\u00e3o do \u00edndice de reajuste da UBP, do IGP-M para o IPCA (\u00cdndice de Pre\u00e7os ao Consumidor Amplo), sob o argumento de impacto ao equil\u00edbrio econ\u00f4mico-financeiro do contrato e aos consumidores cativos do pa\u00eds.<\/p>\n\n\n\n<p>A ag\u00eancia manteve a aplica\u00e7\u00e3o do \u00edndice contratual em fun\u00e7\u00e3o do risco de desbalanceamento sist\u00eamico, mas encaminhou o processo para avalia\u00e7\u00e3o de mudan\u00e7a na indexa\u00e7\u00e3o junto ao MME (Minist\u00e9rio de Minas e Energia).<\/p>\n\n\n\n<p>Discuss\u00e3o similar tamb\u00e9m se estendeu para o setor distribui\u00e7\u00e3o, mas agora no \u00e2mbito das tarifas aplicadas pelas concession\u00e1rias.<\/p>\n\n\n\n<p>Por outro lado, no setor de res\u00edduos s\u00f3lidos, em 2017, a AGIR (Ag\u00eancia Intermunicipal de Regula\u00e7\u00e3o do M\u00e9dio Vale do Itaja\u00ed), em Santa Catarina, teve a oportunidade de se debru\u00e7ar sobre pleito de concession\u00e1ria que visou a afastar reajuste tarif\u00e1rio de -1,42% (menos um v\u00edrgula quarenta e dois por cento) referente ao IGP-M acumulado entre outubro de 2016 e outubro de 2017, requerendo a manuten\u00e7\u00e3o do valor praticado.<\/p>\n\n\n\n<p>O reajuste deflacion\u00e1rio tamb\u00e9m parece ter sido objeto de discuss\u00e3o de concess\u00e3o de saneamento b\u00e1sico no Rio Grande do Sul, quando a AGERGS (Ag\u00eancia Estadual de Regula\u00e7\u00e3o dos Servi\u00e7os P\u00fablicos Delegados do Rio Grande do Sul) deixou de repassar o reajuste acumulado do IGP-M em 2021, parcelando a varia\u00e7\u00e3o positiva e posteriormente se valendo do cr\u00e9dito para compensar o reajuste negativo que o IGP-M gerou nas tarifas praticadas pela concession\u00e1ria local.<\/p>\n\n\n\n<p>Em 2022, visando \u00e0 uniformidade dos contratos de arrendamento portu\u00e1rio e estabilidade do crit\u00e9rio de reajuste, a consultoria jur\u00eddica da AGU (Advocacia Geral da Uni\u00e3o) junto ao Minist\u00e9rio da Infraestrutura (Minfra) exarou o Parecer Referencial 00005\/2021\/CONJUR-MINFRA\/CGU\/AGU, por meio do qual possibilitou, em tese, a altera\u00e7\u00e3o da indexa\u00e7\u00e3o de 95 contratos do IGP-M para o IPCA, desde que pactuada.<\/p>\n\n\n\n<p>Em n\u00edvel estadual, \u00e9 preciso lembrar que a mudan\u00e7a do \u00edndice foi igualmente avaliada no programa de concess\u00f5es rodovi\u00e1rias do governo do Estado de S\u00e3o Paulo, com a ARTESP (Ag\u00eancia de Transporte do Estado de S\u00e3o Paulo) alterando, entre 2011 e 2012, o \u00edndice de reajuste tarif\u00e1rio, de IGP-M para o IPCA, em alguns contratos de concess\u00e3o rodovi\u00e1ria.<\/p>\n\n\n\n<p>Sempre bom rememorar que, por tratar-se de cl\u00e1usula econ\u00f4mica, eventual altera\u00e7\u00e3o de \u00edndice de reajuste contratual pressup\u00f5e acordo entre as partes, sendo que os precedentes aqui rapidamente mencionados comprovam existir experi\u00eancia regulat\u00f3ria institucional para entender os impactos e contornos jur\u00eddicos da aplica\u00e7\u00e3o autom\u00e1tica dos reajustes, sobretudo quando da elei\u00e7\u00e3o contratual de IGP-M.<\/p>\n\n\n\n<p>Uma sa\u00edda parece ser o simples cumprimento da regra de reajuste em todas as ocasi\u00f5es.<\/p>\n\n\n\n<p>Outra solu\u00e7\u00e3o pode envolver a renegocia\u00e7\u00e3o contratual, com o processamento de reequil\u00edbrio econ\u00f4mico-financeiro simult\u00e2neo, para compensar varia\u00e7\u00f5es expressivas dos \u00edndices.<\/p>\n\n\n\n<p>Poder-se-ia, por exemplo, subsidiar parte do reajuste com recursos p\u00fablicos, valendo-se de regime tribut\u00e1rio de subven\u00e7\u00e3o estatal.<\/p>\n\n\n\n<p>De outra banda, seria poss\u00edvel mitigar os efeitos de um reajuste negativo com a assun\u00e7\u00e3o de encargos ou obriga\u00e7\u00f5es de investimento, que n\u00e3o s\u00f3 ir\u00e3o melhorar os servi\u00e7os e ativos p\u00fablicos, como tamb\u00e9m teriam o potencial de manter os pagamentos tarif\u00e1rios ou estatais, preservando a liquidez do investidor.<\/p>\n\n\n\n<p>O tema \u00e9 sens\u00edvel e n\u00e3o pode ser confundido ou misturado com a quest\u00e3o \u2013 igualmente s\u00e9ria \u2013 da varia\u00e7\u00e3o dos custos de insumos.<\/p>\n\n\n\n<p>Embora seja tema que reflete a varia\u00e7\u00e3o inflacion\u00e1ria e que possa ter liga\u00e7\u00e3o com o \u00edndice de reajuste contratual, em regra, este assunto envolve passivo regulat\u00f3rio disto, com debate aprofundado sobre a matriz de risco do contrato e aferimento da varia\u00e7\u00e3o extraordin\u00e1ria de custos ao longo da execu\u00e7\u00e3o contratual.<\/p>\n\n\n\n<p>Os reguladores e os investidores privados precisam se apropriar destes debates e da experi\u00eancia pregressa, preparando as conversas de reajuste para 2024.<\/p>\n\n\n\n<p>Se for para discutir modicidade tarif\u00e1ria em face da manuten\u00e7\u00e3o do equil\u00edbrio econ\u00f4mico-financeiro, ser\u00e1 muito provavelmente o usu\u00e1rio quem sair\u00e1 perdendo, com servi\u00e7os ou ativos em estado doe deteriora\u00e7\u00e3o.<\/p>\n\n\n\n<p>O melhor \u00e9 trabalhar desde cedo para evitar sobressaltos financeiros no contrato, cumprindo as regras contratuais, mas considerando o saneamento de passivos regulat\u00f3rios, respeitando investimentos, e antevendo discuss\u00f5es de recomposi\u00e7\u00e3o dos pre\u00e7os contratados. Tudo isso em conjunto \u00e9 o que faz a m\u00e1gica regulat\u00f3ria para assegurar a atualiza\u00e7\u00e3o de ativos e a presta\u00e7\u00e3o adequada dos servi\u00e7os p\u00fablicos \u00e0 popula\u00e7\u00e3o.<\/p>\n\n\n\n<h6 class=\"wp-block-heading\" id=\"block-f323f59b-51bf-4eed-b17b-3c7d3b917007\"><strong><strong>*Fernando Bernardi Gallacci \u00e9 mestre em Direito Administrativo, professor visitante do MBA de Saneamento Ambiental da FESPSP (Funda\u00e7\u00e3o Escola de Sociologia e Pol\u00edtica de S\u00e3o Paulo), advogado e s\u00f3cio fundador da \u00e1rea de Infraestrutura, Regulat\u00f3rio e Neg\u00f3cios Governamentais do Souza Okawa Advogados.<\/strong><\/strong><\/h6>\n\n\n\n<h6 class=\"wp-block-heading\" id=\"block-f323f59b-51bf-4eed-b17b-3c7d3b917007\"><strong><strong>**Gabriel Rosa Gracindo \u00e9 mestre em Direito e Desenvolvimento e p\u00f3s-graduado em Direito Administrativo pela FGV Direito S\u00e3o Paulo e advogado da \u00e1rea de Infraestrutura, Regulat\u00f3rio e Neg\u00f3cios Governamentais do Souza Okawa Advogados)<\/strong>.<\/strong><\/h6>\n\n\n\n<h5 class=\"wp-block-heading\" id=\"block-5ef42db3-2ed1-4178-8ab5-7a7f312ba102\">As opini\u00f5es dos autores n\u00e3o refletem necessariamente o pensamento da Ag\u00eancia iNFRA, sendo de total responsabilidade do autor as informa\u00e7\u00f5es, ju\u00edzos de valor e conceitos descritos no texto.<\/h5>\n","protected":false},"excerpt":{"rendered":"<p>Fernando Bernardi Gallacci* e Gabriel Rosa Gracindo** Entre 2020 e 2021, a alta no IGP-M (\u00cdndice Geral de Pre\u00e7os \u2013 Mercado) gerou embates entre contratantes privados e a administra\u00e7\u00e3o p\u00fablica. Varia\u00e7\u00f5es do \u00edndice de, aproximadamente, 30%, resultaram em pleitos e renegocia\u00e7\u00f5es contratuais para mudar o indexador de reajustes contratuais, com diferentes poderes concedentes chegando at\u00e9 [&hellip;]<\/p>\n","protected":false},"author":1,"featured_media":15570,"comment_status":"closed","ping_status":"closed","sticky":false,"template":"","format":"standard","meta":{"_monsterinsights_skip_tracking":false,"_monsterinsights_sitenote_active":false,"_monsterinsights_sitenote_note":"","_monsterinsights_sitenote_category":0,"footnotes":""},"categories":[1,11],"tags":[8645,46,2303,2628,53,1247,8646,6614,186,6146,3571,8647,2989,96,71,8648,8649,668,8650,54,8651],"class_list":["post-15569","post","type-post","status-publish","format-standard","has-post-thumbnail","hentry","category-geral","category-infradebate","tag-00005-2021-conjur-minfra-cgu-agu","tag-agencias-reguladoras","tag-agergs","tag-agir","tag-aneel","tag-artesp","tag-contratos-publicos-de-infraestrutura","tag-fernando-bernardi-gallacci","tag-fespsp","tag-gabriel-rosa-gracindo","tag-igp-m","tag-impactos-economicos-e-financeiros","tag-ipca","tag-ministerio-de-minas-e-energia","tag-mme","tag-pandemia-de-covid-19","tag-reajuste-contratual","tag-santa-catarina","tag-setor-de-residuos-solidos","tag-setor-eletrico","tag-souza-okawa-advogados"],"yoast_head":"<!-- This site is optimized with the Yoast SEO Premium plugin v25.4 (Yoast SEO v26.0) - https:\/\/yoast.com\/wordpress\/plugins\/seo\/ -->\n<title>Novamente o IGP-M: o impacto deflacion\u00e1rio no equil\u00edbrio econ\u00f4mico-financeiro dos contratos p\u00fablicos de infraestrutura - Ag\u00eancia iNFRA<\/title>\n<meta name=\"robots\" content=\"index, follow, max-snippet:-1, max-image-preview:large, max-video-preview:-1\" \/>\n<link rel=\"canonical\" href=\"https:\/\/agenciainfra.com\/blog\/novamente-o-igp-m-o-impacto-deflacionario-no-equilibrio-economico-financeiro-dos-contratos-publicos-de-infraestrutura\/\" \/>\n<meta property=\"og:locale\" content=\"pt_BR\" \/>\n<meta property=\"og:type\" content=\"article\" \/>\n<meta property=\"og:title\" content=\"Novamente o IGP-M: o impacto deflacion\u00e1rio no equil\u00edbrio econ\u00f4mico-financeiro dos contratos p\u00fablicos de infraestrutura\" \/>\n<meta property=\"og:description\" content=\"Fernando Bernardi Gallacci* e Gabriel Rosa Gracindo** Entre 2020 e 2021, a alta no IGP-M (\u00cdndice Geral de Pre\u00e7os \u2013 Mercado) gerou embates entre contratantes privados e a administra\u00e7\u00e3o p\u00fablica. Varia\u00e7\u00f5es do \u00edndice de, aproximadamente, 30%, resultaram em pleitos e renegocia\u00e7\u00f5es contratuais para mudar o indexador de reajustes contratuais, com diferentes poderes concedentes chegando at\u00e9 [&hellip;]\" \/>\n<meta property=\"og:url\" content=\"https:\/\/agenciainfra.com\/blog\/novamente-o-igp-m-o-impacto-deflacionario-no-equilibrio-economico-financeiro-dos-contratos-publicos-de-infraestrutura\/\" \/>\n<meta property=\"og:site_name\" content=\"Ag\u00eancia iNFRA\" \/>\n<meta property=\"article:publisher\" content=\"https:\/\/www.facebook.com\/ageninfra\" \/>\n<meta property=\"article:published_time\" content=\"2024-02-23T14:00:00+00:00\" \/>\n<meta property=\"article:modified_time\" content=\"2024-02-26T12:01:51+00:00\" \/>\n<meta property=\"og:image\" content=\"https:\/\/agenciainfra.com\/blog\/wp-content\/uploads\/2024\/02\/montagem-fernando-e-gabriel.jpeg\" \/>\n\t<meta property=\"og:image:width\" content=\"1202\" \/>\n\t<meta property=\"og:image:height\" content=\"801\" \/>\n\t<meta property=\"og:image:type\" content=\"image\/jpeg\" \/>\n<meta name=\"author\" content=\"Ag\u00eancia iNFRA\" \/>\n<meta name=\"twitter:card\" content=\"summary_large_image\" \/>\n<meta name=\"twitter:creator\" content=\"@agencia_infra\" \/>\n<meta name=\"twitter:site\" content=\"@agencia_infra\" \/>\n<meta name=\"twitter:label1\" content=\"Escrito por\" \/>\n\t<meta name=\"twitter:data1\" content=\"Ag\u00eancia iNFRA\" \/>\n\t<meta name=\"twitter:label2\" content=\"Est. tempo de leitura\" \/>\n\t<meta name=\"twitter:data2\" content=\"7 minutos\" \/>\n<script type=\"application\/ld+json\" class=\"yoast-schema-graph\">{\"@context\":\"https:\/\/schema.org\",\"@graph\":[{\"@type\":\"Article\",\"@id\":\"https:\/\/agenciainfra.com\/blog\/novamente-o-igp-m-o-impacto-deflacionario-no-equilibrio-economico-financeiro-dos-contratos-publicos-de-infraestrutura\/#article\",\"isPartOf\":{\"@id\":\"https:\/\/agenciainfra.com\/blog\/novamente-o-igp-m-o-impacto-deflacionario-no-equilibrio-economico-financeiro-dos-contratos-publicos-de-infraestrutura\/\"},\"author\":{\"name\":\"Ag\u00eancia iNFRA\",\"@id\":\"https:\/\/agenciainfra.com\/blog\/#\/schema\/person\/34af08dff6adea4cb22b06612ba7acfa\"},\"headline\":\"Novamente o IGP-M: o impacto deflacion\u00e1rio no equil\u00edbrio econ\u00f4mico-financeiro dos contratos p\u00fablicos de infraestrutura\",\"datePublished\":\"2024-02-23T14:00:00+00:00\",\"dateModified\":\"2024-02-26T12:01:51+00:00\",\"mainEntityOfPage\":{\"@id\":\"https:\/\/agenciainfra.com\/blog\/novamente-o-igp-m-o-impacto-deflacionario-no-equilibrio-economico-financeiro-dos-contratos-publicos-de-infraestrutura\/\"},\"wordCount\":1366,\"publisher\":{\"@id\":\"https:\/\/agenciainfra.com\/blog\/#organization\"},\"image\":{\"@id\":\"https:\/\/agenciainfra.com\/blog\/novamente-o-igp-m-o-impacto-deflacionario-no-equilibrio-economico-financeiro-dos-contratos-publicos-de-infraestrutura\/#primaryimage\"},\"thumbnailUrl\":\"https:\/\/agenciainfra.com\/blog\/wp-content\/uploads\/2024\/02\/montagem-fernando-e-gabriel.jpeg\",\"keywords\":[\"00005\/2021\/CONJUR-MINFRA\/CGU\/AGU\",\"Ag\u00eancias Reguladoras\",\"AGERGS\",\"Agir\",\"ANEEL\",\"Artesp\",\"Contratos p\u00fablicos de infraestrutura\",\"Fernando Bernardi Gallacci\",\"FESPSP\",\"Gabriel Rosa Gracindo\",\"IGP-M\",\"Impactos econ\u00f4micos e financeiros\",\"IPCA\",\"Minist\u00e9rio de Minas e Energia\",\"MME\",\"Pandemia de Covid-19\",\"Reajuste contratual\",\"Santa Catarina\",\"Setor de res\u00edduos s\u00f3lidos\",\"Setor El\u00e9trico\",\"Souza Okawa Advogados\"],\"articleSection\":[\"Geral\",\"iNFRADebate\"],\"inLanguage\":\"pt-BR\",\"copyrightYear\":\"2024\",\"copyrightHolder\":{\"@id\":\"https:\/\/agenciainfra.com\/blog\/#organization\"}},{\"@type\":\"WebPage\",\"@id\":\"https:\/\/agenciainfra.com\/blog\/novamente-o-igp-m-o-impacto-deflacionario-no-equilibrio-economico-financeiro-dos-contratos-publicos-de-infraestrutura\/\",\"url\":\"https:\/\/agenciainfra.com\/blog\/novamente-o-igp-m-o-impacto-deflacionario-no-equilibrio-economico-financeiro-dos-contratos-publicos-de-infraestrutura\/\",\"name\":\"Novamente o IGP-M: o impacto deflacion\u00e1rio no equil\u00edbrio econ\u00f4mico-financeiro dos contratos p\u00fablicos de infraestrutura - Ag\u00eancia iNFRA\",\"isPartOf\":{\"@id\":\"https:\/\/agenciainfra.com\/blog\/#website\"},\"primaryImageOfPage\":{\"@id\":\"https:\/\/agenciainfra.com\/blog\/novamente-o-igp-m-o-impacto-deflacionario-no-equilibrio-economico-financeiro-dos-contratos-publicos-de-infraestrutura\/#primaryimage\"},\"image\":{\"@id\":\"https:\/\/agenciainfra.com\/blog\/novamente-o-igp-m-o-impacto-deflacionario-no-equilibrio-economico-financeiro-dos-contratos-publicos-de-infraestrutura\/#primaryimage\"},\"thumbnailUrl\":\"https:\/\/agenciainfra.com\/blog\/wp-content\/uploads\/2024\/02\/montagem-fernando-e-gabriel.jpeg\",\"datePublished\":\"2024-02-23T14:00:00+00:00\",\"dateModified\":\"2024-02-26T12:01:51+00:00\",\"breadcrumb\":{\"@id\":\"https:\/\/agenciainfra.com\/blog\/novamente-o-igp-m-o-impacto-deflacionario-no-equilibrio-economico-financeiro-dos-contratos-publicos-de-infraestrutura\/#breadcrumb\"},\"inLanguage\":\"pt-BR\",\"potentialAction\":[{\"@type\":\"ReadAction\",\"target\":[\"https:\/\/agenciainfra.com\/blog\/novamente-o-igp-m-o-impacto-deflacionario-no-equilibrio-economico-financeiro-dos-contratos-publicos-de-infraestrutura\/\"]}]},{\"@type\":\"ImageObject\",\"inLanguage\":\"pt-BR\",\"@id\":\"https:\/\/agenciainfra.com\/blog\/novamente-o-igp-m-o-impacto-deflacionario-no-equilibrio-economico-financeiro-dos-contratos-publicos-de-infraestrutura\/#primaryimage\",\"url\":\"https:\/\/agenciainfra.com\/blog\/wp-content\/uploads\/2024\/02\/montagem-fernando-e-gabriel.jpeg\",\"contentUrl\":\"https:\/\/agenciainfra.com\/blog\/wp-content\/uploads\/2024\/02\/montagem-fernando-e-gabriel.jpeg\",\"width\":1202,\"height\":801},{\"@type\":\"BreadcrumbList\",\"@id\":\"https:\/\/agenciainfra.com\/blog\/novamente-o-igp-m-o-impacto-deflacionario-no-equilibrio-economico-financeiro-dos-contratos-publicos-de-infraestrutura\/#breadcrumb\",\"itemListElement\":[{\"@type\":\"ListItem\",\"position\":1,\"name\":\"In\u00edcio\",\"item\":\"https:\/\/agenciainfra.com\/blog\/\"},{\"@type\":\"ListItem\",\"position\":2,\"name\":\"Novamente o IGP-M: o impacto deflacion\u00e1rio no equil\u00edbrio econ\u00f4mico-financeiro dos contratos p\u00fablicos de infraestrutura\"}]},{\"@type\":\"WebSite\",\"@id\":\"https:\/\/agenciainfra.com\/blog\/#website\",\"url\":\"https:\/\/agenciainfra.com\/blog\/\",\"name\":\"Ag\u00eancia iNFRA\",\"description\":\"Multiplataforma de informa\u00e7\u00e3o jornal\u00edstica refer\u00eancia na \u00e1rea de infraestrutura no Brasil!\",\"publisher\":{\"@id\":\"https:\/\/agenciainfra.com\/blog\/#organization\"},\"potentialAction\":[{\"@type\":\"SearchAction\",\"target\":{\"@type\":\"EntryPoint\",\"urlTemplate\":\"https:\/\/agenciainfra.com\/blog\/?s={search_term_string}\"},\"query-input\":{\"@type\":\"PropertyValueSpecification\",\"valueRequired\":true,\"valueName\":\"search_term_string\"}}],\"inLanguage\":\"pt-BR\"},{\"@type\":\"Organization\",\"@id\":\"https:\/\/agenciainfra.com\/blog\/#organization\",\"name\":\"Ag\u00eancia iNFRA\",\"url\":\"https:\/\/agenciainfra.com\/blog\/\",\"logo\":{\"@type\":\"ImageObject\",\"inLanguage\":\"pt-BR\",\"@id\":\"https:\/\/agenciainfra.com\/blog\/#\/schema\/logo\/image\/\",\"url\":\"https:\/\/agenciainfra.com\/blog\/wp-content\/uploads\/2023\/09\/iNFRA_5-e1761735885940.png\",\"contentUrl\":\"https:\/\/agenciainfra.com\/blog\/wp-content\/uploads\/2023\/09\/iNFRA_5-e1761735885940.png\",\"width\":1672,\"height\":454,\"caption\":\"Ag\u00eancia iNFRA\"},\"image\":{\"@id\":\"https:\/\/agenciainfra.com\/blog\/#\/schema\/logo\/image\/\"},\"sameAs\":[\"https:\/\/www.facebook.com\/ageninfra\",\"https:\/\/x.com\/agencia_infra\",\"https:\/\/www.linkedin.com\/company\/ag\u00eanciainfra\/\",\"https:\/\/www.instagram.com\/agenciainfra\/\"]},{\"@type\":\"Person\",\"@id\":\"https:\/\/agenciainfra.com\/blog\/#\/schema\/person\/34af08dff6adea4cb22b06612ba7acfa\",\"name\":\"Ag\u00eancia iNFRA\",\"image\":{\"@type\":\"ImageObject\",\"inLanguage\":\"pt-BR\",\"@id\":\"https:\/\/agenciainfra.com\/blog\/#\/schema\/person\/image\/\",\"url\":\"https:\/\/secure.gravatar.com\/avatar\/d189e01678f06d8eb84d4e01f08eb848b3fffe3f8443818d3c356c66892f5be8?s=96&d=mm&r=g\",\"contentUrl\":\"https:\/\/secure.gravatar.com\/avatar\/d189e01678f06d8eb84d4e01f08eb848b3fffe3f8443818d3c356c66892f5be8?s=96&d=mm&r=g\",\"caption\":\"Ag\u00eancia iNFRA\"},\"url\":\"https:\/\/agenciainfra.com\/blog\/author\/admin\/\"}]}<\/script>\n<!-- \/ Yoast SEO Premium plugin. -->","yoast_head_json":{"title":"Novamente o IGP-M: o impacto deflacion\u00e1rio no equil\u00edbrio econ\u00f4mico-financeiro dos contratos p\u00fablicos de infraestrutura - Ag\u00eancia iNFRA","robots":{"index":"index","follow":"follow","max-snippet":"max-snippet:-1","max-image-preview":"max-image-preview:large","max-video-preview":"max-video-preview:-1"},"canonical":"https:\/\/agenciainfra.com\/blog\/novamente-o-igp-m-o-impacto-deflacionario-no-equilibrio-economico-financeiro-dos-contratos-publicos-de-infraestrutura\/","og_locale":"pt_BR","og_type":"article","og_title":"Novamente o IGP-M: o impacto deflacion\u00e1rio no equil\u00edbrio econ\u00f4mico-financeiro dos contratos p\u00fablicos de infraestrutura","og_description":"Fernando Bernardi Gallacci* e Gabriel Rosa Gracindo** Entre 2020 e 2021, a alta no IGP-M (\u00cdndice Geral de Pre\u00e7os \u2013 Mercado) gerou embates entre contratantes privados e a administra\u00e7\u00e3o p\u00fablica. Varia\u00e7\u00f5es do \u00edndice de, aproximadamente, 30%, resultaram em pleitos e renegocia\u00e7\u00f5es contratuais para mudar o indexador de reajustes contratuais, com diferentes poderes concedentes chegando at\u00e9 [&hellip;]","og_url":"https:\/\/agenciainfra.com\/blog\/novamente-o-igp-m-o-impacto-deflacionario-no-equilibrio-economico-financeiro-dos-contratos-publicos-de-infraestrutura\/","og_site_name":"Ag\u00eancia iNFRA","article_publisher":"https:\/\/www.facebook.com\/ageninfra","article_published_time":"2024-02-23T14:00:00+00:00","article_modified_time":"2024-02-26T12:01:51+00:00","og_image":[{"width":1202,"height":801,"url":"https:\/\/agenciainfra.com\/blog\/wp-content\/uploads\/2024\/02\/montagem-fernando-e-gabriel.jpeg","type":"image\/jpeg"}],"author":"Ag\u00eancia iNFRA","twitter_card":"summary_large_image","twitter_creator":"@agencia_infra","twitter_site":"@agencia_infra","twitter_misc":{"Escrito por":"Ag\u00eancia iNFRA","Est. tempo de leitura":"7 minutos"},"schema":{"@context":"https:\/\/schema.org","@graph":[{"@type":"Article","@id":"https:\/\/agenciainfra.com\/blog\/novamente-o-igp-m-o-impacto-deflacionario-no-equilibrio-economico-financeiro-dos-contratos-publicos-de-infraestrutura\/#article","isPartOf":{"@id":"https:\/\/agenciainfra.com\/blog\/novamente-o-igp-m-o-impacto-deflacionario-no-equilibrio-economico-financeiro-dos-contratos-publicos-de-infraestrutura\/"},"author":{"name":"Ag\u00eancia iNFRA","@id":"https:\/\/agenciainfra.com\/blog\/#\/schema\/person\/34af08dff6adea4cb22b06612ba7acfa"},"headline":"Novamente o IGP-M: o impacto deflacion\u00e1rio no equil\u00edbrio econ\u00f4mico-financeiro dos contratos p\u00fablicos de infraestrutura","datePublished":"2024-02-23T14:00:00+00:00","dateModified":"2024-02-26T12:01:51+00:00","mainEntityOfPage":{"@id":"https:\/\/agenciainfra.com\/blog\/novamente-o-igp-m-o-impacto-deflacionario-no-equilibrio-economico-financeiro-dos-contratos-publicos-de-infraestrutura\/"},"wordCount":1366,"publisher":{"@id":"https:\/\/agenciainfra.com\/blog\/#organization"},"image":{"@id":"https:\/\/agenciainfra.com\/blog\/novamente-o-igp-m-o-impacto-deflacionario-no-equilibrio-economico-financeiro-dos-contratos-publicos-de-infraestrutura\/#primaryimage"},"thumbnailUrl":"https:\/\/agenciainfra.com\/blog\/wp-content\/uploads\/2024\/02\/montagem-fernando-e-gabriel.jpeg","keywords":["00005\/2021\/CONJUR-MINFRA\/CGU\/AGU","Ag\u00eancias Reguladoras","AGERGS","Agir","ANEEL","Artesp","Contratos p\u00fablicos de infraestrutura","Fernando Bernardi Gallacci","FESPSP","Gabriel Rosa Gracindo","IGP-M","Impactos econ\u00f4micos e financeiros","IPCA","Minist\u00e9rio de Minas e Energia","MME","Pandemia de Covid-19","Reajuste contratual","Santa Catarina","Setor de res\u00edduos s\u00f3lidos","Setor El\u00e9trico","Souza Okawa Advogados"],"articleSection":["Geral","iNFRADebate"],"inLanguage":"pt-BR","copyrightYear":"2024","copyrightHolder":{"@id":"https:\/\/agenciainfra.com\/blog\/#organization"}},{"@type":"WebPage","@id":"https:\/\/agenciainfra.com\/blog\/novamente-o-igp-m-o-impacto-deflacionario-no-equilibrio-economico-financeiro-dos-contratos-publicos-de-infraestrutura\/","url":"https:\/\/agenciainfra.com\/blog\/novamente-o-igp-m-o-impacto-deflacionario-no-equilibrio-economico-financeiro-dos-contratos-publicos-de-infraestrutura\/","name":"Novamente o IGP-M: o impacto deflacion\u00e1rio no equil\u00edbrio econ\u00f4mico-financeiro dos contratos p\u00fablicos de infraestrutura - Ag\u00eancia iNFRA","isPartOf":{"@id":"https:\/\/agenciainfra.com\/blog\/#website"},"primaryImageOfPage":{"@id":"https:\/\/agenciainfra.com\/blog\/novamente-o-igp-m-o-impacto-deflacionario-no-equilibrio-economico-financeiro-dos-contratos-publicos-de-infraestrutura\/#primaryimage"},"image":{"@id":"https:\/\/agenciainfra.com\/blog\/novamente-o-igp-m-o-impacto-deflacionario-no-equilibrio-economico-financeiro-dos-contratos-publicos-de-infraestrutura\/#primaryimage"},"thumbnailUrl":"https:\/\/agenciainfra.com\/blog\/wp-content\/uploads\/2024\/02\/montagem-fernando-e-gabriel.jpeg","datePublished":"2024-02-23T14:00:00+00:00","dateModified":"2024-02-26T12:01:51+00:00","breadcrumb":{"@id":"https:\/\/agenciainfra.com\/blog\/novamente-o-igp-m-o-impacto-deflacionario-no-equilibrio-economico-financeiro-dos-contratos-publicos-de-infraestrutura\/#breadcrumb"},"inLanguage":"pt-BR","potentialAction":[{"@type":"ReadAction","target":["https:\/\/agenciainfra.com\/blog\/novamente-o-igp-m-o-impacto-deflacionario-no-equilibrio-economico-financeiro-dos-contratos-publicos-de-infraestrutura\/"]}]},{"@type":"ImageObject","inLanguage":"pt-BR","@id":"https:\/\/agenciainfra.com\/blog\/novamente-o-igp-m-o-impacto-deflacionario-no-equilibrio-economico-financeiro-dos-contratos-publicos-de-infraestrutura\/#primaryimage","url":"https:\/\/agenciainfra.com\/blog\/wp-content\/uploads\/2024\/02\/montagem-fernando-e-gabriel.jpeg","contentUrl":"https:\/\/agenciainfra.com\/blog\/wp-content\/uploads\/2024\/02\/montagem-fernando-e-gabriel.jpeg","width":1202,"height":801},{"@type":"BreadcrumbList","@id":"https:\/\/agenciainfra.com\/blog\/novamente-o-igp-m-o-impacto-deflacionario-no-equilibrio-economico-financeiro-dos-contratos-publicos-de-infraestrutura\/#breadcrumb","itemListElement":[{"@type":"ListItem","position":1,"name":"In\u00edcio","item":"https:\/\/agenciainfra.com\/blog\/"},{"@type":"ListItem","position":2,"name":"Novamente o IGP-M: o impacto deflacion\u00e1rio no equil\u00edbrio econ\u00f4mico-financeiro dos contratos p\u00fablicos de infraestrutura"}]},{"@type":"WebSite","@id":"https:\/\/agenciainfra.com\/blog\/#website","url":"https:\/\/agenciainfra.com\/blog\/","name":"Ag\u00eancia iNFRA","description":"Multiplataforma de informa\u00e7\u00e3o jornal\u00edstica refer\u00eancia na \u00e1rea de infraestrutura no Brasil!","publisher":{"@id":"https:\/\/agenciainfra.com\/blog\/#organization"},"potentialAction":[{"@type":"SearchAction","target":{"@type":"EntryPoint","urlTemplate":"https:\/\/agenciainfra.com\/blog\/?s={search_term_string}"},"query-input":{"@type":"PropertyValueSpecification","valueRequired":true,"valueName":"search_term_string"}}],"inLanguage":"pt-BR"},{"@type":"Organization","@id":"https:\/\/agenciainfra.com\/blog\/#organization","name":"Ag\u00eancia iNFRA","url":"https:\/\/agenciainfra.com\/blog\/","logo":{"@type":"ImageObject","inLanguage":"pt-BR","@id":"https:\/\/agenciainfra.com\/blog\/#\/schema\/logo\/image\/","url":"https:\/\/agenciainfra.com\/blog\/wp-content\/uploads\/2023\/09\/iNFRA_5-e1761735885940.png","contentUrl":"https:\/\/agenciainfra.com\/blog\/wp-content\/uploads\/2023\/09\/iNFRA_5-e1761735885940.png","width":1672,"height":454,"caption":"Ag\u00eancia iNFRA"},"image":{"@id":"https:\/\/agenciainfra.com\/blog\/#\/schema\/logo\/image\/"},"sameAs":["https:\/\/www.facebook.com\/ageninfra","https:\/\/x.com\/agencia_infra","https:\/\/www.linkedin.com\/company\/ag\u00eanciainfra\/","https:\/\/www.instagram.com\/agenciainfra\/"]},{"@type":"Person","@id":"https:\/\/agenciainfra.com\/blog\/#\/schema\/person\/34af08dff6adea4cb22b06612ba7acfa","name":"Ag\u00eancia iNFRA","image":{"@type":"ImageObject","inLanguage":"pt-BR","@id":"https:\/\/agenciainfra.com\/blog\/#\/schema\/person\/image\/","url":"https:\/\/secure.gravatar.com\/avatar\/d189e01678f06d8eb84d4e01f08eb848b3fffe3f8443818d3c356c66892f5be8?s=96&d=mm&r=g","contentUrl":"https:\/\/secure.gravatar.com\/avatar\/d189e01678f06d8eb84d4e01f08eb848b3fffe3f8443818d3c356c66892f5be8?s=96&d=mm&r=g","caption":"Ag\u00eancia iNFRA"},"url":"https:\/\/agenciainfra.com\/blog\/author\/admin\/"}]}},"_links":{"self":[{"href":"https:\/\/agenciainfra.com\/blog\/wp-json\/wp\/v2\/posts\/15569","targetHints":{"allow":["GET"]}}],"collection":[{"href":"https:\/\/agenciainfra.com\/blog\/wp-json\/wp\/v2\/posts"}],"about":[{"href":"https:\/\/agenciainfra.com\/blog\/wp-json\/wp\/v2\/types\/post"}],"author":[{"embeddable":true,"href":"https:\/\/agenciainfra.com\/blog\/wp-json\/wp\/v2\/users\/1"}],"replies":[{"embeddable":true,"href":"https:\/\/agenciainfra.com\/blog\/wp-json\/wp\/v2\/comments?post=15569"}],"version-history":[{"count":2,"href":"https:\/\/agenciainfra.com\/blog\/wp-json\/wp\/v2\/posts\/15569\/revisions"}],"predecessor-version":[{"id":15573,"href":"https:\/\/agenciainfra.com\/blog\/wp-json\/wp\/v2\/posts\/15569\/revisions\/15573"}],"wp:featuredmedia":[{"embeddable":true,"href":"https:\/\/agenciainfra.com\/blog\/wp-json\/wp\/v2\/media\/15570"}],"wp:attachment":[{"href":"https:\/\/agenciainfra.com\/blog\/wp-json\/wp\/v2\/media?parent=15569"}],"wp:term":[{"taxonomy":"category","embeddable":true,"href":"https:\/\/agenciainfra.com\/blog\/wp-json\/wp\/v2\/categories?post=15569"},{"taxonomy":"post_tag","embeddable":true,"href":"https:\/\/agenciainfra.com\/blog\/wp-json\/wp\/v2\/tags?post=15569"}],"curies":[{"name":"wp","href":"https:\/\/api.w.org\/{rel}","templated":true}]}}