{"id":1557,"date":"2018-04-30T10:08:05","date_gmt":"2018-04-30T13:08:05","guid":{"rendered":"http:\/\/www.agenciainfra.com\/blog\/?p=1557"},"modified":"2018-04-30T10:08:05","modified_gmt":"2018-04-30T13:08:05","slug":"decisao-do-stf-pode-gerar-cobranca-de-iptu-de-concessoes-em-todo-brasil","status":"publish","type":"post","link":"https:\/\/agenciainfra.com\/blog\/decisao-do-stf-pode-gerar-cobranca-de-iptu-de-concessoes-em-todo-brasil\/","title":{"rendered":"Decis\u00e3o do STF pode gerar cobran\u00e7a de IPTU de concess\u00f5es em todo Brasil"},"content":{"rendered":"<hr \/>\n<h5 style=\"text-align: right;\"><strong>Cl\u00e1udia Borges, da Ag\u00eancia iNFRA<\/strong><\/h5>\n<p>Empresas concession\u00e1rias e arrendat\u00e1rias de todo o pa\u00eds que ocupam \u00e1reas da Uni\u00e3o poder\u00e3o ser obrigadas a pagar\u00a0<span class=\"il\">IPTU<\/span>\u00a0(Imposto Predial e Territorial Urbano).<\/p>\n<p>Isso porque a decis\u00e3o do STF (Supremo Tribunal Federal) que determina que a Petrobras pague \u00e0 prefeitura p imposto pela \u00e1rea que ocupa no porto de Santos (SP) abriu o precedente e pode ser usada como modelo por outras cidades. Companhias que controlam aeroportos, rodovias, ferrovias, metr\u00f4s, energia e portos poder\u00e3o ser afetadas.<\/p>\n<p>Pela interpreta\u00e7\u00e3o do STF, que tem repercuss\u00e3o geral, arrendat\u00e1rias e concession\u00e1rias de bem p\u00fablico, que exploram atividade econ\u00f4mica e obt\u00eam lucros, n\u00e3o est\u00e3o imunes ao pagamento de\u00a0<span class=\"il\">IPTU<\/span>.<\/p>\n<p>\u201cPara outras concess\u00f5es o efeito \u00e9 cascata. A partir desta decis\u00e3o, todos os munic\u00edpios v\u00e3o come\u00e7ar a olhar para os modelos de concess\u00e3o e arrendamento semelhantes ao portu\u00e1rio, onde n\u00e3o se pagava\u00a0<span class=\"il\">IPTU<\/span>, e v\u00e3o come\u00e7ar a enxergar como um imposto que pode ser cobrado\u201d, explica o advogado da Gallotti Advogados, F\u00e1bio Silveira.<\/p>\n<p>Contratado pela ABTRA (Associa\u00e7\u00e3o Brasileira de Terminais e Recintos), o escrit\u00f3rio Gallotti Advogados recomendou aos associados da entidade, que antes de uma an\u00e1lise mais aprofundada da mat\u00e9ria, n\u00e3o se obriguem a pagar o\u00a0<span class=\"il\">IPTU<\/span>\u00a0aos munic\u00edpios.<\/p>\n<p>Silveira lembra ainda que a decis\u00e3o n\u00e3o tem efeito vinculante. Isso significa que os ju\u00edzes de primeira inst\u00e2ncia, dos tribunais de justi\u00e7a e do pr\u00f3prio STJ (Superior Tribunal de Justi\u00e7a)\u00a0t\u00eam autonomia para interpretar a mat\u00e9ria de forma diferente.<\/p>\n<p>O governo est\u00e1 monitorando o caso, mas j\u00e1 vislumbra uma s\u00e9rie de pedidos de reequil\u00edbrio de todos os concession\u00e1rios. A\u00a0lei determina reequil\u00edbrios em caso de cobran\u00e7a de impostos n\u00e3o previstas. No entanto, os casos ter\u00e3o que ser analisados contrato a contrato, o que deve gerar problemas nas ag\u00eancias e tamb\u00e9m demandas judiciais.<\/p>\n<p><strong>Caso porto de Santos<\/strong><br \/>\nA decis\u00e3o tomada pelo STF no dia 12 d\u00e1 um novo rumo ao hist\u00f3rico de discuss\u00f5es que j\u00e1 dura 20 anos sobre a cobran\u00e7a de\u00a0<span class=\"il\">IPTU<\/span>\u00a0no porto de Santos.<\/p>\n<p>De acordo com o secret\u00e1rio de Finan\u00e7as da prefeitura de Santos, Maur\u00edcio Franco, tomando como modelo o caso da Petrobras, o munic\u00edpio decidiu cobrar\u00a0<span class=\"il\">IPTU<\/span>\u00a0das 32 empresas arrendat\u00e1rias do porto, que ocupam 62 \u00e1reas da Uni\u00e3o.<\/p>\n<p>Franco explica que embora a administra\u00e7\u00e3o p\u00fablica tenha imunidade tribut\u00e1ria rec\u00edproca, como \u00e9 caso da Codesp (Companhia Docas do Estado de S\u00e3o Paulo), a prefeitura entende que o benef\u00edcio n\u00e3o se estende a espa\u00e7o p\u00fablico explorado pela iniciativa privada, como ocorre com os terminais do porto.<\/p>\n<p>O valor dos tributos atrasados, retroativos ao per\u00edodo de cinco anos, est\u00e1 calculado em cerca de R$ 600 milh\u00f5es. Em 2018, a previs\u00e3o \u00e9 de uma receita de R$ 13 milh\u00f5es.<\/p>\n<p>Representantes dos terminais da prefeitura se reuniram na sexta-feira (20) e marcaram uma reuni\u00e3o para esta semana, a fim de\u00a0definir como ser\u00e3o realizados os pagamentos de\u00a0<span class=\"il\">IPTU<\/span>.<\/p>\n<p><strong>Novo paradigma\u00a0<\/strong><br \/>\nA \u201cnova interpreta\u00e7\u00e3o\u201d do judici\u00e1rio \u00e9 uma quebra de paradigma\u00a0e ter\u00e1 uma repercuss\u00e3o para o setor de infraestrutura como um todo, afirma o presidente da ABTP (Associa\u00e7\u00e3o Brasileira dos Terminais Portu\u00e1rios), Jos\u00e9 Di Bella.<\/p>\n<p>A ABTP ainda estudando o que far\u00e1 em rela\u00e7\u00e3o pagamento do imposto, mas j\u00e1 enxerga duas alternativas caso a decis\u00e3o seja mantida. A primeira\u00a0seria repassar os custos extras ao mercado.<\/p>\n<p>\u201cConsiderando que 50% da movimenta\u00e7\u00e3o de gr\u00e3os, 80% do a\u00e7\u00facar e entre 45% a 50% dos cont\u00eaineres destinados \u00e0 exporta\u00e7\u00e3o passam por Santos, significa que estarei encarecendo a atividade econ\u00f4mica do pa\u00eds\u201d, destaca Di Bella.<\/p>\n<p>A segunda possibilidade\u00a0seria os terminais entrarem com pedido de reequil\u00edbrio dos contratos. Ele destaca ainda que setor portu\u00e1rio j\u00e1 vem sofrendo com um aumento de impostos, caso do ISS (Imposto Sobre Servi\u00e7os de Qualquer Natureza) que passou de 3% para 5% em este ano.\u00a0<em>(Colaborou\u00a0Dimmi Amora)<\/em>.<\/p>\n","protected":false},"excerpt":{"rendered":"<p>Cl\u00e1udia Borges, da Ag\u00eancia iNFRA Empresas concession\u00e1rias e arrendat\u00e1rias de todo o pa\u00eds que ocupam \u00e1reas da Uni\u00e3o poder\u00e3o ser obrigadas a pagar\u00a0IPTU\u00a0(Imposto Predial e Territorial Urbano). Isso porque a decis\u00e3o do STF (Supremo Tribunal Federal) que determina que a Petrobras pague \u00e0 prefeitura p imposto pela \u00e1rea que ocupa no porto de Santos (SP) [&hellip;]<\/p>\n","protected":false},"author":1,"featured_media":1284,"comment_status":"closed","ping_status":"open","sticky":false,"template":"","format":"standard","meta":{"_monsterinsights_skip_tracking":false,"_monsterinsights_sitenote_active":false,"_monsterinsights_sitenote_note":"","_monsterinsights_sitenote_category":0,"footnotes":""},"categories":[7],"tags":[197,198,196],"class_list":["post-1557","post","type-post","status-publish","format-standard","has-post-thumbnail","hentry","category-infratransporte","tag-abtra","tag-associacao-brasileira-de-terminais-e-recintos","tag-iptu"],"yoast_head":"<!-- This site is optimized with the Yoast SEO Premium plugin v25.4 (Yoast SEO v26.0) - https:\/\/yoast.com\/wordpress\/plugins\/seo\/ -->\n<title>Decis\u00e3o do STF pode gerar cobran\u00e7a de IPTU de concess\u00f5es em todo Brasil - Ag\u00eancia iNFRA<\/title>\n<meta name=\"robots\" content=\"index, follow, max-snippet:-1, max-image-preview:large, max-video-preview:-1\" \/>\n<link rel=\"canonical\" href=\"https:\/\/agenciainfra.com\/blog\/decisao-do-stf-pode-gerar-cobranca-de-iptu-de-concessoes-em-todo-brasil\/\" \/>\n<meta property=\"og:locale\" content=\"pt_BR\" \/>\n<meta property=\"og:type\" content=\"article\" \/>\n<meta property=\"og:title\" content=\"Decis\u00e3o do STF pode gerar cobran\u00e7a de IPTU de concess\u00f5es em todo Brasil\" \/>\n<meta property=\"og:description\" content=\"Cl\u00e1udia Borges, da Ag\u00eancia iNFRA Empresas concession\u00e1rias e arrendat\u00e1rias de todo o pa\u00eds que ocupam \u00e1reas da Uni\u00e3o poder\u00e3o ser obrigadas a pagar\u00a0IPTU\u00a0(Imposto Predial e Territorial Urbano). Isso porque a decis\u00e3o do STF (Supremo Tribunal Federal) que determina que a Petrobras pague \u00e0 prefeitura p imposto pela \u00e1rea que ocupa no porto de Santos (SP) [&hellip;]\" \/>\n<meta property=\"og:url\" content=\"https:\/\/agenciainfra.com\/blog\/decisao-do-stf-pode-gerar-cobranca-de-iptu-de-concessoes-em-todo-brasil\/\" \/>\n<meta property=\"og:site_name\" content=\"Ag\u00eancia iNFRA\" \/>\n<meta property=\"article:publisher\" content=\"https:\/\/www.facebook.com\/ageninfra\" \/>\n<meta property=\"article:published_time\" content=\"2018-04-30T13:08:05+00:00\" \/>\n<meta property=\"og:image\" content=\"https:\/\/agenciainfra.com\/blog\/wp-content\/uploads\/2018\/03\/PontadaMadeiraRealiza_agenciavale.jpg\" \/>\n\t<meta property=\"og:image:width\" content=\"700\" \/>\n\t<meta property=\"og:image:height\" content=\"393\" \/>\n\t<meta property=\"og:image:type\" content=\"image\/jpeg\" \/>\n<meta name=\"author\" content=\"Ag\u00eancia iNFRA\" \/>\n<meta name=\"twitter:card\" content=\"summary_large_image\" \/>\n<meta name=\"twitter:creator\" content=\"@agencia_infra\" \/>\n<meta name=\"twitter:site\" content=\"@agencia_infra\" \/>\n<meta name=\"twitter:label1\" content=\"Escrito por\" \/>\n\t<meta name=\"twitter:data1\" content=\"Ag\u00eancia iNFRA\" \/>\n\t<meta name=\"twitter:label2\" content=\"Est. tempo de leitura\" \/>\n\t<meta name=\"twitter:data2\" content=\"3 minutos\" \/>\n<script type=\"application\/ld+json\" class=\"yoast-schema-graph\">{\"@context\":\"https:\/\/schema.org\",\"@graph\":[{\"@type\":\"Article\",\"@id\":\"https:\/\/agenciainfra.com\/blog\/decisao-do-stf-pode-gerar-cobranca-de-iptu-de-concessoes-em-todo-brasil\/#article\",\"isPartOf\":{\"@id\":\"https:\/\/agenciainfra.com\/blog\/decisao-do-stf-pode-gerar-cobranca-de-iptu-de-concessoes-em-todo-brasil\/\"},\"author\":{\"name\":\"Ag\u00eancia iNFRA\",\"@id\":\"https:\/\/agenciainfra.com\/blog\/#\/schema\/person\/34af08dff6adea4cb22b06612ba7acfa\"},\"headline\":\"Decis\u00e3o do STF pode gerar cobran\u00e7a de IPTU de concess\u00f5es em todo Brasil\",\"datePublished\":\"2018-04-30T13:08:05+00:00\",\"mainEntityOfPage\":{\"@id\":\"https:\/\/agenciainfra.com\/blog\/decisao-do-stf-pode-gerar-cobranca-de-iptu-de-concessoes-em-todo-brasil\/\"},\"wordCount\":710,\"publisher\":{\"@id\":\"https:\/\/agenciainfra.com\/blog\/#organization\"},\"image\":{\"@id\":\"https:\/\/agenciainfra.com\/blog\/decisao-do-stf-pode-gerar-cobranca-de-iptu-de-concessoes-em-todo-brasil\/#primaryimage\"},\"thumbnailUrl\":\"https:\/\/agenciainfra.com\/blog\/wp-content\/uploads\/2018\/03\/PontadaMadeiraRealiza_agenciavale.jpg\",\"keywords\":[\"ABTRA\",\"Associa\u00e7\u00e3o Brasileira de Terminais e Recintos\",\"IPTU\"],\"articleSection\":[\"iNFRATransporte\"],\"inLanguage\":\"pt-BR\",\"copyrightYear\":\"2018\",\"copyrightHolder\":{\"@id\":\"https:\/\/agenciainfra.com\/blog\/#organization\"}},{\"@type\":\"WebPage\",\"@id\":\"https:\/\/agenciainfra.com\/blog\/decisao-do-stf-pode-gerar-cobranca-de-iptu-de-concessoes-em-todo-brasil\/\",\"url\":\"https:\/\/agenciainfra.com\/blog\/decisao-do-stf-pode-gerar-cobranca-de-iptu-de-concessoes-em-todo-brasil\/\",\"name\":\"Decis\u00e3o do STF pode gerar cobran\u00e7a de IPTU de concess\u00f5es em todo Brasil - Ag\u00eancia iNFRA\",\"isPartOf\":{\"@id\":\"https:\/\/agenciainfra.com\/blog\/#website\"},\"primaryImageOfPage\":{\"@id\":\"https:\/\/agenciainfra.com\/blog\/decisao-do-stf-pode-gerar-cobranca-de-iptu-de-concessoes-em-todo-brasil\/#primaryimage\"},\"image\":{\"@id\":\"https:\/\/agenciainfra.com\/blog\/decisao-do-stf-pode-gerar-cobranca-de-iptu-de-concessoes-em-todo-brasil\/#primaryimage\"},\"thumbnailUrl\":\"https:\/\/agenciainfra.com\/blog\/wp-content\/uploads\/2018\/03\/PontadaMadeiraRealiza_agenciavale.jpg\",\"datePublished\":\"2018-04-30T13:08:05+00:00\",\"breadcrumb\":{\"@id\":\"https:\/\/agenciainfra.com\/blog\/decisao-do-stf-pode-gerar-cobranca-de-iptu-de-concessoes-em-todo-brasil\/#breadcrumb\"},\"inLanguage\":\"pt-BR\",\"potentialAction\":[{\"@type\":\"ReadAction\",\"target\":[\"https:\/\/agenciainfra.com\/blog\/decisao-do-stf-pode-gerar-cobranca-de-iptu-de-concessoes-em-todo-brasil\/\"]}]},{\"@type\":\"ImageObject\",\"inLanguage\":\"pt-BR\",\"@id\":\"https:\/\/agenciainfra.com\/blog\/decisao-do-stf-pode-gerar-cobranca-de-iptu-de-concessoes-em-todo-brasil\/#primaryimage\",\"url\":\"https:\/\/agenciainfra.com\/blog\/wp-content\/uploads\/2018\/03\/PontadaMadeiraRealiza_agenciavale.jpg\",\"contentUrl\":\"https:\/\/agenciainfra.com\/blog\/wp-content\/uploads\/2018\/03\/PontadaMadeiraRealiza_agenciavale.jpg\",\"width\":700,\"height\":393},{\"@type\":\"BreadcrumbList\",\"@id\":\"https:\/\/agenciainfra.com\/blog\/decisao-do-stf-pode-gerar-cobranca-de-iptu-de-concessoes-em-todo-brasil\/#breadcrumb\",\"itemListElement\":[{\"@type\":\"ListItem\",\"position\":1,\"name\":\"In\u00edcio\",\"item\":\"https:\/\/agenciainfra.com\/blog\/\"},{\"@type\":\"ListItem\",\"position\":2,\"name\":\"Decis\u00e3o do STF pode gerar cobran\u00e7a de IPTU de concess\u00f5es em todo Brasil\"}]},{\"@type\":\"WebSite\",\"@id\":\"https:\/\/agenciainfra.com\/blog\/#website\",\"url\":\"https:\/\/agenciainfra.com\/blog\/\",\"name\":\"Ag\u00eancia iNFRA\",\"description\":\"Multiplataforma de informa\u00e7\u00e3o jornal\u00edstica refer\u00eancia na \u00e1rea de infraestrutura no Brasil!\",\"publisher\":{\"@id\":\"https:\/\/agenciainfra.com\/blog\/#organization\"},\"potentialAction\":[{\"@type\":\"SearchAction\",\"target\":{\"@type\":\"EntryPoint\",\"urlTemplate\":\"https:\/\/agenciainfra.com\/blog\/?s={search_term_string}\"},\"query-input\":{\"@type\":\"PropertyValueSpecification\",\"valueRequired\":true,\"valueName\":\"search_term_string\"}}],\"inLanguage\":\"pt-BR\"},{\"@type\":\"Organization\",\"@id\":\"https:\/\/agenciainfra.com\/blog\/#organization\",\"name\":\"Ag\u00eancia iNFRA\",\"url\":\"https:\/\/agenciainfra.com\/blog\/\",\"logo\":{\"@type\":\"ImageObject\",\"inLanguage\":\"pt-BR\",\"@id\":\"https:\/\/agenciainfra.com\/blog\/#\/schema\/logo\/image\/\",\"url\":\"https:\/\/agenciainfra.com\/blog\/wp-content\/uploads\/2023\/09\/iNFRA_5-e1761735885940.png\",\"contentUrl\":\"https:\/\/agenciainfra.com\/blog\/wp-content\/uploads\/2023\/09\/iNFRA_5-e1761735885940.png\",\"width\":1672,\"height\":454,\"caption\":\"Ag\u00eancia iNFRA\"},\"image\":{\"@id\":\"https:\/\/agenciainfra.com\/blog\/#\/schema\/logo\/image\/\"},\"sameAs\":[\"https:\/\/www.facebook.com\/ageninfra\",\"https:\/\/x.com\/agencia_infra\",\"https:\/\/www.linkedin.com\/company\/ag\u00eanciainfra\/\",\"https:\/\/www.instagram.com\/agenciainfra\/\"]},{\"@type\":\"Person\",\"@id\":\"https:\/\/agenciainfra.com\/blog\/#\/schema\/person\/34af08dff6adea4cb22b06612ba7acfa\",\"name\":\"Ag\u00eancia iNFRA\",\"image\":{\"@type\":\"ImageObject\",\"inLanguage\":\"pt-BR\",\"@id\":\"https:\/\/agenciainfra.com\/blog\/#\/schema\/person\/image\/\",\"url\":\"https:\/\/secure.gravatar.com\/avatar\/d189e01678f06d8eb84d4e01f08eb848b3fffe3f8443818d3c356c66892f5be8?s=96&d=mm&r=g\",\"contentUrl\":\"https:\/\/secure.gravatar.com\/avatar\/d189e01678f06d8eb84d4e01f08eb848b3fffe3f8443818d3c356c66892f5be8?s=96&d=mm&r=g\",\"caption\":\"Ag\u00eancia iNFRA\"},\"url\":\"https:\/\/agenciainfra.com\/blog\/author\/admin\/\"}]}<\/script>\n<!-- \/ Yoast SEO Premium plugin. -->","yoast_head_json":{"title":"Decis\u00e3o do STF pode gerar cobran\u00e7a de IPTU de concess\u00f5es em todo Brasil - Ag\u00eancia iNFRA","robots":{"index":"index","follow":"follow","max-snippet":"max-snippet:-1","max-image-preview":"max-image-preview:large","max-video-preview":"max-video-preview:-1"},"canonical":"https:\/\/agenciainfra.com\/blog\/decisao-do-stf-pode-gerar-cobranca-de-iptu-de-concessoes-em-todo-brasil\/","og_locale":"pt_BR","og_type":"article","og_title":"Decis\u00e3o do STF pode gerar cobran\u00e7a de IPTU de concess\u00f5es em todo Brasil","og_description":"Cl\u00e1udia Borges, da Ag\u00eancia iNFRA Empresas concession\u00e1rias e arrendat\u00e1rias de todo o pa\u00eds que ocupam \u00e1reas da Uni\u00e3o poder\u00e3o ser obrigadas a pagar\u00a0IPTU\u00a0(Imposto Predial e Territorial Urbano). Isso porque a decis\u00e3o do STF (Supremo Tribunal Federal) que determina que a Petrobras pague \u00e0 prefeitura p imposto pela \u00e1rea que ocupa no porto de Santos (SP) [&hellip;]","og_url":"https:\/\/agenciainfra.com\/blog\/decisao-do-stf-pode-gerar-cobranca-de-iptu-de-concessoes-em-todo-brasil\/","og_site_name":"Ag\u00eancia iNFRA","article_publisher":"https:\/\/www.facebook.com\/ageninfra","article_published_time":"2018-04-30T13:08:05+00:00","og_image":[{"width":700,"height":393,"url":"https:\/\/agenciainfra.com\/blog\/wp-content\/uploads\/2018\/03\/PontadaMadeiraRealiza_agenciavale.jpg","type":"image\/jpeg"}],"author":"Ag\u00eancia iNFRA","twitter_card":"summary_large_image","twitter_creator":"@agencia_infra","twitter_site":"@agencia_infra","twitter_misc":{"Escrito por":"Ag\u00eancia iNFRA","Est. tempo de leitura":"3 minutos"},"schema":{"@context":"https:\/\/schema.org","@graph":[{"@type":"Article","@id":"https:\/\/agenciainfra.com\/blog\/decisao-do-stf-pode-gerar-cobranca-de-iptu-de-concessoes-em-todo-brasil\/#article","isPartOf":{"@id":"https:\/\/agenciainfra.com\/blog\/decisao-do-stf-pode-gerar-cobranca-de-iptu-de-concessoes-em-todo-brasil\/"},"author":{"name":"Ag\u00eancia iNFRA","@id":"https:\/\/agenciainfra.com\/blog\/#\/schema\/person\/34af08dff6adea4cb22b06612ba7acfa"},"headline":"Decis\u00e3o do STF pode gerar cobran\u00e7a de IPTU de concess\u00f5es em todo Brasil","datePublished":"2018-04-30T13:08:05+00:00","mainEntityOfPage":{"@id":"https:\/\/agenciainfra.com\/blog\/decisao-do-stf-pode-gerar-cobranca-de-iptu-de-concessoes-em-todo-brasil\/"},"wordCount":710,"publisher":{"@id":"https:\/\/agenciainfra.com\/blog\/#organization"},"image":{"@id":"https:\/\/agenciainfra.com\/blog\/decisao-do-stf-pode-gerar-cobranca-de-iptu-de-concessoes-em-todo-brasil\/#primaryimage"},"thumbnailUrl":"https:\/\/agenciainfra.com\/blog\/wp-content\/uploads\/2018\/03\/PontadaMadeiraRealiza_agenciavale.jpg","keywords":["ABTRA","Associa\u00e7\u00e3o Brasileira de Terminais e Recintos","IPTU"],"articleSection":["iNFRATransporte"],"inLanguage":"pt-BR","copyrightYear":"2018","copyrightHolder":{"@id":"https:\/\/agenciainfra.com\/blog\/#organization"}},{"@type":"WebPage","@id":"https:\/\/agenciainfra.com\/blog\/decisao-do-stf-pode-gerar-cobranca-de-iptu-de-concessoes-em-todo-brasil\/","url":"https:\/\/agenciainfra.com\/blog\/decisao-do-stf-pode-gerar-cobranca-de-iptu-de-concessoes-em-todo-brasil\/","name":"Decis\u00e3o do STF pode gerar cobran\u00e7a de IPTU de concess\u00f5es em todo Brasil - Ag\u00eancia iNFRA","isPartOf":{"@id":"https:\/\/agenciainfra.com\/blog\/#website"},"primaryImageOfPage":{"@id":"https:\/\/agenciainfra.com\/blog\/decisao-do-stf-pode-gerar-cobranca-de-iptu-de-concessoes-em-todo-brasil\/#primaryimage"},"image":{"@id":"https:\/\/agenciainfra.com\/blog\/decisao-do-stf-pode-gerar-cobranca-de-iptu-de-concessoes-em-todo-brasil\/#primaryimage"},"thumbnailUrl":"https:\/\/agenciainfra.com\/blog\/wp-content\/uploads\/2018\/03\/PontadaMadeiraRealiza_agenciavale.jpg","datePublished":"2018-04-30T13:08:05+00:00","breadcrumb":{"@id":"https:\/\/agenciainfra.com\/blog\/decisao-do-stf-pode-gerar-cobranca-de-iptu-de-concessoes-em-todo-brasil\/#breadcrumb"},"inLanguage":"pt-BR","potentialAction":[{"@type":"ReadAction","target":["https:\/\/agenciainfra.com\/blog\/decisao-do-stf-pode-gerar-cobranca-de-iptu-de-concessoes-em-todo-brasil\/"]}]},{"@type":"ImageObject","inLanguage":"pt-BR","@id":"https:\/\/agenciainfra.com\/blog\/decisao-do-stf-pode-gerar-cobranca-de-iptu-de-concessoes-em-todo-brasil\/#primaryimage","url":"https:\/\/agenciainfra.com\/blog\/wp-content\/uploads\/2018\/03\/PontadaMadeiraRealiza_agenciavale.jpg","contentUrl":"https:\/\/agenciainfra.com\/blog\/wp-content\/uploads\/2018\/03\/PontadaMadeiraRealiza_agenciavale.jpg","width":700,"height":393},{"@type":"BreadcrumbList","@id":"https:\/\/agenciainfra.com\/blog\/decisao-do-stf-pode-gerar-cobranca-de-iptu-de-concessoes-em-todo-brasil\/#breadcrumb","itemListElement":[{"@type":"ListItem","position":1,"name":"In\u00edcio","item":"https:\/\/agenciainfra.com\/blog\/"},{"@type":"ListItem","position":2,"name":"Decis\u00e3o do STF pode gerar cobran\u00e7a de IPTU de concess\u00f5es em todo Brasil"}]},{"@type":"WebSite","@id":"https:\/\/agenciainfra.com\/blog\/#website","url":"https:\/\/agenciainfra.com\/blog\/","name":"Ag\u00eancia iNFRA","description":"Multiplataforma de informa\u00e7\u00e3o jornal\u00edstica refer\u00eancia na \u00e1rea de infraestrutura no Brasil!","publisher":{"@id":"https:\/\/agenciainfra.com\/blog\/#organization"},"potentialAction":[{"@type":"SearchAction","target":{"@type":"EntryPoint","urlTemplate":"https:\/\/agenciainfra.com\/blog\/?s={search_term_string}"},"query-input":{"@type":"PropertyValueSpecification","valueRequired":true,"valueName":"search_term_string"}}],"inLanguage":"pt-BR"},{"@type":"Organization","@id":"https:\/\/agenciainfra.com\/blog\/#organization","name":"Ag\u00eancia iNFRA","url":"https:\/\/agenciainfra.com\/blog\/","logo":{"@type":"ImageObject","inLanguage":"pt-BR","@id":"https:\/\/agenciainfra.com\/blog\/#\/schema\/logo\/image\/","url":"https:\/\/agenciainfra.com\/blog\/wp-content\/uploads\/2023\/09\/iNFRA_5-e1761735885940.png","contentUrl":"https:\/\/agenciainfra.com\/blog\/wp-content\/uploads\/2023\/09\/iNFRA_5-e1761735885940.png","width":1672,"height":454,"caption":"Ag\u00eancia iNFRA"},"image":{"@id":"https:\/\/agenciainfra.com\/blog\/#\/schema\/logo\/image\/"},"sameAs":["https:\/\/www.facebook.com\/ageninfra","https:\/\/x.com\/agencia_infra","https:\/\/www.linkedin.com\/company\/ag\u00eanciainfra\/","https:\/\/www.instagram.com\/agenciainfra\/"]},{"@type":"Person","@id":"https:\/\/agenciainfra.com\/blog\/#\/schema\/person\/34af08dff6adea4cb22b06612ba7acfa","name":"Ag\u00eancia iNFRA","image":{"@type":"ImageObject","inLanguage":"pt-BR","@id":"https:\/\/agenciainfra.com\/blog\/#\/schema\/person\/image\/","url":"https:\/\/secure.gravatar.com\/avatar\/d189e01678f06d8eb84d4e01f08eb848b3fffe3f8443818d3c356c66892f5be8?s=96&d=mm&r=g","contentUrl":"https:\/\/secure.gravatar.com\/avatar\/d189e01678f06d8eb84d4e01f08eb848b3fffe3f8443818d3c356c66892f5be8?s=96&d=mm&r=g","caption":"Ag\u00eancia iNFRA"},"url":"https:\/\/agenciainfra.com\/blog\/author\/admin\/"}]}},"_links":{"self":[{"href":"https:\/\/agenciainfra.com\/blog\/wp-json\/wp\/v2\/posts\/1557","targetHints":{"allow":["GET"]}}],"collection":[{"href":"https:\/\/agenciainfra.com\/blog\/wp-json\/wp\/v2\/posts"}],"about":[{"href":"https:\/\/agenciainfra.com\/blog\/wp-json\/wp\/v2\/types\/post"}],"author":[{"embeddable":true,"href":"https:\/\/agenciainfra.com\/blog\/wp-json\/wp\/v2\/users\/1"}],"replies":[{"embeddable":true,"href":"https:\/\/agenciainfra.com\/blog\/wp-json\/wp\/v2\/comments?post=1557"}],"version-history":[{"count":0,"href":"https:\/\/agenciainfra.com\/blog\/wp-json\/wp\/v2\/posts\/1557\/revisions"}],"wp:featuredmedia":[{"embeddable":true,"href":"https:\/\/agenciainfra.com\/blog\/wp-json\/wp\/v2\/media\/1284"}],"wp:attachment":[{"href":"https:\/\/agenciainfra.com\/blog\/wp-json\/wp\/v2\/media?parent=1557"}],"wp:term":[{"taxonomy":"category","embeddable":true,"href":"https:\/\/agenciainfra.com\/blog\/wp-json\/wp\/v2\/categories?post=1557"},{"taxonomy":"post_tag","embeddable":true,"href":"https:\/\/agenciainfra.com\/blog\/wp-json\/wp\/v2\/tags?post=1557"}],"curies":[{"name":"wp","href":"https:\/\/api.w.org\/{rel}","templated":true}]}}